{"id":46952,"date":"2025-10-08T08:49:51","date_gmt":"2025-10-08T14:49:51","guid":{"rendered":"https:\/\/soymigrante.com\/revista\/?p=46952"},"modified":"2025-10-08T08:58:16","modified_gmt":"2025-10-08T14:58:16","slug":"guatemalteca-destaca-en-departamento-de-bomberos-de-sacramento-ca","status":"publish","type":"post","link":"https:\/\/soymigrante.com\/revista\/guatemalteca-destaca-en-departamento-de-bomberos-de-sacramento-ca\/","title":{"rendered":"Guatemalteca destaca en departamento de Bomberos de Sacramento CA"},"content":{"rendered":"\t\t<div data-elementor-type=\"wp-post\" data-elementor-id=\"46952\" class=\"elementor elementor-46952\" data-elementor-post-type=\"post\">\n\t\t\t\t<div data-particle_enable=\"false\" data-particle-mobile-disabled=\"false\" class=\"elementor-element elementor-element-f209ea6 e-flex e-con-boxed e-con e-parent\" data-id=\"f209ea6\" data-element_type=\"container\" data-e-type=\"container\">\n\t\t\t\t\t<div class=\"e-con-inner\">\n\t\t\t\t<div class=\"elementor-element elementor-element-35c74fa elementor-widget elementor-widget-heading\" data-id=\"35c74fa\" data-element_type=\"widget\" data-e-type=\"widget\" data-widget_type=\"heading.default\">\n\t\t\t\t\t<h2 class=\"elementor-heading-title elementor-size-default\">La guatemalteca Wendy Aguilar lidera la comunicaci\u00f3n del cuerpo de bomberos de Sacramento, inspirando con su historia y su voz.<\/h2>\t\t\t\t<\/div>\n\t\t\t\t\t<\/div>\n\t\t\t\t<\/div>\n\t\t<div data-particle_enable=\"false\" data-particle-mobile-disabled=\"false\" class=\"elementor-element elementor-element-fc1f549 e-flex e-con-boxed e-con e-parent\" data-id=\"fc1f549\" data-element_type=\"container\" data-e-type=\"container\">\n\t\t\t\t\t<div class=\"e-con-inner\">\n\t\t\t\t<div class=\"elementor-element elementor-element-b234fab elementor-widget elementor-widget-text-editor\" data-id=\"b234fab\" data-element_type=\"widget\" data-e-type=\"widget\" data-widget_type=\"text-editor.default\">\n\t\t\t\t\t\t\t\t\t<p>La historia de Wendy Aguilar parece salida de un guion de superaci\u00f3n, pero es totalmente real. Nacida en una peque\u00f1a aldea de Guatemala, hoy es la voz oficial del Departamento de Bomberos de Sacramento y una de las comunicadoras p\u00fablicas m\u00e1s destacadas de <a href=\"https:\/\/soymigrante.com\/revista\/los-angeles-nacio-con-alma-hispana-10-datos-y-anecdotas-sobre-su-historia\/\">California<\/a>. En 2023 gan\u00f3 un premio por mejor influencer del a\u00f1o, debido a su \u00e1gil estilo de comunicaci\u00f3n institucional.<\/p><p>\u201cEstoy viviendo mi sue\u00f1o\u201d, dice Wendy, aunque llegar hasta aqu\u00ed no fue nada f\u00e1cil. Su infancia estuvo marcada por la distancia y el sacrificio. A los cinco a\u00f1os, sus padres decidieron <a href=\"https:\/\/soymigrante.com\/revista\/migrantes-guatemaltecos-expresan-objetivos-y-suenos-para-este-2025\/\">emigrar <\/a>a Estados Unidos en busca de un futuro mejor. Antes de partir, su madre la abraz\u00f3 y le pidi\u00f3 cuidar de su hermano menor. Le prometi\u00f3 volver en un a\u00f1o. Pero ese a\u00f1o se convirti\u00f3 en cinco.<\/p>\t\t\t\t\t\t\t\t<\/div>\n\t\t\t\t\t<\/div>\n\t\t\t\t<\/div>\n\t\t<div data-particle_enable=\"false\" data-particle-mobile-disabled=\"false\" class=\"elementor-element elementor-element-7b90839 e-flex e-con-boxed e-con e-parent\" data-id=\"7b90839\" data-element_type=\"container\" data-e-type=\"container\">\n\t\t\t\t\t<div class=\"e-con-inner\">\n\t\t\t\t<div class=\"elementor-element elementor-element-a39f7e4 elementor-widget elementor-widget-image\" data-id=\"a39f7e4\" data-element_type=\"widget\" data-e-type=\"widget\" data-widget_type=\"image.default\">\n\t\t\t\t\t\t\t\t\t\t\t\t<figure class=\"wp-caption\">\n\t\t\t\t\t\t\t\t\t\t<img fetchpriority=\"high\" decoding=\"async\" width=\"600\" height=\"438\" src=\"https:\/\/soymigrante.com\/revista\/wp-content\/uploads\/2025\/10\/wendy-aguilar-premio.jpg\" class=\"attachment-large size-large wp-image-46963\" alt=\"Wendy Aguilar ha ganado varios premios, entre ellos uno por mejor influencer positiva en 2023.\" srcset=\"https:\/\/soymigrante.com\/revista\/wp-content\/uploads\/2025\/10\/wendy-aguilar-premio.jpg 600w, https:\/\/soymigrante.com\/revista\/wp-content\/uploads\/2025\/10\/wendy-aguilar-premio-300x219.jpg 300w\" sizes=\"(max-width: 600px) 100vw, 600px\" title=\"Wendy Aguilar ha ganado varios premios, entre ellos uno por mejor influencer positiva en 2023. \u2013 SoyMigrante.com REVISTA\" \/>\t\t\t\t\t\t\t\t\t\t\t<figcaption class=\"widget-image-caption wp-caption-text\">Wendy Aguilar ha ganado varios premios, entre ellos uno por mejor influencer positiva en 2023.<\/figcaption>\n\t\t\t\t\t\t\t\t\t\t<\/figure>\n\t\t\t\t\t\t\t\t\t<\/div>\n\t\t\t\t\t<\/div>\n\t\t\t\t<\/div>\n\t\t<div data-particle_enable=\"false\" data-particle-mobile-disabled=\"false\" class=\"elementor-element elementor-element-39d17cb e-flex e-con-boxed e-con e-parent\" data-id=\"39d17cb\" data-element_type=\"container\" data-e-type=\"container\">\n\t\t\t\t\t<div class=\"e-con-inner\">\n\t\t\t\t<div class=\"elementor-element elementor-element-b5ded17 elementor-widget elementor-widget-text-editor\" data-id=\"b5ded17\" data-element_type=\"widget\" data-e-type=\"widget\" data-widget_type=\"text-editor.default\">\n\t\t\t\t\t\t\t\t\t<p>Mientras su madre <a href=\"https:\/\/soymigrante.com\/revista\/historia-de-migrante-arminda-housecleaning-exito-california\/\">limpiaba casas<\/a> y su padre trabajaba en un autolavado en Los \u00c1ngeles, Wendy y su hermano crecieron al cuidado de sus abuelos en Guatemala.\u00a0<\/p><p>Cuando por fin se reencontraron, a los diez a\u00f1os, apenas reconoci\u00f3 a sus padres. \u201cNo quer\u00edamos dejar a nuestros abuelos\u201d, recuerda. \u201cHasta que mencionaron que ir\u00edamos a Disneylandia\u201d. Ese detalle infantil suaviz\u00f3 una decisi\u00f3n que cambiar\u00eda sus vidas.<\/p><p>En <a href=\"https:\/\/soymigrante.com\/revista\/pinceladas-de-migrante-originario-de-santa-rosa-brillan-en-california\/\">California,<\/a> Wendy enfrent\u00f3 nuevos retos: el idioma, la adaptaci\u00f3n y la necesidad de abrirse camino en una sociedad desconocida. Inspirada por los noticieros que ve\u00eda en su infancia, decidi\u00f3 estudiar periodismo. Combin\u00f3 estudios y trabajo a tiempo completo hasta graduarse de la Universidad Estatal de California, Northridge, convirti\u00e9ndose en la primera de su familia en obtener un t\u00edtulo universitario.<\/p>\t\t\t\t\t\t\t\t<\/div>\n\t\t\t\t\t<\/div>\n\t\t\t\t<\/div>\n\t\t<div data-particle_enable=\"false\" data-particle-mobile-disabled=\"false\" class=\"elementor-element elementor-element-a0fa1b8 e-flex e-con-boxed e-con e-parent\" data-id=\"a0fa1b8\" data-element_type=\"container\" data-e-type=\"container\">\n\t\t\t\t\t<div class=\"e-con-inner\">\n\t\t\t\t<div class=\"elementor-element elementor-element-115806d elementor-widget elementor-widget-html\" data-id=\"115806d\" data-element_type=\"widget\" data-e-type=\"widget\" data-widget_type=\"html.default\">\n\t\t\t\t\t<iframe width=\"560\" height=\"415\" src=\"https:\/\/www.youtube.com\/embed\/77_7cZ62QBI?si=DyoIBu7je0s3Xk6w&amp;start=20\" title=\"YouTube video player\" frameborder=\"0\" allow=\"accelerometer; autoplay; clipboard-write; encrypted-media; gyroscope; picture-in-picture; web-share\" referrerpolicy=\"strict-origin-when-cross-origin\" allowfullscreen><\/iframe>\t\t\t\t<\/div>\n\t\t\t\t\t<\/div>\n\t\t\t\t<\/div>\n\t\t<div data-particle_enable=\"false\" data-particle-mobile-disabled=\"false\" class=\"elementor-element elementor-element-c9c6349 e-flex e-con-boxed e-con e-parent\" data-id=\"c9c6349\" data-element_type=\"container\" data-e-type=\"container\">\n\t\t\t\t\t<div class=\"e-con-inner\">\n\t\t\t\t<div class=\"elementor-element elementor-element-c6f02f9 elementor-widget elementor-widget-text-editor\" data-id=\"c6f02f9\" data-element_type=\"widget\" data-e-type=\"widget\" data-widget_type=\"text-editor.default\">\n\t\t\t\t\t\t\t\t\t<p>Su carrera period\u00edstica la llev\u00f3 a estaciones afiliadas a ABC, CBS, CW y Telemundo, y m\u00e1s tarde a FOX 40 en Sacramento. Sin embargo, tras a\u00f1os frente a las c\u00e1maras, descubri\u00f3 una nueva vocaci\u00f3n: comunicar desde el servicio p\u00fablico. En 2019 dej\u00f3 el periodismo para unirse al Departamento de Bomberos de Sacramento como especialista en medios y comunicaciones.<\/p>\n<p>Su llegada transform\u00f3 por completo la manera en que la instituci\u00f3n se conecta con la comunidad. Wendy impuls\u00f3 campa\u00f1as innovadoras como <i>What\u2019s for Lunch?<\/i>, sobre <a href=\"https:\/\/soymigrante.com\/revista\/opciones-sanas-en-la-comida-guatemalteca-para-preparar\/\">comida saludable<\/a> y <i>I&#8217;m Sacramento Fire<\/i> que mostraron el lado humano de los bomberos y abrieron las puertas de las estaciones al p\u00fablico.&nbsp;<\/p>\n<p>Tambi\u00e9n lanz\u00f3 la cuenta de TikTok del departamento, que hoy supera los 123 mil seguidores y m\u00e1s de 2.3 millones de \u201cme gusta\u201d. Bajo su liderazgo, el Instagram oficial pas\u00f3 de 23 mil a m\u00e1s de 134 mil seguidores.<\/p>\n<p>Su creatividad le ha valido m\u00faltiples reconocimientos, entre ellos el Communicator of the Year Award de la Asociaci\u00f3n de Funcionarios de Informaci\u00f3n P\u00fablica de California y el premio Rising Influencer of the Year de la Sociedad de Relaciones P\u00fablicas de Am\u00e9rica, cap\u00edtulo California Capital.<\/p>\t\t\t\t\t\t\t\t<\/div>\n\t\t\t\t\t<\/div>\n\t\t\t\t<\/div>\n\t\t<div data-particle_enable=\"false\" data-particle-mobile-disabled=\"false\" class=\"elementor-element elementor-element-df3c2c1 e-flex e-con-boxed e-con e-parent\" data-id=\"df3c2c1\" data-element_type=\"container\" data-e-type=\"container\">\n\t\t\t\t\t<div class=\"e-con-inner\">\n\t\t\t\t<div class=\"elementor-element elementor-element-01422bd elementor-widget elementor-widget-html\" data-id=\"01422bd\" data-element_type=\"widget\" data-e-type=\"widget\" data-widget_type=\"html.default\">\n\t\t\t\t\t<iframe width=\"560\" height=\"415\" src=\"https:\/\/www.youtube.com\/embed\/djo21BinUAE?si=rX6zWdogPYz6roWU&amp;start=92\" title=\"YouTube video player\" frameborder=\"0\" allow=\"accelerometer; autoplay; clipboard-write; encrypted-media; gyroscope; picture-in-picture; web-share\" referrerpolicy=\"strict-origin-when-cross-origin\" allowfullscreen><\/iframe>\t\t\t\t<\/div>\n\t\t\t\t\t<\/div>\n\t\t\t\t<\/div>\n\t\t<div data-particle_enable=\"false\" data-particle-mobile-disabled=\"false\" class=\"elementor-element elementor-element-079da40 e-flex e-con-boxed e-con e-parent\" data-id=\"079da40\" data-element_type=\"container\" data-e-type=\"container\">\n\t\t\t\t\t<div class=\"e-con-inner\">\n\t\t\t\t<div class=\"elementor-element elementor-element-488a5b2 elementor-widget elementor-widget-text-editor\" data-id=\"488a5b2\" data-element_type=\"widget\" data-e-type=\"widget\" data-widget_type=\"text-editor.default\">\n\t\t\t\t\t\t\t\t\t<p>Biling\u00fce en ingl\u00e9s y espa\u00f1ol \u2014y actualmente aprendiendo italiano\u2014, Wendy entiende el poder de la representaci\u00f3n. \u201cCuando un bombero puede hablar en espa\u00f1ol con alguien en medio de una emergencia, la diferencia emocional es enorme\u201d, explica. \u201cEn un d\u00eda terrible, escuchar tu idioma puede darte calma\u201d.<\/p><p>Su historia es m\u00e1s que un relato de \u00e9xito profesional: es un testimonio del poder transformador de la educaci\u00f3n, la identidad y la migraci\u00f3n. Wendy Aguilar honra sus ra\u00edces guatemaltecas mientras construye puentes entre culturas, demostrando que el verdadero sue\u00f1o americano no se mide en fama ni fortuna, sino en la capacidad de servir e inspirar a los dem\u00e1s.<\/p>\t\t\t\t\t\t\t\t<\/div>\n\t\t\t\t\t<\/div>\n\t\t\t\t<\/div>\n\t\t<div data-particle_enable=\"false\" data-particle-mobile-disabled=\"false\" class=\"elementor-element elementor-element-9be40c1 e-flex e-con-boxed e-con e-parent\" data-id=\"9be40c1\" data-element_type=\"container\" data-e-type=\"container\">\n\t\t\t\t\t<div class=\"e-con-inner\">\n\t\t\t\t<div class=\"elementor-element elementor-element-6131afb elementor-widget elementor-widget-image\" data-id=\"6131afb\" data-element_type=\"widget\" data-e-type=\"widget\" data-widget_type=\"image.default\">\n\t\t\t\t\t\t\t\t\t\t\t\t<figure class=\"wp-caption\">\n\t\t\t\t\t\t\t\t\t\t<img decoding=\"async\" width=\"1140\" height=\"855\" src=\"https:\/\/soymigrante.com\/revista\/wp-content\/uploads\/2025\/10\/wendy-gonzalez-5-1140x855.jpg\" class=\"attachment-large size-large wp-image-46964\" alt=\"La labor de servicio de comunicaci\u00f3n dentro del cuerpo de Bomberos de Sacaramento California, ha llevado las capacidades de la guatemalteca Wendy Aguilar a\u00fan m\u00e1s alto.\" srcset=\"https:\/\/soymigrante.com\/revista\/wp-content\/uploads\/2025\/10\/wendy-gonzalez-5-1140x855.jpg 1140w, https:\/\/soymigrante.com\/revista\/wp-content\/uploads\/2025\/10\/wendy-gonzalez-5-300x225.jpg 300w, https:\/\/soymigrante.com\/revista\/wp-content\/uploads\/2025\/10\/wendy-gonzalez-5-768x576.jpg 768w, https:\/\/soymigrante.com\/revista\/wp-content\/uploads\/2025\/10\/wendy-gonzalez-5-1536x1152.jpg 1536w, https:\/\/soymigrante.com\/revista\/wp-content\/uploads\/2025\/10\/wendy-gonzalez-5-750x563.jpg 750w, https:\/\/soymigrante.com\/revista\/wp-content\/uploads\/2025\/10\/wendy-gonzalez-5.jpg 2048w\" sizes=\"(max-width: 1140px) 100vw, 1140px\" title=\"La labor de servicio de comunicaci\u00f3n dentro del cuerpo de Bomberos de Sacaramento California, ha llevado las capacidades de la guatemalteca Wendy Aguilar a\u00fan m\u00e1s alto. \u2013 SoyMigrante.com REVISTA\" \/>\t\t\t\t\t\t\t\t\t\t\t<figcaption class=\"widget-image-caption wp-caption-text\">La labor de servicio de comunicaci\u00f3n dentro del cuerpo de Bomberos de Sacaramento California, ha llevado las capacidades de la guatemalteca Wendy Aguilar a\u00fan m\u00e1s alto.<\/figcaption>\n\t\t\t\t\t\t\t\t\t\t<\/figure>\n\t\t\t\t\t\t\t\t\t<\/div>\n\t\t\t\t\t<\/div>\n\t\t\t\t<\/div>\n\t\t<div data-particle_enable=\"false\" data-particle-mobile-disabled=\"false\" class=\"elementor-element elementor-element-ec20124 e-flex e-con-boxed e-con e-parent\" data-id=\"ec20124\" data-element_type=\"container\" data-e-type=\"container\">\n\t\t\t\t\t<div class=\"e-con-inner\">\n\t\t\t\t<div class=\"elementor-element elementor-element-9aac544 elementor-widget elementor-widget-heading\" data-id=\"9aac544\" data-element_type=\"widget\" data-e-type=\"widget\" data-widget_type=\"heading.default\">\n\t\t\t\t\t<h2 class=\"elementor-heading-title elementor-size-default\">Talento guatemalteco brilla en USA<\/h2>\t\t\t\t<\/div>\n\t\t\t\t\t<\/div>\n\t\t\t\t<\/div>\n\t\t<div data-particle_enable=\"false\" data-particle-mobile-disabled=\"false\" class=\"elementor-element elementor-element-6eb919e e-flex e-con-boxed e-con e-parent\" data-id=\"6eb919e\" data-element_type=\"container\" data-e-type=\"container\">\n\t\t\t\t\t<div class=\"e-con-inner\">\n\t\t\t\t<div class=\"elementor-element elementor-element-d684e6d elementor-grid-eael-col-3 elementor-grid-tablet-eael-col-2 elementor-grid-mobile-eael-col-1 elementor-widget elementor-widget-eael-post-grid\" data-id=\"d684e6d\" data-element_type=\"widget\" data-e-type=\"widget\" data-settings=\"{&quot;eael_post_grid_columns&quot;:&quot;eael-col-3&quot;,&quot;eael_post_grid_columns_tablet&quot;:&quot;eael-col-2&quot;,&quot;eael_post_grid_columns_mobile&quot;:&quot;eael-col-1&quot;}\" data-widget_type=\"eael-post-grid.default\">\n\t\t\t\t\t<div id=\"eael-post-grid-d684e6d\" class=\"eael-post-grid-container\">\n            <div class=\"eael-post-grid eael-post-appender eael-post-appender-d684e6d eael-post-grid-style-one\" data-layout-mode=\"masonry\"><article class=\"eael-grid-post  eael-post-grid-column eael-pg-post-8947 category-exitos\" data-id=\"8947\">\n        <div class=\"eael-grid-post-holder\">\n            <div class=\"eael-grid-post-holder-inner\"><div class=\"eael-entry-media\"><div class=\"eael-entry-overlay fade-in\"><i class=\"far fa-hand-pointer\" aria-hidden=\"true\"><\/i><a href=\"https:\/\/soymigrante.com\/revista\/la-empresaria-francesca-kennedy-y-su-conexion-inquebrantable-con-atitlan\/\"><\/a><\/div><div class=\"eael-entry-thumbnail eael-image-ratio\">\n                <img decoding=\"async\" width=\"1024\" height=\"1024\" src=\"https:\/\/soymigrante.com\/revista\/wp-content\/uploads\/2024\/09\/ayuda-francesca-kennedy-soy-migrante-atitlan2-1-1024x1024.webp\" class=\"attachment-large size-large wp-image-8964\" alt=\"Ni\u00f1os y una mujer sonrientes en un entorno natural, promoviendo la visi\u00f3n de comunidad y bienestar en migrantes y sus familias en la revista SoyMigrante.com REVISTA.\" srcset=\"https:\/\/soymigrante.com\/revista\/wp-content\/uploads\/2024\/09\/ayuda-francesca-kennedy-soy-migrante-atitlan2-1-1024x1024.webp 1024w, https:\/\/soymigrante.com\/revista\/wp-content\/uploads\/2024\/09\/ayuda-francesca-kennedy-soy-migrante-atitlan2-1-300x300.webp 300w, https:\/\/soymigrante.com\/revista\/wp-content\/uploads\/2024\/09\/ayuda-francesca-kennedy-soy-migrante-atitlan2-1-150x150.webp 150w, https:\/\/soymigrante.com\/revista\/wp-content\/uploads\/2024\/09\/ayuda-francesca-kennedy-soy-migrante-atitlan2-1-768x768.webp 768w, https:\/\/soymigrante.com\/revista\/wp-content\/uploads\/2024\/09\/ayuda-francesca-kennedy-soy-migrante-atitlan2-1-75x75.webp 75w, https:\/\/soymigrante.com\/revista\/wp-content\/uploads\/2024\/09\/ayuda-francesca-kennedy-soy-migrante-atitlan2-1-750x750.webp 750w, https:\/\/soymigrante.com\/revista\/wp-content\/uploads\/2024\/09\/ayuda-francesca-kennedy-soy-migrante-atitlan2-1-1140x1140.jpeg 1140w, https:\/\/soymigrante.com\/revista\/wp-content\/uploads\/2024\/09\/ayuda-francesca-kennedy-soy-migrante-atitlan2-1.webp 1536w\" sizes=\"(max-width: 1024px) 100vw, 1024px\" \/>\n            <\/div>\n        <\/div><div class=\"eael-entry-wrapper\"><header class=\"eael-entry-header\"><h2 class=\"eael-entry-title\"><a class=\"eael-grid-post-link\" href=\"https:\/\/soymigrante.com\/revista\/la-empresaria-francesca-kennedy-y-su-conexion-inquebrantable-con-atitlan\/\" title=\"La empresaria Francesca Kennedy y su conexi\u00f3n inquebrantable con Atitl\u00e1n\">La empresaria Francesca Kennedy y su conexi\u00f3n inquebrantable con Atitl\u00e1n<\/a><\/h2><\/header><div class=\"eael-entry-content\">\n                        <div class=\"eael-grid-post-excerpt\"><a href=\"https:\/\/soymigrante.com\/revista\/la-empresaria-francesca-kennedy-y-su-conexion-inquebrantable-con-atitlan\/\" class=\"eael-post-elements-readmore-btn\">CONOCE SU HISTORIA <\/a><\/div>\n                    <\/div><\/div><\/div>\n        <\/div>\n    <\/article><article class=\"eael-grid-post  eael-post-grid-column eael-pg-post-9747 category-exitos\" data-id=\"9747\">\n        <div class=\"eael-grid-post-holder\">\n            <div class=\"eael-grid-post-holder-inner\"><div class=\"eael-entry-media\"><div class=\"eael-entry-overlay fade-in\"><i class=\"far fa-hand-pointer\" aria-hidden=\"true\"><\/i><a href=\"https:\/\/soymigrante.com\/revista\/pablo-pineda-un-aliado-humanitario-en-chicago-con-su-restaurante-latin-patio\/\"><\/a><\/div><div class=\"eael-entry-thumbnail eael-image-ratio\">\n                <img loading=\"lazy\" decoding=\"async\" width=\"1024\" height=\"1024\" src=\"https:\/\/soymigrante.com\/revista\/wp-content\/uploads\/2024\/09\/Pablo-Pineda-lider-comunitario-Illinois-Chicago2-1024x1024.webp\" class=\"attachment-large size-large wp-image-9796\" alt=\"Trabajador migrante feliz sonrisa positiva revistamodelmigrante.\" \/>\n            <\/div>\n        <\/div><div class=\"eael-entry-wrapper\"><header class=\"eael-entry-header\"><h2 class=\"eael-entry-title\"><a class=\"eael-grid-post-link\" href=\"https:\/\/soymigrante.com\/revista\/pablo-pineda-un-aliado-humanitario-en-chicago-con-su-restaurante-latin-patio\/\" title=\"El guatemalteco Pablo Pineda es un aliado humanitario de los migrantes en Chicago\">El guatemalteco Pablo Pineda es un aliado humanitario de los migrantes en Chicago<\/a><\/h2><\/header><div class=\"eael-entry-content\">\n                        <div class=\"eael-grid-post-excerpt\"><a href=\"https:\/\/soymigrante.com\/revista\/pablo-pineda-un-aliado-humanitario-en-chicago-con-su-restaurante-latin-patio\/\" class=\"eael-post-elements-readmore-btn\">CONOCE SU HISTORIA <\/a><\/div>\n                    <\/div><\/div><\/div>\n        <\/div>\n    <\/article><article class=\"eael-grid-post  eael-post-grid-column eael-pg-post-9776 category-exitos\" data-id=\"9776\">\n        <div class=\"eael-grid-post-holder\">\n            <div class=\"eael-grid-post-holder-inner\"><div class=\"eael-entry-media\"><div class=\"eael-entry-overlay fade-in\"><i class=\"far fa-hand-pointer\" aria-hidden=\"true\"><\/i><a href=\"https:\/\/soymigrante.com\/revista\/esvin-gomez-retalteco-migrante-impulsa-el-movimiento-tps-en-california\/\"><\/a><\/div><div class=\"eael-entry-thumbnail eael-image-ratio\">\n                <img loading=\"lazy\" decoding=\"async\" width=\"1024\" height=\"1024\" src=\"https:\/\/soymigrante.com\/revista\/wp-content\/uploads\/2024\/09\/Esvin-Gomez-defiende-el-TPS-en-USA3-e1727724241599-1024x1024.webp\" class=\"attachment-large size-large wp-image-9830\" alt=\"Turista en un centro comercial de EE.UU., sostiene una hoja con el logotipo de TPS, en un entorno urbano con decoraciones de Halloween y figura de Mickey Mouse disfrazada.\" srcset=\"https:\/\/soymigrante.com\/revista\/wp-content\/uploads\/2024\/09\/Esvin-Gomez-defiende-el-TPS-en-USA3-e1727724241599-1024x1024.webp 1024w, https:\/\/soymigrante.com\/revista\/wp-content\/uploads\/2024\/09\/Esvin-Gomez-defiende-el-TPS-en-USA3-e1727724241599-300x300.webp 300w, https:\/\/soymigrante.com\/revista\/wp-content\/uploads\/2024\/09\/Esvin-Gomez-defiende-el-TPS-en-USA3-e1727724241599-150x150.webp 150w, https:\/\/soymigrante.com\/revista\/wp-content\/uploads\/2024\/09\/Esvin-Gomez-defiende-el-TPS-en-USA3-e1727724241599-768x768.webp 768w, https:\/\/soymigrante.com\/revista\/wp-content\/uploads\/2024\/09\/Esvin-Gomez-defiende-el-TPS-en-USA3-e1727724241599-75x75.webp 75w, https:\/\/soymigrante.com\/revista\/wp-content\/uploads\/2024\/09\/Esvin-Gomez-defiende-el-TPS-en-USA3-e1727724241599-750x750.webp 750w, https:\/\/soymigrante.com\/revista\/wp-content\/uploads\/2024\/09\/Esvin-Gomez-defiende-el-TPS-en-USA3-e1727724241599-1140x1140.webp 1140w, https:\/\/soymigrante.com\/revista\/wp-content\/uploads\/2024\/09\/Esvin-Gomez-defiende-el-TPS-en-USA3-e1727724241599.webp 1440w\" sizes=\"(max-width: 1024px) 100vw, 1024px\" \/>\n            <\/div>\n        <\/div><div class=\"eael-entry-wrapper\"><header class=\"eael-entry-header\"><h2 class=\"eael-entry-title\"><a class=\"eael-grid-post-link\" href=\"https:\/\/soymigrante.com\/revista\/esvin-gomez-retalteco-migrante-impulsa-el-movimiento-tps-en-california\/\" title=\"&#8220;Lo vamos a lograr&#8221;: Esvin G\u00f3mez, migrante retalteco apoya el movimiento TPS en California\">&#8220;Lo vamos a lograr&#8221;: Esvin G\u00f3mez, migrante retalteco apoya el movimiento TPS en California<\/a><\/h2><\/header><div class=\"eael-entry-content\">\n                        <div class=\"eael-grid-post-excerpt\"><a href=\"https:\/\/soymigrante.com\/revista\/esvin-gomez-retalteco-migrante-impulsa-el-movimiento-tps-en-california\/\" class=\"eael-post-elements-readmore-btn\">CONOCE SU HISTORIA <\/a><\/div>\n                    <\/div><\/div><\/div>\n        <\/div>\n    <\/article><\/div>\n            <div class=\"clearfix\"><\/div>\n        <\/div>            <div class=\"eael-load-more-button-wrap eael-force-hide\">\n                <button class=\"eael-load-more-button\" id=\"eael-load-more-btn-d684e6d\" data-widget-id=\"d684e6d\" data-widget=\"d684e6d\" data-page-id=\"46952\" data-template=\"{&quot;dir&quot;:&quot;lite&quot;,&quot;file_name&quot;:&quot;one.php&quot;,&quot;name&quot;:&quot;Post-Grid&quot;}\" data-class=\"Essential_Addons_Elementor\\Elements\\Post_Grid\" data-layout=\"masonry\" data-page=\"1\" data-args=\"orderby=author&amp;order=desc&amp;ignore_sticky_posts=1&amp;post_status=publish&amp;posts_per_page=3&amp;offset=0&amp;post_type=post&amp;tax_query%5B0%5D%5Btaxonomy%5D=category&amp;tax_query%5B0%5D%5Bfield%5D=term_id&amp;tax_query%5B0%5D%5Bterms%5D%5B0%5D=50&amp;tax_query%5Brelation%5D=AND\" data-max-page=\"105\">\n                    <span class=\"eael-btn-loader button__loader\"><\/span>\n                    <span class=\"eael_load_more_text\">Load More<\/span>\n                <\/button>\n            <\/div>\n            \t\t\t\t<\/div>\n\t\t\t\t\t<\/div>\n\t\t\t\t<\/div>\n\t\t\t\t<\/div>\n\t\t","protected":false},"excerpt":{"rendered":"<p>La guatemalteca Wendy Aguilar lidera la comunicaci\u00f3n del cuerpo de bomberos de Sacramento, inspirando con su historia y su voz. La historia de Wendy Aguilar parece salida de un guion de superaci\u00f3n, pero es totalmente real. Nacida en una peque\u00f1a aldea de Guatemala, hoy es la voz oficial del Departamento de Bomberos de Sacramento y [&hellip;]<\/p>\n","protected":false},"author":1,"featured_media":46953,"comment_status":"open","ping_status":"open","sticky":false,"template":"","format":"standard","meta":{"_acf_changed":false,"_eb_attr":"","footnotes":""},"categories":[50,274],"tags":[],"class_list":["post-46952","post","type-post","status-publish","format-standard","has-post-thumbnail","hentry","category-exitos","category-guatemala"],"acf":[],"aioseo_notices":[],"aioseo_head":"\n\t\t<!-- All in One SEO Pro 4.9.6.2 - aioseo.com -->\n\t<meta name=\"description\" content=\"Ten\u00eda 23 a\u00f1os cuando dej\u00f3 su natal San Felipe Retalhuleu. Lleg\u00f3 a North Hollywood en California hace 31 a\u00f1os. Es ciudadano pero apoya un TPS para connacionales.\" \/>\n\t<meta name=\"robots\" content=\"max-snippet:-1, max-image-preview:large, max-video-preview:-1\" \/>\n\t<meta name=\"author\" content=\"Beatriz Tercero\"\/>\n\t<link rel=\"canonical\" href=\"https:\/\/soymigrante.com\/revista\/esvin-gomez-retalteco-migrante-impulsa-el-movimiento-tps-en-california\/\" \/>\n\t<meta name=\"generator\" content=\"All in One SEO Pro (AIOSEO) 4.9.6.2\" \/>\n\n\t\t<link rel=\"preconnect\" href=\"https:\/\/fonts.googleapis.com\" crossorigin>\n<link rel=\"preconnect\" href=\"https:\/\/fonts.gstatic.com\" crossorigin>\n\t\t<meta property=\"og:locale\" content=\"es_ES\" \/>\n\t\t<meta property=\"og:site_name\" content=\"SoyMigrante.com REVISTA \u2013 Nuestra misi\u00f3n es reconocer y dignificar al migrante.\" \/>\n\t\t<meta property=\"og:type\" content=\"article\" \/>\n\t\t<meta property=\"og:title\" content=\"Esvin G\u00f3mez re\u00fane firmas en California para TPS Guatemalteco\" \/>\n\t\t<meta property=\"og:description\" content=\"Ten\u00eda 23 a\u00f1os cuando dej\u00f3 su natal San Felipe Retalhuleu. Lleg\u00f3 a North Hollywood en California hace 31 a\u00f1os. Es ciudadano pero apoya un TPS para connacionales.\" \/>\n\t\t<meta property=\"og:url\" content=\"https:\/\/soymigrante.com\/revista\/esvin-gomez-retalteco-migrante-impulsa-el-movimiento-tps-en-california\/\" \/>\n\t\t<meta property=\"og:image\" content=\"https:\/\/soymigrante.com\/revista\/wp-content\/uploads\/2024\/09\/Esvin-Gomez-defiende-el-TPS-en-USA3-e1727724241599.webp\" \/>\n\t\t<meta property=\"og:image:secure_url\" content=\"https:\/\/soymigrante.com\/revista\/wp-content\/uploads\/2024\/09\/Esvin-Gomez-defiende-el-TPS-en-USA3-e1727724241599.webp\" \/>\n\t\t<meta property=\"og:image:width\" content=\"1440\" \/>\n\t\t<meta property=\"og:image:height\" content=\"1440\" \/>\n\t\t<meta property=\"article:published_time\" content=\"2024-09-30T19:53:29+00:00\" \/>\n\t\t<meta property=\"article:modified_time\" content=\"2024-10-02T14:02:12+00:00\" \/>\n\t\t<meta property=\"article:publisher\" content=\"https:\/\/www.facebook.com\/soymigrantecom\" \/>\n\t\t<meta name=\"twitter:card\" content=\"summary_large_image\" \/>\n\t\t<meta name=\"twitter:site\" content=\"@SoyMigrante_com\" \/>\n\t\t<meta name=\"twitter:title\" content=\"Esvin G\u00f3mez re\u00fane firmas en California para TPS Guatemalteco\" \/>\n\t\t<meta name=\"twitter:description\" content=\"Ten\u00eda 23 a\u00f1os cuando dej\u00f3 su natal San Felipe Retalhuleu. Lleg\u00f3 a North Hollywood en California hace 31 a\u00f1os. Es ciudadano pero apoya un TPS para connacionales.\" \/>\n\t\t<meta name=\"twitter:creator\" content=\"@SoyMigrante_com\" \/>\n\t\t<meta name=\"twitter:image\" content=\"https:\/\/soymigrante.com\/revista\/wp-content\/uploads\/2024\/09\/Esvin-Gomez-defiende-el-TPS-en-USA3-e1727724241599.webp\" \/>\n\t\t<!-- All in One SEO Pro -->\r\n\t\t<title>Esvin G\u00f3mez re\u00fane firmas en California para TPS Guatemalteco<\/title>\n\n","aioseo_head_json":{"title":"Esvin G\u00f3mez re\u00fane firmas en California para TPS Guatemalteco","description":"Ten\u00eda 23 a\u00f1os cuando dej\u00f3 su natal San Felipe Retalhuleu. Lleg\u00f3 a North Hollywood en California hace 31 a\u00f1os. Es ciudadano pero apoya un TPS para connacionales.","canonical_url":"https:\/\/soymigrante.com\/revista\/esvin-gomez-retalteco-migrante-impulsa-el-movimiento-tps-en-california\/","robots":"max-snippet:-1, max-image-preview:large, max-video-preview:-1","keywords":"","webmasterTools":{"miscellaneous":"&lt;link rel=\"preconnect\" href=\"https:\/\/fonts.googleapis.com\" crossorigin&gt;\n&lt;link rel=\"preconnect\" href=\"https:\/\/fonts.gstatic.com\" crossorigin&gt;"},"schema":null,"og:locale":"es_ES","og:site_name":"SoyMigrante.com REVISTA \u2013 Nuestra misi\u00f3n es reconocer y dignificar al migrante.","og:type":"article","og:title":"Esvin G\u00f3mez re\u00fane firmas en California para TPS Guatemalteco","og:description":"Ten\u00eda 23 a\u00f1os cuando dej\u00f3 su natal San Felipe Retalhuleu. Lleg\u00f3 a North Hollywood en California hace 31 a\u00f1os. Es ciudadano pero apoya un TPS para connacionales.","og:url":"https:\/\/soymigrante.com\/revista\/esvin-gomez-retalteco-migrante-impulsa-el-movimiento-tps-en-california\/","og:image":"https:\/\/soymigrante.com\/revista\/wp-content\/uploads\/2024\/09\/Esvin-Gomez-defiende-el-TPS-en-USA3-e1727724241599.webp","og:image:secure_url":"https:\/\/soymigrante.com\/revista\/wp-content\/uploads\/2024\/09\/Esvin-Gomez-defiende-el-TPS-en-USA3-e1727724241599.webp","og:image:width":1440,"og:image:height":1440,"article:published_time":"2024-09-30T19:53:29+00:00","article:modified_time":"2024-10-02T14:02:12+00:00","article:publisher":"https:\/\/www.facebook.com\/soymigrantecom","twitter:card":"summary_large_image","twitter:site":"@SoyMigrante_com","twitter:title":"Esvin G\u00f3mez re\u00fane firmas en California para TPS Guatemalteco","twitter:description":"Ten\u00eda 23 a\u00f1os cuando dej\u00f3 su natal San Felipe Retalhuleu. Lleg\u00f3 a North Hollywood en California hace 31 a\u00f1os. Es ciudadano pero apoya un TPS para connacionales.","twitter:creator":"@SoyMigrante_com","twitter:image":"https:\/\/soymigrante.com\/revista\/wp-content\/uploads\/2024\/09\/Esvin-Gomez-defiende-el-TPS-en-USA3-e1727724241599.webp"},"aioseo_meta_data":{"post_id":"46952","title":"Guatemalteca difunde trabajo de bomberos de Sacramento CA.","description":"Wendy Aguilar ha tenido una brillante trayectoria como periodista y ahora como comunicadora del Departamento de Bomberos de Sacramento California.","keywords":null,"keyphrases":{"focus":{"keyphrase":"Guatemalteco","score":37,"analysis":{"keyphraseInTitle":{"score":3,"maxScore":9,"error":1},"keyphraseInDescription":{"score":3,"maxScore":9,"error":1},"keyphraseLength":{"score":9,"maxScore":9,"error":0,"length":1},"keyphraseInURL":{"score":1,"maxScore":5,"error":1},"keyphraseInIntroduction":{"score":3,"maxScore":9,"error":1},"keyphraseInSubHeadings":{"score":3,"maxScore":9,"error":1},"keyphraseInImageAlt":[],"keywordDensity":{"score":0,"type":"low","maxScore":9,"error":1}}},"additional":[]},"primary_term":null,"canonical_url":null,"og_title":null,"og_description":null,"og_object_type":"default","og_image_type":"default","og_image_url":null,"og_image_width":null,"og_image_height":null,"og_image_custom_url":null,"og_image_custom_fields":null,"og_video":"","og_custom_url":null,"og_article_section":null,"og_article_tags":null,"twitter_use_og":false,"twitter_card":"default","twitter_image_type":"default","twitter_image_url":null,"twitter_image_custom_url":null,"twitter_image_custom_fields":null,"twitter_title":null,"twitter_description":null,"schema":{"blockGraphs":[],"customGraphs":[],"default":{"data":{"Article":[],"Course":[],"Dataset":[],"FAQPage":[],"Movie":[],"Person":[],"Product":[],"ProductReview":[],"Car":[],"Recipe":[],"Service":[],"SoftwareApplication":[],"WebPage":[]},"graphName":"none","isEnabled":true},"graphs":[]},"schema_type":"default","schema_type_options":null,"pillar_content":false,"robots_default":true,"robots_noindex":false,"robots_noarchive":false,"robots_nosnippet":false,"robots_nofollow":false,"robots_noimageindex":false,"robots_noodp":false,"robots_notranslate":false,"robots_max_snippet":"-1","robots_max_videopreview":"-1","robots_max_imagepreview":"large","priority":null,"frequency":"default","local_seo":null,"seo_analyzer_scan_date":"2025-10-09 09:07:39","breadcrumb_settings":null,"limit_modified_date":false,"reviewed_by":"0","open_ai":null,"ai":{"faqs":[],"keyPoints":[],"titles":[],"descriptions":[],"socialPosts":{"email":[],"linkedin":[],"twitter":[],"facebook":[],"instagram":[]}},"created":"2025-10-08 14:36:39","updated":"2026-02-05 06:27:54"},"aioseo_breadcrumb":"<div class=\"aioseo-breadcrumbs\"><span class=\"aioseo-breadcrumb\">\n\t<a href=\"https:\/\/soymigrante.com\/revista\" title=\"Home\">Home<\/a>\n<\/span><span class=\"aioseo-breadcrumb-separator\">\u00bb<\/span><span class=\"aioseo-breadcrumb\">\n\t<a href=\"https:\/\/soymigrante.com\/revista\/category\/exitos\/\" title=\"\u00c9xitos\">\u00c9xitos<\/a>\n<\/span><span class=\"aioseo-breadcrumb-separator\">\u00bb<\/span><span class=\"aioseo-breadcrumb\">\n\t<a href=\"https:\/\/soymigrante.com\/revista\/category\/exitos\/guatemala\/\" title=\"Guatemala\">Guatemala<\/a>\n<\/span><span class=\"aioseo-breadcrumb-separator\">\u00bb<\/span><span class=\"aioseo-breadcrumb\">\n\tGuatemalteca destaca en departamento de Bomberos de Sacramento CA\n<\/span><\/div>","aioseo_breadcrumb_json":[{"label":"Home","link":"https:\/\/soymigrante.com\/revista"},{"label":"\u00c9xitos","link":"https:\/\/soymigrante.com\/revista\/category\/exitos\/"},{"label":"Guatemala","link":"https:\/\/soymigrante.com\/revista\/category\/exitos\/guatemala\/"},{"label":"Guatemalteca destaca en departamento de Bomberos de Sacramento CA","link":"https:\/\/soymigrante.com\/revista\/guatemalteca-destaca-en-departamento-de-bomberos-de-sacramento-ca\/"}],"_links":{"self":[{"href":"https:\/\/soymigrante.com\/revista\/wp-json\/wp\/v2\/posts\/46952","targetHints":{"allow":["GET"]}}],"collection":[{"href":"https:\/\/soymigrante.com\/revista\/wp-json\/wp\/v2\/posts"}],"about":[{"href":"https:\/\/soymigrante.com\/revista\/wp-json\/wp\/v2\/types\/post"}],"author":[{"embeddable":true,"href":"https:\/\/soymigrante.com\/revista\/wp-json\/wp\/v2\/users\/1"}],"replies":[{"embeddable":true,"href":"https:\/\/soymigrante.com\/revista\/wp-json\/wp\/v2\/comments?post=46952"}],"version-history":[{"count":11,"href":"https:\/\/soymigrante.com\/revista\/wp-json\/wp\/v2\/posts\/46952\/revisions"}],"predecessor-version":[{"id":46967,"href":"https:\/\/soymigrante.com\/revista\/wp-json\/wp\/v2\/posts\/46952\/revisions\/46967"}],"wp:featuredmedia":[{"embeddable":true,"href":"https:\/\/soymigrante.com\/revista\/wp-json\/wp\/v2\/media\/46953"}],"wp:attachment":[{"href":"https:\/\/soymigrante.com\/revista\/wp-json\/wp\/v2\/media?parent=46952"}],"wp:term":[{"taxonomy":"category","embeddable":true,"href":"https:\/\/soymigrante.com\/revista\/wp-json\/wp\/v2\/categories?post=46952"},{"taxonomy":"post_tag","embeddable":true,"href":"https:\/\/soymigrante.com\/revista\/wp-json\/wp\/v2\/tags?post=46952"}],"curies":[{"name":"wp","href":"https:\/\/api.w.org\/{rel}","templated":true}]}}