{"id":46925,"date":"2025-10-08T13:45:10","date_gmt":"2025-10-08T19:45:10","guid":{"rendered":"https:\/\/soymigrante.com\/revista\/?p=46925"},"modified":"2025-10-15T07:29:09","modified_gmt":"2025-10-15T13:29:09","slug":"10-canciones-sobre-migrantes-inmigrantes","status":"publish","type":"post","link":"https:\/\/soymigrante.com\/revista\/10-canciones-sobre-migrantes-inmigrantes\/","title":{"rendered":"10 canciones sobre migrantes &#8211; inmigrantes que debes conocer"},"content":{"rendered":"\t\t<div data-elementor-type=\"wp-post\" data-elementor-id=\"46925\" class=\"elementor elementor-46925\" data-elementor-post-type=\"post\">\n\t\t\t\t<div data-particle_enable=\"false\" data-particle-mobile-disabled=\"false\" class=\"elementor-element elementor-element-1b5be04 e-flex e-con-boxed e-con e-parent\" data-id=\"1b5be04\" data-element_type=\"container\" data-e-type=\"container\">\n\t\t\t\t\t<div class=\"e-con-inner\">\n\t\t\t\t<div class=\"elementor-element elementor-element-618fcdb elementor-widget elementor-widget-heading\" data-id=\"618fcdb\" data-element_type=\"widget\" data-e-type=\"widget\" data-widget_type=\"heading.default\">\n\t\t\t\t\t<h2 class=\"elementor-heading-title elementor-size-default\">Himnos latinos de resiliencia, valores e identidad. Canciones que relatan el esfuerzo cotidiano y el triunfo de la multiculturalidad sobre la intolerancia.<\/h2>\t\t\t\t<\/div>\n\t\t\t\t\t<\/div>\n\t\t\t\t<\/div>\n\t\t<div data-particle_enable=\"false\" data-particle-mobile-disabled=\"false\" class=\"elementor-element elementor-element-bacea31 e-flex e-con-boxed e-con e-parent\" data-id=\"bacea31\" data-element_type=\"container\" data-e-type=\"container\">\n\t\t\t\t\t<div class=\"e-con-inner\">\n\t\t\t\t<div class=\"elementor-element elementor-element-20174cd elementor-widget elementor-widget-text-editor\" data-id=\"20174cd\" data-element_type=\"widget\" data-e-type=\"widget\" data-widget_type=\"text-editor.default\">\n\t\t\t\t\t\t\t\t\t<p>La migraci\u00f3n desde M\u00e9xico y Centroam\u00e9rica hacia EE.UU. es un viaje de valent\u00eda, dolor y esperanza. Estas historias se convierten en himnos a trav\u00e9s de la m\u00fasica latina, capturando el cruce por M\u00e9xico, las penurias del desierto y el \u00e9xito de superar barreras.\u00a0<\/p><p>En SoyMigrante.com, destacamos primero a <i><a href=\"https:\/\/soymigrante.com\/revista\/asi-surgio-mojado-cancion-ricardo-arjona-con-grupo-intocable-un-autentico-himno-al-migrante\/\">Ricardo Arjona con su poderosa \u201cMojado\u201d <\/a><\/i>y a <a href=\"https:\/\/soymigrante.com\/revista\/si-tienes-un-sueno-siguelo-el-emotivo-mensaje-de-francisco-paez-de-malacates-a-los-jovenes\/\">Malacates Tr\u00e9bol Shop<\/a> con \u201cNo se olvida de donde se viene\u201d, seguidos por una lista de 10 canciones ordenadas por popularidad. \u00a1Comparte este art\u00edculo si te conmueven estas historias y ay\u00fadanos a viralizarlas!<\/p>\t\t\t\t\t\t\t\t<\/div>\n\t\t\t\t\t<\/div>\n\t\t\t\t<\/div>\n\t\t<div data-particle_enable=\"false\" data-particle-mobile-disabled=\"false\" class=\"elementor-element elementor-element-3b7fcd7 e-flex e-con-boxed e-con e-parent\" data-id=\"3b7fcd7\" data-element_type=\"container\" data-e-type=\"container\">\n\t\t\t\t\t<div class=\"e-con-inner\">\n\t\t\t\t<div class=\"elementor-element elementor-element-b7337cc elementor-widget elementor-widget-text-editor\" data-id=\"b7337cc\" data-element_type=\"widget\" data-e-type=\"widget\" data-widget_type=\"text-editor.default\">\n\t\t\t\t\t\t\t\t\t<h3>1. Mojado &#8211; Ricardo Arjona ft. Intocable<\/h3><p><em>G\u00e9nero: Norte\u00f1o\/Balada<\/em><\/p><p>Arjona canta al migrante mexicano que cruza el R\u00edo Bravo con miedo y fe, enfrentando el desierto y la patrulla fronteriza. \u201c<a href=\"https:\/\/soymigrante.com\/revista\/asi-surgio-mojado-cancion-ricardo-arjona-con-grupo-intocable-un-autentico-himno-al-migrante\/\">Mojado,<\/a> pero con ganas de un sue\u00f1o que valga la pena\u201d refleja la lucha y la dignidad del indocumentado. Con millones de vistas en YouTube, es un himno que critica la xenofobia y celebra la resiliencia.<\/p>\t\t\t\t\t\t\t\t<\/div>\n\t\t\t\t<div class=\"elementor-element elementor-element-4ea5649 elementor-widget elementor-widget-html\" data-id=\"4ea5649\" data-element_type=\"widget\" data-e-type=\"widget\" data-widget_type=\"html.default\">\n\t\t\t\t\t<iframe width=\"560\" height=\"415\" src=\"https:\/\/www.youtube.com\/embed\/fjdmaxDMeUI?si=E1zKCSofDrmzPNb9\" title=\"YouTube video player\" frameborder=\"0\" allow=\"accelerometer; autoplay; clipboard-write; encrypted-media; gyroscope; picture-in-picture; web-share\" referrerpolicy=\"strict-origin-when-cross-origin\" allowfullscreen><\/iframe>\t\t\t\t<\/div>\n\t\t\t\t<div class=\"elementor-element elementor-element-92da8b3 elementor-widget elementor-widget-text-editor\" data-id=\"92da8b3\" data-element_type=\"widget\" data-e-type=\"widget\" data-widget_type=\"text-editor.default\">\n\t\t\t\t\t\t\t\t\t<h3>2. No se olvida de donde se viene &#8211; Malacates Tr\u00e9bol Shop<\/h3><p><em>G\u00e9nero: Rock\/Ska Latino<\/em><\/p><p>Esta vibrante canci\u00f3n guatemalteca exalta el orgullo por las ra\u00edces, un mensaje clave para migrantes centroamericanos que cruzan M\u00e9xico rumbo a EE.UU. Su ritmo ska y letras como \u201cC\u00f3mo olvidarme yo de mi tierra\u201d inspiran a llevar la cultura en el alma, pese al desarraigo. Popular en comunidades migrantes, es un canto a la identidad.<\/p>\t\t\t\t\t\t\t\t<\/div>\n\t\t\t\t<div class=\"elementor-element elementor-element-9d0a0b4 elementor-widget elementor-widget-html\" data-id=\"9d0a0b4\" data-element_type=\"widget\" data-e-type=\"widget\" data-widget_type=\"html.default\">\n\t\t\t\t\t<iframe width=\"560\" height=\"415\" src=\"https:\/\/www.youtube.com\/embed\/ldTTMZ9pdyU?si=Flxgw6LuENfvvLr8\" title=\"YouTube video player\" frameborder=\"0\" allow=\"accelerometer; autoplay; clipboard-write; encrypted-media; gyroscope; picture-in-picture; web-share\" referrerpolicy=\"strict-origin-when-cross-origin\" allowfullscreen><\/iframe>\t\t\t\t<\/div>\n\t\t\t\t<div class=\"elementor-element elementor-element-c951c42 elementor-widget elementor-widget-text-editor\" data-id=\"c951c42\" data-element_type=\"widget\" data-e-type=\"widget\" data-widget_type=\"text-editor.default\">\n\t\t\t\t\t\t\t\t\t<h3>3. La Jaula de Oro &#8211; Los Tigres del Norte<\/h3><p><em>G\u00e9nero: Corrido\/Norte\u00f1o<\/em><\/p><p>Un cl\u00e1sico que narra la vida de un migrante exitoso en EE.UU., pero atrapado en una \u201cjaula dorada\u201d por la nostalgia y la asimilaci\u00f3n de sus hijos. Es un himno que refleja el costo emocional del sue\u00f1o americano.<\/p>\t\t\t\t\t\t\t\t<\/div>\n\t\t\t\t<div class=\"elementor-element elementor-element-6c45bba elementor-widget elementor-widget-html\" data-id=\"6c45bba\" data-element_type=\"widget\" data-e-type=\"widget\" data-widget_type=\"html.default\">\n\t\t\t\t\t <iframe width=\"560\" height=\"415\" src=\"https:\/\/www.youtube.com\/embed\/BnvNfE9fOv4?si=pp8HgAqF0GmiRyj6\" title=\"YouTube video player\" frameborder=\"0\" allow=\"accelerometer; autoplay; clipboard-write; encrypted-media; gyroscope; picture-in-picture; web-share\" referrerpolicy=\"strict-origin-when-cross-origin\" allowfullscreen><\/iframe>\t\t\t\t<\/div>\n\t\t\t\t<div class=\"elementor-element elementor-element-d376079 elementor-widget elementor-widget-text-editor\" data-id=\"d376079\" data-element_type=\"widget\" data-e-type=\"widget\" data-widget_type=\"text-editor.default\">\n\t\t\t\t\t\t\t\t\t<h3>4. Tres Veces Mojado &#8211; Los Tigres del Norte<\/h3>\n<p><em>G\u00e9nero: Corrido\/Norte\u00f1o<\/em><\/p>\n<p>La odisea de un centroamericano cruzando tres fronteras (Guatemala-M\u00e9xico, M\u00e9xico-EE.UU., Canad\u00e1), enfrentando hambre y peligro, pero con una <a href=\"https:\/\/soymigrante.com\/revista\/migrantes-guatemaltecos-expresan-objetivos-y-suenos-para-este-2025\/\">voluntad inquebrantable.<\/a><\/p>\t\t\t\t\t\t\t\t<\/div>\n\t\t\t\t<div class=\"elementor-element elementor-element-e396fc9 elementor-widget elementor-widget-html\" data-id=\"e396fc9\" data-element_type=\"widget\" data-e-type=\"widget\" data-widget_type=\"html.default\">\n\t\t\t\t\t<iframe width=\"560\" height=\"415\" src=\"https:\/\/www.youtube.com\/embed\/5mWAYZE1s10?si=lBfw5VMLrgWsX25C\" title=\"YouTube video player\" frameborder=\"0\" allow=\"accelerometer; autoplay; clipboard-write; encrypted-media; gyroscope; picture-in-picture; web-share\" referrerpolicy=\"strict-origin-when-cross-origin\" allowfullscreen><\/iframe>\t\t\t\t<\/div>\n\t\t\t\t<div class=\"elementor-element elementor-element-b4bc089 elementor-widget elementor-widget-text-editor\" data-id=\"b4bc089\" data-element_type=\"widget\" data-e-type=\"widget\" data-widget_type=\"text-editor.default\">\n\t\t\t\t\t\t\t\t\t<h3>5. El Inmigrante &#8211; Calibre 50<\/h3><p><em>G\u00e9nero: Banda\/Sierre\u00f1o<\/em><\/p><p>Un joven mexicano arriesga todo por su familia, enfrentando balas y desierto por el \u201csue\u00f1o americano\u201d. Una canci\u00f3n emotiva sobre sacrificio y esperanza.<\/p>\t\t\t\t\t\t\t\t<\/div>\n\t\t\t\t<div class=\"elementor-element elementor-element-39f500c elementor-widget elementor-widget-html\" data-id=\"39f500c\" data-element_type=\"widget\" data-e-type=\"widget\" data-widget_type=\"html.default\">\n\t\t\t\t\t<iframe width=\"560\" height=\"415\" src=\"https:\/\/www.youtube.com\/embed\/v9zLchnWQcs?si=LMaWd7ytX4M8NDgV\" title=\"YouTube video player\" frameborder=\"0\" allow=\"accelerometer; autoplay; clipboard-write; encrypted-media; gyroscope; picture-in-picture; web-share\" referrerpolicy=\"strict-origin-when-cross-origin\" allowfullscreen><\/iframe>\t\t\t\t<\/div>\n\t\t\t\t<div class=\"elementor-element elementor-element-b820085 elementor-widget elementor-widget-text-editor\" data-id=\"b820085\" data-element_type=\"widget\" data-e-type=\"widget\" data-widget_type=\"text-editor.default\">\n\t\t\t\t\t\t\t\t\t<h3>6. Pa&#8217;l Norte &#8211; Calle 13 ft. Orishas<\/h3><p><em>G\u00e9nero: Hip-Hop\/Reggaet\u00f3n<\/em><\/p><p>Un tema rebelde que critica las fronteras y narra la lucha del migrante por sobrevivir, con un toque de humor y ritmo contagioso.<\/p>\t\t\t\t\t\t\t\t<\/div>\n\t\t\t\t<div class=\"elementor-element elementor-element-243ee7d elementor-widget elementor-widget-html\" data-id=\"243ee7d\" data-element_type=\"widget\" data-e-type=\"widget\" data-widget_type=\"html.default\">\n\t\t\t\t\t<iframe width=\"560\" height=\"415\" src=\"https:\/\/www.youtube.com\/embed\/SBYO1ZfxxSM?si=8WFln-U2SkWt7e3J\" title=\"YouTube video player\" frameborder=\"0\" allow=\"accelerometer; autoplay; clipboard-write; encrypted-media; gyroscope; picture-in-picture; web-share\" referrerpolicy=\"strict-origin-when-cross-origin\" allowfullscreen><\/iframe>\t\t\t\t<\/div>\n\t\t\t\t<div class=\"elementor-element elementor-element-7961317 elementor-widget elementor-widget-text-editor\" data-id=\"7961317\" data-element_type=\"widget\" data-e-type=\"widget\" data-widget_type=\"text-editor.default\">\n\t\t\t\t\t\t\t\t\t<h3>7. Pobre Juan \u2013 Man\u00e1<\/h3><p><em>G\u00e9nero: Rock Latino<\/em><\/p><p>La tr\u00e1gica historia de un migrante que muere en el desierto buscando una vida digna, un homenaje a miles de historias reales.<\/p>\t\t\t\t\t\t\t\t<\/div>\n\t\t\t\t<div class=\"elementor-element elementor-element-d46ff26 elementor-widget elementor-widget-html\" data-id=\"d46ff26\" data-element_type=\"widget\" data-e-type=\"widget\" data-widget_type=\"html.default\">\n\t\t\t\t\t<iframe width=\"560\" height=\"415\" src=\"https:\/\/www.youtube.com\/embed\/EVd0KvJm6WE?si=pBnod_UvrIu2CHvv\" title=\"YouTube video player\" frameborder=\"0\" allow=\"accelerometer; autoplay; clipboard-write; encrypted-media; gyroscope; picture-in-picture; web-share\" referrerpolicy=\"strict-origin-when-cross-origin\" allowfullscreen><\/iframe>\t\t\t\t<\/div>\n\t\t\t\t<div class=\"elementor-element elementor-element-473c714 elementor-widget elementor-widget-text-editor\" data-id=\"473c714\" data-element_type=\"widget\" data-e-type=\"widget\" data-widget_type=\"text-editor.default\">\n\t\t\t\t\t\t\t\t\t<h3>8. Colectivo Migrante &#8211; Legado de Grandeza\u00a0<\/h3><p><em>G\u00e9nero: Corrido tumbado<\/em><\/p><p>Esta canci\u00f3n fue lanzada con motivo de un D\u00eda Internacional del Migrante, para resaltar la grandeza del esfuerzo y los valores del migrante proveniente de M\u00e9xico y Centro Am\u00e9rica, sus capacidades culturales y su af\u00e1n de salir adelante honradamente.<\/p>\t\t\t\t\t\t\t\t<\/div>\n\t\t\t\t<div class=\"elementor-element elementor-element-e64a717 elementor-widget elementor-widget-html\" data-id=\"e64a717\" data-element_type=\"widget\" data-e-type=\"widget\" data-widget_type=\"html.default\">\n\t\t\t\t\t<iframe width=\"560\" height=\"415\" src=\"https:\/\/www.youtube.com\/embed\/9Iha4XzJ_10?si=fCRAzIzhtit9iG0Q\" title=\"YouTube video player\" frameborder=\"0\" allow=\"accelerometer; autoplay; clipboard-write; encrypted-media; gyroscope; picture-in-picture; web-share\" referrerpolicy=\"strict-origin-when-cross-origin\" allowfullscreen><\/iframe>\t\t\t\t<\/div>\n\t\t\t\t<div class=\"elementor-element elementor-element-1dac71f elementor-widget elementor-widget-text-editor\" data-id=\"1dac71f\" data-element_type=\"widget\" data-e-type=\"widget\" data-widget_type=\"text-editor.default\">\n\t\t\t\t\t\t\t\t\t<h3>9. El Ilegal &#8211; Joan Sebastian<\/h3><p><em>G\u00e9nero: Ranchera<\/em><\/p><p>Una ranchera nost\u00e1lgica sobre la vida indocumentada en EE.UU., con sue\u00f1os rotos y anhelo por M\u00e9xico.<\/p>\t\t\t\t\t\t\t\t<\/div>\n\t\t\t\t<div class=\"elementor-element elementor-element-7831273 elementor-widget elementor-widget-html\" data-id=\"7831273\" data-element_type=\"widget\" data-e-type=\"widget\" data-widget_type=\"html.default\">\n\t\t\t\t\t<iframe width=\"560\" height=\"315\" src=\"https:\/\/www.youtube.com\/embed\/xdaWBqSvWk8?si=homa6XeXuL5YL3UR\" title=\"YouTube video player\" frameborder=\"0\" allow=\"accelerometer; autoplay; clipboard-write; encrypted-media; gyroscope; picture-in-picture; web-share\" referrerpolicy=\"strict-origin-when-cross-origin\" allowfullscreen><\/iframe>\t\t\t\t<\/div>\n\t\t\t\t<div class=\"elementor-element elementor-element-721ec19 elementor-widget elementor-widget-text-editor\" data-id=\"721ec19\" data-element_type=\"widget\" data-e-type=\"widget\" data-widget_type=\"text-editor.default\">\n\t\t\t\t\t\t\t\t\t<h3>10. La Bestia &#8211; Kinto Sol<\/h3><p><em>G\u00e9nero: Chicano Rap<\/em><\/p><p>El peligroso viaje en el tren \u201cLa Bestia\u201d por M\u00e9xico, destacando los riesgos y la b\u00fasqueda de oportunidades en EE.UU.<\/p>\t\t\t\t\t\t\t\t<\/div>\n\t\t\t\t<div class=\"elementor-element elementor-element-e20d68b elementor-widget elementor-widget-html\" data-id=\"e20d68b\" data-element_type=\"widget\" data-e-type=\"widget\" data-widget_type=\"html.default\">\n\t\t\t\t\t<iframe width=\"560\" height=\"415\" src=\"https:\/\/www.youtube.com\/embed\/oShuuaq47ho?si=4qv5Pvxwfhf32T-F\" title=\"YouTube video player\" frameborder=\"0\" allow=\"accelerometer; autoplay; clipboard-write; encrypted-media; gyroscope; picture-in-picture; web-share\" referrerpolicy=\"strict-origin-when-cross-origin\" allowfullscreen><\/iframe>\t\t\t\t<\/div>\n\t\t\t\t\t<\/div>\n\t\t\t\t<\/div>\n\t\t<div data-particle_enable=\"false\" data-particle-mobile-disabled=\"false\" class=\"elementor-element elementor-element-857f3dc e-flex e-con-boxed e-con e-parent\" data-id=\"857f3dc\" data-element_type=\"container\" data-e-type=\"container\">\n\t\t\t\t\t<div class=\"e-con-inner\">\n\t\t\t\t<div class=\"elementor-element elementor-element-64fc9b9 elementor-widget elementor-widget-text-editor\" data-id=\"64fc9b9\" data-element_type=\"widget\" data-e-type=\"widget\" data-widget_type=\"text-editor.default\">\n\t\t\t\t\t\t\t\t\t<p>Estas canciones son m\u00e1s que m\u00fasica: son historias de vida. En 2025, con debates migratorios candentes, nos recuerdan la humanidad detr\u00e1s de cada viaje. \u00bfCu\u00e1l es tu favorita? \u00a1Comenta, comparte en redes y escucha en YouTube o Spotify!<\/p>\t\t\t\t\t\t\t\t<\/div>\n\t\t\t\t\t<\/div>\n\t\t\t\t<\/div>\n\t\t<div data-particle_enable=\"false\" data-particle-mobile-disabled=\"false\" class=\"elementor-element elementor-element-30440c8 e-flex e-con-boxed e-con e-parent\" data-id=\"30440c8\" data-element_type=\"container\" data-e-type=\"container\">\n\t\t\t\t\t<div class=\"e-con-inner\">\n\t\t\t\t<div class=\"elementor-element elementor-element-dfb1c89 elementor-widget elementor-widget-heading\" data-id=\"dfb1c89\" data-element_type=\"widget\" data-e-type=\"widget\" data-widget_type=\"heading.default\">\n\t\t\t\t\t<h2 class=\"elementor-heading-title elementor-size-default\">Conoce m\u00e1s de Guatemala, ac\u00e1...<\/h2>\t\t\t\t<\/div>\n\t\t\t\t\t<\/div>\n\t\t\t\t<\/div>\n\t\t<div data-particle_enable=\"false\" data-particle-mobile-disabled=\"false\" class=\"elementor-element elementor-element-c5ad349 e-flex e-con-boxed e-con e-parent\" data-id=\"c5ad349\" data-element_type=\"container\" data-e-type=\"container\">\n\t\t\t\t\t<div class=\"e-con-inner\">\n\t\t\t\t<div class=\"elementor-element elementor-element-8a67f65 elementor-grid-eael-col-3 elementor-grid-tablet-eael-col-2 elementor-grid-mobile-eael-col-1 elementor-widget elementor-widget-eael-post-grid\" data-id=\"8a67f65\" data-element_type=\"widget\" data-e-type=\"widget\" data-settings=\"{&quot;eael_post_grid_columns&quot;:&quot;eael-col-3&quot;,&quot;eael_post_grid_columns_tablet&quot;:&quot;eael-col-2&quot;,&quot;eael_post_grid_columns_mobile&quot;:&quot;eael-col-1&quot;}\" data-widget_type=\"eael-post-grid.default\">\n\t\t\t\t\t<div id=\"eael-post-grid-8a67f65\" class=\"eael-post-grid-container\">\n            <div class=\"eael-post-grid eael-post-appender eael-post-appender-8a67f65 eael-post-grid-style-one\" data-layout-mode=\"masonry\"><article class=\"eael-grid-post  eael-post-grid-column eael-pg-post-39646 category-estamos-unidos\" data-id=\"39646\">\n        <div class=\"eael-grid-post-holder\">\n            <div class=\"eael-grid-post-holder-inner\"><div class=\"eael-entry-media\"><div class=\"eael-entry-overlay fade-in\"><i class=\"far fa-hand-pointer\" aria-hidden=\"true\"><\/i><a href=\"https:\/\/soymigrante.com\/revista\/asi-surgio-mojado-cancion-ricardo-arjona-con-grupo-intocable-un-autentico-himno-al-migrante\/\"><\/a><\/div><div class=\"eael-entry-thumbnail \">\n                <img fetchpriority=\"high\" decoding=\"async\" width=\"638\" height=\"638\" src=\"https:\/\/soymigrante.com\/revista\/wp-content\/uploads\/2025\/07\/mojado-ricardo-arjona-2.webp\" class=\"attachment-large size-large wp-image-39653\" alt=\"Migrantes frente a barrera de metal en frontera, buscando ingreso o salida, situaci\u00f3n com\u00fan en migraci\u00f3n y derechos humanos, en contexto de migrantes en movimiento.\" srcset=\"https:\/\/soymigrante.com\/revista\/wp-content\/uploads\/2025\/07\/mojado-ricardo-arjona-2.webp 638w, https:\/\/soymigrante.com\/revista\/wp-content\/uploads\/2025\/07\/mojado-ricardo-arjona-2-300x300.png 300w, https:\/\/soymigrante.com\/revista\/wp-content\/uploads\/2025\/07\/mojado-ricardo-arjona-2-150x150.png 150w, https:\/\/soymigrante.com\/revista\/wp-content\/uploads\/2025\/07\/mojado-ricardo-arjona-2-75x75.webp 75w\" sizes=\"(max-width: 638px) 100vw, 638px\" \/>\n            <\/div>\n        <\/div><div class=\"eael-entry-wrapper\"><header class=\"eael-entry-header\"><h2 class=\"eael-entry-title\"><a class=\"eael-grid-post-link\" href=\"https:\/\/soymigrante.com\/revista\/asi-surgio-mojado-cancion-ricardo-arjona-con-grupo-intocable-un-autentico-himno-al-migrante\/\" title=\"As\u00ed surgi\u00f3 Mojado, canci\u00f3n de Ricardo Arjona con grupo Intocable: un himno al migrante\">As\u00ed surgi\u00f3 Mojado, canci\u00f3n de Ricardo Arjona con grupo Intocable: un himno al migrante<\/a><\/h2><\/header><div class=\"eael-entry-content\">\n                        <div class=\"eael-grid-post-excerpt\"><a href=\"https:\/\/soymigrante.com\/revista\/asi-surgio-mojado-cancion-ricardo-arjona-con-grupo-intocable-un-autentico-himno-al-migrante\/\" class=\"eael-post-elements-readmore-btn\">CONOCE SU HISTORIA <\/a><\/div>\n                    <\/div><\/div><\/div>\n        <\/div>\n    <\/article><article class=\"eael-grid-post  eael-post-grid-column eael-pg-post-10598 category-guate-nuestra\" data-id=\"10598\">\n        <div class=\"eael-grid-post-holder\">\n            <div class=\"eael-grid-post-holder-inner\"><div class=\"eael-entry-media\"><div class=\"eael-entry-overlay fade-in\"><i class=\"far fa-hand-pointer\" aria-hidden=\"true\"><\/i><a href=\"https:\/\/soymigrante.com\/revista\/siete-canciones-dedicadas-a-guatemala-que-alegran-emocionan-y-unen\/\"><\/a><\/div><div class=\"eael-entry-thumbnail \">\n                <img decoding=\"async\" width=\"1024\" height=\"1024\" src=\"https:\/\/soymigrante.com\/revista\/wp-content\/uploads\/2024\/10\/quetzal-canciones-guatemala-1024x1024.webp\" class=\"attachment-large size-large wp-image-10599\" alt=\"Colorido p\u00e1jaro de selva con plumaje verde, azul y negro posado en rama cubierta de musgo en un bosque tropical.\" srcset=\"https:\/\/soymigrante.com\/revista\/wp-content\/uploads\/2024\/10\/quetzal-canciones-guatemala-1024x1024.webp 1024w, https:\/\/soymigrante.com\/revista\/wp-content\/uploads\/2024\/10\/quetzal-canciones-guatemala-300x300.webp 300w, https:\/\/soymigrante.com\/revista\/wp-content\/uploads\/2024\/10\/quetzal-canciones-guatemala-150x150.webp 150w, https:\/\/soymigrante.com\/revista\/wp-content\/uploads\/2024\/10\/quetzal-canciones-guatemala-768x768.webp 768w, https:\/\/soymigrante.com\/revista\/wp-content\/uploads\/2024\/10\/quetzal-canciones-guatemala-1536x1536.webp 1536w, https:\/\/soymigrante.com\/revista\/wp-content\/uploads\/2024\/10\/quetzal-canciones-guatemala.webp 1920w, https:\/\/soymigrante.com\/revista\/wp-content\/uploads\/2024\/10\/quetzal-canciones-guatemala-75x75.webp 75w, https:\/\/soymigrante.com\/revista\/wp-content\/uploads\/2024\/10\/quetzal-canciones-guatemala-750x750.webp 750w, https:\/\/soymigrante.com\/revista\/wp-content\/uploads\/2024\/10\/quetzal-canciones-guatemala-1140x1140.jpg 1140w\" sizes=\"(max-width: 1024px) 100vw, 1024px\" \/>\n            <\/div>\n        <\/div><div class=\"eael-entry-wrapper\"><header class=\"eael-entry-header\"><h2 class=\"eael-entry-title\"><a class=\"eael-grid-post-link\" href=\"https:\/\/soymigrante.com\/revista\/siete-canciones-dedicadas-a-guatemala-que-alegran-emocionan-y-unen\/\" title=\"Siete canciones dedicadas a Guatemala que alegran, emocionan y unen\">Siete canciones dedicadas a Guatemala que alegran, emocionan y unen<\/a><\/h2><\/header><div class=\"eael-entry-content\">\n                        <div class=\"eael-grid-post-excerpt\"><a href=\"https:\/\/soymigrante.com\/revista\/siete-canciones-dedicadas-a-guatemala-que-alegran-emocionan-y-unen\/\" class=\"eael-post-elements-readmore-btn\">CONOCE SU HISTORIA <\/a><\/div>\n                    <\/div><\/div><\/div>\n        <\/div>\n    <\/article><article class=\"eael-grid-post  eael-post-grid-column eael-pg-post-7554 category-estamos-unidos\" data-id=\"7554\">\n        <div class=\"eael-grid-post-holder\">\n            <div class=\"eael-grid-post-holder-inner\"><div class=\"eael-entry-media\"><div class=\"eael-entry-overlay fade-in\"><i class=\"far fa-hand-pointer\" aria-hidden=\"true\"><\/i><a href=\"https:\/\/soymigrante.com\/revista\/malacates-inician-gira-usa-en-san-francisco-coreados-por-muchos-compatriotas\/\"><\/a><\/div><div class=\"eael-entry-thumbnail \">\n                <img decoding=\"async\" width=\"495\" height=\"495\" src=\"https:\/\/soymigrante.com\/revista\/wp-content\/uploads\/2024\/07\/malacates-gira-usa-2024-6.webp\" class=\"attachment-large size-large wp-image-7555\" alt=\"Un hombre cantando en un evento con micr\u00f3fono en mano rodeado de p\u00fablico en un ambiente animado.\" srcset=\"https:\/\/soymigrante.com\/revista\/wp-content\/uploads\/2024\/07\/malacates-gira-usa-2024-6.webp 495w, https:\/\/soymigrante.com\/revista\/wp-content\/uploads\/2024\/07\/malacates-gira-usa-2024-6-300x300.webp 300w, https:\/\/soymigrante.com\/revista\/wp-content\/uploads\/2024\/07\/malacates-gira-usa-2024-6-150x150.webp 150w, https:\/\/soymigrante.com\/revista\/wp-content\/uploads\/2024\/07\/malacates-gira-usa-2024-6-75x75.webp 75w\" sizes=\"(max-width: 495px) 100vw, 495px\" \/>\n            <\/div>\n        <\/div><div class=\"eael-entry-wrapper\"><header class=\"eael-entry-header\"><h2 class=\"eael-entry-title\"><a class=\"eael-grid-post-link\" href=\"https:\/\/soymigrante.com\/revista\/malacates-inician-gira-usa-en-san-francisco-coreados-por-muchos-compatriotas\/\" title=\"Malacates comienza gira USA en San Francisco acompa\u00f1ados de chapines\">Malacates comienza gira USA en San Francisco acompa\u00f1ados de chapines<\/a><\/h2><\/header><div class=\"eael-entry-content\">\n                        <div class=\"eael-grid-post-excerpt\"><a href=\"https:\/\/soymigrante.com\/revista\/malacates-inician-gira-usa-en-san-francisco-coreados-por-muchos-compatriotas\/\" class=\"eael-post-elements-readmore-btn\">CONOCE SU HISTORIA <\/a><\/div>\n                    <\/div><\/div><\/div>\n        <\/div>\n    <\/article><\/div>\n            <div class=\"clearfix\"><\/div>\n        <\/div>\t\t\t\t<\/div>\n\t\t\t\t\t<\/div>\n\t\t\t\t<\/div>\n\t\t\t\t<\/div>\n\t\t","protected":false},"excerpt":{"rendered":"<p>Himnos latinos de resiliencia, valores e identidad. Canciones que relatan el esfuerzo cotidiano y el triunfo de la multiculturalidad sobre la intolerancia. La migraci\u00f3n desde M\u00e9xico y Centroam\u00e9rica hacia EE.UU. es un viaje de valent\u00eda, dolor y esperanza. Estas historias se convierten en himnos a trav\u00e9s de la m\u00fasica latina, capturando el cruce por M\u00e9xico, [&hellip;]<\/p>\n","protected":false},"author":1,"featured_media":47268,"comment_status":"open","ping_status":"open","sticky":false,"template":"","format":"standard","meta":{"_acf_changed":false,"_eb_attr":"","footnotes":""},"categories":[58],"tags":[],"class_list":["post-46925","post","type-post","status-publish","format-standard","has-post-thumbnail","hentry","category-guate-nuestra"],"acf":[],"aioseo_notices":[],"aioseo_head":"\n\t\t<!-- All in One SEO Pro 4.9.6.2 - aioseo.com -->\n\t<meta name=\"description\" content=\"Guatemaltecos acudieron al concierto de la banda Malacates Trebol Shop, en San Francisco, California, con el cual inician su gira USA 2024. Fechas y recorrido.\" \/>\n\t<meta name=\"robots\" content=\"max-snippet:-1, max-image-preview:large, max-video-preview:-1\" \/>\n\t<meta name=\"author\" content=\"Marysabel Aldana\"\/>\n\t<link rel=\"canonical\" href=\"https:\/\/soymigrante.com\/revista\/malacates-inician-gira-usa-en-san-francisco-coreados-por-muchos-compatriotas\/\" \/>\n\t<meta name=\"generator\" content=\"All in One SEO Pro (AIOSEO) 4.9.6.2\" \/>\n\n\t\t<link rel=\"preconnect\" href=\"https:\/\/fonts.googleapis.com\" crossorigin>\n<link rel=\"preconnect\" href=\"https:\/\/fonts.gstatic.com\" crossorigin>\n\t\t<meta property=\"og:locale\" content=\"es_ES\" \/>\n\t\t<meta property=\"og:site_name\" content=\"SoyMigrante.com REVISTA \u2013 Nuestra misi\u00f3n es reconocer y dignificar al migrante.\" \/>\n\t\t<meta property=\"og:type\" content=\"article\" \/>\n\t\t<meta property=\"og:title\" content=\"Malacates arranca en San Francisco gira por Estados Unidos\" \/>\n\t\t<meta property=\"og:description\" content=\"Guatemaltecos acudieron al concierto de la banda Malacates Trebol Shop, en San Francisco, California, con el cual inician su gira USA 2024. Fechas y recorrido.\" \/>\n\t\t<meta property=\"og:url\" content=\"https:\/\/soymigrante.com\/revista\/malacates-inician-gira-usa-en-san-francisco-coreados-por-muchos-compatriotas\/\" \/>\n\t\t<meta property=\"og:image\" content=\"https:\/\/soymigrante.com\/revista\/wp-content\/uploads\/2024\/07\/malacates-gira-usa-2024-6.webp\" \/>\n\t\t<meta property=\"og:image:secure_url\" content=\"https:\/\/soymigrante.com\/revista\/wp-content\/uploads\/2024\/07\/malacates-gira-usa-2024-6.webp\" \/>\n\t\t<meta property=\"og:image:width\" content=\"495\" \/>\n\t\t<meta property=\"og:image:height\" content=\"495\" \/>\n\t\t<meta property=\"article:published_time\" content=\"2024-07-20T00:07:20+00:00\" \/>\n\t\t<meta property=\"article:modified_time\" content=\"2024-07-26T21:56:25+00:00\" \/>\n\t\t<meta property=\"article:publisher\" content=\"https:\/\/www.facebook.com\/soymigrantecom\" \/>\n\t\t<meta name=\"twitter:card\" content=\"summary_large_image\" \/>\n\t\t<meta name=\"twitter:site\" content=\"@SoyMigrante_com\" \/>\n\t\t<meta name=\"twitter:title\" content=\"Malacates arranca en San Francisco gira por Estados Unidos\" \/>\n\t\t<meta name=\"twitter:description\" content=\"Guatemaltecos acudieron al concierto de la banda Malacates Trebol Shop, en San Francisco, California, con el cual inician su gira USA 2024. Fechas y recorrido.\" \/>\n\t\t<meta name=\"twitter:creator\" content=\"@SoyMigrante_com\" \/>\n\t\t<meta name=\"twitter:image\" content=\"https:\/\/soymigrante.com\/revista\/wp-content\/uploads\/2024\/07\/malacates-gira-usa-2024-6.webp\" \/>\n\t\t<!-- All in One SEO Pro -->\r\n\t\t<title>Malacates arranca en San Francisco gira por Estados Unidos<\/title>\n\n","aioseo_head_json":{"title":"Malacates arranca en San Francisco gira por Estados Unidos","description":"Guatemaltecos acudieron al concierto de la banda Malacates Trebol Shop, en San Francisco, California, con el cual inician su gira USA 2024. Fechas y recorrido.","canonical_url":"https:\/\/soymigrante.com\/revista\/malacates-inician-gira-usa-en-san-francisco-coreados-por-muchos-compatriotas\/","robots":"max-snippet:-1, max-image-preview:large, max-video-preview:-1","keywords":"","webmasterTools":{"miscellaneous":"&lt;link rel=\"preconnect\" href=\"https:\/\/fonts.googleapis.com\" crossorigin&gt;\n&lt;link rel=\"preconnect\" href=\"https:\/\/fonts.gstatic.com\" crossorigin&gt;"},"schema":null,"og:locale":"es_ES","og:site_name":"SoyMigrante.com REVISTA \u2013 Nuestra misi\u00f3n es reconocer y dignificar al migrante.","og:type":"article","og:title":"Malacates arranca en San Francisco gira por Estados Unidos","og:description":"Guatemaltecos acudieron al concierto de la banda Malacates Trebol Shop, en San Francisco, California, con el cual inician su gira USA 2024. Fechas y recorrido.","og:url":"https:\/\/soymigrante.com\/revista\/malacates-inician-gira-usa-en-san-francisco-coreados-por-muchos-compatriotas\/","og:image":"https:\/\/soymigrante.com\/revista\/wp-content\/uploads\/2024\/07\/malacates-gira-usa-2024-6.webp","og:image:secure_url":"https:\/\/soymigrante.com\/revista\/wp-content\/uploads\/2024\/07\/malacates-gira-usa-2024-6.webp","og:image:width":495,"og:image:height":495,"article:published_time":"2024-07-20T00:07:20+00:00","article:modified_time":"2024-07-26T21:56:25+00:00","article:publisher":"https:\/\/www.facebook.com\/soymigrantecom","twitter:card":"summary_large_image","twitter:site":"@SoyMigrante_com","twitter:title":"Malacates arranca en San Francisco gira por Estados Unidos","twitter:description":"Guatemaltecos acudieron al concierto de la banda Malacates Trebol Shop, en San Francisco, California, con el cual inician su gira USA 2024. Fechas y recorrido.","twitter:creator":"@SoyMigrante_com","twitter:image":"https:\/\/soymigrante.com\/revista\/wp-content\/uploads\/2024\/07\/malacates-gira-usa-2024-6.webp"},"aioseo_meta_data":{"post_id":"46925","title":"10 Canciones Que Debes Escuchar Sobre Migrantes-Inmigrantes","description":"Descubre 10 canciones inspiradoras sobre migrantes e inmigrantes que narran el viaje, la esperanza y la fuerza de quienes cruzan fronteras.","keywords":null,"keyphrases":{"focus":{"keyphrase":"canciones","score":74,"analysis":{"keyphraseInTitle":{"score":9,"maxScore":9,"error":0},"keyphraseInDescription":{"score":9,"maxScore":9,"error":0},"keyphraseLength":{"score":9,"maxScore":9,"error":0,"length":1},"keyphraseInURL":{"score":5,"maxScore":5,"error":0},"keyphraseInIntroduction":{"score":3,"maxScore":9,"error":1},"keyphraseInSubHeadings":{"score":3,"maxScore":9,"error":1},"keyphraseInImageAlt":{"score":3,"maxScore":9,"error":1},"keywordDensity":{"type":"best","score":9,"maxScore":9,"error":0}}},"additional":[{"keyphrase":"migrantes","score":67,"analysis":{"keyphraseInDescription":{"score":9,"maxScore":9,"error":0},"keyphraseLength":{"score":9,"maxScore":9,"error":0,"length":1},"keyphraseInIntroduction":{"score":3,"maxScore":9,"error":1},"keyphraseInImageAlt":{"score":9,"maxScore":9,"error":0},"keywordDensity":{"score":0,"type":"low","maxScore":9,"error":1}}},{"keyphrase":"inmigrantes","score":53,"analysis":{"keyphraseInDescription":{"score":9,"maxScore":9,"error":0},"keyphraseLength":{"score":9,"maxScore":9,"error":0,"length":1},"keyphraseInIntroduction":{"score":3,"maxScore":9,"error":1},"keyphraseInImageAlt":{"score":3,"maxScore":9,"error":1},"keywordDensity":{"score":0,"type":"low","maxScore":9,"error":1}}}]},"primary_term":null,"canonical_url":null,"og_title":"#post_title","og_description":null,"og_object_type":"default","og_image_type":"default","og_image_url":null,"og_image_width":null,"og_image_height":null,"og_image_custom_url":null,"og_image_custom_fields":null,"og_video":"","og_custom_url":null,"og_article_section":null,"og_article_tags":null,"twitter_use_og":false,"twitter_card":"default","twitter_image_type":"default","twitter_image_url":null,"twitter_image_custom_url":null,"twitter_image_custom_fields":null,"twitter_title":null,"twitter_description":null,"schema":{"blockGraphs":[],"customGraphs":[],"default":{"data":{"Article":[],"Course":[],"Dataset":[],"FAQPage":[],"Movie":[],"Person":[],"Product":[],"ProductReview":[],"Car":[],"Recipe":[],"Service":[],"SoftwareApplication":[],"WebPage":[]},"graphName":"none","isEnabled":true},"graphs":[]},"schema_type":"default","schema_type_options":null,"pillar_content":false,"robots_default":true,"robots_noindex":false,"robots_noarchive":false,"robots_nosnippet":false,"robots_nofollow":false,"robots_noimageindex":false,"robots_noodp":false,"robots_notranslate":false,"robots_max_snippet":"-1","robots_max_videopreview":"-1","robots_max_imagepreview":"large","priority":null,"frequency":"default","local_seo":null,"seo_analyzer_scan_date":"2025-10-15 13:29:17","breadcrumb_settings":null,"limit_modified_date":false,"reviewed_by":"0","open_ai":null,"ai":{"faqs":[],"keyPoints":[],"titles":[],"descriptions":[],"socialPosts":{"email":[],"linkedin":[],"twitter":[],"facebook":[],"instagram":[]}},"created":"2025-10-08 01:26:25","updated":"2026-02-05 06:27:55"},"aioseo_breadcrumb":"<div class=\"aioseo-breadcrumbs\"><span class=\"aioseo-breadcrumb\">\n\t<a href=\"https:\/\/soymigrante.com\/revista\" title=\"Home\">Home<\/a>\n<\/span><span class=\"aioseo-breadcrumb-separator\">\u00bb<\/span><span class=\"aioseo-breadcrumb\">\n\t<a href=\"https:\/\/soymigrante.com\/revista\/category\/guate-nuestra\/\" title=\"Guate Nuestra\">Guate Nuestra<\/a>\n<\/span><span class=\"aioseo-breadcrumb-separator\">\u00bb<\/span><span class=\"aioseo-breadcrumb\">\n\t10 canciones sobre migrantes \u2013 inmigrantes que debes conocer\n<\/span><\/div>","aioseo_breadcrumb_json":[{"label":"Home","link":"https:\/\/soymigrante.com\/revista"},{"label":"Guate Nuestra","link":"https:\/\/soymigrante.com\/revista\/category\/guate-nuestra\/"},{"label":"10 canciones sobre migrantes &#8211; inmigrantes que debes conocer","link":"https:\/\/soymigrante.com\/revista\/10-canciones-sobre-migrantes-inmigrantes\/"}],"_links":{"self":[{"href":"https:\/\/soymigrante.com\/revista\/wp-json\/wp\/v2\/posts\/46925","targetHints":{"allow":["GET"]}}],"collection":[{"href":"https:\/\/soymigrante.com\/revista\/wp-json\/wp\/v2\/posts"}],"about":[{"href":"https:\/\/soymigrante.com\/revista\/wp-json\/wp\/v2\/types\/post"}],"author":[{"embeddable":true,"href":"https:\/\/soymigrante.com\/revista\/wp-json\/wp\/v2\/users\/1"}],"replies":[{"embeddable":true,"href":"https:\/\/soymigrante.com\/revista\/wp-json\/wp\/v2\/comments?post=46925"}],"version-history":[{"count":38,"href":"https:\/\/soymigrante.com\/revista\/wp-json\/wp\/v2\/posts\/46925\/revisions"}],"predecessor-version":[{"id":47271,"href":"https:\/\/soymigrante.com\/revista\/wp-json\/wp\/v2\/posts\/46925\/revisions\/47271"}],"wp:featuredmedia":[{"embeddable":true,"href":"https:\/\/soymigrante.com\/revista\/wp-json\/wp\/v2\/media\/47268"}],"wp:attachment":[{"href":"https:\/\/soymigrante.com\/revista\/wp-json\/wp\/v2\/media?parent=46925"}],"wp:term":[{"taxonomy":"category","embeddable":true,"href":"https:\/\/soymigrante.com\/revista\/wp-json\/wp\/v2\/categories?post=46925"},{"taxonomy":"post_tag","embeddable":true,"href":"https:\/\/soymigrante.com\/revista\/wp-json\/wp\/v2\/tags?post=46925"}],"curies":[{"name":"wp","href":"https:\/\/api.w.org\/{rel}","templated":true}]}}