{"id":46871,"date":"2025-10-07T17:12:36","date_gmt":"2025-10-07T23:12:36","guid":{"rendered":"https:\/\/soymigrante.com\/revista\/?p=46871"},"modified":"2025-10-07T17:19:13","modified_gmt":"2025-10-07T23:19:13","slug":"temor-a-redadas-en-usa-puede-poner-en-riesgo-a-madres-y-bebes","status":"publish","type":"post","link":"https:\/\/soymigrante.com\/revista\/temor-a-redadas-en-usa-puede-poner-en-riesgo-a-madres-y-bebes\/","title":{"rendered":"Temor a redadas en USA puede poner en riesgo a madres y beb\u00e9s"},"content":{"rendered":"\t\t<div data-elementor-type=\"wp-post\" data-elementor-id=\"46871\" class=\"elementor elementor-46871\" data-elementor-post-type=\"post\">\n\t\t\t\t<div data-particle_enable=\"false\" data-particle-mobile-disabled=\"false\" class=\"elementor-element elementor-element-68be686 e-flex e-con-boxed e-con e-parent\" data-id=\"68be686\" data-element_type=\"container\" data-e-type=\"container\">\n\t\t\t\t\t<div class=\"e-con-inner\">\n\t\t\t\t<div class=\"elementor-element elementor-element-b2cf2f5 elementor-widget elementor-widget-heading\" data-id=\"b2cf2f5\" data-element_type=\"widget\" data-e-type=\"widget\" data-widget_type=\"heading.default\">\n\t\t\t\t\t<h2 class=\"elementor-heading-title elementor-size-default\">Temor a salir a la calle para acudir a citas de control de embarazo es una tendencia creciente en madres migrantes. Este reporte  de 19th. News lo pone de manifiesto. <\/h2>\t\t\t\t<\/div>\n\t\t\t\t\t<\/div>\n\t\t\t\t<\/div>\n\t\t<div data-particle_enable=\"false\" data-particle-mobile-disabled=\"false\" class=\"elementor-element elementor-element-04ff3f7 e-flex e-con-boxed e-con e-parent\" data-id=\"04ff3f7\" data-element_type=\"container\" data-e-type=\"container\">\n\t\t\t\t\t<div class=\"e-con-inner\">\n\t\t\t\t<div class=\"elementor-element elementor-element-d4e66e9 elementor-widget elementor-widget-text-editor\" data-id=\"d4e66e9\" data-element_type=\"widget\" data-e-type=\"widget\" data-widget_type=\"text-editor.default\">\n\t\t\t\t\t\t\t\t\t<p><a href=\"https:\/\/19thnews.org\/2025\/10\/pregnant-immigrants-ice-fears-deportation\/\">Este art\u00edculo de Mel Leonor Barclay y Shefali Luthra, fue publicado en el sitio 19th News. Si deseas ver la versi\u00f3n original en ingl\u00e9s, clic en este link.<\/a><\/p>\t\t\t\t\t\t\t\t<\/div>\n\t\t\t\t\t<\/div>\n\t\t\t\t<\/div>\n\t\t<div data-particle_enable=\"false\" data-particle-mobile-disabled=\"false\" class=\"elementor-element elementor-element-e4dcb3e e-flex e-con-boxed e-con e-parent\" data-id=\"e4dcb3e\" data-element_type=\"container\" data-e-type=\"container\">\n\t\t\t\t\t<div class=\"e-con-inner\">\n\t\t\t\t<div class=\"elementor-element elementor-element-a1d3d10 elementor-widget elementor-widget-text-editor\" data-id=\"a1d3d10\" data-element_type=\"widget\" data-e-type=\"widget\" data-widget_type=\"text-editor.default\">\n\t\t\t\t\t\t\t\t\t<p data-start=\"263\" data-end=\"866\">La intensificaci\u00f3n de operativos antimigrantes\u00a0 y la amenaza constante de deportaci\u00f3n por parte del Servicio de Inmigraci\u00f3n y Control de Aduanas (ICE) han creado un entorno de <a href=\"https:\/\/soymigrante.com\/revista\/el-miedo-en-los-migrantes-puede-modularse-y-transformarse-andre-armas-educador-guatemalteco\/\">miedo<\/a> que afecta la salud de las <a href=\"https:\/\/soymigrante.com\/revista\/la-maternidad-desde-la-cosmovision-maya-ancestral\/\">mujeres embarazadas<\/a> sin estatus legal en ciudades de Estados Unidos.<\/p><p data-start=\"263\" data-end=\"866\">Un n\u00famero creciente de ellas evita acudir a <a href=\"https:\/\/www.mayoclinic.org\/es\/healthy-lifestyle\/pregnancy-week-by-week\/basics\/healthy-pregnancy\/hlv-20049471\">consultas prenatales<\/a> o posnatales, por temor a ser detenidas, lo que puede resultar en complicaciones graves como parto prematuro, bajo peso al nacer o ces\u00e1reas de emergencia. Estudios muestran que la falta de atenci\u00f3n prenatal aumenta significativamente los riesgos de mortalidad y problemas de salud para los beb\u00e9s.<\/p>\t\t\t\t\t\t\t\t<\/div>\n\t\t\t\t\t<\/div>\n\t\t\t\t<\/div>\n\t\t<div data-particle_enable=\"false\" data-particle-mobile-disabled=\"false\" class=\"elementor-element elementor-element-b00fef1 e-flex e-con-boxed e-con e-parent\" data-id=\"b00fef1\" data-element_type=\"container\" data-e-type=\"container\">\n\t\t\t\t\t<div class=\"e-con-inner\">\n\t\t\t\t<div class=\"elementor-element elementor-element-b17b42f elementor-widget elementor-widget-image\" data-id=\"b17b42f\" data-element_type=\"widget\" data-e-type=\"widget\" data-widget_type=\"image.default\">\n\t\t\t\t\t\t\t\t\t\t\t\t<figure class=\"wp-caption\">\n\t\t\t\t\t\t\t\t\t\t\t<a href=\"https:\/\/19thnews.org\/2025\/10\/pregnant-immigrants-ice-fears-deportation\/\">\n\t\t\t\t\t\t\t<img fetchpriority=\"high\" decoding=\"async\" width=\"1140\" height=\"930\" src=\"https:\/\/soymigrante.com\/revista\/wp-content\/uploads\/2025\/10\/Captura-de-pantalla-2025-10-07-170447-1140x930.png\" class=\"attachment-large size-large wp-image-46904\" alt=\"Captura de pantalla de la publicaci\u00f3n original en ingl\u00e9s del sitio informativo The 19th. Para ir a la nota original, clic en la imagen.\" srcset=\"https:\/\/soymigrante.com\/revista\/wp-content\/uploads\/2025\/10\/Captura-de-pantalla-2025-10-07-170447-1140x930.png 1140w, https:\/\/soymigrante.com\/revista\/wp-content\/uploads\/2025\/10\/Captura-de-pantalla-2025-10-07-170447-300x245.png 300w, https:\/\/soymigrante.com\/revista\/wp-content\/uploads\/2025\/10\/Captura-de-pantalla-2025-10-07-170447-768x627.png 768w, https:\/\/soymigrante.com\/revista\/wp-content\/uploads\/2025\/10\/Captura-de-pantalla-2025-10-07-170447-750x612.png 750w, https:\/\/soymigrante.com\/revista\/wp-content\/uploads\/2025\/10\/Captura-de-pantalla-2025-10-07-170447.png 1256w\" sizes=\"(max-width: 1140px) 100vw, 1140px\" title=\"Captura de pantalla de la publicaci\u00f3n original en ingl\u00e9s del sitio informativo The 19th. Para ir a la nota original, clic en la imagen. \u2013 SoyMigrante.com REVISTA\" \/>\t\t\t\t\t\t\t\t<\/a>\n\t\t\t\t\t\t\t\t\t\t\t<figcaption class=\"widget-image-caption wp-caption-text\">Captura de pantalla de la publicaci\u00f3n original en ingl\u00e9s del sitio informativo The 19th. Para ir a la nota original, clic en la imagen.<\/figcaption>\n\t\t\t\t\t\t\t\t\t\t<\/figure>\n\t\t\t\t\t\t\t\t\t<\/div>\n\t\t\t\t\t<\/div>\n\t\t\t\t<\/div>\n\t\t<div data-particle_enable=\"false\" data-particle-mobile-disabled=\"false\" class=\"elementor-element elementor-element-908898e e-flex e-con-boxed e-con e-parent\" data-id=\"908898e\" data-element_type=\"container\" data-e-type=\"container\">\n\t\t\t\t\t<div class=\"e-con-inner\">\n\t\t\t\t<div class=\"elementor-element elementor-element-84e974e elementor-widget elementor-widget-heading\" data-id=\"84e974e\" data-element_type=\"widget\" data-e-type=\"widget\" data-widget_type=\"heading.default\">\n\t\t\t\t\t<h3 class=\"elementor-heading-title elementor-size-default\">Dos casos reales<\/h3>\t\t\t\t<\/div>\n\t\t\t\t\t<\/div>\n\t\t\t\t<\/div>\n\t\t<div data-particle_enable=\"false\" data-particle-mobile-disabled=\"false\" class=\"elementor-element elementor-element-6ac54ee e-flex e-con-boxed e-con e-parent\" data-id=\"6ac54ee\" data-element_type=\"container\" data-e-type=\"container\">\n\t\t\t\t\t<div class=\"e-con-inner\">\n\t\t\t\t<div class=\"elementor-element elementor-element-f490f89 elementor-widget elementor-widget-text-editor\" data-id=\"f490f89\" data-element_type=\"widget\" data-e-type=\"widget\" data-widget_type=\"text-editor.default\">\n\t\t\t\t\t\t\t\t\t<p>Jacqueline, inmigrante<a href=\"https:\/\/soymigrante.com\/revista\/madres-migrantes-guatemaltecas-responden-que-tradiciones-valores-y-elementos-de-identidad-inculca-a-sus-hijos\/\"> guatemalteca<\/a> en Florida (en la fotograf\u00eda de portada de The 19th) est\u00e1 embarazada pero su esposo fue deportado. \u00c9l era el principal proveedor y conductor de la familia. Sin transporte y con recursos limitados, tuvo que depender de una cl\u00ednica sin fines de lucro que le pagaba viajes en Uber para poder asistir a sus controles m\u00e9dicos.\u00a0<\/p><p>Por miedo a ICE, evitaba salir de casa y enfrent\u00f3 dificultades para conseguir lo m\u00e1s b\u00e1sico para el cuidado de su beb\u00e9. Finalmente, dio a luz sola, con ayuda limitada, en un hospital seguro, recuper\u00e1ndose sin la presencia de su esposo.<\/p><p>M\u00f3nica, residente de Tucson, enfrenta ansiedad similar. Aunque mantiene sus citas m\u00e9dicas, vive con miedo constante a encontrarse con ICE en el hospital y ha tomado precauciones para no exponerse, afectando indirectamente la experiencia de su embarazo y la de sus hijos ciudadanos.<\/p>\t\t\t\t\t\t\t\t<\/div>\n\t\t\t\t\t<\/div>\n\t\t\t\t<\/div>\n\t\t<div data-particle_enable=\"false\" data-particle-mobile-disabled=\"false\" class=\"elementor-element elementor-element-f5222f5 e-flex e-con-boxed e-con e-parent\" data-id=\"f5222f5\" data-element_type=\"container\" data-e-type=\"container\">\n\t\t\t\t\t<div class=\"e-con-inner\">\n\t\t\t\t<div class=\"elementor-element elementor-element-716a3f4 elementor-grid-eael-col-1 elementor-grid-tablet-eael-col-2 elementor-grid-mobile-eael-col-1 elementor-widget elementor-widget-eael-post-grid\" data-id=\"716a3f4\" data-element_type=\"widget\" data-e-type=\"widget\" data-settings=\"{&quot;eael_post_grid_columns&quot;:&quot;eael-col-1&quot;,&quot;eael_post_grid_columns_tablet&quot;:&quot;eael-col-2&quot;,&quot;eael_post_grid_columns_mobile&quot;:&quot;eael-col-1&quot;}\" data-widget_type=\"eael-post-grid.default\">\n\t\t\t\t\t<div id=\"eael-post-grid-716a3f4\" class=\"eael-post-grid-container\">\n            <div class=\"eael-post-grid eael-post-appender eael-post-appender-716a3f4 eael-post-grid-style-one\" data-layout-mode=\"masonry\"><article class=\"eael-grid-post  eael-post-grid-column eael-pg-post-6382 category-recursos-migratorios\" data-id=\"6382\">\n        <div class=\"eael-grid-post-holder\">\n            <div class=\"eael-grid-post-holder-inner\"><div class=\"eael-entry-media\"><div class=\"eael-entry-overlay fade-in\"><i class=\"far fa-hand-pointer\" aria-hidden=\"true\"><\/i><a href=\"https:\/\/soymigrante.com\/revista\/derechos-de-los-migrantes-silencio-indocumentados-defensa\/\"><\/a><\/div><div class=\"eael-entry-thumbnail eael-image-ratio\">\n                <img decoding=\"async\" width=\"1024\" height=\"1024\" src=\"https:\/\/soymigrante.com\/revista\/wp-content\/uploads\/2024\/05\/derechos-migrantes-en-estados-unidos-1024x1024.png\" class=\"attachment-large size-large wp-image-49647\" alt=\"obrero industrial hispano para ilustrar tema de derechos migrantes en estados unidos\" srcset=\"https:\/\/soymigrante.com\/revista\/wp-content\/uploads\/2024\/05\/derechos-migrantes-en-estados-unidos-1024x1024.png 1024w, https:\/\/soymigrante.com\/revista\/wp-content\/uploads\/2024\/05\/derechos-migrantes-en-estados-unidos-300x300.png 300w, https:\/\/soymigrante.com\/revista\/wp-content\/uploads\/2024\/05\/derechos-migrantes-en-estados-unidos-150x150.png 150w, https:\/\/soymigrante.com\/revista\/wp-content\/uploads\/2024\/05\/derechos-migrantes-en-estados-unidos-768x768.png 768w, https:\/\/soymigrante.com\/revista\/wp-content\/uploads\/2024\/05\/derechos-migrantes-en-estados-unidos-75x75.png 75w, https:\/\/soymigrante.com\/revista\/wp-content\/uploads\/2024\/05\/derechos-migrantes-en-estados-unidos-750x750.png 750w, https:\/\/soymigrante.com\/revista\/wp-content\/uploads\/2024\/05\/derechos-migrantes-en-estados-unidos.png 1101w\" sizes=\"(max-width: 1024px) 100vw, 1024px\" \/>\n            <\/div>\n        <\/div><div class=\"eael-entry-wrapper\"><header class=\"eael-entry-header\"><h2 class=\"eael-entry-title\"><a class=\"eael-grid-post-link\" href=\"https:\/\/soymigrante.com\/revista\/derechos-de-los-migrantes-silencio-indocumentados-defensa\/\" title=\"Migrante, tienes derechos en EE.UU., incluyendo el silencio: averigua, conoce y comparte\">Migrante, tienes derechos en EE.UU., incluyendo el silencio: averigua, conoce y comparte<\/a><\/h2><\/header><div class=\"eael-entry-content\">\n                        <div class=\"eael-grid-post-excerpt\"><a href=\"https:\/\/soymigrante.com\/revista\/derechos-de-los-migrantes-silencio-indocumentados-defensa\/\" class=\"eael-post-elements-readmore-btn\">CONOCE SU HISTORIA <\/a><\/div>\n                    <\/div><\/div><\/div>\n        <\/div>\n    <\/article><\/div>\n            <div class=\"clearfix\"><\/div>\n        <\/div>\t\t\t\t<\/div>\n\t\t\t\t\t<\/div>\n\t\t\t\t<\/div>\n\t\t<div data-particle_enable=\"false\" data-particle-mobile-disabled=\"false\" class=\"elementor-element elementor-element-0770c79 e-flex e-con-boxed e-con e-parent\" data-id=\"0770c79\" data-element_type=\"container\" data-e-type=\"container\">\n\t\t\t\t\t<div class=\"e-con-inner\">\n\t\t\t\t<div class=\"elementor-element elementor-element-122d0cc elementor-widget elementor-widget-heading\" data-id=\"122d0cc\" data-element_type=\"widget\" data-e-type=\"widget\" data-widget_type=\"heading.default\">\n\t\t\t\t\t<h3 class=\"elementor-heading-title elementor-size-default\">M\u00e9dicos se\u00f1alan riesgos para salud materna<\/h3>\t\t\t\t<\/div>\n\t\t\t\t\t<\/div>\n\t\t\t\t<\/div>\n\t\t<div data-particle_enable=\"false\" data-particle-mobile-disabled=\"false\" class=\"elementor-element elementor-element-7489298 e-flex e-con-boxed e-con e-parent\" data-id=\"7489298\" data-element_type=\"container\" data-e-type=\"container\">\n\t\t\t\t\t<div class=\"e-con-inner\">\n\t\t\t\t<div class=\"elementor-element elementor-element-5045792 elementor-widget elementor-widget-text-editor\" data-id=\"5045792\" data-element_type=\"widget\" data-e-type=\"widget\" data-widget_type=\"text-editor.default\">\n\t\t\t\t\t\t\t\t\t<p>Profesionales de salud, como la Dra. Josie Urbina en San Francisco y la Dra. Rebecca Cohen en Denver, se\u00f1alan que cada vez m\u00e1s pacientes posponen la atenci\u00f3n prenatal, lo que ha llevado a un aumento de emergencias obst\u00e9tricas, complicaciones no detectadas y lamentos maternos por situaciones que podr\u00edan haberse evitado con atenci\u00f3n temprana.\u00a0<\/p><p>Las investigaciones indican que el estr\u00e9s prenatal derivado del miedo a la deportaci\u00f3n tambi\u00e9n contribuye a partos complicados y a desenlaces adversos.<\/p><p>Adem\u00e1s, informes muestran que, a pesar de directivas que limitan la detenci\u00f3n de mujeres embarazadas, el ICE ha continuado con arrestos en distintos estados, aumentando la incertidumbre y el riesgo de las familias inmigrantes.\u00a0<\/p><p>Organizaciones como <a href=\"https:\/\/paradigmdoulas.com\/\">Paradigm Doulas<\/a> y el <a href=\"https:\/\/www.latinainstitute.org\/es\/about\/\">Instituto Nacional de Latinas para la Justicia Reproductiva<\/a> recomiendan a las mujeres embarazadas conocer y llevar consigo las <a href=\"https:\/\/www.imwong.com\/2022\/04\/22\/ice-evitara-arrestar-y-deportar-a-mujeres-embarazadas-y-a-las-madres-lactantes\/\">directivas de protecci\u00f3n<\/a>, adem\u00e1s de planear redes de apoyo ante posibles detenciones.<\/p><p>En conjunto, la combinaci\u00f3n de miedo, falta de transporte y recursos limitados amenaza la salud de miles de mujeres embarazadas y sus beb\u00e9s, mientras los profesionales de la salud y organizaciones comunitarias luchan por garantizar que estas pacientes puedan recibir atenci\u00f3n prenatal y posparto segura.<\/p>\t\t\t\t\t\t\t\t<\/div>\n\t\t\t\t\t<\/div>\n\t\t\t\t<\/div>\n\t\t<div data-particle_enable=\"false\" data-particle-mobile-disabled=\"false\" class=\"elementor-element elementor-element-f1350e2 e-flex e-con-boxed e-con e-parent\" data-id=\"f1350e2\" data-element_type=\"container\" data-e-type=\"container\">\n\t\t\t\t\t<div class=\"e-con-inner\">\n\t\t\t\t<div class=\"elementor-element elementor-element-ed43774 elementor-widget elementor-widget-heading\" data-id=\"ed43774\" data-element_type=\"widget\" data-e-type=\"widget\" data-widget_type=\"heading.default\">\n\t\t\t\t\t<h2 class=\"elementor-heading-title elementor-size-default\">M\u00e1s sobre derechos migratorios<\/h2>\t\t\t\t<\/div>\n\t\t\t\t\t<\/div>\n\t\t\t\t<\/div>\n\t\t<div data-particle_enable=\"false\" data-particle-mobile-disabled=\"false\" class=\"elementor-element elementor-element-3e50950 e-flex e-con-boxed e-con e-parent\" data-id=\"3e50950\" data-element_type=\"container\" data-e-type=\"container\">\n\t\t\t\t\t<div class=\"e-con-inner\">\n\t\t\t\t<div class=\"elementor-element elementor-element-7bb7ef9 elementor-grid-eael-col-3 elementor-grid-tablet-eael-col-2 elementor-grid-mobile-eael-col-1 elementor-widget elementor-widget-eael-post-grid\" data-id=\"7bb7ef9\" data-element_type=\"widget\" data-e-type=\"widget\" data-settings=\"{&quot;eael_post_grid_columns&quot;:&quot;eael-col-3&quot;,&quot;eael_post_grid_columns_tablet&quot;:&quot;eael-col-2&quot;,&quot;eael_post_grid_columns_mobile&quot;:&quot;eael-col-1&quot;}\" data-widget_type=\"eael-post-grid.default\">\n\t\t\t\t\t<div id=\"eael-post-grid-7bb7ef9\" class=\"eael-post-grid-container\">\n            <div class=\"eael-post-grid eael-post-appender eael-post-appender-7bb7ef9 eael-post-grid-style-one\" data-layout-mode=\"masonry\"><article class=\"eael-grid-post  eael-post-grid-column eael-pg-post-13185 category-bienestar\" data-id=\"13185\">\n        <div class=\"eael-grid-post-holder\">\n            <div class=\"eael-grid-post-holder-inner\"><div class=\"eael-entry-media\"><div class=\"eael-entry-overlay fade-in\"><i class=\"far fa-hand-pointer\" aria-hidden=\"true\"><\/i><a href=\"https:\/\/soymigrante.com\/revista\/no-caigas-en-las-estafas-migratorias-consejos-para-un-tramite-seguro\/\"><\/a><\/div><div class=\"eael-entry-thumbnail eael-image-ratio\">\n                <img decoding=\"async\" width=\"1024\" height=\"1022\" src=\"https:\/\/soymigrante.com\/revista\/wp-content\/uploads\/2024\/11\/estafas-scaled-e1732627840790-1024x1022.webp\" class=\"attachment-large size-large wp-image-13193\" alt=\"Amenaza de ciberataque, escaneo de vulnerabilidades, seguridad inform\u00e1tica, ciberseguridad, protecci\u00f3n de datos, amenazas digitales, revisi\u00f3n de seguridad digital, comprobaci\u00f3n de brechas en sistemas.\" srcset=\"https:\/\/soymigrante.com\/revista\/wp-content\/uploads\/2024\/11\/estafas-scaled-e1732627840790-1024x1022.webp 1024w, https:\/\/soymigrante.com\/revista\/wp-content\/uploads\/2024\/11\/estafas-scaled-e1732627840790-300x300.webp 300w, https:\/\/soymigrante.com\/revista\/wp-content\/uploads\/2024\/11\/estafas-scaled-e1732627840790-150x150.webp 150w, https:\/\/soymigrante.com\/revista\/wp-content\/uploads\/2024\/11\/estafas-scaled-e1732627840790-768x766.webp 768w, https:\/\/soymigrante.com\/revista\/wp-content\/uploads\/2024\/11\/estafas-scaled-e1732627840790-75x75.webp 75w, https:\/\/soymigrante.com\/revista\/wp-content\/uploads\/2024\/11\/estafas-scaled-e1732627840790-750x748.webp 750w, https:\/\/soymigrante.com\/revista\/wp-content\/uploads\/2024\/11\/estafas-scaled-e1732627840790-1140x1137.webp 1140w, https:\/\/soymigrante.com\/revista\/wp-content\/uploads\/2024\/11\/estafas-scaled-e1732627840790.webp 1280w\" sizes=\"(max-width: 1024px) 100vw, 1024px\" \/>\n            <\/div>\n        <\/div><div class=\"eael-entry-wrapper\"><header class=\"eael-entry-header\"><h2 class=\"eael-entry-title\"><a class=\"eael-grid-post-link\" href=\"https:\/\/soymigrante.com\/revista\/no-caigas-en-las-estafas-migratorias-consejos-para-un-tramite-seguro\/\" title=\"No caigas en las estafas migratorias: consejos para un tr\u00e1mite seguro\">No caigas en las estafas migratorias: consejos para un tr\u00e1mite seguro<\/a><\/h2><\/header><div class=\"eael-entry-content\">\n                        <div class=\"eael-grid-post-excerpt\"><a href=\"https:\/\/soymigrante.com\/revista\/no-caigas-en-las-estafas-migratorias-consejos-para-un-tramite-seguro\/\" class=\"eael-post-elements-readmore-btn\">CONOCE SU HISTORIA <\/a><\/div>\n                    <\/div><\/div><\/div>\n        <\/div>\n    <\/article><article class=\"eael-grid-post  eael-post-grid-column eael-pg-post-16944 category-recursos-migratorios\" data-id=\"16944\">\n        <div class=\"eael-grid-post-holder\">\n            <div class=\"eael-grid-post-holder-inner\"><div class=\"eael-entry-media\"><div class=\"eael-entry-overlay fade-in\"><i class=\"far fa-hand-pointer\" aria-hidden=\"true\"><\/i><a href=\"https:\/\/soymigrante.com\/revista\/todo-migrante-tiene-derechos-la-union-americana-de-libertades-civiles-recomienda\/\"><\/a><\/div><div class=\"eael-entry-thumbnail eael-image-ratio\">\n                <img loading=\"lazy\" decoding=\"async\" width=\"1024\" height=\"1024\" src=\"https:\/\/soymigrante.com\/revista\/wp-content\/uploads\/2024\/12\/migrantes-ruta-1-1024x1024.jpg\" class=\"attachment-large size-large wp-image-17020\" alt=\"Camino con peatones en carretera lluviosa, se\u00f1al de obra vial y l\u00edmite de velocidad de 30 km\/h, en un entorno natural y monta\u00f1oso, en la publicaci\u00f3n de SoyMigrante.com REVISTA.\" srcset=\"https:\/\/soymigrante.com\/revista\/wp-content\/uploads\/2024\/12\/migrantes-ruta-1-1024x1024.jpg 1024w, https:\/\/soymigrante.com\/revista\/wp-content\/uploads\/2024\/12\/migrantes-ruta-1-300x300.jpg 300w, https:\/\/soymigrante.com\/revista\/wp-content\/uploads\/2024\/12\/migrantes-ruta-1-150x150.jpg 150w, https:\/\/soymigrante.com\/revista\/wp-content\/uploads\/2024\/12\/migrantes-ruta-1-768x768.jpg 768w, https:\/\/soymigrante.com\/revista\/wp-content\/uploads\/2024\/12\/migrantes-ruta-1-1536x1536.jpg 1536w, https:\/\/soymigrante.com\/revista\/wp-content\/uploads\/2024\/12\/migrantes-ruta-1-2048x2048.jpg 2048w, https:\/\/soymigrante.com\/revista\/wp-content\/uploads\/2024\/12\/migrantes-ruta-1-75x75.webp 75w, https:\/\/soymigrante.com\/revista\/wp-content\/uploads\/2024\/12\/migrantes-ruta-1-750x750.webp 750w, https:\/\/soymigrante.com\/revista\/wp-content\/uploads\/2024\/12\/migrantes-ruta-1-1140x1140.webp 1140w, https:\/\/soymigrante.com\/revista\/wp-content\/uploads\/2024\/12\/migrantes-ruta-1-scaled.webp 1920w\" sizes=\"(max-width: 1024px) 100vw, 1024px\" \/>\n            <\/div>\n        <\/div><div class=\"eael-entry-wrapper\"><header class=\"eael-entry-header\"><h2 class=\"eael-entry-title\"><a class=\"eael-grid-post-link\" href=\"https:\/\/soymigrante.com\/revista\/todo-migrante-tiene-derechos-la-union-americana-de-libertades-civiles-recomienda\/\" title=\"Todo migrante tiene derechos: la Uni\u00f3n Americana de Libertades Civiles recomienda&#8230;\">Todo migrante tiene derechos: la Uni\u00f3n Americana de Libertades Civiles recomienda&#8230;<\/a><\/h2><\/header><div class=\"eael-entry-content\">\n                        <div class=\"eael-grid-post-excerpt\"><a href=\"https:\/\/soymigrante.com\/revista\/todo-migrante-tiene-derechos-la-union-americana-de-libertades-civiles-recomienda\/\" class=\"eael-post-elements-readmore-btn\">CONOCE SU HISTORIA <\/a><\/div>\n                    <\/div><\/div><\/div>\n        <\/div>\n    <\/article><article class=\"eael-grid-post  eael-post-grid-column eael-pg-post-18199 category-recursos-migratorios tags-preguntas-y-respuestas\" data-id=\"18199\">\n        <div class=\"eael-grid-post-holder\">\n            <div class=\"eael-grid-post-holder-inner\"><div class=\"eael-entry-media\"><div class=\"eael-entry-overlay fade-in\"><i class=\"far fa-hand-pointer\" aria-hidden=\"true\"><\/i><a href=\"https:\/\/soymigrante.com\/revista\/preguntas-y-respuestas-que-es-el-derecho-a-la-ciudadania-por-nacimiento-en-ee-uu\/\"><\/a><\/div><div class=\"eael-entry-thumbnail eael-image-ratio\">\n                <img loading=\"lazy\" decoding=\"async\" width=\"764\" height=\"764\" src=\"https:\/\/soymigrante.com\/revista\/wp-content\/uploads\/2024\/12\/ciudadania-por-nacimiento-US-1.webp\" class=\"attachment-large size-large wp-image-18203\" alt=\"Diversi\u00f3n infantil en un parque con bandera de Estados Unidos al fondo. Ni\u00f1os sonriendo y jugando en un ambiente alegre y multicultural.\" srcset=\"https:\/\/soymigrante.com\/revista\/wp-content\/uploads\/2024\/12\/ciudadania-por-nacimiento-US-1.webp 764w, https:\/\/soymigrante.com\/revista\/wp-content\/uploads\/2024\/12\/ciudadania-por-nacimiento-US-1-300x300.jpg 300w, https:\/\/soymigrante.com\/revista\/wp-content\/uploads\/2024\/12\/ciudadania-por-nacimiento-US-1-150x150.jpg 150w, https:\/\/soymigrante.com\/revista\/wp-content\/uploads\/2024\/12\/ciudadania-por-nacimiento-US-1-75x75.webp 75w, https:\/\/soymigrante.com\/revista\/wp-content\/uploads\/2024\/12\/ciudadania-por-nacimiento-US-1-750x750.webp 750w\" sizes=\"(max-width: 764px) 100vw, 764px\" \/>\n            <\/div>\n        <\/div><div class=\"eael-entry-wrapper\"><header class=\"eael-entry-header\"><h2 class=\"eael-entry-title\"><a class=\"eael-grid-post-link\" href=\"https:\/\/soymigrante.com\/revista\/preguntas-y-respuestas-que-es-el-derecho-a-la-ciudadania-por-nacimiento-en-ee-uu\/\" title=\"Preguntas y respuestas: \u00bfQu\u00e9 es el derecho a la ciudadan\u00eda por nacimiento en EE.UU?\">Preguntas y respuestas: \u00bfQu\u00e9 es el derecho a la ciudadan\u00eda por nacimiento en EE.UU?<\/a><\/h2><\/header><div class=\"eael-entry-content\">\n                        <div class=\"eael-grid-post-excerpt\"><a href=\"https:\/\/soymigrante.com\/revista\/preguntas-y-respuestas-que-es-el-derecho-a-la-ciudadania-por-nacimiento-en-ee-uu\/\" class=\"eael-post-elements-readmore-btn\">CONOCE SU HISTORIA <\/a><\/div>\n                    <\/div><\/div><\/div>\n        <\/div>\n    <\/article><\/div>\n            <div class=\"clearfix\"><\/div>\n        <\/div>\t\t\t\t<\/div>\n\t\t\t\t\t<\/div>\n\t\t\t\t<\/div>\n\t\t\t\t<\/div>\n\t\t","protected":false},"excerpt":{"rendered":"<p>Temor a salir a la calle para acudir a citas de control de embarazo es una tendencia creciente en madres migrantes. Este reporte de 19th. News lo pone de manifiesto. Este art\u00edculo de Mel Leonor Barclay y Shefali Luthra, fue publicado en el sitio 19th News. Si deseas ver la versi\u00f3n original en ingl\u00e9s, clic [&hellip;]<\/p>\n","protected":false},"author":7,"featured_media":46891,"comment_status":"open","ping_status":"open","sticky":false,"template":"","format":"standard","meta":{"_acf_changed":false,"_eb_attr":"","footnotes":""},"categories":[280],"tags":[],"class_list":["post-46871","post","type-post","status-publish","format-standard","has-post-thumbnail","hentry","category-noticias"],"acf":[],"aioseo_notices":[],"aioseo_head":"\n\t\t<!-- All in One SEO Pro 4.9.6.2 - aioseo.com -->\n\t<meta name=\"description\" content=\"\u00bfToda persona que nace en USA tiene el derecho a la ciudadan\u00eda aunque sus padres sean indocumentados? \u00bfEn qu\u00e9 se basa este derecho? Preguntas y respuestas\" \/>\n\t<meta name=\"robots\" content=\"max-snippet:-1, max-image-preview:large, max-video-preview:-1\" \/>\n\t<meta name=\"author\" content=\"Gustavo Montenegro\"\/>\n\t<link rel=\"canonical\" href=\"https:\/\/soymigrante.com\/revista\/preguntas-y-respuestas-que-es-el-derecho-a-la-ciudadania-por-nacimiento-en-ee-uu\/\" \/>\n\t<meta name=\"generator\" content=\"All in One SEO Pro (AIOSEO) 4.9.6.2\" \/>\n\n\t\t<link rel=\"preconnect\" href=\"https:\/\/fonts.googleapis.com\" crossorigin>\n<link rel=\"preconnect\" href=\"https:\/\/fonts.gstatic.com\" crossorigin>\n\t\t<meta property=\"og:locale\" content=\"es_ES\" \/>\n\t\t<meta property=\"og:site_name\" content=\"SoyMigrante.com REVISTA \u2013 Nuestra misi\u00f3n es reconocer y dignificar al migrante.\" \/>\n\t\t<meta property=\"og:type\" content=\"article\" \/>\n\t\t<meta property=\"og:title\" content=\"Q&amp;A \u00bfQu\u00e9 es el derecho a la ciudadan\u00eda en USA por nacimiento?\" \/>\n\t\t<meta property=\"og:description\" content=\"\u00bfToda persona que nace en USA tiene el derecho a la ciudadan\u00eda aunque sus padres sean indocumentados? \u00bfEn qu\u00e9 se basa este derecho? Preguntas y respuestas\" \/>\n\t\t<meta property=\"og:url\" content=\"https:\/\/soymigrante.com\/revista\/preguntas-y-respuestas-que-es-el-derecho-a-la-ciudadania-por-nacimiento-en-ee-uu\/\" \/>\n\t\t<meta property=\"og:image\" content=\"https:\/\/soymigrante.com\/revista\/wp-content\/uploads\/2024\/12\/ciudadania-por-nacimiento-US-1.webp\" \/>\n\t\t<meta property=\"og:image:secure_url\" content=\"https:\/\/soymigrante.com\/revista\/wp-content\/uploads\/2024\/12\/ciudadania-por-nacimiento-US-1.webp\" \/>\n\t\t<meta property=\"og:image:width\" content=\"764\" \/>\n\t\t<meta property=\"og:image:height\" content=\"764\" \/>\n\t\t<meta property=\"article:published_time\" content=\"2024-12-27T15:05:50+00:00\" \/>\n\t\t<meta property=\"article:modified_time\" content=\"2024-12-30T16:25:57+00:00\" \/>\n\t\t<meta property=\"article:publisher\" content=\"https:\/\/www.facebook.com\/soymigrantecom\" \/>\n\t\t<meta name=\"twitter:card\" content=\"summary_large_image\" \/>\n\t\t<meta name=\"twitter:site\" content=\"@SoyMigrante_com\" \/>\n\t\t<meta name=\"twitter:title\" content=\"Q&amp;A \u00bfQu\u00e9 es el derecho a la ciudadan\u00eda en USA por nacimiento?\" \/>\n\t\t<meta name=\"twitter:description\" content=\"\u00bfToda persona que nace en USA tiene el derecho a la ciudadan\u00eda aunque sus padres sean indocumentados? \u00bfEn qu\u00e9 se basa este derecho? Preguntas y respuestas\" \/>\n\t\t<meta name=\"twitter:creator\" content=\"@SoyMigrante_com\" \/>\n\t\t<meta name=\"twitter:image\" content=\"https:\/\/soymigrante.com\/revista\/wp-content\/uploads\/2024\/12\/ciudadania-por-nacimiento-US-1.webp\" \/>\n\t\t<!-- All in One SEO Pro -->\r\n\t\t<title>Q&amp;A \u00bfQu\u00e9 es el derecho a la ciudadan\u00eda en USA por nacimiento?<\/title>\n\n","aioseo_head_json":{"title":"Q&A \u00bfQu\u00e9 es el derecho a la ciudadan\u00eda en USA por nacimiento?","description":"\u00bfToda persona que nace en USA tiene el derecho a la ciudadan\u00eda aunque sus padres sean indocumentados? \u00bfEn qu\u00e9 se basa este derecho? Preguntas y respuestas","canonical_url":"https:\/\/soymigrante.com\/revista\/preguntas-y-respuestas-que-es-el-derecho-a-la-ciudadania-por-nacimiento-en-ee-uu\/","robots":"max-snippet:-1, max-image-preview:large, max-video-preview:-1","keywords":"","webmasterTools":{"miscellaneous":"&lt;link rel=\"preconnect\" href=\"https:\/\/fonts.googleapis.com\" crossorigin&gt;\n&lt;link rel=\"preconnect\" href=\"https:\/\/fonts.gstatic.com\" crossorigin&gt;"},"schema":null,"og:locale":"es_ES","og:site_name":"SoyMigrante.com REVISTA \u2013 Nuestra misi\u00f3n es reconocer y dignificar al migrante.","og:type":"article","og:title":"Q&amp;A \u00bfQu\u00e9 es el derecho a la ciudadan\u00eda en USA por nacimiento?","og:description":"\u00bfToda persona que nace en USA tiene el derecho a la ciudadan\u00eda aunque sus padres sean indocumentados? \u00bfEn qu\u00e9 se basa este derecho? Preguntas y respuestas","og:url":"https:\/\/soymigrante.com\/revista\/preguntas-y-respuestas-que-es-el-derecho-a-la-ciudadania-por-nacimiento-en-ee-uu\/","og:image":"https:\/\/soymigrante.com\/revista\/wp-content\/uploads\/2024\/12\/ciudadania-por-nacimiento-US-1.webp","og:image:secure_url":"https:\/\/soymigrante.com\/revista\/wp-content\/uploads\/2024\/12\/ciudadania-por-nacimiento-US-1.webp","og:image:width":764,"og:image:height":764,"article:published_time":"2024-12-27T15:05:50+00:00","article:modified_time":"2024-12-30T16:25:57+00:00","article:publisher":"https:\/\/www.facebook.com\/soymigrantecom","twitter:card":"summary_large_image","twitter:site":"@SoyMigrante_com","twitter:title":"Q&amp;A \u00bfQu\u00e9 es el derecho a la ciudadan\u00eda en USA por nacimiento?","twitter:description":"\u00bfToda persona que nace en USA tiene el derecho a la ciudadan\u00eda aunque sus padres sean indocumentados? \u00bfEn qu\u00e9 se basa este derecho? Preguntas y respuestas","twitter:creator":"@SoyMigrante_com","twitter:image":"https:\/\/soymigrante.com\/revista\/wp-content\/uploads\/2024\/12\/ciudadania-por-nacimiento-US-1.webp"},"aioseo_meta_data":{"post_id":"46871","title":null,"description":"Reporte de 19th News presenta testimonios del riesgo que implica el temor de madres a salir a la calle para acudir a consultas de control de embarazo.","keywords":null,"keyphrases":{"focus":{"keyphrase":"Madres","score":100,"analysis":{"keyphraseInTitle":{"score":9,"maxScore":9,"error":0},"keyphraseInDescription":{"score":9,"maxScore":9,"error":0},"keyphraseLength":{"score":9,"maxScore":9,"error":0,"length":1},"keyphraseInURL":{"score":5,"maxScore":5,"error":0}}},"additional":[{"keyphrase":"Beb\u00e9s","score":67,"analysis":{"keyphraseInDescription":{"score":3,"maxScore":9,"error":1},"keyphraseLength":{"score":9,"maxScore":9,"error":0,"length":2}}}]},"primary_term":null,"canonical_url":null,"og_title":null,"og_description":null,"og_object_type":"default","og_image_type":"default","og_image_url":null,"og_image_width":null,"og_image_height":null,"og_image_custom_url":null,"og_image_custom_fields":null,"og_video":"","og_custom_url":null,"og_article_section":null,"og_article_tags":null,"twitter_use_og":false,"twitter_card":"default","twitter_image_type":"default","twitter_image_url":null,"twitter_image_custom_url":null,"twitter_image_custom_fields":null,"twitter_title":null,"twitter_description":null,"schema":{"blockGraphs":[],"customGraphs":[],"default":{"data":{"Article":[],"Course":[],"Dataset":[],"FAQPage":[],"Movie":[],"Person":[],"Product":[],"ProductReview":[],"Car":[],"Recipe":[],"Service":[],"SoftwareApplication":[],"WebPage":[]},"graphName":"none","isEnabled":true},"graphs":[]},"schema_type":"default","schema_type_options":null,"pillar_content":false,"robots_default":true,"robots_noindex":false,"robots_noarchive":false,"robots_nosnippet":false,"robots_nofollow":false,"robots_noimageindex":false,"robots_noodp":false,"robots_notranslate":false,"robots_max_snippet":"-1","robots_max_videopreview":"-1","robots_max_imagepreview":"large","priority":null,"frequency":"default","local_seo":null,"seo_analyzer_scan_date":"2025-10-09 09:07:39","breadcrumb_settings":null,"limit_modified_date":false,"reviewed_by":"0","open_ai":null,"ai":{"faqs":[],"keyPoints":[],"titles":[],"descriptions":[],"socialPosts":{"email":[],"linkedin":[],"twitter":[],"facebook":[],"instagram":[]}},"created":"2025-10-07 18:42:10","updated":"2026-02-05 06:27:54"},"aioseo_breadcrumb":"<div class=\"aioseo-breadcrumbs\"><span class=\"aioseo-breadcrumb\">\n\t<a href=\"https:\/\/soymigrante.com\/revista\" title=\"Home\">Home<\/a>\n<\/span><span class=\"aioseo-breadcrumb-separator\">\u00bb<\/span><span class=\"aioseo-breadcrumb\">\n\t<a href=\"https:\/\/soymigrante.com\/revista\/category\/noticias\/\" title=\"Noticias\">Noticias<\/a>\n<\/span><span class=\"aioseo-breadcrumb-separator\">\u00bb<\/span><span class=\"aioseo-breadcrumb\">\n\tTemor a redadas en USA puede poner en riesgo a madres y beb\u00e9s\n<\/span><\/div>","aioseo_breadcrumb_json":[{"label":"Home","link":"https:\/\/soymigrante.com\/revista"},{"label":"Noticias","link":"https:\/\/soymigrante.com\/revista\/category\/noticias\/"},{"label":"Temor a redadas en USA puede poner en riesgo a madres y beb\u00e9s","link":"https:\/\/soymigrante.com\/revista\/temor-a-redadas-en-usa-puede-poner-en-riesgo-a-madres-y-bebes\/"}],"_links":{"self":[{"href":"https:\/\/soymigrante.com\/revista\/wp-json\/wp\/v2\/posts\/46871","targetHints":{"allow":["GET"]}}],"collection":[{"href":"https:\/\/soymigrante.com\/revista\/wp-json\/wp\/v2\/posts"}],"about":[{"href":"https:\/\/soymigrante.com\/revista\/wp-json\/wp\/v2\/types\/post"}],"author":[{"embeddable":true,"href":"https:\/\/soymigrante.com\/revista\/wp-json\/wp\/v2\/users\/7"}],"replies":[{"embeddable":true,"href":"https:\/\/soymigrante.com\/revista\/wp-json\/wp\/v2\/comments?post=46871"}],"version-history":[{"count":9,"href":"https:\/\/soymigrante.com\/revista\/wp-json\/wp\/v2\/posts\/46871\/revisions"}],"predecessor-version":[{"id":46907,"href":"https:\/\/soymigrante.com\/revista\/wp-json\/wp\/v2\/posts\/46871\/revisions\/46907"}],"wp:featuredmedia":[{"embeddable":true,"href":"https:\/\/soymigrante.com\/revista\/wp-json\/wp\/v2\/media\/46891"}],"wp:attachment":[{"href":"https:\/\/soymigrante.com\/revista\/wp-json\/wp\/v2\/media?parent=46871"}],"wp:term":[{"taxonomy":"category","embeddable":true,"href":"https:\/\/soymigrante.com\/revista\/wp-json\/wp\/v2\/categories?post=46871"},{"taxonomy":"post_tag","embeddable":true,"href":"https:\/\/soymigrante.com\/revista\/wp-json\/wp\/v2\/tags?post=46871"}],"curies":[{"name":"wp","href":"https:\/\/api.w.org\/{rel}","templated":true}]}}