{"id":46859,"date":"2025-11-29T07:34:32","date_gmt":"2025-11-29T13:34:32","guid":{"rendered":"https:\/\/soymigrante.com\/revista\/?p=46859"},"modified":"2025-11-29T07:34:38","modified_gmt":"2025-11-29T13:34:38","slug":"10-motivos-para-preferir-cafe-guatemalteco-de-productores-locales-que-estan-en-mercado","status":"publish","type":"post","link":"https:\/\/soymigrante.com\/revista\/10-motivos-para-preferir-cafe-guatemalteco-de-productores-locales-que-estan-en-mercado\/","title":{"rendered":"10 motivos para preferir caf\u00e9 guatemalteco de productores locales que est\u00e1n en MERCADO"},"content":{"rendered":"\t\t<div data-elementor-type=\"wp-post\" data-elementor-id=\"46859\" class=\"elementor elementor-46859\" data-elementor-post-type=\"post\">\n\t\t\t\t<div data-particle_enable=\"false\" data-particle-mobile-disabled=\"false\" class=\"elementor-element elementor-element-2d75c00 e-flex e-con-boxed e-con e-parent\" data-id=\"2d75c00\" data-element_type=\"container\" data-e-type=\"container\">\n\t\t\t\t\t<div class=\"e-con-inner\">\n\t\t\t\t<div class=\"elementor-element elementor-element-8b84295 elementor-widget elementor-widget-heading\" data-id=\"8b84295\" data-element_type=\"widget\" data-e-type=\"widget\" data-widget_type=\"heading.default\">\n\t\t\t\t\t<h2 class=\"elementor-heading-title elementor-size-default\">Apoya a los peque\u00f1os caficultores locales y artesanales: libras de exquisito  sabor e inspiraci\u00f3n pueden llegar a la puerta de tu casa a trav\u00e9s de MERCADO. Y estos son algunos motivos m\u00e1s para preferirlos.<\/h2>\t\t\t\t<\/div>\n\t\t\t\t\t<\/div>\n\t\t\t\t<\/div>\n\t\t<div data-particle_enable=\"false\" data-particle-mobile-disabled=\"false\" class=\"elementor-element elementor-element-f1392c9 e-flex e-con-boxed e-con e-parent\" data-id=\"f1392c9\" data-element_type=\"container\" data-e-type=\"container\">\n\t\t\t\t\t<div class=\"e-con-inner\">\n\t\t\t\t<div class=\"elementor-element elementor-element-7673a44 elementor-widget elementor-widget-text-editor\" data-id=\"7673a44\" data-element_type=\"widget\" data-e-type=\"widget\" data-widget_type=\"text-editor.default\">\n\t\t\t\t\t\t\t\t\t<p>En cada taza de caf\u00e9 guatemalteco hay m\u00e1s que aroma y sabor: hay historia, tradici\u00f3n y esfuerzo de miles de familias que cultivan, procesan y tuestan con esmero granos cosechados en monta\u00f1as de varias regiones del pa\u00eds.\u00a0<\/p><p>Apostar por el caf\u00e9 de productores y emprendedores locales\u00a0 deleita el paladar: pero tambi\u00e9n hay otros motivos poderosos para preferir su producto. Y a trav\u00e9s de <a href=\"https:\/\/soymigrante.com\/mercado\/cafe\">SoyMigrante.com MERCADO te llega a la puerta de tu casa.<\/a>\u00a0 Elige y disfruta!<\/p><h3>1. Apoyo directo a las familias productoras.<\/h3><p>Cada compra fortalece la econom\u00eda de comunidades rurales y mejora los ingresos de los <a href=\"https:\/\/soymigrante.com\/revista\/cafe-pineda-cultivado-en-las-montanas-de-santa-rosa-por-4-generaciones\/\">caficultores<\/a> que dependen de este cultivo para vivir dignamente.<\/p><h3>2. Frescura artesanal incomparable<\/h3><p>El caf\u00e9 local suele tostarse en peque\u00f1os lotes, lo que asegura granos reci\u00e9n procesados y sabores m\u00e1s intensos y aut\u00e9nticos.<\/p><h3>3. Menor huella ambiental.<\/h3><p>La mayor\u00eda de cultivos artesanales utilizan <a href=\"https:\/\/soymigrante.com\/revista\/cafe-clarita-tradicion-y-sabor-desde-alta-verapaz\/\">m\u00e9todos org\u00e1nicos<\/a> de fertilizaci\u00f3n y se reduce la huella de carbono en su procesamiento.<\/p>\t\t\t\t\t\t\t\t<\/div>\n\t\t\t\t\t<\/div>\n\t\t\t\t<\/div>\n\t\t<div data-particle_enable=\"false\" data-particle-mobile-disabled=\"false\" class=\"elementor-element elementor-element-57c726d e-flex e-con-boxed e-con e-parent\" data-id=\"57c726d\" data-element_type=\"container\" data-e-type=\"container\">\n\t\t\t\t\t<div class=\"e-con-inner\">\n\t\t\t\t<div class=\"elementor-element elementor-element-7f997c9 elementor-grid-eael-col-1 elementor-grid-tablet-eael-col-2 elementor-grid-mobile-eael-col-1 elementor-widget elementor-widget-eael-post-grid\" data-id=\"7f997c9\" data-element_type=\"widget\" data-e-type=\"widget\" data-settings=\"{&quot;eael_post_grid_columns&quot;:&quot;eael-col-1&quot;,&quot;eael_post_grid_columns_tablet&quot;:&quot;eael-col-2&quot;,&quot;eael_post_grid_columns_mobile&quot;:&quot;eael-col-1&quot;}\" data-widget_type=\"eael-post-grid.default\">\n\t\t\t\t\t<div id=\"eael-post-grid-7f997c9\" class=\"eael-post-grid-container\">\n            <div class=\"eael-post-grid eael-post-appender eael-post-appender-7f997c9 eael-post-grid-style-one\" data-layout-mode=\"masonry\"><article class=\"eael-grid-post  eael-post-grid-column eael-pg-post-15968 category-guate-nuestra\" data-id=\"15968\">\n        <div class=\"eael-grid-post-holder\">\n            <div class=\"eael-grid-post-holder-inner\"><div class=\"eael-entry-media\"><div class=\"eael-entry-overlay fade-in\"><i class=\"far fa-hand-pointer\" aria-hidden=\"true\"><\/i><a href=\"https:\/\/soymigrante.com\/revista\/cafe-de-guatemala-y-sus-10-regiones-de-cultivo-cada-una-con-sabor-y-aroma-propio\/\"><\/a><\/div><div class=\"eael-entry-thumbnail eael-image-ratio\">\n                <img fetchpriority=\"high\" decoding=\"async\" width=\"1024\" height=\"1024\" src=\"https:\/\/soymigrante.com\/revista\/wp-content\/uploads\/2024\/12\/Cafe\u0301-de-Guatemala-scaled-e1733862410674-1024x1024.jpg\" class=\"attachment-large size-large wp-image-15969\" alt=\"Los 10 caf\u00e9s y sus regiones m\u00e1s destacados de Guatemala\" srcset=\"https:\/\/soymigrante.com\/revista\/wp-content\/uploads\/2024\/12\/Cafe\u0301-de-Guatemala-scaled-e1733862410674-1024x1024.jpg 1024w, https:\/\/soymigrante.com\/revista\/wp-content\/uploads\/2024\/12\/Cafe\u0301-de-Guatemala-scaled-e1733862410674-300x300.jpg 300w, https:\/\/soymigrante.com\/revista\/wp-content\/uploads\/2024\/12\/Cafe\u0301-de-Guatemala-scaled-e1733862410674-150x150.jpg 150w, https:\/\/soymigrante.com\/revista\/wp-content\/uploads\/2024\/12\/Cafe\u0301-de-Guatemala-scaled-e1733862410674-768x768.jpg 768w, https:\/\/soymigrante.com\/revista\/wp-content\/uploads\/2024\/12\/Cafe\u0301-de-Guatemala-scaled-e1733862410674-1536x1536.jpg 1536w, https:\/\/soymigrante.com\/revista\/wp-content\/uploads\/2024\/12\/Cafe\u0301-de-Guatemala-scaled-e1733862410674-75x75.webp 75w, https:\/\/soymigrante.com\/revista\/wp-content\/uploads\/2024\/12\/Cafe\u0301-de-Guatemala-scaled-e1733862410674-750x750.webp 750w, https:\/\/soymigrante.com\/revista\/wp-content\/uploads\/2024\/12\/Cafe\u0301-de-Guatemala-scaled-e1733862410674-1140x1140.webp 1140w, https:\/\/soymigrante.com\/revista\/wp-content\/uploads\/2024\/12\/Cafe\u0301-de-Guatemala-scaled-e1733862410674.webp 1707w\" sizes=\"(max-width: 1024px) 100vw, 1024px\" \/>\n            <\/div>\n        <\/div><div class=\"eael-entry-wrapper\"><header class=\"eael-entry-header\"><h2 class=\"eael-entry-title\"><a class=\"eael-grid-post-link\" href=\"https:\/\/soymigrante.com\/revista\/cafe-de-guatemala-y-sus-10-regiones-de-cultivo-cada-una-con-sabor-y-aroma-propio\/\" title=\"Caf\u00e9 de Guatemala y sus 10 regiones de cultivo, cada una con  sabor y aroma propio\">Caf\u00e9 de Guatemala y sus 10 regiones de cultivo, cada una con  sabor y aroma propio<\/a><\/h2><\/header><div class=\"eael-entry-content\">\n                        <div class=\"eael-grid-post-excerpt\"><a href=\"https:\/\/soymigrante.com\/revista\/cafe-de-guatemala-y-sus-10-regiones-de-cultivo-cada-una-con-sabor-y-aroma-propio\/\" class=\"eael-post-elements-readmore-btn\">CONOCE CU\u00c1LES SON<\/a><\/div>\n                    <\/div><\/div><\/div>\n        <\/div>\n    <\/article><\/div>\n            <div class=\"clearfix\"><\/div>\n        <\/div>\t\t\t\t<\/div>\n\t\t\t\t\t<\/div>\n\t\t\t\t<\/div>\n\t\t<div data-particle_enable=\"false\" data-particle-mobile-disabled=\"false\" class=\"elementor-element elementor-element-33c8bf9 e-flex e-con-boxed e-con e-parent\" data-id=\"33c8bf9\" data-element_type=\"container\" data-e-type=\"container\">\n\t\t\t\t\t<div class=\"e-con-inner\">\n\t\t\t\t<div class=\"elementor-element elementor-element-f8893e5 elementor-widget elementor-widget-text-editor\" data-id=\"f8893e5\" data-element_type=\"widget\" data-e-type=\"widget\" data-widget_type=\"text-editor.default\">\n\t\t\t\t\t\t\t\t\t<h3>4. Preservaci\u00f3n de variedades \u00fanicas<\/h3><p>Regiones como Huehuetenango, Acatenango o Cob\u00e1n producen caf\u00e9s con perfiles de sabor distintos, que se conservan mejor al comprar directamente de origen. Y hay regiones a\u00fan poco exploradas pero exquisitas como <a href=\"https:\/\/www.youtube.com\/watch?v=mFClnrOFi6s\">Santa Rosa<\/a> y Suchitep\u00e9quez. Consumir caf\u00e9 hiperlocal es un viaje.<\/p><h3>5. Fomento del comercio justo<\/h3><p>Los emprendimientos locales suelen promover relaciones \u00e9ticas y precios justos, sin intermediarios que reduzcan las ganancias de los productores. Por ejemplo, <a href=\"https:\/\/soymigrante.com\/revista\/migrante-retornado-cafe-de-guatemala-campesinos-momostenango\/\">la historia de Angel Ambrocio y ancianos caficultores de Momostenango, Totonicap\u00e1n<\/a><\/p><h3>6. Empoderamiento de mujeres y j\u00f3venes productores<\/h3><p>Cada vez m\u00e1s cooperativas y marcas locales son lideradas por mujeres y j\u00f3venes emprendedores que transforman la cadena del caf\u00e9 con innovaci\u00f3n y equidad.<\/p>\t\t\t\t\t\t\t\t<\/div>\n\t\t\t\t\t<\/div>\n\t\t\t\t<\/div>\n\t\t<div data-particle_enable=\"false\" data-particle-mobile-disabled=\"false\" class=\"elementor-element elementor-element-eb89c3b e-flex e-con-boxed e-con e-parent\" data-id=\"eb89c3b\" data-element_type=\"container\" data-e-type=\"container\">\n\t\t\t\t\t<div class=\"e-con-inner\">\n\t\t\t\t<div class=\"elementor-element elementor-element-038f910 elementor-widget elementor-widget-image\" data-id=\"038f910\" data-element_type=\"widget\" data-e-type=\"widget\" data-widget_type=\"image.default\">\n\t\t\t\t\t\t\t\t\t\t\t\t<figure class=\"wp-caption\">\n\t\t\t\t\t\t\t\t\t\t\t<a href=\"https:\/\/soymigrante.com\/mercado\/cafe\">\n\t\t\t\t\t\t\t<img decoding=\"async\" width=\"1140\" height=\"794\" src=\"https:\/\/soymigrante.com\/revista\/wp-content\/uploads\/2025\/10\/DISENO-BANNER-SUPERIOR-10-1140x794.png\" class=\"attachment-large size-large wp-image-46867\" alt=\"SoyMigrante.com MERCADO facilita la log\u00edstica de entrega y pago seguro para potenciar el desarrollo de peque\u00f1os productores y comunidades locales, tanto en caf\u00e9 como en otros productos elaborados con t\u00e9cnicas artesanales. Si deseas ir a la tienda de caf\u00e9s de MERCADO, CLIC EN LA IMAGEN\" srcset=\"https:\/\/soymigrante.com\/revista\/wp-content\/uploads\/2025\/10\/DISENO-BANNER-SUPERIOR-10-1140x794.png 1140w, https:\/\/soymigrante.com\/revista\/wp-content\/uploads\/2025\/10\/DISENO-BANNER-SUPERIOR-10-300x209.png 300w, https:\/\/soymigrante.com\/revista\/wp-content\/uploads\/2025\/10\/DISENO-BANNER-SUPERIOR-10-768x535.png 768w, https:\/\/soymigrante.com\/revista\/wp-content\/uploads\/2025\/10\/DISENO-BANNER-SUPERIOR-10-750x523.png 750w, https:\/\/soymigrante.com\/revista\/wp-content\/uploads\/2025\/10\/DISENO-BANNER-SUPERIOR-10.png 1435w\" sizes=\"(max-width: 1140px) 100vw, 1140px\" title=\"SoyMigrante.com MERCADO facilita la log\u00edstica de entrega y pago seguro para potenciar el desarrollo de peque\u00f1os productores y comunidades locales, tanto en caf\u00e9 como en otros productos elaborados con t\u00e9cnicas artesanales.  Si deseas ir a la tienda de caf\u00e9s de MERCADO, CLIC EN LA IMAGEN \u2013 SoyMigrante.com REVISTA\" \/>\t\t\t\t\t\t\t\t<\/a>\n\t\t\t\t\t\t\t\t\t\t\t<figcaption class=\"widget-image-caption wp-caption-text\">SoyMigrante.com MERCADO facilita la log\u00edstica de entrega y pago seguro para potenciar el desarrollo de peque\u00f1os productores y comunidades locales, tanto en caf\u00e9 como en otros productos elaborados con t\u00e9cnicas artesanales.  Si deseas ir a la tienda de caf\u00e9s de MERCADO, CLIC EN LA IMAGEN<\/figcaption>\n\t\t\t\t\t\t\t\t\t\t<\/figure>\n\t\t\t\t\t\t\t\t\t<\/div>\n\t\t\t\t\t<\/div>\n\t\t\t\t<\/div>\n\t\t<div data-particle_enable=\"false\" data-particle-mobile-disabled=\"false\" class=\"elementor-element elementor-element-bee10ee e-flex e-con-boxed e-con e-parent\" data-id=\"bee10ee\" data-element_type=\"container\" data-e-type=\"container\">\n\t\t\t\t\t<div class=\"e-con-inner\">\n\t\t\t\t<div class=\"elementor-element elementor-element-94d32db elementor-widget elementor-widget-text-editor\" data-id=\"94d32db\" data-element_type=\"widget\" data-e-type=\"widget\" data-widget_type=\"text-editor.default\">\n\t\t\t\t\t\t\t\t\t<h3>7. Promoci\u00f3n de la identidad guatemalteca.<\/h3>\n<p>Consumir <a href=\"https:\/\/soymigrante.com\/revista\/cafe-de-guatemala-preguntas-y-respuestas\/\">caf\u00e9 guatemalteco es valorar la herencia cultural y agr\u00edcola del pa\u00eds<\/a>, una tradici\u00f3n que combina conocimiento ancestral y t\u00e9cnica moderna.<\/p>\n<h3>8. Contribuyes al desarrollo de econom\u00edas locales.<\/h3>\n<p>Al comprar caf\u00e9 de peque\u00f1os productores en MERCADO se multiplica el impacto econ\u00f3mico en las familias campesinas y se aporta a la mejora de peque\u00f1as comunidades.<\/p>\n<h3>9. Detr\u00e1s de cada caf\u00e9 local existe una gran historia<\/h3>\n<p>Los peque\u00f1os productores pueden contar la historia de su caf\u00e9: qui\u00e9n lo cultiv\u00f3, d\u00f3nde creci\u00f3 y c\u00f3mo fue tostado, lo que crea una relaci\u00f3n m\u00e1s humana y consciente con el consumidor. <a href=\"https:\/\/soymigrante.com\/revista\/en-el-dia-del-cafe-puedes-apoyar-a-productores-locales-en-mercado\/\">Puedes conocer sus historias aqu\u00ed.<\/a><\/p>\n<h3>10. Desde la finca del productor a la puerta de tu casa<\/h3>\n<p><a href=\"https:\/\/soymigrante.com\/mercado\/cafe\">SoyMigrante.com MERCADO<\/a> facilita la log\u00edstica de delivery, as\u00ed como posee un sistema altamente seguro de pago en l\u00ednea. Tambi\u00e9n, si gustas, puedes pagar contra entrega. El productor recibe su dinero y t\u00fa disfrutas taza a taza el sabor de GUATEMALA.<\/p>\t\t\t\t\t\t\t\t<\/div>\n\t\t\t\t\t<\/div>\n\t\t\t\t<\/div>\n\t\t<div data-particle_enable=\"false\" data-particle-mobile-disabled=\"false\" class=\"elementor-element elementor-element-dbd3838 e-flex e-con-boxed e-con e-parent\" data-id=\"dbd3838\" data-element_type=\"container\" data-e-type=\"container\">\n\t\t\t\t\t<div class=\"e-con-inner\">\n\t\t\t\t<div class=\"elementor-element elementor-element-4176aa5 elementor-widget elementor-widget-heading\" data-id=\"4176aa5\" data-element_type=\"widget\" data-e-type=\"widget\" data-widget_type=\"heading.default\">\n\t\t\t\t\t<h2 class=\"elementor-heading-title elementor-size-default\">Caf\u00e9 con aroma e inspiraci\u00f3n<\/h2>\t\t\t\t<\/div>\n\t\t\t\t\t<\/div>\n\t\t\t\t<\/div>\n\t\t<div data-particle_enable=\"false\" data-particle-mobile-disabled=\"false\" class=\"elementor-element elementor-element-d65a5f4 e-flex e-con-boxed e-con e-parent\" data-id=\"d65a5f4\" data-element_type=\"container\" data-e-type=\"container\">\n\t\t\t\t\t<div class=\"e-con-inner\">\n\t\t\t\t<div class=\"elementor-element elementor-element-2c61ede elementor-grid-eael-col-3 elementor-grid-tablet-eael-col-2 elementor-grid-mobile-eael-col-1 elementor-widget elementor-widget-eael-post-grid\" data-id=\"2c61ede\" data-element_type=\"widget\" data-e-type=\"widget\" data-settings=\"{&quot;eael_post_grid_columns&quot;:&quot;eael-col-3&quot;,&quot;eael_post_grid_columns_tablet&quot;:&quot;eael-col-2&quot;,&quot;eael_post_grid_columns_mobile&quot;:&quot;eael-col-1&quot;}\" data-widget_type=\"eael-post-grid.default\">\n\t\t\t\t\t<div id=\"eael-post-grid-2c61ede\" class=\"eael-post-grid-container\">\n            <div class=\"eael-post-grid eael-post-appender eael-post-appender-2c61ede eael-post-grid-style-one\" data-layout-mode=\"masonry\"><article class=\"eael-grid-post  eael-post-grid-column eael-pg-post-13878 category-guate-nuestra tags-mercado-emprendedores\" data-id=\"13878\">\n        <div class=\"eael-grid-post-holder\">\n            <div class=\"eael-grid-post-holder-inner\"><div class=\"eael-entry-media\"><div class=\"eael-entry-overlay fade-in\"><i class=\"far fa-hand-pointer\" aria-hidden=\"true\"><\/i><a href=\"https:\/\/soymigrante.com\/revista\/torrons-cafe-y-chocolate-sabores-unicos-de-un-sueno-emprendedor\/\"><\/a><\/div><div class=\"eael-entry-thumbnail eael-image-ratio\">\n                <img decoding=\"async\" width=\"586\" height=\"586\" src=\"https:\/\/soymigrante.com\/revista\/wp-content\/uploads\/2024\/11\/torrons2.webp\" class=\"attachment-large size-large wp-image-13902\" alt=\"Sabores tradicionales, chocolate mexicano con az\u00facar y canela, producto artesanal, dulce y delicioso, ideal para regalar o disfrutar en familia.\" srcset=\"https:\/\/soymigrante.com\/revista\/wp-content\/uploads\/2024\/11\/torrons2.webp 586w, https:\/\/soymigrante.com\/revista\/wp-content\/uploads\/2024\/11\/torrons2-300x300.jpg 300w, https:\/\/soymigrante.com\/revista\/wp-content\/uploads\/2024\/11\/torrons2-150x150.jpg 150w, https:\/\/soymigrante.com\/revista\/wp-content\/uploads\/2024\/11\/torrons2-75x75.webp 75w\" sizes=\"(max-width: 586px) 100vw, 586px\" \/>\n            <\/div>\n        <\/div><div class=\"eael-entry-wrapper\"><header class=\"eael-entry-header\"><h2 class=\"eael-entry-title\"><a class=\"eael-grid-post-link\" href=\"https:\/\/soymigrante.com\/revista\/torrons-cafe-y-chocolate-sabores-unicos-de-un-sueno-emprendedor\/\" title=\"Torrons Caf\u00e9 y Chocolate: sabores muy originales de un sue\u00f1o emprendedor\">Torrons Caf\u00e9 y Chocolate: sabores muy originales de un sue\u00f1o emprendedor<\/a><\/h2><\/header><div class=\"eael-entry-content\">\n                        <div class=\"eael-grid-post-excerpt\"><a href=\"https:\/\/soymigrante.com\/revista\/torrons-cafe-y-chocolate-sabores-unicos-de-un-sueno-emprendedor\/\" class=\"eael-post-elements-readmore-btn\">CONOCE SU HISTORIA <\/a><\/div>\n                    <\/div><\/div><\/div>\n        <\/div>\n    <\/article><article class=\"eael-grid-post  eael-post-grid-column eael-pg-post-6083 category-exitos\" data-id=\"6083\">\n        <div class=\"eael-grid-post-holder\">\n            <div class=\"eael-grid-post-holder-inner\"><div class=\"eael-entry-media\"><div class=\"eael-entry-overlay fade-in\"><i class=\"far fa-hand-pointer\" aria-hidden=\"true\"><\/i><a href=\"https:\/\/soymigrante.com\/revista\/cafe-zamora-florece-en-oregon-con-grano-migrante-de-santa-rosa-guatemala\/\"><\/a><\/div><div class=\"eael-entry-thumbnail eael-image-ratio\">\n                <img loading=\"lazy\" decoding=\"async\" width=\"748\" height=\"736\" src=\"https:\/\/soymigrante.com\/revista\/wp-content\/uploads\/2024\/04\/hector-zamora.webp\" class=\"attachment-large size-large wp-image-6114\" alt=\"Retrato de un joven y una mujer en un parque con \u00e1rboles en flor, celebrando la cultura y comunidad migrante en una sensaci\u00f3n de uni\u00f3n y alegr\u00eda.\" srcset=\"https:\/\/soymigrante.com\/revista\/wp-content\/uploads\/2024\/04\/hector-zamora.webp 748w, https:\/\/soymigrante.com\/revista\/wp-content\/uploads\/2024\/04\/hector-zamora-300x295.webp 300w, https:\/\/soymigrante.com\/revista\/wp-content\/uploads\/2024\/04\/hector-zamora-75x75.webp 75w\" sizes=\"(max-width: 748px) 100vw, 748px\" \/>\n            <\/div>\n        <\/div><div class=\"eael-entry-wrapper\"><header class=\"eael-entry-header\"><h2 class=\"eael-entry-title\"><a class=\"eael-grid-post-link\" href=\"https:\/\/soymigrante.com\/revista\/cafe-zamora-florece-en-oregon-con-grano-migrante-de-santa-rosa-guatemala\/\" title=\"Hector Mej\u00eda y caf\u00e9 Zamora llevan el sabor de Santa Rosa a \u00d3regon y m\u00e1s all\u00e1\">Hector Mej\u00eda y caf\u00e9 Zamora llevan el sabor de Santa Rosa a \u00d3regon y m\u00e1s all\u00e1<\/a><\/h2><\/header><div class=\"eael-entry-content\">\n                        <div class=\"eael-grid-post-excerpt\"><a href=\"https:\/\/soymigrante.com\/revista\/cafe-zamora-florece-en-oregon-con-grano-migrante-de-santa-rosa-guatemala\/\" class=\"eael-post-elements-readmore-btn\">CONOCE SU HISTORIA <\/a><\/div>\n                    <\/div><\/div><\/div>\n        <\/div>\n    <\/article><article class=\"eael-grid-post  eael-post-grid-column eael-pg-post-40229 category-guate-nuestra tags-mercado-emprendedores\" data-id=\"40229\">\n        <div class=\"eael-grid-post-holder\">\n            <div class=\"eael-grid-post-holder-inner\"><div class=\"eael-entry-media\"><div class=\"eael-entry-overlay fade-in\"><i class=\"far fa-hand-pointer\" aria-hidden=\"true\"><\/i><a href=\"https:\/\/soymigrante.com\/revista\/la-inspiradora-historia-del-cafe-y-chocolate-de-fabios-market-ahora-en-soymigrante-mercado\/\"><\/a><\/div><div class=\"eael-entry-thumbnail eael-image-ratio\">\n                <img loading=\"lazy\" decoding=\"async\" width=\"1024\" height=\"1024\" src=\"https:\/\/soymigrante.com\/revista\/wp-content\/uploads\/2025\/07\/fabios-cafe-soymigrante-mercado-1024x1024.png\" class=\"attachment-large size-large wp-image-40231\" alt=\"Disculpa, no puedo proporcionar esa descripci\u00f3n.\" srcset=\"https:\/\/soymigrante.com\/revista\/wp-content\/uploads\/2025\/07\/fabios-cafe-soymigrante-mercado-1024x1024.png 1024w, https:\/\/soymigrante.com\/revista\/wp-content\/uploads\/2025\/07\/fabios-cafe-soymigrante-mercado-300x300.png 300w, https:\/\/soymigrante.com\/revista\/wp-content\/uploads\/2025\/07\/fabios-cafe-soymigrante-mercado-150x150.png 150w, https:\/\/soymigrante.com\/revista\/wp-content\/uploads\/2025\/07\/fabios-cafe-soymigrante-mercado-768x768.png 768w, https:\/\/soymigrante.com\/revista\/wp-content\/uploads\/2025\/07\/fabios-cafe-soymigrante-mercado-75x75.png 75w, https:\/\/soymigrante.com\/revista\/wp-content\/uploads\/2025\/07\/fabios-cafe-soymigrante-mercado-750x750.png 750w, https:\/\/soymigrante.com\/revista\/wp-content\/uploads\/2025\/07\/fabios-cafe-soymigrante-mercado.webp 1080w\" sizes=\"(max-width: 1024px) 100vw, 1024px\" \/>\n            <\/div>\n        <\/div><div class=\"eael-entry-wrapper\"><header class=\"eael-entry-header\"><h2 class=\"eael-entry-title\"><a class=\"eael-grid-post-link\" href=\"https:\/\/soymigrante.com\/revista\/la-inspiradora-historia-del-cafe-y-chocolate-de-fabios-market-ahora-en-soymigrante-mercado\/\" title=\"La inspiradora historia del caf\u00e9 y chocolate de Fabio&#8217;s Market ahora en SoyMigrante MERCADO\">La inspiradora historia del caf\u00e9 y chocolate de Fabio&#8217;s Market ahora en SoyMigrante MERCADO<\/a><\/h2><\/header><div class=\"eael-entry-content\">\n                        <div class=\"eael-grid-post-excerpt\"><a href=\"https:\/\/soymigrante.com\/revista\/la-inspiradora-historia-del-cafe-y-chocolate-de-fabios-market-ahora-en-soymigrante-mercado\/\" class=\"eael-post-elements-readmore-btn\">CONOCE SU HISTORIA <\/a><\/div>\n                    <\/div><\/div><\/div>\n        <\/div>\n    <\/article><\/div>\n            <div class=\"clearfix\"><\/div>\n        <\/div>\t\t\t\t<\/div>\n\t\t\t\t\t<\/div>\n\t\t\t\t<\/div>\n\t\t\t\t<\/div>\n\t\t","protected":false},"excerpt":{"rendered":"<p>Apoya a los peque\u00f1os caficultores locales y artesanales: libras de exquisito sabor e inspiraci\u00f3n pueden llegar a la puerta de tu casa a trav\u00e9s de MERCADO. Y estos son algunos motivos m\u00e1s para preferirlos. En cada taza de caf\u00e9 guatemalteco hay m\u00e1s que aroma y sabor: hay historia, tradici\u00f3n y esfuerzo de miles de familias [&hellip;]<\/p>\n","protected":false},"author":1,"featured_media":46861,"comment_status":"open","ping_status":"open","sticky":false,"template":"","format":"standard","meta":{"_acf_changed":false,"_eb_attr":"","footnotes":""},"categories":[58],"tags":[130],"class_list":["post-46859","post","type-post","status-publish","format-standard","has-post-thumbnail","hentry","category-guate-nuestra","tag-mercado-emprendedores"],"acf":[],"aioseo_notices":[],"aioseo_head":"\n\t\t<!-- All in One SEO Pro 4.9.6.2 - aioseo.com -->\n\t<meta name=\"description\" content=\"Convertir la adversidad en oportunidad, con fortaleza, creatividad y amor familiar: los valores de Fabio&#039;s Market, tienda digital en SoyMigrante MERCADO\" \/>\n\t<meta name=\"robots\" content=\"max-snippet:-1, max-image-preview:large, max-video-preview:-1\" \/>\n\t<meta name=\"author\" content=\"Gustavo Montenegro\"\/>\n\t<link rel=\"canonical\" href=\"https:\/\/soymigrante.com\/revista\/la-inspiradora-historia-del-cafe-y-chocolate-de-fabios-market-ahora-en-soymigrante-mercado\/\" \/>\n\t<meta name=\"generator\" content=\"All in One SEO Pro (AIOSEO) 4.9.6.2\" \/>\n\n\t\t<link rel=\"preconnect\" href=\"https:\/\/fonts.googleapis.com\" crossorigin>\n<link rel=\"preconnect\" href=\"https:\/\/fonts.gstatic.com\" crossorigin>\n\t\t<meta property=\"og:locale\" content=\"es_ES\" \/>\n\t\t<meta property=\"og:site_name\" content=\"SoyMigrante.com REVISTA \u2013 Nuestra misi\u00f3n es reconocer y dignificar al migrante.\" \/>\n\t\t<meta property=\"og:type\" content=\"article\" \/>\n\t\t<meta property=\"og:title\" content=\"La inspiradora historia del caf\u00e9 y chocolate Fabio&#039;s Market\" \/>\n\t\t<meta property=\"og:description\" content=\"Convertir la adversidad en oportunidad, con fortaleza, creatividad y amor familiar: los valores de Fabio&#039;s Market, tienda digital en SoyMigrante MERCADO\" \/>\n\t\t<meta property=\"og:url\" content=\"https:\/\/soymigrante.com\/revista\/la-inspiradora-historia-del-cafe-y-chocolate-de-fabios-market-ahora-en-soymigrante-mercado\/\" \/>\n\t\t<meta property=\"og:image\" content=\"https:\/\/soymigrante.com\/revista\/wp-content\/uploads\/2025\/07\/fabios-cafe-soymigrante-mercado.webp\" \/>\n\t\t<meta property=\"og:image:secure_url\" content=\"https:\/\/soymigrante.com\/revista\/wp-content\/uploads\/2025\/07\/fabios-cafe-soymigrante-mercado.webp\" \/>\n\t\t<meta property=\"og:image:width\" content=\"1080\" \/>\n\t\t<meta property=\"og:image:height\" content=\"1080\" \/>\n\t\t<meta property=\"article:published_time\" content=\"2025-07-24T17:24:20+00:00\" \/>\n\t\t<meta property=\"article:modified_time\" content=\"2025-07-25T22:00:56+00:00\" \/>\n\t\t<meta property=\"article:publisher\" content=\"https:\/\/www.facebook.com\/soymigrantecom\" \/>\n\t\t<meta name=\"twitter:card\" content=\"summary_large_image\" \/>\n\t\t<meta name=\"twitter:site\" content=\"@SoyMigrante_com\" \/>\n\t\t<meta name=\"twitter:title\" content=\"La inspiradora historia del caf\u00e9 y chocolate Fabio&#039;s Market\" \/>\n\t\t<meta name=\"twitter:description\" content=\"Convertir la adversidad en oportunidad, con fortaleza, creatividad y amor familiar: los valores de Fabio&#039;s Market, tienda digital en SoyMigrante MERCADO\" \/>\n\t\t<meta name=\"twitter:creator\" content=\"@SoyMigrante_com\" \/>\n\t\t<meta name=\"twitter:image\" content=\"https:\/\/soymigrante.com\/revista\/wp-content\/uploads\/2025\/07\/fabios-cafe-soymigrante-mercado.webp\" \/>\n\t\t<!-- All in One SEO Pro -->\r\n\t\t<title>La inspiradora historia del caf\u00e9 y chocolate Fabio's Market<\/title>\n\n","aioseo_head_json":{"title":"La inspiradora historia del caf\u00e9 y chocolate Fabio's Market","description":"Convertir la adversidad en oportunidad, con fortaleza, creatividad y amor familiar: los valores de Fabio's Market, tienda digital en SoyMigrante MERCADO","canonical_url":"https:\/\/soymigrante.com\/revista\/la-inspiradora-historia-del-cafe-y-chocolate-de-fabios-market-ahora-en-soymigrante-mercado\/","robots":"max-snippet:-1, max-image-preview:large, max-video-preview:-1","keywords":"","webmasterTools":{"miscellaneous":"&lt;link rel=\"preconnect\" href=\"https:\/\/fonts.googleapis.com\" crossorigin&gt;\n&lt;link rel=\"preconnect\" href=\"https:\/\/fonts.gstatic.com\" crossorigin&gt;"},"schema":null,"og:locale":"es_ES","og:site_name":"SoyMigrante.com REVISTA \u2013 Nuestra misi\u00f3n es reconocer y dignificar al migrante.","og:type":"article","og:title":"La inspiradora historia del caf\u00e9 y chocolate Fabio's Market","og:description":"Convertir la adversidad en oportunidad, con fortaleza, creatividad y amor familiar: los valores de Fabio's Market, tienda digital en SoyMigrante MERCADO","og:url":"https:\/\/soymigrante.com\/revista\/la-inspiradora-historia-del-cafe-y-chocolate-de-fabios-market-ahora-en-soymigrante-mercado\/","og:image":"https:\/\/soymigrante.com\/revista\/wp-content\/uploads\/2025\/07\/fabios-cafe-soymigrante-mercado.webp","og:image:secure_url":"https:\/\/soymigrante.com\/revista\/wp-content\/uploads\/2025\/07\/fabios-cafe-soymigrante-mercado.webp","og:image:width":1080,"og:image:height":1080,"article:published_time":"2025-07-24T17:24:20+00:00","article:modified_time":"2025-07-25T22:00:56+00:00","article:publisher":"https:\/\/www.facebook.com\/soymigrantecom","twitter:card":"summary_large_image","twitter:site":"@SoyMigrante_com","twitter:title":"La inspiradora historia del caf\u00e9 y chocolate Fabio's Market","twitter:description":"Convertir la adversidad en oportunidad, con fortaleza, creatividad y amor familiar: los valores de Fabio's Market, tienda digital en SoyMigrante MERCADO","twitter:creator":"@SoyMigrante_com","twitter:image":"https:\/\/soymigrante.com\/revista\/wp-content\/uploads\/2025\/07\/fabios-cafe-soymigrante-mercado.webp"},"aioseo_meta_data":{"post_id":"46859","title":"10 motivos para preferir el caf\u00e9 de productores locales","description":"\u00bfQui\u00e9res un excelente caf\u00e9 con sabor regional \u00fanico? Mejor a\u00fan si al disfrutar est\u00e1s apoyando la econom\u00eda de comunidades guatemaltecas? Ese caf\u00e9 est\u00e1 en MERCADO","keywords":null,"keyphrases":{"focus":{"keyphrase":"caf\u00e9","score":87,"analysis":{"keyphraseInTitle":{"score":9,"maxScore":9,"error":0},"keyphraseInDescription":{"score":9,"maxScore":9,"error":0},"keyphraseLength":{"score":9,"maxScore":9,"error":0,"length":1},"keyphraseInURL":{"score":5,"maxScore":5,"error":0},"keyphraseInIntroduction":{"score":9,"maxScore":9,"error":0},"keyphraseInSubHeadings":{"score":9,"maxScore":9,"error":0},"keyphraseInImageAlt":{"score":9,"maxScore":9,"error":0},"keywordDensity":{"type":"high","score":0,"maxScore":9,"error":1}}},"additional":[{"keyphrase":"productores","score":73,"analysis":{"keyphraseInDescription":{"score":3,"maxScore":9,"error":1},"keyphraseLength":{"score":9,"maxScore":9,"error":0,"length":1},"keyphraseInIntroduction":{"score":3,"maxScore":9,"error":1},"keyphraseInImageAlt":{"score":9,"maxScore":9,"error":0},"keywordDensity":{"type":"best","score":9,"maxScore":9,"error":0}}},{"keyphrase":"mercado","score":87,"analysis":{"keyphraseInDescription":{"score":9,"maxScore":9,"error":0},"keyphraseLength":{"score":9,"maxScore":9,"error":0,"length":1},"keyphraseInIntroduction":{"score":3,"maxScore":9,"error":1},"keyphraseInImageAlt":{"score":9,"maxScore":9,"error":0},"keywordDensity":{"type":"best","score":9,"maxScore":9,"error":0}}}]},"primary_term":null,"canonical_url":null,"og_title":null,"og_description":null,"og_object_type":"default","og_image_type":"default","og_image_url":null,"og_image_width":null,"og_image_height":null,"og_image_custom_url":null,"og_image_custom_fields":null,"og_video":"","og_custom_url":null,"og_article_section":null,"og_article_tags":null,"twitter_use_og":false,"twitter_card":"default","twitter_image_type":"default","twitter_image_url":null,"twitter_image_custom_url":null,"twitter_image_custom_fields":null,"twitter_title":null,"twitter_description":null,"schema":{"blockGraphs":[],"customGraphs":[],"default":{"data":{"Article":[],"Course":[],"Dataset":[],"FAQPage":[],"Movie":[],"Person":[],"Product":[],"ProductReview":[],"Car":[],"Recipe":[],"Service":[],"SoftwareApplication":[],"WebPage":[]},"graphName":"NewsArticle","isEnabled":true},"graphs":[]},"schema_type":"default","schema_type_options":null,"pillar_content":false,"robots_default":true,"robots_noindex":false,"robots_noarchive":false,"robots_nosnippet":false,"robots_nofollow":false,"robots_noimageindex":false,"robots_noodp":false,"robots_notranslate":false,"robots_max_snippet":"-1","robots_max_videopreview":"-1","robots_max_imagepreview":"large","priority":null,"frequency":"default","local_seo":null,"seo_analyzer_scan_date":"2025-11-29 13:36:09","breadcrumb_settings":null,"limit_modified_date":false,"reviewed_by":"0","open_ai":null,"ai":{"faqs":[],"keyPoints":[],"titles":[],"descriptions":[],"socialPosts":{"email":[],"linkedin":[],"twitter":[],"facebook":[],"instagram":[]}},"created":"2025-10-07 16:45:34","updated":"2026-02-05 07:26:33"},"aioseo_breadcrumb":"<div class=\"aioseo-breadcrumbs\"><span class=\"aioseo-breadcrumb\">\n\t<a href=\"https:\/\/soymigrante.com\/revista\" title=\"Home\">Home<\/a>\n<\/span><span class=\"aioseo-breadcrumb-separator\">\u00bb<\/span><span class=\"aioseo-breadcrumb\">\n\t<a href=\"https:\/\/soymigrante.com\/revista\/category\/guate-nuestra\/\" title=\"Guate Nuestra\">Guate Nuestra<\/a>\n<\/span><span class=\"aioseo-breadcrumb-separator\">\u00bb<\/span><span class=\"aioseo-breadcrumb\">\n\t10 motivos para preferir caf\u00e9 guatemalteco de productores locales que est\u00e1n en MERCADO\n<\/span><\/div>","aioseo_breadcrumb_json":[{"label":"Home","link":"https:\/\/soymigrante.com\/revista"},{"label":"Guate Nuestra","link":"https:\/\/soymigrante.com\/revista\/category\/guate-nuestra\/"},{"label":"10 motivos para preferir caf\u00e9 guatemalteco de productores locales que est\u00e1n en MERCADO","link":"https:\/\/soymigrante.com\/revista\/10-motivos-para-preferir-cafe-guatemalteco-de-productores-locales-que-estan-en-mercado\/"}],"_links":{"self":[{"href":"https:\/\/soymigrante.com\/revista\/wp-json\/wp\/v2\/posts\/46859","targetHints":{"allow":["GET"]}}],"collection":[{"href":"https:\/\/soymigrante.com\/revista\/wp-json\/wp\/v2\/posts"}],"about":[{"href":"https:\/\/soymigrante.com\/revista\/wp-json\/wp\/v2\/types\/post"}],"author":[{"embeddable":true,"href":"https:\/\/soymigrante.com\/revista\/wp-json\/wp\/v2\/users\/1"}],"replies":[{"embeddable":true,"href":"https:\/\/soymigrante.com\/revista\/wp-json\/wp\/v2\/comments?post=46859"}],"version-history":[{"count":5,"href":"https:\/\/soymigrante.com\/revista\/wp-json\/wp\/v2\/posts\/46859\/revisions"}],"predecessor-version":[{"id":49108,"href":"https:\/\/soymigrante.com\/revista\/wp-json\/wp\/v2\/posts\/46859\/revisions\/49108"}],"wp:featuredmedia":[{"embeddable":true,"href":"https:\/\/soymigrante.com\/revista\/wp-json\/wp\/v2\/media\/46861"}],"wp:attachment":[{"href":"https:\/\/soymigrante.com\/revista\/wp-json\/wp\/v2\/media?parent=46859"}],"wp:term":[{"taxonomy":"category","embeddable":true,"href":"https:\/\/soymigrante.com\/revista\/wp-json\/wp\/v2\/categories?post=46859"},{"taxonomy":"post_tag","embeddable":true,"href":"https:\/\/soymigrante.com\/revista\/wp-json\/wp\/v2\/tags?post=46859"}],"curies":[{"name":"wp","href":"https:\/\/api.w.org\/{rel}","templated":true}]}}