{"id":46825,"date":"2026-03-20T10:04:00","date_gmt":"2026-03-20T16:04:00","guid":{"rendered":"https:\/\/soymigrante.com\/revista\/?p=46825"},"modified":"2026-03-20T10:04:10","modified_gmt":"2026-03-20T16:04:10","slug":"dactun-osdac-es-el-cazador-de-cascadas-guatemaltecas","status":"publish","type":"post","link":"https:\/\/soymigrante.com\/revista\/dactun-osdac-es-el-cazador-de-cascadas-guatemaltecas\/","title":{"rendered":"Dactun Osdac es un cazador de cascadas por toda Guatemala y ya lleva m\u00e1s de 200 exploradas"},"content":{"rendered":"\t\t<div data-elementor-type=\"wp-post\" data-elementor-id=\"46825\" class=\"elementor elementor-46825\" data-elementor-post-type=\"post\">\n\t\t\t\t<div data-particle_enable=\"false\" data-particle-mobile-disabled=\"false\" class=\"elementor-element elementor-element-adcbab5 e-flex e-con-boxed e-con e-parent\" data-id=\"adcbab5\" data-element_type=\"container\" data-e-type=\"container\">\n\t\t\t\t\t<div class=\"e-con-inner\">\n\t\t\t\t<div class=\"elementor-element elementor-element-42e81d6 elementor-widget elementor-widget-heading\" data-id=\"42e81d6\" data-element_type=\"widget\" data-e-type=\"widget\" data-widget_type=\"heading.default\">\n\t\t\t\t\t<h2 class=\"elementor-heading-title elementor-size-default\">Oscar David Coj Tunay empez\u00f3 un viaje en busca de cascadas en su natal Suchitep\u00e9quez; ha fotografiado m\u00e1s de 200. Las presenta bajo el seud\u00f3nimo Dactun Osdac. Conoce sobre \u00e9l y admira sus im\u00e1genes.<\/h2>\t\t\t\t<\/div>\n\t\t\t\t\t<\/div>\n\t\t\t\t<\/div>\n\t\t<div data-particle_enable=\"false\" data-particle-mobile-disabled=\"false\" class=\"elementor-element elementor-element-906a043 e-flex e-con-boxed e-con e-parent\" data-id=\"906a043\" data-element_type=\"container\" data-e-type=\"container\">\n\t\t\t\t\t<div class=\"e-con-inner\">\n\t\t\t\t<div class=\"elementor-element elementor-element-2bb215e elementor-widget elementor-widget-text-editor\" data-id=\"2bb215e\" data-element_type=\"widget\" data-e-type=\"widget\" data-widget_type=\"text-editor.default\">\n\t\t\t\t\t\t\t\t\t<p>Por monta\u00f1as, selvas y veredas de Guatemala, suele viajar un joven con su c\u00e1mara en busca de cascadas. S\u00ed, fotograf\u00eda <a href=\"https:\/\/soymigrante.com\/revista\/tag\/volcanes-de-guatemala\/\">volcanes<\/a>, lagos y parajes, pero su pasi\u00f3n es cazar cascadas poco conocidas y tambi\u00e9n captar las que son m\u00e1s famosas. Su nombre: Oscar David Coj Tunay, pero en redes sociales se llama Dactun Osdac, un seud\u00f3nimo creado como anagrama de su propio nombre.\u00a0<\/p><p>\u201cDesde ni\u00f1o me gust\u00f3 la exploraci\u00f3n de la naturaleza. Me iba a los r\u00edos a ba\u00f1arme, cuando todav\u00eda eran limpios. Ah\u00ed empez\u00f3 todo\u201d, cuenta. Originario de Samayac, <a href=\"https:\/\/soymigrante.com\/revista\/departamentos-de-guatemala-suchitepequez-es-llamado-la-tierra-del-venado\/\">Suchitep\u00e9quez<\/a>, \u00d3scar recuerda que su primera pasi\u00f3n no fue la fotograf\u00eda ni el turismo, sino la poes\u00eda.\u00a0<\/p><p>\u201cPrimero fue la poes\u00eda. Me gustaba escribir desde peque\u00f1o, tal vez desde los 10 a\u00f1os\u201d, dice con una sonrisa. Pero luego, las <a href=\"https:\/\/soymigrante.com\/revista\/que-belleza-las-7-cascadas-mas-impresionantes-de-guatemala\/\">cascadas<\/a> se convirtieron en poes\u00eda sin palabras. Y desde entonces recorre Guatemala en busca de agua cayendo libremente.<\/p>\t\t\t\t\t\t\t\t<\/div>\n\t\t\t\t<div class=\"elementor-element elementor-element-fee4481 elementor-widget elementor-widget-text-editor\" data-id=\"fee4481\" data-element_type=\"widget\" data-e-type=\"widget\" data-widget_type=\"text-editor.default\">\n\t\t\t\t\t\t\t\t\t<p>Por monta\u00f1as, selvas y veredas de Guatemala, suele viajar un joven con su c\u00e1mara en busca de cascadas. S\u00ed, fotograf\u00eda <a href=\"https:\/\/soymigrante.com\/revista\/tag\/volcanes-de-guatemala\/\">volcanes<\/a>, lagos y parajes, pero su pasi\u00f3n es cazar cascadas poco conocidas y tambi\u00e9n captar las que son m\u00e1s famosas. Su nombre: Oscar David Coj Tunay, pero en redes sociales se llama Dactun Osdac, un seud\u00f3nimo creado como anagrama de su propio nombre.\u00a0<\/p><p>\u201cDesde ni\u00f1o me gust\u00f3 la exploraci\u00f3n de la naturaleza. Me iba a los r\u00edos a ba\u00f1arme, cuando todav\u00eda eran limpios. Ah\u00ed empez\u00f3 todo\u201d, cuenta. Originario de Samayac, <a href=\"https:\/\/soymigrante.com\/revista\/departamentos-de-guatemala-suchitepequez-es-llamado-la-tierra-del-venado\/\">Suchitep\u00e9quez<\/a>, \u00d3scar recuerda que su primera pasi\u00f3n no fue la fotograf\u00eda ni el turismo, sino la poes\u00eda.\u00a0<\/p><p>\u201cPrimero fue la poes\u00eda. Me gustaba escribir desde peque\u00f1o, tal vez desde los 10 a\u00f1os\u201d, dice con una sonrisa. Pero luego, las <a href=\"https:\/\/soymigrante.com\/revista\/que-belleza-las-7-cascadas-mas-impresionantes-de-guatemala\/\">cascadas<\/a> se convirtieron en poes\u00eda sin palabras. Y desde entonces recorre Guatemala en busca de agua cayendo libremente.<\/p>\t\t\t\t\t\t\t\t<\/div>\n\t\t\t\t\t<\/div>\n\t\t\t\t<\/div>\n\t\t<div data-particle_enable=\"false\" data-particle-mobile-disabled=\"false\" class=\"elementor-element elementor-element-10b3fba e-flex e-con-boxed e-con e-parent\" data-id=\"10b3fba\" data-element_type=\"container\" data-e-type=\"container\">\n\t\t\t\t\t<div class=\"e-con-inner\">\n\t\t\t\t<div class=\"elementor-element elementor-element-e08330a elementor-widget elementor-widget-image\" data-id=\"e08330a\" data-element_type=\"widget\" data-e-type=\"widget\" data-widget_type=\"image.default\">\n\t\t\t\t\t\t\t\t\t\t\t\t<figure class=\"wp-caption\">\n\t\t\t\t\t\t\t\t\t\t<img fetchpriority=\"high\" decoding=\"async\" width=\"1024\" height=\"1024\" src=\"https:\/\/soymigrante.com\/revista\/wp-content\/uploads\/2025\/10\/cascada-ixtacapa-nahuala-1024x1024.jpg\" class=\"attachment-large size-large wp-image-46830\" alt=\"Cascada Ixtacapa, en Nahual\u00e1, Solol\u00e1. Fotograf\u00eda de Dactun Osdac\" srcset=\"https:\/\/soymigrante.com\/revista\/wp-content\/uploads\/2025\/10\/cascada-ixtacapa-nahuala-1024x1024.jpg 1024w, https:\/\/soymigrante.com\/revista\/wp-content\/uploads\/2025\/10\/cascada-ixtacapa-nahuala-300x300.jpg 300w, https:\/\/soymigrante.com\/revista\/wp-content\/uploads\/2025\/10\/cascada-ixtacapa-nahuala-150x150.jpg 150w, https:\/\/soymigrante.com\/revista\/wp-content\/uploads\/2025\/10\/cascada-ixtacapa-nahuala-768x768.jpg 768w, https:\/\/soymigrante.com\/revista\/wp-content\/uploads\/2025\/10\/cascada-ixtacapa-nahuala-75x75.jpg 75w, https:\/\/soymigrante.com\/revista\/wp-content\/uploads\/2025\/10\/cascada-ixtacapa-nahuala-750x750.jpg 750w, https:\/\/soymigrante.com\/revista\/wp-content\/uploads\/2025\/10\/cascada-ixtacapa-nahuala-1140x1140.jpg 1140w, https:\/\/soymigrante.com\/revista\/wp-content\/uploads\/2025\/10\/cascada-ixtacapa-nahuala.jpg 1440w\" sizes=\"(max-width: 1024px) 100vw, 1024px\" title=\"Cascada Ixtacapa, en Nahual\u00e1, Solol\u00e1. Fotograf\u00eda de Dactun Osdac \u2013 SoyMigrante.com REVISTA\" \/>\t\t\t\t\t\t\t\t\t\t\t<figcaption class=\"widget-image-caption wp-caption-text\">Cascada Ixtacapa, en Nahual\u00e1, Solol\u00e1. Fotograf\u00eda de Dactun Osdac<\/figcaption>\n\t\t\t\t\t\t\t\t\t\t<\/figure>\n\t\t\t\t\t\t\t\t\t<\/div>\n\t\t\t\t\t<\/div>\n\t\t\t\t<\/div>\n\t\t<div data-particle_enable=\"false\" data-particle-mobile-disabled=\"false\" class=\"elementor-element elementor-element-1691b31 e-flex e-con-boxed e-con e-parent\" data-id=\"1691b31\" data-element_type=\"container\" data-e-type=\"container\">\n\t\t\t\t\t<div class=\"e-con-inner\">\n\t\t\t\t<div class=\"elementor-element elementor-element-3dc37fc elementor-widget elementor-widget-heading\" data-id=\"3dc37fc\" data-element_type=\"widget\" data-e-type=\"widget\" data-widget_type=\"heading.default\">\n\t\t\t\t\t<h3 class=\"elementor-heading-title elementor-size-default\">No es la c\u00e1mara, es el fot\u00f3grafo<\/h3>\t\t\t\t<\/div>\n\t\t\t\t\t<\/div>\n\t\t\t\t<\/div>\n\t\t<div data-particle_enable=\"false\" data-particle-mobile-disabled=\"false\" class=\"elementor-element elementor-element-661edab e-flex e-con-boxed e-con e-parent\" data-id=\"661edab\" data-element_type=\"container\" data-e-type=\"container\">\n\t\t\t\t\t<div class=\"e-con-inner\">\n\t\t\t\t<div class=\"elementor-element elementor-element-e2f662f elementor-widget elementor-widget-text-editor\" data-id=\"e2f662f\" data-element_type=\"widget\" data-e-type=\"widget\" data-widget_type=\"text-editor.default\">\n\t\t\t\t\t\t\t\t\t<p>A los 10 a\u00f1os le cay\u00f3 en las manos a Oscar una c\u00e1mara digital Kodak. S\u00ed, una Kodak: con esa empez\u00f3. \u201cMe llamaba la atenci\u00f3n capturar el agua, sobre todo cuando pod\u00eda dejarla congelada. De ah\u00ed empez\u00f3 mi obsesi\u00f3n con los r\u00edos y las <a href=\"https:\/\/soymigrante.com\/revista\/que-belleza-las-7-cascadas-mas-impresionantes-de-guatemala\/\">cascadas<\/a>\u201d, relata Coj Tunay.<\/p><p>Esa afici\u00f3n lo ha llevado a fotografiar m\u00e1s de 225 cascadas en casi todos los\u00a0 departamentos de Guatemala, muchas de ellas en lugares pr\u00e1cticamente inaccesibles, que ni siquiera tienen nombre.<\/p><p>\u201cCuando empec\u00e9 a explorar las cascadas me di cuenta que cada vez quer\u00eda llegar m\u00e1s lejos\u201d, recuerda. Pero solo pod\u00eda ir hasta donde pod\u00eda caminar. Su pasi\u00f3n tuvo que esperar.\u00a0<\/p><p>\u201cNo pod\u00eda salir lejos porque no ten\u00eda c\u00f3mo. En 2008, a los 17 a\u00f1os empec\u00e9 a trabajar. Y no fue sino hasta que compr\u00e9 mi primera moto, all\u00e1 por 2014, que empec\u00e9 a viajar m\u00e1s lejos. Solo yo\u201d, dice, subrayando que la mayor\u00eda de sus traves\u00edas las realiza sin compa\u00f1\u00eda.<\/p>\t\t\t\t\t\t\t\t<\/div>\n\t\t\t\t\t<\/div>\n\t\t\t\t<\/div>\n\t\t<div data-particle_enable=\"false\" data-particle-mobile-disabled=\"false\" class=\"elementor-element elementor-element-1ab22d4 e-flex e-con-boxed e-con e-parent\" data-id=\"1ab22d4\" data-element_type=\"container\" data-e-type=\"container\">\n\t\t\t\t\t<div class=\"e-con-inner\">\n\t\t\t\t<div class=\"elementor-element elementor-element-f8e19ad elementor-widget elementor-widget-html\" data-id=\"f8e19ad\" data-element_type=\"widget\" data-e-type=\"widget\" data-widget_type=\"html.default\">\n\t\t\t\t\t<iframe src=\"https:\/\/www.facebook.com\/plugins\/post.php?href=https%3A%2F%2Fwww.facebook.com%2FOsdactun%2Fposts%2Fpfbid032woPTubVpCDg73dRheWCeZVwRrm4LqZuqrt6NqbHo17KgP1ADjupnDDeVTvozNw5l&show_text=true&width=500\" width=\"500\" height=\"639\" style=\"border:none;overflow:hidden\" scrolling=\"no\" frameborder=\"0\" allowfullscreen=\"true\" allow=\"autoplay; clipboard-write; encrypted-media; picture-in-picture; web-share\"><\/iframe>\t\t\t\t<\/div>\n\t\t\t\t\t<\/div>\n\t\t\t\t<\/div>\n\t\t<div data-particle_enable=\"false\" data-particle-mobile-disabled=\"false\" class=\"elementor-element elementor-element-f473f21 e-flex e-con-boxed e-con e-parent\" data-id=\"f473f21\" data-element_type=\"container\" data-e-type=\"container\">\n\t\t\t\t\t<div class=\"e-con-inner\">\n\t\t\t\t<div class=\"elementor-element elementor-element-df984fc elementor-widget elementor-widget-heading\" data-id=\"df984fc\" data-element_type=\"widget\" data-e-type=\"widget\" data-widget_type=\"heading.default\">\n\t\t\t\t\t<h3 class=\"elementor-heading-title elementor-size-default\">Descubrimiento constante del agua en ca\u00edda libre<\/h3>\t\t\t\t<\/div>\n\t\t\t\t\t<\/div>\n\t\t\t\t<\/div>\n\t\t<div data-particle_enable=\"false\" data-particle-mobile-disabled=\"false\" class=\"elementor-element elementor-element-682e69e e-flex e-con-boxed e-con e-parent\" data-id=\"682e69e\" data-element_type=\"container\" data-e-type=\"container\">\n\t\t\t\t\t<div class=\"e-con-inner\">\n\t\t\t\t<div class=\"elementor-element elementor-element-b0e8b69 elementor-widget elementor-widget-text-editor\" data-id=\"b0e8b69\" data-element_type=\"widget\" data-e-type=\"widget\" data-widget_type=\"text-editor.default\">\n\t\t\t\t\t\t\t\t\t<p>Oscar David, o m\u00e1s bien Dact\u00fan Osdac admite que muchas veces lo tildaron de atrevido por viajar solo, pero \u00e9l asegura que \u201ccuando uno no hace nada malo, siempre encuentra gente buena en el camino\u201d.<\/p>\n<p>Adem\u00e1s de explorador, Dactun es gu\u00eda de viajes. De hecho est\u00e1 en el Sexto Semestre de la Licenciatura en Administraci\u00f3n de Recursos Tur\u00edsticos en la Universidad de San Carlos. \u201cEmpec\u00e9 entre 2019 y 2020, cuando una persona de una empresa tur\u00edstica me pidi\u00f3 apoyar en la coordinaci\u00f3n de viajes. Me di cuenta de que me gustaba planificar salidas y acompa\u00f1ar grupos\u201d, cuenta.&nbsp;<\/p>\n<p>Hoy organiza excursiones que \u00e9l mismo define como \u201cviajes con sentido de aventura\u201d, donde los visitantes pueden hacer <a href=\"https:\/\/soymigrante.com\/revista\/los-mejores-destinos-para-hacer-senderismo-en-guatemala\/\">senderismo<\/a>, avistamiento de aves y ascensos a cascadas.<\/p>\t\t\t\t\t\t\t\t<\/div>\n\t\t\t\t\t<\/div>\n\t\t\t\t<\/div>\n\t\t<div data-particle_enable=\"false\" data-particle-mobile-disabled=\"false\" class=\"elementor-element elementor-element-5c7428b e-flex e-con-boxed e-con e-parent\" data-id=\"5c7428b\" data-element_type=\"container\" data-e-type=\"container\">\n\t\t\t\t\t<div class=\"e-con-inner\">\n\t\t\t\t<div class=\"elementor-element elementor-element-40b8cf8 elementor-widget elementor-widget-html\" data-id=\"40b8cf8\" data-element_type=\"widget\" data-e-type=\"widget\" data-widget_type=\"html.default\">\n\t\t\t\t\t<iframe src=\"https:\/\/www.facebook.com\/plugins\/video.php?height=476&href=https%3A%2F%2Fwww.facebook.com%2FOsdactun%2Fvideos%2F802445812210618%2F&show_text=true&width=267&t=0\" width=\"267\" height=\"591\" style=\"border:none;overflow:hidden\" scrolling=\"no\" frameborder=\"0\" allowfullscreen=\"true\" allow=\"autoplay; clipboard-write; encrypted-media; picture-in-picture; web-share\" allowFullScreen=\"true\"><\/iframe>\t\t\t\t<\/div>\n\t\t\t\t\t<\/div>\n\t\t\t\t<\/div>\n\t\t<div data-particle_enable=\"false\" data-particle-mobile-disabled=\"false\" class=\"elementor-element elementor-element-864be59 e-flex e-con-boxed e-con e-parent\" data-id=\"864be59\" data-element_type=\"container\" data-e-type=\"container\">\n\t\t\t\t\t<div class=\"e-con-inner\">\n\t\t\t\t<div class=\"elementor-element elementor-element-a59bb1e elementor-widget elementor-widget-heading\" data-id=\"a59bb1e\" data-element_type=\"widget\" data-e-type=\"widget\" data-widget_type=\"heading.default\">\n\t\t\t\t\t<h3 class=\"elementor-heading-title elementor-size-default\">El gran sue\u00f1o de Dactun Osdac<\/h3>\t\t\t\t<\/div>\n\t\t\t\t\t<\/div>\n\t\t\t\t<\/div>\n\t\t<div data-particle_enable=\"false\" data-particle-mobile-disabled=\"false\" class=\"elementor-element elementor-element-3475bbb e-flex e-con-boxed e-con e-parent\" data-id=\"3475bbb\" data-element_type=\"container\" data-e-type=\"container\">\n\t\t\t\t\t<div class=\"e-con-inner\">\n\t\t\t\t<div class=\"elementor-element elementor-element-7a53b25 elementor-widget elementor-widget-text-editor\" data-id=\"7a53b25\" data-element_type=\"widget\" data-e-type=\"widget\" data-widget_type=\"text-editor.default\">\n\t\t\t\t\t\t\t\t\t<p>Con toda su magia y esp\u00edritu de exploraci\u00f3n, Oscar David Coj Tunay (o Dactun Osdac) tambi\u00e9n labora como jardinero en la sede del Centro Universitario del Sur Occidente -CUNSUROC-, en Mazatenango. Pero su mente est\u00e1 puesta en otra monta\u00f1a, otra cascada.\u00a0 Y cuando se le pregunta por su sue\u00f1o, no duda en decir:<\/p><p><b>\u201cConocer y fotografiar todas las cascadas de Centroam\u00e9rica\u201d.<\/b><\/p><p>As\u00ed, el cazador de cascadas sigue recorriendo los caminos de Guatemala, c\u00e1mara en mano, guiado por la misma curiosidad que tuvo aquel ni\u00f1o que un d\u00eda se fue al r\u00edo a buscar el sonido del agua.<\/p>\t\t\t\t\t\t\t\t<\/div>\n\t\t\t\t\t<\/div>\n\t\t\t\t<\/div>\n\t\t<div data-particle_enable=\"false\" data-particle-mobile-disabled=\"false\" class=\"elementor-element elementor-element-d4c78c5 e-flex e-con-boxed e-con e-parent\" data-id=\"d4c78c5\" data-element_type=\"container\" data-e-type=\"container\">\n\t\t\t\t\t<div class=\"e-con-inner\">\n\t\t\t\t<div class=\"elementor-element elementor-element-623cbd8 elementor-widget elementor-widget-heading\" data-id=\"623cbd8\" data-element_type=\"widget\" data-e-type=\"widget\" data-widget_type=\"heading.default\">\n\t\t\t\t\t<h3 class=\"elementor-heading-title elementor-size-default\">Otras 10 cascadas fotografiadas por Dactun Osdac. Organiza excursiones para ver algunas<\/h3>\t\t\t\t<\/div>\n\t\t\t\t\t<\/div>\n\t\t\t\t<\/div>\n\t\t<div data-particle_enable=\"false\" data-particle-mobile-disabled=\"false\" class=\"elementor-element elementor-element-d55b30d e-flex e-con-boxed e-con e-parent\" data-id=\"d55b30d\" data-element_type=\"container\" data-e-type=\"container\">\n\t\t\t\t\t<div class=\"e-con-inner\">\n\t\t\t\t<div class=\"elementor-element elementor-element-e4679c6 elementor-widget elementor-widget-image-gallery\" data-id=\"e4679c6\" data-element_type=\"widget\" data-e-type=\"widget\" data-widget_type=\"image-gallery.default\">\n\t\t\t\t\t\t\t<div class=\"elementor-image-gallery\">\n\t\t\t<div id='gallery-7' class='gallery galleryid-46825 gallery-columns-1 gallery-size-large'><figure class='gallery-item'>\n\t\t\t<div class='gallery-icon portrait'>\n\t\t\t\t<a data-elementor-open-lightbox=\"yes\" data-elementor-lightbox-slideshow=\"e4679c6\" data-elementor-lightbox-title=\"Cascada Escondida, en Nuevo Palmar, Quetzaltenango. Fotograf\u00eda Dactun Osdac\" data-elementor-lightbox-description=\"Cascada Escondida, en Nuevo Palmar, Quetzaltenango. Fotograf\u00eda Dactun Osdac\" data-e-action-hash=\"#elementor-action%3Aaction%3Dlightbox%26settings%3DeyJpZCI6NDY4MzEsInVybCI6Imh0dHBzOlwvXC9zb3ltaWdyYW50ZS5jb21cL3JldmlzdGFcL3dwLWNvbnRlbnRcL3VwbG9hZHNcLzIwMjVcLzEwXC9jYXNjYWRhLWVzY29uZGlkYS1udWV2by1wYWxtYXItcXVldHphbHRlbmFuZ28uanBnIiwic2xpZGVzaG93IjoiZTQ2NzljNiJ9\" href='https:\/\/soymigrante.com\/revista\/wp-content\/uploads\/2025\/10\/cascada-escondida-nuevo-palmar-quetzaltenango.jpg'><img decoding=\"async\" width=\"580\" height=\"1024\" src=\"https:\/\/soymigrante.com\/revista\/wp-content\/uploads\/2025\/10\/cascada-escondida-nuevo-palmar-quetzaltenango-580x1024.jpg\" class=\"attachment-large size-large\" alt=\"Cascada Escondida, en Nuevo Palmar, Quetzaltenango. Fotograf\u00eda Dactun Osdac\" aria-describedby=\"gallery-7-46831\" srcset=\"https:\/\/soymigrante.com\/revista\/wp-content\/uploads\/2025\/10\/cascada-escondida-nuevo-palmar-quetzaltenango-580x1024.jpg 580w, https:\/\/soymigrante.com\/revista\/wp-content\/uploads\/2025\/10\/cascada-escondida-nuevo-palmar-quetzaltenango-170x300.jpg 170w, https:\/\/soymigrante.com\/revista\/wp-content\/uploads\/2025\/10\/cascada-escondida-nuevo-palmar-quetzaltenango-768x1357.jpg 768w, https:\/\/soymigrante.com\/revista\/wp-content\/uploads\/2025\/10\/cascada-escondida-nuevo-palmar-quetzaltenango-869x1536.jpg 869w, https:\/\/soymigrante.com\/revista\/wp-content\/uploads\/2025\/10\/cascada-escondida-nuevo-palmar-quetzaltenango-750x1325.jpg 750w, https:\/\/soymigrante.com\/revista\/wp-content\/uploads\/2025\/10\/cascada-escondida-nuevo-palmar-quetzaltenango-1140x2014.jpg 1140w, https:\/\/soymigrante.com\/revista\/wp-content\/uploads\/2025\/10\/cascada-escondida-nuevo-palmar-quetzaltenango.jpg 1159w\" sizes=\"(max-width: 580px) 100vw, 580px\" title=\"Cascada Escondida, en Nuevo Palmar, Quetzaltenango. Fotograf\u00eda Dactun Osdac \u2013 SoyMigrante.com REVISTA\" \/><\/a>\n\t\t\t<\/div>\n\t\t\t\t<figcaption class='wp-caption-text gallery-caption' id='gallery-7-46831'>\n\t\t\t\tCascada Escondida, en Nuevo Palmar, Quetzaltenango. Fotograf\u00eda Dactun Osdac\n\t\t\t\t<\/figcaption><\/figure><figure class='gallery-item'>\n\t\t\t<div class='gallery-icon landscape'>\n\t\t\t\t<a data-elementor-open-lightbox=\"yes\" data-elementor-lightbox-slideshow=\"e4679c6\" data-elementor-lightbox-title=\"Cascada en San Felipe, Retalhuleu. Fotograf\u00eda Dactun Osdac\" data-elementor-lightbox-description=\"Cascada en San Felipe, Retalhuleu. Fotograf\u00eda Dactun Osdac\" data-e-action-hash=\"#elementor-action%3Aaction%3Dlightbox%26settings%3DeyJpZCI6NDY4MzIsInVybCI6Imh0dHBzOlwvXC9zb3ltaWdyYW50ZS5jb21cL3JldmlzdGFcL3dwLWNvbnRlbnRcL3VwbG9hZHNcLzIwMjVcLzEwXC9jYXNjYWRhLXNhbi1mZWxpcGUtcmV0YWxodWxldS5qcGciLCJzbGlkZXNob3ciOiJlNDY3OWM2In0%3D\" href='https:\/\/soymigrante.com\/revista\/wp-content\/uploads\/2025\/10\/cascada-san-felipe-retalhuleu.jpg'><img decoding=\"async\" width=\"1024\" height=\"1024\" src=\"https:\/\/soymigrante.com\/revista\/wp-content\/uploads\/2025\/10\/cascada-san-felipe-retalhuleu-1024x1024.jpg\" class=\"attachment-large size-large\" alt=\"Cascada en San Felipe, Retalhuleu. Fotograf\u00eda Dactun Osdac\" aria-describedby=\"gallery-7-46832\" srcset=\"https:\/\/soymigrante.com\/revista\/wp-content\/uploads\/2025\/10\/cascada-san-felipe-retalhuleu-1024x1024.jpg 1024w, https:\/\/soymigrante.com\/revista\/wp-content\/uploads\/2025\/10\/cascada-san-felipe-retalhuleu-300x300.jpg 300w, https:\/\/soymigrante.com\/revista\/wp-content\/uploads\/2025\/10\/cascada-san-felipe-retalhuleu-150x150.jpg 150w, https:\/\/soymigrante.com\/revista\/wp-content\/uploads\/2025\/10\/cascada-san-felipe-retalhuleu-768x768.jpg 768w, https:\/\/soymigrante.com\/revista\/wp-content\/uploads\/2025\/10\/cascada-san-felipe-retalhuleu-75x75.jpg 75w, https:\/\/soymigrante.com\/revista\/wp-content\/uploads\/2025\/10\/cascada-san-felipe-retalhuleu-750x750.jpg 750w, https:\/\/soymigrante.com\/revista\/wp-content\/uploads\/2025\/10\/cascada-san-felipe-retalhuleu-1140x1140.jpg 1140w, https:\/\/soymigrante.com\/revista\/wp-content\/uploads\/2025\/10\/cascada-san-felipe-retalhuleu.jpg 1440w\" sizes=\"(max-width: 1024px) 100vw, 1024px\" title=\"Cascada en San Felipe, Retalhuleu. Fotograf\u00eda Dactun Osdac \u2013 SoyMigrante.com REVISTA\" \/><\/a>\n\t\t\t<\/div>\n\t\t\t\t<figcaption class='wp-caption-text gallery-caption' id='gallery-7-46832'>\n\t\t\t\tCascada en San Felipe, Retalhuleu. Fotograf\u00eda Dactun Osdac\n\t\t\t\t<\/figcaption><\/figure><figure class='gallery-item'>\n\t\t\t<div class='gallery-icon landscape'>\n\t\t\t\t<a data-elementor-open-lightbox=\"yes\" data-elementor-lightbox-slideshow=\"e4679c6\" data-elementor-lightbox-title=\"Catarata en San Bernardino, Suchitep\u00e9quez. Fotograf\u00eda Dactun Osdac\" data-elementor-lightbox-description=\"Catarata en San Bernardino, Suchitep\u00e9quez. Fotograf\u00eda Dactun Osdac\" data-e-action-hash=\"#elementor-action%3Aaction%3Dlightbox%26settings%3DeyJpZCI6NDY4MzMsInVybCI6Imh0dHBzOlwvXC9zb3ltaWdyYW50ZS5jb21cL3JldmlzdGFcL3dwLWNvbnRlbnRcL3VwbG9hZHNcLzIwMjVcLzEwXC9jYXRhcmF0YS1zYW4tYmVybmFyZGluby1zdWNoaXRlcGVxdWV6LmpwZyIsInNsaWRlc2hvdyI6ImU0Njc5YzYifQ%3D%3D\" href='https:\/\/soymigrante.com\/revista\/wp-content\/uploads\/2025\/10\/catarata-san-bernardino-suchitepequez.jpg'><img loading=\"lazy\" decoding=\"async\" width=\"1024\" height=\"1024\" src=\"https:\/\/soymigrante.com\/revista\/wp-content\/uploads\/2025\/10\/catarata-san-bernardino-suchitepequez-1024x1024.jpg\" class=\"attachment-large size-large\" alt=\"Catarata en San Bernardino, Suchitep\u00e9quez. Fotograf\u00eda Dactun Osdac\" aria-describedby=\"gallery-7-46833\" srcset=\"https:\/\/soymigrante.com\/revista\/wp-content\/uploads\/2025\/10\/catarata-san-bernardino-suchitepequez-1024x1024.jpg 1024w, https:\/\/soymigrante.com\/revista\/wp-content\/uploads\/2025\/10\/catarata-san-bernardino-suchitepequez-300x300.jpg 300w, https:\/\/soymigrante.com\/revista\/wp-content\/uploads\/2025\/10\/catarata-san-bernardino-suchitepequez-150x150.jpg 150w, https:\/\/soymigrante.com\/revista\/wp-content\/uploads\/2025\/10\/catarata-san-bernardino-suchitepequez-768x768.jpg 768w, https:\/\/soymigrante.com\/revista\/wp-content\/uploads\/2025\/10\/catarata-san-bernardino-suchitepequez-75x75.jpg 75w, https:\/\/soymigrante.com\/revista\/wp-content\/uploads\/2025\/10\/catarata-san-bernardino-suchitepequez-750x750.jpg 750w, https:\/\/soymigrante.com\/revista\/wp-content\/uploads\/2025\/10\/catarata-san-bernardino-suchitepequez-1140x1140.jpg 1140w, https:\/\/soymigrante.com\/revista\/wp-content\/uploads\/2025\/10\/catarata-san-bernardino-suchitepequez.jpg 1440w\" sizes=\"(max-width: 1024px) 100vw, 1024px\" title=\"Catarata en San Bernardino, Suchitep\u00e9quez. Fotograf\u00eda Dactun Osdac \u2013 SoyMigrante.com REVISTA\" \/><\/a>\n\t\t\t<\/div>\n\t\t\t\t<figcaption class='wp-caption-text gallery-caption' id='gallery-7-46833'>\n\t\t\t\tCatarata en San Bernardino, Suchitep\u00e9quez. Fotograf\u00eda Dactun Osdac\n\t\t\t\t<\/figcaption><\/figure><figure class='gallery-item'>\n\t\t\t<div class='gallery-icon portrait'>\n\t\t\t\t<a data-elementor-open-lightbox=\"yes\" data-elementor-lightbox-slideshow=\"e4679c6\" data-elementor-lightbox-title=\"Cascada Xochel\u00e1, en Tucur\u00fa, Alta Verapaz\" data-elementor-lightbox-description=\"Cascada Xochel\u00e1, en Tucur\u00fa, Alta Verapaz\" data-e-action-hash=\"#elementor-action%3Aaction%3Dlightbox%26settings%3DeyJpZCI6NDY4MzQsInVybCI6Imh0dHBzOlwvXC9zb3ltaWdyYW50ZS5jb21cL3JldmlzdGFcL3dwLWNvbnRlbnRcL3VwbG9hZHNcLzIwMjVcLzEwXC9jYXNjYWRhLXhvY2hlbGEtdHVjdXJ1LWFsdGEtdmVyYXBhei5qcGciLCJzbGlkZXNob3ciOiJlNDY3OWM2In0%3D\" href='https:\/\/soymigrante.com\/revista\/wp-content\/uploads\/2025\/10\/cascada-xochela-tucuru-alta-verapaz.jpg'><img loading=\"lazy\" decoding=\"async\" width=\"549\" height=\"684\" src=\"https:\/\/soymigrante.com\/revista\/wp-content\/uploads\/2025\/10\/cascada-xochela-tucuru-alta-verapaz.jpg\" class=\"attachment-large size-large\" alt=\"Cascada Xochel\u00e1, en Tucur\u00fa, Alta Verapaz\" aria-describedby=\"gallery-7-46834\" srcset=\"https:\/\/soymigrante.com\/revista\/wp-content\/uploads\/2025\/10\/cascada-xochela-tucuru-alta-verapaz.jpg 549w, https:\/\/soymigrante.com\/revista\/wp-content\/uploads\/2025\/10\/cascada-xochela-tucuru-alta-verapaz-241x300.jpg 241w\" sizes=\"(max-width: 549px) 100vw, 549px\" title=\"Cascada Xochel\u00e1, en Tucur\u00fa, Alta Verapaz \u2013 SoyMigrante.com REVISTA\" \/><\/a>\n\t\t\t<\/div>\n\t\t\t\t<figcaption class='wp-caption-text gallery-caption' id='gallery-7-46834'>\n\t\t\t\tCascada Xochel\u00e1, en Tucur\u00fa, Alta Verapaz\n\t\t\t\t<\/figcaption><\/figure><figure class='gallery-item'>\n\t\t\t<div class='gallery-icon portrait'>\n\t\t\t\t<a data-elementor-open-lightbox=\"yes\" data-elementor-lightbox-slideshow=\"e4679c6\" data-elementor-lightbox-title=\"Cascada en Santa Catalina La Tinta, Alta Verapaz. Foto Dactun Osdac\" data-elementor-lightbox-description=\"Cascada en Santa Catalina La Tinta, Alta Verapaz. Foto Dactun Osdac\" data-e-action-hash=\"#elementor-action%3Aaction%3Dlightbox%26settings%3DeyJpZCI6NDY4MzUsInVybCI6Imh0dHBzOlwvXC9zb3ltaWdyYW50ZS5jb21cL3JldmlzdGFcL3dwLWNvbnRlbnRcL3VwbG9hZHNcLzIwMjVcLzEwXC9jYXNjYWRhLWVuLXNhbnRhLWNhdGFsaW5hLWxhLXRpbnRhLWFsdGEtdmVyYXBhei5qcGciLCJzbGlkZXNob3ciOiJlNDY3OWM2In0%3D\" href='https:\/\/soymigrante.com\/revista\/wp-content\/uploads\/2025\/10\/cascada-en-santa-catalina-la-tinta-alta-verapaz.jpg'><img loading=\"lazy\" decoding=\"async\" width=\"549\" height=\"648\" src=\"https:\/\/soymigrante.com\/revista\/wp-content\/uploads\/2025\/10\/cascada-en-santa-catalina-la-tinta-alta-verapaz.jpg\" class=\"attachment-large size-large\" alt=\"Cascada en Santa Catalina La Tinta, Alta Verapaz. Foto Dactun Osdac\" aria-describedby=\"gallery-7-46835\" srcset=\"https:\/\/soymigrante.com\/revista\/wp-content\/uploads\/2025\/10\/cascada-en-santa-catalina-la-tinta-alta-verapaz.jpg 549w, https:\/\/soymigrante.com\/revista\/wp-content\/uploads\/2025\/10\/cascada-en-santa-catalina-la-tinta-alta-verapaz-254x300.jpg 254w\" sizes=\"(max-width: 549px) 100vw, 549px\" title=\"Cascada en Santa Catalina La Tinta, Alta Verapaz. Foto Dactun Osdac \u2013 SoyMigrante.com REVISTA\" \/><\/a>\n\t\t\t<\/div>\n\t\t\t\t<figcaption class='wp-caption-text gallery-caption' id='gallery-7-46835'>\n\t\t\t\tCascada en Santa Catalina La Tinta, Alta Verapaz. Foto Dactun Osdac\n\t\t\t\t<\/figcaption><\/figure><figure class='gallery-item'>\n\t\t\t<div class='gallery-icon portrait'>\n\t\t\t\t<a data-elementor-open-lightbox=\"yes\" data-elementor-lightbox-slideshow=\"e4679c6\" data-elementor-lightbox-title=\"Cascada Talcanac, Colomba Costa Cuca, Quetzaltenango\" data-elementor-lightbox-description=\"Cascada Talcanac, Colomba Costa Cuca, Quetzaltenango\" data-e-action-hash=\"#elementor-action%3Aaction%3Dlightbox%26settings%3DeyJpZCI6NDY4MzYsInVybCI6Imh0dHBzOlwvXC9zb3ltaWdyYW50ZS5jb21cL3JldmlzdGFcL3dwLWNvbnRlbnRcL3VwbG9hZHNcLzIwMjVcLzEwXC9jYXRhcmF0YS10YWxjYW5hYy1jb2xvbWJhLWNvc3RhLWN1Y2EuanBnIiwic2xpZGVzaG93IjoiZTQ2NzljNiJ9\" href='https:\/\/soymigrante.com\/revista\/wp-content\/uploads\/2025\/10\/catarata-talcanac-colomba-costa-cuca.jpg'><img loading=\"lazy\" decoding=\"async\" width=\"768\" height=\"1024\" src=\"https:\/\/soymigrante.com\/revista\/wp-content\/uploads\/2025\/10\/catarata-talcanac-colomba-costa-cuca-768x1024.jpg\" class=\"attachment-large size-large\" alt=\"Cascada Talcanac, Colomba Costa Cuca, Quetzaltenango\" aria-describedby=\"gallery-7-46836\" srcset=\"https:\/\/soymigrante.com\/revista\/wp-content\/uploads\/2025\/10\/catarata-talcanac-colomba-costa-cuca-768x1024.jpg 768w, https:\/\/soymigrante.com\/revista\/wp-content\/uploads\/2025\/10\/catarata-talcanac-colomba-costa-cuca-225x300.jpg 225w, https:\/\/soymigrante.com\/revista\/wp-content\/uploads\/2025\/10\/catarata-talcanac-colomba-costa-cuca-1152x1536.jpg 1152w, https:\/\/soymigrante.com\/revista\/wp-content\/uploads\/2025\/10\/catarata-talcanac-colomba-costa-cuca-750x1000.jpg 750w, https:\/\/soymigrante.com\/revista\/wp-content\/uploads\/2025\/10\/catarata-talcanac-colomba-costa-cuca-1140x1520.jpg 1140w, https:\/\/soymigrante.com\/revista\/wp-content\/uploads\/2025\/10\/catarata-talcanac-colomba-costa-cuca.jpg 1536w\" sizes=\"(max-width: 768px) 100vw, 768px\" title=\"Cascada Talcanac, Colomba Costa Cuca, Quetzaltenango \u2013 SoyMigrante.com REVISTA\" \/><\/a>\n\t\t\t<\/div>\n\t\t\t\t<figcaption class='wp-caption-text gallery-caption' id='gallery-7-46836'>\n\t\t\t\tCascada Talcanac, Colomba Costa Cuca, Quetzaltenango\n\t\t\t\t<\/figcaption><\/figure><figure class='gallery-item'>\n\t\t\t<div class='gallery-icon portrait'>\n\t\t\t\t<a data-elementor-open-lightbox=\"yes\" data-elementor-lightbox-slideshow=\"e4679c6\" data-elementor-lightbox-title=\"Cascada Sajbina, San Lucas Tolim\u00e1n, Solol\u00e1\" data-elementor-lightbox-description=\"Cascada Sajbina, San Lucas Tolim\u00e1n, Solol\u00e1\" data-e-action-hash=\"#elementor-action%3Aaction%3Dlightbox%26settings%3DeyJpZCI6NDY4MzcsInVybCI6Imh0dHBzOlwvXC9zb3ltaWdyYW50ZS5jb21cL3JldmlzdGFcL3dwLWNvbnRlbnRcL3VwbG9hZHNcLzIwMjVcLzEwXC9jYXNjYWRhLXNhamJpbmEtc2FuLWx1Y2FzLXRvbGltYW4uanBnIiwic2xpZGVzaG93IjoiZTQ2NzljNiJ9\" href='https:\/\/soymigrante.com\/revista\/wp-content\/uploads\/2025\/10\/cascada-sajbina-san-lucas-toliman.jpg'><img loading=\"lazy\" decoding=\"async\" width=\"551\" height=\"657\" src=\"https:\/\/soymigrante.com\/revista\/wp-content\/uploads\/2025\/10\/cascada-sajbina-san-lucas-toliman.jpg\" class=\"attachment-large size-large\" alt=\"Cascada Sajbina, San Lucas Tolim\u00e1n, Solol\u00e1\" aria-describedby=\"gallery-7-46837\" srcset=\"https:\/\/soymigrante.com\/revista\/wp-content\/uploads\/2025\/10\/cascada-sajbina-san-lucas-toliman.jpg 551w, https:\/\/soymigrante.com\/revista\/wp-content\/uploads\/2025\/10\/cascada-sajbina-san-lucas-toliman-252x300.jpg 252w\" sizes=\"(max-width: 551px) 100vw, 551px\" title=\"Cascada Sajbina, San Lucas Tolim\u00e1n, Solol\u00e1 \u2013 SoyMigrante.com REVISTA\" \/><\/a>\n\t\t\t<\/div>\n\t\t\t\t<figcaption class='wp-caption-text gallery-caption' id='gallery-7-46837'>\n\t\t\t\tCascada Sajbina, San Lucas Tolim\u00e1n, Solol\u00e1\n\t\t\t\t<\/figcaption><\/figure><figure class='gallery-item'>\n\t\t\t<div class='gallery-icon portrait'>\n\t\t\t\t<a data-elementor-open-lightbox=\"yes\" data-elementor-lightbox-slideshow=\"e4679c6\" data-elementor-lightbox-title=\"Cascada Sepurcac, finca Sacmol en Cob\u00e1n, Alta Verapaz\" data-elementor-lightbox-description=\"Cascada Sepurcac, finca Sacmol en Cob\u00e1n, Alta Verapaz\" data-e-action-hash=\"#elementor-action%3Aaction%3Dlightbox%26settings%3DeyJpZCI6NDY4MzgsInVybCI6Imh0dHBzOlwvXC9zb3ltaWdyYW50ZS5jb21cL3JldmlzdGFcL3dwLWNvbnRlbnRcL3VwbG9hZHNcLzIwMjVcLzEwXC9jYXNjYWRhLXNlcHVyY2FjLWZpbmNhLXNhY21vbC1hbHRhLXZlcmFwYXouanBnIiwic2xpZGVzaG93IjoiZTQ2NzljNiJ9\" href='https:\/\/soymigrante.com\/revista\/wp-content\/uploads\/2025\/10\/cascada-sepurcac-finca-sacmol-alta-verapaz.jpg'><img loading=\"lazy\" decoding=\"async\" width=\"542\" height=\"652\" src=\"https:\/\/soymigrante.com\/revista\/wp-content\/uploads\/2025\/10\/cascada-sepurcac-finca-sacmol-alta-verapaz.jpg\" class=\"attachment-large size-large\" alt=\"Cascada Sepurcac, finca Sacmol en Cob\u00e1n, Alta Verapaz\" aria-describedby=\"gallery-7-46838\" srcset=\"https:\/\/soymigrante.com\/revista\/wp-content\/uploads\/2025\/10\/cascada-sepurcac-finca-sacmol-alta-verapaz.jpg 542w, https:\/\/soymigrante.com\/revista\/wp-content\/uploads\/2025\/10\/cascada-sepurcac-finca-sacmol-alta-verapaz-249x300.jpg 249w\" sizes=\"(max-width: 542px) 100vw, 542px\" title=\"Cascada Sepurcac, finca Sacmol en Cob\u00e1n, Alta Verapaz \u2013 SoyMigrante.com REVISTA\" \/><\/a>\n\t\t\t<\/div>\n\t\t\t\t<figcaption class='wp-caption-text gallery-caption' id='gallery-7-46838'>\n\t\t\t\tCascada Sepurcac, finca Sacmol en Cob\u00e1n, Alta Verapaz\n\t\t\t\t<\/figcaption><\/figure><figure class='gallery-item'>\n\t\t\t<div class='gallery-icon portrait'>\n\t\t\t\t<a data-elementor-open-lightbox=\"yes\" data-elementor-lightbox-slideshow=\"e4679c6\" data-elementor-lightbox-title=\"Catarata de Cutam\u00e1,Santa Catarina Ixtahuac\u00e1n Solol\u00e1. Foto Osdac Dactun\" data-elementor-lightbox-description=\"Catarata de Cutam\u00e1,Santa Catarina Ixtahuac\u00e1n Solol\u00e1. Foto Osdac Dactun\" data-e-action-hash=\"#elementor-action%3Aaction%3Dlightbox%26settings%3DeyJpZCI6NDY4MzksInVybCI6Imh0dHBzOlwvXC9zb3ltaWdyYW50ZS5jb21cL3JldmlzdGFcL3dwLWNvbnRlbnRcL3VwbG9hZHNcLzIwMjVcLzEwXC9DYXRhcmF0YS1kZS1DdXRhbWEtU2FudGEtQ2F0YXJpbmEtSXh0YWh1YWNhbi1Tb2xvbGEtR3VhdGVtYWxhLmpwZyIsInNsaWRlc2hvdyI6ImU0Njc5YzYifQ%3D%3D\" href='https:\/\/soymigrante.com\/revista\/wp-content\/uploads\/2025\/10\/Catarata-de-Cutama-Santa-Catarina-Ixtahuacan-Solola-Guatemala.jpg'><img loading=\"lazy\" decoding=\"async\" width=\"768\" height=\"1024\" src=\"https:\/\/soymigrante.com\/revista\/wp-content\/uploads\/2025\/10\/Catarata-de-Cutama-Santa-Catarina-Ixtahuacan-Solola-Guatemala-768x1024.jpg\" class=\"attachment-large size-large\" alt=\"Catarata de Cutam\u00e1,Santa Catarina Ixtahuac\u00e1n Solol\u00e1. Foto Osdac Dactun\" aria-describedby=\"gallery-7-46839\" srcset=\"https:\/\/soymigrante.com\/revista\/wp-content\/uploads\/2025\/10\/Catarata-de-Cutama-Santa-Catarina-Ixtahuacan-Solola-Guatemala-768x1023.jpg 768w, https:\/\/soymigrante.com\/revista\/wp-content\/uploads\/2025\/10\/Catarata-de-Cutama-Santa-Catarina-Ixtahuacan-Solola-Guatemala-225x300.jpg 225w, https:\/\/soymigrante.com\/revista\/wp-content\/uploads\/2025\/10\/Catarata-de-Cutama-Santa-Catarina-Ixtahuacan-Solola-Guatemala-1153x1536.jpg 1153w, https:\/\/soymigrante.com\/revista\/wp-content\/uploads\/2025\/10\/Catarata-de-Cutama-Santa-Catarina-Ixtahuacan-Solola-Guatemala-750x999.jpg 750w, https:\/\/soymigrante.com\/revista\/wp-content\/uploads\/2025\/10\/Catarata-de-Cutama-Santa-Catarina-Ixtahuacan-Solola-Guatemala-1140x1519.jpg 1140w, https:\/\/soymigrante.com\/revista\/wp-content\/uploads\/2025\/10\/Catarata-de-Cutama-Santa-Catarina-Ixtahuacan-Solola-Guatemala.jpg 1440w\" sizes=\"(max-width: 768px) 100vw, 768px\" title=\"Catarata de Cutam\u00e1,Santa Catarina Ixtahuac\u00e1n Solol\u00e1. Foto Osdac Dactun \u2013 SoyMigrante.com REVISTA\" \/><\/a>\n\t\t\t<\/div>\n\t\t\t\t<figcaption class='wp-caption-text gallery-caption' id='gallery-7-46839'>\n\t\t\t\tCatarata de Cutam\u00e1,Santa Catarina Ixtahuac\u00e1n Solol\u00e1. Foto Osdac Dactun\n\t\t\t\t<\/figcaption><\/figure><figure class='gallery-item'>\n\t\t\t<div class='gallery-icon portrait'>\n\t\t\t\t<a data-elementor-open-lightbox=\"yes\" data-elementor-lightbox-slideshow=\"e4679c6\" data-elementor-lightbox-title=\"Catarata El Son I, en San Crist\u00f3bal Cucho, San Marcos (Fotograf\u00eda Dactun Osdac)\" data-elementor-lightbox-description=\"#image_title #separator_sa\" data-e-action-hash=\"#elementor-action%3Aaction%3Dlightbox%26settings%3DeyJpZCI6NDY4NDAsInVybCI6Imh0dHBzOlwvXC9zb3ltaWdyYW50ZS5jb21cL3JldmlzdGFcL3dwLWNvbnRlbnRcL3VwbG9hZHNcLzIwMjVcLzEwXC9DYXRhcmF0YS1FbC1Tb24tU2FuLUNyaXN0b2JhbC1DdWNoby1TYW4tTWFyY29zLmpwZyIsInNsaWRlc2hvdyI6ImU0Njc5YzYifQ%3D%3D\" href='https:\/\/soymigrante.com\/revista\/wp-content\/uploads\/2025\/10\/Catarata-El-Son-San-Cristobal-Cucho-San-Marcos.jpg'><img loading=\"lazy\" decoding=\"async\" width=\"768\" height=\"1024\" src=\"https:\/\/soymigrante.com\/revista\/wp-content\/uploads\/2025\/10\/Catarata-El-Son-San-Cristobal-Cucho-San-Marcos-768x1024.jpg\" class=\"attachment-large size-large\" alt=\"Catarata El Son I, en San Crist\u00f3bal Cucho, San Marcos (Fotograf\u00eda Dactun Osdac)\" aria-describedby=\"gallery-7-46840\" srcset=\"https:\/\/soymigrante.com\/revista\/wp-content\/uploads\/2025\/10\/Catarata-El-Son-San-Cristobal-Cucho-San-Marcos-768x1023.jpg 768w, https:\/\/soymigrante.com\/revista\/wp-content\/uploads\/2025\/10\/Catarata-El-Son-San-Cristobal-Cucho-San-Marcos-225x300.jpg 225w, https:\/\/soymigrante.com\/revista\/wp-content\/uploads\/2025\/10\/Catarata-El-Son-San-Cristobal-Cucho-San-Marcos-1153x1536.jpg 1153w, https:\/\/soymigrante.com\/revista\/wp-content\/uploads\/2025\/10\/Catarata-El-Son-San-Cristobal-Cucho-San-Marcos-750x999.jpg 750w, https:\/\/soymigrante.com\/revista\/wp-content\/uploads\/2025\/10\/Catarata-El-Son-San-Cristobal-Cucho-San-Marcos-1140x1519.jpg 1140w, https:\/\/soymigrante.com\/revista\/wp-content\/uploads\/2025\/10\/Catarata-El-Son-San-Cristobal-Cucho-San-Marcos.jpg 1440w\" sizes=\"(max-width: 768px) 100vw, 768px\" title=\"Catarata El Son I, en San Crist\u00f3bal Cucho, San Marcos (Fotograf\u00eda Dactun Osdac) \u2013 SoyMigrante.com REVISTA\" \/><\/a>\n\t\t\t<\/div>\n\t\t\t\t<figcaption class='wp-caption-text gallery-caption' id='gallery-7-46840'>\n\t\t\t\tCatarata El Son I, en San Crist\u00f3bal Cucho, San Marcos (Fotograf\u00eda Dactun Osdac)\n\t\t\t\t<\/figcaption><\/figure>\n\t\t<\/div>\n\t\t<\/div>\n\t\t\t\t\t\t<\/div>\n\t\t\t\t\t<\/div>\n\t\t\t\t<\/div>\n\t\t<div data-particle_enable=\"false\" data-particle-mobile-disabled=\"false\" class=\"elementor-element elementor-element-bcf2e8f e-flex e-con-boxed e-con e-parent\" data-id=\"bcf2e8f\" data-element_type=\"container\" data-e-type=\"container\">\n\t\t\t\t\t<div class=\"e-con-inner\">\n\t\t\t\t<div class=\"elementor-element elementor-element-4a0ad0f elementor-widget-divider--view-line elementor-widget elementor-widget-divider\" data-id=\"4a0ad0f\" data-element_type=\"widget\" data-e-type=\"widget\" data-widget_type=\"divider.default\">\n\t\t\t\t\t\t\t<div class=\"elementor-divider\">\n\t\t\t<span class=\"elementor-divider-separator\">\n\t\t\t\t\t\t<\/span>\n\t\t<\/div>\n\t\t\t\t\t\t<\/div>\n\t\t\t\t\t<\/div>\n\t\t\t\t<\/div>\n\t\t<div data-particle_enable=\"false\" data-particle-mobile-disabled=\"false\" class=\"elementor-element elementor-element-4cc1cde e-flex e-con-boxed e-con e-parent\" data-id=\"4cc1cde\" data-element_type=\"container\" data-e-type=\"container\">\n\t\t\t\t\t<div class=\"e-con-inner\">\n\t\t\t\t<div class=\"elementor-element elementor-element-ba193db elementor-widget elementor-widget-heading\" data-id=\"ba193db\" data-element_type=\"widget\" data-e-type=\"widget\" data-widget_type=\"heading.default\">\n\t\t\t\t\t<h2 class=\"elementor-heading-title elementor-size-default\">Inagotables maravillas de Guatemala<\/h2>\t\t\t\t<\/div>\n\t\t\t\t\t<\/div>\n\t\t\t\t<\/div>\n\t\t<div data-particle_enable=\"false\" data-particle-mobile-disabled=\"false\" class=\"elementor-element elementor-element-86db03b e-flex e-con-boxed e-con e-parent\" data-id=\"86db03b\" data-element_type=\"container\" data-e-type=\"container\">\n\t\t\t\t\t<div class=\"e-con-inner\">\n\t\t\t\t<div class=\"elementor-element elementor-element-cdd469e elementor-grid-eael-col-3 elementor-grid-tablet-eael-col-2 elementor-grid-mobile-eael-col-1 elementor-widget elementor-widget-eael-post-grid\" data-id=\"cdd469e\" data-element_type=\"widget\" data-e-type=\"widget\" data-settings=\"{&quot;eael_post_grid_columns&quot;:&quot;eael-col-3&quot;,&quot;eael_post_grid_columns_tablet&quot;:&quot;eael-col-2&quot;,&quot;eael_post_grid_columns_mobile&quot;:&quot;eael-col-1&quot;}\" data-widget_type=\"eael-post-grid.default\">\n\t\t\t\t\t<div id=\"eael-post-grid-cdd469e\" class=\"eael-post-grid-container\">\n            <div class=\"eael-post-grid eael-post-appender eael-post-appender-cdd469e eael-post-grid-style-one\" data-layout-mode=\"masonry\"><article class=\"eael-grid-post  eael-post-grid-column eael-pg-post-10625 category-guate-nuestra\" data-id=\"10625\">\n        <div class=\"eael-grid-post-holder\">\n            <div class=\"eael-grid-post-holder-inner\"><div class=\"eael-entry-media\"><div class=\"eael-entry-overlay fade-in\"><i class=\"far fa-hand-pointer\" aria-hidden=\"true\"><\/i><a href=\"https:\/\/soymigrante.com\/revista\/aguateca-una-ciudad-maya-prehispanica-fortificada\/\"><\/a><\/div><div class=\"eael-entry-thumbnail eael-image-ratio\">\n                <img loading=\"lazy\" decoding=\"async\" width=\"1024\" height=\"1024\" src=\"https:\/\/soymigrante.com\/revista\/wp-content\/uploads\/2024\/10\/Aguateca-La-ciudad-maya-fortificada-en-el-corazon-de-Peten-1-1-e1729630120727-1024x1024.webp\" class=\"attachment-large size-large wp-image-10627\" alt=\"Restauraci\u00f3n de ruinas mayas en un entorno selv\u00e1tico, destacando la historia y cultura antigua de M\u00e9xico y Centroam\u00e9rica.\" srcset=\"https:\/\/soymigrante.com\/revista\/wp-content\/uploads\/2024\/10\/Aguateca-La-ciudad-maya-fortificada-en-el-corazon-de-Peten-1-1-e1729630120727-1024x1024.webp 1024w, https:\/\/soymigrante.com\/revista\/wp-content\/uploads\/2024\/10\/Aguateca-La-ciudad-maya-fortificada-en-el-corazon-de-Peten-1-1-e1729630120727-300x300.webp 300w, https:\/\/soymigrante.com\/revista\/wp-content\/uploads\/2024\/10\/Aguateca-La-ciudad-maya-fortificada-en-el-corazon-de-Peten-1-1-e1729630120727-150x150.webp 150w, https:\/\/soymigrante.com\/revista\/wp-content\/uploads\/2024\/10\/Aguateca-La-ciudad-maya-fortificada-en-el-corazon-de-Peten-1-1-e1729630120727-768x768.webp 768w, https:\/\/soymigrante.com\/revista\/wp-content\/uploads\/2024\/10\/Aguateca-La-ciudad-maya-fortificada-en-el-corazon-de-Peten-1-1-e1729630120727-75x75.webp 75w, https:\/\/soymigrante.com\/revista\/wp-content\/uploads\/2024\/10\/Aguateca-La-ciudad-maya-fortificada-en-el-corazon-de-Peten-1-1-e1729630120727-750x750.webp 750w, https:\/\/soymigrante.com\/revista\/wp-content\/uploads\/2024\/10\/Aguateca-La-ciudad-maya-fortificada-en-el-corazon-de-Peten-1-1-e1729630120727-1140x1140.webp 1140w, https:\/\/soymigrante.com\/revista\/wp-content\/uploads\/2024\/10\/Aguateca-La-ciudad-maya-fortificada-en-el-corazon-de-Peten-1-1-e1729630120727.webp 1440w\" sizes=\"(max-width: 1024px) 100vw, 1024px\" \/>\n            <\/div>\n        <\/div><div class=\"eael-entry-wrapper\"><header class=\"eael-entry-header\"><h2 class=\"eael-entry-title\"><a class=\"eael-grid-post-link\" href=\"https:\/\/soymigrante.com\/revista\/aguateca-una-ciudad-maya-prehispanica-fortificada\/\" title=\"Aguateca, la impresionante ciudad maya fortificada en Pet\u00e9n\">Aguateca, la impresionante ciudad maya fortificada en Pet\u00e9n<\/a><\/h2><\/header><div class=\"eael-entry-content\">\n                        <div class=\"eael-grid-post-excerpt\"><a href=\"https:\/\/soymigrante.com\/revista\/aguateca-una-ciudad-maya-prehispanica-fortificada\/\" class=\"eael-post-elements-readmore-btn\">CONOCE SU HISTORIA <\/a><\/div>\n                    <\/div><\/div><\/div>\n        <\/div>\n    <\/article><article class=\"eael-grid-post  eael-post-grid-column eael-pg-post-17322 category-guate-nuestra\" data-id=\"17322\">\n        <div class=\"eael-grid-post-holder\">\n            <div class=\"eael-grid-post-holder-inner\"><div class=\"eael-entry-media\"><div class=\"eael-entry-overlay fade-in\"><i class=\"far fa-hand-pointer\" aria-hidden=\"true\"><\/i><a href=\"https:\/\/soymigrante.com\/revista\/el-peten-itza-no-es-el-unico-lago-petenero-conoce-otros-verdaderas-joyas-naturales\/\"><\/a><\/div><div class=\"eael-entry-thumbnail eael-image-ratio\">\n                <img loading=\"lazy\" decoding=\"async\" width=\"433\" height=\"433\" src=\"https:\/\/soymigrante.com\/revista\/wp-content\/uploads\/2024\/12\/lago-peten-e1734636731490.webp\" class=\"attachment-large size-large wp-image-17324\" alt=\"Un muelle de madera extendi\u00e9ndose sobre aguas tranquilas bajo un cielo nublado al atardecer, reflej\u00e1ndose en el agua.\" srcset=\"https:\/\/soymigrante.com\/revista\/wp-content\/uploads\/2024\/12\/lago-peten-e1734636731490.webp 433w, https:\/\/soymigrante.com\/revista\/wp-content\/uploads\/2024\/12\/lago-peten-e1734636731490-300x300.jpg 300w, https:\/\/soymigrante.com\/revista\/wp-content\/uploads\/2024\/12\/lago-peten-e1734636731490-150x150.jpg 150w, https:\/\/soymigrante.com\/revista\/wp-content\/uploads\/2024\/12\/lago-peten-e1734636731490-75x75.webp 75w\" sizes=\"(max-width: 433px) 100vw, 433px\" \/>\n            <\/div>\n        <\/div><div class=\"eael-entry-wrapper\"><header class=\"eael-entry-header\"><h2 class=\"eael-entry-title\"><a class=\"eael-grid-post-link\" href=\"https:\/\/soymigrante.com\/revista\/el-peten-itza-no-es-el-unico-lago-petenero-conoce-otros-verdaderas-joyas-naturales\/\" title=\"El Pet\u00e9n Itz\u00e1 no es el \u00fanico lago petenero: conoce otros, verdaderas joyas naturales\">El Pet\u00e9n Itz\u00e1 no es el \u00fanico lago petenero: conoce otros, verdaderas joyas naturales<\/a><\/h2><\/header><div class=\"eael-entry-content\">\n                        <div class=\"eael-grid-post-excerpt\"><a href=\"https:\/\/soymigrante.com\/revista\/el-peten-itza-no-es-el-unico-lago-petenero-conoce-otros-verdaderas-joyas-naturales\/\" class=\"eael-post-elements-readmore-btn\">CONOCE SU HISTORIA <\/a><\/div>\n                    <\/div><\/div><\/div>\n        <\/div>\n    <\/article><article class=\"eael-grid-post  eael-post-grid-column eael-pg-post-6257 category-guate-nuestra tags-volcanes-de-guatemala\" data-id=\"6257\">\n        <div class=\"eael-grid-post-holder\">\n            <div class=\"eael-grid-post-holder-inner\"><div class=\"eael-entry-media\"><div class=\"eael-entry-overlay fade-in\"><i class=\"far fa-hand-pointer\" aria-hidden=\"true\"><\/i><a href=\"https:\/\/soymigrante.com\/revista\/laguna-de-chicabal-volcan-quetzaltenango-guatemala\/\"><\/a><\/div><div class=\"eael-entry-thumbnail eael-image-ratio\">\n                <img loading=\"lazy\" decoding=\"async\" width=\"1024\" height=\"683\" src=\"https:\/\/soymigrante.com\/revista\/wp-content\/uploads\/2024\/05\/283605236_375790244585293_6426920808319298456_n-1024x683.webp\" class=\"attachment-large size-large wp-image-6326\" alt=\"Espejo de agua en medio de la selva en un paisaje natural, mujer con los brazos abiertos disfrutando vista panor\u00e1mica en un destino ecotur\u00edstico, turismo de naturaleza y aventuras en Latinoam\u00e9rica.\" srcset=\"https:\/\/soymigrante.com\/revista\/wp-content\/uploads\/2024\/05\/283605236_375790244585293_6426920808319298456_n-1024x683.webp 1024w, https:\/\/soymigrante.com\/revista\/wp-content\/uploads\/2024\/05\/283605236_375790244585293_6426920808319298456_n-300x200.webp 300w, https:\/\/soymigrante.com\/revista\/wp-content\/uploads\/2024\/05\/283605236_375790244585293_6426920808319298456_n-768x512.webp 768w, https:\/\/soymigrante.com\/revista\/wp-content\/uploads\/2024\/05\/283605236_375790244585293_6426920808319298456_n-1536x1024.webp 1536w, https:\/\/soymigrante.com\/revista\/wp-content\/uploads\/2024\/05\/283605236_375790244585293_6426920808319298456_n-750x500.webp 750w, https:\/\/soymigrante.com\/revista\/wp-content\/uploads\/2024\/05\/283605236_375790244585293_6426920808319298456_n-1140x760.webp 1140w, https:\/\/soymigrante.com\/revista\/wp-content\/uploads\/2024\/05\/283605236_375790244585293_6426920808319298456_n.webp 1920w\" sizes=\"(max-width: 1024px) 100vw, 1024px\" \/>\n            <\/div>\n        <\/div><div class=\"eael-entry-wrapper\"><header class=\"eael-entry-header\"><h2 class=\"eael-entry-title\"><a class=\"eael-grid-post-link\" href=\"https:\/\/soymigrante.com\/revista\/laguna-de-chicabal-volcan-quetzaltenango-guatemala\/\" title=\"Laguna de Chicabal migr\u00f3 al cr\u00e1ter de un volc\u00e1n\">Laguna de Chicabal migr\u00f3 al cr\u00e1ter de un volc\u00e1n<\/a><\/h2><\/header><div class=\"eael-entry-content\">\n                        <div class=\"eael-grid-post-excerpt\"><a href=\"https:\/\/soymigrante.com\/revista\/laguna-de-chicabal-volcan-quetzaltenango-guatemala\/\" class=\"eael-post-elements-readmore-btn\">CONOCE SU HISTORIA <\/a><\/div>\n                    <\/div><\/div><\/div>\n        <\/div>\n    <\/article><\/div>\n            <div class=\"clearfix\"><\/div>\n        <\/div>\t\t\t\t<\/div>\n\t\t\t\t\t<\/div>\n\t\t\t\t<\/div>\n\t\t\t\t<\/div>\n\t\t","protected":false},"excerpt":{"rendered":"<p>Oscar David Coj Tunay empez\u00f3 un viaje en busca de cascadas en su natal Suchitep\u00e9quez; ha fotografiado m\u00e1s de 200. Las presenta bajo el seud\u00f3nimo Dactun Osdac. Conoce sobre \u00e9l y admira sus im\u00e1genes. Por monta\u00f1as, selvas y veredas de Guatemala, suele viajar un joven con su c\u00e1mara en busca de cascadas. S\u00ed, fotograf\u00eda volcanes, [&hellip;]<\/p>\n","protected":false},"author":7,"featured_media":46826,"comment_status":"open","ping_status":"open","sticky":false,"template":"","format":"standard","meta":{"_acf_changed":false,"_eb_attr":"","footnotes":""},"categories":[58],"tags":[],"class_list":["post-46825","post","type-post","status-publish","format-standard","has-post-thumbnail","hentry","category-guate-nuestra"],"acf":[],"aioseo_notices":[],"aioseo_head":"\n\t\t<!-- All in One SEO Pro 4.9.6.2 - aioseo.com -->\n\t<meta name=\"description\" content=\"La laguna de Chicabal, en San Mart\u00edn Sacatep\u00e9quez, Quetzaltenango es zona protegida por su riqueza ecol\u00f3gica y territorio ceremonial de la etnia mam.\" \/>\n\t<meta name=\"robots\" content=\"max-snippet:-1, max-image-preview:large, max-video-preview:-1\" \/>\n\t<meta name=\"author\" content=\"Mynor Toc\"\/>\n\t<link rel=\"canonical\" href=\"https:\/\/soymigrante.com\/revista\/laguna-de-chicabal-volcan-quetzaltenango-guatemala\/\" \/>\n\t<meta name=\"generator\" content=\"All in One SEO Pro (AIOSEO) 4.9.6.2\" \/>\n\n\t\t<link rel=\"preconnect\" href=\"https:\/\/fonts.googleapis.com\" crossorigin>\n<link rel=\"preconnect\" href=\"https:\/\/fonts.gstatic.com\" crossorigin>\n\t\t<meta property=\"og:locale\" content=\"es_ES\" \/>\n\t\t<meta property=\"og:site_name\" content=\"SoyMigrante.com REVISTA \u2013 Nuestra misi\u00f3n es reconocer y dignificar al migrante.\" \/>\n\t\t<meta property=\"og:type\" content=\"article\" \/>\n\t\t<meta property=\"og:title\" content=\"Laguna de Chicabal migr\u00f3 al cr\u00e1ter de un volc\u00e1n\" \/>\n\t\t<meta property=\"og:description\" content=\"La laguna de Chicabal, en San Mart\u00edn Sacatep\u00e9quez, Quetzaltenango es zona protegida por su riqueza ecol\u00f3gica y territorio ceremonial de la etnia mam.\" \/>\n\t\t<meta property=\"og:url\" content=\"https:\/\/soymigrante.com\/revista\/laguna-de-chicabal-volcan-quetzaltenango-guatemala\/\" \/>\n\t\t<meta property=\"og:image\" content=\"https:\/\/soymigrante.com\/revista\/wp-content\/uploads\/2024\/05\/283605236_375790244585293_6426920808319298456_n.webp\" \/>\n\t\t<meta property=\"og:image:secure_url\" content=\"https:\/\/soymigrante.com\/revista\/wp-content\/uploads\/2024\/05\/283605236_375790244585293_6426920808319298456_n.webp\" \/>\n\t\t<meta property=\"og:image:width\" content=\"1920\" \/>\n\t\t<meta property=\"og:image:height\" content=\"1280\" \/>\n\t\t<meta property=\"article:published_time\" content=\"2024-05-09T14:41:54+00:00\" \/>\n\t\t<meta property=\"article:modified_time\" content=\"2025-06-12T14:30:08+00:00\" \/>\n\t\t<meta property=\"article:publisher\" content=\"https:\/\/www.facebook.com\/soymigrantecom\" \/>\n\t\t<meta name=\"twitter:card\" content=\"summary_large_image\" \/>\n\t\t<meta name=\"twitter:site\" content=\"@SoyMigrante_com\" \/>\n\t\t<meta name=\"twitter:title\" content=\"Laguna de Chicabal migr\u00f3 al cr\u00e1ter de un volc\u00e1n\" \/>\n\t\t<meta name=\"twitter:description\" content=\"La laguna de Chicabal, en San Mart\u00edn Sacatep\u00e9quez, Quetzaltenango es zona protegida por su riqueza ecol\u00f3gica y territorio ceremonial de la etnia mam.\" \/>\n\t\t<meta name=\"twitter:creator\" content=\"@SoyMigrante_com\" \/>\n\t\t<meta name=\"twitter:image\" content=\"https:\/\/soymigrante.com\/revista\/wp-content\/uploads\/2024\/05\/283605236_375790244585293_6426920808319298456_n.webp\" \/>\n\t\t<!-- All in One SEO Pro -->\r\n\t\t<title>Laguna de Chicabal migr\u00f3 al cr\u00e1ter de un volc\u00e1n<\/title>\n\n","aioseo_head_json":{"title":"Laguna de Chicabal migr\u00f3 al cr\u00e1ter de un volc\u00e1n","description":"La laguna de Chicabal, en San Mart\u00edn Sacatep\u00e9quez, Quetzaltenango es zona protegida por su riqueza ecol\u00f3gica y territorio ceremonial de la etnia mam.","canonical_url":"https:\/\/soymigrante.com\/revista\/laguna-de-chicabal-volcan-quetzaltenango-guatemala\/","robots":"max-snippet:-1, max-image-preview:large, max-video-preview:-1","keywords":"","webmasterTools":{"miscellaneous":"&lt;link rel=\"preconnect\" href=\"https:\/\/fonts.googleapis.com\" crossorigin&gt;\n&lt;link rel=\"preconnect\" href=\"https:\/\/fonts.gstatic.com\" crossorigin&gt;"},"schema":null,"og:locale":"es_ES","og:site_name":"SoyMigrante.com REVISTA \u2013 Nuestra misi\u00f3n es reconocer y dignificar al migrante.","og:type":"article","og:title":"Laguna de Chicabal migr\u00f3 al cr\u00e1ter de un volc\u00e1n","og:description":"La laguna de Chicabal, en San Mart\u00edn Sacatep\u00e9quez, Quetzaltenango es zona protegida por su riqueza ecol\u00f3gica y territorio ceremonial de la etnia mam.","og:url":"https:\/\/soymigrante.com\/revista\/laguna-de-chicabal-volcan-quetzaltenango-guatemala\/","og:image":"https:\/\/soymigrante.com\/revista\/wp-content\/uploads\/2024\/05\/283605236_375790244585293_6426920808319298456_n.webp","og:image:secure_url":"https:\/\/soymigrante.com\/revista\/wp-content\/uploads\/2024\/05\/283605236_375790244585293_6426920808319298456_n.webp","og:image:width":1920,"og:image:height":1280,"article:published_time":"2024-05-09T14:41:54+00:00","article:modified_time":"2025-06-12T14:30:08+00:00","article:publisher":"https:\/\/www.facebook.com\/soymigrantecom","twitter:card":"summary_large_image","twitter:site":"@SoyMigrante_com","twitter:title":"Laguna de Chicabal migr\u00f3 al cr\u00e1ter de un volc\u00e1n","twitter:description":"La laguna de Chicabal, en San Mart\u00edn Sacatep\u00e9quez, Quetzaltenango es zona protegida por su riqueza ecol\u00f3gica y territorio ceremonial de la etnia mam.","twitter:creator":"@SoyMigrante_com","twitter:image":"https:\/\/soymigrante.com\/revista\/wp-content\/uploads\/2024\/05\/283605236_375790244585293_6426920808319298456_n.webp"},"aioseo_meta_data":{"post_id":"46825","title":null,"description":"Dactun Osdac es \u00d3scar David Coy Tunay, fot\u00f3grafo y gu\u00eda tur\u00edstico originario de Samayac, Suchitep\u00e9quez. Lleva fotografiadas 225 cascadas en toda Guatemala","keywords":null,"keyphrases":{"focus":{"keyphrase":"Dactun Osdac","score":100,"analysis":{"keyphraseInTitle":{"score":9,"maxScore":9,"error":0},"keyphraseInDescription":{"score":9,"maxScore":9,"error":0},"keyphraseLength":{"score":9,"maxScore":9,"error":0,"length":2},"keyphraseInURL":{"score":5,"maxScore":5,"error":0},"keyphraseInIntroduction":{"score":9,"maxScore":9,"error":0},"keyphraseInSubHeadings":{"score":9,"maxScore":9,"error":0},"keyphraseInImageAlt":{"score":9,"maxScore":9,"error":0},"keywordDensity":{"type":"best","score":9,"maxScore":9,"error":0}}},"additional":[{"keyphrase":"Cascadas","score":87,"analysis":{"keyphraseInDescription":{"score":9,"maxScore":9,"error":0},"keyphraseLength":{"score":9,"maxScore":9,"error":0,"length":1},"keyphraseInIntroduction":{"score":9,"maxScore":9,"error":0},"keyphraseInImageAlt":{"score":3,"maxScore":9,"error":1},"keywordDensity":{"type":"best","score":9,"maxScore":9,"error":0}}},{"keyphrase":"Guatemala","score":87,"analysis":{"keyphraseInDescription":{"score":9,"maxScore":9,"error":0},"keyphraseLength":{"score":9,"maxScore":9,"error":0,"length":1},"keyphraseInIntroduction":{"score":9,"maxScore":9,"error":0},"keyphraseInImageAlt":{"score":3,"maxScore":9,"error":1},"keywordDensity":{"type":"best","score":9,"maxScore":9,"error":0}}}]},"primary_term":null,"canonical_url":null,"og_title":null,"og_description":null,"og_object_type":"default","og_image_type":"default","og_image_url":null,"og_image_width":null,"og_image_height":null,"og_image_custom_url":null,"og_image_custom_fields":null,"og_video":"","og_custom_url":null,"og_article_section":null,"og_article_tags":null,"twitter_use_og":false,"twitter_card":"default","twitter_image_type":"default","twitter_image_url":null,"twitter_image_custom_url":null,"twitter_image_custom_fields":null,"twitter_title":null,"twitter_description":null,"schema":{"blockGraphs":[],"customGraphs":[],"default":{"data":{"Article":[],"Course":[],"Dataset":[],"FAQPage":[],"Movie":[],"Person":[],"Product":[],"ProductReview":[],"Car":[],"Recipe":[],"Service":[],"SoftwareApplication":[],"WebPage":[]},"graphName":"NewsArticle","isEnabled":true},"graphs":[]},"schema_type":"default","schema_type_options":null,"pillar_content":false,"robots_default":true,"robots_noindex":false,"robots_noarchive":false,"robots_nosnippet":false,"robots_nofollow":false,"robots_noimageindex":false,"robots_noodp":false,"robots_notranslate":false,"robots_max_snippet":"-1","robots_max_videopreview":"-1","robots_max_imagepreview":"large","priority":null,"frequency":"default","local_seo":null,"seo_analyzer_scan_date":null,"breadcrumb_settings":null,"limit_modified_date":false,"reviewed_by":"0","open_ai":null,"ai":{"faqs":[],"keyPoints":[],"titles":[],"descriptions":[],"socialPosts":{"email":[],"linkedin":[],"twitter":[],"facebook":[],"instagram":[]}},"created":"2025-10-07 04:15:14","updated":"2026-03-20 17:02:53"},"aioseo_breadcrumb":"<div class=\"aioseo-breadcrumbs\"><span class=\"aioseo-breadcrumb\">\n\t<a href=\"https:\/\/soymigrante.com\/revista\" title=\"Home\">Home<\/a>\n<\/span><span class=\"aioseo-breadcrumb-separator\">\u00bb<\/span><span class=\"aioseo-breadcrumb\">\n\t<a href=\"https:\/\/soymigrante.com\/revista\/category\/guate-nuestra\/\" title=\"Guate Nuestra\">Guate Nuestra<\/a>\n<\/span><span class=\"aioseo-breadcrumb-separator\">\u00bb<\/span><span class=\"aioseo-breadcrumb\">\n\tDactun Osdac es un cazador de cascadas por toda Guatemala y ya lleva m\u00e1s de 200 exploradas\n<\/span><\/div>","aioseo_breadcrumb_json":[{"label":"Home","link":"https:\/\/soymigrante.com\/revista"},{"label":"Guate Nuestra","link":"https:\/\/soymigrante.com\/revista\/category\/guate-nuestra\/"},{"label":"Dactun Osdac es un cazador de cascadas por toda Guatemala y ya lleva m\u00e1s de 200 exploradas","link":"https:\/\/soymigrante.com\/revista\/dactun-osdac-es-el-cazador-de-cascadas-guatemaltecas\/"}],"_links":{"self":[{"href":"https:\/\/soymigrante.com\/revista\/wp-json\/wp\/v2\/posts\/46825","targetHints":{"allow":["GET"]}}],"collection":[{"href":"https:\/\/soymigrante.com\/revista\/wp-json\/wp\/v2\/posts"}],"about":[{"href":"https:\/\/soymigrante.com\/revista\/wp-json\/wp\/v2\/types\/post"}],"author":[{"embeddable":true,"href":"https:\/\/soymigrante.com\/revista\/wp-json\/wp\/v2\/users\/7"}],"replies":[{"embeddable":true,"href":"https:\/\/soymigrante.com\/revista\/wp-json\/wp\/v2\/comments?post=46825"}],"version-history":[{"count":29,"href":"https:\/\/soymigrante.com\/revista\/wp-json\/wp\/v2\/posts\/46825\/revisions"}],"predecessor-version":[{"id":53945,"href":"https:\/\/soymigrante.com\/revista\/wp-json\/wp\/v2\/posts\/46825\/revisions\/53945"}],"wp:featuredmedia":[{"embeddable":true,"href":"https:\/\/soymigrante.com\/revista\/wp-json\/wp\/v2\/media\/46826"}],"wp:attachment":[{"href":"https:\/\/soymigrante.com\/revista\/wp-json\/wp\/v2\/media?parent=46825"}],"wp:term":[{"taxonomy":"category","embeddable":true,"href":"https:\/\/soymigrante.com\/revista\/wp-json\/wp\/v2\/categories?post=46825"},{"taxonomy":"post_tag","embeddable":true,"href":"https:\/\/soymigrante.com\/revista\/wp-json\/wp\/v2\/tags?post=46825"}],"curies":[{"name":"wp","href":"https:\/\/api.w.org\/{rel}","templated":true}]}}