{"id":46808,"date":"2025-10-06T17:49:28","date_gmt":"2025-10-06T23:49:28","guid":{"rendered":"https:\/\/soymigrante.com\/revista\/?p=46808"},"modified":"2025-10-06T18:25:36","modified_gmt":"2025-10-07T00:25:36","slug":"la-ciudad-de-chicago-decreta-zonas-libres-de-ice","status":"publish","type":"post","link":"https:\/\/soymigrante.com\/revista\/la-ciudad-de-chicago-decreta-zonas-libres-de-ice\/","title":{"rendered":"La ciudad de Chicago decreta &#8220;zonas libres de ICE&#8221;"},"content":{"rendered":"\t\t<div data-elementor-type=\"wp-post\" data-elementor-id=\"46808\" class=\"elementor elementor-46808\" data-elementor-post-type=\"post\">\n\t\t\t\t<div data-particle_enable=\"false\" data-particle-mobile-disabled=\"false\" class=\"elementor-element elementor-element-758df58 e-flex e-con-boxed e-con e-parent\" data-id=\"758df58\" data-element_type=\"container\" data-e-type=\"container\">\n\t\t\t\t\t<div class=\"e-con-inner\">\n\t\t\t\t<div class=\"elementor-element elementor-element-4216efa elementor-widget elementor-widget-heading\" data-id=\"4216efa\" data-element_type=\"widget\" data-e-type=\"widget\" data-widget_type=\"heading.default\">\n\t\t\t\t\t<h2 class=\"elementor-heading-title elementor-size-default\">Debido a reportes de abusos documentados y operativos de fuerza efectuados incluso en estacionamientos escolares de la ciudad, el alcalde de Chicago implementa pol\u00edtica llamada \"ICE Free Zones\".<\/h2>\t\t\t\t<\/div>\n\t\t\t\t\t<\/div>\n\t\t\t\t<\/div>\n\t\t<div data-particle_enable=\"false\" data-particle-mobile-disabled=\"false\" class=\"elementor-element elementor-element-86aa851 e-flex e-con-boxed e-con e-parent\" data-id=\"86aa851\" data-element_type=\"container\" data-e-type=\"container\">\n\t\t\t\t\t<div class=\"e-con-inner\">\n\t\t\t\t<div class=\"elementor-element elementor-element-653a988 elementor-widget elementor-widget-text-editor\" data-id=\"653a988\" data-element_type=\"widget\" data-e-type=\"widget\" data-widget_type=\"text-editor.default\">\n\t\t\t\t\t\t\t\t\t<p class=\"pf0\"><span class=\"cf0\">El alcalde de Chicago, Brandon Johnson, firm\u00f3 el 6 de octubre de 2025 la orden ejecutiva \u201cZonas Libres de ICE\u201d (ICE Free <\/span><span class=\"cf0\">Zone<\/span><span class=\"cf0\">), con la que proh\u00edbe que agentes federales de inmigraci\u00f3n utilicen propiedades municipales para realizar operativos migratorios.<\/span><\/p><p class=\"pf0\"><span class=\"cf0\">La medida, que ampl\u00eda la iniciativa \u201c<\/span><span class=\"cf0\">Protecting<\/span><span class=\"cf0\"> Chicago\u201d (Protegiendo Chicago), establece mecanismos claros para impedir que el Servicio de Inmigraci\u00f3n y Control de Aduanas (ICE, por sus siglas en ingl\u00e9s) use estacionamientos, edificios u otros espacios propiedad de la ciudad como bases de operaciones, puntos de procesamiento o zonas de preparaci\u00f3n para redadas.<\/span><\/p><p class=\"pf0\"><span class=\"cf0\">\u201cNo toleraremos que los agentes de ICE violen los <a href=\"https:\/\/soymigrante.com\/revista\/todo-migrante-tiene-derechos-la-union-americana-de-libertades-civiles-recomienda\/\">derechos constitucionales de nuestros residentes <\/a>ni que el gobierno federal ignore nuestra autoridad local\u201d, declar\u00f3 el alcalde Johnson al firmar el decreto. \u201cCon esta orden ejecutiva, Chicago reafirma su compromiso de proteger los derechos de nuestras comunidades inmigrantes y de defender nuestra democracia\u201d.<\/span><\/p>\t\t\t\t\t\t\t\t<\/div>\n\t\t\t\t\t<\/div>\n\t\t\t\t<\/div>\n\t\t<div data-particle_enable=\"false\" data-particle-mobile-disabled=\"false\" class=\"elementor-element elementor-element-846ce91 e-flex e-con-boxed e-con e-parent\" data-id=\"846ce91\" data-element_type=\"container\" data-e-type=\"container\">\n\t\t\t\t\t<div class=\"e-con-inner\">\n\t\t\t\t<div class=\"elementor-element elementor-element-9aeec7c elementor-widget elementor-widget-image\" data-id=\"9aeec7c\" data-element_type=\"widget\" data-e-type=\"widget\" data-widget_type=\"image.default\">\n\t\t\t\t\t\t\t\t\t\t\t\t<figure class=\"wp-caption\">\n\t\t\t\t\t\t\t\t\t\t<img fetchpriority=\"high\" decoding=\"async\" width=\"1140\" height=\"760\" src=\"https:\/\/soymigrante.com\/revista\/wp-content\/uploads\/2025\/10\/alcalde-de-chicago-1140x760.jpg\" class=\"attachment-large size-large wp-image-46813\" alt=\"Momento en el que se oficializa la nueva pol\u00edtica de la ciudad de Chicago para evitar incidentes de redadas en \u00e1reas municipales. El alcalde Michael Johnson firma la orden ejecutiva denominada ICE Free Zones\" srcset=\"https:\/\/soymigrante.com\/revista\/wp-content\/uploads\/2025\/10\/alcalde-de-chicago-1140x760.jpg 1140w, https:\/\/soymigrante.com\/revista\/wp-content\/uploads\/2025\/10\/alcalde-de-chicago-300x200.jpg 300w, https:\/\/soymigrante.com\/revista\/wp-content\/uploads\/2025\/10\/alcalde-de-chicago-768x512.jpg 768w, https:\/\/soymigrante.com\/revista\/wp-content\/uploads\/2025\/10\/alcalde-de-chicago-1536x1024.jpg 1536w, https:\/\/soymigrante.com\/revista\/wp-content\/uploads\/2025\/10\/alcalde-de-chicago-2048x1365.jpg 2048w, https:\/\/soymigrante.com\/revista\/wp-content\/uploads\/2025\/10\/alcalde-de-chicago-750x500.jpg 750w\" sizes=\"(max-width: 1140px) 100vw, 1140px\" title=\"Momento en el que se oficializa la nueva pol\u00edtica de la ciudad de Chicago para evitar incidentes de redadas en \u00e1reas municipales. El alcalde Michael Johnson firma la orden ejecutiva denominada ICE Free Zones \u2013 SoyMigrante.com REVISTA\" \/>\t\t\t\t\t\t\t\t\t\t\t<figcaption class=\"widget-image-caption wp-caption-text\">Momento en el que se oficializa la nueva pol\u00edtica de la ciudad de Chicago para evitar incidentes de redadas en \u00e1reas municipales. El alcalde Michael Johnson firma la orden ejecutiva denominada ICE Free Zones<\/figcaption>\n\t\t\t\t\t\t\t\t\t\t<\/figure>\n\t\t\t\t\t\t\t\t\t<\/div>\n\t\t\t\t\t<\/div>\n\t\t\t\t<\/div>\n\t\t<div data-particle_enable=\"false\" data-particle-mobile-disabled=\"false\" class=\"elementor-element elementor-element-74f5bcd e-flex e-con-boxed e-con e-parent\" data-id=\"74f5bcd\" data-element_type=\"container\" data-e-type=\"container\">\n\t\t\t\t\t<div class=\"e-con-inner\">\n\t\t\t\t<div class=\"elementor-element elementor-element-231021b elementor-widget elementor-widget-heading\" data-id=\"231021b\" data-element_type=\"widget\" data-e-type=\"widget\" data-widget_type=\"heading.default\">\n\t\t\t\t\t<h3 class=\"elementor-heading-title elementor-size-default\">Es en respuesta a \"abusos documentados\"<\/h3>\t\t\t\t<\/div>\n\t\t\t\t\t<\/div>\n\t\t\t\t<\/div>\n\t\t<div data-particle_enable=\"false\" data-particle-mobile-disabled=\"false\" class=\"elementor-element elementor-element-868886e e-flex e-con-boxed e-con e-parent\" data-id=\"868886e\" data-element_type=\"container\" data-e-type=\"container\">\n\t\t\t\t\t<div class=\"e-con-inner\">\n\t\t\t\t<div class=\"elementor-element elementor-element-300f7f0 elementor-widget elementor-widget-text-editor\" data-id=\"300f7f0\" data-element_type=\"widget\" data-e-type=\"widget\" data-widget_type=\"text-editor.default\">\n\t\t\t\t\t\t\t\t\t<p class=\"pf0\"><span class=\"cf0\">La nueva disposici\u00f3n surge despu\u00e9s de que se documentara el uso de estacionamientos de escuelas p\u00fablicas de <a href=\"https:\/\/soymigrante.com\/revista\/arnoldo-estrada-un-pionero-de-la-marimba-guatemalteca-en-chicago-mas-de-50-anos-de-musica-y-legado\/\">Chicago <\/a>y de un lote municipal en Harrison y <\/span><span class=\"cf0\">Kedzie<\/span><span class=\"cf0\"> como puntos de apoyo para operativos migratorios, lo que habr\u00eda violado la Ordenanza de Ciudad de Bienvenida vigente.<\/span><\/p><p class=\"pf0\"><span class=\"cf0\">Seg\u00fan la alcald\u00eda, el uso de recursos p\u00fablicos en estas acciones \u201cerosiona la confianza entre las comunidades inmigrantes y el gobierno local\u201d, debilitando los v\u00ednculos necesarios para garantizar la seguridad y una aplicaci\u00f3n justa de la ley.<\/span><\/p><p class=\"pf0\"><span class=\"cf0\">En los \u00faltimos meses, se difundieron videos que muestran a agentes federales usando gas lacrim\u00f3geno fuera de una escuela p\u00fablica, deteniendo a un concejal en funciones, y poniendo a un residente en una llave de estrangulamiento, acciones que la administraci\u00f3n Johnson calific\u00f3 como abusos \u201cfuera de su jurisdicci\u00f3n\u201d.<\/span><\/p>\t\t\t\t\t\t\t\t<\/div>\n\t\t\t\t\t<\/div>\n\t\t\t\t<\/div>\n\t\t<div data-particle_enable=\"false\" data-particle-mobile-disabled=\"false\" class=\"elementor-element elementor-element-8463576 e-flex e-con-boxed e-con e-parent\" data-id=\"8463576\" data-element_type=\"container\" data-e-type=\"container\">\n\t\t\t\t\t<div class=\"e-con-inner\">\n\t\t\t\t<div class=\"elementor-element elementor-element-3a87b51 elementor-widget elementor-widget-heading\" data-id=\"3a87b51\" data-element_type=\"widget\" data-e-type=\"widget\" data-widget_type=\"heading.default\">\n\t\t\t\t\t<h3 class=\"elementor-heading-title elementor-size-default\">Totalmente vigente en una semana<\/h3>\t\t\t\t<\/div>\n\t\t\t\t\t<\/div>\n\t\t\t\t<\/div>\n\t\t<div data-particle_enable=\"false\" data-particle-mobile-disabled=\"false\" class=\"elementor-element elementor-element-fdb436a e-flex e-con-boxed e-con e-parent\" data-id=\"fdb436a\" data-element_type=\"container\" data-e-type=\"container\">\n\t\t\t\t\t<div class=\"e-con-inner\">\n\t\t\t\t<div class=\"elementor-element elementor-element-e4282ce elementor-widget elementor-widget-text-editor\" data-id=\"e4282ce\" data-element_type=\"widget\" data-e-type=\"widget\" data-widget_type=\"text-editor.default\">\n\t\t\t\t\t\t\t\t\t<p class=\"pf0\">La orden instruye a todas las dependencias municipales a identificar los espacios que hayan sido utilizados o puedan ser utilizados para operaciones de ICE y a colocar se\u00f1alizaci\u00f3n visible con la leyenda:<\/p><p class=\"pf0\"><span class=\"cf0\">\u201cEsta propiedad pertenece o est\u00e1 controlada por la Ciudad de Chicago. No puede utilizarse para la aplicaci\u00f3n de leyes de inmigraci\u00f3n civil, incluyendo como \u00e1rea de preparaci\u00f3n, lugar de procesamiento o base de operaciones.\u201d<\/span><\/p><p class=\"pf0\"><span class=\"cf0\">Las agencias locales tienen cinco d\u00edas para implementar la medida, que tambi\u00e9n incluye barreras f\u00edsicas <\/span><span class=\"cf1\">\u2014como portones cerrados\u2014 para impedir el acceso de agentes federales a las propiedades municipales. Adem<\/span><span class=\"cf0\">\u00e1s, cualquier intento de uso indebido de instalaciones ser\u00e1 reportado de inmediato a la Oficina del Alcalde y al cuerpo legal de la ciudad.<\/span><\/p>\t\t\t\t\t\t\t\t<\/div>\n\t\t\t\t\t<\/div>\n\t\t\t\t<\/div>\n\t\t<div data-particle_enable=\"false\" data-particle-mobile-disabled=\"false\" class=\"elementor-element elementor-element-7a58282 e-flex e-con-boxed e-con e-parent\" data-id=\"7a58282\" data-element_type=\"container\" data-e-type=\"container\">\n\t\t\t\t\t<div class=\"e-con-inner\">\n\t\t\t\t<div class=\"elementor-element elementor-element-f99d52a elementor-widget elementor-widget-image\" data-id=\"f99d52a\" data-element_type=\"widget\" data-e-type=\"widget\" data-widget_type=\"image.default\">\n\t\t\t\t\t\t\t\t\t\t\t\t<figure class=\"wp-caption\">\n\t\t\t\t\t\t\t\t\t\t\t<a href=\"https:\/\/www.chicago.gov\/content\/dam\/city\/depts\/mayor\/Office%20of%20New%20Americans\/PDFs\/ShortenedResourceGuide-Spanish.pdf\">\n\t\t\t\t\t\t\t<img decoding=\"async\" width=\"966\" height=\"749\" src=\"https:\/\/soymigrante.com\/revista\/wp-content\/uploads\/2025\/10\/guia-ciudad-de-chicago.png\" class=\"attachment-large size-large wp-image-46814\" alt=\"La ciudad de Chicago ha publicado gu\u00edas en varios idiomas para que todo migrante y residente conozca sus derechos. CLIC ENLA FOTO PARA VER LA GU\u00cdA COMPLETA EN ESPA\u00d1OL\" srcset=\"https:\/\/soymigrante.com\/revista\/wp-content\/uploads\/2025\/10\/guia-ciudad-de-chicago.png 966w, https:\/\/soymigrante.com\/revista\/wp-content\/uploads\/2025\/10\/guia-ciudad-de-chicago-300x233.png 300w, https:\/\/soymigrante.com\/revista\/wp-content\/uploads\/2025\/10\/guia-ciudad-de-chicago-768x595.png 768w, https:\/\/soymigrante.com\/revista\/wp-content\/uploads\/2025\/10\/guia-ciudad-de-chicago-750x582.png 750w\" sizes=\"(max-width: 966px) 100vw, 966px\" title=\"La ciudad de Chicago ha publicado gu\u00edas en varios idiomas para que todo migrante y residente conozca sus derechos. CLIC ENLA FOTO PARA VER LA GU\u00cdA COMPLETA EN ESPA\u00d1OL \u2013 SoyMigrante.com REVISTA\" \/>\t\t\t\t\t\t\t\t<\/a>\n\t\t\t\t\t\t\t\t\t\t\t<figcaption class=\"widget-image-caption wp-caption-text\">La ciudad de Chicago ha publicado gu\u00edas en varios idiomas para que todo migrante y residente conozca sus derechos. CLIC ENLA FOTO PARA VER LA GU\u00cdA COMPLETA EN ESPA\u00d1OL<\/figcaption>\n\t\t\t\t\t\t\t\t\t\t<\/figure>\n\t\t\t\t\t\t\t\t\t<\/div>\n\t\t\t\t\t<\/div>\n\t\t\t\t<\/div>\n\t\t<div data-particle_enable=\"false\" data-particle-mobile-disabled=\"false\" class=\"elementor-element elementor-element-7e21a0a e-flex e-con-boxed e-con e-parent\" data-id=\"7e21a0a\" data-element_type=\"container\" data-e-type=\"container\">\n\t\t\t\t\t<div class=\"e-con-inner\">\n\t\t\t\t<div class=\"elementor-element elementor-element-a95b7ef elementor-widget elementor-widget-heading\" data-id=\"a95b7ef\" data-element_type=\"widget\" data-e-type=\"widget\" data-widget_type=\"heading.default\">\n\t\t\t\t\t<h3 class=\"elementor-heading-title elementor-size-default\">Invitaci\u00f3n a la participaci\u00f3n comunitaria<\/h3>\t\t\t\t<\/div>\n\t\t\t\t\t<\/div>\n\t\t\t\t<\/div>\n\t\t<div data-particle_enable=\"false\" data-particle-mobile-disabled=\"false\" class=\"elementor-element elementor-element-0017f41 e-flex e-con-boxed e-con e-parent\" data-id=\"0017f41\" data-element_type=\"container\" data-e-type=\"container\">\n\t\t\t\t\t<div class=\"e-con-inner\">\n\t\t\t\t<div class=\"elementor-element elementor-element-f23e2bc elementor-widget elementor-widget-text-editor\" data-id=\"f23e2bc\" data-element_type=\"widget\" data-e-type=\"widget\" data-widget_type=\"text-editor.default\">\n\t\t\t\t\t\t\t\t\t<p class=\"pf0\"><span class=\"cf0\">El plan invita a empresas y organizaciones comunitarias a sumarse a la iniciativa, mediante se\u00f1alizaciones oficiales gratuitas que pueden colocar en sus propiedades privadas para declarar sus espacios como zonas libres de ICE.<\/span><\/p><p class=\"pf0\"><span class=\"cf0\">Asimismo, la ciudad distribuir\u00e1 materiales informativos de <a href=\"https:\/\/soymigrante.com\/revista\/conoce-tus-derechos-proteccion-para-trabajadores-migrantes-en-usa\/\">\u201cConozca sus derechos\u201d,<\/a> destinados a empleados, arrendatarios y personal de seguridad, para orientarles sobre c\u00f3mo actuar ante intentos de ingreso por parte de agentes federales.<\/span><\/p><p class=\"pf0\"><span class=\"cf0\">Johnson afirm\u00f3 que estas acciones buscan mantener la confianza entre las comunidades inmigrantes y las autoridades locales, garantizando que todas las personas en Chicago <\/span><span class=\"cf1\">\u2014sin importar su origen o estatus migratorio\u2014 puedan sentirse seguras al acceder a los servicios p<\/span><span class=\"cf0\">\u00fablicos.<\/span><\/p>\t\t\t\t\t\t\t\t<\/div>\n\t\t\t\t\t<\/div>\n\t\t\t\t<\/div>\n\t\t<div data-particle_enable=\"false\" data-particle-mobile-disabled=\"false\" class=\"elementor-element elementor-element-071d5db e-flex e-con-boxed e-con e-parent\" data-id=\"071d5db\" data-element_type=\"container\" data-e-type=\"container\">\n\t\t\t\t\t<div class=\"e-con-inner\">\n\t\t\t\t<div class=\"elementor-element elementor-element-8009f5e elementor-widget elementor-widget-html\" data-id=\"8009f5e\" data-element_type=\"widget\" data-e-type=\"widget\" data-widget_type=\"html.default\">\n\t\t\t\t\t<iframe src=\"https:\/\/www.facebook.com\/plugins\/video.php?height=314&href=https%3A%2F%2Fwww.facebook.com%2FCityofChicagoOfficial%2Fvideos%2F778948934951942%2F&show_text=true&width=560&t=0\" width=\"560\" height=\"429\" style=\"border:none;overflow:hidden\" scrolling=\"no\" frameborder=\"0\" allowfullscreen=\"true\" allow=\"autoplay; clipboard-write; encrypted-media; picture-in-picture; web-share\" allowFullScreen=\"true\"><\/iframe>\t\t\t\t<\/div>\n\t\t\t\t\t<\/div>\n\t\t\t\t<\/div>\n\t\t<div data-particle_enable=\"false\" data-particle-mobile-disabled=\"false\" class=\"elementor-element elementor-element-8ed6a28 e-flex e-con-boxed e-con e-parent\" data-id=\"8ed6a28\" data-element_type=\"container\" data-e-type=\"container\">\n\t\t\t\t\t<div class=\"e-con-inner\">\n\t\t\t\t<div class=\"elementor-element elementor-element-2f57b48 elementor-widget elementor-widget-heading\" data-id=\"2f57b48\" data-element_type=\"widget\" data-e-type=\"widget\" data-widget_type=\"heading.default\">\n\t\t\t\t\t<h2 class=\"elementor-heading-title elementor-size-default\">M\u00e1s sobre derechos civiles migrantes<\/h2>\t\t\t\t<\/div>\n\t\t\t\t\t<\/div>\n\t\t\t\t<\/div>\n\t\t<div data-particle_enable=\"false\" data-particle-mobile-disabled=\"false\" class=\"elementor-element elementor-element-575491d e-flex e-con-boxed e-con e-parent\" data-id=\"575491d\" data-element_type=\"container\" data-e-type=\"container\">\n\t\t\t\t\t<div class=\"e-con-inner\">\n\t\t\t\t<div class=\"elementor-element elementor-element-b106b75 elementor-grid-eael-col-3 elementor-grid-tablet-eael-col-2 elementor-grid-mobile-eael-col-1 elementor-widget elementor-widget-eael-post-grid\" data-id=\"b106b75\" data-element_type=\"widget\" data-e-type=\"widget\" data-settings=\"{&quot;eael_post_grid_columns&quot;:&quot;eael-col-3&quot;,&quot;eael_post_grid_columns_tablet&quot;:&quot;eael-col-2&quot;,&quot;eael_post_grid_columns_mobile&quot;:&quot;eael-col-1&quot;}\" data-widget_type=\"eael-post-grid.default\">\n\t\t\t\t\t<div id=\"eael-post-grid-b106b75\" class=\"eael-post-grid-container\">\n            <div class=\"eael-post-grid eael-post-appender eael-post-appender-b106b75 eael-post-grid-style-one\" data-layout-mode=\"masonry\"><article class=\"eael-grid-post  eael-post-grid-column eael-pg-post-27286 category-recursos-migratorios\" data-id=\"27286\">\n        <div class=\"eael-grid-post-holder\">\n            <div class=\"eael-grid-post-holder-inner\"><div class=\"eael-entry-media\"><div class=\"eael-entry-overlay fade-in\"><i class=\"far fa-hand-pointer\" aria-hidden=\"true\"><\/i><a href=\"https:\/\/soymigrante.com\/revista\/abogada-meredith-brown-expone-claves-de-derechos-migrantes-en-estados-unidos\/\"><\/a><\/div><div class=\"eael-entry-thumbnail eael-image-ratio\">\n                <img decoding=\"async\" width=\"1024\" height=\"1024\" src=\"https:\/\/soymigrante.com\/revista\/wp-content\/uploads\/2025\/03\/envato-labs-ai-2536242b-642a-4e3a-8413-4e1b36bff18f.webp\" class=\"attachment-large size-large wp-image-27349\" alt=\"Venta de comida saludable en un restaurante. Personal preparando y cortando verduras frescas en una cocina moderna y limpia. Mujeres y hombres involucrados en la preparaci\u00f3n de alimentos con ingredientes naturales.\" srcset=\"https:\/\/soymigrante.com\/revista\/wp-content\/uploads\/2025\/03\/envato-labs-ai-2536242b-642a-4e3a-8413-4e1b36bff18f.webp 1024w, https:\/\/soymigrante.com\/revista\/wp-content\/uploads\/2025\/03\/envato-labs-ai-2536242b-642a-4e3a-8413-4e1b36bff18f-300x300.jpg 300w, https:\/\/soymigrante.com\/revista\/wp-content\/uploads\/2025\/03\/envato-labs-ai-2536242b-642a-4e3a-8413-4e1b36bff18f-150x150.jpg 150w, https:\/\/soymigrante.com\/revista\/wp-content\/uploads\/2025\/03\/envato-labs-ai-2536242b-642a-4e3a-8413-4e1b36bff18f-768x768.jpg 768w, https:\/\/soymigrante.com\/revista\/wp-content\/uploads\/2025\/03\/envato-labs-ai-2536242b-642a-4e3a-8413-4e1b36bff18f-75x75.webp 75w, https:\/\/soymigrante.com\/revista\/wp-content\/uploads\/2025\/03\/envato-labs-ai-2536242b-642a-4e3a-8413-4e1b36bff18f-750x750.webp 750w\" sizes=\"(max-width: 1024px) 100vw, 1024px\" \/>\n            <\/div>\n        <\/div><div class=\"eael-entry-wrapper\"><header class=\"eael-entry-header\"><h2 class=\"eael-entry-title\"><a class=\"eael-grid-post-link\" href=\"https:\/\/soymigrante.com\/revista\/abogada-meredith-brown-expone-claves-de-derechos-migrantes-en-estados-unidos\/\" title=\"Abogada Meredith Brown expone claves de derechos migrantes en Estados Unidos\">Abogada Meredith Brown expone claves de derechos migrantes en Estados Unidos<\/a><\/h2><\/header><div class=\"eael-entry-content\">\n                        <div class=\"eael-grid-post-excerpt\"><a href=\"https:\/\/soymigrante.com\/revista\/abogada-meredith-brown-expone-claves-de-derechos-migrantes-en-estados-unidos\/\" class=\"eael-post-elements-readmore-btn\">CONOCE SU HISTORIA <\/a><\/div>\n                    <\/div><\/div><\/div>\n        <\/div>\n    <\/article><article class=\"eael-grid-post  eael-post-grid-column eael-pg-post-25952 category-recursos-migratorios\" data-id=\"25952\">\n        <div class=\"eael-grid-post-holder\">\n            <div class=\"eael-grid-post-holder-inner\"><div class=\"eael-entry-media\"><div class=\"eael-entry-overlay fade-in\"><i class=\"far fa-hand-pointer\" aria-hidden=\"true\"><\/i><a href=\"https:\/\/soymigrante.com\/revista\/como-hallar-un-abogado-experto-en-migracion-aila-puede-ser-de-utilidad\/\"><\/a><\/div><div class=\"eael-entry-thumbnail eael-image-ratio\">\n                <img loading=\"lazy\" decoding=\"async\" width=\"1024\" height=\"1024\" src=\"https:\/\/soymigrante.com\/revista\/wp-content\/uploads\/2025\/02\/envato-labs-ai-60370ae9-72ee-41ea-8b19-12573c5ba9e3.webp\" class=\"attachment-large size-large wp-image-25953\" alt=\"Atractivo de un hombre profesional en una oficina moderna, vestido con traje y mostrando confianza.\" srcset=\"https:\/\/soymigrante.com\/revista\/wp-content\/uploads\/2025\/02\/envato-labs-ai-60370ae9-72ee-41ea-8b19-12573c5ba9e3.webp 1024w, https:\/\/soymigrante.com\/revista\/wp-content\/uploads\/2025\/02\/envato-labs-ai-60370ae9-72ee-41ea-8b19-12573c5ba9e3-300x300.png 300w, https:\/\/soymigrante.com\/revista\/wp-content\/uploads\/2025\/02\/envato-labs-ai-60370ae9-72ee-41ea-8b19-12573c5ba9e3-150x150.png 150w, https:\/\/soymigrante.com\/revista\/wp-content\/uploads\/2025\/02\/envato-labs-ai-60370ae9-72ee-41ea-8b19-12573c5ba9e3-768x768.png 768w, https:\/\/soymigrante.com\/revista\/wp-content\/uploads\/2025\/02\/envato-labs-ai-60370ae9-72ee-41ea-8b19-12573c5ba9e3-75x75.webp 75w, https:\/\/soymigrante.com\/revista\/wp-content\/uploads\/2025\/02\/envato-labs-ai-60370ae9-72ee-41ea-8b19-12573c5ba9e3-750x750.webp 750w\" sizes=\"(max-width: 1024px) 100vw, 1024px\" \/>\n            <\/div>\n        <\/div><div class=\"eael-entry-wrapper\"><header class=\"eael-entry-header\"><h2 class=\"eael-entry-title\"><a class=\"eael-grid-post-link\" href=\"https:\/\/soymigrante.com\/revista\/como-hallar-un-abogado-experto-en-migracion-aila-puede-ser-de-utilidad\/\" title=\"\u00bfC\u00f3mo hallar un abogado experto en migraci\u00f3n? AILA puede ser de utilidad\">\u00bfC\u00f3mo hallar un abogado experto en migraci\u00f3n? AILA puede ser de utilidad<\/a><\/h2><\/header><div class=\"eael-entry-content\">\n                        <div class=\"eael-grid-post-excerpt\"><a href=\"https:\/\/soymigrante.com\/revista\/como-hallar-un-abogado-experto-en-migracion-aila-puede-ser-de-utilidad\/\" class=\"eael-post-elements-readmore-btn\">CONOCE SU HISTORIA <\/a><\/div>\n                    <\/div><\/div><\/div>\n        <\/div>\n    <\/article><article class=\"eael-grid-post  eael-post-grid-column eael-pg-post-6382 category-recursos-migratorios\" data-id=\"6382\">\n        <div class=\"eael-grid-post-holder\">\n            <div class=\"eael-grid-post-holder-inner\"><div class=\"eael-entry-media\"><div class=\"eael-entry-overlay fade-in\"><i class=\"far fa-hand-pointer\" aria-hidden=\"true\"><\/i><a href=\"https:\/\/soymigrante.com\/revista\/derechos-de-los-migrantes-silencio-indocumentados-defensa\/\"><\/a><\/div><div class=\"eael-entry-thumbnail eael-image-ratio\">\n                <img loading=\"lazy\" decoding=\"async\" width=\"1024\" height=\"1024\" src=\"https:\/\/soymigrante.com\/revista\/wp-content\/uploads\/2024\/05\/derechos-migrantes-en-estados-unidos-1024x1024.png\" class=\"attachment-large size-large wp-image-49647\" alt=\"obrero industrial hispano para ilustrar tema de derechos migrantes en estados unidos\" srcset=\"https:\/\/soymigrante.com\/revista\/wp-content\/uploads\/2024\/05\/derechos-migrantes-en-estados-unidos-1024x1024.png 1024w, https:\/\/soymigrante.com\/revista\/wp-content\/uploads\/2024\/05\/derechos-migrantes-en-estados-unidos-300x300.png 300w, https:\/\/soymigrante.com\/revista\/wp-content\/uploads\/2024\/05\/derechos-migrantes-en-estados-unidos-150x150.png 150w, https:\/\/soymigrante.com\/revista\/wp-content\/uploads\/2024\/05\/derechos-migrantes-en-estados-unidos-768x768.png 768w, https:\/\/soymigrante.com\/revista\/wp-content\/uploads\/2024\/05\/derechos-migrantes-en-estados-unidos-75x75.png 75w, https:\/\/soymigrante.com\/revista\/wp-content\/uploads\/2024\/05\/derechos-migrantes-en-estados-unidos-750x750.png 750w, https:\/\/soymigrante.com\/revista\/wp-content\/uploads\/2024\/05\/derechos-migrantes-en-estados-unidos.png 1101w\" sizes=\"(max-width: 1024px) 100vw, 1024px\" \/>\n            <\/div>\n        <\/div><div class=\"eael-entry-wrapper\"><header class=\"eael-entry-header\"><h2 class=\"eael-entry-title\"><a class=\"eael-grid-post-link\" href=\"https:\/\/soymigrante.com\/revista\/derechos-de-los-migrantes-silencio-indocumentados-defensa\/\" title=\"Migrante, tienes derechos en EE.UU., incluyendo el silencio: averigua, conoce y comparte\">Migrante, tienes derechos en EE.UU., incluyendo el silencio: averigua, conoce y comparte<\/a><\/h2><\/header><div class=\"eael-entry-content\">\n                        <div class=\"eael-grid-post-excerpt\"><a href=\"https:\/\/soymigrante.com\/revista\/derechos-de-los-migrantes-silencio-indocumentados-defensa\/\" class=\"eael-post-elements-readmore-btn\">CONOCE SU HISTORIA <\/a><\/div>\n                    <\/div><\/div><\/div>\n        <\/div>\n    <\/article><\/div>\n            <div class=\"clearfix\"><\/div>\n        <\/div>\t\t\t\t<\/div>\n\t\t\t\t\t<\/div>\n\t\t\t\t<\/div>\n\t\t\t\t<\/div>\n\t\t","protected":false},"excerpt":{"rendered":"<p>Debido a reportes de abusos documentados y operativos de fuerza efectuados incluso en estacionamientos escolares de la ciudad, el alcalde de Chicago implementa pol\u00edtica llamada &#8220;ICE Free Zones&#8221;. El alcalde de Chicago, Brandon Johnson, firm\u00f3 el 6 de octubre de 2025 la orden ejecutiva \u201cZonas Libres de ICE\u201d (ICE Free Zone), con la que proh\u00edbe [&hellip;]<\/p>\n","protected":false},"author":1,"featured_media":46809,"comment_status":"open","ping_status":"open","sticky":false,"template":"","format":"standard","meta":{"_acf_changed":false,"_eb_attr":"","footnotes":""},"categories":[280],"tags":[],"class_list":["post-46808","post","type-post","status-publish","format-standard","has-post-thumbnail","hentry","category-noticias"],"acf":[],"aioseo_notices":[],"aioseo_head":"\n\t\t<!-- All in One SEO Pro 4.9.6.2 - aioseo.com -->\n\t<meta name=\"description\" content=\"El Centro de Recursos Legales para migrantes, por sus siglas en ingl\u00e9s ILRC, ofrece recomendaciones para migrantes en Estados Unidos, incluso si no tienen un estatus regular. Tarjeta roja y silencio son dos recursos que pueden ser \u00fatiles. El incremento de pol\u00edticas antimigrantes en varios Estados de EE.UU. genera temores entre migrantes guatemaltecos y de\" \/>\n\t<meta name=\"robots\" content=\"max-snippet:-1, max-image-preview:large, max-video-preview:-1\" \/>\n\t<meta name=\"author\" content=\"SoyMigrante.com REVISTA\"\/>\n\t<link rel=\"canonical\" href=\"https:\/\/soymigrante.com\/revista\/la-ciudad-de-chicago-decreta-zonas-libres-de-ice\/\" \/>\n\t<meta name=\"generator\" content=\"All in One SEO Pro (AIOSEO) 4.9.6.2\" \/>\n\n\t\t<link rel=\"preconnect\" href=\"https:\/\/fonts.googleapis.com\" crossorigin>\n<link rel=\"preconnect\" href=\"https:\/\/fonts.gstatic.com\" crossorigin>\n\t\t<meta property=\"og:locale\" content=\"es_ES\" \/>\n\t\t<meta property=\"og:site_name\" content=\"SoyMigrante.com REVISTA \u2013 Nuestra misi\u00f3n es reconocer y dignificar al migrante.\" \/>\n\t\t<meta property=\"og:type\" content=\"article\" \/>\n\t\t<meta property=\"og:title\" content=\"La ciudad de Chicago decreta \u201czonas libres de ICE\u201d\" \/>\n\t\t<meta property=\"og:description\" content=\"Alcalde de Chicago firma orden que prohibe uso de predios o instalaciones de la ciudad para operativos migratorios a trav\u00e9s de la operaci\u00f3n &quot;ICE free zones&quot;.\" \/>\n\t\t<meta property=\"og:url\" content=\"https:\/\/soymigrante.com\/revista\/la-ciudad-de-chicago-decreta-zonas-libres-de-ice\/\" \/>\n\t\t<meta property=\"og:image\" content=\"https:\/\/soymigrante.com\/revista\/wp-content\/uploads\/2025\/10\/alcalde-de-chicago-ice-free-zones-scaled.jpg\" \/>\n\t\t<meta property=\"og:image:secure_url\" content=\"https:\/\/soymigrante.com\/revista\/wp-content\/uploads\/2025\/10\/alcalde-de-chicago-ice-free-zones-scaled.jpg\" \/>\n\t\t<meta property=\"article:published_time\" content=\"2025-10-06T23:49:28+00:00\" \/>\n\t\t<meta property=\"article:modified_time\" content=\"2025-10-07T00:25:36+00:00\" \/>\n\t\t<meta property=\"article:publisher\" content=\"https:\/\/www.facebook.com\/soymigrantecom\" \/>\n\t\t<meta name=\"twitter:card\" content=\"summary_large_image\" \/>\n\t\t<meta name=\"twitter:site\" content=\"@SoyMigrante_com\" \/>\n\t\t<meta name=\"twitter:title\" content=\"La ciudad de Chicago decreta \u201czonas libres de ICE\u201d\" \/>\n\t\t<meta name=\"twitter:description\" content=\"Alcalde de Chicago firma orden que prohibe uso de predios o instalaciones de la ciudad para operativos migratorios a trav\u00e9s de la operaci\u00f3n &quot;ICE free zones&quot;.\" \/>\n\t\t<meta name=\"twitter:creator\" content=\"@SoyMigrante_com\" \/>\n\t\t<meta name=\"twitter:image\" content=\"https:\/\/soymigrante.com\/revista\/wp-content\/uploads\/2025\/10\/alcalde-de-chicago-ice-free-zones-scaled.jpg\" \/>\n\t\t<!-- All in One SEO Pro -->\r\n\t\t<title>La ciudad de Chicago decreta \u201czonas libres de ICE\u201d<\/title>\n\n","aioseo_head_json":{"title":"La ciudad de Chicago decreta \u201czonas libres de ICE\u201d","description":"Alcalde de Chicago firma orden que prohibe uso de predios o instalaciones de la ciudad para operativos migratorios a trav\u00e9s de la operaci\u00f3n \"ICE free zones\".","canonical_url":"https:\/\/soymigrante.com\/revista\/la-ciudad-de-chicago-decreta-zonas-libres-de-ice\/","robots":"max-snippet:-1, max-image-preview:large, max-video-preview:-1","keywords":"","webmasterTools":{"miscellaneous":"&lt;link rel=\"preconnect\" href=\"https:\/\/fonts.googleapis.com\" crossorigin&gt;\n&lt;link rel=\"preconnect\" href=\"https:\/\/fonts.gstatic.com\" crossorigin&gt;"},"schema":null,"og:locale":"es_ES","og:site_name":"SoyMigrante.com REVISTA \u2013 Nuestra misi\u00f3n es reconocer y dignificar al migrante.","og:type":"article","og:title":"La ciudad de Chicago decreta \u201czonas libres de ICE\u201d","og:description":"Alcalde de Chicago firma orden que prohibe uso de predios o instalaciones de la ciudad para operativos migratorios a trav\u00e9s de la operaci\u00f3n &quot;ICE free zones&quot;.","og:url":"https:\/\/soymigrante.com\/revista\/la-ciudad-de-chicago-decreta-zonas-libres-de-ice\/","og:image":"https:\/\/soymigrante.com\/revista\/wp-content\/uploads\/2025\/10\/alcalde-de-chicago-ice-free-zones-scaled.jpg","og:image:secure_url":"https:\/\/soymigrante.com\/revista\/wp-content\/uploads\/2025\/10\/alcalde-de-chicago-ice-free-zones-scaled.jpg","article:published_time":"2025-10-06T23:49:28+00:00","article:modified_time":"2025-10-07T00:25:36+00:00","article:publisher":"https:\/\/www.facebook.com\/soymigrantecom","twitter:card":"summary_large_image","twitter:site":"@SoyMigrante_com","twitter:title":"La ciudad de Chicago decreta \u201czonas libres de ICE\u201d","twitter:description":"Alcalde de Chicago firma orden que prohibe uso de predios o instalaciones de la ciudad para operativos migratorios a trav\u00e9s de la operaci\u00f3n &quot;ICE free zones&quot;.","twitter:creator":"@SoyMigrante_com","twitter:image":"https:\/\/soymigrante.com\/revista\/wp-content\/uploads\/2025\/10\/alcalde-de-chicago-ice-free-zones-scaled.jpg"},"aioseo_meta_data":{"post_id":"46808","title":null,"description":"Alcalde de Chicago firma orden que prohibe uso de predios o instalaciones de la ciudad para operativos migratorios a trav\u00e9s de la operaci\u00f3n \"ICE free zones\".","keywords":null,"keyphrases":{"focus":{"keyphrase":"Chicago","score":82,"analysis":{"keyphraseInTitle":{"score":9,"maxScore":9,"error":0},"keyphraseInDescription":{"score":9,"maxScore":9,"error":0},"keyphraseLength":{"score":9,"maxScore":9,"error":0,"length":1},"keyphraseInURL":{"score":5,"maxScore":5,"error":0},"keyphraseInIntroduction":{"score":9,"maxScore":9,"error":0},"keyphraseInSubHeadings":{"score":3,"maxScore":9,"error":1},"keyphraseInImageAlt":{"score":3,"maxScore":9,"error":1},"keywordDensity":{"type":"best","score":9,"maxScore":9,"error":0}}},"additional":[{"keyphrase":"ICE","score":87,"analysis":{"keyphraseInDescription":{"score":9,"maxScore":9,"error":0},"keyphraseLength":{"score":9,"maxScore":9,"error":0,"length":1},"keyphraseInIntroduction":{"score":9,"maxScore":9,"error":0},"keyphraseInImageAlt":{"score":3,"maxScore":9,"error":1},"keywordDensity":{"type":"best","score":9,"maxScore":9,"error":0}}}]},"primary_term":null,"canonical_url":null,"og_title":"#post_title","og_description":null,"og_object_type":"default","og_image_type":"featured","og_image_url":"https:\/\/soymigrante.com\/revista\/wp-content\/uploads\/2025\/10\/alcalde-de-chicago-ice-free-zones-scaled.jpg","og_image_width":"0","og_image_height":"0","og_image_custom_url":null,"og_image_custom_fields":null,"og_video":"","og_custom_url":null,"og_article_section":null,"og_article_tags":null,"twitter_use_og":false,"twitter_card":"default","twitter_image_type":"featured","twitter_image_url":"https:\/\/soymigrante.com\/revista\/wp-content\/uploads\/2025\/10\/alcalde-de-chicago-ice-free-zones-scaled.jpg","twitter_image_custom_url":null,"twitter_image_custom_fields":null,"twitter_title":"#post_title","twitter_description":null,"schema":{"blockGraphs":[],"customGraphs":[],"default":{"data":{"Article":[],"Course":[],"Dataset":[],"FAQPage":[],"Movie":[],"Person":[],"Product":[],"ProductReview":[],"Car":[],"Recipe":[],"Service":[],"SoftwareApplication":[],"WebPage":[]},"graphName":"none","isEnabled":true},"graphs":[]},"schema_type":"default","schema_type_options":null,"pillar_content":false,"robots_default":true,"robots_noindex":false,"robots_noarchive":false,"robots_nosnippet":false,"robots_nofollow":false,"robots_noimageindex":false,"robots_noodp":false,"robots_notranslate":false,"robots_max_snippet":"-1","robots_max_videopreview":"-1","robots_max_imagepreview":"large","priority":null,"frequency":"default","local_seo":null,"seo_analyzer_scan_date":"2025-10-09 09:05:43","breadcrumb_settings":null,"limit_modified_date":false,"reviewed_by":"0","open_ai":null,"ai":{"faqs":[],"keyPoints":[],"titles":[],"descriptions":[],"socialPosts":{"email":[],"linkedin":[],"twitter":[],"facebook":[],"instagram":[]}},"created":"2025-10-06 22:32:21","updated":"2026-02-05 06:27:53"},"aioseo_breadcrumb":"<div class=\"aioseo-breadcrumbs\"><span class=\"aioseo-breadcrumb\">\n\t<a href=\"https:\/\/soymigrante.com\/revista\" title=\"Home\">Home<\/a>\n<\/span><span class=\"aioseo-breadcrumb-separator\">\u00bb<\/span><span class=\"aioseo-breadcrumb\">\n\t<a href=\"https:\/\/soymigrante.com\/revista\/category\/noticias\/\" title=\"Noticias\">Noticias<\/a>\n<\/span><span class=\"aioseo-breadcrumb-separator\">\u00bb<\/span><span class=\"aioseo-breadcrumb\">\n\tLa ciudad de Chicago decreta \u201czonas libres de ICE\u201d\n<\/span><\/div>","aioseo_breadcrumb_json":[{"label":"Home","link":"https:\/\/soymigrante.com\/revista"},{"label":"Noticias","link":"https:\/\/soymigrante.com\/revista\/category\/noticias\/"},{"label":"La ciudad de Chicago decreta &#8220;zonas libres de ICE&#8221;","link":"https:\/\/soymigrante.com\/revista\/la-ciudad-de-chicago-decreta-zonas-libres-de-ice\/"}],"_links":{"self":[{"href":"https:\/\/soymigrante.com\/revista\/wp-json\/wp\/v2\/posts\/46808","targetHints":{"allow":["GET"]}}],"collection":[{"href":"https:\/\/soymigrante.com\/revista\/wp-json\/wp\/v2\/posts"}],"about":[{"href":"https:\/\/soymigrante.com\/revista\/wp-json\/wp\/v2\/types\/post"}],"author":[{"embeddable":true,"href":"https:\/\/soymigrante.com\/revista\/wp-json\/wp\/v2\/users\/1"}],"replies":[{"embeddable":true,"href":"https:\/\/soymigrante.com\/revista\/wp-json\/wp\/v2\/comments?post=46808"}],"version-history":[{"count":11,"href":"https:\/\/soymigrante.com\/revista\/wp-json\/wp\/v2\/posts\/46808\/revisions"}],"predecessor-version":[{"id":46824,"href":"https:\/\/soymigrante.com\/revista\/wp-json\/wp\/v2\/posts\/46808\/revisions\/46824"}],"wp:featuredmedia":[{"embeddable":true,"href":"https:\/\/soymigrante.com\/revista\/wp-json\/wp\/v2\/media\/46809"}],"wp:attachment":[{"href":"https:\/\/soymigrante.com\/revista\/wp-json\/wp\/v2\/media?parent=46808"}],"wp:term":[{"taxonomy":"category","embeddable":true,"href":"https:\/\/soymigrante.com\/revista\/wp-json\/wp\/v2\/categories?post=46808"},{"taxonomy":"post_tag","embeddable":true,"href":"https:\/\/soymigrante.com\/revista\/wp-json\/wp\/v2\/tags?post=46808"}],"curies":[{"name":"wp","href":"https:\/\/api.w.org\/{rel}","templated":true}]}}