{"id":4674,"date":"2024-02-01T00:01:52","date_gmt":"2024-02-01T06:01:52","guid":{"rendered":"https:\/\/soymigrante.com\/revista\/?p=4674"},"modified":"2024-11-01T14:35:18","modified_gmt":"2024-11-01T20:35:18","slug":"guatemalteco-juan-valdez-impulsa-talento-migrante-estados-unidos","status":"publish","type":"post","link":"https:\/\/soymigrante.com\/revista\/guatemalteco-juan-valdez-impulsa-talento-migrante-estados-unidos\/","title":{"rendered":"Juan Vald\u00e9z celebra el \u00e9xito de hermanos guatemaltecos migrantes"},"content":{"rendered":"\t\t<div data-elementor-type=\"wp-post\" data-elementor-id=\"4674\" class=\"elementor elementor-4674\" data-elementor-post-type=\"post\">\n\t\t\t\t\t\t<section data-particle_enable=\"false\" data-particle-mobile-disabled=\"false\" class=\"elementor-section elementor-top-section elementor-element elementor-element-5ff9f9f elementor-section-boxed elementor-section-height-default elementor-section-height-default\" data-id=\"5ff9f9f\" data-element_type=\"section\" data-e-type=\"section\">\n\t\t\t\t\t\t<div class=\"elementor-container elementor-column-gap-default\">\n\t\t\t\t\t<div class=\"elementor-column elementor-col-100 elementor-top-column elementor-element elementor-element-6a0b2dd\" data-id=\"6a0b2dd\" data-element_type=\"column\" data-e-type=\"column\">\n\t\t\t<div class=\"elementor-widget-wrap elementor-element-populated\">\n\t\t\t\t\t\t<div class=\"elementor-element elementor-element-14c0c51 elementor-widget elementor-widget-heading\" data-id=\"14c0c51\" data-element_type=\"widget\" data-e-type=\"widget\" data-widget_type=\"heading.default\">\n\t\t\t\t\t<h1 class=\"elementor-heading-title elementor-size-default\">El migrante Juan Valdez, originario de Jutiapa, trabaj\u00f3 15 a\u00f1os en un restaurante para  sobrevivir y enviar remesas  a su familia: pero nunca abandon\u00f3 su gran sue\u00f1o, para el cual se prepar\u00f3 acad\u00e9micamente. No fue f\u00e1cil, ni r\u00e1pido, pero hoy cosecha los frutos.<\/h1>\t\t\t\t<\/div>\n\t\t\t\t\t<\/div>\n\t\t<\/div>\n\t\t\t\t\t<\/div>\n\t\t<\/section>\n\t\t\t\t<section data-particle_enable=\"false\" data-particle-mobile-disabled=\"false\" class=\"elementor-section elementor-top-section elementor-element elementor-element-d3d62c8 elementor-section-boxed elementor-section-height-default elementor-section-height-default\" data-id=\"d3d62c8\" data-element_type=\"section\" data-e-type=\"section\">\n\t\t\t\t\t\t<div class=\"elementor-container elementor-column-gap-default\">\n\t\t\t\t\t<div class=\"elementor-column elementor-col-100 elementor-top-column elementor-element elementor-element-e8d7d09\" data-id=\"e8d7d09\" data-element_type=\"column\" data-e-type=\"column\">\n\t\t\t<div class=\"elementor-widget-wrap elementor-element-populated\">\n\t\t\t\t\t\t<div class=\"elementor-element elementor-element-68cc033 elementor-widget elementor-widget-image\" data-id=\"68cc033\" data-element_type=\"widget\" data-e-type=\"widget\" data-widget_type=\"image.default\">\n\t\t\t\t\t\t\t\t\t\t\t\t<figure class=\"wp-caption\">\n\t\t\t\t\t\t\t\t\t\t<img fetchpriority=\"high\" decoding=\"async\" width=\"927\" height=\"696\" src=\"https:\/\/soymigrante.com\/revista\/wp-content\/uploads\/2024\/01\/Captura-de-pantalla-2024-01-31-234612.webp\" class=\"attachment-large size-large wp-image-4696\" alt=\"El entusiasmo y profesionalismo del migrante guatemalteco Juan Valdez como conductor de eventos le han convertido en protagonista de numerosos eventos en Estados Unidos.\" srcset=\"https:\/\/soymigrante.com\/revista\/wp-content\/uploads\/2024\/01\/Captura-de-pantalla-2024-01-31-234612.webp 927w, https:\/\/soymigrante.com\/revista\/wp-content\/uploads\/2024\/01\/Captura-de-pantalla-2024-01-31-234612-300x225.webp 300w, https:\/\/soymigrante.com\/revista\/wp-content\/uploads\/2024\/01\/Captura-de-pantalla-2024-01-31-234612-768x577.webp 768w, https:\/\/soymigrante.com\/revista\/wp-content\/uploads\/2024\/01\/Captura-de-pantalla-2024-01-31-234612-750x563.webp 750w\" sizes=\"(max-width: 927px) 100vw, 927px\" title=\"El entusiasmo y profesionalismo del migrante guatemalteco Juan Valdez como conductor de eventos le han convertido en protagonista de numerosos eventos en Estados Unidos. \u2013 SoyMigrante.com REVISTA\" \/>\t\t\t\t\t\t\t\t\t\t\t<figcaption class=\"widget-image-caption wp-caption-text\">El entusiasmo y profesionalismo del migrante guatemalteco Juan Valdez como conductor de eventos le han convertido en protagonista de numerosos eventos en Estados Unidos. <\/figcaption>\n\t\t\t\t\t\t\t\t\t\t<\/figure>\n\t\t\t\t\t\t\t\t\t<\/div>\n\t\t\t\t\t<\/div>\n\t\t<\/div>\n\t\t\t\t\t<\/div>\n\t\t<\/section>\n\t\t\t\t<section data-particle_enable=\"false\" data-particle-mobile-disabled=\"false\" class=\"elementor-section elementor-top-section elementor-element elementor-element-2a41d3f elementor-section-boxed elementor-section-height-default elementor-section-height-default\" data-id=\"2a41d3f\" data-element_type=\"section\" data-e-type=\"section\">\n\t\t\t\t\t\t<div class=\"elementor-container elementor-column-gap-default\">\n\t\t\t\t\t<div class=\"elementor-column elementor-col-100 elementor-top-column elementor-element elementor-element-2dfa235\" data-id=\"2dfa235\" data-element_type=\"column\" data-e-type=\"column\">\n\t\t\t<div class=\"elementor-widget-wrap elementor-element-populated\">\n\t\t\t\t\t\t<div class=\"elementor-element elementor-element-13997ab elementor-widget elementor-widget-text-editor\" data-id=\"13997ab\" data-element_type=\"widget\" data-e-type=\"widget\" data-widget_type=\"text-editor.default\">\n\t\t\t\t\t\t\t\t\t<p>&#8220;Soy el Juan Valdez guatemalteco&#8221; dice con enorme sonrisa el animador, locutor, escritor, motivador y promotor cultural que por estos d\u00edas promociona la gala de premios Guatemaltecos USA, en la cual homenajear\u00e1 a migrantes chapines radicados en el noreste de Estados Unidos, el pr\u00f3ximo 18 de febrero.<\/p><p>La aclaraci\u00f3n del nombre viene porque existe la marca de caf\u00e9 colombiano Juan Valdez. &#8220;Una vez como presentador me encontr\u00e9 con el cantante colombiano Carlos Vives y al decirle que me llamaba Juan Valdez pens\u00f3 que le estaba haciendo una broma. &#8220;\u00a1No! As\u00ed me llamo, le dije y \u00e9l sonri\u00f3: Ok hermano me dijo: eres el Juan Valdez guatemalteco&#8221;, relata..<\/p>\t\t\t\t\t\t\t\t<\/div>\n\t\t\t\t\t<\/div>\n\t\t<\/div>\n\t\t\t\t\t<\/div>\n\t\t<\/section>\n\t\t\t\t<section data-particle_enable=\"false\" data-particle-mobile-disabled=\"false\" class=\"elementor-section elementor-top-section elementor-element elementor-element-e37aff2 elementor-section-boxed elementor-section-height-default elementor-section-height-default\" data-id=\"e37aff2\" data-element_type=\"section\" data-e-type=\"section\">\n\t\t\t\t\t\t<div class=\"elementor-container elementor-column-gap-default\">\n\t\t\t\t\t<div class=\"elementor-column elementor-col-100 elementor-top-column elementor-element elementor-element-bec4201\" data-id=\"bec4201\" data-element_type=\"column\" data-e-type=\"column\">\n\t\t\t<div class=\"elementor-widget-wrap elementor-element-populated\">\n\t\t\t\t\t\t<div class=\"elementor-element elementor-element-dd74a83 elementor-invisible elementor-widget elementor-widget-facebook-embed\" data-id=\"dd74a83\" data-element_type=\"widget\" data-e-type=\"widget\" data-settings=\"{&quot;_animation&quot;:&quot;swing&quot;}\" data-widget_type=\"facebook-embed.default\">\n\t\t\t\t\t<div style=\"min-height: 1px\" class=\"elementor-facebook-widget fb-post\" data-href=\"https:\/\/www.facebook.com\/reel\/1363080777683918\" data-show-text=\"true\"><\/div>\t\t\t\t<\/div>\n\t\t\t\t\t<\/div>\n\t\t<\/div>\n\t\t\t\t\t<\/div>\n\t\t<\/section>\n\t\t\t\t<section data-particle_enable=\"false\" data-particle-mobile-disabled=\"false\" class=\"elementor-section elementor-top-section elementor-element elementor-element-1caccab elementor-section-boxed elementor-section-height-default elementor-section-height-default\" data-id=\"1caccab\" data-element_type=\"section\" data-e-type=\"section\">\n\t\t\t\t\t\t<div class=\"elementor-container elementor-column-gap-default\">\n\t\t\t\t\t<div class=\"elementor-column elementor-col-100 elementor-top-column elementor-element elementor-element-aa6ee01\" data-id=\"aa6ee01\" data-element_type=\"column\" data-e-type=\"column\">\n\t\t\t<div class=\"elementor-widget-wrap elementor-element-populated\">\n\t\t\t\t\t\t<div class=\"elementor-element elementor-element-294771c elementor-widget elementor-widget-heading\" data-id=\"294771c\" data-element_type=\"widget\" data-e-type=\"widget\" data-widget_type=\"heading.default\">\n\t\t\t\t\t<h2 class=\"elementor-heading-title elementor-size-default\">A empezar de cero<\/h2>\t\t\t\t<\/div>\n\t\t\t\t\t<\/div>\n\t\t<\/div>\n\t\t\t\t\t<\/div>\n\t\t<\/section>\n\t\t\t\t<section data-particle_enable=\"false\" data-particle-mobile-disabled=\"false\" class=\"elementor-section elementor-top-section elementor-element elementor-element-e7a2a03 elementor-section-boxed elementor-section-height-default elementor-section-height-default\" data-id=\"e7a2a03\" data-element_type=\"section\" data-e-type=\"section\">\n\t\t\t\t\t\t<div class=\"elementor-container elementor-column-gap-default\">\n\t\t\t\t\t<div class=\"elementor-column elementor-col-100 elementor-top-column elementor-element elementor-element-b88838c\" data-id=\"b88838c\" data-element_type=\"column\" data-e-type=\"column\">\n\t\t\t<div class=\"elementor-widget-wrap elementor-element-populated\">\n\t\t\t\t\t\t<div class=\"elementor-element elementor-element-727cf4f elementor-widget elementor-widget-text-editor\" data-id=\"727cf4f\" data-element_type=\"widget\" data-e-type=\"widget\" data-widget_type=\"text-editor.default\">\n\t\t\t\t\t\t\t\t\t<p><span style=\"color: var( --e-global-color-text );\">&#8220;Vine a Estados Unidos cuando ten\u00eda 20 a\u00f1os, tengo 45. La primera vez en el desierto ya casi me mor\u00eda. Caminamos tres d\u00edas bajo la lluvia, no sab\u00eda si era sudor, l\u00e1grimas o agua imag\u00ednate dormir en los espinales. Ten\u00eda miedo de no despertar. Llevaba mucho tiempo de no comer, sent\u00eda la pura hiel en la boca, no hab\u00eda comida. Me acost\u00e9 y dije: voy a hacer una \u00faltima oraci\u00f3n. Estoy seguro que aqu\u00ed me quedo, pens\u00e9. Al otro d\u00eda despert\u00e9 y me preguntaron que con quien yo platicaba..&#8221;, relata Juan Vald\u00e9z, originario de Jutiapa, Guatemala, en donde creci\u00f3 con su t\u00eda y abuelos.<\/span><\/p><p>Cuando dej\u00f3 su tierra ten\u00eda 8 meses de haberse graduado de maestro de educaci\u00f3n primaria. Y con esa formaci\u00f3n lleg\u00f3 a Estados Unidos, pero para empezar pr\u00e1cticamente de cero, como tantos migrantse, reconoce: &#8220;Mi primer trabajo fue en un carwash y el primer carro que me toc\u00f3 lavar era de un policia. Ten\u00eda miedo de lavarlo porque pens\u00e9 que me iba a deportar&#8221;.<\/p>\t\t\t\t\t\t\t\t<\/div>\n\t\t\t\t\t<\/div>\n\t\t<\/div>\n\t\t\t\t\t<\/div>\n\t\t<\/section>\n\t\t\t\t<section data-particle_enable=\"false\" data-particle-mobile-disabled=\"false\" class=\"elementor-section elementor-top-section elementor-element elementor-element-7a887eb elementor-section-boxed elementor-section-height-default elementor-section-height-default\" data-id=\"7a887eb\" data-element_type=\"section\" data-e-type=\"section\">\n\t\t\t\t\t\t<div class=\"elementor-container elementor-column-gap-default\">\n\t\t\t\t\t<div class=\"elementor-column elementor-col-100 elementor-top-column elementor-element elementor-element-fb6830c\" data-id=\"fb6830c\" data-element_type=\"column\" data-e-type=\"column\">\n\t\t\t<div class=\"elementor-widget-wrap elementor-element-populated\">\n\t\t\t\t\t\t<div class=\"elementor-element elementor-element-8c038bd elementor-invisible elementor-widget elementor-widget-facebook-embed\" data-id=\"8c038bd\" data-element_type=\"widget\" data-e-type=\"widget\" data-settings=\"{&quot;_animation&quot;:&quot;rotateInUpRight&quot;}\" data-widget_type=\"facebook-embed.default\">\n\t\t\t\t\t<div style=\"min-height: 1px\" class=\"elementor-facebook-widget fb-video\" data-href=\"https:\/\/www.facebook.com\/juanvaldezcom\/videos\/1548819675522779\" data-show-text=\"false\" data-allowfullscreen=\"false\" data-autoplay=\"false\" data-show-captions=\"false\"><\/div>\t\t\t\t<\/div>\n\t\t\t\t\t<\/div>\n\t\t<\/div>\n\t\t\t\t\t<\/div>\n\t\t<\/section>\n\t\t\t\t<section data-particle_enable=\"false\" data-particle-mobile-disabled=\"false\" class=\"elementor-section elementor-top-section elementor-element elementor-element-623ebf0 elementor-section-boxed elementor-section-height-default elementor-section-height-default\" data-id=\"623ebf0\" data-element_type=\"section\" data-e-type=\"section\">\n\t\t\t\t\t\t<div class=\"elementor-container elementor-column-gap-default\">\n\t\t\t\t\t<div class=\"elementor-column elementor-col-100 elementor-top-column elementor-element elementor-element-d7c3a11\" data-id=\"d7c3a11\" data-element_type=\"column\" data-e-type=\"column\">\n\t\t\t<div class=\"elementor-widget-wrap elementor-element-populated\">\n\t\t\t\t\t\t<div class=\"elementor-element elementor-element-98370ce elementor-widget elementor-widget-heading\" data-id=\"98370ce\" data-element_type=\"widget\" data-e-type=\"widget\" data-widget_type=\"heading.default\">\n\t\t\t\t\t<h2 class=\"elementor-heading-title elementor-size-default\">Que la rutina nunca corte los sue\u00f1os <\/h2>\t\t\t\t<\/div>\n\t\t\t\t\t<\/div>\n\t\t<\/div>\n\t\t\t\t\t<\/div>\n\t\t<\/section>\n\t\t\t\t<section data-particle_enable=\"false\" data-particle-mobile-disabled=\"false\" class=\"elementor-section elementor-top-section elementor-element elementor-element-5f3a6b4 elementor-section-boxed elementor-section-height-default elementor-section-height-default\" data-id=\"5f3a6b4\" data-element_type=\"section\" data-e-type=\"section\">\n\t\t\t\t\t\t<div class=\"elementor-container elementor-column-gap-default\">\n\t\t\t\t\t<div class=\"elementor-column elementor-col-100 elementor-top-column elementor-element elementor-element-766de30\" data-id=\"766de30\" data-element_type=\"column\" data-e-type=\"column\">\n\t\t\t<div class=\"elementor-widget-wrap elementor-element-populated\">\n\t\t\t\t\t\t<div class=\"elementor-element elementor-element-20078bf elementor-widget elementor-widget-text-editor\" data-id=\"20078bf\" data-element_type=\"widget\" data-e-type=\"widget\" data-widget_type=\"text-editor.default\">\n\t\t\t\t\t\t\t\t\t<p>Juan trabaj\u00f3 duro para poder enviar una remesa mensual a sus abuelos y a su t\u00eda, con quienes creci\u00f3. Durante 15 a\u00f1os trabaj\u00f3 en un restaurante. &#8220;Una semana de sueldo era para m\u00ed, otra para enviar&#8221;, pero quer\u00eda crecer, avanzar, aprender.\u00a0<span style=\"color: var( --e-global-color-text );\">&#8220;Hice el esfuerzo y me pagu\u00e9 una carrera de locutor en Nueva York; despu\u00e9s estudi\u00e9\u00a0 para maestro de ceremonias, conferencista, tambi\u00e9n actuaci\u00f3n&#8221;.<\/span><\/p><p>Con sus acciones refuerza el consejo que da: invertir el tiempo en aprender. Es cansado, pero solo as\u00ed se crece.\u00a0<span style=\"color: var( --e-global-color-text );\">&#8220;La misma situaci\u00f3n dif\u00edcil te dice tengo que sobresalir, pero nuestros salarios a veces nos cortan los sue\u00f1os, a\u00fan as\u00ed tienes que despertar&#8221;, aconseja Juan Vald\u00e9z, quien relata sus aprendizajes en dos libros. El primero se llama El \u00e9xito y fracaso del Norte y el segundo, Cada quien construye su \u00e9xito.<\/span><\/p><p>Juan Valdez tambi\u00e9n recomienda crear sanas relaciones: &#8220;Integrarte a grupos sociales, religiosos, deporte, voluntariado, tienes que estar integrado porque si solo est\u00e1s de la casa al trabajo la soledad te mata&#8221;, afirma.<\/p>\t\t\t\t\t\t\t\t<\/div>\n\t\t\t\t\t<\/div>\n\t\t<\/div>\n\t\t\t\t\t<\/div>\n\t\t<\/section>\n\t\t\t\t<section data-particle_enable=\"false\" data-particle-mobile-disabled=\"false\" class=\"elementor-section elementor-top-section elementor-element elementor-element-6359c71 elementor-section-boxed elementor-section-height-default elementor-section-height-default\" data-id=\"6359c71\" data-element_type=\"section\" data-e-type=\"section\">\n\t\t\t\t\t\t<div class=\"elementor-container elementor-column-gap-default\">\n\t\t\t\t\t<div class=\"elementor-column elementor-col-100 elementor-top-column elementor-element elementor-element-f20af56\" data-id=\"f20af56\" data-element_type=\"column\" data-e-type=\"column\">\n\t\t\t<div class=\"elementor-widget-wrap elementor-element-populated\">\n\t\t\t\t\t\t<div class=\"elementor-element elementor-element-c22b8a9 elementor-invisible elementor-widget elementor-widget-testimonial\" data-id=\"c22b8a9\" data-element_type=\"widget\" data-e-type=\"widget\" data-settings=\"{&quot;_animation&quot;:&quot;slideInRight&quot;}\" data-widget_type=\"testimonial.default\">\n\t\t\t\t\t\t\t<div class=\"elementor-testimonial-wrapper\">\n\t\t\t\t\t\t\t<div class=\"elementor-testimonial-content\">\"Amo a Guatemala y en cada ciudad que me toca visitar en Estados Unidos trato de buscar un lugar de comida guatemalteca para recordar mis ra\u00edces\"<\/div>\n\t\t\t\n\t\t\t\t\t\t<div class=\"elementor-testimonial-meta elementor-has-image elementor-testimonial-image-position-aside\">\n\t\t\t\t<div class=\"elementor-testimonial-meta-inner\">\n\t\t\t\t\t\t\t\t\t\t\t<div class=\"elementor-testimonial-image\">\n\t\t\t\t\t\t\t<img decoding=\"async\" width=\"1057\" height=\"783\" src=\"https:\/\/soymigrante.com\/revista\/wp-content\/uploads\/2024\/01\/JUAN-VALDEZ-GRAMA2.webp\" class=\"attachment-full size-full wp-image-4697\" alt=\"Juan Valdez Migrante guatemalteco\" title=\"Juan Valdez Migrante guatemalteco \u2013 SoyMigrante.com REVISTA\" srcset=\"https:\/\/soymigrante.com\/revista\/wp-content\/uploads\/2024\/01\/JUAN-VALDEZ-GRAMA2.webp 1057w, https:\/\/soymigrante.com\/revista\/wp-content\/uploads\/2024\/01\/JUAN-VALDEZ-GRAMA2-300x222.webp 300w, https:\/\/soymigrante.com\/revista\/wp-content\/uploads\/2024\/01\/JUAN-VALDEZ-GRAMA2-1024x759.webp 1024w, https:\/\/soymigrante.com\/revista\/wp-content\/uploads\/2024\/01\/JUAN-VALDEZ-GRAMA2-768x569.webp 768w, https:\/\/soymigrante.com\/revista\/wp-content\/uploads\/2024\/01\/JUAN-VALDEZ-GRAMA2-750x556.webp 750w\" sizes=\"(max-width: 1057px) 100vw, 1057px\" \/>\t\t\t\t\t\t<\/div>\n\t\t\t\t\t\n\t\t\t\t\t\t\t\t\t\t<div class=\"elementor-testimonial-details\">\n\t\t\t\t\t\t\t\t\t\t\t\t\t\t<div class=\"elementor-testimonial-name\">Juan Valdez<\/div>\n\t\t\t\t\t\t\t\t\t\t\t\t\t\t\t\t\t\t\t\t\t\t<div class=\"elementor-testimonial-job\">Locutor, organizador y conductor de eventos, escritor, motivador y migrante guatemalteco radicado en Chicago,<\/div>\n\t\t\t\t\t\t\t\t\t\t\t\t\t<\/div>\n\t\t\t\t\t\t\t\t\t<\/div>\n\t\t\t<\/div>\n\t\t\t\t\t<\/div>\n\t\t\t\t\t\t<\/div>\n\t\t\t\t\t<\/div>\n\t\t<\/div>\n\t\t\t\t\t<\/div>\n\t\t<\/section>\n\t\t\t\t<section data-particle_enable=\"false\" data-particle-mobile-disabled=\"false\" class=\"elementor-section elementor-top-section elementor-element elementor-element-a83c949 elementor-section-boxed elementor-section-height-default elementor-section-height-default\" data-id=\"a83c949\" data-element_type=\"section\" data-e-type=\"section\">\n\t\t\t\t\t\t<div class=\"elementor-container elementor-column-gap-default\">\n\t\t\t\t\t<div class=\"elementor-column elementor-col-100 elementor-top-column elementor-element elementor-element-b8da92a\" data-id=\"b8da92a\" data-element_type=\"column\" data-e-type=\"column\">\n\t\t\t<div class=\"elementor-widget-wrap elementor-element-populated\">\n\t\t\t\t\t\t<div class=\"elementor-element elementor-element-a83e6bc elementor-widget elementor-widget-heading\" data-id=\"a83e6bc\" data-element_type=\"widget\" data-e-type=\"widget\" data-widget_type=\"heading.default\">\n\t\t\t\t\t<h2 class=\"elementor-heading-title elementor-size-default\">\"En EE.UU. tiene \u00e9xito y tiene fracaso\" <\/h2>\t\t\t\t<\/div>\n\t\t\t\t\t<\/div>\n\t\t<\/div>\n\t\t\t\t\t<\/div>\n\t\t<\/section>\n\t\t\t\t<section data-particle_enable=\"false\" data-particle-mobile-disabled=\"false\" class=\"elementor-section elementor-top-section elementor-element elementor-element-3bc4be8 elementor-section-boxed elementor-section-height-default elementor-section-height-default\" data-id=\"3bc4be8\" data-element_type=\"section\" data-e-type=\"section\">\n\t\t\t\t\t\t<div class=\"elementor-container elementor-column-gap-default\">\n\t\t\t\t\t<div class=\"elementor-column elementor-col-100 elementor-top-column elementor-element elementor-element-08859d9\" data-id=\"08859d9\" data-element_type=\"column\" data-e-type=\"column\">\n\t\t\t<div class=\"elementor-widget-wrap elementor-element-populated\">\n\t\t\t\t\t\t<div class=\"elementor-element elementor-element-b1dea79 elementor-widget elementor-widget-text-editor\" data-id=\"b1dea79\" data-element_type=\"widget\" data-e-type=\"widget\" data-widget_type=\"text-editor.default\">\n\t\t\t\t\t\t\t\t\t<p>&#8220;Estados Unidos tiene \u00e9xito y fracaso. Hay mucho muchos lugares de perdici\u00f3n, cantinas, bares, drogas, prostituci\u00f3n, alcohol, armas, narcotr\u00e1fico: de todo. Pero tambi\u00e9n hay \u00e9xito si lo quieres buscar&#8221;, dice con decisi\u00f3n.<\/p><p>Juan Valdez v<span style=\"color: var( --e-global-color-text );\">alora enormemente el hecho de ser guatemalteco. &#8220;No perder de vista de d\u00f3nde venis porque a partir de eso tra\u00e9s un prop\u00f3sito&#8221;, declara. Agradece a su mam\u00e1 el apoyo que le ha dado y siempre guarda en su coraz\u00f3n los consejos de sus abuelos, quienes ya fallecieron, pero viven en su coraz\u00f3n.<\/span><\/p><p>Por ese mismo amor a Guatemala, Juan Vald\u00e9z ha organizado varios reconocimientos, entre los cuales figura Guatemaltecos USA 2024, para\u00a0 \u00a0resaltar el talento migrante chap\u00edn.\u00a0 &#8220;Abarca gente de New Jersey, New York y Connecticut,\u00a0 Oklahoma, Massachusets y Washington D.C.<\/p><p>&#8220;Necesitamos brillar y hay guatemalteca a la cual aplaudirle el \u00e9xito: por tener una panader\u00eda, un supermercado, un emprendimiento. Si est\u00e1s luchando por un sue\u00f1o paisano, yo te aplaudo&#8221;, dice entusiasmado.<\/p>\t\t\t\t\t\t\t\t<\/div>\n\t\t\t\t\t<\/div>\n\t\t<\/div>\n\t\t\t\t\t<\/div>\n\t\t<\/section>\n\t\t\t\t<section data-particle_enable=\"false\" data-particle-mobile-disabled=\"false\" class=\"elementor-section elementor-top-section elementor-element elementor-element-6fae0b5 elementor-section-boxed elementor-section-height-default elementor-section-height-default\" data-id=\"6fae0b5\" data-element_type=\"section\" data-e-type=\"section\">\n\t\t\t\t\t\t<div class=\"elementor-container elementor-column-gap-default\">\n\t\t\t\t\t<div class=\"elementor-column elementor-col-100 elementor-top-column elementor-element elementor-element-9bcebdf\" data-id=\"9bcebdf\" data-element_type=\"column\" data-e-type=\"column\">\n\t\t\t<div class=\"elementor-widget-wrap elementor-element-populated\">\n\t\t\t\t\t\t<div class=\"elementor-element elementor-element-0e344a6 elementor-widget elementor-widget-image-gallery\" data-id=\"0e344a6\" data-element_type=\"widget\" data-e-type=\"widget\" data-settings=\"{&quot;motion_fx_motion_fx_mouse&quot;:&quot;yes&quot;,&quot;motion_fx_mouseTrack_effect&quot;:&quot;yes&quot;,&quot;motion_fx_mouseTrack_speed&quot;:{&quot;unit&quot;:&quot;px&quot;,&quot;size&quot;:0.8,&quot;sizes&quot;:[]}}\" data-widget_type=\"image-gallery.default\">\n\t\t\t\t\t\t\t<div class=\"elementor-image-gallery\">\n\t\t\t<div id='gallery-1' class='gallery galleryid-4674 gallery-columns-2 gallery-size-medium_large'><figure class='gallery-item'>\n\t\t\t<div class='gallery-icon portrait'>\n\t\t\t\t<a data-elementor-open-lightbox=\"yes\" data-elementor-lightbox-slideshow=\"0e344a6\" data-elementor-lightbox-title=\"juan libro 1\" data-e-action-hash=\"#elementor-action%3Aaction%3Dlightbox%26settings%3DeyJpZCI6NDY5NCwidXJsIjoiaHR0cHM6XC9cL3NveW1pZ3JhbnRlLmNvbVwvcmV2aXN0YVwvd3AtY29udGVudFwvdXBsb2Fkc1wvMjAyNFwvMDFcL2p1YW4tbGlicm8tMS53ZWJwIiwic2xpZGVzaG93IjoiMGUzNDRhNiJ9\" href='https:\/\/soymigrante.com\/revista\/wp-content\/uploads\/2024\/01\/juan-libro-1.webp'><img decoding=\"async\" width=\"768\" height=\"1130\" src=\"https:\/\/soymigrante.com\/revista\/wp-content\/uploads\/2024\/01\/juan-libro-1-768x1130.webp\" class=\"attachment-medium_large size-medium_large\" alt=\"\" srcset=\"https:\/\/soymigrante.com\/revista\/wp-content\/uploads\/2024\/01\/juan-libro-1-768x1130.webp 768w, https:\/\/soymigrante.com\/revista\/wp-content\/uploads\/2024\/01\/juan-libro-1-204x300.webp 204w, https:\/\/soymigrante.com\/revista\/wp-content\/uploads\/2024\/01\/juan-libro-1-696x1024.webp 696w, https:\/\/soymigrante.com\/revista\/wp-content\/uploads\/2024\/01\/juan-libro-1-750x1103.webp 750w, https:\/\/soymigrante.com\/revista\/wp-content\/uploads\/2024\/01\/juan-libro-1.webp 777w\" sizes=\"(max-width: 768px) 100vw, 768px\" title=\"juan libro 1 \u2013 SoyMigrante.com REVISTA\" \/><\/a>\n\t\t\t<\/div><\/figure><figure class='gallery-item'>\n\t\t\t<div class='gallery-icon portrait'>\n\t\t\t\t<a data-elementor-open-lightbox=\"yes\" data-elementor-lightbox-slideshow=\"0e344a6\" data-elementor-lightbox-title=\"libro juan\" data-e-action-hash=\"#elementor-action%3Aaction%3Dlightbox%26settings%3DeyJpZCI6NDY5NSwidXJsIjoiaHR0cHM6XC9cL3NveW1pZ3JhbnRlLmNvbVwvcmV2aXN0YVwvd3AtY29udGVudFwvdXBsb2Fkc1wvMjAyNFwvMDFcL2xpYnJvLWp1YW4ud2VicCIsInNsaWRlc2hvdyI6IjBlMzQ0YTYifQ%3D%3D\" href='https:\/\/soymigrante.com\/revista\/wp-content\/uploads\/2024\/01\/libro-juan.webp'><img loading=\"lazy\" decoding=\"async\" width=\"324\" height=\"500\" src=\"https:\/\/soymigrante.com\/revista\/wp-content\/uploads\/2024\/01\/libro-juan.webp\" class=\"attachment-medium_large size-medium_large\" alt=\"\" srcset=\"https:\/\/soymigrante.com\/revista\/wp-content\/uploads\/2024\/01\/libro-juan.webp 324w, https:\/\/soymigrante.com\/revista\/wp-content\/uploads\/2024\/01\/libro-juan-194x300.webp 194w\" sizes=\"(max-width: 324px) 100vw, 324px\" title=\"libro juan \u2013 SoyMigrante.com REVISTA\" \/><\/a>\n\t\t\t<\/div><\/figure>\n\t\t<\/div>\n\t\t<\/div>\n\t\t\t\t\t\t<\/div>\n\t\t\t\t\t<\/div>\n\t\t<\/div>\n\t\t\t\t\t<\/div>\n\t\t<\/section>\n\t\t\t\t<section data-particle_enable=\"false\" data-particle-mobile-disabled=\"false\" class=\"elementor-section elementor-top-section elementor-element elementor-element-cbc4a65 elementor-section-boxed elementor-section-height-default elementor-section-height-default\" data-id=\"cbc4a65\" data-element_type=\"section\" data-e-type=\"section\">\n\t\t\t\t\t\t<div class=\"elementor-container elementor-column-gap-default\">\n\t\t\t\t\t<div class=\"elementor-column elementor-col-100 elementor-top-column elementor-element elementor-element-27ea919\" data-id=\"27ea919\" data-element_type=\"column\" data-e-type=\"column\">\n\t\t\t<div class=\"elementor-widget-wrap elementor-element-populated\">\n\t\t\t\t\t\t<div class=\"elementor-element elementor-element-1752775 elementor-widget elementor-widget-text-editor\" data-id=\"1752775\" data-element_type=\"widget\" data-e-type=\"widget\" data-widget_type=\"text-editor.default\">\n\t\t\t\t\t\t\t\t\t<p>Juan Valdez comparte sus vivencias y aprendizajes a trav\u00e9s de dos libros: El \u00e9xito y fracaso del Norte, y Cada quiien construye su \u00e9xito. <a href=\"https:\/\/www.amazon.com\/-\/es\/Juan-Carlos-Valdez\/dp\/0998540870\">Este \u00faltimo est\u00e1 disponible por Amazon.<\/a><\/p>\t\t\t\t\t\t\t\t<\/div>\n\t\t\t\t\t<\/div>\n\t\t<\/div>\n\t\t\t\t\t<\/div>\n\t\t<\/section>\n\t\t\t\t<section data-particle_enable=\"false\" data-particle-mobile-disabled=\"false\" class=\"elementor-section elementor-top-section elementor-element elementor-element-249738b elementor-section-boxed elementor-section-height-default elementor-section-height-default\" data-id=\"249738b\" data-element_type=\"section\" data-e-type=\"section\">\n\t\t\t\t\t\t<div class=\"elementor-container elementor-column-gap-default\">\n\t\t\t\t\t<div class=\"elementor-column elementor-col-100 elementor-top-column elementor-element elementor-element-adc1add\" data-id=\"adc1add\" data-element_type=\"column\" data-e-type=\"column\">\n\t\t\t<div class=\"elementor-widget-wrap elementor-element-populated\">\n\t\t\t\t\t\t<div class=\"elementor-element elementor-element-f7a7511 elementor-widget elementor-widget-heading\" data-id=\"f7a7511\" data-element_type=\"widget\" data-e-type=\"widget\" data-widget_type=\"heading.default\">\n\t\t\t\t\t<h2 class=\"elementor-heading-title elementor-size-default\">M\u00e1s claves de inspiraci\u00f3n y mejora en SoyMigrante.com<\/h2>\t\t\t\t<\/div>\n\t\t\t\t\t<\/div>\n\t\t<\/div>\n\t\t\t\t\t<\/div>\n\t\t<\/section>\n\t\t\t\t<section data-particle_enable=\"false\" data-particle-mobile-disabled=\"false\" class=\"elementor-section elementor-top-section elementor-element elementor-element-a66b48e elementor-section-boxed elementor-section-height-default elementor-section-height-default\" data-id=\"a66b48e\" data-element_type=\"section\" data-e-type=\"section\">\n\t\t\t\t\t\t<div class=\"elementor-container elementor-column-gap-default\">\n\t\t\t\t\t<div class=\"elementor-column elementor-col-100 elementor-top-column elementor-element elementor-element-fe866df\" data-id=\"fe866df\" data-element_type=\"column\" data-e-type=\"column\">\n\t\t\t<div class=\"elementor-widget-wrap elementor-element-populated\">\n\t\t\t\t\t\t<div class=\"elementor-element elementor-element-bec6348 elementor-widget elementor-widget-blfe-post-grid\" data-id=\"bec6348\" data-element_type=\"widget\" data-e-type=\"widget\" data-settings=\"{&quot;columns&quot;:&quot;3&quot;,&quot;columns_tablet&quot;:&quot;6&quot;,&quot;columns_mobile&quot;:&quot;12&quot;,&quot;hero1_layout_column_gap&quot;:{&quot;unit&quot;:&quot;px&quot;,&quot;size&quot;:30,&quot;sizes&quot;:[]},&quot;hero1_layout_column_gap_tablet&quot;:{&quot;unit&quot;:&quot;px&quot;,&quot;size&quot;:&quot;&quot;,&quot;sizes&quot;:[]},&quot;hero1_layout_column_gap_mobile&quot;:{&quot;unit&quot;:&quot;px&quot;,&quot;size&quot;:&quot;&quot;,&quot;sizes&quot;:[]},&quot;hero1_layout_row_gap&quot;:{&quot;unit&quot;:&quot;px&quot;,&quot;size&quot;:30,&quot;sizes&quot;:[]},&quot;hero1_layout_row_gap_tablet&quot;:{&quot;unit&quot;:&quot;px&quot;,&quot;size&quot;:&quot;&quot;,&quot;sizes&quot;:[]},&quot;hero1_layout_row_gap_mobile&quot;:{&quot;unit&quot;:&quot;px&quot;,&quot;size&quot;:&quot;&quot;,&quot;sizes&quot;:[]}}\" data-widget_type=\"blfe-post-grid.hero1\">\n\t\t\t\t<div class=\"elementor-widget-container\">\n\t\t\t\t\t\n                        <div class=\"blfe-post-grid-container \">\n            \n                <div data-skin=\"hero1\" class=\"blfe-row blfe-posts-inner blfe-hero1 blfe-posts-inner blfe-col-3 blfe-col-tab-6 blfe-col-mob-12     \">\n                            <div class=\"blfe-post-grid-item\">\n            <div class=\"blfe-post-grid-item-inner blfe-modern-zoom\">\n                        <div class=\"blfe-post-grid-bg-image\">\n            <a class=\"blfe-post-grid-image-inner\" href=\"https:\/\/soymigrante.com\/revista\/zancudos-son-una-molestia-y-un-riesgo-en-guatemala-y-usa-claves-para-erradicarlos-y-cuidarse\/\" title=\"Zancudos son una molestia y un riesgo, en Guatemala y USA: claves para erradicarlos y cuidarse\" rel=\"nofollow\" target=\"_blank\"><img decoding=\"async\" src=\"https:\/\/soymigrante.com\/revista\/wp-content\/uploads\/2025\/07\/zancudos-e1753136678391.webp\" alt=\"Zancudos son una molestia y un riesgo, en Guatemala y USA: claves para erradicarlos y cuidarse\"\/><\/a>        <\/div>\n                        <div class=\"blfe-post-grid-details\">\n                    <div class=\"blfe-post-grid-details-inner\">\n                        <span class=\"blfe-post-category\"><a href=\"https:\/\/soymigrante.com\/revista\/category\/bienestar\/\">Bienestar<\/a><\/span>                        <h3 class=\"blfe-post-grid-title\">\n            <a href=\"https:\/\/soymigrante.com\/revista\/zancudos-son-una-molestia-y-un-riesgo-en-guatemala-y-usa-claves-para-erradicarlos-y-cuidarse\/\" title=\"Zancudos son una molestia y un riesgo, en Guatemala y USA: claves para erradicarlos y cuidarse\" rel=\"nofollow\" target=\"_blank\">Zancudos son una molestia y un riesgo, en Guatemala y USA: claves para erradicarlos y cuidarse<\/a>\n            <\/h3>                                                            <div class=\"blfe-post-grid-meta\">\n                <span class=\"blfe-post-grid-time\"><i class=\"fas fa-book-reader\"><\/i>4 Min read<\/span>            <\/div>\n                                                        <\/div>\n                <\/div>\n\n            <\/div>\n        <\/div>\n                <div class=\"blfe-post-grid-item\">\n            <div class=\"blfe-post-grid-item-inner blfe-modern-zoom\">\n                        <div class=\"blfe-post-grid-bg-image\">\n            <a class=\"blfe-post-grid-image-inner\" href=\"https:\/\/soymigrante.com\/revista\/sabes-cual-es-el-clima-en-cada-estado-de-usa\/\" title=\"Ya viene el fr\u00edo: estaciones clim\u00e1ticas son reto extra para migrantes en USA\" rel=\"nofollow\" target=\"_blank\"><img decoding=\"async\" src=\"https:\/\/soymigrante.com\/revista\/wp-content\/uploads\/2024\/10\/clima.webp\" alt=\"Ya viene el fr\u00edo: estaciones clim\u00e1ticas son reto extra para migrantes en USA\"\/><\/a>        <\/div>\n                        <div class=\"blfe-post-grid-details\">\n                    <div class=\"blfe-post-grid-details-inner\">\n                        <span class=\"blfe-post-category\"><a href=\"https:\/\/soymigrante.com\/revista\/category\/bienestar\/\">Bienestar<\/a><\/span>                        <h3 class=\"blfe-post-grid-title\">\n            <a href=\"https:\/\/soymigrante.com\/revista\/sabes-cual-es-el-clima-en-cada-estado-de-usa\/\" title=\"Ya viene el fr\u00edo: estaciones clim\u00e1ticas son reto extra para migrantes en USA\" rel=\"nofollow\" target=\"_blank\">Ya viene el fr\u00edo: estaciones clim\u00e1ticas son reto extra para migrantes en USA<\/a>\n            <\/h3>                                                            <div class=\"blfe-post-grid-meta\">\n                <span class=\"blfe-post-grid-time\"><i class=\"fas fa-book-reader\"><\/i>11 Min read<\/span>            <\/div>\n                                                        <\/div>\n                <\/div>\n\n            <\/div>\n        <\/div>\n                <div class=\"blfe-post-grid-item\">\n            <div class=\"blfe-post-grid-item-inner blfe-modern-zoom\">\n                        <div class=\"blfe-post-grid-bg-image\">\n            <a class=\"blfe-post-grid-image-inner\" href=\"https:\/\/soymigrante.com\/revista\/virtudes-cardinales-en-la-familia-la-templanza-que-es-y-como-fomentarla\/\" title=\"Virtudes cardinales en la familia: la templanza, qu\u00e9 es y c\u00f3mo fomentarla\" rel=\"nofollow\" target=\"_blank\"><img decoding=\"async\" src=\"https:\/\/soymigrante.com\/revista\/wp-content\/uploads\/2025\/05\/Virtudes-cardinales-en-la-familia-la-templanza-e1747170677722.webp\" alt=\"Virtudes cardinales en la familia: la templanza, qu\u00e9 es y c\u00f3mo fomentarla\"\/><\/a>        <\/div>\n                        <div class=\"blfe-post-grid-details\">\n                    <div class=\"blfe-post-grid-details-inner\">\n                        <span class=\"blfe-post-category\"><a href=\"https:\/\/soymigrante.com\/revista\/category\/bienestar\/en-familia\/\">En Familia<\/a><\/span>                        <h3 class=\"blfe-post-grid-title\">\n            <a href=\"https:\/\/soymigrante.com\/revista\/virtudes-cardinales-en-la-familia-la-templanza-que-es-y-como-fomentarla\/\" title=\"Virtudes cardinales en la familia: la templanza, qu\u00e9 es y c\u00f3mo fomentarla\" rel=\"nofollow\" target=\"_blank\">Virtudes cardinales en la familia: la templanza, qu\u00e9 es y c\u00f3mo fomentarla<\/a>\n            <\/h3>                                                            <div class=\"blfe-post-grid-meta\">\n                <span class=\"blfe-post-grid-time\"><i class=\"fas fa-book-reader\"><\/i>3 Min read<\/span>            <\/div>\n                                                        <\/div>\n                <\/div>\n\n            <\/div>\n        <\/div>\n                <div class=\"blfe-post-grid-item\">\n            <div class=\"blfe-post-grid-item-inner blfe-modern-zoom\">\n                        <div class=\"blfe-post-grid-bg-image\">\n            <a class=\"blfe-post-grid-image-inner\" href=\"https:\/\/soymigrante.com\/revista\/violencia-intrafamiliar-domestica-se-debe-reconocer-y-denunciar-donde-obtener-ayuda-en-estados-unidos\/\" title=\"Violencia intrafamiliar se debe reconocer,  denunciar y frenar \u00bfD\u00f3nde obtener ayuda en Estados Unidos?\" rel=\"nofollow\" target=\"_blank\"><img decoding=\"async\" src=\"https:\/\/soymigrante.com\/revista\/wp-content\/uploads\/2026\/04\/frenar-violencia-domestica-estados-unidos.png\" alt=\"Violencia intrafamiliar se debe reconocer,  denunciar y frenar \u00bfD\u00f3nde obtener ayuda en Estados Unidos?\"\/><\/a>        <\/div>\n                        <div class=\"blfe-post-grid-details\">\n                    <div class=\"blfe-post-grid-details-inner\">\n                        <span class=\"blfe-post-category\"><a href=\"https:\/\/soymigrante.com\/revista\/category\/bienestar\/en-familia\/\">En Familia<\/a><\/span>                        <h3 class=\"blfe-post-grid-title\">\n            <a href=\"https:\/\/soymigrante.com\/revista\/violencia-intrafamiliar-domestica-se-debe-reconocer-y-denunciar-donde-obtener-ayuda-en-estados-unidos\/\" title=\"Violencia intrafamiliar se debe reconocer,  denunciar y frenar \u00bfD\u00f3nde obtener ayuda en Estados Unidos?\" rel=\"nofollow\" target=\"_blank\">Violencia intrafamiliar se debe reconocer,  denunciar y frenar \u00bfD\u00f3nde obtener ayuda en Estados Unidos?<\/a>\n            <\/h3>                                                            <div class=\"blfe-post-grid-meta\">\n                <span class=\"blfe-post-grid-time\"><i class=\"fas fa-book-reader\"><\/i>5 Min read<\/span>            <\/div>\n                                                        <\/div>\n                <\/div>\n\n            <\/div>\n        <\/div>\n                <div class=\"blfe-post-grid-item\">\n            <div class=\"blfe-post-grid-item-inner blfe-modern-zoom\">\n                        <div class=\"blfe-post-grid-bg-image\">\n            <a class=\"blfe-post-grid-image-inner\" href=\"https:\/\/soymigrante.com\/revista\/viene-el-dia-de-la-madre-que-se-podria-regalar-y-que-no-se-deberia-para-festejar-mejor\/\" title=\"Viene el d\u00eda de la Madre: Qu\u00e9 se podr\u00eda regalar (y qu\u00e9 no se deber\u00eda) para festejar mejor\" rel=\"nofollow\" target=\"_blank\"><img decoding=\"async\" src=\"https:\/\/soymigrante.com\/revista\/wp-content\/uploads\/2025\/04\/Dia-de-la-Madre2-e1745951626493.webp\" alt=\"Viene el d\u00eda de la Madre: Qu\u00e9 se podr\u00eda regalar (y qu\u00e9 no se deber\u00eda) para festejar mejor\"\/><\/a>        <\/div>\n                        <div class=\"blfe-post-grid-details\">\n                    <div class=\"blfe-post-grid-details-inner\">\n                        <span class=\"blfe-post-category\"><a href=\"https:\/\/soymigrante.com\/revista\/category\/bienestar\/\">Bienestar<\/a><\/span>                        <h3 class=\"blfe-post-grid-title\">\n            <a href=\"https:\/\/soymigrante.com\/revista\/viene-el-dia-de-la-madre-que-se-podria-regalar-y-que-no-se-deberia-para-festejar-mejor\/\" title=\"Viene el d\u00eda de la Madre: Qu\u00e9 se podr\u00eda regalar (y qu\u00e9 no se deber\u00eda) para festejar mejor\" rel=\"nofollow\" target=\"_blank\">Viene el d\u00eda de la Madre: Qu\u00e9 se podr\u00eda regalar (y qu\u00e9 no se deber\u00eda) para festejar mejor<\/a>\n            <\/h3>                                                            <div class=\"blfe-post-grid-meta\">\n                <span class=\"blfe-post-grid-time\"><i class=\"fas fa-book-reader\"><\/i>4 Min read<\/span>            <\/div>\n                                                        <\/div>\n                <\/div>\n\n            <\/div>\n        <\/div>\n                <div class=\"blfe-post-grid-item\">\n            <div class=\"blfe-post-grid-item-inner blfe-modern-zoom\">\n                        <div class=\"blfe-post-grid-bg-image\">\n            <a class=\"blfe-post-grid-image-inner\" href=\"https:\/\/soymigrante.com\/revista\/vacunas-son-vitales-para-ninos-sean-o-no-migrantes-en-ee-uu\/\" title=\"Vacunas son vitales para ni\u00f1os, sean o no migrantes en EE.UU.\" rel=\"nofollow\" target=\"_blank\"><img decoding=\"async\" src=\"https:\/\/soymigrante.com\/revista\/wp-content\/uploads\/2024\/08\/vacunacion-ninos-e1724080565706.webp\" alt=\"Vacunas son vitales para ni\u00f1os, sean o no migrantes en EE.UU.\"\/><\/a>        <\/div>\n                        <div class=\"blfe-post-grid-details\">\n                    <div class=\"blfe-post-grid-details-inner\">\n                        <span class=\"blfe-post-category\"><a href=\"https:\/\/soymigrante.com\/revista\/category\/bienestar\/\">Bienestar<\/a><\/span>                        <h3 class=\"blfe-post-grid-title\">\n            <a href=\"https:\/\/soymigrante.com\/revista\/vacunas-son-vitales-para-ninos-sean-o-no-migrantes-en-ee-uu\/\" title=\"Vacunas son vitales para ni\u00f1os, sean o no migrantes en EE.UU.\" rel=\"nofollow\" target=\"_blank\">Vacunas son vitales para ni\u00f1os, sean o no migrantes en EE.UU.<\/a>\n            <\/h3>                                                            <div class=\"blfe-post-grid-meta\">\n                <span class=\"blfe-post-grid-time\"><i class=\"fas fa-book-reader\"><\/i>4 Min read<\/span>            <\/div>\n                                                        <\/div>\n                <\/div>\n\n            <\/div>\n        <\/div>\n                        <\/div>\n\n                        <\/div>\n            \n                        <div class=\"blfe-post-footer\">\n                        <\/div>\n            \t\t\t\t<\/div>\n\t\t\t\t<\/div>\n\t\t\t\t\t<\/div>\n\t\t<\/div>\n\t\t\t\t\t<\/div>\n\t\t<\/section>\n\t\t\t\t<\/div>\n\t\t","protected":false},"excerpt":{"rendered":"<p>El migrante Juan Valdez, originario de Jutiapa, trabaj\u00f3 15 a\u00f1os en un restaurante para sobrevivir y enviar remesas a su familia: pero nunca abandon\u00f3 su gran sue\u00f1o, para el cual se prepar\u00f3 acad\u00e9micamente. No fue f\u00e1cil, ni r\u00e1pido, pero hoy cosecha los frutos. El entusiasmo y profesionalismo del migrante guatemalteco Juan Valdez como conductor de [&hellip;]<\/p>\n","protected":false},"author":7,"featured_media":4691,"comment_status":"open","ping_status":"open","sticky":false,"template":"","format":"standard","meta":{"_acf_changed":false,"_eb_attr":"","footnotes":""},"categories":[50],"tags":[],"class_list":["post-4674","post","type-post","status-publish","format-standard","has-post-thumbnail","hentry","category-exitos"],"acf":[],"aioseo_notices":[],"aioseo_head":"\n\t\t<!-- All in One SEO Pro 4.9.6.2 - aioseo.com -->\n\t<meta name=\"description\" content=\"Los migrantes en EE.UU. no deben descuidar la salud de sus hijos menores de 5 a\u00f1os y vacunarlos es un factor fundamental. Algunos datos sobre el esquema de inmunizaci\u00f3n.\" \/>\n\t<meta name=\"robots\" content=\"max-snippet:-1, max-image-preview:large, max-video-preview:-1\" \/>\n\t<meta name=\"author\" content=\"Beatriz Tercero\"\/>\n\t<link rel=\"canonical\" href=\"https:\/\/soymigrante.com\/revista\/vacunas-son-vitales-para-ninos-sean-o-no-migrantes-en-ee-uu\/\" \/>\n\t<meta name=\"generator\" content=\"All in One SEO Pro (AIOSEO) 4.9.6.2\" \/>\n\n\t\t<link rel=\"preconnect\" href=\"https:\/\/fonts.googleapis.com\" crossorigin>\n<link rel=\"preconnect\" href=\"https:\/\/fonts.gstatic.com\" crossorigin>\n\t\t<meta property=\"og:locale\" content=\"es_ES\" \/>\n\t\t<meta property=\"og:site_name\" content=\"SoyMigrante.com REVISTA \u2013 Nuestra misi\u00f3n es reconocer y dignificar al migrante.\" \/>\n\t\t<meta property=\"og:type\" content=\"article\" \/>\n\t\t<meta property=\"og:title\" content=\"Vacunaci\u00f3n de ni\u00f1os en USA: sean o no migrantes, las necesitan\" \/>\n\t\t<meta property=\"og:description\" content=\"Los migrantes en EE.UU. no deben descuidar la salud de sus hijos menores de 5 a\u00f1os y vacunarlos es un factor fundamental. Algunos datos sobre el esquema de inmunizaci\u00f3n.\" \/>\n\t\t<meta property=\"og:url\" content=\"https:\/\/soymigrante.com\/revista\/vacunas-son-vitales-para-ninos-sean-o-no-migrantes-en-ee-uu\/\" \/>\n\t\t<meta property=\"og:image\" content=\"https:\/\/soymigrante.com\/revista\/wp-content\/uploads\/2024\/08\/vacunacion-ninos-e1724080565706.webp\" \/>\n\t\t<meta property=\"og:image:secure_url\" content=\"https:\/\/soymigrante.com\/revista\/wp-content\/uploads\/2024\/08\/vacunacion-ninos-e1724080565706.webp\" \/>\n\t\t<meta property=\"og:image:width\" content=\"814\" \/>\n\t\t<meta property=\"og:image:height\" content=\"814\" \/>\n\t\t<meta property=\"article:published_time\" content=\"2024-10-01T17:22:00+00:00\" \/>\n\t\t<meta property=\"article:modified_time\" content=\"2024-10-01T17:22:01+00:00\" \/>\n\t\t<meta property=\"article:publisher\" content=\"https:\/\/www.facebook.com\/soymigrantecom\" \/>\n\t\t<meta name=\"twitter:card\" content=\"summary_large_image\" \/>\n\t\t<meta name=\"twitter:site\" content=\"@SoyMigrante_com\" \/>\n\t\t<meta name=\"twitter:title\" content=\"Vacunaci\u00f3n de ni\u00f1os en USA: sean o no migrantes, las necesitan\" \/>\n\t\t<meta name=\"twitter:description\" content=\"Los migrantes en EE.UU. no deben descuidar la salud de sus hijos menores de 5 a\u00f1os y vacunarlos es un factor fundamental. Algunos datos sobre el esquema de inmunizaci\u00f3n.\" \/>\n\t\t<meta name=\"twitter:creator\" content=\"@SoyMigrante_com\" \/>\n\t\t<meta name=\"twitter:image\" content=\"https:\/\/soymigrante.com\/revista\/wp-content\/uploads\/2024\/08\/vacunacion-ninos-e1724080565706.webp\" \/>\n\t\t<!-- All in One SEO Pro -->\r\n\t\t<title>Vacunaci\u00f3n de ni\u00f1os en USA: sean o no migrantes, las necesitan<\/title>\n\n","aioseo_head_json":{"title":"Vacunaci\u00f3n de ni\u00f1os en USA: sean o no migrantes, las necesitan","description":"Los migrantes en EE.UU. no deben descuidar la salud de sus hijos menores de 5 a\u00f1os y vacunarlos es un factor fundamental. Algunos datos sobre el esquema de inmunizaci\u00f3n.","canonical_url":"https:\/\/soymigrante.com\/revista\/vacunas-son-vitales-para-ninos-sean-o-no-migrantes-en-ee-uu\/","robots":"max-snippet:-1, max-image-preview:large, max-video-preview:-1","keywords":"","webmasterTools":{"miscellaneous":"&lt;link rel=\"preconnect\" href=\"https:\/\/fonts.googleapis.com\" crossorigin&gt;\n&lt;link rel=\"preconnect\" href=\"https:\/\/fonts.gstatic.com\" crossorigin&gt;"},"schema":null,"og:locale":"es_ES","og:site_name":"SoyMigrante.com REVISTA \u2013 Nuestra misi\u00f3n es reconocer y dignificar al migrante.","og:type":"article","og:title":"Vacunaci\u00f3n de ni\u00f1os en USA: sean o no migrantes, las necesitan","og:description":"Los migrantes en EE.UU. no deben descuidar la salud de sus hijos menores de 5 a\u00f1os y vacunarlos es un factor fundamental. Algunos datos sobre el esquema de inmunizaci\u00f3n.","og:url":"https:\/\/soymigrante.com\/revista\/vacunas-son-vitales-para-ninos-sean-o-no-migrantes-en-ee-uu\/","og:image":"https:\/\/soymigrante.com\/revista\/wp-content\/uploads\/2024\/08\/vacunacion-ninos-e1724080565706.webp","og:image:secure_url":"https:\/\/soymigrante.com\/revista\/wp-content\/uploads\/2024\/08\/vacunacion-ninos-e1724080565706.webp","og:image:width":814,"og:image:height":814,"article:published_time":"2024-10-01T17:22:00+00:00","article:modified_time":"2024-10-01T17:22:01+00:00","article:publisher":"https:\/\/www.facebook.com\/soymigrantecom","twitter:card":"summary_large_image","twitter:site":"@SoyMigrante_com","twitter:title":"Vacunaci\u00f3n de ni\u00f1os en USA: sean o no migrantes, las necesitan","twitter:description":"Los migrantes en EE.UU. no deben descuidar la salud de sus hijos menores de 5 a\u00f1os y vacunarlos es un factor fundamental. Algunos datos sobre el esquema de inmunizaci\u00f3n.","twitter:creator":"@SoyMigrante_com","twitter:image":"https:\/\/soymigrante.com\/revista\/wp-content\/uploads\/2024\/08\/vacunacion-ninos-e1724080565706.webp"},"aioseo_meta_data":{"post_id":"4674","title":null,"description":null,"keywords":[],"keyphrases":{"focus":{"keyphrase":"Migrantes","score":72,"analysis":{"keyphraseInTitle":{"score":9,"maxScore":9,"error":0},"keyphraseInDescription":{"score":9,"maxScore":9,"error":0},"keyphraseLength":{"score":9,"maxScore":9,"error":0,"length":1},"keyphraseInURL":{"score":1,"maxScore":5,"error":1},"keyphraseInIntroduction":{"score":9,"maxScore":9,"error":0},"keyphraseInSubHeadings":{"score":3,"maxScore":9,"error":1},"keyphraseInImageAlt":{"score":9,"maxScore":9,"error":0},"keywordDensity":{"score":0,"type":"low","maxScore":9,"error":1}}},"additional":[]},"primary_term":null,"canonical_url":null,"og_title":null,"og_description":null,"og_object_type":"default","og_image_type":"default","og_image_url":null,"og_image_width":null,"og_image_height":null,"og_image_custom_url":null,"og_image_custom_fields":null,"og_video":"","og_custom_url":null,"og_article_section":null,"og_article_tags":[],"twitter_use_og":false,"twitter_card":"default","twitter_image_type":"default","twitter_image_url":null,"twitter_image_custom_url":null,"twitter_image_custom_fields":null,"twitter_title":null,"twitter_description":null,"schema":{"blockGraphs":[],"customGraphs":[],"default":{"data":{"Article":[],"Course":[],"Dataset":[],"FAQPage":[],"Movie":[],"Person":[],"Product":[],"ProductReview":[],"Car":[],"Recipe":[],"Service":[],"SoftwareApplication":[],"WebPage":[]},"graphName":"BlogPosting","isEnabled":true},"graphs":[]},"schema_type":"default","schema_type_options":null,"pillar_content":false,"robots_default":true,"robots_noindex":false,"robots_noarchive":false,"robots_nosnippet":false,"robots_nofollow":false,"robots_noimageindex":false,"robots_noodp":false,"robots_notranslate":false,"robots_max_snippet":"-1","robots_max_videopreview":"-1","robots_max_imagepreview":"large","priority":null,"frequency":"default","local_seo":null,"seo_analyzer_scan_date":"2025-10-08 21:06:46","breadcrumb_settings":null,"limit_modified_date":false,"reviewed_by":null,"open_ai":null,"ai":null,"created":"2024-01-31 05:49:12","updated":"2026-02-04 10:47:54"},"aioseo_breadcrumb":"<div class=\"aioseo-breadcrumbs\"><span class=\"aioseo-breadcrumb\">\n\t<a href=\"https:\/\/soymigrante.com\/revista\" title=\"Home\">Home<\/a>\n<\/span><span class=\"aioseo-breadcrumb-separator\">\u00bb<\/span><span class=\"aioseo-breadcrumb\">\n\t<a href=\"https:\/\/soymigrante.com\/revista\/category\/exitos\/\" title=\"\u00c9xitos\">\u00c9xitos<\/a>\n<\/span><span class=\"aioseo-breadcrumb-separator\">\u00bb<\/span><span class=\"aioseo-breadcrumb\">\n\tJuan Vald\u00e9z celebra el \u00e9xito de hermanos guatemaltecos migrantes\n<\/span><\/div>","aioseo_breadcrumb_json":[{"label":"Home","link":"https:\/\/soymigrante.com\/revista"},{"label":"\u00c9xitos","link":"https:\/\/soymigrante.com\/revista\/category\/exitos\/"},{"label":"Juan Vald\u00e9z celebra el \u00e9xito de hermanos guatemaltecos migrantes","link":"https:\/\/soymigrante.com\/revista\/guatemalteco-juan-valdez-impulsa-talento-migrante-estados-unidos\/"}],"_links":{"self":[{"href":"https:\/\/soymigrante.com\/revista\/wp-json\/wp\/v2\/posts\/4674","targetHints":{"allow":["GET"]}}],"collection":[{"href":"https:\/\/soymigrante.com\/revista\/wp-json\/wp\/v2\/posts"}],"about":[{"href":"https:\/\/soymigrante.com\/revista\/wp-json\/wp\/v2\/types\/post"}],"author":[{"embeddable":true,"href":"https:\/\/soymigrante.com\/revista\/wp-json\/wp\/v2\/users\/7"}],"replies":[{"embeddable":true,"href":"https:\/\/soymigrante.com\/revista\/wp-json\/wp\/v2\/comments?post=4674"}],"version-history":[{"count":0,"href":"https:\/\/soymigrante.com\/revista\/wp-json\/wp\/v2\/posts\/4674\/revisions"}],"wp:featuredmedia":[{"embeddable":true,"href":"https:\/\/soymigrante.com\/revista\/wp-json\/wp\/v2\/media\/4691"}],"wp:attachment":[{"href":"https:\/\/soymigrante.com\/revista\/wp-json\/wp\/v2\/media?parent=4674"}],"wp:term":[{"taxonomy":"category","embeddable":true,"href":"https:\/\/soymigrante.com\/revista\/wp-json\/wp\/v2\/categories?post=4674"},{"taxonomy":"post_tag","embeddable":true,"href":"https:\/\/soymigrante.com\/revista\/wp-json\/wp\/v2\/tags?post=4674"}],"curies":[{"name":"wp","href":"https:\/\/api.w.org\/{rel}","templated":true}]}}