{"id":46739,"date":"2025-10-06T05:00:00","date_gmt":"2025-10-06T11:00:00","guid":{"rendered":"https:\/\/soymigrante.com\/revista\/?p=46739"},"modified":"2025-10-06T13:08:58","modified_gmt":"2025-10-06T19:08:58","slug":"en-imagenes-textiles-dla-rossa-deslumbra-en-paris","status":"publish","type":"post","link":"https:\/\/soymigrante.com\/revista\/en-imagenes-textiles-dla-rossa-deslumbra-en-paris\/","title":{"rendered":"En im\u00e1genes: Textiles D&#8217;La Rossa pone en alto a Guatemala en Par\u00eds"},"content":{"rendered":"\t\t<div data-elementor-type=\"wp-post\" data-elementor-id=\"46739\" class=\"elementor elementor-46739\" data-elementor-post-type=\"post\">\n\t\t\t\t<div data-particle_enable=\"false\" data-particle-mobile-disabled=\"false\" class=\"elementor-element elementor-element-4e92df2 e-flex e-con-boxed e-con e-parent\" data-id=\"4e92df2\" data-element_type=\"container\" data-e-type=\"container\">\n\t\t\t\t\t<div class=\"e-con-inner\">\n\t\t\t\t<div class=\"elementor-element elementor-element-6921286 elementor-widget elementor-widget-heading\" data-id=\"6921286\" data-element_type=\"widget\" data-e-type=\"widget\" data-widget_type=\"heading.default\">\n\t\t\t\t\t<h2 class=\"elementor-heading-title elementor-size-default\">Con la tradici\u00f3n ancestral del occidente de Guatemala, Textiles D'La Rossa se present\u00f3 exitosamente en la Semana de la Moda de Par\u00eds.<\/h2>\t\t\t\t<\/div>\n\t\t\t\t\t<\/div>\n\t\t\t\t<\/div>\n\t\t<div data-particle_enable=\"false\" data-particle-mobile-disabled=\"false\" class=\"elementor-element elementor-element-1ef3002 e-flex e-con-boxed e-con e-parent\" data-id=\"1ef3002\" data-element_type=\"container\" data-e-type=\"container\">\n\t\t\t\t\t<div class=\"e-con-inner\">\n\t\t\t\t<div class=\"elementor-element elementor-element-a77309e elementor-widget elementor-widget-text-editor\" data-id=\"a77309e\" data-element_type=\"widget\" data-e-type=\"widget\" data-widget_type=\"text-editor.default\">\n\t\t\t\t\t\t\t\t\t<p data-start=\"189\" data-end=\"530\">Desde el altiplano guatemalteco hasta una de las pasarelas m\u00e1s prestigiosas del mundo, Textiles D\u2019La Rossa, de <a href=\"https:\/\/soymigrante.com\/revista\/departamentos-de-guatemala-totonicapan-la-tierra-del-gran-atanasio-tzul\/\">Totonicap\u00e1n<\/a>, hizo historia este s\u00e1bado 4 de octubre al ser el primer taller artesanal de v<a href=\"https:\/\/soymigrante.com\/revista\/el-lenguaje-sagrado-de-los-textiles-mayas-y-sus-significados\/\">estuario maya<\/a> en presentar sus piezas en la Semana de la Moda de Par\u00eds; a este logro le antecede su <a href=\"https:\/\/soymigrante.com\/revista\/textiles-dla-rossa-de-totonicapan-se-presenta-en-new-york-fashion-week-2025\/\">presentaci\u00f3n en Nueva York.<\/a><\/p><p data-start=\"189\" data-end=\"530\">La colecci\u00f3n <em data-start=\"437\" data-end=\"455\">Legado Ancestral <\/em><span data-start=\"437\" data-end=\"455\">sorprendi\u00f3 porque se trata de<\/span>\u00a0una propuesta que reivindica el <a href=\"https:\/\/soymigrante.com\/revista\/el-lenguaje-sagrado-de-los-textiles-mayas-y-sus-significados\/\">arte textil<\/a> maya guatemalteco con orgullo y elegancia.<\/p>\t\t\t\t\t\t\t\t<\/div>\n\t\t\t\t\t<\/div>\n\t\t\t\t<\/div>\n\t\t<div data-particle_enable=\"false\" data-particle-mobile-disabled=\"false\" class=\"elementor-element elementor-element-68781f6 e-flex e-con-boxed e-con e-parent\" data-id=\"68781f6\" data-element_type=\"container\" data-e-type=\"container\">\n\t\t\t\t\t<div class=\"e-con-inner\">\n\t\t\t\t<div class=\"elementor-element elementor-element-a59d76c elementor-widget elementor-widget-html\" data-id=\"a59d76c\" data-element_type=\"widget\" data-e-type=\"widget\" data-widget_type=\"html.default\">\n\t\t\t\t\t<iframe width=\"560\" height=\"415\" src=\"https:\/\/www.youtube.com\/embed\/E-uv7y5Ilac?si=_69RnFLSEINozFcw&amp;start=1201\" title=\"YouTube video player\" frameborder=\"0\" allow=\"accelerometer; autoplay; clipboard-write; encrypted-media; gyroscope; picture-in-picture; web-share\" referrerpolicy=\"strict-origin-when-cross-origin\" allowfullscreen><\/iframe>\t\t\t\t<\/div>\n\t\t\t\t\t<\/div>\n\t\t\t\t<\/div>\n\t\t<div data-particle_enable=\"false\" data-particle-mobile-disabled=\"false\" class=\"elementor-element elementor-element-e00ce67 e-flex e-con-boxed e-con e-parent\" data-id=\"e00ce67\" data-element_type=\"container\" data-e-type=\"container\">\n\t\t\t\t\t<div class=\"e-con-inner\">\n\t\t\t\t<div class=\"elementor-element elementor-element-4183112 elementor-widget elementor-widget-heading\" data-id=\"4183112\" data-element_type=\"widget\" data-e-type=\"widget\" data-widget_type=\"heading.default\">\n\t\t\t\t\t<h3 class=\"elementor-heading-title elementor-size-default\">El sue\u00f1o de Rosa y Alexander<\/h3>\t\t\t\t<\/div>\n\t\t\t\t\t<\/div>\n\t\t\t\t<\/div>\n\t\t<div data-particle_enable=\"false\" data-particle-mobile-disabled=\"false\" class=\"elementor-element elementor-element-198c804 e-flex e-con-boxed e-con e-parent\" data-id=\"198c804\" data-element_type=\"container\" data-e-type=\"container\">\n\t\t\t\t\t<div class=\"e-con-inner\">\n\t\t\t\t<div class=\"elementor-element elementor-element-b48449a elementor-widget elementor-widget-text-editor\" data-id=\"b48449a\" data-element_type=\"widget\" data-e-type=\"widget\" data-widget_type=\"text-editor.default\">\n\t\t\t\t\t\t\t\t\t<p data-start=\"189\" data-end=\"530\">El desfile, realizado en el Hotel Meli\u00e1, de la capital francesa, mostr\u00f3 diez conjuntos de indumentaria tradicional confeccionados por manos artesanas de Totonicap\u00e1n y otras comunidades del pa\u00eds. Huipiles, cortes, perrajes, rebozos y accesorios tejidos a mano fueron reinterpretados con una visi\u00f3n contempor\u00e1nea, sin perder la esencia del colorido y los s\u00edmbolos ancestrales que distinguen a la cultura maya.<\/p><p data-start=\"917\" data-end=\"1290\">Detr\u00e1s de esta haza\u00f1a est\u00e1n <a href=\"https:\/\/soymigrante.com\/revista\/textiles-dla-rossa-de-totonicapan-se-presenta-en-new-york-fashion-week-2025\/\">Rosa Tzul y Alexander Sic<\/a>, fundadores de Textiles D\u2019La Rossa, un emprendimiento familiar que naci\u00f3 en los telares de Totonicap\u00e1n y que hoy se abre camino en escenarios internacionales. \u201cQueremos que el mundo vea que los <a href=\"https:\/\/soymigrante.com\/revista\/asi-logro-seguir-tejiendo-en-new-jersey-el-migrante-armando-sosa-de-salcaja\/\">tejidos <\/a>mayas no son solo vestimenta, sino historia, identidad y arte vivo\u201d, expres\u00f3 Tzul en declaraciones previas al evento.<\/p>\t\t\t\t\t\t\t\t<\/div>\n\t\t\t\t\t<\/div>\n\t\t\t\t<\/div>\n\t\t<div data-particle_enable=\"false\" data-particle-mobile-disabled=\"false\" class=\"elementor-element elementor-element-09aa627 e-flex e-con-boxed e-con e-parent\" data-id=\"09aa627\" data-element_type=\"container\" data-e-type=\"container\">\n\t\t\t\t\t<div class=\"e-con-inner\">\n\t\t\t\t<div class=\"elementor-element elementor-element-0349f6c elementor-widget elementor-widget-image\" data-id=\"0349f6c\" data-element_type=\"widget\" data-e-type=\"widget\" data-widget_type=\"image.default\">\n\t\t\t\t\t\t\t\t\t\t\t\t<figure class=\"wp-caption\">\n\t\t\t\t\t\t\t\t\t\t<img fetchpriority=\"high\" decoding=\"async\" width=\"683\" height=\"1024\" src=\"https:\/\/soymigrante.com\/revista\/wp-content\/uploads\/2025\/10\/textiles-d-la-rossa-en-paris-7-683x1024.jpg\" class=\"attachment-large size-large wp-image-46743\" alt=\"La colecci\u00f3n Legado Ancestral est\u00e1 integrada por cortes y huipiles delicadamente tejidos y ornamentados. (Foto cortes\u00eda D&#039;La Rossa)\" srcset=\"https:\/\/soymigrante.com\/revista\/wp-content\/uploads\/2025\/10\/textiles-d-la-rossa-en-paris-7-683x1024.jpg 683w, https:\/\/soymigrante.com\/revista\/wp-content\/uploads\/2025\/10\/textiles-d-la-rossa-en-paris-7-200x300.jpg 200w, https:\/\/soymigrante.com\/revista\/wp-content\/uploads\/2025\/10\/textiles-d-la-rossa-en-paris-7-768x1152.jpg 768w, https:\/\/soymigrante.com\/revista\/wp-content\/uploads\/2025\/10\/textiles-d-la-rossa-en-paris-7-1024x1536.jpg 1024w, https:\/\/soymigrante.com\/revista\/wp-content\/uploads\/2025\/10\/textiles-d-la-rossa-en-paris-7-750x1125.jpg 750w, https:\/\/soymigrante.com\/revista\/wp-content\/uploads\/2025\/10\/textiles-d-la-rossa-en-paris-7-1140x1710.jpg 1140w, https:\/\/soymigrante.com\/revista\/wp-content\/uploads\/2025\/10\/textiles-d-la-rossa-en-paris-7.jpg 1365w\" sizes=\"(max-width: 683px) 100vw, 683px\" title=\"La colecci\u00f3n Legado Ancestral est\u00e1 integrada por cortes y huipiles delicadamente tejidos y ornamentados. (Foto cortes\u00eda D&#039;La Rossa) \u2013 SoyMigrante.com REVISTA\" \/>\t\t\t\t\t\t\t\t\t\t\t<figcaption class=\"widget-image-caption wp-caption-text\">La colecci\u00f3n Legado Ancestral est\u00e1 integrada por cortes y huipiles delicadamente tejidos y ornamentados. (Foto cortes\u00eda D'La Rossa)<\/figcaption>\n\t\t\t\t\t\t\t\t\t\t<\/figure>\n\t\t\t\t\t\t\t\t\t<\/div>\n\t\t\t\t\t<\/div>\n\t\t\t\t<\/div>\n\t\t<div data-particle_enable=\"false\" data-particle-mobile-disabled=\"false\" class=\"elementor-element elementor-element-7464048 e-flex e-con-boxed e-con e-parent\" data-id=\"7464048\" data-element_type=\"container\" data-e-type=\"container\">\n\t\t\t\t\t<div class=\"e-con-inner\">\n\t\t\t\t<div class=\"elementor-element elementor-element-008d3e2 elementor-widget elementor-widget-heading\" data-id=\"008d3e2\" data-element_type=\"widget\" data-e-type=\"widget\" data-widget_type=\"heading.default\">\n\t\t\t\t\t<h3 class=\"elementor-heading-title elementor-size-default\">Tejidos hechos a mano<\/h3>\t\t\t\t<\/div>\n\t\t\t\t\t<\/div>\n\t\t\t\t<\/div>\n\t\t<div data-particle_enable=\"false\" data-particle-mobile-disabled=\"false\" class=\"elementor-element elementor-element-45f2fc9 e-flex e-con-boxed e-con e-parent\" data-id=\"45f2fc9\" data-element_type=\"container\" data-e-type=\"container\">\n\t\t\t\t\t<div class=\"e-con-inner\">\n\t\t\t\t<div class=\"elementor-element elementor-element-f1af67f elementor-widget elementor-widget-text-editor\" data-id=\"f1af67f\" data-element_type=\"widget\" data-e-type=\"widget\" data-widget_type=\"text-editor.default\">\n\t\t\t\t\t\t\t\t\t<p data-start=\"189\" data-end=\"530\">Desde el altiplano guatemalteco hasta una de las pasarelas m\u00e1s prestigiosas del mundo, Textiles D\u2019La Rossa, de Totonicap\u00e1n, hizo historia este s\u00e1bado 4 de octubre al ser el primer taller artesanal de vestuario maya en presentar sus piezas en la Semana de la Moda de Par\u00eds. La colecci\u00f3n <em data-start=\"437\" data-end=\"455\">Legado Ancestral <\/em><span data-start=\"437\" data-end=\"455\">sorprendi\u00f3 porque se trata de<\/span>\u00a0una propuesta que reivindica el <a href=\"https:\/\/soymigrante.com\/revista\/identidad-tejida-y-exportada-trajes-tipicos-de-guatemala-migran-a-ee-uu\/\">arte textil maya <\/a>con orgullo y elegancia.<\/p><p data-start=\"532\" data-end=\"915\">El desfile, realizado en el Hotel Meli\u00e1, mostr\u00f3 diez conjuntos de indumentaria tradicional confeccionados por manos artesanas de Totonicap\u00e1n y otras comunidades del pa\u00eds. <a href=\"https:\/\/soymigrante.com\/revista\/mucho-mas-que-una-prenda-un-simbolo-cultural-los-huipiles-guatemaltecos\/\">Huipiles<\/a>, cortes, perrajes, rebozos y accesorios tejidos a mano fueron reinterpretados con una visi\u00f3n contempor\u00e1nea, sin perder la esencia del colorido y los s\u00edmbolos ancestrales que distinguen a la cultura maya.<\/p><p data-start=\"917\" data-end=\"1290\">Detr\u00e1s de esta haza\u00f1a est\u00e1n Rosa Tzul y Alexander Sic, fundadores de Textiles D\u2019La Rossa, un emprendimiento familiar que naci\u00f3 en los telares de <a href=\"https:\/\/soymigrante.com\/revista\/departamentos-de-guatemala-totonicapan-la-tierra-del-gran-atanasio-tzul\/\">Totonicap\u00e1n<\/a> y que hoy se abre camino en escenarios internacionales. \u201cQueremos que el mundo vea que los tejidos mayas no son solo vestimenta, sino historia, identidad y arte vivo\u201d, expres\u00f3 Tzul en declaraciones previas al evento.<\/p>\t\t\t\t\t\t\t\t<\/div>\n\t\t\t\t\t<\/div>\n\t\t\t\t<\/div>\n\t\t<div data-particle_enable=\"false\" data-particle-mobile-disabled=\"false\" class=\"elementor-element elementor-element-b39b117 e-flex e-con-boxed e-con e-parent\" data-id=\"b39b117\" data-element_type=\"container\" data-e-type=\"container\">\n\t\t\t\t\t<div class=\"e-con-inner\">\n\t\t\t\t<div class=\"elementor-element elementor-element-6480825 elementor-widget elementor-widget-image-gallery\" data-id=\"6480825\" data-element_type=\"widget\" data-e-type=\"widget\" data-widget_type=\"image-gallery.default\">\n\t\t\t\t\t\t\t<div class=\"elementor-image-gallery\">\n\t\t\t<div id='gallery-20' class='gallery galleryid-46739 gallery-columns-1 gallery-size-medium_large'><figure class='gallery-item'>\n\t\t\t<div class='gallery-icon portrait'>\n\t\t\t\t<a data-elementor-open-lightbox=\"yes\" data-elementor-lightbox-slideshow=\"6480825\" data-elementor-lightbox-title=\"Esta es la primera vez que un taller artesanal textil guatemalteco participa en la Semana de la Moda de Par\u00eds. La pasarela fue todo un \u00e9xito y gener\u00f3 buenos comentarios.\" data-elementor-lightbox-description=\"Esta es la primera vez que un taller artesanal textil guatemalteco participa en la Semana de la Moda de Par\u00eds. La pasarela fue todo un \u00e9xito y gener\u00f3 buenos comentarios.\" data-e-action-hash=\"#elementor-action%3Aaction%3Dlightbox%26settings%3DeyJpZCI6NDY3NDQsInVybCI6Imh0dHBzOlwvXC9zb3ltaWdyYW50ZS5jb21cL3JldmlzdGFcL3dwLWNvbnRlbnRcL3VwbG9hZHNcLzIwMjVcLzEwXC90ZXh0aWxlcy1kLWxhLXJvc3NhLWVuLXBhcmlzLTIuanBnIiwic2xpZGVzaG93IjoiNjQ4MDgyNSJ9\" href='https:\/\/soymigrante.com\/revista\/wp-content\/uploads\/2025\/10\/textiles-d-la-rossa-en-paris-2.jpg'><img decoding=\"async\" width=\"768\" height=\"1096\" src=\"https:\/\/soymigrante.com\/revista\/wp-content\/uploads\/2025\/10\/textiles-d-la-rossa-en-paris-2-768x1096.jpg\" class=\"attachment-medium_large size-medium_large\" alt=\"Esta es la primera vez que un taller artesanal textil guatemalteco participa en la Semana de la Moda de Par\u00eds. La pasarela fue todo un \u00e9xito y gener\u00f3 buenos comentarios.\" aria-describedby=\"gallery-20-46744\" srcset=\"https:\/\/soymigrante.com\/revista\/wp-content\/uploads\/2025\/10\/textiles-d-la-rossa-en-paris-2-768x1096.jpg 768w, https:\/\/soymigrante.com\/revista\/wp-content\/uploads\/2025\/10\/textiles-d-la-rossa-en-paris-2-210x300.jpg 210w, https:\/\/soymigrante.com\/revista\/wp-content\/uploads\/2025\/10\/textiles-d-la-rossa-en-paris-2-718x1024.jpg 718w, https:\/\/soymigrante.com\/revista\/wp-content\/uploads\/2025\/10\/textiles-d-la-rossa-en-paris-2-1076x1536.jpg 1076w, https:\/\/soymigrante.com\/revista\/wp-content\/uploads\/2025\/10\/textiles-d-la-rossa-en-paris-2-750x1070.jpg 750w, https:\/\/soymigrante.com\/revista\/wp-content\/uploads\/2025\/10\/textiles-d-la-rossa-en-paris-2-1140x1627.jpg 1140w, https:\/\/soymigrante.com\/revista\/wp-content\/uploads\/2025\/10\/textiles-d-la-rossa-en-paris-2.jpg 1435w\" sizes=\"(max-width: 768px) 100vw, 768px\" title=\"Esta es la primera vez que un taller artesanal textil guatemalteco participa en la Semana de la Moda de Par\u00eds. La pasarela fue todo un \u00e9xito y gener\u00f3 buenos comentarios. \u2013 SoyMigrante.com REVISTA\" \/><\/a>\n\t\t\t<\/div>\n\t\t\t\t<figcaption class='wp-caption-text gallery-caption' id='gallery-20-46744'>\n\t\t\t\tEsta es la primera vez que un taller artesanal textil guatemalteco participa en la Semana de la Moda de Par\u00eds. La pasarela fue todo un \u00e9xito y gener\u00f3 buenos comentarios.\n\t\t\t\t<\/figcaption><\/figure><figure class='gallery-item'>\n\t\t\t<div class='gallery-icon portrait'>\n\t\t\t\t<a data-elementor-open-lightbox=\"yes\" data-elementor-lightbox-slideshow=\"6480825\" data-elementor-lightbox-title=\"Esta es la primera vez que un taller artesanal textil guatemalteco participa en la Semana de la Moda de Par\u00eds. La pasarela fue todo un \u00e9xito y gener\u00f3 buenos comentarios.\" data-elementor-lightbox-description=\"Esta es la primera vez que un taller artesanal textil guatemalteco participa en la Semana de la Moda de Par\u00eds. La pasarela fue todo un \u00e9xito y gener\u00f3 buenos comentarios.\" data-e-action-hash=\"#elementor-action%3Aaction%3Dlightbox%26settings%3DeyJpZCI6NDY3NDUsInVybCI6Imh0dHBzOlwvXC9zb3ltaWdyYW50ZS5jb21cL3JldmlzdGFcL3dwLWNvbnRlbnRcL3VwbG9hZHNcLzIwMjVcLzEwXC90ZXh0aWxlcy1kLWxhLXJvc3NhLWVuLXBhcmlzLTkuanBnIiwic2xpZGVzaG93IjoiNjQ4MDgyNSJ9\" href='https:\/\/soymigrante.com\/revista\/wp-content\/uploads\/2025\/10\/textiles-d-la-rossa-en-paris-9.jpg'><img decoding=\"async\" width=\"768\" height=\"1150\" src=\"https:\/\/soymigrante.com\/revista\/wp-content\/uploads\/2025\/10\/textiles-d-la-rossa-en-paris-9-768x1150.jpg\" class=\"attachment-medium_large size-medium_large\" alt=\"Esta es la primera vez que un taller artesanal textil guatemalteco participa en la Semana de la Moda de Par\u00eds. La pasarela fue todo un \u00e9xito y gener\u00f3 buenos comentarios.\" aria-describedby=\"gallery-20-46745\" srcset=\"https:\/\/soymigrante.com\/revista\/wp-content\/uploads\/2025\/10\/textiles-d-la-rossa-en-paris-9-768x1150.jpg 768w, https:\/\/soymigrante.com\/revista\/wp-content\/uploads\/2025\/10\/textiles-d-la-rossa-en-paris-9-200x300.jpg 200w, https:\/\/soymigrante.com\/revista\/wp-content\/uploads\/2025\/10\/textiles-d-la-rossa-en-paris-9-684x1024.jpg 684w, https:\/\/soymigrante.com\/revista\/wp-content\/uploads\/2025\/10\/textiles-d-la-rossa-en-paris-9-1026x1536.jpg 1026w, https:\/\/soymigrante.com\/revista\/wp-content\/uploads\/2025\/10\/textiles-d-la-rossa-en-paris-9-750x1123.jpg 750w, https:\/\/soymigrante.com\/revista\/wp-content\/uploads\/2025\/10\/textiles-d-la-rossa-en-paris-9-1140x1707.jpg 1140w, https:\/\/soymigrante.com\/revista\/wp-content\/uploads\/2025\/10\/textiles-d-la-rossa-en-paris-9.jpg 1368w\" sizes=\"(max-width: 768px) 100vw, 768px\" title=\"Esta es la primera vez que un taller artesanal textil guatemalteco participa en la Semana de la Moda de Par\u00eds. La pasarela fue todo un \u00e9xito y gener\u00f3 buenos comentarios. \u2013 SoyMigrante.com REVISTA\" \/><\/a>\n\t\t\t<\/div>\n\t\t\t\t<figcaption class='wp-caption-text gallery-caption' id='gallery-20-46745'>\n\t\t\t\tEsta es la primera vez que un taller artesanal textil guatemalteco participa en la Semana de la Moda de Par\u00eds. La pasarela fue todo un \u00e9xito y gener\u00f3 buenos comentarios.\n\t\t\t\t<\/figcaption><\/figure><figure class='gallery-item'>\n\t\t\t<div class='gallery-icon portrait'>\n\t\t\t\t<a data-elementor-open-lightbox=\"yes\" data-elementor-lightbox-slideshow=\"6480825\" data-elementor-lightbox-title=\"Esta es la primera vez que un taller artesanal textil guatemalteco participa en la Semana de la Moda de Par\u00eds. La pasarela fue todo un \u00e9xito y gener\u00f3 buenos comentarios.\" data-elementor-lightbox-description=\"Esta es la primera vez que un taller artesanal textil guatemalteco participa en la Semana de la Moda de Par\u00eds. La pasarela fue todo un \u00e9xito y gener\u00f3 buenos comentarios.\" data-e-action-hash=\"#elementor-action%3Aaction%3Dlightbox%26settings%3DeyJpZCI6NDY3NDYsInVybCI6Imh0dHBzOlwvXC9zb3ltaWdyYW50ZS5jb21cL3JldmlzdGFcL3dwLWNvbnRlbnRcL3VwbG9hZHNcLzIwMjVcLzEwXC90ZXh0aWxlcy1kLWxhLXJvc3NhLWVuLXBhcmlzLTEwLmpwZyIsInNsaWRlc2hvdyI6IjY0ODA4MjUifQ%3D%3D\" href='https:\/\/soymigrante.com\/revista\/wp-content\/uploads\/2025\/10\/textiles-d-la-rossa-en-paris-10.jpg'><img loading=\"lazy\" decoding=\"async\" width=\"768\" height=\"1151\" src=\"https:\/\/soymigrante.com\/revista\/wp-content\/uploads\/2025\/10\/textiles-d-la-rossa-en-paris-10-768x1151.jpg\" class=\"attachment-medium_large size-medium_large\" alt=\"Esta es la primera vez que un taller artesanal textil guatemalteco participa en la Semana de la Moda de Par\u00eds. La pasarela fue todo un \u00e9xito y gener\u00f3 buenos comentarios.\" aria-describedby=\"gallery-20-46746\" srcset=\"https:\/\/soymigrante.com\/revista\/wp-content\/uploads\/2025\/10\/textiles-d-la-rossa-en-paris-10-768x1151.jpg 768w, https:\/\/soymigrante.com\/revista\/wp-content\/uploads\/2025\/10\/textiles-d-la-rossa-en-paris-10-200x300.jpg 200w, https:\/\/soymigrante.com\/revista\/wp-content\/uploads\/2025\/10\/textiles-d-la-rossa-en-paris-10-683x1024.jpg 683w, https:\/\/soymigrante.com\/revista\/wp-content\/uploads\/2025\/10\/textiles-d-la-rossa-en-paris-10-1025x1536.jpg 1025w, https:\/\/soymigrante.com\/revista\/wp-content\/uploads\/2025\/10\/textiles-d-la-rossa-en-paris-10-750x1124.jpg 750w, https:\/\/soymigrante.com\/revista\/wp-content\/uploads\/2025\/10\/textiles-d-la-rossa-en-paris-10-1140x1709.jpg 1140w, https:\/\/soymigrante.com\/revista\/wp-content\/uploads\/2025\/10\/textiles-d-la-rossa-en-paris-10.jpg 1366w\" sizes=\"(max-width: 768px) 100vw, 768px\" title=\"Esta es la primera vez que un taller artesanal textil guatemalteco participa en la Semana de la Moda de Par\u00eds. La pasarela fue todo un \u00e9xito y gener\u00f3 buenos comentarios. \u2013 SoyMigrante.com REVISTA\" \/><\/a>\n\t\t\t<\/div>\n\t\t\t\t<figcaption class='wp-caption-text gallery-caption' id='gallery-20-46746'>\n\t\t\t\tEsta es la primera vez que un taller artesanal textil guatemalteco participa en la Semana de la Moda de Par\u00eds. La pasarela fue todo un \u00e9xito y gener\u00f3 buenos comentarios.\n\t\t\t\t<\/figcaption><\/figure><figure class='gallery-item'>\n\t\t\t<div class='gallery-icon portrait'>\n\t\t\t\t<a data-elementor-open-lightbox=\"yes\" data-elementor-lightbox-slideshow=\"6480825\" data-elementor-lightbox-title=\"Esta es la primera vez que un taller artesanal textil guatemalteco participa en la Semana de la Moda de Par\u00eds. La pasarela fue todo un \u00e9xito y gener\u00f3 buenos comentarios.\" data-elementor-lightbox-description=\"Esta es la primera vez que un taller artesanal textil guatemalteco participa en la Semana de la Moda de Par\u00eds. La pasarela fue todo un \u00e9xito y gener\u00f3 buenos comentarios.\" data-e-action-hash=\"#elementor-action%3Aaction%3Dlightbox%26settings%3DeyJpZCI6NDY3NDcsInVybCI6Imh0dHBzOlwvXC9zb3ltaWdyYW50ZS5jb21cL3JldmlzdGFcL3dwLWNvbnRlbnRcL3VwbG9hZHNcLzIwMjVcLzEwXC90ZXh0aWxlcy1kLWxhLXJvc3NhLWVuLXBhcmlzLTExLmpwZyIsInNsaWRlc2hvdyI6IjY0ODA4MjUifQ%3D%3D\" href='https:\/\/soymigrante.com\/revista\/wp-content\/uploads\/2025\/10\/textiles-d-la-rossa-en-paris-11.jpg'><img loading=\"lazy\" decoding=\"async\" width=\"768\" height=\"1438\" src=\"https:\/\/soymigrante.com\/revista\/wp-content\/uploads\/2025\/10\/textiles-d-la-rossa-en-paris-11-768x1438.jpg\" class=\"attachment-medium_large size-medium_large\" alt=\"Esta es la primera vez que un taller artesanal textil guatemalteco participa en la Semana de la Moda de Par\u00eds. La pasarela fue todo un \u00e9xito y gener\u00f3 buenos comentarios.\" aria-describedby=\"gallery-20-46747\" srcset=\"https:\/\/soymigrante.com\/revista\/wp-content\/uploads\/2025\/10\/textiles-d-la-rossa-en-paris-11-768x1438.jpg 768w, https:\/\/soymigrante.com\/revista\/wp-content\/uploads\/2025\/10\/textiles-d-la-rossa-en-paris-11-160x300.jpg 160w, https:\/\/soymigrante.com\/revista\/wp-content\/uploads\/2025\/10\/textiles-d-la-rossa-en-paris-11-547x1024.jpg 547w, https:\/\/soymigrante.com\/revista\/wp-content\/uploads\/2025\/10\/textiles-d-la-rossa-en-paris-11-821x1536.jpg 821w, https:\/\/soymigrante.com\/revista\/wp-content\/uploads\/2025\/10\/textiles-d-la-rossa-en-paris-11-750x1404.jpg 750w, https:\/\/soymigrante.com\/revista\/wp-content\/uploads\/2025\/10\/textiles-d-la-rossa-en-paris-11.jpg 1094w\" sizes=\"(max-width: 768px) 100vw, 768px\" title=\"Esta es la primera vez que un taller artesanal textil guatemalteco participa en la Semana de la Moda de Par\u00eds. La pasarela fue todo un \u00e9xito y gener\u00f3 buenos comentarios. \u2013 SoyMigrante.com REVISTA\" \/><\/a>\n\t\t\t<\/div>\n\t\t\t\t<figcaption class='wp-caption-text gallery-caption' id='gallery-20-46747'>\n\t\t\t\tEsta es la primera vez que un taller artesanal textil guatemalteco participa en la Semana de la Moda de Par\u00eds. La pasarela fue todo un \u00e9xito y gener\u00f3 buenos comentarios.\n\t\t\t\t<\/figcaption><\/figure>\n\t\t<\/div>\n\t\t<\/div>\n\t\t\t\t\t\t<\/div>\n\t\t\t\t\t<\/div>\n\t\t\t\t<\/div>\n\t\t<div data-particle_enable=\"false\" data-particle-mobile-disabled=\"false\" class=\"elementor-element elementor-element-9cee20e e-flex e-con-boxed e-con e-parent\" data-id=\"9cee20e\" data-element_type=\"container\" data-e-type=\"container\">\n\t\t\t\t\t<div class=\"e-con-inner\">\n\t\t\t\t<div class=\"elementor-element elementor-element-32d9508 elementor-widget elementor-widget-heading\" data-id=\"32d9508\" data-element_type=\"widget\" data-e-type=\"widget\" data-widget_type=\"heading.default\">\n\t\t\t\t\t<h3 class=\"elementor-heading-title elementor-size-default\">Legado ancestral para el mundo<\/h3>\t\t\t\t<\/div>\n\t\t\t\t\t<\/div>\n\t\t\t\t<\/div>\n\t\t<div data-particle_enable=\"false\" data-particle-mobile-disabled=\"false\" class=\"elementor-element elementor-element-d955b3d e-flex e-con-boxed e-con e-parent\" data-id=\"d955b3d\" data-element_type=\"container\" data-e-type=\"container\">\n\t\t\t\t\t<div class=\"e-con-inner\">\n\t\t\t\t<div class=\"elementor-element elementor-element-0ee2425 elementor-widget elementor-widget-text-editor\" data-id=\"0ee2425\" data-element_type=\"widget\" data-e-type=\"widget\" data-widget_type=\"text-editor.default\">\n\t\t\t\t\t\t\t\t\t<p data-start=\"189\" data-end=\"530\">La colecci\u00f3n, presentada bajo el t\u00edtulo <em data-start=\"1332\" data-end=\"1350\">Legado Ancestral<\/em>, cont\u00f3 con la colaboraci\u00f3n del dise\u00f1ador guatemalteco Antonio Ch\u00e1vez, quien ha impulsado la proyecci\u00f3n internacional de la moda ind\u00edgena. Juntos lograron que el p\u00fablico parisino reconociera en cada prenda un di\u00e1logo entre tradici\u00f3n y modernidad.<\/p><p data-start=\"1598\" data-end=\"2062\">M\u00e1s all\u00e1 del aplauso y las luces, la participaci\u00f3n de Textiles D\u2019La Rossa en Par\u00eds simboliza un paso decisivo para la visibilidad de los artesanos guatemaltecos, especialmente de las mujeres que preservan t\u00e9cnicas milenarias en los telares de cintura.\u00a0<\/p><p data-start=\"1598\" data-end=\"2062\">Con esta participaci\u00f3n, Guatemala vuelve a ocupar un lugar en la conversaci\u00f3n mundial sobre moda sostenible y patrimonio cultural. En palabras de Rosa Tzul, \u201ccada hilo lleva la memoria de nuestros pueblos; cada dise\u00f1o es una historia tejida con dignidad\u201d.<\/p>\t\t\t\t\t\t\t\t<\/div>\n\t\t\t\t\t<\/div>\n\t\t\t\t<\/div>\n\t\t<div data-particle_enable=\"false\" data-particle-mobile-disabled=\"false\" class=\"elementor-element elementor-element-05e235b e-flex e-con-boxed e-con e-parent\" data-id=\"05e235b\" data-element_type=\"container\" data-e-type=\"container\">\n\t\t\t\t\t<div class=\"e-con-inner\">\n\t\t\t\t<div class=\"elementor-element elementor-element-ddbb3dc elementor-widget elementor-widget-heading\" data-id=\"ddbb3dc\" data-element_type=\"widget\" data-e-type=\"widget\" data-widget_type=\"heading.default\">\n\t\t\t\t\t<h2 class=\"elementor-heading-title elementor-size-default\">M\u00e1s tradici\u00f3n textil sin fronteras<\/h2>\t\t\t\t<\/div>\n\t\t\t\t\t<\/div>\n\t\t\t\t<\/div>\n\t\t<div data-particle_enable=\"false\" data-particle-mobile-disabled=\"false\" class=\"elementor-element elementor-element-028cc3c e-flex e-con-boxed e-con e-parent\" data-id=\"028cc3c\" data-element_type=\"container\" data-e-type=\"container\">\n\t\t\t\t\t<div class=\"e-con-inner\">\n\t\t\t\t<div class=\"elementor-element elementor-element-3679f8f elementor-grid-eael-col-3 elementor-grid-tablet-eael-col-2 elementor-grid-mobile-eael-col-1 elementor-widget elementor-widget-eael-post-grid\" data-id=\"3679f8f\" data-element_type=\"widget\" data-e-type=\"widget\" data-settings=\"{&quot;eael_post_grid_columns&quot;:&quot;eael-col-3&quot;,&quot;eael_post_grid_columns_tablet&quot;:&quot;eael-col-2&quot;,&quot;eael_post_grid_columns_mobile&quot;:&quot;eael-col-1&quot;}\" data-widget_type=\"eael-post-grid.default\">\n\t\t\t\t\t<div id=\"eael-post-grid-3679f8f\" class=\"eael-post-grid-container\">\n            <div class=\"eael-post-grid eael-post-appender eael-post-appender-3679f8f eael-post-grid-style-one\" data-layout-mode=\"masonry\"><article class=\"eael-grid-post  eael-post-grid-column eael-pg-post-14617 category-guate-nuestra\" data-id=\"14617\">\n        <div class=\"eael-grid-post-holder\">\n            <div class=\"eael-grid-post-holder-inner\"><div class=\"eael-entry-media\"><div class=\"eael-entry-overlay fade-in\"><i class=\"far fa-hand-pointer\" aria-hidden=\"true\"><\/i><a href=\"https:\/\/soymigrante.com\/revista\/el-lenguaje-sagrado-de-los-textiles-mayas-y-sus-significados\/\"><\/a><\/div><div class=\"eael-entry-thumbnail eael-image-ratio\">\n                <img loading=\"lazy\" decoding=\"async\" width=\"1024\" height=\"1024\" src=\"https:\/\/soymigrante.com\/revista\/wp-content\/uploads\/2024\/11\/El-lenguaje-sagrado-de-los-tejidos-mayas-y-sus-significados2-e1732643781668-1024x1024.webp\" class=\"attachment-large size-large wp-image-14619\" alt=\"Tela de trabajo artesanal con tejido colorido y patr\u00f3n tradicional, realizada por una mujer ind\u00edgena en un entorno rural de Latinoam\u00e9rica.\" srcset=\"https:\/\/soymigrante.com\/revista\/wp-content\/uploads\/2024\/11\/El-lenguaje-sagrado-de-los-tejidos-mayas-y-sus-significados2-e1732643781668-1024x1024.webp 1024w, https:\/\/soymigrante.com\/revista\/wp-content\/uploads\/2024\/11\/El-lenguaje-sagrado-de-los-tejidos-mayas-y-sus-significados2-e1732643781668-300x300.webp 300w, https:\/\/soymigrante.com\/revista\/wp-content\/uploads\/2024\/11\/El-lenguaje-sagrado-de-los-tejidos-mayas-y-sus-significados2-e1732643781668-150x150.webp 150w, https:\/\/soymigrante.com\/revista\/wp-content\/uploads\/2024\/11\/El-lenguaje-sagrado-de-los-tejidos-mayas-y-sus-significados2-e1732643781668-768x768.webp 768w, https:\/\/soymigrante.com\/revista\/wp-content\/uploads\/2024\/11\/El-lenguaje-sagrado-de-los-tejidos-mayas-y-sus-significados2-e1732643781668-75x75.webp 75w, https:\/\/soymigrante.com\/revista\/wp-content\/uploads\/2024\/11\/El-lenguaje-sagrado-de-los-tejidos-mayas-y-sus-significados2-e1732643781668-750x750.webp 750w, https:\/\/soymigrante.com\/revista\/wp-content\/uploads\/2024\/11\/El-lenguaje-sagrado-de-los-tejidos-mayas-y-sus-significados2-e1732643781668.webp 1066w\" sizes=\"(max-width: 1024px) 100vw, 1024px\" \/>\n            <\/div>\n        <\/div><div class=\"eael-entry-wrapper\"><header class=\"eael-entry-header\"><h2 class=\"eael-entry-title\"><a class=\"eael-grid-post-link\" href=\"https:\/\/soymigrante.com\/revista\/el-lenguaje-sagrado-de-los-textiles-mayas-y-sus-significados\/\" title=\"El lenguaje sagrado de los textiles mayas y sus significados\">El lenguaje sagrado de los textiles mayas y sus significados<\/a><\/h2><\/header><div class=\"eael-entry-content\">\n                        <div class=\"eael-grid-post-excerpt\"><a href=\"https:\/\/soymigrante.com\/revista\/el-lenguaje-sagrado-de-los-textiles-mayas-y-sus-significados\/\" class=\"eael-post-elements-readmore-btn\">CONOCE SU HISTORIA <\/a><\/div>\n                    <\/div><\/div><\/div>\n        <\/div>\n    <\/article><article class=\"eael-grid-post  eael-post-grid-column eael-pg-post-1481 category-exitos\" data-id=\"1481\">\n        <div class=\"eael-grid-post-holder\">\n            <div class=\"eael-grid-post-holder-inner\"><div class=\"eael-entry-media\"><div class=\"eael-entry-overlay fade-in\"><i class=\"far fa-hand-pointer\" aria-hidden=\"true\"><\/i><a href=\"https:\/\/soymigrante.com\/revista\/migrante-guatemalteco-genera-empleo-en-su-taller-textil-de-salcaja\/\"><\/a><\/div><div class=\"eael-entry-thumbnail eael-image-ratio\">\n                <img loading=\"lazy\" decoding=\"async\" width=\"1024\" height=\"768\" src=\"https:\/\/soymigrante.com\/revista\/wp-content\/uploads\/2023\/06\/Carlos-es-fundador-de-la-fabrica-de-textiles-Yancarlo-fue-migrante-guatemalteco-1024x768.webp\" class=\"attachment-large size-large wp-image-1483\" alt=\"Carlos emprendi\u00f3 una f\u00e1brica de textiles\" srcset=\"https:\/\/soymigrante.com\/revista\/wp-content\/uploads\/2023\/06\/Carlos-es-fundador-de-la-fabrica-de-textiles-Yancarlo-fue-migrante-guatemalteco-1024x768.webp 1024w, https:\/\/soymigrante.com\/revista\/wp-content\/uploads\/2023\/06\/Carlos-es-fundador-de-la-fabrica-de-textiles-Yancarlo-fue-migrante-guatemalteco-300x225.webp 300w, https:\/\/soymigrante.com\/revista\/wp-content\/uploads\/2023\/06\/Carlos-es-fundador-de-la-fabrica-de-textiles-Yancarlo-fue-migrante-guatemalteco-768x576.webp 768w, https:\/\/soymigrante.com\/revista\/wp-content\/uploads\/2023\/06\/Carlos-es-fundador-de-la-fabrica-de-textiles-Yancarlo-fue-migrante-guatemalteco-1536x1152.webp 1536w, https:\/\/soymigrante.com\/revista\/wp-content\/uploads\/2023\/06\/Carlos-es-fundador-de-la-fabrica-de-textiles-Yancarlo-fue-migrante-guatemalteco-scaled.webp 1920w, https:\/\/soymigrante.com\/revista\/wp-content\/uploads\/2023\/06\/Carlos-es-fundador-de-la-fabrica-de-textiles-Yancarlo-fue-migrante-guatemalteco-750x563.webp 750w, https:\/\/soymigrante.com\/revista\/wp-content\/uploads\/2023\/06\/Carlos-es-fundador-de-la-fabrica-de-textiles-Yancarlo-fue-migrante-guatemalteco-1140x855.webp 1140w\" sizes=\"(max-width: 1024px) 100vw, 1024px\" \/>\n            <\/div>\n        <\/div><div class=\"eael-entry-wrapper\"><header class=\"eael-entry-header\"><h2 class=\"eael-entry-title\"><a class=\"eael-grid-post-link\" href=\"https:\/\/soymigrante.com\/revista\/migrante-guatemalteco-genera-empleo-en-su-taller-textil-de-salcaja\/\" title=\"Migrante guatemalteco genera empleo en su taller textil de Salcaj\u00e1\">Migrante guatemalteco genera empleo en su taller textil de Salcaj\u00e1<\/a><\/h2><\/header><div class=\"eael-entry-content\">\n                        <div class=\"eael-grid-post-excerpt\"><a href=\"https:\/\/soymigrante.com\/revista\/migrante-guatemalteco-genera-empleo-en-su-taller-textil-de-salcaja\/\" class=\"eael-post-elements-readmore-btn\">CONOCE SU HISTORIA <\/a><\/div>\n                    <\/div><\/div><\/div>\n        <\/div>\n    <\/article><article class=\"eael-grid-post  eael-post-grid-column eael-pg-post-11947 category-guate-nuestra tags-joyas-mayas-migrantes\" data-id=\"11947\">\n        <div class=\"eael-grid-post-holder\">\n            <div class=\"eael-grid-post-holder-inner\"><div class=\"eael-entry-media\"><div class=\"eael-entry-overlay fade-in\"><i class=\"far fa-hand-pointer\" aria-hidden=\"true\"><\/i><a href=\"https:\/\/soymigrante.com\/revista\/codice-joyas-mayas-migrantes-textiles-washington\/\"><\/a><\/div><div class=\"eael-entry-thumbnail eael-image-ratio\">\n                <img loading=\"lazy\" decoding=\"async\" width=\"886\" height=\"829\" src=\"https:\/\/soymigrante.com\/revista\/wp-content\/uploads\/2024\/11\/textiles-mayas-Universidad-Washington-7-1.webp\" class=\"attachment-large size-large wp-image-12098\" alt=\"Colores vibrantes de artesan\u00eda ind\u00edgena con telar tradicional y adornos de pompones para celebrar la cultura migrante en Revista SoyMigrante.com.\" srcset=\"https:\/\/soymigrante.com\/revista\/wp-content\/uploads\/2024\/11\/textiles-mayas-Universidad-Washington-7-1.webp 886w, https:\/\/soymigrante.com\/revista\/wp-content\/uploads\/2024\/11\/textiles-mayas-Universidad-Washington-7-1-300x281.webp 300w, https:\/\/soymigrante.com\/revista\/wp-content\/uploads\/2024\/11\/textiles-mayas-Universidad-Washington-7-1-768x719.jpg 768w, https:\/\/soymigrante.com\/revista\/wp-content\/uploads\/2024\/11\/textiles-mayas-Universidad-Washington-7-1-750x702.webp 750w\" sizes=\"(max-width: 886px) 100vw, 886px\" \/>\n            <\/div>\n        <\/div><div class=\"eael-entry-wrapper\"><header class=\"eael-entry-header\"><h2 class=\"eael-entry-title\"><a class=\"eael-grid-post-link\" href=\"https:\/\/soymigrante.com\/revista\/codice-joyas-mayas-migrantes-textiles-washington\/\" title=\"Joyas mayas migrantes: textiles guatemaltecos en la Universidad George Washington\">Joyas mayas migrantes: textiles guatemaltecos en la Universidad George Washington<\/a><\/h2><\/header><div class=\"eael-entry-content\">\n                        <div class=\"eael-grid-post-excerpt\"><a href=\"https:\/\/soymigrante.com\/revista\/codice-joyas-mayas-migrantes-textiles-washington\/\" class=\"eael-post-elements-readmore-btn\">CONOCE SU HISTORIA <\/a><\/div>\n                    <\/div><\/div><\/div>\n        <\/div>\n    <\/article><\/div>\n            <div class=\"clearfix\"><\/div>\n        <\/div>\t\t\t\t<\/div>\n\t\t\t\t\t<\/div>\n\t\t\t\t<\/div>\n\t\t\t\t<\/div>\n\t\t","protected":false},"excerpt":{"rendered":"<p>Con la tradici\u00f3n ancestral del occidente de Guatemala, Textiles D&#8217;La Rossa se present\u00f3 exitosamente en la Semana de la Moda de Par\u00eds. Desde el altiplano guatemalteco hasta una de las pasarelas m\u00e1s prestigiosas del mundo, Textiles D\u2019La Rossa, de Totonicap\u00e1n, hizo historia este s\u00e1bado 4 de octubre al ser el primer taller artesanal de vestuario [&hellip;]<\/p>\n","protected":false},"author":1,"featured_media":46740,"comment_status":"open","ping_status":"open","sticky":false,"template":"","format":"standard","meta":{"_acf_changed":false,"_eb_attr":"","footnotes":""},"categories":[54],"tags":[],"class_list":["post-46739","post","type-post","status-publish","format-standard","has-post-thumbnail","hentry","category-estamos-unidos"],"acf":[],"aioseo_notices":[],"aioseo_head":"\n\t\t<!-- All in One SEO Pro 4.9.6.2 - aioseo.com -->\n\t<meta name=\"description\" content=\"Piezas de indumentaria maya guatemalteca cuyo valor radica en su antig\u00fcedad,. Se resguardan en la Universidad George Washington, en la capital de EE.UU.\" \/>\n\t<meta name=\"robots\" content=\"max-snippet:-1, max-image-preview:large, max-video-preview:-1\" \/>\n\t<meta name=\"author\" content=\"Gustavo Montenegro\"\/>\n\t<link rel=\"canonical\" href=\"https:\/\/soymigrante.com\/revista\/codice-joyas-mayas-migrantes-textiles-washington\/\" \/>\n\t<meta name=\"generator\" content=\"All in One SEO Pro (AIOSEO) 4.9.6.2\" \/>\n\n\t\t<link rel=\"preconnect\" href=\"https:\/\/fonts.googleapis.com\" crossorigin>\n<link rel=\"preconnect\" href=\"https:\/\/fonts.gstatic.com\" crossorigin>\n\t\t<meta property=\"og:locale\" content=\"es_ES\" \/>\n\t\t<meta property=\"og:site_name\" content=\"SoyMigrante.com REVISTA \u2013 Nuestra misi\u00f3n es reconocer y dignificar al migrante.\" \/>\n\t\t<meta property=\"og:type\" content=\"article\" \/>\n\t\t<meta property=\"og:title\" content=\"Joyas mayas migrantes: textiles guatemaltecos en Washington DC\" \/>\n\t\t<meta property=\"og:description\" content=\"Piezas de indumentaria maya guatemalteca cuyo valor radica en su antig\u00fcedad,. Se resguardan en la Universidad George Washington, en la capital de EE.UU.\" \/>\n\t\t<meta property=\"og:url\" content=\"https:\/\/soymigrante.com\/revista\/codice-joyas-mayas-migrantes-textiles-washington\/\" \/>\n\t\t<meta property=\"og:image\" content=\"https:\/\/soymigrante.com\/revista\/wp-content\/uploads\/2024\/11\/textiles-mayas-Universidad-Washington-7-1.webp\" \/>\n\t\t<meta property=\"og:image:secure_url\" content=\"https:\/\/soymigrante.com\/revista\/wp-content\/uploads\/2024\/11\/textiles-mayas-Universidad-Washington-7-1.webp\" \/>\n\t\t<meta property=\"og:image:width\" content=\"886\" \/>\n\t\t<meta property=\"og:image:height\" content=\"829\" \/>\n\t\t<meta property=\"article:published_time\" content=\"2024-11-05T14:30:00+00:00\" \/>\n\t\t<meta property=\"article:modified_time\" content=\"2025-05-19T07:40:06+00:00\" \/>\n\t\t<meta property=\"article:publisher\" content=\"https:\/\/www.facebook.com\/soymigrantecom\" \/>\n\t\t<meta name=\"twitter:card\" content=\"summary_large_image\" \/>\n\t\t<meta name=\"twitter:site\" content=\"@SoyMigrante_com\" \/>\n\t\t<meta name=\"twitter:title\" content=\"Joyas mayas migrantes: textiles guatemaltecos en Washington DC\" \/>\n\t\t<meta name=\"twitter:description\" content=\"Piezas de indumentaria maya guatemalteca cuyo valor radica en su antig\u00fcedad,. Se resguardan en la Universidad George Washington, en la capital de EE.UU.\" \/>\n\t\t<meta name=\"twitter:creator\" content=\"@SoyMigrante_com\" \/>\n\t\t<meta name=\"twitter:image\" content=\"https:\/\/soymigrante.com\/revista\/wp-content\/uploads\/2024\/11\/textiles-mayas-Universidad-Washington-7-1.webp\" \/>\n\t\t<!-- All in One SEO Pro -->\r\n\t\t<title>Joyas mayas migrantes: textiles guatemaltecos en Washington DC<\/title>\n\n","aioseo_head_json":{"title":"Joyas mayas migrantes: textiles guatemaltecos en Washington DC","description":"Piezas de indumentaria maya guatemalteca cuyo valor radica en su antig\u00fcedad,. Se resguardan en la Universidad George Washington, en la capital de EE.UU.","canonical_url":"https:\/\/soymigrante.com\/revista\/codice-joyas-mayas-migrantes-textiles-washington\/","robots":"max-snippet:-1, max-image-preview:large, max-video-preview:-1","keywords":"","webmasterTools":{"miscellaneous":"&lt;link rel=\"preconnect\" href=\"https:\/\/fonts.googleapis.com\" crossorigin&gt;\n&lt;link rel=\"preconnect\" href=\"https:\/\/fonts.gstatic.com\" crossorigin&gt;"},"schema":null,"og:locale":"es_ES","og:site_name":"SoyMigrante.com REVISTA \u2013 Nuestra misi\u00f3n es reconocer y dignificar al migrante.","og:type":"article","og:title":"Joyas mayas migrantes: textiles guatemaltecos en Washington DC","og:description":"Piezas de indumentaria maya guatemalteca cuyo valor radica en su antig\u00fcedad,. Se resguardan en la Universidad George Washington, en la capital de EE.UU.","og:url":"https:\/\/soymigrante.com\/revista\/codice-joyas-mayas-migrantes-textiles-washington\/","og:image":"https:\/\/soymigrante.com\/revista\/wp-content\/uploads\/2024\/11\/textiles-mayas-Universidad-Washington-7-1.webp","og:image:secure_url":"https:\/\/soymigrante.com\/revista\/wp-content\/uploads\/2024\/11\/textiles-mayas-Universidad-Washington-7-1.webp","og:image:width":886,"og:image:height":829,"article:published_time":"2024-11-05T14:30:00+00:00","article:modified_time":"2025-05-19T07:40:06+00:00","article:publisher":"https:\/\/www.facebook.com\/soymigrantecom","twitter:card":"summary_large_image","twitter:site":"@SoyMigrante_com","twitter:title":"Joyas mayas migrantes: textiles guatemaltecos en Washington DC","twitter:description":"Piezas de indumentaria maya guatemalteca cuyo valor radica en su antig\u00fcedad,. Se resguardan en la Universidad George Washington, en la capital de EE.UU.","twitter:creator":"@SoyMigrante_com","twitter:image":"https:\/\/soymigrante.com\/revista\/wp-content\/uploads\/2024\/11\/textiles-mayas-Universidad-Washington-7-1.webp"},"aioseo_meta_data":{"post_id":"46739","title":"Textiles D'La Rossa pone en alto a Guatemala en Par\u00eds","description":"F\u00e1brica artesanal de textiles tradicionales de Totonicap\u00e1n se present\u00f3 exitosamente en la Semana de la Moda de Par\u00eds. As\u00ed luci\u00f3 la identidad textil guatemalteca","keywords":null,"keyphrases":{"focus":{"keyphrase":"Textiles","score":100,"analysis":{"keyphraseInTitle":{"score":9,"maxScore":9,"error":0},"keyphraseInDescription":{"score":9,"maxScore":9,"error":0},"keyphraseLength":{"score":9,"maxScore":9,"error":0,"length":1},"keyphraseInURL":{"score":5,"maxScore":5,"error":0},"keyphraseInIntroduction":{"score":9,"maxScore":9,"error":0},"keyphraseInSubHeadings":{"score":9,"maxScore":9,"error":0},"keyphraseInImageAlt":{"score":9,"maxScore":9,"error":0},"keywordDensity":{"type":"best","score":9,"maxScore":9,"error":0}}},"additional":[{"keyphrase":"Guatemalteca","score":53,"analysis":{"keyphraseInDescription":{"score":9,"maxScore":9,"error":0},"keyphraseLength":{"score":9,"maxScore":9,"error":0,"length":1},"keyphraseInIntroduction":{"score":3,"maxScore":9,"error":1},"keyphraseInImageAlt":{"score":3,"maxScore":9,"error":1},"keywordDensity":{"score":0,"type":"low","maxScore":9,"error":1}}},{"keyphrase":"Par\u00eds","score":100,"analysis":{"keyphraseInDescription":{"score":9,"maxScore":9,"error":0},"keyphraseLength":{"score":9,"maxScore":9,"error":0,"length":2},"keyphraseInIntroduction":{"score":9,"maxScore":9,"error":0},"keyphraseInImageAlt":{"score":9,"maxScore":9,"error":0},"keywordDensity":{"type":"best","score":9,"maxScore":9,"error":0}}}]},"primary_term":null,"canonical_url":null,"og_title":null,"og_description":null,"og_object_type":"default","og_image_type":"default","og_image_url":null,"og_image_width":null,"og_image_height":null,"og_image_custom_url":null,"og_image_custom_fields":null,"og_video":"","og_custom_url":null,"og_article_section":null,"og_article_tags":null,"twitter_use_og":false,"twitter_card":"default","twitter_image_type":"default","twitter_image_url":null,"twitter_image_custom_url":null,"twitter_image_custom_fields":null,"twitter_title":null,"twitter_description":null,"schema":{"blockGraphs":[],"customGraphs":[],"default":{"data":{"Article":[],"Course":[],"Dataset":[],"FAQPage":[],"Movie":[],"Person":[],"Product":[],"ProductReview":[],"Car":[],"Recipe":[],"Service":[],"SoftwareApplication":[],"WebPage":[]},"graphName":"none","isEnabled":true},"graphs":[]},"schema_type":"default","schema_type_options":null,"pillar_content":false,"robots_default":true,"robots_noindex":false,"robots_noarchive":false,"robots_nosnippet":false,"robots_nofollow":false,"robots_noimageindex":false,"robots_noodp":false,"robots_notranslate":false,"robots_max_snippet":"-1","robots_max_videopreview":"-1","robots_max_imagepreview":"large","priority":null,"frequency":"default","local_seo":null,"seo_analyzer_scan_date":"2025-10-09 09:05:42","breadcrumb_settings":null,"limit_modified_date":false,"reviewed_by":"0","open_ai":null,"ai":{"faqs":[],"keyPoints":[],"titles":[],"descriptions":[],"socialPosts":{"email":[],"linkedin":[],"twitter":[],"facebook":[],"instagram":[]}},"created":"2025-10-06 04:05:25","updated":"2026-02-05 06:11:11"},"aioseo_breadcrumb":"<div class=\"aioseo-breadcrumbs\"><span class=\"aioseo-breadcrumb\">\n\t<a href=\"https:\/\/soymigrante.com\/revista\" title=\"Home\">Home<\/a>\n<\/span><span class=\"aioseo-breadcrumb-separator\">\u00bb<\/span><span class=\"aioseo-breadcrumb\">\n\t<a href=\"https:\/\/soymigrante.com\/revista\/category\/estamos-unidos\/\" title=\"Estamos Unidos\">Estamos Unidos<\/a>\n<\/span><span class=\"aioseo-breadcrumb-separator\">\u00bb<\/span><span class=\"aioseo-breadcrumb\">\n\tEn im\u00e1genes: Textiles D\u2019La Rossa pone en alto a Guatemala en Par\u00eds\n<\/span><\/div>","aioseo_breadcrumb_json":[{"label":"Home","link":"https:\/\/soymigrante.com\/revista"},{"label":"Estamos Unidos","link":"https:\/\/soymigrante.com\/revista\/category\/estamos-unidos\/"},{"label":"En im\u00e1genes: Textiles D&#8217;La Rossa pone en alto a Guatemala en Par\u00eds","link":"https:\/\/soymigrante.com\/revista\/en-imagenes-textiles-dla-rossa-deslumbra-en-paris\/"}],"_links":{"self":[{"href":"https:\/\/soymigrante.com\/revista\/wp-json\/wp\/v2\/posts\/46739","targetHints":{"allow":["GET"]}}],"collection":[{"href":"https:\/\/soymigrante.com\/revista\/wp-json\/wp\/v2\/posts"}],"about":[{"href":"https:\/\/soymigrante.com\/revista\/wp-json\/wp\/v2\/types\/post"}],"author":[{"embeddable":true,"href":"https:\/\/soymigrante.com\/revista\/wp-json\/wp\/v2\/users\/1"}],"replies":[{"embeddable":true,"href":"https:\/\/soymigrante.com\/revista\/wp-json\/wp\/v2\/comments?post=46739"}],"version-history":[{"count":30,"href":"https:\/\/soymigrante.com\/revista\/wp-json\/wp\/v2\/posts\/46739\/revisions"}],"predecessor-version":[{"id":46793,"href":"https:\/\/soymigrante.com\/revista\/wp-json\/wp\/v2\/posts\/46739\/revisions\/46793"}],"wp:featuredmedia":[{"embeddable":true,"href":"https:\/\/soymigrante.com\/revista\/wp-json\/wp\/v2\/media\/46740"}],"wp:attachment":[{"href":"https:\/\/soymigrante.com\/revista\/wp-json\/wp\/v2\/media?parent=46739"}],"wp:term":[{"taxonomy":"category","embeddable":true,"href":"https:\/\/soymigrante.com\/revista\/wp-json\/wp\/v2\/categories?post=46739"},{"taxonomy":"post_tag","embeddable":true,"href":"https:\/\/soymigrante.com\/revista\/wp-json\/wp\/v2\/tags?post=46739"}],"curies":[{"name":"wp","href":"https:\/\/api.w.org\/{rel}","templated":true}]}}