{"id":4671,"date":"2024-01-31T10:33:22","date_gmt":"2024-01-31T16:33:22","guid":{"rendered":"https:\/\/soymigrante.com\/revista\/?p=4671"},"modified":"2024-11-01T11:00:05","modified_gmt":"2024-11-01T17:00:05","slug":"benvenuto-marimba-estrella-chapina-oklahoma","status":"publish","type":"post","link":"https:\/\/soymigrante.com\/revista\/benvenuto-marimba-estrella-chapina-oklahoma\/","title":{"rendered":"Benvenuto Gir\u00f3n y el sonido de una Estrella Chapina migrante"},"content":{"rendered":"\t\t<div data-elementor-type=\"wp-post\" data-elementor-id=\"4671\" class=\"elementor elementor-4671\" data-elementor-post-type=\"post\">\n\t\t\t\t\t\t<section data-particle_enable=\"false\" data-particle-mobile-disabled=\"false\" class=\"elementor-section elementor-top-section elementor-element elementor-element-340ea79 elementor-section-boxed elementor-section-height-default elementor-section-height-default\" data-id=\"340ea79\" data-element_type=\"section\" data-e-type=\"section\">\n\t\t\t\t\t\t<div class=\"elementor-container elementor-column-gap-default\">\n\t\t\t\t\t<div class=\"elementor-column elementor-col-100 elementor-top-column elementor-element elementor-element-0ff3757\" data-id=\"0ff3757\" data-element_type=\"column\" data-e-type=\"column\">\n\t\t\t<div class=\"elementor-widget-wrap elementor-element-populated\">\n\t\t\t\t\t\t<div class=\"elementor-element elementor-element-e5ae8fa elementor-widget elementor-widget-heading\" data-id=\"e5ae8fa\" data-element_type=\"widget\" data-e-type=\"widget\" data-widget_type=\"heading.default\">\n\t\t\t\t\t<h1 class=\"elementor-heading-title elementor-size-default\">De ni\u00f1o, Benvenuto Barrios toc\u00f3 marimba en EE.UU. en 1967 y desde entonces su sue\u00f1o fue tener su propio grupo.  Pero no fue sino hasta  1997 1ue se encendi\u00f3 el sue\u00f1o de la Marimba Estrella Chapina en Oklahoma, que desde entonces no ha parado de brillar... ni de sonar.<\/h1>\t\t\t\t<\/div>\n\t\t\t\t\t<\/div>\n\t\t<\/div>\n\t\t\t\t\t<\/div>\n\t\t<\/section>\n\t\t\t\t<section data-particle_enable=\"false\" data-particle-mobile-disabled=\"false\" class=\"elementor-section elementor-top-section elementor-element elementor-element-f1d3988 elementor-section-boxed elementor-section-height-default elementor-section-height-default\" data-id=\"f1d3988\" data-element_type=\"section\" data-e-type=\"section\">\n\t\t\t\t\t\t<div class=\"elementor-container elementor-column-gap-default\">\n\t\t\t\t\t<div class=\"elementor-column elementor-col-100 elementor-top-column elementor-element elementor-element-2ffb2f8\" data-id=\"2ffb2f8\" data-element_type=\"column\" data-e-type=\"column\">\n\t\t\t<div class=\"elementor-widget-wrap elementor-element-populated\">\n\t\t\t\t\t\t<div class=\"elementor-element elementor-element-c9a2a30 elementor-widget elementor-widget-video\" data-id=\"c9a2a30\" data-element_type=\"widget\" data-e-type=\"widget\" data-settings=\"{&quot;youtube_url&quot;:&quot;https:\\\/\\\/www.youtube.com\\\/watch?v=n-Mtc5o203w&quot;,&quot;autoplay&quot;:&quot;yes&quot;,&quot;video_type&quot;:&quot;youtube&quot;}\" data-widget_type=\"video.default\">\n\t\t\t\t\t\t\t<div class=\"elementor-wrapper elementor-open-inline\">\n\t\t\t<div class=\"elementor-video\"><\/div>\t\t<\/div>\n\t\t\t\t\t\t<\/div>\n\t\t\t\t\t<\/div>\n\t\t<\/div>\n\t\t\t\t\t<\/div>\n\t\t<\/section>\n\t\t\t\t<section data-particle_enable=\"false\" data-particle-mobile-disabled=\"false\" class=\"elementor-section elementor-top-section elementor-element elementor-element-04cf5e0 elementor-section-boxed elementor-section-height-default elementor-section-height-default\" data-id=\"04cf5e0\" data-element_type=\"section\" data-e-type=\"section\">\n\t\t\t\t\t\t<div class=\"elementor-container elementor-column-gap-default\">\n\t\t\t\t\t<div class=\"elementor-column elementor-col-100 elementor-top-column elementor-element elementor-element-0bd6fc6\" data-id=\"0bd6fc6\" data-element_type=\"column\" data-e-type=\"column\">\n\t\t\t<div class=\"elementor-widget-wrap elementor-element-populated\">\n\t\t\t\t\t\t<div class=\"elementor-element elementor-element-7c1c886 elementor-widget elementor-widget-heading\" data-id=\"7c1c886\" data-element_type=\"widget\" data-e-type=\"widget\" data-widget_type=\"heading.default\">\n\t\t\t\t\t<h2 class=\"elementor-heading-title elementor-size-default\">Traves\u00eda de ida y vuelta<\/h2>\t\t\t\t<\/div>\n\t\t\t\t\t<\/div>\n\t\t<\/div>\n\t\t\t\t\t<\/div>\n\t\t<\/section>\n\t\t\t\t<section data-particle_enable=\"false\" data-particle-mobile-disabled=\"false\" class=\"elementor-section elementor-top-section elementor-element elementor-element-e85f940 elementor-section-boxed elementor-section-height-default elementor-section-height-default\" data-id=\"e85f940\" data-element_type=\"section\" data-e-type=\"section\">\n\t\t\t\t\t\t<div class=\"elementor-container elementor-column-gap-default\">\n\t\t\t\t\t<div class=\"elementor-column elementor-col-100 elementor-top-column elementor-element elementor-element-c70a4da\" data-id=\"c70a4da\" data-element_type=\"column\" data-e-type=\"column\">\n\t\t\t<div class=\"elementor-widget-wrap elementor-element-populated\">\n\t\t\t\t\t\t<div class=\"elementor-element elementor-element-2c6bbe1 elementor-widget elementor-widget-text-editor\" data-id=\"2c6bbe1\" data-element_type=\"widget\" data-e-type=\"widget\" data-widget_type=\"text-editor.default\">\n\t\t\t\t\t\t\t\t\t<p>Benvenuto Gir\u00f3n Barrios, oriundo de Las Brisas, Sibilia, Quetzaltenango, Guatemala, cultiv\u00f3 su amor por la m\u00fasica desde temprana edad, inspirado por su padre y t\u00edos.\u00a0<\/p><p>En 1,965\u00a0 Benvenuto\u00a0 form\u00f3 parte del grupo de marimba \u201cSanta Teresita\u201d de\u00a0 San Carlos Sija, Quetzaltenango. \u201cUna religiosa de la escuela le pago al gran maestro don Domingo Bethancourt -autor de Ferrocarril de los Altos- para que nos ense\u00f1ara a tocar. Aprendimos m\u00e1s de 12 temas musicales para las presentaciones de las actividades de la escuela\u201d<\/p><p>Ese mismo a\u00f1o fueron invitados a escuelas y universidades en los estados de Oklahoma, Houston Texas, California y nuevo M\u00e9xico.\u00a0 Esa experiencia le provey\u00f3una nueva expectativa sobre la m\u00fasica y los sue\u00f1os personales \u201cFue una gira art\u00edstica acompa\u00f1ados y dirigidos por don Domingo Bethancourt\u201d agreg\u00f3.<\/p><p>Despu\u00e9s, en 1967, Benvenuto tom\u00f3 la decisi\u00f3n de solicitar una visa estudiantil, la cual le fue concedida. \u201cContinu\u00e9 mis estudios hasta el a\u00f1o 1969, y al a\u00f1o siguiente regres\u00e9 a Guatemala, porqu\u00e9 era el \u00fanico en ejecutar la marimba y enfrent\u00e9 dificultades con el ingl\u00e9s, pero logr\u00e9 sacar un curso de soldadura\u201d.<\/p><p>En 1,972 migr\u00f3 a Estados Unidos, con el objetivo de establecerse y residir en Oklahoma. Su oficio como soldador le permiti\u00f3 trabajar\u00a0 en una compa\u00f1\u00eda durante 35 a\u00f1os. La marimba qued\u00f3 de lado por mucho tiempo.\u00a0Solo la interpretaba en sus ratos libres. Despu\u00e9s de jubilarse, Benvenuto retomo el talento a tiempo completo y fund\u00f3 su propio grupo de marimba.<\/p>\t\t\t\t\t\t\t\t<\/div>\n\t\t\t\t\t<\/div>\n\t\t<\/div>\n\t\t\t\t\t<\/div>\n\t\t<\/section>\n\t\t\t\t<section data-particle_enable=\"false\" data-particle-mobile-disabled=\"false\" class=\"elementor-section elementor-top-section elementor-element elementor-element-ef5309d elementor-section-boxed elementor-section-height-default elementor-section-height-default\" data-id=\"ef5309d\" data-element_type=\"section\" data-e-type=\"section\">\n\t\t\t\t\t\t<div class=\"elementor-container elementor-column-gap-default\">\n\t\t\t\t\t<div class=\"elementor-column elementor-col-100 elementor-top-column elementor-element elementor-element-2e1e3d3\" data-id=\"2e1e3d3\" data-element_type=\"column\" data-e-type=\"column\">\n\t\t\t<div class=\"elementor-widget-wrap elementor-element-populated\">\n\t\t\t\t\t\t<div class=\"elementor-element elementor-element-3b84328 elementor-arrows-position-inside elementor-pagination-position-outside elementor-widget elementor-widget-image-carousel\" data-id=\"3b84328\" data-element_type=\"widget\" data-e-type=\"widget\" data-settings=\"{&quot;slides_to_show&quot;:&quot;1&quot;,&quot;navigation&quot;:&quot;both&quot;,&quot;autoplay&quot;:&quot;yes&quot;,&quot;pause_on_hover&quot;:&quot;yes&quot;,&quot;pause_on_interaction&quot;:&quot;yes&quot;,&quot;autoplay_speed&quot;:5000,&quot;infinite&quot;:&quot;yes&quot;,&quot;effect&quot;:&quot;slide&quot;,&quot;speed&quot;:500}\" data-widget_type=\"image-carousel.default\">\n\t\t\t\t\t\t\t<div class=\"elementor-image-carousel-wrapper swiper\" role=\"region\" aria-roledescription=\"carousel\" aria-label=\"Carrusel de im\u00e1genes\" dir=\"ltr\">\n\t\t\t<div class=\"elementor-image-carousel swiper-wrapper\" aria-live=\"off\">\n\t\t\t\t\t\t\t\t<div class=\"swiper-slide\" role=\"group\" aria-roledescription=\"slide\" aria-label=\"1 de 2\"><figure class=\"swiper-slide-inner\"><img decoding=\"async\" class=\"swiper-slide-image\" src=\"https:\/\/soymigrante.com\/revista\/wp-content\/uploads\/2024\/01\/joven-768x1109.webp\" alt=\"Benvenuto Barrios con 18 a\u00f1os de edad con la marimba de su establecimiento Santa Teresita\" \/><figcaption class=\"elementor-image-carousel-caption\">Benvenuto Barrios con 18 a\u00f1os de edad con la marimba de su establecimiento Santa Teresita<\/figcaption><\/figure><\/div><div class=\"swiper-slide\" role=\"group\" aria-roledescription=\"slide\" aria-label=\"2 de 2\"><figure class=\"swiper-slide-inner\"><img decoding=\"async\" class=\"swiper-slide-image\" src=\"https:\/\/soymigrante.com\/revista\/wp-content\/uploads\/2024\/01\/Benvenuto-Barrios-de-joven-768x1109.webp\" alt=\"Benvenuto Barrios es originario de Sibilia Quetzaltenango, Guatemala. Viaj\u00f3 varias veces a Estados Unidos primero como invitado a una gira estudiantil hasta decir migrar en 1,972.\" \/><figcaption class=\"elementor-image-carousel-caption\">Benvenuto Barrios, originario de Sibilia Quetzaltenango, Guatemala, ha tenido una conexi\u00f3n significativa con Estados Unidos a lo largo de su vida. Inicialmente, viaj\u00f3 en varias ocasiones como invitado en giras estudiantiles antes de tomar la decisi\u00f3n de emigrar en 1972.<\/figcaption><\/figure><\/div>\t\t\t<\/div>\n\t\t\t\t\t\t\t\t\t\t\t\t<div class=\"elementor-swiper-button elementor-swiper-button-prev\" role=\"button\" tabindex=\"0\">\n\t\t\t\t\t\t<i aria-hidden=\"true\" class=\"eicon-chevron-left\"><\/i>\t\t\t\t\t<\/div>\n\t\t\t\t\t<div class=\"elementor-swiper-button elementor-swiper-button-next\" role=\"button\" tabindex=\"0\">\n\t\t\t\t\t\t<i aria-hidden=\"true\" class=\"eicon-chevron-right\"><\/i>\t\t\t\t\t<\/div>\n\t\t\t\t\n\t\t\t\t\t\t\t\t\t<div class=\"swiper-pagination\"><\/div>\n\t\t\t\t\t\t\t\t\t<\/div>\n\t\t\t\t\t\t<\/div>\n\t\t\t\t\t<\/div>\n\t\t<\/div>\n\t\t\t\t\t<\/div>\n\t\t<\/section>\n\t\t\t\t<section data-particle_enable=\"false\" data-particle-mobile-disabled=\"false\" class=\"elementor-section elementor-top-section elementor-element elementor-element-87c4e81 elementor-section-boxed elementor-section-height-default elementor-section-height-default\" data-id=\"87c4e81\" data-element_type=\"section\" data-e-type=\"section\">\n\t\t\t\t\t\t<div class=\"elementor-container elementor-column-gap-default\">\n\t\t\t\t\t<div class=\"elementor-column elementor-col-100 elementor-top-column elementor-element elementor-element-d8d5b5e\" data-id=\"d8d5b5e\" data-element_type=\"column\" data-e-type=\"column\">\n\t\t\t<div class=\"elementor-widget-wrap elementor-element-populated\">\n\t\t\t\t\t\t<div class=\"elementor-element elementor-element-dd9eef4 elementor-widget elementor-widget-heading\" data-id=\"dd9eef4\" data-element_type=\"widget\" data-e-type=\"widget\" data-widget_type=\"heading.default\">\n\t\t\t\t\t<h2 class=\"elementor-heading-title elementor-size-default\">Una verdadera Oklahomarimba<\/h2>\t\t\t\t<\/div>\n\t\t\t\t\t<\/div>\n\t\t<\/div>\n\t\t\t\t\t<\/div>\n\t\t<\/section>\n\t\t\t\t<section data-particle_enable=\"false\" data-particle-mobile-disabled=\"false\" class=\"elementor-section elementor-top-section elementor-element elementor-element-ad958a4 elementor-section-boxed elementor-section-height-default elementor-section-height-default\" data-id=\"ad958a4\" data-element_type=\"section\" data-e-type=\"section\">\n\t\t\t\t\t\t<div class=\"elementor-container elementor-column-gap-default\">\n\t\t\t\t\t<div class=\"elementor-column elementor-col-100 elementor-top-column elementor-element elementor-element-929d69d\" data-id=\"929d69d\" data-element_type=\"column\" data-e-type=\"column\">\n\t\t\t<div class=\"elementor-widget-wrap elementor-element-populated\">\n\t\t\t\t\t\t<div class=\"elementor-element elementor-element-151e590 elementor-widget elementor-widget-text-editor\" data-id=\"151e590\" data-element_type=\"widget\" data-e-type=\"widget\" data-widget_type=\"text-editor.default\">\n\t\t\t\t\t\t\t\t\t<p><span style=\"font-weight: 400;\">Con la llegada de sobrinos y amigos migrantes a Oklahoma comenzaron las primeras pr\u00e1cticas en 1,992 pero no ser\u00eda sino hasta en 1,997 cuando se estableci\u00f3 la marimba <\/span><b>\u201cEstrella Chapina\u201d<\/b><span style=\"font-weight: 400;\">, agrupaci\u00f3n que cumple 26 a\u00f1os de fundaci\u00f3n. Benvenuto es el fundador y director.<\/span><\/p><p><span style=\"font-weight: 400;\">Desde su inicio esta Estrella no ha parado de brillar.\u00a0<\/span><span style=\"font-weight: 400; color: var( --e-global-color-text );\">Su talento musical alegra eventos sociales y culturales. Ha recibido reconocimientos por su destacada contribuci\u00f3n en la promoci\u00f3n de la cultura guatemalteca con el galard\u00f3n Gala Excelencia Awardees 2023. Este proyecto musical forma parte de la esencia de los migrantes guatemaltecos seg\u00fan dice Benvenuto: \u201cCon la llegada de migrantes guatemaltecos a Estados Unidos me naci\u00f3 recordarles un poco de nuestra tierra a trav\u00e9s de la marimba\u201d.<\/span><\/p><p><span style=\"font-weight: 400;\">\u201cAdem\u00e1s del equipo que ten\u00eda, decid\u00ed comprar un juego de marimbas al grupo de Fidel Funes para formar el grupo ac\u00e1 en Oklahoma. Fue dif\u00edcil, si bien nuestra m\u00fasica no era profesional desde hace dos a\u00f1os tenemos un director musical\u201d relata el migrante Benvenuto.<\/span><\/p><p><span style=\"font-weight: 400;\">Rudy, Oscar, Javier, Tamara, Carlos, Herbin, Mario y Jos\u00e9 completan a los integrantes de la Estrella Chapina. Cabe hacer notar que no todos son guatemaltecos, pero todos tocan con el alma. Hay originarios de Guatemala, M\u00e9xico, El Salvador, Venezuela y Colombia. Sin duda una combinaci\u00f3n extraordinaria de la cultura latinoamericana con alma guatemalteca.\u00a0<\/span><\/p><p><span style=\"font-weight: 400;\">\u201cQuiz\u00e1s nos cuesta reunirnos para ensayar y obtener los recursos como micr\u00f3fonos e instrumentos. Pero la voluntad y el amor a la m\u00fasica hace que continuemos en prepararnos y dar grandes espect\u00e1culos para nuestra gente\u201d.<\/span><\/p>\t\t\t\t\t\t\t\t<\/div>\n\t\t\t\t\t<\/div>\n\t\t<\/div>\n\t\t\t\t\t<\/div>\n\t\t<\/section>\n\t\t\t\t<section data-particle_enable=\"false\" data-particle-mobile-disabled=\"false\" class=\"elementor-section elementor-top-section elementor-element elementor-element-6105d8b elementor-section-boxed elementor-section-height-default elementor-section-height-default\" data-id=\"6105d8b\" data-element_type=\"section\" data-e-type=\"section\">\n\t\t\t\t\t\t<div class=\"elementor-container elementor-column-gap-default\">\n\t\t\t\t\t<div class=\"elementor-column elementor-col-100 elementor-top-column elementor-element elementor-element-1245e81\" data-id=\"1245e81\" data-element_type=\"column\" data-e-type=\"column\">\n\t\t\t<div class=\"elementor-widget-wrap elementor-element-populated\">\n\t\t\t\t\t\t<div class=\"elementor-element elementor-element-844841f elementor-arrows-position-inside elementor-pagination-position-outside elementor-widget elementor-widget-image-carousel\" data-id=\"844841f\" data-element_type=\"widget\" data-e-type=\"widget\" data-settings=\"{&quot;slides_to_show&quot;:&quot;1&quot;,&quot;navigation&quot;:&quot;both&quot;,&quot;autoplay&quot;:&quot;yes&quot;,&quot;pause_on_hover&quot;:&quot;yes&quot;,&quot;pause_on_interaction&quot;:&quot;yes&quot;,&quot;autoplay_speed&quot;:5000,&quot;infinite&quot;:&quot;yes&quot;,&quot;effect&quot;:&quot;slide&quot;,&quot;speed&quot;:500}\" data-widget_type=\"image-carousel.default\">\n\t\t\t\t\t\t\t<div class=\"elementor-image-carousel-wrapper swiper\" role=\"region\" aria-roledescription=\"carousel\" aria-label=\"Carrusel de im\u00e1genes\" dir=\"ltr\">\n\t\t\t<div class=\"elementor-image-carousel swiper-wrapper\" aria-live=\"off\">\n\t\t\t\t\t\t\t\t<div class=\"swiper-slide\" role=\"group\" aria-roledescription=\"slide\" aria-label=\"1 de 4\"><figure class=\"swiper-slide-inner\"><img decoding=\"async\" class=\"swiper-slide-image\" src=\"https:\/\/soymigrante.com\/revista\/wp-content\/uploads\/2024\/01\/marimba-estrella-chapina-768x832.webp\" alt=\"En la navidad de 1,997 naci\u00f3 la marimba originalmente se llam\u00f3 Bella Guatemala y fue en 2005 cuando se llam\u00f3 Estrella Chapina ya que era la \u00fanica marimba en Oklahoma.\" \/><figcaption class=\"elementor-image-carousel-caption\">En la navidad de 1,997 naci\u00f3 la marimba originalmente se llam\u00f3 Bella Guatemala y fue en 2005 cuando se llam\u00f3 Estrella Chapina ya que era la \u00fanica marimba en Oklahoma.\n<\/figcaption><\/figure><\/div><div class=\"swiper-slide\" role=\"group\" aria-roledescription=\"slide\" aria-label=\"2 de 4\"><figure class=\"swiper-slide-inner\"><img decoding=\"async\" class=\"swiper-slide-image\" src=\"https:\/\/soymigrante.com\/revista\/wp-content\/uploads\/2024\/01\/gran-agrupacion-768x832.webp\" alt=\"En 1,965 fueron invitados a las escuelas y universidades en los estados de Oklahoma, Houston Texas, California y nuevo M\u00e9xico\" \/><figcaption class=\"elementor-image-carousel-caption\">fueron invitados a las escuelas y universidades en los estados de Oklahoma, Houston Texas, California y nuevo M\u00e9xico\n<\/figcaption><\/figure><\/div><div class=\"swiper-slide\" role=\"group\" aria-roledescription=\"slide\" aria-label=\"3 de 4\"><figure class=\"swiper-slide-inner\"><img decoding=\"async\" class=\"swiper-slide-image\" src=\"https:\/\/soymigrante.com\/revista\/wp-content\/uploads\/2024\/01\/presentacion-768x832.webp\" alt=\"El sue\u00f1o de Benvenuto se construyo con el apoyo de su familia y de la perseverancia de si mismo, Despu\u00e9s de Trabajar como Soldador en una compa\u00f1\u00eda por m\u00e1s de 35 a\u00f1os se jubilo y dedica su tiempo a la direcci\u00f3n de la marimba\" \/><figcaption class=\"elementor-image-carousel-caption\">El sue\u00f1o de Benvenuto se construyo con el apoyo de su familia y de la perseverancia de si mismo, Despu\u00e9s de Trabajar como Soldador en una compa\u00f1\u00eda por m\u00e1s de 35 a\u00f1os se jubilo y dedica su tiempo a la direcci\u00f3n de la marimba <\/figcaption><\/figure><\/div><div class=\"swiper-slide\" role=\"group\" aria-roledescription=\"slide\" aria-label=\"4 de 4\"><figure class=\"swiper-slide-inner\"><img decoding=\"async\" class=\"swiper-slide-image\" src=\"https:\/\/soymigrante.com\/revista\/wp-content\/uploads\/2024\/01\/marimaba-estrella-768x832.webp\" alt=\"La agrupaci\u00f3n esta conformada por personas originarias de Guatemala, M\u00e9xico, El Salvador, Colombia y Venezuela\" \/><figcaption class=\"elementor-image-carousel-caption\">La agrupaci\u00f3n esta conformada por personas originarias de Guatemala, M\u00e9xico, El Salvador, Colombia y Venezuela <\/figcaption><\/figure><\/div>\t\t\t<\/div>\n\t\t\t\t\t\t\t\t\t\t\t\t<div class=\"elementor-swiper-button elementor-swiper-button-prev\" role=\"button\" tabindex=\"0\">\n\t\t\t\t\t\t<i aria-hidden=\"true\" class=\"eicon-chevron-left\"><\/i>\t\t\t\t\t<\/div>\n\t\t\t\t\t<div class=\"elementor-swiper-button elementor-swiper-button-next\" role=\"button\" tabindex=\"0\">\n\t\t\t\t\t\t<i aria-hidden=\"true\" class=\"eicon-chevron-right\"><\/i>\t\t\t\t\t<\/div>\n\t\t\t\t\n\t\t\t\t\t\t\t\t\t<div class=\"swiper-pagination\"><\/div>\n\t\t\t\t\t\t\t\t\t<\/div>\n\t\t\t\t\t\t<\/div>\n\t\t\t\t\t<\/div>\n\t\t<\/div>\n\t\t\t\t\t<\/div>\n\t\t<\/section>\n\t\t\t\t<section data-particle_enable=\"false\" data-particle-mobile-disabled=\"false\" class=\"elementor-section elementor-top-section elementor-element elementor-element-6aef1e3 elementor-section-boxed elementor-section-height-default elementor-section-height-default\" data-id=\"6aef1e3\" data-element_type=\"section\" data-e-type=\"section\">\n\t\t\t\t\t\t<div class=\"elementor-container elementor-column-gap-default\">\n\t\t\t\t\t<div class=\"elementor-column elementor-col-100 elementor-top-column elementor-element elementor-element-e27ddc5\" data-id=\"e27ddc5\" data-element_type=\"column\" data-e-type=\"column\">\n\t\t\t<div class=\"elementor-widget-wrap elementor-element-populated\">\n\t\t\t\t\t\t<div class=\"elementor-element elementor-element-3fac2cd elementor-widget elementor-widget-heading\" data-id=\"3fac2cd\" data-element_type=\"widget\" data-e-type=\"widget\" data-widget_type=\"heading.default\">\n\t\t\t\t\t<h2 class=\"elementor-heading-title elementor-size-default\">Trascender con m\u00fasica\n<\/h2>\t\t\t\t<\/div>\n\t\t\t\t\t<\/div>\n\t\t<\/div>\n\t\t\t\t\t<\/div>\n\t\t<\/section>\n\t\t\t\t<section data-particle_enable=\"false\" data-particle-mobile-disabled=\"false\" class=\"elementor-section elementor-top-section elementor-element elementor-element-854427e elementor-section-boxed elementor-section-height-default elementor-section-height-default\" data-id=\"854427e\" data-element_type=\"section\" data-e-type=\"section\">\n\t\t\t\t\t\t<div class=\"elementor-container elementor-column-gap-default\">\n\t\t\t\t\t<div class=\"elementor-column elementor-col-100 elementor-top-column elementor-element elementor-element-b97496b\" data-id=\"b97496b\" data-element_type=\"column\" data-e-type=\"column\">\n\t\t\t<div class=\"elementor-widget-wrap elementor-element-populated\">\n\t\t\t\t\t\t<div class=\"elementor-element elementor-element-6678689 elementor-widget elementor-widget-text-editor\" data-id=\"6678689\" data-element_type=\"widget\" data-e-type=\"widget\" data-widget_type=\"text-editor.default\">\n\t\t\t\t\t\t\t\t\t<p>\u201cEstoy orgulloso que puedan reconocer mi trabajo. La marimba requiere paciencia, hay muchos j\u00f3venes que olvidan su ra\u00edz o no les gusta. Pero llev\u00f3 26 a\u00f1os con la marimba y seguir\u00e9 hasta donde Dios me de fuerza. Mi sobrino Rudy es el \u00fanico de la familia que est\u00e1 en la m\u00fasica, siempre le motivo para que el siga con el legado\u201d dice Rudy Barrios.<\/p><p>Uno de los proyectos a futuro es crear un conjunto de marimba de ni\u00f1as y se\u00f1oritas, mismas que puedan aprender a ejecutar la marimba y amenizar los eventos. \u201cQuiero empezar con seis personas y que esto pueda crecer con el tiempo para dejar huella en la comunidad migrante guatemalteca\u201d.<\/p><p>El trabajo de Bnevenuto tiene el reconocimiento por parte del estado de Oklahoma y el consulado de Guatemala \u201cMe han recibido bien, disfruto hacer m\u00fasica popular para los bailes y sobre temas en marimba\u201d. Agreg\u00f3 Benvenuto.<\/p><p>Mi Guatemala, el Valle de la Ermita, El Ferrocarril de los Altos y Luna de Xelajuj son los temas m\u00e1s solicitados por la comunidad guatemalteca.\u00a0 El objetivo es tambi\u00e9n involucrar a j\u00f3venes y se\u00f1oritas en Oklahoma y promover la m\u00fasica guatemalteca \u201cEsto es para la comunidad. Trascender en otro pa\u00eds es una oportunidad para dar a conocer nuestro pa\u00eds\u201d.<\/p>\t\t\t\t\t\t\t\t<\/div>\n\t\t\t\t\t<\/div>\n\t\t<\/div>\n\t\t\t\t\t<\/div>\n\t\t<\/section>\n\t\t\t\t<section data-particle_enable=\"false\" data-particle-mobile-disabled=\"false\" class=\"elementor-section elementor-top-section elementor-element elementor-element-c0fa649 elementor-section-boxed elementor-section-height-default elementor-section-height-default\" data-id=\"c0fa649\" data-element_type=\"section\" data-e-type=\"section\">\n\t\t\t\t\t\t<div class=\"elementor-container elementor-column-gap-default\">\n\t\t\t\t\t<div class=\"elementor-column elementor-col-100 elementor-top-column elementor-element elementor-element-e8812a2\" data-id=\"e8812a2\" data-element_type=\"column\" data-e-type=\"column\">\n\t\t\t<div class=\"elementor-widget-wrap elementor-element-populated\">\n\t\t\t\t\t\t<div class=\"elementor-element elementor-element-43cff17 elementor-arrows-position-inside elementor-pagination-position-outside elementor-widget elementor-widget-image-carousel\" data-id=\"43cff17\" data-element_type=\"widget\" data-e-type=\"widget\" data-settings=\"{&quot;slides_to_show&quot;:&quot;1&quot;,&quot;navigation&quot;:&quot;both&quot;,&quot;autoplay&quot;:&quot;yes&quot;,&quot;pause_on_hover&quot;:&quot;yes&quot;,&quot;pause_on_interaction&quot;:&quot;yes&quot;,&quot;autoplay_speed&quot;:5000,&quot;infinite&quot;:&quot;yes&quot;,&quot;effect&quot;:&quot;slide&quot;,&quot;speed&quot;:500}\" data-widget_type=\"image-carousel.default\">\n\t\t\t\t\t\t\t<div class=\"elementor-image-carousel-wrapper swiper\" role=\"region\" aria-roledescription=\"carousel\" aria-label=\"Carrusel de im\u00e1genes\" dir=\"ltr\">\n\t\t\t<div class=\"elementor-image-carousel swiper-wrapper\" aria-live=\"off\">\n\t\t\t\t\t\t\t\t<div class=\"swiper-slide\" role=\"group\" aria-roledescription=\"slide\" aria-label=\"1 de 3\"><figure class=\"swiper-slide-inner\"><img decoding=\"async\" class=\"swiper-slide-image\" src=\"https:\/\/soymigrante.com\/revista\/wp-content\/uploads\/2024\/01\/premiacion-768x832.webp\" alt=\"Benvenuto visita Guatemala en vacaciones y aunque su familia este establecida en Estados Unidos, Siempre lleva su origen en el coraz\u00f3n y la m\u00fasica.\" \/><figcaption class=\"elementor-image-carousel-caption\">Benvenuto visita Guatemala en vacaciones y aunque su familia este establecida en Estados Unidos, Siempre lleva su origen en el coraz\u00f3n y la m\u00fasica.<\/figcaption><\/figure><\/div><div class=\"swiper-slide\" role=\"group\" aria-roledescription=\"slide\" aria-label=\"2 de 3\"><figure class=\"swiper-slide-inner\"><img decoding=\"async\" class=\"swiper-slide-image\" src=\"https:\/\/soymigrante.com\/revista\/wp-content\/uploads\/2024\/01\/guatemaltecos-en-oklahoma-768x832.webp\" alt=\"Recibi\u00f3 el galard\u00f3n a trav\u00e9s de la premiaci\u00f3n Gala Excelencia Awardees 2023\" \/><figcaption class=\"elementor-image-carousel-caption\">Recibi\u00f3 el galard\u00f3n a trav\u00e9s de la premiaci\u00f3n Gala Excelencia Awardees 2023   <\/figcaption><\/figure><\/div><div class=\"swiper-slide\" role=\"group\" aria-roledescription=\"slide\" aria-label=\"3 de 3\"><figure class=\"swiper-slide-inner\"><img decoding=\"async\" class=\"swiper-slide-image\" src=\"https:\/\/soymigrante.com\/revista\/wp-content\/uploads\/2024\/01\/Inicios-768x832.webp\" alt=\"El trabajo de Bnevenuto tiene el reconocimiento por parte del estado de Oklahoma y el consulado de Guatemala\" \/><figcaption class=\"elementor-image-carousel-caption\">El trabajo de Bnevenuto tiene el reconocimiento por parte del estado de Oklahoma y el consulado de Guatemala<\/figcaption><\/figure><\/div>\t\t\t<\/div>\n\t\t\t\t\t\t\t\t\t\t\t\t<div class=\"elementor-swiper-button elementor-swiper-button-prev\" role=\"button\" tabindex=\"0\">\n\t\t\t\t\t\t<i aria-hidden=\"true\" class=\"eicon-chevron-left\"><\/i>\t\t\t\t\t<\/div>\n\t\t\t\t\t<div class=\"elementor-swiper-button elementor-swiper-button-next\" role=\"button\" tabindex=\"0\">\n\t\t\t\t\t\t<i aria-hidden=\"true\" class=\"eicon-chevron-right\"><\/i>\t\t\t\t\t<\/div>\n\t\t\t\t\n\t\t\t\t\t\t\t\t\t<div class=\"swiper-pagination\"><\/div>\n\t\t\t\t\t\t\t\t\t<\/div>\n\t\t\t\t\t\t<\/div>\n\t\t\t\t\t<\/div>\n\t\t<\/div>\n\t\t\t\t\t<\/div>\n\t\t<\/section>\n\t\t\t\t<section data-particle_enable=\"false\" data-particle-mobile-disabled=\"false\" class=\"elementor-section elementor-top-section elementor-element elementor-element-721b6b5 elementor-section-boxed elementor-section-height-default elementor-section-height-default\" data-id=\"721b6b5\" data-element_type=\"section\" data-e-type=\"section\">\n\t\t\t\t\t\t<div class=\"elementor-container elementor-column-gap-default\">\n\t\t\t\t\t<div class=\"elementor-column elementor-col-100 elementor-top-column elementor-element elementor-element-381fdf6\" data-id=\"381fdf6\" data-element_type=\"column\" data-e-type=\"column\">\n\t\t\t<div class=\"elementor-widget-wrap elementor-element-populated\">\n\t\t\t\t\t\t<div class=\"elementor-element elementor-element-73636cf elementor-testimonial--skin-default elementor-testimonial--layout-image_inline elementor-testimonial--align-center elementor-arrows-yes elementor-pagination-type-bullets elementor-widget elementor-widget-testimonial-carousel\" data-id=\"73636cf\" data-element_type=\"widget\" data-e-type=\"widget\" data-settings=\"{&quot;show_arrows&quot;:&quot;yes&quot;,&quot;pagination&quot;:&quot;bullets&quot;,&quot;speed&quot;:500,&quot;autoplay&quot;:&quot;yes&quot;,&quot;autoplay_speed&quot;:5000,&quot;loop&quot;:&quot;yes&quot;,&quot;pause_on_hover&quot;:&quot;yes&quot;,&quot;pause_on_interaction&quot;:&quot;yes&quot;,&quot;space_between&quot;:{&quot;unit&quot;:&quot;px&quot;,&quot;size&quot;:10,&quot;sizes&quot;:[]},&quot;space_between_tablet&quot;:{&quot;unit&quot;:&quot;px&quot;,&quot;size&quot;:10,&quot;sizes&quot;:[]},&quot;space_between_mobile&quot;:{&quot;unit&quot;:&quot;px&quot;,&quot;size&quot;:10,&quot;sizes&quot;:[]}}\" data-widget_type=\"testimonial-carousel.default\">\n\t\t\t\t\t\t\t\t\t\t<div class=\"elementor-main-swiper swiper\" role=\"region\" aria-roledescription=\"carousel\" aria-label=\"Diapositivas\">\n\t\t\t\t<div class=\"swiper-wrapper\">\n\t\t\t\t\t\t\t\t\t\t\t<div class=\"swiper-slide\" role=\"group\" aria-roledescription=\"slide\">\n\t\t\t\t\t\t\t\t\t<div class=\"elementor-testimonial\">\n\t\t\t\t\t\t\t<div class=\"elementor-testimonial__content\">\n\t\t\t\t\t<div class=\"elementor-testimonial__text\">\n\t\t\t\t\t\t\u201cA nuestros j\u00f3venes en Guatemala invitarlos a no dejar morir nuestra marimba y los que radican fuera motivarlos a valorar lo nuestro. Migrar es dif\u00edcil y por eso ser\u00eda bueno direccionar los objetivos, tener herramientas como aprender un idioma son ideales para nuevas oportunidades. Agradezco este espacio para promover no solo mi trabajo, si no lo nuestro la marimba\u201d. \t\t\t\t\t<\/div>\n\t\t\t\t\t\t\t\t\t<\/div>\n\t\t\t\t\t\t<div class=\"elementor-testimonial__footer\">\n\t\t\t\t\t\t\t\t\t<div class=\"elementor-testimonial__image\">\n\t\t\t\t\t\t<img decoding=\"async\" src=\"https:\/\/soymigrante.com\/revista\/wp-content\/uploads\/2024\/01\/benvenuto-B.webp\" alt=\"migrante guatemalteco Benvenuto Barrios \">\n\t\t\t\t\t\t\t\t\t\t\t<\/div>\n\t\t\t\t\t\t\t\t<cite class=\"elementor-testimonial__cite\"><span class=\"elementor-testimonial__name\">Benevento Barrios.<\/span><span class=\"elementor-testimonial__title\">Marimbista y Migrante Guatemalteco<\/span><\/cite>\t\t\t<\/div>\n\t\t<\/div>\n\t\t\t\t\t\t\t\t<\/div>\n\t\t\t\t\t\t\t\t\t<\/div>\n\t\t\t\t\t\t\t<\/div>\n\t\t\t\t\t\t\t\t<\/div>\n\t\t\t\t\t<\/div>\n\t\t<\/div>\n\t\t\t\t\t<\/div>\n\t\t<\/section>\n\t\t\t\t<section data-particle_enable=\"false\" data-particle-mobile-disabled=\"false\" class=\"elementor-section elementor-top-section elementor-element elementor-element-87af957 elementor-section-boxed elementor-section-height-default elementor-section-height-default\" data-id=\"87af957\" data-element_type=\"section\" data-e-type=\"section\">\n\t\t\t\t\t\t<div class=\"elementor-container elementor-column-gap-default\">\n\t\t\t\t\t<div class=\"elementor-column elementor-col-100 elementor-top-column elementor-element elementor-element-55892c0\" data-id=\"55892c0\" data-element_type=\"column\" data-e-type=\"column\">\n\t\t\t<div class=\"elementor-widget-wrap elementor-element-populated\">\n\t\t\t\t\t\t<div class=\"elementor-element elementor-element-1bacad5 elementor-widget elementor-widget-heading\" data-id=\"1bacad5\" data-element_type=\"widget\" data-e-type=\"widget\" data-widget_type=\"heading.default\">\n\t\t\t\t\t<h2 class=\"elementor-heading-title elementor-size-default\">M\u00e1s sones de Marimba Estrella Chapina<\/h2>\t\t\t\t<\/div>\n\t\t\t\t\t<\/div>\n\t\t<\/div>\n\t\t\t\t\t<\/div>\n\t\t<\/section>\n\t\t\t\t<section data-particle_enable=\"false\" data-particle-mobile-disabled=\"false\" class=\"elementor-section elementor-top-section elementor-element elementor-element-c5c1cb9 elementor-section-boxed elementor-section-height-default elementor-section-height-default\" data-id=\"c5c1cb9\" data-element_type=\"section\" data-e-type=\"section\">\n\t\t\t\t\t\t<div class=\"elementor-container elementor-column-gap-default\">\n\t\t\t\t\t<div class=\"elementor-column elementor-col-100 elementor-top-column elementor-element elementor-element-9266ec1\" data-id=\"9266ec1\" data-element_type=\"column\" data-e-type=\"column\">\n\t\t\t<div class=\"elementor-widget-wrap elementor-element-populated\">\n\t\t\t\t\t\t<div class=\"elementor-element elementor-element-434d1a0 elementor-widget elementor-widget-video\" data-id=\"434d1a0\" data-element_type=\"widget\" data-e-type=\"widget\" data-settings=\"{&quot;youtube_url&quot;:&quot;https:\\\/\\\/www.youtube.com\\\/watch?v=7Bi9UKWEQkA&quot;,&quot;video_type&quot;:&quot;youtube&quot;}\" data-widget_type=\"video.default\">\n\t\t\t\t\t\t\t<div class=\"elementor-wrapper elementor-open-inline\">\n\t\t\t<div class=\"elementor-video\"><\/div>\t\t<\/div>\n\t\t\t\t\t\t<\/div>\n\t\t\t\t\t<\/div>\n\t\t<\/div>\n\t\t\t\t\t<\/div>\n\t\t<\/section>\n\t\t\t\t<section data-particle_enable=\"false\" data-particle-mobile-disabled=\"false\" class=\"elementor-section elementor-top-section elementor-element elementor-element-a9e361c elementor-section-boxed elementor-section-height-default elementor-section-height-default\" data-id=\"a9e361c\" data-element_type=\"section\" data-e-type=\"section\">\n\t\t\t\t\t\t<div class=\"elementor-container elementor-column-gap-default\">\n\t\t\t\t\t<div class=\"elementor-column elementor-col-100 elementor-top-column elementor-element elementor-element-23df9ca\" data-id=\"23df9ca\" data-element_type=\"column\" data-e-type=\"column\">\n\t\t\t<div class=\"elementor-widget-wrap elementor-element-populated\">\n\t\t\t\t\t\t<div class=\"elementor-element elementor-element-764bd71 elementor-widget elementor-widget-heading\" data-id=\"764bd71\" data-element_type=\"widget\" data-e-type=\"widget\" data-widget_type=\"heading.default\">\n\t\t\t\t\t<h2 class=\"elementor-heading-title elementor-size-default\">Explora historias inspiradoras...<\/h2>\t\t\t\t<\/div>\n\t\t\t\t\t<\/div>\n\t\t<\/div>\n\t\t\t\t\t<\/div>\n\t\t<\/section>\n\t\t\t\t<section data-particle_enable=\"false\" data-particle-mobile-disabled=\"false\" class=\"elementor-section elementor-top-section elementor-element elementor-element-131e6a6 elementor-section-boxed elementor-section-height-default elementor-section-height-default\" data-id=\"131e6a6\" data-element_type=\"section\" data-e-type=\"section\">\n\t\t\t\t\t\t<div class=\"elementor-container elementor-column-gap-default\">\n\t\t\t\t\t<div class=\"elementor-column elementor-col-100 elementor-top-column elementor-element elementor-element-6466f49\" data-id=\"6466f49\" data-element_type=\"column\" data-e-type=\"column\">\n\t\t\t<div class=\"elementor-widget-wrap elementor-element-populated\">\n\t\t\t\t\t\t<div class=\"elementor-element elementor-element-2ab5418 elementor-grid-eael-col-2 elementor-grid-tablet-eael-col-2 elementor-grid-mobile-eael-col-1 elementor-widget elementor-widget-eael-post-grid\" data-id=\"2ab5418\" data-element_type=\"widget\" data-e-type=\"widget\" data-settings=\"{&quot;eael_post_grid_columns&quot;:&quot;eael-col-2&quot;,&quot;eael_post_grid_columns_tablet&quot;:&quot;eael-col-2&quot;,&quot;eael_post_grid_columns_mobile&quot;:&quot;eael-col-1&quot;}\" data-widget_type=\"eael-post-grid.default\">\n\t\t\t\t\t<div id=\"eael-post-grid-2ab5418\" class=\"eael-post-grid-container\">\n            <div class=\"eael-post-grid eael-post-appender eael-post-appender-2ab5418 eael-post-grid-style-one\" data-layout-mode=\"masonry\"><article class=\"eael-grid-post  eael-post-grid-column eael-pg-post-4589 category-exitos\" data-id=\"4589\">\n        <div class=\"eael-grid-post-holder\">\n            <div class=\"eael-grid-post-holder-inner\"><div class=\"eael-entry-media\"><div class=\"eael-entry-overlay fade-in\"><i class=\"fas fa-long-arrow-alt-right\" aria-hidden=\"true\"><\/i><a href=\"https:\/\/soymigrante.com\/revista\/jose-gamez-marimba-digital-502-migrante-sonador-originario-de-quiche\/\"><\/a><\/div><div class=\"eael-entry-thumbnail \">\n                <img fetchpriority=\"high\" decoding=\"async\" width=\"300\" height=\"278\" src=\"https:\/\/soymigrante.com\/revista\/wp-content\/uploads\/2024\/01\/marimba-502-1-300x278.webp\" class=\"attachment-medium size-medium wp-image-4608\" alt=\"Migrante guatemalteco Jos\u00e9 G\u00e1mez\" srcset=\"https:\/\/soymigrante.com\/revista\/wp-content\/uploads\/2024\/01\/marimba-502-1-300x278.webp 300w, https:\/\/soymigrante.com\/revista\/wp-content\/uploads\/2024\/01\/marimba-502-1-1024x947.webp 1024w, https:\/\/soymigrante.com\/revista\/wp-content\/uploads\/2024\/01\/marimba-502-1-768x711.webp 768w, https:\/\/soymigrante.com\/revista\/wp-content\/uploads\/2024\/01\/marimba-502-1-750x694.webp 750w, https:\/\/soymigrante.com\/revista\/wp-content\/uploads\/2024\/01\/marimba-502-1-1140x1055.webp 1140w, https:\/\/soymigrante.com\/revista\/wp-content\/uploads\/2024\/01\/marimba-502-1.webp 1536w\" sizes=\"(max-width: 300px) 100vw, 300px\" \/>\n            <\/div>\n        <\/div><div class=\"eael-entry-wrapper\"><header class=\"eael-entry-header\"><h2 class=\"eael-entry-title\"><a class=\"eael-grid-post-link\" href=\"https:\/\/soymigrante.com\/revista\/jose-gamez-marimba-digital-502-migrante-sonador-originario-de-quiche\/\" title=\"Jos\u00e9 G\u00e1mez y un sue\u00f1o migrante llamado Marimba Digital 502\">Jos\u00e9 G\u00e1mez y un sue\u00f1o migrante llamado Marimba Digital 502<\/a><\/h2><\/header><\/div><\/div>\n        <\/div>\n    <\/article><article class=\"eael-grid-post  eael-post-grid-column eael-pg-post-3381 category-exitos\" data-id=\"3381\">\n        <div class=\"eael-grid-post-holder\">\n            <div class=\"eael-grid-post-holder-inner\"><div class=\"eael-entry-media\"><div class=\"eael-entry-overlay fade-in\"><i class=\"fas fa-long-arrow-alt-right\" aria-hidden=\"true\"><\/i><a href=\"https:\/\/soymigrante.com\/revista\/migrante-fredy-hernandez-impulsa-musica-arte-y-shukos-gourmet\/\"><\/a><\/div><div class=\"eael-entry-thumbnail \">\n                <img decoding=\"async\" width=\"300\" height=\"286\" src=\"https:\/\/soymigrante.com\/revista\/wp-content\/uploads\/2023\/11\/fredo-2-300x286.webp\" class=\"attachment-medium size-medium wp-image-3393\" alt=\"\" srcset=\"https:\/\/soymigrante.com\/revista\/wp-content\/uploads\/2023\/11\/fredo-2-300x286.webp 300w, https:\/\/soymigrante.com\/revista\/wp-content\/uploads\/2023\/11\/fredo-2-1024x977.webp 1024w, https:\/\/soymigrante.com\/revista\/wp-content\/uploads\/2023\/11\/fredo-2-768x733.webp 768w, https:\/\/soymigrante.com\/revista\/wp-content\/uploads\/2023\/11\/fredo-2-750x716.webp 750w, https:\/\/soymigrante.com\/revista\/wp-content\/uploads\/2023\/11\/fredo-2-1140x1088.webp 1140w, https:\/\/soymigrante.com\/revista\/wp-content\/uploads\/2023\/11\/fredo-2.webp 1425w\" sizes=\"(max-width: 300px) 100vw, 300px\" \/>\n            <\/div>\n        <\/div><div class=\"eael-entry-wrapper\"><header class=\"eael-entry-header\"><h2 class=\"eael-entry-title\"><a class=\"eael-grid-post-link\" href=\"https:\/\/soymigrante.com\/revista\/migrante-fredy-hernandez-impulsa-musica-arte-y-shukos-gourmet\/\" title=\"Migrante Fredy Hern\u00e1ndez impulsa m\u00fasica, arte y shukos gourmet\">Migrante Fredy Hern\u00e1ndez impulsa m\u00fasica, arte y shukos gourmet<\/a><\/h2><\/header><\/div><\/div>\n        <\/div>\n    <\/article><article class=\"eael-grid-post  eael-post-grid-column eael-pg-post-2060 category-exitos\" data-id=\"2060\">\n        <div class=\"eael-grid-post-holder\">\n            <div class=\"eael-grid-post-holder-inner\"><div class=\"eael-entry-media\"><div class=\"eael-entry-overlay fade-in\"><i class=\"fas fa-long-arrow-alt-right\" aria-hidden=\"true\"><\/i><a href=\"https:\/\/soymigrante.com\/revista\/edgar-gutierrez-migrante-guatemalteco-productor-musical\/\"><\/a><\/div><div class=\"eael-entry-thumbnail \">\n                <img decoding=\"async\" width=\"300\" height=\"199\" src=\"https:\/\/soymigrante.com\/revista\/wp-content\/uploads\/2023\/08\/Captura-de-pantalla-2023-08-03-171754-300x199.webp\" class=\"attachment-medium size-medium wp-image-2090\" alt=\"Edgar Guti\u00e9rrez fue migrante en Estados Unidos donde trabaj\u00f3 fuerte para regresar a Guatemala para impulsar su gran pasi\u00f3n: la producci\u00f3n musical.\" srcset=\"https:\/\/soymigrante.com\/revista\/wp-content\/uploads\/2023\/08\/Captura-de-pantalla-2023-08-03-171754-300x199.webp 300w, https:\/\/soymigrante.com\/revista\/wp-content\/uploads\/2023\/08\/Captura-de-pantalla-2023-08-03-171754-1024x680.webp 1024w, https:\/\/soymigrante.com\/revista\/wp-content\/uploads\/2023\/08\/Captura-de-pantalla-2023-08-03-171754-768x510.webp 768w, https:\/\/soymigrante.com\/revista\/wp-content\/uploads\/2023\/08\/Captura-de-pantalla-2023-08-03-171754-750x498.webp 750w, https:\/\/soymigrante.com\/revista\/wp-content\/uploads\/2023\/08\/Captura-de-pantalla-2023-08-03-171754-1140x757.webp 1140w, https:\/\/soymigrante.com\/revista\/wp-content\/uploads\/2023\/08\/Captura-de-pantalla-2023-08-03-171754-600x400.webp 600w, https:\/\/soymigrante.com\/revista\/wp-content\/uploads\/2023\/08\/Captura-de-pantalla-2023-08-03-171754.webp 1403w\" sizes=\"(max-width: 300px) 100vw, 300px\" \/>\n            <\/div>\n        <\/div><div class=\"eael-entry-wrapper\"><header class=\"eael-entry-header\"><h2 class=\"eael-entry-title\"><a class=\"eael-grid-post-link\" href=\"https:\/\/soymigrante.com\/revista\/edgar-gutierrez-migrante-guatemalteco-productor-musical\/\" title=\"Edgar Guti\u00e9rrez: De migrante a productor musical en Guatemala\">Edgar Guti\u00e9rrez: De migrante a productor musical en Guatemala<\/a><\/h2><\/header><\/div><\/div>\n        <\/div>\n    <\/article><article class=\"eael-grid-post  eael-post-grid-column eael-pg-post-1845 category-exitos tags-utah\" data-id=\"1845\">\n        <div class=\"eael-grid-post-holder\">\n            <div class=\"eael-grid-post-holder-inner\"><div class=\"eael-entry-media\"><div class=\"eael-entry-overlay fade-in\"><i class=\"fas fa-long-arrow-alt-right\" aria-hidden=\"true\"><\/i><a href=\"https:\/\/soymigrante.com\/revista\/arquitecto-maya-joaquin-universidad-utah\/\"><\/a><\/div><div class=\"eael-entry-thumbnail \">\n                <img loading=\"lazy\" decoding=\"async\" width=\"300\" height=\"221\" src=\"https:\/\/soymigrante.com\/revista\/wp-content\/uploads\/2023\/07\/Captura-de-pantalla-2023-07-13-224719-300x221.webp\" class=\"attachment-medium size-medium wp-image-1850\" alt=\"Joaqu\u00edn L\u00f3pez se encuentra estudiando el doctorado en planificaci\u00f3n urbana con enfoque ind\u00edgena en la Universidad de Utah. Espec\u00edficamente ha trabajado con la Naci\u00f3n Navajo.\" srcset=\"https:\/\/soymigrante.com\/revista\/wp-content\/uploads\/2023\/07\/Captura-de-pantalla-2023-07-13-224719-300x221.webp 300w, https:\/\/soymigrante.com\/revista\/wp-content\/uploads\/2023\/07\/Captura-de-pantalla-2023-07-13-224719-1024x756.webp 1024w, https:\/\/soymigrante.com\/revista\/wp-content\/uploads\/2023\/07\/Captura-de-pantalla-2023-07-13-224719-768x567.webp 768w, https:\/\/soymigrante.com\/revista\/wp-content\/uploads\/2023\/07\/Captura-de-pantalla-2023-07-13-224719-750x553.webp 750w, https:\/\/soymigrante.com\/revista\/wp-content\/uploads\/2023\/07\/Captura-de-pantalla-2023-07-13-224719-1140x841.webp 1140w, https:\/\/soymigrante.com\/revista\/wp-content\/uploads\/2023\/07\/Captura-de-pantalla-2023-07-13-224719.webp 1255w\" sizes=\"(max-width: 300px) 100vw, 300px\" \/>\n            <\/div>\n        <\/div><div class=\"eael-entry-wrapper\"><header class=\"eael-entry-header\"><h2 class=\"eael-entry-title\"><a class=\"eael-grid-post-link\" href=\"https:\/\/soymigrante.com\/revista\/arquitecto-maya-joaquin-universidad-utah\/\" title=\"Identidad maya viaja con arquitecto migrante Joaqu\u00edn L\u00f3pez\">Identidad maya viaja con arquitecto migrante Joaqu\u00edn L\u00f3pez<\/a><\/h2><\/header><\/div><\/div>\n        <\/div>\n    <\/article><article class=\"eael-grid-post  eael-post-grid-column eael-pg-post-1694 category-exitos tags-nueva-jersey\" data-id=\"1694\">\n        <div class=\"eael-grid-post-holder\">\n            <div class=\"eael-grid-post-holder-inner\"><div class=\"eael-entry-media\"><div class=\"eael-entry-overlay fade-in\"><i class=\"fas fa-long-arrow-alt-right\" aria-hidden=\"true\"><\/i><a href=\"https:\/\/soymigrante.com\/revista\/alfredo-canastuj-marimba-guatemalteca-eeuu\/\"><\/a><\/div><div class=\"eael-entry-thumbnail \">\n                <img loading=\"lazy\" decoding=\"async\" width=\"300\" height=\"200\" src=\"https:\/\/soymigrante.com\/revista\/wp-content\/uploads\/2023\/07\/Alfredo-portador-del-talento-300x200.webp\" class=\"attachment-medium size-medium wp-image-1705\" alt=\"Alfredo portador del talento\" srcset=\"https:\/\/soymigrante.com\/revista\/wp-content\/uploads\/2023\/07\/Alfredo-portador-del-talento-300x200.webp 300w, https:\/\/soymigrante.com\/revista\/wp-content\/uploads\/2023\/07\/Alfredo-portador-del-talento-1024x682.webp 1024w, https:\/\/soymigrante.com\/revista\/wp-content\/uploads\/2023\/07\/Alfredo-portador-del-talento-768x512.webp 768w, https:\/\/soymigrante.com\/revista\/wp-content\/uploads\/2023\/07\/Alfredo-portador-del-talento-1536x1023.webp 1536w, https:\/\/soymigrante.com\/revista\/wp-content\/uploads\/2023\/07\/Alfredo-portador-del-talento-750x500.webp 750w, https:\/\/soymigrante.com\/revista\/wp-content\/uploads\/2023\/07\/Alfredo-portador-del-talento-1140x760.webp 1140w, https:\/\/soymigrante.com\/revista\/wp-content\/uploads\/2023\/07\/Alfredo-portador-del-talento-600x400.webp 600w, https:\/\/soymigrante.com\/revista\/wp-content\/uploads\/2023\/07\/Alfredo-portador-del-talento.webp 1600w\" sizes=\"(max-width: 300px) 100vw, 300px\" \/>\n            <\/div>\n        <\/div><div class=\"eael-entry-wrapper\"><header class=\"eael-entry-header\"><h2 class=\"eael-entry-title\"><a class=\"eael-grid-post-link\" href=\"https:\/\/soymigrante.com\/revista\/alfredo-canastuj-marimba-guatemalteca-eeuu\/\" title=\"Rey K&#8217;ich\u00e9 migrante hace vibrar la marimba en Estados Unidos\">Rey K&#8217;ich\u00e9 migrante hace vibrar la marimba en Estados Unidos<\/a><\/h2><\/header><\/div><\/div>\n        <\/div>\n    <\/article><article class=\"eael-grid-post  eael-post-grid-column eael-pg-post-223 category-exitos-guatemala tags-nueva-york\" data-id=\"223\">\n        <div class=\"eael-grid-post-holder\">\n            <div class=\"eael-grid-post-holder-inner\"><div class=\"eael-entry-media\"><div class=\"eael-entry-overlay fade-in\"><i class=\"fas fa-long-arrow-alt-right\" aria-hidden=\"true\"><\/i><a href=\"https:\/\/soymigrante.com\/revista\/actor-arturo-castro\/\"><\/a><\/div><div class=\"eael-entry-thumbnail \">\n                <img loading=\"lazy\" decoding=\"async\" width=\"300\" height=\"169\" src=\"https:\/\/soymigrante.com\/revista\/wp-content\/uploads\/2023\/02\/artennat-300x169.webp\" class=\"attachment-medium size-medium wp-image-739\" alt=\"\" srcset=\"https:\/\/soymigrante.com\/revista\/wp-content\/uploads\/2023\/02\/artennat-300x169.webp 300w, https:\/\/soymigrante.com\/revista\/wp-content\/uploads\/2023\/02\/artennat-1024x576.jpg 1024w, https:\/\/soymigrante.com\/revista\/wp-content\/uploads\/2023\/02\/artennat-768x432.jpg 768w, https:\/\/soymigrante.com\/revista\/wp-content\/uploads\/2023\/02\/artennat-750x422.webp 750w, https:\/\/soymigrante.com\/revista\/wp-content\/uploads\/2023\/02\/artennat-1140x641.jpg 1140w, https:\/\/soymigrante.com\/revista\/wp-content\/uploads\/2023\/02\/artennat.webp 1280w\" sizes=\"(max-width: 300px) 100vw, 300px\" \/>\n            <\/div>\n        <\/div><div class=\"eael-entry-wrapper\"><header class=\"eael-entry-header\"><h2 class=\"eael-entry-title\"><a class=\"eael-grid-post-link\" href=\"https:\/\/soymigrante.com\/revista\/actor-arturo-castro\/\" title=\"&#8220;Cuando uno tiene un sue\u00f1o, no hay plan B&#8221;: actor Arturo Castro\">&#8220;Cuando uno tiene un sue\u00f1o, no hay plan B&#8221;: actor Arturo Castro<\/a><\/h2><\/header><\/div><\/div>\n        <\/div>\n    <\/article><\/div>\n            <div class=\"clearfix\"><\/div>\n        <\/div>\t\t\t\t<\/div>\n\t\t\t\t\t<\/div>\n\t\t<\/div>\n\t\t\t\t\t<\/div>\n\t\t<\/section>\n\t\t\t\t<\/div>\n\t\t","protected":false},"excerpt":{"rendered":"<p>De ni\u00f1o, Benvenuto Barrios toc\u00f3 marimba en EE.UU. en 1967 y desde entonces su sue\u00f1o fue tener su propio grupo. Pero no fue sino hasta 1997 1ue se encendi\u00f3 el sue\u00f1o de la Marimba Estrella Chapina en Oklahoma, que desde entonces no ha parado de brillar&#8230; ni de sonar. Traves\u00eda de ida y vuelta Benvenuto [&hellip;]<\/p>\n","protected":false},"author":10,"featured_media":4617,"comment_status":"open","ping_status":"open","sticky":false,"template":"","format":"standard","meta":{"_acf_changed":false,"_eb_attr":"","footnotes":""},"categories":[50],"tags":[],"class_list":["post-4671","post","type-post","status-publish","format-standard","has-post-thumbnail","hentry","category-exitos"],"acf":[],"aioseo_notices":[],"aioseo_head":"\n\t\t<!-- All in One SEO Pro 4.9.6.2 - aioseo.com -->\n\t<meta name=\"description\" content=\"Considera el ser guatemalteco un \u201csuperpoder\u201d y ve en los migrantes hispanos radicados de EE.UU. una hermandad sin fronteras. Se r\u00ede de los estereotipos discriminatorios precisamente para desarmarlos a trav\u00e9s de su participaci\u00f3n en la serie Alternatino.\u200b El actor Arturo Castro figura en el reparto de The Menu, una pel\u00edcula elogiada por la cr\u00edtica y\" \/>\n\t<meta name=\"robots\" content=\"max-snippet:-1, max-image-preview:large, max-video-preview:-1\" \/>\n\t<meta name=\"author\" content=\"Gustavo Montenegro\"\/>\n\t<link rel=\"canonical\" href=\"https:\/\/soymigrante.com\/revista\/actor-arturo-castro\/\" \/>\n\t<meta name=\"generator\" content=\"All in One SEO Pro (AIOSEO) 4.9.6.2\" \/>\n\n\t\t<link rel=\"preconnect\" href=\"https:\/\/fonts.googleapis.com\" crossorigin>\n<link rel=\"preconnect\" href=\"https:\/\/fonts.gstatic.com\" crossorigin>\n\t\t<meta property=\"og:locale\" content=\"es_ES\" \/>\n\t\t<meta property=\"og:site_name\" content=\"SoyMigrante.com REVISTA \u2013 Nuestra misi\u00f3n es reconocer y dignificar al migrante.\" \/>\n\t\t<meta property=\"og:type\" content=\"article\" \/>\n\t\t<meta property=\"og:title\" content=\"\u201cCuando uno tiene un sue\u00f1o, no hay plan B\u201d: actor Arturo Castro\" \/>\n\t\t<meta property=\"og:description\" content=\"Considera el ser guatemalteco un \u201csuperpoder\u201d y ve en los migrantes hispanos radicados de EE.UU. una hermandad sin fronteras. Se r\u00ede de los estereotipos discriminatorios precisamente para desarmarlos a trav\u00e9s de su participaci\u00f3n en la serie Alternatino.\u200b El actor Arturo Castro figura en el reparto de The Menu, una pel\u00edcula elogiada por la cr\u00edtica y\" \/>\n\t\t<meta property=\"og:url\" content=\"https:\/\/soymigrante.com\/revista\/actor-arturo-castro\/\" \/>\n\t\t<meta property=\"og:image\" content=\"https:\/\/soymigrante.com\/revista\/wp-content\/uploads\/2023\/02\/artennat.webp\" \/>\n\t\t<meta property=\"og:image:secure_url\" content=\"https:\/\/soymigrante.com\/revista\/wp-content\/uploads\/2023\/02\/artennat.webp\" \/>\n\t\t<meta property=\"og:image:width\" content=\"1280\" \/>\n\t\t<meta property=\"og:image:height\" content=\"720\" \/>\n\t\t<meta property=\"article:published_time\" content=\"2023-05-26T00:12:51+00:00\" \/>\n\t\t<meta property=\"article:modified_time\" content=\"2026-03-11T20:41:43+00:00\" \/>\n\t\t<meta property=\"article:publisher\" content=\"https:\/\/www.facebook.com\/soymigrantecom\" \/>\n\t\t<meta name=\"twitter:card\" content=\"summary_large_image\" \/>\n\t\t<meta name=\"twitter:site\" content=\"@SoyMigrante_com\" \/>\n\t\t<meta name=\"twitter:title\" content=\"\u201cCuando uno tiene un sue\u00f1o, no hay plan B\u201d: actor Arturo Castro\" \/>\n\t\t<meta name=\"twitter:description\" content=\"Considera el ser guatemalteco un \u201csuperpoder\u201d y ve en los migrantes hispanos radicados de EE.UU. una hermandad sin fronteras. Se r\u00ede de los estereotipos discriminatorios precisamente para desarmarlos a trav\u00e9s de su participaci\u00f3n en la serie Alternatino.\u200b El actor Arturo Castro figura en el reparto de The Menu, una pel\u00edcula elogiada por la cr\u00edtica y\" \/>\n\t\t<meta name=\"twitter:creator\" content=\"@SoyMigrante_com\" \/>\n\t\t<meta name=\"twitter:image\" content=\"https:\/\/soymigrante.com\/revista\/wp-content\/uploads\/2023\/02\/artennat.webp\" \/>\n\t\t<!-- All in One SEO Pro -->\r\n\t\t<title>\u201cCuando uno tiene un sue\u00f1o, no hay plan B\u201d: actor Arturo Castro<\/title>\n\n","aioseo_head_json":{"title":"\u201cCuando uno tiene un sue\u00f1o, no hay plan B\u201d: actor Arturo Castro","description":"Considera el ser guatemalteco un \u201csuperpoder\u201d y ve en los migrantes hispanos radicados de EE.UU. una hermandad sin fronteras. Se r\u00ede de los estereotipos discriminatorios precisamente para desarmarlos a trav\u00e9s de su participaci\u00f3n en la serie Alternatino.\u200b El actor Arturo Castro figura en el reparto de The Menu, una pel\u00edcula elogiada por la cr\u00edtica y","canonical_url":"https:\/\/soymigrante.com\/revista\/actor-arturo-castro\/","robots":"max-snippet:-1, max-image-preview:large, max-video-preview:-1","keywords":"","webmasterTools":{"miscellaneous":"&lt;link rel=\"preconnect\" href=\"https:\/\/fonts.googleapis.com\" crossorigin&gt;\n&lt;link rel=\"preconnect\" href=\"https:\/\/fonts.gstatic.com\" crossorigin&gt;"},"schema":null,"og:locale":"es_ES","og:site_name":"SoyMigrante.com REVISTA \u2013 Nuestra misi\u00f3n es reconocer y dignificar al migrante.","og:type":"article","og:title":"\u201cCuando uno tiene un sue\u00f1o, no hay plan B\u201d: actor Arturo Castro","og:description":"Considera el ser guatemalteco un \u201csuperpoder\u201d y ve en los migrantes hispanos radicados de EE.UU. una hermandad sin fronteras. Se r\u00ede de los estereotipos discriminatorios precisamente para desarmarlos a trav\u00e9s de su participaci\u00f3n en la serie Alternatino.\u200b El actor Arturo Castro figura en el reparto de The Menu, una pel\u00edcula elogiada por la cr\u00edtica y","og:url":"https:\/\/soymigrante.com\/revista\/actor-arturo-castro\/","og:image":"https:\/\/soymigrante.com\/revista\/wp-content\/uploads\/2023\/02\/artennat.webp","og:image:secure_url":"https:\/\/soymigrante.com\/revista\/wp-content\/uploads\/2023\/02\/artennat.webp","og:image:width":1280,"og:image:height":720,"article:published_time":"2023-05-26T00:12:51+00:00","article:modified_time":"2026-03-11T20:41:43+00:00","article:publisher":"https:\/\/www.facebook.com\/soymigrantecom","twitter:card":"summary_large_image","twitter:site":"@SoyMigrante_com","twitter:title":"\u201cCuando uno tiene un sue\u00f1o, no hay plan B\u201d: actor Arturo Castro","twitter:description":"Considera el ser guatemalteco un \u201csuperpoder\u201d y ve en los migrantes hispanos radicados de EE.UU. una hermandad sin fronteras. Se r\u00ede de los estereotipos discriminatorios precisamente para desarmarlos a trav\u00e9s de su participaci\u00f3n en la serie Alternatino.\u200b El actor Arturo Castro figura en el reparto de The Menu, una pel\u00edcula elogiada por la cr\u00edtica y","twitter:creator":"@SoyMigrante_com","twitter:image":"https:\/\/soymigrante.com\/revista\/wp-content\/uploads\/2023\/02\/artennat.webp"},"aioseo_meta_data":{"post_id":"4671","title":"Benvenuto y el sue\u00f1o de una Estrella Chapina migrante","description":"Benvenuto es un migrante guatemalteco y realiza el sue\u00f1o de poseer su propia marimba llamada: Estrella Chapina en Oklahoma, Estados Unidos.","keywords":[],"keyphrases":{"focus":{"keyphrase":"Migrante","score":82,"analysis":{"keyphraseInTitle":{"score":9,"maxScore":9,"error":0},"keyphraseInDescription":{"score":9,"maxScore":9,"error":0},"keyphraseLength":{"score":9,"maxScore":9,"error":0,"length":1},"keyphraseInURL":{"score":5,"maxScore":5,"error":0},"keyphraseInIntroduction":{"score":3,"maxScore":9,"error":1},"keyphraseInSubHeadings":{"score":3,"maxScore":9,"error":1},"keyphraseInImageAlt":{"score":9,"maxScore":9,"error":0},"keywordDensity":{"type":"best","score":9,"maxScore":9,"error":0}}},"additional":[]},"primary_term":null,"canonical_url":null,"og_title":null,"og_description":null,"og_object_type":"default","og_image_type":"default","og_image_url":null,"og_image_width":null,"og_image_height":null,"og_image_custom_url":null,"og_image_custom_fields":null,"og_video":"","og_custom_url":null,"og_article_section":null,"og_article_tags":[],"twitter_use_og":false,"twitter_card":"default","twitter_image_type":"default","twitter_image_url":null,"twitter_image_custom_url":null,"twitter_image_custom_fields":null,"twitter_title":null,"twitter_description":null,"schema":{"blockGraphs":[],"customGraphs":[],"default":{"data":{"Article":[],"Course":[],"Dataset":[],"FAQPage":[],"Movie":[],"Person":[],"Product":[],"ProductReview":[],"Car":[],"Recipe":[],"Service":[],"SoftwareApplication":[],"WebPage":[]},"graphName":"BlogPosting","isEnabled":true},"graphs":[]},"schema_type":"default","schema_type_options":null,"pillar_content":false,"robots_default":true,"robots_noindex":false,"robots_noarchive":false,"robots_nosnippet":false,"robots_nofollow":false,"robots_noimageindex":false,"robots_noodp":false,"robots_notranslate":false,"robots_max_snippet":"-1","robots_max_videopreview":"-1","robots_max_imagepreview":"large","priority":null,"frequency":"default","local_seo":null,"seo_analyzer_scan_date":"2025-10-08 21:06:43","breadcrumb_settings":null,"limit_modified_date":false,"reviewed_by":null,"open_ai":null,"ai":null,"created":"2024-01-30 05:12:02","updated":"2026-02-04 10:47:54"},"aioseo_breadcrumb":"<div class=\"aioseo-breadcrumbs\"><span class=\"aioseo-breadcrumb\">\n\t<a href=\"https:\/\/soymigrante.com\/revista\" title=\"Home\">Home<\/a>\n<\/span><span class=\"aioseo-breadcrumb-separator\">\u00bb<\/span><span class=\"aioseo-breadcrumb\">\n\t<a href=\"https:\/\/soymigrante.com\/revista\/category\/exitos\/\" title=\"\u00c9xitos\">\u00c9xitos<\/a>\n<\/span><span class=\"aioseo-breadcrumb-separator\">\u00bb<\/span><span class=\"aioseo-breadcrumb\">\n\tBenvenuto Gir\u00f3n y el sonido de una Estrella Chapina migrante\n<\/span><\/div>","aioseo_breadcrumb_json":[{"label":"Home","link":"https:\/\/soymigrante.com\/revista"},{"label":"\u00c9xitos","link":"https:\/\/soymigrante.com\/revista\/category\/exitos\/"},{"label":"Benvenuto Gir\u00f3n y el sonido de una Estrella Chapina migrante","link":"https:\/\/soymigrante.com\/revista\/benvenuto-marimba-estrella-chapina-oklahoma\/"}],"_links":{"self":[{"href":"https:\/\/soymigrante.com\/revista\/wp-json\/wp\/v2\/posts\/4671","targetHints":{"allow":["GET"]}}],"collection":[{"href":"https:\/\/soymigrante.com\/revista\/wp-json\/wp\/v2\/posts"}],"about":[{"href":"https:\/\/soymigrante.com\/revista\/wp-json\/wp\/v2\/types\/post"}],"author":[{"embeddable":true,"href":"https:\/\/soymigrante.com\/revista\/wp-json\/wp\/v2\/users\/10"}],"replies":[{"embeddable":true,"href":"https:\/\/soymigrante.com\/revista\/wp-json\/wp\/v2\/comments?post=4671"}],"version-history":[{"count":0,"href":"https:\/\/soymigrante.com\/revista\/wp-json\/wp\/v2\/posts\/4671\/revisions"}],"wp:featuredmedia":[{"embeddable":true,"href":"https:\/\/soymigrante.com\/revista\/wp-json\/wp\/v2\/media\/4617"}],"wp:attachment":[{"href":"https:\/\/soymigrante.com\/revista\/wp-json\/wp\/v2\/media?parent=4671"}],"wp:term":[{"taxonomy":"category","embeddable":true,"href":"https:\/\/soymigrante.com\/revista\/wp-json\/wp\/v2\/categories?post=4671"},{"taxonomy":"post_tag","embeddable":true,"href":"https:\/\/soymigrante.com\/revista\/wp-json\/wp\/v2\/tags?post=4671"}],"curies":[{"name":"wp","href":"https:\/\/api.w.org\/{rel}","templated":true}]}}