{"id":46605,"date":"2025-10-03T06:19:54","date_gmt":"2025-10-03T12:19:54","guid":{"rendered":"https:\/\/soymigrante.com\/revista\/?p=46605"},"modified":"2025-10-03T06:26:29","modified_gmt":"2025-10-03T12:26:29","slug":"persistir-es-dignidad-cantautora-maya-kaqchikel-sara-curruchich-desde-francia","status":"publish","type":"post","link":"https:\/\/soymigrante.com\/revista\/persistir-es-dignidad-cantautora-maya-kaqchikel-sara-curruchich-desde-francia\/","title":{"rendered":"&#8220;Persistir es dignidad&#8221;: cantautora maya kaqchikel Sara Curruchich desde Francia"},"content":{"rendered":"\t\t<div data-elementor-type=\"wp-post\" data-elementor-id=\"46605\" class=\"elementor elementor-46605\" data-elementor-post-type=\"post\">\n\t\t\t\t<div data-particle_enable=\"false\" data-particle-mobile-disabled=\"false\" class=\"elementor-element elementor-element-6e235bb e-flex e-con-boxed e-con e-parent\" data-id=\"6e235bb\" data-element_type=\"container\" data-e-type=\"container\">\n\t\t\t\t\t<div class=\"e-con-inner\">\n\t\t\t\t<div class=\"elementor-element elementor-element-dea21b7 elementor-widget elementor-widget-heading\" data-id=\"dea21b7\" data-element_type=\"widget\" data-e-type=\"widget\" data-widget_type=\"heading.default\">\n\t\t\t\t\t<h2 class=\"elementor-heading-title elementor-size-default\">La cantautora maya kaqchikel Sara Curruchich  prosigue su exitosa gira en Europa. Se presentar\u00e1 pr\u00f3ximamente en Par\u00eds, Roma y Helsinki. Entrevistada desde el sur de Francia <\/h2>\t\t\t\t<\/div>\n\t\t\t\t\t<\/div>\n\t\t\t\t<\/div>\n\t\t<div data-particle_enable=\"false\" data-particle-mobile-disabled=\"false\" class=\"elementor-element elementor-element-e457125 e-flex e-con-boxed e-con e-parent\" data-id=\"e457125\" data-element_type=\"container\" data-e-type=\"container\">\n\t\t\t\t\t<div class=\"e-con-inner\">\n\t\t\t\t<div class=\"elementor-element elementor-element-c0f5dc9 elementor-widget elementor-widget-text-editor\" data-id=\"c0f5dc9\" data-element_type=\"widget\" data-e-type=\"widget\" data-widget_type=\"text-editor.default\">\n\t\t\t\t\t\t\t\t\t<p>\u201cCuando voy a cantar no lo hago sola: siento que me acompa\u00f1an mis abuelas y muchas mujeres m\u00e1s\u201d. As\u00ed lo afirma <a href=\"https:\/\/saracurruchich.com\/\">Sara Curruchich<\/a>, la primera cantautora ind\u00edgena guatemalteca en llevar sus canciones en <a href=\"https:\/\/soymigrante.com\/revista\/el-pueblo-kaqchikel-abarca-a-1-millon-68-mil-guatemaltecos\/\">kaqchikel<\/a> a escenarios internacionales.\u00a0<\/p><p>Desde el sur de Francia, donde hace una escala de su gira, cuenta que en 2024 realiz\u00f3 55 conciertos \u2014algunos incluso dobles y triples en un mismo lugar\u2014 y que en lo que va de 2025 ya suma 25 presentaciones en Europa.\u00a0<\/p><p>El 8 de octubre se presentar\u00e1 en Par\u00eds, el 10 en Roma, el 6 de noviembre en Finlandia, y\u00a0 el 20 de noviembre en <a href=\"https:\/\/soymigrante.com\/revista\/7-datos-de-antigua-guatemala-que-seguro-ya-sabias-o-quiza-no\/\">Antigua Guatemala<\/a>. Su voz, convertida en s\u00edmbolo de amor, conciencia y resistencia, sigue viajando como un mensaje de esperanza.<\/p>\t\t\t\t\t\t\t\t<\/div>\n\t\t\t\t\t<\/div>\n\t\t\t\t<\/div>\n\t\t<div data-particle_enable=\"false\" data-particle-mobile-disabled=\"false\" class=\"elementor-element elementor-element-d821a08 e-flex e-con-boxed e-con e-parent\" data-id=\"d821a08\" data-element_type=\"container\" data-e-type=\"container\">\n\t\t\t\t\t<div class=\"e-con-inner\">\n\t\t\t\t<div class=\"elementor-element elementor-element-17a7d67 elementor-widget elementor-widget-image\" data-id=\"17a7d67\" data-element_type=\"widget\" data-e-type=\"widget\" data-widget_type=\"image.default\">\n\t\t\t\t\t\t\t\t\t\t\t\t<figure class=\"wp-caption\">\n\t\t\t\t\t\t\t\t\t\t<img fetchpriority=\"high\" decoding=\"async\" width=\"1140\" height=\"855\" src=\"https:\/\/soymigrante.com\/revista\/wp-content\/uploads\/2025\/10\/sara-curruchich-cantautora-maya-6-1140x855.jpg\" class=\"attachment-large size-large wp-image-46609\" alt=\"La cantautora guatemalteca maya kaqchikel Sara Curruchich se ha presentado en escenarios de Canad\u00e1 y Europa durante la gira Mujer Ind\u00edgena 2025.(Foto cortes\u00eda Sara Curruchich)\" srcset=\"https:\/\/soymigrante.com\/revista\/wp-content\/uploads\/2025\/10\/sara-curruchich-cantautora-maya-6-1140x855.jpg 1140w, https:\/\/soymigrante.com\/revista\/wp-content\/uploads\/2025\/10\/sara-curruchich-cantautora-maya-6-300x225.jpg 300w, https:\/\/soymigrante.com\/revista\/wp-content\/uploads\/2025\/10\/sara-curruchich-cantautora-maya-6-768x576.jpg 768w, https:\/\/soymigrante.com\/revista\/wp-content\/uploads\/2025\/10\/sara-curruchich-cantautora-maya-6-1536x1152.jpg 1536w, https:\/\/soymigrante.com\/revista\/wp-content\/uploads\/2025\/10\/sara-curruchich-cantautora-maya-6-750x563.jpg 750w, https:\/\/soymigrante.com\/revista\/wp-content\/uploads\/2025\/10\/sara-curruchich-cantautora-maya-6.jpg 2048w\" sizes=\"(max-width: 1140px) 100vw, 1140px\" title=\"La cantautora guatemalteca maya kaqchikel Sara Curruchich se ha presentado en escenarios de Canad\u00e1 y Europa durante la gira Mujer Ind\u00edgena 2025.(Foto cortes\u00eda Sara Curruchich) \u2013 SoyMigrante.com REVISTA\" \/>\t\t\t\t\t\t\t\t\t\t\t<figcaption class=\"widget-image-caption wp-caption-text\">La cantautora guatemalteca maya kaqchikel Sara Curruchich se ha presentado en escenarios de Canad\u00e1 y Europa durante la gira Mujer Ind\u00edgena 2025.(Foto cortes\u00eda Sara Curruchich)<\/figcaption>\n\t\t\t\t\t\t\t\t\t\t<\/figure>\n\t\t\t\t\t\t\t\t\t<\/div>\n\t\t\t\t\t<\/div>\n\t\t\t\t<\/div>\n\t\t<div data-particle_enable=\"false\" data-particle-mobile-disabled=\"false\" class=\"elementor-element elementor-element-7e694d2 e-flex e-con-boxed e-con e-parent\" data-id=\"7e694d2\" data-element_type=\"container\" data-e-type=\"container\">\n\t\t\t\t\t<div class=\"e-con-inner\">\n\t\t\t\t<div class=\"elementor-element elementor-element-9fe1096 elementor-widget elementor-widget-heading\" data-id=\"9fe1096\" data-element_type=\"widget\" data-e-type=\"widget\" data-widget_type=\"heading.default\">\n\t\t\t\t\t<h3 class=\"elementor-heading-title elementor-size-default\">La entrevista: \"So\u00f1ar es un acto de dignidad\"<\/h3>\t\t\t\t<\/div>\n\t\t\t\t\t<\/div>\n\t\t\t\t<\/div>\n\t\t<div data-particle_enable=\"false\" data-particle-mobile-disabled=\"false\" class=\"elementor-element elementor-element-8401c42 e-flex e-con-boxed e-con e-parent\" data-id=\"8401c42\" data-element_type=\"container\" data-e-type=\"container\">\n\t\t\t\t\t<div class=\"e-con-inner\">\n\t\t\t\t<div class=\"elementor-element elementor-element-f82c628 elementor-widget elementor-widget-text-editor\" data-id=\"f82c628\" data-element_type=\"widget\" data-e-type=\"widget\" data-widget_type=\"text-editor.default\">\n\t\t\t\t\t\t\t\t\t<p><b>Sara, \u00bfen d\u00f3nde te encuentra esta conversaci\u00f3n?<\/b><\/p><p>Ahora mismo estoy en el sur de Francia. Venimos de una gira de verano bastante intensa y ahora estamos en una peque\u00f1a gira de oto\u00f1o por ac\u00e1 en Europa. Es un recorrido hermoso, porque adem\u00e1s de cantar, uno va conociendo personas, culturas y aprendizajes que se quedan en el coraz\u00f3n.<\/p><p><b>El a\u00f1o pasado hiciste 55 conciertos, \u00a1es impresionante! \u00bfC\u00f3mo va este a\u00f1o?<\/b><\/p><p>S\u00ed, fueron m\u00e1s de 55 porque en algunos lugares nos presentamos dos o hasta tres veces. Este a\u00f1o, solo en verano, ya llevamos 25 presentaciones. Ahora sigue esta nueva etapa con mucha ilusi\u00f3n, porque vienen escenarios nuevos, como Finlandia, donde nunca he estado. Eso me emociona mucho: poder llevar el <a href=\"https:\/\/soymigrante.com\/revista\/el-pueblo-kaqchikel-abarca-a-1-millon-68-mil-guatemaltecos\/\">kaqchikel<\/a> a territorios donde se escuchar\u00e1 por primera vez.<\/p>\t\t\t\t\t\t\t\t<\/div>\n\t\t\t\t\t<\/div>\n\t\t\t\t<\/div>\n\t\t<div data-particle_enable=\"false\" data-particle-mobile-disabled=\"false\" class=\"elementor-element elementor-element-5ec8b7b e-flex e-con-boxed e-con e-parent\" data-id=\"5ec8b7b\" data-element_type=\"container\" data-e-type=\"container\">\n\t\t\t\t\t<div class=\"e-con-inner\">\n\t\t\t\t<div class=\"elementor-element elementor-element-75ecd3e elementor-widget elementor-widget-image\" data-id=\"75ecd3e\" data-element_type=\"widget\" data-e-type=\"widget\" data-widget_type=\"image.default\">\n\t\t\t\t\t\t\t\t\t\t\t\t<figure class=\"wp-caption\">\n\t\t\t\t\t\t\t\t\t\t<img decoding=\"async\" width=\"819\" height=\"1024\" src=\"https:\/\/soymigrante.com\/revista\/wp-content\/uploads\/2025\/10\/sara-curruchich-cantautora-maya-13-819x1024.jpg\" class=\"attachment-large size-large wp-image-46610\" alt=\"A lo largo de la gira han surgido nuevas presentaciones, a veces dos y hasta tres veces en una misma ciudad. &quot;Es hermoso poder llevar el arte en kaqchikel hasta lugares donde quiz\u00e1 no se le hab\u00eda escuchado nunca antes&quot;, dice la cantautora Sara Curruchich.\" srcset=\"https:\/\/soymigrante.com\/revista\/wp-content\/uploads\/2025\/10\/sara-curruchich-cantautora-maya-13-819x1024.jpg 819w, https:\/\/soymigrante.com\/revista\/wp-content\/uploads\/2025\/10\/sara-curruchich-cantautora-maya-13-240x300.jpg 240w, https:\/\/soymigrante.com\/revista\/wp-content\/uploads\/2025\/10\/sara-curruchich-cantautora-maya-13-768x960.jpg 768w, https:\/\/soymigrante.com\/revista\/wp-content\/uploads\/2025\/10\/sara-curruchich-cantautora-maya-13-750x938.jpg 750w, https:\/\/soymigrante.com\/revista\/wp-content\/uploads\/2025\/10\/sara-curruchich-cantautora-maya-13.jpg 1080w\" sizes=\"(max-width: 819px) 100vw, 819px\" title=\"A lo largo de la gira han surgido nuevas presentaciones, a veces dos y hasta tres veces en una misma ciudad. &quot;Es  hermoso poder llevar el arte en  kaqchikel hasta lugares donde quiz\u00e1 no se le hab\u00eda escuchado nunca antes&quot;, dice la cantautora Sara Curruchich. \u2013 SoyMigrante.com REVISTA\" \/>\t\t\t\t\t\t\t\t\t\t\t<figcaption class=\"widget-image-caption wp-caption-text\">A lo largo de la gira han surgido nuevas presentaciones, a veces dos y hasta tres veces en una misma ciudad. \"Es  hermoso poder llevar el arte en  kaqchikel hasta lugares donde quiz\u00e1 no se le hab\u00eda escuchado nunca antes\", dice la cantautora Sara Curruchich.<\/figcaption>\n\t\t\t\t\t\t\t\t\t\t<\/figure>\n\t\t\t\t\t\t\t\t\t<\/div>\n\t\t\t\t\t<\/div>\n\t\t\t\t<\/div>\n\t\t<div data-particle_enable=\"false\" data-particle-mobile-disabled=\"false\" class=\"elementor-element elementor-element-c0264d8 e-flex e-con-boxed e-con e-parent\" data-id=\"c0264d8\" data-element_type=\"container\" data-e-type=\"container\">\n\t\t\t\t\t<div class=\"e-con-inner\">\n\t\t\t\t<div class=\"elementor-element elementor-element-c101fc3 elementor-widget elementor-widget-text-editor\" data-id=\"c101fc3\" data-element_type=\"widget\" data-e-type=\"widget\" data-widget_type=\"text-editor.default\">\n\t\t\t\t\t\t\t\t\t<p><b>\u00bfC\u00f3mo es pararte en un escenario donde quiz\u00e1 nadie habla tu idioma?<\/b><\/p><p>Siempre hay nervios, eso no se quita. Pero cada concierto se convierte en un momento \u00fanico. A veces son miles de personas y otras veces apenas 20 o 15. Pero en todos los casos siento el mismo calor humano.<\/p><p>\u00a0Mucha gente me dice: \u201cNo entend\u00ed la letra, pero sent\u00ed lo que transmitiste\u201d. Eso me confirma que la m\u00fasica es un lenguaje universal, un idioma de amor que va m\u00e1s all\u00e1 de las palabras.<\/p><p><b>\u00bfC\u00f3mo es la experiencia en esos conciertos m\u00e1s &#8220;peque\u00f1os&#8221; pero que a la vez te permiten mucha cercan\u00eda con el p\u00fablico?<\/b><\/p><p>Esos espacios son muy especiales. Cuando el p\u00fablico est\u00e1 tan cerca, casi a un metro, se siente como desnudarse el alma. Podemos escucharnos mutuamente, platicar, mirarnos a los ojos. Hay una conexi\u00f3n m\u00e1s directa que tambi\u00e9n me alimenta mucho. En los conciertos grandes, la emoci\u00f3n del escenario es valiosa y emotiva tambi\u00e9n.<\/p><p><b>Tu m\u00fasica ha crecido y ha llegado muy lejos en pocos a\u00f1os. \u00bfA qu\u00e9 atribuyes esa conexi\u00f3n?<\/b><\/p><p>La clave es compartir siempre desde el coraz\u00f3n. Cantar con el alma, creyendo profundamente en lo que hago. Pero tambi\u00e9n hay mucho trabajo detr\u00e1s: ensayos, organizaci\u00f3n, disciplina.\u00a0<\/p><p>El arte es sensibilidad, pero tambi\u00e9n requiere profesionalizaci\u00f3n. La suma de todos esos ingredientes hace posible que la m\u00fasica llegue como queremos.<\/p><p><b>\u00bfAlguna vez en tu camino como artista, hubo algo que te hiciera pensar dos veces en ser cantante?<\/b><\/p><p>S\u00ed, claro, varias veces. Y no solo al inicio. Vivimos atravesadas por violencias, agresiones, cr\u00edticas injustas. Eso te hace preguntarte si vale la pena. Pero al ver la respuesta de la gente, la conexi\u00f3n, la emoci\u00f3n, hay que seguir. He tenido momentos de duda, de cansancio, pero al final pienso en la terquedad hacia la m\u00fasica y hacia los sue\u00f1os. Persistir en los sue\u00f1os es tambi\u00e9n un acto de dignidad.<\/p>\t\t\t\t\t\t\t\t<\/div>\n\t\t\t\t\t<\/div>\n\t\t\t\t<\/div>\n\t\t<div data-particle_enable=\"false\" data-particle-mobile-disabled=\"false\" class=\"elementor-element elementor-element-9a718fd e-flex e-con-boxed e-con e-parent\" data-id=\"9a718fd\" data-element_type=\"container\" data-e-type=\"container\">\n\t\t\t\t\t<div class=\"e-con-inner\">\n\t\t\t\t<div class=\"elementor-element elementor-element-5ca54a6 elementor-widget elementor-widget-html\" data-id=\"5ca54a6\" data-element_type=\"widget\" data-e-type=\"widget\" data-widget_type=\"html.default\">\n\t\t\t\t\t<iframe width=\"560\" height=\"415\" src=\"https:\/\/www.youtube.com\/embed\/3V3fcDHwaZg?si=WrSiw2ojEpQaUyiN\" title=\"YouTube video player\" frameborder=\"0\" allow=\"accelerometer; autoplay; clipboard-write; encrypted-media; gyroscope; picture-in-picture; web-share\" referrerpolicy=\"strict-origin-when-cross-origin\" allowfullscreen><\/iframe>\t\t\t\t<\/div>\n\t\t\t\t\t<\/div>\n\t\t\t\t<\/div>\n\t\t<div data-particle_enable=\"false\" data-particle-mobile-disabled=\"false\" class=\"elementor-element elementor-element-d6df26f e-flex e-con-boxed e-con e-parent\" data-id=\"d6df26f\" data-element_type=\"container\" data-e-type=\"container\">\n\t\t\t\t\t<div class=\"e-con-inner\">\n\t\t\t\t<div class=\"elementor-element elementor-element-5e737fa elementor-widget elementor-widget-text-editor\" data-id=\"5e737fa\" data-element_type=\"widget\" data-e-type=\"widget\" data-widget_type=\"text-editor.default\">\n\t\t\t\t\t\t\t\t\t<p><b>\u00bfQu\u00e9 significa para ti persistir en este sue\u00f1o de la m\u00fasica y el arte?<\/b><\/p><p>Las ni\u00f1as, los ni\u00f1os, las juventudes de nuestros pueblos tienen derecho a so\u00f1ar y a expresarse. El arte siempre ha estado en nuestras comunidades, aunque lo persigan o intenten invisibilizarlo.\u00a0<\/p><p>Para m\u00ed, persistir es abrazar algo que nos pertenece. Yo no quiero parar, porque parar ser\u00eda darles la raz\u00f3n a quienes quieren silenciarnos.<\/p><p><b>Eres un referente para j\u00f3venes artistas. \u00bfC\u00f3mo ves esa responsabilidad?\u00a0<\/b><\/p><p>Es algo muy bonito y tambi\u00e9n muy fuerte. Porque cuando una mujer ind\u00edgena llega a un escenario internacional, muchas ni\u00f1as y j\u00f3venes ven que tambi\u00e9n es posible para ellas.\u00a0<\/p><p>Yo misma me inspiro en compa\u00f1eras que me han abierto caminos. Entonces no estoy sola: canto con las voces de otras mujeres, de mis abuelas, de quienes so\u00f1aron antes que yo.<\/p>\t\t\t\t\t\t\t\t<\/div>\n\t\t\t\t\t<\/div>\n\t\t\t\t<\/div>\n\t\t<div data-particle_enable=\"false\" data-particle-mobile-disabled=\"false\" class=\"elementor-element elementor-element-f3bbbad e-flex e-con-boxed e-con e-parent\" data-id=\"f3bbbad\" data-element_type=\"container\" data-e-type=\"container\">\n\t\t\t\t\t<div class=\"e-con-inner\">\n\t\t\t\t<div class=\"elementor-element elementor-element-c18f750 elementor-widget elementor-widget-image\" data-id=\"c18f750\" data-element_type=\"widget\" data-e-type=\"widget\" data-widget_type=\"image.default\">\n\t\t\t\t\t\t\t\t\t\t\t\t<figure class=\"wp-caption\">\n\t\t\t\t\t\t\t\t\t\t<img decoding=\"async\" width=\"1140\" height=\"855\" src=\"https:\/\/soymigrante.com\/revista\/wp-content\/uploads\/2025\/10\/sara-curruchich-cantautora-maya-5-1140x855.jpg\" class=\"attachment-large size-large wp-image-46611\" alt=\"En cada presentaci\u00f3n, Sara Curruchich piensa en las madres y abuelas que le antecedieron, en las que so\u00f1aron y las que han tejido una poderosa cultura maya kaqchikel. (Foto Sara Curruchich)\" srcset=\"https:\/\/soymigrante.com\/revista\/wp-content\/uploads\/2025\/10\/sara-curruchich-cantautora-maya-5-1140x855.jpg 1140w, https:\/\/soymigrante.com\/revista\/wp-content\/uploads\/2025\/10\/sara-curruchich-cantautora-maya-5-300x225.jpg 300w, https:\/\/soymigrante.com\/revista\/wp-content\/uploads\/2025\/10\/sara-curruchich-cantautora-maya-5-768x576.jpg 768w, https:\/\/soymigrante.com\/revista\/wp-content\/uploads\/2025\/10\/sara-curruchich-cantautora-maya-5-1536x1152.jpg 1536w, https:\/\/soymigrante.com\/revista\/wp-content\/uploads\/2025\/10\/sara-curruchich-cantautora-maya-5-750x563.jpg 750w, https:\/\/soymigrante.com\/revista\/wp-content\/uploads\/2025\/10\/sara-curruchich-cantautora-maya-5.jpg 2048w\" sizes=\"(max-width: 1140px) 100vw, 1140px\" title=\"En cada presentaci\u00f3n, Sara Curruchich piensa en las madres y abuelas que le antecedieron, en las que so\u00f1aron y las que han tejido una poderosa cultura maya kaqchikel. (Foto Sara Curruchich) \u2013 SoyMigrante.com REVISTA\" \/>\t\t\t\t\t\t\t\t\t\t\t<figcaption class=\"widget-image-caption wp-caption-text\">En cada presentaci\u00f3n, Sara Curruchich piensa en las madres y abuelas que le antecedieron, en las que so\u00f1aron y las que han tejido una poderosa cultura maya kaqchikel. (Foto Sara Curruchich)<\/figcaption>\n\t\t\t\t\t\t\t\t\t\t<\/figure>\n\t\t\t\t\t\t\t\t\t<\/div>\n\t\t\t\t\t<\/div>\n\t\t\t\t<\/div>\n\t\t<div data-particle_enable=\"false\" data-particle-mobile-disabled=\"false\" class=\"elementor-element elementor-element-7ad5282 e-flex e-con-boxed e-con e-parent\" data-id=\"7ad5282\" data-element_type=\"container\" data-e-type=\"container\">\n\t\t\t\t\t<div class=\"e-con-inner\">\n\t\t\t\t<div class=\"elementor-element elementor-element-c4d4924 elementor-widget elementor-widget-text-editor\" data-id=\"c4d4924\" data-element_type=\"widget\" data-e-type=\"widget\" data-widget_type=\"text-editor.default\">\n\t\t\t\t\t\t\t\t\t<p><b>Desde fuera, \u00bfc\u00f3mo miras a Guatemala?<\/b><\/p><p>Siempre pienso en la calidez de su gente y de sus pueblos. En su dignidad. Por eso\u00a0 tambi\u00e9n me duele la migraci\u00f3n y la persecuci\u00f3n que viven muchas comunidades. <a href=\"https:\/\/soymigrante.com\/revista\/category\/guate-nuestra\/pueblos-de-guatemala\/\">Guatemala la hacen sus pueblos,<\/a> y muchos de ellos est\u00e1n siendo criminalizados.\u00a0<\/p><p>Eso no es normal, y no est\u00e1 bien. Creo que todas y todos tenemos una responsabilidad amorosa de hablar, de no callar, de visibilizar lo que pasa.<\/p><p><b>Y en medio de toda esta gira por tantos lugares, \u00bfsigues componiendo?<\/b><\/p><p>Siempre estoy anotando frases, ideas, melod\u00edas. A veces en el camino, en un aeropuerto, en una sobremesa despu\u00e9s de un concierto. Luego necesito tiempo para madurarlas, pero todo lo que vivo se convierte en canci\u00f3n. Al final, componer tambi\u00e9n es una forma de sanar.<\/p><p><b>Para cerrar, \u00bfqu\u00e9 mensaje dejas en medio de esta gira tan intensa?<\/b><\/p><p>Que cuando llega la <a href=\"https:\/\/soymigrante.com\/revista\/como-puedo-identificar-sintomas-de-depresion-o-ansiedad\/\">tristeza <\/a>o la frustraci\u00f3n, siempre podemos volver a la ra\u00edz. All\u00ed est\u00e1 la fuerza para levantarnos y seguir. Persistir en los sue\u00f1os es tambi\u00e9n un derecho, y yo creo profundamente en eso.<\/p><p>Sara Curruchich lanz\u00f3 su primer \u00e1lbum en 2019. Actualmente desarrolla la gira Mujer Ind\u00edgena, que le ha llevado por Canad\u00e1 y Europa, en festivales, centros culturales y foros de concierto. Su <a href=\"https:\/\/soymigrante.com\/revista\/siete-canciones-en-espanol-que-exponen-desafios-del-migrante\/\">m\u00fasica <\/a>est\u00e1 tocando almas y corazones al otro lado del oc\u00e9ano.<\/p>\t\t\t\t\t\t\t\t<\/div>\n\t\t\t\t\t<\/div>\n\t\t\t\t<\/div>\n\t\t<div data-particle_enable=\"false\" data-particle-mobile-disabled=\"false\" class=\"elementor-element elementor-element-037fbe6 e-flex e-con-boxed e-con e-parent\" data-id=\"037fbe6\" data-element_type=\"container\" data-e-type=\"container\">\n\t\t\t\t\t<div class=\"e-con-inner\">\n\t\t\t\t<div class=\"elementor-element elementor-element-3460407 elementor-widget elementor-widget-image\" data-id=\"3460407\" data-element_type=\"widget\" data-e-type=\"widget\" data-widget_type=\"image.default\">\n\t\t\t\t\t\t\t\t\t\t\t\t<figure class=\"wp-caption\">\n\t\t\t\t\t\t\t\t\t\t<img loading=\"lazy\" decoding=\"async\" width=\"1024\" height=\"1024\" src=\"https:\/\/soymigrante.com\/revista\/wp-content\/uploads\/2025\/10\/sara-curruchich-cantautora-maya-4-1-1024x1024.jpg\" class=\"attachment-large size-large wp-image-46612\" alt=\"La mayor alegr\u00eda de Sara Curruchich sobre el escenario es poder compartir el lenguaje de amor de la m\u00fasica y tambi\u00e9n hacer resaltar la dignidad de las mujeres mayas. Por eso este tour se llama Mujer Ind\u00edgena. (Foto Sara Curruchich)\" srcset=\"https:\/\/soymigrante.com\/revista\/wp-content\/uploads\/2025\/10\/sara-curruchich-cantautora-maya-4-1-1024x1024.jpg 1024w, https:\/\/soymigrante.com\/revista\/wp-content\/uploads\/2025\/10\/sara-curruchich-cantautora-maya-4-1-300x300.jpg 300w, https:\/\/soymigrante.com\/revista\/wp-content\/uploads\/2025\/10\/sara-curruchich-cantautora-maya-4-1-150x150.jpg 150w, https:\/\/soymigrante.com\/revista\/wp-content\/uploads\/2025\/10\/sara-curruchich-cantautora-maya-4-1-768x768.jpg 768w, https:\/\/soymigrante.com\/revista\/wp-content\/uploads\/2025\/10\/sara-curruchich-cantautora-maya-4-1-75x75.jpg 75w, https:\/\/soymigrante.com\/revista\/wp-content\/uploads\/2025\/10\/sara-curruchich-cantautora-maya-4-1-750x750.jpg 750w, https:\/\/soymigrante.com\/revista\/wp-content\/uploads\/2025\/10\/sara-curruchich-cantautora-maya-4-1-1140x1140.jpg 1140w, https:\/\/soymigrante.com\/revista\/wp-content\/uploads\/2025\/10\/sara-curruchich-cantautora-maya-4-1.jpg 1536w\" sizes=\"(max-width: 1024px) 100vw, 1024px\" title=\"La mayor alegr\u00eda de Sara Curruchich sobre el escenario es poder compartir el lenguaje de amor de la m\u00fasica y tambi\u00e9n hacer resaltar la dignidad de las mujeres mayas. Por eso este tour se llama Mujer Ind\u00edgena. (Foto Sara Curruchich) \u2013 SoyMigrante.com REVISTA\" \/>\t\t\t\t\t\t\t\t\t\t\t<figcaption class=\"widget-image-caption wp-caption-text\">La mayor alegr\u00eda de Sara Curruchich sobre el escenario es poder compartir el lenguaje de amor de la m\u00fasica y tambi\u00e9n hacer resaltar la dignidad de las mujeres mayas. Por eso este tour se llama Mujer Ind\u00edgena. (Foto Sara Curruchich)<\/figcaption>\n\t\t\t\t\t\t\t\t\t\t<\/figure>\n\t\t\t\t\t\t\t\t\t<\/div>\n\t\t\t\t\t<\/div>\n\t\t\t\t<\/div>\n\t\t<div data-particle_enable=\"false\" data-particle-mobile-disabled=\"false\" class=\"elementor-element elementor-element-a786a36 e-flex e-con-boxed e-con e-parent\" data-id=\"a786a36\" data-element_type=\"container\" data-e-type=\"container\">\n\t\t\t\t\t<div class=\"e-con-inner\">\n\t\t\t\t<div class=\"elementor-element elementor-element-647872a elementor-widget elementor-widget-heading\" data-id=\"647872a\" data-element_type=\"widget\" data-e-type=\"widget\" data-widget_type=\"heading.default\">\n\t\t\t\t\t<h2 class=\"elementor-heading-title elementor-size-default\">Con la fuerza de los pueblos de Guatemala<\/h2>\t\t\t\t<\/div>\n\t\t\t\t\t<\/div>\n\t\t\t\t<\/div>\n\t\t<div data-particle_enable=\"false\" data-particle-mobile-disabled=\"false\" class=\"elementor-element elementor-element-793f5cd e-flex e-con-boxed e-con e-parent\" data-id=\"793f5cd\" data-element_type=\"container\" data-e-type=\"container\">\n\t\t\t\t\t<div class=\"e-con-inner\">\n\t\t\t\t<div class=\"elementor-element elementor-element-b791441 elementor-grid-eael-col-3 elementor-grid-tablet-eael-col-2 elementor-grid-mobile-eael-col-1 elementor-widget elementor-widget-eael-post-grid\" data-id=\"b791441\" data-element_type=\"widget\" data-e-type=\"widget\" data-settings=\"{&quot;eael_post_grid_columns&quot;:&quot;eael-col-3&quot;,&quot;eael_post_grid_columns_tablet&quot;:&quot;eael-col-2&quot;,&quot;eael_post_grid_columns_mobile&quot;:&quot;eael-col-1&quot;}\" data-widget_type=\"eael-post-grid.default\">\n\t\t\t\t\t<div id=\"eael-post-grid-b791441\" class=\"eael-post-grid-container\">\n            <div class=\"eael-post-grid eael-post-appender eael-post-appender-b791441 eael-post-grid-style-one\" data-layout-mode=\"masonry\"><article class=\"eael-grid-post  eael-post-grid-column eael-pg-post-8856 category-pueblos-de-guatemala\" data-id=\"8856\">\n        <div class=\"eael-grid-post-holder\">\n            <div class=\"eael-grid-post-holder-inner\"><div class=\"eael-entry-media\"><div class=\"eael-entry-overlay fade-in\"><i class=\"far fa-hand-pointer\" aria-hidden=\"true\"><\/i><a href=\"https:\/\/soymigrante.com\/revista\/el-pueblo-kaqchikel-abarca-a-1-millon-68-mil-guatemaltecos\/\"><\/a><\/div><div class=\"eael-entry-thumbnail eael-image-ratio\">\n                <img loading=\"lazy\" decoding=\"async\" width=\"797\" height=\"797\" src=\"https:\/\/soymigrante.com\/revista\/wp-content\/uploads\/2024\/09\/Captura-de-pantalla-2024-09-05-170648-e1725577693900.webp\" class=\"attachment-large size-large wp-image-8865\" alt=\"Her royalty-free photo of a smiling woman holding a bouquet of flowers, wearing traditional indigenous clothing, standing against a rustic wall in a rural setting, representing migrant culture and heritage.\" srcset=\"https:\/\/soymigrante.com\/revista\/wp-content\/uploads\/2024\/09\/Captura-de-pantalla-2024-09-05-170648-e1725577693900.webp 797w, https:\/\/soymigrante.com\/revista\/wp-content\/uploads\/2024\/09\/Captura-de-pantalla-2024-09-05-170648-e1725577693900-300x300.webp 300w, https:\/\/soymigrante.com\/revista\/wp-content\/uploads\/2024\/09\/Captura-de-pantalla-2024-09-05-170648-e1725577693900-150x150.webp 150w, https:\/\/soymigrante.com\/revista\/wp-content\/uploads\/2024\/09\/Captura-de-pantalla-2024-09-05-170648-e1725577693900-768x768.webp 768w, https:\/\/soymigrante.com\/revista\/wp-content\/uploads\/2024\/09\/Captura-de-pantalla-2024-09-05-170648-e1725577693900-75x75.webp 75w, https:\/\/soymigrante.com\/revista\/wp-content\/uploads\/2024\/09\/Captura-de-pantalla-2024-09-05-170648-e1725577693900-750x750.webp 750w\" sizes=\"(max-width: 797px) 100vw, 797px\" \/>\n            <\/div>\n        <\/div><div class=\"eael-entry-wrapper\"><header class=\"eael-entry-header\"><h2 class=\"eael-entry-title\"><a class=\"eael-grid-post-link\" href=\"https:\/\/soymigrante.com\/revista\/el-pueblo-kaqchikel-abarca-a-1-millon-68-mil-guatemaltecos\/\" title=\"El pueblo Kaqchikel abarca a 1 mill\u00f3n 68 mil guatemaltecos\">El pueblo Kaqchikel abarca a 1 mill\u00f3n 68 mil guatemaltecos<\/a><\/h2><\/header><div class=\"eael-entry-content\">\n                        <div class=\"eael-grid-post-excerpt\"><a href=\"https:\/\/soymigrante.com\/revista\/el-pueblo-kaqchikel-abarca-a-1-millon-68-mil-guatemaltecos\/\" class=\"eael-post-elements-readmore-btn\">CONOCE SU HISTORIA <\/a><\/div>\n                    <\/div><\/div><\/div>\n        <\/div>\n    <\/article><article class=\"eael-grid-post  eael-post-grid-column eael-pg-post-2997 category-exitos\" data-id=\"2997\">\n        <div class=\"eael-grid-post-holder\">\n            <div class=\"eael-grid-post-holder-inner\"><div class=\"eael-entry-media\"><div class=\"eael-entry-overlay fade-in\"><i class=\"far fa-hand-pointer\" aria-hidden=\"true\"><\/i><a href=\"https:\/\/soymigrante.com\/revista\/espiritualidad-maya-kaqchiqel-tambien-es-migrante-en-new-jersey\/\"><\/a><\/div><div class=\"eael-entry-thumbnail eael-image-ratio\">\n                <img loading=\"lazy\" decoding=\"async\" width=\"805\" height=\"558\" src=\"https:\/\/soymigrante.com\/revista\/wp-content\/uploads\/2023\/10\/efren.webp\" class=\"attachment-large size-large wp-image-2999\" alt=\"\" srcset=\"https:\/\/soymigrante.com\/revista\/wp-content\/uploads\/2023\/10\/efren.webp 805w, https:\/\/soymigrante.com\/revista\/wp-content\/uploads\/2023\/10\/efren-300x208.webp 300w, https:\/\/soymigrante.com\/revista\/wp-content\/uploads\/2023\/10\/efren-768x532.webp 768w, https:\/\/soymigrante.com\/revista\/wp-content\/uploads\/2023\/10\/efren-750x520.webp 750w\" sizes=\"(max-width: 805px) 100vw, 805px\" \/>\n            <\/div>\n        <\/div><div class=\"eael-entry-wrapper\"><header class=\"eael-entry-header\"><h2 class=\"eael-entry-title\"><a class=\"eael-grid-post-link\" href=\"https:\/\/soymigrante.com\/revista\/espiritualidad-maya-kaqchiqel-tambien-es-migrante-en-new-jersey\/\" title=\"Espiritualidad maya kaqchikel tambi\u00e9n es migrante en New Jersey junto a Efr\u00e9n Mej\u00eda\">Espiritualidad maya kaqchikel tambi\u00e9n es migrante en New Jersey junto a Efr\u00e9n Mej\u00eda<\/a><\/h2><\/header><div class=\"eael-entry-content\">\n                        <div class=\"eael-grid-post-excerpt\"><a href=\"https:\/\/soymigrante.com\/revista\/espiritualidad-maya-kaqchiqel-tambien-es-migrante-en-new-jersey\/\" class=\"eael-post-elements-readmore-btn\">CONOCE SU HISTORIA <\/a><\/div>\n                    <\/div><\/div><\/div>\n        <\/div>\n    <\/article><article class=\"eael-grid-post  eael-post-grid-column eael-pg-post-33378 category-exitos-guatemala\" data-id=\"33378\">\n        <div class=\"eael-grid-post-holder\">\n            <div class=\"eael-grid-post-holder-inner\"><div class=\"eael-entry-media\"><div class=\"eael-entry-overlay fade-in\"><i class=\"far fa-hand-pointer\" aria-hidden=\"true\"><\/i><a href=\"https:\/\/soymigrante.com\/revista\/ingrid-sub-cuc-migrante-de-solola-estudia-su-doctorado-en-california-sobre-medicina-maya-kaqchikel\/\"><\/a><\/div><div class=\"eael-entry-thumbnail eael-image-ratio\">\n                <img loading=\"lazy\" decoding=\"async\" width=\"1024\" height=\"1024\" src=\"https:\/\/soymigrante.com\/revista\/wp-content\/uploads\/2025\/05\/ingrid-sub-cuc-solola-maya-10-1024x1024.jpg\" class=\"attachment-large size-large wp-image-33379\" alt=\"Mujer ind\u00edgena con traje tradicional en un entorno natural frente a un lago y volc\u00e1n, s\u00edmbolo de cultura, identidad y orgullo en M\u00e9xico.\" srcset=\"https:\/\/soymigrante.com\/revista\/wp-content\/uploads\/2025\/05\/ingrid-sub-cuc-solola-maya-10-1024x1024.jpg 1024w, https:\/\/soymigrante.com\/revista\/wp-content\/uploads\/2025\/05\/ingrid-sub-cuc-solola-maya-10-300x300.jpg 300w, https:\/\/soymigrante.com\/revista\/wp-content\/uploads\/2025\/05\/ingrid-sub-cuc-solola-maya-10-150x150.jpg 150w, https:\/\/soymigrante.com\/revista\/wp-content\/uploads\/2025\/05\/ingrid-sub-cuc-solola-maya-10-768x768.jpg 768w, https:\/\/soymigrante.com\/revista\/wp-content\/uploads\/2025\/05\/ingrid-sub-cuc-solola-maya-10-75x75.webp 75w, https:\/\/soymigrante.com\/revista\/wp-content\/uploads\/2025\/05\/ingrid-sub-cuc-solola-maya-10-750x750.webp 750w, https:\/\/soymigrante.com\/revista\/wp-content\/uploads\/2025\/05\/ingrid-sub-cuc-solola-maya-10-1140x1140.webp 1140w, https:\/\/soymigrante.com\/revista\/wp-content\/uploads\/2025\/05\/ingrid-sub-cuc-solola-maya-10.webp 1478w\" sizes=\"(max-width: 1024px) 100vw, 1024px\" \/>\n            <\/div>\n        <\/div><div class=\"eael-entry-wrapper\"><header class=\"eael-entry-header\"><h2 class=\"eael-entry-title\"><a class=\"eael-grid-post-link\" href=\"https:\/\/soymigrante.com\/revista\/ingrid-sub-cuc-migrante-de-solola-estudia-su-doctorado-en-california-sobre-medicina-maya-kaqchikel\/\" title=\"Ingrid Sub Cuc, migrante de Solol\u00e1, estudia su doctorado en California sobre medicina maya kaqchikel\">Ingrid Sub Cuc, migrante de Solol\u00e1, estudia su doctorado en California sobre medicina maya kaqchikel<\/a><\/h2><\/header><div class=\"eael-entry-content\">\n                        <div class=\"eael-grid-post-excerpt\"><a href=\"https:\/\/soymigrante.com\/revista\/ingrid-sub-cuc-migrante-de-solola-estudia-su-doctorado-en-california-sobre-medicina-maya-kaqchikel\/\" class=\"eael-post-elements-readmore-btn\">CONOCE SU HISTORIA <\/a><\/div>\n                    <\/div><\/div><\/div>\n        <\/div>\n    <\/article><\/div>\n            <div class=\"clearfix\"><\/div>\n        <\/div>\t\t\t\t<\/div>\n\t\t\t\t\t<\/div>\n\t\t\t\t<\/div>\n\t\t\t\t<\/div>\n\t\t","protected":false},"excerpt":{"rendered":"<p>La cantautora maya kaqchikel Sara Curruchich prosigue su exitosa gira en Europa. Se presentar\u00e1 pr\u00f3ximamente en Par\u00eds, Roma y Helsinki. Entrevistada desde el sur de Francia \u201cCuando voy a cantar no lo hago sola: siento que me acompa\u00f1an mis abuelas y muchas mujeres m\u00e1s\u201d. As\u00ed lo afirma Sara Curruchich, la primera cantautora ind\u00edgena guatemalteca en [&hellip;]<\/p>\n","protected":false},"author":7,"featured_media":46606,"comment_status":"open","ping_status":"open","sticky":false,"template":"","format":"standard","meta":{"_acf_changed":false,"_eb_attr":"","footnotes":""},"categories":[58],"tags":[],"class_list":["post-46605","post","type-post","status-publish","format-standard","has-post-thumbnail","hentry","category-guate-nuestra"],"acf":[],"aioseo_notices":[],"aioseo_head":"\n\t\t<!-- All in One SEO Pro 4.9.6.2 - aioseo.com -->\n\t<meta name=\"description\" content=\"Ingrid Sub Cuc tiene maestr\u00edas en Salud y Estudios Ind\u00edgenas en EE.UU.; efect\u00faa su investigaci\u00f3n de doctorado sobre medicina maya tradicional en Guatemala. Cuenta su historia.\" \/>\n\t<meta name=\"robots\" content=\"max-snippet:-1, max-image-preview:large, max-video-preview:-1\" \/>\n\t<meta name=\"author\" content=\"Gustavo Montenegro\"\/>\n\t<link rel=\"canonical\" href=\"https:\/\/soymigrante.com\/revista\/ingrid-sub-cuc-migrante-de-solola-estudia-su-doctorado-en-california-sobre-medicina-maya-kaqchikel\/\" \/>\n\t<meta name=\"generator\" content=\"All in One SEO Pro (AIOSEO) 4.9.6.2\" \/>\n\n\t\t<link rel=\"preconnect\" href=\"https:\/\/fonts.googleapis.com\" crossorigin>\n<link rel=\"preconnect\" href=\"https:\/\/fonts.gstatic.com\" crossorigin>\n\t\t<meta property=\"og:locale\" content=\"es_ES\" \/>\n\t\t<meta property=\"og:site_name\" content=\"SoyMigrante.com REVISTA \u2013 Nuestra misi\u00f3n es reconocer y dignificar al migrante.\" \/>\n\t\t<meta property=\"og:type\" content=\"article\" \/>\n\t\t<meta property=\"og:title\" content=\"Ingrid Sub Cuc, kaqchikel, estudia su doctorado en California\" \/>\n\t\t<meta property=\"og:description\" content=\"Ingrid Sub Cuc tiene maestr\u00edas en Salud y Estudios Ind\u00edgenas en EE.UU.; efect\u00faa su investigaci\u00f3n de doctorado sobre medicina maya tradicional en Guatemala. Cuenta su historia.\" \/>\n\t\t<meta property=\"og:url\" content=\"https:\/\/soymigrante.com\/revista\/ingrid-sub-cuc-migrante-de-solola-estudia-su-doctorado-en-california-sobre-medicina-maya-kaqchikel\/\" \/>\n\t\t<meta property=\"og:image\" content=\"https:\/\/soymigrante.com\/revista\/wp-content\/uploads\/2025\/05\/ingrid-sub-cuc-solola-maya-10.webp\" \/>\n\t\t<meta property=\"og:image:secure_url\" content=\"https:\/\/soymigrante.com\/revista\/wp-content\/uploads\/2025\/05\/ingrid-sub-cuc-solola-maya-10.webp\" \/>\n\t\t<meta property=\"og:image:width\" content=\"1478\" \/>\n\t\t<meta property=\"og:image:height\" content=\"1478\" \/>\n\t\t<meta property=\"article:published_time\" content=\"2025-05-13T12:00:00+00:00\" \/>\n\t\t<meta property=\"article:modified_time\" content=\"2025-10-03T20:48:39+00:00\" \/>\n\t\t<meta property=\"article:publisher\" content=\"https:\/\/www.facebook.com\/soymigrantecom\" \/>\n\t\t<meta name=\"twitter:card\" content=\"summary_large_image\" \/>\n\t\t<meta name=\"twitter:site\" content=\"@SoyMigrante_com\" \/>\n\t\t<meta name=\"twitter:title\" content=\"Ingrid Sub Cuc, kaqchikel, estudia su doctorado en California\" \/>\n\t\t<meta name=\"twitter:description\" content=\"Ingrid Sub Cuc tiene maestr\u00edas en Salud y Estudios Ind\u00edgenas en EE.UU.; efect\u00faa su investigaci\u00f3n de doctorado sobre medicina maya tradicional en Guatemala. Cuenta su historia.\" \/>\n\t\t<meta name=\"twitter:creator\" content=\"@SoyMigrante_com\" \/>\n\t\t<meta name=\"twitter:image\" content=\"https:\/\/soymigrante.com\/revista\/wp-content\/uploads\/2025\/05\/ingrid-sub-cuc-solola-maya-10.webp\" \/>\n\t\t<!-- All in One SEO Pro -->\r\n\t\t<title>Ingrid Sub Cuc, kaqchikel, estudia su doctorado en California<\/title>\n\n","aioseo_head_json":{"title":"Ingrid Sub Cuc, kaqchikel, estudia su doctorado en California","description":"Ingrid Sub Cuc tiene maestr\u00edas en Salud y Estudios Ind\u00edgenas en EE.UU.; efect\u00faa su investigaci\u00f3n de doctorado sobre medicina maya tradicional en Guatemala. Cuenta su historia.","canonical_url":"https:\/\/soymigrante.com\/revista\/ingrid-sub-cuc-migrante-de-solola-estudia-su-doctorado-en-california-sobre-medicina-maya-kaqchikel\/","robots":"max-snippet:-1, max-image-preview:large, max-video-preview:-1","keywords":"","webmasterTools":{"miscellaneous":"&lt;link rel=\"preconnect\" href=\"https:\/\/fonts.googleapis.com\" crossorigin&gt;\n&lt;link rel=\"preconnect\" href=\"https:\/\/fonts.gstatic.com\" crossorigin&gt;"},"schema":null,"og:locale":"es_ES","og:site_name":"SoyMigrante.com REVISTA \u2013 Nuestra misi\u00f3n es reconocer y dignificar al migrante.","og:type":"article","og:title":"Ingrid Sub Cuc, kaqchikel, estudia su doctorado en California","og:description":"Ingrid Sub Cuc tiene maestr\u00edas en Salud y Estudios Ind\u00edgenas en EE.UU.; efect\u00faa su investigaci\u00f3n de doctorado sobre medicina maya tradicional en Guatemala. Cuenta su historia.","og:url":"https:\/\/soymigrante.com\/revista\/ingrid-sub-cuc-migrante-de-solola-estudia-su-doctorado-en-california-sobre-medicina-maya-kaqchikel\/","og:image":"https:\/\/soymigrante.com\/revista\/wp-content\/uploads\/2025\/05\/ingrid-sub-cuc-solola-maya-10.webp","og:image:secure_url":"https:\/\/soymigrante.com\/revista\/wp-content\/uploads\/2025\/05\/ingrid-sub-cuc-solola-maya-10.webp","og:image:width":1478,"og:image:height":1478,"article:published_time":"2025-05-13T12:00:00+00:00","article:modified_time":"2025-10-03T20:48:39+00:00","article:publisher":"https:\/\/www.facebook.com\/soymigrantecom","twitter:card":"summary_large_image","twitter:site":"@SoyMigrante_com","twitter:title":"Ingrid Sub Cuc, kaqchikel, estudia su doctorado en California","twitter:description":"Ingrid Sub Cuc tiene maestr\u00edas en Salud y Estudios Ind\u00edgenas en EE.UU.; efect\u00faa su investigaci\u00f3n de doctorado sobre medicina maya tradicional en Guatemala. Cuenta su historia.","twitter:creator":"@SoyMigrante_com","twitter:image":"https:\/\/soymigrante.com\/revista\/wp-content\/uploads\/2025\/05\/ingrid-sub-cuc-solola-maya-10.webp"},"aioseo_meta_data":{"post_id":"46605","title":"Sara Curruchich de gira en Europa: \"Persistir es dignidad\"","description":"\"Persistir tambi\u00e9n es un acto de dignidad\", dice en entrevista desde Francia, la cantautora maya k'aqchiq'el Sara Curruchich. Cantar\u00e1 en Par\u00eds, Roma y Helsinki.","keywords":null,"keyphrases":{"focus":{"keyphrase":"Sara Curruchich","score":91,"analysis":{"keyphraseInTitle":{"score":9,"maxScore":9,"error":0},"keyphraseInDescription":{"score":9,"maxScore":9,"error":0},"keyphraseLength":{"score":9,"maxScore":9,"error":0,"length":2},"keyphraseInURL":{"score":5,"maxScore":5,"error":0},"keyphraseInIntroduction":{"score":9,"maxScore":9,"error":0},"keyphraseInSubHeadings":{"score":3,"maxScore":9,"error":1},"keyphraseInImageAlt":{"score":9,"maxScore":9,"error":0},"keywordDensity":{"type":"best","score":9,"maxScore":9,"error":0}}},"additional":[{"keyphrase":"cantautora","score":80,"analysis":{"keyphraseInDescription":{"score":9,"maxScore":9,"error":0},"keyphraseLength":{"score":9,"maxScore":9,"error":0,"length":1},"keyphraseInIntroduction":{"score":9,"maxScore":9,"error":0},"keyphraseInImageAlt":{"score":9,"maxScore":9,"error":0},"keywordDensity":{"score":0,"type":"low","maxScore":9,"error":1}}},{"keyphrase":"maya","score":67,"analysis":{"keyphraseInDescription":{"score":9,"maxScore":9,"error":0},"keyphraseLength":{"score":9,"maxScore":9,"error":0,"length":1},"keyphraseInIntroduction":{"score":3,"maxScore":9,"error":1},"keyphraseInImageAlt":{"score":9,"maxScore":9,"error":0},"keywordDensity":{"score":0,"type":"low","maxScore":9,"error":1}}}]},"primary_term":null,"canonical_url":null,"og_title":null,"og_description":null,"og_object_type":"default","og_image_type":"default","og_image_url":null,"og_image_width":null,"og_image_height":null,"og_image_custom_url":null,"og_image_custom_fields":null,"og_video":"","og_custom_url":null,"og_article_section":null,"og_article_tags":null,"twitter_use_og":false,"twitter_card":"default","twitter_image_type":"default","twitter_image_url":null,"twitter_image_custom_url":null,"twitter_image_custom_fields":null,"twitter_title":null,"twitter_description":null,"schema":{"blockGraphs":[],"customGraphs":[],"default":{"data":{"Article":[],"Course":[],"Dataset":[],"FAQPage":[],"Movie":[],"Person":[],"Product":[],"ProductReview":[],"Car":[],"Recipe":[],"Service":[],"SoftwareApplication":[],"WebPage":[]},"graphName":"none","isEnabled":true},"graphs":[]},"schema_type":"default","schema_type_options":null,"pillar_content":false,"robots_default":true,"robots_noindex":false,"robots_noarchive":false,"robots_nosnippet":false,"robots_nofollow":false,"robots_noimageindex":false,"robots_noodp":false,"robots_notranslate":false,"robots_max_snippet":"-1","robots_max_videopreview":"-1","robots_max_imagepreview":"large","priority":null,"frequency":"default","local_seo":null,"seo_analyzer_scan_date":"2025-10-09 09:03:33","breadcrumb_settings":null,"limit_modified_date":false,"reviewed_by":"0","open_ai":null,"ai":{"faqs":[],"keyPoints":[],"titles":[],"descriptions":[],"socialPosts":{"email":[],"linkedin":[],"twitter":[],"facebook":[],"instagram":[]}},"created":"2025-10-03 11:27:02","updated":"2026-02-05 06:11:10"},"aioseo_breadcrumb":"<div class=\"aioseo-breadcrumbs\"><span class=\"aioseo-breadcrumb\">\n\t<a href=\"https:\/\/soymigrante.com\/revista\" title=\"Home\">Home<\/a>\n<\/span><span class=\"aioseo-breadcrumb-separator\">\u00bb<\/span><span class=\"aioseo-breadcrumb\">\n\t<a href=\"https:\/\/soymigrante.com\/revista\/category\/guate-nuestra\/\" title=\"Guate Nuestra\">Guate Nuestra<\/a>\n<\/span><span class=\"aioseo-breadcrumb-separator\">\u00bb<\/span><span class=\"aioseo-breadcrumb\">\n\t\u201cPersistir es dignidad\u201d: cantautora maya kaqchikel Sara Curruchich desde Francia\n<\/span><\/div>","aioseo_breadcrumb_json":[{"label":"Home","link":"https:\/\/soymigrante.com\/revista"},{"label":"Guate Nuestra","link":"https:\/\/soymigrante.com\/revista\/category\/guate-nuestra\/"},{"label":"&#8220;Persistir es dignidad&#8221;: cantautora maya kaqchikel Sara Curruchich desde Francia","link":"https:\/\/soymigrante.com\/revista\/persistir-es-dignidad-cantautora-maya-kaqchikel-sara-curruchich-desde-francia\/"}],"_links":{"self":[{"href":"https:\/\/soymigrante.com\/revista\/wp-json\/wp\/v2\/posts\/46605","targetHints":{"allow":["GET"]}}],"collection":[{"href":"https:\/\/soymigrante.com\/revista\/wp-json\/wp\/v2\/posts"}],"about":[{"href":"https:\/\/soymigrante.com\/revista\/wp-json\/wp\/v2\/types\/post"}],"author":[{"embeddable":true,"href":"https:\/\/soymigrante.com\/revista\/wp-json\/wp\/v2\/users\/7"}],"replies":[{"embeddable":true,"href":"https:\/\/soymigrante.com\/revista\/wp-json\/wp\/v2\/comments?post=46605"}],"version-history":[{"count":6,"href":"https:\/\/soymigrante.com\/revista\/wp-json\/wp\/v2\/posts\/46605\/revisions"}],"predecessor-version":[{"id":46617,"href":"https:\/\/soymigrante.com\/revista\/wp-json\/wp\/v2\/posts\/46605\/revisions\/46617"}],"wp:featuredmedia":[{"embeddable":true,"href":"https:\/\/soymigrante.com\/revista\/wp-json\/wp\/v2\/media\/46606"}],"wp:attachment":[{"href":"https:\/\/soymigrante.com\/revista\/wp-json\/wp\/v2\/media?parent=46605"}],"wp:term":[{"taxonomy":"category","embeddable":true,"href":"https:\/\/soymigrante.com\/revista\/wp-json\/wp\/v2\/categories?post=46605"},{"taxonomy":"post_tag","embeddable":true,"href":"https:\/\/soymigrante.com\/revista\/wp-json\/wp\/v2\/tags?post=46605"}],"curies":[{"name":"wp","href":"https:\/\/api.w.org\/{rel}","templated":true}]}}