{"id":46581,"date":"2025-10-02T10:28:42","date_gmt":"2025-10-02T16:28:42","guid":{"rendered":"https:\/\/soymigrante.com\/revista\/?p=46581"},"modified":"2025-10-03T14:22:19","modified_gmt":"2025-10-03T20:22:19","slug":"oklahoma-carroza-guatemalteca-recibe-premio-en-desfile-hispano","status":"publish","type":"post","link":"https:\/\/soymigrante.com\/revista\/oklahoma-carroza-guatemalteca-recibe-premio-en-desfile-hispano\/","title":{"rendered":"Oklahoma: Carroza guatemalteca recibe premio en desfile hispano"},"content":{"rendered":"\t\t<div data-elementor-type=\"wp-post\" data-elementor-id=\"46581\" class=\"elementor elementor-46581\" data-elementor-post-type=\"post\">\n\t\t\t\t<div data-particle_enable=\"false\" data-particle-mobile-disabled=\"false\" class=\"elementor-element elementor-element-f0d10b6 e-flex e-con-boxed e-con e-parent\" data-id=\"f0d10b6\" data-element_type=\"container\" data-e-type=\"container\">\n\t\t\t\t\t<div class=\"e-con-inner\">\n\t\t\t\t<div class=\"elementor-element elementor-element-192d86c elementor-widget elementor-widget-heading\" data-id=\"192d86c\" data-element_type=\"widget\" data-e-type=\"widget\" data-widget_type=\"heading.default\">\n\t\t\t\t\t<h2 class=\"elementor-heading-title elementor-size-default\">La carroza de la comunidad guatemalteca en Oklahoma gan\u00f3 el premio en la categor\u00eda Grupo Cultural, del desfile Fiesta de Las Am\u00e9ricas efectuado el 27 de septiembre.<\/h2>\t\t\t\t<\/div>\n\t\t\t\t\t<\/div>\n\t\t\t\t<\/div>\n\t\t<div data-particle_enable=\"false\" data-particle-mobile-disabled=\"false\" class=\"elementor-element elementor-element-88a6dc3 e-flex e-con-boxed e-con e-parent\" data-id=\"88a6dc3\" data-element_type=\"container\" data-e-type=\"container\">\n\t\t\t\t\t<div class=\"e-con-inner\">\n\t\t\t\t<div class=\"elementor-element elementor-element-e9d9a07 elementor-widget elementor-widget-text-editor\" data-id=\"e9d9a07\" data-element_type=\"widget\" data-e-type=\"widget\" data-widget_type=\"text-editor.default\">\n\t\t\t\t\t\t\t\t\t<p>La uni\u00f3n multicultural fue el mejor y mayor adorno de la carroza de la Asociaci\u00f3n de Guatemaltecos en Oklahoma, que se present\u00f3 en el Desfile Fiesta de Las Am\u00e9ricas, el 27 de septiembre de 2025.<\/p><p>Con colores vibrantes, m\u00fasica, sonrisas y un mensaje de integraci\u00f3n, la decoraci\u00f3n tem\u00e1tica de dicha carroza gan\u00f3 el primer lugar en la categor\u00eda Grupo Cultural.\u00a0 Dicho desfile, que cumple 20 a\u00f1os de realizarse, forma parte de las conmemoraciones del Mes de la Herencia Hispana, en Oklahoma City, para concelebrar los<a href=\"https:\/\/soymigrante.com\/revista\/guatemalteca-saidy-orellana-recibe-premio-angel-guardian-en-oklahoma\/\"> aportes migrantes.<\/a><\/p>\t\t\t\t\t\t\t\t<\/div>\n\t\t\t\t\t<\/div>\n\t\t\t\t<\/div>\n\t\t<div data-particle_enable=\"false\" data-particle-mobile-disabled=\"false\" class=\"elementor-element elementor-element-91ed779 e-flex e-con-boxed e-con e-parent\" data-id=\"91ed779\" data-element_type=\"container\" data-e-type=\"container\">\n\t\t\t\t\t<div class=\"e-con-inner\">\n\t\t\t\t<div class=\"elementor-element elementor-element-729bc98 elementor-widget elementor-widget-image\" data-id=\"729bc98\" data-element_type=\"widget\" data-e-type=\"widget\" data-widget_type=\"image.default\">\n\t\t\t\t\t\t\t\t\t\t\t\t<figure class=\"wp-caption\">\n\t\t\t\t\t\t\t\t\t\t<img fetchpriority=\"high\" decoding=\"async\" width=\"1140\" height=\"986\" src=\"https:\/\/soymigrante.com\/revista\/wp-content\/uploads\/2025\/10\/oklahoma-carroza-1140x986.jpg\" class=\"attachment-large size-large wp-image-46586\" alt=\"Dos manos solidarias eran un llamativo detalle de la carroza guatemalteca durante el desfile Fiestas de las Am\u00e9ricad por el Mes de la Herencia Hispana. En foto: Brian de Le\u00f3n Mister Guatemala 2022-23, Karla Salazar, Se\u00f1ora Guatemala 2025, Nelly Ruiz, Se\u00f1ora Guatemala 2022-23, y Hilda de Le\u00f3n Xavier (Foto Guatemaltecos en Oklahoma)\" srcset=\"https:\/\/soymigrante.com\/revista\/wp-content\/uploads\/2025\/10\/oklahoma-carroza-1140x986.jpg 1140w, https:\/\/soymigrante.com\/revista\/wp-content\/uploads\/2025\/10\/oklahoma-carroza-300x260.jpg 300w, https:\/\/soymigrante.com\/revista\/wp-content\/uploads\/2025\/10\/oklahoma-carroza-768x665.jpg 768w, https:\/\/soymigrante.com\/revista\/wp-content\/uploads\/2025\/10\/oklahoma-carroza-750x649.jpg 750w, https:\/\/soymigrante.com\/revista\/wp-content\/uploads\/2025\/10\/oklahoma-carroza.jpg 1536w\" sizes=\"(max-width: 1140px) 100vw, 1140px\" title=\"Dos manos solidarias eran un llamativo detalle de la carroza guatemalteca durante el desfile Fiestas de las Am\u00e9ricad por el Mes de la Herencia Hispana. En foto: Brian de Le\u00f3n Mister Guatemala 2022-23, Karla Salazar, Se\u00f1ora Guatemala 2025, Nelly Ruiz, Se\u00f1ora Guatemala 2022-23, y  Hilda de Le\u00f3n Xavier (Foto Guatemaltecos en Oklahoma) \u2013 SoyMigrante.com REVISTA\" \/>\t\t\t\t\t\t\t\t\t\t\t<figcaption class=\"widget-image-caption wp-caption-text\">Dos manos solidarias eran un llamativo detalle de la carroza guatemalteca durante el desfile Fiestas de las Am\u00e9ricad por el Mes de la Herencia Hispana. En foto: Brian de Le\u00f3n Mister Guatemala 2022-23, Karla Salazar, Se\u00f1ora Guatemala 2025, Nelly Ruiz, Se\u00f1ora Guatemala 2022-23, y  Hilda de Le\u00f3n Xavier (Foto Guatemaltecos en Oklahoma)<\/figcaption>\n\t\t\t\t\t\t\t\t\t\t<\/figure>\n\t\t\t\t\t\t\t\t\t<\/div>\n\t\t\t\t\t<\/div>\n\t\t\t\t<\/div>\n\t\t<div data-particle_enable=\"false\" data-particle-mobile-disabled=\"false\" class=\"elementor-element elementor-element-f7aa5fc e-flex e-con-boxed e-con e-parent\" data-id=\"f7aa5fc\" data-element_type=\"container\" data-e-type=\"container\">\n\t\t\t\t\t<div class=\"e-con-inner\">\n\t\t\t\t<div class=\"elementor-element elementor-element-6714dfe elementor-widget elementor-widget-heading\" data-id=\"6714dfe\" data-element_type=\"widget\" data-e-type=\"widget\" data-widget_type=\"heading.default\">\n\t\t\t\t\t<h3 class=\"elementor-heading-title elementor-size-default\">Mensaje de fraternidad<\/h3>\t\t\t\t<\/div>\n\t\t\t\t\t<\/div>\n\t\t\t\t<\/div>\n\t\t<div data-particle_enable=\"false\" data-particle-mobile-disabled=\"false\" class=\"elementor-element elementor-element-c6d16d1 e-flex e-con-boxed e-con e-parent\" data-id=\"c6d16d1\" data-element_type=\"container\" data-e-type=\"container\">\n\t\t\t\t\t<div class=\"e-con-inner\">\n\t\t\t\t<div class=\"elementor-element elementor-element-0b1f175 elementor-widget elementor-widget-text-editor\" data-id=\"0b1f175\" data-element_type=\"widget\" data-e-type=\"widget\" data-widget_type=\"text-editor.default\">\n\t\t\t\t\t\t\t\t\t<p>La carroza desarroll\u00f3 el tema &#8220;Unidad entre los pa\u00edses&#8221;, rindi\u00f3 homenaje a Guatemala y a la vez transmiti\u00f3 un mensaje de fraternidad entre naciones, que a su vez refleja el <a href=\"https:\/\/soymigrante.com\/revista\/lindsey-mazariegos-la-belleza-que-nace-de-la-fortaleza-y-el-amor-de-familia\/\">esp\u00edritu de resiliencia, esfuerzo y valores de los guatemaltecos.<\/a>\u00a0<\/p><p>&#8220;Juntos som\u00e1s m\u00e1s&#8221; es una frase que sol\u00eda decirse mucho en Guatemala y la retomamos para generar m\u00e1s uni\u00f3n, relata Andrea Arriola, connacional que tambi\u00e9n particip\u00f3 en la elaboraci\u00f3n de la carroza.<\/p><p>\u201cEste a\u00f1o tomamos el tema de la unidad entre pa\u00edses, algo que en este momento necesitamos. Con el mismo amor a nuestra amada <a href=\"https:\/\/soymigrante.com\/revista\/22-departamentos-de-guatemala-un-corazon-multicultural-compartido\/\">Guatemala<\/a>, queremos la unidad entre todas las naciones\u201d, se\u00f1al\u00f3 la Asociaci\u00f3n en un mensaje de agradecimiento.<\/p>\t\t\t\t\t\t\t\t<\/div>\n\t\t\t\t\t<\/div>\n\t\t\t\t<\/div>\n\t\t<div data-particle_enable=\"false\" data-particle-mobile-disabled=\"false\" class=\"elementor-element elementor-element-abe6acb e-flex e-con-boxed e-con e-parent\" data-id=\"abe6acb\" data-element_type=\"container\" data-e-type=\"container\">\n\t\t\t\t\t<div class=\"e-con-inner\">\n\t\t\t\t<div class=\"elementor-element elementor-element-1bdab51 elementor-widget elementor-widget-html\" data-id=\"1bdab51\" data-element_type=\"widget\" data-e-type=\"widget\" data-widget_type=\"html.default\">\n\t\t\t\t\t<iframe src=\"https:\/\/www.facebook.com\/plugins\/video.php?height=476&href=https%3A%2F%2Fwww.facebook.com%2F100080194817139%2Fvideos%2F1990599588341823%2F&show_text=true&width=267&t=0\" width=\"267\" height=\"591\" style=\"border:none;overflow:hidden\" scrolling=\"no\" frameborder=\"0\" allowfullscreen=\"true\" allow=\"autoplay; clipboard-write; encrypted-media; picture-in-picture; web-share\" allowFullScreen=\"true\"><\/iframe>\t\t\t\t<\/div>\n\t\t\t\t\t<\/div>\n\t\t\t\t<\/div>\n\t\t<div data-particle_enable=\"false\" data-particle-mobile-disabled=\"false\" class=\"elementor-element elementor-element-f1b1349 e-flex e-con-boxed e-con e-parent\" data-id=\"f1b1349\" data-element_type=\"container\" data-e-type=\"container\">\n\t\t\t\t\t<div class=\"e-con-inner\">\n\t\t\t\t<div class=\"elementor-element elementor-element-3fdca48 elementor-widget elementor-widget-heading\" data-id=\"3fdca48\" data-element_type=\"widget\" data-e-type=\"widget\" data-widget_type=\"heading.default\">\n\t\t\t\t\t<h3 class=\"elementor-heading-title elementor-size-default\">Cada guatemalteco aporta valores y entusiasmo<\/h3>\t\t\t\t<\/div>\n\t\t\t\t\t<\/div>\n\t\t\t\t<\/div>\n\t\t<div data-particle_enable=\"false\" data-particle-mobile-disabled=\"false\" class=\"elementor-element elementor-element-27d28d0 e-flex e-con-boxed e-con e-parent\" data-id=\"27d28d0\" data-element_type=\"container\" data-e-type=\"container\">\n\t\t\t\t\t<div class=\"e-con-inner\">\n\t\t\t\t<div class=\"elementor-element elementor-element-e972694 elementor-widget elementor-widget-text-editor\" data-id=\"e972694\" data-element_type=\"widget\" data-e-type=\"widget\" data-widget_type=\"text-editor.default\">\n\t\t\t\t\t\t\t\t\t<p>El esfuerzo colectivo estuvo acompa\u00f1ado por el entusiasmo de<a href=\"https:\/\/soymigrante.com\/revista\/preguntas-de-los-padres-pueden-ayudar-a-motivar-mas-confianza-y-seguridad-en-los-ninos\/\"> familia<\/a>s, amigos, reinas y ex reinas de la comunidad, quienes dieron vida a la carroza y animaron al p\u00fablico con el orgullo guatemalteco.\u00a0<\/p><p>La Asociaci\u00f3n reconoci\u00f3 especialmente el apoyo de Rogelio Morales, propietario de Auto Servicios Morales, cuya colaboraci\u00f3n fue clave en la elaboraci\u00f3n de la carroza.<\/p>\t\t\t\t\t\t\t\t<\/div>\n\t\t\t\t\t<\/div>\n\t\t\t\t<\/div>\n\t\t<div data-particle_enable=\"false\" data-particle-mobile-disabled=\"false\" class=\"elementor-element elementor-element-3939f9c e-flex e-con-boxed e-con e-parent\" data-id=\"3939f9c\" data-element_type=\"container\" data-e-type=\"container\">\n\t\t\t\t\t<div class=\"e-con-inner\">\n\t\t\t\t<div class=\"elementor-element elementor-element-abf34e5 elementor-widget elementor-widget-image\" data-id=\"abf34e5\" data-element_type=\"widget\" data-e-type=\"widget\" data-widget_type=\"image.default\">\n\t\t\t\t\t\t\t\t\t\t\t\t<figure class=\"wp-caption\">\n\t\t\t\t\t\t\t\t\t\t<img decoding=\"async\" width=\"1140\" height=\"873\" src=\"https:\/\/soymigrante.com\/revista\/wp-content\/uploads\/2025\/10\/desfile-hispano-oklahoma-1140x873.jpg\" class=\"attachment-large size-large wp-image-46587\" alt=\"La comunidad guatemalteca ha participado en el desfile Fiestas de las Am\u00e9ricas desde sus inicios hace 20 a\u00f1os, fortaleciendo as\u00ed la unidad entre las comunidades hispanas en Oklahoma. (Foto Guatemaltecos en Oklahoma)\" srcset=\"https:\/\/soymigrante.com\/revista\/wp-content\/uploads\/2025\/10\/desfile-hispano-oklahoma-1140x873.jpg 1140w, https:\/\/soymigrante.com\/revista\/wp-content\/uploads\/2025\/10\/desfile-hispano-oklahoma-300x230.jpg 300w, https:\/\/soymigrante.com\/revista\/wp-content\/uploads\/2025\/10\/desfile-hispano-oklahoma-768x588.jpg 768w, https:\/\/soymigrante.com\/revista\/wp-content\/uploads\/2025\/10\/desfile-hispano-oklahoma-1536x1176.jpg 1536w, https:\/\/soymigrante.com\/revista\/wp-content\/uploads\/2025\/10\/desfile-hispano-oklahoma-750x574.jpg 750w, https:\/\/soymigrante.com\/revista\/wp-content\/uploads\/2025\/10\/desfile-hispano-oklahoma.jpg 1542w\" sizes=\"(max-width: 1140px) 100vw, 1140px\" title=\"La comunidad guatemalteca ha participado en el desfile Fiestas de las Am\u00e9ricas desde sus inicios hace 20 a\u00f1os, fortaleciendo as\u00ed la unidad entre las comunidades hispanas en Oklahoma. (Foto Guatemaltecos en Oklahoma) \u2013 SoyMigrante.com REVISTA\" \/>\t\t\t\t\t\t\t\t\t\t\t<figcaption class=\"widget-image-caption wp-caption-text\">La comunidad guatemalteca ha participado en el desfile Fiestas de las Am\u00e9ricas desde sus inicios hace 20 a\u00f1os, fortaleciendo as\u00ed la unidad entre las comunidades hispanas en Oklahoma. (Foto Guatemaltecos en Oklahoma)<\/figcaption>\n\t\t\t\t\t\t\t\t\t\t<\/figure>\n\t\t\t\t\t\t\t\t\t<\/div>\n\t\t\t\t\t<\/div>\n\t\t\t\t<\/div>\n\t\t<div data-particle_enable=\"false\" data-particle-mobile-disabled=\"false\" class=\"elementor-element elementor-element-74cb5bc e-flex e-con-boxed e-con e-parent\" data-id=\"74cb5bc\" data-element_type=\"container\" data-e-type=\"container\">\n\t\t\t\t\t<div class=\"e-con-inner\">\n\t\t\t\t<div class=\"elementor-element elementor-element-3c51bb1 elementor-widget elementor-widget-heading\" data-id=\"3c51bb1\" data-element_type=\"widget\" data-e-type=\"widget\" data-widget_type=\"heading.default\">\n\t\t\t\t\t<h3 class=\"elementor-heading-title elementor-size-default\">Trabajo en comunidad<\/h3>\t\t\t\t<\/div>\n\t\t\t\t\t<\/div>\n\t\t\t\t<\/div>\n\t\t<div data-particle_enable=\"false\" data-particle-mobile-disabled=\"false\" class=\"elementor-element elementor-element-fdedae8 e-flex e-con-boxed e-con e-parent\" data-id=\"fdedae8\" data-element_type=\"container\" data-e-type=\"container\">\n\t\t\t\t\t<div class=\"e-con-inner\">\n\t\t\t\t<div class=\"elementor-element elementor-element-04da6e8 elementor-widget elementor-widget-text-editor\" data-id=\"04da6e8\" data-element_type=\"widget\" data-e-type=\"widget\" data-widget_type=\"text-editor.default\">\n\t\t\t\t\t\t\t\t\t<p>Para Hilda de Le\u00f3n Xavier, educadora y directora del colegio Holy Angels, este reconocimiento es motivo de orgullo: \u201cEste logro refleja el trabajo, la pasi\u00f3n y el compromiso de cada miembro de nuestra asociaci\u00f3n. Sigamos trabajando juntos para fortalecer nuestros lazos y mostrar lo mejor de Guatemala en Oklahoma\u201d.<\/p><p>La alegr\u00eda del primer lugar no solo es un premio a la creatividad, sino tambi\u00e9n al esp\u00edritu comunitario que, desde hace 20 a\u00f1os, impulsa a los guatemaltecos en Oklahoma a mantener viva su identidad y a compartirla con la gran familia latinoamericana.<\/p>\t\t\t\t\t\t\t\t<\/div>\n\t\t\t\t\t<\/div>\n\t\t\t\t<\/div>\n\t\t<div data-particle_enable=\"false\" data-particle-mobile-disabled=\"false\" class=\"elementor-element elementor-element-681b1a4 e-flex e-con-boxed e-con e-parent\" data-id=\"681b1a4\" data-element_type=\"container\" data-e-type=\"container\">\n\t\t\t\t\t<div class=\"e-con-inner\">\n\t\t\t\t<div class=\"elementor-element elementor-element-734126c elementor-widget elementor-widget-heading\" data-id=\"734126c\" data-element_type=\"widget\" data-e-type=\"widget\" data-widget_type=\"heading.default\">\n\t\t\t\t\t<h2 class=\"elementor-heading-title elementor-size-default\">Guatemaltecos destacados en Oklahoma<\/h2>\t\t\t\t<\/div>\n\t\t\t\t\t<\/div>\n\t\t\t\t<\/div>\n\t\t<div data-particle_enable=\"false\" data-particle-mobile-disabled=\"false\" class=\"elementor-element elementor-element-fb4d7ae e-flex e-con-boxed e-con e-parent\" data-id=\"fb4d7ae\" data-element_type=\"container\" data-e-type=\"container\">\n\t\t\t\t\t<div class=\"e-con-inner\">\n\t\t\t\t<div class=\"elementor-element elementor-element-d3ffb6d elementor-grid-eael-col-3 elementor-grid-tablet-eael-col-2 elementor-grid-mobile-eael-col-1 elementor-widget elementor-widget-eael-post-grid\" data-id=\"d3ffb6d\" data-element_type=\"widget\" data-e-type=\"widget\" data-settings=\"{&quot;eael_post_grid_columns&quot;:&quot;eael-col-3&quot;,&quot;eael_post_grid_columns_tablet&quot;:&quot;eael-col-2&quot;,&quot;eael_post_grid_columns_mobile&quot;:&quot;eael-col-1&quot;}\" data-widget_type=\"eael-post-grid.default\">\n\t\t\t\t\t<div id=\"eael-post-grid-d3ffb6d\" class=\"eael-post-grid-container\">\n            <div class=\"eael-post-grid eael-post-appender eael-post-appender-d3ffb6d eael-post-grid-style-one\" data-layout-mode=\"masonry\"><article class=\"eael-grid-post  eael-post-grid-column eael-pg-post-2623 category-exitos\" data-id=\"2623\">\n        <div class=\"eael-grid-post-holder\">\n            <div class=\"eael-grid-post-holder-inner\"><div class=\"eael-entry-media\"><div class=\"eael-entry-overlay fade-in\"><i class=\"far fa-hand-pointer\" aria-hidden=\"true\"><\/i><a href=\"https:\/\/soymigrante.com\/revista\/maestra-guatemalteca-orienta-a-migrantes-en-oklahoma-e-e-u-u\/\"><\/a><\/div><div class=\"eael-entry-thumbnail eael-image-ratio\">\n                <img decoding=\"async\" width=\"960\" height=\"953\" src=\"https:\/\/soymigrante.com\/revista\/wp-content\/uploads\/2023\/09\/Saidy-fue-electa-como-senora-Guatemala-en-Oklahoma-cargo-que-obtuvo-por-su-proyeccion-social-con-la-comunidad.webp\" class=\"attachment-large size-large wp-image-2631\" alt=\"Saidy fue electa como se\u00f1ora Guatemala en Oklahoma cargo que obtuvo por su proyecci\u00f3n social con la comunidad\" srcset=\"https:\/\/soymigrante.com\/revista\/wp-content\/uploads\/2023\/09\/Saidy-fue-electa-como-senora-Guatemala-en-Oklahoma-cargo-que-obtuvo-por-su-proyeccion-social-con-la-comunidad.webp 960w, https:\/\/soymigrante.com\/revista\/wp-content\/uploads\/2023\/09\/Saidy-fue-electa-como-senora-Guatemala-en-Oklahoma-cargo-que-obtuvo-por-su-proyeccion-social-con-la-comunidad-300x298.webp 300w, https:\/\/soymigrante.com\/revista\/wp-content\/uploads\/2023\/09\/Saidy-fue-electa-como-senora-Guatemala-en-Oklahoma-cargo-que-obtuvo-por-su-proyeccion-social-con-la-comunidad-150x150.webp 150w, https:\/\/soymigrante.com\/revista\/wp-content\/uploads\/2023\/09\/Saidy-fue-electa-como-senora-Guatemala-en-Oklahoma-cargo-que-obtuvo-por-su-proyeccion-social-con-la-comunidad-768x762.webp 768w, https:\/\/soymigrante.com\/revista\/wp-content\/uploads\/2023\/09\/Saidy-fue-electa-como-senora-Guatemala-en-Oklahoma-cargo-que-obtuvo-por-su-proyeccion-social-con-la-comunidad-75x75.webp 75w, https:\/\/soymigrante.com\/revista\/wp-content\/uploads\/2023\/09\/Saidy-fue-electa-como-senora-Guatemala-en-Oklahoma-cargo-que-obtuvo-por-su-proyeccion-social-con-la-comunidad-750x745.webp 750w\" sizes=\"(max-width: 960px) 100vw, 960px\" \/>\n            <\/div>\n        <\/div><div class=\"eael-entry-wrapper\"><header class=\"eael-entry-header\"><h2 class=\"eael-entry-title\"><a class=\"eael-grid-post-link\" href=\"https:\/\/soymigrante.com\/revista\/maestra-guatemalteca-orienta-a-migrantes-en-oklahoma-e-e-u-u\/\" title=\"Maestra y migrante guatemalteca Saidy Orellana orienta a compatriotas en Oklahoma, E.E.U.U.\">Maestra y migrante guatemalteca Saidy Orellana orienta a compatriotas en Oklahoma, E.E.U.U.<\/a><\/h2><\/header><div class=\"eael-entry-content\">\n                        <div class=\"eael-grid-post-excerpt\"><a href=\"https:\/\/soymigrante.com\/revista\/maestra-guatemalteca-orienta-a-migrantes-en-oklahoma-e-e-u-u\/\" class=\"eael-post-elements-readmore-btn\">CONOCE SU HISTORIA <\/a><\/div>\n                    <\/div><\/div><\/div>\n        <\/div>\n    <\/article><article class=\"eael-grid-post  eael-post-grid-column eael-pg-post-4809 category-exitos\" data-id=\"4809\">\n        <div class=\"eael-grid-post-holder\">\n            <div class=\"eael-grid-post-holder-inner\"><div class=\"eael-entry-media\"><div class=\"eael-entry-overlay fade-in\"><i class=\"far fa-hand-pointer\" aria-hidden=\"true\"><\/i><a href=\"https:\/\/soymigrante.com\/revista\/migrante-mister-oklahoma-donativo-utiles-escolares-guatemala\/\"><\/a><\/div><div class=\"eael-entry-thumbnail eael-image-ratio\">\n                <img loading=\"lazy\" decoding=\"async\" width=\"501\" height=\"455\" src=\"https:\/\/soymigrante.com\/revista\/wp-content\/uploads\/2024\/02\/mr.webp\" class=\"attachment-large size-large wp-image-4815\" alt=\"Migrante Brian de Leon recaud\u00f3 donativos en Oklahoma y los vino a entregar en utiles escolares a Guatemala. Brian de Leon Mister Oklahoma\" srcset=\"https:\/\/soymigrante.com\/revista\/wp-content\/uploads\/2024\/02\/mr.webp 501w, https:\/\/soymigrante.com\/revista\/wp-content\/uploads\/2024\/02\/mr-300x272.webp 300w\" sizes=\"(max-width: 501px) 100vw, 501px\" \/>\n            <\/div>\n        <\/div><div class=\"eael-entry-wrapper\"><header class=\"eael-entry-header\"><h2 class=\"eael-entry-title\"><a class=\"eael-grid-post-link\" href=\"https:\/\/soymigrante.com\/revista\/migrante-mister-oklahoma-donativo-utiles-escolares-guatemala\/\" title=\"M\u00edster Oklahoma Brian de Le\u00f3n entrega donativo migrante en Guatemala\">M\u00edster Oklahoma Brian de Le\u00f3n entrega donativo migrante en Guatemala<\/a><\/h2><\/header><div class=\"eael-entry-content\">\n                        <div class=\"eael-grid-post-excerpt\"><a href=\"https:\/\/soymigrante.com\/revista\/migrante-mister-oklahoma-donativo-utiles-escolares-guatemala\/\" class=\"eael-post-elements-readmore-btn\">CONOCE SU HISTORIA <\/a><\/div>\n                    <\/div><\/div><\/div>\n        <\/div>\n    <\/article><article class=\"eael-grid-post  eael-post-grid-column eael-pg-post-8505 category-estamos-unidos\" data-id=\"8505\">\n        <div class=\"eael-grid-post-holder\">\n            <div class=\"eael-grid-post-holder-inner\"><div class=\"eael-entry-media\"><div class=\"eael-entry-overlay fade-in\"><i class=\"far fa-hand-pointer\" aria-hidden=\"true\"><\/i><a href=\"https:\/\/soymigrante.com\/revista\/migrante-william-velasquez-en-oklahoma-vuelve-a-abrazar-a-su-mama-despues-de-34-anos\/\"><\/a><\/div><div class=\"eael-entry-thumbnail eael-image-ratio\">\n                <img loading=\"lazy\" decoding=\"async\" width=\"485\" height=\"491\" src=\"https:\/\/soymigrante.com\/revista\/wp-content\/uploads\/2024\/08\/Captura-de-pantalla-2024-08-24-142237.webp\" class=\"attachment-large size-large wp-image-8506\" alt=\"Inmigrantes en reencuentro emotivo en aeropuerto.\" srcset=\"https:\/\/soymigrante.com\/revista\/wp-content\/uploads\/2024\/08\/Captura-de-pantalla-2024-08-24-142237.webp 485w, https:\/\/soymigrante.com\/revista\/wp-content\/uploads\/2024\/08\/Captura-de-pantalla-2024-08-24-142237-296x300.webp 296w, https:\/\/soymigrante.com\/revista\/wp-content\/uploads\/2024\/08\/Captura-de-pantalla-2024-08-24-142237-75x75.webp 75w\" sizes=\"(max-width: 485px) 100vw, 485px\" \/>\n            <\/div>\n        <\/div><div class=\"eael-entry-wrapper\"><header class=\"eael-entry-header\"><h2 class=\"eael-entry-title\"><a class=\"eael-grid-post-link\" href=\"https:\/\/soymigrante.com\/revista\/migrante-william-velasquez-en-oklahoma-vuelve-a-abrazar-a-su-mama-despues-de-34-anos\/\" title=\"Migrante William Vel\u00e1squez, en Oklahoma, vuelve a abrazar a su mam\u00e1 despu\u00e9s de 34 a\u00f1os\">Migrante William Vel\u00e1squez, en Oklahoma, vuelve a abrazar a su mam\u00e1 despu\u00e9s de 34 a\u00f1os<\/a><\/h2><\/header><div class=\"eael-entry-content\">\n                        <div class=\"eael-grid-post-excerpt\"><a href=\"https:\/\/soymigrante.com\/revista\/migrante-william-velasquez-en-oklahoma-vuelve-a-abrazar-a-su-mama-despues-de-34-anos\/\" class=\"eael-post-elements-readmore-btn\">CONOCE SU HISTORIA <\/a><\/div>\n                    <\/div><\/div><\/div>\n        <\/div>\n    <\/article><\/div>\n            <div class=\"clearfix\"><\/div>\n        <\/div>\t\t\t\t<\/div>\n\t\t\t\t\t<\/div>\n\t\t\t\t<\/div>\n\t\t\t\t<\/div>\n\t\t","protected":false},"excerpt":{"rendered":"<p>La carroza de la comunidad guatemalteca en Oklahoma gan\u00f3 el premio en la categor\u00eda Grupo Cultural, del desfile Fiesta de Las Am\u00e9ricas efectuado el 27 de septiembre. La uni\u00f3n multicultural fue el mejor y mayor adorno de la carroza de la Asociaci\u00f3n de Guatemaltecos en Oklahoma, que se present\u00f3 en el Desfile Fiesta de Las [&hellip;]<\/p>\n","protected":false},"author":7,"featured_media":46582,"comment_status":"open","ping_status":"open","sticky":false,"template":"","format":"standard","meta":{"_acf_changed":false,"_eb_attr":"","footnotes":""},"categories":[54,280],"tags":[],"class_list":["post-46581","post","type-post","status-publish","format-standard","has-post-thumbnail","hentry","category-estamos-unidos","category-noticias"],"acf":[],"aioseo_notices":[],"aioseo_head":"\n\t\t<!-- All in One SEO Pro 4.9.6.2 - aioseo.com -->\n\t<meta name=\"description\" content=\"William Vel\u00e1squez estaba emocionado y nervioso instantes antes del momento que esper\u00f3 por 34 a\u00f1os: poder abrazar a su mam\u00e1. Mira el emocionante reencuentro.\" \/>\n\t<meta name=\"robots\" content=\"max-snippet:-1, max-image-preview:large, max-video-preview:-1\" \/>\n\t<meta name=\"author\" content=\"Gustavo Montenegro\"\/>\n\t<link rel=\"canonical\" href=\"https:\/\/soymigrante.com\/revista\/migrante-william-velasquez-en-oklahoma-vuelve-a-abrazar-a-su-mama-despues-de-34-anos\/\" \/>\n\t<meta name=\"generator\" content=\"All in One SEO Pro (AIOSEO) 4.9.6.2\" \/>\n\n\t\t<link rel=\"preconnect\" href=\"https:\/\/fonts.googleapis.com\" crossorigin>\n<link rel=\"preconnect\" href=\"https:\/\/fonts.gstatic.com\" crossorigin>\n\t\t<meta property=\"og:locale\" content=\"es_ES\" \/>\n\t\t<meta property=\"og:site_name\" content=\"SoyMigrante.com REVISTA \u2013 Nuestra misi\u00f3n es reconocer y dignificar al migrante.\" \/>\n\t\t<meta property=\"og:type\" content=\"article\" \/>\n\t\t<meta property=\"og:title\" content=\"Migrante abraza a su mam\u00e1 despu\u00e9s de 34 a\u00f1os en Oklahoma\" \/>\n\t\t<meta property=\"og:description\" content=\"William Vel\u00e1squez estaba emocionado y nervioso instantes antes del momento que esper\u00f3 por 34 a\u00f1os: poder abrazar a su mam\u00e1. Mira el emocionante reencuentro.\" \/>\n\t\t<meta property=\"og:url\" content=\"https:\/\/soymigrante.com\/revista\/migrante-william-velasquez-en-oklahoma-vuelve-a-abrazar-a-su-mama-despues-de-34-anos\/\" \/>\n\t\t<meta property=\"og:image\" content=\"https:\/\/soymigrante.com\/revista\/wp-content\/uploads\/2024\/08\/Captura-de-pantalla-2024-08-24-142237.webp\" \/>\n\t\t<meta property=\"og:image:secure_url\" content=\"https:\/\/soymigrante.com\/revista\/wp-content\/uploads\/2024\/08\/Captura-de-pantalla-2024-08-24-142237.webp\" \/>\n\t\t<meta property=\"og:image:width\" content=\"485\" \/>\n\t\t<meta property=\"og:image:height\" content=\"491\" \/>\n\t\t<meta property=\"article:published_time\" content=\"2024-08-29T18:18:16+00:00\" \/>\n\t\t<meta property=\"article:modified_time\" content=\"2024-08-29T18:22:37+00:00\" \/>\n\t\t<meta property=\"article:publisher\" content=\"https:\/\/www.facebook.com\/soymigrantecom\" \/>\n\t\t<meta name=\"twitter:card\" content=\"summary_large_image\" \/>\n\t\t<meta name=\"twitter:site\" content=\"@SoyMigrante_com\" \/>\n\t\t<meta name=\"twitter:title\" content=\"Migrante abraza a su mam\u00e1 despu\u00e9s de 34 a\u00f1os en Oklahoma\" \/>\n\t\t<meta name=\"twitter:description\" content=\"William Vel\u00e1squez estaba emocionado y nervioso instantes antes del momento que esper\u00f3 por 34 a\u00f1os: poder abrazar a su mam\u00e1. Mira el emocionante reencuentro.\" \/>\n\t\t<meta name=\"twitter:creator\" content=\"@SoyMigrante_com\" \/>\n\t\t<meta name=\"twitter:image\" content=\"https:\/\/soymigrante.com\/revista\/wp-content\/uploads\/2024\/08\/Captura-de-pantalla-2024-08-24-142237.webp\" \/>\n\t\t<!-- All in One SEO Pro -->\r\n\t\t<title>Migrante abraza a su mam\u00e1 despu\u00e9s de 34 a\u00f1os en Oklahoma<\/title>\n\n","aioseo_head_json":{"title":"Migrante abraza a su mam\u00e1 despu\u00e9s de 34 a\u00f1os en Oklahoma","description":"William Vel\u00e1squez estaba emocionado y nervioso instantes antes del momento que esper\u00f3 por 34 a\u00f1os: poder abrazar a su mam\u00e1. Mira el emocionante reencuentro.","canonical_url":"https:\/\/soymigrante.com\/revista\/migrante-william-velasquez-en-oklahoma-vuelve-a-abrazar-a-su-mama-despues-de-34-anos\/","robots":"max-snippet:-1, max-image-preview:large, max-video-preview:-1","keywords":"","webmasterTools":{"miscellaneous":"&lt;link rel=\"preconnect\" href=\"https:\/\/fonts.googleapis.com\" crossorigin&gt;\n&lt;link rel=\"preconnect\" href=\"https:\/\/fonts.gstatic.com\" crossorigin&gt;"},"schema":null,"og:locale":"es_ES","og:site_name":"SoyMigrante.com REVISTA \u2013 Nuestra misi\u00f3n es reconocer y dignificar al migrante.","og:type":"article","og:title":"Migrante abraza a su mam\u00e1 despu\u00e9s de 34 a\u00f1os en Oklahoma","og:description":"William Vel\u00e1squez estaba emocionado y nervioso instantes antes del momento que esper\u00f3 por 34 a\u00f1os: poder abrazar a su mam\u00e1. Mira el emocionante reencuentro.","og:url":"https:\/\/soymigrante.com\/revista\/migrante-william-velasquez-en-oklahoma-vuelve-a-abrazar-a-su-mama-despues-de-34-anos\/","og:image":"https:\/\/soymigrante.com\/revista\/wp-content\/uploads\/2024\/08\/Captura-de-pantalla-2024-08-24-142237.webp","og:image:secure_url":"https:\/\/soymigrante.com\/revista\/wp-content\/uploads\/2024\/08\/Captura-de-pantalla-2024-08-24-142237.webp","og:image:width":485,"og:image:height":491,"article:published_time":"2024-08-29T18:18:16+00:00","article:modified_time":"2024-08-29T18:22:37+00:00","article:publisher":"https:\/\/www.facebook.com\/soymigrantecom","twitter:card":"summary_large_image","twitter:site":"@SoyMigrante_com","twitter:title":"Migrante abraza a su mam\u00e1 despu\u00e9s de 34 a\u00f1os en Oklahoma","twitter:description":"William Vel\u00e1squez estaba emocionado y nervioso instantes antes del momento que esper\u00f3 por 34 a\u00f1os: poder abrazar a su mam\u00e1. Mira el emocionante reencuentro.","twitter:creator":"@SoyMigrante_com","twitter:image":"https:\/\/soymigrante.com\/revista\/wp-content\/uploads\/2024\/08\/Captura-de-pantalla-2024-08-24-142237.webp"},"aioseo_meta_data":{"post_id":"46581","title":"#post_title","description":"Unidad y fraternidad mostr\u00f3 la carroza de la comunidad guatemalteca durante el desfile Fiestas de las Am\u00e9ricas, por el Mes de Herencia Hispana.","keywords":null,"keyphrases":{"focus":{"keyphrase":"Oklahoma: Carroza guatemalteca","score":0,"analysis":[]}},"primary_term":null,"canonical_url":null,"og_title":null,"og_description":null,"og_object_type":"default","og_image_type":"default","og_image_url":null,"og_image_width":null,"og_image_height":null,"og_image_custom_url":null,"og_image_custom_fields":null,"og_video":"","og_custom_url":null,"og_article_section":null,"og_article_tags":null,"twitter_use_og":false,"twitter_card":"default","twitter_image_type":"default","twitter_image_url":null,"twitter_image_custom_url":null,"twitter_image_custom_fields":null,"twitter_title":null,"twitter_description":null,"schema":{"blockGraphs":[],"customGraphs":[],"default":{"data":{"Article":[],"Course":[],"Dataset":[],"FAQPage":[],"Movie":[],"Person":[],"Product":[],"ProductReview":[],"Car":[],"Recipe":[],"Service":[],"SoftwareApplication":[],"WebPage":[]},"graphName":"none","isEnabled":true},"graphs":[]},"schema_type":"default","schema_type_options":null,"pillar_content":false,"robots_default":true,"robots_noindex":false,"robots_noarchive":false,"robots_nosnippet":false,"robots_nofollow":false,"robots_noimageindex":false,"robots_noodp":false,"robots_notranslate":false,"robots_max_snippet":"-1","robots_max_videopreview":"-1","robots_max_imagepreview":"large","priority":null,"frequency":"default","local_seo":null,"seo_analyzer_scan_date":"2026-01-26 21:01:44","breadcrumb_settings":null,"limit_modified_date":false,"reviewed_by":"0","open_ai":null,"ai":{"faqs":[],"keyPoints":[],"titles":[],"descriptions":[],"socialPosts":{"email":[],"linkedin":[],"twitter":[],"facebook":[],"instagram":[]}},"created":"2025-10-02 15:48:20","updated":"2026-02-05 06:11:09"},"aioseo_breadcrumb":"<div class=\"aioseo-breadcrumbs\"><span class=\"aioseo-breadcrumb\">\n\t<a href=\"https:\/\/soymigrante.com\/revista\" title=\"Home\">Home<\/a>\n<\/span><span class=\"aioseo-breadcrumb-separator\">\u00bb<\/span><span class=\"aioseo-breadcrumb\">\n\t<a href=\"https:\/\/soymigrante.com\/revista\/category\/estamos-unidos\/\" title=\"Estamos Unidos\">Estamos Unidos<\/a>\n<\/span><span class=\"aioseo-breadcrumb-separator\">\u00bb<\/span><span class=\"aioseo-breadcrumb\">\n\tOklahoma: Carroza guatemalteca recibe premio en desfile hispano\n<\/span><\/div>","aioseo_breadcrumb_json":[{"label":"Home","link":"https:\/\/soymigrante.com\/revista"},{"label":"Estamos Unidos","link":"https:\/\/soymigrante.com\/revista\/category\/estamos-unidos\/"},{"label":"Oklahoma: Carroza guatemalteca recibe premio en desfile hispano","link":"https:\/\/soymigrante.com\/revista\/oklahoma-carroza-guatemalteca-recibe-premio-en-desfile-hispano\/"}],"_links":{"self":[{"href":"https:\/\/soymigrante.com\/revista\/wp-json\/wp\/v2\/posts\/46581","targetHints":{"allow":["GET"]}}],"collection":[{"href":"https:\/\/soymigrante.com\/revista\/wp-json\/wp\/v2\/posts"}],"about":[{"href":"https:\/\/soymigrante.com\/revista\/wp-json\/wp\/v2\/types\/post"}],"author":[{"embeddable":true,"href":"https:\/\/soymigrante.com\/revista\/wp-json\/wp\/v2\/users\/7"}],"replies":[{"embeddable":true,"href":"https:\/\/soymigrante.com\/revista\/wp-json\/wp\/v2\/comments?post=46581"}],"version-history":[{"count":15,"href":"https:\/\/soymigrante.com\/revista\/wp-json\/wp\/v2\/posts\/46581\/revisions"}],"predecessor-version":[{"id":46601,"href":"https:\/\/soymigrante.com\/revista\/wp-json\/wp\/v2\/posts\/46581\/revisions\/46601"}],"wp:featuredmedia":[{"embeddable":true,"href":"https:\/\/soymigrante.com\/revista\/wp-json\/wp\/v2\/media\/46582"}],"wp:attachment":[{"href":"https:\/\/soymigrante.com\/revista\/wp-json\/wp\/v2\/media?parent=46581"}],"wp:term":[{"taxonomy":"category","embeddable":true,"href":"https:\/\/soymigrante.com\/revista\/wp-json\/wp\/v2\/categories?post=46581"},{"taxonomy":"post_tag","embeddable":true,"href":"https:\/\/soymigrante.com\/revista\/wp-json\/wp\/v2\/tags?post=46581"}],"curies":[{"name":"wp","href":"https:\/\/api.w.org\/{rel}","templated":true}]}}