{"id":46528,"date":"2025-10-01T15:20:36","date_gmt":"2025-10-01T21:20:36","guid":{"rendered":"https:\/\/soymigrante.com\/revista\/?p=46528"},"modified":"2025-10-01T15:22:14","modified_gmt":"2025-10-01T21:22:14","slug":"rosa-maria-turcios-de-maquila-a-emprendedora-con-rosas-y-g","status":"publish","type":"post","link":"https:\/\/soymigrante.com\/revista\/rosa-maria-turcios-de-maquila-a-emprendedora-con-rosas-y-g\/","title":{"rendered":"Rosa Mar\u00eda Turcios: De maquila a emprendedora con Rosas y G"},"content":{"rendered":"\t\t<div data-elementor-type=\"wp-post\" data-elementor-id=\"46528\" class=\"elementor elementor-46528\" data-elementor-post-type=\"post\">\n\t\t\t\t<div data-particle_enable=\"false\" data-particle-mobile-disabled=\"false\" class=\"elementor-element elementor-element-03c510b e-flex e-con-boxed e-con e-parent\" data-id=\"03c510b\" data-element_type=\"container\" data-e-type=\"container\">\n\t\t\t\t\t<div class=\"e-con-inner\">\n\t\t\t\t<div class=\"elementor-element elementor-element-a179e4e elementor-widget elementor-widget-text-editor\" data-id=\"a179e4e\" data-element_type=\"widget\" data-e-type=\"widget\" data-widget_type=\"text-editor.default\">\n\t\t\t\t\t\t\t\t\t<p data-start=\"160\" data-end=\"354\"><span class=\"yt-core-attributed-string--link-inherit-color\" dir=\"auto\">\u2728 Conoce a Rosa Mar\u00eda Turcios, fundadora de Rosas y G, un emprendimiento de Acatenango, Chimaltenango que transforma su experiencia y creatividad en carteras y canastas hechas con amor y dedicaci\u00f3n.<\/span><\/p><p data-start=\"160\" data-end=\"354\"><span class=\"yt-core-attributed-string--link-inherit-color\" dir=\"auto\"> Despu\u00e9s de a\u00f1os trabajando en maquilas, Rosa decidi\u00f3 emprender desde casa, apostando por sus ideas, su talento y su pasi\u00f3n por crear. Hoy, a trav\u00e9s de Rosas y G, ofrece productos \u00fanicos que combinan dise\u00f1o, cultura y esfuerzo guatemalteco. <\/span><\/p><p data-start=\"160\" data-end=\"354\"><span class=\"yt-core-attributed-string--link-inherit-color\" dir=\"auto\">\ud83d\udecd\ufe0f Apoya a Rosa Mar\u00eda Turcios, comprando en su tienda oficial en el MERCADO de SoyMigrante.com: <\/span><span class=\"yt-core-attributed-string--link-inherit-color\" dir=\"auto\">\ud83d\udc49 <a href=\"https:\/\/soymigrante.com\/mercado\/marketplace\/rosasyg\">https:\/\/soymigrante.com\/mercado\/marketplace\/rosasyg<\/a><\/span><\/p><p data-start=\"160\" data-end=\"354\"><span class=\"yt-core-attributed-string--link-inherit-color\" dir=\"auto\">\ud83d\udccd Filmado en: Acatenango, Chimaltenango, Guatemala<\/span><\/p>\t\t\t\t\t\t\t\t<\/div>\n\t\t\t\t<div class=\"elementor-element elementor-element-ef60a7f elementor-widget elementor-widget-text-editor\" data-id=\"ef60a7f\" data-element_type=\"widget\" data-e-type=\"widget\" data-widget_type=\"text-editor.default\">\n\t\t\t\t\t\t\t\t\t<p><span style=\"font-family: Roboto, sans-serif; font-size: 22px; font-style: normal; font-variant-ligatures: normal; font-variant-caps: normal; font-weight: 400;\">Lee su historia completa aqu\u00ed: <a href=\"https:\/\/soymigrante.com\/revista\/rosasyg-un-emprendimiento-de-acatenango-que-convierte-la-tradicion-en-arte-con-sus-carteras-y-canastas\/\">https:\/\/soymigrante.com\/revista\/rosasyg-un-emprendimiento-de-acatenango-que-convierte-la-tradicion-en-arte-con-sus-carteras-y-canastas\/<\/a><\/span><\/p>\t\t\t\t\t\t\t\t<\/div>\n\t\t\t\t\t<\/div>\n\t\t\t\t<\/div>\n\t\t\t\t<\/div>\n\t\t","protected":false},"excerpt":{"rendered":"<p>Descubre la historia de Rosa Mar\u00eda Turcios, quien dej\u00f3 la maquila para fundar Rosas y G y crear oportunidades con productos hechos a mano en Guatemala.<\/p>\n","protected":false},"author":1,"featured_media":46532,"comment_status":"closed","ping_status":"open","sticky":false,"template":"","format":"video","meta":{"_acf_changed":false,"_eb_attr":"","footnotes":""},"categories":[58],"tags":[130],"class_list":["post-46528","post","type-post","status-publish","format-video","has-post-thumbnail","hentry","category-guate-nuestra","tag-mercado-emprendedores","post_format-post-format-video"],"acf":[],"aioseo_notices":[],"aioseo_head":"\n\t\t<!-- All in One SEO Pro 4.9.6.2 - aioseo.com -->\n\t<meta name=\"description\" content=\"Descubre la historia de Rosa Mar\u00eda Turcios, quien dej\u00f3 la maquila para fundar Rosas y G y crear oportunidades con productos hechos a mano en Guatemala.\" \/>\n\t<meta name=\"robots\" content=\"max-snippet:-1, max-image-preview:large, max-video-preview:-1\" \/>\n\t<meta name=\"author\" content=\"SoyMigrante.com REVISTA\"\/>\n\t<link rel=\"canonical\" href=\"https:\/\/soymigrante.com\/revista\/rosa-maria-turcios-de-maquila-a-emprendedora-con-rosas-y-g\/\" \/>\n\t<meta name=\"generator\" content=\"All in One SEO Pro (AIOSEO) 4.9.6.2\" \/>\n\n\t\t<link rel=\"preconnect\" href=\"https:\/\/fonts.googleapis.com\" crossorigin>\n<link rel=\"preconnect\" href=\"https:\/\/fonts.gstatic.com\" crossorigin>\n\t\t<meta property=\"og:locale\" content=\"es_ES\" \/>\n\t\t<meta property=\"og:site_name\" content=\"SoyMigrante.com REVISTA \u2013 Nuestra misi\u00f3n es reconocer y dignificar al migrante.\" \/>\n\t\t<meta property=\"og:type\" content=\"article\" \/>\n\t\t<meta property=\"og:title\" content=\"Rosa Mar\u00eda Turcios: De maquila a emprendedora con Rosas y G\" \/>\n\t\t<meta property=\"og:description\" content=\"Descubre la historia de Rosa Mar\u00eda Turcios, quien dej\u00f3 la maquila para fundar Rosas y G y crear oportunidades con productos hechos a mano en Guatemala.\" \/>\n\t\t<meta property=\"og:url\" content=\"https:\/\/soymigrante.com\/revista\/rosa-maria-turcios-de-maquila-a-emprendedora-con-rosas-y-g\/\" \/>\n\t\t<meta property=\"og:image\" content=\"https:\/\/soymigrante.com\/revista\/wp-content\/uploads\/2025\/10\/rosa-maria-turcios-de-maquila-a-emprendedora-con-rosas-y-g.jpg\" \/>\n\t\t<meta property=\"og:image:secure_url\" content=\"https:\/\/soymigrante.com\/revista\/wp-content\/uploads\/2025\/10\/rosa-maria-turcios-de-maquila-a-emprendedora-con-rosas-y-g.jpg\" \/>\n\t\t<meta property=\"og:image:width\" content=\"1280\" \/>\n\t\t<meta property=\"og:image:height\" content=\"720\" \/>\n\t\t<meta property=\"article:published_time\" content=\"2025-10-01T21:20:36+00:00\" \/>\n\t\t<meta property=\"article:modified_time\" content=\"2025-10-01T21:22:14+00:00\" \/>\n\t\t<meta property=\"article:publisher\" content=\"https:\/\/www.facebook.com\/soymigrantecom\" \/>\n\t\t<meta name=\"twitter:card\" content=\"summary_large_image\" \/>\n\t\t<meta name=\"twitter:site\" content=\"@SoyMigrante_com\" \/>\n\t\t<meta name=\"twitter:title\" content=\"Rosa Mar\u00eda Turcios: De maquila a emprendedora con Rosas y G\" \/>\n\t\t<meta name=\"twitter:description\" content=\"Descubre la historia de Rosa Mar\u00eda Turcios, quien dej\u00f3 la maquila para fundar Rosas y G y crear oportunidades con productos hechos a mano en Guatemala.\" \/>\n\t\t<meta name=\"twitter:creator\" content=\"@SoyMigrante_com\" \/>\n\t\t<meta name=\"twitter:image\" content=\"https:\/\/soymigrante.com\/revista\/wp-content\/uploads\/2025\/10\/rosa-maria-turcios-de-maquila-a-emprendedora-con-rosas-y-g.jpg\" \/>\n\t\t<!-- All in One SEO Pro -->\r\n\t\t<title>Rosa Mar\u00eda Turcios: De maquila a emprendedora con Rosas y G<\/title>\n\n","aioseo_head_json":{"title":"Rosa Mar\u00eda Turcios: De maquila a emprendedora con Rosas y G","description":"Descubre la historia de Rosa Mar\u00eda Turcios, quien dej\u00f3 la maquila para fundar Rosas y G y crear oportunidades con productos hechos a mano en Guatemala.","canonical_url":"https:\/\/soymigrante.com\/revista\/rosa-maria-turcios-de-maquila-a-emprendedora-con-rosas-y-g\/","robots":"max-snippet:-1, max-image-preview:large, max-video-preview:-1","keywords":"","webmasterTools":{"miscellaneous":"&lt;link rel=\"preconnect\" href=\"https:\/\/fonts.googleapis.com\" crossorigin&gt;\n&lt;link rel=\"preconnect\" href=\"https:\/\/fonts.gstatic.com\" crossorigin&gt;"},"schema":null,"og:locale":"es_ES","og:site_name":"SoyMigrante.com REVISTA \u2013 Nuestra misi\u00f3n es reconocer y dignificar al migrante.","og:type":"article","og:title":"Rosa Mar\u00eda Turcios: De maquila a emprendedora con Rosas y G","og:description":"Descubre la historia de Rosa Mar\u00eda Turcios, quien dej\u00f3 la maquila para fundar Rosas y G y crear oportunidades con productos hechos a mano en Guatemala.","og:url":"https:\/\/soymigrante.com\/revista\/rosa-maria-turcios-de-maquila-a-emprendedora-con-rosas-y-g\/","og:image":"https:\/\/soymigrante.com\/revista\/wp-content\/uploads\/2025\/10\/rosa-maria-turcios-de-maquila-a-emprendedora-con-rosas-y-g.jpg","og:image:secure_url":"https:\/\/soymigrante.com\/revista\/wp-content\/uploads\/2025\/10\/rosa-maria-turcios-de-maquila-a-emprendedora-con-rosas-y-g.jpg","og:image:width":1280,"og:image:height":720,"article:published_time":"2025-10-01T21:20:36+00:00","article:modified_time":"2025-10-01T21:22:14+00:00","article:publisher":"https:\/\/www.facebook.com\/soymigrantecom","twitter:card":"summary_large_image","twitter:site":"@SoyMigrante_com","twitter:title":"Rosa Mar\u00eda Turcios: De maquila a emprendedora con Rosas y G","twitter:description":"Descubre la historia de Rosa Mar\u00eda Turcios, quien dej\u00f3 la maquila para fundar Rosas y G y crear oportunidades con productos hechos a mano en Guatemala.","twitter:creator":"@SoyMigrante_com","twitter:image":"https:\/\/soymigrante.com\/revista\/wp-content\/uploads\/2025\/10\/rosa-maria-turcios-de-maquila-a-emprendedora-con-rosas-y-g.jpg"},"aioseo_meta_data":{"post_id":"46528","title":null,"description":"Descubre la historia de Rosa Mar\u00eda Turcios, quien dej\u00f3 la maquila para fundar Rosas y G y crear oportunidades con productos hechos a mano en Guatemala.","keywords":null,"keyphrases":{"focus":{"keyphrase":"Rosa Mar\u00eda Turcios","score":100,"analysis":{"keyphraseInTitle":{"score":9,"maxScore":9,"error":0},"keyphraseInDescription":{"score":9,"maxScore":9,"error":0},"keyphraseLength":{"score":9,"maxScore":9,"error":0,"length":4},"keyphraseInURL":{"score":5,"maxScore":5,"error":0},"keyphraseInIntroduction":{"score":9,"maxScore":9,"error":0},"keyphraseInSubHeadings":[],"keyphraseInImageAlt":[],"keywordDensity":{"type":"best","score":9,"maxScore":9,"error":0}}},"additional":[]},"primary_term":null,"canonical_url":null,"og_title":null,"og_description":null,"og_object_type":"default","og_image_type":"default","og_image_url":null,"og_image_width":null,"og_image_height":null,"og_image_custom_url":null,"og_image_custom_fields":null,"og_video":"","og_custom_url":null,"og_article_section":null,"og_article_tags":null,"twitter_use_og":false,"twitter_card":"default","twitter_image_type":"default","twitter_image_url":null,"twitter_image_custom_url":null,"twitter_image_custom_fields":null,"twitter_title":null,"twitter_description":null,"schema":{"blockGraphs":[],"customGraphs":[],"default":{"data":{"Article":[],"Course":[],"Dataset":[],"FAQPage":[],"Movie":[],"Person":[],"Product":[],"ProductReview":[],"Car":[],"Recipe":[],"Service":[],"SoftwareApplication":[],"WebPage":[]},"graphName":"none","isEnabled":true},"graphs":[]},"schema_type":"default","schema_type_options":null,"pillar_content":false,"robots_default":true,"robots_noindex":false,"robots_noarchive":false,"robots_nosnippet":false,"robots_nofollow":false,"robots_noimageindex":false,"robots_noodp":false,"robots_notranslate":false,"robots_max_snippet":"-1","robots_max_videopreview":"-1","robots_max_imagepreview":"large","priority":null,"frequency":"default","local_seo":null,"seo_analyzer_scan_date":"2025-10-09 08:59:59","breadcrumb_settings":null,"limit_modified_date":false,"reviewed_by":"0","open_ai":null,"ai":{"faqs":[],"keyPoints":[],"titles":[],"descriptions":[],"socialPosts":{"email":[],"linkedin":[],"twitter":[],"facebook":[],"instagram":[]}},"created":"2025-10-01 21:10:30","updated":"2026-02-05 05:56:22"},"aioseo_breadcrumb":"<div class=\"aioseo-breadcrumbs\"><span class=\"aioseo-breadcrumb\">\n\t<a href=\"https:\/\/soymigrante.com\/revista\" title=\"Home\">Home<\/a>\n<\/span><span class=\"aioseo-breadcrumb-separator\">\u00bb<\/span><span class=\"aioseo-breadcrumb\">\n\t<a href=\"https:\/\/soymigrante.com\/revista\/category\/guate-nuestra\/\" title=\"Guate Nuestra\">Guate Nuestra<\/a>\n<\/span><span class=\"aioseo-breadcrumb-separator\">\u00bb<\/span><span class=\"aioseo-breadcrumb\">\n\tRosa Mar\u00eda Turcios: De maquila a emprendedora con Rosas y G\n<\/span><\/div>","aioseo_breadcrumb_json":[{"label":"Home","link":"https:\/\/soymigrante.com\/revista"},{"label":"Guate Nuestra","link":"https:\/\/soymigrante.com\/revista\/category\/guate-nuestra\/"},{"label":"Rosa Mar\u00eda Turcios: De maquila a emprendedora con Rosas y G","link":"https:\/\/soymigrante.com\/revista\/rosa-maria-turcios-de-maquila-a-emprendedora-con-rosas-y-g\/"}],"_links":{"self":[{"href":"https:\/\/soymigrante.com\/revista\/wp-json\/wp\/v2\/posts\/46528","targetHints":{"allow":["GET"]}}],"collection":[{"href":"https:\/\/soymigrante.com\/revista\/wp-json\/wp\/v2\/posts"}],"about":[{"href":"https:\/\/soymigrante.com\/revista\/wp-json\/wp\/v2\/types\/post"}],"author":[{"embeddable":true,"href":"https:\/\/soymigrante.com\/revista\/wp-json\/wp\/v2\/users\/1"}],"replies":[{"embeddable":true,"href":"https:\/\/soymigrante.com\/revista\/wp-json\/wp\/v2\/comments?post=46528"}],"version-history":[{"count":8,"href":"https:\/\/soymigrante.com\/revista\/wp-json\/wp\/v2\/posts\/46528\/revisions"}],"predecessor-version":[{"id":46541,"href":"https:\/\/soymigrante.com\/revista\/wp-json\/wp\/v2\/posts\/46528\/revisions\/46541"}],"wp:featuredmedia":[{"embeddable":true,"href":"https:\/\/soymigrante.com\/revista\/wp-json\/wp\/v2\/media\/46532"}],"wp:attachment":[{"href":"https:\/\/soymigrante.com\/revista\/wp-json\/wp\/v2\/media?parent=46528"}],"wp:term":[{"taxonomy":"category","embeddable":true,"href":"https:\/\/soymigrante.com\/revista\/wp-json\/wp\/v2\/categories?post=46528"},{"taxonomy":"post_tag","embeddable":true,"href":"https:\/\/soymigrante.com\/revista\/wp-json\/wp\/v2\/tags?post=46528"}],"curies":[{"name":"wp","href":"https:\/\/api.w.org\/{rel}","templated":true}]}}