{"id":46527,"date":"2025-10-01T15:43:51","date_gmt":"2025-10-01T21:43:51","guid":{"rendered":"https:\/\/soymigrante.com\/revista\/?p=46527"},"modified":"2025-10-01T16:23:18","modified_gmt":"2025-10-01T22:23:18","slug":"dia-del-nino-es-una-jornada-mas-de-viaje-inocente-para-la-ninez-migrante","status":"publish","type":"post","link":"https:\/\/soymigrante.com\/revista\/dia-del-nino-es-una-jornada-mas-de-viaje-inocente-para-la-ninez-migrante\/","title":{"rendered":"D\u00eda del Ni\u00f1o es una jornada m\u00e1s de viaje inocente para la ni\u00f1ez migrante"},"content":{"rendered":"\t\t<div data-elementor-type=\"wp-post\" data-elementor-id=\"46527\" class=\"elementor elementor-46527\" data-elementor-post-type=\"post\">\n\t\t\t\t<div data-particle_enable=\"false\" data-particle-mobile-disabled=\"false\" class=\"elementor-element elementor-element-8b42ee0 e-flex e-con-boxed e-con e-parent\" data-id=\"8b42ee0\" data-element_type=\"container\" data-e-type=\"container\">\n\t\t\t\t\t<div class=\"e-con-inner\">\n\t\t\t\t<div class=\"elementor-element elementor-element-d58c734 elementor-widget elementor-widget-heading\" data-id=\"d58c734\" data-element_type=\"widget\" data-e-type=\"widget\" data-widget_type=\"heading.default\">\n\t\t\t\t\t<h2 class=\"elementor-heading-title elementor-size-default\">En el D\u00eda del Ni\u00f1o es necesario recordar que miles de ni\u00f1os migrantes se encuentran en una ruta incierta porque por su misma inocencia dependen de las decisiones de padres, familiareso a veces de nadie.<\/h2>\t\t\t\t<\/div>\n\t\t\t\t\t<\/div>\n\t\t\t\t<\/div>\n\t\t<div data-particle_enable=\"false\" data-particle-mobile-disabled=\"false\" class=\"elementor-element elementor-element-1046d7a e-flex e-con-boxed e-con e-parent\" data-id=\"1046d7a\" data-element_type=\"container\" data-e-type=\"container\">\n\t\t\t\t\t<div class=\"e-con-inner\">\n\t\t\t\t<div class=\"elementor-element elementor-element-6d49d57 elementor-widget elementor-widget-text-editor\" data-id=\"6d49d57\" data-element_type=\"widget\" data-e-type=\"widget\" data-widget_type=\"text-editor.default\">\n\t\t\t\t\t\t\t\t\t<p>Cada 1.\u00ba de octubre, se conmemora el D\u00eda del Ni\u00f1o recordando que la infancia es una etapa fundamental de la vida humana: un tiempo para jugar, so\u00f1ar, aprender\u2026 para simplemente serr ni\u00f1o o ni\u00f1a, con alegr\u00eda, cari\u00f1o, sonrisas y una adecuada formaci\u00f3n.<\/p>\n<p>Lamentablemente para miles de ni\u00f1as y ni\u00f1os migrantes \u2014solos o acompa\u00f1ados\u2014 <a href=\"https:\/\/www.unicef.org\/guatemala\/migraci%C3%B3n-de-ni%C3%B1as-ni%C3%B1os-y-adolescentes\">cada d\u00eda se ha convertido en un camino por la supervivencia<\/a>. El D\u00eda del Ni\u00f1o los sorprende quiz\u00e1 en una carretera, tal vez en una calle de un pa\u00eds cuyo nombre ni siqueira saben, tal vez en un centro de detenci\u00f3n o en un hogar de acogida mientras se define su deportaci\u00f3n.<\/p>\n<p>Recientemente, una corte de Estados Unidos fren\u00f3 la deportaci\u00f3n de ni\u00f1os guatemaltecos, bajo argumentos humanitarios que valoran precisamente su condici\u00f3n de edad y las perspectivas de futuro que tienen en esa naci\u00f3n.&nbsp; M\u00e1s all\u00e1 de las circunstancias en las cuales arribaron a ese territorio, su bienestar, seguridad y protecci\u00f3n son una prioridad sin fronteras.<\/p>\t\t\t\t\t\t\t\t<\/div>\n\t\t\t\t\t<\/div>\n\t\t\t\t<\/div>\n\t\t<div data-particle_enable=\"false\" data-particle-mobile-disabled=\"false\" class=\"elementor-element elementor-element-7f49fda e-flex e-con-boxed e-con e-parent\" data-id=\"7f49fda\" data-element_type=\"container\" data-e-type=\"container\">\n\t\t\t\t\t<div class=\"e-con-inner\">\n\t\t\t\t<div class=\"elementor-element elementor-element-d317e57 elementor-widget elementor-widget-image\" data-id=\"d317e57\" data-element_type=\"widget\" data-e-type=\"widget\" data-widget_type=\"image.default\">\n\t\t\t\t\t\t\t\t\t\t\t\t<figure class=\"wp-caption\">\n\t\t\t\t\t\t\t\t\t\t<img fetchpriority=\"high\" decoding=\"async\" width=\"1140\" height=\"760\" src=\"https:\/\/soymigrante.com\/revista\/wp-content\/uploads\/2025\/10\/D6pN3rnXsAE6ank-1140x760.jpeg\" class=\"attachment-large size-large wp-image-46542\" alt=\"La gran cantidad de menores detenidos, acompa\u00f1ados o no, demanda protocolos de accion id\u00f3neos para proteger la integridad de la ni\u00f1ez todo el tiempo. Fotogrfia CBP\" srcset=\"https:\/\/soymigrante.com\/revista\/wp-content\/uploads\/2025\/10\/D6pN3rnXsAE6ank-1140x760.jpeg 1140w, https:\/\/soymigrante.com\/revista\/wp-content\/uploads\/2025\/10\/D6pN3rnXsAE6ank-300x200.jpeg 300w, https:\/\/soymigrante.com\/revista\/wp-content\/uploads\/2025\/10\/D6pN3rnXsAE6ank-768x512.jpeg 768w, https:\/\/soymigrante.com\/revista\/wp-content\/uploads\/2025\/10\/D6pN3rnXsAE6ank-1536x1024.jpeg 1536w, https:\/\/soymigrante.com\/revista\/wp-content\/uploads\/2025\/10\/D6pN3rnXsAE6ank-2048x1365.jpeg 2048w, https:\/\/soymigrante.com\/revista\/wp-content\/uploads\/2025\/10\/D6pN3rnXsAE6ank-750x500.jpeg 750w\" sizes=\"(max-width: 1140px) 100vw, 1140px\" title=\"La gran cantidad de menores detenidos, acompa\u00f1ados o no, demanda protocolos de accion id\u00f3neos para proteger la integridad de la ni\u00f1ez todo el tiempo. Fotogrfia CBP \u2013 SoyMigrante.com REVISTA\" \/>\t\t\t\t\t\t\t\t\t\t\t<figcaption class=\"widget-image-caption wp-caption-text\">La gran cantidad de menores detenidos, acompa\u00f1ados o no, demanda protocolos de accion id\u00f3neos para proteger la integridad de la ni\u00f1ez todo el tiempo. Fotogrfia CBP<\/figcaption>\n\t\t\t\t\t\t\t\t\t\t<\/figure>\n\t\t\t\t\t\t\t\t\t<\/div>\n\t\t\t\t\t<\/div>\n\t\t\t\t<\/div>\n\t\t<div data-particle_enable=\"false\" data-particle-mobile-disabled=\"false\" class=\"elementor-element elementor-element-cf09c7e e-flex e-con-boxed e-con e-parent\" data-id=\"cf09c7e\" data-element_type=\"container\" data-e-type=\"container\">\n\t\t\t\t\t<div class=\"e-con-inner\">\n\t\t\t\t<div class=\"elementor-element elementor-element-64558c7 elementor-widget elementor-widget-text-editor\" data-id=\"64558c7\" data-element_type=\"widget\" data-e-type=\"widget\" data-widget_type=\"text-editor.default\">\n\t\t\t\t\t\t\t\t\t<p>\u00a0<\/p><p>Muchos ni\u00f1os emprendieron el viaje solos desde el inicio, ya porque sus padres los mandaron a traer, o bien porque simplemente huyeron de la violencia, la pobreza, las pandillas y otras amenazas. Pero el camino incierto est\u00e1 plagado de grandes riesgos y es all\u00ed donde los Estados, las organizaciones, los gobiernos, las iglesias y tambi\u00e9n los ciudadanos locales pueden tener gestos de aut\u00e9ntica valoraci\u00f3n y solidaridad con esa infancia.<\/p><p>Los vuelos de <a href=\"https:\/\/soymigrante.com\/revista\/cuantos-guatemaltecos-retornados-van-en-2025\/\">retornados<\/a> a Guatemala incluyen en cada embarque a decenas de menores que deben ser reintegrados a sus comunidades de origen,\u00a0 de ser posible a familiares, para que puedan proseguir su vida y quiz\u00e1 resguardar algo de esa inocencia que ya ha conocido el fr\u00edo, la soledad, el miedo, el cansancio, la sed&#8230;\u00a0<\/p><p>Pero aunque no est\u00e9n en su pa\u00eds, los ni\u00f1os y ni\u00f1as merecen contar con la protecci\u00f3n decidida de las autoridades locales, porque la ni\u00f1ez es como una inmensa naci\u00f3n unida por la inocencia como identidad primaria, por la esperanza como pasaporte y por la alegr\u00eda como lenguaje.<\/p><p>Los ni\u00f1os albergados en centros de detenci\u00f3n deben tener garantizado su derecho a la salud, a la alimentaci\u00f3n y tambi\u00e9n a la educaci\u00f3n, para que el desarraigo no se convierta en una marca incurable.\u00a0<\/p><p>Ning\u00fan ni\u00f1o deber\u00eda vivir la penuria de errar por territorio extra\u00f1o, pero lamentablemente las condiciones de rezago social y econ\u00f3mico empujan a sus padres y familias al \u00e9xodo. Y por eso es tan valioso <a href=\"https:\/\/soymigrante.com\/revista\/pablo-mazariegos-psicologo-migrante-guatemalteco\/\">el papel de las personas e instituciones<\/a> que se dedican a mostrarles que en el mundo a\u00fan hay bondad.<\/p><p>Es complicado poder decir simplemente \u00a1Feliz d\u00eda del Ni\u00f1o! a un peque\u00f1o que est\u00e1 solo, o con una sensaci\u00f3n de desprotecci\u00f3nen una naci\u00f3n que no es la suya, en un lugar que quiz\u00e1 ni siquiera habla en su idioma materno.\u00a0 Pero <a href=\"https:\/\/soymigrante.com\/revista\/bondad-migrante-ayuda-a-hogar-de-ninas-en-guatemala-y-aporta-a-festejo-del-dia-del-nino\/\">cada gesto cuenta <\/a>y no hay auxilio peque\u00f1o si este marca la diferencia de una sonrisa de una ni\u00f1a o un ni\u00f1o en este d\u00eda.<\/p>\t\t\t\t\t\t\t\t<\/div>\n\t\t\t\t\t<\/div>\n\t\t\t\t<\/div>\n\t\t<div data-particle_enable=\"false\" data-particle-mobile-disabled=\"false\" class=\"elementor-element elementor-element-88bbd40 e-flex e-con-boxed e-con e-parent\" data-id=\"88bbd40\" data-element_type=\"container\" data-e-type=\"container\">\n\t\t\t\t\t<div class=\"e-con-inner\">\n\t\t\t\t<div class=\"elementor-element elementor-element-1fb215e elementor-widget elementor-widget-html\" data-id=\"1fb215e\" data-element_type=\"widget\" data-e-type=\"widget\" data-widget_type=\"html.default\">\n\t\t\t\t\t<iframe width=\"560\" height=\"415\" src=\"https:\/\/www.youtube.com\/embed\/hRIbkF3HFFg?si=XBzcc4tOt14tgIYK\" title=\"YouTube video player\" frameborder=\"0\" allow=\"accelerometer; autoplay; clipboard-write; encrypted-media; gyroscope; picture-in-picture; web-share\" referrerpolicy=\"strict-origin-when-cross-origin\" allowfullscreen><\/iframe>\t\t\t\t<\/div>\n\t\t\t\t\t<\/div>\n\t\t\t\t<\/div>\n\t\t<div data-particle_enable=\"false\" data-particle-mobile-disabled=\"false\" class=\"elementor-element elementor-element-c96bdce e-flex e-con-boxed e-con e-parent\" data-id=\"c96bdce\" data-element_type=\"container\" data-e-type=\"container\">\n\t\t\t\t\t<div class=\"e-con-inner\">\n\t\t\t\t<div class=\"elementor-element elementor-element-13a7e10 elementor-grid-eael-col-3 elementor-grid-tablet-eael-col-2 elementor-grid-mobile-eael-col-1 elementor-widget elementor-widget-eael-post-grid\" data-id=\"13a7e10\" data-element_type=\"widget\" data-e-type=\"widget\" data-settings=\"{&quot;eael_post_grid_columns&quot;:&quot;eael-col-3&quot;,&quot;eael_post_grid_columns_tablet&quot;:&quot;eael-col-2&quot;,&quot;eael_post_grid_columns_mobile&quot;:&quot;eael-col-1&quot;}\" data-widget_type=\"eael-post-grid.default\">\n\t\t\t\t\t<div id=\"eael-post-grid-13a7e10\" class=\"eael-post-grid-container\">\n            <div class=\"eael-post-grid eael-post-appender eael-post-appender-13a7e10 eael-post-grid-style-one\" data-layout-mode=\"masonry\"><article class=\"eael-grid-post  eael-post-grid-column eael-pg-post-45940 category-bienestar-salud-fisica\" data-id=\"45940\">\n        <div class=\"eael-grid-post-holder\">\n            <div class=\"eael-grid-post-holder-inner\"><div class=\"eael-entry-media\"><div class=\"eael-entry-overlay fade-in\"><i class=\"far fa-hand-pointer\" aria-hidden=\"true\"><\/i><a href=\"https:\/\/soymigrante.com\/revista\/dia-del-nino-recuerdas-esos-juegos-de-tu-infancia-cuando-no-habia-internet-ni-celulares\/\"><\/a><\/div><div class=\"eael-entry-thumbnail eael-image-ratio\">\n                <img decoding=\"async\" width=\"1024\" height=\"682\" src=\"https:\/\/soymigrante.com\/revista\/wp-content\/uploads\/2025\/09\/ninos-jugando-5-1024x682.jpg\" class=\"attachment-large size-large wp-image-45941\" alt=\"La ni\u00f1ez en Guatemala antes de los celulares: juegos que un\u00edan\" \/>\n            <\/div>\n        <\/div><div class=\"eael-entry-wrapper\"><header class=\"eael-entry-header\"><h2 class=\"eael-entry-title\"><a class=\"eael-grid-post-link\" href=\"https:\/\/soymigrante.com\/revista\/dia-del-nino-recuerdas-esos-juegos-de-tu-infancia-cuando-no-habia-internet-ni-celulares\/\" title=\"D\u00eda del Ni\u00f1o: \u00bfRecuerdas esos juegos de tu infancia cuando no hab\u00eda internet ni celulares?\">D\u00eda del Ni\u00f1o: \u00bfRecuerdas esos juegos de tu infancia cuando no hab\u00eda internet ni celulares?<\/a><\/h2><\/header><div class=\"eael-entry-content\">\n                        <div class=\"eael-grid-post-excerpt\"><a href=\"https:\/\/soymigrante.com\/revista\/dia-del-nino-recuerdas-esos-juegos-de-tu-infancia-cuando-no-habia-internet-ni-celulares\/\" class=\"eael-post-elements-readmore-btn\">CONOCE SU HISTORIA <\/a><\/div>\n                    <\/div><\/div><\/div>\n        <\/div>\n    <\/article><article class=\"eael-grid-post  eael-post-grid-column eael-pg-post-46307 category-estamos-unidos\" data-id=\"46307\">\n        <div class=\"eael-grid-post-holder\">\n            <div class=\"eael-grid-post-holder-inner\"><div class=\"eael-entry-media\"><div class=\"eael-entry-overlay fade-in\"><i class=\"far fa-hand-pointer\" aria-hidden=\"true\"><\/i><a href=\"https:\/\/soymigrante.com\/revista\/cuantos-guatemaltecos-retornados-van-en-2025\/\"><\/a><\/div><div class=\"eael-entry-thumbnail eael-image-ratio\">\n                <img decoding=\"async\" width=\"1024\" height=\"683\" src=\"https:\/\/soymigrante.com\/revista\/wp-content\/uploads\/2025\/09\/migracion-1024x683.jpg\" class=\"attachment-large size-large wp-image-46308\" alt=\"M\u00e1s de 26 mil migrantes guatemaltecos retornan en lo que va del a\u00f1o\" srcset=\"https:\/\/soymigrante.com\/revista\/wp-content\/uploads\/2025\/09\/migracion-1024x683.jpg 1024w, https:\/\/soymigrante.com\/revista\/wp-content\/uploads\/2025\/09\/migracion-300x200.jpg 300w, https:\/\/soymigrante.com\/revista\/wp-content\/uploads\/2025\/09\/migracion-768x512.jpg 768w, https:\/\/soymigrante.com\/revista\/wp-content\/uploads\/2025\/09\/migracion-750x500.jpg 750w, https:\/\/soymigrante.com\/revista\/wp-content\/uploads\/2025\/09\/migracion-1140x760.jpg 1140w, https:\/\/soymigrante.com\/revista\/wp-content\/uploads\/2025\/09\/migracion.jpg 1440w\" sizes=\"(max-width: 1024px) 100vw, 1024px\" \/>\n            <\/div>\n        <\/div><div class=\"eael-entry-wrapper\"><header class=\"eael-entry-header\"><h2 class=\"eael-entry-title\"><a class=\"eael-grid-post-link\" href=\"https:\/\/soymigrante.com\/revista\/cuantos-guatemaltecos-retornados-van-en-2025\/\" title=\"\u00bfCu\u00e1ntos guatemaltecos retornados van en 2025?\">\u00bfCu\u00e1ntos guatemaltecos retornados van en 2025?<\/a><\/h2><\/header><div class=\"eael-entry-content\">\n                        <div class=\"eael-grid-post-excerpt\"><a href=\"https:\/\/soymigrante.com\/revista\/cuantos-guatemaltecos-retornados-van-en-2025\/\" class=\"eael-post-elements-readmore-btn\">CONOCE SU HISTORIA <\/a><\/div>\n                    <\/div><\/div><\/div>\n        <\/div>\n    <\/article><article class=\"eael-grid-post  eael-post-grid-column eael-pg-post-2124 category-exitos\" data-id=\"2124\">\n        <div class=\"eael-grid-post-holder\">\n            <div class=\"eael-grid-post-holder-inner\"><div class=\"eael-entry-media\"><div class=\"eael-entry-overlay fade-in\"><i class=\"far fa-hand-pointer\" aria-hidden=\"true\"><\/i><a href=\"https:\/\/soymigrante.com\/revista\/pablo-mazariegos-psicologo-migrante-guatemalteco\/\"><\/a><\/div><div class=\"eael-entry-thumbnail eael-image-ratio\">\n                <img loading=\"lazy\" decoding=\"async\" width=\"1024\" height=\"686\" src=\"https:\/\/soymigrante.com\/revista\/wp-content\/uploads\/2023\/08\/pablo-mazariegos-b-1024x686.webp\" class=\"attachment-large size-large wp-image-2130\" alt=\"Pablo Mazariegos es graduado universitario en terapia familiar y psicolog\u00eda escolar, pero a su vez estas facetas e historias le condujeron a ser creador audiovisual, a trav\u00e9s de documentales propositivos y optimistas dedicados sobre todo a j\u00f3venes.\" srcset=\"https:\/\/soymigrante.com\/revista\/wp-content\/uploads\/2023\/08\/pablo-mazariegos-b-1024x686.webp 1024w, https:\/\/soymigrante.com\/revista\/wp-content\/uploads\/2023\/08\/pablo-mazariegos-b-300x201.webp 300w, https:\/\/soymigrante.com\/revista\/wp-content\/uploads\/2023\/08\/pablo-mazariegos-b-768x514.webp 768w, https:\/\/soymigrante.com\/revista\/wp-content\/uploads\/2023\/08\/pablo-mazariegos-b-1536x1028.webp 1536w, https:\/\/soymigrante.com\/revista\/wp-content\/uploads\/2023\/08\/pablo-mazariegos-b-750x502.webp 750w, https:\/\/soymigrante.com\/revista\/wp-content\/uploads\/2023\/08\/pablo-mazariegos-b-1140x763.webp 1140w, https:\/\/soymigrante.com\/revista\/wp-content\/uploads\/2023\/08\/pablo-mazariegos-b.webp 1920w\" sizes=\"(max-width: 1024px) 100vw, 1024px\" \/>\n            <\/div>\n        <\/div><div class=\"eael-entry-wrapper\"><header class=\"eael-entry-header\"><h2 class=\"eael-entry-title\"><a class=\"eael-grid-post-link\" href=\"https:\/\/soymigrante.com\/revista\/pablo-mazariegos-psicologo-migrante-guatemalteco\/\" title=\"Pablo Mazariegos: Transformando historias migrantes en esperanza\">Pablo Mazariegos: Transformando historias migrantes en esperanza<\/a><\/h2><\/header><div class=\"eael-entry-content\">\n                        <div class=\"eael-grid-post-excerpt\"><a href=\"https:\/\/soymigrante.com\/revista\/pablo-mazariegos-psicologo-migrante-guatemalteco\/\" class=\"eael-post-elements-readmore-btn\">CONOCE SU HISTORIA <\/a><\/div>\n                    <\/div><\/div><\/div>\n        <\/div>\n    <\/article><\/div>\n            <div class=\"clearfix\"><\/div>\n        <\/div>\t\t\t\t<\/div>\n\t\t\t\t\t<\/div>\n\t\t\t\t<\/div>\n\t\t\t\t<\/div>\n\t\t","protected":false},"excerpt":{"rendered":"<p>En el D\u00eda del Ni\u00f1o es necesario recordar que miles de ni\u00f1os migrantes se encuentran en una ruta incierta porque por su misma inocencia dependen de las decisiones de padres, familiareso a veces de nadie. Cada 1.\u00ba de octubre, se conmemora el D\u00eda del Ni\u00f1o recordando que la infancia es una etapa fundamental de la [&hellip;]<\/p>\n","protected":false},"author":7,"featured_media":46533,"comment_status":"open","ping_status":"open","sticky":false,"template":"","format":"standard","meta":{"_acf_changed":false,"_eb_attr":"","footnotes":""},"categories":[126],"tags":[],"class_list":["post-46527","post","type-post","status-publish","format-standard","has-post-thumbnail","hentry","category-editorial"],"acf":[],"aioseo_notices":[],"aioseo_head":"\n\t\t<!-- All in One SEO Pro 4.9.6.2 - aioseo.com -->\n\t<meta name=\"description\" content=\"Pablo Mazariegos, psic\u00f3logo y migrante, dedica su vida a ayudar a j\u00f3venes migrantes en EE.UU. a superar traumas y construir un futuro prometedor\" \/>\n\t<meta name=\"robots\" content=\"max-snippet:-1, max-image-preview:large, max-video-preview:-1\" \/>\n\t<meta name=\"author\" content=\"Gustavo Montenegro\"\/>\n\t<link rel=\"canonical\" href=\"https:\/\/soymigrante.com\/revista\/pablo-mazariegos-psicologo-migrante-guatemalteco\/\" \/>\n\t<meta name=\"generator\" content=\"All in One SEO Pro (AIOSEO) 4.9.6.2\" \/>\n\n\t\t<link rel=\"preconnect\" href=\"https:\/\/fonts.googleapis.com\" crossorigin>\n<link rel=\"preconnect\" href=\"https:\/\/fonts.gstatic.com\" crossorigin>\n\t\t<meta property=\"og:locale\" content=\"es_ES\" \/>\n\t\t<meta property=\"og:site_name\" content=\"SoyMigrante.com REVISTA \u2013 Nuestra misi\u00f3n es reconocer y dignificar al migrante.\" \/>\n\t\t<meta property=\"og:type\" content=\"article\" \/>\n\t\t<meta property=\"og:title\" content=\"Pablo Mazariegos: Transformando historias migrantes en esperanza\" \/>\n\t\t<meta property=\"og:description\" content=\"Pablo Mazariegos, psic\u00f3logo y migrante, dedica su vida a ayudar a j\u00f3venes migrantes en EE.UU. a superar traumas y construir un futuro prometedor\" \/>\n\t\t<meta property=\"og:url\" content=\"https:\/\/soymigrante.com\/revista\/pablo-mazariegos-psicologo-migrante-guatemalteco\/\" \/>\n\t\t<meta property=\"og:image\" content=\"https:\/\/soymigrante.com\/revista\/wp-content\/uploads\/2023\/08\/pablo-mazariegos-b.webp\" \/>\n\t\t<meta property=\"og:image:secure_url\" content=\"https:\/\/soymigrante.com\/revista\/wp-content\/uploads\/2023\/08\/pablo-mazariegos-b.webp\" \/>\n\t\t<meta property=\"og:image:width\" content=\"1920\" \/>\n\t\t<meta property=\"og:image:height\" content=\"1285\" \/>\n\t\t<meta property=\"article:published_time\" content=\"2023-08-07T14:01:17+00:00\" \/>\n\t\t<meta property=\"article:modified_time\" content=\"2024-07-31T04:28:35+00:00\" \/>\n\t\t<meta property=\"article:publisher\" content=\"https:\/\/www.facebook.com\/soymigrantecom\" \/>\n\t\t<meta name=\"twitter:card\" content=\"summary_large_image\" \/>\n\t\t<meta name=\"twitter:site\" content=\"@SoyMigrante_com\" \/>\n\t\t<meta name=\"twitter:title\" content=\"Pablo Mazariegos: Transformando historias migrantes en esperanza\" \/>\n\t\t<meta name=\"twitter:description\" content=\"Pablo Mazariegos, psic\u00f3logo y migrante, dedica su vida a ayudar a j\u00f3venes migrantes en EE.UU. a superar traumas y construir un futuro prometedor\" \/>\n\t\t<meta name=\"twitter:creator\" content=\"@SoyMigrante_com\" \/>\n\t\t<meta name=\"twitter:image\" content=\"https:\/\/soymigrante.com\/revista\/wp-content\/uploads\/2023\/08\/pablo-mazariegos-b.webp\" \/>\n\t\t<!-- All in One SEO Pro -->\r\n\t\t<title>Pablo Mazariegos: Transformando historias migrantes en esperanza<\/title>\n\n","aioseo_head_json":{"title":"Pablo Mazariegos: Transformando historias migrantes en esperanza","description":"Pablo Mazariegos, psic\u00f3logo y migrante, dedica su vida a ayudar a j\u00f3venes migrantes en EE.UU. a superar traumas y construir un futuro prometedor","canonical_url":"https:\/\/soymigrante.com\/revista\/pablo-mazariegos-psicologo-migrante-guatemalteco\/","robots":"max-snippet:-1, max-image-preview:large, max-video-preview:-1","keywords":"","webmasterTools":{"miscellaneous":"&lt;link rel=\"preconnect\" href=\"https:\/\/fonts.googleapis.com\" crossorigin&gt;\n&lt;link rel=\"preconnect\" href=\"https:\/\/fonts.gstatic.com\" crossorigin&gt;"},"schema":null,"og:locale":"es_ES","og:site_name":"SoyMigrante.com REVISTA \u2013 Nuestra misi\u00f3n es reconocer y dignificar al migrante.","og:type":"article","og:title":"Pablo Mazariegos: Transformando historias migrantes en esperanza","og:description":"Pablo Mazariegos, psic\u00f3logo y migrante, dedica su vida a ayudar a j\u00f3venes migrantes en EE.UU. a superar traumas y construir un futuro prometedor","og:url":"https:\/\/soymigrante.com\/revista\/pablo-mazariegos-psicologo-migrante-guatemalteco\/","og:image":"https:\/\/soymigrante.com\/revista\/wp-content\/uploads\/2023\/08\/pablo-mazariegos-b.webp","og:image:secure_url":"https:\/\/soymigrante.com\/revista\/wp-content\/uploads\/2023\/08\/pablo-mazariegos-b.webp","og:image:width":1920,"og:image:height":1285,"article:published_time":"2023-08-07T14:01:17+00:00","article:modified_time":"2024-07-31T04:28:35+00:00","article:publisher":"https:\/\/www.facebook.com\/soymigrantecom","twitter:card":"summary_large_image","twitter:site":"@SoyMigrante_com","twitter:title":"Pablo Mazariegos: Transformando historias migrantes en esperanza","twitter:description":"Pablo Mazariegos, psic\u00f3logo y migrante, dedica su vida a ayudar a j\u00f3venes migrantes en EE.UU. a superar traumas y construir un futuro prometedor","twitter:creator":"@SoyMigrante_com","twitter:image":"https:\/\/soymigrante.com\/revista\/wp-content\/uploads\/2023\/08\/pablo-mazariegos-b.webp"},"aioseo_meta_data":{"post_id":"46527","title":"D\u00eda del Ni\u00f1o es otra jornada de camino para ni\u00f1ez migrante","description":"Es urgente y necesario que Estados y Gobiernos atiendan la vulnerabilidad de la ni\u00f1ez migrante, cuyo futuro se escribe entre fronteras","keywords":null,"keyphrases":{"focus":{"keyphrase":"D\u00eda del Ni\u00f1o","score":0,"analysis":[]}},"primary_term":null,"canonical_url":null,"og_title":null,"og_description":null,"og_object_type":"default","og_image_type":"default","og_image_url":null,"og_image_width":null,"og_image_height":null,"og_image_custom_url":null,"og_image_custom_fields":null,"og_video":"","og_custom_url":null,"og_article_section":null,"og_article_tags":null,"twitter_use_og":false,"twitter_card":"default","twitter_image_type":"default","twitter_image_url":null,"twitter_image_custom_url":null,"twitter_image_custom_fields":null,"twitter_title":null,"twitter_description":null,"schema":{"blockGraphs":[],"customGraphs":[],"default":{"data":{"Article":[],"Course":[],"Dataset":[],"FAQPage":[],"Movie":[],"Person":[],"Product":[],"ProductReview":[],"Car":[],"Recipe":[],"Service":[],"SoftwareApplication":[],"WebPage":[]},"graphName":"none","isEnabled":true},"graphs":[]},"schema_type":"default","schema_type_options":null,"pillar_content":false,"robots_default":true,"robots_noindex":false,"robots_noarchive":false,"robots_nosnippet":false,"robots_nofollow":false,"robots_noimageindex":false,"robots_noodp":false,"robots_notranslate":false,"robots_max_snippet":"-1","robots_max_videopreview":"-1","robots_max_imagepreview":"large","priority":null,"frequency":"default","local_seo":null,"seo_analyzer_scan_date":"2026-01-26 21:01:44","breadcrumb_settings":null,"limit_modified_date":false,"reviewed_by":"0","open_ai":null,"ai":{"faqs":[],"keyPoints":[],"titles":[],"descriptions":[],"socialPosts":{"email":[],"linkedin":[],"twitter":[],"facebook":[],"instagram":[]}},"created":"2025-10-01 20:59:37","updated":"2026-02-05 06:11:08"},"aioseo_breadcrumb":"<div class=\"aioseo-breadcrumbs\"><span class=\"aioseo-breadcrumb\">\n\t<a href=\"https:\/\/soymigrante.com\/revista\" title=\"Home\">Home<\/a>\n<\/span><span class=\"aioseo-breadcrumb-separator\">\u00bb<\/span><span class=\"aioseo-breadcrumb\">\n\t<a href=\"https:\/\/soymigrante.com\/revista\/category\/estamos-unidos\/\" title=\"Estamos Unidos\">Estamos Unidos<\/a>\n<\/span><span class=\"aioseo-breadcrumb-separator\">\u00bb<\/span><span class=\"aioseo-breadcrumb\">\n\t<a href=\"https:\/\/soymigrante.com\/revista\/category\/estamos-unidos\/editorial\/\" title=\"Editorial\">Editorial<\/a>\n<\/span><span class=\"aioseo-breadcrumb-separator\">\u00bb<\/span><span class=\"aioseo-breadcrumb\">\n\tD\u00eda del Ni\u00f1o es una jornada m\u00e1s de viaje inocente para la ni\u00f1ez migrante\n<\/span><\/div>","aioseo_breadcrumb_json":[{"label":"Home","link":"https:\/\/soymigrante.com\/revista"},{"label":"Estamos Unidos","link":"https:\/\/soymigrante.com\/revista\/category\/estamos-unidos\/"},{"label":"Editorial","link":"https:\/\/soymigrante.com\/revista\/category\/estamos-unidos\/editorial\/"},{"label":"D\u00eda del Ni\u00f1o es una jornada m\u00e1s de viaje inocente para la ni\u00f1ez migrante","link":"https:\/\/soymigrante.com\/revista\/dia-del-nino-es-una-jornada-mas-de-viaje-inocente-para-la-ninez-migrante\/"}],"_links":{"self":[{"href":"https:\/\/soymigrante.com\/revista\/wp-json\/wp\/v2\/posts\/46527","targetHints":{"allow":["GET"]}}],"collection":[{"href":"https:\/\/soymigrante.com\/revista\/wp-json\/wp\/v2\/posts"}],"about":[{"href":"https:\/\/soymigrante.com\/revista\/wp-json\/wp\/v2\/types\/post"}],"author":[{"embeddable":true,"href":"https:\/\/soymigrante.com\/revista\/wp-json\/wp\/v2\/users\/7"}],"replies":[{"embeddable":true,"href":"https:\/\/soymigrante.com\/revista\/wp-json\/wp\/v2\/comments?post=46527"}],"version-history":[{"count":7,"href":"https:\/\/soymigrante.com\/revista\/wp-json\/wp\/v2\/posts\/46527\/revisions"}],"predecessor-version":[{"id":46552,"href":"https:\/\/soymigrante.com\/revista\/wp-json\/wp\/v2\/posts\/46527\/revisions\/46552"}],"wp:featuredmedia":[{"embeddable":true,"href":"https:\/\/soymigrante.com\/revista\/wp-json\/wp\/v2\/media\/46533"}],"wp:attachment":[{"href":"https:\/\/soymigrante.com\/revista\/wp-json\/wp\/v2\/media?parent=46527"}],"wp:term":[{"taxonomy":"category","embeddable":true,"href":"https:\/\/soymigrante.com\/revista\/wp-json\/wp\/v2\/categories?post=46527"},{"taxonomy":"post_tag","embeddable":true,"href":"https:\/\/soymigrante.com\/revista\/wp-json\/wp\/v2\/tags?post=46527"}],"curies":[{"name":"wp","href":"https:\/\/api.w.org\/{rel}","templated":true}]}}