{"id":46429,"date":"2025-10-02T04:00:00","date_gmt":"2025-10-02T10:00:00","guid":{"rendered":"https:\/\/soymigrante.com\/revista\/?p=46429"},"modified":"2025-10-02T07:48:45","modified_gmt":"2025-10-02T13:48:45","slug":"la-sal-negra-un-mineral-ancestral-que-puedes-encontrar-en-mercado","status":"publish","type":"post","link":"https:\/\/soymigrante.com\/revista\/la-sal-negra-un-mineral-ancestral-que-puedes-encontrar-en-mercado\/","title":{"rendered":"La sal negra: un mineral ancestral que puedes encontrar en MERCADO"},"content":{"rendered":"\t\t<div data-elementor-type=\"wp-post\" data-elementor-id=\"46429\" class=\"elementor elementor-46429\" data-elementor-post-type=\"post\">\n\t\t\t\t<div data-particle_enable=\"false\" data-particle-mobile-disabled=\"false\" class=\"elementor-element elementor-element-ba8db66 e-flex e-con-boxed e-con e-parent\" data-id=\"ba8db66\" data-element_type=\"container\" data-e-type=\"container\">\n\t\t\t\t\t<div class=\"e-con-inner\">\n\t\t\t\t<div class=\"elementor-element elementor-element-55fb319 elementor-widget elementor-widget-heading\" data-id=\"55fb319\" data-element_type=\"widget\" data-e-type=\"widget\" data-widget_type=\"heading.default\">\n\t\t\t\t\t<h2 class=\"elementor-heading-title elementor-size-default\">La sal negra es un mineral que se consume en los hogares, es un ingrediente ancestral, que se puede encontrar en MERCADO. \n\n<\/h2>\t\t\t\t<\/div>\n\t\t\t\t\t<\/div>\n\t\t\t\t<\/div>\n\t\t<div data-particle_enable=\"false\" data-particle-mobile-disabled=\"false\" class=\"elementor-element elementor-element-5404151 e-flex e-con-boxed e-con e-parent\" data-id=\"5404151\" data-element_type=\"container\" data-e-type=\"container\">\n\t\t\t\t\t<div class=\"e-con-inner\">\n\t\t\t\t<div class=\"elementor-element elementor-element-de74100 elementor-widget elementor-widget-text-editor\" data-id=\"de74100\" data-element_type=\"widget\" data-e-type=\"widget\" data-widget_type=\"text-editor.default\">\n\t\t\t\t\t\t\t\t\t<p>La sal es un ingrediente esencial en la cocina, pero no todas son iguales. En los \u00faltimos a\u00f1os ha ganado popularidad la<a href=\"https:\/\/soymigrante.com\/mercado\/marketplace\/salnegrasmi\" target=\"_blank\" rel=\"noopener\"> sal negra,<\/a> un mineral con propiedades singulares, tanto por su origen como por su sabor y sus supuestos beneficios para la salud.<\/p>\t\t\t\t\t\t\t\t<\/div>\n\t\t\t\t\t<\/div>\n\t\t\t\t<\/div>\n\t\t<div data-particle_enable=\"false\" data-particle-mobile-disabled=\"false\" class=\"elementor-element elementor-element-be6ecd7 e-flex e-con-boxed e-con e-parent\" data-id=\"be6ecd7\" data-element_type=\"container\" data-e-type=\"container\">\n\t\t\t\t\t<div class=\"e-con-inner\">\n\t\t\t\t<div class=\"elementor-element elementor-element-35f234f elementor-widget elementor-widget-heading\" data-id=\"35f234f\" data-element_type=\"widget\" data-e-type=\"widget\" data-widget_type=\"heading.default\">\n\t\t\t\t\t<h3 class=\"elementor-heading-title elementor-size-default\">\u00bfDe d\u00f3nde viene la sal negra?<\/h3>\t\t\t\t<\/div>\n\t\t\t\t\t<\/div>\n\t\t\t\t<\/div>\n\t\t<div data-particle_enable=\"false\" data-particle-mobile-disabled=\"false\" class=\"elementor-element elementor-element-791a0c4 e-flex e-con-boxed e-con e-parent\" data-id=\"791a0c4\" data-element_type=\"container\" data-e-type=\"container\">\n\t\t\t\t\t<div class=\"e-con-inner\">\n\t\t\t\t<div class=\"elementor-element elementor-element-c1ef6b9 elementor-widget elementor-widget-text-editor\" data-id=\"c1ef6b9\" data-element_type=\"widget\" data-e-type=\"widget\" data-widget_type=\"text-editor.default\">\n\t\t\t\t\t\t\t\t\t<p><a href=\"https:\/\/soymigrante.com\/mercado\/marketplace\/salnegrasmi\" target=\"_blank\" rel=\"noopener\">La sal negra, tambi\u00e9n conocida como kala namak en la India o sal volc\u00e1nica en otras regiones<\/a>, se obtiene de dep\u00f3sitos minerales cercanos a zonas volc\u00e1nicas. Su color oscuro y sus tonos gris\u00e1ceos o viol\u00e1ceos provienen de la presencia de hierro y otros compuestos naturales que se forman bajo altas temperaturas y presi\u00f3n en la tierra.<\/p><p>En Guatemala y otros pa\u00edses, esta sal se ha comercializado como un producto gourmet, pues adem\u00e1s de su aspecto ex\u00f3tico, aporta un sabor caracter\u00edstico, ligeramente ahumado y con un toque sulfuroso.<\/p>\t\t\t\t\t\t\t\t<\/div>\n\t\t\t\t\t<\/div>\n\t\t\t\t<\/div>\n\t\t<div data-particle_enable=\"false\" data-particle-mobile-disabled=\"false\" class=\"elementor-element elementor-element-3c98563 e-flex e-con-boxed e-con e-parent\" data-id=\"3c98563\" data-element_type=\"container\" data-e-type=\"container\">\n\t\t\t\t\t<div class=\"e-con-inner\">\n\t\t\t\t<div class=\"elementor-element elementor-element-339a498 elementor-widget elementor-widget-image\" data-id=\"339a498\" data-element_type=\"widget\" data-e-type=\"widget\" data-widget_type=\"image.default\">\n\t\t\t\t\t\t\t\t\t\t\t\t<figure class=\"wp-caption\">\n\t\t\t\t\t\t\t\t\t\t\t<a href=\"https:\/\/soymigrante.com\/mercado\/marketplace\/salnegrasmi\">\n\t\t\t\t\t\t\t<img fetchpriority=\"high\" decoding=\"async\" width=\"1024\" height=\"536\" src=\"https:\/\/soymigrante.com\/revista\/wp-content\/uploads\/2025\/09\/Captura-de-pantalla-2025-09-30-150255-1024x536.png\" class=\"attachment-large size-large wp-image-46436\" alt=\"La sal negra es el ingrediente perfecto para la comida.\" srcset=\"https:\/\/soymigrante.com\/revista\/wp-content\/uploads\/2025\/09\/Captura-de-pantalla-2025-09-30-150255-1024x536.png 1024w, https:\/\/soymigrante.com\/revista\/wp-content\/uploads\/2025\/09\/Captura-de-pantalla-2025-09-30-150255-300x157.png 300w, https:\/\/soymigrante.com\/revista\/wp-content\/uploads\/2025\/09\/Captura-de-pantalla-2025-09-30-150255-768x402.png 768w, https:\/\/soymigrante.com\/revista\/wp-content\/uploads\/2025\/09\/Captura-de-pantalla-2025-09-30-150255-1536x804.png 1536w, https:\/\/soymigrante.com\/revista\/wp-content\/uploads\/2025\/09\/Captura-de-pantalla-2025-09-30-150255-750x393.png 750w, https:\/\/soymigrante.com\/revista\/wp-content\/uploads\/2025\/09\/Captura-de-pantalla-2025-09-30-150255-1140x597.png 1140w, https:\/\/soymigrante.com\/revista\/wp-content\/uploads\/2025\/09\/Captura-de-pantalla-2025-09-30-150255.png 1705w\" sizes=\"(max-width: 1024px) 100vw, 1024px\" title=\"La sal negra es el ingrediente perfecto para la comida. \u2013 SoyMigrante.com REVISTA\" \/>\t\t\t\t\t\t\t\t<\/a>\n\t\t\t\t\t\t\t\t\t\t\t<figcaption class=\"widget-image-caption wp-caption-text\">La sal negra es el ingrediente perfecto para la comida. <\/figcaption>\n\t\t\t\t\t\t\t\t\t\t<\/figure>\n\t\t\t\t\t\t\t\t\t<\/div>\n\t\t\t\t\t<\/div>\n\t\t\t\t<\/div>\n\t\t<div data-particle_enable=\"false\" data-particle-mobile-disabled=\"false\" class=\"elementor-element elementor-element-7cd288a e-flex e-con-boxed e-con e-parent\" data-id=\"7cd288a\" data-element_type=\"container\" data-e-type=\"container\">\n\t\t\t\t\t<div class=\"e-con-inner\">\n\t\t\t\t<div class=\"elementor-element elementor-element-8eef0b8 elementor-widget elementor-widget-heading\" data-id=\"8eef0b8\" data-element_type=\"widget\" data-e-type=\"widget\" data-widget_type=\"heading.default\">\n\t\t\t\t\t<h3 class=\"elementor-heading-title elementor-size-default\">\u00bfC\u00f3mo se explica su existencia?<\/h3>\t\t\t\t<\/div>\n\t\t\t\t\t<\/div>\n\t\t\t\t<\/div>\n\t\t<div data-particle_enable=\"false\" data-particle-mobile-disabled=\"false\" class=\"elementor-element elementor-element-136d758 e-flex e-con-boxed e-con e-parent\" data-id=\"136d758\" data-element_type=\"container\" data-e-type=\"container\">\n\t\t\t\t\t<div class=\"e-con-inner\">\n\t\t\t\t<div class=\"elementor-element elementor-element-0667d18 elementor-widget elementor-widget-text-editor\" data-id=\"0667d18\" data-element_type=\"widget\" data-e-type=\"widget\" data-widget_type=\"text-editor.default\">\n\t\t\t\t\t\t\t\t\t<p>A diferencia de la sal com\u00fan (cloruro de sodio refinado), la sal negra contiene trazas de minerales como hierro, azufre y magnesio. Su tonalidad oscura se explica por la oxidaci\u00f3n natural de estos elementos y por la influencia volc\u00e1nica en las vetas de sal. Por eso se considera un recurso natural \u00fanico, ligado a procesos geol\u00f3gicos de miles de a\u00f1os.<\/p>\t\t\t\t\t\t\t\t<\/div>\n\t\t\t\t\t<\/div>\n\t\t\t\t<\/div>\n\t\t<div data-particle_enable=\"false\" data-particle-mobile-disabled=\"false\" class=\"elementor-element elementor-element-fa09528 e-flex e-con-boxed e-con e-parent\" data-id=\"fa09528\" data-element_type=\"container\" data-e-type=\"container\">\n\t\t\t\t\t<div class=\"e-con-inner\">\n\t\t\t\t<div class=\"elementor-element elementor-element-d765195 elementor-widget elementor-widget-heading\" data-id=\"d765195\" data-element_type=\"widget\" data-e-type=\"widget\" data-widget_type=\"heading.default\">\n\t\t\t\t\t<h3 class=\"elementor-heading-title elementor-size-default\">Ventajas y usos<\/h3>\t\t\t\t<\/div>\n\t\t\t\t\t<\/div>\n\t\t\t\t<\/div>\n\t\t<div data-particle_enable=\"false\" data-particle-mobile-disabled=\"false\" class=\"elementor-element elementor-element-d77f9b7 e-flex e-con-boxed e-con e-parent\" data-id=\"d77f9b7\" data-element_type=\"container\" data-e-type=\"container\">\n\t\t\t\t\t<div class=\"e-con-inner\">\n\t\t\t\t<div class=\"elementor-element elementor-element-26a03b0 elementor-widget elementor-widget-text-editor\" data-id=\"26a03b0\" data-element_type=\"widget\" data-e-type=\"widget\" data-widget_type=\"text-editor.default\">\n\t\t\t\t\t\t\t\t\t<div><a href=\"https:\/\/soymigrante.com\/mercado\/marketplace\/salnegrasmi\" target=\"_blank\" rel=\"noopener\">Aunque no sustituye la sal com\u00fan en todos los platos,<\/a> la sal negra tiene usos especiales:<\/div><div>\u2022Se utiliza en la alta cocina para dar un toque distintivo a ensaladas, carnes, huevos y c\u00f3cteles.<\/div><div>\u2022En la tradici\u00f3n india, se emplea en la medicina ayurv\u00e9dica, pues se cree que ayuda a la digesti\u00f3n y aporta minerales beneficiosos.<\/div><div>\u2022Su sabor umami y ligeramente sulfuroso la convierte en un condimento atractivo para dietas veganas, ya que imita el gusto del huevo en ciertas preparaciones.<\/div><div>\u00a0<\/div><div>Adem\u00e1s, al no estar refinada, conserva minerales que enriquecen su valor nutricional.<\/div>\t\t\t\t\t\t\t\t<\/div>\n\t\t\t\t\t<\/div>\n\t\t\t\t<\/div>\n\t\t<div data-particle_enable=\"false\" data-particle-mobile-disabled=\"false\" class=\"elementor-element elementor-element-890278a e-flex e-con-boxed e-con e-parent\" data-id=\"890278a\" data-element_type=\"container\" data-e-type=\"container\">\n\t\t\t\t\t<div class=\"e-con-inner\">\n\t\t\t\t<div class=\"elementor-element elementor-element-8393968 elementor-widget elementor-widget-heading\" data-id=\"8393968\" data-element_type=\"widget\" data-e-type=\"widget\" data-widget_type=\"heading.default\">\n\t\t\t\t\t<h3 class=\"elementor-heading-title elementor-size-default\">\u00bfCu\u00e1nto puede costar?<\/h3>\t\t\t\t<\/div>\n\t\t\t\t\t<\/div>\n\t\t\t\t<\/div>\n\t\t<div data-particle_enable=\"false\" data-particle-mobile-disabled=\"false\" class=\"elementor-element elementor-element-e73041e e-flex e-con-boxed e-con e-parent\" data-id=\"e73041e\" data-element_type=\"container\" data-e-type=\"container\">\n\t\t\t\t\t<div class=\"e-con-inner\">\n\t\t\t\t<div class=\"elementor-element elementor-element-4df12e7 elementor-widget elementor-widget-text-editor\" data-id=\"4df12e7\" data-element_type=\"widget\" data-e-type=\"widget\" data-widget_type=\"text-editor.default\">\n\t\t\t\t\t\t\t\t\t<p>El precio de la sal negra var\u00eda seg\u00fan la presentaci\u00f3n. En Guatemala, y especialmente en plataformas digitales, puede encontrarse entre Q30 y Q70 por 100 gramos, dependiendo de si se vende en grano, en escamas o molida. En mercados internacionales, su precio puede subir a\u00fan m\u00e1s por considerarse un producto gourmet.<\/p>\t\t\t\t\t\t\t\t<\/div>\n\t\t\t\t\t<\/div>\n\t\t\t\t<\/div>\n\t\t<div data-particle_enable=\"false\" data-particle-mobile-disabled=\"false\" class=\"elementor-element elementor-element-68b9612 e-flex e-con-boxed e-con e-parent\" data-id=\"68b9612\" data-element_type=\"container\" data-e-type=\"container\">\n\t\t\t\t\t<div class=\"e-con-inner\">\n\t\t\t\t<div class=\"elementor-element elementor-element-a585c10 elementor-widget elementor-widget-image\" data-id=\"a585c10\" data-element_type=\"widget\" data-e-type=\"widget\" data-widget_type=\"image.default\">\n\t\t\t\t\t\t\t\t\t\t\t\t<figure class=\"wp-caption\">\n\t\t\t\t\t\t\t\t\t\t\t<a href=\"https:\/\/soymigrante.com\/mercado\/marketplace\/salnegrasmi\">\n\t\t\t\t\t\t\t<img decoding=\"async\" width=\"782\" height=\"563\" src=\"https:\/\/soymigrante.com\/revista\/wp-content\/uploads\/2025\/09\/Captura-de-pantalla-2025-09-30-152119.png\" class=\"attachment-large size-large wp-image-46437\" alt=\"La sal negra es para darle un toque ancestral a la comida.\" srcset=\"https:\/\/soymigrante.com\/revista\/wp-content\/uploads\/2025\/09\/Captura-de-pantalla-2025-09-30-152119.png 782w, https:\/\/soymigrante.com\/revista\/wp-content\/uploads\/2025\/09\/Captura-de-pantalla-2025-09-30-152119-300x216.png 300w, https:\/\/soymigrante.com\/revista\/wp-content\/uploads\/2025\/09\/Captura-de-pantalla-2025-09-30-152119-768x553.png 768w, https:\/\/soymigrante.com\/revista\/wp-content\/uploads\/2025\/09\/Captura-de-pantalla-2025-09-30-152119-120x86.png 120w, https:\/\/soymigrante.com\/revista\/wp-content\/uploads\/2025\/09\/Captura-de-pantalla-2025-09-30-152119-750x540.png 750w\" sizes=\"(max-width: 782px) 100vw, 782px\" title=\"La sal negra es para darle un toque ancestral a la comida. \u2013 SoyMigrante.com REVISTA\" \/>\t\t\t\t\t\t\t\t<\/a>\n\t\t\t\t\t\t\t\t\t\t\t<figcaption class=\"widget-image-caption wp-caption-text\">La sal negra es para darle un toque ancestral a la comida. <\/figcaption>\n\t\t\t\t\t\t\t\t\t\t<\/figure>\n\t\t\t\t\t\t\t\t\t<\/div>\n\t\t\t\t\t<\/div>\n\t\t\t\t<\/div>\n\t\t<div data-particle_enable=\"false\" data-particle-mobile-disabled=\"false\" class=\"elementor-element elementor-element-200da00 e-flex e-con-boxed e-con e-parent\" data-id=\"200da00\" data-element_type=\"container\" data-e-type=\"container\">\n\t\t\t\t\t<div class=\"e-con-inner\">\n\t\t\t\t<div class=\"elementor-element elementor-element-ce8a157 elementor-widget elementor-widget-heading\" data-id=\"ce8a157\" data-element_type=\"widget\" data-e-type=\"widget\" data-widget_type=\"heading.default\">\n\t\t\t\t\t<h3 class=\"elementor-heading-title elementor-size-default\">\u00bfD\u00f3nde conseguirla?<\/h3>\t\t\t\t<\/div>\n\t\t\t\t\t<\/div>\n\t\t\t\t<\/div>\n\t\t<div data-particle_enable=\"false\" data-particle-mobile-disabled=\"false\" class=\"elementor-element elementor-element-f9e7820 e-flex e-con-boxed e-con e-parent\" data-id=\"f9e7820\" data-element_type=\"container\" data-e-type=\"container\">\n\t\t\t\t\t<div class=\"e-con-inner\">\n\t\t\t\t<div class=\"elementor-element elementor-element-6aba93f elementor-widget elementor-widget-text-editor\" data-id=\"6aba93f\" data-element_type=\"widget\" data-e-type=\"widget\" data-widget_type=\"text-editor.default\">\n\t\t\t\t\t\t\t\t\t<p>Gracias a las plataformas de comercio digital, los migrantes guatemaltecos en Estados Unidos pueden acceder a productos nacionales y gourmet con facilidad. <a href=\"https:\/\/soymigrante.com\/mercado\/marketplace\/salnegrasmi\" target=\"_blank\" rel=\"noopener\">En MERCADO de SoyMigrante.com, la tienda virtual para emprendedores y consumidores guatemaltecos,<\/a> la sal negra est\u00e1 disponible en diferentes presentaciones. Desde all\u00ed se puede ordenar y recibir en casa, lo que acerca este producto \u00fanico tanto a quienes buscan experimentar en la cocina como a quienes desean regalar un pedazo de la riqueza natural de Guatemala.<\/p>\t\t\t\t\t\t\t\t<\/div>\n\t\t\t\t\t<\/div>\n\t\t\t\t<\/div>\n\t\t<div data-particle_enable=\"false\" data-particle-mobile-disabled=\"false\" class=\"elementor-element elementor-element-1ffd2b2 e-flex e-con-boxed e-con e-parent\" data-id=\"1ffd2b2\" data-element_type=\"container\" data-e-type=\"container\">\n\t\t\t\t\t<div class=\"e-con-inner\">\n\t\t\t\t<div class=\"elementor-element elementor-element-71cb442 elementor-widget elementor-widget-heading\" data-id=\"71cb442\" data-element_type=\"widget\" data-e-type=\"widget\" data-widget_type=\"heading.default\">\n\t\t\t\t\t<h3 class=\"elementor-heading-title elementor-size-default\">Un producto que une tradici\u00f3n y modernidad<\/h3>\t\t\t\t<\/div>\n\t\t\t\t\t<\/div>\n\t\t\t\t<\/div>\n\t\t<div data-particle_enable=\"false\" data-particle-mobile-disabled=\"false\" class=\"elementor-element elementor-element-d1fbb69 e-flex e-con-boxed e-con e-parent\" data-id=\"d1fbb69\" data-element_type=\"container\" data-e-type=\"container\">\n\t\t\t\t\t<div class=\"e-con-inner\">\n\t\t\t\t<div class=\"elementor-element elementor-element-bb3db67 elementor-widget elementor-widget-text-editor\" data-id=\"bb3db67\" data-element_type=\"widget\" data-e-type=\"widget\" data-widget_type=\"text-editor.default\">\n\t\t\t\t\t\t\t\t\t<p>La sal negra no es solo un condimento, sino tambi\u00e9n una muestra de c\u00f3mo la naturaleza y la cultura pueden encontrarse en la mesa. Ahora, con la facilidad de adquirirla en plataformas como <a href=\"https:\/\/soymigrante.com\/mercado\/marketplace\/salnegrasmi\" target=\"_blank\" rel=\"noopener\">MERCADO de SoyMigrante.com<\/a>, se convierte en un ingrediente accesible que lleva un toque ancestral y gourmet a cualquier cocina.<\/p>\t\t\t\t\t\t\t\t<\/div>\n\t\t\t\t\t<\/div>\n\t\t\t\t<\/div>\n\t\t<div data-particle_enable=\"false\" data-particle-mobile-disabled=\"false\" class=\"elementor-element elementor-element-1f3de97 e-flex e-con-boxed e-con e-parent\" data-id=\"1f3de97\" data-element_type=\"container\" data-e-type=\"container\">\n\t\t\t\t\t<div class=\"e-con-inner\">\n\t\t\t\t<div class=\"elementor-element elementor-element-6cdc877 elementor-widget elementor-widget-heading\" data-id=\"6cdc877\" data-element_type=\"widget\" data-e-type=\"widget\" data-widget_type=\"heading.default\">\n\t\t\t\t\t<h2 class=\"elementor-heading-title elementor-size-default\">Conoce m\u00e1s de otros productos que te pueden servir, ac\u00e1...<\/h2>\t\t\t\t<\/div>\n\t\t\t\t\t<\/div>\n\t\t\t\t<\/div>\n\t\t<div data-particle_enable=\"false\" data-particle-mobile-disabled=\"false\" class=\"elementor-element elementor-element-a65136d e-flex e-con-boxed e-con e-parent\" data-id=\"a65136d\" data-element_type=\"container\" data-e-type=\"container\">\n\t\t\t\t\t<div class=\"e-con-inner\">\n\t\t\t\t<div class=\"elementor-element elementor-element-ea08a12 elementor-grid-eael-col-3 elementor-grid-tablet-eael-col-2 elementor-grid-mobile-eael-col-1 elementor-widget elementor-widget-eael-post-grid\" data-id=\"ea08a12\" data-element_type=\"widget\" data-e-type=\"widget\" data-settings=\"{&quot;eael_post_grid_columns&quot;:&quot;eael-col-3&quot;,&quot;eael_post_grid_columns_tablet&quot;:&quot;eael-col-2&quot;,&quot;eael_post_grid_columns_mobile&quot;:&quot;eael-col-1&quot;}\" data-widget_type=\"eael-post-grid.default\">\n\t\t\t\t\t<div id=\"eael-post-grid-ea08a12\" class=\"eael-post-grid-container\">\n            <div class=\"eael-post-grid eael-post-appender eael-post-appender-ea08a12 eael-post-grid-style-one\" data-layout-mode=\"masonry\"><article class=\"eael-grid-post  eael-post-grid-column eael-pg-post-33668 category-guate-nuestra tags-mercado-emprendedores\" data-id=\"33668\">\n        <div class=\"eael-grid-post-holder\">\n            <div class=\"eael-grid-post-holder-inner\"><div class=\"eael-entry-media\"><div class=\"eael-entry-overlay fade-in\"><i class=\"far fa-hand-pointer\" aria-hidden=\"true\"><\/i><a href=\"https:\/\/soymigrante.com\/revista\/adolfo-figueroa-dio-un-giro-a-su-profesion-de-ingeniero-para-elaborar-las-espumillas-brothaus\/\"><\/a><\/div><div class=\"eael-entry-thumbnail eael-image-ratio\">\n                <img decoding=\"async\" width=\"768\" height=\"1024\" src=\"https:\/\/soymigrante.com\/revista\/wp-content\/uploads\/2025\/05\/Adolfo-Figueroa2-768x1024.jpeg\" class=\"attachment-large size-large wp-image-33669\" alt=\"Recetas tradicionales mexicanas preparadas por migrantes en un ambiente de cocina comunitaria, resaltando la cultura, uni\u00f3n y el trabajo en equipo.\" srcset=\"https:\/\/soymigrante.com\/revista\/wp-content\/uploads\/2025\/05\/Adolfo-Figueroa2-768x1024.jpeg 768w, https:\/\/soymigrante.com\/revista\/wp-content\/uploads\/2025\/05\/Adolfo-Figueroa2-225x300.jpeg 225w, https:\/\/soymigrante.com\/revista\/wp-content\/uploads\/2025\/05\/Adolfo-Figueroa2-750x1000.jpeg 750w, https:\/\/soymigrante.com\/revista\/wp-content\/uploads\/2025\/05\/Adolfo-Figueroa2.webp 960w\" sizes=\"(max-width: 768px) 100vw, 768px\" \/>\n            <\/div>\n        <\/div><div class=\"eael-entry-wrapper\"><header class=\"eael-entry-header\"><h2 class=\"eael-entry-title\"><a class=\"eael-grid-post-link\" href=\"https:\/\/soymigrante.com\/revista\/adolfo-figueroa-dio-un-giro-a-su-profesion-de-ingeniero-para-elaborar-las-espumillas-brothaus\/\" title=\"Adolfo Figueroa dio un giro a su profesi\u00f3n de ingeniero para elaborar las espumillas Brothaus\">Adolfo Figueroa dio un giro a su profesi\u00f3n de ingeniero para elaborar las espumillas Brothaus<\/a><\/h2><\/header><div class=\"eael-entry-content\">\n                        <div class=\"eael-grid-post-excerpt\"><a href=\"https:\/\/soymigrante.com\/revista\/adolfo-figueroa-dio-un-giro-a-su-profesion-de-ingeniero-para-elaborar-las-espumillas-brothaus\/\" class=\"eael-post-elements-readmore-btn\">CONOCE SU HISTORIA <\/a><\/div>\n                    <\/div><\/div><\/div>\n        <\/div>\n    <\/article><article class=\"eael-grid-post  eael-post-grid-column eael-pg-post-39764 category-guate-nuestra tags-mercado-emprendedores\" data-id=\"39764\">\n        <div class=\"eael-grid-post-holder\">\n            <div class=\"eael-grid-post-holder-inner\"><div class=\"eael-entry-media\"><div class=\"eael-entry-overlay fade-in\"><i class=\"far fa-hand-pointer\" aria-hidden=\"true\"><\/i><a href=\"https:\/\/soymigrante.com\/revista\/emprendedora-cristina-contreras-convirtio-sus-cualidades-en-menjurjes-tienda-digital-en-mercado\/\"><\/a><\/div><div class=\"eael-entry-thumbnail eael-image-ratio\">\n                <img loading=\"lazy\" decoding=\"async\" width=\"1024\" height=\"1024\" src=\"https:\/\/soymigrante.com\/revista\/wp-content\/uploads\/2025\/07\/menjurjes-tienda-en-soymigrante.com-mercado-1024x1024.png\" class=\"attachment-large size-large wp-image-39859\" alt=\"Aceite de cilantro y chile de Chilete en botellas grandes con etiquetado de SoyMigrante.com revista, mujer sonriente en fondo de madera mostrando productos tradicionales de la gastronom\u00eda peruana.\" srcset=\"https:\/\/soymigrante.com\/revista\/wp-content\/uploads\/2025\/07\/menjurjes-tienda-en-soymigrante.com-mercado-1024x1024.png 1024w, https:\/\/soymigrante.com\/revista\/wp-content\/uploads\/2025\/07\/menjurjes-tienda-en-soymigrante.com-mercado-300x300.png 300w, https:\/\/soymigrante.com\/revista\/wp-content\/uploads\/2025\/07\/menjurjes-tienda-en-soymigrante.com-mercado-150x150.png 150w, https:\/\/soymigrante.com\/revista\/wp-content\/uploads\/2025\/07\/menjurjes-tienda-en-soymigrante.com-mercado-768x768.png 768w, https:\/\/soymigrante.com\/revista\/wp-content\/uploads\/2025\/07\/menjurjes-tienda-en-soymigrante.com-mercado-75x75.webp 75w, https:\/\/soymigrante.com\/revista\/wp-content\/uploads\/2025\/07\/menjurjes-tienda-en-soymigrante.com-mercado-750x750.webp 750w, https:\/\/soymigrante.com\/revista\/wp-content\/uploads\/2025\/07\/menjurjes-tienda-en-soymigrante.com-mercado.webp 1080w\" sizes=\"(max-width: 1024px) 100vw, 1024px\" \/>\n            <\/div>\n        <\/div><div class=\"eael-entry-wrapper\"><header class=\"eael-entry-header\"><h2 class=\"eael-entry-title\"><a class=\"eael-grid-post-link\" href=\"https:\/\/soymigrante.com\/revista\/emprendedora-cristina-contreras-convirtio-sus-cualidades-en-menjurjes-tienda-digital-en-mercado\/\" title=\"Emprendedora Cristina Contreras convirti\u00f3 sus cualidades en Menjurjes, aceites saborizados a la venta en MERCADO\">Emprendedora Cristina Contreras convirti\u00f3 sus cualidades en Menjurjes, aceites saborizados a la venta en MERCADO<\/a><\/h2><\/header><div class=\"eael-entry-content\">\n                        <div class=\"eael-grid-post-excerpt\"><a href=\"https:\/\/soymigrante.com\/revista\/emprendedora-cristina-contreras-convirtio-sus-cualidades-en-menjurjes-tienda-digital-en-mercado\/\" class=\"eael-post-elements-readmore-btn\">CONOCE SU HISTORIA <\/a><\/div>\n                    <\/div><\/div><\/div>\n        <\/div>\n    <\/article><article class=\"eael-grid-post  eael-post-grid-column eael-pg-post-32077 category-guate-nuestra tags-mercado-emprendedores\" data-id=\"32077\">\n        <div class=\"eael-grid-post-holder\">\n            <div class=\"eael-grid-post-holder-inner\"><div class=\"eael-entry-media\"><div class=\"eael-entry-overlay fade-in\"><i class=\"far fa-hand-pointer\" aria-hidden=\"true\"><\/i><a href=\"https:\/\/soymigrante.com\/revista\/teddy-y-la-fabrica-de-chocolate-artesanal-vive-cacao-de-coban-esta-en-mercado\/\"><\/a><\/div><div class=\"eael-entry-thumbnail eael-image-ratio\">\n                <img loading=\"lazy\" decoding=\"async\" width=\"1024\" height=\"1024\" src=\"https:\/\/soymigrante.com\/revista\/wp-content\/uploads\/2025\/04\/cocoa-powder-and-beans-2024-12-21-02-58-00-utc-1024x1024.jpg\" class=\"attachment-large size-large wp-image-32078\" alt=\"Nueces de cacao y polvo de cacao en un saco de yute con menta, canela y an\u00eds estrellado, ingredientes esenciales en la cultura y gastronom\u00eda del cacao.\" srcset=\"https:\/\/soymigrante.com\/revista\/wp-content\/uploads\/2025\/04\/cocoa-powder-and-beans-2024-12-21-02-58-00-utc-1024x1024.jpg 1024w, https:\/\/soymigrante.com\/revista\/wp-content\/uploads\/2025\/04\/cocoa-powder-and-beans-2024-12-21-02-58-00-utc-300x300.jpg 300w, https:\/\/soymigrante.com\/revista\/wp-content\/uploads\/2025\/04\/cocoa-powder-and-beans-2024-12-21-02-58-00-utc-150x150.jpg 150w, https:\/\/soymigrante.com\/revista\/wp-content\/uploads\/2025\/04\/cocoa-powder-and-beans-2024-12-21-02-58-00-utc-768x768.jpg 768w, https:\/\/soymigrante.com\/revista\/wp-content\/uploads\/2025\/04\/cocoa-powder-and-beans-2024-12-21-02-58-00-utc-1536x1536.jpg 1536w, https:\/\/soymigrante.com\/revista\/wp-content\/uploads\/2025\/04\/cocoa-powder-and-beans-2024-12-21-02-58-00-utc-2048x2048.jpg 2048w, https:\/\/soymigrante.com\/revista\/wp-content\/uploads\/2025\/04\/cocoa-powder-and-beans-2024-12-21-02-58-00-utc-75x75.webp 75w, https:\/\/soymigrante.com\/revista\/wp-content\/uploads\/2025\/04\/cocoa-powder-and-beans-2024-12-21-02-58-00-utc-750x750.webp 750w, https:\/\/soymigrante.com\/revista\/wp-content\/uploads\/2025\/04\/cocoa-powder-and-beans-2024-12-21-02-58-00-utc-1140x1140.webp 1140w, https:\/\/soymigrante.com\/revista\/wp-content\/uploads\/2025\/04\/cocoa-powder-and-beans-2024-12-21-02-58-00-utc-scaled.webp 1920w\" sizes=\"(max-width: 1024px) 100vw, 1024px\" \/>\n            <\/div>\n        <\/div><div class=\"eael-entry-wrapper\"><header class=\"eael-entry-header\"><h2 class=\"eael-entry-title\"><a class=\"eael-grid-post-link\" href=\"https:\/\/soymigrante.com\/revista\/teddy-y-la-fabrica-de-chocolate-artesanal-vive-cacao-de-coban-esta-en-mercado\/\" title=\"Teddy y la f\u00e1brica de chocolate artesanal Vive Cacao, de Cob\u00e1n est\u00e1 en MERCADO\">Teddy y la f\u00e1brica de chocolate artesanal Vive Cacao, de Cob\u00e1n est\u00e1 en MERCADO<\/a><\/h2><\/header><div class=\"eael-entry-content\">\n                        <div class=\"eael-grid-post-excerpt\"><a href=\"https:\/\/soymigrante.com\/revista\/teddy-y-la-fabrica-de-chocolate-artesanal-vive-cacao-de-coban-esta-en-mercado\/\" class=\"eael-post-elements-readmore-btn\">CONOCE SU HISTORIA <\/a><\/div>\n                    <\/div><\/div><\/div>\n        <\/div>\n    <\/article><\/div>\n            <div class=\"clearfix\"><\/div>\n        <\/div>\t\t\t\t<\/div>\n\t\t\t\t\t<\/div>\n\t\t\t\t<\/div>\n\t\t\t\t<\/div>\n\t\t","protected":false},"excerpt":{"rendered":"<p>La sal negra es un mineral que se consume en los hogares, es un ingrediente ancestral, que se puede encontrar en MERCADO. La sal es un ingrediente esencial en la cocina, pero no todas son iguales. En los \u00faltimos a\u00f1os ha ganado popularidad la sal negra, un mineral con propiedades singulares, tanto por su origen [&hellip;]<\/p>\n","protected":false},"author":19,"featured_media":46430,"comment_status":"open","ping_status":"open","sticky":false,"template":"","format":"standard","meta":{"_acf_changed":false,"_eb_attr":"","footnotes":""},"categories":[58],"tags":[],"class_list":["post-46429","post","type-post","status-publish","format-standard","has-post-thumbnail","hentry","category-guate-nuestra"],"acf":[],"aioseo_notices":[],"aioseo_head":"\n\t\t<!-- All in One SEO Pro 4.9.6.2 - aioseo.com -->\n\t<meta name=\"description\" content=\"Tras a\u00f1os exportando cacao al extranjero desde Cob\u00e1n, Teddy Ruiz decidi\u00f3 procesarlo para convertirlo en chocolate y cocoa de alta calidad. Ahora est\u00e1 en MERCADO.\" \/>\n\t<meta name=\"robots\" content=\"max-snippet:-1, max-image-preview:large, max-video-preview:-1\" \/>\n\t<meta name=\"author\" content=\"Gustavo Montenegro\"\/>\n\t<link rel=\"canonical\" href=\"https:\/\/soymigrante.com\/revista\/teddy-y-la-fabrica-de-chocolate-artesanal-vive-cacao-de-coban-esta-en-mercado\/\" \/>\n\t<meta name=\"generator\" content=\"All in One SEO Pro (AIOSEO) 4.9.6.2\" \/>\n\n\t\t<link rel=\"preconnect\" href=\"https:\/\/fonts.googleapis.com\" crossorigin>\n<link rel=\"preconnect\" href=\"https:\/\/fonts.gstatic.com\" crossorigin>\n\t\t<meta property=\"og:locale\" content=\"es_ES\" \/>\n\t\t<meta property=\"og:site_name\" content=\"SoyMigrante.com REVISTA \u2013 Nuestra misi\u00f3n es reconocer y dignificar al migrante.\" \/>\n\t\t<meta property=\"og:type\" content=\"article\" \/>\n\t\t<meta property=\"og:title\" content=\"Teddy y la f\u00e1brica de chocolate artesanal Vive Cacao Cob\u00e1n\" \/>\n\t\t<meta property=\"og:description\" content=\"Tras a\u00f1os exportando cacao al extranjero desde Cob\u00e1n, Teddy Ruiz decidi\u00f3 procesarlo para convertirlo en chocolate y cocoa de alta calidad. Ahora est\u00e1 en MERCADO.\" \/>\n\t\t<meta property=\"og:url\" content=\"https:\/\/soymigrante.com\/revista\/teddy-y-la-fabrica-de-chocolate-artesanal-vive-cacao-de-coban-esta-en-mercado\/\" \/>\n\t\t<meta property=\"og:image\" content=\"https:\/\/soymigrante.com\/revista\/wp-content\/uploads\/2025\/04\/cocoa-powder-and-beans-2024-12-21-02-58-00-utc-scaled.webp\" \/>\n\t\t<meta property=\"og:image:secure_url\" content=\"https:\/\/soymigrante.com\/revista\/wp-content\/uploads\/2025\/04\/cocoa-powder-and-beans-2024-12-21-02-58-00-utc-scaled.webp\" \/>\n\t\t<meta property=\"og:image:width\" content=\"1920\" \/>\n\t\t<meta property=\"og:image:height\" content=\"1920\" \/>\n\t\t<meta property=\"article:published_time\" content=\"2025-04-29T17:04:11+00:00\" \/>\n\t\t<meta property=\"article:modified_time\" content=\"2025-04-30T20:42:22+00:00\" \/>\n\t\t<meta property=\"article:publisher\" content=\"https:\/\/www.facebook.com\/soymigrantecom\" \/>\n\t\t<meta name=\"twitter:card\" content=\"summary_large_image\" \/>\n\t\t<meta name=\"twitter:site\" content=\"@SoyMigrante_com\" \/>\n\t\t<meta name=\"twitter:title\" content=\"Teddy y la f\u00e1brica de chocolate artesanal Vive Cacao Cob\u00e1n\" \/>\n\t\t<meta name=\"twitter:description\" content=\"Tras a\u00f1os exportando cacao al extranjero desde Cob\u00e1n, Teddy Ruiz decidi\u00f3 procesarlo para convertirlo en chocolate y cocoa de alta calidad. Ahora est\u00e1 en MERCADO.\" \/>\n\t\t<meta name=\"twitter:creator\" content=\"@SoyMigrante_com\" \/>\n\t\t<meta name=\"twitter:image\" content=\"https:\/\/soymigrante.com\/revista\/wp-content\/uploads\/2025\/04\/cocoa-powder-and-beans-2024-12-21-02-58-00-utc-scaled.webp\" \/>\n\t\t<!-- All in One SEO Pro -->\r\n\t\t<title>Teddy y la f\u00e1brica de chocolate artesanal Vive Cacao Cob\u00e1n<\/title>\n\n","aioseo_head_json":{"title":"Teddy y la f\u00e1brica de chocolate artesanal Vive Cacao Cob\u00e1n","description":"Tras a\u00f1os exportando cacao al extranjero desde Cob\u00e1n, Teddy Ruiz decidi\u00f3 procesarlo para convertirlo en chocolate y cocoa de alta calidad. Ahora est\u00e1 en MERCADO.","canonical_url":"https:\/\/soymigrante.com\/revista\/teddy-y-la-fabrica-de-chocolate-artesanal-vive-cacao-de-coban-esta-en-mercado\/","robots":"max-snippet:-1, max-image-preview:large, max-video-preview:-1","keywords":"","webmasterTools":{"miscellaneous":"&lt;link rel=\"preconnect\" href=\"https:\/\/fonts.googleapis.com\" crossorigin&gt;\n&lt;link rel=\"preconnect\" href=\"https:\/\/fonts.gstatic.com\" crossorigin&gt;"},"schema":null,"og:locale":"es_ES","og:site_name":"SoyMigrante.com REVISTA \u2013 Nuestra misi\u00f3n es reconocer y dignificar al migrante.","og:type":"article","og:title":"Teddy y la f\u00e1brica de chocolate artesanal Vive Cacao Cob\u00e1n","og:description":"Tras a\u00f1os exportando cacao al extranjero desde Cob\u00e1n, Teddy Ruiz decidi\u00f3 procesarlo para convertirlo en chocolate y cocoa de alta calidad. Ahora est\u00e1 en MERCADO.","og:url":"https:\/\/soymigrante.com\/revista\/teddy-y-la-fabrica-de-chocolate-artesanal-vive-cacao-de-coban-esta-en-mercado\/","og:image":"https:\/\/soymigrante.com\/revista\/wp-content\/uploads\/2025\/04\/cocoa-powder-and-beans-2024-12-21-02-58-00-utc-scaled.webp","og:image:secure_url":"https:\/\/soymigrante.com\/revista\/wp-content\/uploads\/2025\/04\/cocoa-powder-and-beans-2024-12-21-02-58-00-utc-scaled.webp","og:image:width":1920,"og:image:height":1920,"article:published_time":"2025-04-29T17:04:11+00:00","article:modified_time":"2025-04-30T20:42:22+00:00","article:publisher":"https:\/\/www.facebook.com\/soymigrantecom","twitter:card":"summary_large_image","twitter:site":"@SoyMigrante_com","twitter:title":"Teddy y la f\u00e1brica de chocolate artesanal Vive Cacao Cob\u00e1n","twitter:description":"Tras a\u00f1os exportando cacao al extranjero desde Cob\u00e1n, Teddy Ruiz decidi\u00f3 procesarlo para convertirlo en chocolate y cocoa de alta calidad. Ahora est\u00e1 en MERCADO.","twitter:creator":"@SoyMigrante_com","twitter:image":"https:\/\/soymigrante.com\/revista\/wp-content\/uploads\/2025\/04\/cocoa-powder-and-beans-2024-12-21-02-58-00-utc-scaled.webp"},"aioseo_meta_data":{"post_id":"46429","title":null,"description":"La sal negra es un mineral extra\u00eddo de manera artesanal en San Mateo Ixtat\u00e1n, Huehuetenango. Pero puede llegar hasta tu cocina a trav\u00e9s de MERCADO.","keywords":null,"keyphrases":{"focus":{"keyphrase":"sal negra","score":91,"analysis":{"keyphraseInTitle":{"score":9,"maxScore":9,"error":0},"keyphraseInDescription":{"score":9,"maxScore":9,"error":0},"keyphraseLength":{"score":9,"maxScore":9,"error":0,"length":2},"keyphraseInURL":{"score":5,"maxScore":5,"error":0},"keyphraseInIntroduction":{"score":9,"maxScore":9,"error":0},"keyphraseInSubHeadings":{"score":3,"maxScore":9,"error":1},"keyphraseInImageAlt":{"score":9,"maxScore":9,"error":0},"keywordDensity":{"type":"best","score":9,"maxScore":9,"error":0}}},"additional":[{"keyphrase":"ancestral","score":53,"analysis":{"keyphraseInDescription":{"score":3,"maxScore":9,"error":1},"keyphraseLength":{"score":9,"maxScore":9,"error":0,"length":1},"keyphraseInIntroduction":{"score":3,"maxScore":9,"error":1},"keyphraseInImageAlt":{"score":9,"maxScore":9,"error":0},"keywordDensity":{"score":0,"type":"low","maxScore":9,"error":1}}},{"keyphrase":"ingrediente","score":87,"analysis":{"keyphraseInDescription":{"score":3,"maxScore":9,"error":1},"keyphraseLength":{"score":9,"maxScore":9,"error":0,"length":1},"keyphraseInIntroduction":{"score":9,"maxScore":9,"error":0},"keyphraseInImageAlt":{"score":9,"maxScore":9,"error":0},"keywordDensity":{"type":"best","score":9,"maxScore":9,"error":0}}},{"keyphrase":"Mercado","score":73,"analysis":{"keyphraseInDescription":{"score":9,"maxScore":9,"error":0},"keyphraseLength":{"score":9,"maxScore":9,"error":0,"length":1},"keyphraseInIntroduction":{"score":3,"maxScore":9,"error":1},"keyphraseInImageAlt":{"score":3,"maxScore":9,"error":1},"keywordDensity":{"type":"best","score":9,"maxScore":9,"error":0}}}]},"primary_term":null,"canonical_url":null,"og_title":null,"og_description":null,"og_object_type":"default","og_image_type":"default","og_image_url":null,"og_image_width":null,"og_image_height":null,"og_image_custom_url":null,"og_image_custom_fields":null,"og_video":"","og_custom_url":null,"og_article_section":null,"og_article_tags":null,"twitter_use_og":false,"twitter_card":"default","twitter_image_type":"default","twitter_image_url":null,"twitter_image_custom_url":null,"twitter_image_custom_fields":null,"twitter_title":null,"twitter_description":null,"schema":{"blockGraphs":[],"customGraphs":[],"default":{"data":{"Article":[],"Course":[],"Dataset":[],"FAQPage":[],"Movie":[],"Person":[],"Product":[],"ProductReview":[],"Car":[],"Recipe":[],"Service":[],"SoftwareApplication":[],"WebPage":[]},"graphName":"none","isEnabled":true},"graphs":[]},"schema_type":"default","schema_type_options":null,"pillar_content":false,"robots_default":true,"robots_noindex":false,"robots_noarchive":false,"robots_nosnippet":false,"robots_nofollow":false,"robots_noimageindex":false,"robots_noodp":false,"robots_notranslate":false,"robots_max_snippet":"-1","robots_max_videopreview":"-1","robots_max_imagepreview":"large","priority":null,"frequency":"default","local_seo":null,"seo_analyzer_scan_date":"2025-10-09 09:01:20","breadcrumb_settings":null,"limit_modified_date":false,"reviewed_by":"0","open_ai":null,"ai":{"faqs":[],"keyPoints":[],"titles":[],"descriptions":[],"socialPosts":{"email":[],"linkedin":[],"twitter":[],"facebook":[],"instagram":[]}},"created":"2025-09-30 21:03:43","updated":"2026-02-05 06:11:09"},"aioseo_breadcrumb":"<div class=\"aioseo-breadcrumbs\"><span class=\"aioseo-breadcrumb\">\n\t<a href=\"https:\/\/soymigrante.com\/revista\" title=\"Home\">Home<\/a>\n<\/span><span class=\"aioseo-breadcrumb-separator\">\u00bb<\/span><span class=\"aioseo-breadcrumb\">\n\t<a href=\"https:\/\/soymigrante.com\/revista\/category\/guate-nuestra\/\" title=\"Guate Nuestra\">Guate Nuestra<\/a>\n<\/span><span class=\"aioseo-breadcrumb-separator\">\u00bb<\/span><span class=\"aioseo-breadcrumb\">\n\tLa sal negra: un mineral ancestral que puedes encontrar en MERCADO\n<\/span><\/div>","aioseo_breadcrumb_json":[{"label":"Home","link":"https:\/\/soymigrante.com\/revista"},{"label":"Guate Nuestra","link":"https:\/\/soymigrante.com\/revista\/category\/guate-nuestra\/"},{"label":"La sal negra: un mineral ancestral que puedes encontrar en MERCADO","link":"https:\/\/soymigrante.com\/revista\/la-sal-negra-un-mineral-ancestral-que-puedes-encontrar-en-mercado\/"}],"_links":{"self":[{"href":"https:\/\/soymigrante.com\/revista\/wp-json\/wp\/v2\/posts\/46429","targetHints":{"allow":["GET"]}}],"collection":[{"href":"https:\/\/soymigrante.com\/revista\/wp-json\/wp\/v2\/posts"}],"about":[{"href":"https:\/\/soymigrante.com\/revista\/wp-json\/wp\/v2\/types\/post"}],"author":[{"embeddable":true,"href":"https:\/\/soymigrante.com\/revista\/wp-json\/wp\/v2\/users\/19"}],"replies":[{"embeddable":true,"href":"https:\/\/soymigrante.com\/revista\/wp-json\/wp\/v2\/comments?post=46429"}],"version-history":[{"count":18,"href":"https:\/\/soymigrante.com\/revista\/wp-json\/wp\/v2\/posts\/46429\/revisions"}],"predecessor-version":[{"id":46577,"href":"https:\/\/soymigrante.com\/revista\/wp-json\/wp\/v2\/posts\/46429\/revisions\/46577"}],"wp:featuredmedia":[{"embeddable":true,"href":"https:\/\/soymigrante.com\/revista\/wp-json\/wp\/v2\/media\/46430"}],"wp:attachment":[{"href":"https:\/\/soymigrante.com\/revista\/wp-json\/wp\/v2\/media?parent=46429"}],"wp:term":[{"taxonomy":"category","embeddable":true,"href":"https:\/\/soymigrante.com\/revista\/wp-json\/wp\/v2\/categories?post=46429"},{"taxonomy":"post_tag","embeddable":true,"href":"https:\/\/soymigrante.com\/revista\/wp-json\/wp\/v2\/tags?post=46429"}],"curies":[{"name":"wp","href":"https:\/\/api.w.org\/{rel}","templated":true}]}}