{"id":46418,"date":"2025-10-01T07:00:00","date_gmt":"2025-10-01T13:00:00","guid":{"rendered":"https:\/\/soymigrante.com\/revista\/?p=46418"},"modified":"2025-10-01T13:37:36","modified_gmt":"2025-10-01T19:37:36","slug":"festival-de-las-flores-2025-volvera-a-iluminar-a-antigua-guatemala","status":"publish","type":"post","link":"https:\/\/soymigrante.com\/revista\/festival-de-las-flores-2025-volvera-a-iluminar-a-antigua-guatemala\/","title":{"rendered":"Festival de las Flores 2025 volver\u00e1 a iluminar a Antigua Guatemala"},"content":{"rendered":"\t\t<div data-elementor-type=\"wp-post\" data-elementor-id=\"46418\" class=\"elementor elementor-46418\" data-elementor-post-type=\"post\">\n\t\t\t\t<div data-particle_enable=\"false\" data-particle-mobile-disabled=\"false\" class=\"elementor-element elementor-element-203a289 e-flex e-con-boxed e-con e-parent\" data-id=\"203a289\" data-element_type=\"container\" data-e-type=\"container\">\n\t\t\t\t\t<div class=\"e-con-inner\">\n\t\t\t\t<div class=\"elementor-element elementor-element-ad2fbab elementor-widget elementor-widget-heading\" data-id=\"ad2fbab\" data-element_type=\"widget\" data-e-type=\"widget\" data-widget_type=\"heading.default\">\n\t\t\t\t\t<h2 class=\"elementor-heading-title elementor-size-default\">El Festival de las Flores en Antigua Guatemala en 2025 se celebra con arte, naturaleza y creatividad.<\/h2>\t\t\t\t<\/div>\n\t\t\t\t\t<\/div>\n\t\t\t\t<\/div>\n\t\t<div data-particle_enable=\"false\" data-particle-mobile-disabled=\"false\" class=\"elementor-element elementor-element-ca3f81b e-flex e-con-boxed e-con e-parent\" data-id=\"ca3f81b\" data-element_type=\"container\" data-e-type=\"container\">\n\t\t\t\t\t<div class=\"e-con-inner\">\n\t\t\t\t<div class=\"elementor-element elementor-element-8ab8664 elementor-widget elementor-widget-text-editor\" data-id=\"8ab8664\" data-element_type=\"widget\" data-e-type=\"widget\" data-widget_type=\"text-editor.default\">\n\t\t\t\t\t\t\t\t\t<p>Antigua Guatemala, Guatemala \u2014 Con el lema <a href=\"https:\/\/www.facebook.com\/festivaldelasfloresenlaantigua\" target=\"_blank\" rel=\"noopener\">\u201cDonde florecen las estrellas\u201d, la novena edici\u00f3n del Festival de las Flores 2025<\/a> promete inundar de color, aroma y vida las calles coloniales de Antigua Guatemala entre el 15 y 16 de noviembre, siendo ese fin de semana uno de los momentos centrales de una programaci\u00f3n que se extiende desde octubre hasta finales de noviembre.<\/p>\t\t\t\t\t\t\t\t<\/div>\n\t\t\t\t\t<\/div>\n\t\t\t\t<\/div>\n\t\t<div data-particle_enable=\"false\" data-particle-mobile-disabled=\"false\" class=\"elementor-element elementor-element-447d648 e-flex e-con-boxed e-con e-parent\" data-id=\"447d648\" data-element_type=\"container\" data-e-type=\"container\">\n\t\t\t\t\t<div class=\"e-con-inner\">\n\t\t\t\t<div class=\"elementor-element elementor-element-aa74e50 elementor-widget elementor-widget-heading\" data-id=\"aa74e50\" data-element_type=\"widget\" data-e-type=\"widget\" data-widget_type=\"heading.default\">\n\t\t\t\t\t<h3 class=\"elementor-heading-title elementor-size-default\">Inicio y programa extendido<\/h3>\t\t\t\t<\/div>\n\t\t\t\t\t<\/div>\n\t\t\t\t<\/div>\n\t\t<div data-particle_enable=\"false\" data-particle-mobile-disabled=\"false\" class=\"elementor-element elementor-element-052898b e-flex e-con-boxed e-con e-parent\" data-id=\"052898b\" data-element_type=\"container\" data-e-type=\"container\">\n\t\t\t\t\t<div class=\"e-con-inner\">\n\t\t\t\t<div class=\"elementor-element elementor-element-5cd96da elementor-widget elementor-widget-text-editor\" data-id=\"5cd96da\" data-element_type=\"widget\" data-e-type=\"widget\" data-widget_type=\"text-editor.default\">\n\t\t\t\t\t\t\t\t\t<p>Aunque el fin de semana principal ser\u00e1 del 15 al 16 de noviembre, las actividades del festival arrancan desde el 18 de octubre de 2025 y se extienden hasta el 28 de noviembre, fecha en que finalizar\u00e1n con la premiaci\u00f3n del concurso \u201cEmprendedores que florecen\u201d.<\/p><p>Durante ese periodo previo, el p\u00fablico podr\u00e1 disfrutar de una serie de eventos art\u00edsticos y culturales que buscan envolver a la ciudad en una atm\u00f3sfera floral y creativa.<\/p>\t\t\t\t\t\t\t\t<\/div>\n\t\t\t\t\t<\/div>\n\t\t\t\t<\/div>\n\t\t<div data-particle_enable=\"false\" data-particle-mobile-disabled=\"false\" class=\"elementor-element elementor-element-2987029 e-flex e-con-boxed e-con e-parent\" data-id=\"2987029\" data-element_type=\"container\" data-e-type=\"container\">\n\t\t\t\t\t<div class=\"e-con-inner\">\n\t\t\t\t<div class=\"elementor-element elementor-element-2e0f9d4 elementor-invisible elementor-widget elementor-widget-facebook-embed\" data-id=\"2e0f9d4\" data-element_type=\"widget\" data-e-type=\"widget\" data-settings=\"{&quot;_animation&quot;:&quot;zoomInDown&quot;}\" data-widget_type=\"facebook-embed.default\">\n\t\t\t\t\t<div style=\"min-height: 1px\" class=\"elementor-facebook-widget fb-post\" data-href=\"https:\/\/www.facebook.com\/photo.php?fbid=1332539371568724&#038;set=pb.100044380211221.-2207520000&#038;type=3\" data-show-text=\"false\"><\/div>\t\t\t\t<\/div>\n\t\t\t\t\t<\/div>\n\t\t\t\t<\/div>\n\t\t<div data-particle_enable=\"false\" data-particle-mobile-disabled=\"false\" class=\"elementor-element elementor-element-8306153 e-flex e-con-boxed e-con e-parent\" data-id=\"8306153\" data-element_type=\"container\" data-e-type=\"container\">\n\t\t\t\t\t<div class=\"e-con-inner\">\n\t\t\t\t<div class=\"elementor-element elementor-element-e6385e8 elementor-widget elementor-widget-heading\" data-id=\"e6385e8\" data-element_type=\"widget\" data-e-type=\"widget\" data-widget_type=\"heading.default\">\n\t\t\t\t\t<h3 class=\"elementor-heading-title elementor-size-default\">Actividades destacadas<\/h3>\t\t\t\t<\/div>\n\t\t\t\t\t<\/div>\n\t\t\t\t<\/div>\n\t\t<div data-particle_enable=\"false\" data-particle-mobile-disabled=\"false\" class=\"elementor-element elementor-element-788327f e-flex e-con-boxed e-con e-parent\" data-id=\"788327f\" data-element_type=\"container\" data-e-type=\"container\">\n\t\t\t\t\t<div class=\"e-con-inner\">\n\t\t\t\t<div class=\"elementor-element elementor-element-42ee3da elementor-widget elementor-widget-text-editor\" data-id=\"42ee3da\" data-element_type=\"widget\" data-e-type=\"widget\" data-widget_type=\"text-editor.default\">\n\t\t\t\t\t\t\t\t\t<div><a href=\"https:\/\/www.facebook.com\/festivaldelasfloresenlaantigua\" target=\"_blank\" rel=\"noopener\">El festival ofrecer\u00e1 una variedad de actividades para distintos p\u00fablicos,<\/a> entre ellas:<\/div><div><strong>\u2022Exposiciones art\u00edsticas<\/strong><\/div><div>El 26 de octubre se inaugurar\u00e1 la exhibici\u00f3n colectiva \u201cCuando florecen las estrellas\u201d, con obras de pintura, escultura, arte floral y textil.\u00a0 \u00a0<\/div><div><strong>\u2022Moda y naturaleza<\/strong><\/div><div>El 5 de noviembre se llevar\u00e1 a cabo el Bot\u00e1nica Fashion Show: Los jardines del tiempo, una fusi\u00f3n de moda, naturaleza y dise\u00f1o creativo.\u00a0 \u00a0<\/div><div><strong>\u2022Exposici\u00f3n fotogr\u00e1fica<\/strong><\/div><div>El 7 de noviembre se inaugurar\u00e1 \u201cCuando todo floreci\u00f3\u201d, un recorrido visual por la historia del festival y sus protagonistas.\u00a0 \u00a0<\/div><div><strong>\u2022Trail Run y gastronom\u00eda floral<\/strong><\/div><div>El 8 y 9 de noviembre se celebrar\u00e1 la Flores Trail Run (carreras de 5 km y 10 km, con modalidad familiar y para mascotas) y la final del concurso Cocinando con flores.\u00a0 \u00a0<\/div><div><strong>\u2022Desfile \u201cInicia la primavera\u201d<\/strong><\/div><div>El 14 de noviembre habr\u00e1 un desfile floral con carros aleg\u00f3ricos que partir\u00e1n desde Tacan\u00e1 (Jocotenango) hacia la Plaza Central de Antigua.\u00a0 \u00a0<\/div><div><strong>\u2022Fin de semana central (15 y 16 de noviembre)<\/strong><\/div><div>Durante estos d\u00edas se realizar\u00e1 el coraz\u00f3n del festival con:<\/div><div>\u2022Concursos florales (fachadas, barrios, floral libre)<\/div><div>\u2022Mercadito de las Flores con emprendimientos florales, arte bot\u00e1nico y productos artesanales<\/div><div>\u2022Conciertos, m\u00fasica en vivo, teatro al aire libre<\/div><div>\u2022Talleres sensoriales, art\u00edsticos y florales, para todas las edades<\/div><div>\u2022Instalaciones en fachadas, balcones y plazas de la ciudad colonial\u00a0 \u00a0<\/div><div>\u2022Clausura y premiaci\u00f3n<\/div><div>El 28 de noviembre se entregar\u00e1n los premios del concurso \u201cEmprendedores que florecen\u201d y se clausurar\u00e1 oficialmente el festival.\u00a0 \u00a0<\/div><div>\u00a0<\/div><div>Adem\u00e1s, durante todo el mes de noviembre se impartir\u00e1n talleres de arte, bienestar y expresi\u00f3n creativa para invitar al p\u00fablico a \u201cflorecer desde su creatividad\u201d.\u00a0 \u00a0<\/div>\t\t\t\t\t\t\t\t<\/div>\n\t\t\t\t\t<\/div>\n\t\t\t\t<\/div>\n\t\t<div data-particle_enable=\"false\" data-particle-mobile-disabled=\"false\" class=\"elementor-element elementor-element-74b8922 e-flex e-con-boxed e-con e-parent\" data-id=\"74b8922\" data-element_type=\"container\" data-e-type=\"container\">\n\t\t\t\t\t<div class=\"e-con-inner\">\n\t\t\t\t<div class=\"elementor-element elementor-element-9524081 elementor-invisible elementor-widget elementor-widget-facebook-embed\" data-id=\"9524081\" data-element_type=\"widget\" data-e-type=\"widget\" data-settings=\"{&quot;_animation&quot;:&quot;zoomInDown&quot;}\" data-widget_type=\"facebook-embed.default\">\n\t\t\t\t\t<div style=\"min-height: 1px\" class=\"elementor-facebook-widget fb-post\" data-href=\"https:\/\/www.facebook.com\/photo\/?fbid=1331899651632696&#038;set=pb.100044380211221.-2207520000\" data-show-text=\"false\"><\/div>\t\t\t\t<\/div>\n\t\t\t\t\t<\/div>\n\t\t\t\t<\/div>\n\t\t<div data-particle_enable=\"false\" data-particle-mobile-disabled=\"false\" class=\"elementor-element elementor-element-d103f19 e-flex e-con-boxed e-con e-parent\" data-id=\"d103f19\" data-element_type=\"container\" data-e-type=\"container\">\n\t\t\t\t\t<div class=\"e-con-inner\">\n\t\t\t\t<div class=\"elementor-element elementor-element-5111f63 elementor-widget elementor-widget-heading\" data-id=\"5111f63\" data-element_type=\"widget\" data-e-type=\"widget\" data-widget_type=\"heading.default\">\n\t\t\t\t\t<h3 class=\"elementor-heading-title elementor-size-default\">Otros elementos que complementan la experiencia<\/h3>\t\t\t\t<\/div>\n\t\t\t\t\t<\/div>\n\t\t\t\t<\/div>\n\t\t<div data-particle_enable=\"false\" data-particle-mobile-disabled=\"false\" class=\"elementor-element elementor-element-b594ba7 e-flex e-con-boxed e-con e-parent\" data-id=\"b594ba7\" data-element_type=\"container\" data-e-type=\"container\">\n\t\t\t\t\t<div class=\"e-con-inner\">\n\t\t\t\t<div class=\"elementor-element elementor-element-fe85b8c elementor-widget elementor-widget-text-editor\" data-id=\"fe85b8c\" data-element_type=\"widget\" data-e-type=\"widget\" data-widget_type=\"text-editor.default\">\n\t\t\t\t\t\t\t\t\t<div><strong>\u2022 Ruta floral en la ciudad:<\/strong> calles, fachadas, balcones, monumentos y plazas se visten de arreglos florales para que los visitantes recorran un \u201cmuseo vivo\u201d a cielo abierto.\u00a0 \u00a0<\/div><div><strong>\u2022Concursos creativos:<\/strong> adem\u00e1s de concursos florales tradicionales, hay categor\u00edas como \u201cBicicletas llenas de primavera\u201d y \u201cFloral monumental\u201d.\u00a0 \u00a0<\/div><div><strong>\u2022Cerveza conmemorativa:<\/strong> se lanzar\u00e1 una cerveza conmemorativa del festival llamada \u201cEterna Primavera\u201d, con evento de maridaje art\u00edstico.\u00a0 \u00a0<\/div><div><strong>\u2022Sostenibilidad<\/strong>: todas las flores utilizadas ser\u00e1n sometidas a compostaje en colaboraci\u00f3n con Green Mamma y el municipio de Antigua Guatemala.\u00a0 \u00a0<\/div><div>\u2022Acceso y log\u00edstica:<\/div><div>\u2022La entrada al festival es gratuita para el p\u00fablico general.\u00a0 \u00a0<\/div><div>\u2022<a href=\"https:\/\/www.facebook.com\/festivaldelasfloresenlaantigua\" target=\"_blank\" rel=\"noopener\">Se recomienda a los asistentes llegar temprano para evitar aglomeraciones, usar ropa c\u00f3moda, calzado adecuado<\/a> para calles empedradas, protector solar y llevar agua.\u00a0 \u00a0<\/div>\t\t\t\t\t\t\t\t<\/div>\n\t\t\t\t\t<\/div>\n\t\t\t\t<\/div>\n\t\t<div data-particle_enable=\"false\" data-particle-mobile-disabled=\"false\" class=\"elementor-element elementor-element-987ce59 e-flex e-con-boxed e-con e-parent\" data-id=\"987ce59\" data-element_type=\"container\" data-e-type=\"container\">\n\t\t\t\t\t<div class=\"e-con-inner\">\n\t\t\t\t<div class=\"elementor-element elementor-element-f017afa elementor-invisible elementor-widget elementor-widget-facebook-embed\" data-id=\"f017afa\" data-element_type=\"widget\" data-e-type=\"widget\" data-settings=\"{&quot;_animation&quot;:&quot;zoomInDown&quot;}\" data-widget_type=\"facebook-embed.default\">\n\t\t\t\t\t<div style=\"min-height: 1px\" class=\"elementor-facebook-widget fb-post\" data-href=\"https:\/\/www.facebook.com\/photo.php?fbid=1324130725742922&#038;set=pb.100044380211221.-2207520000&#038;type=3\" data-show-text=\"false\"><\/div>\t\t\t\t<\/div>\n\t\t\t\t\t<\/div>\n\t\t\t\t<\/div>\n\t\t<div data-particle_enable=\"false\" data-particle-mobile-disabled=\"false\" class=\"elementor-element elementor-element-2297bc9 e-flex e-con-boxed e-con e-parent\" data-id=\"2297bc9\" data-element_type=\"container\" data-e-type=\"container\">\n\t\t\t\t\t<div class=\"e-con-inner\">\n\t\t\t\t<div class=\"elementor-element elementor-element-f913adc elementor-widget elementor-widget-heading\" data-id=\"f913adc\" data-element_type=\"widget\" data-e-type=\"widget\" data-widget_type=\"heading.default\">\n\t\t\t\t\t<h3 class=\"elementor-heading-title elementor-size-default\">Relevancia y mirada cultural<\/h3>\t\t\t\t<\/div>\n\t\t\t\t\t<\/div>\n\t\t\t\t<\/div>\n\t\t<div data-particle_enable=\"false\" data-particle-mobile-disabled=\"false\" class=\"elementor-element elementor-element-f0813cc e-flex e-con-boxed e-con e-parent\" data-id=\"f0813cc\" data-element_type=\"container\" data-e-type=\"container\">\n\t\t\t\t\t<div class=\"e-con-inner\">\n\t\t\t\t<div class=\"elementor-element elementor-element-80462bd elementor-widget elementor-widget-text-editor\" data-id=\"80462bd\" data-element_type=\"widget\" data-e-type=\"widget\" data-widget_type=\"text-editor.default\">\n\t\t\t\t\t\t\t\t\t<p>Desde su primera edici\u00f3n en 2017, <a href=\"https:\/\/www.facebook.com\/festivaldelasfloresenlaantigua\" target=\"_blank\" rel=\"noopener\">el Festival de las Flores se ha convertido en uno de los eventos culturales m\u00e1s esperados en Guatemala,<\/a> promoviendo la riqueza natural del pa\u00eds y la creatividad art\u00edstica local.<\/p><p>Con el lema de 2025, el homenaje se extiende hacia artistas que han sido disruptores y han dejado huella tanto en Guatemala como en el mundo \u2014 como Luis de Li\u00f3n, Cruz Espa\u00f1a, Carlos M\u00e9rida, Frida Kahlo o Vincent van Gogh \u2014 invitando al p\u00fablico a reflexionar sobre su propia luz interior.<\/p><p>Este festival no solo transforma el paisaje urbano de Antigua, sino que genera espacios de encuentro, inspiraci\u00f3n y expresi\u00f3n art\u00edstica, adem\u00e1s de impulsar el turismo cultural y reactivar la econom\u00eda local.<\/p>\t\t\t\t\t\t\t\t<\/div>\n\t\t\t\t\t<\/div>\n\t\t\t\t<\/div>\n\t\t<div data-particle_enable=\"false\" data-particle-mobile-disabled=\"false\" class=\"elementor-element elementor-element-42f63d7 e-flex e-con-boxed e-con e-parent\" data-id=\"42f63d7\" data-element_type=\"container\" data-e-type=\"container\">\n\t\t\t\t\t<div class=\"e-con-inner\">\n\t\t\t\t<div class=\"elementor-element elementor-element-1fbe3b7 elementor-widget elementor-widget-heading\" data-id=\"1fbe3b7\" data-element_type=\"widget\" data-e-type=\"widget\" data-widget_type=\"heading.default\">\n\t\t\t\t\t<h2 class=\"elementor-heading-title elementor-size-default\">Conoce m\u00e1s de Guatemala, ac\u00e1...<\/h2>\t\t\t\t<\/div>\n\t\t\t\t\t<\/div>\n\t\t\t\t<\/div>\n\t\t<div data-particle_enable=\"false\" data-particle-mobile-disabled=\"false\" class=\"elementor-element elementor-element-ffdb097 e-flex e-con-boxed e-con e-parent\" data-id=\"ffdb097\" data-element_type=\"container\" data-e-type=\"container\">\n\t\t\t\t\t<div class=\"e-con-inner\">\n\t\t\t\t<div class=\"elementor-element elementor-element-9a3d866 elementor-grid-eael-col-3 elementor-grid-tablet-eael-col-2 elementor-grid-mobile-eael-col-1 elementor-widget elementor-widget-eael-post-grid\" data-id=\"9a3d866\" data-element_type=\"widget\" data-e-type=\"widget\" data-settings=\"{&quot;eael_post_grid_columns&quot;:&quot;eael-col-3&quot;,&quot;eael_post_grid_columns_tablet&quot;:&quot;eael-col-2&quot;,&quot;eael_post_grid_columns_mobile&quot;:&quot;eael-col-1&quot;}\" data-widget_type=\"eael-post-grid.default\">\n\t\t\t\t\t<div id=\"eael-post-grid-9a3d866\" class=\"eael-post-grid-container\">\n            <div class=\"eael-post-grid eael-post-appender eael-post-appender-9a3d866 eael-post-grid-style-one\" data-layout-mode=\"masonry\"><article class=\"eael-grid-post  eael-post-grid-column eael-pg-post-7919 category-guate-nuestra\" data-id=\"7919\">\n        <div class=\"eael-grid-post-holder\">\n            <div class=\"eael-grid-post-holder-inner\"><div class=\"eael-entry-media\"><div class=\"eael-entry-overlay fade-in\"><i class=\"far fa-hand-pointer\" aria-hidden=\"true\"><\/i><a href=\"https:\/\/soymigrante.com\/revista\/tantas-parejas-suenan-con-celebrar-sus-bodas-en-antigua-guatemala\/\"><\/a><\/div><div class=\"eael-entry-thumbnail eael-image-ratio\">\n                <img fetchpriority=\"high\" decoding=\"async\" width=\"1024\" height=\"681\" src=\"https:\/\/soymigrante.com\/revista\/wp-content\/uploads\/2024\/08\/boda-ana-melissa-wedding-guatemala-1024x681.webp\" class=\"attachment-large size-large wp-image-7954\" alt=\"Elegante pareja de reci\u00e9n casados en sesi\u00f3n fotogr\u00e1fica con coche cl\u00e1sico blanco, fondo de arquitectura hist\u00f3rica, celebraci\u00f3n de amor y cultura en M\u00e9xico.\" srcset=\"https:\/\/soymigrante.com\/revista\/wp-content\/uploads\/2024\/08\/boda-ana-melissa-wedding-guatemala-1024x681.webp 1024w, https:\/\/soymigrante.com\/revista\/wp-content\/uploads\/2024\/08\/boda-ana-melissa-wedding-guatemala-300x200.webp 300w, https:\/\/soymigrante.com\/revista\/wp-content\/uploads\/2024\/08\/boda-ana-melissa-wedding-guatemala-768x511.webp 768w, https:\/\/soymigrante.com\/revista\/wp-content\/uploads\/2024\/08\/boda-ana-melissa-wedding-guatemala-750x499.webp 750w, https:\/\/soymigrante.com\/revista\/wp-content\/uploads\/2024\/08\/boda-ana-melissa-wedding-guatemala-1140x758.webp 1140w, https:\/\/soymigrante.com\/revista\/wp-content\/uploads\/2024\/08\/boda-ana-melissa-wedding-guatemala.webp 1440w\" sizes=\"(max-width: 1024px) 100vw, 1024px\" \/>\n            <\/div>\n        <\/div><div class=\"eael-entry-wrapper\"><header class=\"eael-entry-header\"><h2 class=\"eael-entry-title\"><a class=\"eael-grid-post-link\" href=\"https:\/\/soymigrante.com\/revista\/tantas-parejas-suenan-con-celebrar-sus-bodas-en-antigua-guatemala\/\" title=\"Tantas parejas sue\u00f1an con celebrar sus bodas en Antigua Guatemala\">Tantas parejas sue\u00f1an con celebrar sus bodas en Antigua Guatemala<\/a><\/h2><\/header><div class=\"eael-entry-content\">\n                        <div class=\"eael-grid-post-excerpt\"><a href=\"https:\/\/soymigrante.com\/revista\/tantas-parejas-suenan-con-celebrar-sus-bodas-en-antigua-guatemala\/\" class=\"eael-post-elements-readmore-btn\">CONOCE SU HISTORIA <\/a><\/div>\n                    <\/div><\/div><\/div>\n        <\/div>\n    <\/article><article class=\"eael-grid-post  eael-post-grid-column eael-pg-post-24353 category-guate-nuestra\" data-id=\"24353\">\n        <div class=\"eael-grid-post-holder\">\n            <div class=\"eael-grid-post-holder-inner\"><div class=\"eael-entry-media\"><div class=\"eael-entry-overlay fade-in\"><i class=\"far fa-hand-pointer\" aria-hidden=\"true\"><\/i><a href=\"https:\/\/soymigrante.com\/revista\/la-antigua-guatemala-florece-en-tradiciones-de-piedad-popular-en-cuaresma-y-semana-santa\/\"><\/a><\/div><div class=\"eael-entry-thumbnail eael-image-ratio\">\n                <img decoding=\"async\" width=\"1024\" height=\"683\" src=\"https:\/\/soymigrante.com\/revista\/wp-content\/uploads\/2025\/02\/procesion-3-1024x683.jpeg\" class=\"attachment-large size-large wp-image-24363\" alt=\"Im\u00e1genes de la celebraci\u00f3n navide\u00f1a en la ciudad de Puebla, con una impresionante decoraci\u00f3n en la fachada de un edificio hist\u00f3rico y figuras religiosas tradicionales iluminadas por la noche.\" srcset=\"https:\/\/soymigrante.com\/revista\/wp-content\/uploads\/2025\/02\/procesion-3-1024x683.jpeg 1024w, https:\/\/soymigrante.com\/revista\/wp-content\/uploads\/2025\/02\/procesion-3-300x200.jpeg 300w, https:\/\/soymigrante.com\/revista\/wp-content\/uploads\/2025\/02\/procesion-3-768x512.jpeg 768w, https:\/\/soymigrante.com\/revista\/wp-content\/uploads\/2025\/02\/procesion-3-1536x1024.jpeg 1536w, https:\/\/soymigrante.com\/revista\/wp-content\/uploads\/2025\/02\/procesion-3-750x500.webp 750w, https:\/\/soymigrante.com\/revista\/wp-content\/uploads\/2025\/02\/procesion-3-1140x760.webp 1140w, https:\/\/soymigrante.com\/revista\/wp-content\/uploads\/2025\/02\/procesion-3.webp 1620w\" sizes=\"(max-width: 1024px) 100vw, 1024px\" \/>\n            <\/div>\n        <\/div><div class=\"eael-entry-wrapper\"><header class=\"eael-entry-header\"><h2 class=\"eael-entry-title\"><a class=\"eael-grid-post-link\" href=\"https:\/\/soymigrante.com\/revista\/la-antigua-guatemala-florece-en-tradiciones-de-piedad-popular-en-cuaresma-y-semana-santa\/\" title=\"La Antigua Guatemala florece en tradiciones de piedad popular en Cuaresma y Semana Santa\">La Antigua Guatemala florece en tradiciones de piedad popular en Cuaresma y Semana Santa<\/a><\/h2><\/header><div class=\"eael-entry-content\">\n                        <div class=\"eael-grid-post-excerpt\"><a href=\"https:\/\/soymigrante.com\/revista\/la-antigua-guatemala-florece-en-tradiciones-de-piedad-popular-en-cuaresma-y-semana-santa\/\" class=\"eael-post-elements-readmore-btn\">CONOCE SU HISTORIA <\/a><\/div>\n                    <\/div><\/div><\/div>\n        <\/div>\n    <\/article><article class=\"eael-grid-post  eael-post-grid-column eael-pg-post-5452 category-guate-nuestra\" data-id=\"5452\">\n        <div class=\"eael-grid-post-holder\">\n            <div class=\"eael-grid-post-holder-inner\"><div class=\"eael-entry-media\"><div class=\"eael-entry-overlay fade-in\"><i class=\"far fa-hand-pointer\" aria-hidden=\"true\"><\/i><a href=\"https:\/\/soymigrante.com\/revista\/antigua-guatemala-alfombras-serrin-semana-santa-fe-tradicion\/\"><\/a><\/div><div class=\"eael-entry-thumbnail eael-image-ratio\">\n                <img decoding=\"async\" width=\"487\" height=\"638\" src=\"https:\/\/soymigrante.com\/revista\/wp-content\/uploads\/2024\/03\/Alfombras-de-Cuaresma-y-Semana-Santa-en-Antigua-Guatemala-Fotos-Michelle-Gonzalez-8.webp\" class=\"attachment-large size-large wp-image-5460\" alt=\"Los dise\u00f1os geom\u00e9tricos pueden adquirir enorme complejidad y requieren de hasta 10 moldes para ser completados. Quienes los elaboran se colocan sobre tablas sostenidas con bloques para poder trabajar por encima e ir coloreando con aserr\u00edn la forma prevista, El aserr\u00edn con los tintes se prepara desde muchas semanas antes, para que su color no var\u00ede al secarse. (Foto Michelle Gonzalez)\" srcset=\"https:\/\/soymigrante.com\/revista\/wp-content\/uploads\/2024\/03\/Alfombras-de-Cuaresma-y-Semana-Santa-en-Antigua-Guatemala-Fotos-Michelle-Gonzalez-8.webp 487w, https:\/\/soymigrante.com\/revista\/wp-content\/uploads\/2024\/03\/Alfombras-de-Cuaresma-y-Semana-Santa-en-Antigua-Guatemala-Fotos-Michelle-Gonzalez-8-229x300.webp 229w\" sizes=\"(max-width: 487px) 100vw, 487px\" \/>\n            <\/div>\n        <\/div><div class=\"eael-entry-wrapper\"><header class=\"eael-entry-header\"><h2 class=\"eael-entry-title\"><a class=\"eael-grid-post-link\" href=\"https:\/\/soymigrante.com\/revista\/antigua-guatemala-alfombras-serrin-semana-santa-fe-tradicion\/\" title=\"Alfombras de Antigua Guatemala: ofrenda de fe, trabajo y devoci\u00f3n\">Alfombras de Antigua Guatemala: ofrenda de fe, trabajo y devoci\u00f3n<\/a><\/h2><\/header><div class=\"eael-entry-content\">\n                        <div class=\"eael-grid-post-excerpt\"><a href=\"https:\/\/soymigrante.com\/revista\/antigua-guatemala-alfombras-serrin-semana-santa-fe-tradicion\/\" class=\"eael-post-elements-readmore-btn\">CONOCE SU HISTORIA <\/a><\/div>\n                    <\/div><\/div><\/div>\n        <\/div>\n    <\/article><\/div>\n            <div class=\"clearfix\"><\/div>\n        <\/div>\t\t\t\t<\/div>\n\t\t\t\t\t<\/div>\n\t\t\t\t<\/div>\n\t\t\t\t<\/div>\n\t\t","protected":false},"excerpt":{"rendered":"<p>El Festival de las Flores en Antigua Guatemala en 2025 se celebra con arte, naturaleza y creatividad. Antigua Guatemala, Guatemala \u2014 Con el lema \u201cDonde florecen las estrellas\u201d, la novena edici\u00f3n del Festival de las Flores 2025 promete inundar de color, aroma y vida las calles coloniales de Antigua Guatemala entre el 15 y 16 [&hellip;]<\/p>\n","protected":false},"author":19,"featured_media":46419,"comment_status":"open","ping_status":"open","sticky":false,"template":"","format":"standard","meta":{"_acf_changed":false,"_eb_attr":"","footnotes":""},"categories":[58],"tags":[],"class_list":["post-46418","post","type-post","status-publish","format-standard","has-post-thumbnail","hentry","category-guate-nuestra"],"acf":[],"aioseo_notices":[],"aioseo_head":"\n\t\t<!-- All in One SEO Pro 4.9.6.2 - aioseo.com -->\n\t<meta name=\"description\" content=\"Las piedras de Antigua Guatemala se visten de colores fugaces y devotos en las tradicionales alfombras de aserr\u00edn, que son una fusi\u00f3n de elementos prehisp\u00e1nicos y espa\u00f1oles, en un admirable lenguaje de fe. Devoci\u00f3n de siglos se hace presente La elaboraci\u00f3n de alfombras de aserr\u00edn, flores, frutas y otros materiales vegetales es todo un s\u00edmbolo\" \/>\n\t<meta name=\"robots\" content=\"max-snippet:-1, max-image-preview:large, max-video-preview:-1\" \/>\n\t<meta name=\"author\" content=\"Marysabel Aldana\"\/>\n\t<link rel=\"canonical\" href=\"https:\/\/soymigrante.com\/revista\/festival-de-las-flores-2025-volvera-a-iluminar-a-antigua-guatemala\/\" \/>\n\t<meta name=\"generator\" content=\"All in One SEO Pro (AIOSEO) 4.9.6.2\" \/>\n\n\t\t<link rel=\"preconnect\" href=\"https:\/\/fonts.googleapis.com\" crossorigin>\n<link rel=\"preconnect\" href=\"https:\/\/fonts.gstatic.com\" crossorigin>\n\t\t<meta property=\"og:locale\" content=\"es_ES\" \/>\n\t\t<meta property=\"og:site_name\" content=\"SoyMigrante.com REVISTA \u2013 Nuestra misi\u00f3n es reconocer y dignificar al migrante.\" \/>\n\t\t<meta property=\"og:type\" content=\"article\" \/>\n\t\t<meta property=\"og:title\" content=\"Festival de las Flores 2025 volver\u00e1 a iluminar a Antigua Guatemala\" \/>\n\t\t<meta property=\"og:description\" content=\"Festival de las Flores en Antigua Guatemala 2025 se celebra con arte, naturaleza y creatividad. Comienza a mediados de octubre y su fecha clave es en noviembre.\" \/>\n\t\t<meta property=\"og:url\" content=\"https:\/\/soymigrante.com\/revista\/festival-de-las-flores-2025-volvera-a-iluminar-a-antigua-guatemala\/\" \/>\n\t\t<meta property=\"og:image\" content=\"https:\/\/soymigrante.com\/revista\/wp-content\/uploads\/2025\/09\/vestival-de-las-flores-2-e1759264248931.jpg\" \/>\n\t\t<meta property=\"og:image:secure_url\" content=\"https:\/\/soymigrante.com\/revista\/wp-content\/uploads\/2025\/09\/vestival-de-las-flores-2-e1759264248931.jpg\" \/>\n\t\t<meta property=\"og:image:width\" content=\"1436\" \/>\n\t\t<meta property=\"og:image:height\" content=\"1436\" \/>\n\t\t<meta property=\"article:published_time\" content=\"2025-10-01T13:00:00+00:00\" \/>\n\t\t<meta property=\"article:modified_time\" content=\"2025-10-01T19:37:36+00:00\" \/>\n\t\t<meta property=\"article:publisher\" content=\"https:\/\/www.facebook.com\/soymigrantecom\" \/>\n\t\t<meta name=\"twitter:card\" content=\"summary_large_image\" \/>\n\t\t<meta name=\"twitter:site\" content=\"@SoyMigrante_com\" \/>\n\t\t<meta name=\"twitter:title\" content=\"Festival de las Flores 2025 volver\u00e1 a iluminar a Antigua Guatemala\" \/>\n\t\t<meta name=\"twitter:description\" content=\"Festival de las Flores en Antigua Guatemala 2025 se celebra con arte, naturaleza y creatividad. Comienza a mediados de octubre y su fecha clave es en noviembre.\" \/>\n\t\t<meta name=\"twitter:creator\" content=\"@SoyMigrante_com\" \/>\n\t\t<meta name=\"twitter:image\" content=\"https:\/\/soymigrante.com\/revista\/wp-content\/uploads\/2025\/09\/vestival-de-las-flores-2-e1759264248931.jpg\" \/>\n\t\t<!-- All in One SEO Pro -->\r\n\t\t<title>Festival de las Flores 2025 volver\u00e1 a iluminar a Antigua Guatemala<\/title>\n\n","aioseo_head_json":{"title":"Festival de las Flores 2025 volver\u00e1 a iluminar a Antigua Guatemala","description":"Festival de las Flores en Antigua Guatemala 2025 se celebra con arte, naturaleza y creatividad. Comienza a mediados de octubre y su fecha clave es en noviembre.","canonical_url":"https:\/\/soymigrante.com\/revista\/festival-de-las-flores-2025-volvera-a-iluminar-a-antigua-guatemala\/","robots":"max-snippet:-1, max-image-preview:large, max-video-preview:-1","keywords":"","webmasterTools":{"miscellaneous":"&lt;link rel=\"preconnect\" href=\"https:\/\/fonts.googleapis.com\" crossorigin&gt;\n&lt;link rel=\"preconnect\" href=\"https:\/\/fonts.gstatic.com\" crossorigin&gt;"},"schema":null,"og:locale":"es_ES","og:site_name":"SoyMigrante.com REVISTA \u2013 Nuestra misi\u00f3n es reconocer y dignificar al migrante.","og:type":"article","og:title":"Festival de las Flores 2025 volver\u00e1 a iluminar a Antigua Guatemala","og:description":"Festival de las Flores en Antigua Guatemala 2025 se celebra con arte, naturaleza y creatividad. Comienza a mediados de octubre y su fecha clave es en noviembre.","og:url":"https:\/\/soymigrante.com\/revista\/festival-de-las-flores-2025-volvera-a-iluminar-a-antigua-guatemala\/","og:image":"https:\/\/soymigrante.com\/revista\/wp-content\/uploads\/2025\/09\/vestival-de-las-flores-2-e1759264248931.jpg","og:image:secure_url":"https:\/\/soymigrante.com\/revista\/wp-content\/uploads\/2025\/09\/vestival-de-las-flores-2-e1759264248931.jpg","og:image:width":1436,"og:image:height":1436,"article:published_time":"2025-10-01T13:00:00+00:00","article:modified_time":"2025-10-01T19:37:36+00:00","article:publisher":"https:\/\/www.facebook.com\/soymigrantecom","twitter:card":"summary_large_image","twitter:site":"@SoyMigrante_com","twitter:title":"Festival de las Flores 2025 volver\u00e1 a iluminar a Antigua Guatemala","twitter:description":"Festival de las Flores en Antigua Guatemala 2025 se celebra con arte, naturaleza y creatividad. Comienza a mediados de octubre y su fecha clave es en noviembre.","twitter:creator":"@SoyMigrante_com","twitter:image":"https:\/\/soymigrante.com\/revista\/wp-content\/uploads\/2025\/09\/vestival-de-las-flores-2-e1759264248931.jpg"},"aioseo_meta_data":{"post_id":"46418","title":null,"description":"Festival de las Flores en Antigua Guatemala 2025 se celebra con arte, naturaleza y creatividad. Comienza a mediados de octubre y su fecha clave es en noviembre.","keywords":null,"keyphrases":{"focus":{"keyphrase":"Festival de las Flores","score":69,"analysis":{"keyphraseInTitle":{"score":9,"maxScore":9,"error":0},"keyphraseInDescription":{"score":9,"maxScore":9,"error":0},"keyphraseLength":{"score":9,"maxScore":9,"error":0,"length":4},"keyphraseInURL":{"score":5,"maxScore":5,"error":0},"keyphraseInIntroduction":{"score":9,"maxScore":9,"error":0},"keyphraseInSubHeadings":{"score":3,"maxScore":9,"error":1},"keyphraseInImageAlt":{"score":3,"maxScore":9,"error":1},"keywordDensity":{"score":0,"type":"low","maxScore":9,"error":1}}},"additional":[{"keyphrase":"Antigua Guatemala","score":87,"analysis":{"keyphraseInDescription":{"score":9,"maxScore":9,"error":0},"keyphraseLength":{"score":9,"maxScore":9,"error":0,"length":2},"keyphraseInIntroduction":{"score":9,"maxScore":9,"error":0},"keyphraseInImageAlt":{"score":3,"maxScore":9,"error":1},"keywordDensity":{"type":"best","score":9,"maxScore":9,"error":0}}},{"keyphrase":"arte","score":73,"analysis":{"keyphraseInDescription":{"score":9,"maxScore":9,"error":0},"keyphraseLength":{"score":9,"maxScore":9,"error":0,"length":1},"keyphraseInIntroduction":{"score":3,"maxScore":9,"error":1},"keyphraseInImageAlt":{"score":3,"maxScore":9,"error":1},"keywordDensity":{"type":"best","score":9,"maxScore":9,"error":0}}}]},"primary_term":null,"canonical_url":null,"og_title":null,"og_description":null,"og_object_type":"default","og_image_type":"default","og_image_url":null,"og_image_width":null,"og_image_height":null,"og_image_custom_url":null,"og_image_custom_fields":null,"og_video":"","og_custom_url":null,"og_article_section":null,"og_article_tags":null,"twitter_use_og":false,"twitter_card":"default","twitter_image_type":"default","twitter_image_url":null,"twitter_image_custom_url":null,"twitter_image_custom_fields":null,"twitter_title":null,"twitter_description":null,"schema":{"blockGraphs":[],"customGraphs":[],"default":{"data":{"Article":[],"Course":[],"Dataset":[],"FAQPage":[],"Movie":[],"Person":[],"Product":[],"ProductReview":[],"Car":[],"Recipe":[],"Service":[],"SoftwareApplication":[],"WebPage":[]},"graphName":"none","isEnabled":true},"graphs":[]},"schema_type":"default","schema_type_options":null,"pillar_content":false,"robots_default":true,"robots_noindex":false,"robots_noarchive":false,"robots_nosnippet":false,"robots_nofollow":false,"robots_noimageindex":false,"robots_noodp":false,"robots_notranslate":false,"robots_max_snippet":"-1","robots_max_videopreview":"-1","robots_max_imagepreview":"large","priority":null,"frequency":"default","local_seo":null,"seo_analyzer_scan_date":"2025-10-09 08:59:57","breadcrumb_settings":null,"limit_modified_date":false,"reviewed_by":"0","open_ai":null,"ai":{"faqs":[],"keyPoints":[],"titles":[],"descriptions":[],"socialPosts":{"email":[],"linkedin":[],"twitter":[],"facebook":[],"instagram":[]}},"created":"2025-09-30 20:29:48","updated":"2026-02-05 05:56:21"},"aioseo_breadcrumb":"<div class=\"aioseo-breadcrumbs\"><span class=\"aioseo-breadcrumb\">\n\t<a href=\"https:\/\/soymigrante.com\/revista\" title=\"Home\">Home<\/a>\n<\/span><span class=\"aioseo-breadcrumb-separator\">\u00bb<\/span><span class=\"aioseo-breadcrumb\">\n\t<a href=\"https:\/\/soymigrante.com\/revista\/category\/guate-nuestra\/\" title=\"Guate Nuestra\">Guate Nuestra<\/a>\n<\/span><span class=\"aioseo-breadcrumb-separator\">\u00bb<\/span><span class=\"aioseo-breadcrumb\">\n\tFestival de las Flores 2025 volver\u00e1 a iluminar a Antigua Guatemala\n<\/span><\/div>","aioseo_breadcrumb_json":[{"label":"Home","link":"https:\/\/soymigrante.com\/revista"},{"label":"Guate Nuestra","link":"https:\/\/soymigrante.com\/revista\/category\/guate-nuestra\/"},{"label":"Festival de las Flores 2025 volver\u00e1 a iluminar a Antigua Guatemala","link":"https:\/\/soymigrante.com\/revista\/festival-de-las-flores-2025-volvera-a-iluminar-a-antigua-guatemala\/"}],"_links":{"self":[{"href":"https:\/\/soymigrante.com\/revista\/wp-json\/wp\/v2\/posts\/46418","targetHints":{"allow":["GET"]}}],"collection":[{"href":"https:\/\/soymigrante.com\/revista\/wp-json\/wp\/v2\/posts"}],"about":[{"href":"https:\/\/soymigrante.com\/revista\/wp-json\/wp\/v2\/types\/post"}],"author":[{"embeddable":true,"href":"https:\/\/soymigrante.com\/revista\/wp-json\/wp\/v2\/users\/19"}],"replies":[{"embeddable":true,"href":"https:\/\/soymigrante.com\/revista\/wp-json\/wp\/v2\/comments?post=46418"}],"version-history":[{"count":12,"href":"https:\/\/soymigrante.com\/revista\/wp-json\/wp\/v2\/posts\/46418\/revisions"}],"predecessor-version":[{"id":46516,"href":"https:\/\/soymigrante.com\/revista\/wp-json\/wp\/v2\/posts\/46418\/revisions\/46516"}],"wp:featuredmedia":[{"embeddable":true,"href":"https:\/\/soymigrante.com\/revista\/wp-json\/wp\/v2\/media\/46419"}],"wp:attachment":[{"href":"https:\/\/soymigrante.com\/revista\/wp-json\/wp\/v2\/media?parent=46418"}],"wp:term":[{"taxonomy":"category","embeddable":true,"href":"https:\/\/soymigrante.com\/revista\/wp-json\/wp\/v2\/categories?post=46418"},{"taxonomy":"post_tag","embeddable":true,"href":"https:\/\/soymigrante.com\/revista\/wp-json\/wp\/v2\/tags?post=46418"}],"curies":[{"name":"wp","href":"https:\/\/api.w.org\/{rel}","templated":true}]}}