{"id":46397,"date":"2025-09-30T14:19:58","date_gmt":"2025-09-30T20:19:58","guid":{"rendered":"https:\/\/soymigrante.com\/revista\/?p=46397"},"modified":"2025-09-30T14:22:56","modified_gmt":"2025-09-30T20:22:56","slug":"milly-lopez-tejiendo-en-el-tiempo-con-arte-y-raices","status":"publish","type":"post","link":"https:\/\/soymigrante.com\/revista\/milly-lopez-tejiendo-en-el-tiempo-con-arte-y-raices\/","title":{"rendered":"Milly L\u00f3pez: Tejiendo en el tiempo con arte y ra\u00edces"},"content":{"rendered":"\t\t<div data-elementor-type=\"wp-post\" data-elementor-id=\"46397\" class=\"elementor elementor-46397\" data-elementor-post-type=\"post\">\n\t\t\t\t<div data-particle_enable=\"false\" data-particle-mobile-disabled=\"false\" class=\"elementor-element elementor-element-03c510b e-flex e-con-boxed e-con e-parent\" data-id=\"03c510b\" data-element_type=\"container\" data-e-type=\"container\">\n\t\t\t\t\t<div class=\"e-con-inner\">\n\t\t\t\t<div class=\"elementor-element elementor-element-a179e4e elementor-widget elementor-widget-text-editor\" data-id=\"a179e4e\" data-element_type=\"widget\" data-e-type=\"widget\" data-widget_type=\"text-editor.default\">\n\t\t\t\t\t\t\t\t\t<p data-start=\"160\" data-end=\"354\">\u2728 Conoce a <strong data-start=\"171\" data-end=\"186\">Milly L\u00f3pez<\/strong>, fundadora de <em data-start=\"201\" data-end=\"224\">Tejiendo en el Tiempo<\/em>, una mujer visionaria que convierte el arte ancestral del tejido maya en piezas \u00fanicas llenas de historia, identidad y orgullo.<\/p><p data-start=\"356\" data-end=\"633\">Desde <strong data-start=\"362\" data-end=\"407\">San Antonio Aguas Calientes, Sacatep\u00e9quez<\/strong>, Milly rescata t\u00e9cnicas tradicionales de tejido y bordado transmitidas por generaciones. Con su emprendimiento empodera a otras mujeres ind\u00edgenas, crea oportunidades locales y celebra la riqueza cultural de su comunidad. \ud83c\udf38<\/p><p data-start=\"635\" data-end=\"789\">\ud83d\udecd\ufe0f Apoya a Milly L\u00f3pez comprando en su tienda oficial en el MERCADO de SoyMigrante.com:<br data-start=\"723\" data-end=\"726\" \/>\ud83d\udc49 <a href=\"https:\/\/soymigrante.com\/mercado\/marketplace\/tejiendoeneltiempo\">https:\/\/soymigrante.com\/mercado\/marketplace\/tejiendoeneltiempo<\/a><\/p><p data-start=\"791\" data-end=\"860\">\ud83d\udccd Filmado en: San Antonio Aguas Calientes, Sacatep\u00e9quez, Guatemala<\/p>\t\t\t\t\t\t\t\t<\/div>\n\t\t\t\t<div class=\"elementor-element elementor-element-ef60a7f elementor-widget elementor-widget-text-editor\" data-id=\"ef60a7f\" data-element_type=\"widget\" data-e-type=\"widget\" data-widget_type=\"text-editor.default\">\n\t\t\t\t\t\t\t\t\t<p><span style=\"font-family: Roboto, sans-serif; font-size: 22px; font-style: normal; font-variant-ligatures: normal; font-variant-caps: normal; font-weight: 400;\">Lee su historia completa aqu\u00ed: <a href=\"https:\/\/soymigrante.com\/revista\/tejiendo-en-el-tiempo-cultiva-el-arte-y-la-cultura-de-san-antonio-aguas-calientes\/\">https:\/\/soymigrante.com\/revista\/tejiendo-en-el-tiempo-cultiva-el-arte-y-la-cultura-de-san-antonio-aguas-calientes\/<\/a><\/span><\/p>\t\t\t\t\t\t\t\t<\/div>\n\t\t\t\t\t<\/div>\n\t\t\t\t<\/div>\n\t\t\t\t<\/div>\n\t\t","protected":false},"excerpt":{"rendered":"<p>Milly L\u00f3pez, desde San Antonio Aguas Calientes, rescata el arte ancestral del tejido maya y lo transforma en oportunidades y orgullo para su comunidad.<\/p>\n","protected":false},"author":1,"featured_media":46413,"comment_status":"closed","ping_status":"open","sticky":false,"template":"","format":"video","meta":{"_acf_changed":false,"_eb_attr":"","footnotes":""},"categories":[58],"tags":[130],"class_list":["post-46397","post","type-post","status-publish","format-video","has-post-thumbnail","hentry","category-guate-nuestra","tag-mercado-emprendedores","post_format-post-format-video"],"acf":[],"aioseo_notices":[],"aioseo_head":"\n\t\t<!-- All in One SEO Pro 4.9.6.2 - aioseo.com -->\n\t<meta name=\"description\" content=\"Milly L\u00f3pez, desde San Antonio Aguas Calientes, rescata el arte ancestral del tejido maya y lo transforma en oportunidades y orgullo para su comunidad.\" \/>\n\t<meta name=\"robots\" content=\"max-snippet:-1, max-image-preview:large, max-video-preview:-1\" \/>\n\t<meta name=\"author\" content=\"SoyMigrante.com REVISTA\"\/>\n\t<link rel=\"canonical\" href=\"https:\/\/soymigrante.com\/revista\/milly-lopez-tejiendo-en-el-tiempo-con-arte-y-raices\/\" \/>\n\t<meta name=\"generator\" content=\"All in One SEO Pro (AIOSEO) 4.9.6.2\" \/>\n\n\t\t<link rel=\"preconnect\" href=\"https:\/\/fonts.googleapis.com\" crossorigin>\n<link rel=\"preconnect\" href=\"https:\/\/fonts.gstatic.com\" crossorigin>\n\t\t<meta property=\"og:locale\" content=\"es_ES\" \/>\n\t\t<meta property=\"og:site_name\" content=\"SoyMigrante.com REVISTA \u2013 Nuestra misi\u00f3n es reconocer y dignificar al migrante.\" \/>\n\t\t<meta property=\"og:type\" content=\"article\" \/>\n\t\t<meta property=\"og:title\" content=\"Milly L\u00f3pez: Tejiendo en el tiempo con arte y ra\u00edces\" \/>\n\t\t<meta property=\"og:description\" content=\"Milly L\u00f3pez, desde San Antonio Aguas Calientes, rescata el arte ancestral del tejido maya y lo transforma en oportunidades y orgullo para su comunidad.\" \/>\n\t\t<meta property=\"og:url\" content=\"https:\/\/soymigrante.com\/revista\/milly-lopez-tejiendo-en-el-tiempo-con-arte-y-raices\/\" \/>\n\t\t<meta property=\"og:image\" content=\"https:\/\/soymigrante.com\/revista\/wp-content\/uploads\/2025\/09\/milly-lopez-tejiendo-en-el-tiempo-con-arte-y-raices.jpg\" \/>\n\t\t<meta property=\"og:image:secure_url\" content=\"https:\/\/soymigrante.com\/revista\/wp-content\/uploads\/2025\/09\/milly-lopez-tejiendo-en-el-tiempo-con-arte-y-raices.jpg\" \/>\n\t\t<meta property=\"og:image:width\" content=\"1280\" \/>\n\t\t<meta property=\"og:image:height\" content=\"720\" \/>\n\t\t<meta property=\"article:published_time\" content=\"2025-09-30T20:19:58+00:00\" \/>\n\t\t<meta property=\"article:modified_time\" content=\"2025-09-30T20:22:56+00:00\" \/>\n\t\t<meta property=\"article:publisher\" content=\"https:\/\/www.facebook.com\/soymigrantecom\" \/>\n\t\t<meta name=\"twitter:card\" content=\"summary_large_image\" \/>\n\t\t<meta name=\"twitter:site\" content=\"@SoyMigrante_com\" \/>\n\t\t<meta name=\"twitter:title\" content=\"Milly L\u00f3pez: Tejiendo en el tiempo con arte y ra\u00edces\" \/>\n\t\t<meta name=\"twitter:description\" content=\"Milly L\u00f3pez, desde San Antonio Aguas Calientes, rescata el arte ancestral del tejido maya y lo transforma en oportunidades y orgullo para su comunidad.\" \/>\n\t\t<meta name=\"twitter:creator\" content=\"@SoyMigrante_com\" \/>\n\t\t<meta name=\"twitter:image\" content=\"https:\/\/soymigrante.com\/revista\/wp-content\/uploads\/2025\/09\/milly-lopez-tejiendo-en-el-tiempo-con-arte-y-raices.jpg\" \/>\n\t\t<!-- All in One SEO Pro -->\r\n\t\t<title>Milly L\u00f3pez: Tejiendo en el tiempo con arte y ra\u00edces<\/title>\n\n","aioseo_head_json":{"title":"Milly L\u00f3pez: Tejiendo en el tiempo con arte y ra\u00edces","description":"Milly L\u00f3pez, desde San Antonio Aguas Calientes, rescata el arte ancestral del tejido maya y lo transforma en oportunidades y orgullo para su comunidad.","canonical_url":"https:\/\/soymigrante.com\/revista\/milly-lopez-tejiendo-en-el-tiempo-con-arte-y-raices\/","robots":"max-snippet:-1, max-image-preview:large, max-video-preview:-1","keywords":"","webmasterTools":{"miscellaneous":"&lt;link rel=\"preconnect\" href=\"https:\/\/fonts.googleapis.com\" crossorigin&gt;\n&lt;link rel=\"preconnect\" href=\"https:\/\/fonts.gstatic.com\" crossorigin&gt;"},"schema":null,"og:locale":"es_ES","og:site_name":"SoyMigrante.com REVISTA \u2013 Nuestra misi\u00f3n es reconocer y dignificar al migrante.","og:type":"article","og:title":"Milly L\u00f3pez: Tejiendo en el tiempo con arte y ra\u00edces","og:description":"Milly L\u00f3pez, desde San Antonio Aguas Calientes, rescata el arte ancestral del tejido maya y lo transforma en oportunidades y orgullo para su comunidad.","og:url":"https:\/\/soymigrante.com\/revista\/milly-lopez-tejiendo-en-el-tiempo-con-arte-y-raices\/","og:image":"https:\/\/soymigrante.com\/revista\/wp-content\/uploads\/2025\/09\/milly-lopez-tejiendo-en-el-tiempo-con-arte-y-raices.jpg","og:image:secure_url":"https:\/\/soymigrante.com\/revista\/wp-content\/uploads\/2025\/09\/milly-lopez-tejiendo-en-el-tiempo-con-arte-y-raices.jpg","og:image:width":1280,"og:image:height":720,"article:published_time":"2025-09-30T20:19:58+00:00","article:modified_time":"2025-09-30T20:22:56+00:00","article:publisher":"https:\/\/www.facebook.com\/soymigrantecom","twitter:card":"summary_large_image","twitter:site":"@SoyMigrante_com","twitter:title":"Milly L\u00f3pez: Tejiendo en el tiempo con arte y ra\u00edces","twitter:description":"Milly L\u00f3pez, desde San Antonio Aguas Calientes, rescata el arte ancestral del tejido maya y lo transforma en oportunidades y orgullo para su comunidad.","twitter:creator":"@SoyMigrante_com","twitter:image":"https:\/\/soymigrante.com\/revista\/wp-content\/uploads\/2025\/09\/milly-lopez-tejiendo-en-el-tiempo-con-arte-y-raices.jpg"},"aioseo_meta_data":{"post_id":"46397","title":null,"description":null,"keywords":null,"keyphrases":{"focus":{"keyphrase":"Tejiendo en el tiempo","score":88,"analysis":{"keyphraseInTitle":{"score":9,"maxScore":9,"error":0},"keyphraseInDescription":{"score":3,"maxScore":9,"error":1},"keyphraseLength":{"score":9,"maxScore":9,"error":0,"length":4},"keyphraseInURL":{"score":5,"maxScore":5,"error":0},"keyphraseInIntroduction":{"score":9,"maxScore":9,"error":0},"keyphraseInSubHeadings":[],"keyphraseInImageAlt":[],"keywordDensity":{"type":"best","score":9,"maxScore":9,"error":0}}},"additional":[]},"primary_term":null,"canonical_url":null,"og_title":null,"og_description":null,"og_object_type":"default","og_image_type":"default","og_image_url":null,"og_image_width":null,"og_image_height":null,"og_image_custom_url":null,"og_image_custom_fields":null,"og_video":"","og_custom_url":null,"og_article_section":null,"og_article_tags":null,"twitter_use_og":false,"twitter_card":"default","twitter_image_type":"default","twitter_image_url":null,"twitter_image_custom_url":null,"twitter_image_custom_fields":null,"twitter_title":null,"twitter_description":null,"schema":{"blockGraphs":[],"customGraphs":[],"default":{"data":{"Article":[],"Course":[],"Dataset":[],"FAQPage":[],"Movie":[],"Person":[],"Product":[],"ProductReview":[],"Car":[],"Recipe":[],"Service":[],"SoftwareApplication":[],"WebPage":[]},"graphName":"none","isEnabled":true},"graphs":[]},"schema_type":"default","schema_type_options":null,"pillar_content":false,"robots_default":true,"robots_noindex":false,"robots_noarchive":false,"robots_nosnippet":false,"robots_nofollow":false,"robots_noimageindex":false,"robots_noodp":false,"robots_notranslate":false,"robots_max_snippet":"-1","robots_max_videopreview":"-1","robots_max_imagepreview":"large","priority":null,"frequency":"default","local_seo":null,"seo_analyzer_scan_date":"2025-10-09 08:58:26","breadcrumb_settings":null,"limit_modified_date":false,"reviewed_by":"0","open_ai":null,"ai":{"faqs":[],"keyPoints":[],"titles":[],"descriptions":[],"socialPosts":{"email":[],"linkedin":[],"twitter":[],"facebook":[],"instagram":[]}},"created":"2025-09-30 20:08:20","updated":"2026-02-05 05:56:21"},"aioseo_breadcrumb":"<div class=\"aioseo-breadcrumbs\"><span class=\"aioseo-breadcrumb\">\n\t<a href=\"https:\/\/soymigrante.com\/revista\" title=\"Home\">Home<\/a>\n<\/span><span class=\"aioseo-breadcrumb-separator\">\u00bb<\/span><span class=\"aioseo-breadcrumb\">\n\t<a href=\"https:\/\/soymigrante.com\/revista\/category\/guate-nuestra\/\" title=\"Guate Nuestra\">Guate Nuestra<\/a>\n<\/span><span class=\"aioseo-breadcrumb-separator\">\u00bb<\/span><span class=\"aioseo-breadcrumb\">\n\tMilly L\u00f3pez: Tejiendo en el tiempo con arte y ra\u00edces\n<\/span><\/div>","aioseo_breadcrumb_json":[{"label":"Home","link":"https:\/\/soymigrante.com\/revista"},{"label":"Guate Nuestra","link":"https:\/\/soymigrante.com\/revista\/category\/guate-nuestra\/"},{"label":"Milly L\u00f3pez: Tejiendo en el tiempo con arte y ra\u00edces","link":"https:\/\/soymigrante.com\/revista\/milly-lopez-tejiendo-en-el-tiempo-con-arte-y-raices\/"}],"_links":{"self":[{"href":"https:\/\/soymigrante.com\/revista\/wp-json\/wp\/v2\/posts\/46397","targetHints":{"allow":["GET"]}}],"collection":[{"href":"https:\/\/soymigrante.com\/revista\/wp-json\/wp\/v2\/posts"}],"about":[{"href":"https:\/\/soymigrante.com\/revista\/wp-json\/wp\/v2\/types\/post"}],"author":[{"embeddable":true,"href":"https:\/\/soymigrante.com\/revista\/wp-json\/wp\/v2\/users\/1"}],"replies":[{"embeddable":true,"href":"https:\/\/soymigrante.com\/revista\/wp-json\/wp\/v2\/comments?post=46397"}],"version-history":[{"count":17,"href":"https:\/\/soymigrante.com\/revista\/wp-json\/wp\/v2\/posts\/46397\/revisions"}],"predecessor-version":[{"id":46416,"href":"https:\/\/soymigrante.com\/revista\/wp-json\/wp\/v2\/posts\/46397\/revisions\/46416"}],"wp:featuredmedia":[{"embeddable":true,"href":"https:\/\/soymigrante.com\/revista\/wp-json\/wp\/v2\/media\/46413"}],"wp:attachment":[{"href":"https:\/\/soymigrante.com\/revista\/wp-json\/wp\/v2\/media?parent=46397"}],"wp:term":[{"taxonomy":"category","embeddable":true,"href":"https:\/\/soymigrante.com\/revista\/wp-json\/wp\/v2\/categories?post=46397"},{"taxonomy":"post_tag","embeddable":true,"href":"https:\/\/soymigrante.com\/revista\/wp-json\/wp\/v2\/tags?post=46397"}],"curies":[{"name":"wp","href":"https:\/\/api.w.org\/{rel}","templated":true}]}}