{"id":46377,"date":"2025-09-30T16:56:14","date_gmt":"2025-09-30T22:56:14","guid":{"rendered":"https:\/\/soymigrante.com\/revista\/?p=46377"},"modified":"2025-10-14T11:02:49","modified_gmt":"2025-10-14T17:02:49","slug":"viene-cyberdays-2025-y-soymigrante-mercado-estara-presente","status":"publish","type":"post","link":"https:\/\/soymigrante.com\/revista\/viene-cyberdays-2025-y-soymigrante-mercado-estara-presente\/","title":{"rendered":"CyberDays 2025: emprendedores de SoyMigrante MERCADO est\u00e1n presentes"},"content":{"rendered":"\t\t<div data-elementor-type=\"wp-post\" data-elementor-id=\"46377\" class=\"elementor elementor-46377\" data-elementor-post-type=\"post\">\n\t\t\t\t<div data-particle_enable=\"false\" data-particle-mobile-disabled=\"false\" class=\"elementor-element elementor-element-713987f e-flex e-con-boxed e-con e-parent\" data-id=\"713987f\" data-element_type=\"container\" data-e-type=\"container\">\n\t\t\t\t\t<div class=\"e-con-inner\">\n\t\t\t\t<div class=\"elementor-element elementor-element-a86c617 elementor-widget elementor-widget-heading\" data-id=\"a86c617\" data-element_type=\"widget\" data-e-type=\"widget\" data-widget_type=\"heading.default\">\n\t\t\t\t\t<h2 class=\"elementor-heading-title elementor-size-default\">CyberDays es la m\u00e1s grande cita de comercio electr\u00f3nico del a\u00f1o, que en esta edici\u00f3n re\u00fane a m\u00e1s de 70 marcas, incluyendo a SoyMigrante MERCADO. Ent\u00e9rate c\u00f3mo registrarte para aprovechar las ofertas del 13 al 17 de octubre.<\/h2>\t\t\t\t<\/div>\n\t\t\t\t<div class=\"elementor-element elementor-element-ced84e6 elementor-widget elementor-widget-html\" data-id=\"ced84e6\" data-element_type=\"widget\" data-e-type=\"widget\" data-widget_type=\"html.default\">\n\t\t\t\t\t<div id=\"buzzsprout-player-18010517\"><\/div><script src=\"https:\/\/www.buzzsprout.com\/2444168\/episodes\/18010517-mercado-esta-en-cyberdays-de-la-camara-de-comercio.js?container_id=buzzsprout-player-18010517&player=small\" type=\"text\/javascript\" charset=\"utf-8\"><\/script>\t\t\t\t<\/div>\n\t\t\t\t\t<\/div>\n\t\t\t\t<\/div>\n\t\t<div data-particle_enable=\"false\" data-particle-mobile-disabled=\"false\" class=\"elementor-element elementor-element-d0856e7 e-flex e-con-boxed e-con e-parent\" data-id=\"d0856e7\" data-element_type=\"container\" data-e-type=\"container\">\n\t\t\t\t\t<div class=\"e-con-inner\">\n\t\t\t\t<div class=\"elementor-element elementor-element-c564db7 elementor-widget elementor-widget-text-editor\" data-id=\"c564db7\" data-element_type=\"widget\" data-e-type=\"widget\" data-widget_type=\"text-editor.default\">\n\t\t\t\t\t\t\t\t\t<p>Un verdadero centro comercial en l\u00ednea, accesible desde tu casa, oficina, en la mesa del restaurante, en ciudad o provincia, con ofertas y descuentos exclusivos y m\u00e1s de 50 marcas participantes: eso es <a href=\"https:\/\/www.cyberdays.gt\/\">CyberDays, <\/a>evento de\u00a0 e-Commerce patrocinado por la C\u00e1mara de Comercio de Guatemala.\u00a0<\/p><p>Del 13 al 17 de octubre de 2025 se llevar\u00e1 a cabo <a href=\"https:\/\/www.cyberdays.gt\/\">CyberDays<\/a>, el mayor evento de compras en l\u00ednea del pa\u00eds. &#8220;Esta es la s\u00e9ptima edici\u00f3n. En 2024 participaron 55 tiendas y este 2025 esperamos que sean\u00a0 m\u00e1s de 70&#8221;, explica Mar\u00eda Canahu\u00ed, directora del departamento de comercio electr\u00f3nico de la C\u00e1mara de Comercio. Y una de esas marcas es <a href=\"https:\/\/soymigrante.com\/mercado\/?srsltid=AfmBOop0rDytyu8p6FmbHD9ztVDQuznFrzkO6RAniouLx3YcTcF42FfS\">SoyMigrante.com MERCADO<\/a> que re\u00fane a emprendedores y artesanos de toda Guatemala.<\/p>\t\t\t\t\t\t\t\t<\/div>\n\t\t\t\t\t<\/div>\n\t\t\t\t<\/div>\n\t\t<div data-particle_enable=\"false\" data-particle-mobile-disabled=\"false\" class=\"elementor-element elementor-element-f822272 e-flex e-con-boxed e-con e-parent\" data-id=\"f822272\" data-element_type=\"container\" data-e-type=\"container\">\n\t\t\t\t\t<div class=\"e-con-inner\">\n\t\t\t\t<div class=\"elementor-element elementor-element-2b1eb5f elementor-widget elementor-widget-image\" data-id=\"2b1eb5f\" data-element_type=\"widget\" data-e-type=\"widget\" data-widget_type=\"image.default\">\n\t\t\t\t\t\t\t\t\t\t\t\t<figure class=\"wp-caption\">\n\t\t\t\t\t\t\t\t\t\t\t<a href=\"https:\/\/www.cyberdays.gt\/\">\n\t\t\t\t\t\t\t<img fetchpriority=\"high\" decoding=\"async\" width=\"1024\" height=\"450\" src=\"https:\/\/soymigrante.com\/revista\/wp-content\/uploads\/2025\/09\/cyberdays-1024x450.png\" class=\"attachment-large size-large wp-image-46447\" alt=\"La convocatoria de CyberDays de la C\u00e1mara de Comercio sigue abierta para m\u00e1s marcas participantes y tambi\u00e9n para el registro de usuarios a fin de recibir un newletter con ofertas y descuentos. Para ir a la p\u00e1gina, clic en la imagen.\" srcset=\"https:\/\/soymigrante.com\/revista\/wp-content\/uploads\/2025\/09\/cyberdays-1024x450.png 1024w, https:\/\/soymigrante.com\/revista\/wp-content\/uploads\/2025\/09\/cyberdays-300x132.png 300w, https:\/\/soymigrante.com\/revista\/wp-content\/uploads\/2025\/09\/cyberdays-768x338.png 768w, https:\/\/soymigrante.com\/revista\/wp-content\/uploads\/2025\/09\/cyberdays-750x330.png 750w, https:\/\/soymigrante.com\/revista\/wp-content\/uploads\/2025\/09\/cyberdays-1140x501.png 1140w, https:\/\/soymigrante.com\/revista\/wp-content\/uploads\/2025\/09\/cyberdays.png 1358w\" sizes=\"(max-width: 1024px) 100vw, 1024px\" title=\"La convocatoria de CyberDays de la C\u00e1mara de Comercio sigue abierta para m\u00e1s marcas participantes y tambi\u00e9n para el registro de usuarios a fin de recibir un newletter con ofertas y descuentos. Para ir a la p\u00e1gina, clic en la imagen. \u2013 SoyMigrante.com REVISTA\" \/>\t\t\t\t\t\t\t\t<\/a>\n\t\t\t\t\t\t\t\t\t\t\t<figcaption class=\"widget-image-caption wp-caption-text\">La convocatoria de CyberDays de la C\u00e1mara de Comercio sigue abierta para m\u00e1s marcas participantes y tambi\u00e9n para el registro de usuarios a fin de recibir un newletter con ofertas y descuentos. Para ir a la p\u00e1gina, clic en la imagen.<\/figcaption>\n\t\t\t\t\t\t\t\t\t\t<\/figure>\n\t\t\t\t\t\t\t\t\t<\/div>\n\t\t\t\t\t<\/div>\n\t\t\t\t<\/div>\n\t\t<div data-particle_enable=\"false\" data-particle-mobile-disabled=\"false\" class=\"elementor-element elementor-element-908297d e-flex e-con-boxed e-con e-parent\" data-id=\"908297d\" data-element_type=\"container\" data-e-type=\"container\">\n\t\t\t\t\t<div class=\"e-con-inner\">\n\t\t\t\t<div class=\"elementor-element elementor-element-2ba7d8b elementor-widget elementor-widget-text-editor\" data-id=\"2ba7d8b\" data-element_type=\"widget\" data-e-type=\"widget\" data-widget_type=\"text-editor.default\">\n\t\t\t\t\t\t\t\t\t<p>Cada vez hay m\u00e1s categor\u00edas participantes. En este 2025, los compradores podr\u00e1n encontrar descuentos en productos de Hogar y oficina, ropa, calzado, salud y cuidado personal, tecnolog\u00eda, viajes, mascotas y m\u00e1s.\u00a0<\/p><p>\u201cEs un evento que re\u00fane a diferentes empresas de distintas categor\u00edas para promocionar sus ofertas y productos durante cinco d\u00edas\u201d,\u00a0 agreg\u00f3 Mar\u00eda Canahu\u00ed, quien destaca el auge del comercio electr\u00f3nico debido a la mayor conectividad pero sobre todo a la mejor confianza de los consumidores para hacer pagos en l\u00ednea, la agilidad en entrega a domicilio y por supuesto las conveniencias de costo y tiempo.<\/p>\t\t\t\t\t\t\t\t<\/div>\n\t\t\t\t\t<\/div>\n\t\t\t\t<\/div>\n\t\t<div data-particle_enable=\"false\" data-particle-mobile-disabled=\"false\" class=\"elementor-element elementor-element-802b7ca e-flex e-con-boxed e-con e-parent\" data-id=\"802b7ca\" data-element_type=\"container\" data-e-type=\"container\">\n\t\t\t\t\t<div class=\"e-con-inner\">\n\t\t\t\t<div class=\"elementor-element elementor-element-b4a337b elementor-widget elementor-widget-image\" data-id=\"b4a337b\" data-element_type=\"widget\" data-e-type=\"widget\" data-widget_type=\"image.default\">\n\t\t\t\t\t\t\t\t\t\t\t\t<figure class=\"wp-caption\">\n\t\t\t\t\t\t\t\t\t\t<img decoding=\"async\" width=\"1024\" height=\"651\" src=\"https:\/\/soymigrante.com\/revista\/wp-content\/uploads\/2025\/09\/soymigrante-mercado-2-1024x651.png\" class=\"attachment-large size-large wp-image-46451\" alt=\"SoyMigrante.com MERCADO formar\u00e1 parte de la oferta de CyberDays de la C\u00e1mara de Comercio, presentando productos aut\u00e9nticos, hechos por manos emprendedoras guatemaltecas. Una ventana a lo \u00fanico.\" srcset=\"https:\/\/soymigrante.com\/revista\/wp-content\/uploads\/2025\/09\/soymigrante-mercado-2-1024x651.png 1024w, https:\/\/soymigrante.com\/revista\/wp-content\/uploads\/2025\/09\/soymigrante-mercado-2-300x191.png 300w, https:\/\/soymigrante.com\/revista\/wp-content\/uploads\/2025\/09\/soymigrante-mercado-2-768x488.png 768w, https:\/\/soymigrante.com\/revista\/wp-content\/uploads\/2025\/09\/soymigrante-mercado-2-750x477.png 750w, https:\/\/soymigrante.com\/revista\/wp-content\/uploads\/2025\/09\/soymigrante-mercado-2-1140x725.png 1140w, https:\/\/soymigrante.com\/revista\/wp-content\/uploads\/2025\/09\/soymigrante-mercado-2.png 1530w\" sizes=\"(max-width: 1024px) 100vw, 1024px\" title=\"SoyMigrante.com MERCADO formar\u00e1 parte de la oferta de CyberDays de la C\u00e1mara de Comercio, presentando productos aut\u00e9nticos, hechos por manos emprendedoras guatemaltecas. Una ventana a lo \u00fanico. \u2013 SoyMigrante.com REVISTA\" \/>\t\t\t\t\t\t\t\t\t\t\t<figcaption class=\"widget-image-caption wp-caption-text\">SoyMigrante.com MERCADO formar\u00e1 parte de la oferta de CyberDays de la C\u00e1mara de Comercio, presentando productos aut\u00e9nticos, hechos por manos emprendedoras guatemaltecas. Una ventana a lo \u00fanico.<\/figcaption>\n\t\t\t\t\t\t\t\t\t\t<\/figure>\n\t\t\t\t\t\t\t\t\t<\/div>\n\t\t\t\t\t<\/div>\n\t\t\t\t<\/div>\n\t\t<div data-particle_enable=\"false\" data-particle-mobile-disabled=\"false\" class=\"elementor-element elementor-element-5acfa97 e-flex e-con-boxed e-con e-parent\" data-id=\"5acfa97\" data-element_type=\"container\" data-e-type=\"container\">\n\t\t\t\t\t<div class=\"e-con-inner\">\n\t\t\t\t<div class=\"elementor-element elementor-element-8beda3c elementor-widget elementor-widget-text-editor\" data-id=\"8beda3c\" data-element_type=\"widget\" data-e-type=\"widget\" data-widget_type=\"text-editor.default\">\n\t\t\t\t\t\t\t\t\t<p><a href=\"https:\/\/www.cyberdays.gt\/\">CyberDays<\/a> se organiza en Guatemala desde hace siete a\u00f1os, inspirado en iniciativas similares de la regi\u00f3n como Hot Sale Day o Cyber Monday. El evento ha crecido de forma sostenida y ya es una tradici\u00f3n. Hay categor\u00edas nuevas y de alta demanda como viajes y productos para mascotas.\u00a0<\/p><p>&#8220;Es cada vez m\u00e1s importante la productividad de <a href=\"https:\/\/www.cyberdays.gt\/\">peque\u00f1as y medianas empresas, as\u00ed como de emprendimientos artesanales<\/a> y la participaci\u00f3n de <a href=\"https:\/\/soymigrante.com\/mercado\/?srsltid=AfmBOop0rDytyu8p6FmbHD9ztVDQuznFrzkO6RAniouLx3YcTcF42FfS\">SoyMigrante.com MERCADO<\/a> es un buen ejemplo de esta apertura a productos aut\u00e9nticos, hechos a mano junto a grandes marcas&#8221;, destac\u00f3 Canahu\u00ed.<\/p>\t\t\t\t\t\t\t\t<\/div>\n\t\t\t\t\t<\/div>\n\t\t\t\t<\/div>\n\t\t<div data-particle_enable=\"false\" data-particle-mobile-disabled=\"false\" class=\"elementor-element elementor-element-ad3dcea e-flex e-con-boxed e-con e-parent\" data-id=\"ad3dcea\" data-element_type=\"container\" data-e-type=\"container\">\n\t\t\t\t\t<div class=\"e-con-inner\">\n\t\t\t\t<div class=\"elementor-element elementor-element-f603ed6 elementor-grid-eael-col-1 elementor-grid-tablet-eael-col-2 elementor-grid-mobile-eael-col-1 elementor-widget elementor-widget-eael-post-grid\" data-id=\"f603ed6\" data-element_type=\"widget\" data-e-type=\"widget\" data-settings=\"{&quot;eael_post_grid_columns&quot;:&quot;eael-col-1&quot;,&quot;eael_post_grid_columns_tablet&quot;:&quot;eael-col-2&quot;,&quot;eael_post_grid_columns_mobile&quot;:&quot;eael-col-1&quot;}\" data-widget_type=\"eael-post-grid.default\">\n\t\t\t\t\t<div id=\"eael-post-grid-f603ed6\" class=\"eael-post-grid-container\">\n            <div class=\"eael-post-grid eael-post-appender eael-post-appender-f603ed6 eael-post-grid-style-one\" data-layout-mode=\"masonry\"><article class=\"eael-grid-post  eael-post-grid-column eael-pg-post-27398 category-guate-nuestra\" data-id=\"27398\">\n        <div class=\"eael-grid-post-holder\">\n            <div class=\"eael-grid-post-holder-inner\"><div class=\"eael-entry-media\"><div class=\"eael-entry-overlay fade-in\"><i class=\"far fa-hand-pointer\" aria-hidden=\"true\"><\/i><a href=\"https:\/\/soymigrante.com\/revista\/historias-de-ingenio-amor-y-perseverancia-de-emprendedoras-guatemaltecas-de-mercado\/\"><\/a><\/div><div class=\"eael-entry-thumbnail eael-image-ratio\">\n                <img decoding=\"async\" width=\"431\" height=\"441\" src=\"https:\/\/soymigrante.com\/revista\/wp-content\/uploads\/2025\/03\/soy-migrante-mercado-IA.webp\" class=\"attachment-large size-large wp-image-27399\" alt=\"Joven mujer vendiendo y mostrando accesorios y bisuter\u00eda colorida en un puesto, con logo de SoyMigrante.com REVISTA en fondo, reflejando emprendimiento y cultura migrante.\" srcset=\"https:\/\/soymigrante.com\/revista\/wp-content\/uploads\/2025\/03\/soy-migrante-mercado-IA.webp 431w, https:\/\/soymigrante.com\/revista\/wp-content\/uploads\/2025\/03\/soy-migrante-mercado-IA-293x300.png 293w\" sizes=\"(max-width: 431px) 100vw, 431px\" \/>\n            <\/div>\n        <\/div><div class=\"eael-entry-wrapper\"><header class=\"eael-entry-header\"><h2 class=\"eael-entry-title\"><a class=\"eael-grid-post-link\" href=\"https:\/\/soymigrante.com\/revista\/historias-de-ingenio-amor-y-perseverancia-de-emprendedoras-guatemaltecas-de-mercado\/\" title=\"Historias de ingenio, amor y perseverancia de emprendedoras guatemaltecas de MERCADO\">Historias de ingenio, amor y perseverancia de emprendedoras guatemaltecas de MERCADO<\/a><\/h2><\/header><div class=\"eael-entry-content\">\n                        <div class=\"eael-grid-post-excerpt\"><a href=\"https:\/\/soymigrante.com\/revista\/historias-de-ingenio-amor-y-perseverancia-de-emprendedoras-guatemaltecas-de-mercado\/\" class=\"eael-post-elements-readmore-btn\">CONOCE SU HISTORIA <\/a><\/div>\n                    <\/div><\/div><\/div>\n        <\/div>\n    <\/article><\/div>\n            <div class=\"clearfix\"><\/div>\n        <\/div>\t\t\t\t<\/div>\n\t\t\t\t\t<\/div>\n\t\t\t\t<\/div>\n\t\t<div data-particle_enable=\"false\" data-particle-mobile-disabled=\"false\" class=\"elementor-element elementor-element-018944e e-flex e-con-boxed e-con e-parent\" data-id=\"018944e\" data-element_type=\"container\" data-e-type=\"container\">\n\t\t\t\t\t<div class=\"e-con-inner\">\n\t\t\t\t<div class=\"elementor-element elementor-element-2ad2cc0 elementor-widget elementor-widget-text-editor\" data-id=\"2ad2cc0\" data-element_type=\"widget\" data-e-type=\"widget\" data-widget_type=\"text-editor.default\">\n\t\t\t\t\t\t\t\t\t<p>Recomienda a los comercios peque\u00f1os desarrolar una estrategia digital.\u00a0 \u201cLa oportunidad de CyberDays es para comercios peque\u00f1os, medianos y grandes. Pero es importante que los negocios tengan una estrategia propia de marketing y contenidos para ser relevantes en un mercado competitivo\u201d, advirti\u00f3 Canahu\u00ed.<\/p><p>A trav\u00e9s de CyberDays las empresas obtienen visibilidad y acceso a un p\u00fablico activo en l\u00ednea. Para los consumidores, la confianza ha crecido con m\u00e1s opciones de pago \u2014tarjeta, d\u00e9bito, efectivo o cuotas\u2014 y mejores garant\u00edas de servicio, a\u00f1ade la experta.<\/p><p>Las proyecciones son optimistas. \u201cLo que buscamos como comercio es estar donde el consumidor est\u00e1 y darle opciones. Cada vez hay m\u00e1s confianza en el <a href=\"https:\/\/soymigrante.com\/revista\/e-commerce-sigue-creciendo-en-guatemala-y-debe-ser-ventaja-para-productos-de-calidad\/\">comercio electr\u00f3nico<\/a>\u201d, concluy\u00f3 Canahu\u00ed.<\/p>\t\t\t\t\t\t\t\t<\/div>\n\t\t\t\t\t<\/div>\n\t\t\t\t<\/div>\n\t\t<div data-particle_enable=\"false\" data-particle-mobile-disabled=\"false\" class=\"elementor-element elementor-element-fe6c1fc e-flex e-con-boxed e-con e-parent\" data-id=\"fe6c1fc\" data-element_type=\"container\" data-e-type=\"container\">\n\t\t\t\t\t<div class=\"e-con-inner\">\n\t\t\t\t<div class=\"elementor-element elementor-element-71b491e elementor-widget elementor-widget-heading\" data-id=\"71b491e\" data-element_type=\"widget\" data-e-type=\"widget\" data-widget_type=\"heading.default\">\n\t\t\t\t\t<h2 class=\"elementor-heading-title elementor-size-default\">Detr\u00e1s de cada emprendimiento siempre hay una gran historia<\/h2>\t\t\t\t<\/div>\n\t\t\t\t\t<\/div>\n\t\t\t\t<\/div>\n\t\t<div data-particle_enable=\"false\" data-particle-mobile-disabled=\"false\" class=\"elementor-element elementor-element-64d6f87 e-flex e-con-boxed e-con e-parent\" data-id=\"64d6f87\" data-element_type=\"container\" data-e-type=\"container\">\n\t\t\t\t\t<div class=\"e-con-inner\">\n\t\t\t\t<div class=\"elementor-element elementor-element-e4135ac elementor-grid-eael-col-3 elementor-grid-tablet-eael-col-2 elementor-grid-mobile-eael-col-1 elementor-widget elementor-widget-eael-post-grid\" data-id=\"e4135ac\" data-element_type=\"widget\" data-e-type=\"widget\" data-settings=\"{&quot;eael_post_grid_columns&quot;:&quot;eael-col-3&quot;,&quot;eael_post_grid_columns_tablet&quot;:&quot;eael-col-2&quot;,&quot;eael_post_grid_columns_mobile&quot;:&quot;eael-col-1&quot;}\" data-widget_type=\"eael-post-grid.default\">\n\t\t\t\t\t<div id=\"eael-post-grid-e4135ac\" class=\"eael-post-grid-container\">\n            <div class=\"eael-post-grid eael-post-appender eael-post-appender-e4135ac eael-post-grid-style-one\" data-layout-mode=\"masonry\"><article class=\"eael-grid-post  eael-post-grid-column eael-pg-post-13878 category-guate-nuestra tags-mercado-emprendedores\" data-id=\"13878\">\n        <div class=\"eael-grid-post-holder\">\n            <div class=\"eael-grid-post-holder-inner\"><div class=\"eael-entry-media\"><div class=\"eael-entry-overlay fade-in\"><i class=\"far fa-hand-pointer\" aria-hidden=\"true\"><\/i><a href=\"https:\/\/soymigrante.com\/revista\/torrons-cafe-y-chocolate-sabores-unicos-de-un-sueno-emprendedor\/\"><\/a><\/div><div class=\"eael-entry-thumbnail eael-image-ratio\">\n                <img loading=\"lazy\" decoding=\"async\" width=\"586\" height=\"586\" src=\"https:\/\/soymigrante.com\/revista\/wp-content\/uploads\/2024\/11\/torrons2.webp\" class=\"attachment-large size-large wp-image-13902\" alt=\"Sabores tradicionales, chocolate mexicano con az\u00facar y canela, producto artesanal, dulce y delicioso, ideal para regalar o disfrutar en familia.\" srcset=\"https:\/\/soymigrante.com\/revista\/wp-content\/uploads\/2024\/11\/torrons2.webp 586w, https:\/\/soymigrante.com\/revista\/wp-content\/uploads\/2024\/11\/torrons2-300x300.jpg 300w, https:\/\/soymigrante.com\/revista\/wp-content\/uploads\/2024\/11\/torrons2-150x150.jpg 150w, https:\/\/soymigrante.com\/revista\/wp-content\/uploads\/2024\/11\/torrons2-75x75.webp 75w\" sizes=\"(max-width: 586px) 100vw, 586px\" \/>\n            <\/div>\n        <\/div><div class=\"eael-entry-wrapper\"><header class=\"eael-entry-header\"><h2 class=\"eael-entry-title\"><a class=\"eael-grid-post-link\" href=\"https:\/\/soymigrante.com\/revista\/torrons-cafe-y-chocolate-sabores-unicos-de-un-sueno-emprendedor\/\" title=\"Torrons Caf\u00e9 y Chocolate: sabores muy originales de un sue\u00f1o emprendedor\">Torrons Caf\u00e9 y Chocolate: sabores muy originales de un sue\u00f1o emprendedor<\/a><\/h2><\/header><div class=\"eael-entry-content\">\n                        <div class=\"eael-grid-post-excerpt\"><a href=\"https:\/\/soymigrante.com\/revista\/torrons-cafe-y-chocolate-sabores-unicos-de-un-sueno-emprendedor\/\" class=\"eael-post-elements-readmore-btn\">CONOCE SU HISTORIA <\/a><\/div>\n                    <\/div><\/div><\/div>\n        <\/div>\n    <\/article><article class=\"eael-grid-post  eael-post-grid-column eael-pg-post-33668 category-guate-nuestra tags-mercado-emprendedores\" data-id=\"33668\">\n        <div class=\"eael-grid-post-holder\">\n            <div class=\"eael-grid-post-holder-inner\"><div class=\"eael-entry-media\"><div class=\"eael-entry-overlay fade-in\"><i class=\"far fa-hand-pointer\" aria-hidden=\"true\"><\/i><a href=\"https:\/\/soymigrante.com\/revista\/adolfo-figueroa-dio-un-giro-a-su-profesion-de-ingeniero-para-elaborar-las-espumillas-brothaus\/\"><\/a><\/div><div class=\"eael-entry-thumbnail eael-image-ratio\">\n                <img loading=\"lazy\" decoding=\"async\" width=\"768\" height=\"1024\" src=\"https:\/\/soymigrante.com\/revista\/wp-content\/uploads\/2025\/05\/Adolfo-Figueroa2-768x1024.jpeg\" class=\"attachment-large size-large wp-image-33669\" alt=\"Recetas tradicionales mexicanas preparadas por migrantes en un ambiente de cocina comunitaria, resaltando la cultura, uni\u00f3n y el trabajo en equipo.\" srcset=\"https:\/\/soymigrante.com\/revista\/wp-content\/uploads\/2025\/05\/Adolfo-Figueroa2-768x1024.jpeg 768w, https:\/\/soymigrante.com\/revista\/wp-content\/uploads\/2025\/05\/Adolfo-Figueroa2-225x300.jpeg 225w, https:\/\/soymigrante.com\/revista\/wp-content\/uploads\/2025\/05\/Adolfo-Figueroa2-750x1000.jpeg 750w, https:\/\/soymigrante.com\/revista\/wp-content\/uploads\/2025\/05\/Adolfo-Figueroa2.webp 960w\" sizes=\"(max-width: 768px) 100vw, 768px\" \/>\n            <\/div>\n        <\/div><div class=\"eael-entry-wrapper\"><header class=\"eael-entry-header\"><h2 class=\"eael-entry-title\"><a class=\"eael-grid-post-link\" href=\"https:\/\/soymigrante.com\/revista\/adolfo-figueroa-dio-un-giro-a-su-profesion-de-ingeniero-para-elaborar-las-espumillas-brothaus\/\" title=\"Adolfo Figueroa dio un giro a su profesi\u00f3n de ingeniero para elaborar las espumillas Brothaus\">Adolfo Figueroa dio un giro a su profesi\u00f3n de ingeniero para elaborar las espumillas Brothaus<\/a><\/h2><\/header><div class=\"eael-entry-content\">\n                        <div class=\"eael-grid-post-excerpt\"><a href=\"https:\/\/soymigrante.com\/revista\/adolfo-figueroa-dio-un-giro-a-su-profesion-de-ingeniero-para-elaborar-las-espumillas-brothaus\/\" class=\"eael-post-elements-readmore-btn\">CONOCE SU HISTORIA <\/a><\/div>\n                    <\/div><\/div><\/div>\n        <\/div>\n    <\/article><article class=\"eael-grid-post  eael-post-grid-column eael-pg-post-41297 category-guate-nuestra tags-mercado-emprendedores\" data-id=\"41297\">\n        <div class=\"eael-grid-post-holder\">\n            <div class=\"eael-grid-post-holder-inner\"><div class=\"eael-entry-media\"><div class=\"eael-entry-overlay fade-in\"><i class=\"far fa-hand-pointer\" aria-hidden=\"true\"><\/i><a href=\"https:\/\/soymigrante.com\/revista\/textiles-kem-colorido-e-identidad-de-adelina-nicho-desde-comalapa\/\"><\/a><\/div><div class=\"eael-entry-thumbnail eael-image-ratio\">\n                <img loading=\"lazy\" decoding=\"async\" width=\"1024\" height=\"1024\" src=\"https:\/\/soymigrante.com\/revista\/wp-content\/uploads\/2025\/08\/adelina-nicho-cumez-textiles-kem-comalapa-mercado-1-1024x1024.jpg\" class=\"attachment-large size-large wp-image-41302\" alt=\"Mujer ind\u00edgena con gafas, sonriendo y vestida con ropa colorida y patr\u00f3n tradicional, representando cultura y comunidad en un entorno natural.\" srcset=\"https:\/\/soymigrante.com\/revista\/wp-content\/uploads\/2025\/08\/adelina-nicho-cumez-textiles-kem-comalapa-mercado-1-1024x1024.jpg 1024w, https:\/\/soymigrante.com\/revista\/wp-content\/uploads\/2025\/08\/adelina-nicho-cumez-textiles-kem-comalapa-mercado-1-300x300.jpg 300w, https:\/\/soymigrante.com\/revista\/wp-content\/uploads\/2025\/08\/adelina-nicho-cumez-textiles-kem-comalapa-mercado-1-150x150.jpg 150w, https:\/\/soymigrante.com\/revista\/wp-content\/uploads\/2025\/08\/adelina-nicho-cumez-textiles-kem-comalapa-mercado-1-768x768.jpg 768w, https:\/\/soymigrante.com\/revista\/wp-content\/uploads\/2025\/08\/adelina-nicho-cumez-textiles-kem-comalapa-mercado-1-75x75.webp 75w, https:\/\/soymigrante.com\/revista\/wp-content\/uploads\/2025\/08\/adelina-nicho-cumez-textiles-kem-comalapa-mercado-1-750x750.webp 750w, https:\/\/soymigrante.com\/revista\/wp-content\/uploads\/2025\/08\/adelina-nicho-cumez-textiles-kem-comalapa-mercado-1-1140x1140.webp 1140w, https:\/\/soymigrante.com\/revista\/wp-content\/uploads\/2025\/08\/adelina-nicho-cumez-textiles-kem-comalapa-mercado-1.webp 1187w\" sizes=\"(max-width: 1024px) 100vw, 1024px\" \/>\n            <\/div>\n        <\/div><div class=\"eael-entry-wrapper\"><header class=\"eael-entry-header\"><h2 class=\"eael-entry-title\"><a class=\"eael-grid-post-link\" href=\"https:\/\/soymigrante.com\/revista\/textiles-kem-colorido-e-identidad-de-adelina-nicho-desde-comalapa\/\" title=\"Kem Textiles Mayas: colorido e identidad de Adelina Nicho desde Comalapa\">Kem Textiles Mayas: colorido e identidad de Adelina Nicho desde Comalapa<\/a><\/h2><\/header><div class=\"eael-entry-content\">\n                        <div class=\"eael-grid-post-excerpt\"><a href=\"https:\/\/soymigrante.com\/revista\/textiles-kem-colorido-e-identidad-de-adelina-nicho-desde-comalapa\/\" class=\"eael-post-elements-readmore-btn\">CONOCE SU HISTORIA <\/a><\/div>\n                    <\/div><\/div><\/div>\n        <\/div>\n    <\/article><\/div>\n            <div class=\"clearfix\"><\/div>\n        <\/div>\t\t\t\t<\/div>\n\t\t\t\t\t<\/div>\n\t\t\t\t<\/div>\n\t\t\t\t<\/div>\n\t\t","protected":false},"excerpt":{"rendered":"<p>CyberDays es la m\u00e1s grande cita de comercio electr\u00f3nico del a\u00f1o, que en esta edici\u00f3n re\u00fane a m\u00e1s de 70 marcas, incluyendo a SoyMigrante MERCADO. Ent\u00e9rate c\u00f3mo registrarte para aprovechar las ofertas del 13 al 17 de octubre. Un verdadero centro comercial en l\u00ednea, accesible desde tu casa, oficina, en la mesa del restaurante, en [&hellip;]<\/p>\n","protected":false},"author":7,"featured_media":46378,"comment_status":"open","ping_status":"open","sticky":false,"template":"","format":"standard","meta":{"_acf_changed":false,"_eb_attr":"","footnotes":""},"categories":[54,280],"tags":[130],"class_list":["post-46377","post","type-post","status-publish","format-standard","has-post-thumbnail","hentry","category-estamos-unidos","category-noticias","tag-mercado-emprendedores"],"acf":[],"aioseo_notices":[],"aioseo_head":"\n\t\t<!-- All in One SEO Pro 4.9.6.2 - aioseo.com -->\n\t<meta name=\"description\" content=\"Fundado por Adelina Nicho C\u00famez, Kem Textiles Mayas impulsa el tejido artesanal y genera oportunidades. Tiene tienda digital en MERCADO. Conoce su historia.\" \/>\n\t<meta name=\"robots\" content=\"max-snippet:-1, max-image-preview:large, max-video-preview:-1\" \/>\n\t<meta name=\"author\" content=\"Gustavo Montenegro\"\/>\n\t<link rel=\"canonical\" href=\"https:\/\/soymigrante.com\/revista\/textiles-kem-colorido-e-identidad-de-adelina-nicho-desde-comalapa\/\" \/>\n\t<meta name=\"generator\" content=\"All in One SEO Pro (AIOSEO) 4.9.6.2\" \/>\n\n\t\t<link rel=\"preconnect\" href=\"https:\/\/fonts.googleapis.com\" crossorigin>\n<link rel=\"preconnect\" href=\"https:\/\/fonts.gstatic.com\" crossorigin>\n\t\t<meta property=\"og:locale\" content=\"es_ES\" \/>\n\t\t<meta property=\"og:site_name\" content=\"SoyMigrante.com REVISTA \u2013 Nuestra misi\u00f3n es reconocer y dignificar al migrante.\" \/>\n\t\t<meta property=\"og:type\" content=\"article\" \/>\n\t\t<meta property=\"og:title\" content=\"Textiles Kem: tradici\u00f3n desde Comalapa ya est\u00e1 en MERCADO\" \/>\n\t\t<meta property=\"og:description\" content=\"Fundado por Adelina Nicho C\u00famez, Kem Textiles Mayas impulsa el tejido artesanal y genera oportunidades. Tiene tienda digital en MERCADO. Conoce su historia.\" \/>\n\t\t<meta property=\"og:url\" content=\"https:\/\/soymigrante.com\/revista\/textiles-kem-colorido-e-identidad-de-adelina-nicho-desde-comalapa\/\" \/>\n\t\t<meta property=\"og:image\" content=\"https:\/\/soymigrante.com\/revista\/wp-content\/uploads\/2025\/08\/adelina-nicho-cumez-textiles-kem-comalapa-mercado-1.webp\" \/>\n\t\t<meta property=\"og:image:secure_url\" content=\"https:\/\/soymigrante.com\/revista\/wp-content\/uploads\/2025\/08\/adelina-nicho-cumez-textiles-kem-comalapa-mercado-1.webp\" \/>\n\t\t<meta property=\"og:image:width\" content=\"1187\" \/>\n\t\t<meta property=\"og:image:height\" content=\"1187\" \/>\n\t\t<meta property=\"article:published_time\" content=\"2025-08-05T22:26:21+00:00\" \/>\n\t\t<meta property=\"article:modified_time\" content=\"2025-08-06T18:36:23+00:00\" \/>\n\t\t<meta property=\"article:publisher\" content=\"https:\/\/www.facebook.com\/soymigrantecom\" \/>\n\t\t<meta name=\"twitter:card\" content=\"summary_large_image\" \/>\n\t\t<meta name=\"twitter:site\" content=\"@SoyMigrante_com\" \/>\n\t\t<meta name=\"twitter:title\" content=\"Textiles Kem: tradici\u00f3n desde Comalapa ya est\u00e1 en MERCADO\" \/>\n\t\t<meta name=\"twitter:description\" content=\"Fundado por Adelina Nicho C\u00famez, Kem Textiles Mayas impulsa el tejido artesanal y genera oportunidades. Tiene tienda digital en MERCADO. Conoce su historia.\" \/>\n\t\t<meta name=\"twitter:creator\" content=\"@SoyMigrante_com\" \/>\n\t\t<meta name=\"twitter:image\" content=\"https:\/\/soymigrante.com\/revista\/wp-content\/uploads\/2025\/08\/adelina-nicho-cumez-textiles-kem-comalapa-mercado-1.webp\" \/>\n\t\t<!-- All in One SEO Pro -->\r\n\t\t<title>Textiles Kem: tradici\u00f3n desde Comalapa ya est\u00e1 en MERCADO<\/title>\n\n","aioseo_head_json":{"title":"Textiles Kem: tradici\u00f3n desde Comalapa ya est\u00e1 en MERCADO","description":"Fundado por Adelina Nicho C\u00famez, Kem Textiles Mayas impulsa el tejido artesanal y genera oportunidades. Tiene tienda digital en MERCADO. Conoce su historia.","canonical_url":"https:\/\/soymigrante.com\/revista\/textiles-kem-colorido-e-identidad-de-adelina-nicho-desde-comalapa\/","robots":"max-snippet:-1, max-image-preview:large, max-video-preview:-1","keywords":"","webmasterTools":{"miscellaneous":"&lt;link rel=\"preconnect\" href=\"https:\/\/fonts.googleapis.com\" crossorigin&gt;\n&lt;link rel=\"preconnect\" href=\"https:\/\/fonts.gstatic.com\" crossorigin&gt;"},"schema":null,"og:locale":"es_ES","og:site_name":"SoyMigrante.com REVISTA \u2013 Nuestra misi\u00f3n es reconocer y dignificar al migrante.","og:type":"article","og:title":"Textiles Kem: tradici\u00f3n desde Comalapa ya est\u00e1 en MERCADO","og:description":"Fundado por Adelina Nicho C\u00famez, Kem Textiles Mayas impulsa el tejido artesanal y genera oportunidades. Tiene tienda digital en MERCADO. Conoce su historia.","og:url":"https:\/\/soymigrante.com\/revista\/textiles-kem-colorido-e-identidad-de-adelina-nicho-desde-comalapa\/","og:image":"https:\/\/soymigrante.com\/revista\/wp-content\/uploads\/2025\/08\/adelina-nicho-cumez-textiles-kem-comalapa-mercado-1.webp","og:image:secure_url":"https:\/\/soymigrante.com\/revista\/wp-content\/uploads\/2025\/08\/adelina-nicho-cumez-textiles-kem-comalapa-mercado-1.webp","og:image:width":1187,"og:image:height":1187,"article:published_time":"2025-08-05T22:26:21+00:00","article:modified_time":"2025-08-06T18:36:23+00:00","article:publisher":"https:\/\/www.facebook.com\/soymigrantecom","twitter:card":"summary_large_image","twitter:site":"@SoyMigrante_com","twitter:title":"Textiles Kem: tradici\u00f3n desde Comalapa ya est\u00e1 en MERCADO","twitter:description":"Fundado por Adelina Nicho C\u00famez, Kem Textiles Mayas impulsa el tejido artesanal y genera oportunidades. Tiene tienda digital en MERCADO. Conoce su historia.","twitter:creator":"@SoyMigrante_com","twitter:image":"https:\/\/soymigrante.com\/revista\/wp-content\/uploads\/2025\/08\/adelina-nicho-cumez-textiles-kem-comalapa-mercado-1.webp"},"aioseo_meta_data":{"post_id":"46377","title":null,"description":"Los emprendedores de SoyMigrante.com MERCADO ofrecen productos aut\u00e9nticos, con ofertas en l\u00ednea, del 13 al 17 de octubre. Entra, mira, conoce y apoya.","keywords":null,"keyphrases":{"focus":{"keyphrase":"CyberDays","score":82,"analysis":{"keyphraseInTitle":{"score":9,"maxScore":9,"error":0},"keyphraseInDescription":{"score":3,"maxScore":9,"error":1},"keyphraseLength":{"score":9,"maxScore":9,"error":0,"length":1},"keyphraseInURL":{"score":5,"maxScore":5,"error":0},"keyphraseInIntroduction":{"score":9,"maxScore":9,"error":0},"keyphraseInSubHeadings":{"score":3,"maxScore":9,"error":1},"keyphraseInImageAlt":{"score":9,"maxScore":9,"error":0},"keywordDensity":{"type":"best","score":9,"maxScore":9,"error":0}}},"additional":[{"keyphrase":"e-Commerce","score":53,"analysis":{"keyphraseInDescription":{"score":3,"maxScore":9,"error":1},"keyphraseLength":{"score":9,"maxScore":9,"error":0,"length":1},"keyphraseInIntroduction":{"score":9,"maxScore":9,"error":0},"keyphraseInImageAlt":{"score":3,"maxScore":9,"error":1},"keywordDensity":{"score":0,"type":"low","maxScore":9,"error":1}}}]},"primary_term":null,"canonical_url":null,"og_title":null,"og_description":null,"og_object_type":"default","og_image_type":"default","og_image_url":null,"og_image_width":null,"og_image_height":null,"og_image_custom_url":null,"og_image_custom_fields":null,"og_video":"","og_custom_url":null,"og_article_section":null,"og_article_tags":null,"twitter_use_og":false,"twitter_card":"default","twitter_image_type":"default","twitter_image_url":null,"twitter_image_custom_url":null,"twitter_image_custom_fields":null,"twitter_title":null,"twitter_description":null,"schema":{"blockGraphs":[],"customGraphs":[],"default":{"data":{"Article":[],"Course":[],"Dataset":[],"FAQPage":[],"Movie":[],"Person":[],"Product":[],"ProductReview":[],"Car":[],"Recipe":[],"Service":[],"SoftwareApplication":[],"WebPage":[]},"graphName":"none","isEnabled":true},"graphs":[]},"schema_type":"default","schema_type_options":null,"pillar_content":false,"robots_default":true,"robots_noindex":false,"robots_noarchive":false,"robots_nosnippet":false,"robots_nofollow":false,"robots_noimageindex":false,"robots_noodp":false,"robots_notranslate":false,"robots_max_snippet":"-1","robots_max_videopreview":"-1","robots_max_imagepreview":"large","priority":null,"frequency":"default","local_seo":null,"seo_analyzer_scan_date":"2025-10-14 17:04:42","breadcrumb_settings":null,"limit_modified_date":false,"reviewed_by":"0","open_ai":null,"ai":{"faqs":[],"keyPoints":[],"titles":[],"descriptions":[],"socialPosts":{"email":[],"linkedin":[],"twitter":[],"facebook":[],"instagram":[]}},"created":"2025-09-30 18:08:17","updated":"2026-02-05 05:56:21"},"aioseo_breadcrumb":"<div class=\"aioseo-breadcrumbs\"><span class=\"aioseo-breadcrumb\">\n\t<a href=\"https:\/\/soymigrante.com\/revista\" title=\"Home\">Home<\/a>\n<\/span><span class=\"aioseo-breadcrumb-separator\">\u00bb<\/span><span class=\"aioseo-breadcrumb\">\n\t<a href=\"https:\/\/soymigrante.com\/revista\/category\/estamos-unidos\/\" title=\"Estamos Unidos\">Estamos Unidos<\/a>\n<\/span><span class=\"aioseo-breadcrumb-separator\">\u00bb<\/span><span class=\"aioseo-breadcrumb\">\n\tCyberDays 2025: emprendedores de SoyMigrante MERCADO est\u00e1n presentes\n<\/span><\/div>","aioseo_breadcrumb_json":[{"label":"Home","link":"https:\/\/soymigrante.com\/revista"},{"label":"Estamos Unidos","link":"https:\/\/soymigrante.com\/revista\/category\/estamos-unidos\/"},{"label":"CyberDays 2025: emprendedores de SoyMigrante MERCADO est\u00e1n presentes","link":"https:\/\/soymigrante.com\/revista\/viene-cyberdays-2025-y-soymigrante-mercado-estara-presente\/"}],"_links":{"self":[{"href":"https:\/\/soymigrante.com\/revista\/wp-json\/wp\/v2\/posts\/46377","targetHints":{"allow":["GET"]}}],"collection":[{"href":"https:\/\/soymigrante.com\/revista\/wp-json\/wp\/v2\/posts"}],"about":[{"href":"https:\/\/soymigrante.com\/revista\/wp-json\/wp\/v2\/types\/post"}],"author":[{"embeddable":true,"href":"https:\/\/soymigrante.com\/revista\/wp-json\/wp\/v2\/users\/7"}],"replies":[{"embeddable":true,"href":"https:\/\/soymigrante.com\/revista\/wp-json\/wp\/v2\/comments?post=46377"}],"version-history":[{"count":8,"href":"https:\/\/soymigrante.com\/revista\/wp-json\/wp\/v2\/posts\/46377\/revisions"}],"predecessor-version":[{"id":47255,"href":"https:\/\/soymigrante.com\/revista\/wp-json\/wp\/v2\/posts\/46377\/revisions\/47255"}],"wp:featuredmedia":[{"embeddable":true,"href":"https:\/\/soymigrante.com\/revista\/wp-json\/wp\/v2\/media\/46378"}],"wp:attachment":[{"href":"https:\/\/soymigrante.com\/revista\/wp-json\/wp\/v2\/media?parent=46377"}],"wp:term":[{"taxonomy":"category","embeddable":true,"href":"https:\/\/soymigrante.com\/revista\/wp-json\/wp\/v2\/categories?post=46377"},{"taxonomy":"post_tag","embeddable":true,"href":"https:\/\/soymigrante.com\/revista\/wp-json\/wp\/v2\/tags?post=46377"}],"curies":[{"name":"wp","href":"https:\/\/api.w.org\/{rel}","templated":true}]}}