{"id":46326,"date":"2025-09-29T16:10:59","date_gmt":"2025-09-29T22:10:59","guid":{"rendered":"https:\/\/soymigrante.com\/revista\/?p=46326"},"modified":"2025-10-06T08:13:32","modified_gmt":"2025-10-06T14:13:32","slug":"textiles-dla-rosa-presentara-disenos-mayas-en-paris","status":"publish","type":"post","link":"https:\/\/soymigrante.com\/revista\/textiles-dla-rosa-presentara-disenos-mayas-en-paris\/","title":{"rendered":"Textiles mayas D&#8217;La Rosa ahora va a la Semana de la Moda de Par\u00eds"},"content":{"rendered":"\t\t<div data-elementor-type=\"wp-post\" data-elementor-id=\"46326\" class=\"elementor elementor-46326\" data-elementor-post-type=\"post\">\n\t\t\t\t<div data-particle_enable=\"false\" data-particle-mobile-disabled=\"false\" class=\"elementor-element elementor-element-79a2395 e-flex e-con-boxed e-con e-parent\" data-id=\"79a2395\" data-element_type=\"container\" data-e-type=\"container\">\n\t\t\t\t\t<div class=\"e-con-inner\">\n\t\t\t\t<div class=\"elementor-element elementor-element-e0878d0 elementor-widget elementor-widget-heading\" data-id=\"e0878d0\" data-element_type=\"widget\" data-e-type=\"widget\" data-widget_type=\"heading.default\">\n\t\t\t\t\t<h2 class=\"elementor-heading-title elementor-size-default\">Al logro de presentar por primera vez una pasarela de indumentaria maya en la Semana de la Moda de Nueva York, ahora se suma un desfile de la colecci\u00f3n Legado Ancestral, en Par\u00eds. <\/h2>\t\t\t\t<\/div>\n\t\t\t\t\t<\/div>\n\t\t\t\t<\/div>\n\t\t<div data-particle_enable=\"false\" data-particle-mobile-disabled=\"false\" class=\"elementor-element elementor-element-96a8500 e-flex e-con-boxed e-con e-parent\" data-id=\"96a8500\" data-element_type=\"container\" data-e-type=\"container\">\n\t\t\t\t\t<div class=\"e-con-inner\">\n\t\t\t\t<div class=\"elementor-element elementor-element-8c9d68b elementor-widget elementor-widget-text-editor\" data-id=\"8c9d68b\" data-element_type=\"widget\" data-e-type=\"widget\" data-widget_type=\"text-editor.default\">\n\t\t\t\t\t\t\t\t\t<p>El pr\u00f3ximo s\u00e1bado 4 de octubre desde el hotel Meli\u00e1 de Par\u00eds, Francis se presentar\u00e1 la colecci\u00f3n Legado Ancestral, de textiles D&#8217;La Rossa, confeccionados en <a href=\"https:\/\/soymigrante.com\/revista\/departamentos-de-guatemala-totonicapan-la-tierra-del-gran-atanasio-tzul\/\">Totonicap\u00e1n<\/a> y distribuidos en tiendas del occidente guatemalteco, as\u00ed como en algunas ciudades de Estados Unidos. <a href=\"https:\/\/soymigrante.com\/revista\/en-imagenes-textiles-dla-rossa-deslumbra-en-paris\/\">La transmisi\u00f3n ser\u00e1 ese d\u00eda a las 20 horas, hora de Guatemala. (Actualizaci\u00f3n: clic en este link para ver el desfile)<\/a><\/p>\n<p>Esta presentaci\u00f3n en un escenario de talla internacional se suma a la exitosa velada del 13 de septiembre durante la<a href=\"https:\/\/soymigrante.com\/revista\/textiles-dla-rossa-de-totonicapan-se-presenta-en-new-york-fashion-week-2025\/\"> Semana de la Moda en Nueva York.<\/a><\/p>\t\t\t\t\t\t\t\t<\/div>\n\t\t\t\t\t<\/div>\n\t\t\t\t<\/div>\n\t\t<div data-particle_enable=\"false\" data-particle-mobile-disabled=\"false\" class=\"elementor-element elementor-element-f6c2118 e-flex e-con-boxed e-con e-parent\" data-id=\"f6c2118\" data-element_type=\"container\" data-e-type=\"container\">\n\t\t\t\t\t<div class=\"e-con-inner\">\n\t\t\t\t<div class=\"elementor-element elementor-element-94f23cd elementor-widget elementor-widget-image\" data-id=\"94f23cd\" data-element_type=\"widget\" data-e-type=\"widget\" data-widget_type=\"image.default\">\n\t\t\t\t\t\t\t\t\t\t\t\t<figure class=\"wp-caption\">\n\t\t\t\t\t\t\t\t\t\t<img fetchpriority=\"high\" decoding=\"async\" width=\"1024\" height=\"1014\" src=\"https:\/\/soymigrante.com\/revista\/wp-content\/uploads\/2025\/09\/textiles-d-la-rossa-guatemala-en-paris-1-1024x1014.jpg\" class=\"attachment-large size-large wp-image-46332\" alt=\"El hotel Meli\u00e1 de Par\u00eds, Francia ser\u00e1 el escenario de la primera gran pasarela europea de Textiles D&#039;La Rossa en representaci\u00f3n de la gran industria textil maya guatemalteca:\" srcset=\"https:\/\/soymigrante.com\/revista\/wp-content\/uploads\/2025\/09\/textiles-d-la-rossa-guatemala-en-paris-1-1024x1014.jpg 1024w, https:\/\/soymigrante.com\/revista\/wp-content\/uploads\/2025\/09\/textiles-d-la-rossa-guatemala-en-paris-1-300x297.jpg 300w, https:\/\/soymigrante.com\/revista\/wp-content\/uploads\/2025\/09\/textiles-d-la-rossa-guatemala-en-paris-1-150x150.jpg 150w, https:\/\/soymigrante.com\/revista\/wp-content\/uploads\/2025\/09\/textiles-d-la-rossa-guatemala-en-paris-1-768x761.jpg 768w, https:\/\/soymigrante.com\/revista\/wp-content\/uploads\/2025\/09\/textiles-d-la-rossa-guatemala-en-paris-1-1536x1521.jpg 1536w, https:\/\/soymigrante.com\/revista\/wp-content\/uploads\/2025\/09\/textiles-d-la-rossa-guatemala-en-paris-1-75x75.jpg 75w, https:\/\/soymigrante.com\/revista\/wp-content\/uploads\/2025\/09\/textiles-d-la-rossa-guatemala-en-paris-1-750x743.jpg 750w, https:\/\/soymigrante.com\/revista\/wp-content\/uploads\/2025\/09\/textiles-d-la-rossa-guatemala-en-paris-1-1140x1129.jpg 1140w, https:\/\/soymigrante.com\/revista\/wp-content\/uploads\/2025\/09\/textiles-d-la-rossa-guatemala-en-paris-1.jpg 2048w\" sizes=\"(max-width: 1024px) 100vw, 1024px\" title=\"El hotel Meli\u00e1 de Par\u00eds, Francia ser\u00e1 el escenario de la primera gran pasarela europea de Textiles D&#039;La Rossa en representaci\u00f3n de la gran industria textil maya guatemalteca: \u2013 SoyMigrante.com REVISTA\" \/>\t\t\t\t\t\t\t\t\t\t\t<figcaption class=\"widget-image-caption wp-caption-text\">El hotel Meli\u00e1 de Par\u00eds, Francia ser\u00e1 el escenario de la primera gran pasarela europea de Textiles D'La Rossa en representaci\u00f3n de la gran industria textil maya guatemalteca:<\/figcaption>\n\t\t\t\t\t\t\t\t\t\t<\/figure>\n\t\t\t\t\t\t\t\t\t<\/div>\n\t\t\t\t\t<\/div>\n\t\t\t\t<\/div>\n\t\t<div data-particle_enable=\"false\" data-particle-mobile-disabled=\"false\" class=\"elementor-element elementor-element-195c0ee e-flex e-con-boxed e-con e-parent\" data-id=\"195c0ee\" data-element_type=\"container\" data-e-type=\"container\">\n\t\t\t\t\t<div class=\"e-con-inner\">\n\t\t\t\t<div class=\"elementor-element elementor-element-8896cbf elementor-widget elementor-widget-heading\" data-id=\"8896cbf\" data-element_type=\"widget\" data-e-type=\"widget\" data-widget_type=\"heading.default\">\n\t\t\t\t\t<h2 class=\"elementor-heading-title elementor-size-default\">Un desfile sin precedentes en la Ciudad Luz<\/h2>\t\t\t\t<\/div>\n\t\t\t\t\t<\/div>\n\t\t\t\t<\/div>\n\t\t<div data-particle_enable=\"false\" data-particle-mobile-disabled=\"false\" class=\"elementor-element elementor-element-8e79f78 e-flex e-con-boxed e-con e-parent\" data-id=\"8e79f78\" data-element_type=\"container\" data-e-type=\"container\">\n\t\t\t\t\t<div class=\"e-con-inner\">\n\t\t\t\t<div class=\"elementor-element elementor-element-8ba66f6 elementor-widget elementor-widget-text-editor\" data-id=\"8ba66f6\" data-element_type=\"widget\" data-e-type=\"widget\" data-widget_type=\"text-editor.default\">\n\t\t\t\t\t\t\t\t\t<p>La presentaci\u00f3n de este desfile en Par\u00eds se logr\u00f3 gracias a la dedicaci\u00f3n y creatividad de los fundadores de este emprendimiento artesanal y al s\u00f3lido apoyo del dise\u00f1ador guatemalteco Antonio Ch\u00e1vez<\/p><p>&#8220;El arte hecho a mano de Guatemala llega a Par\u00eds&#8221; reza el anuncio de esta f\u00e1brica artesanal guatemalteca.\u00a0\u00a0<\/p><p>&#8220;Textiles D&#8217;La Rossa presenta con orgullo la tradici\u00f3n, la elegancia y la alta costura de <a href=\"https:\/\/soymigrante.com\/revista\/identidad-tejida-y-exportada-trajes-tipicos-de-guatemala-migran-a-ee-uu\/\">nuestros trajes t\u00edpicos<\/a> en uno de los escenarios m\u00e1s importantes del mundo&#8221;, agrega. Y tambien detalla que se trata de un &#8220;homenaje a nuestros maestros artesanos y la riqueza cultural que trasciende fronteras&#8221;.<\/p>\t\t\t\t\t\t\t\t<\/div>\n\t\t\t\t\t<\/div>\n\t\t\t\t<\/div>\n\t\t<div data-particle_enable=\"false\" data-particle-mobile-disabled=\"false\" class=\"elementor-element elementor-element-1d33cd8 e-flex e-con-boxed e-con e-parent\" data-id=\"1d33cd8\" data-element_type=\"container\" data-e-type=\"container\">\n\t\t\t\t\t<div class=\"e-con-inner\">\n\t\t\t\t<div class=\"elementor-element elementor-element-9a5ac39 elementor-widget elementor-widget-html\" data-id=\"9a5ac39\" data-element_type=\"widget\" data-e-type=\"widget\" data-widget_type=\"html.default\">\n\t\t\t\t\t<iframe src=\"https:\/\/www.facebook.com\/plugins\/video.php?height=476&href=https%3A%2F%2Fwww.facebook.com%2Freel%2F750959371090869%2F&show_text=true&width=267&t=0\" width=\"267\" height=\"591\" style=\"border:none;overflow:hidden\" scrolling=\"no\" frameborder=\"0\" allowfullscreen=\"true\" allow=\"autoplay; clipboard-write; encrypted-media; picture-in-picture; web-share\" allowFullScreen=\"true\"><\/iframe>\t\t\t\t<\/div>\n\t\t\t\t\t<\/div>\n\t\t\t\t<\/div>\n\t\t<div data-particle_enable=\"false\" data-particle-mobile-disabled=\"false\" class=\"elementor-element elementor-element-eaa457c e-flex e-con-boxed e-con e-parent\" data-id=\"eaa457c\" data-element_type=\"container\" data-e-type=\"container\">\n\t\t\t\t\t<div class=\"e-con-inner\">\n\t\t\t\t<div class=\"elementor-element elementor-element-d218900 elementor-widget elementor-widget-heading\" data-id=\"d218900\" data-element_type=\"widget\" data-e-type=\"widget\" data-widget_type=\"heading.default\">\n\t\t\t\t\t<h2 class=\"elementor-heading-title elementor-size-default\">Testimonio de d\u00e9cadas de dedicaci\u00f3n<\/h2>\t\t\t\t<\/div>\n\t\t\t\t\t<\/div>\n\t\t\t\t<\/div>\n\t\t<div data-particle_enable=\"false\" data-particle-mobile-disabled=\"false\" class=\"elementor-element elementor-element-3cfd417 e-flex e-con-boxed e-con e-parent\" data-id=\"3cfd417\" data-element_type=\"container\" data-e-type=\"container\">\n\t\t\t\t\t<div class=\"e-con-inner\">\n\t\t\t\t<div class=\"elementor-element elementor-element-b4c3c10 elementor-widget elementor-widget-text-editor\" data-id=\"b4c3c10\" data-element_type=\"widget\" data-e-type=\"widget\" data-widget_type=\"text-editor.default\">\n\t\t\t\t\t\t\t\t\t<p>Don Manuel, maestro tejedor que comenz\u00f3 a trabajar textiles guatemaltecos a los 12 a\u00f1os, dice: &#8220;Me siento muy feliz de que nuestros productos sean vistos en otros pa\u00edses&#8221;.\u00a0<\/p><p>A sus 71 a\u00f1os, anima a la generaci\u00f3n joven, pero tambi\u00e9n a sus contempor\u00e1neos, a continuar la tradici\u00f3n textil guatemalteca elaborada a mano con paciencia y sabidur\u00eda ancestral que<a href=\"https:\/\/soymigrante.com\/revista\/joyas-mayas-migrantes-textiles-tradicionales-se-atesoran-en-el-museo-de-diseno-goldstein-de-minnesota\/\"> trascienden fronteras<\/a>.<\/p>\t\t\t\t\t\t\t\t<\/div>\n\t\t\t\t\t<\/div>\n\t\t\t\t<\/div>\n\t\t<div data-particle_enable=\"false\" data-particle-mobile-disabled=\"false\" class=\"elementor-element elementor-element-31e460b e-flex e-con-boxed e-con e-parent\" data-id=\"31e460b\" data-element_type=\"container\" data-e-type=\"container\">\n\t\t\t\t\t<div class=\"e-con-inner\">\n\t\t\t\t<div class=\"elementor-element elementor-element-dca69a8 elementor-widget elementor-widget-image\" data-id=\"dca69a8\" data-element_type=\"widget\" data-e-type=\"widget\" data-widget_type=\"image.default\">\n\t\t\t\t\t\t\t\t\t\t\t\t<figure class=\"wp-caption\">\n\t\t\t\t\t\t\t\t\t\t\t<a href=\"https:\/\/www.facebook.com\/textilesdlarossa\/videos\/770352555740086\">\n\t\t\t\t\t\t\t<img decoding=\"async\" width=\"1024\" height=\"874\" src=\"https:\/\/soymigrante.com\/revista\/wp-content\/uploads\/2025\/09\/textiles-d-la-rossa-guatemala-en-paris-7-1024x874.jpg\" class=\"attachment-large size-large wp-image-46333\" alt=\"El desfile de textiles D&#039;La Rossa en Nueva York fue un \u00e9xito. Si deseas verlo haz clic en la imagen. La colecci\u00f3n guatemalteca se presenta a partir del minuto 35 con 45 segundos.\" srcset=\"https:\/\/soymigrante.com\/revista\/wp-content\/uploads\/2025\/09\/textiles-d-la-rossa-guatemala-en-paris-7-1024x874.jpg 1024w, https:\/\/soymigrante.com\/revista\/wp-content\/uploads\/2025\/09\/textiles-d-la-rossa-guatemala-en-paris-7-300x256.jpg 300w, https:\/\/soymigrante.com\/revista\/wp-content\/uploads\/2025\/09\/textiles-d-la-rossa-guatemala-en-paris-7-768x656.jpg 768w, https:\/\/soymigrante.com\/revista\/wp-content\/uploads\/2025\/09\/textiles-d-la-rossa-guatemala-en-paris-7-750x640.jpg 750w, https:\/\/soymigrante.com\/revista\/wp-content\/uploads\/2025\/09\/textiles-d-la-rossa-guatemala-en-paris-7-1140x974.jpg 1140w, https:\/\/soymigrante.com\/revista\/wp-content\/uploads\/2025\/09\/textiles-d-la-rossa-guatemala-en-paris-7.jpg 1534w\" sizes=\"(max-width: 1024px) 100vw, 1024px\" title=\"El desfile de textiles D&#039;La Rossa en Nueva York fue un \u00e9xito. Si deseas verlo haz clic en la imagen. La colecci\u00f3n guatemalteca se presenta a partir del minuto 35 con 45 segundos. \u2013 SoyMigrante.com REVISTA\" \/>\t\t\t\t\t\t\t\t<\/a>\n\t\t\t\t\t\t\t\t\t\t\t<figcaption class=\"widget-image-caption wp-caption-text\">El desfile de textiles D'La Rossa en Nueva York fue un \u00e9xito. Si deseas verlo haz clic en la imagen. La colecci\u00f3n guatemalteca se presenta a partir del minuto 35 con 45 segundos. <\/figcaption>\n\t\t\t\t\t\t\t\t\t\t<\/figure>\n\t\t\t\t\t\t\t\t\t<\/div>\n\t\t\t\t\t<\/div>\n\t\t\t\t<\/div>\n\t\t<div data-particle_enable=\"false\" data-particle-mobile-disabled=\"false\" class=\"elementor-element elementor-element-90f52fc e-flex e-con-boxed e-con e-parent\" data-id=\"90f52fc\" data-element_type=\"container\" data-e-type=\"container\">\n\t\t\t\t\t<div class=\"e-con-inner\">\n\t\t\t\t<div class=\"elementor-element elementor-element-3d5b437 elementor-widget elementor-widget-heading\" data-id=\"3d5b437\" data-element_type=\"widget\" data-e-type=\"widget\" data-widget_type=\"heading.default\">\n\t\t\t\t\t<h2 class=\"elementor-heading-title elementor-size-default\">Un desfile sin precedentes en la Ciudad Luz<\/h2>\t\t\t\t<\/div>\n\t\t\t\t\t<\/div>\n\t\t\t\t<\/div>\n\t\t<div data-particle_enable=\"false\" data-particle-mobile-disabled=\"false\" class=\"elementor-element elementor-element-3cc6a38 e-flex e-con-boxed e-con e-parent\" data-id=\"3cc6a38\" data-element_type=\"container\" data-e-type=\"container\">\n\t\t\t\t\t<div class=\"e-con-inner\">\n\t\t\t\t<div class=\"elementor-element elementor-element-bc72660 elementor-widget elementor-widget-text-editor\" data-id=\"bc72660\" data-element_type=\"widget\" data-e-type=\"widget\" data-widget_type=\"text-editor.default\">\n\t\t\t\t\t\t\t\t\t<p>La pasarela en la Semana de la Moda de Nueva York fue un completo \u00e9xito que desat\u00f3 elogios y admiraci\u00f3n hacia la indumentaria maya tradicional, la<a href=\"https:\/\/soymigrante.com\/revista\/textil-arco-iris-12-mujeres-que-tejen-tradicion-y-estan-en-mercado\/\"> tradici\u00f3n del tejido<\/a> artesanal y la habilidad transmitida de generaci\u00f3n en generaci\u00f3n.<\/p><p>Los esposos Alexander y Rosa, fundadores de D&#8217;La Rossa, resaltaron que detr\u00e1s de cada tejido hay largas horas de dedicaci\u00f3n de artesanos y esperan que esta proyecci\u00f3n internacional genere m\u00e1s oportunidades laborales y le de m\u00e1s vida a este arte de hilos ancestrales.\u00a0<\/p>\t\t\t\t\t\t\t\t<\/div>\n\t\t\t\t\t<\/div>\n\t\t\t\t<\/div>\n\t\t<div data-particle_enable=\"false\" data-particle-mobile-disabled=\"false\" class=\"elementor-element elementor-element-e867ed2 e-flex e-con-boxed e-con e-parent\" data-id=\"e867ed2\" data-element_type=\"container\" data-e-type=\"container\">\n\t\t\t\t\t<div class=\"e-con-inner\">\n\t\t\t\t<div class=\"elementor-element elementor-element-28e4bd4 elementor-widget elementor-widget-html\" data-id=\"28e4bd4\" data-element_type=\"widget\" data-e-type=\"widget\" data-widget_type=\"html.default\">\n\t\t\t\t\t<iframe width=\"560\" height=\"415\" src=\"https:\/\/www.youtube.com\/embed\/91dVsV1OtmQ?si=NkmA7eSOrMI24Gko&amp;start=2156\" title=\"YouTube video player\" frameborder=\"0\" allow=\"accelerometer; autoplay; clipboard-write; encrypted-media; gyroscope; picture-in-picture; web-share\" referrerpolicy=\"strict-origin-when-cross-origin\" allowfullscreen><\/iframe>\t\t\t\t<\/div>\n\t\t\t\t\t<\/div>\n\t\t\t\t<\/div>\n\t\t<div data-particle_enable=\"false\" data-particle-mobile-disabled=\"false\" class=\"elementor-element elementor-element-d87e87f e-flex e-con-boxed e-con e-parent\" data-id=\"d87e87f\" data-element_type=\"container\" data-e-type=\"container\">\n\t\t\t\t\t<div class=\"e-con-inner\">\n\t\t\t\t<div class=\"elementor-element elementor-element-5583653 elementor-widget elementor-widget-heading\" data-id=\"5583653\" data-element_type=\"widget\" data-e-type=\"widget\" data-widget_type=\"heading.default\">\n\t\t\t\t\t<h2 class=\"elementor-heading-title elementor-size-default\">Adquiere textiles mayas en MERCADO<\/h2>\t\t\t\t<\/div>\n\t\t\t\t\t<\/div>\n\t\t\t\t<\/div>\n\t\t<div data-particle_enable=\"false\" data-particle-mobile-disabled=\"false\" class=\"elementor-element elementor-element-c2fccfe e-flex e-con-boxed e-con e-parent\" data-id=\"c2fccfe\" data-element_type=\"container\" data-e-type=\"container\">\n\t\t\t\t\t<div class=\"e-con-inner\">\n\t\t\t\t<div class=\"elementor-element elementor-element-c6f1ec5 elementor-grid-eael-col-3 elementor-grid-tablet-eael-col-2 elementor-grid-mobile-eael-col-1 elementor-widget elementor-widget-eael-post-grid\" data-id=\"c6f1ec5\" data-element_type=\"widget\" data-e-type=\"widget\" data-settings=\"{&quot;eael_post_grid_columns&quot;:&quot;eael-col-3&quot;,&quot;eael_post_grid_columns_tablet&quot;:&quot;eael-col-2&quot;,&quot;eael_post_grid_columns_mobile&quot;:&quot;eael-col-1&quot;}\" data-widget_type=\"eael-post-grid.default\">\n\t\t\t\t\t<div id=\"eael-post-grid-c6f1ec5\" class=\"eael-post-grid-container\">\n            <div class=\"eael-post-grid eael-post-appender eael-post-appender-c6f1ec5 eael-post-grid-style-one\" data-layout-mode=\"masonry\"><article class=\"eael-grid-post  eael-post-grid-column eael-pg-post-24210 category-guate-nuestra tags-mercado-emprendedores\" data-id=\"24210\">\n        <div class=\"eael-grid-post-holder\">\n            <div class=\"eael-grid-post-holder-inner\"><div class=\"eael-entry-media\"><div class=\"eael-entry-overlay fade-in\"><i class=\"far fa-hand-pointer\" aria-hidden=\"true\"><\/i><a href=\"https:\/\/soymigrante.com\/revista\/la-tradicion-textil-de-las-hermanas-nicolas-esta-en-mercado\/\"><\/a><\/div><div class=\"eael-entry-thumbnail eael-image-ratio\">\n                <img decoding=\"async\" width=\"1024\" height=\"768\" src=\"https:\/\/soymigrante.com\/revista\/wp-content\/uploads\/2025\/02\/Las-hermanas-Nicola\u0301s-guardianas-de-la-tradicio\u0301n-textil-esta\u0301n-en-MERCADO1-1024x768.jpg\" class=\"attachment-large size-large wp-image-24213\" alt=\"Las hermanas Nicol\u00e1s guardianas de la tradici\u00f3n textil est\u00e1n en MERCADO\" \/>\n            <\/div>\n        <\/div><div class=\"eael-entry-wrapper\"><header class=\"eael-entry-header\"><h2 class=\"eael-entry-title\"><a class=\"eael-grid-post-link\" href=\"https:\/\/soymigrante.com\/revista\/la-tradicion-textil-de-las-hermanas-nicolas-esta-en-mercado\/\" title=\"Tradici\u00f3n textil huehueteca de las hermanas Nicol\u00e1s est\u00e1 en MERCADO\">Tradici\u00f3n textil huehueteca de las hermanas Nicol\u00e1s est\u00e1 en MERCADO<\/a><\/h2><\/header><div class=\"eael-entry-content\">\n                        <div class=\"eael-grid-post-excerpt\"><a href=\"https:\/\/soymigrante.com\/revista\/la-tradicion-textil-de-las-hermanas-nicolas-esta-en-mercado\/\" class=\"eael-post-elements-readmore-btn\">CONOCE SU HISTORIA <\/a><\/div>\n                    <\/div><\/div><\/div>\n        <\/div>\n    <\/article><article class=\"eael-grid-post  eael-post-grid-column eael-pg-post-41297 category-guate-nuestra tags-mercado-emprendedores\" data-id=\"41297\">\n        <div class=\"eael-grid-post-holder\">\n            <div class=\"eael-grid-post-holder-inner\"><div class=\"eael-entry-media\"><div class=\"eael-entry-overlay fade-in\"><i class=\"far fa-hand-pointer\" aria-hidden=\"true\"><\/i><a href=\"https:\/\/soymigrante.com\/revista\/textiles-kem-colorido-e-identidad-de-adelina-nicho-desde-comalapa\/\"><\/a><\/div><div class=\"eael-entry-thumbnail eael-image-ratio\">\n                <img loading=\"lazy\" decoding=\"async\" width=\"1024\" height=\"1024\" src=\"https:\/\/soymigrante.com\/revista\/wp-content\/uploads\/2025\/08\/adelina-nicho-cumez-textiles-kem-comalapa-mercado-1-1024x1024.jpg\" class=\"attachment-large size-large wp-image-41302\" alt=\"Mujer ind\u00edgena con gafas, sonriendo y vestida con ropa colorida y patr\u00f3n tradicional, representando cultura y comunidad en un entorno natural.\" srcset=\"https:\/\/soymigrante.com\/revista\/wp-content\/uploads\/2025\/08\/adelina-nicho-cumez-textiles-kem-comalapa-mercado-1-1024x1024.jpg 1024w, https:\/\/soymigrante.com\/revista\/wp-content\/uploads\/2025\/08\/adelina-nicho-cumez-textiles-kem-comalapa-mercado-1-300x300.jpg 300w, https:\/\/soymigrante.com\/revista\/wp-content\/uploads\/2025\/08\/adelina-nicho-cumez-textiles-kem-comalapa-mercado-1-150x150.jpg 150w, https:\/\/soymigrante.com\/revista\/wp-content\/uploads\/2025\/08\/adelina-nicho-cumez-textiles-kem-comalapa-mercado-1-768x768.jpg 768w, https:\/\/soymigrante.com\/revista\/wp-content\/uploads\/2025\/08\/adelina-nicho-cumez-textiles-kem-comalapa-mercado-1-75x75.webp 75w, https:\/\/soymigrante.com\/revista\/wp-content\/uploads\/2025\/08\/adelina-nicho-cumez-textiles-kem-comalapa-mercado-1-750x750.webp 750w, https:\/\/soymigrante.com\/revista\/wp-content\/uploads\/2025\/08\/adelina-nicho-cumez-textiles-kem-comalapa-mercado-1-1140x1140.webp 1140w, https:\/\/soymigrante.com\/revista\/wp-content\/uploads\/2025\/08\/adelina-nicho-cumez-textiles-kem-comalapa-mercado-1.webp 1187w\" sizes=\"(max-width: 1024px) 100vw, 1024px\" \/>\n            <\/div>\n        <\/div><div class=\"eael-entry-wrapper\"><header class=\"eael-entry-header\"><h2 class=\"eael-entry-title\"><a class=\"eael-grid-post-link\" href=\"https:\/\/soymigrante.com\/revista\/textiles-kem-colorido-e-identidad-de-adelina-nicho-desde-comalapa\/\" title=\"Kem Textiles Mayas: colorido e identidad de Adelina Nicho desde Comalapa\">Kem Textiles Mayas: colorido e identidad de Adelina Nicho desde Comalapa<\/a><\/h2><\/header><div class=\"eael-entry-content\">\n                        <div class=\"eael-grid-post-excerpt\"><a href=\"https:\/\/soymigrante.com\/revista\/textiles-kem-colorido-e-identidad-de-adelina-nicho-desde-comalapa\/\" class=\"eael-post-elements-readmore-btn\">CONOCE SU HISTORIA <\/a><\/div>\n                    <\/div><\/div><\/div>\n        <\/div>\n    <\/article><article class=\"eael-grid-post  eael-post-grid-column eael-pg-post-45419 category-guate-nuestra tags-mercado-emprendedores\" data-id=\"45419\">\n        <div class=\"eael-grid-post-holder\">\n            <div class=\"eael-grid-post-holder-inner\"><div class=\"eael-entry-media\"><div class=\"eael-entry-overlay fade-in\"><i class=\"far fa-hand-pointer\" aria-hidden=\"true\"><\/i><a href=\"https:\/\/soymigrante.com\/revista\/kemon-collection-arte-maya-hecho-a-mano-desde-comalapa\/\"><\/a><\/div><div class=\"eael-entry-thumbnail eael-image-ratio\">\n                <img loading=\"lazy\" decoding=\"async\" width=\"1024\" height=\"576\" src=\"https:\/\/soymigrante.com\/revista\/wp-content\/uploads\/2025\/09\/kemon-collection-arte-maya-hecho-a-mano-desde-comalapa-1024x576.jpg\" class=\"attachment-large size-large wp-image-45421\" alt=\"\" srcset=\"https:\/\/soymigrante.com\/revista\/wp-content\/uploads\/2025\/09\/kemon-collection-arte-maya-hecho-a-mano-desde-comalapa-1024x576.jpg 1024w, https:\/\/soymigrante.com\/revista\/wp-content\/uploads\/2025\/09\/kemon-collection-arte-maya-hecho-a-mano-desde-comalapa-300x169.jpg 300w, https:\/\/soymigrante.com\/revista\/wp-content\/uploads\/2025\/09\/kemon-collection-arte-maya-hecho-a-mano-desde-comalapa-768x432.jpg 768w, https:\/\/soymigrante.com\/revista\/wp-content\/uploads\/2025\/09\/kemon-collection-arte-maya-hecho-a-mano-desde-comalapa-750x422.jpg 750w, https:\/\/soymigrante.com\/revista\/wp-content\/uploads\/2025\/09\/kemon-collection-arte-maya-hecho-a-mano-desde-comalapa-1140x641.jpg 1140w, https:\/\/soymigrante.com\/revista\/wp-content\/uploads\/2025\/09\/kemon-collection-arte-maya-hecho-a-mano-desde-comalapa.jpg 1280w\" sizes=\"(max-width: 1024px) 100vw, 1024px\" \/>\n            <\/div>\n        <\/div><div class=\"eael-entry-wrapper\"><header class=\"eael-entry-header\"><h2 class=\"eael-entry-title\"><a class=\"eael-grid-post-link\" href=\"https:\/\/soymigrante.com\/revista\/kemon-collection-arte-maya-hecho-a-mano-desde-comalapa\/\" title=\"Kemon Collection: arte maya hecho a mano desde Comalapa\">Kemon Collection: arte maya hecho a mano desde Comalapa<\/a><\/h2><\/header><div class=\"eael-entry-content\">\n                        <div class=\"eael-grid-post-excerpt\"><a href=\"https:\/\/soymigrante.com\/revista\/kemon-collection-arte-maya-hecho-a-mano-desde-comalapa\/\" class=\"eael-post-elements-readmore-btn\">CONOCE SU HISTORIA <\/a><\/div>\n                    <\/div><\/div><\/div>\n        <\/div>\n    <\/article><\/div>\n            <div class=\"clearfix\"><\/div>\n        <\/div>\t\t\t\t<\/div>\n\t\t\t\t\t<\/div>\n\t\t\t\t<\/div>\n\t\t\t\t<\/div>\n\t\t","protected":false},"excerpt":{"rendered":"<p>Al logro de presentar por primera vez una pasarela de indumentaria maya en la Semana de la Moda de Nueva York, ahora se suma un desfile de la colecci\u00f3n Legado Ancestral, en Par\u00eds. El pr\u00f3ximo s\u00e1bado 4 de octubre desde el hotel Meli\u00e1 de Par\u00eds, Francis se presentar\u00e1 la colecci\u00f3n Legado Ancestral, de textiles D&#8217;La [&hellip;]<\/p>\n","protected":false},"author":7,"featured_media":46327,"comment_status":"open","ping_status":"open","sticky":false,"template":"","format":"standard","meta":{"_acf_changed":false,"_eb_attr":"","footnotes":""},"categories":[54],"tags":[],"class_list":["post-46326","post","type-post","status-publish","format-standard","has-post-thumbnail","hentry","category-estamos-unidos"],"acf":[],"aioseo_notices":[],"aioseo_head":"\n\t\t<!-- All in One SEO Pro 4.9.6.2 - aioseo.com -->\n\t<meta name=\"description\" content=\"Mujer maya transforma tradici\u00f3n en moda \u00e9tica. Conoce Kemon Collection, arte hecho a mano desde Comalapa con historia, ra\u00edces y prop\u00f3sito.\" \/>\n\t<meta name=\"robots\" content=\"max-snippet:-1, max-image-preview:large, max-video-preview:-1\" \/>\n\t<meta name=\"author\" content=\"SoyMigrante.com REVISTA\"\/>\n\t<link rel=\"canonical\" href=\"https:\/\/soymigrante.com\/revista\/kemon-collection-arte-maya-hecho-a-mano-desde-comalapa\/\" \/>\n\t<meta name=\"generator\" content=\"All in One SEO Pro (AIOSEO) 4.9.6.2\" \/>\n\n\t\t<link rel=\"preconnect\" href=\"https:\/\/fonts.googleapis.com\" crossorigin>\n<link rel=\"preconnect\" href=\"https:\/\/fonts.gstatic.com\" crossorigin>\n\t\t<meta property=\"og:locale\" content=\"es_ES\" \/>\n\t\t<meta property=\"og:site_name\" content=\"SoyMigrante.com REVISTA \u2013 Nuestra misi\u00f3n es reconocer y dignificar al migrante.\" \/>\n\t\t<meta property=\"og:type\" content=\"article\" \/>\n\t\t<meta property=\"og:title\" content=\"Kemon Collection: arte maya hecho a mano desde Comalapa\" \/>\n\t\t<meta property=\"og:description\" content=\"Mujer maya transforma tradici\u00f3n en moda \u00e9tica. Conoce Kemon Collection, arte hecho a mano desde Comalapa con historia, ra\u00edces y prop\u00f3sito.\" \/>\n\t\t<meta property=\"og:url\" content=\"https:\/\/soymigrante.com\/revista\/kemon-collection-arte-maya-hecho-a-mano-desde-comalapa\/\" \/>\n\t\t<meta property=\"og:image\" content=\"https:\/\/soymigrante.com\/revista\/wp-content\/uploads\/2025\/09\/kemon-collection-arte-maya-hecho-a-mano-desde-comalapa.jpg\" \/>\n\t\t<meta property=\"og:image:secure_url\" content=\"https:\/\/soymigrante.com\/revista\/wp-content\/uploads\/2025\/09\/kemon-collection-arte-maya-hecho-a-mano-desde-comalapa.jpg\" \/>\n\t\t<meta property=\"og:image:width\" content=\"1280\" \/>\n\t\t<meta property=\"og:image:height\" content=\"720\" \/>\n\t\t<meta property=\"article:published_time\" content=\"2025-09-19T17:26:36+00:00\" \/>\n\t\t<meta property=\"article:modified_time\" content=\"2025-10-01T19:42:11+00:00\" \/>\n\t\t<meta property=\"article:publisher\" content=\"https:\/\/www.facebook.com\/soymigrantecom\" \/>\n\t\t<meta name=\"twitter:card\" content=\"summary_large_image\" \/>\n\t\t<meta name=\"twitter:site\" content=\"@SoyMigrante_com\" \/>\n\t\t<meta name=\"twitter:title\" content=\"Kemon Collection: arte maya hecho a mano desde Comalapa\" \/>\n\t\t<meta name=\"twitter:description\" content=\"Mujer maya transforma tradici\u00f3n en moda \u00e9tica. Conoce Kemon Collection, arte hecho a mano desde Comalapa con historia, ra\u00edces y prop\u00f3sito.\" \/>\n\t\t<meta name=\"twitter:creator\" content=\"@SoyMigrante_com\" \/>\n\t\t<meta name=\"twitter:image\" content=\"https:\/\/soymigrante.com\/revista\/wp-content\/uploads\/2025\/09\/kemon-collection-arte-maya-hecho-a-mano-desde-comalapa.jpg\" \/>\n\t\t<!-- All in One SEO Pro -->\r\n\t\t<title>Kemon Collection: arte maya hecho a mano desde Comalapa<\/title>\n\n","aioseo_head_json":{"title":"Kemon Collection: arte maya hecho a mano desde Comalapa","description":"Mujer maya transforma tradici\u00f3n en moda \u00e9tica. Conoce Kemon Collection, arte hecho a mano desde Comalapa con historia, ra\u00edces y prop\u00f3sito.","canonical_url":"https:\/\/soymigrante.com\/revista\/kemon-collection-arte-maya-hecho-a-mano-desde-comalapa\/","robots":"max-snippet:-1, max-image-preview:large, max-video-preview:-1","keywords":"","webmasterTools":{"miscellaneous":"&lt;link rel=\"preconnect\" href=\"https:\/\/fonts.googleapis.com\" crossorigin&gt;\n&lt;link rel=\"preconnect\" href=\"https:\/\/fonts.gstatic.com\" crossorigin&gt;"},"schema":null,"og:locale":"es_ES","og:site_name":"SoyMigrante.com REVISTA \u2013 Nuestra misi\u00f3n es reconocer y dignificar al migrante.","og:type":"article","og:title":"Kemon Collection: arte maya hecho a mano desde Comalapa","og:description":"Mujer maya transforma tradici\u00f3n en moda \u00e9tica. Conoce Kemon Collection, arte hecho a mano desde Comalapa con historia, ra\u00edces y prop\u00f3sito.","og:url":"https:\/\/soymigrante.com\/revista\/kemon-collection-arte-maya-hecho-a-mano-desde-comalapa\/","og:image":"https:\/\/soymigrante.com\/revista\/wp-content\/uploads\/2025\/09\/kemon-collection-arte-maya-hecho-a-mano-desde-comalapa.jpg","og:image:secure_url":"https:\/\/soymigrante.com\/revista\/wp-content\/uploads\/2025\/09\/kemon-collection-arte-maya-hecho-a-mano-desde-comalapa.jpg","og:image:width":1280,"og:image:height":720,"article:published_time":"2025-09-19T17:26:36+00:00","article:modified_time":"2025-10-01T19:42:11+00:00","article:publisher":"https:\/\/www.facebook.com\/soymigrantecom","twitter:card":"summary_large_image","twitter:site":"@SoyMigrante_com","twitter:title":"Kemon Collection: arte maya hecho a mano desde Comalapa","twitter:description":"Mujer maya transforma tradici\u00f3n en moda \u00e9tica. Conoce Kemon Collection, arte hecho a mano desde Comalapa con historia, ra\u00edces y prop\u00f3sito.","twitter:creator":"@SoyMigrante_com","twitter:image":"https:\/\/soymigrante.com\/revista\/wp-content\/uploads\/2025\/09\/kemon-collection-arte-maya-hecho-a-mano-desde-comalapa.jpg"},"aioseo_meta_data":{"post_id":"46326","title":"Textiles D'La Rossa ahora va a la Semana de la Moda de Par\u00eds","description":"Despu\u00e9s del gran \u00e9xito en New York Fashion Week, el pr\u00f3ximo 4 de octubre, en la capital francesa, textiles D'La Rossa presentar\u00e1 colecci\u00f3n Legado Ancestral.","keywords":null,"keyphrases":{"focus":{"keyphrase":"Textiles","score":91,"analysis":{"keyphraseInTitle":{"score":9,"maxScore":9,"error":0},"keyphraseInDescription":{"score":9,"maxScore":9,"error":0},"keyphraseLength":{"score":9,"maxScore":9,"error":0,"length":1},"keyphraseInURL":{"score":5,"maxScore":5,"error":0},"keyphraseInIntroduction":{"score":9,"maxScore":9,"error":0},"keyphraseInSubHeadings":{"score":3,"maxScore":9,"error":1},"keyphraseInImageAlt":{"score":9,"maxScore":9,"error":0},"keywordDensity":{"type":"best","score":9,"maxScore":9,"error":0}}},"additional":[{"keyphrase":"Legado","score":67,"analysis":{"keyphraseInDescription":{"score":9,"maxScore":9,"error":0},"keyphraseLength":{"score":9,"maxScore":9,"error":0,"length":1},"keyphraseInIntroduction":{"score":9,"maxScore":9,"error":0},"keyphraseInImageAlt":{"score":3,"maxScore":9,"error":1},"keywordDensity":{"score":0,"type":"low","maxScore":9,"error":1}}}]},"primary_term":null,"canonical_url":null,"og_title":null,"og_description":null,"og_object_type":"default","og_image_type":"default","og_image_url":null,"og_image_width":null,"og_image_height":null,"og_image_custom_url":null,"og_image_custom_fields":null,"og_video":"","og_custom_url":null,"og_article_section":null,"og_article_tags":null,"twitter_use_og":false,"twitter_card":"default","twitter_image_type":"default","twitter_image_url":null,"twitter_image_custom_url":null,"twitter_image_custom_fields":null,"twitter_title":null,"twitter_description":null,"schema":{"blockGraphs":[],"customGraphs":[],"default":{"data":{"Article":[],"Course":[],"Dataset":[],"FAQPage":[],"Movie":[],"Person":[],"Product":[],"ProductReview":[],"Car":[],"Recipe":[],"Service":[],"SoftwareApplication":[],"WebPage":[]},"graphName":"none","isEnabled":true},"graphs":[]},"schema_type":"default","schema_type_options":null,"pillar_content":false,"robots_default":true,"robots_noindex":false,"robots_noarchive":false,"robots_nosnippet":false,"robots_nofollow":false,"robots_noimageindex":false,"robots_noodp":false,"robots_notranslate":false,"robots_max_snippet":"-1","robots_max_videopreview":"-1","robots_max_imagepreview":"large","priority":null,"frequency":"default","local_seo":null,"seo_analyzer_scan_date":"2025-10-09 08:56:23","breadcrumb_settings":null,"limit_modified_date":false,"reviewed_by":"0","open_ai":null,"ai":{"faqs":[],"keyPoints":[],"titles":[],"descriptions":[],"socialPosts":{"email":[],"linkedin":[],"twitter":[],"facebook":[],"instagram":[]}},"created":"2025-09-29 21:25:17","updated":"2026-02-05 05:56:20"},"aioseo_breadcrumb":"<div class=\"aioseo-breadcrumbs\"><span class=\"aioseo-breadcrumb\">\n\t<a href=\"https:\/\/soymigrante.com\/revista\" title=\"Home\">Home<\/a>\n<\/span><span class=\"aioseo-breadcrumb-separator\">\u00bb<\/span><span class=\"aioseo-breadcrumb\">\n\t<a href=\"https:\/\/soymigrante.com\/revista\/category\/estamos-unidos\/\" title=\"Estamos Unidos\">Estamos Unidos<\/a>\n<\/span><span class=\"aioseo-breadcrumb-separator\">\u00bb<\/span><span class=\"aioseo-breadcrumb\">\n\tTextiles mayas D\u2019La Rosa ahora va a la Semana de la Moda de Par\u00eds\n<\/span><\/div>","aioseo_breadcrumb_json":[{"label":"Home","link":"https:\/\/soymigrante.com\/revista"},{"label":"Estamos Unidos","link":"https:\/\/soymigrante.com\/revista\/category\/estamos-unidos\/"},{"label":"Textiles mayas D&#8217;La Rosa ahora va a la Semana de la Moda de Par\u00eds","link":"https:\/\/soymigrante.com\/revista\/textiles-dla-rosa-presentara-disenos-mayas-en-paris\/"}],"_links":{"self":[{"href":"https:\/\/soymigrante.com\/revista\/wp-json\/wp\/v2\/posts\/46326","targetHints":{"allow":["GET"]}}],"collection":[{"href":"https:\/\/soymigrante.com\/revista\/wp-json\/wp\/v2\/posts"}],"about":[{"href":"https:\/\/soymigrante.com\/revista\/wp-json\/wp\/v2\/types\/post"}],"author":[{"embeddable":true,"href":"https:\/\/soymigrante.com\/revista\/wp-json\/wp\/v2\/users\/7"}],"replies":[{"embeddable":true,"href":"https:\/\/soymigrante.com\/revista\/wp-json\/wp\/v2\/comments?post=46326"}],"version-history":[{"count":21,"href":"https:\/\/soymigrante.com\/revista\/wp-json\/wp\/v2\/posts\/46326\/revisions"}],"predecessor-version":[{"id":46759,"href":"https:\/\/soymigrante.com\/revista\/wp-json\/wp\/v2\/posts\/46326\/revisions\/46759"}],"wp:featuredmedia":[{"embeddable":true,"href":"https:\/\/soymigrante.com\/revista\/wp-json\/wp\/v2\/media\/46327"}],"wp:attachment":[{"href":"https:\/\/soymigrante.com\/revista\/wp-json\/wp\/v2\/media?parent=46326"}],"wp:term":[{"taxonomy":"category","embeddable":true,"href":"https:\/\/soymigrante.com\/revista\/wp-json\/wp\/v2\/categories?post=46326"},{"taxonomy":"post_tag","embeddable":true,"href":"https:\/\/soymigrante.com\/revista\/wp-json\/wp\/v2\/tags?post=46326"}],"curies":[{"name":"wp","href":"https:\/\/api.w.org\/{rel}","templated":true}]}}