{"id":46307,"date":"2025-09-30T04:08:00","date_gmt":"2025-09-30T10:08:00","guid":{"rendered":"https:\/\/soymigrante.com\/revista\/?p=46307"},"modified":"2025-09-29T23:09:53","modified_gmt":"2025-09-30T05:09:53","slug":"cuantos-guatemaltecos-retornados-van-en-2025","status":"publish","type":"post","link":"https:\/\/soymigrante.com\/revista\/cuantos-guatemaltecos-retornados-van-en-2025\/","title":{"rendered":"\u00bfCu\u00e1ntos guatemaltecos retornados van en 2025?"},"content":{"rendered":"\t\t<div data-elementor-type=\"wp-post\" data-elementor-id=\"46307\" class=\"elementor elementor-46307\" data-elementor-post-type=\"post\">\n\t\t\t\t<div data-particle_enable=\"false\" data-particle-mobile-disabled=\"false\" class=\"elementor-element elementor-element-36f0e44 e-flex e-con-boxed e-con e-parent\" data-id=\"36f0e44\" data-element_type=\"container\" data-e-type=\"container\">\n\t\t\t\t\t<div class=\"e-con-inner\">\n\t\t\t\t<div class=\"elementor-element elementor-element-5dac0d1 elementor-widget elementor-widget-heading\" data-id=\"5dac0d1\" data-element_type=\"widget\" data-e-type=\"widget\" data-widget_type=\"heading.default\">\n\t\t\t\t\t<h2 class=\"elementor-heading-title elementor-size-default\">M\u00e1s 31 mil guatemaltecos han sido retornados desde Estados Unidos   en lo que va del 2025; en 9 meses de 2024 sumaban 49 142 mil.  <\/h2>\t\t\t\t<\/div>\n\t\t\t\t\t<\/div>\n\t\t\t\t<\/div>\n\t\t<div data-particle_enable=\"false\" data-particle-mobile-disabled=\"false\" class=\"elementor-element elementor-element-ff57cf5 e-flex e-con-boxed e-con e-parent\" data-id=\"ff57cf5\" data-element_type=\"container\" data-e-type=\"container\">\n\t\t\t\t\t<div class=\"e-con-inner\">\n\t\t\t\t<div class=\"elementor-element elementor-element-64bfc5f elementor-widget elementor-widget-text-editor\" data-id=\"64bfc5f\" data-element_type=\"widget\" data-e-type=\"widget\" data-widget_type=\"text-editor.default\">\n\t\t\t\t\t\t\t\t\t<p>Guatemala ha recibido hasta el 28 de septiembre 31,539 compatriotas retornados desde Estados Unidos. De enero a septiembre de 2024, eran 49,142. En otras palabras, durante el \u00faltimo a\u00f1o de Joe Biden fueron m\u00e1s connacionales que en la administraci\u00f3n de Donald Trump.\u00a0<\/p><p>Si se contabilizan los retornos desde Estados Unidos y M\u00e9xico, en 2025 van 36,091 migrantes guatemaltecos devueltos al pa\u00eds.\u00a0La mayor\u00eda son hombres, aunque el n\u00famero de mujeres tambi\u00e9n refleja el impacto de la migraci\u00f3n forzada en el pa\u00eds.<\/p>\t\t\t\t\t\t\t\t<\/div>\n\t\t\t\t\t<\/div>\n\t\t\t\t<\/div>\n\t\t<div data-particle_enable=\"false\" data-particle-mobile-disabled=\"false\" class=\"elementor-element elementor-element-86d5187 e-flex e-con-boxed e-con e-parent\" data-id=\"86d5187\" data-element_type=\"container\" data-e-type=\"container\">\n\t\t\t\t\t<div class=\"e-con-inner\">\n\t\t\t\t<div class=\"elementor-element elementor-element-c5e2ad3 elementor-widget elementor-widget-heading\" data-id=\"c5e2ad3\" data-element_type=\"widget\" data-e-type=\"widget\" data-widget_type=\"heading.default\">\n\t\t\t\t\t<h3 class=\"elementor-heading-title elementor-size-default\">Perfil de los retornados<\/h3>\t\t\t\t<\/div>\n\t\t\t\t\t<\/div>\n\t\t\t\t<\/div>\n\t\t<div data-particle_enable=\"false\" data-particle-mobile-disabled=\"false\" class=\"elementor-element elementor-element-53c4875 e-flex e-con-boxed e-con e-parent\" data-id=\"53c4875\" data-element_type=\"container\" data-e-type=\"container\">\n\t\t\t\t\t<div class=\"e-con-inner\">\n\t\t\t\t<div class=\"elementor-element elementor-element-1b7dee2 elementor-widget elementor-widget-text-editor\" data-id=\"1b7dee2\" data-element_type=\"widget\" data-e-type=\"widget\" data-widget_type=\"text-editor.default\">\n\t\t\t\t\t\t\t\t\t<div>De la cifra total de retornados desde Estados Unidos, un 12% son mujeres y el 88% hombres vez m\u00e1s mujeres tambi\u00e9n forman parte de estos flujos.<\/div><div>\u00a0<\/div><div>En cuanto al origen, los departamentos con mayor n\u00famero de retornados son:<\/div><div><strong>\u2022Huehuetenango<\/strong>, con 5,927 personas.<\/div><div><strong>\u2022San Marcos<\/strong>, con 3,997.<\/div><div><strong>\u2022Quich\u00e9,<\/strong> con 3,432<\/div><div><strong>\u2022Quetzaltenango,<\/strong> con 2,881<\/div><div><strong>\u2022Guatemala,<\/strong> con 1,543.<\/div><div>\u00a0<\/div><div><a href=\"https:\/\/app.powerbi.com\/view?r=eyJrIjoiZWQyZDVkZjAtMmEyYi00NWRlLTg0MTUtZDRjNWExZjZiZmM0IiwidCI6ImViOTEyNjQxLTEwNGEtNDRmOC1iNzk3LWIzYjU4ODU4NGYxZCJ9\" target=\"_blank\" rel=\"noopener\">Estas cifras del Instituto Guatemalteco de Migraci\u00f3n reflejan que las comunidades del occidente del pa\u00eds<\/a>, marcadas por la pobreza y la falta de oportunidades, siguen siendo las m\u00e1s expulsoras de migrantes.<\/div>\t\t\t\t\t\t\t\t<\/div>\n\t\t\t\t\t<\/div>\n\t\t\t\t<\/div>\n\t\t<div data-particle_enable=\"false\" data-particle-mobile-disabled=\"false\" class=\"elementor-element elementor-element-1c680cb e-flex e-con-boxed e-con e-parent\" data-id=\"1c680cb\" data-element_type=\"container\" data-e-type=\"container\">\n\t\t\t\t\t<div class=\"e-con-inner\">\n\t\t\t\t<div class=\"elementor-element elementor-element-c01e620 elementor-widget elementor-widget-image\" data-id=\"c01e620\" data-element_type=\"widget\" data-e-type=\"widget\" data-widget_type=\"image.default\">\n\t\t\t\t\t\t\t\t\t\t\t\t<figure class=\"wp-caption\">\n\t\t\t\t\t\t\t\t\t\t<img fetchpriority=\"high\" decoding=\"async\" width=\"431\" height=\"720\" src=\"https:\/\/soymigrante.com\/revista\/wp-content\/uploads\/2025\/09\/deportados-por-departamento-en-2025.png\" class=\"attachment-large size-large wp-image-46354\" alt=\"Deportados guatemaltecos durante 2025, seg\u00fan cifras del Instituto Guatemalteco de Migraci\u00f3n, seg\u00fan lugar de origen.\" srcset=\"https:\/\/soymigrante.com\/revista\/wp-content\/uploads\/2025\/09\/deportados-por-departamento-en-2025.png 431w, https:\/\/soymigrante.com\/revista\/wp-content\/uploads\/2025\/09\/deportados-por-departamento-en-2025-180x300.png 180w\" sizes=\"(max-width: 431px) 100vw, 431px\" title=\"Deportados guatemaltecos durante 2025, seg\u00fan cifras del Instituto Guatemalteco de Migraci\u00f3n, seg\u00fan lugar de origen. \u2013 SoyMigrante.com REVISTA\" \/>\t\t\t\t\t\t\t\t\t\t\t<figcaption class=\"widget-image-caption wp-caption-text\">Deportados guatemaltecos durante 2025, seg\u00fan cifras del Instituto Guatemalteco de Migraci\u00f3n, seg\u00fan lugar de origen.<\/figcaption>\n\t\t\t\t\t\t\t\t\t\t<\/figure>\n\t\t\t\t\t\t\t\t\t<\/div>\n\t\t\t\t\t<\/div>\n\t\t\t\t<\/div>\n\t\t<div data-particle_enable=\"false\" data-particle-mobile-disabled=\"false\" class=\"elementor-element elementor-element-e28be26 e-flex e-con-boxed e-con e-parent\" data-id=\"e28be26\" data-element_type=\"container\" data-e-type=\"container\">\n\t\t\t\t\t<div class=\"e-con-inner\">\n\t\t\t\t<div class=\"elementor-element elementor-element-8fae3fd elementor-widget elementor-widget-heading\" data-id=\"8fae3fd\" data-element_type=\"widget\" data-e-type=\"widget\" data-widget_type=\"heading.default\">\n\t\t\t\t\t<h3 class=\"elementor-heading-title elementor-size-default\">Los meses m\u00e1s cr\u00edticos<\/h3>\t\t\t\t<\/div>\n\t\t\t\t\t<\/div>\n\t\t\t\t<\/div>\n\t\t<div data-particle_enable=\"false\" data-particle-mobile-disabled=\"false\" class=\"elementor-element elementor-element-70e4b04 e-flex e-con-boxed e-con e-parent\" data-id=\"70e4b04\" data-element_type=\"container\" data-e-type=\"container\">\n\t\t\t\t\t<div class=\"e-con-inner\">\n\t\t\t\t<div class=\"elementor-element elementor-element-67c6890 elementor-widget elementor-widget-text-editor\" data-id=\"67c6890\" data-element_type=\"widget\" data-e-type=\"widget\" data-widget_type=\"text-editor.default\">\n\t\t\t\t\t\t\t\t\t<p>Los retornos han mostrado un repunte en el segundo semestre del a\u00f1o. Julio registr\u00f3 4,355 retornados, agosto 4,334 y septiembre 4,529, convirti\u00e9ndose en los meses con mayor n\u00famero de ingresos de guatemaltecos desde la frontera norte.<\/p>\t\t\t\t\t\t\t\t<\/div>\n\t\t\t\t\t<\/div>\n\t\t\t\t<\/div>\n\t\t<div data-particle_enable=\"false\" data-particle-mobile-disabled=\"false\" class=\"elementor-element elementor-element-ab3aaaa e-flex e-con-boxed e-con e-parent\" data-id=\"ab3aaaa\" data-element_type=\"container\" data-e-type=\"container\">\n\t\t\t\t\t<div class=\"e-con-inner\">\n\t\t\t\t<div class=\"elementor-element elementor-element-8085236 elementor-widget elementor-widget-heading\" data-id=\"8085236\" data-element_type=\"widget\" data-e-type=\"widget\" data-widget_type=\"heading.default\">\n\t\t\t\t\t<h3 class=\"elementor-heading-title elementor-size-default\">Diversidad \u00e9tnica<\/h3>\t\t\t\t<\/div>\n\t\t\t\t\t<\/div>\n\t\t\t\t<\/div>\n\t\t<div data-particle_enable=\"false\" data-particle-mobile-disabled=\"false\" class=\"elementor-element elementor-element-cdaaef6 e-flex e-con-boxed e-con e-parent\" data-id=\"cdaaef6\" data-element_type=\"container\" data-e-type=\"container\">\n\t\t\t\t\t<div class=\"e-con-inner\">\n\t\t\t\t<div class=\"elementor-element elementor-element-7028a4e elementor-widget elementor-widget-text-editor\" data-id=\"7028a4e\" data-element_type=\"widget\" data-e-type=\"widget\" data-widget_type=\"text-editor.default\">\n\t\t\t\t\t\t\t\t\t<p><a href=\"https:\/\/igm.gob.gt\/base-de-datos-flujo-migratorio-regular-enero-al-31-de-agosto-2025-2\/\" target=\"_blank\" rel=\"noopener\">La migraci\u00f3n tambi\u00e9n muestra la composici\u00f3n multicultural del pa\u00eds.<\/a> De los migrantes retornados, 21,711 son ladinos, pero tambi\u00e9n se contabilizan 4,153 k\u2019iche\u2019, 3,982 mam, 2,043 q\u2019eqchi\u2019 y 1,074 q\u2019anjob\u2019al.<\/p><p>Esto evidencia que los pueblos ind\u00edgenas contin\u00faan siendo altamente vulnerables y protagonistas en la b\u00fasqueda de oportunidades fuera de Guatemala.<\/p>\t\t\t\t\t\t\t\t<\/div>\n\t\t\t\t\t<\/div>\n\t\t\t\t<\/div>\n\t\t<div data-particle_enable=\"false\" data-particle-mobile-disabled=\"false\" class=\"elementor-element elementor-element-15dbd32 e-flex e-con-boxed e-con e-parent\" data-id=\"15dbd32\" data-element_type=\"container\" data-e-type=\"container\">\n\t\t\t\t\t<div class=\"e-con-inner\">\n\t\t\t\t<div class=\"elementor-element elementor-element-2e7970d elementor-widget elementor-widget-heading\" data-id=\"2e7970d\" data-element_type=\"widget\" data-e-type=\"widget\" data-widget_type=\"heading.default\">\n\t\t\t\t\t<h3 class=\"elementor-heading-title elementor-size-default\">M\u00e1s all\u00e1 de las cifras<\/h3>\t\t\t\t<\/div>\n\t\t\t\t\t<\/div>\n\t\t\t\t<\/div>\n\t\t<div data-particle_enable=\"false\" data-particle-mobile-disabled=\"false\" class=\"elementor-element elementor-element-8b8dcf4 e-flex e-con-boxed e-con e-parent\" data-id=\"8b8dcf4\" data-element_type=\"container\" data-e-type=\"container\">\n\t\t\t\t\t<div class=\"e-con-inner\">\n\t\t\t\t<div class=\"elementor-element elementor-element-faed7e4 elementor-widget elementor-widget-text-editor\" data-id=\"faed7e4\" data-element_type=\"widget\" data-e-type=\"widget\" data-widget_type=\"text-editor.default\">\n\t\t\t\t\t\t\t\t\t<p>Las estad\u00edsticas reflejan un fen\u00f3meno humano complejo: <a href=\"https:\/\/app.powerbi.com\/view?r=eyJrIjoiZWQyZDVkZjAtMmEyYi00NWRlLTg0MTUtZDRjNWExZjZiZmM0IiwidCI6ImViOTEyNjQxLTEwNGEtNDRmOC1iNzk3LWIzYjU4ODU4NGYxZCJ9\" target=\"_blank\" rel=\"noopener\">la migraci\u00f3n guatemalteca est\u00e1 marcada por la falta de empleo, la violencia, la reunificaci\u00f3n familiar y el deseo de mejores condiciones de vida<\/a>. El retorno, voluntario o forzado, plantea un nuevo desaf\u00edo para quienes llegan al pa\u00eds, muchos de ellos con deudas adquiridas para costear su viaje o con familias que dependen de sus ingresos.<\/p><p>Mientras las cifras aumentan, organizaciones de apoyo insisten en la necesidad de implementar pol\u00edticas p\u00fablicas que faciliten la reinserci\u00f3n laboral y social de los migrantes retornados, quienes representan un sector con experiencia, habilidades y el deseo de salir adelante, pero que a menudo enfrentan nuevamente la exclusi\u00f3n en su propio pa\u00eds.<\/p>\t\t\t\t\t\t\t\t<\/div>\n\t\t\t\t\t<\/div>\n\t\t\t\t<\/div>\n\t\t<div data-particle_enable=\"false\" data-particle-mobile-disabled=\"false\" class=\"elementor-element elementor-element-dc2a496 e-flex e-con-boxed e-con e-parent\" data-id=\"dc2a496\" data-element_type=\"container\" data-e-type=\"container\">\n\t\t\t\t\t<div class=\"e-con-inner\">\n\t\t\t\t<div class=\"elementor-element elementor-element-b3b1dac elementor-widget elementor-widget-heading\" data-id=\"b3b1dac\" data-element_type=\"widget\" data-e-type=\"widget\" data-widget_type=\"heading.default\">\n\t\t\t\t\t<h2 class=\"elementor-heading-title elementor-size-default\">Conoce estos temas que te pueden interesar...<\/h2>\t\t\t\t<\/div>\n\t\t\t\t\t<\/div>\n\t\t\t\t<\/div>\n\t\t<div data-particle_enable=\"false\" data-particle-mobile-disabled=\"false\" class=\"elementor-element elementor-element-b9d4f7b e-flex e-con-boxed e-con e-parent\" data-id=\"b9d4f7b\" data-element_type=\"container\" data-e-type=\"container\">\n\t\t\t\t\t<div class=\"e-con-inner\">\n\t\t\t\t<div class=\"elementor-element elementor-element-b553707 elementor-grid-eael-col-3 elementor-grid-tablet-eael-col-2 elementor-grid-mobile-eael-col-1 elementor-widget elementor-widget-eael-post-grid\" data-id=\"b553707\" data-element_type=\"widget\" data-e-type=\"widget\" data-settings=\"{&quot;eael_post_grid_columns&quot;:&quot;eael-col-3&quot;,&quot;eael_post_grid_columns_tablet&quot;:&quot;eael-col-2&quot;,&quot;eael_post_grid_columns_mobile&quot;:&quot;eael-col-1&quot;}\" data-widget_type=\"eael-post-grid.default\">\n\t\t\t\t\t<div id=\"eael-post-grid-b553707\" class=\"eael-post-grid-container\">\n            <div class=\"eael-post-grid eael-post-appender eael-post-appender-b553707 eael-post-grid-style-one\" data-layout-mode=\"masonry\"><article class=\"eael-grid-post  eael-post-grid-column eael-pg-post-1822 category-bienestar\" data-id=\"1822\">\n        <div class=\"eael-grid-post-holder\">\n            <div class=\"eael-grid-post-holder-inner\"><div class=\"eael-entry-media\"><div class=\"eael-entry-overlay fade-in\"><i class=\"far fa-hand-pointer\" aria-hidden=\"true\"><\/i><a href=\"https:\/\/soymigrante.com\/revista\/educacion-financiera-para-migrantes-retornados\/\"><\/a><\/div><div class=\"eael-entry-thumbnail eael-image-ratio\">\n                <img decoding=\"async\" width=\"1024\" height=\"683\" src=\"https:\/\/soymigrante.com\/revista\/wp-content\/uploads\/2024\/01\/dolares-azules-regla-1024x683.webp\" class=\"attachment-large size-large wp-image-4267\" alt=\"\" srcset=\"https:\/\/soymigrante.com\/revista\/wp-content\/uploads\/2024\/01\/dolares-azules-regla-1024x683.webp 1024w, https:\/\/soymigrante.com\/revista\/wp-content\/uploads\/2024\/01\/dolares-azules-regla-300x200.webp 300w, https:\/\/soymigrante.com\/revista\/wp-content\/uploads\/2024\/01\/dolares-azules-regla-768x513.webp 768w, https:\/\/soymigrante.com\/revista\/wp-content\/uploads\/2024\/01\/dolares-azules-regla-1536x1025.webp 1536w, https:\/\/soymigrante.com\/revista\/wp-content\/uploads\/2024\/01\/dolares-azules-regla-scaled.webp 1920w, https:\/\/soymigrante.com\/revista\/wp-content\/uploads\/2024\/01\/dolares-azules-regla-750x501.webp 750w, https:\/\/soymigrante.com\/revista\/wp-content\/uploads\/2024\/01\/dolares-azules-regla-1140x761.webp 1140w, https:\/\/soymigrante.com\/revista\/wp-content\/uploads\/2024\/01\/dolares-azules-regla-600x400.webp 600w\" sizes=\"(max-width: 1024px) 100vw, 1024px\" \/>\n            <\/div>\n        <\/div><div class=\"eael-entry-wrapper\"><header class=\"eael-entry-header\"><h2 class=\"eael-entry-title\"><a class=\"eael-grid-post-link\" href=\"https:\/\/soymigrante.com\/revista\/educacion-financiera-para-migrantes-retornados\/\" title=\"Educaci\u00f3n financiera para migrantes retornados: 4 claves\">Educaci\u00f3n financiera para migrantes retornados: 4 claves<\/a><\/h2><\/header><div class=\"eael-entry-content\">\n                        <div class=\"eael-grid-post-excerpt\"><a href=\"https:\/\/soymigrante.com\/revista\/educacion-financiera-para-migrantes-retornados\/\" class=\"eael-post-elements-readmore-btn\">CONOCE SU HISTORIA <\/a><\/div>\n                    <\/div><\/div><\/div>\n        <\/div>\n    <\/article><article class=\"eael-grid-post  eael-post-grid-column eael-pg-post-1650 category-estamos-unidos tags-remesas-migrantes\" data-id=\"1650\">\n        <div class=\"eael-grid-post-holder\">\n            <div class=\"eael-grid-post-holder-inner\"><div class=\"eael-entry-media\"><div class=\"eael-entry-overlay fade-in\"><i class=\"far fa-hand-pointer\" aria-hidden=\"true\"><\/i><a href=\"https:\/\/soymigrante.com\/revista\/impacto-remesas-guatemala-desde-eeuu\/\"><\/a><\/div><div class=\"eael-entry-thumbnail eael-image-ratio\">\n                <img decoding=\"async\" width=\"1024\" height=\"700\" src=\"https:\/\/soymigrante.com\/revista\/wp-content\/uploads\/2023\/06\/Captura-de-pantalla-2023-06-28-124853-1024x700.webp\" class=\"attachment-large size-large wp-image-1651\" alt=\"Ilustraci\u00f3n de d\u00f3lares para ilustrar tema de remesas migrantes de Estados Unidos a Guatemala\" \/>\n            <\/div>\n        <\/div><div class=\"eael-entry-wrapper\"><header class=\"eael-entry-header\"><h2 class=\"eael-entry-title\"><a class=\"eael-grid-post-link\" href=\"https:\/\/soymigrante.com\/revista\/impacto-remesas-guatemala-desde-eeuu\/\" title=\"\u00bfA d\u00f3nde van las remesas enviadas por migrantes guatemaltecos desde Estados Unidos?\">\u00bfA d\u00f3nde van las remesas enviadas por migrantes guatemaltecos desde Estados Unidos?<\/a><\/h2><\/header><div class=\"eael-entry-content\">\n                        <div class=\"eael-grid-post-excerpt\"><a href=\"https:\/\/soymigrante.com\/revista\/impacto-remesas-guatemala-desde-eeuu\/\" class=\"eael-post-elements-readmore-btn\">CONOCE SU HISTORIA <\/a><\/div>\n                    <\/div><\/div><\/div>\n        <\/div>\n    <\/article><article class=\"eael-grid-post  eael-post-grid-column eael-pg-post-2411 category-lugar-de-voces\" data-id=\"2411\">\n        <div class=\"eael-grid-post-holder\">\n            <div class=\"eael-grid-post-holder-inner\"><div class=\"eael-entry-media\"><div class=\"eael-entry-overlay fade-in\"><i class=\"far fa-hand-pointer\" aria-hidden=\"true\"><\/i><a href=\"https:\/\/soymigrante.com\/revista\/reintegrar-a-migrantes-guatemaltecos-retornados-a-la-economia-es-vital\/\"><\/a><\/div><div class=\"eael-entry-thumbnail eael-image-ratio\">\n                <img loading=\"lazy\" decoding=\"async\" width=\"1024\" height=\"479\" src=\"https:\/\/soymigrante.com\/revista\/wp-content\/uploads\/2023\/09\/migra-1024x479.webp\" class=\"attachment-large size-large wp-image-2447\" alt=\"\" srcset=\"https:\/\/soymigrante.com\/revista\/wp-content\/uploads\/2023\/09\/migra-1024x479.webp 1024w, https:\/\/soymigrante.com\/revista\/wp-content\/uploads\/2023\/09\/migra-300x140.webp 300w, https:\/\/soymigrante.com\/revista\/wp-content\/uploads\/2023\/09\/migra-768x359.webp 768w, https:\/\/soymigrante.com\/revista\/wp-content\/uploads\/2023\/09\/migra-1536x718.webp 1536w, https:\/\/soymigrante.com\/revista\/wp-content\/uploads\/2023\/09\/migra-750x351.webp 750w, https:\/\/soymigrante.com\/revista\/wp-content\/uploads\/2023\/09\/migra-1140x533.webp 1140w, https:\/\/soymigrante.com\/revista\/wp-content\/uploads\/2023\/09\/migra.webp 1884w\" sizes=\"(max-width: 1024px) 100vw, 1024px\" \/>\n            <\/div>\n        <\/div><div class=\"eael-entry-wrapper\"><header class=\"eael-entry-header\"><h2 class=\"eael-entry-title\"><a class=\"eael-grid-post-link\" href=\"https:\/\/soymigrante.com\/revista\/reintegrar-a-migrantes-guatemaltecos-retornados-a-la-economia-es-vital\/\" title=\"Reintegrar a migrantes guatemaltecos retornados a la econom\u00eda es vital\">Reintegrar a migrantes guatemaltecos retornados a la econom\u00eda es vital<\/a><\/h2><\/header><div class=\"eael-entry-content\">\n                        <div class=\"eael-grid-post-excerpt\"><a href=\"https:\/\/soymigrante.com\/revista\/reintegrar-a-migrantes-guatemaltecos-retornados-a-la-economia-es-vital\/\" class=\"eael-post-elements-readmore-btn\">CONOCE SU HISTORIA <\/a><\/div>\n                    <\/div><\/div><\/div>\n        <\/div>\n    <\/article><\/div>\n            <div class=\"clearfix\"><\/div>\n        <\/div>\t\t\t\t<\/div>\n\t\t\t\t\t<\/div>\n\t\t\t\t<\/div>\n\t\t\t\t<\/div>\n\t\t","protected":false},"excerpt":{"rendered":"<p>M\u00e1s 31 mil guatemaltecos han sido retornados desde Estados Unidos en lo que va del 2025; en 9 meses de 2024 sumaban 49 142 mil. Guatemala ha recibido hasta el 28 de septiembre 31,539 compatriotas retornados desde Estados Unidos. De enero a septiembre de 2024, eran 49,142. En otras palabras, durante el \u00faltimo a\u00f1o de [&hellip;]<\/p>\n","protected":false},"author":19,"featured_media":46308,"comment_status":"open","ping_status":"open","sticky":false,"template":"","format":"standard","meta":{"_acf_changed":false,"_eb_attr":"","footnotes":""},"categories":[54],"tags":[],"class_list":["post-46307","post","type-post","status-publish","format-standard","has-post-thumbnail","hentry","category-estamos-unidos"],"acf":[],"aioseo_notices":[],"aioseo_head":"\n\t\t<!-- All in One SEO Pro 4.9.6.2 - aioseo.com -->\n\t<meta name=\"description\" content=\"Miles de guatemaltecos migrantes son retornados a su lugar de origen y buscan nuevas oportunidades de emprendimiento para fortalecer su estado econ\u00f3mico.\" \/>\n\t<meta name=\"robots\" content=\"max-snippet:-1, max-image-preview:large, max-video-preview:-1\" \/>\n\t<meta name=\"author\" content=\"SoyMigrante.com REVISTA\"\/>\n\t<link rel=\"canonical\" href=\"https:\/\/soymigrante.com\/revista\/reintegrar-a-migrantes-guatemaltecos-retornados-a-la-economia-es-vital\/\" \/>\n\t<meta name=\"generator\" content=\"All in One SEO Pro (AIOSEO) 4.9.6.2\" \/>\n\n\t\t<link rel=\"preconnect\" href=\"https:\/\/fonts.googleapis.com\" crossorigin>\n<link rel=\"preconnect\" href=\"https:\/\/fonts.gstatic.com\" crossorigin>\n\t\t<meta property=\"og:locale\" content=\"es_ES\" \/>\n\t\t<meta property=\"og:site_name\" content=\"SoyMigrante.com REVISTA \u2013 Nuestra misi\u00f3n es reconocer y dignificar al migrante.\" \/>\n\t\t<meta property=\"og:type\" content=\"article\" \/>\n\t\t<meta property=\"og:title\" content=\"Reintegrar a migrantes guatemaltecos retornados a la econom\u00eda es vital\" \/>\n\t\t<meta property=\"og:description\" content=\"Miles de guatemaltecos migrantes son retornados a su lugar de origen y buscan nuevas oportunidades de emprendimiento para fortalecer su estado econ\u00f3mico.\" \/>\n\t\t<meta property=\"og:url\" content=\"https:\/\/soymigrante.com\/revista\/reintegrar-a-migrantes-guatemaltecos-retornados-a-la-economia-es-vital\/\" \/>\n\t\t<meta property=\"og:image\" content=\"https:\/\/soymigrante.com\/revista\/wp-content\/uploads\/2023\/09\/migra.webp\" \/>\n\t\t<meta property=\"og:image:secure_url\" content=\"https:\/\/soymigrante.com\/revista\/wp-content\/uploads\/2023\/09\/migra.webp\" \/>\n\t\t<meta property=\"og:image:width\" content=\"1884\" \/>\n\t\t<meta property=\"og:image:height\" content=\"881\" \/>\n\t\t<meta property=\"article:published_time\" content=\"2023-09-01T18:23:35+00:00\" \/>\n\t\t<meta property=\"article:modified_time\" content=\"2024-07-30T21:36:10+00:00\" \/>\n\t\t<meta property=\"article:publisher\" content=\"https:\/\/www.facebook.com\/soymigrantecom\" \/>\n\t\t<meta name=\"twitter:card\" content=\"summary_large_image\" \/>\n\t\t<meta name=\"twitter:site\" content=\"@SoyMigrante_com\" \/>\n\t\t<meta name=\"twitter:title\" content=\"Reintegrar a migrantes guatemaltecos retornados a la econom\u00eda es vital\" \/>\n\t\t<meta name=\"twitter:description\" content=\"Miles de guatemaltecos migrantes son retornados a su lugar de origen y buscan nuevas oportunidades de emprendimiento para fortalecer su estado econ\u00f3mico.\" \/>\n\t\t<meta name=\"twitter:creator\" content=\"@SoyMigrante_com\" \/>\n\t\t<meta name=\"twitter:image\" content=\"https:\/\/soymigrante.com\/revista\/wp-content\/uploads\/2023\/09\/migra.webp\" \/>\n\t\t<!-- All in One SEO Pro -->\r\n\t\t<title>Reintegrar a migrantes guatemaltecos retornados a la econom\u00eda es vital<\/title>\n\n","aioseo_head_json":{"title":"Reintegrar a migrantes guatemaltecos retornados a la econom\u00eda es vital","description":"Miles de guatemaltecos migrantes son retornados a su lugar de origen y buscan nuevas oportunidades de emprendimiento para fortalecer su estado econ\u00f3mico.","canonical_url":"https:\/\/soymigrante.com\/revista\/reintegrar-a-migrantes-guatemaltecos-retornados-a-la-economia-es-vital\/","robots":"max-snippet:-1, max-image-preview:large, max-video-preview:-1","keywords":"","webmasterTools":{"miscellaneous":"&lt;link rel=\"preconnect\" href=\"https:\/\/fonts.googleapis.com\" crossorigin&gt;\n&lt;link rel=\"preconnect\" href=\"https:\/\/fonts.gstatic.com\" crossorigin&gt;"},"schema":null,"og:locale":"es_ES","og:site_name":"SoyMigrante.com REVISTA \u2013 Nuestra misi\u00f3n es reconocer y dignificar al migrante.","og:type":"article","og:title":"Reintegrar a migrantes guatemaltecos retornados a la econom\u00eda es vital","og:description":"Miles de guatemaltecos migrantes son retornados a su lugar de origen y buscan nuevas oportunidades de emprendimiento para fortalecer su estado econ\u00f3mico.","og:url":"https:\/\/soymigrante.com\/revista\/reintegrar-a-migrantes-guatemaltecos-retornados-a-la-economia-es-vital\/","og:image":"https:\/\/soymigrante.com\/revista\/wp-content\/uploads\/2023\/09\/migra.webp","og:image:secure_url":"https:\/\/soymigrante.com\/revista\/wp-content\/uploads\/2023\/09\/migra.webp","og:image:width":1884,"og:image:height":881,"article:published_time":"2023-09-01T18:23:35+00:00","article:modified_time":"2024-07-30T21:36:10+00:00","article:publisher":"https:\/\/www.facebook.com\/soymigrantecom","twitter:card":"summary_large_image","twitter:site":"@SoyMigrante_com","twitter:title":"Reintegrar a migrantes guatemaltecos retornados a la econom\u00eda es vital","twitter:description":"Miles de guatemaltecos migrantes son retornados a su lugar de origen y buscan nuevas oportunidades de emprendimiento para fortalecer su estado econ\u00f3mico.","twitter:creator":"@SoyMigrante_com","twitter:image":"https:\/\/soymigrante.com\/revista\/wp-content\/uploads\/2023\/09\/migra.webp"},"aioseo_meta_data":{"post_id":"46307","title":null,"description":"Aunque la cifra es grande, a\u00fan dista mucho de los 49 mil retornados guatemaltecos desde Estados Unidos que se reportaron en 9 meses de 2024. Otros datos aqu\u00ed","keywords":null,"keyphrases":{"focus":{"keyphrase":"migrantes","score":68,"analysis":{"keyphraseInTitle":{"score":3,"maxScore":9,"error":1},"keyphraseInDescription":{"score":3,"maxScore":9,"error":1},"keyphraseLength":{"score":9,"maxScore":9,"error":0,"length":1},"keyphraseInURL":{"score":1,"maxScore":5,"error":1},"keyphraseInIntroduction":{"score":3,"maxScore":9,"error":1},"keyphraseInSubHeadings":{"score":9,"maxScore":9,"error":0},"keyphraseInImageAlt":{"score":9,"maxScore":9,"error":0},"keywordDensity":{"type":"best","score":9,"maxScore":9,"error":0}}},"additional":[{"keyphrase":"Estados Unidos","score":100,"analysis":{"keyphraseInDescription":{"score":9,"maxScore":9,"error":0},"keyphraseLength":{"score":9,"maxScore":9,"error":0,"length":2},"keyphraseInIntroduction":{"score":9,"maxScore":9,"error":0},"keyphraseInImageAlt":{"score":9,"maxScore":9,"error":0},"keywordDensity":{"type":"best","score":9,"maxScore":9,"error":0}}},{"keyphrase":"M\u00e9xico","score":40,"analysis":{"keyphraseInDescription":{"score":3,"maxScore":9,"error":1},"keyphraseLength":{"score":9,"maxScore":9,"error":0,"length":2},"keyphraseInIntroduction":{"score":3,"maxScore":9,"error":1},"keyphraseInImageAlt":{"score":3,"maxScore":9,"error":1},"keywordDensity":{"score":0,"type":"low","maxScore":9,"error":1}}}]},"primary_term":null,"canonical_url":null,"og_title":null,"og_description":null,"og_object_type":"default","og_image_type":"default","og_image_url":null,"og_image_width":null,"og_image_height":null,"og_image_custom_url":null,"og_image_custom_fields":null,"og_video":"","og_custom_url":null,"og_article_section":null,"og_article_tags":null,"twitter_use_og":false,"twitter_card":"default","twitter_image_type":"default","twitter_image_url":null,"twitter_image_custom_url":null,"twitter_image_custom_fields":null,"twitter_title":null,"twitter_description":null,"schema":{"blockGraphs":[],"customGraphs":[],"default":{"data":{"Article":[],"Course":[],"Dataset":[],"FAQPage":[],"Movie":[],"Person":[],"Product":[],"ProductReview":[],"Car":[],"Recipe":[],"Service":[],"SoftwareApplication":[],"WebPage":[]},"graphName":"none","isEnabled":true},"graphs":[]},"schema_type":"default","schema_type_options":null,"pillar_content":false,"robots_default":true,"robots_noindex":false,"robots_noarchive":false,"robots_nosnippet":false,"robots_nofollow":false,"robots_noimageindex":false,"robots_noodp":false,"robots_notranslate":false,"robots_max_snippet":"-1","robots_max_videopreview":"-1","robots_max_imagepreview":"large","priority":null,"frequency":"default","local_seo":null,"seo_analyzer_scan_date":"2025-10-09 08:58:24","breadcrumb_settings":null,"limit_modified_date":false,"reviewed_by":"0","open_ai":null,"ai":{"faqs":[],"keyPoints":[],"titles":[],"descriptions":[],"socialPosts":{"email":[],"linkedin":[],"twitter":[],"facebook":[],"instagram":[]}},"created":"2025-09-29 20:02:58","updated":"2026-02-05 05:56:20"},"aioseo_breadcrumb":"<div class=\"aioseo-breadcrumbs\"><span class=\"aioseo-breadcrumb\">\n\t<a href=\"https:\/\/soymigrante.com\/revista\" title=\"Home\">Home<\/a>\n<\/span><span class=\"aioseo-breadcrumb-separator\">\u00bb<\/span><span class=\"aioseo-breadcrumb\">\n\t<a href=\"https:\/\/soymigrante.com\/revista\/category\/estamos-unidos\/\" title=\"Estamos Unidos\">Estamos Unidos<\/a>\n<\/span><span class=\"aioseo-breadcrumb-separator\">\u00bb<\/span><span class=\"aioseo-breadcrumb\">\n\t\u00bfCu\u00e1ntos guatemaltecos retornados van en 2025?\n<\/span><\/div>","aioseo_breadcrumb_json":[{"label":"Home","link":"https:\/\/soymigrante.com\/revista"},{"label":"Estamos Unidos","link":"https:\/\/soymigrante.com\/revista\/category\/estamos-unidos\/"},{"label":"\u00bfCu\u00e1ntos guatemaltecos retornados van en 2025?","link":"https:\/\/soymigrante.com\/revista\/cuantos-guatemaltecos-retornados-van-en-2025\/"}],"_links":{"self":[{"href":"https:\/\/soymigrante.com\/revista\/wp-json\/wp\/v2\/posts\/46307","targetHints":{"allow":["GET"]}}],"collection":[{"href":"https:\/\/soymigrante.com\/revista\/wp-json\/wp\/v2\/posts"}],"about":[{"href":"https:\/\/soymigrante.com\/revista\/wp-json\/wp\/v2\/types\/post"}],"author":[{"embeddable":true,"href":"https:\/\/soymigrante.com\/revista\/wp-json\/wp\/v2\/users\/19"}],"replies":[{"embeddable":true,"href":"https:\/\/soymigrante.com\/revista\/wp-json\/wp\/v2\/comments?post=46307"}],"version-history":[{"count":19,"href":"https:\/\/soymigrante.com\/revista\/wp-json\/wp\/v2\/posts\/46307\/revisions"}],"predecessor-version":[{"id":46358,"href":"https:\/\/soymigrante.com\/revista\/wp-json\/wp\/v2\/posts\/46307\/revisions\/46358"}],"wp:featuredmedia":[{"embeddable":true,"href":"https:\/\/soymigrante.com\/revista\/wp-json\/wp\/v2\/media\/46308"}],"wp:attachment":[{"href":"https:\/\/soymigrante.com\/revista\/wp-json\/wp\/v2\/media?parent=46307"}],"wp:term":[{"taxonomy":"category","embeddable":true,"href":"https:\/\/soymigrante.com\/revista\/wp-json\/wp\/v2\/categories?post=46307"},{"taxonomy":"post_tag","embeddable":true,"href":"https:\/\/soymigrante.com\/revista\/wp-json\/wp\/v2\/tags?post=46307"}],"curies":[{"name":"wp","href":"https:\/\/api.w.org\/{rel}","templated":true}]}}