{"id":46269,"date":"2026-03-28T10:28:31","date_gmt":"2026-03-28T16:28:31","guid":{"rendered":"https:\/\/soymigrante.com\/revista\/?p=46269"},"modified":"2026-03-28T10:28:38","modified_gmt":"2026-03-28T16:28:38","slug":"rio-dulce-varios-destinos-en-uno-solo-en-guatemala","status":"publish","type":"post","link":"https:\/\/soymigrante.com\/revista\/rio-dulce-varios-destinos-en-uno-solo-en-guatemala\/","title":{"rendered":"El majestuoso R\u00edo Dulce en Izabal concentra varios destinos hist\u00f3ricos y naturales que vale la pena visitar"},"content":{"rendered":"\t\t<div data-elementor-type=\"wp-post\" data-elementor-id=\"46269\" class=\"elementor elementor-46269\" data-elementor-post-type=\"post\">\n\t\t\t\t<div data-particle_enable=\"false\" data-particle-mobile-disabled=\"false\" class=\"elementor-element elementor-element-9cd733a e-flex e-con-boxed e-con e-parent\" data-id=\"9cd733a\" data-element_type=\"container\" data-e-type=\"container\">\n\t\t\t\t\t<div class=\"e-con-inner\">\n\t\t\t\t<div class=\"elementor-element elementor-element-326430c elementor-widget elementor-widget-heading\" data-id=\"326430c\" data-element_type=\"widget\" data-e-type=\"widget\" data-widget_type=\"heading.default\">\n\t\t\t\t\t<h2 class=\"elementor-heading-title elementor-size-default\">R\u00edo Dulce es uno de los lugares m\u00e1s hermosos de Guatemala, pero no solo es un destino, tiene varios atractivos. <\/h2>\t\t\t\t<\/div>\n\t\t\t\t\t<\/div>\n\t\t\t\t<\/div>\n\t\t<div data-particle_enable=\"false\" data-particle-mobile-disabled=\"false\" class=\"elementor-element elementor-element-52631ce e-flex e-con-boxed e-con e-parent\" data-id=\"52631ce\" data-element_type=\"container\" data-e-type=\"container\">\n\t\t\t\t\t<div class=\"e-con-inner\">\n\t\t\t\t<div class=\"elementor-element elementor-element-7e46b98 elementor-widget elementor-widget-text-editor\" data-id=\"7e46b98\" data-element_type=\"widget\" data-e-type=\"widget\" data-widget_type=\"text-editor.default\">\n\t\t\t\t\t\t\t\t\t<p>Ubicado en Izabal, al oriente de Guatemala, <a href=\"https:\/\/soymigrante.com\/revista\/lago-de-izabal-es-el-gigante-de-agua-dulce-en-guatemala\/\" target=\"_blank\" rel=\"noopener\">R\u00edo Dulce es uno de los destinos tur\u00edsticos m\u00e1s completos del pa\u00eds<\/a>. Su riqueza natural, hist\u00f3rica y cultural lo convierte en un lugar ideal para quienes buscan aventura, descanso y contacto directo con la naturaleza.<\/p>\t\t\t\t\t\t\t\t<\/div>\n\t\t\t\t\t<\/div>\n\t\t\t\t<\/div>\n\t\t<div data-particle_enable=\"false\" data-particle-mobile-disabled=\"false\" class=\"elementor-element elementor-element-556b874 e-flex e-con-boxed e-con e-parent\" data-id=\"556b874\" data-element_type=\"container\" data-e-type=\"container\">\n\t\t\t\t\t<div class=\"e-con-inner\">\n\t\t\t\t<div class=\"elementor-element elementor-element-3a0f0a9 elementor-widget elementor-widget-heading\" data-id=\"3a0f0a9\" data-element_type=\"widget\" data-e-type=\"widget\" data-widget_type=\"heading.default\">\n\t\t\t\t\t<h3 class=\"elementor-heading-title elementor-size-default\">El majestuoso puente de R\u00edo Dulce<\/h3>\t\t\t\t<\/div>\n\t\t\t\t\t<\/div>\n\t\t\t\t<\/div>\n\t\t<div data-particle_enable=\"false\" data-particle-mobile-disabled=\"false\" class=\"elementor-element elementor-element-4107040 e-flex e-con-boxed e-con e-parent\" data-id=\"4107040\" data-element_type=\"container\" data-e-type=\"container\">\n\t\t\t\t\t<div class=\"e-con-inner\">\n\t\t\t\t<div class=\"elementor-element elementor-element-7fc8a7b elementor-widget elementor-widget-text-editor\" data-id=\"7fc8a7b\" data-element_type=\"widget\" data-e-type=\"widget\" data-widget_type=\"text-editor.default\">\n\t\t\t\t\t\t\t\t\t<p>El recorrido inicia al cruzar el puente de R\u00edo Dulce, una de las estructuras m\u00e1s emblem\u00e1ticas de Guatemala. Desde lo alto, se aprecian las aguas tranquilas que conectan el lago de Izabal con el mar Caribe, y las embarcaciones que a diario navegan por este corredor natural.<\/p>\t\t\t\t\t\t\t\t<\/div>\n\t\t\t\t\t<\/div>\n\t\t\t\t<\/div>\n\t\t<div data-particle_enable=\"false\" data-particle-mobile-disabled=\"false\" class=\"elementor-element elementor-element-c1ac184 e-flex e-con-boxed e-con e-parent\" data-id=\"c1ac184\" data-element_type=\"container\" data-e-type=\"container\">\n\t\t\t\t\t<div class=\"e-con-inner\">\n\t\t\t\t<div class=\"elementor-element elementor-element-cc6840f elementor-widget elementor-widget-image\" data-id=\"cc6840f\" data-element_type=\"widget\" data-e-type=\"widget\" data-widget_type=\"image.default\">\n\t\t\t\t\t\t\t\t\t\t\t\t<figure class=\"wp-caption\">\n\t\t\t\t\t\t\t\t\t\t<img fetchpriority=\"high\" decoding=\"async\" width=\"1024\" height=\"768\" src=\"https:\/\/soymigrante.com\/revista\/wp-content\/uploads\/2025\/09\/rio-dulce-7-1024x768.jpg\" class=\"attachment-large size-large wp-image-46281\" alt=\"Izabal guarda unos lugares con vistas hermosas. (Foto: INGUAT)\" srcset=\"https:\/\/soymigrante.com\/revista\/wp-content\/uploads\/2025\/09\/rio-dulce-7-1024x768.jpg 1024w, https:\/\/soymigrante.com\/revista\/wp-content\/uploads\/2025\/09\/rio-dulce-7-300x225.jpg 300w, https:\/\/soymigrante.com\/revista\/wp-content\/uploads\/2025\/09\/rio-dulce-7-768x576.jpg 768w, https:\/\/soymigrante.com\/revista\/wp-content\/uploads\/2025\/09\/rio-dulce-7-1536x1152.jpg 1536w, https:\/\/soymigrante.com\/revista\/wp-content\/uploads\/2025\/09\/rio-dulce-7-750x563.jpg 750w, https:\/\/soymigrante.com\/revista\/wp-content\/uploads\/2025\/09\/rio-dulce-7-1140x855.jpg 1140w, https:\/\/soymigrante.com\/revista\/wp-content\/uploads\/2025\/09\/rio-dulce-7.jpg 2048w\" sizes=\"(max-width: 1024px) 100vw, 1024px\" title=\"Izabal guarda unos lugares con vistas hermosas. (Foto: INGUAT) \u2013 SoyMigrante.com REVISTA\" \/>\t\t\t\t\t\t\t\t\t\t\t<figcaption class=\"widget-image-caption wp-caption-text\">Izabal guarda unos lugares con vistas hermosas. (Foto: INGUAT)<\/figcaption>\n\t\t\t\t\t\t\t\t\t\t<\/figure>\n\t\t\t\t\t\t\t\t\t<\/div>\n\t\t\t\t\t<\/div>\n\t\t\t\t<\/div>\n\t\t<div data-particle_enable=\"false\" data-particle-mobile-disabled=\"false\" class=\"elementor-element elementor-element-ab4a717 e-flex e-con-boxed e-con e-parent\" data-id=\"ab4a717\" data-element_type=\"container\" data-e-type=\"container\">\n\t\t\t\t\t<div class=\"e-con-inner\">\n\t\t\t\t<div class=\"elementor-element elementor-element-28feab5 elementor-widget elementor-widget-heading\" data-id=\"28feab5\" data-element_type=\"widget\" data-e-type=\"widget\" data-widget_type=\"heading.default\">\n\t\t\t\t\t<h3 class=\"elementor-heading-title elementor-size-default\">El Golfete: un santuario natural<\/h3>\t\t\t\t<\/div>\n\t\t\t\t\t<\/div>\n\t\t\t\t<\/div>\n\t\t<div data-particle_enable=\"false\" data-particle-mobile-disabled=\"false\" class=\"elementor-element elementor-element-a5973d5 e-flex e-con-boxed e-con e-parent\" data-id=\"a5973d5\" data-element_type=\"container\" data-e-type=\"container\">\n\t\t\t\t\t<div class=\"e-con-inner\">\n\t\t\t\t<div class=\"elementor-element elementor-element-ed5a87f elementor-widget elementor-widget-text-editor\" data-id=\"ed5a87f\" data-element_type=\"widget\" data-e-type=\"widget\" data-widget_type=\"text-editor.default\">\n\t\t\t\t\t\t\t\t\t<p>M\u00e1s adelante se encuentra El Golfete, una especie de lago interno rodeado de monta\u00f1as y selva tropical. <a href=\"https:\/\/soymigrante.com\/revista\/lago-de-izabal-es-el-gigante-de-agua-dulce-en-guatemala\/\" target=\"_blank\" rel=\"noopener\">Este lugar es hogar de aves ex\u00f3ticas, manat\u00edes y una gran biodiversidad que atrae tanto a turistas como a investigadores.<\/a> Navegar por sus aguas es una experiencia que combina tranquilidad y descubrimiento.<\/p>\t\t\t\t\t\t\t\t<\/div>\n\t\t\t\t\t<\/div>\n\t\t\t\t<\/div>\n\t\t<div data-particle_enable=\"false\" data-particle-mobile-disabled=\"false\" class=\"elementor-element elementor-element-170e012 e-flex e-con-boxed e-con e-parent\" data-id=\"170e012\" data-element_type=\"container\" data-e-type=\"container\">\n\t\t\t\t\t<div class=\"e-con-inner\">\n\t\t\t\t<div class=\"elementor-element elementor-element-c7f5f46 elementor-widget elementor-widget-heading\" data-id=\"c7f5f46\" data-element_type=\"widget\" data-e-type=\"widget\" data-widget_type=\"heading.default\">\n\t\t\t\t\t<h3 class=\"elementor-heading-title elementor-size-default\">El Biotopo Choc\u00f3n Machacas<\/h3>\t\t\t\t<\/div>\n\t\t\t\t\t<\/div>\n\t\t\t\t<\/div>\n\t\t<div data-particle_enable=\"false\" data-particle-mobile-disabled=\"false\" class=\"elementor-element elementor-element-64743bf e-flex e-con-boxed e-con e-parent\" data-id=\"64743bf\" data-element_type=\"container\" data-e-type=\"container\">\n\t\t\t\t\t<div class=\"e-con-inner\">\n\t\t\t\t<div class=\"elementor-element elementor-element-2eddd4c elementor-widget elementor-widget-text-editor\" data-id=\"2eddd4c\" data-element_type=\"widget\" data-e-type=\"widget\" data-widget_type=\"text-editor.default\">\n\t\t\t\t\t\t\t\t\t<p>En la zona tambi\u00e9n se encuentra el Biotopo Choc\u00f3n Machacas, un \u00e1rea protegida dedicada a la conservaci\u00f3n del manat\u00ed, especie en peligro de extinci\u00f3n. El biotopo es perfecto para los amantes del ecoturismo, ya que cuenta con senderos, miradores y espacios donde se puede apreciar la riqueza de la flora y fauna local.<\/p>\t\t\t\t\t\t\t\t<\/div>\n\t\t\t\t\t<\/div>\n\t\t\t\t<\/div>\n\t\t<div data-particle_enable=\"false\" data-particle-mobile-disabled=\"false\" class=\"elementor-element elementor-element-bdd15af e-flex e-con-boxed e-con e-parent\" data-id=\"bdd15af\" data-element_type=\"container\" data-e-type=\"container\">\n\t\t\t\t\t<div class=\"e-con-inner\">\n\t\t\t\t<div class=\"elementor-element elementor-element-1c9828f elementor-widget elementor-widget-heading\" data-id=\"1c9828f\" data-element_type=\"widget\" data-e-type=\"widget\" data-widget_type=\"heading.default\">\n\t\t\t\t\t<h3 class=\"elementor-heading-title elementor-size-default\">Aguas termales en la selva<\/h3>\t\t\t\t<\/div>\n\t\t\t\t\t<\/div>\n\t\t\t\t<\/div>\n\t\t<div data-particle_enable=\"false\" data-particle-mobile-disabled=\"false\" class=\"elementor-element elementor-element-dee20d2 e-flex e-con-boxed e-con e-parent\" data-id=\"dee20d2\" data-element_type=\"container\" data-e-type=\"container\">\n\t\t\t\t\t<div class=\"e-con-inner\">\n\t\t\t\t<div class=\"elementor-element elementor-element-c1ef371 elementor-widget elementor-widget-text-editor\" data-id=\"c1ef371\" data-element_type=\"widget\" data-e-type=\"widget\" data-widget_type=\"text-editor.default\">\n\t\t\t\t\t\t\t\t\t<p>R\u00edo Dulce sorprende tambi\u00e9n con su \u00e1rea de aguas termales, un lugar donde el agua caliente brota en medio de la vegetaci\u00f3n. Los visitantes pueden disfrutar de un ba\u00f1o natural, rodeados de un paisaje \u00fanico que combina selva, vapor y el sonido de la naturaleza.<\/p>\t\t\t\t\t\t\t\t<\/div>\n\t\t\t\t\t<\/div>\n\t\t\t\t<\/div>\n\t\t<div data-particle_enable=\"false\" data-particle-mobile-disabled=\"false\" class=\"elementor-element elementor-element-ffcdb75 e-flex e-con-boxed e-con e-parent\" data-id=\"ffcdb75\" data-element_type=\"container\" data-e-type=\"container\">\n\t\t\t\t\t<div class=\"e-con-inner\">\n\t\t\t\t<div class=\"elementor-element elementor-element-687ecde elementor-widget elementor-widget-image\" data-id=\"687ecde\" data-element_type=\"widget\" data-e-type=\"widget\" data-widget_type=\"image.default\">\n\t\t\t\t\t\t\t\t\t\t\t\t<figure class=\"wp-caption\">\n\t\t\t\t\t\t\t\t\t\t<img decoding=\"async\" width=\"1024\" height=\"631\" src=\"https:\/\/soymigrante.com\/revista\/wp-content\/uploads\/2025\/09\/Rio-Dulce-2-1024x631.jpeg\" class=\"attachment-large size-large wp-image-46282\" alt=\"El Castillo de San Felipe es de los lugares m\u00e1s visitados. (Foto: INGUAT)\" srcset=\"https:\/\/soymigrante.com\/revista\/wp-content\/uploads\/2025\/09\/Rio-Dulce-2-1024x631.jpeg 1024w, https:\/\/soymigrante.com\/revista\/wp-content\/uploads\/2025\/09\/Rio-Dulce-2-300x185.jpeg 300w, https:\/\/soymigrante.com\/revista\/wp-content\/uploads\/2025\/09\/Rio-Dulce-2-768x473.jpeg 768w, https:\/\/soymigrante.com\/revista\/wp-content\/uploads\/2025\/09\/Rio-Dulce-2-1536x947.jpeg 1536w, https:\/\/soymigrante.com\/revista\/wp-content\/uploads\/2025\/09\/Rio-Dulce-2-2048x1262.jpeg 2048w, https:\/\/soymigrante.com\/revista\/wp-content\/uploads\/2025\/09\/Rio-Dulce-2-750x462.jpeg 750w, https:\/\/soymigrante.com\/revista\/wp-content\/uploads\/2025\/09\/Rio-Dulce-2-1140x703.jpeg 1140w\" sizes=\"(max-width: 1024px) 100vw, 1024px\" title=\"El Castillo de San Felipe es de los lugares m\u00e1s visitados. (Foto: INGUAT) \u2013 SoyMigrante.com REVISTA\" \/>\t\t\t\t\t\t\t\t\t\t\t<figcaption class=\"widget-image-caption wp-caption-text\">El Castillo de San Felipe es de los lugares m\u00e1s visitados. (Foto: INGUAT)<\/figcaption>\n\t\t\t\t\t\t\t\t\t\t<\/figure>\n\t\t\t\t\t\t\t\t\t<\/div>\n\t\t\t\t\t<\/div>\n\t\t\t\t<\/div>\n\t\t<div data-particle_enable=\"false\" data-particle-mobile-disabled=\"false\" class=\"elementor-element elementor-element-15c436e e-flex e-con-boxed e-con e-parent\" data-id=\"15c436e\" data-element_type=\"container\" data-e-type=\"container\">\n\t\t\t\t\t<div class=\"e-con-inner\">\n\t\t\t\t<div class=\"elementor-element elementor-element-10f812b elementor-widget elementor-widget-heading\" data-id=\"10f812b\" data-element_type=\"widget\" data-e-type=\"widget\" data-widget_type=\"heading.default\">\n\t\t\t\t\t<h3 class=\"elementor-heading-title elementor-size-default\">Castillo de San Felipe: historia viva<\/h3>\t\t\t\t<\/div>\n\t\t\t\t\t<\/div>\n\t\t\t\t<\/div>\n\t\t<div data-particle_enable=\"false\" data-particle-mobile-disabled=\"false\" class=\"elementor-element elementor-element-773a4ad e-flex e-con-boxed e-con e-parent\" data-id=\"773a4ad\" data-element_type=\"container\" data-e-type=\"container\">\n\t\t\t\t\t<div class=\"e-con-inner\">\n\t\t\t\t<div class=\"elementor-element elementor-element-37c1d5f elementor-widget elementor-widget-text-editor\" data-id=\"37c1d5f\" data-element_type=\"widget\" data-e-type=\"widget\" data-widget_type=\"text-editor.default\">\n\t\t\t\t\t\t\t\t\t<p>Otro de los grandes atractivos es el Castillo de San Felipe de Lara, una fortaleza construida en el siglo XVII para proteger la regi\u00f3n de los ataques de piratas.<\/p><p><a href=\"https:\/\/soymigrante.com\/revista\/lago-de-izabal-es-el-gigante-de-agua-dulce-en-guatemala\/\" target=\"_blank\" rel=\"noopener\">Hoy es un monumento hist\u00f3rico abierto al p\u00fablico, donde se puede recorrer sus pasillos,<\/a> torres y calabozos, mientras se aprende sobre la \u00e9poca colonial y las batallas libradas en el Caribe guatemalteco.<\/p>\t\t\t\t\t\t\t\t<\/div>\n\t\t\t\t\t<\/div>\n\t\t\t\t<\/div>\n\t\t<div data-particle_enable=\"false\" data-particle-mobile-disabled=\"false\" class=\"elementor-element elementor-element-8d826f7 e-flex e-con-boxed e-con e-parent\" data-id=\"8d826f7\" data-element_type=\"container\" data-e-type=\"container\">\n\t\t\t\t\t<div class=\"e-con-inner\">\n\t\t\t\t<div class=\"elementor-element elementor-element-82c4eb4 elementor-widget elementor-widget-heading\" data-id=\"82c4eb4\" data-element_type=\"widget\" data-e-type=\"widget\" data-widget_type=\"heading.default\">\n\t\t\t\t\t<h3 class=\"elementor-heading-title elementor-size-default\">Un destino que lo tiene todo<\/h3>\t\t\t\t<\/div>\n\t\t\t\t\t<\/div>\n\t\t\t\t<\/div>\n\t\t<div data-particle_enable=\"false\" data-particle-mobile-disabled=\"false\" class=\"elementor-element elementor-element-b2b5374 e-flex e-con-boxed e-con e-parent\" data-id=\"b2b5374\" data-element_type=\"container\" data-e-type=\"container\">\n\t\t\t\t\t<div class=\"e-con-inner\">\n\t\t\t\t<div class=\"elementor-element elementor-element-42f1c40 elementor-widget elementor-widget-text-editor\" data-id=\"42f1c40\" data-element_type=\"widget\" data-e-type=\"widget\" data-widget_type=\"text-editor.default\">\n\t\t\t\t\t\t\t\t\t<p>Visitar R\u00edo Dulce es adentrarse en un lugar que ofrece historia, cultura, naturaleza y aventura en un mismo recorrido. Desde sus paisajes acu\u00e1ticos hasta sus tesoros coloniales, cada rinc\u00f3n invita a descubrir la diversidad que caracteriza a esta joya de Izabal.<\/p>\t\t\t\t\t\t\t\t<\/div>\n\t\t\t\t\t<\/div>\n\t\t\t\t<\/div>\n\t\t<div data-particle_enable=\"false\" data-particle-mobile-disabled=\"false\" class=\"elementor-element elementor-element-a2465b8 e-flex e-con-boxed e-con e-parent\" data-id=\"a2465b8\" data-element_type=\"container\" data-e-type=\"container\">\n\t\t\t\t\t<div class=\"e-con-inner\">\n\t\t\t\t<div class=\"elementor-element elementor-element-14689ae elementor-widget elementor-widget-image\" data-id=\"14689ae\" data-element_type=\"widget\" data-e-type=\"widget\" data-widget_type=\"image.default\">\n\t\t\t\t\t\t\t\t\t\t\t\t<figure class=\"wp-caption\">\n\t\t\t\t\t\t\t\t\t\t<img decoding=\"async\" width=\"1024\" height=\"673\" src=\"https:\/\/soymigrante.com\/revista\/wp-content\/uploads\/2025\/09\/Rio-Dulce-3-1024x673.jpg\" class=\"attachment-large size-large wp-image-46283\" alt=\"R\u00edo Dulce es un lugar con muchos destinos. (Foto: INGUAT)\" srcset=\"https:\/\/soymigrante.com\/revista\/wp-content\/uploads\/2025\/09\/Rio-Dulce-3-1024x673.jpg 1024w, https:\/\/soymigrante.com\/revista\/wp-content\/uploads\/2025\/09\/Rio-Dulce-3-300x197.jpg 300w, https:\/\/soymigrante.com\/revista\/wp-content\/uploads\/2025\/09\/Rio-Dulce-3-768x505.jpg 768w, https:\/\/soymigrante.com\/revista\/wp-content\/uploads\/2025\/09\/Rio-Dulce-3-1536x1010.jpg 1536w, https:\/\/soymigrante.com\/revista\/wp-content\/uploads\/2025\/09\/Rio-Dulce-3-2048x1346.jpg 2048w, https:\/\/soymigrante.com\/revista\/wp-content\/uploads\/2025\/09\/Rio-Dulce-3-750x493.jpg 750w, https:\/\/soymigrante.com\/revista\/wp-content\/uploads\/2025\/09\/Rio-Dulce-3-1140x749.jpg 1140w\" sizes=\"(max-width: 1024px) 100vw, 1024px\" title=\"R\u00edo Dulce es un lugar con muchos destinos. (Foto: INGUAT) \u2013 SoyMigrante.com REVISTA\" \/>\t\t\t\t\t\t\t\t\t\t\t<figcaption class=\"widget-image-caption wp-caption-text\">R\u00edo Dulce es un lugar con muchos destinos. (Foto: INGUAT)<\/figcaption>\n\t\t\t\t\t\t\t\t\t\t<\/figure>\n\t\t\t\t\t\t\t\t\t<\/div>\n\t\t\t\t\t<\/div>\n\t\t\t\t<\/div>\n\t\t<div data-particle_enable=\"false\" data-particle-mobile-disabled=\"false\" class=\"elementor-element elementor-element-03865a6 e-flex e-con-boxed e-con e-parent\" data-id=\"03865a6\" data-element_type=\"container\" data-e-type=\"container\">\n\t\t\t\t\t<div class=\"e-con-inner\">\n\t\t\t\t<div class=\"elementor-element elementor-element-dd8e3ab elementor-widget elementor-widget-heading\" data-id=\"dd8e3ab\" data-element_type=\"widget\" data-e-type=\"widget\" data-widget_type=\"heading.default\">\n\t\t\t\t\t<h2 class=\"elementor-heading-title elementor-size-default\">Conoce m\u00e1s lugares emblem\u00e1ticos de Guatemala, ac\u00e1...<\/h2>\t\t\t\t<\/div>\n\t\t\t\t\t<\/div>\n\t\t\t\t<\/div>\n\t\t<div data-particle_enable=\"false\" data-particle-mobile-disabled=\"false\" class=\"elementor-element elementor-element-18ea251 e-flex e-con-boxed e-con e-parent\" data-id=\"18ea251\" data-element_type=\"container\" data-e-type=\"container\">\n\t\t\t\t\t<div class=\"e-con-inner\">\n\t\t\t\t<div class=\"elementor-element elementor-element-f44500b elementor-grid-eael-col-3 elementor-grid-tablet-eael-col-2 elementor-grid-mobile-eael-col-1 elementor-widget elementor-widget-eael-post-grid\" data-id=\"f44500b\" data-element_type=\"widget\" data-e-type=\"widget\" data-settings=\"{&quot;eael_post_grid_columns&quot;:&quot;eael-col-3&quot;,&quot;eael_post_grid_columns_tablet&quot;:&quot;eael-col-2&quot;,&quot;eael_post_grid_columns_mobile&quot;:&quot;eael-col-1&quot;}\" data-widget_type=\"eael-post-grid.default\">\n\t\t\t\t\t<div id=\"eael-post-grid-f44500b\" class=\"eael-post-grid-container\">\n            <div class=\"eael-post-grid eael-post-appender eael-post-appender-f44500b eael-post-grid-style-one\" data-layout-mode=\"masonry\"><article class=\"eael-grid-post  eael-post-grid-column eael-pg-post-21040 category-guate-nuestra tags-departamentos-de-guatemala\" data-id=\"21040\">\n        <div class=\"eael-grid-post-holder\">\n            <div class=\"eael-grid-post-holder-inner\"><div class=\"eael-entry-media\"><div class=\"eael-entry-overlay fade-in\"><i class=\"far fa-hand-pointer\" aria-hidden=\"true\"><\/i><a href=\"https:\/\/soymigrante.com\/revista\/departamentos-de-guatemala-izabal-es-la-puerta-del-caribe\/\"><\/a><\/div><div class=\"eael-entry-thumbnail eael-image-ratio\">\n                <img loading=\"lazy\" decoding=\"async\" width=\"713\" height=\"713\" src=\"https:\/\/soymigrante.com\/revista\/wp-content\/uploads\/2025\/01\/izabal.webp\" class=\"attachment-large size-large wp-image-21437\" alt=\"Puerto Viejo, fortaleza hist\u00f3rica en el agua, s\u00edmbolo de patrimonio y cultura en el Caribe, ideal para explorar historia, turismo y migrantes en extremo sur de Am\u00e9rica.\" srcset=\"https:\/\/soymigrante.com\/revista\/wp-content\/uploads\/2025\/01\/izabal.webp 713w, https:\/\/soymigrante.com\/revista\/wp-content\/uploads\/2025\/01\/izabal-300x300.jpg 300w, https:\/\/soymigrante.com\/revista\/wp-content\/uploads\/2025\/01\/izabal-150x150.jpg 150w, https:\/\/soymigrante.com\/revista\/wp-content\/uploads\/2025\/01\/izabal-75x75.webp 75w\" sizes=\"(max-width: 713px) 100vw, 713px\" \/>\n            <\/div>\n        <\/div><div class=\"eael-entry-wrapper\"><header class=\"eael-entry-header\"><h2 class=\"eael-entry-title\"><a class=\"eael-grid-post-link\" href=\"https:\/\/soymigrante.com\/revista\/departamentos-de-guatemala-izabal-es-la-puerta-del-caribe\/\" title=\"Departamentos de Guatemala: Izabal es la puerta del Caribe\">Departamentos de Guatemala: Izabal es la puerta del Caribe<\/a><\/h2><\/header><div class=\"eael-entry-content\">\n                        <div class=\"eael-grid-post-excerpt\"><a href=\"https:\/\/soymigrante.com\/revista\/departamentos-de-guatemala-izabal-es-la-puerta-del-caribe\/\" class=\"eael-post-elements-readmore-btn\">CONOCE SU HISTORIA <\/a><\/div>\n                    <\/div><\/div><\/div>\n        <\/div>\n    <\/article><article class=\"eael-grid-post  eael-post-grid-column eael-pg-post-34156 category-guate-nuestra\" data-id=\"34156\">\n        <div class=\"eael-grid-post-holder\">\n            <div class=\"eael-grid-post-holder-inner\"><div class=\"eael-entry-media\"><div class=\"eael-entry-overlay fade-in\"><i class=\"far fa-hand-pointer\" aria-hidden=\"true\"><\/i><a href=\"https:\/\/soymigrante.com\/revista\/cerro-san-gil-un-tesoro-natural-en-el-corazon-de-izabal\/\"><\/a><\/div><div class=\"eael-entry-thumbnail eael-image-ratio\">\n                <img loading=\"lazy\" decoding=\"async\" width=\"474\" height=\"316\" src=\"https:\/\/soymigrante.com\/revista\/wp-content\/uploads\/2025\/05\/Cerro-San-Gil-e1747854657137.webp\" class=\"attachment-large size-large wp-image-34157\" alt=\"Vistas panor\u00e1micas de una exuberante finca en la regi\u00f3n rural de Guatemala, con colinas verdes y caminos rurales bajo un cielo parcialmente nublado.\" \/>\n            <\/div>\n        <\/div><div class=\"eael-entry-wrapper\"><header class=\"eael-entry-header\"><h2 class=\"eael-entry-title\"><a class=\"eael-grid-post-link\" href=\"https:\/\/soymigrante.com\/revista\/cerro-san-gil-un-tesoro-natural-en-el-corazon-de-izabal\/\" title=\"Cerro San Gil: Un tesoro natural en el coraz\u00f3n de Izabal\">Cerro San Gil: Un tesoro natural en el coraz\u00f3n de Izabal<\/a><\/h2><\/header><div class=\"eael-entry-content\">\n                        <div class=\"eael-grid-post-excerpt\"><a href=\"https:\/\/soymigrante.com\/revista\/cerro-san-gil-un-tesoro-natural-en-el-corazon-de-izabal\/\" class=\"eael-post-elements-readmore-btn\">CONOCE SU HISTORIA <\/a><\/div>\n                    <\/div><\/div><\/div>\n        <\/div>\n    <\/article><article class=\"eael-grid-post  eael-post-grid-column eael-pg-post-10236 category-guate-nuestra\" data-id=\"10236\">\n        <div class=\"eael-grid-post-holder\">\n            <div class=\"eael-grid-post-holder-inner\"><div class=\"eael-entry-media\"><div class=\"eael-entry-overlay fade-in\"><i class=\"far fa-hand-pointer\" aria-hidden=\"true\"><\/i><a href=\"https:\/\/soymigrante.com\/revista\/10-datos-que-ya-sabias-o-quiza-no-acerca-del-lago-de-izabal\/\"><\/a><\/div><div class=\"eael-entry-thumbnail eael-image-ratio\">\n                <img loading=\"lazy\" decoding=\"async\" width=\"773\" height=\"773\" src=\"https:\/\/soymigrante.com\/revista\/wp-content\/uploads\/2024\/11\/lago-izabal.webp\" class=\"attachment-large size-large wp-image-11924\" alt=\"Lago rodeado de naturaleza verde y monta\u00f1as, vista a\u00e9rea, paisaje natural en una regi\u00f3n tranquila y esc\u00e9nica.\" srcset=\"https:\/\/soymigrante.com\/revista\/wp-content\/uploads\/2024\/11\/lago-izabal.webp 773w, https:\/\/soymigrante.com\/revista\/wp-content\/uploads\/2024\/11\/lago-izabal-300x300.webp 300w, https:\/\/soymigrante.com\/revista\/wp-content\/uploads\/2024\/11\/lago-izabal-150x150.webp 150w, https:\/\/soymigrante.com\/revista\/wp-content\/uploads\/2024\/11\/lago-izabal-768x768.jpg 768w, https:\/\/soymigrante.com\/revista\/wp-content\/uploads\/2024\/11\/lago-izabal-75x75.webp 75w, https:\/\/soymigrante.com\/revista\/wp-content\/uploads\/2024\/11\/lago-izabal-750x750.webp 750w\" sizes=\"(max-width: 773px) 100vw, 773px\" \/>\n            <\/div>\n        <\/div><div class=\"eael-entry-wrapper\"><header class=\"eael-entry-header\"><h2 class=\"eael-entry-title\"><a class=\"eael-grid-post-link\" href=\"https:\/\/soymigrante.com\/revista\/10-datos-que-ya-sabias-o-quiza-no-acerca-del-lago-de-izabal\/\" title=\"10 datos que ya sab\u00edas (o quiz\u00e1 no) acerca del Lago de Izabal\">10 datos que ya sab\u00edas (o quiz\u00e1 no) acerca del Lago de Izabal<\/a><\/h2><\/header><div class=\"eael-entry-content\">\n                        <div class=\"eael-grid-post-excerpt\"><a href=\"https:\/\/soymigrante.com\/revista\/10-datos-que-ya-sabias-o-quiza-no-acerca-del-lago-de-izabal\/\" class=\"eael-post-elements-readmore-btn\">CONOCE SU HISTORIA <\/a><\/div>\n                    <\/div><\/div><\/div>\n        <\/div>\n    <\/article><\/div>\n            <div class=\"clearfix\"><\/div>\n        <\/div>\t\t\t\t<\/div>\n\t\t\t\t\t<\/div>\n\t\t\t\t<\/div>\n\t\t\t\t<\/div>\n\t\t","protected":false},"excerpt":{"rendered":"<p>R\u00edo Dulce es uno de los lugares m\u00e1s hermosos de Guatemala, pero no solo es un destino, tiene varios atractivos. Ubicado en Izabal, al oriente de Guatemala, R\u00edo Dulce es uno de los destinos tur\u00edsticos m\u00e1s completos del pa\u00eds. Su riqueza natural, hist\u00f3rica y cultural lo convierte en un lugar ideal para quienes buscan aventura, [&hellip;]<\/p>\n","protected":false},"author":19,"featured_media":46270,"comment_status":"open","ping_status":"open","sticky":false,"template":"","format":"standard","meta":{"_acf_changed":false,"_eb_attr":"","footnotes":""},"categories":[58],"tags":[],"class_list":["post-46269","post","type-post","status-publish","format-standard","has-post-thumbnail","hentry","category-guate-nuestra"],"acf":[],"aioseo_notices":[],"aioseo_head":"\n\t\t<!-- All in One SEO Pro 4.9.6.2 - aioseo.com -->\n\t<meta name=\"description\" content=\"El Lago de Izabal, el m\u00e1s grande de Guatemala, es un cuerpo de agua que no solo es rico en biodiversidad, sino tambi\u00e9n en historia y cultura.\" \/>\n\t<meta name=\"robots\" content=\"max-snippet:-1, max-image-preview:large, max-video-preview:-1\" \/>\n\t<meta name=\"author\" content=\"SoyMigrante.com REVISTA\"\/>\n\t<link rel=\"canonical\" href=\"https:\/\/soymigrante.com\/revista\/10-datos-que-ya-sabias-o-quiza-no-acerca-del-lago-de-izabal\/\" \/>\n\t<meta name=\"generator\" content=\"All in One SEO Pro (AIOSEO) 4.9.6.2\" \/>\n\n\t\t<link rel=\"preconnect\" href=\"https:\/\/fonts.googleapis.com\" crossorigin>\n<link rel=\"preconnect\" href=\"https:\/\/fonts.gstatic.com\" crossorigin>\n\t\t<meta property=\"og:locale\" content=\"es_ES\" \/>\n\t\t<meta property=\"og:site_name\" content=\"SoyMigrante.com REVISTA \u2013 Nuestra misi\u00f3n es reconocer y dignificar al migrante.\" \/>\n\t\t<meta property=\"og:type\" content=\"article\" \/>\n\t\t<meta property=\"og:title\" content=\"10 datos que ya sab\u00edas (o quiz\u00e1 no) acerca del Lago de Izabal\" \/>\n\t\t<meta property=\"og:description\" content=\"El Lago de Izabal, el m\u00e1s grande de Guatemala, es un cuerpo de agua que no solo es rico en biodiversidad, sino tambi\u00e9n en historia y cultura.\" \/>\n\t\t<meta property=\"og:url\" content=\"https:\/\/soymigrante.com\/revista\/10-datos-que-ya-sabias-o-quiza-no-acerca-del-lago-de-izabal\/\" \/>\n\t\t<meta property=\"og:image\" content=\"https:\/\/soymigrante.com\/revista\/wp-content\/uploads\/2024\/11\/lago-izabal.webp\" \/>\n\t\t<meta property=\"og:image:secure_url\" content=\"https:\/\/soymigrante.com\/revista\/wp-content\/uploads\/2024\/11\/lago-izabal.webp\" \/>\n\t\t<meta property=\"og:image:width\" content=\"773\" \/>\n\t\t<meta property=\"og:image:height\" content=\"773\" \/>\n\t\t<meta property=\"article:published_time\" content=\"2026-04-02T15:15:27+00:00\" \/>\n\t\t<meta property=\"article:modified_time\" content=\"2026-04-02T15:15:30+00:00\" \/>\n\t\t<meta property=\"article:publisher\" content=\"https:\/\/www.facebook.com\/soymigrantecom\" \/>\n\t\t<meta name=\"twitter:card\" content=\"summary_large_image\" \/>\n\t\t<meta name=\"twitter:site\" content=\"@SoyMigrante_com\" \/>\n\t\t<meta name=\"twitter:title\" content=\"10 datos que ya sab\u00edas (o quiz\u00e1 no) acerca del Lago de Izabal\" \/>\n\t\t<meta name=\"twitter:description\" content=\"El Lago de Izabal, el m\u00e1s grande de Guatemala, es un cuerpo de agua que no solo es rico en biodiversidad, sino tambi\u00e9n en historia y cultura.\" \/>\n\t\t<meta name=\"twitter:creator\" content=\"@SoyMigrante_com\" \/>\n\t\t<meta name=\"twitter:image\" content=\"https:\/\/soymigrante.com\/revista\/wp-content\/uploads\/2024\/11\/lago-izabal.webp\" \/>\n\t\t<!-- All in One SEO Pro -->\r\n\t\t<title>10 datos que ya sab\u00edas (o quiz\u00e1 no) acerca del Lago de Izabal<\/title>\n\n","aioseo_head_json":{"title":"10 datos que ya sab\u00edas (o quiz\u00e1 no) acerca del Lago de Izabal","description":"El Lago de Izabal, el m\u00e1s grande de Guatemala, es un cuerpo de agua que no solo es rico en biodiversidad, sino tambi\u00e9n en historia y cultura.","canonical_url":"https:\/\/soymigrante.com\/revista\/10-datos-que-ya-sabias-o-quiza-no-acerca-del-lago-de-izabal\/","robots":"max-snippet:-1, max-image-preview:large, max-video-preview:-1","keywords":"","webmasterTools":{"miscellaneous":"&lt;link rel=\"preconnect\" href=\"https:\/\/fonts.googleapis.com\" crossorigin&gt;\n&lt;link rel=\"preconnect\" href=\"https:\/\/fonts.gstatic.com\" crossorigin&gt;"},"schema":null,"og:locale":"es_ES","og:site_name":"SoyMigrante.com REVISTA \u2013 Nuestra misi\u00f3n es reconocer y dignificar al migrante.","og:type":"article","og:title":"10 datos que ya sab\u00edas (o quiz\u00e1 no) acerca del Lago de Izabal","og:description":"El Lago de Izabal, el m\u00e1s grande de Guatemala, es un cuerpo de agua que no solo es rico en biodiversidad, sino tambi\u00e9n en historia y cultura.","og:url":"https:\/\/soymigrante.com\/revista\/10-datos-que-ya-sabias-o-quiza-no-acerca-del-lago-de-izabal\/","og:image":"https:\/\/soymigrante.com\/revista\/wp-content\/uploads\/2024\/11\/lago-izabal.webp","og:image:secure_url":"https:\/\/soymigrante.com\/revista\/wp-content\/uploads\/2024\/11\/lago-izabal.webp","og:image:width":773,"og:image:height":773,"article:published_time":"2026-04-02T15:15:27+00:00","article:modified_time":"2026-04-02T15:15:30+00:00","article:publisher":"https:\/\/www.facebook.com\/soymigrantecom","twitter:card":"summary_large_image","twitter:site":"@SoyMigrante_com","twitter:title":"10 datos que ya sab\u00edas (o quiz\u00e1 no) acerca del Lago de Izabal","twitter:description":"El Lago de Izabal, el m\u00e1s grande de Guatemala, es un cuerpo de agua que no solo es rico en biodiversidad, sino tambi\u00e9n en historia y cultura.","twitter:creator":"@SoyMigrante_com","twitter:image":"https:\/\/soymigrante.com\/revista\/wp-content\/uploads\/2024\/11\/lago-izabal.webp"},"aioseo_meta_data":{"post_id":"46269","title":null,"description":"R\u00edo Dulce es uno de los lugares m\u00e1s hermosos de Guatemala, pero no solo es un destino, tiene varios atractivos.","keywords":null,"keyphrases":{"focus":{"keyphrase":"R\u00edo Dulce","score":91,"analysis":{"keyphraseInTitle":{"score":9,"maxScore":9,"error":0},"keyphraseInDescription":{"score":9,"maxScore":9,"error":0},"keyphraseLength":{"score":9,"maxScore":9,"error":0,"length":3},"keyphraseInURL":{"score":5,"maxScore":5,"error":0},"keyphraseInIntroduction":{"score":9,"maxScore":9,"error":0},"keyphraseInSubHeadings":{"score":3,"maxScore":9,"error":1},"keyphraseInImageAlt":{"score":9,"maxScore":9,"error":0},"keywordDensity":{"type":"best","score":9,"maxScore":9,"error":0}}},"additional":[{"keyphrase":"Guatemala","score":100,"analysis":{"keyphraseInDescription":{"score":9,"maxScore":9,"error":0},"keyphraseLength":{"score":9,"maxScore":9,"error":0,"length":1},"keyphraseInIntroduction":{"score":9,"maxScore":9,"error":0},"keyphraseInImageAlt":{"score":9,"maxScore":9,"error":0},"keywordDensity":{"type":"best","score":9,"maxScore":9,"error":0}}}]},"primary_term":null,"canonical_url":null,"og_title":null,"og_description":null,"og_object_type":"default","og_image_type":"default","og_image_url":null,"og_image_width":null,"og_image_height":null,"og_image_custom_url":null,"og_image_custom_fields":null,"og_video":"","og_custom_url":null,"og_article_section":null,"og_article_tags":null,"twitter_use_og":false,"twitter_card":"default","twitter_image_type":"default","twitter_image_url":null,"twitter_image_custom_url":null,"twitter_image_custom_fields":null,"twitter_title":null,"twitter_description":null,"schema":{"blockGraphs":[],"customGraphs":[],"default":{"data":{"Article":[],"Course":[],"Dataset":[],"FAQPage":[],"Movie":[],"Person":[],"Product":[],"ProductReview":[],"Car":[],"Recipe":[],"Service":[],"SoftwareApplication":[],"WebPage":[]},"graphName":"NewsArticle","isEnabled":true},"graphs":[]},"schema_type":"default","schema_type_options":null,"pillar_content":false,"robots_default":true,"robots_noindex":false,"robots_noarchive":false,"robots_nosnippet":false,"robots_nofollow":false,"robots_noimageindex":false,"robots_noodp":false,"robots_notranslate":false,"robots_max_snippet":"-1","robots_max_videopreview":"-1","robots_max_imagepreview":"large","priority":null,"frequency":"default","local_seo":null,"seo_analyzer_scan_date":null,"breadcrumb_settings":null,"limit_modified_date":false,"reviewed_by":"0","open_ai":null,"ai":{"faqs":[],"keyPoints":[],"titles":[],"descriptions":[],"socialPosts":{"email":[],"linkedin":[],"twitter":[],"facebook":[],"instagram":[]}},"created":"2025-09-29 18:04:26","updated":"2026-03-28 17:24:42"},"aioseo_breadcrumb":"<div class=\"aioseo-breadcrumbs\"><span class=\"aioseo-breadcrumb\">\n\t<a href=\"https:\/\/soymigrante.com\/revista\" title=\"Home\">Home<\/a>\n<\/span><span class=\"aioseo-breadcrumb-separator\">\u00bb<\/span><span class=\"aioseo-breadcrumb\">\n\t<a href=\"https:\/\/soymigrante.com\/revista\/category\/guate-nuestra\/\" title=\"Guate Nuestra\">Guate Nuestra<\/a>\n<\/span><span class=\"aioseo-breadcrumb-separator\">\u00bb<\/span><span class=\"aioseo-breadcrumb\">\n\tEl majestuoso R\u00edo Dulce en Izabal concentra varios destinos hist\u00f3ricos y naturales que vale la pena visitar\n<\/span><\/div>","aioseo_breadcrumb_json":[{"label":"Home","link":"https:\/\/soymigrante.com\/revista"},{"label":"Guate Nuestra","link":"https:\/\/soymigrante.com\/revista\/category\/guate-nuestra\/"},{"label":"El majestuoso R\u00edo Dulce en Izabal concentra varios destinos hist\u00f3ricos y naturales que vale la pena visitar","link":"https:\/\/soymigrante.com\/revista\/rio-dulce-varios-destinos-en-uno-solo-en-guatemala\/"}],"_links":{"self":[{"href":"https:\/\/soymigrante.com\/revista\/wp-json\/wp\/v2\/posts\/46269","targetHints":{"allow":["GET"]}}],"collection":[{"href":"https:\/\/soymigrante.com\/revista\/wp-json\/wp\/v2\/posts"}],"about":[{"href":"https:\/\/soymigrante.com\/revista\/wp-json\/wp\/v2\/types\/post"}],"author":[{"embeddable":true,"href":"https:\/\/soymigrante.com\/revista\/wp-json\/wp\/v2\/users\/19"}],"replies":[{"embeddable":true,"href":"https:\/\/soymigrante.com\/revista\/wp-json\/wp\/v2\/comments?post=46269"}],"version-history":[{"count":13,"href":"https:\/\/soymigrante.com\/revista\/wp-json\/wp\/v2\/posts\/46269\/revisions"}],"predecessor-version":[{"id":54250,"href":"https:\/\/soymigrante.com\/revista\/wp-json\/wp\/v2\/posts\/46269\/revisions\/54250"}],"wp:featuredmedia":[{"embeddable":true,"href":"https:\/\/soymigrante.com\/revista\/wp-json\/wp\/v2\/media\/46270"}],"wp:attachment":[{"href":"https:\/\/soymigrante.com\/revista\/wp-json\/wp\/v2\/media?parent=46269"}],"wp:term":[{"taxonomy":"category","embeddable":true,"href":"https:\/\/soymigrante.com\/revista\/wp-json\/wp\/v2\/categories?post=46269"},{"taxonomy":"post_tag","embeddable":true,"href":"https:\/\/soymigrante.com\/revista\/wp-json\/wp\/v2\/tags?post=46269"}],"curies":[{"name":"wp","href":"https:\/\/api.w.org\/{rel}","templated":true}]}}