{"id":46257,"date":"2025-09-29T12:57:05","date_gmt":"2025-09-29T18:57:05","guid":{"rendered":"https:\/\/soymigrante.com\/revista\/?p=46257"},"modified":"2025-09-30T19:38:08","modified_gmt":"2025-10-01T01:38:08","slug":"telemundo-resalta-aporte-de-migrante-y-emprendedor-marcos-antil","status":"publish","type":"post","link":"https:\/\/soymigrante.com\/revista\/telemundo-resalta-aporte-de-migrante-y-emprendedor-marcos-antil\/","title":{"rendered":"Telemundo resalta aporte de migrante y emprendedor Marcos Antil"},"content":{"rendered":"\t\t<div data-elementor-type=\"wp-post\" data-elementor-id=\"46257\" class=\"elementor elementor-46257\" data-elementor-post-type=\"post\">\n\t\t\t\t<div data-particle_enable=\"false\" data-particle-mobile-disabled=\"false\" class=\"elementor-element elementor-element-1fc337e e-flex e-con-boxed e-con e-parent\" data-id=\"1fc337e\" data-element_type=\"container\" data-e-type=\"container\">\n\t\t\t\t\t<div class=\"e-con-inner\">\n\t\t\t\t<div class=\"elementor-element elementor-element-a9d1984 elementor-widget elementor-widget-heading\" data-id=\"a9d1984\" data-element_type=\"widget\" data-e-type=\"widget\" data-widget_type=\"heading.default\">\n\t\t\t\t\t<h2 class=\"elementor-heading-title elementor-size-default\">El emprendedor digital maya Marcos Antil impulsa iniciativas en educaci\u00f3n como Caf\u00e9 con Causa e inspira a lectores de todas edades en su autobiograf\u00eda Migrante. La cadena Telemundo lo entrevista en el Mes de Herencia Hispana.\n\n<\/h2>\t\t\t\t<\/div>\n\t\t\t\t\t<\/div>\n\t\t\t\t<\/div>\n\t\t<div data-particle_enable=\"false\" data-particle-mobile-disabled=\"false\" class=\"elementor-element elementor-element-3c3c179 e-flex e-con-boxed e-con e-parent\" data-id=\"3c3c179\" data-element_type=\"container\" data-e-type=\"container\">\n\t\t\t\t\t<div class=\"e-con-inner\">\n\t\t\t\t<div class=\"elementor-element elementor-element-e215a09 elementor-widget elementor-widget-text-editor\" data-id=\"e215a09\" data-element_type=\"widget\" data-e-type=\"widget\" data-widget_type=\"text-editor.default\">\n\t\t\t\t\t\t\t\t\t<p>El aroma del caf\u00e9 conecta a <a href=\"https:\/\/soymigrante.com\/revista\/marcos-antil-habla-acerca-de-su-libro-autobiografico-migrante-en-noticiero-telemundo\/\" target=\"_blank\" rel=\"noopener\">Marcos Antil con sus ra\u00edces mayas en Santa Eulalia,<\/a> Huehuetenango, donde naci\u00f3 y creci\u00f3. Hoy, cada bolsa que vende a trav\u00e9s de su iniciativa Caf\u00e9 con Causa no solo recuerda su infancia entre cafetales, sino que tambi\u00e9n financia la educaci\u00f3n de agricultores en su tierra natal, una forma de devolver lo mucho que ha logrado.<\/p><p>\u201cEn Guatemala, para nosotros llegar a sexto grado era como graduarnos de la universidad, era lo m\u00e1s que pod\u00edamos desear\u201d, recuerda en entrevista con la cadena Telemundo de Estados Unidos, en su segmento Herencia Hispana.\u00a0<\/p>\t\t\t\t\t\t\t\t<\/div>\n\t\t\t\t\t<\/div>\n\t\t\t\t<\/div>\n\t\t<div data-particle_enable=\"false\" data-particle-mobile-disabled=\"false\" class=\"elementor-element elementor-element-8746713 e-flex e-con-boxed e-con e-parent\" data-id=\"8746713\" data-element_type=\"container\" data-e-type=\"container\">\n\t\t\t\t\t<div class=\"e-con-inner\">\n\t\t\t\t<div class=\"elementor-element elementor-element-527fa49 elementor-widget elementor-widget-html\" data-id=\"527fa49\" data-element_type=\"widget\" data-e-type=\"widget\" data-widget_type=\"html.default\">\n\t\t\t\t\t<iframe width=\"560\" height=\"315\" src=\"https:\/\/www.youtube.com\/embed\/i3mmVnbJ4JA?si=jR8b_6Vz2TLT-21r&amp;start=1329\" title=\"YouTube video player\" frameborder=\"0\" allow=\"accelerometer; autoplay; clipboard-write; encrypted-media; gyroscope; picture-in-picture; web-share\" referrerpolicy=\"strict-origin-when-cross-origin\" allowfullscreen><\/iframe>\t\t\t\t<\/div>\n\t\t\t\t\t<\/div>\n\t\t\t\t<\/div>\n\t\t<div data-particle_enable=\"false\" data-particle-mobile-disabled=\"false\" class=\"elementor-element elementor-element-61e9375 e-flex e-con-boxed e-con e-parent\" data-id=\"61e9375\" data-element_type=\"container\" data-e-type=\"container\">\n\t\t\t\t\t<div class=\"e-con-inner\">\n\t\t\t\t<div class=\"elementor-element elementor-element-fb773ec elementor-widget elementor-widget-heading\" data-id=\"fb773ec\" data-element_type=\"widget\" data-e-type=\"widget\" data-widget_type=\"heading.default\">\n\t\t\t\t\t<h3 class=\"elementor-heading-title elementor-size-default\">Una traves\u00eda marcada por la migraci\u00f3n<\/h3>\t\t\t\t<\/div>\n\t\t\t\t\t<\/div>\n\t\t\t\t<\/div>\n\t\t<div data-particle_enable=\"false\" data-particle-mobile-disabled=\"false\" class=\"elementor-element elementor-element-c4dba4a e-flex e-con-boxed e-con e-parent\" data-id=\"c4dba4a\" data-element_type=\"container\" data-e-type=\"container\">\n\t\t\t\t\t<div class=\"e-con-inner\">\n\t\t\t\t<div class=\"elementor-element elementor-element-212e327 elementor-widget elementor-widget-text-editor\" data-id=\"212e327\" data-element_type=\"widget\" data-e-type=\"widget\" data-widget_type=\"text-editor.default\">\n\t\t\t\t\t\t\t\t\t<p>&#8220;Gracias a <a href=\"https:\/\/cafeconcausa.org\/\">la cadena Telemundo<\/a> por abrir espacios de reconocimiento a los migrantes hispanos en Estados Unidos. Es importante esta difusi\u00f3n de nuestros aportes y culturas&#8221;, dijo Marcos Antil acerca de este espacio de difusi\u00f3n.<\/p>\n<p>En 1990, con apenas 14 a\u00f1os, Marcos migr\u00f3 a Estados Unidos de manera indocumentada, huyendo de la violencia que azotaba Guatemala durante la guerra civil. Viaj\u00f3 solo, dejando a sus padres y hermanos atr\u00e1s, con el sue\u00f1o de ayudar a su familia.<\/p>\n<p>El camino no fue f\u00e1cil: su idioma materno era el maya <a href=\"https:\/\/soymigrante.com\/revista\/el-pueblo-qanjobal-tiene-el-corazon-en-jolom-konob\/\">q&#8217;anjob&#8217;al<\/a>&nbsp; y apenas dominaba el espa\u00f1ol cuando lleg\u00f3 a Los \u00c1ngeles. All\u00ed se enfrent\u00f3 a una secundaria completamente en ingl\u00e9s. Pese a las dificultades, logr\u00f3 convertirse en el primer miembro de su familia en graduarse de la universidad.<\/p>\n<p>El apoyo de su<a href=\"https:\/\/soymigrante.com\/revista\/claves-para-organizar-tu-tiempo-en-familia-o-en-el-trabajo\/\"> familia <\/a>y sobre todo de su hermano mayor fue fundamental. \u201cMe dio apoyo moral y me dio mi primer carro\u201d, cuenta Marcos, sobre el apoyo de su hermano Leonardo, quien asegura que la perseverancia de Marcos lo inspir\u00f3 tambi\u00e9n a terminar sus estudios. &#8220;Sab\u00eda que iba a llegar lejos&#8221;, afirma Leonardo Antiles.<\/p>\t\t\t\t\t\t\t\t<\/div>\n\t\t\t\t\t<\/div>\n\t\t\t\t<\/div>\n\t\t<div data-particle_enable=\"false\" data-particle-mobile-disabled=\"false\" class=\"elementor-element elementor-element-88393ef e-flex e-con-boxed e-con e-parent\" data-id=\"88393ef\" data-element_type=\"container\" data-e-type=\"container\">\n\t\t\t\t\t<div class=\"e-con-inner\">\n\t\t\t\t<div class=\"elementor-element elementor-element-cbaac80 elementor-widget elementor-widget-image\" data-id=\"cbaac80\" data-element_type=\"widget\" data-e-type=\"widget\" data-widget_type=\"image.default\">\n\t\t\t\t\t\t\t\t\t\t\t\t<figure class=\"wp-caption\">\n\t\t\t\t\t\t\t\t\t\t\t<a href=\"https:\/\/www.youtube.com\/watch?app=desktop&#038;v=i3mmVnbJ4JA\">\n\t\t\t\t\t\t\t<img fetchpriority=\"high\" decoding=\"async\" width=\"1024\" height=\"703\" src=\"https:\/\/soymigrante.com\/revista\/wp-content\/uploads\/2025\/09\/marcos-antil-telemundo-2-1024x703.png\" class=\"attachment-large size-large wp-image-46292\" alt=\"El enfoque de Marcos Antil en aportar a la educaci\u00f3n en \u00e1reas rurales de Guatemala forma parte de su convicci\u00f3n por impulsar el desarrollo de la ni\u00f1ez y juventud. (Captura de pantalla de la nota de Telemundo)\" srcset=\"https:\/\/soymigrante.com\/revista\/wp-content\/uploads\/2025\/09\/marcos-antil-telemundo-2-1024x703.png 1024w, https:\/\/soymigrante.com\/revista\/wp-content\/uploads\/2025\/09\/marcos-antil-telemundo-2-300x206.png 300w, https:\/\/soymigrante.com\/revista\/wp-content\/uploads\/2025\/09\/marcos-antil-telemundo-2-768x527.png 768w, https:\/\/soymigrante.com\/revista\/wp-content\/uploads\/2025\/09\/marcos-antil-telemundo-2-750x515.png 750w, https:\/\/soymigrante.com\/revista\/wp-content\/uploads\/2025\/09\/marcos-antil-telemundo-2.png 1071w\" sizes=\"(max-width: 1024px) 100vw, 1024px\" title=\"El enfoque de Marcos Antil en aportar a la educaci\u00f3n en \u00e1reas rurales de Guatemala forma parte de su convicci\u00f3n por impulsar el desarrollo de la ni\u00f1ez y juventud. (Captura de pantalla de la nota de Telemundo) \u2013 SoyMigrante.com REVISTA\" \/>\t\t\t\t\t\t\t\t<\/a>\n\t\t\t\t\t\t\t\t\t\t\t<figcaption class=\"widget-image-caption wp-caption-text\">El enfoque de Marcos Antil en aportar a la educaci\u00f3n en \u00e1reas rurales de Guatemala forma parte de su convicci\u00f3n por impulsar el desarrollo de la ni\u00f1ez y juventud. (Captura de pantalla de la nota de Telemundo)<\/figcaption>\n\t\t\t\t\t\t\t\t\t\t<\/figure>\n\t\t\t\t\t\t\t\t\t<\/div>\n\t\t\t\t\t<\/div>\n\t\t\t\t<\/div>\n\t\t<div data-particle_enable=\"false\" data-particle-mobile-disabled=\"false\" class=\"elementor-element elementor-element-3db8767 e-flex e-con-boxed e-con e-parent\" data-id=\"3db8767\" data-element_type=\"container\" data-e-type=\"container\">\n\t\t\t\t\t<div class=\"e-con-inner\">\n\t\t\t\t<div class=\"elementor-element elementor-element-b38ee1c elementor-widget elementor-widget-heading\" data-id=\"b38ee1c\" data-element_type=\"widget\" data-e-type=\"widget\" data-widget_type=\"heading.default\">\n\t\t\t\t\t<h3 class=\"elementor-heading-title elementor-size-default\">De la necesidad al \u00e9xito empresarial<\/h3>\t\t\t\t<\/div>\n\t\t\t\t\t<\/div>\n\t\t\t\t<\/div>\n\t\t<div data-particle_enable=\"false\" data-particle-mobile-disabled=\"false\" class=\"elementor-element elementor-element-4a6e7a7 e-flex e-con-boxed e-con e-parent\" data-id=\"4a6e7a7\" data-element_type=\"container\" data-e-type=\"container\">\n\t\t\t\t\t<div class=\"e-con-inner\">\n\t\t\t\t<div class=\"elementor-element elementor-element-664572f elementor-widget elementor-widget-text-editor\" data-id=\"664572f\" data-element_type=\"widget\" data-e-type=\"widget\" data-widget_type=\"text-editor.default\">\n\t\t\t\t\t\t\t\t\t<p><a href=\"https:\/\/soymigrante.com\/revista\/marcos-antil-habla-acerca-de-su-libro-autobiografico-migrante-en-noticiero-telemundo\/\" target=\"_blank\" rel=\"noopener\">Marcos describe que la tecnolog\u00eda lleg\u00f3 a su vida \u201cpor necesidad\u201d<\/a>, en su intento por generar ingresos y apoyar a los suyos. Esa b\u00fasqueda lo llev\u00f3 a fundar en 2004 la empresa Xumak, cuyo nombre significa \u201cflorecer\u201d en idioma maya.<\/p><p>Esta compa\u00f1\u00eda le llev\u00f3 a trabajar en 26 pa\u00edses alrededor del mundo con empresas del Fortune 500 y en 2008 instal\u00f3 la central de Xumak en Guatemala, donde gener\u00f3 oportunidades para talentos. Sin embargo, tambi\u00e9n comenz\u00f3 el proyecto <a href=\"https:\/\/cafeconcausa.org\/\">Caf\u00e9 con Causa<\/a>, cuyas ganancias totales se dedican a mejorar las condiciones educativas de ni\u00f1os y j\u00f3venes del \u00e1rea rural.<\/p>\t\t\t\t\t\t\t\t<\/div>\n\t\t\t\t\t<\/div>\n\t\t\t\t<\/div>\n\t\t<div data-particle_enable=\"false\" data-particle-mobile-disabled=\"false\" class=\"elementor-element elementor-element-6216bdc e-flex e-con-boxed e-con e-parent\" data-id=\"6216bdc\" data-element_type=\"container\" data-e-type=\"container\">\n\t\t\t\t\t<div class=\"e-con-inner\">\n\t\t\t\t<div class=\"elementor-element elementor-element-9438b96 elementor-widget elementor-widget-image\" data-id=\"9438b96\" data-element_type=\"widget\" data-e-type=\"widget\" data-widget_type=\"image.default\">\n\t\t\t\t\t\t\t\t\t\t\t\t<figure class=\"wp-caption\">\n\t\t\t\t\t\t\t\t\t\t\t<a href=\"https:\/\/www.facebook.com\/MarcosAndresAntil\/posts\/pfbid09dpdA5a4nC3oPWCosNYGE7U9As8fHGbhMoD5fwTZeRsea7zxa7i3oaRC5MWEkfifl?rdid=urpn1L0IVqwkYTP6#\">\n\t\t\t\t\t\t\t<img decoding=\"async\" width=\"565\" height=\"597\" src=\"https:\/\/soymigrante.com\/revista\/wp-content\/uploads\/2025\/09\/betsy-badell.png\" class=\"attachment-large size-large wp-image-46293\" alt=\"La periodista Betsy Badell de noticiero Telemundo estuvo a cargo de la interesante nota sobre la vida y aporte del emprendedor digital maya q&#039;anjob&#039;al Marcos Antil.\" srcset=\"https:\/\/soymigrante.com\/revista\/wp-content\/uploads\/2025\/09\/betsy-badell.png 565w, https:\/\/soymigrante.com\/revista\/wp-content\/uploads\/2025\/09\/betsy-badell-284x300.png 284w\" sizes=\"(max-width: 565px) 100vw, 565px\" title=\"La periodista Betsy Badell de noticiero Telemundo estuvo a cargo de la interesante nota sobre la vida y aporte del emprendedor digital maya q&#039;anjob&#039;al Marcos Antil. \u2013 SoyMigrante.com REVISTA\" \/>\t\t\t\t\t\t\t\t<\/a>\n\t\t\t\t\t\t\t\t\t\t\t<figcaption class=\"widget-image-caption wp-caption-text\">La periodista Betsy Badell de noticiero Telemundo estuvo a cargo de la interesante nota sobre la vida y aporte del emprendedor digital maya q'anjob'al Marcos Antil. <\/figcaption>\n\t\t\t\t\t\t\t\t\t\t<\/figure>\n\t\t\t\t\t\t\t\t\t<\/div>\n\t\t\t\t\t<\/div>\n\t\t\t\t<\/div>\n\t\t<div data-particle_enable=\"false\" data-particle-mobile-disabled=\"false\" class=\"elementor-element elementor-element-2fcae8b e-flex e-con-boxed e-con e-parent\" data-id=\"2fcae8b\" data-element_type=\"container\" data-e-type=\"container\">\n\t\t\t\t\t<div class=\"e-con-inner\">\n\t\t\t\t<div class=\"elementor-element elementor-element-e5e09f2 elementor-widget elementor-widget-heading\" data-id=\"e5e09f2\" data-element_type=\"widget\" data-e-type=\"widget\" data-widget_type=\"heading.default\">\n\t\t\t\t\t<h3 class=\"elementor-heading-title elementor-size-default\">Servicio y legado<\/h3>\t\t\t\t<\/div>\n\t\t\t\t\t<\/div>\n\t\t\t\t<\/div>\n\t\t<div data-particle_enable=\"false\" data-particle-mobile-disabled=\"false\" class=\"elementor-element elementor-element-faf3b5e e-flex e-con-boxed e-con e-parent\" data-id=\"faf3b5e\" data-element_type=\"container\" data-e-type=\"container\">\n\t\t\t\t\t<div class=\"e-con-inner\">\n\t\t\t\t<div class=\"elementor-element elementor-element-463bd66 elementor-widget elementor-widget-text-editor\" data-id=\"463bd66\" data-element_type=\"widget\" data-e-type=\"widget\" data-widget_type=\"text-editor.default\">\n\t\t\t\t\t\t\t\t\t<p><a href=\"https:\/\/soymigrante.com\/revista\/cafe-con-causa-de-guatemala-ya-a-la-venta-en-estados-unidos\/\" target=\"_blank\" rel=\"noopener\">Con Caf\u00e9 con Causa, Marcos financia proyectos educativos en Santa Eulalia y otras comunidades de Guatemala,<\/a> convencido de que la educaci\u00f3n abre caminos donde antes no exist\u00edan. Tambi\u00e9n comparte su historia en su libro Migrante, de 300 p\u00e1ginas, y en una versi\u00f3n ilustrada para ni\u00f1os, con el objetivo de inspirar a las nuevas generaciones.<\/p><p>\u201cHay que so\u00f1ar en grande, porque so\u00f1ar es gratis\u201d, afirma, convencido de que la perseverancia y la educaci\u00f3n son las llaves que transforman vidas.<\/p>\t\t\t\t\t\t\t\t<\/div>\n\t\t\t\t\t<\/div>\n\t\t\t\t<\/div>\n\t\t<div data-particle_enable=\"false\" data-particle-mobile-disabled=\"false\" class=\"elementor-element elementor-element-cfc24ea e-flex e-con-boxed e-con e-parent\" data-id=\"cfc24ea\" data-element_type=\"container\" data-e-type=\"container\">\n\t\t\t\t\t<div class=\"e-con-inner\">\n\t\t\t\t<div class=\"elementor-element elementor-element-1c33e4b elementor-grid-eael-col-1 elementor-grid-tablet-eael-col-2 elementor-grid-mobile-eael-col-1 elementor-widget elementor-widget-eael-post-grid\" data-id=\"1c33e4b\" data-element_type=\"widget\" data-e-type=\"widget\" data-settings=\"{&quot;eael_post_grid_columns&quot;:&quot;eael-col-1&quot;,&quot;eael_post_grid_columns_tablet&quot;:&quot;eael-col-2&quot;,&quot;eael_post_grid_columns_mobile&quot;:&quot;eael-col-1&quot;}\" data-widget_type=\"eael-post-grid.default\">\n\t\t\t\t\t<div id=\"eael-post-grid-1c33e4b\" class=\"eael-post-grid-container\">\n            <div class=\"eael-post-grid eael-post-appender eael-post-appender-1c33e4b eael-post-grid-style-one\" data-layout-mode=\"masonry\"><article class=\"eael-grid-post  eael-post-grid-column eael-pg-post-34380 category-estamos-unidos\" data-id=\"34380\">\n        <div class=\"eael-grid-post-holder\">\n            <div class=\"eael-grid-post-holder-inner\"><div class=\"eael-entry-media\"><div class=\"eael-entry-overlay fade-in\"><i class=\"far fa-hand-pointer\" aria-hidden=\"true\"><\/i><a href=\"https:\/\/soymigrante.com\/revista\/un-tejido-de-una-abuela-maya-es-tan-valioso-como-un-software-de-silicon-valley-marcos-antil-en-foro-de-industria-creativa\/\"><\/a><\/div><div class=\"eael-entry-thumbnail eael-image-ratio\">\n                <img decoding=\"async\" width=\"679\" height=\"679\" src=\"https:\/\/soymigrante.com\/revista\/wp-content\/uploads\/2025\/05\/industrias-creativas-innovacion-tecnologia-1-1.webp\" class=\"attachment-large size-large wp-image-34456\" alt=\"Industria creativa, sostenibilidad y di\u00e1logo en evento cultural en Colombia. Expertos discuten impacto y transformaci\u00f3n en sectores culturales y creativos en Am\u00e9rica Latina.\" srcset=\"https:\/\/soymigrante.com\/revista\/wp-content\/uploads\/2025\/05\/industrias-creativas-innovacion-tecnologia-1-1.webp 679w, https:\/\/soymigrante.com\/revista\/wp-content\/uploads\/2025\/05\/industrias-creativas-innovacion-tecnologia-1-1-300x300.jpg 300w, https:\/\/soymigrante.com\/revista\/wp-content\/uploads\/2025\/05\/industrias-creativas-innovacion-tecnologia-1-1-150x150.jpg 150w, https:\/\/soymigrante.com\/revista\/wp-content\/uploads\/2025\/05\/industrias-creativas-innovacion-tecnologia-1-1-75x75.webp 75w\" sizes=\"(max-width: 679px) 100vw, 679px\" \/>\n            <\/div>\n        <\/div><div class=\"eael-entry-wrapper\"><header class=\"eael-entry-header\"><h2 class=\"eael-entry-title\"><a class=\"eael-grid-post-link\" href=\"https:\/\/soymigrante.com\/revista\/un-tejido-de-una-abuela-maya-es-tan-valioso-como-un-software-de-silicon-valley-marcos-antil-en-foro-de-industria-creativa\/\" title=\"&#8220;Un tejido de una abuela maya es tan valioso como un software de Silicon Valley&#8221;: Marcos Antil en foro de industria creativa\">&#8220;Un tejido de una abuela maya es tan valioso como un software de Silicon Valley&#8221;: Marcos Antil en foro de industria creativa<\/a><\/h2><\/header><div class=\"eael-entry-content\">\n                        <div class=\"eael-grid-post-excerpt\"><a href=\"https:\/\/soymigrante.com\/revista\/un-tejido-de-una-abuela-maya-es-tan-valioso-como-un-software-de-silicon-valley-marcos-antil-en-foro-de-industria-creativa\/\" class=\"eael-post-elements-readmore-btn\">CONOCE SU HISTORIA <\/a><\/div>\n                    <\/div><\/div><\/div>\n        <\/div>\n    <\/article><\/div>\n            <div class=\"clearfix\"><\/div>\n        <\/div>\t\t\t\t<\/div>\n\t\t\t\t\t<\/div>\n\t\t\t\t<\/div>\n\t\t<div data-particle_enable=\"false\" data-particle-mobile-disabled=\"false\" class=\"elementor-element elementor-element-38d99de e-flex e-con-boxed e-con e-parent\" data-id=\"38d99de\" data-element_type=\"container\" data-e-type=\"container\">\n\t\t\t\t\t<div class=\"e-con-inner\">\n\t\t\t\t<div class=\"elementor-element elementor-element-fd7dc14 elementor-widget elementor-widget-heading\" data-id=\"fd7dc14\" data-element_type=\"widget\" data-e-type=\"widget\" data-widget_type=\"heading.default\">\n\t\t\t\t\t<h3 class=\"elementor-heading-title elementor-size-default\">La ense\u00f1anza de su historia<\/h3>\t\t\t\t<\/div>\n\t\t\t\t\t<\/div>\n\t\t\t\t<\/div>\n\t\t<div data-particle_enable=\"false\" data-particle-mobile-disabled=\"false\" class=\"elementor-element elementor-element-5fff0a5 e-flex e-con-boxed e-con e-parent\" data-id=\"5fff0a5\" data-element_type=\"container\" data-e-type=\"container\">\n\t\t\t\t\t<div class=\"e-con-inner\">\n\t\t\t\t<div class=\"elementor-element elementor-element-2b0bdfd elementor-widget elementor-widget-text-editor\" data-id=\"2b0bdfd\" data-element_type=\"widget\" data-e-type=\"widget\" data-widget_type=\"text-editor.default\">\n\t\t\t\t\t\t\t\t\t<p><a href=\"https:\/\/soymigrante.com\/revista\/mercado-es-una-plataforma-abierta-a-todos-los-emprendedores-marcos-antil-en-disruptfest-2024\/\" target=\"_blank\" rel=\"noopener\">La vida de Marcos Antil demuestra que el \u00e9xito no se mide solo en riqueza<\/a>, sino en la capacidad de regresar a las ra\u00edces y abrir oportunidades a quienes a\u00fan enfrentan las mismas barreras que \u00e9l conoci\u00f3 en su infancia. Su trayectoria es un recordatorio de que los sue\u00f1os, cuando se acompa\u00f1an de esfuerzo y solidaridad, pueden florecer incluso en el terreno m\u00e1s adverso.<\/p>\t\t\t\t\t\t\t\t<\/div>\n\t\t\t\t\t<\/div>\n\t\t\t\t<\/div>\n\t\t<div data-particle_enable=\"false\" data-particle-mobile-disabled=\"false\" class=\"elementor-element elementor-element-b0fcae0 e-flex e-con-boxed e-con e-parent\" data-id=\"b0fcae0\" data-element_type=\"container\" data-e-type=\"container\">\n\t\t\t\t\t<div class=\"e-con-inner\">\n\t\t\t\t<div class=\"elementor-element elementor-element-cb44d46 elementor-grid-eael-col-1 elementor-grid-tablet-eael-col-2 elementor-grid-mobile-eael-col-1 elementor-widget elementor-widget-eael-post-grid\" data-id=\"cb44d46\" data-element_type=\"widget\" data-e-type=\"widget\" data-settings=\"{&quot;eael_post_grid_columns&quot;:&quot;eael-col-1&quot;,&quot;eael_post_grid_columns_tablet&quot;:&quot;eael-col-2&quot;,&quot;eael_post_grid_columns_mobile&quot;:&quot;eael-col-1&quot;}\" data-widget_type=\"eael-post-grid.default\">\n\t\t\t\t\t<div id=\"eael-post-grid-cb44d46\" class=\"eael-post-grid-container\">\n            <div class=\"eael-post-grid eael-post-appender eael-post-appender-cb44d46 eael-post-grid-style-one\" data-layout-mode=\"masonry\"><article class=\"eael-grid-post  eael-post-grid-column eael-pg-post-7098 category-estamos-unidos\" data-id=\"7098\">\n        <div class=\"eael-grid-post-holder\">\n            <div class=\"eael-grid-post-holder-inner\"><div class=\"eael-entry-media\"><div class=\"eael-entry-overlay fade-in\"><i class=\"far fa-hand-pointer\" aria-hidden=\"true\"><\/i><a href=\"https:\/\/soymigrante.com\/revista\/cafe-con-causa-de-guatemala-ya-a-la-venta-en-estados-unidos\/\"><\/a><\/div><div class=\"eael-entry-thumbnail eael-image-ratio\">\n                <img loading=\"lazy\" decoding=\"async\" width=\"841\" height=\"841\" src=\"https:\/\/soymigrante.com\/revista\/wp-content\/uploads\/2024\/06\/Captura-de-pantalla-2024-06-23-212600.webp\" class=\"attachment-large size-large wp-image-7100\" alt=\"Ni\u00f1as con vestimenta tradicional guatemalteca en un entorno escolar, promoviendo la cultura ind\u00edgena y la educaci\u00f3n en comunidades rurales de Guatemala.\" srcset=\"https:\/\/soymigrante.com\/revista\/wp-content\/uploads\/2024\/06\/Captura-de-pantalla-2024-06-23-212600.webp 841w, https:\/\/soymigrante.com\/revista\/wp-content\/uploads\/2024\/06\/Captura-de-pantalla-2024-06-23-212600-300x300.webp 300w, https:\/\/soymigrante.com\/revista\/wp-content\/uploads\/2024\/06\/Captura-de-pantalla-2024-06-23-212600-150x150.webp 150w, https:\/\/soymigrante.com\/revista\/wp-content\/uploads\/2024\/06\/Captura-de-pantalla-2024-06-23-212600-768x768.webp 768w, https:\/\/soymigrante.com\/revista\/wp-content\/uploads\/2024\/06\/Captura-de-pantalla-2024-06-23-212600-75x75.webp 75w, https:\/\/soymigrante.com\/revista\/wp-content\/uploads\/2024\/06\/Captura-de-pantalla-2024-06-23-212600-750x750.webp 750w\" sizes=\"(max-width: 841px) 100vw, 841px\" \/>\n            <\/div>\n        <\/div><div class=\"eael-entry-wrapper\"><header class=\"eael-entry-header\"><h2 class=\"eael-entry-title\"><a class=\"eael-grid-post-link\" href=\"https:\/\/soymigrante.com\/revista\/cafe-con-causa-de-guatemala-ya-a-la-venta-en-estados-unidos\/\" title=\"Caf\u00e9 con Causa, de Guatemala, ya a la venta en Estados Unidos\">Caf\u00e9 con Causa, de Guatemala, ya a la venta en Estados Unidos<\/a><\/h2><\/header><div class=\"eael-entry-content\">\n                        <div class=\"eael-grid-post-excerpt\"><a href=\"https:\/\/soymigrante.com\/revista\/cafe-con-causa-de-guatemala-ya-a-la-venta-en-estados-unidos\/\" class=\"eael-post-elements-readmore-btn\">CONOCE Y APOYA<\/a><\/div>\n                    <\/div><\/div><\/div>\n        <\/div>\n    <\/article><\/div>\n            <div class=\"clearfix\"><\/div>\n        <\/div>\t\t\t\t<\/div>\n\t\t\t\t\t<\/div>\n\t\t\t\t<\/div>\n\t\t<div data-particle_enable=\"false\" data-particle-mobile-disabled=\"false\" class=\"elementor-element elementor-element-3fa50f8 e-flex e-con-boxed e-con e-parent\" data-id=\"3fa50f8\" data-element_type=\"container\" data-e-type=\"container\">\n\t\t\t\t\t<div class=\"e-con-inner\">\n\t\t\t\t<div class=\"elementor-element elementor-element-4ad0c59 elementor-widget elementor-widget-heading\" data-id=\"4ad0c59\" data-element_type=\"widget\" data-e-type=\"widget\" data-widget_type=\"heading.default\">\n\t\t\t\t\t<h2 class=\"elementor-heading-title elementor-size-default\">Conoce m\u00e1s de Marcos Antil, ac\u00e1...<\/h2>\t\t\t\t<\/div>\n\t\t\t\t\t<\/div>\n\t\t\t\t<\/div>\n\t\t<div data-particle_enable=\"false\" data-particle-mobile-disabled=\"false\" class=\"elementor-element elementor-element-a0c8063 e-flex e-con-boxed e-con e-parent\" data-id=\"a0c8063\" data-element_type=\"container\" data-e-type=\"container\">\n\t\t\t\t\t<div class=\"e-con-inner\">\n\t\t\t\t<div class=\"elementor-element elementor-element-2d06505 elementor-grid-eael-col-3 elementor-grid-tablet-eael-col-2 elementor-grid-mobile-eael-col-1 elementor-widget elementor-widget-eael-post-grid\" data-id=\"2d06505\" data-element_type=\"widget\" data-e-type=\"widget\" data-settings=\"{&quot;eael_post_grid_columns&quot;:&quot;eael-col-3&quot;,&quot;eael_post_grid_columns_tablet&quot;:&quot;eael-col-2&quot;,&quot;eael_post_grid_columns_mobile&quot;:&quot;eael-col-1&quot;}\" data-widget_type=\"eael-post-grid.default\">\n\t\t\t\t\t<div id=\"eael-post-grid-2d06505\" class=\"eael-post-grid-container\">\n            <div class=\"eael-post-grid eael-post-appender eael-post-appender-2d06505 eael-post-grid-style-one\" data-layout-mode=\"masonry\"><article class=\"eael-grid-post  eael-post-grid-column eael-pg-post-30052 category-guate-nuestra\" data-id=\"30052\">\n        <div class=\"eael-grid-post-holder\">\n            <div class=\"eael-grid-post-holder-inner\"><div class=\"eael-entry-media\"><div class=\"eael-entry-overlay fade-in\"><i class=\"far fa-hand-pointer\" aria-hidden=\"true\"><\/i><a href=\"https:\/\/soymigrante.com\/revista\/marcos-antil-habla-acerca-de-su-libro-autobiografico-migrante-en-noticiero-telemundo\/\"><\/a><\/div><div class=\"eael-entry-thumbnail eael-image-ratio\">\n                <img loading=\"lazy\" decoding=\"async\" width=\"1024\" height=\"768\" src=\"https:\/\/soymigrante.com\/revista\/wp-content\/uploads\/2025\/04\/Marcos-Antil-presento-su-libro-Migrante-en-Telemundo-1024x768.jpeg\" class=\"attachment-large size-large wp-image-30060\" alt=\"Libro sobre migrantes y programa de televisi\u00f3n; promoci\u00f3n cultural y derechos de migrantes; contenido multimedia sobre migraci\u00f3n en SoyMigrante.com.\" srcset=\"https:\/\/soymigrante.com\/revista\/wp-content\/uploads\/2025\/04\/Marcos-Antil-presento-su-libro-Migrante-en-Telemundo-1024x768.jpeg 1024w, https:\/\/soymigrante.com\/revista\/wp-content\/uploads\/2025\/04\/Marcos-Antil-presento-su-libro-Migrante-en-Telemundo-300x225.jpeg 300w, https:\/\/soymigrante.com\/revista\/wp-content\/uploads\/2025\/04\/Marcos-Antil-presento-su-libro-Migrante-en-Telemundo-768x576.jpeg 768w, https:\/\/soymigrante.com\/revista\/wp-content\/uploads\/2025\/04\/Marcos-Antil-presento-su-libro-Migrante-en-Telemundo-1536x1152.jpeg 1536w, https:\/\/soymigrante.com\/revista\/wp-content\/uploads\/2025\/04\/Marcos-Antil-presento-su-libro-Migrante-en-Telemundo-750x563.webp 750w, https:\/\/soymigrante.com\/revista\/wp-content\/uploads\/2025\/04\/Marcos-Antil-presento-su-libro-Migrante-en-Telemundo-1140x855.webp 1140w, https:\/\/soymigrante.com\/revista\/wp-content\/uploads\/2025\/04\/Marcos-Antil-presento-su-libro-Migrante-en-Telemundo.webp 1600w\" sizes=\"(max-width: 1024px) 100vw, 1024px\" \/>\n            <\/div>\n        <\/div><div class=\"eael-entry-wrapper\"><header class=\"eael-entry-header\"><h2 class=\"eael-entry-title\"><a class=\"eael-grid-post-link\" href=\"https:\/\/soymigrante.com\/revista\/marcos-antil-habla-acerca-de-su-libro-autobiografico-migrante-en-noticiero-telemundo\/\" title=\"Marcos Antil habla acerca de su libro autobiogr\u00e1fico Migrante, en noticiero Telemundo\">Marcos Antil habla acerca de su libro autobiogr\u00e1fico Migrante, en noticiero Telemundo<\/a><\/h2><\/header><div class=\"eael-entry-content\">\n                        <div class=\"eael-grid-post-excerpt\"><a href=\"https:\/\/soymigrante.com\/revista\/marcos-antil-habla-acerca-de-su-libro-autobiografico-migrante-en-noticiero-telemundo\/\" class=\"eael-post-elements-readmore-btn\">CONOCE SU HISTORIA <\/a><\/div>\n                    <\/div><\/div><\/div>\n        <\/div>\n    <\/article><article class=\"eael-grid-post  eael-post-grid-column eael-pg-post-7866 category-estamos-unidos tags-agosto-9-dia-de-los-pueblos-indigenas\" data-id=\"7866\">\n        <div class=\"eael-grid-post-holder\">\n            <div class=\"eael-grid-post-holder-inner\"><div class=\"eael-entry-media\"><div class=\"eael-entry-overlay fade-in\"><i class=\"far fa-hand-pointer\" aria-hidden=\"true\"><\/i><a href=\"https:\/\/soymigrante.com\/revista\/emprendedor-tecnologico-marcos-antil-expone-sobre-desarrollo-indigena-y-migracion\/\"><\/a><\/div><div class=\"eael-entry-thumbnail eael-image-ratio\">\n                <img loading=\"lazy\" decoding=\"async\" width=\"517\" height=\"517\" src=\"https:\/\/soymigrante.com\/revista\/wp-content\/uploads\/2024\/08\/marcos-antil.webp\" class=\"attachment-large size-large wp-image-7869\" alt=\"Voz en\u00e9rgica de un conferencista latinoamericano en una reuni\u00f3n o seminario, destacando la participaci\u00f3n cultural y educativa en la revista SoyMigrante.com REVISTA.\" srcset=\"https:\/\/soymigrante.com\/revista\/wp-content\/uploads\/2024\/08\/marcos-antil.webp 517w, https:\/\/soymigrante.com\/revista\/wp-content\/uploads\/2024\/08\/marcos-antil-300x300.webp 300w, https:\/\/soymigrante.com\/revista\/wp-content\/uploads\/2024\/08\/marcos-antil-150x150.webp 150w, https:\/\/soymigrante.com\/revista\/wp-content\/uploads\/2024\/08\/marcos-antil-75x75.webp 75w\" sizes=\"(max-width: 517px) 100vw, 517px\" \/>\n            <\/div>\n        <\/div><div class=\"eael-entry-wrapper\"><header class=\"eael-entry-header\"><h2 class=\"eael-entry-title\"><a class=\"eael-grid-post-link\" href=\"https:\/\/soymigrante.com\/revista\/emprendedor-tecnologico-marcos-antil-expone-sobre-desarrollo-indigena-y-migracion\/\" title=\"Emprendedor tecnol\u00f3gico Marcos Antil expone sobre desarrollo ind\u00edgena y migraci\u00f3n\">Emprendedor tecnol\u00f3gico Marcos Antil expone sobre desarrollo ind\u00edgena y migraci\u00f3n<\/a><\/h2><\/header><div class=\"eael-entry-content\">\n                        <div class=\"eael-grid-post-excerpt\"><a href=\"https:\/\/soymigrante.com\/revista\/emprendedor-tecnologico-marcos-antil-expone-sobre-desarrollo-indigena-y-migracion\/\" class=\"eael-post-elements-readmore-btn\">CONOCE SU HISTORIA <\/a><\/div>\n                    <\/div><\/div><\/div>\n        <\/div>\n    <\/article><article class=\"eael-grid-post  eael-post-grid-column eael-pg-post-29515 category-estamos-unidos\" data-id=\"29515\">\n        <div class=\"eael-grid-post-holder\">\n            <div class=\"eael-grid-post-holder-inner\"><div class=\"eael-entry-media\"><div class=\"eael-entry-overlay fade-in\"><i class=\"far fa-hand-pointer\" aria-hidden=\"true\"><\/i><a href=\"https:\/\/soymigrante.com\/revista\/asi-fue-la-presentacion-del-libro-immigrant-de-marcos-antil-en-la-biblioteca-de-penn-yan-ny\/\"><\/a><\/div><div class=\"eael-entry-thumbnail eael-image-ratio\">\n                <img loading=\"lazy\" decoding=\"async\" width=\"1024\" height=\"1024\" src=\"https:\/\/soymigrante.com\/revista\/wp-content\/uploads\/2025\/03\/libro-migrante-marcos-antil-penn-yan-NY-1-1024x1024.jpg\" class=\"attachment-large size-large wp-image-29516\" alt=\"Autoras y autores en una lectura de la revista SoyMigrante.com REVISTA en una iglesia con vitrales coloridos al fondo.\" srcset=\"https:\/\/soymigrante.com\/revista\/wp-content\/uploads\/2025\/03\/libro-migrante-marcos-antil-penn-yan-NY-1-1024x1024.jpg 1024w, https:\/\/soymigrante.com\/revista\/wp-content\/uploads\/2025\/03\/libro-migrante-marcos-antil-penn-yan-NY-1-300x300.jpg 300w, https:\/\/soymigrante.com\/revista\/wp-content\/uploads\/2025\/03\/libro-migrante-marcos-antil-penn-yan-NY-1-150x150.jpg 150w, https:\/\/soymigrante.com\/revista\/wp-content\/uploads\/2025\/03\/libro-migrante-marcos-antil-penn-yan-NY-1-768x768.jpg 768w, https:\/\/soymigrante.com\/revista\/wp-content\/uploads\/2025\/03\/libro-migrante-marcos-antil-penn-yan-NY-1-75x75.webp 75w, https:\/\/soymigrante.com\/revista\/wp-content\/uploads\/2025\/03\/libro-migrante-marcos-antil-penn-yan-NY-1-750x750.webp 750w, https:\/\/soymigrante.com\/revista\/wp-content\/uploads\/2025\/03\/libro-migrante-marcos-antil-penn-yan-NY-1-1140x1140.webp 1140w, https:\/\/soymigrante.com\/revista\/wp-content\/uploads\/2025\/03\/libro-migrante-marcos-antil-penn-yan-NY-1.webp 1200w\" sizes=\"(max-width: 1024px) 100vw, 1024px\" \/>\n            <\/div>\n        <\/div><div class=\"eael-entry-wrapper\"><header class=\"eael-entry-header\"><h2 class=\"eael-entry-title\"><a class=\"eael-grid-post-link\" href=\"https:\/\/soymigrante.com\/revista\/asi-fue-la-presentacion-del-libro-immigrant-de-marcos-antil-en-la-biblioteca-de-penn-yan-ny\/\" title=\"As\u00ed fue la presentaci\u00f3n del libro Immigrant de Marcos Antil en la biblioteca de Penn Yan, NY\">As\u00ed fue la presentaci\u00f3n del libro Immigrant de Marcos Antil en la biblioteca de Penn Yan, NY<\/a><\/h2><\/header><div class=\"eael-entry-content\">\n                        <div class=\"eael-grid-post-excerpt\"><a href=\"https:\/\/soymigrante.com\/revista\/asi-fue-la-presentacion-del-libro-immigrant-de-marcos-antil-en-la-biblioteca-de-penn-yan-ny\/\" class=\"eael-post-elements-readmore-btn\">CONOCE SU HISTORIA <\/a><\/div>\n                    <\/div><\/div><\/div>\n        <\/div>\n    <\/article><\/div>\n            <div class=\"clearfix\"><\/div>\n        <\/div>\t\t\t\t<\/div>\n\t\t\t\t\t<\/div>\n\t\t\t\t<\/div>\n\t\t\t\t<\/div>\n\t\t","protected":false},"excerpt":{"rendered":"<p>El emprendedor digital maya Marcos Antil impulsa iniciativas en educaci\u00f3n como Caf\u00e9 con Causa e inspira a lectores de todas edades en su autobiograf\u00eda Migrante. La cadena Telemundo lo entrevista en el Mes de Herencia Hispana. El aroma del caf\u00e9 conecta a Marcos Antil con sus ra\u00edces mayas en Santa Eulalia, Huehuetenango, donde naci\u00f3 y [&hellip;]<\/p>\n","protected":false},"author":19,"featured_media":46288,"comment_status":"open","ping_status":"open","sticky":false,"template":"","format":"standard","meta":{"_acf_changed":false,"_eb_attr":"","footnotes":""},"categories":[50,274],"tags":[],"class_list":["post-46257","post","type-post","status-publish","format-standard","has-post-thumbnail","hentry","category-exitos","category-guatemala"],"acf":[],"aioseo_notices":[],"aioseo_head":"\n\t\t<!-- All in One SEO Pro 4.9.6.2 - aioseo.com -->\n\t<meta name=\"description\" content=\"Emprendedor digital maya convers\u00f3 sobre su libro Immigrant traducci\u00f3n al ingl\u00e9s de Migrante, en la biblioteca de Penn Yan, Nueva York. As\u00ed ocurri\u00f3.\" \/>\n\t<meta name=\"robots\" content=\"max-snippet:-1, max-image-preview:large, max-video-preview:-1\" \/>\n\t<meta name=\"author\" content=\"Gustavo Montenegro\"\/>\n\t<link rel=\"canonical\" href=\"https:\/\/soymigrante.com\/revista\/asi-fue-la-presentacion-del-libro-immigrant-de-marcos-antil-en-la-biblioteca-de-penn-yan-ny\/\" \/>\n\t<meta name=\"generator\" content=\"All in One SEO Pro (AIOSEO) 4.9.6.2\" \/>\n\n\t\t<link rel=\"preconnect\" href=\"https:\/\/fonts.googleapis.com\" crossorigin>\n<link rel=\"preconnect\" href=\"https:\/\/fonts.gstatic.com\" crossorigin>\n\t\t<meta property=\"og:locale\" content=\"es_ES\" \/>\n\t\t<meta property=\"og:site_name\" content=\"SoyMigrante.com REVISTA \u2013 Nuestra misi\u00f3n es reconocer y dignificar al migrante.\" \/>\n\t\t<meta property=\"og:type\" content=\"article\" \/>\n\t\t<meta property=\"og:title\" content=\"Marcos Antil presenta Immigrant en Penn Yan Nueva York\" \/>\n\t\t<meta property=\"og:description\" content=\"Emprendedor digital maya convers\u00f3 sobre su libro Immigrant traducci\u00f3n al ingl\u00e9s de Migrante, en la biblioteca de Penn Yan, Nueva York. As\u00ed ocurri\u00f3.\" \/>\n\t\t<meta property=\"og:url\" content=\"https:\/\/soymigrante.com\/revista\/asi-fue-la-presentacion-del-libro-immigrant-de-marcos-antil-en-la-biblioteca-de-penn-yan-ny\/\" \/>\n\t\t<meta property=\"og:image\" content=\"https:\/\/soymigrante.com\/revista\/wp-content\/uploads\/2025\/03\/libro-migrante-marcos-antil-penn-yan-NY-1.webp\" \/>\n\t\t<meta property=\"og:image:secure_url\" content=\"https:\/\/soymigrante.com\/revista\/wp-content\/uploads\/2025\/03\/libro-migrante-marcos-antil-penn-yan-NY-1.webp\" \/>\n\t\t<meta property=\"og:image:width\" content=\"1200\" \/>\n\t\t<meta property=\"og:image:height\" content=\"1200\" \/>\n\t\t<meta property=\"article:published_time\" content=\"2025-02-28T18:10:29+00:00\" \/>\n\t\t<meta property=\"article:modified_time\" content=\"2025-04-17T11:08:20+00:00\" \/>\n\t\t<meta property=\"article:publisher\" content=\"https:\/\/www.facebook.com\/soymigrantecom\" \/>\n\t\t<meta name=\"twitter:card\" content=\"summary_large_image\" \/>\n\t\t<meta name=\"twitter:site\" content=\"@SoyMigrante_com\" \/>\n\t\t<meta name=\"twitter:title\" content=\"Marcos Antil presenta Immigrant en Penn Yan Nueva York\" \/>\n\t\t<meta name=\"twitter:description\" content=\"Emprendedor digital maya convers\u00f3 sobre su libro Immigrant traducci\u00f3n al ingl\u00e9s de Migrante, en la biblioteca de Penn Yan, Nueva York. As\u00ed ocurri\u00f3.\" \/>\n\t\t<meta name=\"twitter:creator\" content=\"@SoyMigrante_com\" \/>\n\t\t<meta name=\"twitter:image\" content=\"https:\/\/soymigrante.com\/revista\/wp-content\/uploads\/2025\/03\/libro-migrante-marcos-antil-penn-yan-NY-1.webp\" \/>\n\t\t<!-- All in One SEO Pro -->\r\n\t\t<title>Marcos Antil presenta Immigrant en Penn Yan Nueva York<\/title>\n\n","aioseo_head_json":{"title":"Marcos Antil presenta Immigrant en Penn Yan Nueva York","description":"Emprendedor digital maya convers\u00f3 sobre su libro Immigrant traducci\u00f3n al ingl\u00e9s de Migrante, en la biblioteca de Penn Yan, Nueva York. As\u00ed ocurri\u00f3.","canonical_url":"https:\/\/soymigrante.com\/revista\/asi-fue-la-presentacion-del-libro-immigrant-de-marcos-antil-en-la-biblioteca-de-penn-yan-ny\/","robots":"max-snippet:-1, max-image-preview:large, max-video-preview:-1","keywords":"","webmasterTools":{"miscellaneous":"&lt;link rel=\"preconnect\" href=\"https:\/\/fonts.googleapis.com\" crossorigin&gt;\n&lt;link rel=\"preconnect\" href=\"https:\/\/fonts.gstatic.com\" crossorigin&gt;"},"schema":null,"og:locale":"es_ES","og:site_name":"SoyMigrante.com REVISTA \u2013 Nuestra misi\u00f3n es reconocer y dignificar al migrante.","og:type":"article","og:title":"Marcos Antil presenta Immigrant en Penn Yan Nueva York","og:description":"Emprendedor digital maya convers\u00f3 sobre su libro Immigrant traducci\u00f3n al ingl\u00e9s de Migrante, en la biblioteca de Penn Yan, Nueva York. As\u00ed ocurri\u00f3.","og:url":"https:\/\/soymigrante.com\/revista\/asi-fue-la-presentacion-del-libro-immigrant-de-marcos-antil-en-la-biblioteca-de-penn-yan-ny\/","og:image":"https:\/\/soymigrante.com\/revista\/wp-content\/uploads\/2025\/03\/libro-migrante-marcos-antil-penn-yan-NY-1.webp","og:image:secure_url":"https:\/\/soymigrante.com\/revista\/wp-content\/uploads\/2025\/03\/libro-migrante-marcos-antil-penn-yan-NY-1.webp","og:image:width":1200,"og:image:height":1200,"article:published_time":"2025-02-28T18:10:29+00:00","article:modified_time":"2025-04-17T11:08:20+00:00","article:publisher":"https:\/\/www.facebook.com\/soymigrantecom","twitter:card":"summary_large_image","twitter:site":"@SoyMigrante_com","twitter:title":"Marcos Antil presenta Immigrant en Penn Yan Nueva York","twitter:description":"Emprendedor digital maya convers\u00f3 sobre su libro Immigrant traducci\u00f3n al ingl\u00e9s de Migrante, en la biblioteca de Penn Yan, Nueva York. As\u00ed ocurri\u00f3.","twitter:creator":"@SoyMigrante_com","twitter:image":"https:\/\/soymigrante.com\/revista\/wp-content\/uploads\/2025\/03\/libro-migrante-marcos-antil-penn-yan-NY-1.webp"},"aioseo_meta_data":{"post_id":"46257","title":"Telemundo exalta aporte de migrante emprendedor Marcos Antil","description":"Proyectos sociales y educativos, as\u00ed como el impulso a la innovaci\u00f3n tecnol\u00f3gica integran aportes de Marcos Antil resaltados por Telemundo como Herencia Hispana","keywords":null,"keyphrases":{"focus":{"keyphrase":"Marcos Antil","score":91,"analysis":{"keyphraseInTitle":{"score":9,"maxScore":9,"error":0},"keyphraseInDescription":{"score":9,"maxScore":9,"error":0},"keyphraseLength":{"score":9,"maxScore":9,"error":0,"length":2},"keyphraseInURL":{"score":5,"maxScore":5,"error":0},"keyphraseInIntroduction":{"score":9,"maxScore":9,"error":0},"keyphraseInSubHeadings":{"score":9,"maxScore":9,"error":0},"keyphraseInImageAlt":{"score":3,"maxScore":9,"error":1},"keywordDensity":{"type":"best","score":9,"maxScore":9,"error":0}}},"additional":[{"keyphrase":"Guatemala","score":60,"analysis":{"keyphraseInDescription":{"score":3,"maxScore":9,"error":1},"keyphraseLength":{"score":9,"maxScore":9,"error":0,"length":1},"keyphraseInIntroduction":{"score":3,"maxScore":9,"error":1},"keyphraseInImageAlt":{"score":3,"maxScore":9,"error":1},"keywordDensity":{"type":"best","score":9,"maxScore":9,"error":0}}},{"keyphrase":"vida","score":60,"analysis":{"keyphraseInDescription":{"score":3,"maxScore":9,"error":1},"keyphraseLength":{"score":9,"maxScore":9,"error":0,"length":1},"keyphraseInIntroduction":{"score":3,"maxScore":9,"error":1},"keyphraseInImageAlt":{"score":3,"maxScore":9,"error":1},"keywordDensity":{"type":"best","score":9,"maxScore":9,"error":0}}}]},"primary_term":null,"canonical_url":null,"og_title":null,"og_description":null,"og_object_type":"default","og_image_type":"default","og_image_url":null,"og_image_width":null,"og_image_height":null,"og_image_custom_url":null,"og_image_custom_fields":null,"og_video":"","og_custom_url":null,"og_article_section":null,"og_article_tags":null,"twitter_use_og":false,"twitter_card":"default","twitter_image_type":"default","twitter_image_url":null,"twitter_image_custom_url":null,"twitter_image_custom_fields":null,"twitter_title":null,"twitter_description":null,"schema":{"blockGraphs":[],"customGraphs":[],"default":{"data":{"Article":[],"Course":[],"Dataset":[],"FAQPage":[],"Movie":[],"Person":[],"Product":[],"ProductReview":[],"Car":[],"Recipe":[],"Service":[],"SoftwareApplication":[],"WebPage":[]},"graphName":"none","isEnabled":true},"graphs":[]},"schema_type":"default","schema_type_options":null,"pillar_content":false,"robots_default":true,"robots_noindex":false,"robots_noarchive":false,"robots_nosnippet":false,"robots_nofollow":false,"robots_noimageindex":false,"robots_noodp":false,"robots_notranslate":false,"robots_max_snippet":"-1","robots_max_videopreview":"-1","robots_max_imagepreview":"large","priority":null,"frequency":"default","local_seo":null,"seo_analyzer_scan_date":"2025-10-09 08:56:23","breadcrumb_settings":null,"limit_modified_date":false,"reviewed_by":"0","open_ai":null,"ai":{"faqs":[],"keyPoints":[],"titles":[],"descriptions":[],"socialPosts":{"email":[],"linkedin":[],"twitter":[],"facebook":[],"instagram":[]}},"created":"2025-09-29 17:24:44","updated":"2026-02-05 05:56:20"},"aioseo_breadcrumb":"<div class=\"aioseo-breadcrumbs\"><span class=\"aioseo-breadcrumb\">\n\t<a href=\"https:\/\/soymigrante.com\/revista\" title=\"Home\">Home<\/a>\n<\/span><span class=\"aioseo-breadcrumb-separator\">\u00bb<\/span><span class=\"aioseo-breadcrumb\">\n\t<a href=\"https:\/\/soymigrante.com\/revista\/category\/exitos\/\" title=\"\u00c9xitos\">\u00c9xitos<\/a>\n<\/span><span class=\"aioseo-breadcrumb-separator\">\u00bb<\/span><span class=\"aioseo-breadcrumb\">\n\t<a href=\"https:\/\/soymigrante.com\/revista\/category\/exitos\/guatemala\/\" title=\"Guatemala\">Guatemala<\/a>\n<\/span><span class=\"aioseo-breadcrumb-separator\">\u00bb<\/span><span class=\"aioseo-breadcrumb\">\n\tTelemundo resalta aporte de migrante y emprendedor Marcos Antil\n<\/span><\/div>","aioseo_breadcrumb_json":[{"label":"Home","link":"https:\/\/soymigrante.com\/revista"},{"label":"\u00c9xitos","link":"https:\/\/soymigrante.com\/revista\/category\/exitos\/"},{"label":"Guatemala","link":"https:\/\/soymigrante.com\/revista\/category\/exitos\/guatemala\/"},{"label":"Telemundo resalta aporte de migrante y emprendedor Marcos Antil","link":"https:\/\/soymigrante.com\/revista\/telemundo-resalta-aporte-de-migrante-y-emprendedor-marcos-antil\/"}],"_links":{"self":[{"href":"https:\/\/soymigrante.com\/revista\/wp-json\/wp\/v2\/posts\/46257","targetHints":{"allow":["GET"]}}],"collection":[{"href":"https:\/\/soymigrante.com\/revista\/wp-json\/wp\/v2\/posts"}],"about":[{"href":"https:\/\/soymigrante.com\/revista\/wp-json\/wp\/v2\/types\/post"}],"author":[{"embeddable":true,"href":"https:\/\/soymigrante.com\/revista\/wp-json\/wp\/v2\/users\/19"}],"replies":[{"embeddable":true,"href":"https:\/\/soymigrante.com\/revista\/wp-json\/wp\/v2\/comments?post=46257"}],"version-history":[{"count":31,"href":"https:\/\/soymigrante.com\/revista\/wp-json\/wp\/v2\/posts\/46257\/revisions"}],"predecessor-version":[{"id":46474,"href":"https:\/\/soymigrante.com\/revista\/wp-json\/wp\/v2\/posts\/46257\/revisions\/46474"}],"wp:featuredmedia":[{"embeddable":true,"href":"https:\/\/soymigrante.com\/revista\/wp-json\/wp\/v2\/media\/46288"}],"wp:attachment":[{"href":"https:\/\/soymigrante.com\/revista\/wp-json\/wp\/v2\/media?parent=46257"}],"wp:term":[{"taxonomy":"category","embeddable":true,"href":"https:\/\/soymigrante.com\/revista\/wp-json\/wp\/v2\/categories?post=46257"},{"taxonomy":"post_tag","embeddable":true,"href":"https:\/\/soymigrante.com\/revista\/wp-json\/wp\/v2\/tags?post=46257"}],"curies":[{"name":"wp","href":"https:\/\/api.w.org\/{rel}","templated":true}]}}