{"id":46119,"date":"2025-09-30T06:04:00","date_gmt":"2025-09-30T12:04:00","guid":{"rendered":"https:\/\/soymigrante.com\/revista\/?p=46119"},"modified":"2025-09-30T00:05:15","modified_gmt":"2025-09-30T06:05:15","slug":"tomas-de-merlo-el-primer-gran-pintor-colonial-guatemalteco","status":"publish","type":"post","link":"https:\/\/soymigrante.com\/revista\/tomas-de-merlo-el-primer-gran-pintor-colonial-guatemalteco\/","title":{"rendered":"Tom\u00e1s de Merlo: el  primer gran pintor colonial guatemalteco"},"content":{"rendered":"\t\t<div data-elementor-type=\"wp-post\" data-elementor-id=\"46119\" class=\"elementor elementor-46119\" data-elementor-post-type=\"post\">\n\t\t\t\t<div data-particle_enable=\"false\" data-particle-mobile-disabled=\"false\" class=\"elementor-element elementor-element-16fb23e e-flex e-con-boxed e-con e-parent\" data-id=\"16fb23e\" data-element_type=\"container\" data-e-type=\"container\">\n\t\t\t\t\t<div class=\"e-con-inner\">\n\t\t\t\t<div class=\"elementor-element elementor-element-f7f352d elementor-widget elementor-widget-heading\" data-id=\"f7f352d\" data-element_type=\"widget\" data-e-type=\"widget\" data-widget_type=\"heading.default\">\n\t\t\t\t\t<h2 class=\"elementor-heading-title elementor-size-default\">Tom\u00e1s de Merlo (1694-1739) fue un pintor guatemalteco que marc\u00f3 la historia del arte colonial y que a la fecha es uno de los grandes referentes. \n<\/h2>\t\t\t\t<\/div>\n\t\t\t\t\t<\/div>\n\t\t\t\t<\/div>\n\t\t<div data-particle_enable=\"false\" data-particle-mobile-disabled=\"false\" class=\"elementor-element elementor-element-ae74491 e-flex e-con-boxed e-con e-parent\" data-id=\"ae74491\" data-element_type=\"container\" data-e-type=\"container\">\n\t\t\t\t\t<div class=\"e-con-inner\">\n\t\t\t\t<div class=\"elementor-element elementor-element-1cd426b elementor-widget elementor-widget-text-editor\" data-id=\"1cd426b\" data-element_type=\"widget\" data-e-type=\"widget\" data-widget_type=\"text-editor.default\">\n\t\t\t\t\t\t\t\t\t<p>El nombre de <a href=\"https:\/\/www.deguate.com\/arte-cultura\/pintura\/pintura-colonial-de-guatemala-el-autorretrato-de-tomas-de-merlo.shtml\" target=\"_blank\" rel=\"noopener\">Tom\u00e1s de Merlo ocupa un lugar especial en la historia del arte guatemalteco.<\/a> Considerado uno de los grandes exponentes de la pintura colonial, sus obras han trascendido el tiempo y hoy forman parte del legado cultural de Guatemala.<\/p><p>Nacido en la ciudad de Santiago de los Caballeros (actual <a href=\"https:\/\/soymigrante.com\/revista\/7-datos-de-antigua-guatemala-que-seguro-ya-sabias-o-quiza-no\/\">Antigua Guatemala<\/a>), Merlo desarroll\u00f3 su talento art\u00edstico en el siglo XVIII, en una \u00e9poca donde la pintura religiosa era fundamental para la vida espiritual y social.\u00a0<\/p><p>Sus lienzos se distinguen por la intensidad de los colores, la delicadeza en los trazos y la manera en que lograba transmitir devoci\u00f3n y solemnidad a trav\u00e9s de las expresiones de los personajes &#8220;buenos&#8221;. Los personajes &#8220;malos&#8221; sol\u00edan tener los ojos desorbitados.<\/p>\t\t\t\t\t\t\t\t<\/div>\n\t\t\t\t\t<\/div>\n\t\t\t\t<\/div>\n\t\t<div data-particle_enable=\"false\" data-particle-mobile-disabled=\"false\" class=\"elementor-element elementor-element-9b8cd58 e-flex e-con-boxed e-con e-parent\" data-id=\"9b8cd58\" data-element_type=\"container\" data-e-type=\"container\">\n\t\t\t\t\t<div class=\"e-con-inner\">\n\t\t\t\t<div class=\"elementor-element elementor-element-e901239 elementor-widget elementor-widget-image\" data-id=\"e901239\" data-element_type=\"widget\" data-e-type=\"widget\" data-widget_type=\"image.default\">\n\t\t\t\t\t\t\t\t\t\t\t\t<figure class=\"wp-caption\">\n\t\t\t\t\t\t\t\t\t\t<img fetchpriority=\"high\" decoding=\"async\" width=\"888\" height=\"960\" src=\"https:\/\/soymigrante.com\/revista\/wp-content\/uploads\/2025\/09\/tomas-de-merlo-2.jpg\" class=\"attachment-large size-large wp-image-46126\" alt=\"Tom\u00e1s de Merlo fue uno de los pintores m\u00e1s art\u00edsticos de Guatemala.\" srcset=\"https:\/\/soymigrante.com\/revista\/wp-content\/uploads\/2025\/09\/tomas-de-merlo-2.jpg 888w, https:\/\/soymigrante.com\/revista\/wp-content\/uploads\/2025\/09\/tomas-de-merlo-2-278x300.jpg 278w, https:\/\/soymigrante.com\/revista\/wp-content\/uploads\/2025\/09\/tomas-de-merlo-2-768x830.jpg 768w, https:\/\/soymigrante.com\/revista\/wp-content\/uploads\/2025\/09\/tomas-de-merlo-2-750x811.jpg 750w\" sizes=\"(max-width: 888px) 100vw, 888px\" title=\"Tom\u00e1s de Merlo fue uno de los pintores m\u00e1s art\u00edsticos de Guatemala. \u2013 SoyMigrante.com REVISTA\" \/>\t\t\t\t\t\t\t\t\t\t\t<figcaption class=\"widget-image-caption wp-caption-text\">Tom\u00e1s de Merlo fue uno de los pintores m\u00e1s art\u00edsticos de Guatemala. <\/figcaption>\n\t\t\t\t\t\t\t\t\t\t<\/figure>\n\t\t\t\t\t\t\t\t\t<\/div>\n\t\t\t\t\t<\/div>\n\t\t\t\t<\/div>\n\t\t<div data-particle_enable=\"false\" data-particle-mobile-disabled=\"false\" class=\"elementor-element elementor-element-a59c82c e-flex e-con-boxed e-con e-parent\" data-id=\"a59c82c\" data-element_type=\"container\" data-e-type=\"container\">\n\t\t\t\t\t<div class=\"e-con-inner\">\n\t\t\t\t<div class=\"elementor-element elementor-element-d5adf32 elementor-widget elementor-widget-heading\" data-id=\"d5adf32\" data-element_type=\"widget\" data-e-type=\"widget\" data-widget_type=\"heading.default\">\n\t\t\t\t\t<h3 class=\"elementor-heading-title elementor-size-default\">Aportes m\u00e1s reconocidos de Tom\u00e1s de Merlo <\/h3>\t\t\t\t<\/div>\n\t\t\t\t\t<\/div>\n\t\t\t\t<\/div>\n\t\t<div data-particle_enable=\"false\" data-particle-mobile-disabled=\"false\" class=\"elementor-element elementor-element-dcebfaa e-flex e-con-boxed e-con e-parent\" data-id=\"dcebfaa\" data-element_type=\"container\" data-e-type=\"container\">\n\t\t\t\t\t<div class=\"e-con-inner\">\n\t\t\t\t<div class=\"elementor-element elementor-element-19520b4 elementor-widget elementor-widget-text-editor\" data-id=\"19520b4\" data-element_type=\"widget\" data-e-type=\"widget\" data-widget_type=\"text-editor.default\">\n\t\t\t\t\t\t\t\t\t<p>Entre sus aportes m\u00e1s reconocidos se encuentran las series pict\u00f3ricas de la Pasi\u00f3n de Cristo, que reflejan tanto la influencia de la tradici\u00f3n europea como la identidad local. Su obra se caracteriz\u00f3 por un profundo sentido de espiritualidad y se convirti\u00f3 en un medio para acercar a los fieles a las ense\u00f1anzas de la Iglesia.<\/p><p>Algunas de esas pinturas estaban en<a href=\"https:\/\/soymigrante.com\/revista\/el-calvario-de-antigua-guatemala-una-joya-de-fe\/\"> la ermita de El Calvario de Antigua Guatemala<\/a>, de donde fueron robadas en febrero de 2014. Solo una apareci\u00f3 durante un allanamiento en 2023 y en muy mal estado.<\/p><p><a href=\"https:\/\/www.deguate.com\/arte-cultura\/pintura\/pintura-colonial-de-guatemala-el-autorretrato-de-tomas-de-merlo.shtml\" target=\"_blank\" rel=\"noopener\">Tom\u00e1s de Merlo falleci\u00f3 en 1739, dejando inconclusa una carrera que, pese a su brevedad,<\/a> se consolid\u00f3 como un referente para generaciones posteriores de artistas guatemaltecos. Su muerte represent\u00f3 una gran p\u00e9rdida para la pintura colonial, pero tambi\u00e9n marc\u00f3 el inicio de su reconocimiento como figura esencial en la historia del arte del pa\u00eds.<\/p>\t\t\t\t\t\t\t\t<\/div>\n\t\t\t\t\t<\/div>\n\t\t\t\t<\/div>\n\t\t<div data-particle_enable=\"false\" data-particle-mobile-disabled=\"false\" class=\"elementor-element elementor-element-9913a2b e-flex e-con-boxed e-con e-parent\" data-id=\"9913a2b\" data-element_type=\"container\" data-e-type=\"container\">\n\t\t\t\t\t<div class=\"e-con-inner\">\n\t\t\t\t<div class=\"elementor-element elementor-element-af53bf8 elementor-widget elementor-widget-image\" data-id=\"af53bf8\" data-element_type=\"widget\" data-e-type=\"widget\" data-widget_type=\"image.default\">\n\t\t\t\t\t\t\t\t\t\t\t\t<figure class=\"wp-caption\">\n\t\t\t\t\t\t\t\t\t\t<img decoding=\"async\" width=\"1024\" height=\"496\" src=\"https:\/\/soymigrante.com\/revista\/wp-content\/uploads\/2025\/09\/tomas-de-merlo-1-1-1024x496.jpg\" class=\"attachment-large size-large wp-image-46364\" alt=\"La curaci\u00f3n de Malco por Jes\u00fas, es una de las pinturas de Tom\u00e1s de Merlo. Lamentablemente fue robada en 2011 y jam\u00e1s fue encontrada.\" srcset=\"https:\/\/soymigrante.com\/revista\/wp-content\/uploads\/2025\/09\/tomas-de-merlo-1-1-1024x496.jpg 1024w, https:\/\/soymigrante.com\/revista\/wp-content\/uploads\/2025\/09\/tomas-de-merlo-1-1-300x145.jpg 300w, https:\/\/soymigrante.com\/revista\/wp-content\/uploads\/2025\/09\/tomas-de-merlo-1-1-768x372.jpg 768w, https:\/\/soymigrante.com\/revista\/wp-content\/uploads\/2025\/09\/tomas-de-merlo-1-1-1536x744.jpg 1536w, https:\/\/soymigrante.com\/revista\/wp-content\/uploads\/2025\/09\/tomas-de-merlo-1-1-2048x992.jpg 2048w, https:\/\/soymigrante.com\/revista\/wp-content\/uploads\/2025\/09\/tomas-de-merlo-1-1-750x363.jpg 750w, https:\/\/soymigrante.com\/revista\/wp-content\/uploads\/2025\/09\/tomas-de-merlo-1-1-1140x552.jpg 1140w\" sizes=\"(max-width: 1024px) 100vw, 1024px\" title=\"La curaci\u00f3n de Malco por Jes\u00fas, es una de las pinturas de Tom\u00e1s de Merlo. Lamentablemente fue robada en 2011 y jam\u00e1s fue encontrada. \u2013 SoyMigrante.com REVISTA\" \/>\t\t\t\t\t\t\t\t\t\t\t<figcaption class=\"widget-image-caption wp-caption-text\">La curaci\u00f3n de Malco por Jes\u00fas, es una de las pinturas de Tom\u00e1s de Merlo. Lamentablemente fue robada en 2014 y jam\u00e1s fue encontrada.<\/figcaption>\n\t\t\t\t\t\t\t\t\t\t<\/figure>\n\t\t\t\t\t\t\t\t\t<\/div>\n\t\t\t\t\t<\/div>\n\t\t\t\t<\/div>\n\t\t<div data-particle_enable=\"false\" data-particle-mobile-disabled=\"false\" class=\"elementor-element elementor-element-5eb1925 e-flex e-con-boxed e-con e-parent\" data-id=\"5eb1925\" data-element_type=\"container\" data-e-type=\"container\">\n\t\t\t\t\t<div class=\"e-con-inner\">\n\t\t\t\t<div class=\"elementor-element elementor-element-8b28650 elementor-widget elementor-widget-image\" data-id=\"8b28650\" data-element_type=\"widget\" data-e-type=\"widget\" data-widget_type=\"image.default\">\n\t\t\t\t\t\t\t\t\t\t\t\t<figure class=\"wp-caption\">\n\t\t\t\t\t\t\t\t\t\t<img decoding=\"async\" width=\"1024\" height=\"513\" src=\"https:\/\/soymigrante.com\/revista\/wp-content\/uploads\/2025\/09\/tomas-de-merlo-3-1-1024x513.jpg\" class=\"attachment-large size-large wp-image-46365\" alt=\"Juicio a Jes\u00fas por el sanedr\u00edn. Esta pintura de Tom\u00e1s de Merlo se encuentra en el Museo de Arte Colonial, en la Antigua Guatemala.\" srcset=\"https:\/\/soymigrante.com\/revista\/wp-content\/uploads\/2025\/09\/tomas-de-merlo-3-1-1024x513.jpg 1024w, https:\/\/soymigrante.com\/revista\/wp-content\/uploads\/2025\/09\/tomas-de-merlo-3-1-300x150.jpg 300w, https:\/\/soymigrante.com\/revista\/wp-content\/uploads\/2025\/09\/tomas-de-merlo-3-1-768x384.jpg 768w, https:\/\/soymigrante.com\/revista\/wp-content\/uploads\/2025\/09\/tomas-de-merlo-3-1-1536x769.jpg 1536w, https:\/\/soymigrante.com\/revista\/wp-content\/uploads\/2025\/09\/tomas-de-merlo-3-1-2048x1025.jpg 2048w, https:\/\/soymigrante.com\/revista\/wp-content\/uploads\/2025\/09\/tomas-de-merlo-3-1-360x180.jpg 360w, https:\/\/soymigrante.com\/revista\/wp-content\/uploads\/2025\/09\/tomas-de-merlo-3-1-750x375.jpg 750w, https:\/\/soymigrante.com\/revista\/wp-content\/uploads\/2025\/09\/tomas-de-merlo-3-1-1140x571.jpg 1140w\" sizes=\"(max-width: 1024px) 100vw, 1024px\" title=\"Juicio a Jes\u00fas por el sanedr\u00edn. Esta pintura de Tom\u00e1s de Merlo se encuentra en el Museo de Arte Colonial, en la Antigua Guatemala. \u2013 SoyMigrante.com REVISTA\" \/>\t\t\t\t\t\t\t\t\t\t\t<figcaption class=\"widget-image-caption wp-caption-text\">Juicio a Jes\u00fas por el sanedr\u00edn. Esta pintura de Tom\u00e1s de Merlo se encuentra en el Museo de Arte Colonial, en la Antigua Guatemala.<\/figcaption>\n\t\t\t\t\t\t\t\t\t\t<\/figure>\n\t\t\t\t\t\t\t\t\t<\/div>\n\t\t\t\t\t<\/div>\n\t\t\t\t<\/div>\n\t\t<div data-particle_enable=\"false\" data-particle-mobile-disabled=\"false\" class=\"elementor-element elementor-element-e96d617 e-flex e-con-boxed e-con e-parent\" data-id=\"e96d617\" data-element_type=\"container\" data-e-type=\"container\">\n\t\t\t\t\t<div class=\"e-con-inner\">\n\t\t\t\t<div class=\"elementor-element elementor-element-747d79a elementor-widget elementor-widget-image\" data-id=\"747d79a\" data-element_type=\"widget\" data-e-type=\"widget\" data-widget_type=\"image.default\">\n\t\t\t\t\t\t\t\t\t\t\t\t<figure class=\"wp-caption\">\n\t\t\t\t\t\t\t\t\t\t<img loading=\"lazy\" decoding=\"async\" width=\"1024\" height=\"414\" src=\"https:\/\/soymigrante.com\/revista\/wp-content\/uploads\/2025\/09\/tomas-de-merlo-2-1-1024x414.jpg\" class=\"attachment-large size-large wp-image-46366\" alt=\"Cristo ante el sumo sacerdote Caif\u00e1s es otra de las pinturas robadas de El Calvario de Antigua Guatemala en 2014. Nunca fue hallada.\" srcset=\"https:\/\/soymigrante.com\/revista\/wp-content\/uploads\/2025\/09\/tomas-de-merlo-2-1-1024x414.jpg 1024w, https:\/\/soymigrante.com\/revista\/wp-content\/uploads\/2025\/09\/tomas-de-merlo-2-1-300x121.jpg 300w, https:\/\/soymigrante.com\/revista\/wp-content\/uploads\/2025\/09\/tomas-de-merlo-2-1-768x310.jpg 768w, https:\/\/soymigrante.com\/revista\/wp-content\/uploads\/2025\/09\/tomas-de-merlo-2-1-1536x621.jpg 1536w, https:\/\/soymigrante.com\/revista\/wp-content\/uploads\/2025\/09\/tomas-de-merlo-2-1-2048x828.jpg 2048w, https:\/\/soymigrante.com\/revista\/wp-content\/uploads\/2025\/09\/tomas-de-merlo-2-1-750x303.jpg 750w, https:\/\/soymigrante.com\/revista\/wp-content\/uploads\/2025\/09\/tomas-de-merlo-2-1-1140x461.jpg 1140w\" sizes=\"(max-width: 1024px) 100vw, 1024px\" title=\"Cristo ante el sumo sacerdote Caif\u00e1s es otra de las pinturas robadas de El Calvario de Antigua Guatemala en 2014. Nunca fue hallada. \u2013 SoyMigrante.com REVISTA\" \/>\t\t\t\t\t\t\t\t\t\t\t<figcaption class=\"widget-image-caption wp-caption-text\">Cristo ante el sumo sacerdote Caif\u00e1s es otra de las pinturas robadas de El Calvario de Antigua Guatemala en 2014. Nunca fue hallada.<\/figcaption>\n\t\t\t\t\t\t\t\t\t\t<\/figure>\n\t\t\t\t\t\t\t\t\t<\/div>\n\t\t\t\t\t<\/div>\n\t\t\t\t<\/div>\n\t\t<div data-particle_enable=\"false\" data-particle-mobile-disabled=\"false\" class=\"elementor-element elementor-element-44bf368 e-flex e-con-boxed e-con e-parent\" data-id=\"44bf368\" data-element_type=\"container\" data-e-type=\"container\">\n\t\t\t\t\t<div class=\"e-con-inner\">\n\t\t\t\t<div class=\"elementor-element elementor-element-250dc9f elementor-widget elementor-widget-heading\" data-id=\"250dc9f\" data-element_type=\"widget\" data-e-type=\"widget\" data-widget_type=\"heading.default\">\n\t\t\t\t\t<h3 class=\"elementor-heading-title elementor-size-default\">El legado actual de Tom\u00e1s de Merlo <\/h3>\t\t\t\t<\/div>\n\t\t\t\t\t<\/div>\n\t\t\t\t<\/div>\n\t\t<div data-particle_enable=\"false\" data-particle-mobile-disabled=\"false\" class=\"elementor-element elementor-element-12b05c5 e-flex e-con-boxed e-con e-parent\" data-id=\"12b05c5\" data-element_type=\"container\" data-e-type=\"container\">\n\t\t\t\t\t<div class=\"e-con-inner\">\n\t\t\t\t<div class=\"elementor-element elementor-element-9310bec elementor-widget elementor-widget-text-editor\" data-id=\"9310bec\" data-element_type=\"widget\" data-e-type=\"widget\" data-widget_type=\"text-editor.default\">\n\t\t\t\t\t\t\t\t\t<p>Hoy, su legado vive en los lienzos que a\u00fan se conservan en en Museo de Arte Colonial de la antigua Universidad de San Carlos.&nbsp; Merlo muri\u00f3 en 1739, muy joven.&nbsp;<\/p>\n<p>Existen dos versiones: una, que un carruaje lo atropell\u00f3 y lo dej\u00f3 malherido. Otra, que se cay\u00f3 de un andamio mientras estaba pintando y falleci\u00f3, pero su huella nunca morir\u00e1.&nbsp;<\/p><p>Aunque en aquel momento no exist\u00eda la fotograf\u00eda, Tom\u00e1s de Merlo se autorretrat\u00f3 en una de sus pinturas, como uno m\u00e1s de los personajes. Es as\u00ed como m\u00e1s de tres siglos despu\u00e9s, podemos tener idea de como luc\u00eda f\u00edsicamente.<\/p>\t\t\t\t\t\t\t\t<\/div>\n\t\t\t\t\t<\/div>\n\t\t\t\t<\/div>\n\t\t<div data-particle_enable=\"false\" data-particle-mobile-disabled=\"false\" class=\"elementor-element elementor-element-8a3d171 e-flex e-con-boxed e-con e-parent\" data-id=\"8a3d171\" data-element_type=\"container\" data-e-type=\"container\">\n\t\t\t\t\t<div class=\"e-con-inner\">\n\t\t\t\t<div class=\"elementor-element elementor-element-7c70cf6 elementor-widget elementor-widget-html\" data-id=\"7c70cf6\" data-element_type=\"widget\" data-e-type=\"widget\" data-widget_type=\"html.default\">\n\t\t\t\t\t<iframe width=\"560\" height=\"315\" src=\"https:\/\/www.youtube.com\/embed\/cWydaly9yj8?si=9r9PtfFQxPEGiVFo\" title=\"YouTube video player\" frameborder=\"0\" allow=\"accelerometer; autoplay; clipboard-write; encrypted-media; gyroscope; picture-in-picture; web-share\" referrerpolicy=\"strict-origin-when-cross-origin\" allowfullscreen><\/iframe>\t\t\t\t<\/div>\n\t\t\t\t\t<\/div>\n\t\t\t\t<\/div>\n\t\t<div data-particle_enable=\"false\" data-particle-mobile-disabled=\"false\" class=\"elementor-element elementor-element-3d3ce93 e-flex e-con-boxed e-con e-parent\" data-id=\"3d3ce93\" data-element_type=\"container\" data-e-type=\"container\">\n\t\t\t\t\t<div class=\"e-con-inner\">\n\t\t\t\t<div class=\"elementor-element elementor-element-b56ca28 elementor-widget elementor-widget-heading\" data-id=\"b56ca28\" data-element_type=\"widget\" data-e-type=\"widget\" data-widget_type=\"heading.default\">\n\t\t\t\t\t<h2 class=\"elementor-heading-title elementor-size-default\">Conoce m\u00e1s de otros artistas guatemaltecos, ac\u00e1...<\/h2>\t\t\t\t<\/div>\n\t\t\t\t\t<\/div>\n\t\t\t\t<\/div>\n\t\t<div data-particle_enable=\"false\" data-particle-mobile-disabled=\"false\" class=\"elementor-element elementor-element-fbd548c e-flex e-con-boxed e-con e-parent\" data-id=\"fbd548c\" data-element_type=\"container\" data-e-type=\"container\">\n\t\t\t\t\t<div class=\"e-con-inner\">\n\t\t\t\t<div class=\"elementor-element elementor-element-841470f elementor-grid-eael-col-3 elementor-grid-tablet-eael-col-2 elementor-grid-mobile-eael-col-1 elementor-widget elementor-widget-eael-post-grid\" data-id=\"841470f\" data-element_type=\"widget\" data-e-type=\"widget\" data-settings=\"{&quot;eael_post_grid_columns&quot;:&quot;eael-col-3&quot;,&quot;eael_post_grid_columns_tablet&quot;:&quot;eael-col-2&quot;,&quot;eael_post_grid_columns_mobile&quot;:&quot;eael-col-1&quot;}\" data-widget_type=\"eael-post-grid.default\">\n\t\t\t\t\t<div id=\"eael-post-grid-841470f\" class=\"eael-post-grid-container\">\n            <div class=\"eael-post-grid eael-post-appender eael-post-appender-841470f eael-post-grid-style-one\" data-layout-mode=\"masonry\"><article class=\"eael-grid-post  eael-post-grid-column eael-pg-post-43400 category-arte-cultura\" data-id=\"43400\">\n        <div class=\"eael-grid-post-holder\">\n            <div class=\"eael-grid-post-holder-inner\"><div class=\"eael-entry-media\"><div class=\"eael-entry-overlay fade-in\"><i class=\"far fa-hand-pointer\" aria-hidden=\"true\"><\/i><a href=\"https:\/\/soymigrante.com\/revista\/efrain-recinos-un-genio-del-arte-guatemalteco-que-vivira-siempre\/\"><\/a><\/div><div class=\"eael-entry-thumbnail eael-image-ratio\">\n                <img loading=\"lazy\" decoding=\"async\" width=\"421\" height=\"416\" src=\"https:\/\/soymigrante.com\/revista\/wp-content\/uploads\/2025\/09\/Guatemalita-de-Efrain-Recinos.png\" class=\"attachment-large size-large wp-image-43608\" alt=\"Guatemalita de Efra\u00edn Recinos\" srcset=\"https:\/\/soymigrante.com\/revista\/wp-content\/uploads\/2025\/09\/Guatemalita-de-Efrain-Recinos.png 421w, https:\/\/soymigrante.com\/revista\/wp-content\/uploads\/2025\/09\/Guatemalita-de-Efrain-Recinos-300x296.png 300w, https:\/\/soymigrante.com\/revista\/wp-content\/uploads\/2025\/09\/Guatemalita-de-Efrain-Recinos-75x75.png 75w\" sizes=\"(max-width: 421px) 100vw, 421px\" \/>\n            <\/div>\n        <\/div><div class=\"eael-entry-wrapper\"><header class=\"eael-entry-header\"><h2 class=\"eael-entry-title\"><a class=\"eael-grid-post-link\" href=\"https:\/\/soymigrante.com\/revista\/efrain-recinos-un-genio-del-arte-guatemalteco-que-vivira-siempre\/\" title=\"Mira arte guatemalteco: Efra\u00edn Recinos, un genio que sigue a la vista de todos\">Mira arte guatemalteco: Efra\u00edn Recinos, un genio que sigue a la vista de todos<\/a><\/h2><\/header><div class=\"eael-entry-content\">\n                        <div class=\"eael-grid-post-excerpt\"><a href=\"https:\/\/soymigrante.com\/revista\/efrain-recinos-un-genio-del-arte-guatemalteco-que-vivira-siempre\/\" class=\"eael-post-elements-readmore-btn\">CONOCE SU HISTORIA <\/a><\/div>\n                    <\/div><\/div><\/div>\n        <\/div>\n    <\/article><article class=\"eael-grid-post  eael-post-grid-column eael-pg-post-43829 category-arte-cultura-guate-nuestra\" data-id=\"43829\">\n        <div class=\"eael-grid-post-holder\">\n            <div class=\"eael-grid-post-holder-inner\"><div class=\"eael-entry-media\"><div class=\"eael-entry-overlay fade-in\"><i class=\"far fa-hand-pointer\" aria-hidden=\"true\"><\/i><a href=\"https:\/\/soymigrante.com\/revista\/juan-sisay-arte-guatemalteco-maya-tzutujil-atitlan\/\"><\/a><\/div><div class=\"eael-entry-thumbnail eael-image-ratio\">\n                <img loading=\"lazy\" decoding=\"async\" width=\"485\" height=\"485\" src=\"https:\/\/soymigrante.com\/revista\/wp-content\/uploads\/2025\/09\/Juan-Sisay1-e1757021856514.jpeg\" class=\"attachment-large size-large wp-image-43830\" alt=\"Juan Sisay: el artista guatemalteco que retrat\u00f3 la identidad tz&#039;utuj&#039;il desde dentro. El artista fue asesinado en abril de 1989 despu\u00e9s de haber pintado acerca de una masacre cometida en Santiago Atitl\u00e1n durante el conflicto armado interno. (Retrato por Miguel Ch\u00e1vez)\" srcset=\"https:\/\/soymigrante.com\/revista\/wp-content\/uploads\/2025\/09\/Juan-Sisay1-e1757021856514.jpeg 485w, https:\/\/soymigrante.com\/revista\/wp-content\/uploads\/2025\/09\/Juan-Sisay1-e1757021856514-300x300.jpeg 300w, https:\/\/soymigrante.com\/revista\/wp-content\/uploads\/2025\/09\/Juan-Sisay1-e1757021856514-150x150.jpeg 150w, https:\/\/soymigrante.com\/revista\/wp-content\/uploads\/2025\/09\/Juan-Sisay1-e1757021856514-75x75.jpeg 75w\" sizes=\"(max-width: 485px) 100vw, 485px\" \/>\n            <\/div>\n        <\/div><div class=\"eael-entry-wrapper\"><header class=\"eael-entry-header\"><h2 class=\"eael-entry-title\"><a class=\"eael-grid-post-link\" href=\"https:\/\/soymigrante.com\/revista\/juan-sisay-arte-guatemalteco-maya-tzutujil-atitlan\/\" title=\"Mira arte guatemalteco: Pintor tz&#8217;utuj&#8217;il Juan Sisay origin\u00f3 la pintura popular de Atitl\u00e1n\">Mira arte guatemalteco: Pintor tz&#8217;utuj&#8217;il Juan Sisay origin\u00f3 la pintura popular de Atitl\u00e1n<\/a><\/h2><\/header><div class=\"eael-entry-content\">\n                        <div class=\"eael-grid-post-excerpt\"><a href=\"https:\/\/soymigrante.com\/revista\/juan-sisay-arte-guatemalteco-maya-tzutujil-atitlan\/\" class=\"eael-post-elements-readmore-btn\">CONOCE SU HISTORIA <\/a><\/div>\n                    <\/div><\/div><\/div>\n        <\/div>\n    <\/article><article class=\"eael-grid-post  eael-post-grid-column eael-pg-post-43891 category-arte-cultura-guate-nuestra\" data-id=\"43891\">\n        <div class=\"eael-grid-post-holder\">\n            <div class=\"eael-grid-post-holder-inner\"><div class=\"eael-entry-media\"><div class=\"eael-entry-overlay fade-in\"><i class=\"far fa-hand-pointer\" aria-hidden=\"true\"><\/i><a href=\"https:\/\/soymigrante.com\/revista\/mira-arte-guatemalteco-la-mirada-magica-de-rina-lazo\/\"><\/a><\/div><div class=\"eael-entry-thumbnail eael-image-ratio\">\n                <img loading=\"lazy\" decoding=\"async\" width=\"500\" height=\"500\" src=\"https:\/\/soymigrante.com\/revista\/wp-content\/uploads\/2025\/09\/Rina-lazo-2.jpg\" class=\"attachment-large size-large wp-image-43892\" alt=\"Rina Lazo: El trazo de una identidad mesoamericana\" srcset=\"https:\/\/soymigrante.com\/revista\/wp-content\/uploads\/2025\/09\/Rina-lazo-2.jpg 500w, https:\/\/soymigrante.com\/revista\/wp-content\/uploads\/2025\/09\/Rina-lazo-2-300x300.jpg 300w, https:\/\/soymigrante.com\/revista\/wp-content\/uploads\/2025\/09\/Rina-lazo-2-150x150.jpg 150w, https:\/\/soymigrante.com\/revista\/wp-content\/uploads\/2025\/09\/Rina-lazo-2-75x75.jpg 75w\" sizes=\"(max-width: 500px) 100vw, 500px\" \/>\n            <\/div>\n        <\/div><div class=\"eael-entry-wrapper\"><header class=\"eael-entry-header\"><h2 class=\"eael-entry-title\"><a class=\"eael-grid-post-link\" href=\"https:\/\/soymigrante.com\/revista\/mira-arte-guatemalteco-la-mirada-magica-de-rina-lazo\/\" title=\"Mira arte guatemalteco: La mirada m\u00e1gica de Rina Lazo\">Mira arte guatemalteco: La mirada m\u00e1gica de Rina Lazo<\/a><\/h2><\/header><div class=\"eael-entry-content\">\n                        <div class=\"eael-grid-post-excerpt\"><a href=\"https:\/\/soymigrante.com\/revista\/mira-arte-guatemalteco-la-mirada-magica-de-rina-lazo\/\" class=\"eael-post-elements-readmore-btn\">CONOCE SU HISTORIA <\/a><\/div>\n                    <\/div><\/div><\/div>\n        <\/div>\n    <\/article><\/div>\n            <div class=\"clearfix\"><\/div>\n        <\/div>\t\t\t\t<\/div>\n\t\t\t\t\t<\/div>\n\t\t\t\t<\/div>\n\t\t\t\t<\/div>\n\t\t","protected":false},"excerpt":{"rendered":"<p>Tom\u00e1s de Merlo (1694-1739) fue un pintor guatemalteco que marc\u00f3 la historia del arte colonial y que a la fecha es uno de los grandes referentes. El nombre de Tom\u00e1s de Merlo ocupa un lugar especial en la historia del arte guatemalteco. Considerado uno de los grandes exponentes de la pintura colonial, sus obras han [&hellip;]<\/p>\n","protected":false},"author":19,"featured_media":46360,"comment_status":"open","ping_status":"open","sticky":false,"template":"","format":"standard","meta":{"_acf_changed":false,"_eb_attr":"","footnotes":""},"categories":[91,58],"tags":[],"class_list":["post-46119","post","type-post","status-publish","format-standard","has-post-thumbnail","hentry","category-arte-cultura","category-guate-nuestra"],"acf":[],"aioseo_notices":[],"aioseo_head":"\n\t\t<!-- All in One SEO Pro 4.9.6.2 - aioseo.com -->\n\t<meta name=\"description\" content=\"Rina Lazo (1923-2019) retrat\u00f3 la grandeza maya y reflej\u00f3 la cultura guatemalteca en lienzos y murales. Se form\u00f3 y gan\u00f3 fama en M\u00e9xico pero su alma era de quetzal.\" \/>\n\t<meta name=\"robots\" content=\"max-snippet:-1, max-image-preview:large, max-video-preview:-1\" \/>\n\t<meta name=\"author\" content=\"Marysabel Aldana\"\/>\n\t<link rel=\"canonical\" href=\"https:\/\/soymigrante.com\/revista\/mira-arte-guatemalteco-la-mirada-magica-de-rina-lazo\/\" \/>\n\t<meta name=\"generator\" content=\"All in One SEO Pro (AIOSEO) 4.9.6.2\" \/>\n\n\t\t<link rel=\"preconnect\" href=\"https:\/\/fonts.googleapis.com\" crossorigin>\n<link rel=\"preconnect\" href=\"https:\/\/fonts.gstatic.com\" crossorigin>\n\t\t<meta property=\"og:locale\" content=\"es_ES\" \/>\n\t\t<meta property=\"og:site_name\" content=\"SoyMigrante.com REVISTA \u2013 Nuestra misi\u00f3n es reconocer y dignificar al migrante.\" \/>\n\t\t<meta property=\"og:type\" content=\"article\" \/>\n\t\t<meta property=\"og:title\" content=\"Mira arte guatemalteco: La mirada m\u00e1gica de Rina Lazo\" \/>\n\t\t<meta property=\"og:description\" content=\"Rina Lazo (1923-2019) retrat\u00f3 la grandeza maya y reflej\u00f3 la cultura guatemalteca en lienzos y murales. Se form\u00f3 y gan\u00f3 fama en M\u00e9xico pero su alma era de quetzal.\" \/>\n\t\t<meta property=\"og:url\" content=\"https:\/\/soymigrante.com\/revista\/mira-arte-guatemalteco-la-mirada-magica-de-rina-lazo\/\" \/>\n\t\t<meta property=\"og:image\" content=\"https:\/\/soymigrante.com\/revista\/wp-content\/uploads\/2025\/09\/Rina-lazo-2.jpg\" \/>\n\t\t<meta property=\"og:image:secure_url\" content=\"https:\/\/soymigrante.com\/revista\/wp-content\/uploads\/2025\/09\/Rina-lazo-2.jpg\" \/>\n\t\t<meta property=\"og:image:width\" content=\"500\" \/>\n\t\t<meta property=\"og:image:height\" content=\"500\" \/>\n\t\t<meta property=\"article:published_time\" content=\"2025-09-08T11:30:00+00:00\" \/>\n\t\t<meta property=\"article:modified_time\" content=\"2025-09-08T04:42:09+00:00\" \/>\n\t\t<meta property=\"article:publisher\" content=\"https:\/\/www.facebook.com\/soymigrantecom\" \/>\n\t\t<meta name=\"twitter:card\" content=\"summary_large_image\" \/>\n\t\t<meta name=\"twitter:site\" content=\"@SoyMigrante_com\" \/>\n\t\t<meta name=\"twitter:title\" content=\"Mira arte guatemalteco: La mirada m\u00e1gica de Rina Lazo\" \/>\n\t\t<meta name=\"twitter:description\" content=\"Rina Lazo (1923-2019) retrat\u00f3 la grandeza maya y reflej\u00f3 la cultura guatemalteca en lienzos y murales. Se form\u00f3 y gan\u00f3 fama en M\u00e9xico pero su alma era de quetzal.\" \/>\n\t\t<meta name=\"twitter:creator\" content=\"@SoyMigrante_com\" \/>\n\t\t<meta name=\"twitter:image\" content=\"https:\/\/soymigrante.com\/revista\/wp-content\/uploads\/2025\/09\/Rina-lazo-2.jpg\" \/>\n\t\t<!-- All in One SEO Pro -->\r\n\t\t<title>Mira arte guatemalteco: La mirada m\u00e1gica de Rina Lazo<\/title>\n\n","aioseo_head_json":{"title":"Mira arte guatemalteco: La mirada m\u00e1gica de Rina Lazo","description":"Rina Lazo (1923-2019) retrat\u00f3 la grandeza maya y reflej\u00f3 la cultura guatemalteca en lienzos y murales. Se form\u00f3 y gan\u00f3 fama en M\u00e9xico pero su alma era de quetzal.","canonical_url":"https:\/\/soymigrante.com\/revista\/mira-arte-guatemalteco-la-mirada-magica-de-rina-lazo\/","robots":"max-snippet:-1, max-image-preview:large, max-video-preview:-1","keywords":"","webmasterTools":{"miscellaneous":"&lt;link rel=\"preconnect\" href=\"https:\/\/fonts.googleapis.com\" crossorigin&gt;\n&lt;link rel=\"preconnect\" href=\"https:\/\/fonts.gstatic.com\" crossorigin&gt;"},"schema":null,"og:locale":"es_ES","og:site_name":"SoyMigrante.com REVISTA \u2013 Nuestra misi\u00f3n es reconocer y dignificar al migrante.","og:type":"article","og:title":"Mira arte guatemalteco: La mirada m\u00e1gica de Rina Lazo","og:description":"Rina Lazo (1923-2019) retrat\u00f3 la grandeza maya y reflej\u00f3 la cultura guatemalteca en lienzos y murales. Se form\u00f3 y gan\u00f3 fama en M\u00e9xico pero su alma era de quetzal.","og:url":"https:\/\/soymigrante.com\/revista\/mira-arte-guatemalteco-la-mirada-magica-de-rina-lazo\/","og:image":"https:\/\/soymigrante.com\/revista\/wp-content\/uploads\/2025\/09\/Rina-lazo-2.jpg","og:image:secure_url":"https:\/\/soymigrante.com\/revista\/wp-content\/uploads\/2025\/09\/Rina-lazo-2.jpg","og:image:width":500,"og:image:height":500,"article:published_time":"2025-09-08T11:30:00+00:00","article:modified_time":"2025-09-08T04:42:09+00:00","article:publisher":"https:\/\/www.facebook.com\/soymigrantecom","twitter:card":"summary_large_image","twitter:site":"@SoyMigrante_com","twitter:title":"Mira arte guatemalteco: La mirada m\u00e1gica de Rina Lazo","twitter:description":"Rina Lazo (1923-2019) retrat\u00f3 la grandeza maya y reflej\u00f3 la cultura guatemalteca en lienzos y murales. Se form\u00f3 y gan\u00f3 fama en M\u00e9xico pero su alma era de quetzal.","twitter:creator":"@SoyMigrante_com","twitter:image":"https:\/\/soymigrante.com\/revista\/wp-content\/uploads\/2025\/09\/Rina-lazo-2.jpg"},"aioseo_meta_data":{"post_id":"46119","title":null,"description":"Tom\u00e1s de Merlo (1694-1739) naci\u00f3 en la Antigua Guatemala y cre\u00f3 un estilo propio. Su legado a\u00fan puede verse en el Museo Colonial. Parte de su obra fue robada","keywords":null,"keyphrases":{"focus":{"keyphrase":"Tom\u00e1s de Merlo","score":100,"analysis":{"keyphraseInTitle":{"score":9,"maxScore":9,"error":0},"keyphraseInDescription":{"score":9,"maxScore":9,"error":0},"keyphraseLength":{"score":9,"maxScore":9,"error":0,"length":4},"keyphraseInURL":{"score":5,"maxScore":5,"error":0},"keyphraseInIntroduction":{"score":9,"maxScore":9,"error":0},"keyphraseInSubHeadings":{"score":9,"maxScore":9,"error":0},"keyphraseInImageAlt":{"score":9,"maxScore":9,"error":0},"keywordDensity":{"type":"best","score":9,"maxScore":9,"error":0}}},"additional":[{"keyphrase":"pintor","score":73,"analysis":{"keyphraseInDescription":{"score":3,"maxScore":9,"error":1},"keyphraseLength":{"score":9,"maxScore":9,"error":0,"length":1},"keyphraseInIntroduction":{"score":3,"maxScore":9,"error":1},"keyphraseInImageAlt":{"score":9,"maxScore":9,"error":0},"keywordDensity":{"type":"best","score":9,"maxScore":9,"error":0}}},{"keyphrase":"guatemalteco","score":87,"analysis":{"keyphraseInDescription":{"score":3,"maxScore":9,"error":1},"keyphraseLength":{"score":9,"maxScore":9,"error":0,"length":1},"keyphraseInIntroduction":{"score":9,"maxScore":9,"error":0},"keyphraseInImageAlt":{"score":9,"maxScore":9,"error":0},"keywordDensity":{"type":"best","score":9,"maxScore":9,"error":0}}}]},"primary_term":null,"canonical_url":null,"og_title":null,"og_description":null,"og_object_type":"default","og_image_type":"default","og_image_url":null,"og_image_width":null,"og_image_height":null,"og_image_custom_url":null,"og_image_custom_fields":null,"og_video":"","og_custom_url":null,"og_article_section":null,"og_article_tags":null,"twitter_use_og":false,"twitter_card":"default","twitter_image_type":"default","twitter_image_url":null,"twitter_image_custom_url":null,"twitter_image_custom_fields":null,"twitter_title":null,"twitter_description":null,"schema":{"blockGraphs":[],"customGraphs":[],"default":{"data":{"Article":[],"Course":[],"Dataset":[],"FAQPage":[],"Movie":[],"Person":[],"Product":[],"ProductReview":[],"Car":[],"Recipe":[],"Service":[],"SoftwareApplication":[],"WebPage":[]},"graphName":"none","isEnabled":true},"graphs":[]},"schema_type":"default","schema_type_options":null,"pillar_content":false,"robots_default":true,"robots_noindex":false,"robots_noarchive":false,"robots_nosnippet":false,"robots_nofollow":false,"robots_noimageindex":false,"robots_noodp":false,"robots_notranslate":false,"robots_max_snippet":"-1","robots_max_videopreview":"-1","robots_max_imagepreview":"large","priority":null,"frequency":"default","local_seo":null,"seo_analyzer_scan_date":"2025-10-09 08:58:26","breadcrumb_settings":null,"limit_modified_date":false,"reviewed_by":"0","open_ai":null,"ai":{"faqs":[],"keyPoints":[],"titles":[],"descriptions":[],"socialPosts":{"email":[],"linkedin":[],"twitter":[],"facebook":[],"instagram":[]}},"created":"2025-09-26 18:01:28","updated":"2026-02-05 05:56:21"},"aioseo_breadcrumb":"<div class=\"aioseo-breadcrumbs\"><span class=\"aioseo-breadcrumb\">\n\t<a href=\"https:\/\/soymigrante.com\/revista\" title=\"Home\">Home<\/a>\n<\/span><span class=\"aioseo-breadcrumb-separator\">\u00bb<\/span><span class=\"aioseo-breadcrumb\">\n\t<a href=\"https:\/\/soymigrante.com\/revista\/category\/guate-nuestra\/\" title=\"Guate Nuestra\">Guate Nuestra<\/a>\n<\/span><span class=\"aioseo-breadcrumb-separator\">\u00bb<\/span><span class=\"aioseo-breadcrumb\">\n\t<a href=\"https:\/\/soymigrante.com\/revista\/category\/guate-nuestra\/arte-cultura\/\" title=\"Cultura de Guatemala\">Cultura de Guatemala<\/a>\n<\/span><span class=\"aioseo-breadcrumb-separator\">\u00bb<\/span><span class=\"aioseo-breadcrumb\">\n\tTom\u00e1s de Merlo: el  primer gran pintor colonial guatemalteco\n<\/span><\/div>","aioseo_breadcrumb_json":[{"label":"Home","link":"https:\/\/soymigrante.com\/revista"},{"label":"Guate Nuestra","link":"https:\/\/soymigrante.com\/revista\/category\/guate-nuestra\/"},{"label":"Cultura de Guatemala","link":"https:\/\/soymigrante.com\/revista\/category\/guate-nuestra\/arte-cultura\/"},{"label":"Tom\u00e1s de Merlo: el  primer gran pintor colonial guatemalteco","link":"https:\/\/soymigrante.com\/revista\/tomas-de-merlo-el-primer-gran-pintor-colonial-guatemalteco\/"}],"_links":{"self":[{"href":"https:\/\/soymigrante.com\/revista\/wp-json\/wp\/v2\/posts\/46119","targetHints":{"allow":["GET"]}}],"collection":[{"href":"https:\/\/soymigrante.com\/revista\/wp-json\/wp\/v2\/posts"}],"about":[{"href":"https:\/\/soymigrante.com\/revista\/wp-json\/wp\/v2\/types\/post"}],"author":[{"embeddable":true,"href":"https:\/\/soymigrante.com\/revista\/wp-json\/wp\/v2\/users\/19"}],"replies":[{"embeddable":true,"href":"https:\/\/soymigrante.com\/revista\/wp-json\/wp\/v2\/comments?post=46119"}],"version-history":[{"count":14,"href":"https:\/\/soymigrante.com\/revista\/wp-json\/wp\/v2\/posts\/46119\/revisions"}],"predecessor-version":[{"id":46370,"href":"https:\/\/soymigrante.com\/revista\/wp-json\/wp\/v2\/posts\/46119\/revisions\/46370"}],"wp:featuredmedia":[{"embeddable":true,"href":"https:\/\/soymigrante.com\/revista\/wp-json\/wp\/v2\/media\/46360"}],"wp:attachment":[{"href":"https:\/\/soymigrante.com\/revista\/wp-json\/wp\/v2\/media?parent=46119"}],"wp:term":[{"taxonomy":"category","embeddable":true,"href":"https:\/\/soymigrante.com\/revista\/wp-json\/wp\/v2\/categories?post=46119"},{"taxonomy":"post_tag","embeddable":true,"href":"https:\/\/soymigrante.com\/revista\/wp-json\/wp\/v2\/tags?post=46119"}],"curies":[{"name":"wp","href":"https:\/\/api.w.org\/{rel}","templated":true}]}}