{"id":45992,"date":"2025-10-02T07:00:00","date_gmt":"2025-10-02T13:00:00","guid":{"rendered":"https:\/\/soymigrante.com\/revista\/?p=45992"},"modified":"2025-10-01T23:11:24","modified_gmt":"2025-10-02T05:11:24","slug":"dagoberto-vasquez-convirtio-simples-lineas-en-verdaderas-leyendas","status":"publish","type":"post","link":"https:\/\/soymigrante.com\/revista\/dagoberto-vasquez-convirtio-simples-lineas-en-verdaderas-leyendas\/","title":{"rendered":"Dagoberto V\u00e1squez: convirti\u00f3 simples l\u00edneas en verdaderas leyendas"},"content":{"rendered":"\t\t<div data-elementor-type=\"wp-post\" data-elementor-id=\"45992\" class=\"elementor elementor-45992\" data-elementor-post-type=\"post\">\n\t\t\t\t<div data-particle_enable=\"false\" data-particle-mobile-disabled=\"false\" class=\"elementor-element elementor-element-9c7f842 e-flex e-con-boxed e-con e-parent\" data-id=\"9c7f842\" data-element_type=\"container\" data-e-type=\"container\">\n\t\t\t\t\t<div class=\"e-con-inner\">\n\t\t\t\t<div class=\"elementor-element elementor-element-2cc9138 elementor-widget elementor-widget-heading\" data-id=\"2cc9138\" data-element_type=\"widget\" data-e-type=\"widget\" data-widget_type=\"heading.default\">\n\t\t\t\t\t<h2 class=\"elementor-heading-title elementor-size-default\">Dagoberto V\u00e1squez (1922-1999) plasmaba cada obra con econom\u00eda de l\u00edneas: es decir, trazos sencillos para expresar mucho en pinturas, murales y esculturas.<\/h2>\t\t\t\t<\/div>\n\t\t\t\t\t<\/div>\n\t\t\t\t<\/div>\n\t\t<div data-particle_enable=\"false\" data-particle-mobile-disabled=\"false\" class=\"elementor-element elementor-element-a63bdd7 e-flex e-con-boxed e-con e-parent\" data-id=\"a63bdd7\" data-element_type=\"container\" data-e-type=\"container\">\n\t\t\t\t\t<div class=\"e-con-inner\">\n\t\t\t\t<div class=\"elementor-element elementor-element-3a73bc6 elementor-widget elementor-widget-text-editor\" data-id=\"3a73bc6\" data-element_type=\"widget\" data-e-type=\"widget\" data-widget_type=\"text-editor.default\">\n\t\t\t\t\t\t\t\t\t<p><a href=\"https:\/\/www.dagobertovasquez.com\/\" target=\"_blank\" rel=\"noopener\">Dagoberto V\u00e1squez Casta\u00f1eda fue uno de los artistas <\/a>\u00a0que m\u00e1s huella an dejado en las calles de Guatemala.\u00a0\u00a0Pintor, escultor, muralista, grabador, docente e investigador, su obra y capacidad de s\u00edntesis lo convirtieron en un referente del arte moderno guatemalteco.<\/p><p>Su obra est\u00e1 a la vista de todo mundo, en uno de los murales de concreto de la Municipalidad de Guatemala y tambi\u00e9n en el enorme muro oriente del Banco de Guatemala, que quiz\u00e1 no est\u00e1 tan a la vista pero es impresionante.\u00a0<\/p>\t\t\t\t\t\t\t\t<\/div>\n\t\t\t\t\t<\/div>\n\t\t\t\t<\/div>\n\t\t<div data-particle_enable=\"false\" data-particle-mobile-disabled=\"false\" class=\"elementor-element elementor-element-5a31541 e-flex e-con-boxed e-con e-parent\" data-id=\"5a31541\" data-element_type=\"container\" data-e-type=\"container\">\n\t\t\t\t\t<div class=\"e-con-inner\">\n\t\t\t\t<div class=\"elementor-element elementor-element-16de096 elementor-widget elementor-widget-image\" data-id=\"16de096\" data-element_type=\"widget\" data-e-type=\"widget\" data-widget_type=\"image.default\">\n\t\t\t\t\t\t\t\t\t\t\t\t<figure class=\"wp-caption\">\n\t\t\t\t\t\t\t\t\t\t\t<a href=\"https:\/\/banguat.gob.gt\/page\/los-murales-del-banco-de-guatemala\">\n\t\t\t\t\t\t\t<img fetchpriority=\"high\" decoding=\"async\" width=\"683\" height=\"1024\" src=\"https:\/\/soymigrante.com\/revista\/wp-content\/uploads\/2025\/10\/mural-dagoberto-vasquez-foto-banguat-683x1024.jpeg\" class=\"attachment-large size-large wp-image-46557\" alt=\"Mural oriente del Banco de Guatemala titulado Econom\u00eda y Cultura de Dagoberto V\u00e1squez Casta\u00f1eda. Tiene tres paneles: A la izquiera represent\u00f3 la creaci\u00f3n seg\u00fan la cosmovisi\u00f3n maya. En el panel del centro se enfoc\u00f3 en la cultura. Lo comenz\u00f3 con una representaci\u00f3n del tiempo. Tambi\u00e9n muestra la vida cotidiana y la sociedad. El panel de la derecha representa la Econom\u00eda. (Foto Banco de Guatemala) Si deseas conocer m\u00e1s detalles de los muros, clic en la imagen.\" srcset=\"https:\/\/soymigrante.com\/revista\/wp-content\/uploads\/2025\/10\/mural-dagoberto-vasquez-foto-banguat-683x1024.jpeg 683w, https:\/\/soymigrante.com\/revista\/wp-content\/uploads\/2025\/10\/mural-dagoberto-vasquez-foto-banguat-200x300.jpeg 200w, https:\/\/soymigrante.com\/revista\/wp-content\/uploads\/2025\/10\/mural-dagoberto-vasquez-foto-banguat-768x1152.jpeg 768w, https:\/\/soymigrante.com\/revista\/wp-content\/uploads\/2025\/10\/mural-dagoberto-vasquez-foto-banguat-1024x1536.jpeg 1024w, https:\/\/soymigrante.com\/revista\/wp-content\/uploads\/2025\/10\/mural-dagoberto-vasquez-foto-banguat-1365x2048.jpeg 1365w, https:\/\/soymigrante.com\/revista\/wp-content\/uploads\/2025\/10\/mural-dagoberto-vasquez-foto-banguat-750x1125.jpeg 750w, https:\/\/soymigrante.com\/revista\/wp-content\/uploads\/2025\/10\/mural-dagoberto-vasquez-foto-banguat-1140x1710.jpeg 1140w, https:\/\/soymigrante.com\/revista\/wp-content\/uploads\/2025\/10\/mural-dagoberto-vasquez-foto-banguat-scaled.jpeg 1707w\" sizes=\"(max-width: 683px) 100vw, 683px\" title=\"Mural oriente del Banco de Guatemala titulado Econom\u00eda y Cultura de Dagoberto V\u00e1squez Casta\u00f1eda.  Tiene tres paneles: A la izquiera represent\u00f3  la creaci\u00f3n seg\u00fan la cosmovisi\u00f3n maya. En el panel del centro  se enfoc\u00f3 en la cultura. Lo comenz\u00f3 con una representaci\u00f3n del tiempo. Tambi\u00e9n muestra la vida cotidiana y la sociedad. El panel de la derecha representa la Econom\u00eda. (Foto Banco de Guatemala) Si deseas conocer m\u00e1s detalles de los muros, clic en la imagen. \u2013 SoyMigrante.com REVISTA\" \/>\t\t\t\t\t\t\t\t<\/a>\n\t\t\t\t\t\t\t\t\t\t\t<figcaption class=\"widget-image-caption wp-caption-text\">Mural oriente del Banco de Guatemala titulado Econom\u00eda y Cultura de Dagoberto V\u00e1squez Casta\u00f1eda.  Tiene tres paneles: A la izquiera represent\u00f3  la creaci\u00f3n seg\u00fan la cosmovisi\u00f3n maya. En el panel del centro  se enfoc\u00f3 en la cultura. Lo comenz\u00f3 con una representaci\u00f3n del tiempo. Tambi\u00e9n muestra la vida cotidiana y la sociedad. El panel de la derecha representa la Econom\u00eda. (Foto Banco de Guatemala) Si deseas conocer m\u00e1s detalles de los muros, clic en la imagen.<\/figcaption>\n\t\t\t\t\t\t\t\t\t\t<\/figure>\n\t\t\t\t\t\t\t\t\t<\/div>\n\t\t\t\t\t<\/div>\n\t\t\t\t<\/div>\n\t\t<div data-particle_enable=\"false\" data-particle-mobile-disabled=\"false\" class=\"elementor-element elementor-element-8077063 e-flex e-con-boxed e-con e-parent\" data-id=\"8077063\" data-element_type=\"container\" data-e-type=\"container\">\n\t\t\t\t\t<div class=\"e-con-inner\">\n\t\t\t\t<div class=\"elementor-element elementor-element-5783041 elementor-widget elementor-widget-heading\" data-id=\"5783041\" data-element_type=\"widget\" data-e-type=\"widget\" data-widget_type=\"heading.default\">\n\t\t\t\t\t<h3 class=\"elementor-heading-title elementor-size-default\">Or\u00edgenes y formaci\u00f3n<\/h3>\t\t\t\t<\/div>\n\t\t\t\t\t<\/div>\n\t\t\t\t<\/div>\n\t\t<div data-particle_enable=\"false\" data-particle-mobile-disabled=\"false\" class=\"elementor-element elementor-element-6ebb576 e-flex e-con-boxed e-con e-parent\" data-id=\"6ebb576\" data-element_type=\"container\" data-e-type=\"container\">\n\t\t\t\t\t<div class=\"e-con-inner\">\n\t\t\t\t<div class=\"elementor-element elementor-element-52e0309 elementor-widget elementor-widget-text-editor\" data-id=\"52e0309\" data-element_type=\"widget\" data-e-type=\"widget\" data-widget_type=\"text-editor.default\">\n\t\t\t\t\t\t\t\t\t<p>Nacido en la ciudad de Retalhuleu,\u00a0 Dagoberto V\u00e1squez fue hijo de Ricardo V\u00e1squez Revolorio y Magdalena Casta\u00f1eda de V\u00e1squez, y uno de seis hermanos. A temprana edad lo trasladaron a la capital.\u00a0<\/p><p>Desde ni\u00f1o mostr\u00f3 una inclinaci\u00f3n por las artes. Su madre, con esfuerzos econ\u00f3micos y personales, se empe\u00f1\u00f3 en darle una educaci\u00f3n s\u00f3lida pese a las limitaciones materiales.<\/p><p>Estudi\u00f3 en la Academia Nacional de Bellas Artes entre 1937 y 1944. En paralelo, trabaj\u00f3 como ayudante del vitralista Julio Urruela V\u00e1squez en la decoraci\u00f3n del Palacio Nacional de Cultura, lo que le permiti\u00f3 involucrarse en obras art\u00edsticas monumentales desde joven.<\/p><p>En 1945 obtuvo una beca para perfeccionarse en escultura y fundici\u00f3n en bronce en Santiago, Chile, en la Escuela de Artes Aplicadas. All\u00ed estuvo hasta 1949. Al regresar a Guatemala combin\u00f3 la creaci\u00f3n art\u00edstica con labores docentes en instituciones como la Escuela Nacional de Artes Pl\u00e1sticas, la Universidad de San Carlos, la Escuela Normal de Maestros de Educaci\u00f3n Musical, entre otras.<\/p>\t\t\t\t\t\t\t\t<\/div>\n\t\t\t\t\t<\/div>\n\t\t\t\t<\/div>\n\t\t<div data-particle_enable=\"false\" data-particle-mobile-disabled=\"false\" class=\"elementor-element elementor-element-838b4c9 e-flex e-con-boxed e-con e-parent\" data-id=\"838b4c9\" data-element_type=\"container\" data-e-type=\"container\">\n\t\t\t\t\t<div class=\"e-con-inner\">\n\t\t\t\t<div class=\"elementor-element elementor-element-3393cf9 elementor-widget elementor-widget-image\" data-id=\"3393cf9\" data-element_type=\"widget\" data-e-type=\"widget\" data-widget_type=\"image.default\">\n\t\t\t\t\t\t\t\t\t\t\t\t<figure class=\"wp-caption\">\n\t\t\t\t\t\t\t\t\t\t<img decoding=\"async\" width=\"800\" height=\"400\" src=\"https:\/\/soymigrante.com\/revista\/wp-content\/uploads\/2025\/09\/dagoberto-1.jpg\" class=\"attachment-large size-large wp-image-46005\" alt=\"Dagoberto V\u00e1squez represent\u00f3 la creaci\u00f3n seg\u00fan la cosmovisi\u00f3n maya en uno de los relieves de la Municipalidad de Guatemala.\" srcset=\"https:\/\/soymigrante.com\/revista\/wp-content\/uploads\/2025\/09\/dagoberto-1.jpg 800w, https:\/\/soymigrante.com\/revista\/wp-content\/uploads\/2025\/09\/dagoberto-1-300x150.jpg 300w, https:\/\/soymigrante.com\/revista\/wp-content\/uploads\/2025\/09\/dagoberto-1-768x384.jpg 768w, https:\/\/soymigrante.com\/revista\/wp-content\/uploads\/2025\/09\/dagoberto-1-360x180.jpg 360w, https:\/\/soymigrante.com\/revista\/wp-content\/uploads\/2025\/09\/dagoberto-1-750x375.jpg 750w\" sizes=\"(max-width: 800px) 100vw, 800px\" title=\"Dagoberto V\u00e1squez represent\u00f3 la creaci\u00f3n seg\u00fan la cosmovisi\u00f3n maya en uno de los relieves de la Municipalidad de Guatemala. \u2013 SoyMigrante.com REVISTA\" \/>\t\t\t\t\t\t\t\t\t\t\t<figcaption class=\"widget-image-caption wp-caption-text\">Dagoberto V\u00e1squez represent\u00f3 la creaci\u00f3n seg\u00fan la cosmovisi\u00f3n maya en uno de los relieves de la Municipalidad de Guatemala.<\/figcaption>\n\t\t\t\t\t\t\t\t\t\t<\/figure>\n\t\t\t\t\t\t\t\t\t<\/div>\n\t\t\t\t\t<\/div>\n\t\t\t\t<\/div>\n\t\t<div data-particle_enable=\"false\" data-particle-mobile-disabled=\"false\" class=\"elementor-element elementor-element-3e3bc5c e-flex e-con-boxed e-con e-parent\" data-id=\"3e3bc5c\" data-element_type=\"container\" data-e-type=\"container\">\n\t\t\t\t\t<div class=\"e-con-inner\">\n\t\t\t\t<div class=\"elementor-element elementor-element-a221654 elementor-widget elementor-widget-heading\" data-id=\"a221654\" data-element_type=\"widget\" data-e-type=\"widget\" data-widget_type=\"heading.default\">\n\t\t\t\t\t<h3 class=\"elementor-heading-title elementor-size-default\">Aportes art\u00edsticos y compromiso social\n<\/h3>\t\t\t\t<\/div>\n\t\t\t\t\t<\/div>\n\t\t\t\t<\/div>\n\t\t<div data-particle_enable=\"false\" data-particle-mobile-disabled=\"false\" class=\"elementor-element elementor-element-913abc6 e-flex e-con-boxed e-con e-parent\" data-id=\"913abc6\" data-element_type=\"container\" data-e-type=\"container\">\n\t\t\t\t\t<div class=\"e-con-inner\">\n\t\t\t\t<div class=\"elementor-element elementor-element-e16746b elementor-widget elementor-widget-text-editor\" data-id=\"e16746b\" data-element_type=\"widget\" data-e-type=\"widget\" data-widget_type=\"text-editor.default\">\n\t\t\t\t\t\t\t\t\t<p><a href=\"https:\/\/www.dagobertovasquez.com\/\" target=\"_blank\" rel=\"noopener\">V\u00e1squez fue parte de la llamada Generaci\u00f3n del 40,<\/a> junto con artistas como Guillermo Grajeda Mena, Roberto Gonz\u00e1lez Goyri, Juan Antonio Franco, Max Saravia Gual, entre otros. Una generaci\u00f3n que vivi\u00f3 y promovi\u00f3 la apertura pol\u00edtica e intelectual tras la dictadura de Jorge Ubico, durante la Revoluci\u00f3n de Octubre de 1944, y en los a\u00f1os siguientes.<\/p><p>Su arte se caracteriz\u00f3 por un estilo formal, de trazos limpios, l\u00edneas fuertes y espacios bien definidos; buscaba siempre la s\u00edntesis expresiva: decir mucho con lo necesario, sin ornamentaciones innecesarias. Con dominio de m\u00faltiples t\u00e9cnicas y materiales \u2014desde escultura en bronce, m\u00e1rmol, relieve en concreto, pintura, grabado en xilograf\u00eda o lin\u00f3leo\u2014 construy\u00f3 murales, esculturas, obras monumentales y piezas de peque\u00f1o formato.<\/p>\t\t\t\t\t\t\t\t<\/div>\n\t\t\t\t\t<\/div>\n\t\t\t\t<\/div>\n\t\t<div data-particle_enable=\"false\" data-particle-mobile-disabled=\"false\" class=\"elementor-element elementor-element-eb01fb6 e-flex e-con-boxed e-con e-parent\" data-id=\"eb01fb6\" data-element_type=\"container\" data-e-type=\"container\">\n\t\t\t\t\t<div class=\"e-con-inner\">\n\t\t\t\t<div class=\"elementor-element elementor-element-501fc77 elementor-widget elementor-widget-image\" data-id=\"501fc77\" data-element_type=\"widget\" data-e-type=\"widget\" data-widget_type=\"image.default\">\n\t\t\t\t\t\t\t\t\t\t\t\t<figure class=\"wp-caption\">\n\t\t\t\t\t\t\t\t\t\t<img decoding=\"async\" width=\"757\" height=\"1024\" src=\"https:\/\/soymigrante.com\/revista\/wp-content\/uploads\/2025\/09\/dagoberto-3-757x1024.jpg\" class=\"attachment-large size-large wp-image-46006\" alt=\"Las obras de Dagoberto V\u00e1squez sintetizan l\u00edneas y formas pero abren el espacio a la imaginaci\u00f3n.\" srcset=\"https:\/\/soymigrante.com\/revista\/wp-content\/uploads\/2025\/09\/dagoberto-3-757x1024.jpg 757w, https:\/\/soymigrante.com\/revista\/wp-content\/uploads\/2025\/09\/dagoberto-3-222x300.jpg 222w, https:\/\/soymigrante.com\/revista\/wp-content\/uploads\/2025\/09\/dagoberto-3-768x1039.jpg 768w, https:\/\/soymigrante.com\/revista\/wp-content\/uploads\/2025\/09\/dagoberto-3-1135x1536.jpg 1135w, https:\/\/soymigrante.com\/revista\/wp-content\/uploads\/2025\/09\/dagoberto-3-1514x2048.jpg 1514w, https:\/\/soymigrante.com\/revista\/wp-content\/uploads\/2025\/09\/dagoberto-3-750x1015.jpg 750w, https:\/\/soymigrante.com\/revista\/wp-content\/uploads\/2025\/09\/dagoberto-3-1140x1542.jpg 1140w, https:\/\/soymigrante.com\/revista\/wp-content\/uploads\/2025\/09\/dagoberto-3.jpg 1649w\" sizes=\"(max-width: 757px) 100vw, 757px\" title=\"Las obras de Dagoberto V\u00e1squez sintetizan l\u00edneas y formas pero abren el espacio a la imaginaci\u00f3n. \u2013 SoyMigrante.com REVISTA\" \/>\t\t\t\t\t\t\t\t\t\t\t<figcaption class=\"widget-image-caption wp-caption-text\">Las obras de Dagoberto V\u00e1squez sintetizan l\u00edneas y formas pero abren el espacio a la imaginaci\u00f3n.<\/figcaption>\n\t\t\t\t\t\t\t\t\t\t<\/figure>\n\t\t\t\t\t\t\t\t\t<\/div>\n\t\t\t\t\t<\/div>\n\t\t\t\t<\/div>\n\t\t<div data-particle_enable=\"false\" data-particle-mobile-disabled=\"false\" class=\"elementor-element elementor-element-b21ad75 e-flex e-con-boxed e-con e-parent\" data-id=\"b21ad75\" data-element_type=\"container\" data-e-type=\"container\">\n\t\t\t\t\t<div class=\"e-con-inner\">\n\t\t\t\t<div class=\"elementor-element elementor-element-3958da9 elementor-widget elementor-widget-heading\" data-id=\"3958da9\" data-element_type=\"widget\" data-e-type=\"widget\" data-widget_type=\"heading.default\">\n\t\t\t\t\t<h3 class=\"elementor-heading-title elementor-size-default\">Algunas de sus obras m\u00e1s destacadas:<\/h3>\t\t\t\t<\/div>\n\t\t\t\t\t<\/div>\n\t\t\t\t<\/div>\n\t\t<div data-particle_enable=\"false\" data-particle-mobile-disabled=\"false\" class=\"elementor-element elementor-element-7cdd386 e-flex e-con-boxed e-con e-parent\" data-id=\"7cdd386\" data-element_type=\"container\" data-e-type=\"container\">\n\t\t\t\t\t<div class=\"e-con-inner\">\n\t\t\t\t<div class=\"elementor-element elementor-element-0834cf9 elementor-widget elementor-widget-text-editor\" data-id=\"0834cf9\" data-element_type=\"widget\" data-e-type=\"widget\" data-widget_type=\"text-editor.default\">\n\t\t\t\t\t\t\t\t\t<div>\u2022 Or\u00edgenes de la Vida (1951).\u00a0 \u00a0<\/div><div>\u2022Las Fuentes de la Vida (mural mosaico veneciano para el Instituto de Nutrici\u00f3n de Centroam\u00e9rica y Panam\u00e1, INCAP, de 1954), recientemente declarado Patrimonio Cultural de la Naci\u00f3n.\u00a0 \u00a0<\/div><div>\u2022Canto a Guatemala, mural en el muro oriente del Palacio Municipal (1956).\u00a0 \u00a0<\/div><div>\u2022Econom\u00eda y Cultura, en la fachada oriente del Banco de Guatemala (1964).\u00a0 \u00a0<\/div><div>\u2022Busto de Tec\u00fan Um\u00e1n en la Avenida Las Am\u00e9ricas en Quito, Ecuador (1961).\u00a0 \u00a0<\/div><div>\u00a0<\/div><div><a href=\"https:\/\/www.dagobertovasquez.com\/\" target=\"_blank\" rel=\"noopener\">Adem\u00e1s de su trabajo pl\u00e1stico, V\u00e1squez investig\u00f3 el folclore guatemalteco:<\/a> danzas, festividades, pintura popular. Fue director del Departamento de Arte Folcl\u00f3rico de la Direcci\u00f3n General de Cultura y Bellas Artes entre 1969 y 1990.\u00a0<\/div>\t\t\t\t\t\t\t\t<\/div>\n\t\t\t\t\t<\/div>\n\t\t\t\t<\/div>\n\t\t<div data-particle_enable=\"false\" data-particle-mobile-disabled=\"false\" class=\"elementor-element elementor-element-2c37391 e-flex e-con-boxed e-con e-parent\" data-id=\"2c37391\" data-element_type=\"container\" data-e-type=\"container\">\n\t\t\t\t\t<div class=\"e-con-inner\">\n\t\t\t\t<div class=\"elementor-element elementor-element-0290947 elementor-widget elementor-widget-image\" data-id=\"0290947\" data-element_type=\"widget\" data-e-type=\"widget\" data-widget_type=\"image.default\">\n\t\t\t\t\t\t\t\t\t\t\t\t<figure class=\"wp-caption\">\n\t\t\t\t\t\t\t\t\t\t<img loading=\"lazy\" decoding=\"async\" width=\"1140\" height=\"494\" src=\"https:\/\/soymigrante.com\/revista\/wp-content\/uploads\/2025\/10\/504806077_10238061554176761_5223720009737273664_n-1140x494.jpg\" class=\"attachment-large size-large wp-image-46558\" alt=\"Mural Fuente de Vida, del Instituto de Nutrici\u00f3n de Centro Am\u00e9rica y Panam\u00e1, INCAP, un mosaico hecho por el maestro Dagoberto V\u00e1squez. (Foto de Claudio V\u00e1squez Bianchi, su hijo)\" srcset=\"https:\/\/soymigrante.com\/revista\/wp-content\/uploads\/2025\/10\/504806077_10238061554176761_5223720009737273664_n-1140x494.jpg 1140w, https:\/\/soymigrante.com\/revista\/wp-content\/uploads\/2025\/10\/504806077_10238061554176761_5223720009737273664_n-300x130.jpg 300w, https:\/\/soymigrante.com\/revista\/wp-content\/uploads\/2025\/10\/504806077_10238061554176761_5223720009737273664_n-768x333.jpg 768w, https:\/\/soymigrante.com\/revista\/wp-content\/uploads\/2025\/10\/504806077_10238061554176761_5223720009737273664_n-1536x666.jpg 1536w, https:\/\/soymigrante.com\/revista\/wp-content\/uploads\/2025\/10\/504806077_10238061554176761_5223720009737273664_n-750x325.jpg 750w, https:\/\/soymigrante.com\/revista\/wp-content\/uploads\/2025\/10\/504806077_10238061554176761_5223720009737273664_n.jpg 2048w\" sizes=\"(max-width: 1140px) 100vw, 1140px\" title=\"Mural Fuente de Vida, del Instituto de Nutrici\u00f3n de Centro Am\u00e9rica y Panam\u00e1, INCAP, un mosaico hecho por el maestro Dagoberto V\u00e1squez. (Foto de Claudio V\u00e1squez Bianchi, su hijo) \u2013 SoyMigrante.com REVISTA\" \/>\t\t\t\t\t\t\t\t\t\t\t<figcaption class=\"widget-image-caption wp-caption-text\">Mural Fuente de Vida, del Instituto de Nutrici\u00f3n de Centro Am\u00e9rica y Panam\u00e1, INCAP, un mosaico hecho por el maestro Dagoberto V\u00e1squez. (Foto de Claudio V\u00e1squez Bianchi, su hijo)<\/figcaption>\n\t\t\t\t\t\t\t\t\t\t<\/figure>\n\t\t\t\t\t\t\t\t\t<\/div>\n\t\t\t\t\t<\/div>\n\t\t\t\t<\/div>\n\t\t<div data-particle_enable=\"false\" data-particle-mobile-disabled=\"false\" class=\"elementor-element elementor-element-c7375ca e-flex e-con-boxed e-con e-parent\" data-id=\"c7375ca\" data-element_type=\"container\" data-e-type=\"container\">\n\t\t\t\t\t<div class=\"e-con-inner\">\n\t\t\t\t<div class=\"elementor-element elementor-element-a4bd575 elementor-widget elementor-widget-heading\" data-id=\"a4bd575\" data-element_type=\"widget\" data-e-type=\"widget\" data-widget_type=\"heading.default\">\n\t\t\t\t\t<h3 class=\"elementor-heading-title elementor-size-default\">Actitud c\u00edvica y momentos de tensi\u00f3n<\/h3>\t\t\t\t<\/div>\n\t\t\t\t\t<\/div>\n\t\t\t\t<\/div>\n\t\t<div data-particle_enable=\"false\" data-particle-mobile-disabled=\"false\" class=\"elementor-element elementor-element-9040a66 e-flex e-con-boxed e-con e-parent\" data-id=\"9040a66\" data-element_type=\"container\" data-e-type=\"container\">\n\t\t\t\t\t<div class=\"e-con-inner\">\n\t\t\t\t<div class=\"elementor-element elementor-element-d6c7842 elementor-widget elementor-widget-text-editor\" data-id=\"d6c7842\" data-element_type=\"widget\" data-e-type=\"widget\" data-widget_type=\"text-editor.default\">\n\t\t\t\t\t\t\t\t\t<p><a href=\"https:\/\/www.dagobertovasquez.com\/\" target=\"_blank\" rel=\"noopener\">Dagoberto V\u00e1squez no fue s\u00f3lo artista; fue tambi\u00e9n ciudadano comprometido.<\/a> Particip\u00f3 en movimientos sociales y tuvo una postura cr\u00edtica ante los gobiernos autoritarios. Durante la Revoluci\u00f3n de Octubre de 1944 form\u00f3 parte de brigadas de defensa, particip\u00f3 en manifestaciones, y estuvo presente en momentos de protesta.<\/p><p>Un episodio notable: en 1956, mientras trabajaba en un mural en la Municipalidad al oriente del Palacio Municipal, no salud\u00f3 al presidente Castillo Armas cuando este pas\u00f3 por la obra. Cuando se lo preguntaron, respondi\u00f3 que \u201csu presidente era \u00c1rbenz\u201d. Por esa misma \u00e9poca fue detenido en manifestaciones en contra del r\u00e9gimen, y lleg\u00f3 a salir al exilio temporalmente.<\/p>\t\t\t\t\t\t\t\t<\/div>\n\t\t\t\t\t<\/div>\n\t\t\t\t<\/div>\n\t\t<div data-particle_enable=\"false\" data-particle-mobile-disabled=\"false\" class=\"elementor-element elementor-element-4612ac6 e-flex e-con-boxed e-con e-parent\" data-id=\"4612ac6\" data-element_type=\"container\" data-e-type=\"container\">\n\t\t\t\t\t<div class=\"e-con-inner\">\n\t\t\t\t<div class=\"elementor-element elementor-element-f5c2c27 elementor-widget elementor-widget-image\" data-id=\"f5c2c27\" data-element_type=\"widget\" data-e-type=\"widget\" data-widget_type=\"image.default\">\n\t\t\t\t\t\t\t\t\t\t\t\t<figure class=\"wp-caption\">\n\t\t\t\t\t\t\t\t\t\t<img loading=\"lazy\" decoding=\"async\" width=\"500\" height=\"500\" src=\"https:\/\/soymigrante.com\/revista\/wp-content\/uploads\/2025\/09\/dagoberto-5.jpg\" class=\"attachment-large size-large wp-image-46007\" alt=\"Dagoberto marc\u00f3 su arte desde la realidad que viv\u00eda y dejo un legado importante.\" srcset=\"https:\/\/soymigrante.com\/revista\/wp-content\/uploads\/2025\/09\/dagoberto-5.jpg 500w, https:\/\/soymigrante.com\/revista\/wp-content\/uploads\/2025\/09\/dagoberto-5-300x300.jpg 300w, https:\/\/soymigrante.com\/revista\/wp-content\/uploads\/2025\/09\/dagoberto-5-150x150.jpg 150w, https:\/\/soymigrante.com\/revista\/wp-content\/uploads\/2025\/09\/dagoberto-5-75x75.jpg 75w\" sizes=\"(max-width: 500px) 100vw, 500px\" title=\"Dagoberto marc\u00f3 su arte desde la realidad que viv\u00eda y dejo un legado importante. \u2013 SoyMigrante.com REVISTA\" \/>\t\t\t\t\t\t\t\t\t\t\t<figcaption class=\"widget-image-caption wp-caption-text\">Dagoberto marc\u00f3 su arte desde la realidad que viv\u00eda y dejo un legado importante. <\/figcaption>\n\t\t\t\t\t\t\t\t\t\t<\/figure>\n\t\t\t\t\t\t\t\t\t<\/div>\n\t\t\t\t\t<\/div>\n\t\t\t\t<\/div>\n\t\t<div data-particle_enable=\"false\" data-particle-mobile-disabled=\"false\" class=\"elementor-element elementor-element-ee92a1d e-flex e-con-boxed e-con e-parent\" data-id=\"ee92a1d\" data-element_type=\"container\" data-e-type=\"container\">\n\t\t\t\t\t<div class=\"e-con-inner\">\n\t\t\t\t<div class=\"elementor-element elementor-element-67c8615 elementor-widget elementor-widget-heading\" data-id=\"67c8615\" data-element_type=\"widget\" data-e-type=\"widget\" data-widget_type=\"heading.default\">\n\t\t\t\t\t<h3 class=\"elementor-heading-title elementor-size-default\">Fallecimiento y legado<\/h3>\t\t\t\t<\/div>\n\t\t\t\t\t<\/div>\n\t\t\t\t<\/div>\n\t\t<div data-particle_enable=\"false\" data-particle-mobile-disabled=\"false\" class=\"elementor-element elementor-element-2a3f546 e-flex e-con-boxed e-con e-parent\" data-id=\"2a3f546\" data-element_type=\"container\" data-e-type=\"container\">\n\t\t\t\t\t<div class=\"e-con-inner\">\n\t\t\t\t<div class=\"elementor-element elementor-element-6a1c242 elementor-widget elementor-widget-text-editor\" data-id=\"6a1c242\" data-element_type=\"widget\" data-e-type=\"widget\" data-widget_type=\"text-editor.default\">\n\t\t\t\t\t\t\t\t\t<p>Dagoberto V\u00e1squez falleci\u00f3 el 21 de junio de 1999 en la ciudad de Guatemala.<\/p><p>Su muerte dej\u00f3 un inmenso vac\u00edo en la pl\u00e1stica guatemalteca, pero su obra sigue viva: sus murales y esculturas monumentales siguen siendo parte del paisaje urbano, y su estilo, su pasi\u00f3n por lo nacional y lo popular, su integridad art\u00edstica y \u00e9tica lo han hecho ejemplo. En fechas recientes, algunas de sus obras han sido declaradas Patrimonio Cultural de la Naci\u00f3n, como Las Fuentes de la Vida. <\/p>\t\t\t\t\t\t\t\t<\/div>\n\t\t\t\t\t<\/div>\n\t\t\t\t<\/div>\n\t\t<div data-particle_enable=\"false\" data-particle-mobile-disabled=\"false\" class=\"elementor-element elementor-element-3769631 e-flex e-con-boxed e-con e-parent\" data-id=\"3769631\" data-element_type=\"container\" data-e-type=\"container\">\n\t\t\t\t\t<div class=\"e-con-inner\">\n\t\t\t\t<div class=\"elementor-element elementor-element-2d358ac elementor-widget elementor-widget-image\" data-id=\"2d358ac\" data-element_type=\"widget\" data-e-type=\"widget\" data-widget_type=\"image.default\">\n\t\t\t\t\t\t\t\t\t\t\t\t<figure class=\"wp-caption\">\n\t\t\t\t\t\t\t\t\t\t\t<a href=\"https:\/\/www.dagobertovasquez.com\/\">\n\t\t\t\t\t\t\t<img loading=\"lazy\" decoding=\"async\" width=\"768\" height=\"768\" src=\"https:\/\/soymigrante.com\/revista\/wp-content\/uploads\/2025\/10\/dagoberto-vasquez.png\" class=\"attachment-large size-large wp-image-46559\" alt=\"Dagoberto V\u00e1squez (1922-1999) fue pintor, dibujante, escultor y grabador. En sus figuras simplifica las l\u00edneas para darles m\u00e1s movimiento. Si deseas conocer m\u00e1s sobre \u00e9l, clic en la foto.\" srcset=\"https:\/\/soymigrante.com\/revista\/wp-content\/uploads\/2025\/10\/dagoberto-vasquez.png 768w, https:\/\/soymigrante.com\/revista\/wp-content\/uploads\/2025\/10\/dagoberto-vasquez-300x300.png 300w, https:\/\/soymigrante.com\/revista\/wp-content\/uploads\/2025\/10\/dagoberto-vasquez-150x150.png 150w, https:\/\/soymigrante.com\/revista\/wp-content\/uploads\/2025\/10\/dagoberto-vasquez-75x75.png 75w, https:\/\/soymigrante.com\/revista\/wp-content\/uploads\/2025\/10\/dagoberto-vasquez-750x750.png 750w\" sizes=\"(max-width: 768px) 100vw, 768px\" title=\"Dagoberto V\u00e1squez (1922-1999) fue pintor, dibujante, escultor y grabador. En sus figuras simplifica las l\u00edneas para darles m\u00e1s movimiento. Si deseas conocer m\u00e1s sobre \u00e9l, clic en la foto. \u2013 SoyMigrante.com REVISTA\" \/>\t\t\t\t\t\t\t\t<\/a>\n\t\t\t\t\t\t\t\t\t\t\t<figcaption class=\"widget-image-caption wp-caption-text\">Dagoberto V\u00e1squez (1922-1999) fue pintor, dibujante, escultor y grabador. En sus figuras simplifica las l\u00edneas para darles m\u00e1s movimiento. Si deseas conocer m\u00e1s sobre \u00e9l, clic en la foto.<\/figcaption>\n\t\t\t\t\t\t\t\t\t\t<\/figure>\n\t\t\t\t\t\t\t\t\t<\/div>\n\t\t\t\t\t<\/div>\n\t\t\t\t<\/div>\n\t\t<div data-particle_enable=\"false\" data-particle-mobile-disabled=\"false\" class=\"elementor-element elementor-element-aefbb7c e-flex e-con-boxed e-con e-parent\" data-id=\"aefbb7c\" data-element_type=\"container\" data-e-type=\"container\">\n\t\t\t\t\t<div class=\"e-con-inner\">\n\t\t\t\t<div class=\"elementor-element elementor-element-0495eca elementor-widget elementor-widget-heading\" data-id=\"0495eca\" data-element_type=\"widget\" data-e-type=\"widget\" data-widget_type=\"heading.default\">\n\t\t\t\t\t<h3 class=\"elementor-heading-title elementor-size-default\">Importancia hist\u00f3rica<\/h3>\t\t\t\t<\/div>\n\t\t\t\t\t<\/div>\n\t\t\t\t<\/div>\n\t\t<div data-particle_enable=\"false\" data-particle-mobile-disabled=\"false\" class=\"elementor-element elementor-element-b8cc6a4 e-flex e-con-boxed e-con e-parent\" data-id=\"b8cc6a4\" data-element_type=\"container\" data-e-type=\"container\">\n\t\t\t\t\t<div class=\"e-con-inner\">\n\t\t\t\t<div class=\"elementor-element elementor-element-987a4bd elementor-widget elementor-widget-text-editor\" data-id=\"987a4bd\" data-element_type=\"widget\" data-e-type=\"widget\" data-widget_type=\"text-editor.default\">\n\t\t\t\t\t\t\t\t\t<p><a href=\"https:\/\/www.dagobertovasquez.com\/\" target=\"_blank\" rel=\"noopener\">Dagoberto V\u00e1squez representa una intersecci\u00f3n entre arte, pol\u00edtica y cultura guatemalteca.<\/a> Fue impulsor de una est\u00e9tica moderna que no dej\u00f3 de mirar lo ind\u00edgena, lo popular, lo mestizo. Supo conjugar la formaci\u00f3n acad\u00e9mica con la observaci\u00f3n cr\u00edtica de su entorno. Su obra p\u00fablica lo hace visible, presente, parte del tejido urbano guatemalteco.<\/p><p>Adem\u00e1s, su trayectoria docente contribuy\u00f3 a formar generaciones de artistas que recogieron no s\u00f3lo t\u00e9cnicas, sino compromiso social, inter\u00e9s por la identidad cultural y conciencia del papel del arte en la sociedad.<\/p>\t\t\t\t\t\t\t\t<\/div>\n\t\t\t\t\t<\/div>\n\t\t\t\t<\/div>\n\t\t<div data-particle_enable=\"false\" data-particle-mobile-disabled=\"false\" class=\"elementor-element elementor-element-ff9e309 e-flex e-con-boxed e-con e-parent\" data-id=\"ff9e309\" data-element_type=\"container\" data-e-type=\"container\">\n\t\t\t\t\t<div class=\"e-con-inner\">\n\t\t\t\t<div class=\"elementor-element elementor-element-818528c elementor-widget elementor-widget-image\" data-id=\"818528c\" data-element_type=\"widget\" data-e-type=\"widget\" data-widget_type=\"image.default\">\n\t\t\t\t\t\t\t\t\t\t\t\t<figure class=\"wp-caption\">\n\t\t\t\t\t\t\t\t\t\t<img loading=\"lazy\" decoding=\"async\" width=\"683\" height=\"1024\" src=\"https:\/\/soymigrante.com\/revista\/wp-content\/uploads\/2025\/10\/pajaros-bajo-la-lluvia-683x1024.jpg\" class=\"attachment-large size-large wp-image-46560\" alt=\"Esta maravillosa escultura de metal se llama P\u00e1jaros bajo la lluvia. Con esa capacidad enorme de s\u00edntesis logr\u00f3 expresar el movimiento y la forma de p\u00e1jaros llevados a su m\u00ednima expresi\u00f3n en dibujo, pero evidentemente volando entre las gotas que caen. Genial.\" srcset=\"https:\/\/soymigrante.com\/revista\/wp-content\/uploads\/2025\/10\/pajaros-bajo-la-lluvia-683x1024.jpg 683w, https:\/\/soymigrante.com\/revista\/wp-content\/uploads\/2025\/10\/pajaros-bajo-la-lluvia-200x300.jpg 200w, https:\/\/soymigrante.com\/revista\/wp-content\/uploads\/2025\/10\/pajaros-bajo-la-lluvia-768x1151.jpg 768w, https:\/\/soymigrante.com\/revista\/wp-content\/uploads\/2025\/10\/pajaros-bajo-la-lluvia-1025x1536.jpg 1025w, https:\/\/soymigrante.com\/revista\/wp-content\/uploads\/2025\/10\/pajaros-bajo-la-lluvia-750x1124.jpg 750w, https:\/\/soymigrante.com\/revista\/wp-content\/uploads\/2025\/10\/pajaros-bajo-la-lluvia-1140x1709.jpg 1140w, https:\/\/soymigrante.com\/revista\/wp-content\/uploads\/2025\/10\/pajaros-bajo-la-lluvia.jpg 1214w\" sizes=\"(max-width: 683px) 100vw, 683px\" title=\"Esta maravillosa escultura de metal se llama P\u00e1jaros bajo la lluvia. Con esa capacidad enorme de s\u00edntesis logr\u00f3 expresar el movimiento y la forma de p\u00e1jaros llevados a su m\u00ednima expresi\u00f3n en dibujo, pero evidentemente volando entre las gotas que caen. Genial. \u2013 SoyMigrante.com REVISTA\" \/>\t\t\t\t\t\t\t\t\t\t\t<figcaption class=\"widget-image-caption wp-caption-text\">Esta maravillosa escultura de metal se llama P\u00e1jaros bajo la lluvia. Con esa capacidad enorme de s\u00edntesis logr\u00f3 expresar el movimiento y la forma de p\u00e1jaros llevados a su m\u00ednima expresi\u00f3n en dibujo, pero evidentemente volando entre las gotas que caen. Genial.<\/figcaption>\n\t\t\t\t\t\t\t\t\t\t<\/figure>\n\t\t\t\t\t\t\t\t\t<\/div>\n\t\t\t\t\t<\/div>\n\t\t\t\t<\/div>\n\t\t<div data-particle_enable=\"false\" data-particle-mobile-disabled=\"false\" class=\"elementor-element elementor-element-46678e0 e-flex e-con-boxed e-con e-parent\" data-id=\"46678e0\" data-element_type=\"container\" data-e-type=\"container\">\n\t\t\t\t\t<div class=\"e-con-inner\">\n\t\t\t\t<div class=\"elementor-element elementor-element-c7999fe elementor-widget elementor-widget-heading\" data-id=\"c7999fe\" data-element_type=\"widget\" data-e-type=\"widget\" data-widget_type=\"heading.default\">\n\t\t\t\t\t<h4 class=\"elementor-heading-title elementor-size-default\">Visita virtual a una exposici\u00f3n de dibujos del maestro Dagoberto V\u00e1squez.<\/h4>\t\t\t\t<\/div>\n\t\t\t\t\t<\/div>\n\t\t\t\t<\/div>\n\t\t<div data-particle_enable=\"false\" data-particle-mobile-disabled=\"false\" class=\"elementor-element elementor-element-b39ef00 e-flex e-con-boxed e-con e-parent\" data-id=\"b39ef00\" data-element_type=\"container\" data-e-type=\"container\">\n\t\t\t\t\t<div class=\"e-con-inner\">\n\t\t\t\t<div class=\"elementor-element elementor-element-f5a842d elementor-widget elementor-widget-html\" data-id=\"f5a842d\" data-element_type=\"widget\" data-e-type=\"widget\" data-widget_type=\"html.default\">\n\t\t\t\t\t<iframe src=\"https:\/\/www.facebook.com\/plugins\/post.php?href=https%3A%2F%2Fwww.facebook.com%2Fphoto.php%3Ffbid%3D687639600642634%26set%3Da.576903985049530%26type%3D3&show_text=true&width=500\" width=\"500\" height=\"372\" style=\"border:none;overflow:hidden\" scrolling=\"no\" frameborder=\"0\" allowfullscreen=\"true\" allow=\"autoplay; clipboard-write; encrypted-media; picture-in-picture; web-share\"><\/iframe>\t\t\t\t<\/div>\n\t\t\t\t\t<\/div>\n\t\t\t\t<\/div>\n\t\t<div data-particle_enable=\"false\" data-particle-mobile-disabled=\"false\" class=\"elementor-element elementor-element-5ae1231 e-flex e-con-boxed e-con e-parent\" data-id=\"5ae1231\" data-element_type=\"container\" data-e-type=\"container\">\n\t\t\t\t\t<div class=\"e-con-inner\">\n\t\t\t\t<div class=\"elementor-element elementor-element-985518e elementor-widget elementor-widget-heading\" data-id=\"985518e\" data-element_type=\"widget\" data-e-type=\"widget\" data-widget_type=\"heading.default\">\n\t\t\t\t\t<h2 class=\"elementor-heading-title elementor-size-default\">Conoce m\u00e1s artistas guatemaltecos, ac\u00e1...<\/h2>\t\t\t\t<\/div>\n\t\t\t\t\t<\/div>\n\t\t\t\t<\/div>\n\t\t<div data-particle_enable=\"false\" data-particle-mobile-disabled=\"false\" class=\"elementor-element elementor-element-575fbef e-flex e-con-boxed e-con e-parent\" data-id=\"575fbef\" data-element_type=\"container\" data-e-type=\"container\">\n\t\t\t\t\t<div class=\"e-con-inner\">\n\t\t\t\t<div class=\"elementor-element elementor-element-cc11115 elementor-grid-eael-col-3 elementor-grid-tablet-eael-col-2 elementor-grid-mobile-eael-col-1 elementor-widget elementor-widget-eael-post-grid\" data-id=\"cc11115\" data-element_type=\"widget\" data-e-type=\"widget\" data-settings=\"{&quot;eael_post_grid_columns&quot;:&quot;eael-col-3&quot;,&quot;eael_post_grid_columns_tablet&quot;:&quot;eael-col-2&quot;,&quot;eael_post_grid_columns_mobile&quot;:&quot;eael-col-1&quot;}\" data-widget_type=\"eael-post-grid.default\">\n\t\t\t\t\t<div id=\"eael-post-grid-cc11115\" class=\"eael-post-grid-container\">\n            <div class=\"eael-post-grid eael-post-appender eael-post-appender-cc11115 eael-post-grid-style-one\" data-layout-mode=\"masonry\"><article class=\"eael-grid-post  eael-post-grid-column eael-pg-post-43400 category-arte-cultura\" data-id=\"43400\">\n        <div class=\"eael-grid-post-holder\">\n            <div class=\"eael-grid-post-holder-inner\"><div class=\"eael-entry-media\"><div class=\"eael-entry-overlay fade-in\"><i class=\"far fa-hand-pointer\" aria-hidden=\"true\"><\/i><a href=\"https:\/\/soymigrante.com\/revista\/efrain-recinos-un-genio-del-arte-guatemalteco-que-vivira-siempre\/\"><\/a><\/div><div class=\"eael-entry-thumbnail eael-image-ratio\">\n                <img loading=\"lazy\" decoding=\"async\" width=\"421\" height=\"416\" src=\"https:\/\/soymigrante.com\/revista\/wp-content\/uploads\/2025\/09\/Guatemalita-de-Efrain-Recinos.png\" class=\"attachment-large size-large wp-image-43608\" alt=\"Guatemalita de Efra\u00edn Recinos\" srcset=\"https:\/\/soymigrante.com\/revista\/wp-content\/uploads\/2025\/09\/Guatemalita-de-Efrain-Recinos.png 421w, https:\/\/soymigrante.com\/revista\/wp-content\/uploads\/2025\/09\/Guatemalita-de-Efrain-Recinos-300x296.png 300w, https:\/\/soymigrante.com\/revista\/wp-content\/uploads\/2025\/09\/Guatemalita-de-Efrain-Recinos-75x75.png 75w\" sizes=\"(max-width: 421px) 100vw, 421px\" \/>\n            <\/div>\n        <\/div><div class=\"eael-entry-wrapper\"><header class=\"eael-entry-header\"><h2 class=\"eael-entry-title\"><a class=\"eael-grid-post-link\" href=\"https:\/\/soymigrante.com\/revista\/efrain-recinos-un-genio-del-arte-guatemalteco-que-vivira-siempre\/\" title=\"Mira arte guatemalteco: Efra\u00edn Recinos, un genio que sigue a la vista de todos\">Mira arte guatemalteco: Efra\u00edn Recinos, un genio que sigue a la vista de todos<\/a><\/h2><\/header><div class=\"eael-entry-content\">\n                        <div class=\"eael-grid-post-excerpt\"><a href=\"https:\/\/soymigrante.com\/revista\/efrain-recinos-un-genio-del-arte-guatemalteco-que-vivira-siempre\/\" class=\"eael-post-elements-readmore-btn\">CONOCE SU HISTORIA <\/a><\/div>\n                    <\/div><\/div><\/div>\n        <\/div>\n    <\/article><article class=\"eael-grid-post  eael-post-grid-column eael-pg-post-43829 category-arte-cultura-guate-nuestra\" data-id=\"43829\">\n        <div class=\"eael-grid-post-holder\">\n            <div class=\"eael-grid-post-holder-inner\"><div class=\"eael-entry-media\"><div class=\"eael-entry-overlay fade-in\"><i class=\"far fa-hand-pointer\" aria-hidden=\"true\"><\/i><a href=\"https:\/\/soymigrante.com\/revista\/juan-sisay-arte-guatemalteco-maya-tzutujil-atitlan\/\"><\/a><\/div><div class=\"eael-entry-thumbnail eael-image-ratio\">\n                <img loading=\"lazy\" decoding=\"async\" width=\"485\" height=\"485\" src=\"https:\/\/soymigrante.com\/revista\/wp-content\/uploads\/2025\/09\/Juan-Sisay1-e1757021856514.jpeg\" class=\"attachment-large size-large wp-image-43830\" alt=\"Juan Sisay: el artista guatemalteco que retrat\u00f3 la identidad tz&#039;utuj&#039;il desde dentro. El artista fue asesinado en abril de 1989 despu\u00e9s de haber pintado acerca de una masacre cometida en Santiago Atitl\u00e1n durante el conflicto armado interno. (Retrato por Miguel Ch\u00e1vez)\" srcset=\"https:\/\/soymigrante.com\/revista\/wp-content\/uploads\/2025\/09\/Juan-Sisay1-e1757021856514.jpeg 485w, https:\/\/soymigrante.com\/revista\/wp-content\/uploads\/2025\/09\/Juan-Sisay1-e1757021856514-300x300.jpeg 300w, https:\/\/soymigrante.com\/revista\/wp-content\/uploads\/2025\/09\/Juan-Sisay1-e1757021856514-150x150.jpeg 150w, https:\/\/soymigrante.com\/revista\/wp-content\/uploads\/2025\/09\/Juan-Sisay1-e1757021856514-75x75.jpeg 75w\" sizes=\"(max-width: 485px) 100vw, 485px\" \/>\n            <\/div>\n        <\/div><div class=\"eael-entry-wrapper\"><header class=\"eael-entry-header\"><h2 class=\"eael-entry-title\"><a class=\"eael-grid-post-link\" href=\"https:\/\/soymigrante.com\/revista\/juan-sisay-arte-guatemalteco-maya-tzutujil-atitlan\/\" title=\"Mira arte guatemalteco: Pintor tz&#8217;utuj&#8217;il Juan Sisay origin\u00f3 la pintura popular de Atitl\u00e1n\">Mira arte guatemalteco: Pintor tz&#8217;utuj&#8217;il Juan Sisay origin\u00f3 la pintura popular de Atitl\u00e1n<\/a><\/h2><\/header><div class=\"eael-entry-content\">\n                        <div class=\"eael-grid-post-excerpt\"><a href=\"https:\/\/soymigrante.com\/revista\/juan-sisay-arte-guatemalteco-maya-tzutujil-atitlan\/\" class=\"eael-post-elements-readmore-btn\">CONOCE SU HISTORIA <\/a><\/div>\n                    <\/div><\/div><\/div>\n        <\/div>\n    <\/article><article class=\"eael-grid-post  eael-post-grid-column eael-pg-post-43891 category-arte-cultura-guate-nuestra\" data-id=\"43891\">\n        <div class=\"eael-grid-post-holder\">\n            <div class=\"eael-grid-post-holder-inner\"><div class=\"eael-entry-media\"><div class=\"eael-entry-overlay fade-in\"><i class=\"far fa-hand-pointer\" aria-hidden=\"true\"><\/i><a href=\"https:\/\/soymigrante.com\/revista\/mira-arte-guatemalteco-la-mirada-magica-de-rina-lazo\/\"><\/a><\/div><div class=\"eael-entry-thumbnail eael-image-ratio\">\n                <img loading=\"lazy\" decoding=\"async\" width=\"500\" height=\"500\" src=\"https:\/\/soymigrante.com\/revista\/wp-content\/uploads\/2025\/09\/Rina-lazo-2.jpg\" class=\"attachment-large size-large wp-image-43892\" alt=\"Rina Lazo: El trazo de una identidad mesoamericana\" srcset=\"https:\/\/soymigrante.com\/revista\/wp-content\/uploads\/2025\/09\/Rina-lazo-2.jpg 500w, https:\/\/soymigrante.com\/revista\/wp-content\/uploads\/2025\/09\/Rina-lazo-2-300x300.jpg 300w, https:\/\/soymigrante.com\/revista\/wp-content\/uploads\/2025\/09\/Rina-lazo-2-150x150.jpg 150w, https:\/\/soymigrante.com\/revista\/wp-content\/uploads\/2025\/09\/Rina-lazo-2-75x75.jpg 75w\" sizes=\"(max-width: 500px) 100vw, 500px\" \/>\n            <\/div>\n        <\/div><div class=\"eael-entry-wrapper\"><header class=\"eael-entry-header\"><h2 class=\"eael-entry-title\"><a class=\"eael-grid-post-link\" href=\"https:\/\/soymigrante.com\/revista\/mira-arte-guatemalteco-la-mirada-magica-de-rina-lazo\/\" title=\"Mira arte guatemalteco: La mirada m\u00e1gica de Rina Lazo\">Mira arte guatemalteco: La mirada m\u00e1gica de Rina Lazo<\/a><\/h2><\/header><div class=\"eael-entry-content\">\n                        <div class=\"eael-grid-post-excerpt\"><a href=\"https:\/\/soymigrante.com\/revista\/mira-arte-guatemalteco-la-mirada-magica-de-rina-lazo\/\" class=\"eael-post-elements-readmore-btn\">CONOCE SU HISTORIA <\/a><\/div>\n                    <\/div><\/div><\/div>\n        <\/div>\n    <\/article><\/div>\n            <div class=\"clearfix\"><\/div>\n        <\/div>\t\t\t\t<\/div>\n\t\t\t\t\t<\/div>\n\t\t\t\t<\/div>\n\t\t\t\t<\/div>\n\t\t","protected":false},"excerpt":{"rendered":"<p>Dagoberto V\u00e1squez (1922-1999) plasmaba cada obra con econom\u00eda de l\u00edneas: es decir, trazos sencillos para expresar mucho en pinturas, murales y esculturas. Dagoberto V\u00e1squez Casta\u00f1eda fue uno de los artistas \u00a0que m\u00e1s huella an dejado en las calles de Guatemala.\u00a0\u00a0Pintor, escultor, muralista, grabador, docente e investigador, su obra y capacidad de s\u00edntesis lo convirtieron en [&hellip;]<\/p>\n","protected":false},"author":19,"featured_media":46566,"comment_status":"open","ping_status":"open","sticky":false,"template":"","format":"standard","meta":{"_acf_changed":false,"_eb_attr":"","footnotes":""},"categories":[91,58],"tags":[],"class_list":["post-45992","post","type-post","status-publish","format-standard","has-post-thumbnail","hentry","category-arte-cultura","category-guate-nuestra"],"acf":[],"aioseo_notices":[],"aioseo_head":"\n\t\t<!-- All in One SEO Pro 4.9.6.2 - aioseo.com -->\n\t<meta name=\"description\" content=\"Rina Lazo (1923-2019) retrat\u00f3 la grandeza maya y reflej\u00f3 la cultura guatemalteca en lienzos y murales. Se form\u00f3 y gan\u00f3 fama en M\u00e9xico pero su alma era de quetzal.\" \/>\n\t<meta name=\"robots\" content=\"max-snippet:-1, max-image-preview:large, max-video-preview:-1\" \/>\n\t<meta name=\"author\" content=\"Marysabel Aldana\"\/>\n\t<link rel=\"canonical\" href=\"https:\/\/soymigrante.com\/revista\/mira-arte-guatemalteco-la-mirada-magica-de-rina-lazo\/\" \/>\n\t<meta name=\"generator\" content=\"All in One SEO Pro (AIOSEO) 4.9.6.2\" \/>\n\n\t\t<link rel=\"preconnect\" href=\"https:\/\/fonts.googleapis.com\" crossorigin>\n<link rel=\"preconnect\" href=\"https:\/\/fonts.gstatic.com\" crossorigin>\n\t\t<meta property=\"og:locale\" content=\"es_ES\" \/>\n\t\t<meta property=\"og:site_name\" content=\"SoyMigrante.com REVISTA \u2013 Nuestra misi\u00f3n es reconocer y dignificar al migrante.\" \/>\n\t\t<meta property=\"og:type\" content=\"article\" \/>\n\t\t<meta property=\"og:title\" content=\"Mira arte guatemalteco: La mirada m\u00e1gica de Rina Lazo\" \/>\n\t\t<meta property=\"og:description\" content=\"Rina Lazo (1923-2019) retrat\u00f3 la grandeza maya y reflej\u00f3 la cultura guatemalteca en lienzos y murales. Se form\u00f3 y gan\u00f3 fama en M\u00e9xico pero su alma era de quetzal.\" \/>\n\t\t<meta property=\"og:url\" content=\"https:\/\/soymigrante.com\/revista\/mira-arte-guatemalteco-la-mirada-magica-de-rina-lazo\/\" \/>\n\t\t<meta property=\"og:image\" content=\"https:\/\/soymigrante.com\/revista\/wp-content\/uploads\/2025\/09\/Rina-lazo-2.jpg\" \/>\n\t\t<meta property=\"og:image:secure_url\" content=\"https:\/\/soymigrante.com\/revista\/wp-content\/uploads\/2025\/09\/Rina-lazo-2.jpg\" \/>\n\t\t<meta property=\"og:image:width\" content=\"500\" \/>\n\t\t<meta property=\"og:image:height\" content=\"500\" \/>\n\t\t<meta property=\"article:published_time\" content=\"2025-09-08T11:30:00+00:00\" \/>\n\t\t<meta property=\"article:modified_time\" content=\"2025-09-08T04:42:09+00:00\" \/>\n\t\t<meta property=\"article:publisher\" content=\"https:\/\/www.facebook.com\/soymigrantecom\" \/>\n\t\t<meta name=\"twitter:card\" content=\"summary_large_image\" \/>\n\t\t<meta name=\"twitter:site\" content=\"@SoyMigrante_com\" \/>\n\t\t<meta name=\"twitter:title\" content=\"Mira arte guatemalteco: La mirada m\u00e1gica de Rina Lazo\" \/>\n\t\t<meta name=\"twitter:description\" content=\"Rina Lazo (1923-2019) retrat\u00f3 la grandeza maya y reflej\u00f3 la cultura guatemalteca en lienzos y murales. Se form\u00f3 y gan\u00f3 fama en M\u00e9xico pero su alma era de quetzal.\" \/>\n\t\t<meta name=\"twitter:creator\" content=\"@SoyMigrante_com\" \/>\n\t\t<meta name=\"twitter:image\" content=\"https:\/\/soymigrante.com\/revista\/wp-content\/uploads\/2025\/09\/Rina-lazo-2.jpg\" \/>\n\t\t<!-- All in One SEO Pro -->\r\n\t\t<title>Mira arte guatemalteco: La mirada m\u00e1gica de Rina Lazo<\/title>\n\n","aioseo_head_json":{"title":"Mira arte guatemalteco: La mirada m\u00e1gica de Rina Lazo","description":"Rina Lazo (1923-2019) retrat\u00f3 la grandeza maya y reflej\u00f3 la cultura guatemalteca en lienzos y murales. Se form\u00f3 y gan\u00f3 fama en M\u00e9xico pero su alma era de quetzal.","canonical_url":"https:\/\/soymigrante.com\/revista\/mira-arte-guatemalteco-la-mirada-magica-de-rina-lazo\/","robots":"max-snippet:-1, max-image-preview:large, max-video-preview:-1","keywords":"","webmasterTools":{"miscellaneous":"&lt;link rel=\"preconnect\" href=\"https:\/\/fonts.googleapis.com\" crossorigin&gt;\n&lt;link rel=\"preconnect\" href=\"https:\/\/fonts.gstatic.com\" crossorigin&gt;"},"schema":null,"og:locale":"es_ES","og:site_name":"SoyMigrante.com REVISTA \u2013 Nuestra misi\u00f3n es reconocer y dignificar al migrante.","og:type":"article","og:title":"Mira arte guatemalteco: La mirada m\u00e1gica de Rina Lazo","og:description":"Rina Lazo (1923-2019) retrat\u00f3 la grandeza maya y reflej\u00f3 la cultura guatemalteca en lienzos y murales. Se form\u00f3 y gan\u00f3 fama en M\u00e9xico pero su alma era de quetzal.","og:url":"https:\/\/soymigrante.com\/revista\/mira-arte-guatemalteco-la-mirada-magica-de-rina-lazo\/","og:image":"https:\/\/soymigrante.com\/revista\/wp-content\/uploads\/2025\/09\/Rina-lazo-2.jpg","og:image:secure_url":"https:\/\/soymigrante.com\/revista\/wp-content\/uploads\/2025\/09\/Rina-lazo-2.jpg","og:image:width":500,"og:image:height":500,"article:published_time":"2025-09-08T11:30:00+00:00","article:modified_time":"2025-09-08T04:42:09+00:00","article:publisher":"https:\/\/www.facebook.com\/soymigrantecom","twitter:card":"summary_large_image","twitter:site":"@SoyMigrante_com","twitter:title":"Mira arte guatemalteco: La mirada m\u00e1gica de Rina Lazo","twitter:description":"Rina Lazo (1923-2019) retrat\u00f3 la grandeza maya y reflej\u00f3 la cultura guatemalteca en lienzos y murales. Se form\u00f3 y gan\u00f3 fama en M\u00e9xico pero su alma era de quetzal.","twitter:creator":"@SoyMigrante_com","twitter:image":"https:\/\/soymigrante.com\/revista\/wp-content\/uploads\/2025\/09\/Rina-lazo-2.jpg"},"aioseo_meta_data":{"post_id":"45992","title":"Dagoberto V\u00e1squez convirti\u00f3 l\u00edneas simples en leyendas","description":"Dagoberto V\u00e1squez (1922-1999) fue el gran maestro de la s\u00edntesis: resum\u00eda im\u00e1genes complejas y con movimiento en unas cuantas l\u00edneas con gran expresi\u00f3n.","keywords":null,"keyphrases":{"focus":{"keyphrase":"Dagoberto V\u00e1squez","score":91,"analysis":{"keyphraseInTitle":{"score":9,"maxScore":9,"error":0},"keyphraseInDescription":{"score":9,"maxScore":9,"error":0},"keyphraseLength":{"score":9,"maxScore":9,"error":0,"length":3},"keyphraseInURL":{"score":5,"maxScore":5,"error":0},"keyphraseInIntroduction":{"score":9,"maxScore":9,"error":0},"keyphraseInSubHeadings":{"score":3,"maxScore":9,"error":1},"keyphraseInImageAlt":{"score":9,"maxScore":9,"error":0},"keywordDensity":{"type":"best","score":9,"maxScore":9,"error":0}}},"additional":[{"keyphrase":"Guatemalteco","score":87,"analysis":{"keyphraseInDescription":{"score":3,"maxScore":9,"error":1},"keyphraseLength":{"score":9,"maxScore":9,"error":0,"length":1},"keyphraseInIntroduction":{"score":9,"maxScore":9,"error":0},"keyphraseInImageAlt":{"score":9,"maxScore":9,"error":0},"keywordDensity":{"type":"best","score":9,"maxScore":9,"error":0}}},{"keyphrase":"historia","score":40,"analysis":{"keyphraseInDescription":{"score":3,"maxScore":9,"error":1},"keyphraseLength":{"score":9,"maxScore":9,"error":0,"length":1},"keyphraseInIntroduction":{"score":3,"maxScore":9,"error":1},"keyphraseInImageAlt":{"score":3,"maxScore":9,"error":1},"keywordDensity":{"score":0,"type":"low","maxScore":9,"error":1}}}]},"primary_term":null,"canonical_url":null,"og_title":null,"og_description":null,"og_object_type":"default","og_image_type":"default","og_image_url":null,"og_image_width":null,"og_image_height":null,"og_image_custom_url":null,"og_image_custom_fields":null,"og_video":"","og_custom_url":null,"og_article_section":null,"og_article_tags":null,"twitter_use_og":false,"twitter_card":"default","twitter_image_type":"default","twitter_image_url":null,"twitter_image_custom_url":null,"twitter_image_custom_fields":null,"twitter_title":null,"twitter_description":null,"schema":{"blockGraphs":[],"customGraphs":[],"default":{"data":{"Article":[],"Course":[],"Dataset":[],"FAQPage":[],"Movie":[],"Person":[],"Product":[],"ProductReview":[],"Car":[],"Recipe":[],"Service":[],"SoftwareApplication":[],"WebPage":[]},"graphName":"none","isEnabled":true},"graphs":[]},"schema_type":"default","schema_type_options":null,"pillar_content":false,"robots_default":true,"robots_noindex":false,"robots_noarchive":false,"robots_nosnippet":false,"robots_nofollow":false,"robots_noimageindex":false,"robots_noodp":false,"robots_notranslate":false,"robots_max_snippet":"-1","robots_max_videopreview":"-1","robots_max_imagepreview":"large","priority":null,"frequency":"default","local_seo":null,"seo_analyzer_scan_date":"2025-10-09 09:01:21","breadcrumb_settings":null,"limit_modified_date":false,"reviewed_by":"0","open_ai":null,"ai":{"faqs":[],"keyPoints":[],"titles":[],"descriptions":[],"socialPosts":{"email":[],"linkedin":[],"twitter":[],"facebook":[],"instagram":[]}},"created":"2025-09-25 17:19:06","updated":"2026-02-05 06:11:09"},"aioseo_breadcrumb":"<div class=\"aioseo-breadcrumbs\"><span class=\"aioseo-breadcrumb\">\n\t<a href=\"https:\/\/soymigrante.com\/revista\" title=\"Home\">Home<\/a>\n<\/span><span class=\"aioseo-breadcrumb-separator\">\u00bb<\/span><span class=\"aioseo-breadcrumb\">\n\t<a href=\"https:\/\/soymigrante.com\/revista\/category\/guate-nuestra\/\" title=\"Guate Nuestra\">Guate Nuestra<\/a>\n<\/span><span class=\"aioseo-breadcrumb-separator\">\u00bb<\/span><span class=\"aioseo-breadcrumb\">\n\t<a href=\"https:\/\/soymigrante.com\/revista\/category\/guate-nuestra\/arte-cultura\/\" title=\"Cultura de Guatemala\">Cultura de Guatemala<\/a>\n<\/span><span class=\"aioseo-breadcrumb-separator\">\u00bb<\/span><span class=\"aioseo-breadcrumb\">\n\tDagoberto V\u00e1squez: convirti\u00f3 simples l\u00edneas en verdaderas leyendas\n<\/span><\/div>","aioseo_breadcrumb_json":[{"label":"Home","link":"https:\/\/soymigrante.com\/revista"},{"label":"Guate Nuestra","link":"https:\/\/soymigrante.com\/revista\/category\/guate-nuestra\/"},{"label":"Cultura de Guatemala","link":"https:\/\/soymigrante.com\/revista\/category\/guate-nuestra\/arte-cultura\/"},{"label":"Dagoberto V\u00e1squez: convirti\u00f3 simples l\u00edneas en verdaderas leyendas","link":"https:\/\/soymigrante.com\/revista\/dagoberto-vasquez-convirtio-simples-lineas-en-verdaderas-leyendas\/"}],"_links":{"self":[{"href":"https:\/\/soymigrante.com\/revista\/wp-json\/wp\/v2\/posts\/45992","targetHints":{"allow":["GET"]}}],"collection":[{"href":"https:\/\/soymigrante.com\/revista\/wp-json\/wp\/v2\/posts"}],"about":[{"href":"https:\/\/soymigrante.com\/revista\/wp-json\/wp\/v2\/types\/post"}],"author":[{"embeddable":true,"href":"https:\/\/soymigrante.com\/revista\/wp-json\/wp\/v2\/users\/19"}],"replies":[{"embeddable":true,"href":"https:\/\/soymigrante.com\/revista\/wp-json\/wp\/v2\/comments?post=45992"}],"version-history":[{"count":20,"href":"https:\/\/soymigrante.com\/revista\/wp-json\/wp\/v2\/posts\/45992\/revisions"}],"predecessor-version":[{"id":46571,"href":"https:\/\/soymigrante.com\/revista\/wp-json\/wp\/v2\/posts\/45992\/revisions\/46571"}],"wp:featuredmedia":[{"embeddable":true,"href":"https:\/\/soymigrante.com\/revista\/wp-json\/wp\/v2\/media\/46566"}],"wp:attachment":[{"href":"https:\/\/soymigrante.com\/revista\/wp-json\/wp\/v2\/media?parent=45992"}],"wp:term":[{"taxonomy":"category","embeddable":true,"href":"https:\/\/soymigrante.com\/revista\/wp-json\/wp\/v2\/categories?post=45992"},{"taxonomy":"post_tag","embeddable":true,"href":"https:\/\/soymigrante.com\/revista\/wp-json\/wp\/v2\/tags?post=45992"}],"curies":[{"name":"wp","href":"https:\/\/api.w.org\/{rel}","templated":true}]}}