{"id":45927,"date":"2025-09-24T13:25:32","date_gmt":"2025-09-24T19:25:32","guid":{"rendered":"https:\/\/soymigrante.com\/revista\/?p=45927"},"modified":"2025-09-29T12:19:40","modified_gmt":"2025-09-29T18:19:40","slug":"libro-guatemalteca-mariela-sr-coline-fanon-gana-premio-busco-mama-desde-belgica-adoptiva","status":"publish","type":"post","link":"https:\/\/soymigrante.com\/revista\/libro-guatemalteca-mariela-sr-coline-fanon-gana-premio-busco-mama-desde-belgica-adoptiva\/","title":{"rendered":"Premian libro de la guatemalteca Mariela SR Coline Fanon, quien busc\u00f3 a su mam\u00e1 desde B\u00e9lgica"},"content":{"rendered":"\t\t<div data-elementor-type=\"wp-post\" data-elementor-id=\"45927\" class=\"elementor elementor-45927\" data-elementor-post-type=\"post\">\n\t\t\t\t<div data-particle_enable=\"false\" data-particle-mobile-disabled=\"false\" class=\"elementor-element elementor-element-29e1d9c e-flex e-con-boxed e-con e-parent\" data-id=\"29e1d9c\" data-element_type=\"container\" data-e-type=\"container\">\n\t\t\t\t\t<div class=\"e-con-inner\">\n\t\t\t\t<div class=\"elementor-element elementor-element-1ffb932 elementor-widget elementor-widget-heading\" data-id=\"1ffb932\" data-element_type=\"widget\" data-e-type=\"widget\" data-widget_type=\"heading.default\">\n\t\t\t\t\t<h2 class=\"elementor-heading-title elementor-size-default\">Mariela SR Coline public\u00f3 en 2022 su autobiograf\u00eda, en la que relata c\u00f3mo fue adoptada y criada con amor por una familia belga. Siempre supo de su origen guatemalteco y  busc\u00f3 a su mam\u00e1 biol\u00f3gica. Este relato gan\u00f3 el trofeo a Mejor Libro en Ebobea Awards 2025<\/h2>\t\t\t\t<\/div>\n\t\t\t\t\t<\/div>\n\t\t\t\t<\/div>\n\t\t<div data-particle_enable=\"false\" data-particle-mobile-disabled=\"false\" class=\"elementor-element elementor-element-262fd19 e-flex e-con-boxed e-con e-parent\" data-id=\"262fd19\" data-element_type=\"container\" data-e-type=\"container\">\n\t\t\t\t\t<div class=\"e-con-inner\">\n\t\t\t\t<div class=\"elementor-element elementor-element-4d3134f elementor-widget elementor-widget-text-editor\" data-id=\"4d3134f\" data-element_type=\"widget\" data-e-type=\"widget\" data-widget_type=\"text-editor.default\">\n\t\t\t\t\t\t\t\t\t<p data-start=\"359\" data-end=\"737\">La escritora guatemalteca-belga Mariela SR. Coline Fanon fue reconocida con el <strong data-start=\"452\" data-end=\"479\">Ebobea Book Awards 2025<\/strong>, un prestigioso galard\u00f3n internacional que distingue obras con profundo impacto humano y social.\u00a0<\/p><p data-start=\"359\" data-end=\"737\">Su <a href=\"https:\/\/soymigrante.com\/revista\/los-libros-de-carmen-alicia-tienen-alma-de-pueblo-guatemalteco-y-estan-en-mercado\/\">libro<\/a>, <em data-start=\"587\" data-end=\"609\">Mam\u00e1 No Estoy Muerta <\/em>\u00a0fue publicado en 2022 por la editorial Piedrasanta de Guatemala. El relato es tanto una memoria personal como un testimonio colectivo de miles de ni\u00f1os y familias marcados por las heridas del pasado.<\/p>\t\t\t\t\t\t\t\t<\/div>\n\t\t\t\t\t<\/div>\n\t\t\t\t<\/div>\n\t\t<div data-particle_enable=\"false\" data-particle-mobile-disabled=\"false\" class=\"elementor-element elementor-element-fc8854b e-flex e-con-boxed e-con e-parent\" data-id=\"fc8854b\" data-element_type=\"container\" data-e-type=\"container\">\n\t\t\t\t\t<div class=\"e-con-inner\">\n\t\t\t\t<div class=\"elementor-element elementor-element-dde20b3 elementor-widget elementor-widget-image\" data-id=\"dde20b3\" data-element_type=\"widget\" data-e-type=\"widget\" data-widget_type=\"image.default\">\n\t\t\t\t\t\t\t\t\t\t\t\t<figure class=\"wp-caption\">\n\t\t\t\t\t\t\t\t\t\t<img fetchpriority=\"high\" decoding=\"async\" width=\"1024\" height=\"1024\" src=\"https:\/\/soymigrante.com\/revista\/wp-content\/uploads\/2025\/09\/mariela-sr-coline-fanon-guatemalteca-ganadora-de-premio-por-su-libro-mama-no-estoy-muerta-1-1-1024x1024.jpg\" class=\"attachment-large size-large wp-image-45934\" alt=\"Mariela dedica el premio a todos los guatemaltecos que est\u00e1n en busca de sus ra\u00edces e identidad, as\u00ed como a las v\u00edctimas de robo de ni\u00f1os o trata de personas.\" srcset=\"https:\/\/soymigrante.com\/revista\/wp-content\/uploads\/2025\/09\/mariela-sr-coline-fanon-guatemalteca-ganadora-de-premio-por-su-libro-mama-no-estoy-muerta-1-1-1024x1024.jpg 1024w, https:\/\/soymigrante.com\/revista\/wp-content\/uploads\/2025\/09\/mariela-sr-coline-fanon-guatemalteca-ganadora-de-premio-por-su-libro-mama-no-estoy-muerta-1-1-300x300.jpg 300w, https:\/\/soymigrante.com\/revista\/wp-content\/uploads\/2025\/09\/mariela-sr-coline-fanon-guatemalteca-ganadora-de-premio-por-su-libro-mama-no-estoy-muerta-1-1-150x150.jpg 150w, https:\/\/soymigrante.com\/revista\/wp-content\/uploads\/2025\/09\/mariela-sr-coline-fanon-guatemalteca-ganadora-de-premio-por-su-libro-mama-no-estoy-muerta-1-1-768x768.jpg 768w, https:\/\/soymigrante.com\/revista\/wp-content\/uploads\/2025\/09\/mariela-sr-coline-fanon-guatemalteca-ganadora-de-premio-por-su-libro-mama-no-estoy-muerta-1-1-75x75.jpg 75w, https:\/\/soymigrante.com\/revista\/wp-content\/uploads\/2025\/09\/mariela-sr-coline-fanon-guatemalteca-ganadora-de-premio-por-su-libro-mama-no-estoy-muerta-1-1-750x750.jpg 750w, https:\/\/soymigrante.com\/revista\/wp-content\/uploads\/2025\/09\/mariela-sr-coline-fanon-guatemalteca-ganadora-de-premio-por-su-libro-mama-no-estoy-muerta-1-1-1140x1140.jpg 1140w, https:\/\/soymigrante.com\/revista\/wp-content\/uploads\/2025\/09\/mariela-sr-coline-fanon-guatemalteca-ganadora-de-premio-por-su-libro-mama-no-estoy-muerta-1-1.jpg 1440w\" sizes=\"(max-width: 1024px) 100vw, 1024px\" title=\"Mariela dedica el premio a todos los guatemaltecos que est\u00e1n en busca de sus ra\u00edces e identidad, as\u00ed como a las v\u00edctimas de robo de ni\u00f1os o trata de personas. \u2013 SoyMigrante.com REVISTA\" \/>\t\t\t\t\t\t\t\t\t\t\t<figcaption class=\"widget-image-caption wp-caption-text\">Mariela dedica el premio a todos los guatemaltecos que est\u00e1n en busca de sus ra\u00edces e identidad, as\u00ed como a las v\u00edctimas de robo de ni\u00f1os o trata de personas.<\/figcaption>\n\t\t\t\t\t\t\t\t\t\t<\/figure>\n\t\t\t\t\t\t\t\t\t<\/div>\n\t\t\t\t\t<\/div>\n\t\t\t\t<\/div>\n\t\t<div data-particle_enable=\"false\" data-particle-mobile-disabled=\"false\" class=\"elementor-element elementor-element-a2085e7 e-flex e-con-boxed e-con e-parent\" data-id=\"a2085e7\" data-element_type=\"container\" data-e-type=\"container\">\n\t\t\t\t\t<div class=\"e-con-inner\">\n\t\t\t\t<div class=\"elementor-element elementor-element-8c8c3ee elementor-widget elementor-widget-heading\" data-id=\"8c8c3ee\" data-element_type=\"widget\" data-e-type=\"widget\" data-widget_type=\"heading.default\">\n\t\t\t\t\t<h3 class=\"elementor-heading-title elementor-size-default\">Hicieron creer a su mam\u00e1 biol\u00f3gica que  hab\u00eda muerto<\/h3>\t\t\t\t<\/div>\n\t\t\t\t\t<\/div>\n\t\t\t\t<\/div>\n\t\t<div data-particle_enable=\"false\" data-particle-mobile-disabled=\"false\" class=\"elementor-element elementor-element-f60ec23 e-flex e-con-boxed e-con e-parent\" data-id=\"f60ec23\" data-element_type=\"container\" data-e-type=\"container\">\n\t\t\t\t\t<div class=\"e-con-inner\">\n\t\t\t\t<div class=\"elementor-element elementor-element-58bce5c elementor-widget elementor-widget-text-editor\" data-id=\"58bce5c\" data-element_type=\"widget\" data-e-type=\"widget\" data-widget_type=\"text-editor.default\">\n\t\t\t\t\t\t\t\t\t<p data-start=\"359\" data-end=\"737\">Mariela naci\u00f3 en plena guerra interna en Guatemala durante la d\u00e9cada de 1980: un per\u00edodo que dej\u00f3 muchas <a href=\"https:\/\/marcosantil.com\/wp-content\/uploads\/2022\/01\/marcosantil-migrante-prologo-y-capitulo1.pdf\">v\u00edctimas y desplazamiento. <\/a>Con menos de un a\u00f1o de vida fue robada de los brazos de su madre, a quien se le hizo creer que hab\u00eda muerto.\u00a0<\/p><p data-start=\"359\" data-end=\"737\">Trasladada a B\u00e9lgica, creci\u00f3 en un entorno lejano a su historia de origen, cargando con silencios y preguntas que tardaron d\u00e9cadas en ser respondidas. Mariela aclara que sus padres adoptivos nunca le ocultaron su origen y que la criaron con mucho amor y cari\u00f1o.<\/p><p data-start=\"1080\" data-end=\"1474\">\u00a0<\/p>\t\t\t\t\t\t\t\t<\/div>\n\t\t\t\t\t<\/div>\n\t\t\t\t<\/div>\n\t\t<div data-particle_enable=\"false\" data-particle-mobile-disabled=\"false\" class=\"elementor-element elementor-element-4334a80 e-flex e-con-boxed e-con e-parent\" data-id=\"4334a80\" data-element_type=\"container\" data-e-type=\"container\">\n\t\t\t\t\t<div class=\"e-con-inner\">\n\t\t\t\t<div class=\"elementor-element elementor-element-d1d9954 elementor-widget elementor-widget-image\" data-id=\"d1d9954\" data-element_type=\"widget\" data-e-type=\"widget\" data-widget_type=\"image.default\">\n\t\t\t\t\t\t\t\t\t\t\t\t<figure class=\"wp-caption\">\n\t\t\t\t\t\t\t\t\t\t<img decoding=\"async\" width=\"851\" height=\"1024\" src=\"https:\/\/soymigrante.com\/revista\/wp-content\/uploads\/2025\/09\/mariela-sr-coline-fanon-guatemalteca-ganadora-de-premio-por-su-libro-mama-no-estoy-muerta-4-851x1024.jpg\" class=\"attachment-large size-large wp-image-45932\" alt=\"El reconocimiento para el libro Mam\u00e1 no estoy muerta, fue triple porque recibi\u00f3 los galardones a Mejor Autor, Autor m\u00e1s inspirador y Mejor Libro. (Fotograf\u00eda Mariela SR Coline Fanon)\" srcset=\"https:\/\/soymigrante.com\/revista\/wp-content\/uploads\/2025\/09\/mariela-sr-coline-fanon-guatemalteca-ganadora-de-premio-por-su-libro-mama-no-estoy-muerta-4-851x1024.jpg 851w, https:\/\/soymigrante.com\/revista\/wp-content\/uploads\/2025\/09\/mariela-sr-coline-fanon-guatemalteca-ganadora-de-premio-por-su-libro-mama-no-estoy-muerta-4-249x300.jpg 249w, https:\/\/soymigrante.com\/revista\/wp-content\/uploads\/2025\/09\/mariela-sr-coline-fanon-guatemalteca-ganadora-de-premio-por-su-libro-mama-no-estoy-muerta-4-768x924.jpg 768w, https:\/\/soymigrante.com\/revista\/wp-content\/uploads\/2025\/09\/mariela-sr-coline-fanon-guatemalteca-ganadora-de-premio-por-su-libro-mama-no-estoy-muerta-4-1277x1536.jpg 1277w, https:\/\/soymigrante.com\/revista\/wp-content\/uploads\/2025\/09\/mariela-sr-coline-fanon-guatemalteca-ganadora-de-premio-por-su-libro-mama-no-estoy-muerta-4-750x902.jpg 750w, https:\/\/soymigrante.com\/revista\/wp-content\/uploads\/2025\/09\/mariela-sr-coline-fanon-guatemalteca-ganadora-de-premio-por-su-libro-mama-no-estoy-muerta-4-1140x1371.jpg 1140w, https:\/\/soymigrante.com\/revista\/wp-content\/uploads\/2025\/09\/mariela-sr-coline-fanon-guatemalteca-ganadora-de-premio-por-su-libro-mama-no-estoy-muerta-4.jpg 1440w\" sizes=\"(max-width: 851px) 100vw, 851px\" title=\"El reconocimiento para el libro Mam\u00e1 no estoy muerta, fue triple porque recibi\u00f3 los galardones a Mejor Autor, Autor m\u00e1s inspirador y Mejor Libro. (Fotograf\u00eda Mariela SR Coline Fanon) \u2013 SoyMigrante.com REVISTA\" \/>\t\t\t\t\t\t\t\t\t\t\t<figcaption class=\"widget-image-caption wp-caption-text\">El reconocimiento para el libro Mam\u00e1 no estoy muerta, fue triple porque recibi\u00f3 los galardones a Mejor Autor, Autor m\u00e1s inspirador y Mejor Libro. (Fotograf\u00eda Mariela SR Coline Fanon)<\/figcaption>\n\t\t\t\t\t\t\t\t\t\t<\/figure>\n\t\t\t\t\t\t\t\t\t<\/div>\n\t\t\t\t\t<\/div>\n\t\t\t\t<\/div>\n\t\t<div data-particle_enable=\"false\" data-particle-mobile-disabled=\"false\" class=\"elementor-element elementor-element-6bb6361 e-flex e-con-boxed e-con e-parent\" data-id=\"6bb6361\" data-element_type=\"container\" data-e-type=\"container\">\n\t\t\t\t\t<div class=\"e-con-inner\">\n\t\t\t\t<div class=\"elementor-element elementor-element-b4722d9 elementor-widget elementor-widget-heading\" data-id=\"b4722d9\" data-element_type=\"widget\" data-e-type=\"widget\" data-widget_type=\"heading.default\">\n\t\t\t\t\t<h3 class=\"elementor-heading-title elementor-size-default\">Desaf\u00edo de vida en busca de Guatemala<\/h3>\t\t\t\t<\/div>\n\t\t\t\t\t<\/div>\n\t\t\t\t<\/div>\n\t\t<div data-particle_enable=\"false\" data-particle-mobile-disabled=\"false\" class=\"elementor-element elementor-element-deb8c48 e-flex e-con-boxed e-con e-parent\" data-id=\"deb8c48\" data-element_type=\"container\" data-e-type=\"container\">\n\t\t\t\t\t<div class=\"e-con-inner\">\n\t\t\t\t<div class=\"elementor-element elementor-element-58f77bb elementor-widget elementor-widget-text-editor\" data-id=\"58f77bb\" data-element_type=\"widget\" data-e-type=\"widget\" data-widget_type=\"text-editor.default\">\n\t\t\t\t\t\t\t\t\t<p data-start=\"359\" data-end=\"737\">Siendo adulta, Mariela comenz\u00f3 la b\u00fasqueda por recuperar esa parte original de su identidad y reencontrarse con sus ra\u00edces. Su proceso de reconstrucci\u00f3n personal deriv\u00f3 en un compromiso con la memoria y la justicia, convirti\u00e9ndose en activista en favor de quienes vivieron experiencias similares de sustracci\u00f3n y adopciones irregulares durante el conflicto armado guatemalteco.<\/p><p data-start=\"1476\" data-end=\"2178\">En un art\u00edculo publicado por<a href=\"https:\/\/www.agenciaocote.com\/blog\/2022\/02\/12\/mama-no-estoy-muerta-una-familia-que-no-es-como-cualquier-otra\/\"> Agencia Ocote, <\/a>Mariela recordaba los a\u00f1os previos a reencontrarse con su verdad:<\/p><p data-start=\"1476\" data-end=\"2178\"><span data-start=\"1588\" data-end=\"2176\"><i>\u201cMe segu\u00edan despertando las pesadillas y acababa levant\u00e1ndome para trabajar en mis archivos. Adquir\u00ed la costumbre de disimular <a href=\"https:\/\/soymigrante.com\/revista\/como-puedo-identificar-sintomas-de-depresion-o-ansiedad\/\">mi cansancio<\/a> por la ma\u00f1ana con una bonita sonrisa. Cuatro a\u00f1os m\u00e1s tarde, en 2010, me entregu\u00e9 a la lectura profunda de mi expediente de adopci\u00f3n, guardado celosamente por mis padres y, espor\u00e1dicamente, me lanc\u00e9 a realizar algunas b\u00fasquedas \u2014principalmente en internet\u2014 para encontrar a mi madre biol\u00f3gica\u2026 pero sin \u00e9xito&#8221;.<\/i><\/span><\/p>\t\t\t\t\t\t\t\t<\/div>\n\t\t\t\t\t<\/div>\n\t\t\t\t<\/div>\n\t\t<div data-particle_enable=\"false\" data-particle-mobile-disabled=\"false\" class=\"elementor-element elementor-element-90bc0bb e-flex e-con-boxed e-con e-parent\" data-id=\"90bc0bb\" data-element_type=\"container\" data-e-type=\"container\">\n\t\t\t\t\t<div class=\"e-con-inner\">\n\t\t\t\t<div class=\"elementor-element elementor-element-b856aa5 elementor-widget elementor-widget-html\" data-id=\"b856aa5\" data-element_type=\"widget\" data-e-type=\"widget\" data-widget_type=\"html.default\">\n\t\t\t\t\t<iframe width=\"560\" height=\"415\" src=\"https:\/\/www.youtube.com\/embed\/iuimlXKOF6E?si=sXbfqz7Quok8qbZn\" title=\"YouTube video player\" frameborder=\"0\" allow=\"accelerometer; autoplay; clipboard-write; encrypted-media; gyroscope; picture-in-picture; web-share\" referrerpolicy=\"strict-origin-when-cross-origin\" allowfullscreen><\/iframe>\t\t\t\t<\/div>\n\t\t\t\t\t<\/div>\n\t\t\t\t<\/div>\n\t\t<div data-particle_enable=\"false\" data-particle-mobile-disabled=\"false\" class=\"elementor-element elementor-element-4f11cd9 e-flex e-con-boxed e-con e-parent\" data-id=\"4f11cd9\" data-element_type=\"container\" data-e-type=\"container\">\n\t\t\t\t\t<div class=\"e-con-inner\">\n\t\t\t\t<div class=\"elementor-element elementor-element-e4fe150 elementor-widget elementor-widget-heading\" data-id=\"e4fe150\" data-element_type=\"widget\" data-e-type=\"widget\" data-widget_type=\"heading.default\">\n\t\t\t\t\t<h3 class=\"elementor-heading-title elementor-size-default\">Viaje de vida en busca de identidad<\/h3>\t\t\t\t<\/div>\n\t\t\t\t\t<\/div>\n\t\t\t\t<\/div>\n\t\t<div data-particle_enable=\"false\" data-particle-mobile-disabled=\"false\" class=\"elementor-element elementor-element-326c559 e-flex e-con-boxed e-con e-parent\" data-id=\"326c559\" data-element_type=\"container\" data-e-type=\"container\">\n\t\t\t\t\t<div class=\"e-con-inner\">\n\t\t\t\t<div class=\"elementor-element elementor-element-4ee2127 elementor-widget elementor-widget-text-editor\" data-id=\"4ee2127\" data-element_type=\"widget\" data-e-type=\"widget\" data-widget_type=\"text-editor.default\">\n\t\t\t\t\t\t\t\t\t<p data-start=\"359\" data-end=\"737\">Con <em data-start=\"2270\" data-end=\"2292\">Mam\u00e1 No Estoy Muerta<\/em>, Mariela no solo narra su viaje \u00edntimo, sino que tambi\u00e9n ofrece una voz a quienes todav\u00eda buscan respuestas. \u201cSaber qui\u00e9n soy es saber de donde vengo&#8221; dice la autora y ese es el eje de su obra: la memoria como acto de resistencia y de sanaci\u00f3n.<\/p><p data-start=\"2561\" data-end=\"2864\"><a href=\"https:\/\/www.ebobea.com\/mariela-sr-coline-fanon\">Ebobea Book Awards <\/a>destac\u00f3 la capacidad de Fanon para transformar una historia de dolor en un <a href=\"https:\/\/soymigrante.com\/revista\/guatemala-testimonio-mision-medica-limayre-gramajo-hija-migrantes\/\">testimonio<\/a> literario que conecta con la lucha global por los derechos humanos. El premio la sit\u00faa como una de las voces emergentes m\u00e1s significativas en la literatura testimonial contempor\u00e1nea.<\/p>\t\t\t\t\t\t\t\t<\/div>\n\t\t\t\t\t<\/div>\n\t\t\t\t<\/div>\n\t\t<div data-particle_enable=\"false\" data-particle-mobile-disabled=\"false\" class=\"elementor-element elementor-element-14067e9 e-flex e-con-boxed e-con e-parent\" data-id=\"14067e9\" data-element_type=\"container\" data-e-type=\"container\">\n\t\t\t\t\t<div class=\"e-con-inner\">\n\t\t\t\t<div class=\"elementor-element elementor-element-6e3a5f5 elementor-widget elementor-widget-image\" data-id=\"6e3a5f5\" data-element_type=\"widget\" data-e-type=\"widget\" data-widget_type=\"image.default\">\n\t\t\t\t\t\t\t\t\t\t\t\t<figure class=\"wp-caption\">\n\t\t\t\t\t\t\t\t\t\t<img decoding=\"async\" width=\"785\" height=\"952\" src=\"https:\/\/soymigrante.com\/revista\/wp-content\/uploads\/2025\/09\/mariela-sr-coline-fanon-autora-guatemalteca.png\" class=\"attachment-large size-large wp-image-45933\" alt=\"Mariela SR Coline Fanon desea que su testimonio ayude a motivar a m\u00e1s ni\u00f1os robados y adoptados a encontrar sus ra\u00edces para tambien hallar as\u00ed su identidad, tal como le ocurri\u00f3 a ella. Post que oficializ\u00f3 el premio Ebobea Book Award 2025 a Mejor Libro\" srcset=\"https:\/\/soymigrante.com\/revista\/wp-content\/uploads\/2025\/09\/mariela-sr-coline-fanon-autora-guatemalteca.png 785w, https:\/\/soymigrante.com\/revista\/wp-content\/uploads\/2025\/09\/mariela-sr-coline-fanon-autora-guatemalteca-247x300.png 247w, https:\/\/soymigrante.com\/revista\/wp-content\/uploads\/2025\/09\/mariela-sr-coline-fanon-autora-guatemalteca-768x931.png 768w, https:\/\/soymigrante.com\/revista\/wp-content\/uploads\/2025\/09\/mariela-sr-coline-fanon-autora-guatemalteca-750x910.png 750w\" sizes=\"(max-width: 785px) 100vw, 785px\" title=\"Mariela SR Coline Fanon desea que su testimonio ayude a motivar a m\u00e1s ni\u00f1os robados y adoptados a encontrar sus ra\u00edces para tambien hallar as\u00ed su identidad, tal como le ocurri\u00f3 a ella. Post que oficializ\u00f3 el premio Ebobea Book Award 2025 a Mejor Libro \u2013 SoyMigrante.com REVISTA\" \/>\t\t\t\t\t\t\t\t\t\t\t<figcaption class=\"widget-image-caption wp-caption-text\">Mariela SR Coline Fanon desea que su testimonio ayude a motivar a m\u00e1s ni\u00f1os robados y adoptados a encontrar sus ra\u00edces para tambien hallar as\u00ed su identidad, tal como le ocurri\u00f3 a ella. Post que oficializ\u00f3 el premio Ebobea Book Award 2025 a Mejor Libro<\/figcaption>\n\t\t\t\t\t\t\t\t\t\t<\/figure>\n\t\t\t\t\t\t\t\t\t<\/div>\n\t\t\t\t\t<\/div>\n\t\t\t\t<\/div>\n\t\t<div data-particle_enable=\"false\" data-particle-mobile-disabled=\"false\" class=\"elementor-element elementor-element-b8f7a75 e-flex e-con-boxed e-con e-parent\" data-id=\"b8f7a75\" data-element_type=\"container\" data-e-type=\"container\">\n\t\t\t\t\t<div class=\"e-con-inner\">\n\t\t\t\t<div class=\"elementor-element elementor-element-fc8ed3d elementor-widget elementor-widget-heading\" data-id=\"fc8ed3d\" data-element_type=\"widget\" data-e-type=\"widget\" data-widget_type=\"heading.default\">\n\t\t\t\t\t<h3 class=\"elementor-heading-title elementor-size-default\">Un libro de esperanza<\/h3>\t\t\t\t<\/div>\n\t\t\t\t\t<\/div>\n\t\t\t\t<\/div>\n\t\t<div data-particle_enable=\"false\" data-particle-mobile-disabled=\"false\" class=\"elementor-element elementor-element-b09e87a e-flex e-con-boxed e-con e-parent\" data-id=\"b09e87a\" data-element_type=\"container\" data-e-type=\"container\">\n\t\t\t\t\t<div class=\"e-con-inner\">\n\t\t\t\t<div class=\"elementor-element elementor-element-61d01b0 elementor-widget elementor-widget-text-editor\" data-id=\"61d01b0\" data-element_type=\"widget\" data-e-type=\"widget\" data-widget_type=\"text-editor.default\">\n\t\t\t\t\t\t\t\t\t<p data-start=\"359\" data-end=\"737\">Desde su experiencia, Mariela sigue tendiendo puentes entre Guatemala y Europa, acompa\u00f1ando a otros hijos e hijas del conflicto que, como ella, buscan reencontrarse con sus familias y con su historia.\u00a0<\/p><p data-start=\"2866\" data-end=\"3068\">&#8220;Que mi historia y mi contribuci\u00f3n en este mundo resuenen para que no se olviden los miles de ni\u00f1os que en Guatemala han sido desaparecidos, robados o vendidos&#8221; es la reacci\u00f3n que coloc\u00f3 Mariela en su perfil de Facebook al agradecer el premio.<\/p>\t\t\t\t\t\t\t\t<\/div>\n\t\t\t\t\t<\/div>\n\t\t\t\t<\/div>\n\t\t<div data-particle_enable=\"false\" data-particle-mobile-disabled=\"false\" class=\"elementor-element elementor-element-3efb960 e-flex e-con-boxed e-con e-parent\" data-id=\"3efb960\" data-element_type=\"container\" data-e-type=\"container\">\n\t\t\t\t\t<div class=\"e-con-inner\">\n\t\t\t\t<div class=\"elementor-element elementor-element-aaf5bb5 elementor-widget elementor-widget-html\" data-id=\"aaf5bb5\" data-element_type=\"widget\" data-e-type=\"widget\" data-widget_type=\"html.default\">\n\t\t\t\t\t<iframe width=\"560\" height=\"415\" src=\"https:\/\/www.youtube.com\/embed\/TZVXBdtl3qk?si=dm9vvwzlLJJMmFis\" title=\"YouTube video player\" frameborder=\"0\" allow=\"accelerometer; autoplay; clipboard-write; encrypted-media; gyroscope; picture-in-picture; web-share\" referrerpolicy=\"strict-origin-when-cross-origin\" allowfullscreen><\/iframe>\t\t\t\t<\/div>\n\t\t\t\t\t<\/div>\n\t\t\t\t<\/div>\n\t\t<div data-particle_enable=\"false\" data-particle-mobile-disabled=\"false\" class=\"elementor-element elementor-element-6428998 e-flex e-con-boxed e-con e-parent\" data-id=\"6428998\" data-element_type=\"container\" data-e-type=\"container\">\n\t\t\t\t\t<div class=\"e-con-inner\">\n\t\t\t\t<div class=\"elementor-element elementor-element-af7833d elementor-widget elementor-widget-heading\" data-id=\"af7833d\" data-element_type=\"widget\" data-e-type=\"widget\" data-widget_type=\"heading.default\">\n\t\t\t\t\t<h2 class=\"elementor-heading-title elementor-size-default\">Nuestras ra\u00edces son nuestra fortaleza<br><\/h2>\t\t\t\t<\/div>\n\t\t\t\t\t<\/div>\n\t\t\t\t<\/div>\n\t\t<div data-particle_enable=\"false\" data-particle-mobile-disabled=\"false\" class=\"elementor-element elementor-element-a6e4906 e-flex e-con-boxed e-con e-parent\" data-id=\"a6e4906\" data-element_type=\"container\" data-e-type=\"container\">\n\t\t\t\t\t<div class=\"e-con-inner\">\n\t\t\t\t<div class=\"elementor-element elementor-element-e3b370f elementor-grid-eael-col-3 elementor-grid-tablet-eael-col-2 elementor-grid-mobile-eael-col-1 elementor-widget elementor-widget-eael-post-grid\" data-id=\"e3b370f\" data-element_type=\"widget\" data-e-type=\"widget\" data-settings=\"{&quot;eael_post_grid_columns&quot;:&quot;eael-col-3&quot;,&quot;eael_post_grid_columns_tablet&quot;:&quot;eael-col-2&quot;,&quot;eael_post_grid_columns_mobile&quot;:&quot;eael-col-1&quot;}\" data-widget_type=\"eael-post-grid.default\">\n\t\t\t\t\t<div id=\"eael-post-grid-e3b370f\" class=\"eael-post-grid-container\">\n            <div class=\"eael-post-grid eael-post-appender eael-post-appender-e3b370f eael-post-grid-style-one\" data-layout-mode=\"masonry\"><article class=\"eael-grid-post  eael-post-grid-column eael-pg-post-4556 category-guate-nuestra\" data-id=\"4556\">\n        <div class=\"eael-grid-post-holder\">\n            <div class=\"eael-grid-post-holder-inner\"><div class=\"eael-entry-media\"><div class=\"eael-entry-overlay fade-in\"><i class=\"far fa-hand-pointer\" aria-hidden=\"true\"><\/i><a href=\"https:\/\/soymigrante.com\/revista\/disenadora-maya-trasciende-entre-raices-y-fronteras\/\"><\/a><\/div><div class=\"eael-entry-thumbnail eael-image-ratio\">\n                <img loading=\"lazy\" decoding=\"async\" width=\"900\" height=\"1000\" src=\"https:\/\/soymigrante.com\/revista\/wp-content\/uploads\/2024\/01\/Rosario-es-originaria-de-Zunil-Quetzaltenango-.webp\" class=\"attachment-large size-large wp-image-4502\" alt=\"Mar\u00eda Rosario Hern\u00e1ndez Ponce es originaria de Zunil Quetzaltenango, Guatemala. Desde los 15 a\u00f1os se ha dedicado a confeccionar prendas propias y ahora se ha convertido en dise\u00f1adora de prendas con tejidos de la indumentaria maya. Es estudiante de Trabajo Social en la universidad de su pa\u00eds.\" srcset=\"https:\/\/soymigrante.com\/revista\/wp-content\/uploads\/2024\/01\/Rosario-es-originaria-de-Zunil-Quetzaltenango-.webp 900w, https:\/\/soymigrante.com\/revista\/wp-content\/uploads\/2024\/01\/Rosario-es-originaria-de-Zunil-Quetzaltenango--270x300.webp 270w, https:\/\/soymigrante.com\/revista\/wp-content\/uploads\/2024\/01\/Rosario-es-originaria-de-Zunil-Quetzaltenango--768x853.webp 768w, https:\/\/soymigrante.com\/revista\/wp-content\/uploads\/2024\/01\/Rosario-es-originaria-de-Zunil-Quetzaltenango--750x833.webp 750w\" sizes=\"(max-width: 900px) 100vw, 900px\" \/>\n            <\/div>\n        <\/div><div class=\"eael-entry-wrapper\"><header class=\"eael-entry-header\"><h2 class=\"eael-entry-title\"><a class=\"eael-grid-post-link\" href=\"https:\/\/soymigrante.com\/revista\/disenadora-maya-trasciende-entre-raices-y-fronteras\/\" title=\"Dise\u00f1adora maya k&#8217;iche&#8217; trasciende barreras, fronteras, modas y ra\u00edces\">Dise\u00f1adora maya k&#8217;iche&#8217; trasciende barreras, fronteras, modas y ra\u00edces<\/a><\/h2><\/header><div class=\"eael-entry-content\">\n                        <div class=\"eael-grid-post-excerpt\"><a href=\"https:\/\/soymigrante.com\/revista\/disenadora-maya-trasciende-entre-raices-y-fronteras\/\" class=\"eael-post-elements-readmore-btn\">CONOCE SU HISTORIA <\/a><\/div>\n                    <\/div><\/div><\/div>\n        <\/div>\n    <\/article><article class=\"eael-grid-post  eael-post-grid-column eael-pg-post-2368 category-exitos\" data-id=\"2368\">\n        <div class=\"eael-grid-post-holder\">\n            <div class=\"eael-grid-post-holder-inner\"><div class=\"eael-entry-media\"><div class=\"eael-entry-overlay fade-in\"><i class=\"far fa-hand-pointer\" aria-hidden=\"true\"><\/i><a href=\"https:\/\/soymigrante.com\/revista\/elizabeth-coti-maestra-espanol-texas-guatemala\/\"><\/a><\/div><div class=\"eael-entry-thumbnail eael-image-ratio\">\n                <img loading=\"lazy\" decoding=\"async\" width=\"1024\" height=\"731\" src=\"https:\/\/soymigrante.com\/revista\/wp-content\/uploads\/2023\/08\/705345_4157588903679_1136987468_o-e1693334157790-1024x731.webp\" class=\"attachment-large size-large wp-image-2369\" alt=\"El cari\u00f1o de sus padres H\u00e9ctor y Guadalupe ense\u00f1\u00f3 a Elizabeth a valorar la multiculturalidad guatemalteca.\" srcset=\"https:\/\/soymigrante.com\/revista\/wp-content\/uploads\/2023\/08\/705345_4157588903679_1136987468_o-e1693334157790-1024x731.webp 1024w, https:\/\/soymigrante.com\/revista\/wp-content\/uploads\/2023\/08\/705345_4157588903679_1136987468_o-e1693334157790-300x214.webp 300w, https:\/\/soymigrante.com\/revista\/wp-content\/uploads\/2023\/08\/705345_4157588903679_1136987468_o-e1693334157790-768x548.webp 768w, https:\/\/soymigrante.com\/revista\/wp-content\/uploads\/2023\/08\/705345_4157588903679_1136987468_o-e1693334157790-1536x1096.webp 1536w, https:\/\/soymigrante.com\/revista\/wp-content\/uploads\/2023\/08\/705345_4157588903679_1136987468_o-e1693334157790-120x86.webp 120w, https:\/\/soymigrante.com\/revista\/wp-content\/uploads\/2023\/08\/705345_4157588903679_1136987468_o-e1693334157790-350x250.webp 350w, https:\/\/soymigrante.com\/revista\/wp-content\/uploads\/2023\/08\/705345_4157588903679_1136987468_o-e1693334157790-750x535.webp 750w, https:\/\/soymigrante.com\/revista\/wp-content\/uploads\/2023\/08\/705345_4157588903679_1136987468_o-e1693334157790-1140x814.webp 1140w, https:\/\/soymigrante.com\/revista\/wp-content\/uploads\/2023\/08\/705345_4157588903679_1136987468_o-e1693334157790.webp 1774w\" sizes=\"(max-width: 1024px) 100vw, 1024px\" \/>\n            <\/div>\n        <\/div><div class=\"eael-entry-wrapper\"><header class=\"eael-entry-header\"><h2 class=\"eael-entry-title\"><a class=\"eael-grid-post-link\" href=\"https:\/\/soymigrante.com\/revista\/elizabeth-coti-maestra-espanol-texas-guatemala\/\" title=\"Elizabeth Cot\u00ed: La maestra texana con ra\u00edces guatemaltecas que ense\u00f1a espa\u00f1ol\">Elizabeth Cot\u00ed: La maestra texana con ra\u00edces guatemaltecas que ense\u00f1a espa\u00f1ol<\/a><\/h2><\/header><div class=\"eael-entry-content\">\n                        <div class=\"eael-grid-post-excerpt\"><a href=\"https:\/\/soymigrante.com\/revista\/elizabeth-coti-maestra-espanol-texas-guatemala\/\" class=\"eael-post-elements-readmore-btn\">CONOCE SU HISTORIA <\/a><\/div>\n                    <\/div><\/div><\/div>\n        <\/div>\n    <\/article><article class=\"eael-grid-post  eael-post-grid-column eael-pg-post-6202 category-exitos\" data-id=\"6202\">\n        <div class=\"eael-grid-post-holder\">\n            <div class=\"eael-grid-post-holder-inner\"><div class=\"eael-entry-media\"><div class=\"eael-entry-overlay fade-in\"><i class=\"far fa-hand-pointer\" aria-hidden=\"true\"><\/i><a href=\"https:\/\/soymigrante.com\/revista\/historia-vitalina-sanchez-adoptada-estados-unidos-guatemala\/\"><\/a><\/div><div class=\"eael-entry-thumbnail eael-image-ratio\">\n                <img loading=\"lazy\" decoding=\"async\" width=\"763\" height=\"596\" src=\"https:\/\/soymigrante.com\/revista\/wp-content\/uploads\/2024\/04\/Captura-de-pantalla-2024-04-26-144949.webp\" class=\"attachment-large size-large wp-image-6207\" alt=\"Madre e hijo en una tierna interacci\u00f3n, resaltando la importancia de la familia y el amor en la contexto de la inmigraci\u00f3n y la comunidad migrante.\" srcset=\"https:\/\/soymigrante.com\/revista\/wp-content\/uploads\/2024\/04\/Captura-de-pantalla-2024-04-26-144949.webp 763w, https:\/\/soymigrante.com\/revista\/wp-content\/uploads\/2024\/04\/Captura-de-pantalla-2024-04-26-144949-300x234.webp 300w, https:\/\/soymigrante.com\/revista\/wp-content\/uploads\/2024\/04\/Captura-de-pantalla-2024-04-26-144949-750x586.webp 750w\" sizes=\"(max-width: 763px) 100vw, 763px\" \/>\n            <\/div>\n        <\/div><div class=\"eael-entry-wrapper\"><header class=\"eael-entry-header\"><h2 class=\"eael-entry-title\"><a class=\"eael-grid-post-link\" href=\"https:\/\/soymigrante.com\/revista\/historia-vitalina-sanchez-adoptada-estados-unidos-guatemala\/\" title=\"As\u00ed fue c\u00f3mo Liv S\u00e1nchez, de EE.UU. pas\u00f3 a ser Vitalina, nacida en Guatemala\">As\u00ed fue c\u00f3mo Liv S\u00e1nchez, de EE.UU. pas\u00f3 a ser Vitalina, nacida en Guatemala<\/a><\/h2><\/header><div class=\"eael-entry-content\">\n                        <div class=\"eael-grid-post-excerpt\"><a href=\"https:\/\/soymigrante.com\/revista\/historia-vitalina-sanchez-adoptada-estados-unidos-guatemala\/\" class=\"eael-post-elements-readmore-btn\">CONOCE SU HISTORIA <\/a><\/div>\n                    <\/div><\/div><\/div>\n        <\/div>\n    <\/article><\/div>\n            <div class=\"clearfix\"><\/div>\n        <\/div>\t\t\t\t<\/div>\n\t\t\t\t\t<\/div>\n\t\t\t\t<\/div>\n\t\t\t\t<\/div>\n\t\t","protected":false},"excerpt":{"rendered":"<p>Mariela SR Coline public\u00f3 en 2022 su autobiograf\u00eda, en la que relata c\u00f3mo fue adoptada y criada con amor por una familia belga. Siempre supo de su origen guatemalteco y busc\u00f3 a su mam\u00e1 biol\u00f3gica. Este relato gan\u00f3 el trofeo a Mejor Libro en Ebobea Awards 2025 La escritora guatemalteca-belga Mariela SR. Coline Fanon fue [&hellip;]<\/p>\n","protected":false},"author":7,"featured_media":45929,"comment_status":"open","ping_status":"open","sticky":false,"template":"","format":"standard","meta":{"_acf_changed":false,"_eb_attr":"","footnotes":""},"categories":[50,274],"tags":[],"class_list":["post-45927","post","type-post","status-publish","format-standard","has-post-thumbnail","hentry","category-exitos","category-guatemala"],"acf":[],"aioseo_notices":[],"aioseo_head":"\n\t\t<!-- All in One SEO Pro 4.9.6.2 - aioseo.com -->\n\t<meta name=\"description\" content=\"Vitalina &quot;Liv&quot; S\u00e1nchez es artista, fot\u00f3grafa, madre, esposa y tambi\u00e9n comadrona. Cre\u00f3 el podcast The Lost Quetzales (Los quetzales perdidos) para entrevistar a guatemaltecos adoptados en Estados Unidos. Busc\u00f3 su ra\u00edz y la encontr\u00f3 en la Tierra del Quetzal. Cuando ten\u00eda unos 12 a\u00f1os, Olivia Hart se pregunt\u00f3 qui\u00e9n era en realidad. Resid\u00eda en Maine,\" \/>\n\t<meta name=\"robots\" content=\"max-snippet:-1, max-image-preview:large, max-video-preview:-1\" \/>\n\t<meta name=\"author\" content=\"Gustavo Montenegro\"\/>\n\t<link rel=\"canonical\" href=\"https:\/\/soymigrante.com\/revista\/libro-guatemalteca-mariela-sr-coline-fanon-gana-premio-busco-mama-desde-belgica-adoptiva\/\" \/>\n\t<meta name=\"generator\" content=\"All in One SEO Pro (AIOSEO) 4.9.6.2\" \/>\n\n\t\t<link rel=\"preconnect\" href=\"https:\/\/fonts.googleapis.com\" crossorigin>\n<link rel=\"preconnect\" href=\"https:\/\/fonts.gstatic.com\" crossorigin>\n\t\t<meta property=\"og:locale\" content=\"es_ES\" \/>\n\t\t<meta property=\"og:site_name\" content=\"SoyMigrante.com REVISTA \u2013 Nuestra misi\u00f3n es reconocer y dignificar al migrante.\" \/>\n\t\t<meta property=\"og:type\" content=\"article\" \/>\n\t\t<meta property=\"og:title\" content=\"Libro de guatemalteca robada al nacer recibe premio\" \/>\n\t\t<meta property=\"og:description\" content=\"Mam\u00e1, no estoy muerta, autobiograf\u00eda de la guatemalteca Mariela SR Coline, residente en B\u00e9lgica, recibe premio a Mejor Libro en premios Ebobea Awards\" \/>\n\t\t<meta property=\"og:url\" content=\"https:\/\/soymigrante.com\/revista\/libro-guatemalteca-mariela-sr-coline-fanon-gana-premio-busco-mama-desde-belgica-adoptiva\/\" \/>\n\t\t<meta property=\"og:image\" content=\"https:\/\/soymigrante.com\/revista\/wp-content\/uploads\/2025\/09\/mariela-sr-coline-fanon-guatemalteca-ganadora-de-premio-por-su-libro-mama-no-estoy-muerta-1.jpg\" \/>\n\t\t<meta property=\"og:image:secure_url\" content=\"https:\/\/soymigrante.com\/revista\/wp-content\/uploads\/2025\/09\/mariela-sr-coline-fanon-guatemalteca-ganadora-de-premio-por-su-libro-mama-no-estoy-muerta-1.jpg\" \/>\n\t\t<meta property=\"og:image:width\" content=\"1440\" \/>\n\t\t<meta property=\"og:image:height\" content=\"1440\" \/>\n\t\t<meta property=\"article:published_time\" content=\"2025-09-24T19:25:32+00:00\" \/>\n\t\t<meta property=\"article:modified_time\" content=\"2025-09-29T18:19:40+00:00\" \/>\n\t\t<meta property=\"article:publisher\" content=\"https:\/\/www.facebook.com\/soymigrantecom\" \/>\n\t\t<meta name=\"twitter:card\" content=\"summary_large_image\" \/>\n\t\t<meta name=\"twitter:site\" content=\"@SoyMigrante_com\" \/>\n\t\t<meta name=\"twitter:title\" content=\"Libro de guatemalteca robada al nacer recibe premio\" \/>\n\t\t<meta name=\"twitter:description\" content=\"Mam\u00e1, no estoy muerta, autobiograf\u00eda de la guatemalteca Mariela SR Coline, residente en B\u00e9lgica, recibe premio a Mejor Libro en premios Ebobea Awards\" \/>\n\t\t<meta name=\"twitter:creator\" content=\"@SoyMigrante_com\" \/>\n\t\t<meta name=\"twitter:image\" content=\"https:\/\/soymigrante.com\/revista\/wp-content\/uploads\/2025\/09\/mariela-sr-coline-fanon-guatemalteca-ganadora-de-premio-por-su-libro-mama-no-estoy-muerta-1.jpg\" \/>\n\t\t<!-- All in One SEO Pro -->\r\n\t\t<title>Libro de guatemalteca robada al nacer recibe premio<\/title>\n\n","aioseo_head_json":{"title":"Libro de guatemalteca robada al nacer recibe premio","description":"Mam\u00e1, no estoy muerta, autobiograf\u00eda de la guatemalteca Mariela SR Coline, residente en B\u00e9lgica, recibe premio a Mejor Libro en premios Ebobea Awards","canonical_url":"https:\/\/soymigrante.com\/revista\/libro-guatemalteca-mariela-sr-coline-fanon-gana-premio-busco-mama-desde-belgica-adoptiva\/","robots":"max-snippet:-1, max-image-preview:large, max-video-preview:-1","keywords":"","webmasterTools":{"miscellaneous":"&lt;link rel=\"preconnect\" href=\"https:\/\/fonts.googleapis.com\" crossorigin&gt;\n&lt;link rel=\"preconnect\" href=\"https:\/\/fonts.gstatic.com\" crossorigin&gt;"},"schema":null,"og:locale":"es_ES","og:site_name":"SoyMigrante.com REVISTA \u2013 Nuestra misi\u00f3n es reconocer y dignificar al migrante.","og:type":"article","og:title":"Libro de guatemalteca robada al nacer recibe premio","og:description":"Mam\u00e1, no estoy muerta, autobiograf\u00eda de la guatemalteca Mariela SR Coline, residente en B\u00e9lgica, recibe premio a Mejor Libro en premios Ebobea Awards","og:url":"https:\/\/soymigrante.com\/revista\/libro-guatemalteca-mariela-sr-coline-fanon-gana-premio-busco-mama-desde-belgica-adoptiva\/","og:image":"https:\/\/soymigrante.com\/revista\/wp-content\/uploads\/2025\/09\/mariela-sr-coline-fanon-guatemalteca-ganadora-de-premio-por-su-libro-mama-no-estoy-muerta-1.jpg","og:image:secure_url":"https:\/\/soymigrante.com\/revista\/wp-content\/uploads\/2025\/09\/mariela-sr-coline-fanon-guatemalteca-ganadora-de-premio-por-su-libro-mama-no-estoy-muerta-1.jpg","og:image:width":1440,"og:image:height":1440,"article:published_time":"2025-09-24T19:25:32+00:00","article:modified_time":"2025-09-29T18:19:40+00:00","article:publisher":"https:\/\/www.facebook.com\/soymigrantecom","twitter:card":"summary_large_image","twitter:site":"@SoyMigrante_com","twitter:title":"Libro de guatemalteca robada al nacer recibe premio","twitter:description":"Mam\u00e1, no estoy muerta, autobiograf\u00eda de la guatemalteca Mariela SR Coline, residente en B\u00e9lgica, recibe premio a Mejor Libro en premios Ebobea Awards","twitter:creator":"@SoyMigrante_com","twitter:image":"https:\/\/soymigrante.com\/revista\/wp-content\/uploads\/2025\/09\/mariela-sr-coline-fanon-guatemalteca-ganadora-de-premio-por-su-libro-mama-no-estoy-muerta-1.jpg"},"aioseo_meta_data":{"post_id":"45927","title":"Libro de guatemalteca robada al nacer recibe premio","description":"Mam\u00e1, no estoy muerta, autobiograf\u00eda de la guatemalteca Mariela SR Coline, residente en B\u00e9lgica, recibe premio a Mejor Libro en premios Ebobea Awards","keywords":null,"keyphrases":{"focus":{"keyphrase":"Guatemalteca","score":78,"analysis":{"keyphraseInTitle":{"score":9,"maxScore":9,"error":0},"keyphraseInDescription":{"score":9,"maxScore":9,"error":0},"keyphraseLength":{"score":9,"maxScore":9,"error":0,"length":1},"keyphraseInURL":{"score":5,"maxScore":5,"error":0},"keyphraseInIntroduction":{"score":9,"maxScore":9,"error":0},"keyphraseInSubHeadings":{"score":3,"maxScore":9,"error":1},"keyphraseInImageAlt":{"score":9,"maxScore":9,"error":0},"keywordDensity":{"score":0,"type":"low","maxScore":9,"error":1}}},"additional":[{"keyphrase":"Libro","score":87,"analysis":{"keyphraseInDescription":{"score":9,"maxScore":9,"error":0},"keyphraseLength":{"score":9,"maxScore":9,"error":0,"length":1},"keyphraseInIntroduction":{"score":3,"maxScore":9,"error":1},"keyphraseInImageAlt":{"score":9,"maxScore":9,"error":0},"keywordDensity":{"type":"best","score":9,"maxScore":9,"error":0}}},{"keyphrase":"Mariela","score":100,"analysis":{"keyphraseInDescription":{"score":9,"maxScore":9,"error":0},"keyphraseLength":{"score":9,"maxScore":9,"error":0,"length":1},"keyphraseInIntroduction":{"score":9,"maxScore":9,"error":0},"keyphraseInImageAlt":{"score":9,"maxScore":9,"error":0},"keywordDensity":{"type":"best","score":9,"maxScore":9,"error":0}}}]},"primary_term":null,"canonical_url":null,"og_title":null,"og_description":null,"og_object_type":"default","og_image_type":"default","og_image_url":null,"og_image_width":null,"og_image_height":null,"og_image_custom_url":null,"og_image_custom_fields":null,"og_video":"","og_custom_url":null,"og_article_section":null,"og_article_tags":null,"twitter_use_og":false,"twitter_card":"default","twitter_image_type":"default","twitter_image_url":null,"twitter_image_custom_url":null,"twitter_image_custom_fields":null,"twitter_title":null,"twitter_description":null,"schema":{"blockGraphs":[],"customGraphs":[],"default":{"data":{"Article":[],"Course":[],"Dataset":[],"FAQPage":[],"Movie":[],"Person":[],"Product":[],"ProductReview":[],"Car":[],"Recipe":[],"Service":[],"SoftwareApplication":[],"WebPage":[]},"graphName":"none","isEnabled":true},"graphs":[]},"schema_type":"default","schema_type_options":null,"pillar_content":false,"robots_default":true,"robots_noindex":false,"robots_noarchive":false,"robots_nosnippet":false,"robots_nofollow":false,"robots_noimageindex":false,"robots_noodp":false,"robots_notranslate":false,"robots_max_snippet":"-1","robots_max_videopreview":"-1","robots_max_imagepreview":"large","priority":null,"frequency":"default","local_seo":null,"seo_analyzer_scan_date":"2025-10-09 08:47:51","breadcrumb_settings":null,"limit_modified_date":false,"reviewed_by":"0","open_ai":null,"ai":{"faqs":[],"keyPoints":[],"titles":[],"descriptions":[],"socialPosts":{"email":[],"linkedin":[],"twitter":[],"facebook":[],"instagram":[]}},"created":"2025-09-24 18:48:48","updated":"2026-02-05 05:46:36"},"aioseo_breadcrumb":"<div class=\"aioseo-breadcrumbs\"><span class=\"aioseo-breadcrumb\">\n\t<a href=\"https:\/\/soymigrante.com\/revista\" title=\"Home\">Home<\/a>\n<\/span><span class=\"aioseo-breadcrumb-separator\">\u00bb<\/span><span class=\"aioseo-breadcrumb\">\n\t<a href=\"https:\/\/soymigrante.com\/revista\/category\/exitos\/\" title=\"\u00c9xitos\">\u00c9xitos<\/a>\n<\/span><span class=\"aioseo-breadcrumb-separator\">\u00bb<\/span><span class=\"aioseo-breadcrumb\">\n\t<a href=\"https:\/\/soymigrante.com\/revista\/category\/exitos\/guatemala\/\" title=\"Guatemala\">Guatemala<\/a>\n<\/span><span class=\"aioseo-breadcrumb-separator\">\u00bb<\/span><span class=\"aioseo-breadcrumb\">\n\tPremian libro de la guatemalteca Mariela SR Coline Fanon, quien busc\u00f3 a su mam\u00e1 desde B\u00e9lgica\n<\/span><\/div>","aioseo_breadcrumb_json":[{"label":"Home","link":"https:\/\/soymigrante.com\/revista"},{"label":"\u00c9xitos","link":"https:\/\/soymigrante.com\/revista\/category\/exitos\/"},{"label":"Guatemala","link":"https:\/\/soymigrante.com\/revista\/category\/exitos\/guatemala\/"},{"label":"Premian libro de la guatemalteca Mariela SR Coline Fanon, quien busc\u00f3 a su mam\u00e1 desde B\u00e9lgica","link":"https:\/\/soymigrante.com\/revista\/libro-guatemalteca-mariela-sr-coline-fanon-gana-premio-busco-mama-desde-belgica-adoptiva\/"}],"_links":{"self":[{"href":"https:\/\/soymigrante.com\/revista\/wp-json\/wp\/v2\/posts\/45927","targetHints":{"allow":["GET"]}}],"collection":[{"href":"https:\/\/soymigrante.com\/revista\/wp-json\/wp\/v2\/posts"}],"about":[{"href":"https:\/\/soymigrante.com\/revista\/wp-json\/wp\/v2\/types\/post"}],"author":[{"embeddable":true,"href":"https:\/\/soymigrante.com\/revista\/wp-json\/wp\/v2\/users\/7"}],"replies":[{"embeddable":true,"href":"https:\/\/soymigrante.com\/revista\/wp-json\/wp\/v2\/comments?post=45927"}],"version-history":[{"count":6,"href":"https:\/\/soymigrante.com\/revista\/wp-json\/wp\/v2\/posts\/45927\/revisions"}],"predecessor-version":[{"id":46273,"href":"https:\/\/soymigrante.com\/revista\/wp-json\/wp\/v2\/posts\/45927\/revisions\/46273"}],"wp:featuredmedia":[{"embeddable":true,"href":"https:\/\/soymigrante.com\/revista\/wp-json\/wp\/v2\/media\/45929"}],"wp:attachment":[{"href":"https:\/\/soymigrante.com\/revista\/wp-json\/wp\/v2\/media?parent=45927"}],"wp:term":[{"taxonomy":"category","embeddable":true,"href":"https:\/\/soymigrante.com\/revista\/wp-json\/wp\/v2\/categories?post=45927"},{"taxonomy":"post_tag","embeddable":true,"href":"https:\/\/soymigrante.com\/revista\/wp-json\/wp\/v2\/tags?post=45927"}],"curies":[{"name":"wp","href":"https:\/\/api.w.org\/{rel}","templated":true}]}}