{"id":45894,"date":"2025-09-25T06:00:00","date_gmt":"2025-09-25T12:00:00","guid":{"rendered":"https:\/\/soymigrante.com\/revista\/?p=45894"},"modified":"2025-09-24T22:13:47","modified_gmt":"2025-09-25T04:13:47","slug":"jor-chan-la-danza-de-la-serpiente-que-despierta-la-tierra-en-jocotan","status":"publish","type":"post","link":"https:\/\/soymigrante.com\/revista\/jor-chan-la-danza-de-la-serpiente-que-despierta-la-tierra-en-jocotan\/","title":{"rendered":"Jor Chan: la danza de la serpiente que despierta la tierra en Jocot\u00e1n"},"content":{"rendered":"\t\t<div data-elementor-type=\"wp-post\" data-elementor-id=\"45894\" class=\"elementor elementor-45894\" data-elementor-post-type=\"post\">\n\t\t\t\t<div data-particle_enable=\"false\" data-particle-mobile-disabled=\"false\" class=\"elementor-element elementor-element-92b7618 e-flex e-con-boxed e-con e-parent\" data-id=\"92b7618\" data-element_type=\"container\" data-e-type=\"container\">\n\t\t\t\t\t<div class=\"e-con-inner\">\n\t\t\t\t<div class=\"elementor-element elementor-element-3cb3d53 elementor-widget elementor-widget-heading\" data-id=\"3cb3d53\" data-element_type=\"widget\" data-e-type=\"widget\" data-widget_type=\"heading.default\">\n\t\t\t\t\t<h2 class=\"elementor-heading-title elementor-size-default\">La danza del Jor Chan es originaria del oriente de Guatemala: su nombre, en idioma chort\u00ed significa \"la cabeza de la serpiente\" y se escenifica en Jocot\u00e1n, Chiquimula.<\/h2>\t\t\t\t<\/div>\n\t\t\t\t\t<\/div>\n\t\t\t\t<\/div>\n\t\t<div data-particle_enable=\"false\" data-particle-mobile-disabled=\"false\" class=\"elementor-element elementor-element-dcf4d04 e-flex e-con-boxed e-con e-parent\" data-id=\"dcf4d04\" data-element_type=\"container\" data-e-type=\"container\">\n\t\t\t\t\t<div class=\"e-con-inner\">\n\t\t\t\t<div class=\"elementor-element elementor-element-f4bed1a elementor-widget elementor-widget-text-editor\" data-id=\"f4bed1a\" data-element_type=\"widget\" data-e-type=\"widget\" data-widget_type=\"text-editor.default\">\n\t\t\t\t\t\t\t\t\t<p>En este municipio del oriente guatemalteco, <a href=\"https:\/\/soymigrante.com\/revista\/el-pueblo-chorti-es-el-corazon-maya-del-oriente-guatemalteco\/\" target=\"_blank\" rel=\"noopener\">dentro de la regi\u00f3n Ch\u2019orti\u2019,<\/a> cada a\u00f1o se revive una tradici\u00f3n ancestral cargada de simbolismo y fuerza: la danza del Jor Chan (Tambi\u00e9n se le dice Hor Chan) y significa &#8220;La cabeza de la serpiente&#8221;.<\/p><p>Una pintura rupestre del sitio conocido como pe\u00f1asco Los Migueles, representa a la m\u00edtica serpiente llamada Hor Chan o Jor Chan, ser sobrenatural que seg\u00fan la cultura chort\u00ed, regula la abundancia o carencia del agua para las siembras.<\/p><p>No es solo un espect\u00e1culo folkl\u00f3rico, sino un ritual que expresa la \u00edntima relaci\u00f3n de los pueblos con la naturaleza, la milpa y los ciclos del tiempo, sobre todo para &#8220;llamar&#8221; a la lluvia.\u00a0<\/p>\t\t\t\t\t\t\t\t<\/div>\n\t\t\t\t\t<\/div>\n\t\t\t\t<\/div>\n\t\t<div data-particle_enable=\"false\" data-particle-mobile-disabled=\"false\" class=\"elementor-element elementor-element-89b2fa5 e-flex e-con-boxed e-con e-parent\" data-id=\"89b2fa5\" data-element_type=\"container\" data-e-type=\"container\">\n\t\t\t\t\t<div class=\"e-con-inner\">\n\t\t\t\t<div class=\"elementor-element elementor-element-74521b2 elementor-widget elementor-widget-html\" data-id=\"74521b2\" data-element_type=\"widget\" data-e-type=\"widget\" data-widget_type=\"html.default\">\n\t\t\t\t\t<iframe width=\"560\" height=\"415\" src=\"https:\/\/www.youtube.com\/embed\/Eroix6AHQRQ?si=U69lmFnpkeB-Ggam\" title=\"YouTube video player\" frameborder=\"0\" allow=\"accelerometer; autoplay; clipboard-write; encrypted-media; gyroscope; picture-in-picture; web-share\" referrerpolicy=\"strict-origin-when-cross-origin\" allowfullscreen><\/iframe>\t\t\t\t<\/div>\n\t\t\t\t\t<\/div>\n\t\t\t\t<\/div>\n\t\t<div data-particle_enable=\"false\" data-particle-mobile-disabled=\"false\" class=\"elementor-element elementor-element-a6ae3ca e-flex e-con-boxed e-con e-parent\" data-id=\"a6ae3ca\" data-element_type=\"container\" data-e-type=\"container\">\n\t\t\t\t\t<div class=\"e-con-inner\">\n\t\t\t\t<div class=\"elementor-element elementor-element-63e9f35 elementor-widget elementor-widget-heading\" data-id=\"63e9f35\" data-element_type=\"widget\" data-e-type=\"widget\" data-widget_type=\"heading.default\">\n\t\t\t\t\t<h3 class=\"elementor-heading-title elementor-size-default\">\u00bfQu\u00e9 es el Jor Chan?<\/h3>\t\t\t\t<\/div>\n\t\t\t\t\t<\/div>\n\t\t\t\t<\/div>\n\t\t<div data-particle_enable=\"false\" data-particle-mobile-disabled=\"false\" class=\"elementor-element elementor-element-06fc853 e-flex e-con-boxed e-con e-parent\" data-id=\"06fc853\" data-element_type=\"container\" data-e-type=\"container\">\n\t\t\t\t\t<div class=\"e-con-inner\">\n\t\t\t\t<div class=\"elementor-element elementor-element-9739c80 elementor-widget elementor-widget-text-editor\" data-id=\"9739c80\" data-element_type=\"widget\" data-e-type=\"widget\" data-widget_type=\"text-editor.default\">\n\t\t\t\t\t\t\t\t\t<p>La danza de la Jor Chan es una dramatizaci\u00f3n ritual que representa el despertar de la serpiente m\u00edtica, la Chan, s\u00edmbolo de la tierra, la fertilidad y de la conexi\u00f3n con lo divino. En ella participan personajes que persiguen, cazan y ofrecen dos pavos (uno macho y otra hembra) como sacrificio. La sangre de los pavos y sus despojos son usados simb\u00f3licamente para alimentar la tierra.<\/p><p>El ritual se ejecuta al ritmo del pito (una flauta tradicional) y de tambores, con cantos, rezos y danzas que invocan lluvia y fertilidad. Se considera vital para la buena milpa \u2014es decir, para que el ma\u00edz y otros cultivos crezcan sanos\u2014 pues el ciclo del agricultor depende de la temporada de lluvias y de que se cumpla adecuadamente este rito ancestral.<\/p>\t\t\t\t\t\t\t\t<\/div>\n\t\t\t\t\t<\/div>\n\t\t\t\t<\/div>\n\t\t<div data-particle_enable=\"false\" data-particle-mobile-disabled=\"false\" class=\"elementor-element elementor-element-12f8c3d e-flex e-con-boxed e-con e-parent\" data-id=\"12f8c3d\" data-element_type=\"container\" data-e-type=\"container\">\n\t\t\t\t\t<div class=\"e-con-inner\">\n\t\t\t\t<div class=\"elementor-element elementor-element-253e5a3 elementor-invisible elementor-widget elementor-widget-facebook-embed\" data-id=\"253e5a3\" data-element_type=\"widget\" data-e-type=\"widget\" data-settings=\"{&quot;_animation&quot;:&quot;zoomInDown&quot;}\" data-widget_type=\"facebook-embed.default\">\n\t\t\t\t\t<div style=\"min-height: 1px\" class=\"elementor-facebook-widget fb-video\" data-href=\"https:\/\/www.facebook.com\/watch\/?ref=search&#038;v=1356866118321383&#038;external_log_id=fa8a91e7-fa58-4797-8e93-c6a17c302248&#038;q=La%20danza%20de%20Jor%20Chan\" data-show-text=\"false\" data-allowfullscreen=\"false\" data-autoplay=\"false\" data-show-captions=\"false\"><\/div>\t\t\t\t<\/div>\n\t\t\t\t\t<\/div>\n\t\t\t\t<\/div>\n\t\t<div data-particle_enable=\"false\" data-particle-mobile-disabled=\"false\" class=\"elementor-element elementor-element-d43b1ca e-flex e-con-boxed e-con e-parent\" data-id=\"d43b1ca\" data-element_type=\"container\" data-e-type=\"container\">\n\t\t\t\t\t<div class=\"e-con-inner\">\n\t\t\t\t<div class=\"elementor-element elementor-element-cfeaf0e elementor-widget elementor-widget-heading\" data-id=\"cfeaf0e\" data-element_type=\"widget\" data-e-type=\"widget\" data-widget_type=\"heading.default\">\n\t\t\t\t\t<h3 class=\"elementor-heading-title elementor-size-default\">\u00bfC\u00f3mo naci\u00f3 y cu\u00e1l es su origen?<\/h3>\t\t\t\t<\/div>\n\t\t\t\t\t<\/div>\n\t\t\t\t<\/div>\n\t\t<div data-particle_enable=\"false\" data-particle-mobile-disabled=\"false\" class=\"elementor-element elementor-element-0a087e0 e-flex e-con-boxed e-con e-parent\" data-id=\"0a087e0\" data-element_type=\"container\" data-e-type=\"container\">\n\t\t\t\t\t<div class=\"e-con-inner\">\n\t\t\t\t<div class=\"elementor-element elementor-element-459d86e elementor-widget elementor-widget-text-editor\" data-id=\"459d86e\" data-element_type=\"widget\" data-e-type=\"widget\" data-widget_type=\"text-editor.default\">\n\t\t\t\t\t\t\t\t\t<p>El Jor Chan hunde sus ra\u00edces en las pr\u00e1cticas cosmog\u00f3nicas de los pueblos <a href=\"https:\/\/soymigrante.com\/revista\/el-pueblo-chorti-es-el-corazon-maya-del-oriente-guatemalteco\/\" target=\"_blank\" rel=\"noopener\">maya Ch\u2019orti\u2019, que habitan Jocot\u00e1n y regiones aleda\u00f1as.<\/a> Estas comunidades desde tiempos prehisp\u00e1nicos han tenido rituales vinculados al ciclo agr\u00edcola, a la serpiente como ser m\u00edtico que habita bajo tierra o en cuevas, al llamado de lluvias, y al ofrecimiento como medio para propiciar equilibrio con el entorno.<\/p><p>Aunque no se tiene una fecha exacta de fundaci\u00f3n del ritual, su pr\u00e1ctica se ha transmitido de generaci\u00f3n en generaci\u00f3n. En tiempos recientes, la comunidad ha trabajado en su recuperaci\u00f3n y preservaci\u00f3n \u2014no solo como manifestaci\u00f3n cultural, sino tambi\u00e9n como parte de su identidad ch\u2019orti\u2019.<\/p>\t\t\t\t\t\t\t\t<\/div>\n\t\t\t\t\t<\/div>\n\t\t\t\t<\/div>\n\t\t<div data-particle_enable=\"false\" data-particle-mobile-disabled=\"false\" class=\"elementor-element elementor-element-bee76d3 e-flex e-con-boxed e-con e-parent\" data-id=\"bee76d3\" data-element_type=\"container\" data-e-type=\"container\">\n\t\t\t\t\t<div class=\"e-con-inner\">\n\t\t\t\t<div class=\"elementor-element elementor-element-eeef730 elementor-widget elementor-widget-heading\" data-id=\"eeef730\" data-element_type=\"widget\" data-e-type=\"widget\" data-widget_type=\"heading.default\">\n\t\t\t\t\t<h3 class=\"elementor-heading-title elementor-size-default\">La tradici\u00f3n: cu\u00e1ndo, c\u00f3mo y por qu\u00e9 se celebra<\/h3>\t\t\t\t<\/div>\n\t\t\t\t\t<\/div>\n\t\t\t\t<\/div>\n\t\t<div data-particle_enable=\"false\" data-particle-mobile-disabled=\"false\" class=\"elementor-element elementor-element-353b3d9 e-flex e-con-boxed e-con e-parent\" data-id=\"353b3d9\" data-element_type=\"container\" data-e-type=\"container\">\n\t\t\t\t\t<div class=\"e-con-inner\">\n\t\t\t\t<div class=\"elementor-element elementor-element-a57f657 elementor-widget elementor-widget-image\" data-id=\"a57f657\" data-element_type=\"widget\" data-e-type=\"widget\" data-widget_type=\"image.default\">\n\t\t\t\t\t\t\t\t\t\t\t\t<figure class=\"wp-caption\">\n\t\t\t\t\t\t\t\t\t\t<img fetchpriority=\"high\" decoding=\"async\" width=\"259\" height=\"194\" src=\"https:\/\/soymigrante.com\/revista\/wp-content\/uploads\/2025\/09\/horchan.jpg\" class=\"attachment-large size-large wp-image-45977\" alt=\"La representaci\u00f3n de la danza Jor Chan o Hor Chan es relativamente reciente, alrededor de 40 a\u00f1os, pero se fundamenta en vestigios milenarios.\" title=\"La representaci\u00f3n de la danza Jor Chan o Hor Chan es relativamente reciente, alrededor de 40 a\u00f1os, pero se fundamenta en vestigios milenarios. \u2013 SoyMigrante.com REVISTA\" \/>\t\t\t\t\t\t\t\t\t\t\t<figcaption class=\"widget-image-caption wp-caption-text\">La representaci\u00f3n de la danza Jor Chan o Hor Chan es relativamente reciente, alrededor de 40 a\u00f1os, pero se fundamenta en vestigios milenarios.<\/figcaption>\n\t\t\t\t\t\t\t\t\t\t<\/figure>\n\t\t\t\t\t\t\t\t\t<\/div>\n\t\t\t\t\t<\/div>\n\t\t\t\t<\/div>\n\t\t<div data-particle_enable=\"false\" data-particle-mobile-disabled=\"false\" class=\"elementor-element elementor-element-bb3d290 e-flex e-con-boxed e-con e-parent\" data-id=\"bb3d290\" data-element_type=\"container\" data-e-type=\"container\">\n\t\t\t\t\t<div class=\"e-con-inner\">\n\t\t\t\t<div class=\"elementor-element elementor-element-75d8ba8 elementor-widget elementor-widget-text-editor\" data-id=\"75d8ba8\" data-element_type=\"widget\" data-e-type=\"widget\" data-widget_type=\"text-editor.default\">\n\t\t\t\t\t\t\t\t\t<div><strong>\u2022 Cu\u00e1ndo:<\/strong> El ritual se celebra entre el 25 de abril y el 3 de mayo, marcando la clausura del ciclo estival de 80 d\u00edas que prepara la tierra para sembrar. Este periodo incluye quemas, preparaci\u00f3n del suelo y otros trabajos agr\u00edcolas previos al inicio de lluvias.\u00a0 \u00a0<\/div><div><strong>\u2022C\u00f3mo:<\/strong><\/div><div>Se despierta al Chan con rezos, sonido del pito y tambores.\u00a0 \u00a0<\/div><div>Se cazan simb\u00f3licamente los pavos, los cuales son sacrificados: los despojos y la sangre se depositan en una cava simb\u00f3lica que se considera el ombligo de la tierra.\u00a0 \u00a0<\/div><div>Hay dramatizaciones: la serpiente persiguiendo los pavos, rituales de oraci\u00f3n, m\u00fasica ancestral, danzas de invocaci\u00f3n.\u00a0 \u00a0<\/div><div><strong>\u2022Por qu\u00e9<\/strong>: Para asegurar la lluvia, la fertilidad del suelo, la buena cosecha, la continuidad de la vida agr\u00edcola. <a href=\"https:\/\/soymigrante.com\/revista\/el-pueblo-chorti-es-el-corazon-maya-del-oriente-guatemalteco\/\" target=\"_blank\" rel=\"noopener\">Tambi\u00e9n para afirmar la identidad cultural del pueblo Ch\u2019orti\u2019,<\/a> mantener vivos sus mitos, sus s\u00edmbolos, sus expresiones de devoci\u00f3n hacia la tierra y los elementos naturales.\u00a0 \u00a0<\/div>\t\t\t\t\t\t\t\t<\/div>\n\t\t\t\t\t<\/div>\n\t\t\t\t<\/div>\n\t\t<div data-particle_enable=\"false\" data-particle-mobile-disabled=\"false\" class=\"elementor-element elementor-element-21db7d4 e-flex e-con-boxed e-con e-parent\" data-id=\"21db7d4\" data-element_type=\"container\" data-e-type=\"container\">\n\t\t\t\t\t<div class=\"e-con-inner\">\n\t\t\t\t<div class=\"elementor-element elementor-element-ecc42db elementor-widget elementor-widget-image\" data-id=\"ecc42db\" data-element_type=\"widget\" data-e-type=\"widget\" data-widget_type=\"image.default\">\n\t\t\t\t\t\t\t\t\t\t\t\t<figure class=\"wp-caption\">\n\t\t\t\t\t\t\t\t\t\t<img decoding=\"async\" width=\"1024\" height=\"580\" src=\"https:\/\/soymigrante.com\/revista\/wp-content\/uploads\/2025\/09\/jor-chan-1024x580.png\" class=\"attachment-large size-large wp-image-45978\" alt=\"El s\u00edmbolo de la serpiente es legendario en Mesoam\u00e9rica y en este caso efect\u00faa un recorrido para atraer las lluvias yla fertilidad.\" srcset=\"https:\/\/soymigrante.com\/revista\/wp-content\/uploads\/2025\/09\/jor-chan-1024x580.png 1024w, https:\/\/soymigrante.com\/revista\/wp-content\/uploads\/2025\/09\/jor-chan-300x170.png 300w, https:\/\/soymigrante.com\/revista\/wp-content\/uploads\/2025\/09\/jor-chan-768x435.png 768w, https:\/\/soymigrante.com\/revista\/wp-content\/uploads\/2025\/09\/jor-chan-750x425.png 750w, https:\/\/soymigrante.com\/revista\/wp-content\/uploads\/2025\/09\/jor-chan-1140x646.png 1140w, https:\/\/soymigrante.com\/revista\/wp-content\/uploads\/2025\/09\/jor-chan.png 1299w\" sizes=\"(max-width: 1024px) 100vw, 1024px\" title=\"El s\u00edmbolo de la serpiente es legendario en Mesoam\u00e9rica y en este caso efect\u00faa un  recorrido para atraer las lluvias yla fertilidad. \u2013 SoyMigrante.com REVISTA\" \/>\t\t\t\t\t\t\t\t\t\t\t<figcaption class=\"widget-image-caption wp-caption-text\">El s\u00edmbolo de la serpiente es legendario en Mesoam\u00e9rica y en este caso efect\u00faa un  recorrido para atraer las lluvias yla fertilidad.<\/figcaption>\n\t\t\t\t\t\t\t\t\t\t<\/figure>\n\t\t\t\t\t\t\t\t\t<\/div>\n\t\t\t\t\t<\/div>\n\t\t\t\t<\/div>\n\t\t<div data-particle_enable=\"false\" data-particle-mobile-disabled=\"false\" class=\"elementor-element elementor-element-6f1d5d1 e-flex e-con-boxed e-con e-parent\" data-id=\"6f1d5d1\" data-element_type=\"container\" data-e-type=\"container\">\n\t\t\t\t\t<div class=\"e-con-inner\">\n\t\t\t\t<div class=\"elementor-element elementor-element-5544f76 elementor-widget elementor-widget-heading\" data-id=\"5544f76\" data-element_type=\"widget\" data-e-type=\"widget\" data-widget_type=\"heading.default\">\n\t\t\t\t\t<h3 class=\"elementor-heading-title elementor-size-default\">Su importancia cultural<\/h3>\t\t\t\t<\/div>\n\t\t\t\t\t<\/div>\n\t\t\t\t<\/div>\n\t\t<div data-particle_enable=\"false\" data-particle-mobile-disabled=\"false\" class=\"elementor-element elementor-element-c6648dd e-flex e-con-boxed e-con e-parent\" data-id=\"c6648dd\" data-element_type=\"container\" data-e-type=\"container\">\n\t\t\t\t\t<div class=\"e-con-inner\">\n\t\t\t\t<div class=\"elementor-element elementor-element-08f961f elementor-widget elementor-widget-text-editor\" data-id=\"08f961f\" data-element_type=\"widget\" data-e-type=\"widget\" data-widget_type=\"text-editor.default\">\n\t\t\t\t\t\t\t\t\t<div><ol><li><strong>Preservaci\u00f3n identitaria.<\/strong> En un mundo cambiante, la danza Jor Chan mantiene vivo el legado Ch\u2019orti\u2019, sus creencias, su visi\u00f3n del mundo, su relaci\u00f3n con la tierra. Es parte del acervo intangible que define qui\u00e9nes son los habitantes de Jocot\u00e1n.\u00a0 \u00a0<\/li><li><strong>Funci\u00f3n ritual-agropecuaria.<\/strong> No s\u00f3lo est\u00e9tica o cultural: la danza cumple un rol pr\u00e1ctico dentro de la cosmovisi\u00f3n: pedir lluvia, asegurar la milpa, respetar los tiempos agr\u00edcolas. Su realizaci\u00f3n condiciona, simb\u00f3licamente, la prosperidad del ciclo agr\u00edcola.\u00a0 \u00a0<\/li><li><strong>V\u00ednculo entre lo ancestral y lo comunitario contempor\u00e1neo<\/strong>. A trav\u00e9s del mantenimiento de la danza, las generaciones j\u00f3venes se conectan con sus mayores, participan activamente, revitalizan costumbres. Es una manifestaci\u00f3n de resistencia cultural frente a la globalizaci\u00f3n, la p\u00e9rdida de costumbres y la influencia externa.<\/li><li><strong>Valor simb\u00f3lico y est\u00e9tico<\/strong>. La serpiente Chan, los pavos, el sonido de los tambores, el pito, tienen un fuerte componente visual, po\u00e9tico y ritual. La danza no s\u00f3lo es acto, sino met\u00e1fora: de ciclos, de muerte-renovaci\u00f3n, de dependencia humana del entorno natural.\u00a0 \u00a0<\/li><\/ol><\/div>\t\t\t\t\t\t\t\t<\/div>\n\t\t\t\t\t<\/div>\n\t\t\t\t<\/div>\n\t\t<div data-particle_enable=\"false\" data-particle-mobile-disabled=\"false\" class=\"elementor-element elementor-element-7ddbfd4 e-flex e-con-boxed e-con e-parent\" data-id=\"7ddbfd4\" data-element_type=\"container\" data-e-type=\"container\">\n\t\t\t\t\t<div class=\"e-con-inner\">\n\t\t\t\t<div class=\"elementor-element elementor-element-512c975 elementor-widget elementor-widget-image\" data-id=\"512c975\" data-element_type=\"widget\" data-e-type=\"widget\" data-widget_type=\"image.default\">\n\t\t\t\t\t\t\t\t\t\t\t\t<figure class=\"wp-caption\">\n\t\t\t\t\t\t\t\t\t\t<img decoding=\"async\" width=\"907\" height=\"457\" src=\"https:\/\/soymigrante.com\/revista\/wp-content\/uploads\/2025\/09\/serpiente-penasco-los-migueles.png\" class=\"attachment-large size-large wp-image-45979\" alt=\"Esta es la figura sinuosa de una serpiente en el pe\u00f1asco Los Migueles, que fundamenta la danza de Jor Chan o Hor Chan: Cabeza de Serpiente en Jocot\u00e1n, Chiquimula.\" srcset=\"https:\/\/soymigrante.com\/revista\/wp-content\/uploads\/2025\/09\/serpiente-penasco-los-migueles.png 907w, https:\/\/soymigrante.com\/revista\/wp-content\/uploads\/2025\/09\/serpiente-penasco-los-migueles-300x151.png 300w, https:\/\/soymigrante.com\/revista\/wp-content\/uploads\/2025\/09\/serpiente-penasco-los-migueles-768x387.png 768w, https:\/\/soymigrante.com\/revista\/wp-content\/uploads\/2025\/09\/serpiente-penasco-los-migueles-360x180.png 360w, https:\/\/soymigrante.com\/revista\/wp-content\/uploads\/2025\/09\/serpiente-penasco-los-migueles-750x378.png 750w\" sizes=\"(max-width: 907px) 100vw, 907px\" title=\"Esta es la figura sinuosa de una serpiente en el pe\u00f1asco Los Migueles, que fundamenta la danza de Jor Chan o Hor Chan: Cabeza de Serpiente en Jocot\u00e1n, Chiquimula. \u2013 SoyMigrante.com REVISTA\" \/>\t\t\t\t\t\t\t\t\t\t\t<figcaption class=\"widget-image-caption wp-caption-text\">Esta es la figura sinuosa de una serpiente en el pe\u00f1asco Los Migueles, que fundamenta la danza de Jor Chan o Hor Chan: Cabeza de Serpiente en Jocot\u00e1n, Chiquimula.<\/figcaption>\n\t\t\t\t\t\t\t\t\t\t<\/figure>\n\t\t\t\t\t\t\t\t\t<\/div>\n\t\t\t\t\t<\/div>\n\t\t\t\t<\/div>\n\t\t<div data-particle_enable=\"false\" data-particle-mobile-disabled=\"false\" class=\"elementor-element elementor-element-0d85fe7 e-flex e-con-boxed e-con e-parent\" data-id=\"0d85fe7\" data-element_type=\"container\" data-e-type=\"container\">\n\t\t\t\t\t<div class=\"e-con-inner\">\n\t\t\t\t<div class=\"elementor-element elementor-element-2a491bc elementor-widget elementor-widget-heading\" data-id=\"2a491bc\" data-element_type=\"widget\" data-e-type=\"widget\" data-widget_type=\"heading.default\">\n\t\t\t\t\t<h3 class=\"elementor-heading-title elementor-size-default\">Desaf\u00edos y perspectivas<\/h3>\t\t\t\t<\/div>\n\t\t\t\t\t<\/div>\n\t\t\t\t<\/div>\n\t\t<div data-particle_enable=\"false\" data-particle-mobile-disabled=\"false\" class=\"elementor-element elementor-element-69b169c e-flex e-con-boxed e-con e-parent\" data-id=\"69b169c\" data-element_type=\"container\" data-e-type=\"container\">\n\t\t\t\t\t<div class=\"e-con-inner\">\n\t\t\t\t<div class=\"elementor-element elementor-element-eba0c64 elementor-widget elementor-widget-text-editor\" data-id=\"eba0c64\" data-element_type=\"widget\" data-e-type=\"widget\" data-widget_type=\"text-editor.default\">\n\t\t\t\t\t\t\t\t\t<div><a href=\"https:\/\/ls3.usac.edu.gt\/revindex\/articulos\/editor5-r247_pi1_pfi20_ra246137.pdf\" target=\"_blank\" rel=\"noopener\">Aunque la tradici\u00f3n del Jor Chan sigue vigente, enfrenta varios retos:<\/a><\/div><div>\u2022La p\u00e9rdida de memoria hist\u00f3rica: generaciones que no conocen a profundidad los mitos, las oraciones, los significados.<\/div><div>\u2022Posible influencia de presiones externas: migraciones, influencias religiosas, cambios econ\u00f3micos, que pueden reducir el espacio para lo ritual.<\/div><div>\u2022Necesidad de apoyo institucional para proteger y difundir la danza \u2014 talleres, registros, festivales locales, educaci\u00f3n cultural.<\/div><div>\u00a0<\/div><div>Al mismo tiempo, las perspectivas son positivas si se trabaja en fortalecer la transmisi\u00f3n intergeneracional, documentaci\u00f3n de la pr\u00e1ctica, incorporarla en programas culturales oficiales, y potenciarla como patrimonio intangible.<\/div>\t\t\t\t\t\t\t\t<\/div>\n\t\t\t\t\t<\/div>\n\t\t\t\t<\/div>\n\t\t<div data-particle_enable=\"false\" data-particle-mobile-disabled=\"false\" class=\"elementor-element elementor-element-23911ba e-flex e-con-boxed e-con e-parent\" data-id=\"23911ba\" data-element_type=\"container\" data-e-type=\"container\">\n\t\t\t\t\t<div class=\"e-con-inner\">\n\t\t\t\t<div class=\"elementor-element elementor-element-2eec954 elementor-widget elementor-widget-video\" data-id=\"2eec954\" data-element_type=\"widget\" data-e-type=\"widget\" data-settings=\"{&quot;youtube_url&quot;:&quot;https:\\\/\\\/www.youtube.com\\\/watch?v=OJUfstMbK_0&quot;,&quot;video_type&quot;:&quot;youtube&quot;,&quot;controls&quot;:&quot;yes&quot;}\" data-widget_type=\"video.default\">\n\t\t\t\t\t\t\t<div class=\"elementor-wrapper elementor-open-inline\">\n\t\t\t<div class=\"elementor-video\"><\/div>\t\t<\/div>\n\t\t\t\t\t\t<\/div>\n\t\t\t\t\t<\/div>\n\t\t\t\t<\/div>\n\t\t<div data-particle_enable=\"false\" data-particle-mobile-disabled=\"false\" class=\"elementor-element elementor-element-a7a8433 e-flex e-con-boxed e-con e-parent\" data-id=\"a7a8433\" data-element_type=\"container\" data-e-type=\"container\">\n\t\t\t\t\t<div class=\"e-con-inner\">\n\t\t\t\t<div class=\"elementor-element elementor-element-89ff1d8 elementor-widget elementor-widget-text-editor\" data-id=\"89ff1d8\" data-element_type=\"widget\" data-e-type=\"widget\" data-widget_type=\"text-editor.default\">\n\t\t\t\t\t\t\t\t\t<p><a href=\"https:\/\/ls3.usac.edu.gt\/revindex\/articulos\/editor5-r247_pi1_pfi20_ra246137.pdf\" target=\"_blank\" rel=\"noopener\">La danza de Jor Chan en Jocot\u00e1n no es simplemente una expresi\u00f3n art\u00edstica folcl\u00f3rica<\/a> m\u00e1s; es un ritual vivo, una oraci\u00f3n hecha movimiento, que mantiene la conexi\u00f3n entre el pueblo y la tierra, entre el pasado y el presente. Cuando la serpiente despierta, cuando los pavos son ofrecidos, no solo se pide un buen invierno: se afirma una identidad, se reitera la pertenencia a una tradici\u00f3n que sigue siendo necesaria y poderosa.<\/p>\t\t\t\t\t\t\t\t<\/div>\n\t\t\t\t\t<\/div>\n\t\t\t\t<\/div>\n\t\t<div data-particle_enable=\"false\" data-particle-mobile-disabled=\"false\" class=\"elementor-element elementor-element-7f4faae e-flex e-con-boxed e-con e-parent\" data-id=\"7f4faae\" data-element_type=\"container\" data-e-type=\"container\">\n\t\t\t\t\t<div class=\"e-con-inner\">\n\t\t\t\t<div class=\"elementor-element elementor-element-783a67f elementor-widget elementor-widget-heading\" data-id=\"783a67f\" data-element_type=\"widget\" data-e-type=\"widget\" data-widget_type=\"heading.default\">\n\t\t\t\t\t<h2 class=\"elementor-heading-title elementor-size-default\">Conoce m\u00e1s de las tradiciones de Guatemala, ac\u00e1...<\/h2>\t\t\t\t<\/div>\n\t\t\t\t\t<\/div>\n\t\t\t\t<\/div>\n\t\t<div data-particle_enable=\"false\" data-particle-mobile-disabled=\"false\" class=\"elementor-element elementor-element-4daca6a e-flex e-con-boxed e-con e-parent\" data-id=\"4daca6a\" data-element_type=\"container\" data-e-type=\"container\">\n\t\t\t\t\t<div class=\"e-con-inner\">\n\t\t\t\t<div class=\"elementor-element elementor-element-54f3722 elementor-grid-eael-col-3 elementor-grid-tablet-eael-col-2 elementor-grid-mobile-eael-col-1 elementor-widget elementor-widget-eael-post-grid\" data-id=\"54f3722\" data-element_type=\"widget\" data-e-type=\"widget\" data-settings=\"{&quot;eael_post_grid_columns&quot;:&quot;eael-col-3&quot;,&quot;eael_post_grid_columns_tablet&quot;:&quot;eael-col-2&quot;,&quot;eael_post_grid_columns_mobile&quot;:&quot;eael-col-1&quot;}\" data-widget_type=\"eael-post-grid.default\">\n\t\t\t\t\t<div id=\"eael-post-grid-54f3722\" class=\"eael-post-grid-container\">\n            <div class=\"eael-post-grid eael-post-appender eael-post-appender-54f3722 eael-post-grid-style-one\" data-layout-mode=\"masonry\"><article class=\"eael-grid-post  eael-post-grid-column eael-pg-post-1716 category-guate-nuestra\" data-id=\"1716\">\n        <div class=\"eael-grid-post-holder\">\n            <div class=\"eael-grid-post-holder-inner\"><div class=\"eael-entry-media\"><div class=\"eael-entry-overlay fade-in\"><i class=\"far fa-hand-pointer\" aria-hidden=\"true\"><\/i><a href=\"https:\/\/soymigrante.com\/revista\/cultura-migrante-tigre-lazo-baile\/\"><\/a><\/div><div class=\"eael-entry-thumbnail eael-image-ratio\">\n                <img loading=\"lazy\" decoding=\"async\" width=\"1024\" height=\"731\" src=\"https:\/\/soymigrante.com\/revista\/wp-content\/uploads\/2023\/07\/seuimiento-monos-y-tigres-1024x731.webp\" class=\"attachment-large size-large wp-image-1735\" alt=\"\" srcset=\"https:\/\/soymigrante.com\/revista\/wp-content\/uploads\/2023\/07\/seuimiento-monos-y-tigres-1024x731.webp 1024w, https:\/\/soymigrante.com\/revista\/wp-content\/uploads\/2023\/07\/seuimiento-monos-y-tigres-300x214.webp 300w, https:\/\/soymigrante.com\/revista\/wp-content\/uploads\/2023\/07\/seuimiento-monos-y-tigres-768x549.webp 768w, https:\/\/soymigrante.com\/revista\/wp-content\/uploads\/2023\/07\/seuimiento-monos-y-tigres-120x86.webp 120w, https:\/\/soymigrante.com\/revista\/wp-content\/uploads\/2023\/07\/seuimiento-monos-y-tigres-350x250.webp 350w, https:\/\/soymigrante.com\/revista\/wp-content\/uploads\/2023\/07\/seuimiento-monos-y-tigres-750x536.webp 750w, https:\/\/soymigrante.com\/revista\/wp-content\/uploads\/2023\/07\/seuimiento-monos-y-tigres-1140x814.webp 1140w, https:\/\/soymigrante.com\/revista\/wp-content\/uploads\/2023\/07\/seuimiento-monos-y-tigres.webp 1512w\" sizes=\"(max-width: 1024px) 100vw, 1024px\" \/>\n            <\/div>\n        <\/div><div class=\"eael-entry-wrapper\"><header class=\"eael-entry-header\"><h2 class=\"eael-entry-title\"><a class=\"eael-grid-post-link\" href=\"https:\/\/soymigrante.com\/revista\/cultura-migrante-tigre-lazo-baile\/\" title=\"Recordando el Tigre, Lazo y Baile: Tradiciones Migrantes\">Recordando el Tigre, Lazo y Baile: Tradiciones Migrantes<\/a><\/h2><\/header><div class=\"eael-entry-content\">\n                        <div class=\"eael-grid-post-excerpt\"><a href=\"https:\/\/soymigrante.com\/revista\/cultura-migrante-tigre-lazo-baile\/\" class=\"eael-post-elements-readmore-btn\">CONOCE SU HISTORIA <\/a><\/div>\n                    <\/div><\/div><\/div>\n        <\/div>\n    <\/article><article class=\"eael-grid-post  eael-post-grid-column eael-pg-post-2390 category-guate-nuestra tags-danzas-de-guatemala\" data-id=\"2390\">\n        <div class=\"eael-grid-post-holder\">\n            <div class=\"eael-grid-post-holder-inner\"><div class=\"eael-entry-media\"><div class=\"eael-entry-overlay fade-in\"><i class=\"far fa-hand-pointer\" aria-hidden=\"true\"><\/i><a href=\"https:\/\/soymigrante.com\/revista\/guatemala-danza-el-baile-de-la-paach-de-san-marcos-es-patrimonio-de-la-humanidad\/\"><\/a><\/div><div class=\"eael-entry-thumbnail eael-image-ratio\">\n                <img loading=\"lazy\" decoding=\"async\" width=\"1000\" height=\"636\" src=\"https:\/\/soymigrante.com\/revista\/wp-content\/uploads\/2023\/09\/03672-HUG.webp\" class=\"attachment-large size-large wp-image-2424\" alt=\"La percusi\u00f3n del tambor abre paso al recorrido de los ancianos, padrinos y comunidad, en camino a la Casa de la Paazh (Fotograf\u00eda Archivo FLAAR-Unesco)\" srcset=\"https:\/\/soymigrante.com\/revista\/wp-content\/uploads\/2023\/09\/03672-HUG.webp 1000w, https:\/\/soymigrante.com\/revista\/wp-content\/uploads\/2023\/09\/03672-HUG-300x191.webp 300w, https:\/\/soymigrante.com\/revista\/wp-content\/uploads\/2023\/09\/03672-HUG-768x488.webp 768w, https:\/\/soymigrante.com\/revista\/wp-content\/uploads\/2023\/09\/03672-HUG-750x477.webp 750w\" sizes=\"(max-width: 1000px) 100vw, 1000px\" \/>\n            <\/div>\n        <\/div><div class=\"eael-entry-wrapper\"><header class=\"eael-entry-header\"><h2 class=\"eael-entry-title\"><a class=\"eael-grid-post-link\" href=\"https:\/\/soymigrante.com\/revista\/guatemala-danza-el-baile-de-la-paach-de-san-marcos-es-patrimonio-de-la-humanidad\/\" title=\"Danzas de Guatemala: El baile de La Paach, de San Marcos es Patrimonio de la Humanidad\">Danzas de Guatemala: El baile de La Paach, de San Marcos es Patrimonio de la Humanidad<\/a><\/h2><\/header><div class=\"eael-entry-content\">\n                        <div class=\"eael-grid-post-excerpt\"><a href=\"https:\/\/soymigrante.com\/revista\/guatemala-danza-el-baile-de-la-paach-de-san-marcos-es-patrimonio-de-la-humanidad\/\" class=\"eael-post-elements-readmore-btn\">CONOCE SU HISTORIA <\/a><\/div>\n                    <\/div><\/div><\/div>\n        <\/div>\n    <\/article><article class=\"eael-grid-post  eael-post-grid-column eael-pg-post-27614 category-exitos-guatemala\" data-id=\"27614\">\n        <div class=\"eael-grid-post-holder\">\n            <div class=\"eael-grid-post-holder-inner\"><div class=\"eael-entry-media\"><div class=\"eael-entry-overlay fade-in\"><i class=\"far fa-hand-pointer\" aria-hidden=\"true\"><\/i><a href=\"https:\/\/soymigrante.com\/revista\/gloria-e-chacon-academica-maya-chorti-impulsa-la-literatura-indigena-en-california\/\"><\/a><\/div><div class=\"eael-entry-thumbnail eael-image-ratio\">\n                <img loading=\"lazy\" decoding=\"async\" width=\"395\" height=\"395\" src=\"https:\/\/soymigrante.com\/revista\/wp-content\/uploads\/2025\/03\/gloria-e-chacon-4.webp\" class=\"attachment-large size-large wp-image-27618\" alt=\"Profesional mujer hispana hablando en conferencia, resaltando migrantes y derechos humanos en evento en una sala con cortinas blancas.\" srcset=\"https:\/\/soymigrante.com\/revista\/wp-content\/uploads\/2025\/03\/gloria-e-chacon-4.webp 395w, https:\/\/soymigrante.com\/revista\/wp-content\/uploads\/2025\/03\/gloria-e-chacon-4-300x300.jpg 300w, https:\/\/soymigrante.com\/revista\/wp-content\/uploads\/2025\/03\/gloria-e-chacon-4-150x150.jpg 150w, https:\/\/soymigrante.com\/revista\/wp-content\/uploads\/2025\/03\/gloria-e-chacon-4-75x75.webp 75w\" sizes=\"(max-width: 395px) 100vw, 395px\" \/>\n            <\/div>\n        <\/div><div class=\"eael-entry-wrapper\"><header class=\"eael-entry-header\"><h2 class=\"eael-entry-title\"><a class=\"eael-grid-post-link\" href=\"https:\/\/soymigrante.com\/revista\/gloria-e-chacon-academica-maya-chorti-impulsa-la-literatura-indigena-en-california\/\" title=\"Gloria E. Chac\u00f3n, acad\u00e9mica maya chort\u00ed, impulsa la literatura ind\u00edgena en California\">Gloria E. Chac\u00f3n, acad\u00e9mica maya chort\u00ed, impulsa la literatura ind\u00edgena en California<\/a><\/h2><\/header><div class=\"eael-entry-content\">\n                        <div class=\"eael-grid-post-excerpt\"><a href=\"https:\/\/soymigrante.com\/revista\/gloria-e-chacon-academica-maya-chorti-impulsa-la-literatura-indigena-en-california\/\" class=\"eael-post-elements-readmore-btn\">CONOCE SU HISTORIA <\/a><\/div>\n                    <\/div><\/div><\/div>\n        <\/div>\n    <\/article><\/div>\n            <div class=\"clearfix\"><\/div>\n        <\/div>\t\t\t\t<\/div>\n\t\t\t\t\t<\/div>\n\t\t\t\t<\/div>\n\t\t\t\t<\/div>\n\t\t","protected":false},"excerpt":{"rendered":"<p>La danza del Jor Chan es originaria del oriente de Guatemala: su nombre, en idioma chort\u00ed significa &#8220;la cabeza de la serpiente&#8221; y se escenifica en Jocot\u00e1n, Chiquimula. En este municipio del oriente guatemalteco, dentro de la regi\u00f3n Ch\u2019orti\u2019, cada a\u00f1o se revive una tradici\u00f3n ancestral cargada de simbolismo y fuerza: la danza del Jor [&hellip;]<\/p>\n","protected":false},"author":19,"featured_media":45895,"comment_status":"open","ping_status":"open","sticky":false,"template":"","format":"standard","meta":{"_acf_changed":false,"_eb_attr":"","footnotes":""},"categories":[58],"tags":[244],"class_list":["post-45894","post","type-post","status-publish","format-standard","has-post-thumbnail","hentry","category-guate-nuestra","tag-danzas-de-guatemala"],"acf":[],"aioseo_notices":[],"aioseo_head":"\n\t\t<!-- All in One SEO Pro 4.9.6.2 - aioseo.com -->\n\t<meta name=\"description\" content=\"La migraci\u00f3n y la herencia ancestral inspiran a la catedr\u00e1tica chort\u00ed Gloria Chac\u00f3n para preservar la memoria, la identidad y la literatura ind\u00edgena.\" \/>\n\t<meta name=\"robots\" content=\"max-snippet:-1, max-image-preview:large, max-video-preview:-1\" \/>\n\t<meta name=\"author\" content=\"Gustavo Montenegro\"\/>\n\t<link rel=\"canonical\" href=\"https:\/\/soymigrante.com\/revista\/gloria-e-chacon-academica-maya-chorti-impulsa-la-literatura-indigena-en-california\/\" \/>\n\t<meta name=\"generator\" content=\"All in One SEO Pro (AIOSEO) 4.9.6.2\" \/>\n\n\t\t<link rel=\"preconnect\" href=\"https:\/\/fonts.googleapis.com\" crossorigin>\n<link rel=\"preconnect\" href=\"https:\/\/fonts.gstatic.com\" crossorigin>\n\t\t<meta property=\"og:locale\" content=\"es_ES\" \/>\n\t\t<meta property=\"og:site_name\" content=\"SoyMigrante.com REVISTA \u2013 Nuestra misi\u00f3n es reconocer y dignificar al migrante.\" \/>\n\t\t<meta property=\"og:type\" content=\"article\" \/>\n\t\t<meta property=\"og:title\" content=\"Gloria Chac\u00f3n chort\u00ed impulsa literatura ind\u00edgena en California\" \/>\n\t\t<meta property=\"og:description\" content=\"La migraci\u00f3n y la herencia ancestral inspiran a la catedr\u00e1tica chort\u00ed Gloria Chac\u00f3n para preservar la memoria, la identidad y la literatura ind\u00edgena.\" \/>\n\t\t<meta property=\"og:url\" content=\"https:\/\/soymigrante.com\/revista\/gloria-e-chacon-academica-maya-chorti-impulsa-la-literatura-indigena-en-california\/\" \/>\n\t\t<meta property=\"og:image\" content=\"https:\/\/soymigrante.com\/revista\/wp-content\/uploads\/2025\/03\/gloria-e-chacon-4.webp\" \/>\n\t\t<meta property=\"og:image:secure_url\" content=\"https:\/\/soymigrante.com\/revista\/wp-content\/uploads\/2025\/03\/gloria-e-chacon-4.webp\" \/>\n\t\t<meta property=\"og:image:width\" content=\"395\" \/>\n\t\t<meta property=\"og:image:height\" content=\"395\" \/>\n\t\t<meta property=\"article:published_time\" content=\"2025-03-10T19:56:33+00:00\" \/>\n\t\t<meta property=\"article:modified_time\" content=\"2025-10-03T20:51:27+00:00\" \/>\n\t\t<meta property=\"article:publisher\" content=\"https:\/\/www.facebook.com\/soymigrantecom\" \/>\n\t\t<meta name=\"twitter:card\" content=\"summary_large_image\" \/>\n\t\t<meta name=\"twitter:site\" content=\"@SoyMigrante_com\" \/>\n\t\t<meta name=\"twitter:title\" content=\"Gloria Chac\u00f3n chort\u00ed impulsa literatura ind\u00edgena en California\" \/>\n\t\t<meta name=\"twitter:description\" content=\"La migraci\u00f3n y la herencia ancestral inspiran a la catedr\u00e1tica chort\u00ed Gloria Chac\u00f3n para preservar la memoria, la identidad y la literatura ind\u00edgena.\" \/>\n\t\t<meta name=\"twitter:creator\" content=\"@SoyMigrante_com\" \/>\n\t\t<meta name=\"twitter:image\" content=\"https:\/\/soymigrante.com\/revista\/wp-content\/uploads\/2025\/03\/gloria-e-chacon-4.webp\" \/>\n\t\t<!-- All in One SEO Pro -->\r\n\t\t<title>Gloria Chac\u00f3n chort\u00ed impulsa literatura ind\u00edgena en California<\/title>\n\n","aioseo_head_json":{"title":"Gloria Chac\u00f3n chort\u00ed impulsa literatura ind\u00edgena en California","description":"La migraci\u00f3n y la herencia ancestral inspiran a la catedr\u00e1tica chort\u00ed Gloria Chac\u00f3n para preservar la memoria, la identidad y la literatura ind\u00edgena.","canonical_url":"https:\/\/soymigrante.com\/revista\/gloria-e-chacon-academica-maya-chorti-impulsa-la-literatura-indigena-en-california\/","robots":"max-snippet:-1, max-image-preview:large, max-video-preview:-1","keywords":"","webmasterTools":{"miscellaneous":"&lt;link rel=\"preconnect\" href=\"https:\/\/fonts.googleapis.com\" crossorigin&gt;\n&lt;link rel=\"preconnect\" href=\"https:\/\/fonts.gstatic.com\" crossorigin&gt;"},"schema":null,"og:locale":"es_ES","og:site_name":"SoyMigrante.com REVISTA \u2013 Nuestra misi\u00f3n es reconocer y dignificar al migrante.","og:type":"article","og:title":"Gloria Chac\u00f3n chort\u00ed impulsa literatura ind\u00edgena en California","og:description":"La migraci\u00f3n y la herencia ancestral inspiran a la catedr\u00e1tica chort\u00ed Gloria Chac\u00f3n para preservar la memoria, la identidad y la literatura ind\u00edgena.","og:url":"https:\/\/soymigrante.com\/revista\/gloria-e-chacon-academica-maya-chorti-impulsa-la-literatura-indigena-en-california\/","og:image":"https:\/\/soymigrante.com\/revista\/wp-content\/uploads\/2025\/03\/gloria-e-chacon-4.webp","og:image:secure_url":"https:\/\/soymigrante.com\/revista\/wp-content\/uploads\/2025\/03\/gloria-e-chacon-4.webp","og:image:width":395,"og:image:height":395,"article:published_time":"2025-03-10T19:56:33+00:00","article:modified_time":"2025-10-03T20:51:27+00:00","article:publisher":"https:\/\/www.facebook.com\/soymigrantecom","twitter:card":"summary_large_image","twitter:site":"@SoyMigrante_com","twitter:title":"Gloria Chac\u00f3n chort\u00ed impulsa literatura ind\u00edgena en California","twitter:description":"La migraci\u00f3n y la herencia ancestral inspiran a la catedr\u00e1tica chort\u00ed Gloria Chac\u00f3n para preservar la memoria, la identidad y la literatura ind\u00edgena.","twitter:creator":"@SoyMigrante_com","twitter:image":"https:\/\/soymigrante.com\/revista\/wp-content\/uploads\/2025\/03\/gloria-e-chacon-4.webp"},"aioseo_meta_data":{"post_id":"45894","title":"Jor Chan es la danza de la serpiente en Jocot\u00e1n, Chiquimula","description":"La danza del Jor Chan es una danza \u00fanica en su tipo, que prepara la tierra para las siembras. Propia de Jocot\u00e1n, Chiquimula. Conoce m\u00e1s sobre ella.","keywords":null,"keyphrases":{"focus":{"keyphrase":"Jor Chan","score":91,"analysis":{"keyphraseInTitle":{"score":9,"maxScore":9,"error":0},"keyphraseInDescription":{"score":9,"maxScore":9,"error":0},"keyphraseLength":{"score":9,"maxScore":9,"error":0,"length":2},"keyphraseInURL":{"score":5,"maxScore":5,"error":0},"keyphraseInIntroduction":{"score":9,"maxScore":9,"error":0},"keyphraseInSubHeadings":{"score":3,"maxScore":9,"error":1},"keyphraseInImageAlt":{"score":9,"maxScore":9,"error":0},"keywordDensity":{"type":"best","score":9,"maxScore":9,"error":0}}},"additional":[{"keyphrase":"Danza","score":100,"analysis":{"keyphraseInDescription":{"score":9,"maxScore":9,"error":0},"keyphraseLength":{"score":9,"maxScore":9,"error":0,"length":1},"keyphraseInIntroduction":{"score":9,"maxScore":9,"error":0},"keyphraseInImageAlt":{"score":9,"maxScore":9,"error":0},"keywordDensity":{"type":"best","score":9,"maxScore":9,"error":0}}},{"keyphrase":"Guatemala","score":40,"analysis":{"keyphraseInDescription":{"score":3,"maxScore":9,"error":1},"keyphraseLength":{"score":9,"maxScore":9,"error":0,"length":1},"keyphraseInIntroduction":{"score":3,"maxScore":9,"error":1},"keyphraseInImageAlt":{"score":3,"maxScore":9,"error":1},"keywordDensity":{"score":0,"type":"low","maxScore":9,"error":1}}},{"keyphrase":"Oriente","score":53,"analysis":{"keyphraseInDescription":{"score":3,"maxScore":9,"error":1},"keyphraseLength":{"score":9,"maxScore":9,"error":0,"length":1},"keyphraseInIntroduction":{"score":9,"maxScore":9,"error":0},"keyphraseInImageAlt":{"score":3,"maxScore":9,"error":1},"keywordDensity":{"score":0,"type":"low","maxScore":9,"error":1}}}]},"primary_term":null,"canonical_url":null,"og_title":null,"og_description":null,"og_object_type":"default","og_image_type":"default","og_image_url":null,"og_image_width":null,"og_image_height":null,"og_image_custom_url":null,"og_image_custom_fields":null,"og_video":"","og_custom_url":null,"og_article_section":null,"og_article_tags":null,"twitter_use_og":false,"twitter_card":"default","twitter_image_type":"default","twitter_image_url":null,"twitter_image_custom_url":null,"twitter_image_custom_fields":null,"twitter_title":null,"twitter_description":null,"schema":{"blockGraphs":[],"customGraphs":[],"default":{"data":{"Article":[],"Course":[],"Dataset":[],"FAQPage":[],"Movie":[],"Person":[],"Product":[],"ProductReview":[],"Car":[],"Recipe":[],"Service":[],"SoftwareApplication":[],"WebPage":[]},"graphName":"none","isEnabled":true},"graphs":[]},"schema_type":"default","schema_type_options":null,"pillar_content":false,"robots_default":true,"robots_noindex":false,"robots_noarchive":false,"robots_nosnippet":false,"robots_nofollow":false,"robots_noimageindex":false,"robots_noodp":false,"robots_notranslate":false,"robots_max_snippet":"-1","robots_max_videopreview":"-1","robots_max_imagepreview":"large","priority":null,"frequency":"default","local_seo":null,"seo_analyzer_scan_date":"2025-10-09 08:50:35","breadcrumb_settings":null,"limit_modified_date":false,"reviewed_by":"0","open_ai":null,"ai":{"faqs":[],"keyPoints":[],"titles":[],"descriptions":[],"socialPosts":{"email":[],"linkedin":[],"twitter":[],"facebook":[],"instagram":[]}},"created":"2025-09-24 16:25:52","updated":"2026-02-05 05:46:37"},"aioseo_breadcrumb":"<div class=\"aioseo-breadcrumbs\"><span class=\"aioseo-breadcrumb\">\n\t<a href=\"https:\/\/soymigrante.com\/revista\" title=\"Home\">Home<\/a>\n<\/span><span class=\"aioseo-breadcrumb-separator\">\u00bb<\/span><span class=\"aioseo-breadcrumb\">\n\t<a href=\"https:\/\/soymigrante.com\/revista\/category\/guate-nuestra\/\" title=\"Guate Nuestra\">Guate Nuestra<\/a>\n<\/span><span class=\"aioseo-breadcrumb-separator\">\u00bb<\/span><span class=\"aioseo-breadcrumb\">\n\tJor Chan: la danza de la serpiente que despierta la tierra en Jocot\u00e1n\n<\/span><\/div>","aioseo_breadcrumb_json":[{"label":"Home","link":"https:\/\/soymigrante.com\/revista"},{"label":"Guate Nuestra","link":"https:\/\/soymigrante.com\/revista\/category\/guate-nuestra\/"},{"label":"Jor Chan: la danza de la serpiente que despierta la tierra en Jocot\u00e1n","link":"https:\/\/soymigrante.com\/revista\/jor-chan-la-danza-de-la-serpiente-que-despierta-la-tierra-en-jocotan\/"}],"_links":{"self":[{"href":"https:\/\/soymigrante.com\/revista\/wp-json\/wp\/v2\/posts\/45894","targetHints":{"allow":["GET"]}}],"collection":[{"href":"https:\/\/soymigrante.com\/revista\/wp-json\/wp\/v2\/posts"}],"about":[{"href":"https:\/\/soymigrante.com\/revista\/wp-json\/wp\/v2\/types\/post"}],"author":[{"embeddable":true,"href":"https:\/\/soymigrante.com\/revista\/wp-json\/wp\/v2\/users\/19"}],"replies":[{"embeddable":true,"href":"https:\/\/soymigrante.com\/revista\/wp-json\/wp\/v2\/comments?post=45894"}],"version-history":[{"count":16,"href":"https:\/\/soymigrante.com\/revista\/wp-json\/wp\/v2\/posts\/45894\/revisions"}],"predecessor-version":[{"id":45983,"href":"https:\/\/soymigrante.com\/revista\/wp-json\/wp\/v2\/posts\/45894\/revisions\/45983"}],"wp:featuredmedia":[{"embeddable":true,"href":"https:\/\/soymigrante.com\/revista\/wp-json\/wp\/v2\/media\/45895"}],"wp:attachment":[{"href":"https:\/\/soymigrante.com\/revista\/wp-json\/wp\/v2\/media?parent=45894"}],"wp:term":[{"taxonomy":"category","embeddable":true,"href":"https:\/\/soymigrante.com\/revista\/wp-json\/wp\/v2\/categories?post=45894"},{"taxonomy":"post_tag","embeddable":true,"href":"https:\/\/soymigrante.com\/revista\/wp-json\/wp\/v2\/tags?post=45894"}],"curies":[{"name":"wp","href":"https:\/\/api.w.org\/{rel}","templated":true}]}}