{"id":45893,"date":"2025-09-24T11:47:58","date_gmt":"2025-09-24T17:47:58","guid":{"rendered":"https:\/\/soymigrante.com\/revista\/?p=45893"},"modified":"2025-09-24T11:57:51","modified_gmt":"2025-09-24T17:57:51","slug":"marbel-ofrece-cafe-de-las-altas-montanas-de-san-miguel-acatan-huehuetenango","status":"publish","type":"post","link":"https:\/\/soymigrante.com\/revista\/marbel-ofrece-cafe-de-las-altas-montanas-de-san-miguel-acatan-huehuetenango\/","title":{"rendered":"Marbel ofrece caf\u00e9 de las altas monta\u00f1as de San Miguel Acat\u00e1n, Huehuetenango"},"content":{"rendered":"\t\t<div data-elementor-type=\"wp-post\" data-elementor-id=\"45893\" class=\"elementor elementor-45893\" data-elementor-post-type=\"post\">\n\t\t\t\t<div data-particle_enable=\"false\" data-particle-mobile-disabled=\"false\" class=\"elementor-element elementor-element-1a42a77 e-flex e-con-boxed e-con e-parent\" data-id=\"1a42a77\" data-element_type=\"container\" data-e-type=\"container\">\n\t\t\t\t\t<div class=\"e-con-inner\">\n\t\t\t\t<div class=\"elementor-element elementor-element-e0a8a28 elementor-widget elementor-widget-heading\" data-id=\"e0a8a28\" data-element_type=\"widget\" data-e-type=\"widget\" data-widget_type=\"heading.default\">\n\t\t\t\t\t<h2 class=\"elementor-heading-title elementor-size-default\">Cultivado por manos campesinas a m\u00e1s de 1700 metros de altura, en la Sierra de los Cuchumatanes y en las monta\u00f1as de San Miguel Acat\u00e1n, Caf\u00e9 Marbel est\u00e1 disponible a trav\u00e9s de su tienda digital en SoyMigrante.com MERCADO<\/h2>\t\t\t\t<\/div>\n\t\t\t\t\t<\/div>\n\t\t\t\t<\/div>\n\t\t<div data-particle_enable=\"false\" data-particle-mobile-disabled=\"false\" class=\"elementor-element elementor-element-c46d3b3 e-flex e-con-boxed e-con e-parent\" data-id=\"c46d3b3\" data-element_type=\"container\" data-e-type=\"container\">\n\t\t\t\t\t<div class=\"e-con-inner\">\n\t\t\t\t<div class=\"elementor-element elementor-element-285785d elementor-widget elementor-widget-text-editor\" data-id=\"285785d\" data-element_type=\"widget\" data-e-type=\"widget\" data-widget_type=\"text-editor.default\">\n\t\t\t\t\t\t\t\t\t<p>&#8220;Comenzamos este a\u00f1o con Caf\u00e9 Marbel a procesar el caf\u00e9 de los peque\u00f1os caficultores de San Miguel Acat\u00e1n, porque lo vend\u00edan solo en grano o en pergamino. Y entramos a SoyMigrante MERCADO porque conf\u00edo y admiro a <a href=\"https:\/\/soymigrante.com\/revista\/un-tejido-de-una-abuela-maya-es-tan-valioso-como-un-software-de-silicon-valley-marcos-antil-en-foro-de-industria-creativa\/\">Marcos Antil,<\/a> quien nos apoya a todos los emprendedores a trav\u00e9s de esta plataforma&#8221;, expresa Manuel Mart\u00edn, emprendedor <a href=\"https:\/\/soymigrante.com\/revista\/etnias-de-guatemala-akateko-el-pueblo-que-vino-de-tenam-y-sigue-floreciendo\/\">akateko,<\/a> fundador de <a href=\"https:\/\/soymigrante.com\/mercado\/marketplace\/marbel\">Caf\u00e9 Marbel, que ya tiene su tienda digital.<\/a><\/p>\t\t\t\t\t\t\t\t<\/div>\n\t\t\t\t\t<\/div>\n\t\t\t\t<\/div>\n\t\t<div data-particle_enable=\"false\" data-particle-mobile-disabled=\"false\" class=\"elementor-element elementor-element-c9707fe e-flex e-con-boxed e-con e-parent\" data-id=\"c9707fe\" data-element_type=\"container\" data-e-type=\"container\">\n\t\t\t\t\t<div class=\"e-con-inner\">\n\t\t\t\t<div class=\"elementor-element elementor-element-c85bb1f elementor-widget elementor-widget-image\" data-id=\"c85bb1f\" data-element_type=\"widget\" data-e-type=\"widget\" data-widget_type=\"image.default\">\n\t\t\t\t\t\t\t\t\t\t\t\t<figure class=\"wp-caption\">\n\t\t\t\t\t\t\t\t\t\t\t<a href=\"https:\/\/soymigrante.com\/mercado\/marketplace\/marbel\">\n\t\t\t\t\t\t\t<img fetchpriority=\"high\" decoding=\"async\" width=\"1024\" height=\"407\" src=\"https:\/\/soymigrante.com\/revista\/wp-content\/uploads\/2025\/09\/cafe-marbel-en-soymigrante-MERCADO-1024x407.png\" class=\"attachment-large size-large wp-image-45916\" alt=\"Caf\u00e9 Marbel, de San Miguel Acatan, Huehuetenango ofrece opciones de caf\u00e9 tostado o tambi\u00e9n saborizado artesanalmente con canela o cardamomo. Para ir a la tienda y hacer tu pedido, hacer clic en la imagen.\" srcset=\"https:\/\/soymigrante.com\/revista\/wp-content\/uploads\/2025\/09\/cafe-marbel-en-soymigrante-MERCADO-1024x407.png 1024w, https:\/\/soymigrante.com\/revista\/wp-content\/uploads\/2025\/09\/cafe-marbel-en-soymigrante-MERCADO-300x119.png 300w, https:\/\/soymigrante.com\/revista\/wp-content\/uploads\/2025\/09\/cafe-marbel-en-soymigrante-MERCADO-768x306.png 768w, https:\/\/soymigrante.com\/revista\/wp-content\/uploads\/2025\/09\/cafe-marbel-en-soymigrante-MERCADO-1536x611.png 1536w, https:\/\/soymigrante.com\/revista\/wp-content\/uploads\/2025\/09\/cafe-marbel-en-soymigrante-MERCADO-2048x815.png 2048w, https:\/\/soymigrante.com\/revista\/wp-content\/uploads\/2025\/09\/cafe-marbel-en-soymigrante-MERCADO-750x298.png 750w, https:\/\/soymigrante.com\/revista\/wp-content\/uploads\/2025\/09\/cafe-marbel-en-soymigrante-MERCADO-1140x454.png 1140w\" sizes=\"(max-width: 1024px) 100vw, 1024px\" title=\"Caf\u00e9 Marbel, de San Miguel Acatan, Huehuetenango ofrece opciones de caf\u00e9 tostado o tambi\u00e9n saborizado artesanalmente con canela o cardamomo. Para ir a la tienda y hacer tu pedido, hacer clic en la imagen. \u2013 SoyMigrante.com REVISTA\" \/>\t\t\t\t\t\t\t\t<\/a>\n\t\t\t\t\t\t\t\t\t\t\t<figcaption class=\"widget-image-caption wp-caption-text\">Caf\u00e9 Marbel, de San Miguel Acatan, Huehuetenango ofrece opciones de caf\u00e9 tostado o tambi\u00e9n saborizado artesanalmente con canela o cardamomo. Para ir a la tienda y hacer tu pedido, hacer clic en la imagen.<\/figcaption>\n\t\t\t\t\t\t\t\t\t\t<\/figure>\n\t\t\t\t\t\t\t\t\t<\/div>\n\t\t\t\t\t<\/div>\n\t\t\t\t<\/div>\n\t\t<div data-particle_enable=\"false\" data-particle-mobile-disabled=\"false\" class=\"elementor-element elementor-element-bb4fd52 e-flex e-con-boxed e-con e-parent\" data-id=\"bb4fd52\" data-element_type=\"container\" data-e-type=\"container\">\n\t\t\t\t\t<div class=\"e-con-inner\">\n\t\t\t\t<div class=\"elementor-element elementor-element-ceefcff elementor-widget elementor-widget-heading\" data-id=\"ceefcff\" data-element_type=\"widget\" data-e-type=\"widget\" data-widget_type=\"heading.default\">\n\t\t\t\t\t<h3 class=\"elementor-heading-title elementor-size-default\">El esp\u00edritu de las monta\u00f1as en cada taza<\/h3>\t\t\t\t<\/div>\n\t\t\t\t\t<\/div>\n\t\t\t\t<\/div>\n\t\t<div data-particle_enable=\"false\" data-particle-mobile-disabled=\"false\" class=\"elementor-element elementor-element-0e55f9c e-flex e-con-boxed e-con e-parent\" data-id=\"0e55f9c\" data-element_type=\"container\" data-e-type=\"container\">\n\t\t\t\t\t<div class=\"e-con-inner\">\n\t\t\t\t<div class=\"elementor-element elementor-element-6b6d683 elementor-widget elementor-widget-text-editor\" data-id=\"6b6d683\" data-element_type=\"widget\" data-e-type=\"widget\" data-widget_type=\"text-editor.default\">\n\t\t\t\t\t\t\t\t\t<p>&#8220;El caf\u00e9 de San Miguel Acat\u00e1n es uno de los que se cultivan a mayor altura, en este suelo que le da un sabor especial. Queremos que tenga denominaci\u00f3n de origen, que se reconozca su valor y su sabor&#8221;, agrega Mart\u00edn, quien tiene un peque\u00f1o negocio de venta de art\u00edculos, as\u00ed como presta servicios de transporte local.<\/p><p>&#8220;Al inicio fueron algunos amigos que cosechan caf\u00e9 a quienes se les compr\u00f3 algunos quintales para procesar. Pero otros productores locales <a href=\"https:\/\/soymigrante.com\/revista\/etnias-de-guatemala-akateko-el-pueblo-que-vino-de-tenam-y-sigue-floreciendo\/\">akatekos<\/a> oyeron que yo compraba el caf\u00e9 a mejor precio y\u00a0 se acercaron. Entre todos nos ayudamos&#8221;, cuenta, con lo cual deja entrever su afan de generar oportunidades a la vez que genera recursos para su familia.<\/p>\t\t\t\t\t\t\t\t<\/div>\n\t\t\t\t\t<\/div>\n\t\t\t\t<\/div>\n\t\t<div data-particle_enable=\"false\" data-particle-mobile-disabled=\"false\" class=\"elementor-element elementor-element-30c1ec7 e-flex e-con-boxed e-con e-parent\" data-id=\"30c1ec7\" data-element_type=\"container\" data-e-type=\"container\">\n\t\t\t\t\t<div class=\"e-con-inner\">\n\t\t\t\t<div class=\"elementor-element elementor-element-aefbb6b elementor-invisible elementor-widget elementor-widget-testimonial\" data-id=\"aefbb6b\" data-element_type=\"widget\" data-e-type=\"widget\" data-settings=\"{&quot;_animation&quot;:&quot;rotateInUpRight&quot;}\" data-widget_type=\"testimonial.default\">\n\t\t\t\t\t\t\t<div class=\"elementor-testimonial-wrapper\">\n\t\t\t\t\t\t\t<div class=\"elementor-testimonial-content\">\"Mi gran objetivo es impulsar el desarrollo de peque\u00f1os caficultores artesanales de San Miguel Acat\u00e1n. Por nuestra altura y riqueza de suelos aqu\u00ed se produce un grano de calidad que merece ser conocido y disfrutado\".<\/div>\n\t\t\t\n\t\t\t\t\t\t<div class=\"elementor-testimonial-meta elementor-has-image elementor-testimonial-image-position-aside\">\n\t\t\t\t<div class=\"elementor-testimonial-meta-inner\">\n\t\t\t\t\t\t\t\t\t\t\t<div class=\"elementor-testimonial-image\">\n\t\t\t\t\t\t\t<img decoding=\"async\" width=\"1068\" height=\"1071\" src=\"https:\/\/soymigrante.com\/revista\/wp-content\/uploads\/2025\/09\/cafe-marbel-san-miguel-acatan.jpg\" class=\"attachment-full size-full wp-image-45917\" alt=\"caf\u00e9 marbel san miguel acat\u00e1n\" title=\"caf\u00e9 marbel san miguel acat\u00e1n \u2013 SoyMigrante.com REVISTA\" srcset=\"https:\/\/soymigrante.com\/revista\/wp-content\/uploads\/2025\/09\/cafe-marbel-san-miguel-acatan.jpg 1068w, https:\/\/soymigrante.com\/revista\/wp-content\/uploads\/2025\/09\/cafe-marbel-san-miguel-acatan-300x300.jpg 300w, https:\/\/soymigrante.com\/revista\/wp-content\/uploads\/2025\/09\/cafe-marbel-san-miguel-acatan-1021x1024.jpg 1021w, https:\/\/soymigrante.com\/revista\/wp-content\/uploads\/2025\/09\/cafe-marbel-san-miguel-acatan-150x150.jpg 150w, https:\/\/soymigrante.com\/revista\/wp-content\/uploads\/2025\/09\/cafe-marbel-san-miguel-acatan-768x770.jpg 768w, https:\/\/soymigrante.com\/revista\/wp-content\/uploads\/2025\/09\/cafe-marbel-san-miguel-acatan-75x75.jpg 75w, https:\/\/soymigrante.com\/revista\/wp-content\/uploads\/2025\/09\/cafe-marbel-san-miguel-acatan-750x752.jpg 750w\" sizes=\"(max-width: 1068px) 100vw, 1068px\" \/>\t\t\t\t\t\t<\/div>\n\t\t\t\t\t\n\t\t\t\t\t\t\t\t\t\t<div class=\"elementor-testimonial-details\">\n\t\t\t\t\t\t\t\t\t\t\t\t\t\t<div class=\"elementor-testimonial-name\">Manuel Mart\u00edn<\/div>\n\t\t\t\t\t\t\t\t\t\t\t\t\t\t\t\t\t\t\t\t\t\t<div class=\"elementor-testimonial-job\">Emprendedor akateko, de\nSan Miguel Acat\u00e1n, Huehuetenango,\nfundador de Caf\u00e9 Marbel.<\/div>\n\t\t\t\t\t\t\t\t\t\t\t\t\t<\/div>\n\t\t\t\t\t\t\t\t\t<\/div>\n\t\t\t<\/div>\n\t\t\t\t\t<\/div>\n\t\t\t\t\t\t<\/div>\n\t\t\t\t\t<\/div>\n\t\t\t\t<\/div>\n\t\t<div data-particle_enable=\"false\" data-particle-mobile-disabled=\"false\" class=\"elementor-element elementor-element-d4ba200 e-flex e-con-boxed e-con e-parent\" data-id=\"d4ba200\" data-element_type=\"container\" data-e-type=\"container\">\n\t\t\t\t\t<div class=\"e-con-inner\">\n\t\t\t\t<div class=\"elementor-element elementor-element-8b098c0 elementor-widget elementor-widget-heading\" data-id=\"8b098c0\" data-element_type=\"widget\" data-e-type=\"widget\" data-widget_type=\"heading.default\">\n\t\t\t\t\t<h3 class=\"elementor-heading-title elementor-size-default\">\u00bfQu\u00e9 significa Marbel?<\/h3>\t\t\t\t<\/div>\n\t\t\t\t\t<\/div>\n\t\t\t\t<\/div>\n\t\t<div data-particle_enable=\"false\" data-particle-mobile-disabled=\"false\" class=\"elementor-element elementor-element-1a8dfbc e-flex e-con-boxed e-con e-parent\" data-id=\"1a8dfbc\" data-element_type=\"container\" data-e-type=\"container\">\n\t\t\t\t\t<div class=\"e-con-inner\">\n\t\t\t\t<div class=\"elementor-element elementor-element-528a7c9 elementor-widget elementor-widget-text-editor\" data-id=\"528a7c9\" data-element_type=\"widget\" data-e-type=\"widget\" data-widget_type=\"text-editor.default\">\n\t\t\t\t\t\t\t\t\t<p>El nombre de <a href=\"https:\/\/soymigrante.com\/mercado\/marketplace\/marbel\">Marbel <\/a>tambi\u00e9n tiene historia, aunque con un toque de nostalgia y sentimiento. &#8220;Marbel es la combinaci\u00f3n de dos nombres. Mar\u00eda, el nombre de mi finada esposa. Y Bel, que en akateko es Manuel. Marbel. Tenemos una venta de celulares, librer\u00eda y otros art\u00edculos. Al surgir el caf\u00e9, tambi\u00e9n no pod\u00eda tener otro\u00a0 nombre&#8221;, relata Manuel.<\/p><p>La cultura del caf\u00e9 tambi\u00e9n tiene fuertes ra\u00edces en el coraz\u00f3n de Manuel. &#8220;Soy puro miguele\u00f1o, pero crecimos en Barillas. All\u00ed trabaj\u00e9 mucho tiempo con mi abuelo, recolectando y cuidando el caf\u00e9. Por eso s\u00e9\u00a0 diferenciar la calidad y el sabor del caf\u00e9, seg\u00fan el clima y la altura&#8221;, cuenta.<\/p>\t\t\t\t\t\t\t\t<\/div>\n\t\t\t\t\t<\/div>\n\t\t\t\t<\/div>\n\t\t<div data-particle_enable=\"false\" data-particle-mobile-disabled=\"false\" class=\"elementor-element elementor-element-6aab495 e-flex e-con-boxed e-con e-parent\" data-id=\"6aab495\" data-element_type=\"container\" data-e-type=\"container\">\n\t\t\t\t\t<div class=\"e-con-inner\">\n\t\t\t\t<div class=\"elementor-element elementor-element-d51c90e elementor-align-center elementor-widget elementor-widget-global elementor-global-14402 elementor-widget-button\" data-id=\"d51c90e\" data-element_type=\"widget\" data-e-type=\"widget\" data-widget_type=\"button.default\">\n\t\t\t\t\t\t\t\t\t\t<a class=\"elementor-button elementor-button-link elementor-size-sm\" href=\"https:\/\/soymigrante.com\/mercado\/marketplace\/seller\/register\">\n\t\t\t\t\t\t<span class=\"elementor-button-content-wrapper\">\n\t\t\t\t\t\t<span class=\"elementor-button-icon\">\n\t\t\t\t<i aria-hidden=\"true\" class=\"fas fa-cart-arrow-down\"><\/i>\t\t\t<\/span>\n\t\t\t\t\t\t\t\t\t<span class=\"elementor-button-text\">\u00bfERES EMPRENDEDOR Y QUIERES ENTRAR AL COMERCIO DIGITAL? NO ESPERES M\u00c1S Y  ABRE TU TIENDA DIGITAL  EN SOYMIGRANTE.COM\/MERCADO <\/span>\n\t\t\t\t\t<\/span>\n\t\t\t\t\t<\/a>\n\t\t\t\t\t\t\t\t<\/div>\n\t\t\t\t\t<\/div>\n\t\t\t\t<\/div>\n\t\t<div data-particle_enable=\"false\" data-particle-mobile-disabled=\"false\" class=\"elementor-element elementor-element-3054003 e-flex e-con-boxed e-con e-parent\" data-id=\"3054003\" data-element_type=\"container\" data-e-type=\"container\">\n\t\t\t\t\t<div class=\"e-con-inner\">\n\t\t\t\t<div class=\"elementor-element elementor-element-e17e0e7 elementor-widget elementor-widget-image\" data-id=\"e17e0e7\" data-element_type=\"widget\" data-e-type=\"widget\" data-widget_type=\"image.default\">\n\t\t\t\t\t\t\t\t\t\t\t\t<figure class=\"wp-caption\">\n\t\t\t\t\t\t\t\t\t\t<img decoding=\"async\" width=\"955\" height=\"955\" src=\"https:\/\/soymigrante.com\/revista\/wp-content\/uploads\/2025\/09\/grano-natural-de-altura.jpg\" class=\"attachment-large size-large wp-image-45920\" alt=\"Disfrutar de un grano de caf\u00e9 cultivado a mas de 1700 metros de altura, en la sierra de los Cuchumatanes es posible a trav\u00e9s de Caf\u00e9 Marbel, disponible en SoyMigrante.com MERCADO. Fotograf\u00eda de caf\u00e9 en cereza reci\u00e9n recolectado y entregado a Manuel Mart\u00edn para su beneficiado y procesamiento.\" srcset=\"https:\/\/soymigrante.com\/revista\/wp-content\/uploads\/2025\/09\/grano-natural-de-altura.jpg 955w, https:\/\/soymigrante.com\/revista\/wp-content\/uploads\/2025\/09\/grano-natural-de-altura-300x300.jpg 300w, https:\/\/soymigrante.com\/revista\/wp-content\/uploads\/2025\/09\/grano-natural-de-altura-150x150.jpg 150w, https:\/\/soymigrante.com\/revista\/wp-content\/uploads\/2025\/09\/grano-natural-de-altura-768x768.jpg 768w, https:\/\/soymigrante.com\/revista\/wp-content\/uploads\/2025\/09\/grano-natural-de-altura-75x75.jpg 75w, https:\/\/soymigrante.com\/revista\/wp-content\/uploads\/2025\/09\/grano-natural-de-altura-750x750.jpg 750w\" sizes=\"(max-width: 955px) 100vw, 955px\" title=\"Disfrutar de un grano de caf\u00e9 cultivado a mas de 1700 metros de altura, en la sierra de los Cuchumatanes es posible a trav\u00e9s de Caf\u00e9 Marbel, disponible en SoyMigrante.com MERCADO. Fotograf\u00eda de caf\u00e9 en cereza reci\u00e9n recolectado y entregado a Manuel Mart\u00edn para su beneficiado y procesamiento. \u2013 SoyMigrante.com REVISTA\" \/>\t\t\t\t\t\t\t\t\t\t\t<figcaption class=\"widget-image-caption wp-caption-text\">Disfrutar de un grano de caf\u00e9 cultivado a mas de 1700 metros de altura, en la sierra de los Cuchumatanes es posible a trav\u00e9s de Caf\u00e9 Marbel, disponible en SoyMigrante.com MERCADO. Fotograf\u00eda de caf\u00e9 en cereza reci\u00e9n recolectado y entregado a Manuel Mart\u00edn para su beneficiado y procesamiento.<\/figcaption>\n\t\t\t\t\t\t\t\t\t\t<\/figure>\n\t\t\t\t\t\t\t\t\t<\/div>\n\t\t\t\t\t<\/div>\n\t\t\t\t<\/div>\n\t\t<div data-particle_enable=\"false\" data-particle-mobile-disabled=\"false\" class=\"elementor-element elementor-element-cbffee8 e-flex e-con-boxed e-con e-parent\" data-id=\"cbffee8\" data-element_type=\"container\" data-e-type=\"container\">\n\t\t\t\t\t<div class=\"e-con-inner\">\n\t\t\t\t<div class=\"elementor-element elementor-element-52e8731 elementor-widget elementor-widget-heading\" data-id=\"52e8731\" data-element_type=\"widget\" data-e-type=\"widget\" data-widget_type=\"heading.default\">\n\t\t\t\t\t<h3 class=\"elementor-heading-title elementor-size-default\">Proceso artesanal con calidad <\/h3>\t\t\t\t<\/div>\n\t\t\t\t\t<\/div>\n\t\t\t\t<\/div>\n\t\t<div data-particle_enable=\"false\" data-particle-mobile-disabled=\"false\" class=\"elementor-element elementor-element-19287c9 e-flex e-con-boxed e-con e-parent\" data-id=\"19287c9\" data-element_type=\"container\" data-e-type=\"container\">\n\t\t\t\t\t<div class=\"e-con-inner\">\n\t\t\t\t<div class=\"elementor-element elementor-element-ff0d2ad elementor-widget elementor-widget-text-editor\" data-id=\"ff0d2ad\" data-element_type=\"widget\" data-e-type=\"widget\" data-widget_type=\"text-editor.default\">\n\t\t\t\t\t\t\t\t\t<p>&#8220;Cada env\u00edo de caf\u00e9 que recibo es revisado, pushito a pushito, para que sea el grano de la mejor calidad.\u00a0 En Santa Cruz Barillas se efect\u00faa el proceso de tostado, con el apoyo de un amigo experto&#8221;.<\/p><p>Entre sus planes est\u00e1 proveer de mayor asesor\u00eda a los peque\u00f1os caficultores para que puedan mejorar su calidad, rendimiento de cosechas y efectuar una recolecci\u00f3n a tiempo, con m\u00e9todos adecuados.<\/p><p>Manuel distribuye caf\u00e9 Marbel en municipios ceranos, pero tiene grandes metas de crecimiento. Por eso decidi\u00f3 <a href=\"https:\/\/soymigrante.com\/mercado\/marketplace\/marbel\">entrar a SoyMigrante.com MERCADO<\/a>. &#8220;Hace a\u00f1os admiro a <a href=\"https:\/\/soymigrante.com\/revista\/un-tejido-de-una-abuela-maya-es-tan-valioso-como-un-software-de-silicon-valley-marcos-antil-en-foro-de-industria-creativa\/\">Marcos Antil<\/a>, desde que ten\u00eda su empresa Xumak. Es una persona correcta, ejemplar, un emprendedor&#8230; y ahora con SoyMigrante.com MERCADO nos inspira a crecer, a so\u00f1ar en grande&#8221;.<\/p>\t\t\t\t\t\t\t\t<\/div>\n\t\t\t\t\t<\/div>\n\t\t\t\t<\/div>\n\t\t<div data-particle_enable=\"false\" data-particle-mobile-disabled=\"false\" class=\"elementor-element elementor-element-49756ab e-flex e-con-boxed e-con e-parent\" data-id=\"49756ab\" data-element_type=\"container\" data-e-type=\"container\">\n\t\t\t\t\t<div class=\"e-con-inner\">\n\t\t\t\t<div class=\"elementor-element elementor-element-295cf42 elementor-widget elementor-widget-image\" data-id=\"295cf42\" data-element_type=\"widget\" data-e-type=\"widget\" data-widget_type=\"image.default\">\n\t\t\t\t\t\t\t\t\t\t\t\t<figure class=\"wp-caption\">\n\t\t\t\t\t\t\t\t\t\t\t<a href=\"https:\/\/soymigrante.com\/mercado\/marketplace\/marbel\">\n\t\t\t\t\t\t\t<img loading=\"lazy\" decoding=\"async\" width=\"617\" height=\"1024\" src=\"https:\/\/soymigrante.com\/revista\/wp-content\/uploads\/2025\/09\/san-miguel-acatan-huehuetenango-vistas-617x1024.jpg\" class=\"attachment-large size-large wp-image-45921\" alt=\"San Miguel Acat\u00e1n, Huehuetenango, tiene una altura promedio de 1780 metros sobre el nivel del mar. Es un poblado tranquilo, dedicado a la agricultura y el comercio. Dentro de sus cultivos est\u00e1 el caf\u00e9, que ahora puedes disfrutar sin salir de tu casa a trav\u00e9s de SoyMigrante.com MERCADO y Caf\u00e9 Marbel. Clic en la imagen para pedirlo.\" srcset=\"https:\/\/soymigrante.com\/revista\/wp-content\/uploads\/2025\/09\/san-miguel-acatan-huehuetenango-vistas-617x1024.jpg 617w, https:\/\/soymigrante.com\/revista\/wp-content\/uploads\/2025\/09\/san-miguel-acatan-huehuetenango-vistas-181x300.jpg 181w, https:\/\/soymigrante.com\/revista\/wp-content\/uploads\/2025\/09\/san-miguel-acatan-huehuetenango-vistas-768x1275.jpg 768w, https:\/\/soymigrante.com\/revista\/wp-content\/uploads\/2025\/09\/san-miguel-acatan-huehuetenango-vistas-926x1536.jpg 926w, https:\/\/soymigrante.com\/revista\/wp-content\/uploads\/2025\/09\/san-miguel-acatan-huehuetenango-vistas-750x1245.jpg 750w, https:\/\/soymigrante.com\/revista\/wp-content\/uploads\/2025\/09\/san-miguel-acatan-huehuetenango-vistas-1140x1892.jpg 1140w, https:\/\/soymigrante.com\/revista\/wp-content\/uploads\/2025\/09\/san-miguel-acatan-huehuetenango-vistas.jpg 1234w\" sizes=\"(max-width: 617px) 100vw, 617px\" title=\"San Miguel Acat\u00e1n, Huehuetenango, tiene una altura promedio de 1780 metros sobre el nivel del mar. Es un poblado tranquilo, dedicado a la agricultura y el comercio. Dentro de sus cultivos est\u00e1 el caf\u00e9, que ahora puedes disfrutar sin salir de tu casa a trav\u00e9s de SoyMigrante.com MERCADO y Caf\u00e9 Marbel. Clic en la imagen para pedirlo. \u2013 SoyMigrante.com REVISTA\" \/>\t\t\t\t\t\t\t\t<\/a>\n\t\t\t\t\t\t\t\t\t\t\t<figcaption class=\"widget-image-caption wp-caption-text\">San Miguel Acat\u00e1n, Huehuetenango, tiene una altura promedio de 1780 metros sobre el nivel del mar. Es un poblado tranquilo, dedicado a la agricultura y el comercio. Dentro de sus cultivos est\u00e1 el caf\u00e9, que ahora puedes disfrutar sin salir de tu casa a trav\u00e9s de SoyMigrante.com MERCADO y Caf\u00e9 Marbel. Clic en la imagen para pedirlo.<\/figcaption>\n\t\t\t\t\t\t\t\t\t\t<\/figure>\n\t\t\t\t\t\t\t\t\t<\/div>\n\t\t\t\t\t<\/div>\n\t\t\t\t<\/div>\n\t\t<div data-particle_enable=\"false\" data-particle-mobile-disabled=\"false\" class=\"elementor-element elementor-element-fbdeb50 e-flex e-con-boxed e-con e-parent\" data-id=\"fbdeb50\" data-element_type=\"container\" data-e-type=\"container\">\n\t\t\t\t\t<div class=\"e-con-inner\">\n\t\t\t\t<div class=\"elementor-element elementor-element-c664af6 elementor-widget elementor-widget-html\" data-id=\"c664af6\" data-element_type=\"widget\" data-e-type=\"widget\" data-widget_type=\"html.default\">\n\t\t\t\t\t<iframe src=\"https:\/\/www.facebook.com\/plugins\/video.php?height=476&href=https%3A%2F%2Fwww.facebook.com%2Fmanuel.m.martin.7%2Fvideos%2F180343254228481%2F&show_text=true&width=261&t=0\" width=\"261\" height=\"591\" style=\"border:none;overflow:hidden\" scrolling=\"no\" frameborder=\"0\" allowfullscreen=\"true\" allow=\"autoplay; clipboard-write; encrypted-media; picture-in-picture; web-share\" allowFullScreen=\"true\"><\/iframe>\t\t\t\t<\/div>\n\t\t\t\t\t<\/div>\n\t\t\t\t<\/div>\n\t\t<div data-particle_enable=\"false\" data-particle-mobile-disabled=\"false\" class=\"elementor-element elementor-element-6b99ae9 e-flex e-con-boxed e-con e-parent\" data-id=\"6b99ae9\" data-element_type=\"container\" data-e-type=\"container\">\n\t\t\t\t\t<div class=\"e-con-inner\">\n\t\t\t\t<div class=\"elementor-element elementor-element-50d64e8 elementor-widget elementor-widget-heading\" data-id=\"50d64e8\" data-element_type=\"widget\" data-e-type=\"widget\" data-widget_type=\"heading.default\">\n\t\t\t\t\t<h2 class=\"elementor-heading-title elementor-size-default\">Tambi\u00e9n te podr\u00edan interesar estos art\u00edculos<\/h2>\t\t\t\t<\/div>\n\t\t\t\t\t<\/div>\n\t\t\t\t<\/div>\n\t\t<div data-particle_enable=\"false\" data-particle-mobile-disabled=\"false\" class=\"elementor-element elementor-element-31bec55 e-flex e-con-boxed e-con e-parent\" data-id=\"31bec55\" data-element_type=\"container\" data-e-type=\"container\">\n\t\t\t\t\t<div class=\"e-con-inner\">\n\t\t\t\t<div class=\"elementor-element elementor-element-bcddc25 elementor-grid-eael-col-3 elementor-grid-tablet-eael-col-2 elementor-grid-mobile-eael-col-1 elementor-widget elementor-widget-eael-post-grid\" data-id=\"bcddc25\" data-element_type=\"widget\" data-e-type=\"widget\" data-settings=\"{&quot;eael_post_grid_columns&quot;:&quot;eael-col-3&quot;,&quot;eael_post_grid_columns_tablet&quot;:&quot;eael-col-2&quot;,&quot;eael_post_grid_columns_mobile&quot;:&quot;eael-col-1&quot;}\" data-widget_type=\"eael-post-grid.default\">\n\t\t\t\t\t<div id=\"eael-post-grid-bcddc25\" class=\"eael-post-grid-container\">\n            <div class=\"eael-post-grid eael-post-appender eael-post-appender-bcddc25 eael-post-grid-style-one\" data-layout-mode=\"masonry\"><article class=\"eael-grid-post  eael-post-grid-column eael-pg-post-20205 category-guate-nuestra tags-departamentos-de-guatemala\" data-id=\"20205\">\n        <div class=\"eael-grid-post-holder\">\n            <div class=\"eael-grid-post-holder-inner\"><div class=\"eael-entry-media\"><div class=\"eael-entry-overlay fade-in\"><i class=\"far fa-hand-pointer\" aria-hidden=\"true\"><\/i><a href=\"https:\/\/soymigrante.com\/revista\/departamentos-de-guatemala-huehuetenango-la-tierra-de-kaibil-balam-tesoro-cultural-y-natural\/\"><\/a><\/div><div class=\"eael-entry-thumbnail eael-image-ratio\">\n                <img loading=\"lazy\" decoding=\"async\" width=\"700\" height=\"432\" src=\"https:\/\/soymigrante.com\/revista\/wp-content\/uploads\/2025\/01\/Huehuetenango-3.webp\" class=\"attachment-large size-large wp-image-20208\" alt=\"Casas en las monta\u00f1as, refugio en altitud elevada, paisaje de alta monta\u00f1a, arquitectura tradicional en entorno de naturaleza, paisaje de inspiraci\u00f3n para migrantes y viajeros en busca de tranquilidad.\" srcset=\"https:\/\/soymigrante.com\/revista\/wp-content\/uploads\/2025\/01\/Huehuetenango-3.webp 700w, https:\/\/soymigrante.com\/revista\/wp-content\/uploads\/2025\/01\/Huehuetenango-3-300x185.jpeg 300w\" sizes=\"(max-width: 700px) 100vw, 700px\" \/>\n            <\/div>\n        <\/div><div class=\"eael-entry-wrapper\"><header class=\"eael-entry-header\"><h2 class=\"eael-entry-title\"><a class=\"eael-grid-post-link\" href=\"https:\/\/soymigrante.com\/revista\/departamentos-de-guatemala-huehuetenango-la-tierra-de-kaibil-balam-tesoro-cultural-y-natural\/\" title=\"Departamentos de Guatemala: Huehuetenango, la tierra de Kaibil Balam, tesoro cultural y natural\">Departamentos de Guatemala: Huehuetenango, la tierra de Kaibil Balam, tesoro cultural y natural<\/a><\/h2><\/header><div class=\"eael-entry-content\">\n                        <div class=\"eael-grid-post-excerpt\"><a href=\"https:\/\/soymigrante.com\/revista\/departamentos-de-guatemala-huehuetenango-la-tierra-de-kaibil-balam-tesoro-cultural-y-natural\/\" class=\"eael-post-elements-readmore-btn\">CONOCE SU HISTORIA <\/a><\/div>\n                    <\/div><\/div><\/div>\n        <\/div>\n    <\/article><article class=\"eael-grid-post  eael-post-grid-column eael-pg-post-24210 category-guate-nuestra tags-mercado-emprendedores\" data-id=\"24210\">\n        <div class=\"eael-grid-post-holder\">\n            <div class=\"eael-grid-post-holder-inner\"><div class=\"eael-entry-media\"><div class=\"eael-entry-overlay fade-in\"><i class=\"far fa-hand-pointer\" aria-hidden=\"true\"><\/i><a href=\"https:\/\/soymigrante.com\/revista\/la-tradicion-textil-de-las-hermanas-nicolas-esta-en-mercado\/\"><\/a><\/div><div class=\"eael-entry-thumbnail eael-image-ratio\">\n                <img loading=\"lazy\" decoding=\"async\" width=\"1024\" height=\"768\" src=\"https:\/\/soymigrante.com\/revista\/wp-content\/uploads\/2025\/02\/Las-hermanas-Nicola\u0301s-guardianas-de-la-tradicio\u0301n-textil-esta\u0301n-en-MERCADO1-1024x768.jpg\" class=\"attachment-large size-large wp-image-24213\" alt=\"Las hermanas Nicol\u00e1s guardianas de la tradici\u00f3n textil est\u00e1n en MERCADO\" \/>\n            <\/div>\n        <\/div><div class=\"eael-entry-wrapper\"><header class=\"eael-entry-header\"><h2 class=\"eael-entry-title\"><a class=\"eael-grid-post-link\" href=\"https:\/\/soymigrante.com\/revista\/la-tradicion-textil-de-las-hermanas-nicolas-esta-en-mercado\/\" title=\"Tradici\u00f3n textil huehueteca de las hermanas Nicol\u00e1s est\u00e1 en MERCADO\">Tradici\u00f3n textil huehueteca de las hermanas Nicol\u00e1s est\u00e1 en MERCADO<\/a><\/h2><\/header><div class=\"eael-entry-content\">\n                        <div class=\"eael-grid-post-excerpt\"><a href=\"https:\/\/soymigrante.com\/revista\/la-tradicion-textil-de-las-hermanas-nicolas-esta-en-mercado\/\" class=\"eael-post-elements-readmore-btn\">CONOCE SU HISTORIA <\/a><\/div>\n                    <\/div><\/div><\/div>\n        <\/div>\n    <\/article><article class=\"eael-grid-post  eael-post-grid-column eael-pg-post-8582 category-pueblos-de-guatemala\" data-id=\"8582\">\n        <div class=\"eael-grid-post-holder\">\n            <div class=\"eael-grid-post-holder-inner\"><div class=\"eael-entry-media\"><div class=\"eael-entry-overlay fade-in\"><i class=\"far fa-hand-pointer\" aria-hidden=\"true\"><\/i><a href=\"https:\/\/soymigrante.com\/revista\/etnias-de-guatemala-akateko-el-pueblo-que-vino-de-tenam-y-sigue-floreciendo\/\"><\/a><\/div><div class=\"eael-entry-thumbnail eael-image-ratio\">\n                <img loading=\"lazy\" decoding=\"async\" width=\"847\" height=\"847\" src=\"https:\/\/soymigrante.com\/revista\/wp-content\/uploads\/2024\/08\/maya-akateko-4.webp\" class=\"attachment-large size-large wp-image-8583\" alt=\"Jovenes con indumentaria akateko, participando en una celebraci\u00f3n cultural al aire libre en un entorno natural. Idioma y etnia maya akateko o maya akateka\" srcset=\"https:\/\/soymigrante.com\/revista\/wp-content\/uploads\/2024\/08\/maya-akateko-4.webp 847w, https:\/\/soymigrante.com\/revista\/wp-content\/uploads\/2024\/08\/maya-akateko-4-300x300.webp 300w, https:\/\/soymigrante.com\/revista\/wp-content\/uploads\/2024\/08\/maya-akateko-4-150x150.webp 150w, https:\/\/soymigrante.com\/revista\/wp-content\/uploads\/2024\/08\/maya-akateko-4-768x768.webp 768w, https:\/\/soymigrante.com\/revista\/wp-content\/uploads\/2024\/08\/maya-akateko-4-75x75.webp 75w, https:\/\/soymigrante.com\/revista\/wp-content\/uploads\/2024\/08\/maya-akateko-4-750x750.webp 750w\" sizes=\"(max-width: 847px) 100vw, 847px\" \/>\n            <\/div>\n        <\/div><div class=\"eael-entry-wrapper\"><header class=\"eael-entry-header\"><h2 class=\"eael-entry-title\"><a class=\"eael-grid-post-link\" href=\"https:\/\/soymigrante.com\/revista\/etnias-de-guatemala-akateko-el-pueblo-que-vino-de-tenam-y-sigue-floreciendo\/\" title=\"El pueblo Akateko vino de Tenam y sigue floreciendo\">El pueblo Akateko vino de Tenam y sigue floreciendo<\/a><\/h2><\/header><div class=\"eael-entry-content\">\n                        <div class=\"eael-grid-post-excerpt\"><a href=\"https:\/\/soymigrante.com\/revista\/etnias-de-guatemala-akateko-el-pueblo-que-vino-de-tenam-y-sigue-floreciendo\/\" class=\"eael-post-elements-readmore-btn\">CONOCE SU HISTORIA <\/a><\/div>\n                    <\/div><\/div><\/div>\n        <\/div>\n    <\/article><\/div>\n            <div class=\"clearfix\"><\/div>\n        <\/div>\t\t\t\t<\/div>\n\t\t\t\t\t<\/div>\n\t\t\t\t<\/div>\n\t\t\t\t<\/div>\n\t\t","protected":false},"excerpt":{"rendered":"<p>Cultivado por manos campesinas a m\u00e1s de 1700 metros de altura, en la Sierra de los Cuchumatanes y en las monta\u00f1as de San Miguel Acat\u00e1n, Caf\u00e9 Marbel est\u00e1 disponible a trav\u00e9s de su tienda digital en SoyMigrante.com MERCADO &#8220;Comenzamos este a\u00f1o con Caf\u00e9 Marbel a procesar el caf\u00e9 de los peque\u00f1os caficultores de San Miguel [&hellip;]<\/p>\n","protected":false},"author":7,"featured_media":45899,"comment_status":"open","ping_status":"open","sticky":false,"template":"","format":"standard","meta":{"_acf_changed":false,"_eb_attr":"","footnotes":""},"categories":[58],"tags":[130],"class_list":["post-45893","post","type-post","status-publish","format-standard","has-post-thumbnail","hentry","category-guate-nuestra","tag-mercado-emprendedores"],"acf":[],"aioseo_notices":[],"aioseo_head":"\n\t\t<!-- All in One SEO Pro 4.9.6.2 - aioseo.com -->\n\t<meta name=\"description\" content=\"Este idioma maya fue reconocido en 1971 como Akateko. Antes se le conoc\u00eda como &quot;miguele\u00f1o&quot; o q&#039;anjob&#039;al de San Miguel Acat\u00e1n. Tiene unos 67 mil hablantes.\" \/>\n\t<meta name=\"robots\" content=\"max-snippet:-1, max-image-preview:large, max-video-preview:-1\" \/>\n\t<meta name=\"author\" content=\"Edwin Castro\"\/>\n\t<link rel=\"canonical\" href=\"https:\/\/soymigrante.com\/revista\/etnias-de-guatemala-akateko-el-pueblo-que-vino-de-tenam-y-sigue-floreciendo\/\" \/>\n\t<meta name=\"generator\" content=\"All in One SEO Pro (AIOSEO) 4.9.6.2\" \/>\n\n\t\t<link rel=\"preconnect\" href=\"https:\/\/fonts.googleapis.com\" crossorigin>\n<link rel=\"preconnect\" href=\"https:\/\/fonts.gstatic.com\" crossorigin>\n\t\t<meta property=\"og:locale\" content=\"es_ES\" \/>\n\t\t<meta property=\"og:site_name\" content=\"SoyMigrante.com REVISTA \u2013 Nuestra misi\u00f3n es reconocer y dignificar al migrante.\" \/>\n\t\t<meta property=\"og:type\" content=\"article\" \/>\n\t\t<meta property=\"og:title\" content=\"El pueblo Akateko lleg\u00f3 de Tenam a San Miguel Acat\u00e1n\" \/>\n\t\t<meta property=\"og:description\" content=\"Este idioma maya fue reconocido en 1971 como Akateko. Antes se le conoc\u00eda como &quot;miguele\u00f1o&quot; o q&#039;anjob&#039;al de San Miguel Acat\u00e1n. Tiene unos 67 mil hablantes.\" \/>\n\t\t<meta property=\"og:url\" content=\"https:\/\/soymigrante.com\/revista\/etnias-de-guatemala-akateko-el-pueblo-que-vino-de-tenam-y-sigue-floreciendo\/\" \/>\n\t\t<meta property=\"og:image\" content=\"https:\/\/soymigrante.com\/revista\/wp-content\/uploads\/2024\/08\/maya-akateko-4.webp\" \/>\n\t\t<meta property=\"og:image:secure_url\" content=\"https:\/\/soymigrante.com\/revista\/wp-content\/uploads\/2024\/08\/maya-akateko-4.webp\" \/>\n\t\t<meta property=\"og:image:width\" content=\"847\" \/>\n\t\t<meta property=\"og:image:height\" content=\"847\" \/>\n\t\t<meta property=\"article:published_time\" content=\"2024-09-20T17:25:11+00:00\" \/>\n\t\t<meta property=\"article:modified_time\" content=\"2025-09-19T13:12:34+00:00\" \/>\n\t\t<meta property=\"article:publisher\" content=\"https:\/\/www.facebook.com\/soymigrantecom\" \/>\n\t\t<meta name=\"twitter:card\" content=\"summary_large_image\" \/>\n\t\t<meta name=\"twitter:site\" content=\"@SoyMigrante_com\" \/>\n\t\t<meta name=\"twitter:title\" content=\"El pueblo Akateko lleg\u00f3 de Tenam a San Miguel Acat\u00e1n\" \/>\n\t\t<meta name=\"twitter:description\" content=\"Este idioma maya fue reconocido en 1971 como Akateko. Antes se le conoc\u00eda como &quot;miguele\u00f1o&quot; o q&#039;anjob&#039;al de San Miguel Acat\u00e1n. Tiene unos 67 mil hablantes.\" \/>\n\t\t<meta name=\"twitter:creator\" content=\"@SoyMigrante_com\" \/>\n\t\t<meta name=\"twitter:image\" content=\"https:\/\/soymigrante.com\/revista\/wp-content\/uploads\/2024\/08\/maya-akateko-4.webp\" \/>\n\t\t<!-- All in One SEO Pro -->\r\n\t\t<title>El pueblo Akateko lleg\u00f3 de Tenam a San Miguel Acat\u00e1n<\/title>\n\n","aioseo_head_json":{"title":"El pueblo Akateko lleg\u00f3 de Tenam a San Miguel Acat\u00e1n","description":"Este idioma maya fue reconocido en 1971 como Akateko. Antes se le conoc\u00eda como \"miguele\u00f1o\" o q'anjob'al de San Miguel Acat\u00e1n. Tiene unos 67 mil hablantes.","canonical_url":"https:\/\/soymigrante.com\/revista\/etnias-de-guatemala-akateko-el-pueblo-que-vino-de-tenam-y-sigue-floreciendo\/","robots":"max-snippet:-1, max-image-preview:large, max-video-preview:-1","keywords":"","webmasterTools":{"miscellaneous":"&lt;link rel=\"preconnect\" href=\"https:\/\/fonts.googleapis.com\" crossorigin&gt;\n&lt;link rel=\"preconnect\" href=\"https:\/\/fonts.gstatic.com\" crossorigin&gt;"},"schema":null,"og:locale":"es_ES","og:site_name":"SoyMigrante.com REVISTA \u2013 Nuestra misi\u00f3n es reconocer y dignificar al migrante.","og:type":"article","og:title":"El pueblo Akateko lleg\u00f3 de Tenam a San Miguel Acat\u00e1n","og:description":"Este idioma maya fue reconocido en 1971 como Akateko. Antes se le conoc\u00eda como &quot;miguele\u00f1o&quot; o q'anjob'al de San Miguel Acat\u00e1n. Tiene unos 67 mil hablantes.","og:url":"https:\/\/soymigrante.com\/revista\/etnias-de-guatemala-akateko-el-pueblo-que-vino-de-tenam-y-sigue-floreciendo\/","og:image":"https:\/\/soymigrante.com\/revista\/wp-content\/uploads\/2024\/08\/maya-akateko-4.webp","og:image:secure_url":"https:\/\/soymigrante.com\/revista\/wp-content\/uploads\/2024\/08\/maya-akateko-4.webp","og:image:width":847,"og:image:height":847,"article:published_time":"2024-09-20T17:25:11+00:00","article:modified_time":"2025-09-19T13:12:34+00:00","article:publisher":"https:\/\/www.facebook.com\/soymigrantecom","twitter:card":"summary_large_image","twitter:site":"@SoyMigrante_com","twitter:title":"El pueblo Akateko lleg\u00f3 de Tenam a San Miguel Acat\u00e1n","twitter:description":"Este idioma maya fue reconocido en 1971 como Akateko. Antes se le conoc\u00eda como &quot;miguele\u00f1o&quot; o q'anjob'al de San Miguel Acat\u00e1n. Tiene unos 67 mil hablantes.","twitter:creator":"@SoyMigrante_com","twitter:image":"https:\/\/soymigrante.com\/revista\/wp-content\/uploads\/2024\/08\/maya-akateko-4.webp"},"aioseo_meta_data":{"post_id":"45893","title":"Disfruta caf\u00e9 Marbel de San Miguel Acat\u00e1n en MERCADO","description":"Cultivado a m\u00e1s de 1700 metros de altura, en las monta\u00f1as de San Miguel Acat\u00e1n, Huehuetenango, Caf\u00e9 Marbel ya abri\u00f3 su tienda digital en MERCADO. Disfr\u00fatalo","keywords":null,"keyphrases":{"focus":{"keyphrase":"Caf\u00e9","score":100,"analysis":{"keyphraseInTitle":{"score":9,"maxScore":9,"error":0},"keyphraseInDescription":{"score":9,"maxScore":9,"error":0},"keyphraseLength":{"score":9,"maxScore":9,"error":0,"length":1},"keyphraseInURL":{"score":5,"maxScore":5,"error":0}}},"additional":[{"keyphrase":"Acat\u00e1n","score":100,"analysis":{"keyphraseInDescription":{"score":9,"maxScore":9,"error":0},"keyphraseLength":{"score":9,"maxScore":9,"error":0,"length":2}}},{"keyphrase":"Mercado","score":100,"analysis":{"keyphraseInDescription":{"score":9,"maxScore":9,"error":0},"keyphraseLength":{"score":9,"maxScore":9,"error":0,"length":1}}}]},"primary_term":null,"canonical_url":null,"og_title":null,"og_description":null,"og_object_type":"default","og_image_type":"default","og_image_url":null,"og_image_width":null,"og_image_height":null,"og_image_custom_url":null,"og_image_custom_fields":null,"og_video":"","og_custom_url":null,"og_article_section":null,"og_article_tags":null,"twitter_use_og":false,"twitter_card":"default","twitter_image_type":"default","twitter_image_url":null,"twitter_image_custom_url":null,"twitter_image_custom_fields":null,"twitter_title":null,"twitter_description":null,"schema":{"blockGraphs":[],"customGraphs":[],"default":{"data":{"Article":[],"Course":[],"Dataset":[],"FAQPage":[],"Movie":[],"Person":[],"Product":[],"ProductReview":[],"Car":[],"Recipe":[],"Service":[],"SoftwareApplication":[],"WebPage":[]},"graphName":"none","isEnabled":true},"graphs":[]},"schema_type":"default","schema_type_options":null,"pillar_content":false,"robots_default":true,"robots_noindex":false,"robots_noarchive":false,"robots_nosnippet":false,"robots_nofollow":false,"robots_noimageindex":false,"robots_noodp":false,"robots_notranslate":false,"robots_max_snippet":"-1","robots_max_videopreview":"-1","robots_max_imagepreview":"large","priority":null,"frequency":"default","local_seo":null,"seo_analyzer_scan_date":"2025-10-09 08:47:51","breadcrumb_settings":null,"limit_modified_date":false,"reviewed_by":"0","open_ai":null,"ai":{"faqs":[],"keyPoints":[],"titles":[],"descriptions":[],"socialPosts":{"email":[],"linkedin":[],"twitter":[],"facebook":[],"instagram":[]}},"created":"2025-09-24 16:19:32","updated":"2026-02-05 05:46:35"},"aioseo_breadcrumb":"<div class=\"aioseo-breadcrumbs\"><span class=\"aioseo-breadcrumb\">\n\t<a href=\"https:\/\/soymigrante.com\/revista\" title=\"Home\">Home<\/a>\n<\/span><span class=\"aioseo-breadcrumb-separator\">\u00bb<\/span><span class=\"aioseo-breadcrumb\">\n\t<a href=\"https:\/\/soymigrante.com\/revista\/category\/guate-nuestra\/\" title=\"Guate Nuestra\">Guate Nuestra<\/a>\n<\/span><span class=\"aioseo-breadcrumb-separator\">\u00bb<\/span><span class=\"aioseo-breadcrumb\">\n\tMarbel ofrece caf\u00e9 de las altas monta\u00f1as de San Miguel Acat\u00e1n, Huehuetenango\n<\/span><\/div>","aioseo_breadcrumb_json":[{"label":"Home","link":"https:\/\/soymigrante.com\/revista"},{"label":"Guate Nuestra","link":"https:\/\/soymigrante.com\/revista\/category\/guate-nuestra\/"},{"label":"Marbel ofrece caf\u00e9 de las altas monta\u00f1as de San Miguel Acat\u00e1n, Huehuetenango","link":"https:\/\/soymigrante.com\/revista\/marbel-ofrece-cafe-de-las-altas-montanas-de-san-miguel-acatan-huehuetenango\/"}],"_links":{"self":[{"href":"https:\/\/soymigrante.com\/revista\/wp-json\/wp\/v2\/posts\/45893","targetHints":{"allow":["GET"]}}],"collection":[{"href":"https:\/\/soymigrante.com\/revista\/wp-json\/wp\/v2\/posts"}],"about":[{"href":"https:\/\/soymigrante.com\/revista\/wp-json\/wp\/v2\/types\/post"}],"author":[{"embeddable":true,"href":"https:\/\/soymigrante.com\/revista\/wp-json\/wp\/v2\/users\/7"}],"replies":[{"embeddable":true,"href":"https:\/\/soymigrante.com\/revista\/wp-json\/wp\/v2\/comments?post=45893"}],"version-history":[{"count":5,"href":"https:\/\/soymigrante.com\/revista\/wp-json\/wp\/v2\/posts\/45893\/revisions"}],"predecessor-version":[{"id":45924,"href":"https:\/\/soymigrante.com\/revista\/wp-json\/wp\/v2\/posts\/45893\/revisions\/45924"}],"wp:featuredmedia":[{"embeddable":true,"href":"https:\/\/soymigrante.com\/revista\/wp-json\/wp\/v2\/media\/45899"}],"wp:attachment":[{"href":"https:\/\/soymigrante.com\/revista\/wp-json\/wp\/v2\/media?parent=45893"}],"wp:term":[{"taxonomy":"category","embeddable":true,"href":"https:\/\/soymigrante.com\/revista\/wp-json\/wp\/v2\/categories?post=45893"},{"taxonomy":"post_tag","embeddable":true,"href":"https:\/\/soymigrante.com\/revista\/wp-json\/wp\/v2\/tags?post=45893"}],"curies":[{"name":"wp","href":"https:\/\/api.w.org\/{rel}","templated":true}]}}