{"id":4589,"date":"2024-01-26T09:28:59","date_gmt":"2024-01-26T15:28:59","guid":{"rendered":"https:\/\/soymigrante.com\/revista\/?p=4589"},"modified":"2024-04-30T07:02:33","modified_gmt":"2024-04-30T13:02:33","slug":"jose-gamez-marimba-digital-502-migrante-sonador-originario-de-quiche","status":"publish","type":"post","link":"https:\/\/soymigrante.com\/revista\/jose-gamez-marimba-digital-502-migrante-sonador-originario-de-quiche\/","title":{"rendered":"Jos\u00e9 G\u00e1mez y un sue\u00f1o migrante llamado Marimba Digital 502"},"content":{"rendered":"\t\t<div data-elementor-type=\"wp-post\" data-elementor-id=\"4589\" class=\"elementor elementor-4589\" data-elementor-post-type=\"post\">\n\t\t\t\t\t\t<section data-particle_enable=\"false\" data-particle-mobile-disabled=\"false\" class=\"elementor-section elementor-top-section elementor-element elementor-element-2be40dc elementor-section-boxed elementor-section-height-default elementor-section-height-default\" data-id=\"2be40dc\" data-element_type=\"section\" data-e-type=\"section\">\n\t\t\t\t\t\t<div class=\"elementor-container elementor-column-gap-default\">\n\t\t\t\t\t<div class=\"elementor-column elementor-col-100 elementor-top-column elementor-element elementor-element-871cc18\" data-id=\"871cc18\" data-element_type=\"column\" data-e-type=\"column\">\n\t\t\t<div class=\"elementor-widget-wrap elementor-element-populated\">\n\t\t\t\t\t\t<div class=\"elementor-element elementor-element-d162a88 elementor-widget elementor-widget-heading\" data-id=\"d162a88\" data-element_type=\"widget\" data-e-type=\"widget\" data-widget_type=\"heading.default\">\n\t\t\t\t\t<h1 class=\"elementor-heading-title elementor-size-default\">\"Nunca me rend\u00ed, nunca tir\u00e9 la toalla, nunca me d\u00ed por vencido\", dice el migrante guatemalteco Jos\u00e9 G\u00e1mez, creador del sonido digital de Marimba 502 que se ha presentado en diversos Estados de la Uni\u00f3n Americana.<\/h1>\t\t\t\t<\/div>\n\t\t\t\t\t<\/div>\n\t\t<\/div>\n\t\t\t\t\t<\/div>\n\t\t<\/section>\n\t\t\t\t<section data-particle_enable=\"false\" data-particle-mobile-disabled=\"false\" class=\"elementor-section elementor-top-section elementor-element elementor-element-45a8728 elementor-section-boxed elementor-section-height-default elementor-section-height-default\" data-id=\"45a8728\" data-element_type=\"section\" data-e-type=\"section\">\n\t\t\t\t\t\t<div class=\"elementor-container elementor-column-gap-default\">\n\t\t\t\t\t<div class=\"elementor-column elementor-col-100 elementor-top-column elementor-element elementor-element-d7ac2a1\" data-id=\"d7ac2a1\" data-element_type=\"column\" data-e-type=\"column\">\n\t\t\t<div class=\"elementor-widget-wrap elementor-element-populated\">\n\t\t\t\t\t\t<div class=\"elementor-element elementor-element-5070391 elementor-widget elementor-widget-image\" data-id=\"5070391\" data-element_type=\"widget\" data-e-type=\"widget\" data-widget_type=\"image.default\">\n\t\t\t\t\t\t\t\t\t\t\t\t\t\t\t<img fetchpriority=\"high\" decoding=\"async\" width=\"857\" height=\"725\" src=\"https:\/\/soymigrante.com\/revista\/wp-content\/uploads\/2024\/01\/marimba-1.webp\" class=\"attachment-large size-large wp-image-4594\" alt=\"\" srcset=\"https:\/\/soymigrante.com\/revista\/wp-content\/uploads\/2024\/01\/marimba-1.webp 857w, https:\/\/soymigrante.com\/revista\/wp-content\/uploads\/2024\/01\/marimba-1-300x254.webp 300w, https:\/\/soymigrante.com\/revista\/wp-content\/uploads\/2024\/01\/marimba-1-768x650.webp 768w, https:\/\/soymigrante.com\/revista\/wp-content\/uploads\/2024\/01\/marimba-1-750x634.webp 750w\" sizes=\"(max-width: 857px) 100vw, 857px\" title=\"marimba \u2013 SoyMigrante.com REVISTA\" \/>\t\t\t\t\t\t\t\t\t\t\t\t\t\t\t<\/div>\n\t\t\t\t\t<\/div>\n\t\t<\/div>\n\t\t\t\t\t<\/div>\n\t\t<\/section>\n\t\t\t\t<section data-particle_enable=\"false\" data-particle-mobile-disabled=\"false\" class=\"elementor-section elementor-top-section elementor-element elementor-element-9390ce3 elementor-section-boxed elementor-section-height-default elementor-section-height-default\" data-id=\"9390ce3\" data-element_type=\"section\" data-e-type=\"section\">\n\t\t\t\t\t\t<div class=\"elementor-container elementor-column-gap-default\">\n\t\t\t\t\t<div class=\"elementor-column elementor-col-100 elementor-top-column elementor-element elementor-element-0feaa3f\" data-id=\"0feaa3f\" data-element_type=\"column\" data-e-type=\"column\">\n\t\t\t<div class=\"elementor-widget-wrap elementor-element-populated\">\n\t\t\t\t\t\t<div class=\"elementor-element elementor-element-9846b84 elementor-widget elementor-widget-heading\" data-id=\"9846b84\" data-element_type=\"widget\" data-e-type=\"widget\" data-widget_type=\"heading.default\">\n\t\t\t\t\t<h2 class=\"elementor-heading-title elementor-size-default\">Hace 4 a\u00f1os no exist\u00eda Marimba 502<\/h2>\t\t\t\t<\/div>\n\t\t\t\t\t<\/div>\n\t\t<\/div>\n\t\t\t\t\t<\/div>\n\t\t<\/section>\n\t\t\t\t<section data-particle_enable=\"false\" data-particle-mobile-disabled=\"false\" class=\"elementor-section elementor-top-section elementor-element elementor-element-6b402d7 elementor-section-boxed elementor-section-height-default elementor-section-height-default\" data-id=\"6b402d7\" data-element_type=\"section\" data-e-type=\"section\">\n\t\t\t\t\t\t<div class=\"elementor-container elementor-column-gap-default\">\n\t\t\t\t\t<div class=\"elementor-column elementor-col-100 elementor-top-column elementor-element elementor-element-26d2a74\" data-id=\"26d2a74\" data-element_type=\"column\" data-e-type=\"column\">\n\t\t\t<div class=\"elementor-widget-wrap elementor-element-populated\">\n\t\t\t\t\t\t<div class=\"elementor-element elementor-element-796c256 elementor-widget elementor-widget-text-editor\" data-id=\"796c256\" data-element_type=\"widget\" data-e-type=\"widget\" data-widget_type=\"text-editor.default\">\n\t\t\t\t\t\t\t\t\t<p>El migrante Jos\u00e9 G\u00e1mez y un grupo de amigos guatemaltecos residentes en New Jersey, ten\u00edan un grupo de m\u00fasica con el que tocaban varios g\u00e9neros. No les iba tan mal, pero de pronto vino la pandemia, el encierro y cero presentaciones.\u00a0<\/p><p><span style=\"color: var( --e-global-color-text );\">No era el primer grupo de Jos\u00e9 integraba, ya hab\u00eda pasado por otros. Desde que lleg\u00f3 a Estados Unidos en 2004 so\u00f1aba con ser cantante.\u00a0\u00a0<\/span><span style=\"color: var( --e-global-color-text );\">S\u00ed, eso so\u00f1aba Jos\u00e9 mientras trabajaba en un car wash, despu\u00e9s lavando platos y tambi\u00e9n fue cocinero.<\/span><\/p><p><span style=\"color: var( --e-global-color-text );\">\u00a0Pasaron m\u00e1s de 15 a\u00f1os para llegar a este momento de salones repletos de compatriotas bailando al son de La abeja miope, el primero de sus \u00e9xitos, adem\u00e1s\u00a0 de versiones de otros temas. Los contratan en Estados de EE.UU. para conciertos, bailes sociales y fiestas. De hecho despu\u00e9s de esta entrevista tendr\u00e1 una presentaci\u00f3n.\u00a0<\/span><\/p><p><span style=\"color: var( --e-global-color-text );\">Es una realidad. Pero se hizo de sue\u00f1os. Y esta es la historia .<\/span><\/p>\t\t\t\t\t\t\t\t<\/div>\n\t\t\t\t\t<\/div>\n\t\t<\/div>\n\t\t\t\t\t<\/div>\n\t\t<\/section>\n\t\t\t\t<section data-particle_enable=\"false\" data-particle-mobile-disabled=\"false\" class=\"elementor-section elementor-top-section elementor-element elementor-element-4ad8910 elementor-section-boxed elementor-section-height-default elementor-section-height-default\" data-id=\"4ad8910\" data-element_type=\"section\" data-e-type=\"section\">\n\t\t\t\t\t\t<div class=\"elementor-container elementor-column-gap-default\">\n\t\t\t\t\t<div class=\"elementor-column elementor-col-100 elementor-top-column elementor-element elementor-element-088e257\" data-id=\"088e257\" data-element_type=\"column\" data-e-type=\"column\">\n\t\t\t<div class=\"elementor-widget-wrap elementor-element-populated\">\n\t\t\t\t\t\t<div class=\"elementor-element elementor-element-6633163 elementor-widget elementor-widget-image\" data-id=\"6633163\" data-element_type=\"widget\" data-e-type=\"widget\" data-widget_type=\"image.default\">\n\t\t\t\t\t\t\t\t\t\t\t\t<figure class=\"wp-caption\">\n\t\t\t\t\t\t\t\t\t\t<img decoding=\"async\" width=\"1024\" height=\"682\" src=\"https:\/\/soymigrante.com\/revista\/wp-content\/uploads\/2024\/01\/gamez-teclado-1024x682.webp\" class=\"attachment-large size-large wp-image-4595\" alt=\"Jos\u00e9 G\u00e1mez siempre agradece a Dios todo el \u00e9xito cosechado despu\u00e9s de tantos esfuerzos junto a los integrantes del grupo. &quot;Dios dice cuando llega el momento&quot;, dice.\" srcset=\"https:\/\/soymigrante.com\/revista\/wp-content\/uploads\/2024\/01\/gamez-teclado-1024x682.webp 1024w, https:\/\/soymigrante.com\/revista\/wp-content\/uploads\/2024\/01\/gamez-teclado-300x200.webp 300w, https:\/\/soymigrante.com\/revista\/wp-content\/uploads\/2024\/01\/gamez-teclado-768x512.webp 768w, https:\/\/soymigrante.com\/revista\/wp-content\/uploads\/2024\/01\/gamez-teclado-1536x1023.webp 1536w, https:\/\/soymigrante.com\/revista\/wp-content\/uploads\/2024\/01\/gamez-teclado-750x500.webp 750w, https:\/\/soymigrante.com\/revista\/wp-content\/uploads\/2024\/01\/gamez-teclado-1140x760.webp 1140w, https:\/\/soymigrante.com\/revista\/wp-content\/uploads\/2024\/01\/gamez-teclado-600x400.webp 600w, https:\/\/soymigrante.com\/revista\/wp-content\/uploads\/2024\/01\/gamez-teclado.webp 1600w\" sizes=\"(max-width: 1024px) 100vw, 1024px\" title=\"Jos\u00e9 G\u00e1mez siempre agradece a Dios todo el \u00e9xito cosechado despu\u00e9s de tantos esfuerzos junto a los integrantes del grupo. &quot;Dios dice cuando llega el momento&quot;, dice. \u2013 SoyMigrante.com REVISTA\" \/>\t\t\t\t\t\t\t\t\t\t\t<figcaption class=\"widget-image-caption wp-caption-text\">Jos\u00e9 G\u00e1mez siempre agradece a Dios todo el \u00e9xito cosechado despu\u00e9s de tantos esfuerzos junto a los integrantes del grupo. \"Dios dice cuando llega el momento\", dice.<\/figcaption>\n\t\t\t\t\t\t\t\t\t\t<\/figure>\n\t\t\t\t\t\t\t\t\t<\/div>\n\t\t\t\t\t<\/div>\n\t\t<\/div>\n\t\t\t\t\t<\/div>\n\t\t<\/section>\n\t\t\t\t<section data-particle_enable=\"false\" data-particle-mobile-disabled=\"false\" class=\"elementor-section elementor-top-section elementor-element elementor-element-a54c8bc elementor-section-boxed elementor-section-height-default elementor-section-height-default\" data-id=\"a54c8bc\" data-element_type=\"section\" data-e-type=\"section\">\n\t\t\t\t\t\t<div class=\"elementor-container elementor-column-gap-default\">\n\t\t\t\t\t<div class=\"elementor-column elementor-col-100 elementor-top-column elementor-element elementor-element-7088752\" data-id=\"7088752\" data-element_type=\"column\" data-e-type=\"column\">\n\t\t\t<div class=\"elementor-widget-wrap elementor-element-populated\">\n\t\t\t\t\t\t<div class=\"elementor-element elementor-element-5d5138a elementor-widget elementor-widget-heading\" data-id=\"5d5138a\" data-element_type=\"widget\" data-e-type=\"widget\" data-widget_type=\"heading.default\">\n\t\t\t\t\t<h2 class=\"elementor-heading-title elementor-size-default\">Jos\u00e9, el ni\u00f1o que cantaba en la iglesia <\/h2>\t\t\t\t<\/div>\n\t\t\t\t\t<\/div>\n\t\t<\/div>\n\t\t\t\t\t<\/div>\n\t\t<\/section>\n\t\t\t\t<section data-particle_enable=\"false\" data-particle-mobile-disabled=\"false\" class=\"elementor-section elementor-top-section elementor-element elementor-element-51c12df elementor-section-boxed elementor-section-height-default elementor-section-height-default\" data-id=\"51c12df\" data-element_type=\"section\" data-e-type=\"section\">\n\t\t\t\t\t\t<div class=\"elementor-container elementor-column-gap-default\">\n\t\t\t\t\t<div class=\"elementor-column elementor-col-100 elementor-top-column elementor-element elementor-element-c38f77e\" data-id=\"c38f77e\" data-element_type=\"column\" data-e-type=\"column\">\n\t\t\t<div class=\"elementor-widget-wrap elementor-element-populated\">\n\t\t\t\t\t\t<div class=\"elementor-element elementor-element-db18606 elementor-widget elementor-widget-text-editor\" data-id=\"db18606\" data-element_type=\"widget\" data-e-type=\"widget\" data-widget_type=\"text-editor.default\">\n\t\t\t\t\t\t\t\t\t<p>&#8220;Marimba 502 nace durante la pandemia. En pleno marzo de 2020. No hab\u00eda conciertos, no hab\u00eda donde presentarse y empec\u00e9 a hacer pruebas con un teclado, una guitarra y un sintetizador. Lo tom\u00e9 como un entretenimiento. Lanc\u00e9 dos canciones por Tiktok y Youtube. Quer\u00eda crear un sonido nuevo: una marimba digital con guitarra, no sab\u00eda si la gente lo iba a aceptar. Bueno, dije,me voy a arriesgar. Lanc\u00e9 la Abeja Miope&#8221;, relata Jos\u00e9.<\/p><p>De ni\u00f1o cantaba alabanzas en la iglesia a la que asist\u00eda con su mam\u00e1 en su natal Pachalum, Quich\u00e9. A los 16 a\u00f1os se marcha a Estados Unidos. &#8220;Quer\u00eda ser cantante, pero fui a trabajar lavando carros. Despu\u00e9s lavando platos. Fui cocinero en un restaurante colombiano, pero un d\u00eda dije \u00a1Hey! \u00bfY para cu\u00e1ndo la m\u00fasica?&#8221;.<\/p><p>Se ofreci\u00f3 para ser cantante en bares y restaurantes. Cargaba su disco con pistas grabadas. &#8220;En uno de ellos, el due\u00f1o me dijo. Hagamos la prueba. Si le gusta al p\u00fablico te pago US$100, si no, nada. (Y le tuvo que pagar).<\/p>\t\t\t\t\t\t\t\t<\/div>\n\t\t\t\t\t<\/div>\n\t\t<\/div>\n\t\t\t\t\t<\/div>\n\t\t<\/section>\n\t\t\t\t<section data-particle_enable=\"false\" data-particle-mobile-disabled=\"false\" class=\"elementor-section elementor-top-section elementor-element elementor-element-0629a2f elementor-section-boxed elementor-section-height-default elementor-section-height-default\" data-id=\"0629a2f\" data-element_type=\"section\" data-e-type=\"section\">\n\t\t\t\t\t\t<div class=\"elementor-container elementor-column-gap-default\">\n\t\t\t\t\t<div class=\"elementor-column elementor-col-100 elementor-top-column elementor-element elementor-element-23912c7\" data-id=\"23912c7\" data-element_type=\"column\" data-e-type=\"column\">\n\t\t\t<div class=\"elementor-widget-wrap elementor-element-populated\">\n\t\t\t\t\t\t<div class=\"elementor-element elementor-element-f5d41f3 elementor-widget elementor-widget-image\" data-id=\"f5d41f3\" data-element_type=\"widget\" data-e-type=\"widget\" data-widget_type=\"image.default\">\n\t\t\t\t\t\t\t\t\t\t\t\t<figure class=\"wp-caption\">\n\t\t\t\t\t\t\t\t\t\t<img decoding=\"async\" width=\"1024\" height=\"682\" src=\"https:\/\/soymigrante.com\/revista\/wp-content\/uploads\/2024\/01\/gamez-lleno-1024x682.webp\" class=\"attachment-large size-large wp-image-4610\" alt=\"Los bailes amenizados por Marimba Digital 502 suelen ser llenos completos. Asisten muchos migrantes guatemaltecos.\" srcset=\"https:\/\/soymigrante.com\/revista\/wp-content\/uploads\/2024\/01\/gamez-lleno-1024x682.webp 1024w, https:\/\/soymigrante.com\/revista\/wp-content\/uploads\/2024\/01\/gamez-lleno-300x200.webp 300w, https:\/\/soymigrante.com\/revista\/wp-content\/uploads\/2024\/01\/gamez-lleno-768x512.webp 768w, https:\/\/soymigrante.com\/revista\/wp-content\/uploads\/2024\/01\/gamez-lleno-1536x1023.webp 1536w, https:\/\/soymigrante.com\/revista\/wp-content\/uploads\/2024\/01\/gamez-lleno-750x500.webp 750w, https:\/\/soymigrante.com\/revista\/wp-content\/uploads\/2024\/01\/gamez-lleno-1140x760.webp 1140w, https:\/\/soymigrante.com\/revista\/wp-content\/uploads\/2024\/01\/gamez-lleno-600x400.webp 600w, https:\/\/soymigrante.com\/revista\/wp-content\/uploads\/2024\/01\/gamez-lleno.webp 1600w\" sizes=\"(max-width: 1024px) 100vw, 1024px\" title=\"Los bailes amenizados por Marimba Digital 502 suelen ser llenos completos. Asisten muchos migrantes guatemaltecos. \u2013 SoyMigrante.com REVISTA\" \/>\t\t\t\t\t\t\t\t\t\t\t<figcaption class=\"widget-image-caption wp-caption-text\">Los bailes amenizados por Marimba Digital 502 suelen ser llenos completos. Asisten muchos migrantes guatemaltecos.<\/figcaption>\n\t\t\t\t\t\t\t\t\t\t<\/figure>\n\t\t\t\t\t\t\t\t\t<\/div>\n\t\t\t\t\t<\/div>\n\t\t<\/div>\n\t\t\t\t\t<\/div>\n\t\t<\/section>\n\t\t\t\t<section data-particle_enable=\"false\" data-particle-mobile-disabled=\"false\" class=\"elementor-section elementor-top-section elementor-element elementor-element-1705285 elementor-section-boxed elementor-section-height-default elementor-section-height-default\" data-id=\"1705285\" data-element_type=\"section\" data-e-type=\"section\">\n\t\t\t\t\t\t<div class=\"elementor-container elementor-column-gap-default\">\n\t\t\t\t\t<div class=\"elementor-column elementor-col-100 elementor-top-column elementor-element elementor-element-7b58252\" data-id=\"7b58252\" data-element_type=\"column\" data-e-type=\"column\">\n\t\t\t<div class=\"elementor-widget-wrap elementor-element-populated\">\n\t\t\t\t\t\t<div class=\"elementor-element elementor-element-c180315 elementor-widget-divider--view-line elementor-widget elementor-widget-divider\" data-id=\"c180315\" data-element_type=\"widget\" data-e-type=\"widget\" data-widget_type=\"divider.default\">\n\t\t\t\t\t\t\t<div class=\"elementor-divider\">\n\t\t\t<span class=\"elementor-divider-separator\">\n\t\t\t\t\t\t<\/span>\n\t\t<\/div>\n\t\t\t\t\t\t<\/div>\n\t\t\t\t\t<\/div>\n\t\t<\/div>\n\t\t\t\t\t<\/div>\n\t\t<\/section>\n\t\t\t\t<section data-particle_enable=\"false\" data-particle-mobile-disabled=\"false\" class=\"elementor-section elementor-top-section elementor-element elementor-element-d92cca1 elementor-section-boxed elementor-section-height-default elementor-section-height-default\" data-id=\"d92cca1\" data-element_type=\"section\" data-e-type=\"section\">\n\t\t\t\t\t\t<div class=\"elementor-container elementor-column-gap-default\">\n\t\t\t\t\t<div class=\"elementor-column elementor-col-100 elementor-top-column elementor-element elementor-element-6b61c4d\" data-id=\"6b61c4d\" data-element_type=\"column\" data-e-type=\"column\">\n\t\t\t<div class=\"elementor-widget-wrap elementor-element-populated\">\n\t\t\t\t\t\t<div class=\"elementor-element elementor-element-96a44df elementor-widget elementor-widget-heading\" data-id=\"96a44df\" data-element_type=\"widget\" data-e-type=\"widget\" data-widget_type=\"heading.default\">\n\t\t\t\t\t<h2 class=\"elementor-heading-title elementor-size-default\">15 a\u00f1os de persistencia en un sue\u00f1o<\/h2>\t\t\t\t<\/div>\n\t\t\t\t\t<\/div>\n\t\t<\/div>\n\t\t\t\t\t<\/div>\n\t\t<\/section>\n\t\t\t\t<section data-particle_enable=\"false\" data-particle-mobile-disabled=\"false\" class=\"elementor-section elementor-top-section elementor-element elementor-element-f0cd785 elementor-section-boxed elementor-section-height-default elementor-section-height-default\" data-id=\"f0cd785\" data-element_type=\"section\" data-e-type=\"section\">\n\t\t\t\t\t\t<div class=\"elementor-container elementor-column-gap-default\">\n\t\t\t\t\t<div class=\"elementor-column elementor-col-100 elementor-top-column elementor-element elementor-element-845615c\" data-id=\"845615c\" data-element_type=\"column\" data-e-type=\"column\">\n\t\t\t<div class=\"elementor-widget-wrap elementor-element-populated\">\n\t\t\t\t\t\t<div class=\"elementor-element elementor-element-ef6d34e elementor-widget elementor-widget-text-editor\" data-id=\"ef6d34e\" data-element_type=\"widget\" data-e-type=\"widget\" data-widget_type=\"text-editor.default\">\n\t\t\t\t\t\t\t\t\t<p>Jos\u00e9 se integr\u00f3 en un primer grupo en 2006. En 2012 estuvo en otro de m\u00fasica mexicana. Grabaron un disco. &#8220;Pero las cosas no funcionaron. En 2015 arranco otro con compa\u00f1eros. Le pusimos Renacimiento ind\u00f3mito&#8221;. Igual tocaban ritmo duranguense que bachatas.&nbsp;<\/p><p>&#8220;Nada que ver con marimba&#8221;, exclama Jos\u00e9. &#8220;Nunca me desanim\u00e9, nunca tir\u00e9 la toalla, fue una lucha de a\u00f1os, pero Dios dice cu\u00e1ndo es el momento y hoy Marimba 502 es bendici\u00f3n para varias familias&#8221;, agrega.<\/p><p>A La abeja miope&#8221; le siguieron otras melod\u00edas bailables. Parec\u00eda un grupo pero era solo Jos\u00e9. &#8220;Para noviembre de 2020, los temas eran virales, pero la gente comentaba: queremos conocer a los integrantes, queremos que toquen en vivo. Pero era yo nada m\u00e1s, ja ja ja&#8221;.<\/p>\t\t\t\t\t\t\t\t<\/div>\n\t\t\t\t\t<\/div>\n\t\t<\/div>\n\t\t\t\t\t<\/div>\n\t\t<\/section>\n\t\t\t\t<section data-particle_enable=\"false\" data-particle-mobile-disabled=\"false\" class=\"elementor-section elementor-top-section elementor-element elementor-element-abd236f elementor-section-boxed elementor-section-height-default elementor-section-height-default\" data-id=\"abd236f\" data-element_type=\"section\" data-e-type=\"section\">\n\t\t\t\t\t\t<div class=\"elementor-container elementor-column-gap-default\">\n\t\t\t\t\t<div class=\"elementor-column elementor-col-100 elementor-top-column elementor-element elementor-element-e9b32a9\" data-id=\"e9b32a9\" data-element_type=\"column\" data-e-type=\"column\">\n\t\t\t<div class=\"elementor-widget-wrap elementor-element-populated\">\n\t\t\t\t\t\t<div class=\"elementor-element elementor-element-39b732f elementor-widget elementor-widget-video\" data-id=\"39b732f\" data-element_type=\"widget\" data-e-type=\"widget\" data-settings=\"{&quot;youtube_url&quot;:&quot;https:\\\/\\\/www.youtube.com\\\/watch?v=Ib-HzN2A1m0&quot;,&quot;autoplay&quot;:&quot;yes&quot;,&quot;play_on_mobile&quot;:&quot;yes&quot;,&quot;video_type&quot;:&quot;youtube&quot;}\" data-widget_type=\"video.default\">\n\t\t\t\t\t\t\t<div class=\"elementor-wrapper elementor-open-inline\">\n\t\t\t<div class=\"elementor-video\"><\/div>\t\t<\/div>\n\t\t\t\t\t\t<\/div>\n\t\t\t\t\t<\/div>\n\t\t<\/div>\n\t\t\t\t\t<\/div>\n\t\t<\/section>\n\t\t\t\t<section data-particle_enable=\"false\" data-particle-mobile-disabled=\"false\" class=\"elementor-section elementor-top-section elementor-element elementor-element-79c12b2 elementor-section-boxed elementor-section-height-default elementor-section-height-default\" data-id=\"79c12b2\" data-element_type=\"section\" data-e-type=\"section\">\n\t\t\t\t\t\t<div class=\"elementor-container elementor-column-gap-default\">\n\t\t\t\t\t<div class=\"elementor-column elementor-col-100 elementor-top-column elementor-element elementor-element-2a59c58\" data-id=\"2a59c58\" data-element_type=\"column\" data-e-type=\"column\">\n\t\t\t<div class=\"elementor-widget-wrap elementor-element-populated\">\n\t\t\t\t\t\t<div class=\"elementor-element elementor-element-a0afc5d elementor-widget elementor-widget-text-editor\" data-id=\"a0afc5d\" data-element_type=\"widget\" data-e-type=\"widget\" data-widget_type=\"text-editor.default\">\n\t\t\t\t\t\t\t\t\t<p>Este fue el primer tema lanzado por Marimba 502, en mayo de 2020. Fue un \u00e9xito en redes sociales y con el paso de los meses la gente ped\u00eda presentaciones en vivo. No sab\u00edan que Jos\u00e9 G\u00e1mez lo hab\u00eda compuesto con un sintetizador, una guitarra y una peque\u00f1a consola.\u00a0<\/p>\t\t\t\t\t\t\t\t<\/div>\n\t\t\t\t\t<\/div>\n\t\t<\/div>\n\t\t\t\t\t<\/div>\n\t\t<\/section>\n\t\t\t\t<section data-particle_enable=\"false\" data-particle-mobile-disabled=\"false\" class=\"elementor-section elementor-top-section elementor-element elementor-element-f871c05 elementor-section-boxed elementor-section-height-default elementor-section-height-default\" data-id=\"f871c05\" data-element_type=\"section\" data-e-type=\"section\">\n\t\t\t\t\t\t<div class=\"elementor-container elementor-column-gap-default\">\n\t\t\t\t\t<div class=\"elementor-column elementor-col-100 elementor-top-column elementor-element elementor-element-401f31a\" data-id=\"401f31a\" data-element_type=\"column\" data-e-type=\"column\">\n\t\t\t<div class=\"elementor-widget-wrap elementor-element-populated\">\n\t\t\t\t\t\t<div class=\"elementor-element elementor-element-798ee8a elementor-widget elementor-widget-testimonial\" data-id=\"798ee8a\" data-element_type=\"widget\" data-e-type=\"widget\" data-widget_type=\"testimonial.default\">\n\t\t\t\t\t\t\t<div class=\"elementor-testimonial-wrapper\">\n\t\t\t\t\t\t\t<div class=\"elementor-testimonial-content\">\"Nunca tir\u00e9 la toalla, nunca me rend\u00ed. Ten\u00eda el sue\u00f1o de crear un sonido \u00fanico, distintivo. Y ten\u00eda que ser la inspiraci\u00f3n de nuestra marimba la que diera origen a este concepto\".<\/div>\n\t\t\t\n\t\t\t\t\t\t<div class=\"elementor-testimonial-meta elementor-has-image elementor-testimonial-image-position-aside\">\n\t\t\t\t<div class=\"elementor-testimonial-meta-inner\">\n\t\t\t\t\t\t\t\t\t\t\t<div class=\"elementor-testimonial-image\">\n\t\t\t\t\t\t\t<img loading=\"lazy\" decoding=\"async\" width=\"1440\" height=\"1920\" src=\"https:\/\/soymigrante.com\/revista\/wp-content\/uploads\/2024\/01\/marimba-502.webp\" class=\"attachment-full size-full wp-image-4605\" alt=\"Migrante Jos\u00e9 Gamez marimba 502 digital New Jersey\" title=\"Migrante Jos\u00e9 Gamez marimba 502 digital New Jersey \u2013 SoyMigrante.com REVISTA\" srcset=\"https:\/\/soymigrante.com\/revista\/wp-content\/uploads\/2024\/01\/marimba-502.webp 1440w, https:\/\/soymigrante.com\/revista\/wp-content\/uploads\/2024\/01\/marimba-502-225x300.webp 225w, https:\/\/soymigrante.com\/revista\/wp-content\/uploads\/2024\/01\/marimba-502-768x1024.webp 768w, https:\/\/soymigrante.com\/revista\/wp-content\/uploads\/2024\/01\/marimba-502-1152x1536.webp 1152w, https:\/\/soymigrante.com\/revista\/wp-content\/uploads\/2024\/01\/marimba-502-750x1000.webp 750w, https:\/\/soymigrante.com\/revista\/wp-content\/uploads\/2024\/01\/marimba-502-1140x1520.webp 1140w\" sizes=\"(max-width: 1440px) 100vw, 1440px\" \/>\t\t\t\t\t\t<\/div>\n\t\t\t\t\t\n\t\t\t\t\t\t\t\t\t\t<div class=\"elementor-testimonial-details\">\n\t\t\t\t\t\t\t\t\t\t\t\t\t\t<div class=\"elementor-testimonial-name\">Jos\u00e9 G\u00e1mez<\/div>\n\t\t\t\t\t\t\t\t\t\t\t\t\t\t\t\t\t\t\t\t\t\t<div class=\"elementor-testimonial-job\">M\u00fasico, DJ, cantante e integrante de Marimba Digital 502<\/div>\n\t\t\t\t\t\t\t\t\t\t\t\t\t<\/div>\n\t\t\t\t\t\t\t\t\t<\/div>\n\t\t\t<\/div>\n\t\t\t\t\t<\/div>\n\t\t\t\t\t\t<\/div>\n\t\t\t\t\t<\/div>\n\t\t<\/div>\n\t\t\t\t\t<\/div>\n\t\t<\/section>\n\t\t\t\t<section data-particle_enable=\"false\" data-particle-mobile-disabled=\"false\" class=\"elementor-section elementor-top-section elementor-element elementor-element-f0ddad3 elementor-section-boxed elementor-section-height-default elementor-section-height-default\" data-id=\"f0ddad3\" data-element_type=\"section\" data-e-type=\"section\">\n\t\t\t\t\t\t<div class=\"elementor-container elementor-column-gap-default\">\n\t\t\t\t\t<div class=\"elementor-column elementor-col-100 elementor-top-column elementor-element elementor-element-9138c32\" data-id=\"9138c32\" data-element_type=\"column\" data-e-type=\"column\">\n\t\t\t<div class=\"elementor-widget-wrap elementor-element-populated\">\n\t\t\t\t\t\t<div class=\"elementor-element elementor-element-e102ba8 elementor-widget elementor-widget-heading\" data-id=\"e102ba8\" data-element_type=\"widget\" data-e-type=\"widget\" data-widget_type=\"heading.default\">\n\t\t\t\t\t<h2 class=\"elementor-heading-title elementor-size-default\">La reinvenci\u00f3n de un Renacimiento <\/h2>\t\t\t\t<\/div>\n\t\t\t\t\t<\/div>\n\t\t<\/div>\n\t\t\t\t\t<\/div>\n\t\t<\/section>\n\t\t\t\t<section data-particle_enable=\"false\" data-particle-mobile-disabled=\"false\" class=\"elementor-section elementor-top-section elementor-element elementor-element-4ce6d69 elementor-section-boxed elementor-section-height-default elementor-section-height-default\" data-id=\"4ce6d69\" data-element_type=\"section\" data-e-type=\"section\">\n\t\t\t\t\t\t<div class=\"elementor-container elementor-column-gap-default\">\n\t\t\t\t\t<div class=\"elementor-column elementor-col-100 elementor-top-column elementor-element elementor-element-3e8ae2c\" data-id=\"3e8ae2c\" data-element_type=\"column\" data-e-type=\"column\">\n\t\t\t<div class=\"elementor-widget-wrap elementor-element-populated\">\n\t\t\t\t\t\t<div class=\"elementor-element elementor-element-5439876 elementor-widget elementor-widget-text-editor\" data-id=\"5439876\" data-element_type=\"widget\" data-e-type=\"widget\" data-widget_type=\"text-editor.default\">\n\t\t\t\t\t\t\t\t\t<p><span style=\"color: var( --e-global-color-text );\">El migrante Jos\u00e9 G\u00e1mez habl\u00f3 con los amigos del grupo Renacimiento Ind\u00f3mito. &#8220;Muchachos, la gente nos pide y nos quiere ver como Marimba Digital 502, les dec\u00eda. pero ellos no quer\u00edan. Me dec\u00edan: Gallito, eso no va a funcionar. Pero la audiencia me dec\u00eda que s\u00ed&#8221;. (S\u00ed, a Jos\u00e9 G\u00e1mez le dicen Gallito)\u00a0<\/span><\/p><p>Lleg\u00f3 enero de 2021 y ven\u00eda una presentaci\u00f3n.Jos\u00e9 les propuso tocar algunas\u00a0 canciones de Renacimiento y luego presentar un par de temas de Marimba 502. &#8220;Miremos como reacciona la gente, les dije&#8221;.\u00a0<\/p><p>\u00bfY c\u00f3mo les fue? Solo basta decir que desde entonces, las giras de la marimba digital no han parado. &#8220;Cada vez que subimos al escenario damos todo, se siente bien bonito ver c\u00f3mo la gente baila y canta nuestras canciones&#8221;, dice G\u00e1mez.<\/p>\t\t\t\t\t\t\t\t<\/div>\n\t\t\t\t\t<\/div>\n\t\t<\/div>\n\t\t\t\t\t<\/div>\n\t\t<\/section>\n\t\t\t\t<section data-particle_enable=\"false\" data-particle-mobile-disabled=\"false\" class=\"elementor-section elementor-top-section elementor-element elementor-element-fc1d788 elementor-section-boxed elementor-section-height-default elementor-section-height-default\" data-id=\"fc1d788\" data-element_type=\"section\" data-e-type=\"section\">\n\t\t\t\t\t\t<div class=\"elementor-container elementor-column-gap-default\">\n\t\t\t\t\t<div class=\"elementor-column elementor-col-100 elementor-top-column elementor-element elementor-element-aae6fd6\" data-id=\"aae6fd6\" data-element_type=\"column\" data-e-type=\"column\">\n\t\t\t<div class=\"elementor-widget-wrap elementor-element-populated\">\n\t\t\t\t\t\t<div class=\"elementor-element elementor-element-4a3134b elementor-arrows-position-inside elementor-pagination-position-outside elementor-invisible elementor-widget elementor-widget-image-carousel\" data-id=\"4a3134b\" data-element_type=\"widget\" data-e-type=\"widget\" data-settings=\"{&quot;slides_to_show&quot;:&quot;1&quot;,&quot;_animation&quot;:&quot;rotateInDownLeft&quot;,&quot;navigation&quot;:&quot;both&quot;,&quot;autoplay&quot;:&quot;yes&quot;,&quot;pause_on_hover&quot;:&quot;yes&quot;,&quot;pause_on_interaction&quot;:&quot;yes&quot;,&quot;autoplay_speed&quot;:5000,&quot;infinite&quot;:&quot;yes&quot;,&quot;effect&quot;:&quot;slide&quot;,&quot;speed&quot;:500}\" data-widget_type=\"image-carousel.default\">\n\t\t\t\t\t\t\t<div class=\"elementor-image-carousel-wrapper swiper\" role=\"region\" aria-roledescription=\"carousel\" aria-label=\"Carrusel de im\u00e1genes\" dir=\"ltr\">\n\t\t\t<div class=\"elementor-image-carousel swiper-wrapper\" aria-live=\"off\">\n\t\t\t\t\t\t\t\t<div class=\"swiper-slide\" role=\"group\" aria-roledescription=\"slide\" aria-label=\"1 de 4\"><figure class=\"swiper-slide-inner\"><img decoding=\"async\" class=\"swiper-slide-image\" src=\"https:\/\/soymigrante.com\/revista\/wp-content\/uploads\/2024\/01\/teclaro-marimba-1024x768.webp\" alt=\"Para pasar el tiempo durante el encierro de pandemia, Jos\u00e9 empez\u00f3 a ensayar sonidos con este teclado. As\u00ed naci\u00f3 el timbre de la marimba digital 502.\" \/><\/figure><\/div><div class=\"swiper-slide\" role=\"group\" aria-roledescription=\"slide\" aria-label=\"2 de 4\"><figure class=\"swiper-slide-inner\"><img decoding=\"async\" class=\"swiper-slide-image\" src=\"https:\/\/soymigrante.com\/revista\/wp-content\/uploads\/2024\/01\/sin-computadora-1024x768.webp\" alt=\"Jos\u00e9 G\u00e1mez tambi\u00e9n es disjockey, bajo el nombre DJ Gallito. Esta habilidad le ayud\u00f3 a crear un sonido inconfundible que hoy interpreta junto a sus amigos y compatriotas.\" \/><\/figure><\/div><div class=\"swiper-slide\" role=\"group\" aria-roledescription=\"slide\" aria-label=\"3 de 4\"><figure class=\"swiper-slide-inner\"><img decoding=\"async\" class=\"swiper-slide-image\" src=\"https:\/\/soymigrante.com\/revista\/wp-content\/uploads\/2024\/01\/percusion-1024x768.webp\" alt=\"Jos\u00e9 G\u00e1mez tambi\u00e9n es disjockey, bajo el nombre DJ Gallito. Esta habilidad le ayud\u00f3 a crear un sonido inconfundible que hoy interpreta junto a sus amigos y compatriotas.\" \/><\/figure><\/div><div class=\"swiper-slide\" role=\"group\" aria-roledescription=\"slide\" aria-label=\"4 de 4\"><figure class=\"swiper-slide-inner\"><img decoding=\"async\" class=\"swiper-slide-image\" src=\"https:\/\/soymigrante.com\/revista\/wp-content\/uploads\/2024\/01\/86722706_2483559295083979_126444137841950720_n-1024x946.webp\" alt=\"Jos\u00e9 G\u00e1mez tambi\u00e9n es disjockey, bajo el nombre DJ Gallito. Esta habilidad le ayud\u00f3 a crear un sonido inconfundible que hoy interpreta junto a sus amigos y compatriotas.\" \/><\/figure><\/div>\t\t\t<\/div>\n\t\t\t\t\t\t\t\t\t\t\t\t<div class=\"elementor-swiper-button elementor-swiper-button-prev\" role=\"button\" tabindex=\"0\">\n\t\t\t\t\t\t<i aria-hidden=\"true\" class=\"eicon-chevron-left\"><\/i>\t\t\t\t\t<\/div>\n\t\t\t\t\t<div class=\"elementor-swiper-button elementor-swiper-button-next\" role=\"button\" tabindex=\"0\">\n\t\t\t\t\t\t<i aria-hidden=\"true\" class=\"eicon-chevron-right\"><\/i>\t\t\t\t\t<\/div>\n\t\t\t\t\n\t\t\t\t\t\t\t\t\t<div class=\"swiper-pagination\"><\/div>\n\t\t\t\t\t\t\t\t\t<\/div>\n\t\t\t\t\t\t<\/div>\n\t\t\t\t\t<\/div>\n\t\t<\/div>\n\t\t\t\t\t<\/div>\n\t\t<\/section>\n\t\t\t\t<section data-particle_enable=\"false\" data-particle-mobile-disabled=\"false\" class=\"elementor-section elementor-top-section elementor-element elementor-element-d50761d elementor-section-boxed elementor-section-height-default elementor-section-height-default\" data-id=\"d50761d\" data-element_type=\"section\" data-e-type=\"section\">\n\t\t\t\t\t\t<div class=\"elementor-container elementor-column-gap-default\">\n\t\t\t\t\t<div class=\"elementor-column elementor-col-100 elementor-top-column elementor-element elementor-element-efbe800\" data-id=\"efbe800\" data-element_type=\"column\" data-e-type=\"column\">\n\t\t\t<div class=\"elementor-widget-wrap elementor-element-populated\">\n\t\t\t\t\t\t<div class=\"elementor-element elementor-element-68c63ad elementor-widget elementor-widget-heading\" data-id=\"68c63ad\" data-element_type=\"widget\" data-e-type=\"widget\" data-widget_type=\"heading.default\">\n\t\t\t\t\t<h2 class=\"elementor-heading-title elementor-size-default\">\u00bfY por qu\u00e9 te dicen Gallito?<\/h2>\t\t\t\t<\/div>\n\t\t\t\t\t<\/div>\n\t\t<\/div>\n\t\t\t\t\t<\/div>\n\t\t<\/section>\n\t\t\t\t<section data-particle_enable=\"false\" data-particle-mobile-disabled=\"false\" class=\"elementor-section elementor-top-section elementor-element elementor-element-b031934 elementor-section-boxed elementor-section-height-default elementor-section-height-default\" data-id=\"b031934\" data-element_type=\"section\" data-e-type=\"section\">\n\t\t\t\t\t\t<div class=\"elementor-container elementor-column-gap-default\">\n\t\t\t\t\t<div class=\"elementor-column elementor-col-100 elementor-top-column elementor-element elementor-element-273285c\" data-id=\"273285c\" data-element_type=\"column\" data-e-type=\"column\">\n\t\t\t<div class=\"elementor-widget-wrap elementor-element-populated\">\n\t\t\t\t\t\t<div class=\"elementor-element elementor-element-46c5ed4 elementor-widget elementor-widget-text-editor\" data-id=\"46c5ed4\" data-element_type=\"widget\" data-e-type=\"widget\" data-widget_type=\"text-editor.default\">\n\t\t\t\t\t\t\t\t\t<p><span style=\"color: var( --e-global-color-text );\">All\u00e1 por 2006 yo estuve en otro grupo: Bohemio Inolvidable se llamaba, pero la cosa no funcion\u00f3.\u00a0 Me fui con unos muchachos de San mart\u00edn Jilotepeque. En un toque, nos preguntar\u00f3n c\u00f3mo nos llamabamos. Le quisimos poner Grupo Fiesta, pero ya hab\u00eda otro. Entocnes somos Los Gallos de Am\u00e9rica, en honor a nuestra cerveza Gallo. Muy bien me dijeron y vos sos El Gallito, porque sos el que canta. Y me qued\u00f3 as\u00ed&#8221;.<br \/><\/span>Con este nombre lo conocen tambi\u00e9n como DJ.<\/p>\t\t\t\t\t\t\t\t<\/div>\n\t\t\t\t\t<\/div>\n\t\t<\/div>\n\t\t\t\t\t<\/div>\n\t\t<\/section>\n\t\t\t\t<section data-particle_enable=\"false\" data-particle-mobile-disabled=\"false\" class=\"elementor-section elementor-top-section elementor-element elementor-element-b423053 elementor-section-boxed elementor-section-height-default elementor-section-height-default\" data-id=\"b423053\" data-element_type=\"section\" data-e-type=\"section\">\n\t\t\t\t\t\t<div class=\"elementor-container elementor-column-gap-default\">\n\t\t\t\t\t<div class=\"elementor-column elementor-col-100 elementor-top-column elementor-element elementor-element-9597a8b\" data-id=\"9597a8b\" data-element_type=\"column\" data-e-type=\"column\">\n\t\t\t<div class=\"elementor-widget-wrap elementor-element-populated\">\n\t\t\t\t\t\t<div class=\"elementor-element elementor-element-3a8f121 elementor-widget elementor-widget-image\" data-id=\"3a8f121\" data-element_type=\"widget\" data-e-type=\"widget\" data-widget_type=\"image.default\">\n\t\t\t\t\t\t\t\t\t\t\t\t<figure class=\"wp-caption\">\n\t\t\t\t\t\t\t\t\t\t<img loading=\"lazy\" decoding=\"async\" width=\"225\" height=\"300\" src=\"https:\/\/soymigrante.com\/revista\/wp-content\/uploads\/2024\/01\/sutuj-225x300.webp\" class=\"attachment-medium size-medium wp-image-4603\" alt=\"El pr\u00f3ximo 27 de enero Marimba 502 se presentar\u00e1 junto a otras dos marimbas migrantes, en un homenaje y colecta de fondos a beneficio de la familia del fundador de Josefina Esmeralda, quien fallec\u00ed\u00f3 el 14 de enero.\" srcset=\"https:\/\/soymigrante.com\/revista\/wp-content\/uploads\/2024\/01\/sutuj-225x300.webp 225w, https:\/\/soymigrante.com\/revista\/wp-content\/uploads\/2024\/01\/sutuj-750x1001.webp 750w, https:\/\/soymigrante.com\/revista\/wp-content\/uploads\/2024\/01\/sutuj.webp 767w\" sizes=\"(max-width: 225px) 100vw, 225px\" title=\"El pr\u00f3ximo 27 de enero Marimba 502 se presentar\u00e1 junto a otras dos marimbas migrantes, en un homenaje y colecta de fondos a beneficio de la familia del fundador de Josefina Esmeralda, quien fallec\u00ed\u00f3 el 14 de enero. \u2013 SoyMigrante.com REVISTA\" \/>\t\t\t\t\t\t\t\t\t\t\t<figcaption class=\"widget-image-caption wp-caption-text\">El pr\u00f3ximo 27 de enero Marimba 502 se presentar\u00e1 junto a otras dos marimbas migrantes, en un homenaje y colecta de fondos a beneficio de la familia del fundador de Josefina Esmeralda, quien fallec\u00ed\u00f3 el 14 de enero.<\/figcaption>\n\t\t\t\t\t\t\t\t\t\t<\/figure>\n\t\t\t\t\t\t\t\t\t<\/div>\n\t\t\t\t\t<\/div>\n\t\t<\/div>\n\t\t\t\t\t<\/div>\n\t\t<\/section>\n\t\t\t\t<section data-particle_enable=\"false\" data-particle-mobile-disabled=\"false\" class=\"elementor-section elementor-top-section elementor-element elementor-element-fc86219 elementor-section-boxed elementor-section-height-default elementor-section-height-default\" data-id=\"fc86219\" data-element_type=\"section\" data-e-type=\"section\">\n\t\t\t\t\t\t<div class=\"elementor-container elementor-column-gap-default\">\n\t\t\t\t\t<div class=\"elementor-column elementor-col-100 elementor-top-column elementor-element elementor-element-f891c3e\" data-id=\"f891c3e\" data-element_type=\"column\" data-e-type=\"column\">\n\t\t\t<div class=\"elementor-widget-wrap elementor-element-populated\">\n\t\t\t\t\t\t<div class=\"elementor-element elementor-element-68c4ff7 elementor-widget elementor-widget-heading\" data-id=\"68c4ff7\" data-element_type=\"widget\" data-e-type=\"widget\" data-widget_type=\"heading.default\">\n\t\t\t\t\t<h2 class=\"elementor-heading-title elementor-size-default\">Jos\u00e9, el So\u00f1ador, sigue so\u00f1ando <\/h2>\t\t\t\t<\/div>\n\t\t\t\t\t<\/div>\n\t\t<\/div>\n\t\t\t\t\t<\/div>\n\t\t<\/section>\n\t\t\t\t<section data-particle_enable=\"false\" data-particle-mobile-disabled=\"false\" class=\"elementor-section elementor-top-section elementor-element elementor-element-78f49d1 elementor-section-boxed elementor-section-height-default elementor-section-height-default\" data-id=\"78f49d1\" data-element_type=\"section\" data-e-type=\"section\">\n\t\t\t\t\t\t<div class=\"elementor-container elementor-column-gap-default\">\n\t\t\t\t\t<div class=\"elementor-column elementor-col-100 elementor-top-column elementor-element elementor-element-8d41357\" data-id=\"8d41357\" data-element_type=\"column\" data-e-type=\"column\">\n\t\t\t<div class=\"elementor-widget-wrap elementor-element-populated\">\n\t\t\t\t\t\t<div class=\"elementor-element elementor-element-9029fe1 elementor-widget elementor-widget-text-editor\" data-id=\"9029fe1\" data-element_type=\"widget\" data-e-type=\"widget\" data-widget_type=\"text-editor.default\">\n\t\t\t\t\t\t\t\t\t<p>Jos\u00e9 G\u00e1mez dice que le debe todo a Dios. Que el camino para llegar al \u00e9xito ha sido largo y dif\u00edcil, con mucho trabajo en \u00e1reas que no son la m\u00fasica. Pero que no se queja. Al preguntarle su gran sue\u00f1o dice:<\/p><p><span style=\"color: var( --e-global-color-text );\">&#8220;Mi mayor sue\u00f1o es llegar a cantar a Guatemala y tambi\u00e9n a M\u00e9xico porque tenemos seguidores por all\u00e1&#8221;.<\/span><\/p><p><span style=\"color: var( --e-global-color-text );\">El 27 de enero Marimba 502 se presentar\u00e1 en Union City, New Jersey, junto a otras dos Marimbas: Herencia Maya y Josefina Esmeralda, cuyo fundador Jos\u00e9 Sutuj falleci\u00f3 recientemente. El evento es para reunir fondos a beneficio de la familia.<\/span><\/p>\t\t\t\t\t\t\t\t<\/div>\n\t\t\t\t\t<\/div>\n\t\t<\/div>\n\t\t\t\t\t<\/div>\n\t\t<\/section>\n\t\t\t\t<section data-particle_enable=\"false\" data-particle-mobile-disabled=\"false\" class=\"elementor-section elementor-top-section elementor-element elementor-element-44786c0 elementor-section-boxed elementor-section-height-default elementor-section-height-default\" data-id=\"44786c0\" data-element_type=\"section\" data-e-type=\"section\">\n\t\t\t\t\t\t<div class=\"elementor-container elementor-column-gap-default\">\n\t\t\t\t\t<div class=\"elementor-column elementor-col-100 elementor-top-column elementor-element elementor-element-d35d5eb\" data-id=\"d35d5eb\" data-element_type=\"column\" data-e-type=\"column\">\n\t\t\t<div class=\"elementor-widget-wrap elementor-element-populated\">\n\t\t\t\t\t\t<div class=\"elementor-element elementor-element-9bbbb05 elementor-invisible elementor-widget elementor-widget-image\" data-id=\"9bbbb05\" data-element_type=\"widget\" data-e-type=\"widget\" data-settings=\"{&quot;_animation&quot;:&quot;lightSpeedIn&quot;}\" data-widget_type=\"image.default\">\n\t\t\t\t\t\t\t\t\t\t\t\t\t\t\t<img loading=\"lazy\" decoding=\"async\" width=\"1024\" height=\"719\" src=\"https:\/\/soymigrante.com\/revista\/wp-content\/uploads\/2024\/01\/marimba-dfd-1024x719.webp\" class=\"attachment-large size-large wp-image-4604\" alt=\"\" srcset=\"https:\/\/soymigrante.com\/revista\/wp-content\/uploads\/2024\/01\/marimba-dfd-1024x719.webp 1024w, https:\/\/soymigrante.com\/revista\/wp-content\/uploads\/2024\/01\/marimba-dfd-300x211.webp 300w, https:\/\/soymigrante.com\/revista\/wp-content\/uploads\/2024\/01\/marimba-dfd-768x539.webp 768w, https:\/\/soymigrante.com\/revista\/wp-content\/uploads\/2024\/01\/marimba-dfd-750x526.webp 750w, https:\/\/soymigrante.com\/revista\/wp-content\/uploads\/2024\/01\/marimba-dfd-1140x800.webp 1140w, https:\/\/soymigrante.com\/revista\/wp-content\/uploads\/2024\/01\/marimba-dfd.webp 1536w\" sizes=\"(max-width: 1024px) 100vw, 1024px\" title=\"La mayor\u00eda de los integrantes de la Marimba 502 Digital son migrantes originarios de Pachalum, Quich\u00e9. \u2013 SoyMigrante.com REVISTA\" \/>\t\t\t\t\t\t\t\t\t\t\t\t\t\t\t<\/div>\n\t\t\t\t\t<\/div>\n\t\t<\/div>\n\t\t\t\t\t<\/div>\n\t\t<\/section>\n\t\t\t\t<section data-particle_enable=\"false\" data-particle-mobile-disabled=\"false\" class=\"elementor-section elementor-top-section elementor-element elementor-element-e2402e8 elementor-section-boxed elementor-section-height-default elementor-section-height-default\" data-id=\"e2402e8\" data-element_type=\"section\" data-e-type=\"section\">\n\t\t\t\t\t\t<div class=\"elementor-container elementor-column-gap-default\">\n\t\t\t\t\t<div class=\"elementor-column elementor-col-100 elementor-top-column elementor-element elementor-element-ff71a9d\" data-id=\"ff71a9d\" data-element_type=\"column\" data-e-type=\"column\">\n\t\t\t<div class=\"elementor-widget-wrap elementor-element-populated\">\n\t\t\t\t\t\t<div class=\"elementor-element elementor-element-6acf528 elementor-widget elementor-widget-heading\" data-id=\"6acf528\" data-element_type=\"widget\" data-e-type=\"widget\" data-widget_type=\"heading.default\">\n\t\t\t\t\t<h2 class=\"elementor-heading-title elementor-size-default\">Tambi\u00e9n podr\u00eda interesarte <\/h2>\t\t\t\t<\/div>\n\t\t\t\t\t<\/div>\n\t\t<\/div>\n\t\t\t\t\t<\/div>\n\t\t<\/section>\n\t\t\t\t<section data-particle_enable=\"false\" data-particle-mobile-disabled=\"false\" class=\"elementor-section elementor-top-section elementor-element elementor-element-c561003 elementor-section-boxed elementor-section-height-default elementor-section-height-default\" data-id=\"c561003\" data-element_type=\"section\" data-e-type=\"section\">\n\t\t\t\t\t\t<div class=\"elementor-container elementor-column-gap-default\">\n\t\t\t\t\t<div class=\"elementor-column elementor-col-100 elementor-top-column elementor-element elementor-element-5105faf\" data-id=\"5105faf\" data-element_type=\"column\" data-e-type=\"column\">\n\t\t\t<div class=\"elementor-widget-wrap elementor-element-populated\">\n\t\t\t\t\t\t<div class=\"elementor-element elementor-element-7dc71f1 elementor-widget elementor-widget-blfe-post-grid\" data-id=\"7dc71f1\" data-element_type=\"widget\" data-e-type=\"widget\" data-settings=\"{&quot;columns&quot;:&quot;3&quot;,&quot;columns_tablet&quot;:&quot;6&quot;,&quot;columns_mobile&quot;:&quot;12&quot;,&quot;hero1_layout_column_gap&quot;:{&quot;unit&quot;:&quot;px&quot;,&quot;size&quot;:30,&quot;sizes&quot;:[]},&quot;hero1_layout_column_gap_tablet&quot;:{&quot;unit&quot;:&quot;px&quot;,&quot;size&quot;:&quot;&quot;,&quot;sizes&quot;:[]},&quot;hero1_layout_column_gap_mobile&quot;:{&quot;unit&quot;:&quot;px&quot;,&quot;size&quot;:&quot;&quot;,&quot;sizes&quot;:[]},&quot;hero1_layout_row_gap&quot;:{&quot;unit&quot;:&quot;px&quot;,&quot;size&quot;:30,&quot;sizes&quot;:[]},&quot;hero1_layout_row_gap_tablet&quot;:{&quot;unit&quot;:&quot;px&quot;,&quot;size&quot;:&quot;&quot;,&quot;sizes&quot;:[]},&quot;hero1_layout_row_gap_mobile&quot;:{&quot;unit&quot;:&quot;px&quot;,&quot;size&quot;:&quot;&quot;,&quot;sizes&quot;:[]}}\" data-widget_type=\"blfe-post-grid.hero1\">\n\t\t\t\t<div class=\"elementor-widget-container\">\n\t\t\t\t\t\n                        <div class=\"blfe-post-grid-container \">\n            \n                <div data-skin=\"hero1\" class=\"blfe-row blfe-posts-inner blfe-hero1 blfe-posts-inner blfe-col-3 blfe-col-tab-6 blfe-col-mob-12     \">\n                            <div class=\"blfe-post-grid-item\">\n            <div class=\"blfe-post-grid-item-inner blfe-modern-zoom\">\n                        <div class=\"blfe-post-grid-bg-image\">\n            <a class=\"blfe-post-grid-image-inner\" href=\"https:\/\/soymigrante.com\/revista\/miss-gualan-usa-coronacion-imprevisto-guatemaltecos-en-estados-unidos-union-abril-2026\/\" title=\"Un imprevisto en la coronaci\u00f3n de Miss Gualan U.S.A. 2026 en Los Angeles hizo brillar la uni\u00f3n guatemalteca\" rel=\"nofollow\" target=\"_blank\"><img decoding=\"async\" src=\"https:\/\/soymigrante.com\/revista\/wp-content\/uploads\/2026\/04\/guatemaltecos-en-Estados-Unidos-miss-gualan-USA-coronacion-5.jpg\" alt=\"Un imprevisto en la coronaci\u00f3n de Miss Gualan U.S.A. 2026 en Los Angeles hizo brillar la uni\u00f3n guatemalteca\"\/><\/a>        <\/div>\n                        <div class=\"blfe-post-grid-details\">\n                    <div class=\"blfe-post-grid-details-inner\">\n                        <span class=\"blfe-post-category\"><a href=\"https:\/\/soymigrante.com\/revista\/category\/estamos-unidos\/\">Estamos Unidos<\/a><\/span>                        <h3 class=\"blfe-post-grid-title\">\n            <a href=\"https:\/\/soymigrante.com\/revista\/miss-gualan-usa-coronacion-imprevisto-guatemaltecos-en-estados-unidos-union-abril-2026\/\" title=\"Un imprevisto en la coronaci\u00f3n de Miss Gualan U.S.A. 2026 en Los Angeles hizo brillar la uni\u00f3n guatemalteca\" rel=\"nofollow\" target=\"_blank\">Un imprevisto en la coronaci\u00f3n de Miss Gualan U.S.A. 2026 en Los Angeles hizo brillar la uni\u00f3n guatemalteca<\/a>\n            <\/h3>                                                            <div class=\"blfe-post-grid-meta\">\n                <span class=\"blfe-post-grid-author\"><i class=\"fa fa-user far fa-user\"><\/i>by <a href=\"https:\/\/soymigrante.com\/revista\/author\/soymigrante\/\">SoyMigrante.com REVISTA<\/a><\/span>                    <div class=\"blfe-post-meta-dot\"><\/div>\n                    <span class=\"blfe-post-grid-date\"><i class=\"fa fa-calendar-alt far fa-calendar-alt\"><\/i>27\/04\/2026<\/span>                    <div class=\"blfe-post-meta-dot\"><\/div>\n                                <\/div>\n                                                        <\/div>\n                <\/div>\n\n            <\/div>\n        <\/div>\n                <div class=\"blfe-post-grid-item\">\n            <div class=\"blfe-post-grid-item-inner blfe-modern-zoom\">\n                        <div class=\"blfe-post-grid-bg-image\">\n            <a class=\"blfe-post-grid-image-inner\" href=\"https:\/\/soymigrante.com\/revista\/cantautora-migrante-guatemalteca-wendy-dgi-crea-cancion-desafiante-la-envidia\/\" title=\"&#8220;La Envidia&#8221;: cantautora migrante guatemalteca Wendy DGi crea una canci\u00f3n desafiante\" rel=\"nofollow\" target=\"_blank\"><img decoding=\"async\" src=\"https:\/\/soymigrante.com\/revista\/wp-content\/uploads\/2026\/04\/wendy-DGi-cantautora-migrante-guatemalteca-en-nueva-york-copia.jpg\" alt=\"&#8220;La Envidia&#8221;: cantautora migrante guatemalteca Wendy DGi crea una canci\u00f3n desafiante\"\/><\/a>        <\/div>\n                        <div class=\"blfe-post-grid-details\">\n                    <div class=\"blfe-post-grid-details-inner\">\n                        <span class=\"blfe-post-category\"><a href=\"https:\/\/soymigrante.com\/revista\/category\/estamos-unidos\/lugar-de-voces\/\">Lugar de Voces<\/a><\/span>                        <h3 class=\"blfe-post-grid-title\">\n            <a href=\"https:\/\/soymigrante.com\/revista\/cantautora-migrante-guatemalteca-wendy-dgi-crea-cancion-desafiante-la-envidia\/\" title=\"&#8220;La Envidia&#8221;: cantautora migrante guatemalteca Wendy DGi crea una canci\u00f3n desafiante\" rel=\"nofollow\" target=\"_blank\">&#8220;La Envidia&#8221;: cantautora migrante guatemalteca Wendy DGi crea una canci\u00f3n desafiante<\/a>\n            <\/h3>                                                            <div class=\"blfe-post-grid-meta\">\n                <span class=\"blfe-post-grid-author\"><i class=\"fa fa-user far fa-user\"><\/i>by <a href=\"https:\/\/soymigrante.com\/revista\/author\/soymigrante\/\">SoyMigrante.com REVISTA<\/a><\/span>                    <div class=\"blfe-post-meta-dot\"><\/div>\n                    <span class=\"blfe-post-grid-date\"><i class=\"fa fa-calendar-alt far fa-calendar-alt\"><\/i>24\/04\/2026<\/span>                    <div class=\"blfe-post-meta-dot\"><\/div>\n                                <\/div>\n                                                        <\/div>\n                <\/div>\n\n            <\/div>\n        <\/div>\n                <div class=\"blfe-post-grid-item\">\n            <div class=\"blfe-post-grid-item-inner blfe-modern-zoom\">\n                        <div class=\"blfe-post-grid-bg-image\">\n            <a class=\"blfe-post-grid-image-inner\" href=\"https:\/\/soymigrante.com\/revista\/donacion-migrante-de-equipo-y-capacitacion-desde-nueva-york-fortalece-a-bomberos-de-quetzaltenango\/\" title=\"Donaci\u00f3n migrante de equipo y capacitaci\u00f3n desde Nueva York fortalece a bomberos de Quetzaltenango\" rel=\"nofollow\" target=\"_blank\"><img decoding=\"async\" src=\"https:\/\/soymigrante.com\/revista\/wp-content\/uploads\/2026\/04\/guatemaltecos-en-estados-unidos-migrantes-donacion-a-bomberos-quezaltenango-fundacion-911-ddf.png\" alt=\"Donaci\u00f3n migrante de equipo y capacitaci\u00f3n desde Nueva York fortalece a bomberos de Quetzaltenango\"\/><\/a>        <\/div>\n                        <div class=\"blfe-post-grid-details\">\n                    <div class=\"blfe-post-grid-details-inner\">\n                        <span class=\"blfe-post-category\"><a href=\"https:\/\/soymigrante.com\/revista\/category\/estamos-unidos\/\">Estamos Unidos<\/a><\/span>                        <h3 class=\"blfe-post-grid-title\">\n            <a href=\"https:\/\/soymigrante.com\/revista\/donacion-migrante-de-equipo-y-capacitacion-desde-nueva-york-fortalece-a-bomberos-de-quetzaltenango\/\" title=\"Donaci\u00f3n migrante de equipo y capacitaci\u00f3n desde Nueva York fortalece a bomberos de Quetzaltenango\" rel=\"nofollow\" target=\"_blank\">Donaci\u00f3n migrante de equipo y capacitaci\u00f3n desde Nueva York fortalece a bomberos de Quetzaltenango<\/a>\n            <\/h3>                                                            <div class=\"blfe-post-grid-meta\">\n                <span class=\"blfe-post-grid-author\"><i class=\"fa fa-user far fa-user\"><\/i>by <a href=\"https:\/\/soymigrante.com\/revista\/author\/gustavo\/\">Gustavo Montenegro<\/a><\/span>                    <div class=\"blfe-post-meta-dot\"><\/div>\n                    <span class=\"blfe-post-grid-date\"><i class=\"fa fa-calendar-alt far fa-calendar-alt\"><\/i>24\/04\/2026<\/span>                    <div class=\"blfe-post-meta-dot\"><\/div>\n                                <\/div>\n                                                        <\/div>\n                <\/div>\n\n            <\/div>\n        <\/div>\n                <div class=\"blfe-post-grid-item\">\n            <div class=\"blfe-post-grid-item-inner blfe-modern-zoom\">\n                        <div class=\"blfe-post-grid-bg-image\">\n            <a class=\"blfe-post-grid-image-inner\" href=\"https:\/\/soymigrante.com\/revista\/dia-de-la-tierra-todos-los-dias-productos-guatemaltecos-naturales-y-autenticos-en-mercado\/\" title=\"D\u00eda de la Tierra todos los d\u00edas: productos guatemaltecos naturales y aut\u00e9nticos en MERCADO\" rel=\"nofollow\" target=\"_blank\"><img decoding=\"async\" src=\"https:\/\/soymigrante.com\/revista\/wp-content\/uploads\/2026\/04\/DIA-DE-LA-TIERRA-PRODUCTOS-ECOLOGICOS-GUATEMALA-SOYMIGRANTE-MERCADO.png\" alt=\"D\u00eda de la Tierra todos los d\u00edas: productos guatemaltecos naturales y aut\u00e9nticos en MERCADO\"\/><\/a>        <\/div>\n                        <div class=\"blfe-post-grid-details\">\n                    <div class=\"blfe-post-grid-details-inner\">\n                        <span class=\"blfe-post-category\"><a href=\"https:\/\/soymigrante.com\/revista\/category\/guate-nuestra\/\">Guate Nuestra<\/a><\/span>                        <h3 class=\"blfe-post-grid-title\">\n            <a href=\"https:\/\/soymigrante.com\/revista\/dia-de-la-tierra-todos-los-dias-productos-guatemaltecos-naturales-y-autenticos-en-mercado\/\" title=\"D\u00eda de la Tierra todos los d\u00edas: productos guatemaltecos naturales y aut\u00e9nticos en MERCADO\" rel=\"nofollow\" target=\"_blank\">D\u00eda de la Tierra todos los d\u00edas: productos guatemaltecos naturales y aut\u00e9nticos en MERCADO<\/a>\n            <\/h3>                                                            <div class=\"blfe-post-grid-meta\">\n                <span class=\"blfe-post-grid-author\"><i class=\"fa fa-user far fa-user\"><\/i>by <a href=\"https:\/\/soymigrante.com\/revista\/author\/soymigrante\/\">SoyMigrante.com REVISTA<\/a><\/span>                    <div class=\"blfe-post-meta-dot\"><\/div>\n                    <span class=\"blfe-post-grid-date\"><i class=\"fa fa-calendar-alt far fa-calendar-alt\"><\/i>22\/04\/2026<\/span>                    <div class=\"blfe-post-meta-dot\"><\/div>\n                                <\/div>\n                                                        <\/div>\n                <\/div>\n\n            <\/div>\n        <\/div>\n                <div class=\"blfe-post-grid-item\">\n            <div class=\"blfe-post-grid-item-inner blfe-modern-zoom\">\n                        <div class=\"blfe-post-grid-bg-image\">\n            <a class=\"blfe-post-grid-image-inner\" href=\"https:\/\/soymigrante.com\/revista\/refugio-natural-cerca-de-la-capital-la-reserva-ecologica-senderos-de-alux-en-sacatepequez\/\" title=\"Refugio natural cerca de la capital: La reserva ecol\u00f3gica Senderos de Alux en Sacatep\u00e9quez\" rel=\"nofollow\" target=\"_blank\"><img decoding=\"async\" src=\"https:\/\/soymigrante.com\/revista\/wp-content\/uploads\/2026\/04\/parque-ecologico-senderos-de-alux-5.jpg\" alt=\"Refugio natural cerca de la capital: La reserva ecol\u00f3gica Senderos de Alux en Sacatep\u00e9quez\"\/><\/a>        <\/div>\n                        <div class=\"blfe-post-grid-details\">\n                    <div class=\"blfe-post-grid-details-inner\">\n                        <span class=\"blfe-post-category\"><a href=\"https:\/\/soymigrante.com\/revista\/category\/guate-nuestra\/\">Guate Nuestra<\/a><\/span>                        <h3 class=\"blfe-post-grid-title\">\n            <a href=\"https:\/\/soymigrante.com\/revista\/refugio-natural-cerca-de-la-capital-la-reserva-ecologica-senderos-de-alux-en-sacatepequez\/\" title=\"Refugio natural cerca de la capital: La reserva ecol\u00f3gica Senderos de Alux en Sacatep\u00e9quez\" rel=\"nofollow\" target=\"_blank\">Refugio natural cerca de la capital: La reserva ecol\u00f3gica Senderos de Alux en Sacatep\u00e9quez<\/a>\n            <\/h3>                                                            <div class=\"blfe-post-grid-meta\">\n                <span class=\"blfe-post-grid-author\"><i class=\"fa fa-user far fa-user\"><\/i>by <a href=\"https:\/\/soymigrante.com\/revista\/author\/mariangel-alvarez\/\">Mari\u00e1ngel \u00c1lvarez<\/a><\/span>                    <div class=\"blfe-post-meta-dot\"><\/div>\n                    <span class=\"blfe-post-grid-date\"><i class=\"fa fa-calendar-alt far fa-calendar-alt\"><\/i>22\/04\/2026<\/span>                    <div class=\"blfe-post-meta-dot\"><\/div>\n                                <\/div>\n                                                        <\/div>\n                <\/div>\n\n            <\/div>\n        <\/div>\n                <div class=\"blfe-post-grid-item\">\n            <div class=\"blfe-post-grid-item-inner blfe-modern-zoom\">\n                        <div class=\"blfe-post-grid-bg-image\">\n            <a class=\"blfe-post-grid-image-inner\" href=\"https:\/\/soymigrante.com\/revista\/coronaran-a-miss-gualan-usa-2026-27-en-los-angeles-la-belleza-de-la-solidaridad-migrante\/\" title=\"Coronar\u00e1n a Miss Gual\u00e1n USA 2026-27 en Los Angeles: la belleza de la solidaridad migrante\" rel=\"nofollow\" target=\"_blank\"><img decoding=\"async\" src=\"https:\/\/soymigrante.com\/revista\/wp-content\/uploads\/2026\/04\/miss-gualan-usa-2026-2027-krystal-ivette-cabrera-cordon-de-texas.png\" alt=\"Coronar\u00e1n a Miss Gual\u00e1n USA 2026-27 en Los Angeles: la belleza de la solidaridad migrante\"\/><\/a>        <\/div>\n                        <div class=\"blfe-post-grid-details\">\n                    <div class=\"blfe-post-grid-details-inner\">\n                        <span class=\"blfe-post-category\"><a href=\"https:\/\/soymigrante.com\/revista\/category\/estamos-unidos\/\">Estamos Unidos<\/a><\/span>                        <h3 class=\"blfe-post-grid-title\">\n            <a href=\"https:\/\/soymigrante.com\/revista\/coronaran-a-miss-gualan-usa-2026-27-en-los-angeles-la-belleza-de-la-solidaridad-migrante\/\" title=\"Coronar\u00e1n a Miss Gual\u00e1n USA 2026-27 en Los Angeles: la belleza de la solidaridad migrante\" rel=\"nofollow\" target=\"_blank\">Coronar\u00e1n a Miss Gual\u00e1n USA 2026-27 en Los Angeles: la belleza de la solidaridad migrante<\/a>\n            <\/h3>                                                            <div class=\"blfe-post-grid-meta\">\n                <span class=\"blfe-post-grid-author\"><i class=\"fa fa-user far fa-user\"><\/i>by <a href=\"https:\/\/soymigrante.com\/revista\/author\/gustavo\/\">Gustavo Montenegro<\/a><\/span>                    <div class=\"blfe-post-meta-dot\"><\/div>\n                    <span class=\"blfe-post-grid-date\"><i class=\"fa fa-calendar-alt far fa-calendar-alt\"><\/i>20\/04\/2026<\/span>                    <div class=\"blfe-post-meta-dot\"><\/div>\n                                <\/div>\n                                                        <\/div>\n                <\/div>\n\n            <\/div>\n        <\/div>\n                        <\/div>\n\n                        <\/div>\n            \n                        <div class=\"blfe-post-footer\">\n                        <\/div>\n            \t\t\t\t<\/div>\n\t\t\t\t<\/div>\n\t\t\t\t\t<\/div>\n\t\t<\/div>\n\t\t\t\t\t<\/div>\n\t\t<\/section>\n\t\t\t\t<\/div>\n\t\t","protected":false},"excerpt":{"rendered":"<p>&#8220;Nunca me rend\u00ed, nunca tir\u00e9 la toalla, nunca me d\u00ed por vencido&#8221;, dice el migrante guatemalteco Jos\u00e9 G\u00e1mez, creador del sonido digital de Marimba 502 que se ha presentado en diversos Estados de la Uni\u00f3n Americana. Hace 4 a\u00f1os no exist\u00eda Marimba 502 El migrante Jos\u00e9 G\u00e1mez y un grupo de amigos guatemaltecos residentes en [&hellip;]<\/p>\n","protected":false},"author":7,"featured_media":4608,"comment_status":"open","ping_status":"open","sticky":false,"template":"","format":"standard","meta":{"_acf_changed":false,"_eb_attr":"","footnotes":""},"categories":[50],"tags":[],"class_list":["post-4589","post","type-post","status-publish","format-standard","has-post-thumbnail","hentry","category-exitos"],"acf":[],"aioseo_notices":[],"aioseo_head":"\n\t\t<!-- All in One SEO Pro 4.9.6.2 - aioseo.com -->\n\t<meta name=\"description\" content=\"La uni\u00f3n de los migrantes gualantecos en Estados Unidos brilla en la corona de Miss Gual\u00e1n USA 2026 Ivette Cabrera, quien trae una misi\u00f3n de solidaridad.\" \/>\n\t<meta name=\"robots\" content=\"max-snippet:-1, max-image-preview:large, max-video-preview:-1\" \/>\n\t<meta name=\"author\" content=\"Gustavo Montenegro\"\/>\n\t<link rel=\"canonical\" href=\"https:\/\/soymigrante.com\/revista\/coronaran-a-miss-gualan-usa-2026-27-en-los-angeles-la-belleza-de-la-solidaridad-migrante\/\" \/>\n\t<meta name=\"generator\" content=\"All in One SEO Pro (AIOSEO) 4.9.6.2\" \/>\n\n\t\t<link rel=\"preconnect\" href=\"https:\/\/fonts.googleapis.com\" crossorigin>\n<link rel=\"preconnect\" href=\"https:\/\/fonts.gstatic.com\" crossorigin>\n\t\t<meta property=\"og:locale\" content=\"es_ES\" \/>\n\t\t<meta property=\"og:site_name\" content=\"SoyMigrante.com REVISTA \u2013 Nuestra misi\u00f3n es reconocer y dignificar al migrante.\" \/>\n\t\t<meta property=\"og:type\" content=\"article\" \/>\n\t\t<meta property=\"og:title\" content=\"Miss Gual\u00e1n USA 2026 en Los Angeles: corona de solidaridad\" \/>\n\t\t<meta property=\"og:description\" content=\"La uni\u00f3n de los migrantes gualantecos en Estados Unidos brilla en la corona de Miss Gual\u00e1n USA 2026 Ivette Cabrera, quien trae una misi\u00f3n de solidaridad.\" \/>\n\t\t<meta property=\"og:url\" content=\"https:\/\/soymigrante.com\/revista\/coronaran-a-miss-gualan-usa-2026-27-en-los-angeles-la-belleza-de-la-solidaridad-migrante\/\" \/>\n\t\t<meta property=\"og:image\" content=\"https:\/\/soymigrante.com\/revista\/wp-content\/uploads\/2026\/04\/miss-gualan-usa-2026-2027-krystal-ivette-cabrera-cordon-de-texas.png\" \/>\n\t\t<meta property=\"og:image:secure_url\" content=\"https:\/\/soymigrante.com\/revista\/wp-content\/uploads\/2026\/04\/miss-gualan-usa-2026-2027-krystal-ivette-cabrera-cordon-de-texas.png\" \/>\n\t\t<meta property=\"og:image:width\" content=\"1200\" \/>\n\t\t<meta property=\"og:image:height\" content=\"1200\" \/>\n\t\t<meta property=\"article:published_time\" content=\"2026-04-20T17:49:35+00:00\" \/>\n\t\t<meta property=\"article:modified_time\" content=\"2026-04-20T17:50:45+00:00\" \/>\n\t\t<meta property=\"article:publisher\" content=\"https:\/\/www.facebook.com\/soymigrantecom\" \/>\n\t\t<meta name=\"twitter:card\" content=\"summary_large_image\" \/>\n\t\t<meta name=\"twitter:site\" content=\"@SoyMigrante_com\" \/>\n\t\t<meta name=\"twitter:title\" content=\"Miss Gual\u00e1n USA 2026 en Los Angeles: corona de solidaridad\" \/>\n\t\t<meta name=\"twitter:description\" content=\"La uni\u00f3n de los migrantes gualantecos en Estados Unidos brilla en la corona de Miss Gual\u00e1n USA 2026 Ivette Cabrera, quien trae una misi\u00f3n de solidaridad.\" \/>\n\t\t<meta name=\"twitter:creator\" content=\"@SoyMigrante_com\" \/>\n\t\t<meta name=\"twitter:image\" content=\"https:\/\/soymigrante.com\/revista\/wp-content\/uploads\/2026\/04\/miss-gualan-usa-2026-2027-krystal-ivette-cabrera-cordon-de-texas.png\" \/>\n\t\t<!-- All in One SEO Pro -->\r\n\t\t<title>Miss Gual\u00e1n USA 2026 en Los Angeles: corona de solidaridad<\/title>\n\n","aioseo_head_json":{"title":"Miss Gual\u00e1n USA 2026 en Los Angeles: corona de solidaridad","description":"La uni\u00f3n de los migrantes gualantecos en Estados Unidos brilla en la corona de Miss Gual\u00e1n USA 2026 Ivette Cabrera, quien trae una misi\u00f3n de solidaridad.","canonical_url":"https:\/\/soymigrante.com\/revista\/coronaran-a-miss-gualan-usa-2026-27-en-los-angeles-la-belleza-de-la-solidaridad-migrante\/","robots":"max-snippet:-1, max-image-preview:large, max-video-preview:-1","keywords":"","webmasterTools":{"miscellaneous":"&lt;link rel=\"preconnect\" href=\"https:\/\/fonts.googleapis.com\" crossorigin&gt;\n&lt;link rel=\"preconnect\" href=\"https:\/\/fonts.gstatic.com\" crossorigin&gt;"},"schema":null,"og:locale":"es_ES","og:site_name":"SoyMigrante.com REVISTA \u2013 Nuestra misi\u00f3n es reconocer y dignificar al migrante.","og:type":"article","og:title":"Miss Gual\u00e1n USA 2026 en Los Angeles: corona de solidaridad","og:description":"La uni\u00f3n de los migrantes gualantecos en Estados Unidos brilla en la corona de Miss Gual\u00e1n USA 2026 Ivette Cabrera, quien trae una misi\u00f3n de solidaridad.","og:url":"https:\/\/soymigrante.com\/revista\/coronaran-a-miss-gualan-usa-2026-27-en-los-angeles-la-belleza-de-la-solidaridad-migrante\/","og:image":"https:\/\/soymigrante.com\/revista\/wp-content\/uploads\/2026\/04\/miss-gualan-usa-2026-2027-krystal-ivette-cabrera-cordon-de-texas.png","og:image:secure_url":"https:\/\/soymigrante.com\/revista\/wp-content\/uploads\/2026\/04\/miss-gualan-usa-2026-2027-krystal-ivette-cabrera-cordon-de-texas.png","og:image:width":1200,"og:image:height":1200,"article:published_time":"2026-04-20T17:49:35+00:00","article:modified_time":"2026-04-20T17:50:45+00:00","article:publisher":"https:\/\/www.facebook.com\/soymigrantecom","twitter:card":"summary_large_image","twitter:site":"@SoyMigrante_com","twitter:title":"Miss Gual\u00e1n USA 2026 en Los Angeles: corona de solidaridad","twitter:description":"La uni\u00f3n de los migrantes gualantecos en Estados Unidos brilla en la corona de Miss Gual\u00e1n USA 2026 Ivette Cabrera, quien trae una misi\u00f3n de solidaridad.","twitter:creator":"@SoyMigrante_com","twitter:image":"https:\/\/soymigrante.com\/revista\/wp-content\/uploads\/2026\/04\/miss-gualan-usa-2026-2027-krystal-ivette-cabrera-cordon-de-texas.png"},"aioseo_meta_data":{"post_id":"4589","title":null,"description":null,"keywords":[],"keyphrases":{"focus":{"keyphrase":"Migrante","score":91,"analysis":{"keyphraseInTitle":{"score":9,"maxScore":9,"error":0},"keyphraseInDescription":{"score":9,"maxScore":9,"error":0},"keyphraseLength":{"score":9,"maxScore":9,"error":0,"length":1},"keyphraseInURL":{"score":5,"maxScore":5,"error":0},"keyphraseInIntroduction":{"score":9,"maxScore":9,"error":0},"keyphraseInSubHeadings":{"score":3,"maxScore":9,"error":1},"keyphraseInImageAlt":{"score":9,"maxScore":9,"error":0},"keywordDensity":{"type":"best","score":9,"maxScore":9,"error":0}}},"additional":[]},"primary_term":null,"canonical_url":null,"og_title":null,"og_description":null,"og_object_type":"default","og_image_type":"default","og_image_url":null,"og_image_width":null,"og_image_height":null,"og_image_custom_url":null,"og_image_custom_fields":null,"og_video":"","og_custom_url":null,"og_article_section":null,"og_article_tags":[],"twitter_use_og":false,"twitter_card":"default","twitter_image_type":"default","twitter_image_url":null,"twitter_image_custom_url":null,"twitter_image_custom_fields":null,"twitter_title":null,"twitter_description":null,"schema":{"blockGraphs":[],"customGraphs":[],"default":{"data":{"Article":[],"Course":[],"Dataset":[],"FAQPage":[],"Movie":[],"Person":[],"Product":[],"ProductReview":[],"Car":[],"Recipe":[],"Service":[],"SoftwareApplication":[],"WebPage":[]},"graphName":"BlogPosting","isEnabled":true},"graphs":[]},"schema_type":"default","schema_type_options":null,"pillar_content":false,"robots_default":true,"robots_noindex":false,"robots_noarchive":false,"robots_nosnippet":false,"robots_nofollow":false,"robots_noimageindex":false,"robots_noodp":false,"robots_notranslate":false,"robots_max_snippet":"-1","robots_max_videopreview":"-1","robots_max_imagepreview":"large","priority":null,"frequency":"default","local_seo":null,"seo_analyzer_scan_date":"2025-10-08 21:04:19","breadcrumb_settings":null,"limit_modified_date":false,"reviewed_by":null,"open_ai":null,"ai":null,"created":"2024-01-26 06:18:04","updated":"2026-02-04 10:47:53"},"aioseo_breadcrumb":"<div class=\"aioseo-breadcrumbs\"><span class=\"aioseo-breadcrumb\">\n\t<a href=\"https:\/\/soymigrante.com\/revista\" title=\"Home\">Home<\/a>\n<\/span><span class=\"aioseo-breadcrumb-separator\">\u00bb<\/span><span class=\"aioseo-breadcrumb\">\n\t<a href=\"https:\/\/soymigrante.com\/revista\/category\/exitos\/\" title=\"\u00c9xitos\">\u00c9xitos<\/a>\n<\/span><span class=\"aioseo-breadcrumb-separator\">\u00bb<\/span><span class=\"aioseo-breadcrumb\">\n\tJos\u00e9 G\u00e1mez y un sue\u00f1o migrante llamado Marimba Digital 502\n<\/span><\/div>","aioseo_breadcrumb_json":[{"label":"Home","link":"https:\/\/soymigrante.com\/revista"},{"label":"\u00c9xitos","link":"https:\/\/soymigrante.com\/revista\/category\/exitos\/"},{"label":"Jos\u00e9 G\u00e1mez y un sue\u00f1o migrante llamado Marimba Digital 502","link":"https:\/\/soymigrante.com\/revista\/jose-gamez-marimba-digital-502-migrante-sonador-originario-de-quiche\/"}],"_links":{"self":[{"href":"https:\/\/soymigrante.com\/revista\/wp-json\/wp\/v2\/posts\/4589","targetHints":{"allow":["GET"]}}],"collection":[{"href":"https:\/\/soymigrante.com\/revista\/wp-json\/wp\/v2\/posts"}],"about":[{"href":"https:\/\/soymigrante.com\/revista\/wp-json\/wp\/v2\/types\/post"}],"author":[{"embeddable":true,"href":"https:\/\/soymigrante.com\/revista\/wp-json\/wp\/v2\/users\/7"}],"replies":[{"embeddable":true,"href":"https:\/\/soymigrante.com\/revista\/wp-json\/wp\/v2\/comments?post=4589"}],"version-history":[{"count":0,"href":"https:\/\/soymigrante.com\/revista\/wp-json\/wp\/v2\/posts\/4589\/revisions"}],"wp:featuredmedia":[{"embeddable":true,"href":"https:\/\/soymigrante.com\/revista\/wp-json\/wp\/v2\/media\/4608"}],"wp:attachment":[{"href":"https:\/\/soymigrante.com\/revista\/wp-json\/wp\/v2\/media?parent=4589"}],"wp:term":[{"taxonomy":"category","embeddable":true,"href":"https:\/\/soymigrante.com\/revista\/wp-json\/wp\/v2\/categories?post=4589"},{"taxonomy":"post_tag","embeddable":true,"href":"https:\/\/soymigrante.com\/revista\/wp-json\/wp\/v2\/tags?post=4589"}],"curies":[{"name":"wp","href":"https:\/\/api.w.org\/{rel}","templated":true}]}}