{"id":45871,"date":"2025-09-29T07:00:00","date_gmt":"2025-09-29T13:00:00","guid":{"rendered":"https:\/\/soymigrante.com\/revista\/?p=45871"},"modified":"2025-10-02T11:17:37","modified_gmt":"2025-10-02T17:17:37","slug":"mira-arte-guatemalteco-ernesto-boesche-rizo-sigue-dibujando-inspirando-y-ensenando","status":"publish","type":"post","link":"https:\/\/soymigrante.com\/revista\/mira-arte-guatemalteco-ernesto-boesche-rizo-sigue-dibujando-inspirando-y-ensenando\/","title":{"rendered":"Ernesto Boesche Rizo sigue dibujando, inspirando y ense\u00f1ando"},"content":{"rendered":"\t\t<div data-elementor-type=\"wp-post\" data-elementor-id=\"45871\" class=\"elementor elementor-45871\" data-elementor-post-type=\"post\">\n\t\t\t\t<div data-particle_enable=\"false\" data-particle-mobile-disabled=\"false\" class=\"elementor-element elementor-element-b962a31 e-flex e-con-boxed e-con e-parent\" data-id=\"b962a31\" data-element_type=\"container\" data-e-type=\"container\">\n\t\t\t\t\t<div class=\"e-con-inner\">\n\t\t\t\t<div class=\"elementor-element elementor-element-eacfe9e elementor-widget elementor-widget-heading\" data-id=\"eacfe9e\" data-element_type=\"widget\" data-e-type=\"widget\" data-widget_type=\"heading.default\">\n\t\t\t\t\t<h2 class=\"elementor-heading-title elementor-size-default\">Ernesto Boesche Rizo (1936) es un artista virtuoso del dibujo pero sobre todo un gran maestro que con sencillez, apertura y humildad sigue animando las vocaciones del arte.<\/h2>\t\t\t\t<\/div>\n\t\t\t\t\t<\/div>\n\t\t\t\t<\/div>\n\t\t<div data-particle_enable=\"false\" data-particle-mobile-disabled=\"false\" class=\"elementor-element elementor-element-96dd24c e-flex e-con-boxed e-con e-parent\" data-id=\"96dd24c\" data-element_type=\"container\" data-e-type=\"container\">\n\t\t\t\t\t<div class=\"e-con-inner\">\n\t\t\t\t<div class=\"elementor-element elementor-element-355db45 elementor-widget elementor-widget-text-editor\" data-id=\"355db45\" data-element_type=\"widget\" data-e-type=\"widget\" data-widget_type=\"text-editor.default\">\n\t\t\t\t\t\t\t\t\t<p>En Salam\u00e1, Baja Verapaz, un 26 de febrero de 1936, naci\u00f3 <a href=\"https:\/\/www.artsteps.com\/embed\/6298fdc336749244688da245\/560\/315\" target=\"_blank\" rel=\"noopener\">Ernesto Boesche Rizo<\/a>, figura emblem\u00e1tica de las artes pl\u00e1sticas en Guatemala. A sus 89 a\u00f1os, su trayectoria abarca m\u00e1s de seis d\u00e9cadas, pero tambi\u00e9n ha marcado un antes y un despu\u00e9s en la ense\u00f1anza, las t\u00e9cnicas y la est\u00e9tica de la pintura, el dibujo y el retrato en el pa\u00eds.<\/p>\t\t\t\t\t\t\t\t<\/div>\n\t\t\t\t\t<\/div>\n\t\t\t\t<\/div>\n\t\t<div data-particle_enable=\"false\" data-particle-mobile-disabled=\"false\" class=\"elementor-element elementor-element-dee48bd e-flex e-con-boxed e-con e-parent\" data-id=\"dee48bd\" data-element_type=\"container\" data-e-type=\"container\">\n\t\t\t\t\t<div class=\"e-con-inner\">\n\t\t\t\t<div class=\"elementor-element elementor-element-90e120a elementor-widget elementor-widget-image\" data-id=\"90e120a\" data-element_type=\"widget\" data-e-type=\"widget\" data-widget_type=\"image.default\">\n\t\t\t\t\t\t\t\t\t\t\t\t<figure class=\"wp-caption\">\n\t\t\t\t\t\t\t\t\t\t<img fetchpriority=\"high\" decoding=\"async\" width=\"464\" height=\"600\" src=\"https:\/\/soymigrante.com\/revista\/wp-content\/uploads\/2025\/09\/puerta-y-cerco-1.jpg\" class=\"attachment-large size-large wp-image-46243\" alt=\"\u00bfEs una foto? \u00bfO es una pintura? Es tal la destreza y el virtuosismo del maestro Ernesto Boesche que logra dar esas texturas, luces e impresiones de gran realidad en sus cuadros. Puerta y cerco en Salam\u00e1, una de sus pinturas.\" srcset=\"https:\/\/soymigrante.com\/revista\/wp-content\/uploads\/2025\/09\/puerta-y-cerco-1.jpg 464w, https:\/\/soymigrante.com\/revista\/wp-content\/uploads\/2025\/09\/puerta-y-cerco-1-232x300.jpg 232w\" sizes=\"(max-width: 464px) 100vw, 464px\" title=\"\u00bfEs una foto? \u00bfO es una pintura?  Es tal la destreza y el virtuosismo del maestro Ernesto Boesche que logra dar esas texturas, luces e impresiones de gran realidad en sus cuadros. Puerta y cerco en Salam\u00e1, una de sus pinturas. \u2013 SoyMigrante.com REVISTA\" \/>\t\t\t\t\t\t\t\t\t\t\t<figcaption class=\"widget-image-caption wp-caption-text\">\u00bfEs una foto? \u00bfO es una pintura?  Es tal la destreza y el virtuosismo del maestro Ernesto Boesche que logra dar esas texturas, luces e impresiones de gran realidad en sus cuadros. Puerta y cerco en Salam\u00e1, una de sus pinturas.<\/figcaption>\n\t\t\t\t\t\t\t\t\t\t<\/figure>\n\t\t\t\t\t\t\t\t\t<\/div>\n\t\t\t\t\t<\/div>\n\t\t\t\t<\/div>\n\t\t<div data-particle_enable=\"false\" data-particle-mobile-disabled=\"false\" class=\"elementor-element elementor-element-2d60a77 e-flex e-con-boxed e-con e-parent\" data-id=\"2d60a77\" data-element_type=\"container\" data-e-type=\"container\">\n\t\t\t\t\t<div class=\"e-con-inner\">\n\t\t\t\t<div class=\"elementor-element elementor-element-b42c2be elementor-widget elementor-widget-heading\" data-id=\"b42c2be\" data-element_type=\"widget\" data-e-type=\"widget\" data-widget_type=\"heading.default\">\n\t\t\t\t\t<h3 class=\"elementor-heading-title elementor-size-default\">Qui\u00e9n es Ernesto Boesche Rizo<\/h3>\t\t\t\t<\/div>\n\t\t\t\t\t<\/div>\n\t\t\t\t<\/div>\n\t\t<div data-particle_enable=\"false\" data-particle-mobile-disabled=\"false\" class=\"elementor-element elementor-element-f434a7d e-flex e-con-boxed e-con e-parent\" data-id=\"f434a7d\" data-element_type=\"container\" data-e-type=\"container\">\n\t\t\t\t\t<div class=\"e-con-inner\">\n\t\t\t\t<div class=\"elementor-element elementor-element-2f689ab elementor-widget elementor-widget-text-editor\" data-id=\"2f689ab\" data-element_type=\"widget\" data-e-type=\"widget\" data-widget_type=\"text-editor.default\">\n\t\t\t\t\t\t\t\t\t<p><a href=\"https:\/\/www.artsteps.com\/embed\/6298fdc336749244688da245\/560\/315\" target=\"_blank\" rel=\"noopener\">Boesche Rizo es pintor, ilustrador, historiador del arte, maestro, escritor y music\u00f3logo por vocaci\u00f3n<\/a>. Desde muy joven mostr\u00f3 inclinaciones art\u00edsticas, lo que lo llev\u00f3 a estudiar en la Escuela Nacional de Artes Pl\u00e1sticas (ENAP) en Guatemala. Gracias a una beca del gobierno, continu\u00f3 su formaci\u00f3n en Espa\u00f1a, en la Real Academia de Bellas Artes de San Fernando y en el C\u00edrculo de Bellas Artes de Madrid.<\/p><p>De regreso en Guatemala, se dedic\u00f3 no solo a producir arte, sino a formarlo: fue docente en la ENAP durante alrededor de 36 o 37 a\u00f1os, de los cuales ocho los ejerci\u00f3 como director. Tambi\u00e9n ha tenido m\u00faltiples exposiciones, tanto individuales como colectivas, y ha participado en proyectos culturales de divulgaci\u00f3n, docencia y publicaci\u00f3n.<\/p>\t\t\t\t\t\t\t\t<\/div>\n\t\t\t\t\t<\/div>\n\t\t\t\t<\/div>\n\t\t<div data-particle_enable=\"false\" data-particle-mobile-disabled=\"false\" class=\"elementor-element elementor-element-4e418a3 e-flex e-con-boxed e-con e-parent\" data-id=\"4e418a3\" data-element_type=\"container\" data-e-type=\"container\">\n\t\t\t\t\t<div class=\"e-con-inner\">\n\t\t\t\t<div class=\"elementor-element elementor-element-fcf0ee9 elementor-widget elementor-widget-image\" data-id=\"fcf0ee9\" data-element_type=\"widget\" data-e-type=\"widget\" data-widget_type=\"image.default\">\n\t\t\t\t\t\t\t\t\t\t\t\t<figure class=\"wp-caption\">\n\t\t\t\t\t\t\t\t\t\t<img decoding=\"async\" width=\"500\" height=\"750\" src=\"https:\/\/soymigrante.com\/revista\/wp-content\/uploads\/2025\/09\/Ernesto-Boesche-Rizo4.jpg\" class=\"attachment-large size-large wp-image-45881\" alt=\"Ernesto Boesche ha marcado la historia de Guatemala por su arte. Este 2025 fue el primer artista guatemalteco en recibir el premio Leonardo da Vinci, de la ONU, por su aporte a la creaci\u00f3n visual y su labor docente.\" srcset=\"https:\/\/soymigrante.com\/revista\/wp-content\/uploads\/2025\/09\/Ernesto-Boesche-Rizo4.jpg 500w, https:\/\/soymigrante.com\/revista\/wp-content\/uploads\/2025\/09\/Ernesto-Boesche-Rizo4-200x300.jpg 200w\" sizes=\"(max-width: 500px) 100vw, 500px\" title=\"Ernesto Boesche ha marcado la historia de Guatemala por su arte. Este 2025 fue el primer artista guatemalteco en recibir el premio Leonardo da Vinci, de la ONU, por su aporte a la creaci\u00f3n visual y su labor docente. \u2013 SoyMigrante.com REVISTA\" \/>\t\t\t\t\t\t\t\t\t\t\t<figcaption class=\"widget-image-caption wp-caption-text\">Ernesto Boesche ha marcado la historia de Guatemala por su arte. Este 2025 fue el primer artista guatemalteco en recibir el premio Leonardo da Vinci, de la ONU, por su aporte a la creaci\u00f3n visual y su labor docente.<\/figcaption>\n\t\t\t\t\t\t\t\t\t\t<\/figure>\n\t\t\t\t\t\t\t\t\t<\/div>\n\t\t\t\t\t<\/div>\n\t\t\t\t<\/div>\n\t\t<div data-particle_enable=\"false\" data-particle-mobile-disabled=\"false\" class=\"elementor-element elementor-element-0bdd9eb e-flex e-con-boxed e-con e-parent\" data-id=\"0bdd9eb\" data-element_type=\"container\" data-e-type=\"container\">\n\t\t\t\t\t<div class=\"e-con-inner\">\n\t\t\t\t<div class=\"elementor-element elementor-element-db6f7da elementor-widget elementor-widget-heading\" data-id=\"db6f7da\" data-element_type=\"widget\" data-e-type=\"widget\" data-widget_type=\"heading.default\">\n\t\t\t\t\t<h3 class=\"elementor-heading-title elementor-size-default\">Diestro y activo en diversas t\u00e9cnicas<\/h3>\t\t\t\t<\/div>\n\t\t\t\t\t<\/div>\n\t\t\t\t<\/div>\n\t\t<div data-particle_enable=\"false\" data-particle-mobile-disabled=\"false\" class=\"elementor-element elementor-element-9e9e529 e-flex e-con-boxed e-con e-parent\" data-id=\"9e9e529\" data-element_type=\"container\" data-e-type=\"container\">\n\t\t\t\t\t<div class=\"e-con-inner\">\n\t\t\t\t<div class=\"elementor-element elementor-element-9eea25c elementor-widget elementor-widget-text-editor\" data-id=\"9eea25c\" data-element_type=\"widget\" data-e-type=\"widget\" data-widget_type=\"text-editor.default\">\n\t\t\t\t\t\t\t\t\t<div>\u2022 Su obra es muy variada en t\u00e9cnicas: usa \u00f3leo, l\u00e1piz, cray\u00f3n, pasteles, tinta, etc.\u00a0 \u00a0<\/div><div>\u2022Se especializa principalmente en retratos \u2014bajo este g\u00e9nero ha logrado gran reconocimiento\u2014, pero tambi\u00e9n ha incursionado en paisajes, bodegones y en expresiones m\u00e1s libres como el surrealismo, la fantas\u00eda, e impresionismo.\u00a0 \u00a0<\/div><div>\u2022Adem\u00e1s, Boesche ha sido un docente comprometido: no solo ense\u00f1a t\u00e9cnica, sino tambi\u00e9n historia, teor\u00eda, y transmite el arte como un servicio a la memoria cultural.\u00a0 \u00a0<\/div>\t\t\t\t\t\t\t\t<\/div>\n\t\t\t\t\t<\/div>\n\t\t\t\t<\/div>\n\t\t<div data-particle_enable=\"false\" data-particle-mobile-disabled=\"false\" class=\"elementor-element elementor-element-67e7a6c e-flex e-con-boxed e-con e-parent\" data-id=\"67e7a6c\" data-element_type=\"container\" data-e-type=\"container\">\n\t\t\t\t\t<div class=\"e-con-inner\">\n\t\t\t\t<div class=\"elementor-element elementor-element-c396618 elementor-widget elementor-widget-image\" data-id=\"c396618\" data-element_type=\"widget\" data-e-type=\"widget\" data-widget_type=\"image.default\">\n\t\t\t\t\t\t\t\t\t\t\t\t<figure class=\"wp-caption\">\n\t\t\t\t\t\t\t\t\t\t<img decoding=\"async\" width=\"1024\" height=\"512\" src=\"https:\/\/soymigrante.com\/revista\/wp-content\/uploads\/2025\/09\/retratos-ernesto-boesche-1024x512.jpg\" class=\"attachment-large size-large wp-image-46244\" alt=\"La desafiante disciplina del retrato a l\u00e1piz es una de las especialidades del maestro Ernesto Boesche. Exposici\u00f3n en la Universidad de San Carlos en 2024.\" srcset=\"https:\/\/soymigrante.com\/revista\/wp-content\/uploads\/2025\/09\/retratos-ernesto-boesche-1024x512.jpg 1024w, https:\/\/soymigrante.com\/revista\/wp-content\/uploads\/2025\/09\/retratos-ernesto-boesche-300x150.jpg 300w, https:\/\/soymigrante.com\/revista\/wp-content\/uploads\/2025\/09\/retratos-ernesto-boesche-768x384.jpg 768w, https:\/\/soymigrante.com\/revista\/wp-content\/uploads\/2025\/09\/retratos-ernesto-boesche-1536x768.jpg 1536w, https:\/\/soymigrante.com\/revista\/wp-content\/uploads\/2025\/09\/retratos-ernesto-boesche-360x180.jpg 360w, https:\/\/soymigrante.com\/revista\/wp-content\/uploads\/2025\/09\/retratos-ernesto-boesche-750x375.jpg 750w, https:\/\/soymigrante.com\/revista\/wp-content\/uploads\/2025\/09\/retratos-ernesto-boesche-1140x570.jpg 1140w, https:\/\/soymigrante.com\/revista\/wp-content\/uploads\/2025\/09\/retratos-ernesto-boesche.jpg 2048w\" sizes=\"(max-width: 1024px) 100vw, 1024px\" title=\"La desafiante disciplina del retrato a l\u00e1piz es una de las especialidades del maestro Ernesto Boesche. Exposici\u00f3n en la Universidad de San Carlos en 2024. \u2013 SoyMigrante.com REVISTA\" \/>\t\t\t\t\t\t\t\t\t\t\t<figcaption class=\"widget-image-caption wp-caption-text\">La desafiante disciplina del retrato a l\u00e1piz es una de las especialidades del maestro Ernesto Boesche. Exposici\u00f3n en la Universidad de San Carlos en 2024.<\/figcaption>\n\t\t\t\t\t\t\t\t\t\t<\/figure>\n\t\t\t\t\t\t\t\t\t<\/div>\n\t\t\t\t\t<\/div>\n\t\t\t\t<\/div>\n\t\t<div data-particle_enable=\"false\" data-particle-mobile-disabled=\"false\" class=\"elementor-element elementor-element-12268ec e-flex e-con-boxed e-con e-parent\" data-id=\"12268ec\" data-element_type=\"container\" data-e-type=\"container\">\n\t\t\t\t\t<div class=\"e-con-inner\">\n\t\t\t\t<div class=\"elementor-element elementor-element-d1c95b0 elementor-widget elementor-widget-heading\" data-id=\"d1c95b0\" data-element_type=\"widget\" data-e-type=\"widget\" data-widget_type=\"heading.default\">\n\t\t\t\t\t<h3 class=\"elementor-heading-title elementor-size-default\">Importancia de su arte y legado<\/h3>\t\t\t\t<\/div>\n\t\t\t\t\t<\/div>\n\t\t\t\t<\/div>\n\t\t<div data-particle_enable=\"false\" data-particle-mobile-disabled=\"false\" class=\"elementor-element elementor-element-3516f81 e-flex e-con-boxed e-con e-parent\" data-id=\"3516f81\" data-element_type=\"container\" data-e-type=\"container\">\n\t\t\t\t\t<div class=\"e-con-inner\">\n\t\t\t\t<div class=\"elementor-element elementor-element-438e89c elementor-widget elementor-widget-text-editor\" data-id=\"438e89c\" data-element_type=\"widget\" data-e-type=\"widget\" data-widget_type=\"text-editor.default\">\n\t\t\t\t\t\t\t\t\t<div><strong>1.Formador de generaciones.<\/strong> <a href=\"https:\/\/www.artsteps.com\/embed\/6298fdc336749244688da245\/560\/315\" target=\"_blank\" rel=\"noopener\">A lo largo de su vida ha ense\u00f1ado a muchos artistas en la ENAP<\/a>, siendo un puente entre las t\u00e9cnicas cl\u00e1sicas y las nuevas generaciones.<a href=\"https:\/\/musac.usac.edu.gt\/wp-content\/uploads\/2022\/06\/CatalogoEB.pdf\" target=\"_blank\" rel=\"noopener\"> Su rol en la academia lo convierte en un transmisor de una tradici\u00f3n pl\u00e1stica nacional.\u00a0 \u00a0<\/a><\/div><div><strong>2.Documentador hist\u00f3rico.<\/strong> Boesche ha escrito sobre la historia del arte pl\u00e1stico guatemalteco, recogido memorias, eventos, maestros, alumnos \u2014 contribuyendo a rescatar un registro que de otra forma podr\u00eda perderse. Obras como su publicaci\u00f3n conmemorando los 100 a\u00f1os de la ENAP son ejemplo de ello.\u00a0 \u00a0<\/div><div><strong>3.Reconocimientos que avalan su valor.<\/strong> Ha recibido varios premios de alto nivel: recientemente el Premio \u201cCarlos M\u00e9rida\u201d 2024, que es considerado el m\u00e1ximo reconocimiento para artistas pl\u00e1sticos en Guatemala. Tambi\u00e9n fue el primer centroamericano en recibir el Premio Internacional Leonardo da Vinci del Consejo Internacional de las Artes \u2013 UNOTA.\u00a0 \u00a0<\/div><div><strong>4.Aportaciones m\u00e1s all\u00e1 del lienzo.<\/strong> Su compromiso abarca ense\u00f1ar, escribir, participar en exposiciones virtuales, talleres en vivo, y fomentar el arte como herramienta cultural y social.\u00a0 \u00a0<\/div>\t\t\t\t\t\t\t\t<\/div>\n\t\t\t\t\t<\/div>\n\t\t\t\t<\/div>\n\t\t<div data-particle_enable=\"false\" data-particle-mobile-disabled=\"false\" class=\"elementor-element elementor-element-0bd91cb e-flex e-con-boxed e-con e-parent\" data-id=\"0bd91cb\" data-element_type=\"container\" data-e-type=\"container\">\n\t\t\t\t\t<div class=\"e-con-inner\">\n\t\t\t\t<div class=\"elementor-element elementor-element-3422316 elementor-widget elementor-widget-image\" data-id=\"3422316\" data-element_type=\"widget\" data-e-type=\"widget\" data-widget_type=\"image.default\">\n\t\t\t\t\t\t\t\t\t\t\t\t<figure class=\"wp-caption\">\n\t\t\t\t\t\t\t\t\t\t<img loading=\"lazy\" decoding=\"async\" width=\"600\" height=\"443\" src=\"https:\/\/soymigrante.com\/revista\/wp-content\/uploads\/2025\/09\/iglesia-de-salama-lapiz-1.jpg\" class=\"attachment-large size-large wp-image-46245\" alt=\"El dibujo a l\u00e1piz es m\u00e1s que una materia fundamental en los estudios de Artes Pl\u00e1sticas: es uno de los espacios en los cuales el maestro Ernesto Boesche logra plasmar lugares y ambientes con esa magia que supera el tiempo. Iglesia de Salam\u00e1.\" srcset=\"https:\/\/soymigrante.com\/revista\/wp-content\/uploads\/2025\/09\/iglesia-de-salama-lapiz-1.jpg 600w, https:\/\/soymigrante.com\/revista\/wp-content\/uploads\/2025\/09\/iglesia-de-salama-lapiz-1-300x222.jpg 300w\" sizes=\"(max-width: 600px) 100vw, 600px\" title=\"El dibujo a l\u00e1piz es m\u00e1s que una materia fundamental en los estudios de Artes Pl\u00e1sticas: es uno de los espacios en los cuales el maestro Ernesto Boesche logra plasmar lugares y ambientes con esa magia que supera el tiempo. Iglesia de Salam\u00e1. \u2013 SoyMigrante.com REVISTA\" \/>\t\t\t\t\t\t\t\t\t\t\t<figcaption class=\"widget-image-caption wp-caption-text\">El dibujo a l\u00e1piz es m\u00e1s que una materia fundamental en los estudios de Artes Pl\u00e1sticas: es uno de los espacios en los cuales el maestro Ernesto Boesche logra plasmar lugares y ambientes con esa magia que supera el tiempo. Iglesia de Salam\u00e1.<\/figcaption>\n\t\t\t\t\t\t\t\t\t\t<\/figure>\n\t\t\t\t\t\t\t\t\t<\/div>\n\t\t\t\t\t<\/div>\n\t\t\t\t<\/div>\n\t\t<div data-particle_enable=\"false\" data-particle-mobile-disabled=\"false\" class=\"elementor-element elementor-element-5d5def1 e-flex e-con-boxed e-con e-parent\" data-id=\"5d5def1\" data-element_type=\"container\" data-e-type=\"container\">\n\t\t\t\t\t<div class=\"e-con-inner\">\n\t\t\t\t<div class=\"elementor-element elementor-element-da294da elementor-widget elementor-widget-heading\" data-id=\"da294da\" data-element_type=\"widget\" data-e-type=\"widget\" data-widget_type=\"heading.default\">\n\t\t\t\t\t<h3 class=\"elementor-heading-title elementor-size-default\">Por qu\u00e9 es tan importante<\/h3>\t\t\t\t<\/div>\n\t\t\t\t\t<\/div>\n\t\t\t\t<\/div>\n\t\t<div data-particle_enable=\"false\" data-particle-mobile-disabled=\"false\" class=\"elementor-element elementor-element-790d41f e-flex e-con-boxed e-con e-parent\" data-id=\"790d41f\" data-element_type=\"container\" data-e-type=\"container\">\n\t\t\t\t\t<div class=\"e-con-inner\">\n\t\t\t\t<div class=\"elementor-element elementor-element-2c52bbf elementor-widget elementor-widget-text-editor\" data-id=\"2c52bbf\" data-element_type=\"widget\" data-e-type=\"widget\" data-widget_type=\"text-editor.default\">\n\t\t\t\t\t\t\t\t\t<div><a href=\"https:\/\/www.artsteps.com\/embed\/6298fdc336749244688da245\/560\/315\" target=\"_blank\" rel=\"noopener\">Porque Ernesto Boesche Rizo representa un nexo entre la tradici\u00f3n acad\u00e9mica y la evoluci\u00f3n del arte pl\u00e1stico guatemalteco.<\/a> En un pa\u00eds donde el arte muchas veces lucha por espacio, visibilidad y financiamiento, figuras como Boesche:<\/div><div><strong>\u2022Aportan continuidad hist\u00f3rica:<\/strong> <a href=\"https:\/\/musac.usac.edu.gt\/wp-content\/uploads\/2022\/06\/CatalogoEB.pdf\" target=\"_blank\" rel=\"noopener\">su obra es testimonio visual de varias generaciones,<\/a> de los cambios sociales y est\u00e9ticos de Guatemala.<\/div><div><strong>\u2022Fomentan calidad t\u00e9cnica:<\/strong> su rigor en la ense\u00f1anza, su dominio de m\u00faltiples t\u00e9cnicas, eleva los est\u00e1ndares del retrato y del dibujo.<\/div><div><strong>\u2022Motivan a j\u00f3venes artistas:<\/strong> su ejemplo, sus clases, su pr\u00e1ctica art\u00edstica a\u00fan activa inspiran.<\/div><div><strong>\u2022Enriquecen la cultura nacional y el patrimonio:<\/strong> sus exposiciones, sus libros, su rol institucional dejan materiales que son parte del acervo cultural del pa\u00eds.<\/div>\t\t\t\t\t\t\t\t<\/div>\n\t\t\t\t\t<\/div>\n\t\t\t\t<\/div>\n\t\t<div data-particle_enable=\"false\" data-particle-mobile-disabled=\"false\" class=\"elementor-element elementor-element-f6a2581 e-flex e-con-boxed e-con e-parent\" data-id=\"f6a2581\" data-element_type=\"container\" data-e-type=\"container\">\n\t\t\t\t\t<div class=\"e-con-inner\">\n\t\t\t\t<div class=\"elementor-element elementor-element-96414ae elementor-widget elementor-widget-image\" data-id=\"96414ae\" data-element_type=\"widget\" data-e-type=\"widget\" data-widget_type=\"image.default\">\n\t\t\t\t\t\t\t\t\t\t\t\t<figure class=\"wp-caption\">\n\t\t\t\t\t\t\t\t\t\t<img loading=\"lazy\" decoding=\"async\" width=\"1024\" height=\"664\" src=\"https:\/\/soymigrante.com\/revista\/wp-content\/uploads\/2025\/09\/en-vida-ernesto-boesche-1024x664.jpg\" class=\"attachment-large size-large wp-image-46246\" alt=\"Ernesto Boesche es pr\u00e1cticamente el \u00faltimo gran maestro de toda una generaci\u00f3n brillante. Ha recibido varios homenajes a su trayectoria y creaci\u00f3n. Entrega del reconocimiento Da Vinci 2025, de la ONU.\" srcset=\"https:\/\/soymigrante.com\/revista\/wp-content\/uploads\/2025\/09\/en-vida-ernesto-boesche-1024x664.jpg 1024w, https:\/\/soymigrante.com\/revista\/wp-content\/uploads\/2025\/09\/en-vida-ernesto-boesche-300x194.jpg 300w, https:\/\/soymigrante.com\/revista\/wp-content\/uploads\/2025\/09\/en-vida-ernesto-boesche-768x498.jpg 768w, https:\/\/soymigrante.com\/revista\/wp-content\/uploads\/2025\/09\/en-vida-ernesto-boesche-1536x996.jpg 1536w, https:\/\/soymigrante.com\/revista\/wp-content\/uploads\/2025\/09\/en-vida-ernesto-boesche-750x486.jpg 750w, https:\/\/soymigrante.com\/revista\/wp-content\/uploads\/2025\/09\/en-vida-ernesto-boesche-1140x739.jpg 1140w, https:\/\/soymigrante.com\/revista\/wp-content\/uploads\/2025\/09\/en-vida-ernesto-boesche.jpg 1600w\" sizes=\"(max-width: 1024px) 100vw, 1024px\" title=\"Ernesto Boesche es pr\u00e1cticamente el \u00faltimo gran maestro de toda una generaci\u00f3n brillante.  Ha recibido varios homenajes a su trayectoria y creaci\u00f3n. Entrega del reconocimiento Da Vinci 2025, de la ONU. \u2013 SoyMigrante.com REVISTA\" \/>\t\t\t\t\t\t\t\t\t\t\t<figcaption class=\"widget-image-caption wp-caption-text\">Ernesto Boesche es pr\u00e1cticamente el \u00faltimo gran maestro de toda una generaci\u00f3n brillante.  Ha recibido varios homenajes a su trayectoria y creaci\u00f3n. Entrega del reconocimiento Da Vinci 2025, de la ONU.<\/figcaption>\n\t\t\t\t\t\t\t\t\t\t<\/figure>\n\t\t\t\t\t\t\t\t\t<\/div>\n\t\t\t\t\t<\/div>\n\t\t\t\t<\/div>\n\t\t<div data-particle_enable=\"false\" data-particle-mobile-disabled=\"false\" class=\"elementor-element elementor-element-ee4c636 e-flex e-con-boxed e-con e-parent\" data-id=\"ee4c636\" data-element_type=\"container\" data-e-type=\"container\">\n\t\t\t\t\t<div class=\"e-con-inner\">\n\t\t\t\t<div class=\"elementor-element elementor-element-6761aa6 elementor-widget elementor-widget-text-editor\" data-id=\"6761aa6\" data-element_type=\"widget\" data-e-type=\"widget\" data-widget_type=\"text-editor.default\">\n\t\t\t\t\t\t\t\t\t<p><a href=\"https:\/\/www.artsteps.com\/embed\/6298fdc336749244688da245\/560\/315\" target=\"_blank\" rel=\"noopener\">Ernesto Boesche Rizo no es solo un artista consumado,<\/a> sino un custodio del legado pl\u00e1stico guatemalteco, un educador apasionado, y un creador cuya obra trasciende lo est\u00e9tico para tocar lo hist\u00f3rico, lo humano. En un momento en que los caminos del arte se diversifican r\u00e1pidamente, su voz, su trazo y su ense\u00f1anza se vuelven a\u00fan m\u00e1s valiosos: dan equilibrio, memoria y ra\u00edz.<\/p>\t\t\t\t\t\t\t\t<\/div>\n\t\t\t\t\t<\/div>\n\t\t\t\t<\/div>\n\t\t<div data-particle_enable=\"false\" data-particle-mobile-disabled=\"false\" class=\"elementor-element elementor-element-995ce31 e-flex e-con-boxed e-con e-parent\" data-id=\"995ce31\" data-element_type=\"container\" data-e-type=\"container\">\n\t\t\t\t\t<div class=\"e-con-inner\">\n\t\t\t\t<div class=\"elementor-element elementor-element-05be2e2 elementor-widget elementor-widget-heading\" data-id=\"05be2e2\" data-element_type=\"widget\" data-e-type=\"widget\" data-widget_type=\"heading.default\">\n\t\t\t\t\t<h4 class=\"elementor-heading-title elementor-size-default\">Y si gustas recibir una clase magistral con \u00e9l, aqu\u00ed est\u00e1<\/h4>\t\t\t\t<\/div>\n\t\t\t\t\t<\/div>\n\t\t\t\t<\/div>\n\t\t<div data-particle_enable=\"false\" data-particle-mobile-disabled=\"false\" class=\"elementor-element elementor-element-14e410a e-flex e-con-boxed e-con e-parent\" data-id=\"14e410a\" data-element_type=\"container\" data-e-type=\"container\">\n\t\t\t\t\t<div class=\"e-con-inner\">\n\t\t\t\t<div class=\"elementor-element elementor-element-0bd0f40 elementor-widget elementor-widget-html\" data-id=\"0bd0f40\" data-element_type=\"widget\" data-e-type=\"widget\" data-widget_type=\"html.default\">\n\t\t\t\t\t<iframe width=\"560\" height=\"415\" src=\"https:\/\/www.youtube.com\/embed\/nvBYhEFEW10?si=24uBdc3l4Mzslt2I\" title=\"YouTube video player\" frameborder=\"0\" allow=\"accelerometer; autoplay; clipboard-write; encrypted-media; gyroscope; picture-in-picture; web-share\" referrerpolicy=\"strict-origin-when-cross-origin\" allowfullscreen><\/iframe>\t\t\t\t<\/div>\n\t\t\t\t\t<\/div>\n\t\t\t\t<\/div>\n\t\t<div data-particle_enable=\"false\" data-particle-mobile-disabled=\"false\" class=\"elementor-element elementor-element-102ae7a e-flex e-con-boxed e-con e-parent\" data-id=\"102ae7a\" data-element_type=\"container\" data-e-type=\"container\">\n\t\t\t\t\t<div class=\"e-con-inner\">\n\t\t\t\t<div class=\"elementor-element elementor-element-7746737 elementor-widget elementor-widget-heading\" data-id=\"7746737\" data-element_type=\"widget\" data-e-type=\"widget\" data-widget_type=\"heading.default\">\n\t\t\t\t\t<h2 class=\"elementor-heading-title elementor-size-default\">Conoce m\u00e1s de otros artistas guatemaltecos, ac\u00e1...<\/h2>\t\t\t\t<\/div>\n\t\t\t\t\t<\/div>\n\t\t\t\t<\/div>\n\t\t<div data-particle_enable=\"false\" data-particle-mobile-disabled=\"false\" class=\"elementor-element elementor-element-66fb2b9 e-flex e-con-boxed e-con e-parent\" data-id=\"66fb2b9\" data-element_type=\"container\" data-e-type=\"container\">\n\t\t\t\t\t<div class=\"e-con-inner\">\n\t\t\t\t<div class=\"elementor-element elementor-element-de36ebb elementor-grid-eael-col-3 elementor-grid-tablet-eael-col-2 elementor-grid-mobile-eael-col-1 elementor-widget elementor-widget-eael-post-grid\" data-id=\"de36ebb\" data-element_type=\"widget\" data-e-type=\"widget\" data-settings=\"{&quot;eael_post_grid_columns&quot;:&quot;eael-col-3&quot;,&quot;eael_post_grid_columns_tablet&quot;:&quot;eael-col-2&quot;,&quot;eael_post_grid_columns_mobile&quot;:&quot;eael-col-1&quot;}\" data-widget_type=\"eael-post-grid.default\">\n\t\t\t\t\t<div id=\"eael-post-grid-de36ebb\" class=\"eael-post-grid-container\">\n            <div class=\"eael-post-grid eael-post-appender eael-post-appender-de36ebb eael-post-grid-style-one\" data-layout-mode=\"masonry\"><article class=\"eael-grid-post  eael-post-grid-column eael-pg-post-43400 category-arte-cultura\" data-id=\"43400\">\n        <div class=\"eael-grid-post-holder\">\n            <div class=\"eael-grid-post-holder-inner\"><div class=\"eael-entry-media\"><div class=\"eael-entry-overlay fade-in\"><i class=\"far fa-hand-pointer\" aria-hidden=\"true\"><\/i><a href=\"https:\/\/soymigrante.com\/revista\/efrain-recinos-un-genio-del-arte-guatemalteco-que-vivira-siempre\/\"><\/a><\/div><div class=\"eael-entry-thumbnail eael-image-ratio\">\n                <img loading=\"lazy\" decoding=\"async\" width=\"421\" height=\"416\" src=\"https:\/\/soymigrante.com\/revista\/wp-content\/uploads\/2025\/09\/Guatemalita-de-Efrain-Recinos.png\" class=\"attachment-large size-large wp-image-43608\" alt=\"Guatemalita de Efra\u00edn Recinos\" srcset=\"https:\/\/soymigrante.com\/revista\/wp-content\/uploads\/2025\/09\/Guatemalita-de-Efrain-Recinos.png 421w, https:\/\/soymigrante.com\/revista\/wp-content\/uploads\/2025\/09\/Guatemalita-de-Efrain-Recinos-300x296.png 300w, https:\/\/soymigrante.com\/revista\/wp-content\/uploads\/2025\/09\/Guatemalita-de-Efrain-Recinos-75x75.png 75w\" sizes=\"(max-width: 421px) 100vw, 421px\" \/>\n            <\/div>\n        <\/div><div class=\"eael-entry-wrapper\"><header class=\"eael-entry-header\"><h2 class=\"eael-entry-title\"><a class=\"eael-grid-post-link\" href=\"https:\/\/soymigrante.com\/revista\/efrain-recinos-un-genio-del-arte-guatemalteco-que-vivira-siempre\/\" title=\"Mira arte guatemalteco: Efra\u00edn Recinos, un genio que sigue a la vista de todos\">Mira arte guatemalteco: Efra\u00edn Recinos, un genio que sigue a la vista de todos<\/a><\/h2><\/header><div class=\"eael-entry-content\">\n                        <div class=\"eael-grid-post-excerpt\"><a href=\"https:\/\/soymigrante.com\/revista\/efrain-recinos-un-genio-del-arte-guatemalteco-que-vivira-siempre\/\" class=\"eael-post-elements-readmore-btn\">CONOCE SU HISTORIA <\/a><\/div>\n                    <\/div><\/div><\/div>\n        <\/div>\n    <\/article><article class=\"eael-grid-post  eael-post-grid-column eael-pg-post-43829 category-arte-cultura-guate-nuestra\" data-id=\"43829\">\n        <div class=\"eael-grid-post-holder\">\n            <div class=\"eael-grid-post-holder-inner\"><div class=\"eael-entry-media\"><div class=\"eael-entry-overlay fade-in\"><i class=\"far fa-hand-pointer\" aria-hidden=\"true\"><\/i><a href=\"https:\/\/soymigrante.com\/revista\/juan-sisay-arte-guatemalteco-maya-tzutujil-atitlan\/\"><\/a><\/div><div class=\"eael-entry-thumbnail eael-image-ratio\">\n                <img loading=\"lazy\" decoding=\"async\" width=\"485\" height=\"485\" src=\"https:\/\/soymigrante.com\/revista\/wp-content\/uploads\/2025\/09\/Juan-Sisay1-e1757021856514.jpeg\" class=\"attachment-large size-large wp-image-43830\" alt=\"Juan Sisay: el artista guatemalteco que retrat\u00f3 la identidad tz&#039;utuj&#039;il desde dentro. El artista fue asesinado en abril de 1989 despu\u00e9s de haber pintado acerca de una masacre cometida en Santiago Atitl\u00e1n durante el conflicto armado interno. (Retrato por Miguel Ch\u00e1vez)\" srcset=\"https:\/\/soymigrante.com\/revista\/wp-content\/uploads\/2025\/09\/Juan-Sisay1-e1757021856514.jpeg 485w, https:\/\/soymigrante.com\/revista\/wp-content\/uploads\/2025\/09\/Juan-Sisay1-e1757021856514-300x300.jpeg 300w, https:\/\/soymigrante.com\/revista\/wp-content\/uploads\/2025\/09\/Juan-Sisay1-e1757021856514-150x150.jpeg 150w, https:\/\/soymigrante.com\/revista\/wp-content\/uploads\/2025\/09\/Juan-Sisay1-e1757021856514-75x75.jpeg 75w\" sizes=\"(max-width: 485px) 100vw, 485px\" \/>\n            <\/div>\n        <\/div><div class=\"eael-entry-wrapper\"><header class=\"eael-entry-header\"><h2 class=\"eael-entry-title\"><a class=\"eael-grid-post-link\" href=\"https:\/\/soymigrante.com\/revista\/juan-sisay-arte-guatemalteco-maya-tzutujil-atitlan\/\" title=\"Mira arte guatemalteco: Pintor tz&#8217;utuj&#8217;il Juan Sisay origin\u00f3 la pintura popular de Atitl\u00e1n\">Mira arte guatemalteco: Pintor tz&#8217;utuj&#8217;il Juan Sisay origin\u00f3 la pintura popular de Atitl\u00e1n<\/a><\/h2><\/header><div class=\"eael-entry-content\">\n                        <div class=\"eael-grid-post-excerpt\"><a href=\"https:\/\/soymigrante.com\/revista\/juan-sisay-arte-guatemalteco-maya-tzutujil-atitlan\/\" class=\"eael-post-elements-readmore-btn\">CONOCE SU HISTORIA <\/a><\/div>\n                    <\/div><\/div><\/div>\n        <\/div>\n    <\/article><article class=\"eael-grid-post  eael-post-grid-column eael-pg-post-43891 category-arte-cultura-guate-nuestra\" data-id=\"43891\">\n        <div class=\"eael-grid-post-holder\">\n            <div class=\"eael-grid-post-holder-inner\"><div class=\"eael-entry-media\"><div class=\"eael-entry-overlay fade-in\"><i class=\"far fa-hand-pointer\" aria-hidden=\"true\"><\/i><a href=\"https:\/\/soymigrante.com\/revista\/mira-arte-guatemalteco-la-mirada-magica-de-rina-lazo\/\"><\/a><\/div><div class=\"eael-entry-thumbnail eael-image-ratio\">\n                <img loading=\"lazy\" decoding=\"async\" width=\"500\" height=\"500\" src=\"https:\/\/soymigrante.com\/revista\/wp-content\/uploads\/2025\/09\/Rina-lazo-2.jpg\" class=\"attachment-large size-large wp-image-43892\" alt=\"Rina Lazo: El trazo de una identidad mesoamericana\" srcset=\"https:\/\/soymigrante.com\/revista\/wp-content\/uploads\/2025\/09\/Rina-lazo-2.jpg 500w, https:\/\/soymigrante.com\/revista\/wp-content\/uploads\/2025\/09\/Rina-lazo-2-300x300.jpg 300w, https:\/\/soymigrante.com\/revista\/wp-content\/uploads\/2025\/09\/Rina-lazo-2-150x150.jpg 150w, https:\/\/soymigrante.com\/revista\/wp-content\/uploads\/2025\/09\/Rina-lazo-2-75x75.jpg 75w\" sizes=\"(max-width: 500px) 100vw, 500px\" \/>\n            <\/div>\n        <\/div><div class=\"eael-entry-wrapper\"><header class=\"eael-entry-header\"><h2 class=\"eael-entry-title\"><a class=\"eael-grid-post-link\" href=\"https:\/\/soymigrante.com\/revista\/mira-arte-guatemalteco-la-mirada-magica-de-rina-lazo\/\" title=\"Mira arte guatemalteco: La mirada m\u00e1gica de Rina Lazo\">Mira arte guatemalteco: La mirada m\u00e1gica de Rina Lazo<\/a><\/h2><\/header><div class=\"eael-entry-content\">\n                        <div class=\"eael-grid-post-excerpt\"><a href=\"https:\/\/soymigrante.com\/revista\/mira-arte-guatemalteco-la-mirada-magica-de-rina-lazo\/\" class=\"eael-post-elements-readmore-btn\">CONOCE SU HISTORIA <\/a><\/div>\n                    <\/div><\/div><\/div>\n        <\/div>\n    <\/article><\/div>\n            <div class=\"clearfix\"><\/div>\n        <\/div>\t\t\t\t<\/div>\n\t\t\t\t\t<\/div>\n\t\t\t\t<\/div>\n\t\t\t\t<\/div>\n\t\t","protected":false},"excerpt":{"rendered":"<p>Ernesto Boesche Rizo (1936) es un artista virtuoso del dibujo pero sobre todo un gran maestro que con sencillez, apertura y humildad sigue animando las vocaciones del arte. En Salam\u00e1, Baja Verapaz, un 26 de febrero de 1936, naci\u00f3 Ernesto Boesche Rizo, figura emblem\u00e1tica de las artes pl\u00e1sticas en Guatemala. A sus 89 a\u00f1os, su [&hellip;]<\/p>\n","protected":false},"author":19,"featured_media":46240,"comment_status":"open","ping_status":"open","sticky":false,"template":"","format":"standard","meta":{"_acf_changed":false,"_eb_attr":"","footnotes":""},"categories":[91,58],"tags":[],"class_list":["post-45871","post","type-post","status-publish","format-standard","has-post-thumbnail","hentry","category-arte-cultura","category-guate-nuestra"],"acf":[],"aioseo_notices":[],"aioseo_head":"\n\t\t<!-- All in One SEO Pro 4.9.6.2 - aioseo.com -->\n\t<meta name=\"description\" content=\"Rina Lazo (1923-2019) retrat\u00f3 la grandeza maya y reflej\u00f3 la cultura guatemalteca en lienzos y murales. Se form\u00f3 y gan\u00f3 fama en M\u00e9xico pero su alma era de quetzal.\" \/>\n\t<meta name=\"robots\" content=\"max-snippet:-1, max-image-preview:large, max-video-preview:-1\" \/>\n\t<meta name=\"author\" content=\"Marysabel Aldana\"\/>\n\t<link rel=\"canonical\" href=\"https:\/\/soymigrante.com\/revista\/mira-arte-guatemalteco-la-mirada-magica-de-rina-lazo\/\" \/>\n\t<meta name=\"generator\" content=\"All in One SEO Pro (AIOSEO) 4.9.6.2\" \/>\n\n\t\t<link rel=\"preconnect\" href=\"https:\/\/fonts.googleapis.com\" crossorigin>\n<link rel=\"preconnect\" href=\"https:\/\/fonts.gstatic.com\" crossorigin>\n\t\t<meta property=\"og:locale\" content=\"es_ES\" \/>\n\t\t<meta property=\"og:site_name\" content=\"SoyMigrante.com REVISTA \u2013 Nuestra misi\u00f3n es reconocer y dignificar al migrante.\" \/>\n\t\t<meta property=\"og:type\" content=\"article\" \/>\n\t\t<meta property=\"og:title\" content=\"Mira arte guatemalteco: La mirada m\u00e1gica de Rina Lazo\" \/>\n\t\t<meta property=\"og:description\" content=\"Rina Lazo (1923-2019) retrat\u00f3 la grandeza maya y reflej\u00f3 la cultura guatemalteca en lienzos y murales. Se form\u00f3 y gan\u00f3 fama en M\u00e9xico pero su alma era de quetzal.\" \/>\n\t\t<meta property=\"og:url\" content=\"https:\/\/soymigrante.com\/revista\/mira-arte-guatemalteco-la-mirada-magica-de-rina-lazo\/\" \/>\n\t\t<meta property=\"og:image\" content=\"https:\/\/soymigrante.com\/revista\/wp-content\/uploads\/2025\/09\/Rina-lazo-2.jpg\" \/>\n\t\t<meta property=\"og:image:secure_url\" content=\"https:\/\/soymigrante.com\/revista\/wp-content\/uploads\/2025\/09\/Rina-lazo-2.jpg\" \/>\n\t\t<meta property=\"og:image:width\" content=\"500\" \/>\n\t\t<meta property=\"og:image:height\" content=\"500\" \/>\n\t\t<meta property=\"article:published_time\" content=\"2025-09-08T11:30:00+00:00\" \/>\n\t\t<meta property=\"article:modified_time\" content=\"2025-09-08T04:42:09+00:00\" \/>\n\t\t<meta property=\"article:publisher\" content=\"https:\/\/www.facebook.com\/soymigrantecom\" \/>\n\t\t<meta name=\"twitter:card\" content=\"summary_large_image\" \/>\n\t\t<meta name=\"twitter:site\" content=\"@SoyMigrante_com\" \/>\n\t\t<meta name=\"twitter:title\" content=\"Mira arte guatemalteco: La mirada m\u00e1gica de Rina Lazo\" \/>\n\t\t<meta name=\"twitter:description\" content=\"Rina Lazo (1923-2019) retrat\u00f3 la grandeza maya y reflej\u00f3 la cultura guatemalteca en lienzos y murales. Se form\u00f3 y gan\u00f3 fama en M\u00e9xico pero su alma era de quetzal.\" \/>\n\t\t<meta name=\"twitter:creator\" content=\"@SoyMigrante_com\" \/>\n\t\t<meta name=\"twitter:image\" content=\"https:\/\/soymigrante.com\/revista\/wp-content\/uploads\/2025\/09\/Rina-lazo-2.jpg\" \/>\n\t\t<!-- All in One SEO Pro -->\r\n\t\t<title>Mira arte guatemalteco: La mirada m\u00e1gica de Rina Lazo<\/title>\n\n","aioseo_head_json":{"title":"Mira arte guatemalteco: La mirada m\u00e1gica de Rina Lazo","description":"Rina Lazo (1923-2019) retrat\u00f3 la grandeza maya y reflej\u00f3 la cultura guatemalteca en lienzos y murales. Se form\u00f3 y gan\u00f3 fama en M\u00e9xico pero su alma era de quetzal.","canonical_url":"https:\/\/soymigrante.com\/revista\/mira-arte-guatemalteco-la-mirada-magica-de-rina-lazo\/","robots":"max-snippet:-1, max-image-preview:large, max-video-preview:-1","keywords":"","webmasterTools":{"miscellaneous":"&lt;link rel=\"preconnect\" href=\"https:\/\/fonts.googleapis.com\" crossorigin&gt;\n&lt;link rel=\"preconnect\" href=\"https:\/\/fonts.gstatic.com\" crossorigin&gt;"},"schema":null,"og:locale":"es_ES","og:site_name":"SoyMigrante.com REVISTA \u2013 Nuestra misi\u00f3n es reconocer y dignificar al migrante.","og:type":"article","og:title":"Mira arte guatemalteco: La mirada m\u00e1gica de Rina Lazo","og:description":"Rina Lazo (1923-2019) retrat\u00f3 la grandeza maya y reflej\u00f3 la cultura guatemalteca en lienzos y murales. Se form\u00f3 y gan\u00f3 fama en M\u00e9xico pero su alma era de quetzal.","og:url":"https:\/\/soymigrante.com\/revista\/mira-arte-guatemalteco-la-mirada-magica-de-rina-lazo\/","og:image":"https:\/\/soymigrante.com\/revista\/wp-content\/uploads\/2025\/09\/Rina-lazo-2.jpg","og:image:secure_url":"https:\/\/soymigrante.com\/revista\/wp-content\/uploads\/2025\/09\/Rina-lazo-2.jpg","og:image:width":500,"og:image:height":500,"article:published_time":"2025-09-08T11:30:00+00:00","article:modified_time":"2025-09-08T04:42:09+00:00","article:publisher":"https:\/\/www.facebook.com\/soymigrantecom","twitter:card":"summary_large_image","twitter:site":"@SoyMigrante_com","twitter:title":"Mira arte guatemalteco: La mirada m\u00e1gica de Rina Lazo","twitter:description":"Rina Lazo (1923-2019) retrat\u00f3 la grandeza maya y reflej\u00f3 la cultura guatemalteca en lienzos y murales. Se form\u00f3 y gan\u00f3 fama en M\u00e9xico pero su alma era de quetzal.","twitter:creator":"@SoyMigrante_com","twitter:image":"https:\/\/soymigrante.com\/revista\/wp-content\/uploads\/2025\/09\/Rina-lazo-2.jpg"},"aioseo_meta_data":{"post_id":"45871","title":"#post_title","description":"Ernesto Boesche Rizo (1936) es un artista guatemalteco que sigue creando y ense\u00f1ando el arte de trazar la realidad con agilidad y a la vez mucha fidelidad.","keywords":null,"keyphrases":{"focus":{"keyphrase":"Ernesto Boesche Rizo","score":91,"analysis":{"keyphraseInTitle":{"score":9,"maxScore":9,"error":0},"keyphraseInDescription":{"score":9,"maxScore":9,"error":0},"keyphraseLength":{"score":9,"maxScore":9,"error":0,"length":3},"keyphraseInURL":{"score":5,"maxScore":5,"error":0},"keyphraseInIntroduction":{"score":9,"maxScore":9,"error":0},"keyphraseInSubHeadings":{"score":3,"maxScore":9,"error":1},"keyphraseInImageAlt":{"score":9,"maxScore":9,"error":0},"keywordDensity":{"type":"best","score":9,"maxScore":9,"error":0}}},"additional":[{"keyphrase":"guatemalteco","score":87,"analysis":{"keyphraseInDescription":{"score":9,"maxScore":9,"error":0},"keyphraseLength":{"score":9,"maxScore":9,"error":0,"length":1},"keyphraseInIntroduction":{"score":3,"maxScore":9,"error":1},"keyphraseInImageAlt":{"score":9,"maxScore":9,"error":0},"keywordDensity":{"type":"best","score":9,"maxScore":9,"error":0}}},{"keyphrase":"artista","score":87,"analysis":{"keyphraseInDescription":{"score":9,"maxScore":9,"error":0},"keyphraseLength":{"score":9,"maxScore":9,"error":0,"length":1},"keyphraseInIntroduction":{"score":3,"maxScore":9,"error":1},"keyphraseInImageAlt":{"score":9,"maxScore":9,"error":0},"keywordDensity":{"type":"best","score":9,"maxScore":9,"error":0}}}]},"primary_term":null,"canonical_url":null,"og_title":null,"og_description":null,"og_object_type":"default","og_image_type":"default","og_image_url":null,"og_image_width":null,"og_image_height":null,"og_image_custom_url":null,"og_image_custom_fields":null,"og_video":"","og_custom_url":null,"og_article_section":null,"og_article_tags":null,"twitter_use_og":false,"twitter_card":"default","twitter_image_type":"default","twitter_image_url":null,"twitter_image_custom_url":null,"twitter_image_custom_fields":null,"twitter_title":null,"twitter_description":null,"schema":{"blockGraphs":[],"customGraphs":[],"default":{"data":{"Article":[],"Course":[],"Dataset":[],"FAQPage":[],"Movie":[],"Person":[],"Product":[],"ProductReview":[],"Car":[],"Recipe":[],"Service":[],"SoftwareApplication":[],"WebPage":[]},"graphName":"none","isEnabled":true},"graphs":[]},"schema_type":"default","schema_type_options":null,"pillar_content":false,"robots_default":true,"robots_noindex":false,"robots_noarchive":false,"robots_nosnippet":false,"robots_nofollow":false,"robots_noimageindex":false,"robots_noodp":false,"robots_notranslate":false,"robots_max_snippet":"-1","robots_max_videopreview":"-1","robots_max_imagepreview":"large","priority":null,"frequency":"default","local_seo":null,"seo_analyzer_scan_date":"2025-10-09 08:56:22","breadcrumb_settings":null,"limit_modified_date":false,"reviewed_by":"0","open_ai":null,"ai":{"faqs":[],"keyPoints":[],"titles":[],"descriptions":[],"socialPosts":{"email":[],"linkedin":[],"twitter":[],"facebook":[],"instagram":[]}},"created":"2025-09-24 15:57:07","updated":"2026-02-05 05:53:06"},"aioseo_breadcrumb":"<div class=\"aioseo-breadcrumbs\"><span class=\"aioseo-breadcrumb\">\n\t<a href=\"https:\/\/soymigrante.com\/revista\" title=\"Home\">Home<\/a>\n<\/span><span class=\"aioseo-breadcrumb-separator\">\u00bb<\/span><span class=\"aioseo-breadcrumb\">\n\t<a href=\"https:\/\/soymigrante.com\/revista\/category\/guate-nuestra\/\" title=\"Guate Nuestra\">Guate Nuestra<\/a>\n<\/span><span class=\"aioseo-breadcrumb-separator\">\u00bb<\/span><span class=\"aioseo-breadcrumb\">\n\t<a href=\"https:\/\/soymigrante.com\/revista\/category\/guate-nuestra\/arte-cultura\/\" title=\"Cultura de Guatemala\">Cultura de Guatemala<\/a>\n<\/span><span class=\"aioseo-breadcrumb-separator\">\u00bb<\/span><span class=\"aioseo-breadcrumb\">\n\tErnesto Boesche Rizo sigue dibujando, inspirando y ense\u00f1ando\n<\/span><\/div>","aioseo_breadcrumb_json":[{"label":"Home","link":"https:\/\/soymigrante.com\/revista"},{"label":"Guate Nuestra","link":"https:\/\/soymigrante.com\/revista\/category\/guate-nuestra\/"},{"label":"Cultura de Guatemala","link":"https:\/\/soymigrante.com\/revista\/category\/guate-nuestra\/arte-cultura\/"},{"label":"Ernesto Boesche Rizo sigue dibujando, inspirando y ense\u00f1ando","link":"https:\/\/soymigrante.com\/revista\/mira-arte-guatemalteco-ernesto-boesche-rizo-sigue-dibujando-inspirando-y-ensenando\/"}],"_links":{"self":[{"href":"https:\/\/soymigrante.com\/revista\/wp-json\/wp\/v2\/posts\/45871","targetHints":{"allow":["GET"]}}],"collection":[{"href":"https:\/\/soymigrante.com\/revista\/wp-json\/wp\/v2\/posts"}],"about":[{"href":"https:\/\/soymigrante.com\/revista\/wp-json\/wp\/v2\/types\/post"}],"author":[{"embeddable":true,"href":"https:\/\/soymigrante.com\/revista\/wp-json\/wp\/v2\/users\/19"}],"replies":[{"embeddable":true,"href":"https:\/\/soymigrante.com\/revista\/wp-json\/wp\/v2\/comments?post=45871"}],"version-history":[{"count":19,"href":"https:\/\/soymigrante.com\/revista\/wp-json\/wp\/v2\/posts\/45871\/revisions"}],"predecessor-version":[{"id":46602,"href":"https:\/\/soymigrante.com\/revista\/wp-json\/wp\/v2\/posts\/45871\/revisions\/46602"}],"wp:featuredmedia":[{"embeddable":true,"href":"https:\/\/soymigrante.com\/revista\/wp-json\/wp\/v2\/media\/46240"}],"wp:attachment":[{"href":"https:\/\/soymigrante.com\/revista\/wp-json\/wp\/v2\/media?parent=45871"}],"wp:term":[{"taxonomy":"category","embeddable":true,"href":"https:\/\/soymigrante.com\/revista\/wp-json\/wp\/v2\/categories?post=45871"},{"taxonomy":"post_tag","embeddable":true,"href":"https:\/\/soymigrante.com\/revista\/wp-json\/wp\/v2\/tags?post=45871"}],"curies":[{"name":"wp","href":"https:\/\/api.w.org\/{rel}","templated":true}]}}