{"id":4584,"date":"2026-01-09T16:43:39","date_gmt":"2026-01-09T22:43:39","guid":{"rendered":"https:\/\/soymigrante.com\/revista\/?p=4584"},"modified":"2026-01-09T16:43:46","modified_gmt":"2026-01-09T22:43:46","slug":"rabinal-achi-drama-prehispanico-patrimonio-cultural-de-guatemala","status":"publish","type":"post","link":"https:\/\/soymigrante.com\/revista\/rabinal-achi-drama-prehispanico-patrimonio-cultural-de-guatemala\/","title":{"rendered":"Danzas de Guatemala: el Rabinal Ach\u00ed, baile drama prehisp\u00e1nico sobrevive y brilla cada 25 de enero."},"content":{"rendered":"\t\t<div data-elementor-type=\"wp-post\" data-elementor-id=\"4584\" class=\"elementor elementor-4584\" data-elementor-post-type=\"post\">\n\t\t\t\t\t\t<section data-particle_enable=\"false\" data-particle-mobile-disabled=\"false\" class=\"elementor-section elementor-top-section elementor-element elementor-element-41aea94 elementor-section-boxed elementor-section-height-default elementor-section-height-default\" data-id=\"41aea94\" data-element_type=\"section\" data-e-type=\"section\">\n\t\t\t\t\t\t<div class=\"elementor-container elementor-column-gap-default\">\n\t\t\t\t\t<div class=\"elementor-column elementor-col-100 elementor-top-column elementor-element elementor-element-e759189\" data-id=\"e759189\" data-element_type=\"column\" data-e-type=\"column\">\n\t\t\t<div class=\"elementor-widget-wrap elementor-element-populated\">\n\t\t\t\t\t\t<div class=\"elementor-element elementor-element-0cca423 elementor-widget elementor-widget-heading\" data-id=\"0cca423\" data-element_type=\"widget\" data-e-type=\"widget\" data-widget_type=\"heading.default\">\n\t\t\t\t\t<h1 class=\"elementor-heading-title elementor-size-default\">El Rabinal Ach\u00ed  es el \u00fanico baile drama prehisp\u00e1nico; tiene siglos de existencia y fue declarado Patrimonio Cultural de Guatemala en 2004, pero ello de poco sirve porque es escaso, por no decir inexistente, el apoyo econ\u00f3mico para renovar indumentarias, documentar la ceremonia o establecer programas de conservaci\u00f3n. \"La misma  comunidad nos aporta  durante las presentaciones y nosotros tenemos esta responsabilidad cuidar nuestra danza\u201d dicen los integrantes.<\/h1>\t\t\t\t<\/div>\n\t\t\t\t\t<\/div>\n\t\t<\/div>\n\t\t\t\t\t<\/div>\n\t\t<\/section>\n\t\t\t\t<section data-particle_enable=\"false\" data-particle-mobile-disabled=\"false\" class=\"elementor-section elementor-top-section elementor-element elementor-element-67b45fd elementor-section-boxed elementor-section-height-default elementor-section-height-default\" data-id=\"67b45fd\" data-element_type=\"section\" data-e-type=\"section\">\n\t\t\t\t\t\t<div class=\"elementor-container elementor-column-gap-default\">\n\t\t\t\t\t<div class=\"elementor-column elementor-col-100 elementor-top-column elementor-element elementor-element-df954e1\" data-id=\"df954e1\" data-element_type=\"column\" data-e-type=\"column\">\n\t\t\t<div class=\"elementor-widget-wrap elementor-element-populated\">\n\t\t\t\t\t\t<div class=\"elementor-element elementor-element-e304786 elementor-widget elementor-widget-video\" data-id=\"e304786\" data-element_type=\"widget\" data-e-type=\"widget\" data-settings=\"{&quot;youtube_url&quot;:&quot;https:\\\/\\\/www.youtube.com\\\/watch?v=MMQs8jAZCco&quot;,&quot;video_type&quot;:&quot;youtube&quot;}\" data-widget_type=\"video.default\">\n\t\t\t\t\t\t\t<div class=\"elementor-wrapper elementor-open-inline\">\n\t\t\t<div class=\"elementor-video\"><\/div>\t\t<\/div>\n\t\t\t\t\t\t<\/div>\n\t\t\t\t\t<\/div>\n\t\t<\/div>\n\t\t\t\t\t<\/div>\n\t\t<\/section>\n\t\t\t\t<section data-particle_enable=\"false\" data-particle-mobile-disabled=\"false\" class=\"elementor-section elementor-top-section elementor-element elementor-element-e6c44fd elementor-section-boxed elementor-section-height-default elementor-section-height-default\" data-id=\"e6c44fd\" data-element_type=\"section\" data-e-type=\"section\">\n\t\t\t\t\t\t<div class=\"elementor-container elementor-column-gap-default\">\n\t\t\t\t\t<div class=\"elementor-column elementor-col-100 elementor-top-column elementor-element elementor-element-063ded6\" data-id=\"063ded6\" data-element_type=\"column\" data-e-type=\"column\">\n\t\t\t<div class=\"elementor-widget-wrap elementor-element-populated\">\n\t\t\t\t\t\t<div class=\"elementor-element elementor-element-24011a7 elementor-widget elementor-widget-text-editor\" data-id=\"24011a7\" data-element_type=\"widget\" data-e-type=\"widget\" data-widget_type=\"text-editor.default\">\n\t\t\t\t\t\t\t\t\t<p><span style=\"font-weight: 400;\">Una historia de honor, rivalidad, valent\u00eda y tambi\u00e9n amor \u00a0 relata el baile drama del Rabinal Achi, cuya antig\u00fcedad se remonta a la \u00e9poca prehisp\u00e1nica, pero que hace 400 a\u00f1os fue prohibido por una orden gubernamental. No fue sino hasta en 1856 que comenz\u00f3 a representarse de nuevo al p\u00fablico y en este 25 de enero de 2024 realiza su representaci\u00f3n en Rabinal, Baja Verapaz. Es patrimonio cultural de la naci\u00f3n, pero no cuentan con apoyo econ\u00f3mico para su permanencia, solo la ayuda de la comunidad y el amor hacia la ra\u00edz que lo mantienen viva.<\/span><\/p><p><span style=\"font-weight: 400;\">La danza Rabinal Achi de Guatemala es una destacada representante cultural que promueve y preserva las tradiciones ancestrales del pueblo Achi. Fundada con el objetivo de salvaguardar y difundir la rica herencia cultural de esta comunidad ind\u00edgena, Rabinal Achi desempe\u00f1a un papel crucial en la promoci\u00f3n de las artes, la danza y la m\u00fasica tradicional.<\/span><\/p><p><span style=\"font-weight: 400;\">La obra relata procesos hist\u00f3ricos entre rabinales y kiches pero tambi\u00e9n sobre los problemas pol\u00edticos. Previo y posteriormente dirigen ceremonias mayas para solicitar permiso a los abuelos y presentarse cada 25 de enero en la feria patronal en San Pablo Ap\u00f3stol Baja Verapaz. Esta fecha es \u00fanica, ya que es el \u00fanico momento en el que la alcald\u00eda ind\u00edgena de Achi contribuye econ\u00f3micamente a la agrupaci\u00f3n. En el resto de las presentaciones, la responsabilidad recae en los propios integrantes y en la comunidad que desee colaborar.<\/span><\/p><p><span style=\"font-weight: 400;\">La danza se ejecuta en el idioma Ach\u00ed y se compone de cuatro actos protagonizados por 21 personajes que representan a ambos pueblos. La relevancia de esta expresi\u00f3n art\u00edstica reside en ser el \u00fanico drama completo que ha perdurado inalterado desde la \u00e9poca prehisp\u00e1nica.<\/span><\/p>\t\t\t\t\t\t\t\t<\/div>\n\t\t\t\t\t<\/div>\n\t\t<\/div>\n\t\t\t\t\t<\/div>\n\t\t<\/section>\n\t\t\t\t<section data-particle_enable=\"false\" data-particle-mobile-disabled=\"false\" class=\"elementor-section elementor-top-section elementor-element elementor-element-11bc8c2 elementor-section-boxed elementor-section-height-default elementor-section-height-default\" data-id=\"11bc8c2\" data-element_type=\"section\" data-e-type=\"section\">\n\t\t\t\t\t\t<div class=\"elementor-container elementor-column-gap-default\">\n\t\t\t\t\t<div class=\"elementor-column elementor-col-100 elementor-top-column elementor-element elementor-element-2e66c78\" data-id=\"2e66c78\" data-element_type=\"column\" data-e-type=\"column\">\n\t\t\t<div class=\"elementor-widget-wrap elementor-element-populated\">\n\t\t\t\t\t\t<div class=\"elementor-element elementor-element-f0578a0 elementor-arrows-position-inside elementor-pagination-position-outside elementor-widget elementor-widget-image-carousel\" data-id=\"f0578a0\" data-element_type=\"widget\" data-e-type=\"widget\" data-settings=\"{&quot;slides_to_show&quot;:&quot;1&quot;,&quot;navigation&quot;:&quot;both&quot;,&quot;autoplay&quot;:&quot;yes&quot;,&quot;pause_on_hover&quot;:&quot;yes&quot;,&quot;pause_on_interaction&quot;:&quot;yes&quot;,&quot;autoplay_speed&quot;:5000,&quot;infinite&quot;:&quot;yes&quot;,&quot;effect&quot;:&quot;slide&quot;,&quot;speed&quot;:500}\" data-widget_type=\"image-carousel.default\">\n\t\t\t\t\t\t\t<div class=\"elementor-image-carousel-wrapper swiper\" role=\"region\" aria-roledescription=\"carousel\" aria-label=\"Image Carousel\" dir=\"ltr\">\n\t\t\t<div class=\"elementor-image-carousel swiper-wrapper\" aria-live=\"off\">\n\t\t\t\t\t\t\t\t<div class=\"swiper-slide\" role=\"group\" aria-roledescription=\"slide\" aria-label=\"1 de 3\"><figure class=\"swiper-slide-inner\"><img decoding=\"async\" class=\"swiper-slide-image\" src=\"https:\/\/soymigrante.com\/revista\/wp-content\/uploads\/2024\/01\/PERMISO-768x576.webp\" alt=\"Integrantes recorren y visitan los centros espirituales para solicitar el permiso. Danza Rabinal Achi en la feria patronal San Pablo Baja Verapaz. Danzas de Guatemala: el Rabinal Ach\u00ed, baile drama prehisp\u00e1nico sobrevive y brilla cada 25 de enero.\" \/><figcaption class=\"elementor-image-carousel-caption\">Integrantes recorren y visitan los centros espirituales para solicitar el permiso. Danza Rabinal Achi en la feria patronal San Pablo Baja Verapaz. Danzas de Guatemala: el Rabinal Ach\u00ed, baile drama prehisp\u00e1nico sobrevive y brilla cada 25 de enero.<\/figcaption><\/figure><\/div><div class=\"swiper-slide\" role=\"group\" aria-roledescription=\"slide\" aria-label=\"2 de 3\"><figure class=\"swiper-slide-inner\"><img decoding=\"async\" class=\"swiper-slide-image\" src=\"https:\/\/soymigrante.com\/revista\/wp-content\/uploads\/2024\/01\/permiso-768x576.webp\" alt=\"Se realiza los preparativos con una ceremonia maya para solicitar permiso a los ancestros y realizar la presentaci\u00f3n durante la feria patronal. Integrantes recorren y visitan los centros espirituales para solicitar el permiso. Danza Rabinal Achi en la feria patronal San Pablo Baja Verapaz. Danzas de Guatemala: el Rabinal Ach\u00ed, baile drama prehisp\u00e1nico sobrevive y brilla cada 25 de enero.\" \/><figcaption class=\"elementor-image-carousel-caption\">Se realiza los preparativos con una ceremonia maya para solicitar permiso a los ancestros y realizar la presentaci\u00f3n durante la feria patronal. Integrantes recorren y visitan los centros espirituales para solicitar el permiso. Danza Rabinal Achi en la feria patronal San Pablo Baja Verapaz. Danzas de Guatemala: el Rabinal Ach\u00ed, baile drama prehisp\u00e1nico sobrevive y brilla cada 25 de enero.<\/figcaption><\/figure><\/div><div class=\"swiper-slide\" role=\"group\" aria-roledescription=\"slide\" aria-label=\"3 de 3\"><figure class=\"swiper-slide-inner\"><img decoding=\"async\" class=\"swiper-slide-image\" src=\"https:\/\/soymigrante.com\/revista\/wp-content\/uploads\/2024\/01\/permiso-a-los-abuelos-768x576.webp\" alt=\"Acuden integrantes y la solicitud del permiso se realiza a trav\u00e9s de un sacerdote maya quien dirige la ceremonia. Se realiza los preparativos con una ceremonia maya para solicitar permiso a los ancestros y realizar la presentaci\u00f3n durante la feria patronal. Integrantes recorren y visitan los centros espirituales para solicitar el permiso. Danza Rabinal Achi en la feria patronal San Pablo Baja Verapaz. Danzas de Guatemala: el Rabinal Ach\u00ed, baile drama prehisp\u00e1nico sobrevive y brilla cada 25 de enero.\" \/><figcaption class=\"elementor-image-carousel-caption\">Acuden integrantes y la solicitud del permiso se realiza a trav\u00e9s de un sacerdote maya quien dirige la ceremonia. Se realiza los preparativos con una ceremonia maya para solicitar permiso a los ancestros y realizar la presentaci\u00f3n durante la feria patronal. Integrantes recorren y visitan los centros espirituales para solicitar el permiso. Danza Rabinal Achi en la feria patronal San Pablo Baja Verapaz. Danzas de Guatemala: el Rabinal Ach\u00ed, baile drama prehisp\u00e1nico sobrevive y brilla cada 25 de enero.<\/figcaption><\/figure><\/div>\t\t\t<\/div>\n\t\t\t\t\t\t\t\t\t\t\t\t<div class=\"elementor-swiper-button elementor-swiper-button-prev\" role=\"button\" tabindex=\"0\">\n\t\t\t\t\t\t<i aria-hidden=\"true\" class=\"eicon-chevron-left\"><\/i>\t\t\t\t\t<\/div>\n\t\t\t\t\t<div class=\"elementor-swiper-button elementor-swiper-button-next\" role=\"button\" tabindex=\"0\">\n\t\t\t\t\t\t<i aria-hidden=\"true\" class=\"eicon-chevron-right\"><\/i>\t\t\t\t\t<\/div>\n\t\t\t\t\n\t\t\t\t\t\t\t\t\t<div class=\"swiper-pagination\"><\/div>\n\t\t\t\t\t\t\t\t\t<\/div>\n\t\t\t\t\t\t<\/div>\n\t\t\t\t\t<\/div>\n\t\t<\/div>\n\t\t\t\t\t<\/div>\n\t\t<\/section>\n\t\t\t\t<section data-particle_enable=\"false\" data-particle-mobile-disabled=\"false\" class=\"elementor-section elementor-top-section elementor-element elementor-element-f4c7e51 elementor-section-boxed elementor-section-height-default elementor-section-height-default\" data-id=\"f4c7e51\" data-element_type=\"section\" data-e-type=\"section\">\n\t\t\t\t\t\t<div class=\"elementor-container elementor-column-gap-default\">\n\t\t\t\t\t<div class=\"elementor-column elementor-col-100 elementor-top-column elementor-element elementor-element-49b46bd\" data-id=\"49b46bd\" data-element_type=\"column\" data-e-type=\"column\">\n\t\t\t<div class=\"elementor-widget-wrap elementor-element-populated\">\n\t\t\t\t\t\t<div class=\"elementor-element elementor-element-922943d elementor-widget elementor-widget-text-editor\" data-id=\"922943d\" data-element_type=\"widget\" data-e-type=\"widget\" data-widget_type=\"text-editor.default\">\n\t\t\t\t\t\t\t\t\t<p>Los integrantes de Rabianal achi participan como herencia y tradici\u00f3n de la comunidad. Mismos que buscan recuperar y mantener esta obra literaria. Antes de la presentaci\u00f3n se preparan durante dos meses, ya que este requiere de una concentraci\u00f3n\u00a0 y valorizaci\u00f3n de cada papel a interpretar. Uno de los integrantes dijo: &#8220;Nosotros danzamos y damos nuestro tiempo por amor y recuperaci\u00f3n de nuestra cultura y de la danza ancestral. Hacemos el llamado a las autoridades y dem\u00e1s grupos para que contribuyan al resguardo de nuestra danza&#8221;<\/p>\t\t\t\t\t\t\t\t<\/div>\n\t\t\t\t\t<\/div>\n\t\t<\/div>\n\t\t\t\t\t<\/div>\n\t\t<\/section>\n\t\t\t\t<section data-particle_enable=\"false\" data-particle-mobile-disabled=\"false\" class=\"elementor-section elementor-top-section elementor-element elementor-element-1b08897 elementor-section-boxed elementor-section-height-default elementor-section-height-default\" data-id=\"1b08897\" data-element_type=\"section\" data-e-type=\"section\">\n\t\t\t\t\t\t<div class=\"elementor-container elementor-column-gap-default\">\n\t\t\t\t\t<div class=\"elementor-column elementor-col-100 elementor-top-column elementor-element elementor-element-f5cf26f\" data-id=\"f5cf26f\" data-element_type=\"column\" data-e-type=\"column\">\n\t\t\t<div class=\"elementor-widget-wrap elementor-element-populated\">\n\t\t\t\t\t\t<div class=\"elementor-element elementor-element-36584ef elementor-widget elementor-widget-heading\" data-id=\"36584ef\" data-element_type=\"widget\" data-e-type=\"widget\" data-widget_type=\"heading.default\">\n\t\t\t\t\t<h2 class=\"elementor-heading-title elementor-size-default\">Personajes \n<\/h2>\t\t\t\t<\/div>\n\t\t\t\t\t<\/div>\n\t\t<\/div>\n\t\t\t\t\t<\/div>\n\t\t<\/section>\n\t\t\t\t<section data-particle_enable=\"false\" data-particle-mobile-disabled=\"false\" class=\"elementor-section elementor-top-section elementor-element elementor-element-c92833b elementor-section-boxed elementor-section-height-default elementor-section-height-default\" data-id=\"c92833b\" data-element_type=\"section\" data-e-type=\"section\">\n\t\t\t\t\t\t<div class=\"elementor-container elementor-column-gap-default\">\n\t\t\t\t\t<div class=\"elementor-column elementor-col-100 elementor-top-column elementor-element elementor-element-4394858\" data-id=\"4394858\" data-element_type=\"column\" data-e-type=\"column\">\n\t\t\t<div class=\"elementor-widget-wrap elementor-element-populated\">\n\t\t\t\t\t\t<div class=\"elementor-element elementor-element-35e7a46 elementor-widget elementor-widget-text-editor\" data-id=\"35e7a46\" data-element_type=\"widget\" data-e-type=\"widget\" data-widget_type=\"text-editor.default\">\n\t\t\t\t\t\t\t\t\t<p><span style=\"font-weight: 400;\"><strong>Ajaw Jobtoj<\/strong> \u2013 Rey de los Rabinaleb.<\/span><\/p><p><span style=\"font-weight: 400;\"><strong>Rabinal Ach\u00ed<\/strong> \u2013 Jefe Capit\u00e1n de Rabinal, hijo de Jobtoj.<\/span><\/p><p><span style=\"font-weight: 400;\"><strong>Quich\u00e9 Ach\u00ed<\/strong> \u2013 Jefe\u00a0Ajaw Jobtoj\u00a0de los yaquis de Cun\u00e9n y de Chajul, hijo de Balam Ach\u00ed, Balam Quich\u00e9, jefes de la naci\u00f3n Quich\u00e9.<\/span><\/p><p><span style=\"font-weight: 400;\"><strong>Xokajaw<\/strong> \u2013 Esposa de\u00a0Ajaw Jobtoj.<\/span><\/p><p><span style=\"font-weight: 400;\"><strong>Uchuch kuk, Uchuch Raxon<\/strong> \u2013 Princesa, prometida de Rabinal Ach\u00ed.<\/span><\/p><p><span style=\"font-weight: 400;\"><strong>Achi Mun<\/strong> \u2013 Esclavo.<\/span><\/p><p><span style=\"font-weight: 400;\"><strong>Ixok Mun<\/strong> \u2013 Esclava de Rabinal Ach\u00ed.<\/span><\/p><p><span style=\"font-weight: 400;\"><strong>12 Kanal Co<\/strong>t \u2013 12 guerreros \u00c1guilas.<\/span><\/p><p><span style=\"font-weight: 400;\"><strong>12 Kanal Balam<\/strong> \u2013 12 guerreros Tigres, son los guerreros rabinales, soldados de Rabinaleb.<\/span><\/p>\t\t\t\t\t\t\t\t<\/div>\n\t\t\t\t\t<\/div>\n\t\t<\/div>\n\t\t\t\t\t<\/div>\n\t\t<\/section>\n\t\t\t\t<section data-particle_enable=\"false\" data-particle-mobile-disabled=\"false\" class=\"elementor-section elementor-top-section elementor-element elementor-element-e7280f6 elementor-section-boxed elementor-section-height-default elementor-section-height-default\" data-id=\"e7280f6\" data-element_type=\"section\" data-e-type=\"section\">\n\t\t\t\t\t\t<div class=\"elementor-container elementor-column-gap-default\">\n\t\t\t\t\t<div class=\"elementor-column elementor-col-100 elementor-top-column elementor-element elementor-element-f53b7b3\" data-id=\"f53b7b3\" data-element_type=\"column\" data-e-type=\"column\">\n\t\t\t<div class=\"elementor-widget-wrap elementor-element-populated\">\n\t\t\t\t\t\t<div class=\"elementor-element elementor-element-9beec47 elementor-widget elementor-widget-video\" data-id=\"9beec47\" data-element_type=\"widget\" data-e-type=\"widget\" data-settings=\"{&quot;youtube_url&quot;:&quot;https:\\\/\\\/www.youtube.com\\\/watch?v=kvPrgVRfrYQ&quot;,&quot;start&quot;:7,&quot;loop&quot;:&quot;yes&quot;,&quot;video_type&quot;:&quot;youtube&quot;,&quot;controls&quot;:&quot;yes&quot;}\" data-widget_type=\"video.default\">\n\t\t\t\t\t\t\t<div class=\"elementor-wrapper elementor-open-inline\">\n\t\t\t<div class=\"elementor-video\"><\/div>\t\t<\/div>\n\t\t\t\t\t\t<\/div>\n\t\t\t\t<div class=\"elementor-element elementor-element-f0794f0 elementor-widget elementor-widget-heading\" data-id=\"f0794f0\" data-element_type=\"widget\" data-e-type=\"widget\" data-widget_type=\"heading.default\">\n\t\t\t\t\t<h2 class=\"elementor-heading-title elementor-size-default\">Datos claves sobre Rabinal Ach\u00ed\n<\/h2>\t\t\t\t<\/div>\n\t\t\t\t\t<\/div>\n\t\t<\/div>\n\t\t\t\t\t<\/div>\n\t\t<\/section>\n\t\t\t\t<section data-particle_enable=\"false\" data-particle-mobile-disabled=\"false\" class=\"elementor-section elementor-top-section elementor-element elementor-element-1f2c2a0 elementor-section-boxed elementor-section-height-default elementor-section-height-default\" data-id=\"1f2c2a0\" data-element_type=\"section\" data-e-type=\"section\">\n\t\t\t\t\t\t<div class=\"elementor-container elementor-column-gap-default\">\n\t\t\t\t\t<div class=\"elementor-column elementor-col-100 elementor-top-column elementor-element elementor-element-0b674d7\" data-id=\"0b674d7\" data-element_type=\"column\" data-e-type=\"column\">\n\t\t\t<div class=\"elementor-widget-wrap elementor-element-populated\">\n\t\t\t\t\t\t<div class=\"elementor-element elementor-element-de58f05 elementor-widget elementor-widget-heading\" data-id=\"de58f05\" data-element_type=\"widget\" data-e-type=\"widget\" data-widget_type=\"heading.default\">\n\t\t\t\t\t<h2 class=\"elementor-heading-title elementor-size-default\">1. Es patrimonio de la Humanidad <\/h2>\t\t\t\t<\/div>\n\t\t\t\t\t<\/div>\n\t\t<\/div>\n\t\t\t\t\t<\/div>\n\t\t<\/section>\n\t\t\t\t<section data-particle_enable=\"false\" data-particle-mobile-disabled=\"false\" class=\"elementor-section elementor-top-section elementor-element elementor-element-cc28ea0 elementor-section-boxed elementor-section-height-default elementor-section-height-default\" data-id=\"cc28ea0\" data-element_type=\"section\" data-e-type=\"section\">\n\t\t\t\t\t\t<div class=\"elementor-container elementor-column-gap-default\">\n\t\t\t\t\t<div class=\"elementor-column elementor-col-100 elementor-top-column elementor-element elementor-element-b2fc795\" data-id=\"b2fc795\" data-element_type=\"column\" data-e-type=\"column\">\n\t\t\t<div class=\"elementor-widget-wrap elementor-element-populated\">\n\t\t\t\t\t\t<div class=\"elementor-element elementor-element-9e66c1a elementor-widget elementor-widget-text-editor\" data-id=\"9e66c1a\" data-element_type=\"widget\" data-e-type=\"widget\" data-widget_type=\"text-editor.default\">\n\t\t\t\t\t\t\t\t\t<p><span style=\"font-weight: 400;\">A fines del a\u00f1o 2005, el Rabinal Ach\u00ed fue declarado por la UNESCO una de las\u00a0 \u00a0Obras Maestras del Patrimonio Oral e Inmaterial de la Humanidad. A pesar de este nombramiento no recibe un aporte econ\u00f3mico para el mantenimiento de m\u00e1scaras, trajes e integrantes, por lo que persiste gracias al amor y perseverancia de la comunidad y de los integrantes de la propia danza.<\/span><\/p>\t\t\t\t\t\t\t\t<\/div>\n\t\t\t\t\t<\/div>\n\t\t<\/div>\n\t\t\t\t\t<\/div>\n\t\t<\/section>\n\t\t\t\t<section data-particle_enable=\"false\" data-particle-mobile-disabled=\"false\" class=\"elementor-section elementor-top-section elementor-element elementor-element-16100ed elementor-section-boxed elementor-section-height-default elementor-section-height-default\" data-id=\"16100ed\" data-element_type=\"section\" data-e-type=\"section\">\n\t\t\t\t\t\t<div class=\"elementor-container elementor-column-gap-default\">\n\t\t\t\t\t<div class=\"elementor-column elementor-col-100 elementor-top-column elementor-element elementor-element-09b2828\" data-id=\"09b2828\" data-element_type=\"column\" data-e-type=\"column\">\n\t\t\t<div class=\"elementor-widget-wrap elementor-element-populated\">\n\t\t\t\t\t\t<div class=\"elementor-element elementor-element-9b8be22 elementor-widget elementor-widget-heading\" data-id=\"9b8be22\" data-element_type=\"widget\" data-e-type=\"widget\" data-widget_type=\"heading.default\">\n\t\t\t\t\t<h2 class=\"elementor-heading-title elementor-size-default\">2. Es la \u00fanica obra en su tipo<\/h2>\t\t\t\t<\/div>\n\t\t\t\t\t<\/div>\n\t\t<\/div>\n\t\t\t\t\t<\/div>\n\t\t<\/section>\n\t\t\t\t<section data-particle_enable=\"false\" data-particle-mobile-disabled=\"false\" class=\"elementor-section elementor-top-section elementor-element elementor-element-0a13f80 elementor-section-boxed elementor-section-height-default elementor-section-height-default\" data-id=\"0a13f80\" data-element_type=\"section\" data-e-type=\"section\">\n\t\t\t\t\t\t<div class=\"elementor-container elementor-column-gap-default\">\n\t\t\t\t\t<div class=\"elementor-column elementor-col-100 elementor-top-column elementor-element elementor-element-e8071a7\" data-id=\"e8071a7\" data-element_type=\"column\" data-e-type=\"column\">\n\t\t\t<div class=\"elementor-widget-wrap elementor-element-populated\">\n\t\t\t\t\t\t<div class=\"elementor-element elementor-element-7e10a19 elementor-widget elementor-widget-text-editor\" data-id=\"7e10a19\" data-element_type=\"widget\" data-e-type=\"widget\" data-widget_type=\"text-editor.default\">\n\t\t\t\t\t\t\t\t\t<p>Se calcula que la captura y rivalidad representada entre los reinos k&#8217;iche&#8217; y ach\u00ed tiene aproximadamente unos 800 a\u00f1os de haber acontecido, es decir, eran tiempos prehisp\u00e1nicos. Su car\u00e1cter es hist\u00f3rico y reivindicativo del triunfo de los Ach\u00ed con la captura de un pr\u00edncipe k&#8217;iche. No tiene, a decir de los expertos, ning\u00fan significado religioso ni alusiones a deidades, Por lo tanto, el se\u00f1alamiento colonial de que era un ritual pagano era y es completamente infundado.<\/p>\t\t\t\t\t\t\t\t<\/div>\n\t\t\t\t\t<\/div>\n\t\t<\/div>\n\t\t\t\t\t<\/div>\n\t\t<\/section>\n\t\t\t\t<section data-particle_enable=\"false\" data-particle-mobile-disabled=\"false\" class=\"elementor-section elementor-top-section elementor-element elementor-element-028379d elementor-section-boxed elementor-section-height-default elementor-section-height-default\" data-id=\"028379d\" data-element_type=\"section\" data-e-type=\"section\">\n\t\t\t\t\t\t<div class=\"elementor-container elementor-column-gap-default\">\n\t\t\t\t\t<div class=\"elementor-column elementor-col-100 elementor-top-column elementor-element elementor-element-230df48\" data-id=\"230df48\" data-element_type=\"column\" data-e-type=\"column\">\n\t\t\t<div class=\"elementor-widget-wrap elementor-element-populated\">\n\t\t\t\t\t\t<div class=\"elementor-element elementor-element-88df7ea elementor-widget elementor-widget-heading\" data-id=\"88df7ea\" data-element_type=\"widget\" data-e-type=\"widget\" data-widget_type=\"heading.default\">\n\t\t\t\t\t<h2 class=\"elementor-heading-title elementor-size-default\">3. Hace 399 a\u00f1os se prohibici\u00f3 su escenificaci\u00f3n<\/h2>\t\t\t\t<\/div>\n\t\t\t\t\t<\/div>\n\t\t<\/div>\n\t\t\t\t\t<\/div>\n\t\t<\/section>\n\t\t\t\t<section data-particle_enable=\"false\" data-particle-mobile-disabled=\"false\" class=\"elementor-section elementor-top-section elementor-element elementor-element-38442f0 elementor-section-boxed elementor-section-height-default elementor-section-height-default\" data-id=\"38442f0\" data-element_type=\"section\" data-e-type=\"section\">\n\t\t\t\t\t\t<div class=\"elementor-container elementor-column-gap-default\">\n\t\t\t\t\t<div class=\"elementor-column elementor-col-100 elementor-top-column elementor-element elementor-element-405f62e\" data-id=\"405f62e\" data-element_type=\"column\" data-e-type=\"column\">\n\t\t\t<div class=\"elementor-widget-wrap elementor-element-populated\">\n\t\t\t\t\t\t<div class=\"elementor-element elementor-element-d6afa1e elementor-widget elementor-widget-text-editor\" data-id=\"d6afa1e\" data-element_type=\"widget\" data-e-type=\"widget\" data-widget_type=\"text-editor.default\">\n\t\t\t\t\t\t\t\t\t<p><span style=\"font-weight: 400;\">En 1625 el oidor Juan Maldonado Paz, Juez Juez oficial de la Casa de Contrataci\u00f3n de las Indias, prohibi\u00f3 su escenificaci\u00f3n por considerarla err\u00f3neamente una especie de ritual. Esto llev\u00f3 a que se le representara de manera clandestina, en monta\u00f1as o lugares alejados, lo cual de alguna manera aument\u00f3 su leyenda. No fue sino hasta 1856 que se volvi\u00f3 a reportar su escenificaci\u00f3n en p\u00fablico.<\/span><\/p><p><span style=\"font-weight: 400;\">El ind\u00edgena _Bartolo Sis, guardi\u00e1n del drama, transmitido oralmente, ante el temor de que se perdiera su contenido, lo escribi\u00f3 en idioma k&#8217;iche&#8217;.\u00a0<\/span><span style=\"color: var( --e-global-color-text );\">El abate Brasseur de\u00a0<\/span><span style=\"font-weight: 400; color: var( --e-global-color-text );\">Bourbourg, p\u00e1rroco del pueblo de San Pablo de Rabinal fue el encargado de traducir los di\u00e1logos al franc\u00e9s. Sis era\u00a0\u00a0<\/span><span style=\"color: var( --e-global-color-text ); font-weight: 400;\">depositario del tun y de conservar la obra.\u00a0<\/span><\/p><p><span style=\"font-weight: 400;\">De la versi\u00f3n publicada por el abate en 1862, el escritor Georges Raynaud hizo una nueva traducci\u00f3n en 1928, de la cual dos a\u00f1os despu\u00e9s, el escritor guatemalteco Luis Cardoza y Arag\u00f3n elabor\u00f3 la primera traducci\u00f3n al espa\u00f1ol. Es a partir de esta versi\u00f3n del Rabinal Ach\u00ed que desde perspectivas hist\u00f3ricas, antropol\u00f3gicas, sociol\u00f3gicas y literarias se ha realizado gran parte de las investigaciones sobre la obra.<\/span><\/p>\t\t\t\t\t\t\t\t<\/div>\n\t\t\t\t\t<\/div>\n\t\t<\/div>\n\t\t\t\t\t<\/div>\n\t\t<\/section>\n\t\t\t\t<section data-particle_enable=\"false\" data-particle-mobile-disabled=\"false\" class=\"elementor-section elementor-top-section elementor-element elementor-element-d96ffe1 elementor-section-boxed elementor-section-height-default elementor-section-height-default\" data-id=\"d96ffe1\" data-element_type=\"section\" data-e-type=\"section\">\n\t\t\t\t\t\t<div class=\"elementor-container elementor-column-gap-default\">\n\t\t\t\t\t<div class=\"elementor-column elementor-col-100 elementor-top-column elementor-element elementor-element-95815b0\" data-id=\"95815b0\" data-element_type=\"column\" data-e-type=\"column\">\n\t\t\t<div class=\"elementor-widget-wrap elementor-element-populated\">\n\t\t\t\t\t\t<div class=\"elementor-element elementor-element-8ef376d elementor-widget elementor-widget-heading\" data-id=\"8ef376d\" data-element_type=\"widget\" data-e-type=\"widget\" data-widget_type=\"heading.default\">\n\t\t\t\t\t<h2 class=\"elementor-heading-title elementor-size-default\">4.  Se levant\u00f3 la \"prohibici\u00f3n\" m\u00e1s de dos siglos despu\u00e9s<\/h2>\t\t\t\t<\/div>\n\t\t\t\t\t<\/div>\n\t\t<\/div>\n\t\t\t\t\t<\/div>\n\t\t<\/section>\n\t\t\t\t<section data-particle_enable=\"false\" data-particle-mobile-disabled=\"false\" class=\"elementor-section elementor-top-section elementor-element elementor-element-287147a elementor-section-boxed elementor-section-height-default elementor-section-height-default\" data-id=\"287147a\" data-element_type=\"section\" data-e-type=\"section\">\n\t\t\t\t\t\t<div class=\"elementor-container elementor-column-gap-default\">\n\t\t\t\t\t<div class=\"elementor-column elementor-col-100 elementor-top-column elementor-element elementor-element-06cb38e\" data-id=\"06cb38e\" data-element_type=\"column\" data-e-type=\"column\">\n\t\t\t<div class=\"elementor-widget-wrap elementor-element-populated\">\n\t\t\t\t\t\t<div class=\"elementor-element elementor-element-e554a69 elementor-widget elementor-widget-text-editor\" data-id=\"e554a69\" data-element_type=\"widget\" data-e-type=\"widget\" data-widget_type=\"text-editor.default\">\n\t\t\t\t\t\t\t\t\t<p><span style=\"font-weight: 400;\">En 1856 fue levantada la prohibici\u00f3n de la que hab\u00eda sido objeto el Rabinal Ach\u00ed durante m\u00e1s de doscientos a\u00f1os y la obra volvi\u00f3 a ser puesta en escena p\u00fablicamente. Gracias a la escenificaci\u00f3n se restaur\u00f3 una escritura de gestos, sonidos y movimientos de los cuerpos maya-ach\u00ed y quich\u00e9 en el espacio esc\u00e9nico mesoamericano del siglo XIX, que actualizaba otras escrituras, aquellas compuestas por los cuerpos prehisp\u00e1nicos.\u00a0<\/span><\/p><p><span style=\"font-weight: 400;\">Se recompusieron ciertas t\u00e9cnicas corporales ancestrales y algunos procedimientos de apropiaci\u00f3n por medio de los cuales los actores se despojaron de su cuerpo normal para alcanzar un cuerpo m\u00e1gico. Las voces empezaron a variar en entonaci\u00f3n, potencia y timbre para restaurar unos discursos po\u00e9tico-dram\u00e1ticos primorosos. La escenificaci\u00f3n del Rabinal Ach\u00ed o Danza del Tun actualiz\u00f3 una propuesta dram\u00e1tica ancestral inserta en el esquema religioso de las culturas prehisp\u00e1nicas, en la que el cuerpo operaba en cercano contacto con la naturaleza y el cosmos, interpretando sus ritmos, combinaciones, pausas y cortes.<\/span><\/p>\t\t\t\t\t\t\t\t<\/div>\n\t\t\t\t\t<\/div>\n\t\t<\/div>\n\t\t\t\t\t<\/div>\n\t\t<\/section>\n\t\t\t\t<section data-particle_enable=\"false\" data-particle-mobile-disabled=\"false\" class=\"elementor-section elementor-top-section elementor-element elementor-element-d524ff5 elementor-section-boxed elementor-section-height-default elementor-section-height-default\" data-id=\"d524ff5\" data-element_type=\"section\" data-e-type=\"section\">\n\t\t\t\t\t\t<div class=\"elementor-container elementor-column-gap-default\">\n\t\t\t\t\t<div class=\"elementor-column elementor-col-100 elementor-top-column elementor-element elementor-element-7ccfa9a\" data-id=\"7ccfa9a\" data-element_type=\"column\" data-e-type=\"column\">\n\t\t\t<div class=\"elementor-widget-wrap elementor-element-populated\">\n\t\t\t\t\t\t<div class=\"elementor-element elementor-element-5bec4ad elementor-widget elementor-widget-heading\" data-id=\"5bec4ad\" data-element_type=\"widget\" data-e-type=\"widget\" data-widget_type=\"heading.default\">\n\t\t\t\t\t<h2 class=\"elementor-heading-title elementor-size-default\">5. Primera traducci\u00f3n directa<\/h2>\t\t\t\t<\/div>\n\t\t\t\t\t<\/div>\n\t\t<\/div>\n\t\t\t\t\t<\/div>\n\t\t<\/section>\n\t\t\t\t<section data-particle_enable=\"false\" data-particle-mobile-disabled=\"false\" class=\"elementor-section elementor-top-section elementor-element elementor-element-2482614 elementor-section-boxed elementor-section-height-default elementor-section-height-default\" data-id=\"2482614\" data-element_type=\"section\" data-e-type=\"section\">\n\t\t\t\t\t\t<div class=\"elementor-container elementor-column-gap-default\">\n\t\t\t\t\t<div class=\"elementor-column elementor-col-100 elementor-top-column elementor-element elementor-element-e796529\" data-id=\"e796529\" data-element_type=\"column\" data-e-type=\"column\">\n\t\t\t<div class=\"elementor-widget-wrap elementor-element-populated\">\n\t\t\t\t\t\t<div class=\"elementor-element elementor-element-c201d2e elementor-widget elementor-widget-text-editor\" data-id=\"c201d2e\" data-element_type=\"widget\" data-e-type=\"widget\" data-widget_type=\"text-editor.default\">\n\t\t\t\t\t\t\t\t\t<p><span style=\"font-weight: 400;\">La investigaci\u00f3n realizada en 1986 por varios expertos dio como resultado la primera traducci\u00f3n directa del texto del\u00a0 quich\u00e9 al espa\u00f1ol, compuesta de una composici\u00f3n de danza y de m\u00fasica. Jos\u00e9 Le\u00f3n Coloch, encargado de la danza desde la d\u00e9cada de 1950,\u00a0 hered\u00f3 y cuid\u00f3 los elementos, trajes, m\u00e1scaras e instrumentos musicales utilizados en la representaci\u00f3n de la Danza del Tun. En el a\u00f1o 2000, Jos\u00e9 Le\u00f3n Coloch, due\u00f1o y principal del drama danzario Rabinal Ach\u00ed, recibi\u00f3 la Medalla Presidencial, por su labor como depositario y encargado de conservar vigente la obra. Pero esto no implic\u00f3 mayor ayuda del Estado para la conservaci\u00f3n de este tesoro.<\/span><\/p>\t\t\t\t\t\t\t\t<\/div>\n\t\t\t\t\t<\/div>\n\t\t<\/div>\n\t\t\t\t\t<\/div>\n\t\t<\/section>\n\t\t\t\t<section data-particle_enable=\"false\" data-particle-mobile-disabled=\"false\" class=\"elementor-section elementor-top-section elementor-element elementor-element-c949f81 elementor-section-boxed elementor-section-height-default elementor-section-height-default\" data-id=\"c949f81\" data-element_type=\"section\" data-e-type=\"section\">\n\t\t\t\t\t\t<div class=\"elementor-container elementor-column-gap-default\">\n\t\t\t\t\t<div class=\"elementor-column elementor-col-100 elementor-top-column elementor-element elementor-element-3fb469c\" data-id=\"3fb469c\" data-element_type=\"column\" data-e-type=\"column\">\n\t\t\t<div class=\"elementor-widget-wrap elementor-element-populated\">\n\t\t\t\t\t\t<div class=\"elementor-element elementor-element-e581f82 elementor-widget elementor-widget-heading\" data-id=\"e581f82\" data-element_type=\"widget\" data-e-type=\"widget\" data-widget_type=\"heading.default\">\n\t\t\t\t\t<h2 class=\"elementor-heading-title elementor-size-default\">6. Tesoro en movimiento presentado cada 25 de enero en Rabinal<\/h2>\t\t\t\t<\/div>\n\t\t\t\t\t<\/div>\n\t\t<\/div>\n\t\t\t\t\t<\/div>\n\t\t<\/section>\n\t\t\t\t<section data-particle_enable=\"false\" data-particle-mobile-disabled=\"false\" class=\"elementor-section elementor-top-section elementor-element elementor-element-e665252 elementor-section-boxed elementor-section-height-default elementor-section-height-default\" data-id=\"e665252\" data-element_type=\"section\" data-e-type=\"section\">\n\t\t\t\t\t\t<div class=\"elementor-container elementor-column-gap-default\">\n\t\t\t\t\t<div class=\"elementor-column elementor-col-100 elementor-top-column elementor-element elementor-element-e273e83\" data-id=\"e273e83\" data-element_type=\"column\" data-e-type=\"column\">\n\t\t\t<div class=\"elementor-widget-wrap elementor-element-populated\">\n\t\t\t\t\t\t<div class=\"elementor-element elementor-element-e7b0ae8 elementor-widget elementor-widget-text-editor\" data-id=\"e7b0ae8\" data-element_type=\"widget\" data-e-type=\"widget\" data-widget_type=\"text-editor.default\">\n\t\t\t\t\t\t\t\t\t<p><span style=\"font-weight: 400;\">La obra es considerada la mejor expresi\u00f3n de la cosmovisi\u00f3n de Rabinal, actualmente se presenta en Rabinal Baja Verapaz en la feria patronal en honor a San Pablo. Esta presentaci\u00f3n va acompa\u00f1ada del baile de los negritos, Paxc\u00e1 y el Chico Mudo.<\/span><\/p>\t\t\t\t\t\t\t\t<\/div>\n\t\t\t\t\t<\/div>\n\t\t<\/div>\n\t\t\t\t\t<\/div>\n\t\t<\/section>\n\t\t\t\t<section data-particle_enable=\"false\" data-particle-mobile-disabled=\"false\" class=\"elementor-section elementor-top-section elementor-element elementor-element-2781d41 elementor-section-boxed elementor-section-height-default elementor-section-height-default\" data-id=\"2781d41\" data-element_type=\"section\" data-e-type=\"section\">\n\t\t\t\t\t\t<div class=\"elementor-container elementor-column-gap-default\">\n\t\t\t\t\t<div class=\"elementor-column elementor-col-100 elementor-top-column elementor-element elementor-element-675e9cd\" data-id=\"675e9cd\" data-element_type=\"column\" data-e-type=\"column\">\n\t\t\t<div class=\"elementor-widget-wrap elementor-element-populated\">\n\t\t\t\t\t\t<div class=\"elementor-element elementor-element-dfecd30 elementor-arrows-position-inside elementor-pagination-position-outside elementor-widget elementor-widget-image-carousel\" data-id=\"dfecd30\" data-element_type=\"widget\" data-e-type=\"widget\" data-settings=\"{&quot;slides_to_show&quot;:&quot;1&quot;,&quot;navigation&quot;:&quot;both&quot;,&quot;autoplay&quot;:&quot;yes&quot;,&quot;pause_on_hover&quot;:&quot;yes&quot;,&quot;pause_on_interaction&quot;:&quot;yes&quot;,&quot;autoplay_speed&quot;:5000,&quot;infinite&quot;:&quot;yes&quot;,&quot;effect&quot;:&quot;slide&quot;,&quot;speed&quot;:500}\" data-widget_type=\"image-carousel.default\">\n\t\t\t\t\t\t\t<div class=\"elementor-image-carousel-wrapper swiper\" role=\"region\" aria-roledescription=\"carousel\" aria-label=\"Image Carousel\" dir=\"ltr\">\n\t\t\t<div class=\"elementor-image-carousel swiper-wrapper\" aria-live=\"off\">\n\t\t\t\t\t\t\t\t<div class=\"swiper-slide\" role=\"group\" aria-roledescription=\"slide\" aria-label=\"1 de 6\"><figure class=\"swiper-slide-inner\"><img decoding=\"async\" class=\"swiper-slide-image\" src=\"https:\/\/soymigrante.com\/revista\/wp-content\/uploads\/2024\/01\/AGRUPACION-768x576.webp\" alt=\"Danza Rabinal Achi se presenta cada 25 de enero en la feria patronal de San Pablo Baja Verapaz\" \/><figcaption class=\"elementor-image-carousel-caption\">Danza Rabinal Achi se presenta cada 25 de enero en la feria patronal de San Pablo Baja Verapaz <\/figcaption><\/figure><\/div><div class=\"swiper-slide\" role=\"group\" aria-roledescription=\"slide\" aria-label=\"2 de 6\"><figure class=\"swiper-slide-inner\"><img decoding=\"async\" class=\"swiper-slide-image\" src=\"https:\/\/soymigrante.com\/revista\/wp-content\/uploads\/2024\/01\/DANZA-768x576.webp\" alt=\"Son hombres y mujeres originarios de la comunidad Achi, la cultura permanece gracias al aporte personal y de la comunidad\" \/><figcaption class=\"elementor-image-carousel-caption\">Son hombres y mujeres originarios de la comunidad Achi, la cultura permanece gracias al aporte personal y de la comunidad <\/figcaption><\/figure><\/div><div class=\"swiper-slide\" role=\"group\" aria-roledescription=\"slide\" aria-label=\"3 de 6\"><figure class=\"swiper-slide-inner\"><img decoding=\"async\" class=\"swiper-slide-image\" src=\"https:\/\/soymigrante.com\/revista\/wp-content\/uploads\/2024\/01\/PRESENTACION-E-IDENTIDAD-768x576.webp\" alt=\"Danza y obra maya completa, ha sido considerada una de las mejores obras en Guatemala\" \/><figcaption class=\"elementor-image-carousel-caption\">Danza y obra maya completa, ha sido considerada una de las mejores obras en Guatemala <\/figcaption><\/figure><\/div><div class=\"swiper-slide\" role=\"group\" aria-roledescription=\"slide\" aria-label=\"4 de 6\"><figure class=\"swiper-slide-inner\"><img decoding=\"async\" class=\"swiper-slide-image\" src=\"https:\/\/soymigrante.com\/revista\/wp-content\/uploads\/2024\/01\/PRESENTACION-RABINAL-ACHI-25-768x576.webp\" alt=\"La agrupaci\u00f3n tambi\u00e9n destaca por su participaci\u00f3n en festivales nacionales e internacionales, llevando la riqueza de la cultura Achi. Son hombres y mujeres originarios de la comunidad Achi, la cultura permanece gracias al aporte personal y de la comunidad\" \/><figcaption class=\"elementor-image-carousel-caption\">La agrupaci\u00f3n tambi\u00e9n destaca por su participaci\u00f3n en festivales nacionales e internacionales, llevando la riqueza de la cultura Achi. Son hombres y mujeres originarios de la comunidad Achi, la cultura permanece gracias al aporte personal y de la comunidad<\/figcaption><\/figure><\/div><div class=\"swiper-slide\" role=\"group\" aria-roledescription=\"slide\" aria-label=\"5 de 6\"><figure class=\"swiper-slide-inner\"><img decoding=\"async\" class=\"swiper-slide-image\" src=\"https:\/\/soymigrante.com\/revista\/wp-content\/uploads\/2024\/01\/PRESENTACION-768x576.webp\" alt=\"En la actualidad, el \u00fanico gui\u00f3n original que existe lo hered\u00f3 Jos\u00e9 Le\u00f3n Coloch Garniga, quien ha dirigido al grupo que presenta esa obra desde 1983.\" \/><figcaption class=\"elementor-image-carousel-caption\">En la actualidad, el \u00fanico gui\u00f3n original que existe lo hered\u00f3 Jos\u00e9 Le\u00f3n Coloch Garniga, quien ha dirigido al grupo que presenta esa obra desde 1983.<\/figcaption><\/figure><\/div><div class=\"swiper-slide\" role=\"group\" aria-roledescription=\"slide\" aria-label=\"6 de 6\"><figure class=\"swiper-slide-inner\"><img decoding=\"async\" class=\"swiper-slide-image\" src=\"https:\/\/soymigrante.com\/revista\/wp-content\/uploads\/2024\/01\/RABINAL-ACHI-PRESEMTACION-768x576.webp\" alt=\"Para los actuales habitantes de Rabinal, m\u00e1s que una representaci\u00f3n art\u00edstica es un acto sagrado, que rememora y convoca la energ\u00eda de sus m\u00e1s lejanos ancestros, los dignatarios de la fortaleza de Kajyub\" \/><figcaption class=\"elementor-image-carousel-caption\">Para los actuales habitantes de Rabinal, m\u00e1s que una representaci\u00f3n art\u00edstica es un acto sagrado, que rememora y convoca la energ\u00eda de sus m\u00e1s lejanos ancestros, los dignatarios de la fortaleza de Kajyub<\/figcaption><\/figure><\/div>\t\t\t<\/div>\n\t\t\t\t\t\t\t\t\t\t\t\t<div class=\"elementor-swiper-button elementor-swiper-button-prev\" role=\"button\" tabindex=\"0\">\n\t\t\t\t\t\t<i aria-hidden=\"true\" class=\"eicon-chevron-left\"><\/i>\t\t\t\t\t<\/div>\n\t\t\t\t\t<div class=\"elementor-swiper-button elementor-swiper-button-next\" role=\"button\" tabindex=\"0\">\n\t\t\t\t\t\t<i aria-hidden=\"true\" class=\"eicon-chevron-right\"><\/i>\t\t\t\t\t<\/div>\n\t\t\t\t\n\t\t\t\t\t\t\t\t\t<div class=\"swiper-pagination\"><\/div>\n\t\t\t\t\t\t\t\t\t<\/div>\n\t\t\t\t\t\t<\/div>\n\t\t\t\t\t<\/div>\n\t\t<\/div>\n\t\t\t\t\t<\/div>\n\t\t<\/section>\n\t\t\t\t<section data-particle_enable=\"false\" data-particle-mobile-disabled=\"false\" class=\"elementor-section elementor-top-section elementor-element elementor-element-e2fa572 elementor-section-boxed elementor-section-height-default elementor-section-height-default\" data-id=\"e2fa572\" data-element_type=\"section\" data-e-type=\"section\">\n\t\t\t\t\t\t<div class=\"elementor-container elementor-column-gap-default\">\n\t\t\t\t\t<div class=\"elementor-column elementor-col-100 elementor-top-column elementor-element elementor-element-e59247a\" data-id=\"e59247a\" data-element_type=\"column\" data-e-type=\"column\">\n\t\t\t<div class=\"elementor-widget-wrap elementor-element-populated\">\n\t\t\t\t\t\t<div class=\"elementor-element elementor-element-7164236 elementor-widget elementor-widget-text-editor\" data-id=\"7164236\" data-element_type=\"widget\" data-e-type=\"widget\" data-widget_type=\"text-editor.default\">\n\t\t\t\t\t\t\t\t\t<p><span style=\"font-weight: 400;\">Con ra\u00edces profundas en la regi\u00f3n de Rabinal, Baja Verapaz, la agrupaci\u00f3n se ha convertido en un faro de identidad para los Achi. A trav\u00e9s de presentaciones art\u00edsticas y eventos culturales, Rabinal Achi celebra la historia, mitolog\u00eda y costumbres de su pueblo. Transmite elementos a generaciones presentes y futuras.\u00a0<\/span><\/p><p><span style=\"font-weight: 400;\">La agrupaci\u00f3n tambi\u00e9n destaca por su participaci\u00f3n en festivales nacionales e internacionales, llevando la riqueza de la cultura Achi a audiencias m\u00e1s amplias. Su compromiso con la preservaci\u00f3n de la lengua, la danza ceremonial y la m\u00fasica tradicional refleja un esfuerzo continuo por mantener viva la esencia de la identidad cultural Achi.<\/span><\/p>\t\t\t\t\t\t\t\t<\/div>\n\t\t\t\t\t<\/div>\n\t\t<\/div>\n\t\t\t\t\t<\/div>\n\t\t<\/section>\n\t\t\t\t<section data-particle_enable=\"false\" data-particle-mobile-disabled=\"false\" class=\"elementor-section elementor-top-section elementor-element elementor-element-19c3337 elementor-section-boxed elementor-section-height-default elementor-section-height-default\" data-id=\"19c3337\" data-element_type=\"section\" data-e-type=\"section\">\n\t\t\t\t\t\t<div class=\"elementor-container elementor-column-gap-default\">\n\t\t\t\t\t<div class=\"elementor-column elementor-col-100 elementor-top-column elementor-element elementor-element-7a6e38c\" data-id=\"7a6e38c\" data-element_type=\"column\" data-e-type=\"column\">\n\t\t\t<div class=\"elementor-widget-wrap elementor-element-populated\">\n\t\t\t\t\t\t<div class=\"elementor-element elementor-element-62708d5 elementor-widget elementor-widget-heading\" data-id=\"62708d5\" data-element_type=\"widget\" data-e-type=\"widget\" data-widget_type=\"heading.default\">\n\t\t\t\t\t<h2 class=\"elementor-heading-title elementor-size-default\">7. T\u00edtulos honrosos pero sin mayor aporte<\/h2>\t\t\t\t<\/div>\n\t\t\t\t\t<\/div>\n\t\t<\/div>\n\t\t\t\t\t<\/div>\n\t\t<\/section>\n\t\t\t\t<section data-particle_enable=\"false\" data-particle-mobile-disabled=\"false\" class=\"elementor-section elementor-top-section elementor-element elementor-element-7246334 elementor-section-boxed elementor-section-height-default elementor-section-height-default\" data-id=\"7246334\" data-element_type=\"section\" data-e-type=\"section\">\n\t\t\t\t\t\t<div class=\"elementor-container elementor-column-gap-default\">\n\t\t\t\t\t<div class=\"elementor-column elementor-col-100 elementor-top-column elementor-element elementor-element-6dbf6d3\" data-id=\"6dbf6d3\" data-element_type=\"column\" data-e-type=\"column\">\n\t\t\t<div class=\"elementor-widget-wrap elementor-element-populated\">\n\t\t\t\t\t\t<div class=\"elementor-element elementor-element-a289e57 elementor-widget elementor-widget-text-editor\" data-id=\"a289e57\" data-element_type=\"widget\" data-e-type=\"widget\" data-widget_type=\"text-editor.default\">\n\t\t\t\t\t\t\t\t\t<p>A pesar de su importancia hist\u00f3rica, est\u00e9tica, cultural y antropol\u00f3gica, s\u00f3lo el entusiasmo del comit\u00e9 local mantiene vivo el Rabinal Ach\u00ed. Aunque lleva 20 a\u00f1os de ser &#8220;Patrimonio Cultural de la Naci\u00f3n&#8221;, no hay programas de apoyo a su conservaci\u00f3n, investigaci\u00f3n y mayor difusi\u00f3n. As\u00ed tampoco el curr\u00edculo nacional base no le da mayor relevancia, aunque se trata de una joya maya prehisp\u00e1nica \u00fanica.<\/p><p>El grupo impulsor espera que los migrantes guatemaltecos en Estados Unidos se interesen por representar algunas escenas del Rabinal Ach\u00ed en localidades donde viven migrantes,\u00a0 a fin de convertirse en s\u00edmbolo nacional de identidad.<\/p>\t\t\t\t\t\t\t\t<\/div>\n\t\t\t\t\t<\/div>\n\t\t<\/div>\n\t\t\t\t\t<\/div>\n\t\t<\/section>\n\t\t\t\t<section data-particle_enable=\"false\" data-particle-mobile-disabled=\"false\" class=\"elementor-section elementor-top-section elementor-element elementor-element-1a45b7e elementor-section-boxed elementor-section-height-default elementor-section-height-default\" data-id=\"1a45b7e\" data-element_type=\"section\" data-e-type=\"section\">\n\t\t\t\t\t\t<div class=\"elementor-container elementor-column-gap-default\">\n\t\t\t\t\t<div class=\"elementor-column elementor-col-100 elementor-top-column elementor-element elementor-element-bd1a915\" data-id=\"bd1a915\" data-element_type=\"column\" data-e-type=\"column\">\n\t\t\t<div class=\"elementor-widget-wrap elementor-element-populated\">\n\t\t\t\t\t\t<div class=\"elementor-element elementor-element-097859c elementor-blockquote--skin-boxed elementor-widget elementor-widget-blockquote\" data-id=\"097859c\" data-element_type=\"widget\" data-e-type=\"widget\" data-widget_type=\"blockquote.default\">\n\t\t\t\t\t\t\t<blockquote class=\"elementor-blockquote\">\n\t\t\t<p class=\"elementor-blockquote__content\">\n\t\t\t\t\"A nuestros migrantes que no olviden sus ra\u00edces ellos pueden apoyarnos dando a conocer lo nuestro. A las instituciones que procuren tener un apoyo significativo para los recursos que se necesitan. <span style=\"font-family: Roboto;font-size: 31px;font-style: normal;font-weight: 700\">A nivel de Rabinal hago un llamado para que asociaciones, maestros y dem\u00e1s puedan  promover la importancia de la danza y la cultura<\/span>\"\t\t\t<\/p>\n\t\t\t\t\t\t\t<div class=\"e-q-footer\">\n\t\t\t\t\t\t\t\t\t\t\t<cite class=\"elementor-blockquote__author\">Integrante Rabinal Achi<\/cite>\n\t\t\t\t\t\t\t\t\t\t\t\t\t\t<\/div>\n\t\t\t\t\t<\/blockquote>\n\t\t\t\t\t\t<\/div>\n\t\t\t\t\t<\/div>\n\t\t<\/div>\n\t\t\t\t\t<\/div>\n\t\t<\/section>\n\t\t\t\t<section data-particle_enable=\"false\" data-particle-mobile-disabled=\"false\" class=\"elementor-section elementor-top-section elementor-element elementor-element-07145b7 elementor-section-boxed elementor-section-height-default elementor-section-height-default\" data-id=\"07145b7\" data-element_type=\"section\" data-e-type=\"section\">\n\t\t\t\t\t\t<div class=\"elementor-container elementor-column-gap-default\">\n\t\t\t\t\t<div class=\"elementor-column elementor-col-100 elementor-top-column elementor-element elementor-element-f9435f7\" data-id=\"f9435f7\" data-element_type=\"column\" data-e-type=\"column\">\n\t\t\t<div class=\"elementor-widget-wrap elementor-element-populated\">\n\t\t\t\t\t\t<div class=\"elementor-element elementor-element-727efda elementor-widget elementor-widget-heading\" data-id=\"727efda\" data-element_type=\"widget\" data-e-type=\"widget\" data-widget_type=\"heading.default\">\n\t\t\t\t\t<h2 class=\"elementor-heading-title elementor-size-default\">\u00bfDeseas conocer m\u00e1s sobre Danzas de Guatemala? <\/h2>\t\t\t\t<\/div>\n\t\t\t\t\t<\/div>\n\t\t<\/div>\n\t\t\t\t\t<\/div>\n\t\t<\/section>\n\t\t\t\t<section data-particle_enable=\"false\" data-particle-mobile-disabled=\"false\" class=\"elementor-section elementor-top-section elementor-element elementor-element-e8930a2 elementor-section-boxed elementor-section-height-default elementor-section-height-default\" data-id=\"e8930a2\" data-element_type=\"section\" data-e-type=\"section\">\n\t\t\t\t\t\t<div class=\"elementor-container elementor-column-gap-default\">\n\t\t\t\t\t<div class=\"elementor-column elementor-col-100 elementor-top-column elementor-element elementor-element-5d3ce36\" data-id=\"5d3ce36\" data-element_type=\"column\" data-e-type=\"column\">\n\t\t\t<div class=\"elementor-widget-wrap elementor-element-populated\">\n\t\t\t\t\t\t<div class=\"elementor-element elementor-element-2ce3b13 elementor-grid-eael-col-2 elementor-grid-tablet-eael-col-2 elementor-grid-mobile-eael-col-1 elementor-widget elementor-widget-eael-post-grid\" data-id=\"2ce3b13\" data-element_type=\"widget\" data-e-type=\"widget\" data-settings=\"{&quot;eael_post_grid_columns&quot;:&quot;eael-col-2&quot;,&quot;eael_post_grid_columns_tablet&quot;:&quot;eael-col-2&quot;,&quot;eael_post_grid_columns_mobile&quot;:&quot;eael-col-1&quot;}\" data-widget_type=\"eael-post-grid.default\">\n\t\t\t\t\t<div id=\"eael-post-grid-2ce3b13\" class=\"eael-post-grid-container\">\n            <div class=\"eael-post-grid eael-post-appender eael-post-appender-2ce3b13 eael-post-grid-style-one\" data-layout-mode=\"masonry\"><article class=\"eael-grid-post  eael-post-grid-column eael-pg-post-2390 category-guate-nuestra tags-danzas-de-guatemala\" data-id=\"2390\">\n        <div class=\"eael-grid-post-holder\">\n            <div class=\"eael-grid-post-holder-inner\"><div class=\"eael-entry-media\"><div class=\"eael-entry-overlay fade-in\"><i class=\"fas fa-long-arrow-alt-right\" aria-hidden=\"true\"><\/i><a href=\"https:\/\/soymigrante.com\/revista\/guatemala-danza-el-baile-de-la-paach-de-san-marcos-es-patrimonio-de-la-humanidad\/\"><\/a><\/div><div class=\"eael-entry-thumbnail \">\n                <img fetchpriority=\"high\" decoding=\"async\" width=\"300\" height=\"191\" src=\"https:\/\/soymigrante.com\/revista\/wp-content\/uploads\/2023\/09\/03672-HUG-300x191.webp\" class=\"attachment-medium size-medium wp-image-2424\" alt=\"La percusi\u00f3n del tambor abre paso al recorrido de los ancianos, padrinos y comunidad, en camino a la Casa de la Paazh (Fotograf\u00eda Archivo FLAAR-Unesco)\" srcset=\"https:\/\/soymigrante.com\/revista\/wp-content\/uploads\/2023\/09\/03672-HUG-300x191.webp 300w, https:\/\/soymigrante.com\/revista\/wp-content\/uploads\/2023\/09\/03672-HUG-768x488.webp 768w, https:\/\/soymigrante.com\/revista\/wp-content\/uploads\/2023\/09\/03672-HUG-750x477.webp 750w, https:\/\/soymigrante.com\/revista\/wp-content\/uploads\/2023\/09\/03672-HUG.webp 1000w\" sizes=\"(max-width: 300px) 100vw, 300px\" \/>\n            <\/div>\n        <\/div><div class=\"eael-entry-wrapper\"><header class=\"eael-entry-header\"><h2 class=\"eael-entry-title\"><a class=\"eael-grid-post-link\" href=\"https:\/\/soymigrante.com\/revista\/guatemala-danza-el-baile-de-la-paach-de-san-marcos-es-patrimonio-de-la-humanidad\/\" title=\"Danzas de Guatemala: El baile de La Paach, de San Marcos es Patrimonio de la Humanidad\">Danzas de Guatemala: El baile de La Paach, de San Marcos es Patrimonio de la Humanidad<\/a><\/h2><\/header><\/div><\/div>\n        <\/div>\n    <\/article><article class=\"eael-grid-post  eael-post-grid-column eael-pg-post-1185 category-estamos-unidos\" data-id=\"1185\">\n        <div class=\"eael-grid-post-holder\">\n            <div class=\"eael-grid-post-holder-inner\"><div class=\"eael-entry-media\"><div class=\"eael-entry-overlay fade-in\"><i class=\"fas fa-long-arrow-alt-right\" aria-hidden=\"true\"><\/i><a href=\"https:\/\/soymigrante.com\/revista\/danza-maya-de-las-guacamayas-impresiona-en-estados-unidos\/\"><\/a><\/div><div class=\"eael-entry-thumbnail \">\n                <img decoding=\"async\" width=\"293\" height=\"300\" src=\"https:\/\/soymigrante.com\/revista\/wp-content\/uploads\/2023\/06\/xixo-rax-danza-de-las-guacamayas-2-293x300.jpg\" class=\"attachment-medium size-medium wp-image-29236\" alt=\"Artista en vestimenta tradicional ind\u00edgena mexicana en una presentaci\u00f3n cultural en SoyMigrante.com REVISTA.\" srcset=\"https:\/\/soymigrante.com\/revista\/wp-content\/uploads\/2023\/06\/xixo-rax-danza-de-las-guacamayas-2-293x300.jpg 293w, https:\/\/soymigrante.com\/revista\/wp-content\/uploads\/2023\/06\/xixo-rax-danza-de-las-guacamayas-2-768x786.jpg 768w, https:\/\/soymigrante.com\/revista\/wp-content\/uploads\/2023\/06\/xixo-rax-danza-de-las-guacamayas-2-750x767.webp 750w, https:\/\/soymigrante.com\/revista\/wp-content\/uploads\/2023\/06\/xixo-rax-danza-de-las-guacamayas-2.webp 949w\" sizes=\"(max-width: 293px) 100vw, 293px\" \/>\n            <\/div>\n        <\/div><div class=\"eael-entry-wrapper\"><header class=\"eael-entry-header\"><h2 class=\"eael-entry-title\"><a class=\"eael-grid-post-link\" href=\"https:\/\/soymigrante.com\/revista\/danza-maya-de-las-guacamayas-impresiona-en-estados-unidos\/\" title=\"Danza de las Guacamayas de Santa Cruz Verapaz vuela por 7 ciudades de Estados Unidos\">Danza de las Guacamayas de Santa Cruz Verapaz vuela por 7 ciudades de Estados Unidos<\/a><\/h2><\/header><\/div><\/div>\n        <\/div>\n    <\/article><article class=\"eael-grid-post  eael-post-grid-column eael-pg-post-2505 category-guate-nuestra tags-danzas-de-guatemala\" data-id=\"2505\">\n        <div class=\"eael-grid-post-holder\">\n            <div class=\"eael-grid-post-holder-inner\"><div class=\"eael-entry-media\"><div class=\"eael-entry-overlay fade-in\"><i class=\"fas fa-long-arrow-alt-right\" aria-hidden=\"true\"><\/i><a href=\"https:\/\/soymigrante.com\/revista\/guatemala-danza-una-legendaria-batalla-de-moros-y-cristianos-en-la-cual-hay-a-veces-un-divertido-mico\/\"><\/a><\/div><div class=\"eael-entry-thumbnail \">\n                <img decoding=\"async\" width=\"300\" height=\"168\" src=\"https:\/\/soymigrante.com\/revista\/wp-content\/uploads\/2023\/09\/BAILE-MOROS-Y-CRISTIANOS-SAN-LUCAS-FACEBOOOK-300x168.jpg\" class=\"attachment-medium size-medium wp-image-2507\" alt=\"Baile de moros y cristianos en san lucas - Existen en Guatemala varias representaciones de esta tradici\u00f3n espa\u00f1ola que b\u00e1sicamente buscaba indoctrinar a las poblaciones. (Fotograf\u00eda publicada originalmente en el Facebook Baile Moros y Cristianos San Lucas Sac.)\" srcset=\"https:\/\/soymigrante.com\/revista\/wp-content\/uploads\/2023\/09\/BAILE-MOROS-Y-CRISTIANOS-SAN-LUCAS-FACEBOOOK-300x168.jpg 300w, https:\/\/soymigrante.com\/revista\/wp-content\/uploads\/2023\/09\/BAILE-MOROS-Y-CRISTIANOS-SAN-LUCAS-FACEBOOOK-1024x574.jpg 1024w, https:\/\/soymigrante.com\/revista\/wp-content\/uploads\/2023\/09\/BAILE-MOROS-Y-CRISTIANOS-SAN-LUCAS-FACEBOOOK-768x431.jpg 768w, https:\/\/soymigrante.com\/revista\/wp-content\/uploads\/2023\/09\/BAILE-MOROS-Y-CRISTIANOS-SAN-LUCAS-FACEBOOOK-750x421.webp 750w, https:\/\/soymigrante.com\/revista\/wp-content\/uploads\/2023\/09\/BAILE-MOROS-Y-CRISTIANOS-SAN-LUCAS-FACEBOOOK-1140x639.webp 1140w, https:\/\/soymigrante.com\/revista\/wp-content\/uploads\/2023\/09\/BAILE-MOROS-Y-CRISTIANOS-SAN-LUCAS-FACEBOOOK.webp 1280w\" sizes=\"(max-width: 300px) 100vw, 300px\" \/>\n            <\/div>\n        <\/div><div class=\"eael-entry-wrapper\"><header class=\"eael-entry-header\"><h2 class=\"eael-entry-title\"><a class=\"eael-grid-post-link\" href=\"https:\/\/soymigrante.com\/revista\/guatemala-danza-una-legendaria-batalla-de-moros-y-cristianos-en-la-cual-hay-a-veces-un-divertido-mico\/\" title=\"Danzas de Guatemala: el Baile de Moros y Cristianos, una batalla legendaria\">Danzas de Guatemala: el Baile de Moros y Cristianos, una batalla legendaria<\/a><\/h2><\/header><\/div><\/div>\n        <\/div>\n    <\/article><article class=\"eael-grid-post  eael-post-grid-column eael-pg-post-2456 category-guate-nuestra tags-danzas-de-guatemala\" data-id=\"2456\">\n        <div class=\"eael-grid-post-holder\">\n            <div class=\"eael-grid-post-holder-inner\"><div class=\"eael-entry-media\"><div class=\"eael-entry-overlay fade-in\"><i class=\"fas fa-long-arrow-alt-right\" aria-hidden=\"true\"><\/i><a href=\"https:\/\/soymigrante.com\/revista\/guatemala-danza-el-palo-volador-en-joyabaj-cubulco-o-chichicastenango-siempre-es-memorable\/\"><\/a><\/div><div class=\"eael-entry-thumbnail \">\n                <img loading=\"lazy\" decoding=\"async\" width=\"300\" height=\"177\" src=\"https:\/\/soymigrante.com\/revista\/wp-content\/uploads\/2023\/09\/Captura-de-pantalla-2023-09-04-073800-e1693837574983-300x177.webp\" class=\"attachment-medium size-medium wp-image-2458\" alt=\"Los monos Hun Batz y Hun Chouen en lo alto del palo antes de descender. Captura de pantalla de video de TV Asunci\u00f3n Joyabaj.\" srcset=\"https:\/\/soymigrante.com\/revista\/wp-content\/uploads\/2023\/09\/Captura-de-pantalla-2023-09-04-073800-e1693837574983-300x177.webp 300w, https:\/\/soymigrante.com\/revista\/wp-content\/uploads\/2023\/09\/Captura-de-pantalla-2023-09-04-073800-e1693837574983-1024x604.webp 1024w, https:\/\/soymigrante.com\/revista\/wp-content\/uploads\/2023\/09\/Captura-de-pantalla-2023-09-04-073800-e1693837574983-768x453.webp 768w, https:\/\/soymigrante.com\/revista\/wp-content\/uploads\/2023\/09\/Captura-de-pantalla-2023-09-04-073800-e1693837574983-750x442.webp 750w, https:\/\/soymigrante.com\/revista\/wp-content\/uploads\/2023\/09\/Captura-de-pantalla-2023-09-04-073800-e1693837574983-1140x673.webp 1140w, https:\/\/soymigrante.com\/revista\/wp-content\/uploads\/2023\/09\/Captura-de-pantalla-2023-09-04-073800-e1693837574983.webp 1256w\" sizes=\"(max-width: 300px) 100vw, 300px\" \/>\n            <\/div>\n        <\/div><div class=\"eael-entry-wrapper\"><header class=\"eael-entry-header\"><h2 class=\"eael-entry-title\"><a class=\"eael-grid-post-link\" href=\"https:\/\/soymigrante.com\/revista\/guatemala-danza-el-palo-volador-en-joyabaj-cubulco-o-chichicastenango-siempre-es-memorable\/\" title=\"Danzas de Guatemala: El Palo Volador en Joyabaj, Cubulco o Chichicastenango es inolvidable\">Danzas de Guatemala: El Palo Volador en Joyabaj, Cubulco o Chichicastenango es inolvidable<\/a><\/h2><\/header><\/div><\/div>\n        <\/div>\n    <\/article><article class=\"eael-grid-post  eael-post-grid-column eael-pg-post-2449 category-guate-nuestra tags-danzas-de-guatemala\" data-id=\"2449\">\n        <div class=\"eael-grid-post-holder\">\n            <div class=\"eael-grid-post-holder-inner\"><div class=\"eael-entry-media\"><div class=\"eael-entry-overlay fade-in\"><i class=\"fas fa-long-arrow-alt-right\" aria-hidden=\"true\"><\/i><a href=\"https:\/\/soymigrante.com\/revista\/danza-guatemala-el-ancestral-baile-del-venado\/\"><\/a><\/div><div class=\"eael-entry-thumbnail \">\n                <img loading=\"lazy\" decoding=\"async\" width=\"300\" height=\"200\" src=\"https:\/\/soymigrante.com\/revista\/wp-content\/uploads\/2023\/09\/DANZA-DEL-VENADO-CUNEN-QUICHE-300x200.webp\" class=\"attachment-medium size-medium wp-image-2450\" alt=\"DANZA DEL VENADO CUNEN QUICHE\" srcset=\"https:\/\/soymigrante.com\/revista\/wp-content\/uploads\/2023\/09\/DANZA-DEL-VENADO-CUNEN-QUICHE-300x200.webp 300w, https:\/\/soymigrante.com\/revista\/wp-content\/uploads\/2023\/09\/DANZA-DEL-VENADO-CUNEN-QUICHE-1024x683.webp 1024w, https:\/\/soymigrante.com\/revista\/wp-content\/uploads\/2023\/09\/DANZA-DEL-VENADO-CUNEN-QUICHE-768x512.webp 768w, https:\/\/soymigrante.com\/revista\/wp-content\/uploads\/2023\/09\/DANZA-DEL-VENADO-CUNEN-QUICHE-1536x1024.webp 1536w, https:\/\/soymigrante.com\/revista\/wp-content\/uploads\/2023\/09\/DANZA-DEL-VENADO-CUNEN-QUICHE-750x500.webp 750w, https:\/\/soymigrante.com\/revista\/wp-content\/uploads\/2023\/09\/DANZA-DEL-VENADO-CUNEN-QUICHE-1140x760.webp 1140w, https:\/\/soymigrante.com\/revista\/wp-content\/uploads\/2023\/09\/DANZA-DEL-VENADO-CUNEN-QUICHE-600x400.webp 600w, https:\/\/soymigrante.com\/revista\/wp-content\/uploads\/2023\/09\/DANZA-DEL-VENADO-CUNEN-QUICHE.webp 1920w\" sizes=\"(max-width: 300px) 100vw, 300px\" \/>\n            <\/div>\n        <\/div><div class=\"eael-entry-wrapper\"><header class=\"eael-entry-header\"><h2 class=\"eael-entry-title\"><a class=\"eael-grid-post-link\" href=\"https:\/\/soymigrante.com\/revista\/danza-guatemala-el-ancestral-baile-del-venado\/\" title=\"Danzas de Guatemala: El  Baile del Venado est\u00e1 en la memoria de muchos migrantes.\">Danzas de Guatemala: El  Baile del Venado est\u00e1 en la memoria de muchos migrantes.<\/a><\/h2><\/header><\/div><\/div>\n        <\/div>\n    <\/article><article class=\"eael-grid-post  eael-post-grid-column eael-pg-post-2073 category-guate-nuestra\" data-id=\"2073\">\n        <div class=\"eael-grid-post-holder\">\n            <div class=\"eael-grid-post-holder-inner\"><div class=\"eael-entry-media\"><div class=\"eael-entry-overlay fade-in\"><i class=\"fas fa-long-arrow-alt-right\" aria-hidden=\"true\"><\/i><a href=\"https:\/\/soymigrante.com\/revista\/ajpon-danzas-mayas-homenaje-migrantes\/\"><\/a><\/div><div class=\"eael-entry-thumbnail \">\n                <img loading=\"lazy\" decoding=\"async\" width=\"300\" height=\"200\" src=\"https:\/\/soymigrante.com\/revista\/wp-content\/uploads\/2023\/08\/Grupo-de-Danza-Tradicionales-Ajpon-fundado-por-Teresa-Ramirez-dedican-un-baile-tradional-a-los-migrantes-guatemlatecos-como-recordatorio-de-sus-raices-foto-por-Omar-Menchu-300x200.webp\" class=\"attachment-medium size-medium wp-image-2138\" alt=\"Grupo de Danza Tradicionales Ajpon fundado por Teresa Ram\u00edrez dedican un baile tradicional a los migrantes guatemaltecos como recordatorio de sus ra\u00edces foto por Omar Mench\u00fa\" srcset=\"https:\/\/soymigrante.com\/revista\/wp-content\/uploads\/2023\/08\/Grupo-de-Danza-Tradicionales-Ajpon-fundado-por-Teresa-Ramirez-dedican-un-baile-tradional-a-los-migrantes-guatemlatecos-como-recordatorio-de-sus-raices-foto-por-Omar-Menchu-300x200.webp 300w, https:\/\/soymigrante.com\/revista\/wp-content\/uploads\/2023\/08\/Grupo-de-Danza-Tradicionales-Ajpon-fundado-por-Teresa-Ramirez-dedican-un-baile-tradional-a-los-migrantes-guatemlatecos-como-recordatorio-de-sus-raices-foto-por-Omar-Menchu-1024x683.webp 1024w, https:\/\/soymigrante.com\/revista\/wp-content\/uploads\/2023\/08\/Grupo-de-Danza-Tradicionales-Ajpon-fundado-por-Teresa-Ramirez-dedican-un-baile-tradional-a-los-migrantes-guatemlatecos-como-recordatorio-de-sus-raices-foto-por-Omar-Menchu-768x512.webp 768w, https:\/\/soymigrante.com\/revista\/wp-content\/uploads\/2023\/08\/Grupo-de-Danza-Tradicionales-Ajpon-fundado-por-Teresa-Ramirez-dedican-un-baile-tradional-a-los-migrantes-guatemlatecos-como-recordatorio-de-sus-raices-foto-por-Omar-Menchu-1536x1024.webp 1536w, https:\/\/soymigrante.com\/revista\/wp-content\/uploads\/2023\/08\/Grupo-de-Danza-Tradicionales-Ajpon-fundado-por-Teresa-Ramirez-dedican-un-baile-tradional-a-los-migrantes-guatemlatecos-como-recordatorio-de-sus-raices-foto-por-Omar-Menchu.webp 1920w, https:\/\/soymigrante.com\/revista\/wp-content\/uploads\/2023\/08\/Grupo-de-Danza-Tradicionales-Ajpon-fundado-por-Teresa-Ramirez-dedican-un-baile-tradional-a-los-migrantes-guatemlatecos-como-recordatorio-de-sus-raices-foto-por-Omar-Menchu-750x500.webp 750w, https:\/\/soymigrante.com\/revista\/wp-content\/uploads\/2023\/08\/Grupo-de-Danza-Tradicionales-Ajpon-fundado-por-Teresa-Ramirez-dedican-un-baile-tradional-a-los-migrantes-guatemlatecos-como-recordatorio-de-sus-raices-foto-por-Omar-Menchu-1140x760.webp 1140w, https:\/\/soymigrante.com\/revista\/wp-content\/uploads\/2023\/08\/Grupo-de-Danza-Tradicionales-Ajpon-fundado-por-Teresa-Ramirez-dedican-un-baile-tradional-a-los-migrantes-guatemlatecos-como-recordatorio-de-sus-raices-foto-por-Omar-Menchu-600x400.webp 600w\" sizes=\"(max-width: 300px) 100vw, 300px\" \/>\n            <\/div>\n        <\/div><div class=\"eael-entry-wrapper\"><header class=\"eael-entry-header\"><h2 class=\"eael-entry-title\"><a class=\"eael-grid-post-link\" href=\"https:\/\/soymigrante.com\/revista\/ajpon-danzas-mayas-homenaje-migrantes\/\" title=\"Ajpon: Danzas mayas que honran a migrantes guatemaltecos\">Ajpon: Danzas mayas que honran a migrantes guatemaltecos<\/a><\/h2><\/header><\/div><\/div>\n        <\/div>\n    <\/article><\/div>\n            <div class=\"clearfix\"><\/div>\n        <\/div>\t\t\t\t<\/div>\n\t\t\t\t\t<\/div>\n\t\t<\/div>\n\t\t\t\t\t<\/div>\n\t\t<\/section>\n\t\t\t\t<\/div>\n\t\t","protected":false},"excerpt":{"rendered":"<p>El Rabinal Ach\u00ed es el \u00fanico baile drama prehisp\u00e1nico; tiene siglos de existencia y fue declarado Patrimonio Cultural de Guatemala en 2004, pero ello de poco sirve porque es escaso, por no decir inexistente, el apoyo econ\u00f3mico para renovar indumentarias, documentar la ceremonia o establecer programas de conservaci\u00f3n. &#8220;La misma comunidad nos aporta durante las [&hellip;]<\/p>\n","protected":false},"author":1,"featured_media":4586,"comment_status":"open","ping_status":"open","sticky":false,"template":"","format":"standard","meta":{"_acf_changed":false,"_eb_attr":"","footnotes":""},"categories":[58],"tags":[244],"class_list":["post-4584","post","type-post","status-publish","format-standard","has-post-thumbnail","hentry","category-guate-nuestra","tag-danzas-de-guatemala"],"acf":[],"aioseo_notices":[],"aioseo_head":"\n\t\t<!-- All in One SEO Pro 4.9.6.2 - aioseo.com -->\n\t<meta name=\"description\" content=\"Descubre a Ajpon, grupo de danzas mayas que, desde Totonicap\u00e1n, rinde homenaje a migrantes guatemaltecos, exaltando tradiciones y ra\u00edces culturales.\" \/>\n\t<meta name=\"robots\" content=\"max-snippet:-1, max-image-preview:large, max-video-preview:-1\" \/>\n\t<meta name=\"author\" content=\"Diana Batz\"\/>\n\t<link rel=\"canonical\" href=\"https:\/\/soymigrante.com\/revista\/ajpon-danzas-mayas-homenaje-migrantes\/\" \/>\n\t<meta name=\"generator\" content=\"All in One SEO Pro (AIOSEO) 4.9.6.2\" \/>\n\n\t\t<link rel=\"preconnect\" href=\"https:\/\/fonts.googleapis.com\" crossorigin>\n<link rel=\"preconnect\" href=\"https:\/\/fonts.gstatic.com\" crossorigin>\n\t\t<meta property=\"og:locale\" content=\"es_ES\" \/>\n\t\t<meta property=\"og:site_name\" content=\"SoyMigrante.com REVISTA \u2013 Nuestra misi\u00f3n es reconocer y dignificar al migrante.\" \/>\n\t\t<meta property=\"og:type\" content=\"article\" \/>\n\t\t<meta property=\"og:title\" content=\"Ajpon: Danzas mayas que honran a migrantes guatemaltecos\" \/>\n\t\t<meta property=\"og:description\" content=\"Descubre a Ajpon, grupo de danzas mayas que, desde Totonicap\u00e1n, rinde homenaje a migrantes guatemaltecos, exaltando tradiciones y ra\u00edces culturales.\" \/>\n\t\t<meta property=\"og:url\" content=\"https:\/\/soymigrante.com\/revista\/ajpon-danzas-mayas-homenaje-migrantes\/\" \/>\n\t\t<meta property=\"og:image\" content=\"https:\/\/soymigrante.com\/revista\/wp-content\/uploads\/2023\/08\/Grupo-de-Danza-Tradicionales-Ajpon-fundado-por-Teresa-Ramirez-dedican-un-baile-tradional-a-los-migrantes-guatemlatecos-como-recordatorio-de-sus-raices-foto-por-Omar-Menchu.webp\" \/>\n\t\t<meta property=\"og:image:secure_url\" content=\"https:\/\/soymigrante.com\/revista\/wp-content\/uploads\/2023\/08\/Grupo-de-Danza-Tradicionales-Ajpon-fundado-por-Teresa-Ramirez-dedican-un-baile-tradional-a-los-migrantes-guatemlatecos-como-recordatorio-de-sus-raices-foto-por-Omar-Menchu.webp\" \/>\n\t\t<meta property=\"og:image:width\" content=\"1920\" \/>\n\t\t<meta property=\"og:image:height\" content=\"1280\" \/>\n\t\t<meta property=\"article:published_time\" content=\"2023-08-08T05:04:31+00:00\" \/>\n\t\t<meta property=\"article:modified_time\" content=\"2024-07-31T06:33:08+00:00\" \/>\n\t\t<meta property=\"article:publisher\" content=\"https:\/\/www.facebook.com\/soymigrantecom\" \/>\n\t\t<meta name=\"twitter:card\" content=\"summary_large_image\" \/>\n\t\t<meta name=\"twitter:site\" content=\"@SoyMigrante_com\" \/>\n\t\t<meta name=\"twitter:title\" content=\"Ajpon: Danzas mayas que honran a migrantes guatemaltecos\" \/>\n\t\t<meta name=\"twitter:description\" content=\"Descubre a Ajpon, grupo de danzas mayas que, desde Totonicap\u00e1n, rinde homenaje a migrantes guatemaltecos, exaltando tradiciones y ra\u00edces culturales.\" \/>\n\t\t<meta name=\"twitter:creator\" content=\"@SoyMigrante_com\" \/>\n\t\t<meta name=\"twitter:image\" content=\"https:\/\/soymigrante.com\/revista\/wp-content\/uploads\/2023\/08\/Grupo-de-Danza-Tradicionales-Ajpon-fundado-por-Teresa-Ramirez-dedican-un-baile-tradional-a-los-migrantes-guatemlatecos-como-recordatorio-de-sus-raices-foto-por-Omar-Menchu.webp\" \/>\n\t\t<!-- All in One SEO Pro -->\r\n\t\t<title>Ajpon: Danzas mayas que honran a migrantes guatemaltecos<\/title>\n\n","aioseo_head_json":{"title":"Ajpon: Danzas mayas que honran a migrantes guatemaltecos","description":"Descubre a Ajpon, grupo de danzas mayas que, desde Totonicap\u00e1n, rinde homenaje a migrantes guatemaltecos, exaltando tradiciones y ra\u00edces culturales.","canonical_url":"https:\/\/soymigrante.com\/revista\/ajpon-danzas-mayas-homenaje-migrantes\/","robots":"max-snippet:-1, max-image-preview:large, max-video-preview:-1","keywords":"","webmasterTools":{"miscellaneous":"&lt;link rel=\"preconnect\" href=\"https:\/\/fonts.googleapis.com\" crossorigin&gt;\n&lt;link rel=\"preconnect\" href=\"https:\/\/fonts.gstatic.com\" crossorigin&gt;"},"schema":null,"og:locale":"es_ES","og:site_name":"SoyMigrante.com REVISTA \u2013 Nuestra misi\u00f3n es reconocer y dignificar al migrante.","og:type":"article","og:title":"Ajpon: Danzas mayas que honran a migrantes guatemaltecos","og:description":"Descubre a Ajpon, grupo de danzas mayas que, desde Totonicap\u00e1n, rinde homenaje a migrantes guatemaltecos, exaltando tradiciones y ra\u00edces culturales.","og:url":"https:\/\/soymigrante.com\/revista\/ajpon-danzas-mayas-homenaje-migrantes\/","og:image":"https:\/\/soymigrante.com\/revista\/wp-content\/uploads\/2023\/08\/Grupo-de-Danza-Tradicionales-Ajpon-fundado-por-Teresa-Ramirez-dedican-un-baile-tradional-a-los-migrantes-guatemlatecos-como-recordatorio-de-sus-raices-foto-por-Omar-Menchu.webp","og:image:secure_url":"https:\/\/soymigrante.com\/revista\/wp-content\/uploads\/2023\/08\/Grupo-de-Danza-Tradicionales-Ajpon-fundado-por-Teresa-Ramirez-dedican-un-baile-tradional-a-los-migrantes-guatemlatecos-como-recordatorio-de-sus-raices-foto-por-Omar-Menchu.webp","og:image:width":1920,"og:image:height":1280,"article:published_time":"2023-08-08T05:04:31+00:00","article:modified_time":"2024-07-31T06:33:08+00:00","article:publisher":"https:\/\/www.facebook.com\/soymigrantecom","twitter:card":"summary_large_image","twitter:site":"@SoyMigrante_com","twitter:title":"Ajpon: Danzas mayas que honran a migrantes guatemaltecos","twitter:description":"Descubre a Ajpon, grupo de danzas mayas que, desde Totonicap\u00e1n, rinde homenaje a migrantes guatemaltecos, exaltando tradiciones y ra\u00edces culturales.","twitter:creator":"@SoyMigrante_com","twitter:image":"https:\/\/soymigrante.com\/revista\/wp-content\/uploads\/2023\/08\/Grupo-de-Danza-Tradicionales-Ajpon-fundado-por-Teresa-Ramirez-dedican-un-baile-tradional-a-los-migrantes-guatemlatecos-como-recordatorio-de-sus-raices-foto-por-Omar-Menchu.webp"},"aioseo_meta_data":{"post_id":"4584","title":"Rabinal Achi tesoro cultural sobrevive a pesar de la adversidad","description":"Rabinal Ach\u00ed o Danza del Tun es una obra prehisp\u00e1nica que vive al resguardo del pueblo Achi,. Se representa durante la fiesta patronal de Rabinal, Baja Verapaz","keywords":null,"keyphrases":{"focus":{"keyphrase":"Rabinal Ach\u00ed","score":91,"analysis":{"keyphraseInTitle":{"score":9,"maxScore":9,"error":0},"keyphraseInDescription":{"score":9,"maxScore":9,"error":0},"keyphraseLength":{"score":9,"maxScore":9,"error":0,"length":2},"keyphraseInURL":{"score":5,"maxScore":5,"error":0},"keyphraseInIntroduction":{"score":9,"maxScore":9,"error":0},"keyphraseInSubHeadings":{"score":3,"maxScore":9,"error":1},"keyphraseInImageAlt":{"score":9,"maxScore":9,"error":0},"keywordDensity":{"type":"best","score":9,"maxScore":9,"error":0}}},"additional":[]},"primary_term":null,"canonical_url":null,"og_title":null,"og_description":null,"og_object_type":"default","og_image_type":"default","og_image_url":null,"og_image_width":null,"og_image_height":null,"og_image_custom_url":null,"og_image_custom_fields":null,"og_video":"","og_custom_url":null,"og_article_section":null,"og_article_tags":null,"twitter_use_og":false,"twitter_card":"default","twitter_image_type":"default","twitter_image_url":null,"twitter_image_custom_url":null,"twitter_image_custom_fields":null,"twitter_title":null,"twitter_description":null,"schema":{"blockGraphs":[],"customGraphs":[],"default":{"data":{"Article":[],"Course":[],"Dataset":[],"FAQPage":[],"Movie":[],"Person":[],"Product":[],"ProductReview":[],"Car":[],"Recipe":[],"Service":[],"SoftwareApplication":[],"WebPage":[]},"graphName":"NewsArticle","isEnabled":true},"graphs":[]},"schema_type":"default","schema_type_options":null,"pillar_content":false,"robots_default":true,"robots_noindex":false,"robots_noarchive":false,"robots_nosnippet":false,"robots_nofollow":false,"robots_noimageindex":false,"robots_noodp":false,"robots_notranslate":false,"robots_max_snippet":"-1","robots_max_videopreview":"-1","robots_max_imagepreview":"large","priority":null,"frequency":"default","local_seo":null,"seo_analyzer_scan_date":"2026-02-24 15:03:28","breadcrumb_settings":null,"limit_modified_date":false,"reviewed_by":"0","open_ai":"{\"title\":{\"suggestions\":[],\"usage\":0},\"description\":{\"suggestions\":[],\"usage\":0}}","ai":{"faqs":[],"keyPoints":[],"titles":[],"descriptions":[],"socialPosts":{"email":[],"linkedin":[],"twitter":[],"facebook":[],"instagram":[]}},"created":"2024-01-25 20:22:17","updated":"2026-02-24 15:03:28"},"aioseo_breadcrumb":"<div class=\"aioseo-breadcrumbs\"><span class=\"aioseo-breadcrumb\">\n\t<a href=\"https:\/\/soymigrante.com\/revista\" title=\"Home\">Home<\/a>\n<\/span><span class=\"aioseo-breadcrumb-separator\">\u00bb<\/span><span class=\"aioseo-breadcrumb\">\n\t<a href=\"https:\/\/soymigrante.com\/revista\/category\/guate-nuestra\/\" title=\"Guate Nuestra\">Guate Nuestra<\/a>\n<\/span><span class=\"aioseo-breadcrumb-separator\">\u00bb<\/span><span class=\"aioseo-breadcrumb\">\n\tDanzas de Guatemala: el Rabinal Ach\u00ed, baile drama prehisp\u00e1nico sobrevive y brilla cada 25 de enero.\n<\/span><\/div>","aioseo_breadcrumb_json":[{"label":"Home","link":"https:\/\/soymigrante.com\/revista"},{"label":"Guate Nuestra","link":"https:\/\/soymigrante.com\/revista\/category\/guate-nuestra\/"},{"label":"Danzas de Guatemala: el Rabinal Ach\u00ed, baile drama prehisp\u00e1nico sobrevive y brilla cada 25 de enero.","link":"https:\/\/soymigrante.com\/revista\/rabinal-achi-drama-prehispanico-patrimonio-cultural-de-guatemala\/"}],"_links":{"self":[{"href":"https:\/\/soymigrante.com\/revista\/wp-json\/wp\/v2\/posts\/4584","targetHints":{"allow":["GET"]}}],"collection":[{"href":"https:\/\/soymigrante.com\/revista\/wp-json\/wp\/v2\/posts"}],"about":[{"href":"https:\/\/soymigrante.com\/revista\/wp-json\/wp\/v2\/types\/post"}],"author":[{"embeddable":true,"href":"https:\/\/soymigrante.com\/revista\/wp-json\/wp\/v2\/users\/1"}],"replies":[{"embeddable":true,"href":"https:\/\/soymigrante.com\/revista\/wp-json\/wp\/v2\/comments?post=4584"}],"version-history":[{"count":6,"href":"https:\/\/soymigrante.com\/revista\/wp-json\/wp\/v2\/posts\/4584\/revisions"}],"predecessor-version":[{"id":50861,"href":"https:\/\/soymigrante.com\/revista\/wp-json\/wp\/v2\/posts\/4584\/revisions\/50861"}],"wp:featuredmedia":[{"embeddable":true,"href":"https:\/\/soymigrante.com\/revista\/wp-json\/wp\/v2\/media\/4586"}],"wp:attachment":[{"href":"https:\/\/soymigrante.com\/revista\/wp-json\/wp\/v2\/media?parent=4584"}],"wp:term":[{"taxonomy":"category","embeddable":true,"href":"https:\/\/soymigrante.com\/revista\/wp-json\/wp\/v2\/categories?post=4584"},{"taxonomy":"post_tag","embeddable":true,"href":"https:\/\/soymigrante.com\/revista\/wp-json\/wp\/v2\/tags?post=4584"}],"curies":[{"name":"wp","href":"https:\/\/api.w.org\/{rel}","templated":true}]}}