{"id":45779,"date":"2026-01-04T09:44:32","date_gmt":"2026-01-04T15:44:32","guid":{"rendered":"https:\/\/soymigrante.com\/revista\/?p=45779"},"modified":"2026-01-04T09:44:40","modified_gmt":"2026-01-04T15:44:40","slug":"a-la-sombra-del-hombre-verde-en-busca-de-futuro-sostenible-desde-minesota","status":"publish","type":"post","link":"https:\/\/soymigrante.com\/revista\/a-la-sombra-del-hombre-verde-en-busca-de-futuro-sostenible-desde-minesota\/","title":{"rendered":"A la sombra del Hombre Verde: un guatemalteco impulsa visi\u00f3n de futuro sostenible desde Minesota"},"content":{"rendered":"\t\t<div data-elementor-type=\"wp-post\" data-elementor-id=\"45779\" class=\"elementor elementor-45779\" data-elementor-post-type=\"post\">\n\t\t\t\t<div data-particle_enable=\"false\" data-particle-mobile-disabled=\"false\" class=\"elementor-element elementor-element-51fefa8 e-flex e-con-boxed e-con e-parent\" data-id=\"51fefa8\" data-element_type=\"container\" data-e-type=\"container\">\n\t\t\t\t\t<div class=\"e-con-inner\">\n\t\t\t\t<div class=\"elementor-element elementor-element-6b33521 elementor-widget elementor-widget-heading\" data-id=\"6b33521\" data-element_type=\"widget\" data-e-type=\"widget\" data-widget_type=\"heading.default\">\n\t\t\t\t\t<h2 class=\"elementor-heading-title elementor-size-default\">\"Deja que tu inteligencia innata florezca, combinada con otras formas de conocimiento y sabidur\u00eda ancestral. Reconstruyamos el intelecto ind\u00edgena individual y colectivo para arreglar este mundo roto\", plantea el agr\u00f3nomo guatemalteco Reginaldo Hasslet-Marroqu\u00edn desde Minessota.<\/h2>\t\t\t\t<\/div>\n\t\t\t\t\t<\/div>\n\t\t\t\t<\/div>\n\t\t<div data-particle_enable=\"false\" data-particle-mobile-disabled=\"false\" class=\"elementor-element elementor-element-6d3b562 e-flex e-con-boxed e-con e-parent\" data-id=\"6d3b562\" data-element_type=\"container\" data-e-type=\"container\">\n\t\t\t\t\t<div class=\"e-con-inner\">\n\t\t\t\t<div class=\"elementor-element elementor-element-bfb04dc elementor-widget elementor-widget-text-editor\" data-id=\"bfb04dc\" data-element_type=\"widget\" data-e-type=\"widget\" data-widget_type=\"text-editor.default\">\n\t\t\t\t\t\t\t\t\t<p><a href=\"https:\/\/soymigrante.com\/revista\/revolucion-avicola-impulsa-guatemalteco-reginaldo-marroquin-en-minnesota\/\"><b>Por Reginaldo Hasslet-Marroqu\u00edn, agr\u00f3nomo y migrante guatemalteco radicado en Minesotta, donde impulsa la agricultura regenerativa<\/b><\/a><\/p>\t\t\t\t\t\t\t\t<\/div>\n\t\t\t\t\t<\/div>\n\t\t\t\t<\/div>\n\t\t<div data-particle_enable=\"false\" data-particle-mobile-disabled=\"false\" class=\"elementor-element elementor-element-1eb0f12 e-flex e-con-boxed e-con e-parent\" data-id=\"1eb0f12\" data-element_type=\"container\" data-e-type=\"container\">\n\t\t\t\t\t<div class=\"e-con-inner\">\n\t\t\t\t<div class=\"elementor-element elementor-element-4575e7d elementor-widget elementor-widget-text-editor\" data-id=\"4575e7d\" data-element_type=\"widget\" data-e-type=\"widget\" data-widget_type=\"text-editor.default\">\n\t\t\t\t\t\t\t\t\t<p><i>In the shadow of the green man<\/i>, traducido al espa\u00f1ol como <i>A la sombra del duende verde<\/i>, ese es el t\u00edtulo de mi libro, publicado hacia finales de 2017 por Acres U.S.A. Mi viaje desde la pobreza y el hambre a la seguridad alimentaria y la esperanza.<\/p><p>El t\u00edtulo se relaciona con un amigo imaginario, mi propia versi\u00f3n de &#8220;El Sombreron&#8221;, un personaje ficticio de leyenda guatemalteca. My Green Men, mi Duende Verde era una voz interior que respond\u00eda a todas mis preguntas y con la que pod\u00eda tener cualquier conversaci\u00f3n sin el miedo de que el ej\u00e9rcito o sus matones escucharan.<\/p><p>Yo ten\u00eda 4 a\u00f1os cuando empez\u00f3 en <a href=\"https:\/\/soymigrante.com\/revista\/22-departamentos-de-guatemala-un-corazon-multicultural-compartido\/\">Guatemala<\/a> la guerra. Y yo hab\u00eda vivido en los Estados Unidos exactamente 4 a\u00f1os antes de que terminara en 1996.\u00a0 Dej\u00f3 m\u00e1s de medio mill\u00f3n de personas muertas y desaparecidas en Guatemala. Y m\u00e1s de 1,5 millones en el exilio, la mayor\u00eda en M\u00e9xico y Estados Unidos.\u00a0<\/p><p>\u00a0<\/p>\t\t\t\t\t\t\t\t<\/div>\n\t\t\t\t\t<\/div>\n\t\t\t\t<\/div>\n\t\t<div data-particle_enable=\"false\" data-particle-mobile-disabled=\"false\" class=\"elementor-element elementor-element-7a2288f e-flex e-con-boxed e-con e-parent\" data-id=\"7a2288f\" data-element_type=\"container\" data-e-type=\"container\">\n\t\t\t\t\t<div class=\"e-con-inner\">\n\t\t\t\t<div class=\"elementor-element elementor-element-7d32e0f elementor-widget elementor-widget-image\" data-id=\"7d32e0f\" data-element_type=\"widget\" data-e-type=\"widget\" data-widget_type=\"image.default\">\n\t\t\t\t\t\t\t\t\t\t\t\t<figure class=\"wp-caption\">\n\t\t\t\t\t\t\t\t\t\t<img fetchpriority=\"high\" decoding=\"async\" width=\"1024\" height=\"1024\" src=\"https:\/\/soymigrante.com\/revista\/wp-content\/uploads\/2025\/09\/reginaldo-hasslet-en-la-semana-del-clima-nueva-york-1024x1024.jpg\" class=\"attachment-large size-large wp-image-45788\" alt=\"Reginaldo Hasslet-Marroqu\u00edn, agr\u00f3nomo guatemalteco radicado en Minesota, donde impulsa la agricultura regenerativa, participa en la Semana del Clima en Nueva York en septiembre 2025.\" srcset=\"https:\/\/soymigrante.com\/revista\/wp-content\/uploads\/2025\/09\/reginaldo-hasslet-en-la-semana-del-clima-nueva-york-1024x1024.jpg 1024w, https:\/\/soymigrante.com\/revista\/wp-content\/uploads\/2025\/09\/reginaldo-hasslet-en-la-semana-del-clima-nueva-york-300x300.jpg 300w, https:\/\/soymigrante.com\/revista\/wp-content\/uploads\/2025\/09\/reginaldo-hasslet-en-la-semana-del-clima-nueva-york-150x150.jpg 150w, https:\/\/soymigrante.com\/revista\/wp-content\/uploads\/2025\/09\/reginaldo-hasslet-en-la-semana-del-clima-nueva-york-768x768.jpg 768w, https:\/\/soymigrante.com\/revista\/wp-content\/uploads\/2025\/09\/reginaldo-hasslet-en-la-semana-del-clima-nueva-york-75x75.jpg 75w, https:\/\/soymigrante.com\/revista\/wp-content\/uploads\/2025\/09\/reginaldo-hasslet-en-la-semana-del-clima-nueva-york-750x750.jpg 750w, https:\/\/soymigrante.com\/revista\/wp-content\/uploads\/2025\/09\/reginaldo-hasslet-en-la-semana-del-clima-nueva-york-1140x1140.jpg 1140w, https:\/\/soymigrante.com\/revista\/wp-content\/uploads\/2025\/09\/reginaldo-hasslet-en-la-semana-del-clima-nueva-york.jpg 1440w\" sizes=\"(max-width: 1024px) 100vw, 1024px\" title=\"Reginaldo Hasslet-Marroqu\u00edn, agr\u00f3nomo guatemalteco radicado en Minesota, donde impulsa la agricultura regenerativa, participa en la Semana del Clima en Nueva York en septiembre 2025. \u2013 SoyMigrante.com REVISTA\" \/>\t\t\t\t\t\t\t\t\t\t\t<figcaption class=\"widget-image-caption wp-caption-text\">Reginaldo Hasslet-Marroqu\u00edn, agr\u00f3nomo guatemalteco radicado en Minesota, donde impulsa la agricultura regenerativa, participa en la Semana del Clima en Nueva York en septiembre 2025.<\/figcaption>\n\t\t\t\t\t\t\t\t\t\t<\/figure>\n\t\t\t\t\t\t\t\t\t<\/div>\n\t\t\t\t\t<\/div>\n\t\t\t\t<\/div>\n\t\t<div data-particle_enable=\"false\" data-particle-mobile-disabled=\"false\" class=\"elementor-element elementor-element-b2ee030 e-flex e-con-boxed e-con e-parent\" data-id=\"b2ee030\" data-element_type=\"container\" data-e-type=\"container\">\n\t\t\t\t\t<div class=\"e-con-inner\">\n\t\t\t\t<div class=\"elementor-element elementor-element-a2fb3ef elementor-widget elementor-widget-text-editor\" data-id=\"a2fb3ef\" data-element_type=\"widget\" data-e-type=\"widget\" data-widget_type=\"text-editor.default\">\n\t\t\t\t\t\t\t\t\t<p>Mirando hacia atr\u00e1s, lo extraordinario es que todas o casi todas las respuestas fueron y siguen siendo acertadas. Desde por qu\u00e9 hay \u00e1rboles tan grandes en <a href=\"https:\/\/soymigrante.com\/revista\/vuelo-de-jovenes-guacamayas-liberadas-en-peten-es-simbolo-de-esperanza\/\">la selva tropical del norte de Guatemala<\/a> sin casi tierra para crecer, hasta la relaci\u00f3n entre todas las criaturas que viven all\u00ed. Aprend\u00ed sobre el poder del instinto, el sentido com\u00fan, la sabidur\u00eda ancestral y c\u00f3mo nacemos con una inteligencia innata robusta.<\/p><p>M\u00e1s tarde, tambi\u00e9n aprend\u00ed que la escolaridad tradicional era m\u00e1s como un proceso de domesticaci\u00f3n, con castigos y recompensas destinadas a moldear la mente en una forma de creer, aprender y vivir. Un camino carente de sabidur\u00eda ancestral, destinado a expandir y maximizar la extracci\u00f3n de todo. Desde el valor de nuestro trabajo hasta las medicinas naturales con las que crecimos, hasta el valor de nuestras ideas.<\/p><p>Otra cosa que aprend\u00ed es que aqu\u00ed en <a href=\"https:\/\/soymigrante.com\/revista\/melvin-falla-migrante-guatemalteco-locutor-radio-solidaridad-minnesota\/\">Minnesota<\/a>, lo mismo era cierto.<i> Green Man<\/i> ha sido de gran ayuda cuando pr\u00e1cticamente nadie estaba interesado en lo que yo quer\u00eda hacer en la agricultura.\u00a0<\/p>\t\t\t\t\t\t\t\t<\/div>\n\t\t\t\t\t<\/div>\n\t\t\t\t<\/div>\n\t\t<div data-particle_enable=\"false\" data-particle-mobile-disabled=\"false\" class=\"elementor-element elementor-element-ef645de e-flex e-con-boxed e-con e-parent\" data-id=\"ef645de\" data-element_type=\"container\" data-e-type=\"container\">\n\t\t\t\t\t<div class=\"e-con-inner\">\n\t\t\t\t<div class=\"elementor-element elementor-element-a431b16 elementor-widget elementor-widget-image\" data-id=\"a431b16\" data-element_type=\"widget\" data-e-type=\"widget\" data-widget_type=\"image.default\">\n\t\t\t\t\t\t\t\t\t\t\t\t<figure class=\"wp-caption\">\n\t\t\t\t\t\t\t\t\t\t\t<a href=\"https:\/\/www.amazon.com\/-\/es\/Reginaldo-Haslett-Marroquin-ebook\/dp\/B06X9HQBSF\">\n\t\t\t\t\t\t\t<img decoding=\"async\" width=\"640\" height=\"1024\" src=\"https:\/\/soymigrante.com\/revista\/wp-content\/uploads\/2025\/09\/91vrihxTrhL_SL1500_-640x1024.jpg\" class=\"attachment-large size-large wp-image-45789\" alt=\"Libro A la sombra del hombre verde, editado originalmente en ingl\u00e9s y disponible a trav\u00e9s de Amazon. Si desea ir a la p\u00e1gina para adquirirlo, clic en la imagen.\" srcset=\"https:\/\/soymigrante.com\/revista\/wp-content\/uploads\/2025\/09\/91vrihxTrhL_SL1500_-640x1024.jpg 640w, https:\/\/soymigrante.com\/revista\/wp-content\/uploads\/2025\/09\/91vrihxTrhL_SL1500_-188x300.jpg 188w, https:\/\/soymigrante.com\/revista\/wp-content\/uploads\/2025\/09\/91vrihxTrhL_SL1500_-768x1228.jpg 768w, https:\/\/soymigrante.com\/revista\/wp-content\/uploads\/2025\/09\/91vrihxTrhL_SL1500_-750x1199.jpg 750w, https:\/\/soymigrante.com\/revista\/wp-content\/uploads\/2025\/09\/91vrihxTrhL_SL1500_.jpg 938w\" sizes=\"(max-width: 640px) 100vw, 640px\" title=\"Libro A la sombra del hombre verde, editado originalmente en ingl\u00e9s y disponible a trav\u00e9s de Amazon. Si desea ir a la p\u00e1gina para adquirirlo, clic en la imagen. \u2013 SoyMigrante.com REVISTA\" \/>\t\t\t\t\t\t\t\t<\/a>\n\t\t\t\t\t\t\t\t\t\t\t<figcaption class=\"widget-image-caption wp-caption-text\">Libro A la sombra del hombre verde, editado originalmente en ingl\u00e9s y disponible a trav\u00e9s de Amazon. Si desea ir a la p\u00e1gina para adquirirlo, clic en la imagen.<\/figcaption>\n\t\t\t\t\t\t\t\t\t\t<\/figure>\n\t\t\t\t\t\t\t\t\t<\/div>\n\t\t\t\t\t<\/div>\n\t\t\t\t<\/div>\n\t\t<div data-particle_enable=\"false\" data-particle-mobile-disabled=\"false\" class=\"elementor-element elementor-element-2226168 e-flex e-con-boxed e-con e-parent\" data-id=\"2226168\" data-element_type=\"container\" data-e-type=\"container\">\n\t\t\t\t\t<div class=\"e-con-inner\">\n\t\t\t\t<div class=\"elementor-element elementor-element-1e36c81 elementor-widget elementor-widget-heading\" data-id=\"1e36c81\" data-element_type=\"widget\" data-e-type=\"widget\" data-widget_type=\"heading.default\">\n\t\t\t\t\t<h3 class=\"elementor-heading-title elementor-size-default\">Tambi\u00e9n en Estados Unidos pasa...<\/h3>\t\t\t\t<\/div>\n\t\t\t\t\t<\/div>\n\t\t\t\t<\/div>\n\t\t<div data-particle_enable=\"false\" data-particle-mobile-disabled=\"false\" class=\"elementor-element elementor-element-0d8d15c e-flex e-con-boxed e-con e-parent\" data-id=\"0d8d15c\" data-element_type=\"container\" data-e-type=\"container\">\n\t\t\t\t\t<div class=\"e-con-inner\">\n\t\t\t\t<div class=\"elementor-element elementor-element-59a4e15 elementor-widget elementor-widget-text-editor\" data-id=\"59a4e15\" data-element_type=\"widget\" data-e-type=\"widget\" data-widget_type=\"text-editor.default\">\n\t\t\t\t\t\t\t\t\t<p>En otras \u00e1reas de la vida, igual que en Guatemala, a cierta gente de aqu\u00ed (en Estados Unidos) tambi\u00e9n le gusta imponer su voluntad a los dem\u00e1s cuando alguien vive o piensa diferente y que actualmente no quiere doblegarse a las reglas de explotaci\u00f3n, extracci\u00f3n y totalitarismo corporativo.<\/p><p>Cuando la gente es lo suficientemente inteligente para resistir, env\u00edan al ej\u00e9rcito, solo mira la historia por un segundo, es todo lo que se necesita para conocer e inocular tu mente y esp\u00edritu con una mayor manipulaci\u00f3n. Y as\u00ed va la historia de la humanidad, arriba y abajo y de lado a veces.<\/p><p>Hoy, estoy tan impresionado por la cantidad intelectualmente incre\u00edble de <i>personas verdes<\/i> con las que me he conectado y con las que podemos explorar temas y temas dif\u00edciles. Que nadie se interponga en nuestro progreso hacia un sistema alimentario saludable, regenerativo basado en la comunidad que lo gobierna.<\/p>\t\t\t\t\t\t\t\t<\/div>\n\t\t\t\t\t<\/div>\n\t\t\t\t<\/div>\n\t\t<div data-particle_enable=\"false\" data-particle-mobile-disabled=\"false\" class=\"elementor-element elementor-element-fd81395 e-flex e-con-boxed e-con e-parent\" data-id=\"fd81395\" data-element_type=\"container\" data-e-type=\"container\">\n\t\t\t\t\t<div class=\"e-con-inner\">\n\t\t\t\t<div class=\"elementor-element elementor-element-35d90f0 elementor-widget elementor-widget-html\" data-id=\"35d90f0\" data-element_type=\"widget\" data-e-type=\"widget\" data-widget_type=\"html.default\">\n\t\t\t\t\t<iframe src=\"https:\/\/www.facebook.com\/plugins\/post.php?href=https%3A%2F%2Fwww.facebook.com%2Fhaslettmarroquin%2Fposts%2Fpfbid0iG6sXpkDveFABLWKkxP6aoo6uGYL81NCL2XxCNRZvZnYjYVjDrNJD42jbrzg3npHl&show_text=true&width=500\" width=\"500\" height=\"779\" style=\"border:none;overflow:hidden\" scrolling=\"no\" frameborder=\"0\" allowfullscreen=\"true\" allow=\"autoplay; clipboard-write; encrypted-media; picture-in-picture; web-share\"><\/iframe>\t\t\t\t<\/div>\n\t\t\t\t\t<\/div>\n\t\t\t\t<\/div>\n\t\t<div data-particle_enable=\"false\" data-particle-mobile-disabled=\"false\" class=\"elementor-element elementor-element-b4153cf e-flex e-con-boxed e-con e-parent\" data-id=\"b4153cf\" data-element_type=\"container\" data-e-type=\"container\">\n\t\t\t\t\t<div class=\"e-con-inner\">\n\t\t\t\t<div class=\"elementor-element elementor-element-21f5d20 elementor-widget elementor-widget-heading\" data-id=\"21f5d20\" data-element_type=\"widget\" data-e-type=\"widget\" data-widget_type=\"heading.default\">\n\t\t\t\t\t<h3 class=\"elementor-heading-title elementor-size-default\">Recumperemos la sabidur\u00eda...<\/h3>\t\t\t\t<\/div>\n\t\t\t\t\t<\/div>\n\t\t\t\t<\/div>\n\t\t<div data-particle_enable=\"false\" data-particle-mobile-disabled=\"false\" class=\"elementor-element elementor-element-e2e08c2 e-flex e-con-boxed e-con e-parent\" data-id=\"e2e08c2\" data-element_type=\"container\" data-e-type=\"container\">\n\t\t\t\t\t<div class=\"e-con-inner\">\n\t\t\t\t<div class=\"elementor-element elementor-element-2071cb1 elementor-widget elementor-widget-text-editor\" data-id=\"2071cb1\" data-element_type=\"widget\" data-e-type=\"widget\" data-widget_type=\"text-editor.default\">\n\t\t\t\t\t\t\t\t\t<p>Mi granja en Minesota no es diferente a aquella en la que crec\u00ed en Guatemala. Todav\u00eda tienen ma\u00edz que no necesita fertilizante y genera su propio nitr\u00f3geno, frijoles negros ancestrales adaptados a este clima. Las naranjas, los pl\u00e1tanos, los aguacate&#8230; fueron reemplazados por avellanas, manzanas, peras.\u00a0<\/p><p>La selva cambia por grandes bosques pero los sistemas biol\u00f3gicos, qu\u00edmicos y f\u00edsicos fundacionales son los mismos que el Hombre Verde me dijo hace muchas d\u00e9cadas y que aprend\u00ed a trav\u00e9s de mi formaci\u00f3n agraria.<\/p><p>Deja que tu inteligencia innata florezca, la traiga y, combinado con todas las otras formas de conocimiento y sabidur\u00eda, reconstruyamos el intelecto ind\u00edgena individual y colectivo que necesitamos para arreglar este mundo roto. Sigue y con orgullo sigue haciendo grandes cosas, importa ahora m\u00e1s que nunca&#8230;<\/p>\t\t\t\t\t\t\t\t<\/div>\n\t\t\t\t\t<\/div>\n\t\t\t\t<\/div>\n\t\t<div data-particle_enable=\"false\" data-particle-mobile-disabled=\"false\" class=\"elementor-element elementor-element-c659249 e-flex e-con-boxed e-con e-parent\" data-id=\"c659249\" data-element_type=\"container\" data-e-type=\"container\">\n\t\t\t\t\t<div class=\"e-con-inner\">\n\t\t\t\t<div class=\"elementor-element elementor-element-6d3c6a6 elementor-widget elementor-widget-heading\" data-id=\"6d3c6a6\" data-element_type=\"widget\" data-e-type=\"widget\" data-widget_type=\"heading.default\">\n\t\t\t\t\t<h3 class=\"elementor-heading-title elementor-size-default\">Si deseas conocer la historia de Reginaldo<\/h3>\t\t\t\t<\/div>\n\t\t\t\t\t<\/div>\n\t\t\t\t<\/div>\n\t\t<div data-particle_enable=\"false\" data-particle-mobile-disabled=\"false\" class=\"elementor-element elementor-element-2eb1624 e-flex e-con-boxed e-con e-parent\" data-id=\"2eb1624\" data-element_type=\"container\" data-e-type=\"container\">\n\t\t\t\t\t<div class=\"e-con-inner\">\n\t\t\t\t<div class=\"elementor-element elementor-element-8dc9559 elementor-grid-eael-col-1 elementor-grid-tablet-eael-col-2 elementor-grid-mobile-eael-col-1 elementor-widget elementor-widget-eael-post-grid\" data-id=\"8dc9559\" data-element_type=\"widget\" data-e-type=\"widget\" data-settings=\"{&quot;eael_post_grid_columns&quot;:&quot;eael-col-1&quot;,&quot;eael_post_grid_columns_tablet&quot;:&quot;eael-col-2&quot;,&quot;eael_post_grid_columns_mobile&quot;:&quot;eael-col-1&quot;}\" data-widget_type=\"eael-post-grid.default\">\n\t\t\t\t\t<div id=\"eael-post-grid-8dc9559\" class=\"eael-post-grid-container\">\n            <div class=\"eael-post-grid eael-post-appender eael-post-appender-8dc9559 eael-post-grid-style-one\" data-layout-mode=\"masonry\"><article class=\"eael-grid-post  eael-post-grid-column eael-pg-post-7451 category-lugar-de-voces\" data-id=\"7451\">\n        <div class=\"eael-grid-post-holder\">\n            <div class=\"eael-grid-post-holder-inner\"><div class=\"eael-entry-media\"><div class=\"eael-entry-overlay fade-in\"><i class=\"far fa-hand-pointer\" aria-hidden=\"true\"><\/i><a href=\"https:\/\/soymigrante.com\/revista\/la-regeneracion-de-la-tierra-empieza-por-la-mente-reginaldo-marroquin\/\"><\/a><\/div><div class=\"eael-entry-thumbnail eael-image-ratio\">\n                <img decoding=\"async\" width=\"661\" height=\"661\" src=\"https:\/\/soymigrante.com\/revista\/wp-content\/uploads\/2024\/07\/migrante-guatemalteco-reginaldo-marroquin.webp\" class=\"attachment-large size-large wp-image-7452\" alt=\"Relevancia.\" srcset=\"https:\/\/soymigrante.com\/revista\/wp-content\/uploads\/2024\/07\/migrante-guatemalteco-reginaldo-marroquin.webp 661w, https:\/\/soymigrante.com\/revista\/wp-content\/uploads\/2024\/07\/migrante-guatemalteco-reginaldo-marroquin-300x300.webp 300w, https:\/\/soymigrante.com\/revista\/wp-content\/uploads\/2024\/07\/migrante-guatemalteco-reginaldo-marroquin-150x150.webp 150w, https:\/\/soymigrante.com\/revista\/wp-content\/uploads\/2024\/07\/migrante-guatemalteco-reginaldo-marroquin-75x75.webp 75w\" sizes=\"(max-width: 661px) 100vw, 661px\" \/>\n            <\/div>\n        <\/div><div class=\"eael-entry-wrapper\"><header class=\"eael-entry-header\"><h2 class=\"eael-entry-title\"><a class=\"eael-grid-post-link\" href=\"https:\/\/soymigrante.com\/revista\/la-regeneracion-de-la-tierra-empieza-por-la-mente-reginaldo-marroquin\/\" title=\"La regeneraci\u00f3n de la Tierra empieza por la mente: Reginaldo Marroqu\u00edn\">La regeneraci\u00f3n de la Tierra empieza por la mente: Reginaldo Marroqu\u00edn<\/a><\/h2><\/header><div class=\"eael-entry-content\">\n                        <div class=\"eael-grid-post-excerpt\"><a href=\"https:\/\/soymigrante.com\/revista\/la-regeneracion-de-la-tierra-empieza-por-la-mente-reginaldo-marroquin\/\" class=\"eael-post-elements-readmore-btn\">CONOCE SU HISTORIA <\/a><\/div>\n                    <\/div><\/div><\/div>\n        <\/div>\n    <\/article><\/div>\n            <div class=\"clearfix\"><\/div>\n        <\/div>\t\t\t\t<\/div>\n\t\t\t\t\t<\/div>\n\t\t\t\t<\/div>\n\t\t<div data-particle_enable=\"false\" data-particle-mobile-disabled=\"false\" class=\"elementor-element elementor-element-0a48fed e-flex e-con-boxed e-con e-parent\" data-id=\"0a48fed\" data-element_type=\"container\" data-e-type=\"container\">\n\t\t\t\t\t<div class=\"e-con-inner\">\n\t\t\t\t<div class=\"elementor-element elementor-element-61f5038 elementor-widget elementor-widget-heading\" data-id=\"61f5038\" data-element_type=\"widget\" data-e-type=\"widget\" data-widget_type=\"heading.default\">\n\t\t\t\t\t<h2 class=\"elementor-heading-title elementor-size-default\">M\u00e1s inteligencia guatemalteca sin fronteras<\/h2>\t\t\t\t<\/div>\n\t\t\t\t\t<\/div>\n\t\t\t\t<\/div>\n\t\t<div data-particle_enable=\"false\" data-particle-mobile-disabled=\"false\" class=\"elementor-element elementor-element-294ec56 e-flex e-con-boxed e-con e-parent\" data-id=\"294ec56\" data-element_type=\"container\" data-e-type=\"container\">\n\t\t\t\t\t<div class=\"e-con-inner\">\n\t\t\t\t<div class=\"elementor-element elementor-element-4ef2b87 elementor-grid-eael-col-3 elementor-grid-tablet-eael-col-2 elementor-grid-mobile-eael-col-1 elementor-widget elementor-widget-eael-post-grid\" data-id=\"4ef2b87\" data-element_type=\"widget\" data-e-type=\"widget\" data-settings=\"{&quot;eael_post_grid_columns&quot;:&quot;eael-col-3&quot;,&quot;eael_post_grid_columns_tablet&quot;:&quot;eael-col-2&quot;,&quot;eael_post_grid_columns_mobile&quot;:&quot;eael-col-1&quot;}\" data-widget_type=\"eael-post-grid.default\">\n\t\t\t\t\t<div id=\"eael-post-grid-4ef2b87\" class=\"eael-post-grid-container\">\n            <div class=\"eael-post-grid eael-post-appender eael-post-appender-4ef2b87 eael-post-grid-style-one\" data-layout-mode=\"masonry\"><article class=\"eael-grid-post  eael-post-grid-column eael-pg-post-31671 category-estamos-unidos\" data-id=\"31671\">\n        <div class=\"eael-grid-post-holder\">\n            <div class=\"eael-grid-post-holder-inner\"><div class=\"eael-entry-media\"><div class=\"eael-entry-overlay fade-in\"><i class=\"far fa-hand-pointer\" aria-hidden=\"true\"><\/i><a href=\"https:\/\/soymigrante.com\/revista\/estudiante-guatemalteca-darlin-cano-compartio-claves-de-exito-universitario-en-ucla\/\"><\/a><\/div><div class=\"eael-entry-thumbnail eael-image-ratio\">\n                <img loading=\"lazy\" decoding=\"async\" width=\"1024\" height=\"572\" src=\"https:\/\/soymigrante.com\/revista\/wp-content\/uploads\/2025\/04\/Darlin-Cano-De-Guatemala-a-UCLA-una-historia-de-perseverancia-2-1024x572.png\" class=\"attachment-large size-large wp-image-31672\" alt=\"Joven mujer con cabello oscuro, auriculares y piercings, grabando un podcast o entrevista en un estudio de radio.\" srcset=\"https:\/\/soymigrante.com\/revista\/wp-content\/uploads\/2025\/04\/Darlin-Cano-De-Guatemala-a-UCLA-una-historia-de-perseverancia-2-1024x572.png 1024w, https:\/\/soymigrante.com\/revista\/wp-content\/uploads\/2025\/04\/Darlin-Cano-De-Guatemala-a-UCLA-una-historia-de-perseverancia-2-300x167.png 300w, https:\/\/soymigrante.com\/revista\/wp-content\/uploads\/2025\/04\/Darlin-Cano-De-Guatemala-a-UCLA-una-historia-de-perseverancia-2-768x429.png 768w, https:\/\/soymigrante.com\/revista\/wp-content\/uploads\/2025\/04\/Darlin-Cano-De-Guatemala-a-UCLA-una-historia-de-perseverancia-2-1536x858.png 1536w, https:\/\/soymigrante.com\/revista\/wp-content\/uploads\/2025\/04\/Darlin-Cano-De-Guatemala-a-UCLA-una-historia-de-perseverancia-2-750x419.webp 750w, https:\/\/soymigrante.com\/revista\/wp-content\/uploads\/2025\/04\/Darlin-Cano-De-Guatemala-a-UCLA-una-historia-de-perseverancia-2-1140x636.webp 1140w, https:\/\/soymigrante.com\/revista\/wp-content\/uploads\/2025\/04\/Darlin-Cano-De-Guatemala-a-UCLA-una-historia-de-perseverancia-2.webp 1879w\" sizes=\"(max-width: 1024px) 100vw, 1024px\" \/>\n            <\/div>\n        <\/div><div class=\"eael-entry-wrapper\"><header class=\"eael-entry-header\"><h2 class=\"eael-entry-title\"><a class=\"eael-grid-post-link\" href=\"https:\/\/soymigrante.com\/revista\/estudiante-guatemalteca-darlin-cano-compartio-claves-de-exito-universitario-en-ucla\/\" title=\"Estudiante guatemalteca Darlin Cano comparti\u00f3 claves de \u00e9xito universitario en UCLA\">Estudiante guatemalteca Darlin Cano comparti\u00f3 claves de \u00e9xito universitario en UCLA<\/a><\/h2><\/header><div class=\"eael-entry-content\">\n                        <div class=\"eael-grid-post-excerpt\"><a href=\"https:\/\/soymigrante.com\/revista\/estudiante-guatemalteca-darlin-cano-compartio-claves-de-exito-universitario-en-ucla\/\" class=\"eael-post-elements-readmore-btn\">CONOCE SU HISTORIA <\/a><\/div>\n                    <\/div><\/div><\/div>\n        <\/div>\n    <\/article><article class=\"eael-grid-post  eael-post-grid-column eael-pg-post-5857 category-exitos\" data-id=\"5857\">\n        <div class=\"eael-grid-post-holder\">\n            <div class=\"eael-grid-post-holder-inner\"><div class=\"eael-entry-media\"><div class=\"eael-entry-overlay fade-in\"><i class=\"far fa-hand-pointer\" aria-hidden=\"true\"><\/i><a href=\"https:\/\/soymigrante.com\/revista\/arquitectura-paisajista-florecio-con-carlos-martinez-en-el-frio-de-canada\/\"><\/a><\/div><div class=\"eael-entry-thumbnail eael-image-ratio\">\n                <img loading=\"lazy\" decoding=\"async\" width=\"1024\" height=\"830\" src=\"https:\/\/soymigrante.com\/revista\/wp-content\/uploads\/2024\/04\/IMG_4969-1024x830.webp\" class=\"attachment-large size-large wp-image-5858\" alt=\"Hombre sonriendo en un entorno verde y tropical, con plantas y palmeras, ilustrando el contenido de la revista SoyMigrante.com REVISTA, que promueve historias y noticias sobre migraci\u00f3n, integraci\u00f3n y derechos en Am\u00e9rica Latina y el mundo.\" srcset=\"https:\/\/soymigrante.com\/revista\/wp-content\/uploads\/2024\/04\/IMG_4969-1024x830.webp 1024w, https:\/\/soymigrante.com\/revista\/wp-content\/uploads\/2024\/04\/IMG_4969-300x243.webp 300w, https:\/\/soymigrante.com\/revista\/wp-content\/uploads\/2024\/04\/IMG_4969-768x622.webp 768w, https:\/\/soymigrante.com\/revista\/wp-content\/uploads\/2024\/04\/IMG_4969-750x608.webp 750w, https:\/\/soymigrante.com\/revista\/wp-content\/uploads\/2024\/04\/IMG_4969-1140x924.webp 1140w, https:\/\/soymigrante.com\/revista\/wp-content\/uploads\/2024\/04\/IMG_4969.webp 1522w\" sizes=\"(max-width: 1024px) 100vw, 1024px\" \/>\n            <\/div>\n        <\/div><div class=\"eael-entry-wrapper\"><header class=\"eael-entry-header\"><h2 class=\"eael-entry-title\"><a class=\"eael-grid-post-link\" href=\"https:\/\/soymigrante.com\/revista\/arquitectura-paisajista-florecio-con-carlos-martinez-en-el-frio-de-canada\/\" title=\"Arquitectura paisajista floreci\u00f3 con Carlos Mart\u00ednez en el fr\u00edo de Canad\u00e1\">Arquitectura paisajista floreci\u00f3 con Carlos Mart\u00ednez en el fr\u00edo de Canad\u00e1<\/a><\/h2><\/header><div class=\"eael-entry-content\">\n                        <div class=\"eael-grid-post-excerpt\"><a href=\"https:\/\/soymigrante.com\/revista\/arquitectura-paisajista-florecio-con-carlos-martinez-en-el-frio-de-canada\/\" class=\"eael-post-elements-readmore-btn\">CONOCE SU HISTORIA <\/a><\/div>\n                    <\/div><\/div><\/div>\n        <\/div>\n    <\/article><article class=\"eael-grid-post  eael-post-grid-column eael-pg-post-33378 category-exitos-guatemala\" data-id=\"33378\">\n        <div class=\"eael-grid-post-holder\">\n            <div class=\"eael-grid-post-holder-inner\"><div class=\"eael-entry-media\"><div class=\"eael-entry-overlay fade-in\"><i class=\"far fa-hand-pointer\" aria-hidden=\"true\"><\/i><a href=\"https:\/\/soymigrante.com\/revista\/ingrid-sub-cuc-migrante-de-solola-estudia-su-doctorado-en-california-sobre-medicina-maya-kaqchikel\/\"><\/a><\/div><div class=\"eael-entry-thumbnail eael-image-ratio\">\n                <img loading=\"lazy\" decoding=\"async\" width=\"1024\" height=\"1024\" src=\"https:\/\/soymigrante.com\/revista\/wp-content\/uploads\/2025\/05\/ingrid-sub-cuc-solola-maya-10-1024x1024.jpg\" class=\"attachment-large size-large wp-image-33379\" alt=\"Mujer ind\u00edgena con traje tradicional en un entorno natural frente a un lago y volc\u00e1n, s\u00edmbolo de cultura, identidad y orgullo en M\u00e9xico.\" srcset=\"https:\/\/soymigrante.com\/revista\/wp-content\/uploads\/2025\/05\/ingrid-sub-cuc-solola-maya-10-1024x1024.jpg 1024w, https:\/\/soymigrante.com\/revista\/wp-content\/uploads\/2025\/05\/ingrid-sub-cuc-solola-maya-10-300x300.jpg 300w, https:\/\/soymigrante.com\/revista\/wp-content\/uploads\/2025\/05\/ingrid-sub-cuc-solola-maya-10-150x150.jpg 150w, https:\/\/soymigrante.com\/revista\/wp-content\/uploads\/2025\/05\/ingrid-sub-cuc-solola-maya-10-768x768.jpg 768w, https:\/\/soymigrante.com\/revista\/wp-content\/uploads\/2025\/05\/ingrid-sub-cuc-solola-maya-10-75x75.webp 75w, https:\/\/soymigrante.com\/revista\/wp-content\/uploads\/2025\/05\/ingrid-sub-cuc-solola-maya-10-750x750.webp 750w, https:\/\/soymigrante.com\/revista\/wp-content\/uploads\/2025\/05\/ingrid-sub-cuc-solola-maya-10-1140x1140.webp 1140w, https:\/\/soymigrante.com\/revista\/wp-content\/uploads\/2025\/05\/ingrid-sub-cuc-solola-maya-10.webp 1478w\" sizes=\"(max-width: 1024px) 100vw, 1024px\" \/>\n            <\/div>\n        <\/div><div class=\"eael-entry-wrapper\"><header class=\"eael-entry-header\"><h2 class=\"eael-entry-title\"><a class=\"eael-grid-post-link\" href=\"https:\/\/soymigrante.com\/revista\/ingrid-sub-cuc-migrante-de-solola-estudia-su-doctorado-en-california-sobre-medicina-maya-kaqchikel\/\" title=\"Ingrid Sub Cuc, migrante de Solol\u00e1, estudia su doctorado en California sobre medicina maya kaqchikel\">Ingrid Sub Cuc, migrante de Solol\u00e1, estudia su doctorado en California sobre medicina maya kaqchikel<\/a><\/h2><\/header><div class=\"eael-entry-content\">\n                        <div class=\"eael-grid-post-excerpt\"><a href=\"https:\/\/soymigrante.com\/revista\/ingrid-sub-cuc-migrante-de-solola-estudia-su-doctorado-en-california-sobre-medicina-maya-kaqchikel\/\" class=\"eael-post-elements-readmore-btn\">CONOCE SU HISTORIA <\/a><\/div>\n                    <\/div><\/div><\/div>\n        <\/div>\n    <\/article><\/div>\n            <div class=\"clearfix\"><\/div>\n        <\/div>\t\t\t\t<\/div>\n\t\t\t\t\t<\/div>\n\t\t\t\t<\/div>\n\t\t\t\t<\/div>\n\t\t","protected":false},"excerpt":{"rendered":"<p>&#8220;Deja que tu inteligencia innata florezca, combinada con otras formas de conocimiento y sabidur\u00eda ancestral. Reconstruyamos el intelecto ind\u00edgena individual y colectivo para arreglar este mundo roto&#8221;, plantea el agr\u00f3nomo guatemalteco Reginaldo Hasslet-Marroqu\u00edn desde Minessota. Por Reginaldo Hasslet-Marroqu\u00edn, agr\u00f3nomo y migrante guatemalteco radicado en Minesotta, donde impulsa la agricultura regenerativa In the shadow of the [&hellip;]<\/p>\n","protected":false},"author":1,"featured_media":45780,"comment_status":"open","ping_status":"open","sticky":false,"template":"","format":"standard","meta":{"_acf_changed":false,"_eb_attr":"","footnotes":""},"categories":[56],"tags":[],"class_list":["post-45779","post","type-post","status-publish","format-standard","has-post-thumbnail","hentry","category-lugar-de-voces"],"acf":[],"aioseo_notices":[],"aioseo_head":"\n\t\t<!-- All in One SEO Pro 4.9.6.2 - aioseo.com -->\n\t<meta name=\"description\" content=\"Ingrid Sub Cuc tiene maestr\u00edas en Salud y Estudios Ind\u00edgenas en EE.UU.; efect\u00faa su investigaci\u00f3n de doctorado sobre medicina maya tradicional en Guatemala. Cuenta su historia.\" \/>\n\t<meta name=\"robots\" content=\"max-snippet:-1, max-image-preview:large, max-video-preview:-1\" \/>\n\t<meta name=\"author\" content=\"Gustavo Montenegro\"\/>\n\t<link rel=\"canonical\" href=\"https:\/\/soymigrante.com\/revista\/ingrid-sub-cuc-migrante-de-solola-estudia-su-doctorado-en-california-sobre-medicina-maya-kaqchikel\/\" \/>\n\t<meta name=\"generator\" content=\"All in One SEO Pro (AIOSEO) 4.9.6.2\" \/>\n\n\t\t<link rel=\"preconnect\" href=\"https:\/\/fonts.googleapis.com\" crossorigin>\n<link rel=\"preconnect\" href=\"https:\/\/fonts.gstatic.com\" crossorigin>\n\t\t<meta property=\"og:locale\" content=\"es_ES\" \/>\n\t\t<meta property=\"og:site_name\" content=\"SoyMigrante.com REVISTA \u2013 Nuestra misi\u00f3n es reconocer y dignificar al migrante.\" \/>\n\t\t<meta property=\"og:type\" content=\"article\" \/>\n\t\t<meta property=\"og:title\" content=\"Ingrid Sub Cuc, kaqchikel, estudia su doctorado en California\" \/>\n\t\t<meta property=\"og:description\" content=\"Ingrid Sub Cuc tiene maestr\u00edas en Salud y Estudios Ind\u00edgenas en EE.UU.; efect\u00faa su investigaci\u00f3n de doctorado sobre medicina maya tradicional en Guatemala. Cuenta su historia.\" \/>\n\t\t<meta property=\"og:url\" content=\"https:\/\/soymigrante.com\/revista\/ingrid-sub-cuc-migrante-de-solola-estudia-su-doctorado-en-california-sobre-medicina-maya-kaqchikel\/\" \/>\n\t\t<meta property=\"og:image\" content=\"https:\/\/soymigrante.com\/revista\/wp-content\/uploads\/2025\/05\/ingrid-sub-cuc-solola-maya-10.webp\" \/>\n\t\t<meta property=\"og:image:secure_url\" content=\"https:\/\/soymigrante.com\/revista\/wp-content\/uploads\/2025\/05\/ingrid-sub-cuc-solola-maya-10.webp\" \/>\n\t\t<meta property=\"og:image:width\" content=\"1478\" \/>\n\t\t<meta property=\"og:image:height\" content=\"1478\" \/>\n\t\t<meta property=\"article:published_time\" content=\"2025-05-13T12:00:00+00:00\" \/>\n\t\t<meta property=\"article:modified_time\" content=\"2025-10-03T20:48:39+00:00\" \/>\n\t\t<meta property=\"article:publisher\" content=\"https:\/\/www.facebook.com\/soymigrantecom\" \/>\n\t\t<meta name=\"twitter:card\" content=\"summary_large_image\" \/>\n\t\t<meta name=\"twitter:site\" content=\"@SoyMigrante_com\" \/>\n\t\t<meta name=\"twitter:title\" content=\"Ingrid Sub Cuc, kaqchikel, estudia su doctorado en California\" \/>\n\t\t<meta name=\"twitter:description\" content=\"Ingrid Sub Cuc tiene maestr\u00edas en Salud y Estudios Ind\u00edgenas en EE.UU.; efect\u00faa su investigaci\u00f3n de doctorado sobre medicina maya tradicional en Guatemala. Cuenta su historia.\" \/>\n\t\t<meta name=\"twitter:creator\" content=\"@SoyMigrante_com\" \/>\n\t\t<meta name=\"twitter:image\" content=\"https:\/\/soymigrante.com\/revista\/wp-content\/uploads\/2025\/05\/ingrid-sub-cuc-solola-maya-10.webp\" \/>\n\t\t<!-- All in One SEO Pro -->\r\n\t\t<title>Ingrid Sub Cuc, kaqchikel, estudia su doctorado en California<\/title>\n\n","aioseo_head_json":{"title":"Ingrid Sub Cuc, kaqchikel, estudia su doctorado en California","description":"Ingrid Sub Cuc tiene maestr\u00edas en Salud y Estudios Ind\u00edgenas en EE.UU.; efect\u00faa su investigaci\u00f3n de doctorado sobre medicina maya tradicional en Guatemala. Cuenta su historia.","canonical_url":"https:\/\/soymigrante.com\/revista\/ingrid-sub-cuc-migrante-de-solola-estudia-su-doctorado-en-california-sobre-medicina-maya-kaqchikel\/","robots":"max-snippet:-1, max-image-preview:large, max-video-preview:-1","keywords":"","webmasterTools":{"miscellaneous":"&lt;link rel=\"preconnect\" href=\"https:\/\/fonts.googleapis.com\" crossorigin&gt;\n&lt;link rel=\"preconnect\" href=\"https:\/\/fonts.gstatic.com\" crossorigin&gt;"},"schema":null,"og:locale":"es_ES","og:site_name":"SoyMigrante.com REVISTA \u2013 Nuestra misi\u00f3n es reconocer y dignificar al migrante.","og:type":"article","og:title":"Ingrid Sub Cuc, kaqchikel, estudia su doctorado en California","og:description":"Ingrid Sub Cuc tiene maestr\u00edas en Salud y Estudios Ind\u00edgenas en EE.UU.; efect\u00faa su investigaci\u00f3n de doctorado sobre medicina maya tradicional en Guatemala. Cuenta su historia.","og:url":"https:\/\/soymigrante.com\/revista\/ingrid-sub-cuc-migrante-de-solola-estudia-su-doctorado-en-california-sobre-medicina-maya-kaqchikel\/","og:image":"https:\/\/soymigrante.com\/revista\/wp-content\/uploads\/2025\/05\/ingrid-sub-cuc-solola-maya-10.webp","og:image:secure_url":"https:\/\/soymigrante.com\/revista\/wp-content\/uploads\/2025\/05\/ingrid-sub-cuc-solola-maya-10.webp","og:image:width":1478,"og:image:height":1478,"article:published_time":"2025-05-13T12:00:00+00:00","article:modified_time":"2025-10-03T20:48:39+00:00","article:publisher":"https:\/\/www.facebook.com\/soymigrantecom","twitter:card":"summary_large_image","twitter:site":"@SoyMigrante_com","twitter:title":"Ingrid Sub Cuc, kaqchikel, estudia su doctorado en California","twitter:description":"Ingrid Sub Cuc tiene maestr\u00edas en Salud y Estudios Ind\u00edgenas en EE.UU.; efect\u00faa su investigaci\u00f3n de doctorado sobre medicina maya tradicional en Guatemala. Cuenta su historia.","twitter:creator":"@SoyMigrante_com","twitter:image":"https:\/\/soymigrante.com\/revista\/wp-content\/uploads\/2025\/05\/ingrid-sub-cuc-solola-maya-10.webp"},"aioseo_meta_data":{"post_id":"45779","title":null,"description":"Agr\u00f3nomo guatemalteco Reginaldo Hasslet-Marroqu\u00edn impulsa en Minnesota, USA cultura visi\u00f3n agropecuaria y ecol\u00f3gica sostenible. As\u00ed lo expone en este texto.","keywords":null,"keyphrases":{"focus":{"keyphrase":"Verde","score":74,"analysis":{"keyphraseInTitle":{"score":9,"maxScore":9,"error":0},"keyphraseInDescription":{"score":3,"maxScore":9,"error":1},"keyphraseLength":{"score":9,"maxScore":9,"error":0,"length":1},"keyphraseInURL":{"score":5,"maxScore":5,"error":0},"keyphraseInIntroduction":{"score":3,"maxScore":9,"error":1},"keyphraseInSubHeadings":{"score":3,"maxScore":9,"error":1},"keyphraseInImageAlt":{"score":9,"maxScore":9,"error":0},"keywordDensity":{"type":"best","score":9,"maxScore":9,"error":0}}},"additional":[{"keyphrase":"Sostenible","score":53,"analysis":{"keyphraseInDescription":{"score":9,"maxScore":9,"error":0},"keyphraseLength":{"score":9,"maxScore":9,"error":0,"length":1},"keyphraseInIntroduction":{"score":3,"maxScore":9,"error":1},"keyphraseInImageAlt":{"score":3,"maxScore":9,"error":1},"keywordDensity":{"score":0,"type":"low","maxScore":9,"error":1}}},{"keyphrase":"Reginaldo","score":100,"analysis":{"keyphraseInDescription":{"score":9,"maxScore":9,"error":0},"keyphraseLength":{"score":9,"maxScore":9,"error":0,"length":1},"keyphraseInIntroduction":{"score":9,"maxScore":9,"error":0},"keyphraseInImageAlt":{"score":9,"maxScore":9,"error":0},"keywordDensity":{"type":"best","score":9,"maxScore":9,"error":0}}}]},"primary_term":null,"canonical_url":null,"og_title":null,"og_description":null,"og_object_type":"default","og_image_type":"default","og_image_url":null,"og_image_width":null,"og_image_height":null,"og_image_custom_url":null,"og_image_custom_fields":null,"og_video":"","og_custom_url":null,"og_article_section":null,"og_article_tags":null,"twitter_use_og":false,"twitter_card":"default","twitter_image_type":"default","twitter_image_url":null,"twitter_image_custom_url":null,"twitter_image_custom_fields":null,"twitter_title":null,"twitter_description":null,"schema":{"blockGraphs":[],"customGraphs":[],"default":{"data":{"Article":[],"Course":[],"Dataset":[],"FAQPage":[],"Movie":[],"Person":[],"Product":[],"ProductReview":[],"Car":[],"Recipe":[],"Service":[],"SoftwareApplication":[],"WebPage":[]},"graphName":"NewsArticle","isEnabled":true},"graphs":[]},"schema_type":"default","schema_type_options":null,"pillar_content":false,"robots_default":true,"robots_noindex":false,"robots_noarchive":false,"robots_nosnippet":false,"robots_nofollow":false,"robots_noimageindex":false,"robots_noodp":false,"robots_notranslate":false,"robots_max_snippet":"-1","robots_max_videopreview":"-1","robots_max_imagepreview":"large","priority":null,"frequency":"default","local_seo":null,"seo_analyzer_scan_date":"2026-02-09 21:22:18","breadcrumb_settings":null,"limit_modified_date":false,"reviewed_by":"0","open_ai":null,"ai":{"faqs":[],"keyPoints":[],"titles":[],"descriptions":[],"socialPosts":{"email":[],"linkedin":[],"twitter":[],"facebook":[],"instagram":[]}},"created":"2025-09-23 17:17:02","updated":"2026-02-09 21:22:18"},"aioseo_breadcrumb":"<div class=\"aioseo-breadcrumbs\"><span class=\"aioseo-breadcrumb\">\n\t<a href=\"https:\/\/soymigrante.com\/revista\" title=\"Home\">Home<\/a>\n<\/span><span class=\"aioseo-breadcrumb-separator\">\u00bb<\/span><span class=\"aioseo-breadcrumb\">\n\t<a href=\"https:\/\/soymigrante.com\/revista\/category\/estamos-unidos\/\" title=\"Estamos Unidos\">Estamos Unidos<\/a>\n<\/span><span class=\"aioseo-breadcrumb-separator\">\u00bb<\/span><span class=\"aioseo-breadcrumb\">\n\t<a href=\"https:\/\/soymigrante.com\/revista\/category\/estamos-unidos\/lugar-de-voces\/\" title=\"Lugar de Voces\">Lugar de Voces<\/a>\n<\/span><span class=\"aioseo-breadcrumb-separator\">\u00bb<\/span><span class=\"aioseo-breadcrumb\">\n\tA la sombra del Hombre Verde: un guatemalteco impulsa visi\u00f3n de futuro sostenible desde Minesota\n<\/span><\/div>","aioseo_breadcrumb_json":[{"label":"Home","link":"https:\/\/soymigrante.com\/revista"},{"label":"Estamos Unidos","link":"https:\/\/soymigrante.com\/revista\/category\/estamos-unidos\/"},{"label":"Lugar de Voces","link":"https:\/\/soymigrante.com\/revista\/category\/estamos-unidos\/lugar-de-voces\/"},{"label":"A la sombra del Hombre Verde: un guatemalteco impulsa visi\u00f3n de futuro sostenible desde Minesota","link":"https:\/\/soymigrante.com\/revista\/a-la-sombra-del-hombre-verde-en-busca-de-futuro-sostenible-desde-minesota\/"}],"_links":{"self":[{"href":"https:\/\/soymigrante.com\/revista\/wp-json\/wp\/v2\/posts\/45779","targetHints":{"allow":["GET"]}}],"collection":[{"href":"https:\/\/soymigrante.com\/revista\/wp-json\/wp\/v2\/posts"}],"about":[{"href":"https:\/\/soymigrante.com\/revista\/wp-json\/wp\/v2\/types\/post"}],"author":[{"embeddable":true,"href":"https:\/\/soymigrante.com\/revista\/wp-json\/wp\/v2\/users\/1"}],"replies":[{"embeddable":true,"href":"https:\/\/soymigrante.com\/revista\/wp-json\/wp\/v2\/comments?post=45779"}],"version-history":[{"count":9,"href":"https:\/\/soymigrante.com\/revista\/wp-json\/wp\/v2\/posts\/45779\/revisions"}],"predecessor-version":[{"id":50556,"href":"https:\/\/soymigrante.com\/revista\/wp-json\/wp\/v2\/posts\/45779\/revisions\/50556"}],"wp:featuredmedia":[{"embeddable":true,"href":"https:\/\/soymigrante.com\/revista\/wp-json\/wp\/v2\/media\/45780"}],"wp:attachment":[{"href":"https:\/\/soymigrante.com\/revista\/wp-json\/wp\/v2\/media?parent=45779"}],"wp:term":[{"taxonomy":"category","embeddable":true,"href":"https:\/\/soymigrante.com\/revista\/wp-json\/wp\/v2\/categories?post=45779"},{"taxonomy":"post_tag","embeddable":true,"href":"https:\/\/soymigrante.com\/revista\/wp-json\/wp\/v2\/tags?post=45779"}],"curies":[{"name":"wp","href":"https:\/\/api.w.org\/{rel}","templated":true}]}}