{"id":45763,"date":"2025-09-23T08:52:50","date_gmt":"2025-09-23T14:52:50","guid":{"rendered":"https:\/\/soymigrante.com\/revista\/?p=45763"},"modified":"2025-09-23T09:02:31","modified_gmt":"2025-09-23T15:02:31","slug":"bondad-migrante-ayuda-a-hogar-de-ninas-en-guatemala-y-aporta-a-festejo-del-dia-del-nino","status":"publish","type":"post","link":"https:\/\/soymigrante.com\/revista\/bondad-migrante-ayuda-a-hogar-de-ninas-en-guatemala-y-aporta-a-festejo-del-dia-del-nino\/","title":{"rendered":"Bondad migrante ayuda a hogar de ni\u00f1as en Guatemala y aporta a festejo del D\u00eda del Ni\u00f1o"},"content":{"rendered":"\t\t<div data-elementor-type=\"wp-post\" data-elementor-id=\"45763\" class=\"elementor elementor-45763\" data-elementor-post-type=\"post\">\n\t\t\t\t<div data-particle_enable=\"false\" data-particle-mobile-disabled=\"false\" class=\"elementor-element elementor-element-ca0e91f e-flex e-con-boxed e-con e-parent\" data-id=\"ca0e91f\" data-element_type=\"container\" data-e-type=\"container\">\n\t\t\t\t\t<div class=\"e-con-inner\">\n\t\t\t\t<div class=\"elementor-element elementor-element-3b93171 elementor-widget elementor-widget-heading\" data-id=\"3b93171\" data-element_type=\"widget\" data-e-type=\"widget\" data-widget_type=\"heading.default\">\n\t\t\t\t\t<h2 class=\"elementor-heading-title elementor-size-default\">Esly Garc\u00eda en Connecticut aporta a nobles causas con su habilidad para la cocina. Recientemente se entreg\u00f3 el donativo a un hogar de ni\u00f1as en Guatemala.<\/h2>\t\t\t\t<\/div>\n\t\t\t\t\t<\/div>\n\t\t\t\t<\/div>\n\t\t<div data-particle_enable=\"false\" data-particle-mobile-disabled=\"false\" class=\"elementor-element elementor-element-a0ad7b8 e-flex e-con-boxed e-con e-parent\" data-id=\"a0ad7b8\" data-element_type=\"container\" data-e-type=\"container\">\n\t\t\t\t\t<div class=\"e-con-inner\">\n\t\t\t\t<div class=\"elementor-element elementor-element-b1fb173 elementor-widget elementor-widget-text-editor\" data-id=\"b1fb173\" data-element_type=\"widget\" data-e-type=\"widget\" data-widget_type=\"text-editor.default\">\n\t\t\t\t\t\t\t\t\t<p>A trav\u00e9s de sus redes sociales, <a href=\"https:\/\/soymigrante.com\/revista\/generosidad-guatemalteca-esly-garcia-ayuda-a-quien-lo-necesite-en-connecticut\/\">la migrante guatemalteca Esly Garc\u00eda, en Connecticut<\/a>, impulsa recaudaciones de fondos y ventas de comida para apoyar a personas en necesidad, a instituciones ben\u00e9ficas y realizar actividades en beneficio de comunidades guatemaltecas.<\/p><p>El 13 de septiembre efectu\u00f3 una venta m\u00e1s, dedicada al Hogar Ni\u00f1o de la Demanda, en el cual tres religiosas se dedican al cuidado de 19 ni\u00f1as, quienes reciben cari\u00f1o, alimentaci\u00f3n, estudio y formaci\u00f3n en valores. No es una tarea f\u00e1cil. Pero el donativo de guatemaltecos en Estados Unidos es para ellas una se\u00f1al de la Providencia de Dios.<\/p>\t\t\t\t\t\t\t\t<\/div>\n\t\t\t\t\t<\/div>\n\t\t\t\t<\/div>\n\t\t<div data-particle_enable=\"false\" data-particle-mobile-disabled=\"false\" class=\"elementor-element elementor-element-2df8fad e-flex e-con-boxed e-con e-parent\" data-id=\"2df8fad\" data-element_type=\"container\" data-e-type=\"container\">\n\t\t\t\t\t<div class=\"e-con-inner\">\n\t\t\t\t<div class=\"elementor-element elementor-element-219b9ad elementor-widget elementor-widget-image\" data-id=\"219b9ad\" data-element_type=\"widget\" data-e-type=\"widget\" data-widget_type=\"image.default\">\n\t\t\t\t\t\t\t\t\t\t\t\t<figure class=\"wp-caption\">\n\t\t\t\t\t\t\t\t\t\t<img fetchpriority=\"high\" decoding=\"async\" width=\"742\" height=\"960\" src=\"https:\/\/soymigrante.com\/revista\/wp-content\/uploads\/2025\/09\/volante-de-ayuda.jpg\" class=\"attachment-large size-large wp-image-45769\" alt=\"Este fue el anuncio en redes sociales para la actividad de venta de comida, promovida por Esly Garc\u00eda y familia en Connecticut a favor del Hogar Ni\u00f1o de la Demanda.\" srcset=\"https:\/\/soymigrante.com\/revista\/wp-content\/uploads\/2025\/09\/volante-de-ayuda.jpg 742w, https:\/\/soymigrante.com\/revista\/wp-content\/uploads\/2025\/09\/volante-de-ayuda-232x300.jpg 232w\" sizes=\"(max-width: 742px) 100vw, 742px\" title=\"Este fue el anuncio en redes sociales para la actividad de venta de comida, promovida por Esly Garc\u00eda y familia en Connecticut a favor del Hogar Ni\u00f1o de la Demanda. \u2013 SoyMigrante.com REVISTA\" \/>\t\t\t\t\t\t\t\t\t\t\t<figcaption class=\"widget-image-caption wp-caption-text\">Este fue el anuncio en redes sociales para la actividad de venta de comida, promovida por Esly Garc\u00eda y familia en Connecticut a favor del Hogar Ni\u00f1o de la Demanda.<\/figcaption>\n\t\t\t\t\t\t\t\t\t\t<\/figure>\n\t\t\t\t\t\t\t\t\t<\/div>\n\t\t\t\t\t<\/div>\n\t\t\t\t<\/div>\n\t\t<div data-particle_enable=\"false\" data-particle-mobile-disabled=\"false\" class=\"elementor-element elementor-element-619566d e-flex e-con-boxed e-con e-parent\" data-id=\"619566d\" data-element_type=\"container\" data-e-type=\"container\">\n\t\t\t\t\t<div class=\"e-con-inner\">\n\t\t\t\t<div class=\"elementor-element elementor-element-bd1df1e elementor-widget elementor-widget-heading\" data-id=\"bd1df1e\" data-element_type=\"widget\" data-e-type=\"widget\" data-widget_type=\"heading.default\">\n\t\t\t\t\t<h2 class=\"elementor-heading-title elementor-size-default\">Agradecen bondad providencial<\/h2>\t\t\t\t<\/div>\n\t\t\t\t\t<\/div>\n\t\t\t\t<\/div>\n\t\t<div data-particle_enable=\"false\" data-particle-mobile-disabled=\"false\" class=\"elementor-element elementor-element-ac344b1 e-flex e-con-boxed e-con e-parent\" data-id=\"ac344b1\" data-element_type=\"container\" data-e-type=\"container\">\n\t\t\t\t\t<div class=\"e-con-inner\">\n\t\t\t\t<div class=\"elementor-element elementor-element-ad73fef elementor-widget elementor-widget-text-editor\" data-id=\"ad73fef\" data-element_type=\"widget\" data-e-type=\"widget\" data-widget_type=\"text-editor.default\">\n\t\t\t\t\t\t\t\t\t<p>&#8220;Ya viene la temporada de inscripciones escolares y a todas las ni\u00f1as se les paga su colegiatura para que tengan educaci\u00f3n de calidad. Pero ello representa un fuerte desembolso en matr\u00edculas y \u00fatiles&#8221;, cuenta la madre Jeiny Ortega, directora del refugio.<\/p>\n<p>&#8220;El donativo de Esly, apoyada por otros guatemaltecos, es una bendici\u00f3n para nosotras. Agradecemos el esfuerzo de hacernos llegar estos recursos, porque todo obra para bien en nombre de Dios&#8221;, agreg\u00f3 la religiosa.&nbsp;<\/p>\n<p>Si alguien desea ayudar al hogar puede contactarlo <a href=\"https:\/\/www.facebook.com\/p\/Hogar-Ni%C3%B1o-de-la-Demanda-Oficial-100066376432460\/\">haciendo clic en este link<\/a><\/p>\t\t\t\t\t\t\t\t<\/div>\n\t\t\t\t\t<\/div>\n\t\t\t\t<\/div>\n\t\t<div data-particle_enable=\"false\" data-particle-mobile-disabled=\"false\" class=\"elementor-element elementor-element-85d48ce e-flex e-con-boxed e-con e-parent\" data-id=\"85d48ce\" data-element_type=\"container\" data-e-type=\"container\">\n\t\t\t\t\t<div class=\"e-con-inner\">\n\t\t\t\t<div class=\"elementor-element elementor-element-2f69aa4 elementor-widget elementor-widget-image\" data-id=\"2f69aa4\" data-element_type=\"widget\" data-e-type=\"widget\" data-widget_type=\"image.default\">\n\t\t\t\t\t\t\t\t\t\t\t\t<figure class=\"wp-caption\">\n\t\t\t\t\t\t\t\t\t\t<img decoding=\"async\" width=\"960\" height=\"960\" src=\"https:\/\/soymigrante.com\/revista\/wp-content\/uploads\/2025\/09\/ninos-flores-costa-cuca-dia-del-nino.jpg\" class=\"attachment-large size-large wp-image-45771\" alt=\"Festejo del D\u00eda del Ni\u00f1o 2024, con apoyo de las ventas de comida de Esly Garc\u00eda y familia, as\u00ed como guatemaltecos solidarios en Connecticut. Para este 2025 ya se efectu\u00f3 otra jornada de platillos chapines y los fondos se destinar\u00e1n a otro festejo en una escuela de dicho municipio, donde naci\u00f3 Esly.\" srcset=\"https:\/\/soymigrante.com\/revista\/wp-content\/uploads\/2025\/09\/ninos-flores-costa-cuca-dia-del-nino.jpg 960w, https:\/\/soymigrante.com\/revista\/wp-content\/uploads\/2025\/09\/ninos-flores-costa-cuca-dia-del-nino-300x300.jpg 300w, https:\/\/soymigrante.com\/revista\/wp-content\/uploads\/2025\/09\/ninos-flores-costa-cuca-dia-del-nino-150x150.jpg 150w, https:\/\/soymigrante.com\/revista\/wp-content\/uploads\/2025\/09\/ninos-flores-costa-cuca-dia-del-nino-768x768.jpg 768w, https:\/\/soymigrante.com\/revista\/wp-content\/uploads\/2025\/09\/ninos-flores-costa-cuca-dia-del-nino-75x75.jpg 75w, https:\/\/soymigrante.com\/revista\/wp-content\/uploads\/2025\/09\/ninos-flores-costa-cuca-dia-del-nino-750x750.jpg 750w\" sizes=\"(max-width: 960px) 100vw, 960px\" title=\"Festejo del D\u00eda del Ni\u00f1o 2024, con apoyo de las ventas de comida de Esly Garc\u00eda y familia, as\u00ed como guatemaltecos solidarios en Connecticut. Para este 2025 ya se efectu\u00f3 otra jornada de platillos chapines y los fondos se destinar\u00e1n a otro festejo en una escuela de dicho municipio, donde naci\u00f3 Esly. \u2013 SoyMigrante.com REVISTA\" \/>\t\t\t\t\t\t\t\t\t\t\t<figcaption class=\"widget-image-caption wp-caption-text\">Festejo del D\u00eda del Ni\u00f1o 2024, con apoyo de las ventas de comida de Esly Garc\u00eda y familia, as\u00ed como guatemaltecos solidarios en Connecticut. Para este 2025 ya se efectu\u00f3 otra jornada de platillos chapines y los fondos se destinar\u00e1n a otro festejo en una escuela de dicho municipio, donde naci\u00f3 Esly.<\/figcaption>\n\t\t\t\t\t\t\t\t\t\t<\/figure>\n\t\t\t\t\t\t\t\t\t<\/div>\n\t\t\t\t\t<\/div>\n\t\t\t\t<\/div>\n\t\t<div data-particle_enable=\"false\" data-particle-mobile-disabled=\"false\" class=\"elementor-element elementor-element-f4bc140 e-flex e-con-boxed e-con e-parent\" data-id=\"f4bc140\" data-element_type=\"container\" data-e-type=\"container\">\n\t\t\t\t\t<div class=\"e-con-inner\">\n\t\t\t\t<div class=\"elementor-element elementor-element-7be3ebf elementor-widget elementor-widget-text-editor\" data-id=\"7be3ebf\" data-element_type=\"widget\" data-e-type=\"widget\" data-widget_type=\"text-editor.default\">\n\t\t\t\t\t\t\t\t\t<p>Por su parte, Esly Garc\u00eda, dijo que a menudo tiene que poner en lista las solicitudes que le llegan. &#8220;Tratamos de atender a todos y de programar las jornadas de venta de comida. No soy solo yo, agradezco a quienes nos donan ingredientes. Nosotros aqu\u00ed <a href=\"https:\/\/soymigrante.com\/revista\/acuerdos-entre-padres-e-hijos-son-lo-mas-inteligente-para-fortalecer-la-familia\/\">en familia<\/a> tambi\u00e9n aportamos lo que podemos. Y aunque la venta del 13 de septiembre no fue lo que se esperaba, se logr\u00f3 reunir algo para el hogar&#8221;.\u00a0 Le motiva el amor al pr\u00f3jimo y sus valores cristianos.<\/p><p>Pero el esfuerzo de amor no se detiene. El 20 de septiembre efectu\u00f3 una nueva venta de platillos guatemaltecos, esta vez para organizar el festejo del <a href=\"https:\/\/soymigrante.com\/revista\/dia-del-nino-migrantes-cuentan-recuerdos-de-infancia-en-guatemala\/\">D\u00eda del Ni\u00f1o, del pr\u00f3ximo 1 de octubre,<\/a> en su natal Flores Costa Cuca.<\/p><p>&#8220;Cada a\u00f1o tratamos de ofrecer un agasajo a los ni\u00f1os de una escuela en Flores. Es nuestro peque\u00f1o aporte, con mucho cari\u00f1o, para que se sientan queridos y valorados, para que alcancen sus sue\u00f1os y sigan adelante&#8221;, agrega Esly.<\/p>\t\t\t\t\t\t\t\t<\/div>\n\t\t\t\t\t<\/div>\n\t\t\t\t<\/div>\n\t\t<div data-particle_enable=\"false\" data-particle-mobile-disabled=\"false\" class=\"elementor-element elementor-element-c0d646d e-flex e-con-boxed e-con e-parent\" data-id=\"c0d646d\" data-element_type=\"container\" data-e-type=\"container\">\n\t\t\t\t\t<div class=\"e-con-inner\">\n\t\t\t\t<div class=\"elementor-element elementor-element-b74109e elementor-grid-eael-col-1 elementor-grid-tablet-eael-col-2 elementor-grid-mobile-eael-col-1 elementor-widget elementor-widget-eael-post-grid\" data-id=\"b74109e\" data-element_type=\"widget\" data-e-type=\"widget\" data-settings=\"{&quot;eael_post_grid_columns&quot;:&quot;eael-col-1&quot;,&quot;eael_post_grid_columns_tablet&quot;:&quot;eael-col-2&quot;,&quot;eael_post_grid_columns_mobile&quot;:&quot;eael-col-1&quot;}\" data-widget_type=\"eael-post-grid.default\">\n\t\t\t\t\t<div id=\"eael-post-grid-b74109e\" class=\"eael-post-grid-container\">\n            <div class=\"eael-post-grid eael-post-appender eael-post-appender-b74109e eael-post-grid-style-one\" data-layout-mode=\"masonry\"><article class=\"eael-grid-post  eael-post-grid-column eael-pg-post-24677 category-exitos\" data-id=\"24677\">\n        <div class=\"eael-grid-post-holder\">\n            <div class=\"eael-grid-post-holder-inner\"><div class=\"eael-entry-media\"><div class=\"eael-entry-overlay fade-in\"><i class=\"far fa-hand-pointer\" aria-hidden=\"true\"><\/i><a href=\"https:\/\/soymigrante.com\/revista\/generosidad-guatemalteca-esly-garcia-ayuda-a-quien-lo-necesite-en-connecticut\/\"><\/a><\/div><div class=\"eael-entry-thumbnail eael-image-ratio\">\n                <img decoding=\"async\" width=\"626\" height=\"626\" src=\"https:\/\/soymigrante.com\/revista\/wp-content\/uploads\/2025\/02\/esly-garcia-migrante-guatemalteca-7-1.webp\" class=\"attachment-large size-large wp-image-24939\" alt=\"Puedo entender la imagen y generar los textos SEO solicitados, pero no puedo acceder directamente a la URL proporcionada. Sin embargo, aqu\u00ed tienes los textos optimizados en base a la descripci\u00f3n general y las palabras clave relevantes:.\" srcset=\"https:\/\/soymigrante.com\/revista\/wp-content\/uploads\/2025\/02\/esly-garcia-migrante-guatemalteca-7-1.webp 626w, https:\/\/soymigrante.com\/revista\/wp-content\/uploads\/2025\/02\/esly-garcia-migrante-guatemalteca-7-1-300x300.jpg 300w, https:\/\/soymigrante.com\/revista\/wp-content\/uploads\/2025\/02\/esly-garcia-migrante-guatemalteca-7-1-150x150.jpg 150w, https:\/\/soymigrante.com\/revista\/wp-content\/uploads\/2025\/02\/esly-garcia-migrante-guatemalteca-7-1-75x75.webp 75w\" sizes=\"(max-width: 626px) 100vw, 626px\" \/>\n            <\/div>\n        <\/div><div class=\"eael-entry-wrapper\"><header class=\"eael-entry-header\"><h2 class=\"eael-entry-title\"><a class=\"eael-grid-post-link\" href=\"https:\/\/soymigrante.com\/revista\/generosidad-guatemalteca-esly-garcia-ayuda-a-quien-lo-necesite-en-connecticut\/\" title=\"Generosidad guatemalteca: Esly Garc\u00eda ayuda a quien lo necesite desde Connecticut\">Generosidad guatemalteca: Esly Garc\u00eda ayuda a quien lo necesite desde Connecticut<\/a><\/h2><\/header><div class=\"eael-entry-content\">\n                        <div class=\"eael-grid-post-excerpt\"><a href=\"https:\/\/soymigrante.com\/revista\/generosidad-guatemalteca-esly-garcia-ayuda-a-quien-lo-necesite-en-connecticut\/\" class=\"eael-post-elements-readmore-btn\">CONOCE SU HISTORIA <\/a><\/div>\n                    <\/div><\/div><\/div>\n        <\/div>\n    <\/article><\/div>\n            <div class=\"clearfix\"><\/div>\n        <\/div>\t\t\t\t<\/div>\n\t\t\t\t\t<\/div>\n\t\t\t\t<\/div>\n\t\t<div data-particle_enable=\"false\" data-particle-mobile-disabled=\"false\" class=\"elementor-element elementor-element-fc37cbd e-flex e-con-boxed e-con e-parent\" data-id=\"fc37cbd\" data-element_type=\"container\" data-e-type=\"container\">\n\t\t\t\t\t<div class=\"e-con-inner\">\n\t\t\t\t<div class=\"elementor-element elementor-element-e87bc42 elementor-widget elementor-widget-heading\" data-id=\"e87bc42\" data-element_type=\"widget\" data-e-type=\"widget\" data-widget_type=\"heading.default\">\n\t\t\t\t\t<h2 class=\"elementor-heading-title elementor-size-default\">M\u00e1s solidaridad sin fronteras<\/h2>\t\t\t\t<\/div>\n\t\t\t\t\t<\/div>\n\t\t\t\t<\/div>\n\t\t<div data-particle_enable=\"false\" data-particle-mobile-disabled=\"false\" class=\"elementor-element elementor-element-2e7a280 e-flex e-con-boxed e-con e-parent\" data-id=\"2e7a280\" data-element_type=\"container\" data-e-type=\"container\">\n\t\t\t\t\t<div class=\"e-con-inner\">\n\t\t\t\t<div class=\"elementor-element elementor-element-cc1003d elementor-grid-eael-col-3 elementor-grid-tablet-eael-col-2 elementor-grid-mobile-eael-col-1 elementor-widget elementor-widget-eael-post-grid\" data-id=\"cc1003d\" data-element_type=\"widget\" data-e-type=\"widget\" data-settings=\"{&quot;eael_post_grid_columns&quot;:&quot;eael-col-3&quot;,&quot;eael_post_grid_columns_tablet&quot;:&quot;eael-col-2&quot;,&quot;eael_post_grid_columns_mobile&quot;:&quot;eael-col-1&quot;}\" data-widget_type=\"eael-post-grid.default\">\n\t\t\t\t\t<div id=\"eael-post-grid-cc1003d\" class=\"eael-post-grid-container\">\n            <div class=\"eael-post-grid eael-post-appender eael-post-appender-cc1003d eael-post-grid-style-one\" data-layout-mode=\"masonry\"><article class=\"eael-grid-post  eael-post-grid-column eael-pg-post-5160 category-exitos\" data-id=\"5160\">\n        <div class=\"eael-grid-post-holder\">\n            <div class=\"eael-grid-post-holder-inner\"><div class=\"eael-entry-media\"><div class=\"eael-entry-overlay fade-in\"><i class=\"far fa-hand-pointer\" aria-hidden=\"true\"><\/i><a href=\"https:\/\/soymigrante.com\/revista\/willy-barreno-ayuda-migrantes-quetzaltenango-proyecto\/\"><\/a><\/div><div class=\"eael-entry-thumbnail eael-image-ratio\">\n                <img loading=\"lazy\" decoding=\"async\" width=\"1024\" height=\"768\" src=\"https:\/\/soymigrante.com\/revista\/wp-content\/uploads\/2024\/03\/Chef-Willy-Barreno-3-1024x768.webp\" class=\"attachment-large size-large wp-image-5186\" alt=\"\" srcset=\"https:\/\/soymigrante.com\/revista\/wp-content\/uploads\/2024\/03\/Chef-Willy-Barreno-3-1024x768.webp 1024w, https:\/\/soymigrante.com\/revista\/wp-content\/uploads\/2024\/03\/Chef-Willy-Barreno-3-300x225.webp 300w, https:\/\/soymigrante.com\/revista\/wp-content\/uploads\/2024\/03\/Chef-Willy-Barreno-3-768x576.webp 768w, https:\/\/soymigrante.com\/revista\/wp-content\/uploads\/2024\/03\/Chef-Willy-Barreno-3-750x563.webp 750w, https:\/\/soymigrante.com\/revista\/wp-content\/uploads\/2024\/03\/Chef-Willy-Barreno-3-1140x855.webp 1140w, https:\/\/soymigrante.com\/revista\/wp-content\/uploads\/2024\/03\/Chef-Willy-Barreno-3.webp 1440w\" sizes=\"(max-width: 1024px) 100vw, 1024px\" \/>\n            <\/div>\n        <\/div><div class=\"eael-entry-wrapper\"><header class=\"eael-entry-header\"><h2 class=\"eael-entry-title\"><a class=\"eael-grid-post-link\" href=\"https:\/\/soymigrante.com\/revista\/willy-barreno-ayuda-migrantes-quetzaltenango-proyecto\/\" title=\"Willy Barreno: chef migrante ayuda a migrantes en su propia tierra\">Willy Barreno: chef migrante ayuda a migrantes en su propia tierra<\/a><\/h2><\/header><div class=\"eael-entry-content\">\n                        <div class=\"eael-grid-post-excerpt\"><a href=\"https:\/\/soymigrante.com\/revista\/willy-barreno-ayuda-migrantes-quetzaltenango-proyecto\/\" class=\"eael-post-elements-readmore-btn\">CONOCE SU HISTORIA <\/a><\/div>\n                    <\/div><\/div><\/div>\n        <\/div>\n    <\/article><article class=\"eael-grid-post  eael-post-grid-column eael-pg-post-4809 category-exitos\" data-id=\"4809\">\n        <div class=\"eael-grid-post-holder\">\n            <div class=\"eael-grid-post-holder-inner\"><div class=\"eael-entry-media\"><div class=\"eael-entry-overlay fade-in\"><i class=\"far fa-hand-pointer\" aria-hidden=\"true\"><\/i><a href=\"https:\/\/soymigrante.com\/revista\/migrante-mister-oklahoma-donativo-utiles-escolares-guatemala\/\"><\/a><\/div><div class=\"eael-entry-thumbnail eael-image-ratio\">\n                <img loading=\"lazy\" decoding=\"async\" width=\"501\" height=\"455\" src=\"https:\/\/soymigrante.com\/revista\/wp-content\/uploads\/2024\/02\/mr.webp\" class=\"attachment-large size-large wp-image-4815\" alt=\"Migrante Brian de Leon recaud\u00f3 donativos en Oklahoma y los vino a entregar en utiles escolares a Guatemala. Brian de Leon Mister Oklahoma\" srcset=\"https:\/\/soymigrante.com\/revista\/wp-content\/uploads\/2024\/02\/mr.webp 501w, https:\/\/soymigrante.com\/revista\/wp-content\/uploads\/2024\/02\/mr-300x272.webp 300w\" sizes=\"(max-width: 501px) 100vw, 501px\" \/>\n            <\/div>\n        <\/div><div class=\"eael-entry-wrapper\"><header class=\"eael-entry-header\"><h2 class=\"eael-entry-title\"><a class=\"eael-grid-post-link\" href=\"https:\/\/soymigrante.com\/revista\/migrante-mister-oklahoma-donativo-utiles-escolares-guatemala\/\" title=\"M\u00edster Oklahoma Brian de Le\u00f3n entrega donativo migrante en Guatemala\">M\u00edster Oklahoma Brian de Le\u00f3n entrega donativo migrante en Guatemala<\/a><\/h2><\/header><div class=\"eael-entry-content\">\n                        <div class=\"eael-grid-post-excerpt\"><a href=\"https:\/\/soymigrante.com\/revista\/migrante-mister-oklahoma-donativo-utiles-escolares-guatemala\/\" class=\"eael-post-elements-readmore-btn\">CONOCE SU HISTORIA <\/a><\/div>\n                    <\/div><\/div><\/div>\n        <\/div>\n    <\/article><article class=\"eael-grid-post  eael-post-grid-column eael-pg-post-6429 category-lugar-de-voces\" data-id=\"6429\">\n        <div class=\"eael-grid-post-holder\">\n            <div class=\"eael-grid-post-holder-inner\"><div class=\"eael-entry-media\"><div class=\"eael-entry-overlay fade-in\"><i class=\"far fa-hand-pointer\" aria-hidden=\"true\"><\/i><a href=\"https:\/\/soymigrante.com\/revista\/donativo-migrantes-guatemaltecos-escuela-palencia-quetzi\/\"><\/a><\/div><div class=\"eael-entry-thumbnail eael-image-ratio\">\n                <img loading=\"lazy\" decoding=\"async\" width=\"1024\" height=\"1024\" src=\"https:\/\/soymigrante.com\/revista\/wp-content\/uploads\/2024\/05\/IMG-20240513-WA0045-e1718760507162-1024x1024.webp\" class=\"attachment-large size-large wp-image-6435\" alt=\"D\u00eda de la diversidad cultural en el colegio, ni\u00f1os celebrando con juguetes y actividades relacionadas con sus ra\u00edces y tradiciones en un entorno escolar.\" srcset=\"https:\/\/soymigrante.com\/revista\/wp-content\/uploads\/2024\/05\/IMG-20240513-WA0045-e1718760507162-1024x1024.webp 1024w, https:\/\/soymigrante.com\/revista\/wp-content\/uploads\/2024\/05\/IMG-20240513-WA0045-e1718760507162-300x300.webp 300w, https:\/\/soymigrante.com\/revista\/wp-content\/uploads\/2024\/05\/IMG-20240513-WA0045-e1718760507162-150x150.webp 150w, https:\/\/soymigrante.com\/revista\/wp-content\/uploads\/2024\/05\/IMG-20240513-WA0045-e1718760507162-768x768.webp 768w, https:\/\/soymigrante.com\/revista\/wp-content\/uploads\/2024\/05\/IMG-20240513-WA0045-e1718760507162-75x75.webp 75w, https:\/\/soymigrante.com\/revista\/wp-content\/uploads\/2024\/05\/IMG-20240513-WA0045-e1718760507162-750x750.webp 750w, https:\/\/soymigrante.com\/revista\/wp-content\/uploads\/2024\/05\/IMG-20240513-WA0045-e1718760507162-1140x1140.webp 1140w, https:\/\/soymigrante.com\/revista\/wp-content\/uploads\/2024\/05\/IMG-20240513-WA0045-e1718760507162.webp 1244w\" sizes=\"(max-width: 1024px) 100vw, 1024px\" \/>\n            <\/div>\n        <\/div><div class=\"eael-entry-wrapper\"><header class=\"eael-entry-header\"><h2 class=\"eael-entry-title\"><a class=\"eael-grid-post-link\" href=\"https:\/\/soymigrante.com\/revista\/donativo-migrantes-guatemaltecos-escuela-palencia-quetzi\/\" title=\"Proyecto Quetzi: donaci\u00f3n migrante para ni\u00f1os y j\u00f3venes de una escuela en Guatemala\">Proyecto Quetzi: donaci\u00f3n migrante para ni\u00f1os y j\u00f3venes de una escuela en Guatemala<\/a><\/h2><\/header><div class=\"eael-entry-content\">\n                        <div class=\"eael-grid-post-excerpt\"><a href=\"https:\/\/soymigrante.com\/revista\/donativo-migrantes-guatemaltecos-escuela-palencia-quetzi\/\" class=\"eael-post-elements-readmore-btn\">CONOCE SU HISTORIA <\/a><\/div>\n                    <\/div><\/div><\/div>\n        <\/div>\n    <\/article><\/div>\n            <div class=\"clearfix\"><\/div>\n        <\/div>\t\t\t\t<\/div>\n\t\t\t\t\t<\/div>\n\t\t\t\t<\/div>\n\t\t\t\t<\/div>\n\t\t","protected":false},"excerpt":{"rendered":"<p>Esly Garc\u00eda en Connecticut aporta a nobles causas con su habilidad para la cocina. Recientemente se entreg\u00f3 el donativo a un hogar de ni\u00f1as en Guatemala. A trav\u00e9s de sus redes sociales, la migrante guatemalteca Esly Garc\u00eda, en Connecticut, impulsa recaudaciones de fondos y ventas de comida para apoyar a personas en necesidad, a instituciones [&hellip;]<\/p>\n","protected":false},"author":7,"featured_media":45776,"comment_status":"open","ping_status":"open","sticky":false,"template":"","format":"standard","meta":{"_acf_changed":false,"_eb_attr":"","footnotes":""},"categories":[54],"tags":[],"class_list":["post-45763","post","type-post","status-publish","format-standard","has-post-thumbnail","hentry","category-estamos-unidos"],"acf":[],"aioseo_notices":[],"aioseo_head":"\n\t\t<!-- All in One SEO Pro 4.9.6.2 - aioseo.com -->\n\t<meta name=\"description\" content=\"En la escuela oficial de Palencia, Guatemala se efectu\u00f3 la entrega de \u00fatiles escolares y art\u00edculos de arte para estudiantes, para contribuir con la educaci\u00f3n.\" \/>\n\t<meta name=\"robots\" content=\"max-snippet:-1, max-image-preview:large, max-video-preview:-1\" \/>\n\t<meta name=\"author\" content=\"SoyMigrante.com REVISTA\"\/>\n\t<link rel=\"canonical\" href=\"https:\/\/soymigrante.com\/revista\/donativo-migrantes-guatemaltecos-escuela-palencia-quetzi\/\" \/>\n\t<meta name=\"generator\" content=\"All in One SEO Pro (AIOSEO) 4.9.6.2\" \/>\n\n\t\t<link rel=\"preconnect\" href=\"https:\/\/fonts.googleapis.com\" crossorigin>\n<link rel=\"preconnect\" href=\"https:\/\/fonts.gstatic.com\" crossorigin>\n\t\t<meta property=\"og:locale\" content=\"es_ES\" \/>\n\t\t<meta property=\"og:site_name\" content=\"SoyMigrante.com REVISTA \u2013 Nuestra misi\u00f3n es reconocer y dignificar al migrante.\" \/>\n\t\t<meta property=\"og:type\" content=\"article\" \/>\n\t\t<meta property=\"og:title\" content=\"Proyecto Quetzi: donaci\u00f3n migrante para ni\u00f1os y j\u00f3venes de una escuela en Guatemala\" \/>\n\t\t<meta property=\"og:description\" content=\"En la escuela oficial de Palencia, Guatemala se efectu\u00f3 la entrega de \u00fatiles escolares y art\u00edculos de arte para estudiantes, para contribuir con la educaci\u00f3n.\" \/>\n\t\t<meta property=\"og:url\" content=\"https:\/\/soymigrante.com\/revista\/donativo-migrantes-guatemaltecos-escuela-palencia-quetzi\/\" \/>\n\t\t<meta property=\"og:image\" content=\"https:\/\/soymigrante.com\/revista\/wp-content\/uploads\/2024\/05\/IMG-20240513-WA0045-e1718760507162.webp\" \/>\n\t\t<meta property=\"og:image:secure_url\" content=\"https:\/\/soymigrante.com\/revista\/wp-content\/uploads\/2024\/05\/IMG-20240513-WA0045-e1718760507162.webp\" \/>\n\t\t<meta property=\"og:image:width\" content=\"1244\" \/>\n\t\t<meta property=\"og:image:height\" content=\"1244\" \/>\n\t\t<meta property=\"article:published_time\" content=\"2024-05-15T23:41:07+00:00\" \/>\n\t\t<meta property=\"article:modified_time\" content=\"2025-04-15T16:01:19+00:00\" \/>\n\t\t<meta property=\"article:publisher\" content=\"https:\/\/www.facebook.com\/soymigrantecom\" \/>\n\t\t<meta name=\"twitter:card\" content=\"summary_large_image\" \/>\n\t\t<meta name=\"twitter:site\" content=\"@SoyMigrante_com\" \/>\n\t\t<meta name=\"twitter:title\" content=\"Proyecto Quetzi: donaci\u00f3n migrante para ni\u00f1os y j\u00f3venes de una escuela en Guatemala\" \/>\n\t\t<meta name=\"twitter:description\" content=\"En la escuela oficial de Palencia, Guatemala se efectu\u00f3 la entrega de \u00fatiles escolares y art\u00edculos de arte para estudiantes, para contribuir con la educaci\u00f3n.\" \/>\n\t\t<meta name=\"twitter:creator\" content=\"@SoyMigrante_com\" \/>\n\t\t<meta name=\"twitter:image\" content=\"https:\/\/soymigrante.com\/revista\/wp-content\/uploads\/2024\/05\/IMG-20240513-WA0045-e1718760507162.webp\" \/>\n\t\t<!-- All in One SEO Pro -->\r\n\t\t<title>Proyecto Quetzi: donaci\u00f3n migrante para ni\u00f1os y j\u00f3venes de una escuela en Guatemala<\/title>\n\n","aioseo_head_json":{"title":"Proyecto Quetzi: donaci\u00f3n migrante para ni\u00f1os y j\u00f3venes de una escuela en Guatemala","description":"En la escuela oficial de Palencia, Guatemala se efectu\u00f3 la entrega de \u00fatiles escolares y art\u00edculos de arte para estudiantes, para contribuir con la educaci\u00f3n.","canonical_url":"https:\/\/soymigrante.com\/revista\/donativo-migrantes-guatemaltecos-escuela-palencia-quetzi\/","robots":"max-snippet:-1, max-image-preview:large, max-video-preview:-1","keywords":"","webmasterTools":{"miscellaneous":"&lt;link rel=\"preconnect\" href=\"https:\/\/fonts.googleapis.com\" crossorigin&gt;\n&lt;link rel=\"preconnect\" href=\"https:\/\/fonts.gstatic.com\" crossorigin&gt;"},"schema":null,"og:locale":"es_ES","og:site_name":"SoyMigrante.com REVISTA \u2013 Nuestra misi\u00f3n es reconocer y dignificar al migrante.","og:type":"article","og:title":"Proyecto Quetzi: donaci\u00f3n migrante para ni\u00f1os y j\u00f3venes de una escuela en Guatemala","og:description":"En la escuela oficial de Palencia, Guatemala se efectu\u00f3 la entrega de \u00fatiles escolares y art\u00edculos de arte para estudiantes, para contribuir con la educaci\u00f3n.","og:url":"https:\/\/soymigrante.com\/revista\/donativo-migrantes-guatemaltecos-escuela-palencia-quetzi\/","og:image":"https:\/\/soymigrante.com\/revista\/wp-content\/uploads\/2024\/05\/IMG-20240513-WA0045-e1718760507162.webp","og:image:secure_url":"https:\/\/soymigrante.com\/revista\/wp-content\/uploads\/2024\/05\/IMG-20240513-WA0045-e1718760507162.webp","og:image:width":1244,"og:image:height":1244,"article:published_time":"2024-05-15T23:41:07+00:00","article:modified_time":"2025-04-15T16:01:19+00:00","article:publisher":"https:\/\/www.facebook.com\/soymigrantecom","twitter:card":"summary_large_image","twitter:site":"@SoyMigrante_com","twitter:title":"Proyecto Quetzi: donaci\u00f3n migrante para ni\u00f1os y j\u00f3venes de una escuela en Guatemala","twitter:description":"En la escuela oficial de Palencia, Guatemala se efectu\u00f3 la entrega de \u00fatiles escolares y art\u00edculos de arte para estudiantes, para contribuir con la educaci\u00f3n.","twitter:creator":"@SoyMigrante_com","twitter:image":"https:\/\/soymigrante.com\/revista\/wp-content\/uploads\/2024\/05\/IMG-20240513-WA0045-e1718760507162.webp"},"aioseo_meta_data":{"post_id":"45763","title":"Amor migrante ayuda a ni\u00f1as y ni\u00f1os guatemaltecos","description":"En Connecticut, la migrante Esly Garc\u00eda organiz\u00f3 venta de comida para ayudar a hogar de ni\u00f1as en Guatemala y prepara otra para D\u00eda del Ni\u00f1o en Flores Costa Cuca","keywords":null,"keyphrases":{"focus":{"keyphrase":"Migrante","score":100,"analysis":{"keyphraseInTitle":{"score":9,"maxScore":9,"error":0},"keyphraseInDescription":{"score":9,"maxScore":9,"error":0},"keyphraseLength":{"score":9,"maxScore":9,"error":0,"length":1},"keyphraseInURL":{"score":5,"maxScore":5,"error":0},"keyphraseInIntroduction":{"score":9,"maxScore":9,"error":0},"keyphraseInSubHeadings":{"score":9,"maxScore":9,"error":0},"keyphraseInImageAlt":{"score":9,"maxScore":9,"error":0},"keywordDensity":{"type":"best","score":9,"maxScore":9,"error":0}}},"additional":[{"keyphrase":"Connecticut","score":100,"analysis":{"keyphraseInDescription":{"score":9,"maxScore":9,"error":0},"keyphraseLength":{"score":9,"maxScore":9,"error":0,"length":1},"keyphraseInIntroduction":{"score":9,"maxScore":9,"error":0},"keyphraseInImageAlt":{"score":9,"maxScore":9,"error":0},"keywordDensity":{"type":"best","score":9,"maxScore":9,"error":0}}},{"keyphrase":"Esly","score":100,"analysis":{"keyphraseInDescription":{"score":9,"maxScore":9,"error":0},"keyphraseLength":{"score":9,"maxScore":9,"error":0,"length":1},"keyphraseInIntroduction":{"score":9,"maxScore":9,"error":0},"keyphraseInImageAlt":{"score":9,"maxScore":9,"error":0},"keywordDensity":{"type":"best","score":9,"maxScore":9,"error":0}}},{"keyphrase":"Bondad","score":40,"analysis":{"keyphraseInDescription":{"score":3,"maxScore":9,"error":1},"keyphraseLength":{"score":9,"maxScore":9,"error":0,"length":1},"keyphraseInIntroduction":{"score":3,"maxScore":9,"error":1},"keyphraseInImageAlt":{"score":3,"maxScore":9,"error":1},"keywordDensity":{"score":0,"type":"low","maxScore":9,"error":1}}}]},"primary_term":null,"canonical_url":null,"og_title":null,"og_description":null,"og_object_type":"default","og_image_type":"default","og_image_url":null,"og_image_width":null,"og_image_height":null,"og_image_custom_url":null,"og_image_custom_fields":null,"og_video":"","og_custom_url":null,"og_article_section":null,"og_article_tags":null,"twitter_use_og":false,"twitter_card":"default","twitter_image_type":"default","twitter_image_url":null,"twitter_image_custom_url":null,"twitter_image_custom_fields":null,"twitter_title":null,"twitter_description":null,"schema":{"blockGraphs":[],"customGraphs":[],"default":{"data":{"Article":[],"Course":[],"Dataset":[],"FAQPage":[],"Movie":[],"Person":[],"Product":[],"ProductReview":[],"Car":[],"Recipe":[],"Service":[],"SoftwareApplication":[],"WebPage":[]},"graphName":"none","isEnabled":true},"graphs":[]},"schema_type":"default","schema_type_options":null,"pillar_content":false,"robots_default":true,"robots_noindex":false,"robots_noarchive":false,"robots_nosnippet":false,"robots_nofollow":false,"robots_noimageindex":false,"robots_noodp":false,"robots_notranslate":false,"robots_max_snippet":"-1","robots_max_videopreview":"-1","robots_max_imagepreview":"large","priority":null,"frequency":"default","local_seo":null,"seo_analyzer_scan_date":"2025-10-09 08:46:19","breadcrumb_settings":null,"limit_modified_date":false,"reviewed_by":"0","open_ai":null,"ai":{"faqs":[],"keyPoints":[],"titles":[],"descriptions":[],"socialPosts":{"email":[],"linkedin":[],"twitter":[],"facebook":[],"instagram":[]}},"created":"2025-09-23 13:58:25","updated":"2026-02-05 05:46:34"},"aioseo_breadcrumb":"<div class=\"aioseo-breadcrumbs\"><span class=\"aioseo-breadcrumb\">\n\t<a href=\"https:\/\/soymigrante.com\/revista\" title=\"Home\">Home<\/a>\n<\/span><span class=\"aioseo-breadcrumb-separator\">\u00bb<\/span><span class=\"aioseo-breadcrumb\">\n\t<a href=\"https:\/\/soymigrante.com\/revista\/category\/estamos-unidos\/\" title=\"Estamos Unidos\">Estamos Unidos<\/a>\n<\/span><span class=\"aioseo-breadcrumb-separator\">\u00bb<\/span><span class=\"aioseo-breadcrumb\">\n\tBondad migrante ayuda a hogar de ni\u00f1as en Guatemala y aporta a festejo del D\u00eda del Ni\u00f1o\n<\/span><\/div>","aioseo_breadcrumb_json":[{"label":"Home","link":"https:\/\/soymigrante.com\/revista"},{"label":"Estamos Unidos","link":"https:\/\/soymigrante.com\/revista\/category\/estamos-unidos\/"},{"label":"Bondad migrante ayuda a hogar de ni\u00f1as en Guatemala y aporta a festejo del D\u00eda del Ni\u00f1o","link":"https:\/\/soymigrante.com\/revista\/bondad-migrante-ayuda-a-hogar-de-ninas-en-guatemala-y-aporta-a-festejo-del-dia-del-nino\/"}],"_links":{"self":[{"href":"https:\/\/soymigrante.com\/revista\/wp-json\/wp\/v2\/posts\/45763","targetHints":{"allow":["GET"]}}],"collection":[{"href":"https:\/\/soymigrante.com\/revista\/wp-json\/wp\/v2\/posts"}],"about":[{"href":"https:\/\/soymigrante.com\/revista\/wp-json\/wp\/v2\/types\/post"}],"author":[{"embeddable":true,"href":"https:\/\/soymigrante.com\/revista\/wp-json\/wp\/v2\/users\/7"}],"replies":[{"embeddable":true,"href":"https:\/\/soymigrante.com\/revista\/wp-json\/wp\/v2\/comments?post=45763"}],"version-history":[{"count":7,"href":"https:\/\/soymigrante.com\/revista\/wp-json\/wp\/v2\/posts\/45763\/revisions"}],"predecessor-version":[{"id":45775,"href":"https:\/\/soymigrante.com\/revista\/wp-json\/wp\/v2\/posts\/45763\/revisions\/45775"}],"wp:featuredmedia":[{"embeddable":true,"href":"https:\/\/soymigrante.com\/revista\/wp-json\/wp\/v2\/media\/45776"}],"wp:attachment":[{"href":"https:\/\/soymigrante.com\/revista\/wp-json\/wp\/v2\/media?parent=45763"}],"wp:term":[{"taxonomy":"category","embeddable":true,"href":"https:\/\/soymigrante.com\/revista\/wp-json\/wp\/v2\/categories?post=45763"},{"taxonomy":"post_tag","embeddable":true,"href":"https:\/\/soymigrante.com\/revista\/wp-json\/wp\/v2\/tags?post=45763"}],"curies":[{"name":"wp","href":"https:\/\/api.w.org\/{rel}","templated":true}]}}