{"id":45726,"date":"2025-09-22T18:04:39","date_gmt":"2025-09-23T00:04:39","guid":{"rendered":"https:\/\/soymigrante.com\/revista\/?p=45726"},"modified":"2025-09-22T18:05:21","modified_gmt":"2025-09-23T00:05:21","slug":"galeria-de-arte-ica-hugo-pichiya-tuyuc-pintura-con-alma","status":"publish","type":"post","link":"https:\/\/soymigrante.com\/revista\/galeria-de-arte-ica-hugo-pichiya-tuyuc-pintura-con-alma\/","title":{"rendered":"Galer\u00eda de Arte ICA | Hugo Pichiya Tuyuc, Pintura con Alma"},"content":{"rendered":"\t\t<div data-elementor-type=\"wp-post\" data-elementor-id=\"45726\" class=\"elementor elementor-45726\" data-elementor-post-type=\"post\">\n\t\t\t\t<div data-particle_enable=\"false\" data-particle-mobile-disabled=\"false\" class=\"elementor-element elementor-element-03c510b e-flex e-con-boxed e-con e-parent\" data-id=\"03c510b\" data-element_type=\"container\" data-e-type=\"container\">\n\t\t\t\t\t<div class=\"e-con-inner\">\n\t\t\t\t<div class=\"elementor-element elementor-element-a179e4e elementor-widget elementor-widget-text-editor\" data-id=\"a179e4e\" data-element_type=\"widget\" data-e-type=\"widget\" data-widget_type=\"text-editor.default\">\n\t\t\t\t\t\t\t\t\t<p>En este video conocemos a Hugo Leonel Pichiya Tuyuc, fundador de Galer\u00eda de Arte Arte y, un emprendimiento que naci\u00f3 en medio de la pandemia, con pinceles, lienzos\u2026 y el deseo de salir adelante.\u00a0<\/p><p>Desde su hogar, Hugo comenz\u00f3 a pintar durante meses sin poder vender, hasta que una oportunidad cambi\u00f3 su rumbo. Hoy, no solo vende sus propias obras, sino que tambi\u00e9n distribuye materiales art\u00edsticos y cuadros de otros talentos guatemaltecos. Todo hecho a mano. Todo con el coraz\u00f3n.\u00a0<\/p><p>\ud83c\udf0e Su sue\u00f1o: llegar a mercados internacionales como Estados Unidos y Espa\u00f1a.\u00a0<\/p><p>\ud83d\uded2 Descubre y compra su arte aqu\u00ed: <a href=\"https:\/\/soymigrante.com\/mercado\/marketplace\/mayaartgallery\">https:\/\/soymigrante.com\/mercado\/marketplace\/mayaartgallery\u00a0<\/a><\/p><p>\ud83d\udce2 \u201cApoyen lo hecho a mano\u2026 comprando nuestros productos nos ayudan a salir adelante.\u201d _ Hugo L. Pichiya Tuyuc<\/p>\t\t\t\t\t\t\t\t<\/div>\n\t\t\t\t<div class=\"elementor-element elementor-element-ef60a7f elementor-widget elementor-widget-text-editor\" data-id=\"ef60a7f\" data-element_type=\"widget\" data-e-type=\"widget\" data-widget_type=\"text-editor.default\">\n\t\t\t\t\t\t\t\t\t<p><span style=\"font-family: Roboto, sans-serif; font-size: 22px; font-style: normal; font-variant-ligatures: normal; font-variant-caps: normal; font-weight: 400;\">Lee su historia completa aqu\u00ed: <\/span><a href=\"https:\/\/soymigrante.com\/revista\/hugo-pichiya-retrata-la-vida-desde-san-juan-comalapa-y-abrio-su-galeria-digital-en-mercado\/\">https:\/\/soymigrante.com\/revista\/hugo-pichiya-retrata-la-vida-desde-san-juan-comalapa-y-abrio-su-galeria-digital-en-mercado\/<\/a><\/p>\t\t\t\t\t\t\t\t<\/div>\n\t\t\t\t\t<\/div>\n\t\t\t\t<\/div>\n\t\t\t\t<\/div>\n\t\t","protected":false},"excerpt":{"rendered":"<p>En este video conocemos a Hugo Leonel Pichiya Tuyuc, fundador de Galer\u00eda de Arte Arte y, un emprendimiento que naci\u00f3 en medio de la pandemia, con pinceles, lienzos\u2026 y el deseo de salir adelante.\u00a0 Desde su hogar, Hugo comenz\u00f3 a pintar durante meses sin poder vender, hasta que una oportunidad cambi\u00f3 su rumbo. Hoy, no [&hellip;]<\/p>\n","protected":false},"author":1,"featured_media":45729,"comment_status":"closed","ping_status":"open","sticky":false,"template":"","format":"video","meta":{"_acf_changed":false,"_eb_attr":"","footnotes":""},"categories":[58],"tags":[130],"class_list":["post-45726","post","type-post","status-publish","format-video","has-post-thumbnail","hentry","category-guate-nuestra","tag-mercado-emprendedores","post_format-post-format-video"],"acf":[],"aioseo_notices":[],"aioseo_head":"\n\t\t<!-- All in One SEO Pro 4.9.6.2 - aioseo.com -->\n\t<meta name=\"description\" content=\"Hugo Pichiya Tuyuc presenta su Galer\u00eda de Arte ICA: pinturas con identidad y alma guatemalteca, uniendo tradici\u00f3n, sue\u00f1os y creatividad en cada trazo.\" \/>\n\t<meta name=\"robots\" content=\"max-snippet:-1, max-image-preview:large, max-video-preview:-1\" \/>\n\t<meta name=\"author\" content=\"SoyMigrante.com REVISTA\"\/>\n\t<link rel=\"canonical\" href=\"https:\/\/soymigrante.com\/revista\/galeria-de-arte-ica-hugo-pichiya-tuyuc-pintura-con-alma\/\" \/>\n\t<meta name=\"generator\" content=\"All in One SEO Pro (AIOSEO) 4.9.6.2\" \/>\n\n\t\t<link rel=\"preconnect\" href=\"https:\/\/fonts.googleapis.com\" crossorigin>\n<link rel=\"preconnect\" href=\"https:\/\/fonts.gstatic.com\" crossorigin>\n\t\t<meta property=\"og:locale\" content=\"es_ES\" \/>\n\t\t<meta property=\"og:site_name\" content=\"SoyMigrante.com REVISTA \u2013 Nuestra misi\u00f3n es reconocer y dignificar al migrante.\" \/>\n\t\t<meta property=\"og:type\" content=\"article\" \/>\n\t\t<meta property=\"og:title\" content=\"Galer\u00eda de Arte ICA | Hugo Pichiya Tuyuc, Pintura con Alma\" \/>\n\t\t<meta property=\"og:description\" content=\"Hugo Pichiya Tuyuc presenta su Galer\u00eda de Arte ICA: pinturas con identidad y alma guatemalteca, uniendo tradici\u00f3n, sue\u00f1os y creatividad en cada trazo.\" \/>\n\t\t<meta property=\"og:url\" content=\"https:\/\/soymigrante.com\/revista\/galeria-de-arte-ica-hugo-pichiya-tuyuc-pintura-con-alma\/\" \/>\n\t\t<meta property=\"og:image\" content=\"https:\/\/soymigrante.com\/revista\/wp-content\/uploads\/2025\/09\/galeria-de-arte-ica-hugo-pichiya-tuyuc-pintura-con-alma.jpg\" \/>\n\t\t<meta property=\"og:image:secure_url\" content=\"https:\/\/soymigrante.com\/revista\/wp-content\/uploads\/2025\/09\/galeria-de-arte-ica-hugo-pichiya-tuyuc-pintura-con-alma.jpg\" \/>\n\t\t<meta property=\"og:image:width\" content=\"1280\" \/>\n\t\t<meta property=\"og:image:height\" content=\"720\" \/>\n\t\t<meta property=\"article:published_time\" content=\"2025-09-23T00:04:39+00:00\" \/>\n\t\t<meta property=\"article:modified_time\" content=\"2025-09-23T00:05:21+00:00\" \/>\n\t\t<meta property=\"article:publisher\" content=\"https:\/\/www.facebook.com\/soymigrantecom\" \/>\n\t\t<meta name=\"twitter:card\" content=\"summary_large_image\" \/>\n\t\t<meta name=\"twitter:site\" content=\"@SoyMigrante_com\" \/>\n\t\t<meta name=\"twitter:title\" content=\"Galer\u00eda de Arte ICA | Hugo Pichiya Tuyuc, Pintura con Alma\" \/>\n\t\t<meta name=\"twitter:description\" content=\"Hugo Pichiya Tuyuc presenta su Galer\u00eda de Arte ICA: pinturas con identidad y alma guatemalteca, uniendo tradici\u00f3n, sue\u00f1os y creatividad en cada trazo.\" \/>\n\t\t<meta name=\"twitter:creator\" content=\"@SoyMigrante_com\" \/>\n\t\t<meta name=\"twitter:image\" content=\"https:\/\/soymigrante.com\/revista\/wp-content\/uploads\/2025\/09\/galeria-de-arte-ica-hugo-pichiya-tuyuc-pintura-con-alma.jpg\" \/>\n\t\t<!-- All in One SEO Pro -->\r\n\t\t<title>Galer\u00eda de Arte ICA | Hugo Pichiya Tuyuc, Pintura con Alma<\/title>\n\n","aioseo_head_json":{"title":"Galer\u00eda de Arte ICA | Hugo Pichiya Tuyuc, Pintura con Alma","description":"Hugo Pichiya Tuyuc presenta su Galer\u00eda de Arte ICA: pinturas con identidad y alma guatemalteca, uniendo tradici\u00f3n, sue\u00f1os y creatividad en cada trazo.","canonical_url":"https:\/\/soymigrante.com\/revista\/galeria-de-arte-ica-hugo-pichiya-tuyuc-pintura-con-alma\/","robots":"max-snippet:-1, max-image-preview:large, max-video-preview:-1","keywords":"","webmasterTools":{"miscellaneous":"&lt;link rel=\"preconnect\" href=\"https:\/\/fonts.googleapis.com\" crossorigin&gt;\n&lt;link rel=\"preconnect\" href=\"https:\/\/fonts.gstatic.com\" crossorigin&gt;"},"schema":null,"og:locale":"es_ES","og:site_name":"SoyMigrante.com REVISTA \u2013 Nuestra misi\u00f3n es reconocer y dignificar al migrante.","og:type":"article","og:title":"Galer\u00eda de Arte ICA | Hugo Pichiya Tuyuc, Pintura con Alma","og:description":"Hugo Pichiya Tuyuc presenta su Galer\u00eda de Arte ICA: pinturas con identidad y alma guatemalteca, uniendo tradici\u00f3n, sue\u00f1os y creatividad en cada trazo.","og:url":"https:\/\/soymigrante.com\/revista\/galeria-de-arte-ica-hugo-pichiya-tuyuc-pintura-con-alma\/","og:image":"https:\/\/soymigrante.com\/revista\/wp-content\/uploads\/2025\/09\/galeria-de-arte-ica-hugo-pichiya-tuyuc-pintura-con-alma.jpg","og:image:secure_url":"https:\/\/soymigrante.com\/revista\/wp-content\/uploads\/2025\/09\/galeria-de-arte-ica-hugo-pichiya-tuyuc-pintura-con-alma.jpg","og:image:width":1280,"og:image:height":720,"article:published_time":"2025-09-23T00:04:39+00:00","article:modified_time":"2025-09-23T00:05:21+00:00","article:publisher":"https:\/\/www.facebook.com\/soymigrantecom","twitter:card":"summary_large_image","twitter:site":"@SoyMigrante_com","twitter:title":"Galer\u00eda de Arte ICA | Hugo Pichiya Tuyuc, Pintura con Alma","twitter:description":"Hugo Pichiya Tuyuc presenta su Galer\u00eda de Arte ICA: pinturas con identidad y alma guatemalteca, uniendo tradici\u00f3n, sue\u00f1os y creatividad en cada trazo.","twitter:creator":"@SoyMigrante_com","twitter:image":"https:\/\/soymigrante.com\/revista\/wp-content\/uploads\/2025\/09\/galeria-de-arte-ica-hugo-pichiya-tuyuc-pintura-con-alma.jpg"},"aioseo_meta_data":{"post_id":"45726","title":null,"description":"Hugo Pichiya Tuyuc presenta su Galer\u00eda de Arte ICA: pinturas con identidad y alma guatemalteca, uniendo tradici\u00f3n, sue\u00f1os y creatividad en cada trazo.","keywords":null,"keyphrases":{"focus":{"keyphrase":"Galer\u00eda de Arte ICA Hugo Pichiya Tuyuc","score":40,"analysis":{"keyphraseInTitle":{"score":3,"maxScore":9,"error":1},"keyphraseInDescription":{"score":3,"maxScore":9,"error":1},"keyphraseLength":{"score":6,"maxScore":9,"error":1,"length":8},"keyphraseInURL":{"score":5,"maxScore":5,"error":0},"keyphraseInIntroduction":{"score":3,"maxScore":9,"error":1},"keyphraseInSubHeadings":[],"keyphraseInImageAlt":[],"keywordDensity":{"score":0,"type":"low","maxScore":9,"error":1}}},"additional":[]},"primary_term":null,"canonical_url":null,"og_title":null,"og_description":null,"og_object_type":"default","og_image_type":"default","og_image_url":null,"og_image_width":null,"og_image_height":null,"og_image_custom_url":null,"og_image_custom_fields":null,"og_video":"","og_custom_url":null,"og_article_section":null,"og_article_tags":null,"twitter_use_og":false,"twitter_card":"default","twitter_image_type":"default","twitter_image_url":null,"twitter_image_custom_url":null,"twitter_image_custom_fields":null,"twitter_title":null,"twitter_description":null,"schema":{"blockGraphs":[],"customGraphs":[],"default":{"data":{"Article":[],"Course":[],"Dataset":[],"FAQPage":[],"Movie":[],"Person":[],"Product":[],"ProductReview":[],"Car":[],"Recipe":[],"Service":[],"SoftwareApplication":[],"WebPage":[]},"graphName":"none","isEnabled":true},"graphs":[]},"schema_type":"default","schema_type_options":null,"pillar_content":false,"robots_default":true,"robots_noindex":false,"robots_noarchive":false,"robots_nosnippet":false,"robots_nofollow":false,"robots_noimageindex":false,"robots_noodp":false,"robots_notranslate":false,"robots_max_snippet":"-1","robots_max_videopreview":"-1","robots_max_imagepreview":"large","priority":null,"frequency":"default","local_seo":null,"seo_analyzer_scan_date":"2025-10-09 08:45:03","breadcrumb_settings":null,"limit_modified_date":false,"reviewed_by":"0","open_ai":null,"ai":{"faqs":[],"keyPoints":[],"titles":[],"descriptions":[],"socialPosts":{"email":[],"linkedin":[],"twitter":[],"facebook":[],"instagram":[]}},"created":"2025-09-22 23:52:07","updated":"2026-02-05 05:42:35"},"aioseo_breadcrumb":"<div class=\"aioseo-breadcrumbs\"><span class=\"aioseo-breadcrumb\">\n\t<a href=\"https:\/\/soymigrante.com\/revista\" title=\"Home\">Home<\/a>\n<\/span><span class=\"aioseo-breadcrumb-separator\">\u00bb<\/span><span class=\"aioseo-breadcrumb\">\n\t<a href=\"https:\/\/soymigrante.com\/revista\/category\/guate-nuestra\/\" title=\"Guate Nuestra\">Guate Nuestra<\/a>\n<\/span><span class=\"aioseo-breadcrumb-separator\">\u00bb<\/span><span class=\"aioseo-breadcrumb\">\n\tGaler\u00eda de Arte ICA | Hugo Pichiya Tuyuc, Pintura con Alma\n<\/span><\/div>","aioseo_breadcrumb_json":[{"label":"Home","link":"https:\/\/soymigrante.com\/revista"},{"label":"Guate Nuestra","link":"https:\/\/soymigrante.com\/revista\/category\/guate-nuestra\/"},{"label":"Galer\u00eda de Arte ICA | Hugo Pichiya Tuyuc, Pintura con Alma","link":"https:\/\/soymigrante.com\/revista\/galeria-de-arte-ica-hugo-pichiya-tuyuc-pintura-con-alma\/"}],"_links":{"self":[{"href":"https:\/\/soymigrante.com\/revista\/wp-json\/wp\/v2\/posts\/45726","targetHints":{"allow":["GET"]}}],"collection":[{"href":"https:\/\/soymigrante.com\/revista\/wp-json\/wp\/v2\/posts"}],"about":[{"href":"https:\/\/soymigrante.com\/revista\/wp-json\/wp\/v2\/types\/post"}],"author":[{"embeddable":true,"href":"https:\/\/soymigrante.com\/revista\/wp-json\/wp\/v2\/users\/1"}],"replies":[{"embeddable":true,"href":"https:\/\/soymigrante.com\/revista\/wp-json\/wp\/v2\/comments?post=45726"}],"version-history":[{"count":11,"href":"https:\/\/soymigrante.com\/revista\/wp-json\/wp\/v2\/posts\/45726\/revisions"}],"predecessor-version":[{"id":45742,"href":"https:\/\/soymigrante.com\/revista\/wp-json\/wp\/v2\/posts\/45726\/revisions\/45742"}],"wp:featuredmedia":[{"embeddable":true,"href":"https:\/\/soymigrante.com\/revista\/wp-json\/wp\/v2\/media\/45729"}],"wp:attachment":[{"href":"https:\/\/soymigrante.com\/revista\/wp-json\/wp\/v2\/media?parent=45726"}],"wp:term":[{"taxonomy":"category","embeddable":true,"href":"https:\/\/soymigrante.com\/revista\/wp-json\/wp\/v2\/categories?post=45726"},{"taxonomy":"post_tag","embeddable":true,"href":"https:\/\/soymigrante.com\/revista\/wp-json\/wp\/v2\/tags?post=45726"}],"curies":[{"name":"wp","href":"https:\/\/api.w.org\/{rel}","templated":true}]}}