{"id":45682,"date":"2025-09-23T04:31:00","date_gmt":"2025-09-23T10:31:00","guid":{"rendered":"https:\/\/soymigrante.com\/revista\/?p=45682"},"modified":"2025-09-22T20:37:18","modified_gmt":"2025-09-23T02:37:18","slug":"que-opinas-de-prohibir-celulares-en-aulas-y-escuelas-en-usa-ya-lo-hacen","status":"publish","type":"post","link":"https:\/\/soymigrante.com\/revista\/que-opinas-de-prohibir-celulares-en-aulas-y-escuelas-en-usa-ya-lo-hacen\/","title":{"rendered":"\u00bfQu\u00e9 opinas de prohibir celulares en aulas y escuelas? En USA ya lo hacen"},"content":{"rendered":"\t\t<div data-elementor-type=\"wp-post\" data-elementor-id=\"45682\" class=\"elementor elementor-45682\" data-elementor-post-type=\"post\">\n\t\t\t\t<div data-particle_enable=\"false\" data-particle-mobile-disabled=\"false\" class=\"elementor-element elementor-element-c0a5254 e-flex e-con-boxed e-con e-parent\" data-id=\"c0a5254\" data-element_type=\"container\" data-e-type=\"container\">\n\t\t\t\t\t<div class=\"e-con-inner\">\n\t\t\t\t<div class=\"elementor-element elementor-element-006f8a4 elementor-widget elementor-widget-heading\" data-id=\"006f8a4\" data-element_type=\"widget\" data-e-type=\"widget\" data-widget_type=\"heading.default\">\n\t\t\t\t\t<h2 class=\"elementor-heading-title elementor-size-default\">Un estudio del Pew Center evidencia que los padres de familia est\u00e1n de acuerdo en prohibir los celulares en las escuelas, especialmente en las aulas. \n<\/h2>\t\t\t\t<\/div>\n\t\t\t\t\t<\/div>\n\t\t\t\t<\/div>\n\t\t<div data-particle_enable=\"false\" data-particle-mobile-disabled=\"false\" class=\"elementor-element elementor-element-72f2070 e-flex e-con-boxed e-con e-parent\" data-id=\"72f2070\" data-element_type=\"container\" data-e-type=\"container\">\n\t\t\t\t\t<div class=\"e-con-inner\">\n\t\t\t\t<div class=\"elementor-element elementor-element-c6c5a78 elementor-widget elementor-widget-text-editor\" data-id=\"c6c5a78\" data-element_type=\"widget\" data-e-type=\"widget\" data-widget_type=\"text-editor.default\">\n\t\t\t\t\t\t\t\t\t<p>Un nuevo estudio del<a href=\"https:\/\/www.pewresearch.org\/short-reads\/2025\/07\/16\/americans-support-for-school-cellphone-bans-has-ticked-up-since-last-year\/?utm_source=Pew+Research+Center&amp;utm_campaign=3b610d6079-Weekly_7-19-25&amp;utm_medium=email&amp;utm_term=0_-3b610d6079-401331748\" target=\"_blank\" rel=\"noopener\"> Pew Research Center<\/a> revela que una mayor\u00eda cada vez mayor de adultos estadounidenses respalda las prohibiciones del uso de tel\u00e9fonos celulares por parte de estudiantes de nivel medio y superior dentro de las aulas, y un apoyo creciente tambi\u00e9n se observa hacia vetos durante toda la jornada escolar.<\/p>\t\t\t\t\t\t\t\t<\/div>\n\t\t\t\t\t<\/div>\n\t\t\t\t<\/div>\n\t\t<div data-particle_enable=\"false\" data-particle-mobile-disabled=\"false\" class=\"elementor-element elementor-element-5b6ee95 e-flex e-con-boxed e-con e-parent\" data-id=\"5b6ee95\" data-element_type=\"container\" data-e-type=\"container\">\n\t\t\t\t\t<div class=\"e-con-inner\">\n\t\t\t\t<div class=\"elementor-element elementor-element-0bc0a6b elementor-widget elementor-widget-heading\" data-id=\"0bc0a6b\" data-element_type=\"widget\" data-e-type=\"widget\" data-widget_type=\"heading.default\">\n\t\t\t\t\t<h3 class=\"elementor-heading-title elementor-size-default\">\u00bfQu\u00e9 encontr\u00f3 el estudio?<\/h3>\t\t\t\t<\/div>\n\t\t\t\t\t<\/div>\n\t\t\t\t<\/div>\n\t\t<div data-particle_enable=\"false\" data-particle-mobile-disabled=\"false\" class=\"elementor-element elementor-element-688027d e-flex e-con-boxed e-con e-parent\" data-id=\"688027d\" data-element_type=\"container\" data-e-type=\"container\">\n\t\t\t\t\t<div class=\"e-con-inner\">\n\t\t\t\t<div class=\"elementor-element elementor-element-be68a58 elementor-widget elementor-widget-text-editor\" data-id=\"be68a58\" data-element_type=\"widget\" data-e-type=\"widget\" data-widget_type=\"text-editor.default\">\n\t\t\t\t\t\t\t\t\t<div>\u2022En junio de 2025, el 74 % de los adultos en EE. UU. dijeron apoyar que se proh\u00edba el uso de celulares durante las clases para estudiantes de escuelas medias y secundarias. Esto representa un aumento respecto al 68 % que se manifest\u00f3 as\u00ed el oto\u00f1o pasado.\u00a0 \u00a0<\/div><div>\u2022En cuanto a prohibir los celulares durante toda la jornada escolar, el respaldo es menor, pero en crecimiento: 44 % a favor en 2025, frente al 36 % del a\u00f1o anterior.\u00a0 \u00a0<\/div><div>\u2022S\u00f3lo 19 % se oponen a prohibirlos durante clases, y un 7 % no est\u00e1n seguros.\u00a0 \u00a0<\/div>\t\t\t\t\t\t\t\t<\/div>\n\t\t\t\t\t<\/div>\n\t\t\t\t<\/div>\n\t\t<div data-particle_enable=\"false\" data-particle-mobile-disabled=\"false\" class=\"elementor-element elementor-element-75c74f8 e-flex e-con-boxed e-con e-parent\" data-id=\"75c74f8\" data-element_type=\"container\" data-e-type=\"container\">\n\t\t\t\t\t<div class=\"e-con-inner\">\n\t\t\t\t<div class=\"elementor-element elementor-element-b1ddad3 elementor-widget elementor-widget-image\" data-id=\"b1ddad3\" data-element_type=\"widget\" data-e-type=\"widget\" data-widget_type=\"image.default\">\n\t\t\t\t\t\t\t\t\t\t\t\t<figure class=\"wp-caption\">\n\t\t\t\t\t\t\t\t\t\t<img fetchpriority=\"high\" decoding=\"async\" width=\"1024\" height=\"538\" src=\"https:\/\/soymigrante.com\/revista\/wp-content\/uploads\/2025\/09\/celulares-en-escuelas-3-1024x538.jpg\" class=\"attachment-large size-large wp-image-45689\" alt=\"En el \u00faltimo a\u00f1o, creci\u00f3 el apoyo para prohibir celulares en las escuelas. (Foto: Envato)\" srcset=\"https:\/\/soymigrante.com\/revista\/wp-content\/uploads\/2025\/09\/celulares-en-escuelas-3-1024x538.jpg 1024w, https:\/\/soymigrante.com\/revista\/wp-content\/uploads\/2025\/09\/celulares-en-escuelas-3-300x158.jpg 300w, https:\/\/soymigrante.com\/revista\/wp-content\/uploads\/2025\/09\/celulares-en-escuelas-3-768x403.jpg 768w, https:\/\/soymigrante.com\/revista\/wp-content\/uploads\/2025\/09\/celulares-en-escuelas-3-750x394.jpg 750w, https:\/\/soymigrante.com\/revista\/wp-content\/uploads\/2025\/09\/celulares-en-escuelas-3-1140x599.jpg 1140w, https:\/\/soymigrante.com\/revista\/wp-content\/uploads\/2025\/09\/celulares-en-escuelas-3.jpg 1200w\" sizes=\"(max-width: 1024px) 100vw, 1024px\" title=\"En el \u00faltimo a\u00f1o, creci\u00f3 el apoyo para prohibir celulares en las escuelas. (Foto: Envato) \u2013 SoyMigrante.com REVISTA\" \/>\t\t\t\t\t\t\t\t\t\t\t<figcaption class=\"widget-image-caption wp-caption-text\">En el \u00faltimo a\u00f1o, creci\u00f3 el apoyo para prohibir celulares en las escuelas. (Foto: Envato)<\/figcaption>\n\t\t\t\t\t\t\t\t\t\t<\/figure>\n\t\t\t\t\t\t\t\t\t<\/div>\n\t\t\t\t\t<\/div>\n\t\t\t\t<\/div>\n\t\t<div data-particle_enable=\"false\" data-particle-mobile-disabled=\"false\" class=\"elementor-element elementor-element-9f2c669 e-flex e-con-boxed e-con e-parent\" data-id=\"9f2c669\" data-element_type=\"container\" data-e-type=\"container\">\n\t\t\t\t\t<div class=\"e-con-inner\">\n\t\t\t\t<div class=\"elementor-element elementor-element-2ed848e elementor-widget elementor-widget-heading\" data-id=\"2ed848e\" data-element_type=\"widget\" data-e-type=\"widget\" data-widget_type=\"heading.default\">\n\t\t\t\t\t<h3 class=\"elementor-heading-title elementor-size-default\">\u00bfQui\u00e9nes apoyan m\u00e1s estas prohibiciones?<\/h3>\t\t\t\t<\/div>\n\t\t\t\t\t<\/div>\n\t\t\t\t<\/div>\n\t\t<div data-particle_enable=\"false\" data-particle-mobile-disabled=\"false\" class=\"elementor-element elementor-element-1dc66cf e-flex e-con-boxed e-con e-parent\" data-id=\"1dc66cf\" data-element_type=\"container\" data-e-type=\"container\">\n\t\t\t\t\t<div class=\"e-con-inner\">\n\t\t\t\t<div class=\"elementor-element elementor-element-7927c02 elementor-widget elementor-widget-text-editor\" data-id=\"7927c02\" data-element_type=\"widget\" data-e-type=\"widget\" data-widget_type=\"text-editor.default\">\n\t\t\t\t\t\t\t\t\t<div>\u2022 Edad: Las personas mayores muestran mayor apoyo. <a href=\"https:\/\/www.pewresearch.org\/short-reads\/2025\/07\/16\/americans-support-for-school-cellphone-bans-has-ticked-up-since-last-year\/?utm_source=Pew+Research+Center&amp;utm_campaign=3b610d6079-Weekly_7-19-25&amp;utm_medium=email&amp;utm_term=0_-3b610d6079-401331748\" target=\"_blank\" rel=\"noopener\">Por ejemplo, el grupo de mayores de 50 a\u00f1os est\u00e1 mucho m\u00e1s de acuerdo con las prohibiciones en clases que los j\u00f3venes de 18-29<\/a>, aunque este \u00faltimo grupo tambi\u00e9n ha incrementado su apoyo bastante (de 45 % a 57 %) desde 2024.\u00a0 \u00a0<\/div><div>\u2022Etnicidad\/racialidad: Blancos y asi\u00e1ticos manifiestan porcentajes de apoyo m\u00e1s altos (alrededor del 78-79 %) comparados con hispanos y afroamericanos.\u00a0 \u00a0<\/div><div>\u2022Afiliaci\u00f3n pol\u00edtica: Tanto republicanos como dem\u00f3cratas apoyan las prohibiciones, con los republicanos ligeramente m\u00e1s inclinados a respaldar vetos durante toda la jornada escolar.\u00a0 \u00a0<\/div>\t\t\t\t\t\t\t\t<\/div>\n\t\t\t\t\t<\/div>\n\t\t\t\t<\/div>\n\t\t<div data-particle_enable=\"false\" data-particle-mobile-disabled=\"false\" class=\"elementor-element elementor-element-d3b76ae e-flex e-con-boxed e-con e-parent\" data-id=\"d3b76ae\" data-element_type=\"container\" data-e-type=\"container\">\n\t\t\t\t\t<div class=\"e-con-inner\">\n\t\t\t\t<div class=\"elementor-element elementor-element-d1646f7 elementor-widget elementor-widget-heading\" data-id=\"d1646f7\" data-element_type=\"widget\" data-e-type=\"widget\" data-widget_type=\"heading.default\">\n\t\t\t\t\t<h3 class=\"elementor-heading-title elementor-size-default\">Percepciones sobre los efectos de una prohibici\u00f3n<\/h3>\t\t\t\t<\/div>\n\t\t\t\t\t<\/div>\n\t\t\t\t<\/div>\n\t\t<div data-particle_enable=\"false\" data-particle-mobile-disabled=\"false\" class=\"elementor-element elementor-element-11a626f e-flex e-con-boxed e-con e-parent\" data-id=\"11a626f\" data-element_type=\"container\" data-e-type=\"container\">\n\t\t\t\t\t<div class=\"e-con-inner\">\n\t\t\t\t<div class=\"elementor-element elementor-element-cc82cd5 elementor-widget elementor-widget-text-editor\" data-id=\"cc82cd5\" data-element_type=\"widget\" data-e-type=\"widget\" data-widget_type=\"text-editor.default\">\n\t\t\t\t\t\t\t\t\t<div>El estudio tambi\u00e9n explor\u00f3 lo que los estadounidenses piensan que pasar\u00eda si los celulares estuvieran prohibidos todo el d\u00eda escolar:<\/div><div>\u2022Mayor\u00edas creen que una prohibici\u00f3n completa mejorar\u00eda las calificaciones, el comportamiento en clase y las habilidades sociales de los estudiantes.\u00a0 \u00a0<\/div><div>\u2022Menos personas creen que esta medida impactar\u00eda positivamente la seguridad f\u00edsica de los escolares \u2014 solo un 37 % piensa que s\u00ed; muchos m\u00e1s son neutrales o dudan.\u00a0<\/div>\t\t\t\t\t\t\t\t<\/div>\n\t\t\t\t\t<\/div>\n\t\t\t\t<\/div>\n\t\t<div data-particle_enable=\"false\" data-particle-mobile-disabled=\"false\" class=\"elementor-element elementor-element-80a16e2 e-flex e-con-boxed e-con e-parent\" data-id=\"80a16e2\" data-element_type=\"container\" data-e-type=\"container\">\n\t\t\t\t\t<div class=\"e-con-inner\">\n\t\t\t\t<div class=\"elementor-element elementor-element-5a6440d elementor-widget elementor-widget-image\" data-id=\"5a6440d\" data-element_type=\"widget\" data-e-type=\"widget\" data-widget_type=\"image.default\">\n\t\t\t\t\t\t\t\t\t\t\t\t<figure class=\"wp-caption\">\n\t\t\t\t\t\t\t\t\t\t<img decoding=\"async\" width=\"1024\" height=\"746\" src=\"https:\/\/soymigrante.com\/revista\/wp-content\/uploads\/2025\/09\/celulares-en-escuelas-4-1024x746.jpg\" class=\"attachment-large size-large wp-image-45690\" alt=\"Los padres de familia buscan que los estudiantes presten m\u00e1s atenci\u00f3n. (Foto: Envato)\" srcset=\"https:\/\/soymigrante.com\/revista\/wp-content\/uploads\/2025\/09\/celulares-en-escuelas-4-1024x746.jpg 1024w, https:\/\/soymigrante.com\/revista\/wp-content\/uploads\/2025\/09\/celulares-en-escuelas-4-300x219.jpg 300w, https:\/\/soymigrante.com\/revista\/wp-content\/uploads\/2025\/09\/celulares-en-escuelas-4-768x560.jpg 768w, https:\/\/soymigrante.com\/revista\/wp-content\/uploads\/2025\/09\/celulares-en-escuelas-4-1536x1120.jpg 1536w, https:\/\/soymigrante.com\/revista\/wp-content\/uploads\/2025\/09\/celulares-en-escuelas-4-120x86.jpg 120w, https:\/\/soymigrante.com\/revista\/wp-content\/uploads\/2025\/09\/celulares-en-escuelas-4-750x547.jpg 750w, https:\/\/soymigrante.com\/revista\/wp-content\/uploads\/2025\/09\/celulares-en-escuelas-4-1140x831.jpg 1140w, https:\/\/soymigrante.com\/revista\/wp-content\/uploads\/2025\/09\/celulares-en-escuelas-4.jpg 2000w\" sizes=\"(max-width: 1024px) 100vw, 1024px\" title=\"Los padres de familia buscan que los estudiantes presten m\u00e1s atenci\u00f3n. (Foto: Envato) \u2013 SoyMigrante.com REVISTA\" \/>\t\t\t\t\t\t\t\t\t\t\t<figcaption class=\"widget-image-caption wp-caption-text\">Los padres de familia buscan que los estudiantes presten m\u00e1s atenci\u00f3n. (Foto: Envato)<\/figcaption>\n\t\t\t\t\t\t\t\t\t\t<\/figure>\n\t\t\t\t\t\t\t\t\t<\/div>\n\t\t\t\t\t<\/div>\n\t\t\t\t<\/div>\n\t\t<div data-particle_enable=\"false\" data-particle-mobile-disabled=\"false\" class=\"elementor-element elementor-element-ec08608 e-flex e-con-boxed e-con e-parent\" data-id=\"ec08608\" data-element_type=\"container\" data-e-type=\"container\">\n\t\t\t\t\t<div class=\"e-con-inner\">\n\t\t\t\t<div class=\"elementor-element elementor-element-7b6e938 elementor-widget elementor-widget-heading\" data-id=\"7b6e938\" data-element_type=\"widget\" data-e-type=\"widget\" data-widget_type=\"heading.default\">\n\t\t\t\t\t<h3 class=\"elementor-heading-title elementor-size-default\">Tensiones y preocupaciones<\/h3>\t\t\t\t<\/div>\n\t\t\t\t\t<\/div>\n\t\t\t\t<\/div>\n\t\t<div data-particle_enable=\"false\" data-particle-mobile-disabled=\"false\" class=\"elementor-element elementor-element-d76525c e-flex e-con-boxed e-con e-parent\" data-id=\"d76525c\" data-element_type=\"container\" data-e-type=\"container\">\n\t\t\t\t\t<div class=\"e-con-inner\">\n\t\t\t\t<div class=\"elementor-element elementor-element-e1a7e08 elementor-widget elementor-widget-text-editor\" data-id=\"e1a7e08\" data-element_type=\"widget\" data-e-type=\"widget\" data-widget_type=\"text-editor.default\">\n\t\t\t\t\t\t\t\t\t<div>\u2022Hay preocupaci\u00f3n entre algunos sectores de que tales regulaciones sean excesivas. En particular, los adultos j\u00f3venes y afroamericanos muestran m\u00e1s temor a que el gobierno se exceda al imponer restricciones.\u00a0 \u00a0<\/div><div>\u2022Otros opositores al veto se\u00f1alan que los padres o tutores necesitan poder comunicarse con sus hijos cuando sea necesario, lo que podr\u00eda dificultarse con una prohibici\u00f3n total.\u00a0<\/div>\t\t\t\t\t\t\t\t<\/div>\n\t\t\t\t\t<\/div>\n\t\t\t\t<\/div>\n\t\t<div data-particle_enable=\"false\" data-particle-mobile-disabled=\"false\" class=\"elementor-element elementor-element-d6dc676 e-flex e-con-boxed e-con e-parent\" data-id=\"d6dc676\" data-element_type=\"container\" data-e-type=\"container\">\n\t\t\t\t\t<div class=\"e-con-inner\">\n\t\t\t\t<div class=\"elementor-element elementor-element-eb2784d elementor-widget elementor-widget-heading\" data-id=\"eb2784d\" data-element_type=\"widget\" data-e-type=\"widget\" data-widget_type=\"heading.default\">\n\t\t\t\t\t<h3 class=\"elementor-heading-title elementor-size-default\">\u00bfPor qu\u00e9 este debate est\u00e1 ganando terreno?<\/h3>\t\t\t\t<\/div>\n\t\t\t\t\t<\/div>\n\t\t\t\t<\/div>\n\t\t<div data-particle_enable=\"false\" data-particle-mobile-disabled=\"false\" class=\"elementor-element elementor-element-39e9e8b e-flex e-con-boxed e-con e-parent\" data-id=\"39e9e8b\" data-element_type=\"container\" data-e-type=\"container\">\n\t\t\t\t\t<div class=\"e-con-inner\">\n\t\t\t\t<div class=\"elementor-element elementor-element-5cfbcb5 elementor-widget elementor-widget-text-editor\" data-id=\"5cfbcb5\" data-element_type=\"widget\" data-e-type=\"widget\" data-widget_type=\"text-editor.default\">\n\t\t\t\t\t\t\t\t\t<div>\u2022 <a href=\"https:\/\/www.pewresearch.org\/short-reads\/2025\/07\/16\/americans-support-for-school-cellphone-bans-has-ticked-up-since-last-year\/?utm_source=Pew+Research+Center&amp;utm_campaign=3b610d6079-Weekly_7-19-25&amp;utm_medium=email&amp;utm_term=0_-3b610d6079-401331748\" target=\"_blank\" rel=\"noopener\">El regreso a clases siempre reaviva discusiones sobre disciplina, aprendizaje y distracci\u00f3n tecnol\u00f3gica<\/a>. Muchos educadores se\u00f1alan que los celulares pueden interrumpir las clases, disminuir la concentraci\u00f3n y afectar el rendimiento.<\/div><div>\u2022Por otro lado, las tecnolog\u00edas m\u00f3viles se han vuelto ubicuas, lo que plantea el dilema de c\u00f3mo equilibrar su uso adecuado con la necesidad de que los espacios educativos funcionen sin interrupciones constantes.<\/div>\t\t\t\t\t\t\t\t<\/div>\n\t\t\t\t\t<\/div>\n\t\t\t\t<\/div>\n\t\t<div data-particle_enable=\"false\" data-particle-mobile-disabled=\"false\" class=\"elementor-element elementor-element-5e758f2 e-flex e-con-boxed e-con e-parent\" data-id=\"5e758f2\" data-element_type=\"container\" data-e-type=\"container\">\n\t\t\t\t\t<div class=\"e-con-inner\">\n\t\t\t\t<div class=\"elementor-element elementor-element-10d610e elementor-widget elementor-widget-text-editor\" data-id=\"10d610e\" data-element_type=\"widget\" data-e-type=\"widget\" data-widget_type=\"text-editor.default\">\n\t\t\t\t\t\t\t\t\t<p>El respaldo mayoritario de los estadounidenses a prohibir celulares durante las clases, y en aumento hacia vetos m\u00e1s estrictos, se\u00f1ala una tendencia clara: la sociedad parece inclinarse por l\u00edmites m\u00e1s firmes en el uso de dispositivos m\u00f3viles en escuelas. Sin embargo, persisten reservas importantes sobre hasta d\u00f3nde debe llegar la regulaci\u00f3n, especialmente en materia de autonom\u00eda estudiantil, derechos de comunicaci\u00f3n y control parental.<\/p>\t\t\t\t\t\t\t\t<\/div>\n\t\t\t\t\t<\/div>\n\t\t\t\t<\/div>\n\t\t<div data-particle_enable=\"false\" data-particle-mobile-disabled=\"false\" class=\"elementor-element elementor-element-99b205d e-flex e-con-boxed e-con e-parent\" data-id=\"99b205d\" data-element_type=\"container\" data-e-type=\"container\">\n\t\t\t\t\t<div class=\"e-con-inner\">\n\t\t\t\t<div class=\"elementor-element elementor-element-4321509 elementor-widget elementor-widget-heading\" data-id=\"4321509\" data-element_type=\"widget\" data-e-type=\"widget\" data-widget_type=\"heading.default\">\n\t\t\t\t\t<h2 class=\"elementor-heading-title elementor-size-default\">Conoce estos temas que te pueden interresar...<\/h2>\t\t\t\t<\/div>\n\t\t\t\t\t<\/div>\n\t\t\t\t<\/div>\n\t\t<div data-particle_enable=\"false\" data-particle-mobile-disabled=\"false\" class=\"elementor-element elementor-element-9f1cfad e-flex e-con-boxed e-con e-parent\" data-id=\"9f1cfad\" data-element_type=\"container\" data-e-type=\"container\">\n\t\t\t\t\t<div class=\"e-con-inner\">\n\t\t\t\t<div class=\"elementor-element elementor-element-af70c64 elementor-grid-eael-col-3 elementor-grid-tablet-eael-col-2 elementor-grid-mobile-eael-col-1 elementor-widget elementor-widget-eael-post-grid\" data-id=\"af70c64\" data-element_type=\"widget\" data-e-type=\"widget\" data-settings=\"{&quot;eael_post_grid_columns&quot;:&quot;eael-col-3&quot;,&quot;eael_post_grid_columns_tablet&quot;:&quot;eael-col-2&quot;,&quot;eael_post_grid_columns_mobile&quot;:&quot;eael-col-1&quot;}\" data-widget_type=\"eael-post-grid.default\">\n\t\t\t\t\t<div id=\"eael-post-grid-af70c64\" class=\"eael-post-grid-container\">\n            <div class=\"eael-post-grid eael-post-appender eael-post-appender-af70c64 eael-post-grid-style-one\" data-layout-mode=\"masonry\"><article class=\"eael-grid-post  eael-post-grid-column eael-pg-post-9333 category-bienestar\" data-id=\"9333\">\n        <div class=\"eael-grid-post-holder\">\n            <div class=\"eael-grid-post-holder-inner\"><div class=\"eael-entry-media\"><div class=\"eael-entry-overlay fade-in\"><i class=\"far fa-hand-pointer\" aria-hidden=\"true\"><\/i><a href=\"https:\/\/soymigrante.com\/revista\/ninos-migrantes-en-escuelas-de-usa-desafios-y-claves\/\"><\/a><\/div><div class=\"eael-entry-thumbnail eael-image-ratio\">\n                <img decoding=\"async\" width=\"1024\" height=\"1024\" src=\"https:\/\/soymigrante.com\/revista\/wp-content\/uploads\/2024\/09\/Ninos-migrantes-en-escuelas2-scaled-e1726503027567-1024x1024.webp\" class=\"attachment-large size-large wp-image-9334\" alt=\"Estudiantes y profesora en un aula de clases, usando laptops, celebrando algo juntos, entorno educativo y multicultural en escuela moderna.\" srcset=\"https:\/\/soymigrante.com\/revista\/wp-content\/uploads\/2024\/09\/Ninos-migrantes-en-escuelas2-scaled-e1726503027567-1024x1024.webp 1024w, https:\/\/soymigrante.com\/revista\/wp-content\/uploads\/2024\/09\/Ninos-migrantes-en-escuelas2-scaled-e1726503027567-300x300.webp 300w, https:\/\/soymigrante.com\/revista\/wp-content\/uploads\/2024\/09\/Ninos-migrantes-en-escuelas2-scaled-e1726503027567-150x150.webp 150w, https:\/\/soymigrante.com\/revista\/wp-content\/uploads\/2024\/09\/Ninos-migrantes-en-escuelas2-scaled-e1726503027567-768x768.webp 768w, https:\/\/soymigrante.com\/revista\/wp-content\/uploads\/2024\/09\/Ninos-migrantes-en-escuelas2-scaled-e1726503027567-1536x1536.webp 1536w, https:\/\/soymigrante.com\/revista\/wp-content\/uploads\/2024\/09\/Ninos-migrantes-en-escuelas2-scaled-e1726503027567-75x75.webp 75w, https:\/\/soymigrante.com\/revista\/wp-content\/uploads\/2024\/09\/Ninos-migrantes-en-escuelas2-scaled-e1726503027567-750x750.webp 750w, https:\/\/soymigrante.com\/revista\/wp-content\/uploads\/2024\/09\/Ninos-migrantes-en-escuelas2-scaled-e1726503027567-1140x1140.webp 1140w, https:\/\/soymigrante.com\/revista\/wp-content\/uploads\/2024\/09\/Ninos-migrantes-en-escuelas2-scaled-e1726503027567.webp 1595w\" sizes=\"(max-width: 1024px) 100vw, 1024px\" \/>\n            <\/div>\n        <\/div><div class=\"eael-entry-wrapper\"><header class=\"eael-entry-header\"><h2 class=\"eael-entry-title\"><a class=\"eael-grid-post-link\" href=\"https:\/\/soymigrante.com\/revista\/ninos-migrantes-en-escuelas-de-usa-desafios-y-claves\/\" title=\"Ni\u00f1os migrantes en escuelas de USA: desaf\u00edos y claves\">Ni\u00f1os migrantes en escuelas de USA: desaf\u00edos y claves<\/a><\/h2><\/header><div class=\"eael-entry-content\">\n                        <div class=\"eael-grid-post-excerpt\"><a href=\"https:\/\/soymigrante.com\/revista\/ninos-migrantes-en-escuelas-de-usa-desafios-y-claves\/\" class=\"eael-post-elements-readmore-btn\">CONOCE SU HISTORIA <\/a><\/div>\n                    <\/div><\/div><\/div>\n        <\/div>\n    <\/article><article class=\"eael-grid-post  eael-post-grid-column eael-pg-post-9534 category-bienestar\" data-id=\"9534\">\n        <div class=\"eael-grid-post-holder\">\n            <div class=\"eael-grid-post-holder-inner\"><div class=\"eael-entry-media\"><div class=\"eael-entry-overlay fade-in\"><i class=\"far fa-hand-pointer\" aria-hidden=\"true\"><\/i><a href=\"https:\/\/soymigrante.com\/revista\/como-hablar-y-prevenir-a-estudiantes-sobre-tiroteos-en-escuelas-en-ee-uu\/\"><\/a><\/div><div class=\"eael-entry-thumbnail eael-image-ratio\">\n                <img loading=\"lazy\" decoding=\"async\" width=\"892\" height=\"892\" src=\"https:\/\/soymigrante.com\/revista\/wp-content\/uploads\/2024\/09\/escuelas-usa.webp\" class=\"attachment-large size-large wp-image-9554\" alt=\"Parada de autob\u00fas con se\u00f1al de stop en color rojo y fondo amarillo, importancia de seguridad vial y regulaci\u00f3n en el transporte escolar.\" srcset=\"https:\/\/soymigrante.com\/revista\/wp-content\/uploads\/2024\/09\/escuelas-usa.webp 892w, https:\/\/soymigrante.com\/revista\/wp-content\/uploads\/2024\/09\/escuelas-usa-300x300.webp 300w, https:\/\/soymigrante.com\/revista\/wp-content\/uploads\/2024\/09\/escuelas-usa-150x150.webp 150w, https:\/\/soymigrante.com\/revista\/wp-content\/uploads\/2024\/09\/escuelas-usa-768x768.webp 768w, https:\/\/soymigrante.com\/revista\/wp-content\/uploads\/2024\/09\/escuelas-usa-75x75.webp 75w, https:\/\/soymigrante.com\/revista\/wp-content\/uploads\/2024\/09\/escuelas-usa-750x750.webp 750w\" sizes=\"(max-width: 892px) 100vw, 892px\" \/>\n            <\/div>\n        <\/div><div class=\"eael-entry-wrapper\"><header class=\"eael-entry-header\"><h2 class=\"eael-entry-title\"><a class=\"eael-grid-post-link\" href=\"https:\/\/soymigrante.com\/revista\/como-hablar-y-prevenir-a-estudiantes-sobre-tiroteos-en-escuelas-en-ee-uu\/\" title=\"C\u00f3mo hablar y prevenir a estudiantes sobre tiroteos en escuelas en EE.UU.\">C\u00f3mo hablar y prevenir a estudiantes sobre tiroteos en escuelas en EE.UU.<\/a><\/h2><\/header><div class=\"eael-entry-content\">\n                        <div class=\"eael-grid-post-excerpt\"><a href=\"https:\/\/soymigrante.com\/revista\/como-hablar-y-prevenir-a-estudiantes-sobre-tiroteos-en-escuelas-en-ee-uu\/\" class=\"eael-post-elements-readmore-btn\">CONOCE SU HISTORIA <\/a><\/div>\n                    <\/div><\/div><\/div>\n        <\/div>\n    <\/article><article class=\"eael-grid-post  eael-post-grid-column eael-pg-post-9783 category-bienestar\" data-id=\"9783\">\n        <div class=\"eael-grid-post-holder\">\n            <div class=\"eael-grid-post-holder-inner\"><div class=\"eael-entry-media\"><div class=\"eael-entry-overlay fade-in\"><i class=\"far fa-hand-pointer\" aria-hidden=\"true\"><\/i><a href=\"https:\/\/soymigrante.com\/revista\/como-inscribir-a-hijos-de-migrantes-en-escuelas-de-usa\/\"><\/a><\/div><div class=\"eael-entry-thumbnail eael-image-ratio\">\n                <img loading=\"lazy\" decoding=\"async\" width=\"1024\" height=\"1024\" src=\"https:\/\/soymigrante.com\/revista\/wp-content\/uploads\/2024\/09\/Como-inscribir-a-los-hijos-de-migrantes-guatemaltecos-en-las-escuelas-de-Estados-Unidos-1024x1024.webp\" class=\"attachment-large size-large wp-image-9784\" alt=\"Felicidad de un ni\u00f1o en su primer d\u00eda de escuela, ni\u00f1o con tiza en mano y sonrisa en rostro, educaci\u00f3n inicial, bienvenida al colegio, etapa de aprendizaje y nuevos comienzos.\" srcset=\"https:\/\/soymigrante.com\/revista\/wp-content\/uploads\/2024\/09\/Como-inscribir-a-los-hijos-de-migrantes-guatemaltecos-en-las-escuelas-de-Estados-Unidos-1024x1024.webp 1024w, https:\/\/soymigrante.com\/revista\/wp-content\/uploads\/2024\/09\/Como-inscribir-a-los-hijos-de-migrantes-guatemaltecos-en-las-escuelas-de-Estados-Unidos-300x300.webp 300w, https:\/\/soymigrante.com\/revista\/wp-content\/uploads\/2024\/09\/Como-inscribir-a-los-hijos-de-migrantes-guatemaltecos-en-las-escuelas-de-Estados-Unidos-150x150.webp 150w, https:\/\/soymigrante.com\/revista\/wp-content\/uploads\/2024\/09\/Como-inscribir-a-los-hijos-de-migrantes-guatemaltecos-en-las-escuelas-de-Estados-Unidos-768x768.webp 768w, https:\/\/soymigrante.com\/revista\/wp-content\/uploads\/2024\/09\/Como-inscribir-a-los-hijos-de-migrantes-guatemaltecos-en-las-escuelas-de-Estados-Unidos-75x75.jpg 75w, https:\/\/soymigrante.com\/revista\/wp-content\/uploads\/2024\/09\/Como-inscribir-a-los-hijos-de-migrantes-guatemaltecos-en-las-escuelas-de-Estados-Unidos-750x750.jpg 750w, https:\/\/soymigrante.com\/revista\/wp-content\/uploads\/2024\/09\/Como-inscribir-a-los-hijos-de-migrantes-guatemaltecos-en-las-escuelas-de-Estados-Unidos-1140x1140.jpg 1140w, https:\/\/soymigrante.com\/revista\/wp-content\/uploads\/2024\/09\/Como-inscribir-a-los-hijos-de-migrantes-guatemaltecos-en-las-escuelas-de-Estados-Unidos.webp 1280w\" sizes=\"(max-width: 1024px) 100vw, 1024px\" \/>\n            <\/div>\n        <\/div><div class=\"eael-entry-wrapper\"><header class=\"eael-entry-header\"><h2 class=\"eael-entry-title\"><a class=\"eael-grid-post-link\" href=\"https:\/\/soymigrante.com\/revista\/como-inscribir-a-hijos-de-migrantes-en-escuelas-de-usa\/\" title=\"C\u00f3mo inscribir a hijos de migrantes en escuelas de USA\">C\u00f3mo inscribir a hijos de migrantes en escuelas de USA<\/a><\/h2><\/header><div class=\"eael-entry-content\">\n                        <div class=\"eael-grid-post-excerpt\"><a href=\"https:\/\/soymigrante.com\/revista\/como-inscribir-a-hijos-de-migrantes-en-escuelas-de-usa\/\" class=\"eael-post-elements-readmore-btn\">CONOCE SU HISTORIA <\/a><\/div>\n                    <\/div><\/div><\/div>\n        <\/div>\n    <\/article><\/div>\n            <div class=\"clearfix\"><\/div>\n        <\/div>\t\t\t\t<\/div>\n\t\t\t\t\t<\/div>\n\t\t\t\t<\/div>\n\t\t\t\t<\/div>\n\t\t","protected":false},"excerpt":{"rendered":"<p>Un estudio del Pew Center evidencia que los padres de familia est\u00e1n de acuerdo en prohibir los celulares en las escuelas, especialmente en las aulas. Un nuevo estudio del Pew Research Center revela que una mayor\u00eda cada vez mayor de adultos estadounidenses respalda las prohibiciones del uso de tel\u00e9fonos celulares por parte de estudiantes de [&hellip;]<\/p>\n","protected":false},"author":19,"featured_media":45683,"comment_status":"open","ping_status":"open","sticky":false,"template":"","format":"standard","meta":{"_acf_changed":false,"_eb_attr":"","footnotes":""},"categories":[55],"tags":[],"class_list":["post-45682","post","type-post","status-publish","format-standard","has-post-thumbnail","hentry","category-bienestar"],"acf":[],"aioseo_notices":[],"aioseo_head":"\n\t\t<!-- All in One SEO Pro 4.9.6.2 - aioseo.com -->\n\t<meta name=\"description\" content=\"La educaci\u00f3n es prioridad para muchos padres migrantes que desean un mejor futuro para sus hijos. Estos son algunos consejos para registrarlos en planteles de EE.UU.\" \/>\n\t<meta name=\"robots\" content=\"max-snippet:-1, max-image-preview:large, max-video-preview:-1\" \/>\n\t<meta name=\"author\" content=\"Marysabel Aldana\"\/>\n\t<link rel=\"canonical\" href=\"https:\/\/soymigrante.com\/revista\/como-inscribir-a-hijos-de-migrantes-en-escuelas-de-usa\/\" \/>\n\t<meta name=\"generator\" content=\"All in One SEO Pro (AIOSEO) 4.9.6.2\" \/>\n\n\t\t<link rel=\"preconnect\" href=\"https:\/\/fonts.googleapis.com\" crossorigin>\n<link rel=\"preconnect\" href=\"https:\/\/fonts.gstatic.com\" crossorigin>\n\t\t<meta property=\"og:locale\" content=\"es_ES\" \/>\n\t\t<meta property=\"og:site_name\" content=\"SoyMigrante.com REVISTA \u2013 Nuestra misi\u00f3n es reconocer y dignificar al migrante.\" \/>\n\t\t<meta property=\"og:type\" content=\"article\" \/>\n\t\t<meta property=\"og:title\" content=\"C\u00f3mo inscribir a hijos de migrantes en escuelas de USA\" \/>\n\t\t<meta property=\"og:description\" content=\"La educaci\u00f3n es prioridad para muchos padres migrantes que desean un mejor futuro para sus hijos. Estos son algunos consejos para registrarlos en planteles de EE.UU.\" \/>\n\t\t<meta property=\"og:url\" content=\"https:\/\/soymigrante.com\/revista\/como-inscribir-a-hijos-de-migrantes-en-escuelas-de-usa\/\" \/>\n\t\t<meta property=\"og:image\" content=\"https:\/\/soymigrante.com\/revista\/wp-content\/uploads\/2024\/09\/Como-inscribir-a-los-hijos-de-migrantes-guatemaltecos-en-las-escuelas-de-Estados-Unidos.webp\" \/>\n\t\t<meta property=\"og:image:secure_url\" content=\"https:\/\/soymigrante.com\/revista\/wp-content\/uploads\/2024\/09\/Como-inscribir-a-los-hijos-de-migrantes-guatemaltecos-en-las-escuelas-de-Estados-Unidos.webp\" \/>\n\t\t<meta property=\"og:image:width\" content=\"1280\" \/>\n\t\t<meta property=\"og:image:height\" content=\"1280\" \/>\n\t\t<meta property=\"article:published_time\" content=\"2024-10-01T20:27:18+00:00\" \/>\n\t\t<meta property=\"article:modified_time\" content=\"2024-10-01T20:27:20+00:00\" \/>\n\t\t<meta property=\"article:publisher\" content=\"https:\/\/www.facebook.com\/soymigrantecom\" \/>\n\t\t<meta name=\"twitter:card\" content=\"summary_large_image\" \/>\n\t\t<meta name=\"twitter:site\" content=\"@SoyMigrante_com\" \/>\n\t\t<meta name=\"twitter:title\" content=\"C\u00f3mo inscribir a hijos de migrantes en escuelas de USA\" \/>\n\t\t<meta name=\"twitter:description\" content=\"La educaci\u00f3n es prioridad para muchos padres migrantes que desean un mejor futuro para sus hijos. Estos son algunos consejos para registrarlos en planteles de EE.UU.\" \/>\n\t\t<meta name=\"twitter:creator\" content=\"@SoyMigrante_com\" \/>\n\t\t<meta name=\"twitter:image\" content=\"https:\/\/soymigrante.com\/revista\/wp-content\/uploads\/2024\/09\/Como-inscribir-a-los-hijos-de-migrantes-guatemaltecos-en-las-escuelas-de-Estados-Unidos.webp\" \/>\n\t\t<!-- All in One SEO Pro -->\r\n\t\t<title>C\u00f3mo inscribir a hijos de migrantes en escuelas de USA<\/title>\n\n","aioseo_head_json":{"title":"C\u00f3mo inscribir a hijos de migrantes en escuelas de USA","description":"La educaci\u00f3n es prioridad para muchos padres migrantes que desean un mejor futuro para sus hijos. Estos son algunos consejos para registrarlos en planteles de EE.UU.","canonical_url":"https:\/\/soymigrante.com\/revista\/como-inscribir-a-hijos-de-migrantes-en-escuelas-de-usa\/","robots":"max-snippet:-1, max-image-preview:large, max-video-preview:-1","keywords":"","webmasterTools":{"miscellaneous":"&lt;link rel=\"preconnect\" href=\"https:\/\/fonts.googleapis.com\" crossorigin&gt;\n&lt;link rel=\"preconnect\" href=\"https:\/\/fonts.gstatic.com\" crossorigin&gt;"},"schema":null,"og:locale":"es_ES","og:site_name":"SoyMigrante.com REVISTA \u2013 Nuestra misi\u00f3n es reconocer y dignificar al migrante.","og:type":"article","og:title":"C\u00f3mo inscribir a hijos de migrantes en escuelas de USA","og:description":"La educaci\u00f3n es prioridad para muchos padres migrantes que desean un mejor futuro para sus hijos. Estos son algunos consejos para registrarlos en planteles de EE.UU.","og:url":"https:\/\/soymigrante.com\/revista\/como-inscribir-a-hijos-de-migrantes-en-escuelas-de-usa\/","og:image":"https:\/\/soymigrante.com\/revista\/wp-content\/uploads\/2024\/09\/Como-inscribir-a-los-hijos-de-migrantes-guatemaltecos-en-las-escuelas-de-Estados-Unidos.webp","og:image:secure_url":"https:\/\/soymigrante.com\/revista\/wp-content\/uploads\/2024\/09\/Como-inscribir-a-los-hijos-de-migrantes-guatemaltecos-en-las-escuelas-de-Estados-Unidos.webp","og:image:width":1280,"og:image:height":1280,"article:published_time":"2024-10-01T20:27:18+00:00","article:modified_time":"2024-10-01T20:27:20+00:00","article:publisher":"https:\/\/www.facebook.com\/soymigrantecom","twitter:card":"summary_large_image","twitter:site":"@SoyMigrante_com","twitter:title":"C\u00f3mo inscribir a hijos de migrantes en escuelas de USA","twitter:description":"La educaci\u00f3n es prioridad para muchos padres migrantes que desean un mejor futuro para sus hijos. Estos son algunos consejos para registrarlos en planteles de EE.UU.","twitter:creator":"@SoyMigrante_com","twitter:image":"https:\/\/soymigrante.com\/revista\/wp-content\/uploads\/2024\/09\/Como-inscribir-a-los-hijos-de-migrantes-guatemaltecos-en-las-escuelas-de-Estados-Unidos.webp"},"aioseo_meta_data":{"post_id":"45682","title":null,"description":"Un estudio del Pew Center evidencia que los padres de familia est\u00e1n de acuerdo en prohibir los celulares en las escuelas, especialmente en las aulas.","keywords":null,"keyphrases":{"focus":{"keyphrase":"Escuelas","score":91,"analysis":{"keyphraseInTitle":{"score":9,"maxScore":9,"error":0},"keyphraseInDescription":{"score":9,"maxScore":9,"error":0},"keyphraseLength":{"score":9,"maxScore":9,"error":0,"length":1},"keyphraseInURL":{"score":5,"maxScore":5,"error":0},"keyphraseInIntroduction":{"score":3,"maxScore":9,"error":1},"keyphraseInSubHeadings":{"score":9,"maxScore":9,"error":0},"keyphraseInImageAlt":{"score":9,"maxScore":9,"error":0},"keywordDensity":{"type":"best","score":9,"maxScore":9,"error":0}}},"additional":[{"keyphrase":"prohibir","score":87,"analysis":{"keyphraseInDescription":{"score":9,"maxScore":9,"error":0},"keyphraseLength":{"score":9,"maxScore":9,"error":0,"length":1},"keyphraseInIntroduction":{"score":3,"maxScore":9,"error":1},"keyphraseInImageAlt":{"score":9,"maxScore":9,"error":0},"keywordDensity":{"type":"best","score":9,"maxScore":9,"error":0}}},{"keyphrase":"celulares","score":100,"analysis":{"keyphraseInDescription":{"score":9,"maxScore":9,"error":0},"keyphraseLength":{"score":9,"maxScore":9,"error":0,"length":1},"keyphraseInIntroduction":{"score":9,"maxScore":9,"error":0},"keyphraseInImageAlt":{"score":9,"maxScore":9,"error":0},"keywordDensity":{"type":"best","score":9,"maxScore":9,"error":0}}}]},"primary_term":null,"canonical_url":null,"og_title":null,"og_description":null,"og_object_type":"default","og_image_type":"default","og_image_url":null,"og_image_width":null,"og_image_height":null,"og_image_custom_url":null,"og_image_custom_fields":null,"og_video":"","og_custom_url":null,"og_article_section":null,"og_article_tags":null,"twitter_use_og":false,"twitter_card":"default","twitter_image_type":"default","twitter_image_url":null,"twitter_image_custom_url":null,"twitter_image_custom_fields":null,"twitter_title":null,"twitter_description":null,"schema":{"blockGraphs":[],"customGraphs":[],"default":{"data":{"Article":[],"Course":[],"Dataset":[],"FAQPage":[],"Movie":[],"Person":[],"Product":[],"ProductReview":[],"Car":[],"Recipe":[],"Service":[],"SoftwareApplication":[],"WebPage":[]},"graphName":"none","isEnabled":true},"graphs":[]},"schema_type":"default","schema_type_options":null,"pillar_content":false,"robots_default":true,"robots_noindex":false,"robots_noarchive":false,"robots_nosnippet":false,"robots_nofollow":false,"robots_noimageindex":false,"robots_noodp":false,"robots_notranslate":false,"robots_max_snippet":"-1","robots_max_videopreview":"-1","robots_max_imagepreview":"large","priority":null,"frequency":"default","local_seo":null,"seo_analyzer_scan_date":"2025-10-09 08:46:18","breadcrumb_settings":null,"limit_modified_date":false,"reviewed_by":"0","open_ai":null,"ai":{"faqs":[],"keyPoints":[],"titles":[],"descriptions":[],"socialPosts":{"email":[],"linkedin":[],"twitter":[],"facebook":[],"instagram":[]}},"created":"2025-09-22 20:17:08","updated":"2026-02-05 05:42:35"},"aioseo_breadcrumb":"<div class=\"aioseo-breadcrumbs\"><span class=\"aioseo-breadcrumb\">\n\t<a href=\"https:\/\/soymigrante.com\/revista\" title=\"Home\">Home<\/a>\n<\/span><span class=\"aioseo-breadcrumb-separator\">\u00bb<\/span><span class=\"aioseo-breadcrumb\">\n\t<a href=\"https:\/\/soymigrante.com\/revista\/category\/bienestar\/\" title=\"Bienestar\">Bienestar<\/a>\n<\/span><span class=\"aioseo-breadcrumb-separator\">\u00bb<\/span><span class=\"aioseo-breadcrumb\">\n\t\u00bfQu\u00e9 opinas de prohibir celulares en aulas y escuelas? En USA ya lo hacen\n<\/span><\/div>","aioseo_breadcrumb_json":[{"label":"Home","link":"https:\/\/soymigrante.com\/revista"},{"label":"Bienestar","link":"https:\/\/soymigrante.com\/revista\/category\/bienestar\/"},{"label":"\u00bfQu\u00e9 opinas de prohibir celulares en aulas y escuelas? En USA ya lo hacen","link":"https:\/\/soymigrante.com\/revista\/que-opinas-de-prohibir-celulares-en-aulas-y-escuelas-en-usa-ya-lo-hacen\/"}],"_links":{"self":[{"href":"https:\/\/soymigrante.com\/revista\/wp-json\/wp\/v2\/posts\/45682","targetHints":{"allow":["GET"]}}],"collection":[{"href":"https:\/\/soymigrante.com\/revista\/wp-json\/wp\/v2\/posts"}],"about":[{"href":"https:\/\/soymigrante.com\/revista\/wp-json\/wp\/v2\/types\/post"}],"author":[{"embeddable":true,"href":"https:\/\/soymigrante.com\/revista\/wp-json\/wp\/v2\/users\/19"}],"replies":[{"embeddable":true,"href":"https:\/\/soymigrante.com\/revista\/wp-json\/wp\/v2\/comments?post=45682"}],"version-history":[{"count":9,"href":"https:\/\/soymigrante.com\/revista\/wp-json\/wp\/v2\/posts\/45682\/revisions"}],"predecessor-version":[{"id":45744,"href":"https:\/\/soymigrante.com\/revista\/wp-json\/wp\/v2\/posts\/45682\/revisions\/45744"}],"wp:featuredmedia":[{"embeddable":true,"href":"https:\/\/soymigrante.com\/revista\/wp-json\/wp\/v2\/media\/45683"}],"wp:attachment":[{"href":"https:\/\/soymigrante.com\/revista\/wp-json\/wp\/v2\/media?parent=45682"}],"wp:term":[{"taxonomy":"category","embeddable":true,"href":"https:\/\/soymigrante.com\/revista\/wp-json\/wp\/v2\/categories?post=45682"},{"taxonomy":"post_tag","embeddable":true,"href":"https:\/\/soymigrante.com\/revista\/wp-json\/wp\/v2\/tags?post=45682"}],"curies":[{"name":"wp","href":"https:\/\/api.w.org\/{rel}","templated":true}]}}