{"id":45669,"date":"2025-09-23T06:02:46","date_gmt":"2025-09-23T12:02:46","guid":{"rendered":"https:\/\/soymigrante.com\/revista\/?p=45669"},"modified":"2025-09-23T06:03:47","modified_gmt":"2025-09-23T12:03:47","slug":"mira-arte-guatemalteco-antonia-matos-pinto-para-desafiar-el-silencio","status":"publish","type":"post","link":"https:\/\/soymigrante.com\/revista\/mira-arte-guatemalteco-antonia-matos-pinto-para-desafiar-el-silencio\/","title":{"rendered":"Mira arte guatemalteco: Antonia Matos pint\u00f3 para desafiar el silencio"},"content":{"rendered":"\t\t<div data-elementor-type=\"wp-post\" data-elementor-id=\"45669\" class=\"elementor elementor-45669\" data-elementor-post-type=\"post\">\n\t\t\t\t<div data-particle_enable=\"false\" data-particle-mobile-disabled=\"false\" class=\"elementor-element elementor-element-5b863f2 e-flex e-con-boxed e-con e-parent\" data-id=\"5b863f2\" data-element_type=\"container\" data-e-type=\"container\">\n\t\t\t\t\t<div class=\"e-con-inner\">\n\t\t\t\t<div class=\"elementor-element elementor-element-13b716b elementor-widget elementor-widget-heading\" data-id=\"13b716b\" data-element_type=\"widget\" data-e-type=\"widget\" data-widget_type=\"heading.default\">\n\t\t\t\t\t<h2 class=\"elementor-heading-title elementor-size-default\">Antonia Matos fue una pintora guatemalteca, no solo mostr\u00f3 su arte, tambi\u00e9n lo convirti\u00f3 en un desaf\u00edo al silencio. \n<\/h2>\t\t\t\t<\/div>\n\t\t\t\t\t<\/div>\n\t\t\t\t<\/div>\n\t\t<div data-particle_enable=\"false\" data-particle-mobile-disabled=\"false\" class=\"elementor-element elementor-element-bde6e3f e-flex e-con-boxed e-con e-parent\" data-id=\"bde6e3f\" data-element_type=\"container\" data-e-type=\"container\">\n\t\t\t\t\t<div class=\"e-con-inner\">\n\t\t\t\t<div class=\"elementor-element elementor-element-69f36ca elementor-widget elementor-widget-text-editor\" data-id=\"69f36ca\" data-element_type=\"widget\" data-e-type=\"widget\" data-widget_type=\"text-editor.default\">\n\t\t\t\t\t\t\t\t\t<p>Solo una vez expuso su obra la pintora Antonia Matos y se convirti\u00f3 en un esc\u00e1ndalo. Era junio de 1934. \u00bfLa raz\u00f3n? Dentro de los cuadros expuestos hab\u00eda tres desnudos, que desataron las cr\u00edticas por ser considerados inmorales. Meses antes los hab\u00eda expuesto en la galer\u00eda Zak de Par\u00eds, con gran \u00e9xito. El director de Bellas Artes orden\u00f3 el cierre de la exposici\u00f3n.<\/p><p>Antonia Clementina Matos Aycinena, nacida el 21 de noviembre de 1902, en la zona 1 de la ciudad de Guatemala, era hija de un funcionario diplom\u00e1tico, quien fue enviado a Par\u00eds en 1930 y se las llev\u00f3 a ella y a su hermana Mar\u00eda Antonia, quien estudi\u00f3 piano. Clementina, pintura.<\/p><p>En 1932, Antonia Clementina gan\u00f3 el tercer lugar en \u00f3leo en la Escuela de Bellas Artes de Par\u00eds y tambi\u00e9n el primer lugar en las Olimpiadas Culturales de 1932, con un cuadro de unos remeros; obtuvo otro premio por la calidad de su dibujo. Pero en Guatemala, su arte fue incomprendido. Y no era la primera vez.<\/p>\t\t\t\t\t\t\t\t<\/div>\n\t\t\t\t\t<\/div>\n\t\t\t\t<\/div>\n\t\t<div data-particle_enable=\"false\" data-particle-mobile-disabled=\"false\" class=\"elementor-element elementor-element-bddd54f e-flex e-con-boxed e-con e-parent\" data-id=\"bddd54f\" data-element_type=\"container\" data-e-type=\"container\">\n\t\t\t\t\t<div class=\"e-con-inner\">\n\t\t\t\t<div class=\"elementor-element elementor-element-1c0a850 elementor-widget elementor-widget-image\" data-id=\"1c0a850\" data-element_type=\"widget\" data-e-type=\"widget\" data-widget_type=\"image.default\">\n\t\t\t\t\t\t\t\t\t\t\t\t<figure class=\"wp-caption\">\n\t\t\t\t\t\t\t\t\t\t<img fetchpriority=\"high\" decoding=\"async\" width=\"1024\" height=\"940\" src=\"https:\/\/soymigrante.com\/revista\/wp-content\/uploads\/2025\/09\/antonia-matos-artista-guatemalteca-soymigrante-2-1024x940.jpg\" class=\"attachment-large size-large wp-image-45750\" alt=\"Autorretrato de Antonia Matos. Despu\u00e9s del rechazo a su \u00fanica exposici\u00f3n en 1933, Antonia se dedic\u00f3 a pintar en su casa. Las pinturas ni siquiera eran colgadas, sino eran apiladas en habitaciones. Ella falleci\u00f3 en 1994 y en 2002 se hizo una exposici\u00f3n p\u00f3stuma de su trabajo.\" srcset=\"https:\/\/soymigrante.com\/revista\/wp-content\/uploads\/2025\/09\/antonia-matos-artista-guatemalteca-soymigrante-2-1024x940.jpg 1024w, https:\/\/soymigrante.com\/revista\/wp-content\/uploads\/2025\/09\/antonia-matos-artista-guatemalteca-soymigrante-2-300x275.jpg 300w, https:\/\/soymigrante.com\/revista\/wp-content\/uploads\/2025\/09\/antonia-matos-artista-guatemalteca-soymigrante-2-768x705.jpg 768w, https:\/\/soymigrante.com\/revista\/wp-content\/uploads\/2025\/09\/antonia-matos-artista-guatemalteca-soymigrante-2-750x689.jpg 750w, https:\/\/soymigrante.com\/revista\/wp-content\/uploads\/2025\/09\/antonia-matos-artista-guatemalteca-soymigrante-2.jpg 1037w\" sizes=\"(max-width: 1024px) 100vw, 1024px\" title=\"Autorretrato de Antonia Matos. Despu\u00e9s del rechazo a su \u00fanica exposici\u00f3n en 1933, Antonia se dedic\u00f3 a pintar en su casa. Las pinturas ni siquiera eran colgadas, sino eran apiladas en habitaciones.  Ella falleci\u00f3 en 1994 y en 2002 se hizo una exposici\u00f3n p\u00f3stuma de su trabajo. \u2013 SoyMigrante.com REVISTA\" \/>\t\t\t\t\t\t\t\t\t\t\t<figcaption class=\"widget-image-caption wp-caption-text\">Autorretrato de Antonia Matos. Despu\u00e9s del rechazo a su \u00fanica exposici\u00f3n en 1933, Antonia se dedic\u00f3 a pintar en su casa. Las pinturas ni siquiera eran colgadas, sino eran apiladas en habitaciones.  Ella falleci\u00f3 en 1994 y en 2002 se hizo una exposici\u00f3n p\u00f3stuma de su trabajo. <\/figcaption>\n\t\t\t\t\t\t\t\t\t\t<\/figure>\n\t\t\t\t\t\t\t\t\t<\/div>\n\t\t\t\t\t<\/div>\n\t\t\t\t<\/div>\n\t\t<div data-particle_enable=\"false\" data-particle-mobile-disabled=\"false\" class=\"elementor-element elementor-element-f8bad25 e-flex e-con-boxed e-con e-parent\" data-id=\"f8bad25\" data-element_type=\"container\" data-e-type=\"container\">\n\t\t\t\t\t<div class=\"e-con-inner\">\n\t\t\t\t<div class=\"elementor-element elementor-element-483f4b5 elementor-widget elementor-widget-heading\" data-id=\"483f4b5\" data-element_type=\"widget\" data-e-type=\"widget\" data-widget_type=\"heading.default\">\n\t\t\t\t\t<h3 class=\"elementor-heading-title elementor-size-default\">Un alma art\u00edstica en una sociedad conservadora<\/h3>\t\t\t\t<\/div>\n\t\t\t\t\t<\/div>\n\t\t\t\t<\/div>\n\t\t<div data-particle_enable=\"false\" data-particle-mobile-disabled=\"false\" class=\"elementor-element elementor-element-4c7afb0 e-flex e-con-boxed e-con e-parent\" data-id=\"4c7afb0\" data-element_type=\"container\" data-e-type=\"container\">\n\t\t\t\t\t<div class=\"e-con-inner\">\n\t\t\t\t<div class=\"elementor-element elementor-element-699c9a2 elementor-widget elementor-widget-text-editor\" data-id=\"699c9a2\" data-element_type=\"widget\" data-e-type=\"widget\" data-widget_type=\"text-editor.default\">\n\t\t\t\t\t\t\t\t\t<p>Desde muy joven Antonia Clementina Matos mostr\u00f3 inclinaciones art\u00edsticas. Estudi\u00f3 con maestros destacados como Justo de Gandarias, Agust\u00edn Iriarte y Rafael Rodr\u00edguez Padilla. En 1920 ingres\u00f3 a la reci\u00e9n fundada Academia Nacional de Pintura de Guatemala, digirida por este \u00faltimo.<\/p>\n<p>A Rodr\u00edguez Padilla se le encomend\u00f3 erigir un suntuoso pante\u00f3n para la familia Castillo, en el <a href=\"https:\/\/soymigrante.com\/revista\/cementerio-general-de-guatemala-historia-arte-y-leyendas\/\">Cementerio General.<\/a> Era de estilo egipcio y le coloc\u00f3 una esculturas femeninas semidesnudas en las esquinas (las cuales pueden verse hasta el d\u00eda de hoy). Era 1929 y corri\u00f3 el rumor de que Antonia Matos&nbsp; hab\u00eda modelado para tales figuras y que era su rostro el de aquellas estatuas. Le llovieron cr\u00edticas, aunque ella siempre neg\u00f3 haber modelado.&nbsp;<\/p>\t\t\t\t\t\t\t\t<\/div>\n\t\t\t\t\t<\/div>\n\t\t\t\t<\/div>\n\t\t<div data-particle_enable=\"false\" data-particle-mobile-disabled=\"false\" class=\"elementor-element elementor-element-e328599 e-flex e-con-boxed e-con e-parent\" data-id=\"e328599\" data-element_type=\"container\" data-e-type=\"container\">\n\t\t\t\t\t<div class=\"e-con-inner\">\n\t\t\t\t<div class=\"elementor-element elementor-element-7b227b9 elementor-widget elementor-widget-image\" data-id=\"7b227b9\" data-element_type=\"widget\" data-e-type=\"widget\" data-widget_type=\"image.default\">\n\t\t\t\t\t\t\t\t\t\t\t\t<figure class=\"wp-caption\">\n\t\t\t\t\t\t\t\t\t\t<img decoding=\"async\" width=\"504\" height=\"504\" src=\"https:\/\/soymigrante.com\/revista\/wp-content\/uploads\/2025\/08\/cementerio-general-1-e1755220635970.webp\" class=\"attachment-large size-large wp-image-42132\" alt=\"Impresionante monumento de estilo egipcio en piedra, con relieves y esculturas detalladas, situado en un entorno urbano bajo un cielo azul brillante.\" srcset=\"https:\/\/soymigrante.com\/revista\/wp-content\/uploads\/2025\/08\/cementerio-general-1-e1755220635970.webp 504w, https:\/\/soymigrante.com\/revista\/wp-content\/uploads\/2025\/08\/cementerio-general-1-e1755220635970-300x300.jpg 300w, https:\/\/soymigrante.com\/revista\/wp-content\/uploads\/2025\/08\/cementerio-general-1-e1755220635970-150x150.jpg 150w, https:\/\/soymigrante.com\/revista\/wp-content\/uploads\/2025\/08\/cementerio-general-1-e1755220635970-75x75.webp 75w\" sizes=\"(max-width: 504px) 100vw, 504px\" title=\"Cementerio General de Guatemala: historia, arte y leyendas que estremecen \u2013 SoyMigrante.com REVISTA\" \/>\t\t\t\t\t\t\t\t\t\t\t<figcaption class=\"widget-image-caption wp-caption-text\">Monumento de estilo egipcio con esculturas y relieves en piedra, ubicado en un entorno urbano, destacando por su arquitectura inspirada en la cultura egipcia. El rumor general en la Guatemala de 1929 era que la modelo para estas esculturas desnudas hab\u00eda sido la artista Antonia Matos.<\/figcaption>\n\t\t\t\t\t\t\t\t\t\t<\/figure>\n\t\t\t\t\t\t\t\t\t<\/div>\n\t\t\t\t\t<\/div>\n\t\t\t\t<\/div>\n\t\t<div data-particle_enable=\"false\" data-particle-mobile-disabled=\"false\" class=\"elementor-element elementor-element-332a9d1 e-flex e-con-boxed e-con e-parent\" data-id=\"332a9d1\" data-element_type=\"container\" data-e-type=\"container\">\n\t\t\t\t\t<div class=\"e-con-inner\">\n\t\t\t\t<div class=\"elementor-element elementor-element-4a56788 elementor-widget elementor-widget-text-editor\" data-id=\"4a56788\" data-element_type=\"widget\" data-e-type=\"widget\" data-widget_type=\"text-editor.default\">\n\t\t\t\t\t\t\t\t\t<p>Como se relat\u00f3 antes, en 1929, la familia Matos se traslad\u00f3 a Par\u00eds, donde continu\u00f3 su formaci\u00f3n en la Escuela de Bellas Artes. All\u00ed desarroll\u00f3 gran destreza para pintar figura humana, masculina\u00a0 y femenina. <a href=\"https:\/\/www.facebook.com\/100042392623884\/posts\/antonia-matos-la-pintora-solitariaantonia-clementina-matos-aycinena-1904-o-1909-\/1331772751579133\/\" target=\"_blank\" rel=\"noopener\">Particip\u00f3 en diversos salones art\u00edsticos europeos,<\/a> como el Sal\u00f3n de las Tuller\u00edas, el Sal\u00f3n de la Soci\u00e9t\u00e9 des Artistes Fran\u00e7ais, y la Exposition de la Soci\u00e9t\u00e9 des Artistes Ind\u00e9pendants.\u00a0<\/p>\t\t\t\t\t\t\t\t<\/div>\n\t\t\t\t\t<\/div>\n\t\t\t\t<\/div>\n\t\t<div data-particle_enable=\"false\" data-particle-mobile-disabled=\"false\" class=\"elementor-element elementor-element-d5b526d e-flex e-con-boxed e-con e-parent\" data-id=\"d5b526d\" data-element_type=\"container\" data-e-type=\"container\">\n\t\t\t\t\t<div class=\"e-con-inner\">\n\t\t\t\t<div class=\"elementor-element elementor-element-c3e11e2 elementor-widget elementor-widget-image\" data-id=\"c3e11e2\" data-element_type=\"widget\" data-e-type=\"widget\" data-widget_type=\"image.default\">\n\t\t\t\t\t\t\t\t\t\t\t\t<figure class=\"wp-caption\">\n\t\t\t\t\t\t\t\t\t\t<img decoding=\"async\" width=\"872\" height=\"510\" src=\"https:\/\/soymigrante.com\/revista\/wp-content\/uploads\/2025\/09\/antonia-matos-artista-guatemalteca-soymigrante-3.jpg\" class=\"attachment-large size-large wp-image-45751\" alt=\"Estos son dos de las pinturas de desnudo masculino pintadas por Antonia Matos (1902-1994) y que fueron motivo de esc\u00e1ndalo en 1933, lo que llev\u00f3 a censurar su \u00fanica exposici\u00f3n. Se critic\u00f3 que una mujer pintara tales temas, que a su vez implicaban haber tenido modelos sin ropa. Antonia nunca m\u00e1s volvi\u00f3 a exponer su obra. En 2002 se present\u00f3 por primera vez una retrospectiva de su trabajo.\" srcset=\"https:\/\/soymigrante.com\/revista\/wp-content\/uploads\/2025\/09\/antonia-matos-artista-guatemalteca-soymigrante-3.jpg 872w, https:\/\/soymigrante.com\/revista\/wp-content\/uploads\/2025\/09\/antonia-matos-artista-guatemalteca-soymigrante-3-300x175.jpg 300w, https:\/\/soymigrante.com\/revista\/wp-content\/uploads\/2025\/09\/antonia-matos-artista-guatemalteca-soymigrante-3-768x449.jpg 768w, https:\/\/soymigrante.com\/revista\/wp-content\/uploads\/2025\/09\/antonia-matos-artista-guatemalteca-soymigrante-3-750x439.jpg 750w\" sizes=\"(max-width: 872px) 100vw, 872px\" title=\"Estos son dos de las pinturas de desnudo masculino pintadas por Antonia Matos (1902-1994) y que fueron motivo de esc\u00e1ndalo en 1933, lo que llev\u00f3 a censurar su \u00fanica exposici\u00f3n. Se critic\u00f3 que una mujer pintara tales temas, que a su vez implicaban haber tenido modelos sin ropa. Antonia nunca m\u00e1s volvi\u00f3 a exponer su obra. En 2002 se present\u00f3 por primera vez una retrospectiva de su trabajo. \u2013 SoyMigrante.com REVISTA\" \/>\t\t\t\t\t\t\t\t\t\t\t<figcaption class=\"widget-image-caption wp-caption-text\">Estos son dos de las pinturas de desnudo masculino pintadas por Antonia Matos (1902-1994) y que fueron motivo de esc\u00e1ndalo en 1933, lo que llev\u00f3 a censurar su \u00fanica exposici\u00f3n. Se critic\u00f3 que una mujer pintara tales temas, que a su vez implicaban haber tenido modelos sin ropa. Antonia nunca m\u00e1s volvi\u00f3 a exponer su obra. En 2002 se present\u00f3 por primera vez una retrospectiva de su trabajo.<\/figcaption>\n\t\t\t\t\t\t\t\t\t\t<\/figure>\n\t\t\t\t\t\t\t\t\t<\/div>\n\t\t\t\t\t<\/div>\n\t\t\t\t<\/div>\n\t\t<div data-particle_enable=\"false\" data-particle-mobile-disabled=\"false\" class=\"elementor-element elementor-element-021ba02 e-flex e-con-boxed e-con e-parent\" data-id=\"021ba02\" data-element_type=\"container\" data-e-type=\"container\">\n\t\t\t\t\t<div class=\"e-con-inner\">\n\t\t\t\t<div class=\"elementor-element elementor-element-9ef8c8a elementor-widget elementor-widget-text-editor\" data-id=\"9ef8c8a\" data-element_type=\"widget\" data-e-type=\"widget\" data-widget_type=\"text-editor.default\">\n\t\t\t\t\t\t\t\t\t<p>Uno de sus momentos internacionales m\u00e1s destacados fue cuando Guatemala estuvo representado de forma \u201cindirecta\u201d en la competencia de arte de los Juegos Ol\u00edmpicos de Verano de 1932, en Los \u00c1ngeles, con su \u00f3leo \u201cLa carrera de canoas\u201d.\u00a0<\/p><p>Aunque el Comit\u00e9 Ol\u00edmpico Internacional no reconoc\u00eda a Guatemala, por no estar afiliada en aquel tiempo, Matos fue premiada por la calidad de su obra.<\/p>\t\t\t\t\t\t\t\t<\/div>\n\t\t\t\t\t<\/div>\n\t\t\t\t<\/div>\n\t\t<div data-particle_enable=\"false\" data-particle-mobile-disabled=\"false\" class=\"elementor-element elementor-element-ce959cb e-flex e-con-boxed e-con e-parent\" data-id=\"ce959cb\" data-element_type=\"container\" data-e-type=\"container\">\n\t\t\t\t\t<div class=\"e-con-inner\">\n\t\t\t\t<div class=\"elementor-element elementor-element-845e39f elementor-widget elementor-widget-image\" data-id=\"845e39f\" data-element_type=\"widget\" data-e-type=\"widget\" data-widget_type=\"image.default\">\n\t\t\t\t\t\t\t\t\t\t\t\t<figure class=\"wp-caption\">\n\t\t\t\t\t\t\t\t\t\t<img loading=\"lazy\" decoding=\"async\" width=\"401\" height=\"487\" src=\"https:\/\/soymigrante.com\/revista\/wp-content\/uploads\/2025\/09\/carrera-de-piraguas.png\" class=\"attachment-large size-large wp-image-45752\" alt=\"Carrera de canoas, es la pintura con la cual la artista guatemalteca Antonia Matos gan\u00f3 las Olimpiadas de Arte en 1932. Guatemala a\u00fan no ten\u00eda filiaci\u00f3n al Comit\u00e9 Ol\u00edmpico Internacional por lo cual no participaba en dichas justas deportivas.\" srcset=\"https:\/\/soymigrante.com\/revista\/wp-content\/uploads\/2025\/09\/carrera-de-piraguas.png 401w, https:\/\/soymigrante.com\/revista\/wp-content\/uploads\/2025\/09\/carrera-de-piraguas-247x300.png 247w\" sizes=\"(max-width: 401px) 100vw, 401px\" title=\"Carrera de canoas, es la pintura con la cual la artista guatemalteca Antonia Matos gan\u00f3 las Olimpiadas de Arte en 1932. Guatemala a\u00fan no ten\u00eda filiaci\u00f3n al Comit\u00e9 Ol\u00edmpico Internacional por lo cual no participaba en dichas justas deportivas. \u2013 SoyMigrante.com REVISTA\" \/>\t\t\t\t\t\t\t\t\t\t\t<figcaption class=\"widget-image-caption wp-caption-text\">Carrera de canoas, es la pintura con la cual la artista guatemalteca Antonia Matos gan\u00f3 las Olimpiadas de Arte en 1932. Guatemala a\u00fan no ten\u00eda filiaci\u00f3n al Comit\u00e9 Ol\u00edmpico Internacional por lo cual no participaba en dichas justas deportivas. <\/figcaption>\n\t\t\t\t\t\t\t\t\t\t<\/figure>\n\t\t\t\t\t\t\t\t\t<\/div>\n\t\t\t\t\t<\/div>\n\t\t\t\t<\/div>\n\t\t<div data-particle_enable=\"false\" data-particle-mobile-disabled=\"false\" class=\"elementor-element elementor-element-80e5f19 e-flex e-con-boxed e-con e-parent\" data-id=\"80e5f19\" data-element_type=\"container\" data-e-type=\"container\">\n\t\t\t\t\t<div class=\"e-con-inner\">\n\t\t\t\t<div class=\"elementor-element elementor-element-cc52b25 elementor-widget elementor-widget-heading\" data-id=\"cc52b25\" data-element_type=\"widget\" data-e-type=\"widget\" data-widget_type=\"heading.default\">\n\t\t\t\t\t<h3 class=\"elementor-heading-title elementor-size-default\">Lo que buscaba en su obra<\/h3>\t\t\t\t<\/div>\n\t\t\t\t\t<\/div>\n\t\t\t\t<\/div>\n\t\t<div data-particle_enable=\"false\" data-particle-mobile-disabled=\"false\" class=\"elementor-element elementor-element-2f94367 e-flex e-con-boxed e-con e-parent\" data-id=\"2f94367\" data-element_type=\"container\" data-e-type=\"container\">\n\t\t\t\t\t<div class=\"e-con-inner\">\n\t\t\t\t<div class=\"elementor-element elementor-element-0d7b234 elementor-widget elementor-widget-text-editor\" data-id=\"0d7b234\" data-element_type=\"widget\" data-e-type=\"widget\" data-widget_type=\"text-editor.default\">\n\t\t\t\t\t\t\t\t\t<p><a href=\"https:\/\/www.facebook.com\/100042392623884\/posts\/antonia-matos-la-pintora-solitariaantonia-clementina-matos-aycinena-1904-o-1909-\/1331772751579133\/\" target=\"_blank\" rel=\"noopener\">Antonia Matos busc\u00f3 expresar la figura humana con honestidad,<\/a> explorando la forma, la luz y la textura, sin esconderse detr\u00e1s de convencionalismos. Sus desnudos, lejos de ser provocativos por s\u00ed mismos, desafiaron los l\u00edmites morales de su sociedad conservadora. Adem\u00e1s, su formaci\u00f3n acad\u00e9mica \u2014y su estancia en Par\u00eds, centro de vibrantes corrientes art\u00edsticas\u2014 le proporcion\u00f3 un lenguaje pict\u00f3rico refinado que combinaba rigor t\u00e9cnico con sensibilidad individual.<\/p><p>Pero el arte de Antonia Matos no solo fue est\u00e9tica. Fue tambi\u00e9n un acto de autonom\u00eda: la elecci\u00f3n de tema, estilo y exposici\u00f3n representaron una forma de interferir en lo social, de enfrentarse al silencio, al prejuicio.<\/p>\t\t\t\t\t\t\t\t<\/div>\n\t\t\t\t\t<\/div>\n\t\t\t\t<\/div>\n\t\t<div data-particle_enable=\"false\" data-particle-mobile-disabled=\"false\" class=\"elementor-element elementor-element-aa27ffd e-flex e-con-boxed e-con e-parent\" data-id=\"aa27ffd\" data-element_type=\"container\" data-e-type=\"container\">\n\t\t\t\t\t<div class=\"e-con-inner\">\n\t\t\t\t<div class=\"elementor-element elementor-element-5d16a49 elementor-widget elementor-widget-image\" data-id=\"5d16a49\" data-element_type=\"widget\" data-e-type=\"widget\" data-widget_type=\"image.default\">\n\t\t\t\t\t\t\t\t\t\t\t\t<figure class=\"wp-caption\">\n\t\t\t\t\t\t\t\t\t\t<img loading=\"lazy\" decoding=\"async\" width=\"791\" height=\"1024\" src=\"https:\/\/soymigrante.com\/revista\/wp-content\/uploads\/2025\/09\/autorretrato-antonia-matos-791x1024.jpg\" class=\"attachment-large size-large wp-image-45754\" alt=\"Antonia Matos se dedic\u00f3 a pintar en una habitaci\u00f3n de su casa y sus pinturas fueron encontradas apiladas una sobre otras. Falleci\u00f3 en 1994 a causa de complicaciones de una neumon\u00eda. Un abogado inescrupuloso trat\u00f3 de despojar a las hermanas Matos de su casa.\" srcset=\"https:\/\/soymigrante.com\/revista\/wp-content\/uploads\/2025\/09\/autorretrato-antonia-matos-791x1024.jpg 791w, https:\/\/soymigrante.com\/revista\/wp-content\/uploads\/2025\/09\/autorretrato-antonia-matos-232x300.jpg 232w, https:\/\/soymigrante.com\/revista\/wp-content\/uploads\/2025\/09\/autorretrato-antonia-matos-768x994.jpg 768w, https:\/\/soymigrante.com\/revista\/wp-content\/uploads\/2025\/09\/autorretrato-antonia-matos-1187x1536.jpg 1187w, https:\/\/soymigrante.com\/revista\/wp-content\/uploads\/2025\/09\/autorretrato-antonia-matos-750x971.jpg 750w, https:\/\/soymigrante.com\/revista\/wp-content\/uploads\/2025\/09\/autorretrato-antonia-matos-1140x1476.jpg 1140w, https:\/\/soymigrante.com\/revista\/wp-content\/uploads\/2025\/09\/autorretrato-antonia-matos.jpg 1236w\" sizes=\"(max-width: 791px) 100vw, 791px\" title=\"Antonia Matos se dedic\u00f3 a pintar en una habitaci\u00f3n de su casa y sus pinturas fueron encontradas apiladas una sobre otras. Falleci\u00f3 en 1994 a causa de complicaciones de una neumon\u00eda. Un abogado inescrupuloso trat\u00f3 de despojar a las hermanas Matos de su casa. \u2013 SoyMigrante.com REVISTA\" \/>\t\t\t\t\t\t\t\t\t\t\t<figcaption class=\"widget-image-caption wp-caption-text\">Antonia Matos se dedic\u00f3 a pintar en una habitaci\u00f3n de su casa y sus pinturas fueron encontradas apiladas una sobre otras. Falleci\u00f3 en 1994 a causa de complicaciones de una neumon\u00eda. Un abogado inescrupuloso trat\u00f3 de despojar a las hermanas Matos de su casa.<\/figcaption>\n\t\t\t\t\t\t\t\t\t\t<\/figure>\n\t\t\t\t\t\t\t\t\t<\/div>\n\t\t\t\t\t<\/div>\n\t\t\t\t<\/div>\n\t\t<div data-particle_enable=\"false\" data-particle-mobile-disabled=\"false\" class=\"elementor-element elementor-element-e865ebe e-flex e-con-boxed e-con e-parent\" data-id=\"e865ebe\" data-element_type=\"container\" data-e-type=\"container\">\n\t\t\t\t\t<div class=\"e-con-inner\">\n\t\t\t\t<div class=\"elementor-element elementor-element-09eca58 elementor-widget elementor-widget-heading\" data-id=\"09eca58\" data-element_type=\"widget\" data-e-type=\"widget\" data-widget_type=\"heading.default\">\n\t\t\t\t\t<h3 class=\"elementor-heading-title elementor-size-default\">Obst\u00e1culos, censura y olvido<\/h3>\t\t\t\t<\/div>\n\t\t\t\t\t<\/div>\n\t\t\t\t<\/div>\n\t\t<div data-particle_enable=\"false\" data-particle-mobile-disabled=\"false\" class=\"elementor-element elementor-element-49b99e4 e-flex e-con-boxed e-con e-parent\" data-id=\"49b99e4\" data-element_type=\"container\" data-e-type=\"container\">\n\t\t\t\t\t<div class=\"e-con-inner\">\n\t\t\t\t<div class=\"elementor-element elementor-element-3d12e48 elementor-widget elementor-widget-text-editor\" data-id=\"3d12e48\" data-element_type=\"widget\" data-e-type=\"widget\" data-widget_type=\"text-editor.default\">\n\t\t\t\t\t\t\t\t\t<p><a href=\"https:\/\/www.facebook.com\/100042392623884\/posts\/antonia-matos-la-pintora-solitariaantonia-clementina-matos-aycinena-1904-o-1909-\/1331772751579133\/\" target=\"_blank\" rel=\"noopener\">Matos pr\u00e1cticamente se retir\u00f3 de la escena p\u00fablica en Guatemala, pintando en privado.<\/a> Sus obras viajaron ocasionalmente en exposiciones itinerantes en Europa y Estados Unidos, pero en su pa\u00eds natal tard\u00f3 d\u00e9cadas para que se le reconociera formalmente.<\/p>\t\t\t\t\t\t\t\t<\/div>\n\t\t\t\t\t<\/div>\n\t\t\t\t<\/div>\n\t\t<div data-particle_enable=\"false\" data-particle-mobile-disabled=\"false\" class=\"elementor-element elementor-element-38b7664 e-flex e-con-boxed e-con e-parent\" data-id=\"38b7664\" data-element_type=\"container\" data-e-type=\"container\">\n\t\t\t\t\t<div class=\"e-con-inner\">\n\t\t\t\t<div class=\"elementor-element elementor-element-af4866e elementor-widget elementor-widget-image\" data-id=\"af4866e\" data-element_type=\"widget\" data-e-type=\"widget\" data-widget_type=\"image.default\">\n\t\t\t\t\t\t\t\t\t\t\t\t<figure class=\"wp-caption\">\n\t\t\t\t\t\t\t\t\t\t<img loading=\"lazy\" decoding=\"async\" width=\"480\" height=\"360\" src=\"https:\/\/soymigrante.com\/revista\/wp-content\/uploads\/2025\/09\/antonia-matos-3.jpg\" class=\"attachment-large size-large wp-image-45677\" alt=\"Antonia Matos inspir\u00f3 a que la historia fuera distinta.\" srcset=\"https:\/\/soymigrante.com\/revista\/wp-content\/uploads\/2025\/09\/antonia-matos-3.jpg 480w, https:\/\/soymigrante.com\/revista\/wp-content\/uploads\/2025\/09\/antonia-matos-3-300x225.jpg 300w\" sizes=\"(max-width: 480px) 100vw, 480px\" title=\"Antonia Matos inspir\u00f3 a que la historia fuera distinta. \u2013 SoyMigrante.com REVISTA\" \/>\t\t\t\t\t\t\t\t\t\t\t<figcaption class=\"widget-image-caption wp-caption-text\">Antonia Matos inspir\u00f3 a que la historia fuera distinta. <\/figcaption>\n\t\t\t\t\t\t\t\t\t\t<\/figure>\n\t\t\t\t\t\t\t\t\t<\/div>\n\t\t\t\t\t<\/div>\n\t\t\t\t<\/div>\n\t\t<div data-particle_enable=\"false\" data-particle-mobile-disabled=\"false\" class=\"elementor-element elementor-element-8ce2d7f e-flex e-con-boxed e-con e-parent\" data-id=\"8ce2d7f\" data-element_type=\"container\" data-e-type=\"container\">\n\t\t\t\t\t<div class=\"e-con-inner\">\n\t\t\t\t<div class=\"elementor-element elementor-element-ca6f965 elementor-widget elementor-widget-heading\" data-id=\"ca6f965\" data-element_type=\"widget\" data-e-type=\"widget\" data-widget_type=\"heading.default\">\n\t\t\t\t\t<h3 class=\"elementor-heading-title elementor-size-default\">Fallecimiento y legado<\/h3>\t\t\t\t<\/div>\n\t\t\t\t\t<\/div>\n\t\t\t\t<\/div>\n\t\t<div data-particle_enable=\"false\" data-particle-mobile-disabled=\"false\" class=\"elementor-element elementor-element-d0e9f76 e-flex e-con-boxed e-con e-parent\" data-id=\"d0e9f76\" data-element_type=\"container\" data-e-type=\"container\">\n\t\t\t\t\t<div class=\"e-con-inner\">\n\t\t\t\t<div class=\"elementor-element elementor-element-da11958 elementor-widget elementor-widget-text-editor\" data-id=\"da11958\" data-element_type=\"widget\" data-e-type=\"widget\" data-widget_type=\"text-editor.default\">\n\t\t\t\t\t\t\t\t\t<p>En los \u00faltimos a\u00f1os de su vida vivi\u00f3 en relativa soledad, aunque con algunas personas y organizaciones que intentaron rescatar su obra. En 1992 sufri\u00f3 una neumon\u00eda de la que nunca se recuper\u00f3 completamente. Falleci\u00f3 el 22 de junio de 1994 en Ciudad de Guatemala.<\/p><p>Su legado art\u00edstico y simb\u00f3lico se ha revitalizado en las \u00faltimas d\u00e9cadas con exposiciones p\u00f3stumas, estudios y valoraciones cr\u00edticas que la sit\u00faan como una de las figuras femeninas m\u00e1s importantes del arte guatemalteco del siglo XX. Sin embargo, todav\u00eda persisten vac\u00edos: muchas de sus obras est\u00e1n en colecciones privadas, algunas no firmadas, y pocos museos nacionales albergan piezas originales.<\/p>\t\t\t\t\t\t\t\t<\/div>\n\t\t\t\t\t<\/div>\n\t\t\t\t<\/div>\n\t\t<div data-particle_enable=\"false\" data-particle-mobile-disabled=\"false\" class=\"elementor-element elementor-element-6817292 e-flex e-con-boxed e-con e-parent\" data-id=\"6817292\" data-element_type=\"container\" data-e-type=\"container\">\n\t\t\t\t\t<div class=\"e-con-inner\">\n\t\t\t\t<div class=\"elementor-element elementor-element-357a796 elementor-widget elementor-widget-image\" data-id=\"357a796\" data-element_type=\"widget\" data-e-type=\"widget\" data-widget_type=\"image.default\">\n\t\t\t\t\t\t\t\t\t\t\t\t<figure class=\"wp-caption\">\n\t\t\t\t\t\t\t\t\t\t<img loading=\"lazy\" decoding=\"async\" width=\"1024\" height=\"575\" src=\"https:\/\/soymigrante.com\/revista\/wp-content\/uploads\/2025\/09\/antonia-matos-artista-guatemalteca-soymigrante-4-1024x575.jpg\" class=\"attachment-large size-large wp-image-45755\" alt=\"Antonia Matos cuando estudiaba arte en Par\u00eds, junto a un grupo de alumnos. Ella est\u00e1 sentada enmedio.\" srcset=\"https:\/\/soymigrante.com\/revista\/wp-content\/uploads\/2025\/09\/antonia-matos-artista-guatemalteca-soymigrante-4-1024x575.jpg 1024w, https:\/\/soymigrante.com\/revista\/wp-content\/uploads\/2025\/09\/antonia-matos-artista-guatemalteca-soymigrante-4-300x168.jpg 300w, https:\/\/soymigrante.com\/revista\/wp-content\/uploads\/2025\/09\/antonia-matos-artista-guatemalteca-soymigrante-4-768x431.jpg 768w, https:\/\/soymigrante.com\/revista\/wp-content\/uploads\/2025\/09\/antonia-matos-artista-guatemalteca-soymigrante-4-1536x862.jpg 1536w, https:\/\/soymigrante.com\/revista\/wp-content\/uploads\/2025\/09\/antonia-matos-artista-guatemalteca-soymigrante-4-750x421.jpg 750w, https:\/\/soymigrante.com\/revista\/wp-content\/uploads\/2025\/09\/antonia-matos-artista-guatemalteca-soymigrante-4-1140x640.jpg 1140w, https:\/\/soymigrante.com\/revista\/wp-content\/uploads\/2025\/09\/antonia-matos-artista-guatemalteca-soymigrante-4.jpg 1600w\" sizes=\"(max-width: 1024px) 100vw, 1024px\" title=\"Antonia Matos cuando estudiaba arte en Par\u00eds, junto a un grupo de alumnos. Ella est\u00e1 sentada enmedio. \u2013 SoyMigrante.com REVISTA\" \/>\t\t\t\t\t\t\t\t\t\t\t<figcaption class=\"widget-image-caption wp-caption-text\">Antonia Matos cuando estudiaba arte en Par\u00eds, junto a un grupo de alumnos. Ella est\u00e1 sentada enmedio.<\/figcaption>\n\t\t\t\t\t\t\t\t\t\t<\/figure>\n\t\t\t\t\t\t\t\t\t<\/div>\n\t\t\t\t\t<\/div>\n\t\t\t\t<\/div>\n\t\t<div data-particle_enable=\"false\" data-particle-mobile-disabled=\"false\" class=\"elementor-element elementor-element-090b885 e-flex e-con-boxed e-con e-parent\" data-id=\"090b885\" data-element_type=\"container\" data-e-type=\"container\">\n\t\t\t\t\t<div class=\"e-con-inner\">\n\t\t\t\t<div class=\"elementor-element elementor-element-ee5d525 elementor-widget elementor-widget-heading\" data-id=\"ee5d525\" data-element_type=\"widget\" data-e-type=\"widget\" data-widget_type=\"heading.default\">\n\t\t\t\t\t<h3 class=\"elementor-heading-title elementor-size-default\">\u00bfPor qu\u00e9 importa recordar a Antonia Matos?<\/h3>\t\t\t\t<\/div>\n\t\t\t\t\t<\/div>\n\t\t\t\t<\/div>\n\t\t<div data-particle_enable=\"false\" data-particle-mobile-disabled=\"false\" class=\"elementor-element elementor-element-c93835e e-flex e-con-boxed e-con e-parent\" data-id=\"c93835e\" data-element_type=\"container\" data-e-type=\"container\">\n\t\t\t\t\t<div class=\"e-con-inner\">\n\t\t\t\t<div class=\"elementor-element elementor-element-c99b772 elementor-widget elementor-widget-text-editor\" data-id=\"c99b772\" data-element_type=\"widget\" data-e-type=\"widget\" data-widget_type=\"text-editor.default\">\n\t\t\t\t\t\t\t\t\t<p>Porque su vida articula una tensi\u00f3n \u00fatil: entre la creatividad individual y las barreras sociales; entre la libertad expresiva y las normas morales del entorno. <a href=\"https:\/\/www.facebook.com\/100042392623884\/posts\/antonia-matos-la-pintora-solitariaantonia-clementina-matos-aycinena-1904-o-1909-\/1331772751579133\/\" target=\"_blank\" rel=\"noopener\">Antonia Matos no solo pint\u00f3 desnudos: pint\u00f3 tambi\u00e9n dignidad, insistencia,<\/a> y una mirada hacia lo aut\u00e9ntico. Su historia nos recuerda la importancia de reconocer el talento donde ha sido silenciado, de re-leer nuestras propias historias culturales para ver qui\u00e9nes quedaron fuera del canon.<\/p>\t\t\t\t\t\t\t\t<\/div>\n\t\t\t\t\t<\/div>\n\t\t\t\t<\/div>\n\t\t<div data-particle_enable=\"false\" data-particle-mobile-disabled=\"false\" class=\"elementor-element elementor-element-5f2c9d8 e-flex e-con-boxed e-con e-parent\" data-id=\"5f2c9d8\" data-element_type=\"container\" data-e-type=\"container\">\n\t\t\t\t\t<div class=\"e-con-inner\">\n\t\t\t\t<div class=\"elementor-element elementor-element-e5c15a1 elementor-widget elementor-widget-html\" data-id=\"e5c15a1\" data-element_type=\"widget\" data-e-type=\"widget\" data-widget_type=\"html.default\">\n\t\t\t\t\t<iframe width=\"560\" height=\"415\" src=\"https:\/\/www.youtube.com\/embed\/bPx98PwGr0M?si=9Z-Ts6xSFboRRunU\" title=\"YouTube video player\" frameborder=\"0\" allow=\"accelerometer; autoplay; clipboard-write; encrypted-media; gyroscope; picture-in-picture; web-share\" referrerpolicy=\"strict-origin-when-cross-origin\" allowfullscreen><\/iframe>\t\t\t\t<\/div>\n\t\t\t\t\t<\/div>\n\t\t\t\t<\/div>\n\t\t<div data-particle_enable=\"false\" data-particle-mobile-disabled=\"false\" class=\"elementor-element elementor-element-802dffe e-flex e-con-boxed e-con e-parent\" data-id=\"802dffe\" data-element_type=\"container\" data-e-type=\"container\">\n\t\t\t\t\t<div class=\"e-con-inner\">\n\t\t\t\t<div class=\"elementor-element elementor-element-112efcd elementor-widget elementor-widget-heading\" data-id=\"112efcd\" data-element_type=\"widget\" data-e-type=\"widget\" data-widget_type=\"heading.default\">\n\t\t\t\t\t<h2 class=\"elementor-heading-title elementor-size-default\">Conoce m\u00e1s de otros artistas guatemaltecos, ac\u00e1...<\/h2>\t\t\t\t<\/div>\n\t\t\t\t\t<\/div>\n\t\t\t\t<\/div>\n\t\t<div data-particle_enable=\"false\" data-particle-mobile-disabled=\"false\" class=\"elementor-element elementor-element-f2c52a9 e-flex e-con-boxed e-con e-parent\" data-id=\"f2c52a9\" data-element_type=\"container\" data-e-type=\"container\">\n\t\t\t\t\t<div class=\"e-con-inner\">\n\t\t\t\t<div class=\"elementor-element elementor-element-e7c7aa7 elementor-grid-eael-col-3 elementor-grid-tablet-eael-col-2 elementor-grid-mobile-eael-col-1 elementor-widget elementor-widget-eael-post-grid\" data-id=\"e7c7aa7\" data-element_type=\"widget\" data-e-type=\"widget\" data-settings=\"{&quot;eael_post_grid_columns&quot;:&quot;eael-col-3&quot;,&quot;eael_post_grid_columns_tablet&quot;:&quot;eael-col-2&quot;,&quot;eael_post_grid_columns_mobile&quot;:&quot;eael-col-1&quot;}\" data-widget_type=\"eael-post-grid.default\">\n\t\t\t\t\t<div id=\"eael-post-grid-e7c7aa7\" class=\"eael-post-grid-container\">\n            <div class=\"eael-post-grid eael-post-appender eael-post-appender-e7c7aa7 eael-post-grid-style-one\" data-layout-mode=\"masonry\"><article class=\"eael-grid-post  eael-post-grid-column eael-pg-post-43400 category-arte-cultura\" data-id=\"43400\">\n        <div class=\"eael-grid-post-holder\">\n            <div class=\"eael-grid-post-holder-inner\"><div class=\"eael-entry-media\"><div class=\"eael-entry-overlay fade-in\"><i class=\"far fa-hand-pointer\" aria-hidden=\"true\"><\/i><a href=\"https:\/\/soymigrante.com\/revista\/efrain-recinos-un-genio-del-arte-guatemalteco-que-vivira-siempre\/\"><\/a><\/div><div class=\"eael-entry-thumbnail eael-image-ratio\">\n                <img loading=\"lazy\" decoding=\"async\" width=\"421\" height=\"416\" src=\"https:\/\/soymigrante.com\/revista\/wp-content\/uploads\/2025\/09\/Guatemalita-de-Efrain-Recinos.png\" class=\"attachment-large size-large wp-image-43608\" alt=\"Guatemalita de Efra\u00edn Recinos\" srcset=\"https:\/\/soymigrante.com\/revista\/wp-content\/uploads\/2025\/09\/Guatemalita-de-Efrain-Recinos.png 421w, https:\/\/soymigrante.com\/revista\/wp-content\/uploads\/2025\/09\/Guatemalita-de-Efrain-Recinos-300x296.png 300w, https:\/\/soymigrante.com\/revista\/wp-content\/uploads\/2025\/09\/Guatemalita-de-Efrain-Recinos-75x75.png 75w\" sizes=\"(max-width: 421px) 100vw, 421px\" \/>\n            <\/div>\n        <\/div><div class=\"eael-entry-wrapper\"><header class=\"eael-entry-header\"><h2 class=\"eael-entry-title\"><a class=\"eael-grid-post-link\" href=\"https:\/\/soymigrante.com\/revista\/efrain-recinos-un-genio-del-arte-guatemalteco-que-vivira-siempre\/\" title=\"Mira arte guatemalteco: Efra\u00edn Recinos, un genio que sigue a la vista de todos\">Mira arte guatemalteco: Efra\u00edn Recinos, un genio que sigue a la vista de todos<\/a><\/h2><\/header><div class=\"eael-entry-content\">\n                        <div class=\"eael-grid-post-excerpt\"><a href=\"https:\/\/soymigrante.com\/revista\/efrain-recinos-un-genio-del-arte-guatemalteco-que-vivira-siempre\/\" class=\"eael-post-elements-readmore-btn\">CONOCE SU HISTORIA <\/a><\/div>\n                    <\/div><\/div><\/div>\n        <\/div>\n    <\/article><article class=\"eael-grid-post  eael-post-grid-column eael-pg-post-45158 category-arte-cultura-guate-nuestra\" data-id=\"45158\">\n        <div class=\"eael-grid-post-holder\">\n            <div class=\"eael-grid-post-holder-inner\"><div class=\"eael-entry-media\"><div class=\"eael-entry-overlay fade-in\"><i class=\"far fa-hand-pointer\" aria-hidden=\"true\"><\/i><a href=\"https:\/\/soymigrante.com\/revista\/mira-arte-guatemalteco-la-misteriosa-aparicion-y-desaparicion-de-francisco-tun\/\"><\/a><\/div><div class=\"eael-entry-thumbnail eael-image-ratio\">\n                <img loading=\"lazy\" decoding=\"async\" width=\"1024\" height=\"1024\" src=\"https:\/\/soymigrante.com\/revista\/wp-content\/uploads\/2025\/09\/Paisaje-Urbano-1-1024x1024.jpg\" class=\"attachment-large size-large wp-image-45591\" alt=\"Paisaje Urbano\" srcset=\"https:\/\/soymigrante.com\/revista\/wp-content\/uploads\/2025\/09\/Paisaje-Urbano-1-1024x1024.jpg 1024w, https:\/\/soymigrante.com\/revista\/wp-content\/uploads\/2025\/09\/Paisaje-Urbano-1-300x300.jpg 300w, https:\/\/soymigrante.com\/revista\/wp-content\/uploads\/2025\/09\/Paisaje-Urbano-1-150x150.jpg 150w, https:\/\/soymigrante.com\/revista\/wp-content\/uploads\/2025\/09\/Paisaje-Urbano-1-768x768.jpg 768w, https:\/\/soymigrante.com\/revista\/wp-content\/uploads\/2025\/09\/Paisaje-Urbano-1-75x75.jpg 75w, https:\/\/soymigrante.com\/revista\/wp-content\/uploads\/2025\/09\/Paisaje-Urbano-1-750x750.jpg 750w, https:\/\/soymigrante.com\/revista\/wp-content\/uploads\/2025\/09\/Paisaje-Urbano-1-1140x1140.jpg 1140w, https:\/\/soymigrante.com\/revista\/wp-content\/uploads\/2025\/09\/Paisaje-Urbano-1.jpg 1303w\" sizes=\"(max-width: 1024px) 100vw, 1024px\" \/>\n            <\/div>\n        <\/div><div class=\"eael-entry-wrapper\"><header class=\"eael-entry-header\"><h2 class=\"eael-entry-title\"><a class=\"eael-grid-post-link\" href=\"https:\/\/soymigrante.com\/revista\/mira-arte-guatemalteco-la-misteriosa-aparicion-y-desaparicion-de-francisco-tun\/\" title=\"Mira arte guatemalteco: la misteriosa aparici\u00f3n y desaparici\u00f3n de Francisco Tun\">Mira arte guatemalteco: la misteriosa aparici\u00f3n y desaparici\u00f3n de Francisco Tun<\/a><\/h2><\/header><div class=\"eael-entry-content\">\n                        <div class=\"eael-grid-post-excerpt\"><a href=\"https:\/\/soymigrante.com\/revista\/mira-arte-guatemalteco-la-misteriosa-aparicion-y-desaparicion-de-francisco-tun\/\" class=\"eael-post-elements-readmore-btn\">CONOCE SU HISTORIA <\/a><\/div>\n                    <\/div><\/div><\/div>\n        <\/div>\n    <\/article><article class=\"eael-grid-post  eael-post-grid-column eael-pg-post-45329 category-arte-cultura-guate-nuestra\" data-id=\"45329\">\n        <div class=\"eael-grid-post-holder\">\n            <div class=\"eael-grid-post-holder-inner\"><div class=\"eael-entry-media\"><div class=\"eael-entry-overlay fade-in\"><i class=\"far fa-hand-pointer\" aria-hidden=\"true\"><\/i><a href=\"https:\/\/soymigrante.com\/revista\/mira-arte-guatemalteco-marco-augusto-quiroa-rompio-esquemas-con-ingenio-y-humor-critico\/\"><\/a><\/div><div class=\"eael-entry-thumbnail eael-image-ratio\">\n                <img loading=\"lazy\" decoding=\"async\" width=\"335\" height=\"335\" src=\"https:\/\/soymigrante.com\/revista\/wp-content\/uploads\/2025\/09\/marco-augusto-quiroa-pintura-1-e1758389533703.jpeg\" class=\"attachment-large size-large wp-image-45562\" alt=\"marco augusto quiroa pintura 1\" srcset=\"https:\/\/soymigrante.com\/revista\/wp-content\/uploads\/2025\/09\/marco-augusto-quiroa-pintura-1-e1758389533703.jpeg 335w, https:\/\/soymigrante.com\/revista\/wp-content\/uploads\/2025\/09\/marco-augusto-quiroa-pintura-1-e1758389533703-300x300.jpeg 300w, https:\/\/soymigrante.com\/revista\/wp-content\/uploads\/2025\/09\/marco-augusto-quiroa-pintura-1-e1758389533703-150x150.jpeg 150w, https:\/\/soymigrante.com\/revista\/wp-content\/uploads\/2025\/09\/marco-augusto-quiroa-pintura-1-e1758389533703-75x75.jpeg 75w\" sizes=\"(max-width: 335px) 100vw, 335px\" \/>\n            <\/div>\n        <\/div><div class=\"eael-entry-wrapper\"><header class=\"eael-entry-header\"><h2 class=\"eael-entry-title\"><a class=\"eael-grid-post-link\" href=\"https:\/\/soymigrante.com\/revista\/mira-arte-guatemalteco-marco-augusto-quiroa-rompio-esquemas-con-ingenio-y-humor-critico\/\" title=\"Mira arte guatemalteco: Marco Augusto Quiroa rompi\u00f3 esquemas con ingenio y humor cr\u00edtico\">Mira arte guatemalteco: Marco Augusto Quiroa rompi\u00f3 esquemas con ingenio y humor cr\u00edtico<\/a><\/h2><\/header><div class=\"eael-entry-content\">\n                        <div class=\"eael-grid-post-excerpt\"><a href=\"https:\/\/soymigrante.com\/revista\/mira-arte-guatemalteco-marco-augusto-quiroa-rompio-esquemas-con-ingenio-y-humor-critico\/\" class=\"eael-post-elements-readmore-btn\">CONOCE SU HISTORIA <\/a><\/div>\n                    <\/div><\/div><\/div>\n        <\/div>\n    <\/article><\/div>\n            <div class=\"clearfix\"><\/div>\n        <\/div>\t\t\t\t<\/div>\n\t\t\t\t\t<\/div>\n\t\t\t\t<\/div>\n\t\t\t\t<\/div>\n\t\t","protected":false},"excerpt":{"rendered":"<p>Antonia Matos fue una pintora guatemalteca, no solo mostr\u00f3 su arte, tambi\u00e9n lo convirti\u00f3 en un desaf\u00edo al silencio. Solo una vez expuso su obra la pintora Antonia Matos y se convirti\u00f3 en un esc\u00e1ndalo. Era junio de 1934. \u00bfLa raz\u00f3n? Dentro de los cuadros expuestos hab\u00eda tres desnudos, que desataron las cr\u00edticas por ser [&hellip;]<\/p>\n","protected":false},"author":19,"featured_media":45746,"comment_status":"open","ping_status":"open","sticky":false,"template":"","format":"standard","meta":{"_acf_changed":false,"_eb_attr":"","footnotes":""},"categories":[91,58],"tags":[],"class_list":["post-45669","post","type-post","status-publish","format-standard","has-post-thumbnail","hentry","category-arte-cultura","category-guate-nuestra"],"acf":[],"aioseo_notices":[],"aioseo_head":"\n\t\t<!-- All in One SEO Pro 4.9.6.2 - aioseo.com -->\n\t<meta name=\"description\" content=\"Marco Augusto Quiroa pint\u00f3 la escena popular guatemalteca, tambi\u00e9n leyendas y tradiciones. Su humor era cr\u00edtico y su cr\u00edtica se convirti\u00f3 tambi\u00e9n en cuentos.\" \/>\n\t<meta name=\"robots\" content=\"max-snippet:-1, max-image-preview:large, max-video-preview:-1\" \/>\n\t<meta name=\"author\" content=\"Marysabel Aldana\"\/>\n\t<link rel=\"canonical\" href=\"https:\/\/soymigrante.com\/revista\/mira-arte-guatemalteco-marco-augusto-quiroa-rompio-esquemas-con-ingenio-y-humor-critico\/\" \/>\n\t<meta name=\"generator\" content=\"All in One SEO Pro (AIOSEO) 4.9.6.2\" \/>\n\n\t\t<link rel=\"preconnect\" href=\"https:\/\/fonts.googleapis.com\" crossorigin>\n<link rel=\"preconnect\" href=\"https:\/\/fonts.gstatic.com\" crossorigin>\n\t\t<meta property=\"og:locale\" content=\"es_ES\" \/>\n\t\t<meta property=\"og:site_name\" content=\"SoyMigrante.com REVISTA \u2013 Nuestra misi\u00f3n es reconocer y dignificar al migrante.\" \/>\n\t\t<meta property=\"og:type\" content=\"article\" \/>\n\t\t<meta property=\"og:title\" content=\"Marco Augusto Quiroa pint\u00f3, dibuj\u00f3, escribi\u00f3 con ingenio chap\u00edn\" \/>\n\t\t<meta property=\"og:description\" content=\"Marco Augusto Quiroa pint\u00f3 la escena popular guatemalteca, tambi\u00e9n leyendas y tradiciones. Su humor era cr\u00edtico y su cr\u00edtica se convirti\u00f3 tambi\u00e9n en cuentos.\" \/>\n\t\t<meta property=\"og:url\" content=\"https:\/\/soymigrante.com\/revista\/mira-arte-guatemalteco-marco-augusto-quiroa-rompio-esquemas-con-ingenio-y-humor-critico\/\" \/>\n\t\t<meta property=\"og:image\" content=\"https:\/\/soymigrante.com\/revista\/wp-content\/uploads\/2025\/09\/marco-augusto-quiroa-pintura-1-e1758389533703.jpeg\" \/>\n\t\t<meta property=\"og:image:secure_url\" content=\"https:\/\/soymigrante.com\/revista\/wp-content\/uploads\/2025\/09\/marco-augusto-quiroa-pintura-1-e1758389533703.jpeg\" \/>\n\t\t<meta property=\"og:image:width\" content=\"335\" \/>\n\t\t<meta property=\"og:image:height\" content=\"335\" \/>\n\t\t<meta property=\"article:published_time\" content=\"2025-09-20T17:50:24+00:00\" \/>\n\t\t<meta property=\"article:modified_time\" content=\"2025-09-20T17:52:46+00:00\" \/>\n\t\t<meta property=\"article:publisher\" content=\"https:\/\/www.facebook.com\/soymigrantecom\" \/>\n\t\t<meta name=\"twitter:card\" content=\"summary_large_image\" \/>\n\t\t<meta name=\"twitter:site\" content=\"@SoyMigrante_com\" \/>\n\t\t<meta name=\"twitter:title\" content=\"Marco Augusto Quiroa pint\u00f3, dibuj\u00f3, escribi\u00f3 con ingenio chap\u00edn\" \/>\n\t\t<meta name=\"twitter:description\" content=\"Marco Augusto Quiroa pint\u00f3 la escena popular guatemalteca, tambi\u00e9n leyendas y tradiciones. Su humor era cr\u00edtico y su cr\u00edtica se convirti\u00f3 tambi\u00e9n en cuentos.\" \/>\n\t\t<meta name=\"twitter:creator\" content=\"@SoyMigrante_com\" \/>\n\t\t<meta name=\"twitter:image\" content=\"https:\/\/soymigrante.com\/revista\/wp-content\/uploads\/2025\/09\/marco-augusto-quiroa-pintura-1-e1758389533703.jpeg\" \/>\n\t\t<!-- All in One SEO Pro -->\r\n\t\t<title>Marco Augusto Quiroa pint\u00f3, dibuj\u00f3, escribi\u00f3 con ingenio chap\u00edn<\/title>\n\n","aioseo_head_json":{"title":"Marco Augusto Quiroa pint\u00f3, dibuj\u00f3, escribi\u00f3 con ingenio chap\u00edn","description":"Marco Augusto Quiroa pint\u00f3 la escena popular guatemalteca, tambi\u00e9n leyendas y tradiciones. Su humor era cr\u00edtico y su cr\u00edtica se convirti\u00f3 tambi\u00e9n en cuentos.","canonical_url":"https:\/\/soymigrante.com\/revista\/mira-arte-guatemalteco-marco-augusto-quiroa-rompio-esquemas-con-ingenio-y-humor-critico\/","robots":"max-snippet:-1, max-image-preview:large, max-video-preview:-1","keywords":"","webmasterTools":{"miscellaneous":"&lt;link rel=\"preconnect\" href=\"https:\/\/fonts.googleapis.com\" crossorigin&gt;\n&lt;link rel=\"preconnect\" href=\"https:\/\/fonts.gstatic.com\" crossorigin&gt;"},"schema":null,"og:locale":"es_ES","og:site_name":"SoyMigrante.com REVISTA \u2013 Nuestra misi\u00f3n es reconocer y dignificar al migrante.","og:type":"article","og:title":"Marco Augusto Quiroa pint\u00f3, dibuj\u00f3, escribi\u00f3 con ingenio chap\u00edn","og:description":"Marco Augusto Quiroa pint\u00f3 la escena popular guatemalteca, tambi\u00e9n leyendas y tradiciones. Su humor era cr\u00edtico y su cr\u00edtica se convirti\u00f3 tambi\u00e9n en cuentos.","og:url":"https:\/\/soymigrante.com\/revista\/mira-arte-guatemalteco-marco-augusto-quiroa-rompio-esquemas-con-ingenio-y-humor-critico\/","og:image":"https:\/\/soymigrante.com\/revista\/wp-content\/uploads\/2025\/09\/marco-augusto-quiroa-pintura-1-e1758389533703.jpeg","og:image:secure_url":"https:\/\/soymigrante.com\/revista\/wp-content\/uploads\/2025\/09\/marco-augusto-quiroa-pintura-1-e1758389533703.jpeg","og:image:width":335,"og:image:height":335,"article:published_time":"2025-09-20T17:50:24+00:00","article:modified_time":"2025-09-20T17:52:46+00:00","article:publisher":"https:\/\/www.facebook.com\/soymigrantecom","twitter:card":"summary_large_image","twitter:site":"@SoyMigrante_com","twitter:title":"Marco Augusto Quiroa pint\u00f3, dibuj\u00f3, escribi\u00f3 con ingenio chap\u00edn","twitter:description":"Marco Augusto Quiroa pint\u00f3 la escena popular guatemalteca, tambi\u00e9n leyendas y tradiciones. Su humor era cr\u00edtico y su cr\u00edtica se convirti\u00f3 tambi\u00e9n en cuentos.","twitter:creator":"@SoyMigrante_com","twitter:image":"https:\/\/soymigrante.com\/revista\/wp-content\/uploads\/2025\/09\/marco-augusto-quiroa-pintura-1-e1758389533703.jpeg"},"aioseo_meta_data":{"post_id":"45669","title":"La guatemalteca Antonia Matos pint\u00f3 para retar al silencio","description":"Antonia Matos (1902-1994) vio las vanguardias art\u00edsticas en Par\u00eds y las trajo a Guatemala en los a\u00f1os 1930. Su talento fue incomprendido pero sigue brillando","keywords":null,"keyphrases":{"focus":{"keyphrase":"Antonia Matos","score":82,"analysis":{"keyphraseInTitle":{"score":9,"maxScore":9,"error":0},"keyphraseInDescription":{"score":9,"maxScore":9,"error":0},"keyphraseLength":{"score":9,"maxScore":9,"error":0,"length":2},"keyphraseInURL":{"score":5,"maxScore":5,"error":0},"keyphraseInIntroduction":{"score":3,"maxScore":9,"error":1},"keyphraseInSubHeadings":{"score":3,"maxScore":9,"error":1},"keyphraseInImageAlt":{"score":9,"maxScore":9,"error":0},"keywordDensity":{"type":"best","score":9,"maxScore":9,"error":0}}},"additional":[{"keyphrase":"pintora","score":40,"analysis":{"keyphraseInDescription":{"score":3,"maxScore":9,"error":1},"keyphraseLength":{"score":9,"maxScore":9,"error":0,"length":1},"keyphraseInIntroduction":{"score":3,"maxScore":9,"error":1},"keyphraseInImageAlt":{"score":3,"maxScore":9,"error":1},"keywordDensity":{"score":0,"type":"low","maxScore":9,"error":1}}},{"keyphrase":"guatemalteca","score":40,"analysis":{"keyphraseInDescription":{"score":3,"maxScore":9,"error":1},"keyphraseLength":{"score":9,"maxScore":9,"error":0,"length":1},"keyphraseInIntroduction":{"score":3,"maxScore":9,"error":1},"keyphraseInImageAlt":{"score":3,"maxScore":9,"error":1},"keywordDensity":{"score":0,"type":"low","maxScore":9,"error":1}}},{"keyphrase":"arte","score":73,"analysis":{"keyphraseInDescription":{"score":3,"maxScore":9,"error":1},"keyphraseLength":{"score":9,"maxScore":9,"error":0,"length":1},"keyphraseInIntroduction":{"score":3,"maxScore":9,"error":1},"keyphraseInImageAlt":{"score":9,"maxScore":9,"error":0},"keywordDensity":{"type":"best","score":9,"maxScore":9,"error":0}}}]},"primary_term":null,"canonical_url":null,"og_title":null,"og_description":null,"og_object_type":"default","og_image_type":"default","og_image_url":null,"og_image_width":null,"og_image_height":null,"og_image_custom_url":null,"og_image_custom_fields":null,"og_video":"","og_custom_url":null,"og_article_section":null,"og_article_tags":null,"twitter_use_og":false,"twitter_card":"default","twitter_image_type":"default","twitter_image_url":null,"twitter_image_custom_url":null,"twitter_image_custom_fields":null,"twitter_title":null,"twitter_description":null,"schema":{"blockGraphs":[],"customGraphs":[],"default":{"data":{"Article":[],"Course":[],"Dataset":[],"FAQPage":[],"Movie":[],"Person":[],"Product":[],"ProductReview":[],"Car":[],"Recipe":[],"Service":[],"SoftwareApplication":[],"WebPage":[]},"graphName":"none","isEnabled":true},"graphs":[]},"schema_type":"default","schema_type_options":null,"pillar_content":false,"robots_default":true,"robots_noindex":false,"robots_noarchive":false,"robots_nosnippet":false,"robots_nofollow":false,"robots_noimageindex":false,"robots_noodp":false,"robots_notranslate":false,"robots_max_snippet":"-1","robots_max_videopreview":"-1","robots_max_imagepreview":"large","priority":null,"frequency":"default","local_seo":null,"seo_analyzer_scan_date":"2025-10-09 08:46:18","breadcrumb_settings":null,"limit_modified_date":false,"reviewed_by":"0","open_ai":null,"ai":{"faqs":[],"keyPoints":[],"titles":[],"descriptions":[],"socialPosts":{"email":[],"linkedin":[],"twitter":[],"facebook":[],"instagram":[]}},"created":"2025-09-22 19:49:46","updated":"2026-02-05 05:46:34"},"aioseo_breadcrumb":"<div class=\"aioseo-breadcrumbs\"><span class=\"aioseo-breadcrumb\">\n\t<a href=\"https:\/\/soymigrante.com\/revista\" title=\"Home\">Home<\/a>\n<\/span><span class=\"aioseo-breadcrumb-separator\">\u00bb<\/span><span class=\"aioseo-breadcrumb\">\n\t<a href=\"https:\/\/soymigrante.com\/revista\/category\/guate-nuestra\/\" title=\"Guate Nuestra\">Guate Nuestra<\/a>\n<\/span><span class=\"aioseo-breadcrumb-separator\">\u00bb<\/span><span class=\"aioseo-breadcrumb\">\n\t<a href=\"https:\/\/soymigrante.com\/revista\/category\/guate-nuestra\/arte-cultura\/\" title=\"Cultura de Guatemala\">Cultura de Guatemala<\/a>\n<\/span><span class=\"aioseo-breadcrumb-separator\">\u00bb<\/span><span class=\"aioseo-breadcrumb\">\n\tMira arte guatemalteco: Antonia Matos pint\u00f3 para desafiar el silencio\n<\/span><\/div>","aioseo_breadcrumb_json":[{"label":"Home","link":"https:\/\/soymigrante.com\/revista"},{"label":"Guate Nuestra","link":"https:\/\/soymigrante.com\/revista\/category\/guate-nuestra\/"},{"label":"Cultura de Guatemala","link":"https:\/\/soymigrante.com\/revista\/category\/guate-nuestra\/arte-cultura\/"},{"label":"Mira arte guatemalteco: Antonia Matos pint\u00f3 para desafiar el silencio","link":"https:\/\/soymigrante.com\/revista\/mira-arte-guatemalteco-antonia-matos-pinto-para-desafiar-el-silencio\/"}],"_links":{"self":[{"href":"https:\/\/soymigrante.com\/revista\/wp-json\/wp\/v2\/posts\/45669","targetHints":{"allow":["GET"]}}],"collection":[{"href":"https:\/\/soymigrante.com\/revista\/wp-json\/wp\/v2\/posts"}],"about":[{"href":"https:\/\/soymigrante.com\/revista\/wp-json\/wp\/v2\/types\/post"}],"author":[{"embeddable":true,"href":"https:\/\/soymigrante.com\/revista\/wp-json\/wp\/v2\/users\/19"}],"replies":[{"embeddable":true,"href":"https:\/\/soymigrante.com\/revista\/wp-json\/wp\/v2\/comments?post=45669"}],"version-history":[{"count":16,"href":"https:\/\/soymigrante.com\/revista\/wp-json\/wp\/v2\/posts\/45669\/revisions"}],"predecessor-version":[{"id":45761,"href":"https:\/\/soymigrante.com\/revista\/wp-json\/wp\/v2\/posts\/45669\/revisions\/45761"}],"wp:featuredmedia":[{"embeddable":true,"href":"https:\/\/soymigrante.com\/revista\/wp-json\/wp\/v2\/media\/45746"}],"wp:attachment":[{"href":"https:\/\/soymigrante.com\/revista\/wp-json\/wp\/v2\/media?parent=45669"}],"wp:term":[{"taxonomy":"category","embeddable":true,"href":"https:\/\/soymigrante.com\/revista\/wp-json\/wp\/v2\/categories?post=45669"},{"taxonomy":"post_tag","embeddable":true,"href":"https:\/\/soymigrante.com\/revista\/wp-json\/wp\/v2\/tags?post=45669"}],"curies":[{"name":"wp","href":"https:\/\/api.w.org\/{rel}","templated":true}]}}