{"id":45617,"date":"2025-09-22T15:23:34","date_gmt":"2025-09-22T21:23:34","guid":{"rendered":"https:\/\/soymigrante.com\/revista\/?p=45617"},"modified":"2025-09-22T16:21:11","modified_gmt":"2025-09-22T22:21:11","slug":"e-commerce-sigue-creciendo-en-guatemala-y-debe-ser-ventaja-para-productos-de-calidad","status":"publish","type":"post","link":"https:\/\/soymigrante.com\/revista\/e-commerce-sigue-creciendo-en-guatemala-y-debe-ser-ventaja-para-productos-de-calidad\/","title":{"rendered":"E-commerce sigue creciendo en Guatemala y debe ser ventaja para productos de calidad"},"content":{"rendered":"\t\t<div data-elementor-type=\"wp-post\" data-elementor-id=\"45617\" class=\"elementor elementor-45617\" data-elementor-post-type=\"post\">\n\t\t\t\t<div data-particle_enable=\"false\" data-particle-mobile-disabled=\"false\" class=\"elementor-element elementor-element-94f74b0 e-flex e-con-boxed e-con e-parent\" data-id=\"94f74b0\" data-element_type=\"container\" data-e-type=\"container\">\n\t\t\t\t\t<div class=\"e-con-inner\">\n\t\t\t\t<div class=\"elementor-element elementor-element-606136e elementor-widget elementor-widget-heading\" data-id=\"606136e\" data-element_type=\"widget\" data-e-type=\"widget\" data-widget_type=\"heading.default\">\n\t\t\t\t\t<h2 class=\"elementor-heading-title elementor-size-default\">El comercio digital est\u00e1 cada vez m\u00e1s cerca de emprendedores y compradores guatemaltecos, con mayor confianza y seguridad en las transacciones: una oportunidad para los productos locales con calidad e identidad.<\/h2>\t\t\t\t<\/div>\n\t\t\t\t<div class=\"elementor-element elementor-element-868da8a elementor-widget elementor-widget-html\" data-id=\"868da8a\" data-element_type=\"widget\" data-e-type=\"widget\" data-widget_type=\"html.default\">\n\t\t\t\t\t<div id=\"buzzsprout-player-17888350\"><\/div><script src=\"https:\/\/www.buzzsprout.com\/2444168\/episodes\/17888350-boom-de-e-commerce-abre-oportunidades-a-la-calidad-local-de-emprendedores.js?container_id=buzzsprout-player-17888350&player=small\" type=\"text\/javascript\" charset=\"utf-8\"><\/script>\t\t\t\t<\/div>\n\t\t\t\t\t<\/div>\n\t\t\t\t<\/div>\n\t\t<div data-particle_enable=\"false\" data-particle-mobile-disabled=\"false\" class=\"elementor-element elementor-element-bb0ba13 e-flex e-con-boxed e-con e-parent\" data-id=\"bb0ba13\" data-element_type=\"container\" data-e-type=\"container\">\n\t\t\t\t\t<div class=\"e-con-inner\">\n\t\t\t\t<div class=\"elementor-element elementor-element-920e121 elementor-widget elementor-widget-text-editor\" data-id=\"920e121\" data-element_type=\"widget\" data-e-type=\"widget\" data-widget_type=\"text-editor.default\">\n\t\t\t\t\t\t\t\t\t<p>El comercio electr\u00f3nico en Guatemala sigue creciendo a paso firme, convirti\u00e9ndose en una pieza clave para emprendedores locales y consumidores.\u00a0<\/p><p>La importaci\u00f3n de paqueter\u00eda mediante couriers ha crecido alrededor de un 58 % entre enero y agosto de 2025 comparado con el mismo periodo del a\u00f1o previo, siendo buena parte de esa mercanc\u00eda proveniente de Asia, <a href=\"https:\/\/www.prensalibre.com\/economia\/comercio-electronico-crece-y-combex-im-duplica-su-capacidad-de-procesamiento-de-paquetes-internacionales\/\">seg\u00fan un art\u00edculo publicado en el medio Prensa Libre.<\/a><\/p><p>Los datos muestran que del total de kilos importados por courier en ese intervalo, aproximadamente el 31 % corresponde al peso y 66 % al n\u00famero de paquetes que llegan de plataformas asi\u00e1ticas como AliExpress, Temu o Shein.<\/p><p>Este fen\u00f3meno evidencia una fuerte demanda de productos internacionales en el pa\u00eds, pero tambi\u00e9n las\u00a0 \u00a0<a href=\"https:\/\/soymigrante.com\/mercado\/\" target=\"_blank\" rel=\"noopener\">oportunidades que ese crecimiento plantea para productores nacionales, con calidad y autenticidad de origen.<\/a><\/p>\t\t\t\t\t\t\t\t<\/div>\n\t\t\t\t\t<\/div>\n\t\t\t\t<\/div>\n\t\t<div data-particle_enable=\"false\" data-particle-mobile-disabled=\"false\" class=\"elementor-element elementor-element-f0739e1 e-flex e-con-boxed e-con e-parent\" data-id=\"f0739e1\" data-element_type=\"container\" data-e-type=\"container\">\n\t\t\t\t\t<div class=\"e-con-inner\">\n\t\t\t\t<div class=\"elementor-element elementor-element-297385e elementor-grid-eael-col-1 elementor-grid-tablet-eael-col-2 elementor-grid-mobile-eael-col-1 elementor-widget elementor-widget-eael-post-grid\" data-id=\"297385e\" data-element_type=\"widget\" data-e-type=\"widget\" data-settings=\"{&quot;eael_post_grid_columns&quot;:&quot;eael-col-1&quot;,&quot;eael_post_grid_columns_tablet&quot;:&quot;eael-col-2&quot;,&quot;eael_post_grid_columns_mobile&quot;:&quot;eael-col-1&quot;}\" data-widget_type=\"eael-post-grid.default\">\n\t\t\t\t\t<div id=\"eael-post-grid-297385e\" class=\"eael-post-grid-container\">\n            <div class=\"eael-post-grid eael-post-appender eael-post-appender-297385e eael-post-grid-style-one\" data-layout-mode=\"masonry\"><article class=\"eael-grid-post  eael-post-grid-column eael-pg-post-24306 category-guate-nuestra tags-mercado-emprendedores\" data-id=\"24306\">\n        <div class=\"eael-grid-post-holder\">\n            <div class=\"eael-grid-post-holder-inner\"><div class=\"eael-entry-media\"><div class=\"eael-entry-overlay fade-in\"><i class=\"far fa-hand-pointer\" aria-hidden=\"true\"><\/i><a href=\"https:\/\/soymigrante.com\/revista\/mercaixil-productos-organicos-y-artesanales-de-calidad-elaborados-por-comunidades-del-area-ixil\/\"><\/a><\/div><div class=\"eael-entry-thumbnail eael-image-ratio\">\n                <img fetchpriority=\"high\" decoding=\"async\" width=\"1024\" height=\"1024\" src=\"https:\/\/soymigrante.com\/revista\/wp-content\/uploads\/2025\/02\/mercaixil4-1024x1024.jpg\" class=\"attachment-large size-large wp-image-24367\" alt=\"Variedad de productos org\u00e1nicos y alimentos naturales en una cesta de mimbre, resaltando la importancia de la alimentaci\u00f3n saludable y la promoci\u00f3n del comercio justo en el contexto de SoyMigrante.com.\" srcset=\"https:\/\/soymigrante.com\/revista\/wp-content\/uploads\/2025\/02\/mercaixil4-1024x1024.jpg 1024w, https:\/\/soymigrante.com\/revista\/wp-content\/uploads\/2025\/02\/mercaixil4-300x300.jpg 300w, https:\/\/soymigrante.com\/revista\/wp-content\/uploads\/2025\/02\/mercaixil4-150x150.jpg 150w, https:\/\/soymigrante.com\/revista\/wp-content\/uploads\/2025\/02\/mercaixil4-768x768.jpg 768w, https:\/\/soymigrante.com\/revista\/wp-content\/uploads\/2025\/02\/mercaixil4-75x75.webp 75w, https:\/\/soymigrante.com\/revista\/wp-content\/uploads\/2025\/02\/mercaixil4-750x750.webp 750w, https:\/\/soymigrante.com\/revista\/wp-content\/uploads\/2025\/02\/mercaixil4.webp 1080w\" sizes=\"(max-width: 1024px) 100vw, 1024px\" \/>\n            <\/div>\n        <\/div><div class=\"eael-entry-wrapper\"><header class=\"eael-entry-header\"><h2 class=\"eael-entry-title\"><a class=\"eael-grid-post-link\" href=\"https:\/\/soymigrante.com\/revista\/mercaixil-productos-organicos-y-artesanales-de-calidad-elaborados-por-comunidades-del-area-ixil\/\" title=\"MercaIxil: productos org\u00e1nicos de 210 comunidades del \u00e1rea Ixil tienen su tienda digital en MERCADO\">MercaIxil: productos org\u00e1nicos de 210 comunidades del \u00e1rea Ixil tienen su tienda digital en MERCADO<\/a><\/h2><\/header><div class=\"eael-entry-content\">\n                        <div class=\"eael-grid-post-excerpt\"><a href=\"https:\/\/soymigrante.com\/revista\/mercaixil-productos-organicos-y-artesanales-de-calidad-elaborados-por-comunidades-del-area-ixil\/\" class=\"eael-post-elements-readmore-btn\">CONOCE SU HISTORIA <\/a><\/div>\n                    <\/div><\/div><\/div>\n        <\/div>\n    <\/article><\/div>\n            <div class=\"clearfix\"><\/div>\n        <\/div>\t\t\t\t<\/div>\n\t\t\t\t\t<\/div>\n\t\t\t\t<\/div>\n\t\t<div data-particle_enable=\"false\" data-particle-mobile-disabled=\"false\" class=\"elementor-element elementor-element-616f1ff e-flex e-con-boxed e-con e-parent\" data-id=\"616f1ff\" data-element_type=\"container\" data-e-type=\"container\">\n\t\t\t\t\t<div class=\"e-con-inner\">\n\t\t\t\t<div class=\"elementor-element elementor-element-cd3d55f elementor-widget elementor-widget-heading\" data-id=\"cd3d55f\" data-element_type=\"widget\" data-e-type=\"widget\" data-widget_type=\"heading.default\">\n\t\t\t\t\t<h3 class=\"elementor-heading-title elementor-size-default\">Impacto en emprendedores locales<\/h3>\t\t\t\t<\/div>\n\t\t\t\t\t<\/div>\n\t\t\t\t<\/div>\n\t\t<div data-particle_enable=\"false\" data-particle-mobile-disabled=\"false\" class=\"elementor-element elementor-element-1b403ef e-flex e-con-boxed e-con e-parent\" data-id=\"1b403ef\" data-element_type=\"container\" data-e-type=\"container\">\n\t\t\t\t\t<div class=\"e-con-inner\">\n\t\t\t\t<div class=\"elementor-element elementor-element-1293785 elementor-widget elementor-widget-text-editor\" data-id=\"1293785\" data-element_type=\"widget\" data-e-type=\"widget\" data-widget_type=\"text-editor.default\">\n\t\t\t\t\t\t\t\t\t<p>Frente a este panorama, plataformas digitales que conectan emprendedores guatemaltecos con compradores se tornan fundamentales. Una de ellas es <a href=\"https:\/\/soymigrante.com\/mercado\/\" target=\"_blank\" rel=\"noopener\">SoyMigrante.com MERCADO<\/a>, presentada como una tienda virtual que busca apoyar a los comerciantes locales.<\/p><p>Esta plataforma se presenta como espacio para que productores y artesanos exhiban y vendan sus productos sin fronteras \u2014 dentro del pa\u00eds, pero tambi\u00e9n con la posibilidad de llegar al mercado estadounidense, cuando lo permitan regulaciones y log\u00edstica.<\/p>\t\t\t\t\t\t\t\t<\/div>\n\t\t\t\t\t<\/div>\n\t\t\t\t<\/div>\n\t\t<div data-particle_enable=\"false\" data-particle-mobile-disabled=\"false\" class=\"elementor-element elementor-element-38c9abd e-flex e-con-boxed e-con e-parent\" data-id=\"38c9abd\" data-element_type=\"container\" data-e-type=\"container\">\n\t\t\t\t\t<div class=\"e-con-inner\">\n\t\t\t\t<div class=\"elementor-element elementor-element-ab59d4b elementor-grid-eael-col-1 elementor-grid-tablet-eael-col-2 elementor-grid-mobile-eael-col-1 elementor-widget elementor-widget-eael-post-grid\" data-id=\"ab59d4b\" data-element_type=\"widget\" data-e-type=\"widget\" data-settings=\"{&quot;eael_post_grid_columns&quot;:&quot;eael-col-1&quot;,&quot;eael_post_grid_columns_tablet&quot;:&quot;eael-col-2&quot;,&quot;eael_post_grid_columns_mobile&quot;:&quot;eael-col-1&quot;}\" data-widget_type=\"eael-post-grid.default\">\n\t\t\t\t\t<div id=\"eael-post-grid-ab59d4b\" class=\"eael-post-grid-container\">\n            <div class=\"eael-post-grid eael-post-appender eael-post-appender-ab59d4b eael-post-grid-style-one\" data-layout-mode=\"masonry\"><article class=\"eael-grid-post  eael-post-grid-column eael-pg-post-39764 category-guate-nuestra tags-mercado-emprendedores\" data-id=\"39764\">\n        <div class=\"eael-grid-post-holder\">\n            <div class=\"eael-grid-post-holder-inner\"><div class=\"eael-entry-media\"><div class=\"eael-entry-overlay fade-in\"><i class=\"far fa-hand-pointer\" aria-hidden=\"true\"><\/i><a href=\"https:\/\/soymigrante.com\/revista\/emprendedora-cristina-contreras-convirtio-sus-cualidades-en-menjurjes-tienda-digital-en-mercado\/\"><\/a><\/div><div class=\"eael-entry-thumbnail eael-image-ratio\">\n                <img decoding=\"async\" width=\"1024\" height=\"1024\" src=\"https:\/\/soymigrante.com\/revista\/wp-content\/uploads\/2025\/07\/menjurjes-tienda-en-soymigrante.com-mercado-1024x1024.png\" class=\"attachment-large size-large wp-image-39859\" alt=\"Aceite de cilantro y chile de Chilete en botellas grandes con etiquetado de SoyMigrante.com revista, mujer sonriente en fondo de madera mostrando productos tradicionales de la gastronom\u00eda peruana.\" srcset=\"https:\/\/soymigrante.com\/revista\/wp-content\/uploads\/2025\/07\/menjurjes-tienda-en-soymigrante.com-mercado-1024x1024.png 1024w, https:\/\/soymigrante.com\/revista\/wp-content\/uploads\/2025\/07\/menjurjes-tienda-en-soymigrante.com-mercado-300x300.png 300w, https:\/\/soymigrante.com\/revista\/wp-content\/uploads\/2025\/07\/menjurjes-tienda-en-soymigrante.com-mercado-150x150.png 150w, https:\/\/soymigrante.com\/revista\/wp-content\/uploads\/2025\/07\/menjurjes-tienda-en-soymigrante.com-mercado-768x768.png 768w, https:\/\/soymigrante.com\/revista\/wp-content\/uploads\/2025\/07\/menjurjes-tienda-en-soymigrante.com-mercado-75x75.webp 75w, https:\/\/soymigrante.com\/revista\/wp-content\/uploads\/2025\/07\/menjurjes-tienda-en-soymigrante.com-mercado-750x750.webp 750w, https:\/\/soymigrante.com\/revista\/wp-content\/uploads\/2025\/07\/menjurjes-tienda-en-soymigrante.com-mercado.webp 1080w\" sizes=\"(max-width: 1024px) 100vw, 1024px\" \/>\n            <\/div>\n        <\/div><div class=\"eael-entry-wrapper\"><header class=\"eael-entry-header\"><h2 class=\"eael-entry-title\"><a class=\"eael-grid-post-link\" href=\"https:\/\/soymigrante.com\/revista\/emprendedora-cristina-contreras-convirtio-sus-cualidades-en-menjurjes-tienda-digital-en-mercado\/\" title=\"Emprendedora Cristina Contreras convirti\u00f3 sus cualidades en Menjurjes, aceites saborizados a la venta en MERCADO\">Emprendedora Cristina Contreras convirti\u00f3 sus cualidades en Menjurjes, aceites saborizados a la venta en MERCADO<\/a><\/h2><\/header><div class=\"eael-entry-content\">\n                        <div class=\"eael-grid-post-excerpt\"><a href=\"https:\/\/soymigrante.com\/revista\/emprendedora-cristina-contreras-convirtio-sus-cualidades-en-menjurjes-tienda-digital-en-mercado\/\" class=\"eael-post-elements-readmore-btn\">CONOCE SU HISTORIA <\/a><\/div>\n                    <\/div><\/div><\/div>\n        <\/div>\n    <\/article><\/div>\n            <div class=\"clearfix\"><\/div>\n        <\/div>\t\t\t\t<\/div>\n\t\t\t\t\t<\/div>\n\t\t\t\t<\/div>\n\t\t<div data-particle_enable=\"false\" data-particle-mobile-disabled=\"false\" class=\"elementor-element elementor-element-59a4cf9 e-flex e-con-boxed e-con e-parent\" data-id=\"59a4cf9\" data-element_type=\"container\" data-e-type=\"container\">\n\t\t\t\t\t<div class=\"e-con-inner\">\n\t\t\t\t<div class=\"elementor-element elementor-element-0c5e29c elementor-widget elementor-widget-heading\" data-id=\"0c5e29c\" data-element_type=\"widget\" data-e-type=\"widget\" data-widget_type=\"heading.default\">\n\t\t\t\t\t<h3 class=\"elementor-heading-title elementor-size-default\">Ventajas del comercio electr\u00f3nico con SoyMigrante.com MERCADO<\/h3>\t\t\t\t<\/div>\n\t\t\t\t\t<\/div>\n\t\t\t\t<\/div>\n\t\t<div data-particle_enable=\"false\" data-particle-mobile-disabled=\"false\" class=\"elementor-element elementor-element-0d794c6 e-flex e-con-boxed e-con e-parent\" data-id=\"0d794c6\" data-element_type=\"container\" data-e-type=\"container\">\n\t\t\t\t\t<div class=\"e-con-inner\">\n\t\t\t\t<div class=\"elementor-element elementor-element-0436ea6 elementor-widget elementor-widget-text-editor\" data-id=\"0436ea6\" data-element_type=\"widget\" data-e-type=\"widget\" data-widget_type=\"text-editor.default\">\n\t\t\t\t\t\t\t\t\t<div><ul><li><a href=\"https:\/\/www.youtube.com\/watch?v=RV6PVFhXKKQ\">Registro gratuito para emprendedores<\/a>, lo que reduce las barreras de entrada.\u00a0 \u00a0<\/li><li><a href=\"https:\/\/www.youtube.com\/watch?v=7PD-UC-0aBc\">Asesor\u00eda en la apertura de tiendas digitales, <\/a>lo que ayuda a quienes no tienen experiencia tecnol\u00f3gica.\u00a0 \u00a0<\/li><li>Facilidad log\u00edstica de env\u00edo de puerta a puerta, a nivel de toda Guatemala.\u00a0 \u00a0<\/li><li>M\u00e9todos de pago seguros, disponinibles desde Estados Unidos para entrega de productos en casa de familiares.\u00a0 \u00a0<\/li><\/ul><\/div>\t\t\t\t\t\t\t\t<\/div>\n\t\t\t\t\t<\/div>\n\t\t\t\t<\/div>\n\t\t<div data-particle_enable=\"false\" data-particle-mobile-disabled=\"false\" class=\"elementor-element elementor-element-b546010 e-flex e-con-boxed e-con e-parent\" data-id=\"b546010\" data-element_type=\"container\" data-e-type=\"container\">\n\t\t\t\t\t<div class=\"e-con-inner\">\n\t\t\t\t<div class=\"elementor-element elementor-element-16b1341 elementor-widget elementor-widget-html\" data-id=\"16b1341\" data-element_type=\"widget\" data-e-type=\"widget\" data-widget_type=\"html.default\">\n\t\t\t\t\t<iframe width=\"560\" height=\"315\" src=\"https:\/\/www.youtube.com\/embed\/7PD-UC-0aBc?si=c0q3IKMiI4MvEqJF&amp;start=4\" title=\"YouTube video player\" frameborder=\"0\" allow=\"accelerometer; autoplay; clipboard-write; encrypted-media; gyroscope; picture-in-picture; web-share\" referrerpolicy=\"strict-origin-when-cross-origin\" allowfullscreen><\/iframe>\t\t\t\t<\/div>\n\t\t\t\t\t<\/div>\n\t\t\t\t<\/div>\n\t\t<div data-particle_enable=\"false\" data-particle-mobile-disabled=\"false\" class=\"elementor-element elementor-element-2f5130e e-flex e-con-boxed e-con e-parent\" data-id=\"2f5130e\" data-element_type=\"container\" data-e-type=\"container\">\n\t\t\t\t\t<div class=\"e-con-inner\">\n\t\t\t\t<div class=\"elementor-element elementor-element-eec3034 elementor-widget elementor-widget-heading\" data-id=\"eec3034\" data-element_type=\"widget\" data-e-type=\"widget\" data-widget_type=\"heading.default\">\n\t\t\t\t\t<h3 class=\"elementor-heading-title elementor-size-default\">Desaf\u00edos y reflexiones<\/h3>\t\t\t\t<\/div>\n\t\t\t\t\t<\/div>\n\t\t\t\t<\/div>\n\t\t<div data-particle_enable=\"false\" data-particle-mobile-disabled=\"false\" class=\"elementor-element elementor-element-511b9e2 e-flex e-con-boxed e-con e-parent\" data-id=\"511b9e2\" data-element_type=\"container\" data-e-type=\"container\">\n\t\t\t\t\t<div class=\"e-con-inner\">\n\t\t\t\t<div class=\"elementor-element elementor-element-3d53a32 elementor-widget elementor-widget-text-editor\" data-id=\"3d53a32\" data-element_type=\"widget\" data-e-type=\"widget\" data-widget_type=\"text-editor.default\">\n\t\t\t\t\t\t\t\t\t<p>Aunque la importaci\u00f3n de productos extranjeros responde a gran parte de la demanda, esto tambi\u00e9n puede generar competencia fuerte para los negocios nacionales, tanto en precio como variedad.\u00a0<\/p><p>Aun as\u00ed, la presencia de productos importados <b>no deber\u00eda verse solo como una amenaza, sino como un incentivo para que los emprendedores guatemaltecos fortalezcan su propuesta competitiva\u00a0<\/b>\u2014 ya sea diferenciando calidad, valor local, historias de origen o productos \u00fanicos que no pueden replicarse f\u00e1cilmente desde el extranjero.<\/p><p>Asimismo, plataformas como <a href=\"https:\/\/soymigrante.com\/mercado\/\" target=\"_blank\" rel=\"noopener\">SoyMigrante.com MERCADO<\/a> tienen el reto de garantizar confianza (en pagos, env\u00edos, calidad del producto) para que los compradores prefieran tambi\u00e9n lo local, reconociendo la autenticidad y la proximidad como ventajas competitivas.<\/p>\t\t\t\t\t\t\t\t<\/div>\n\t\t\t\t\t<\/div>\n\t\t\t\t<\/div>\n\t\t<div data-particle_enable=\"false\" data-particle-mobile-disabled=\"false\" class=\"elementor-element elementor-element-ce94092 e-flex e-con-boxed e-con e-parent\" data-id=\"ce94092\" data-element_type=\"container\" data-e-type=\"container\">\n\t\t\t\t\t<div class=\"e-con-inner\">\n\t\t\t\t<div class=\"elementor-element elementor-element-4902f95 elementor-grid-eael-col-1 elementor-grid-tablet-eael-col-2 elementor-grid-mobile-eael-col-1 elementor-widget elementor-widget-eael-post-grid\" data-id=\"4902f95\" data-element_type=\"widget\" data-e-type=\"widget\" data-settings=\"{&quot;eael_post_grid_columns&quot;:&quot;eael-col-1&quot;,&quot;eael_post_grid_columns_tablet&quot;:&quot;eael-col-2&quot;,&quot;eael_post_grid_columns_mobile&quot;:&quot;eael-col-1&quot;}\" data-widget_type=\"eael-post-grid.default\">\n\t\t\t\t\t<div id=\"eael-post-grid-4902f95\" class=\"eael-post-grid-container\">\n            <div class=\"eael-post-grid eael-post-appender eael-post-appender-4902f95 eael-post-grid-style-one\" data-layout-mode=\"masonry\"><article class=\"eael-grid-post  eael-post-grid-column eael-pg-post-12756 category-guate-nuestra tags-mercado-emprendedores\" data-id=\"12756\">\n        <div class=\"eael-grid-post-holder\">\n            <div class=\"eael-grid-post-holder-inner\"><div class=\"eael-entry-media\"><div class=\"eael-entry-overlay fade-in\"><i class=\"far fa-hand-pointer\" aria-hidden=\"true\"><\/i><a href=\"https:\/\/soymigrante.com\/revista\/granola-del-comal-nacio-del-amor-de-marina-chen-al-esperar-a-su-bebe\/\"><\/a><\/div><div class=\"eael-entry-thumbnail eael-image-ratio\">\n                <img decoding=\"async\" width=\"1024\" height=\"768\" src=\"https:\/\/soymigrante.com\/revista\/wp-content\/uploads\/2024\/11\/Marina-Chen-y-su-emprendimiento-de-granola-saludable-1-1024x768.jpeg\" class=\"attachment-large size-large wp-image-12758\" alt=\"Artesan\u00eda mexicana, tradiciones culturales, cultura de M\u00e9xico, autodidacta, comunidad ind\u00edgena, belleza cultural.\" \/>\n            <\/div>\n        <\/div><div class=\"eael-entry-wrapper\"><header class=\"eael-entry-header\"><h2 class=\"eael-entry-title\"><a class=\"eael-grid-post-link\" href=\"https:\/\/soymigrante.com\/revista\/granola-del-comal-nacio-del-amor-de-marina-chen-al-esperar-a-su-bebe\/\" title=\"Granola Del Comal naci\u00f3 del amor de Marina Chen al esperar a su beb\u00e9\">Granola Del Comal naci\u00f3 del amor de Marina Chen al esperar a su beb\u00e9<\/a><\/h2><\/header><div class=\"eael-entry-content\">\n                        <div class=\"eael-grid-post-excerpt\"><a href=\"https:\/\/soymigrante.com\/revista\/granola-del-comal-nacio-del-amor-de-marina-chen-al-esperar-a-su-bebe\/\" class=\"eael-post-elements-readmore-btn\">CONOCE SU HISTORIA <\/a><\/div>\n                    <\/div><\/div><\/div>\n        <\/div>\n    <\/article><\/div>\n            <div class=\"clearfix\"><\/div>\n        <\/div>\t\t\t\t<\/div>\n\t\t\t\t\t<\/div>\n\t\t\t\t<\/div>\n\t\t<div data-particle_enable=\"false\" data-particle-mobile-disabled=\"false\" class=\"elementor-element elementor-element-9b067c2 e-flex e-con-boxed e-con e-parent\" data-id=\"9b067c2\" data-element_type=\"container\" data-e-type=\"container\">\n\t\t\t\t\t<div class=\"e-con-inner\">\n\t\t\t\t<div class=\"elementor-element elementor-element-478481f elementor-widget elementor-widget-heading\" data-id=\"478481f\" data-element_type=\"widget\" data-e-type=\"widget\" data-widget_type=\"heading.default\">\n\t\t\t\t\t<h3 class=\"elementor-heading-title elementor-size-default\">El comercio como opci\u00f3n primaria <\/h3>\t\t\t\t<\/div>\n\t\t\t\t\t<\/div>\n\t\t\t\t<\/div>\n\t\t<div data-particle_enable=\"false\" data-particle-mobile-disabled=\"false\" class=\"elementor-element elementor-element-9e33c93 e-flex e-con-boxed e-con e-parent\" data-id=\"9e33c93\" data-element_type=\"container\" data-e-type=\"container\">\n\t\t\t\t\t<div class=\"e-con-inner\">\n\t\t\t\t<div class=\"elementor-element elementor-element-fb862ec elementor-widget elementor-widget-text-editor\" data-id=\"fb862ec\" data-element_type=\"widget\" data-e-type=\"widget\" data-widget_type=\"text-editor.default\">\n\t\t\t\t\t\t\t\t\t<p>El comercio digital ya no es una opci\u00f3n secundaria: se ha convertido en un motor de transformaci\u00f3n para emprendedores guatemaltecos. Con un crecimiento sostenido en importaciones desde Asia, la demanda crece y los consumidores tienen m\u00e1s opciones que nunca.&nbsp;<\/p><p>En ese contexto, plataformas que empoderan al productor nacional \u2014 como <a href=\"https:\/\/soymigrante.com\/mercado\/\" target=\"_blank\" rel=\"noopener\">SoyMigrante.com MERCADO<\/a> \u2014 tienen una oportunidad crucial para generar valor local, ofrecer alternativas distintas y participar activamente del mercado digital, sin tener que depender \u00fanicamente de lo que llega del extranjero.<\/p>\t\t\t\t\t\t\t\t<\/div>\n\t\t\t\t\t<\/div>\n\t\t\t\t<\/div>\n\t\t<div data-particle_enable=\"false\" data-particle-mobile-disabled=\"false\" class=\"elementor-element elementor-element-fef965b e-flex e-con-boxed e-con e-parent\" data-id=\"fef965b\" data-element_type=\"container\" data-e-type=\"container\">\n\t\t\t\t\t<div class=\"e-con-inner\">\n\t\t\t\t<div class=\"elementor-element elementor-element-95cadb6 elementor-grid-eael-col-1 elementor-grid-tablet-eael-col-2 elementor-grid-mobile-eael-col-1 elementor-widget elementor-widget-eael-post-grid\" data-id=\"95cadb6\" data-element_type=\"widget\" data-e-type=\"widget\" data-settings=\"{&quot;eael_post_grid_columns&quot;:&quot;eael-col-1&quot;,&quot;eael_post_grid_columns_tablet&quot;:&quot;eael-col-2&quot;,&quot;eael_post_grid_columns_mobile&quot;:&quot;eael-col-1&quot;}\" data-widget_type=\"eael-post-grid.default\">\n\t\t\t\t\t<div id=\"eael-post-grid-95cadb6\" class=\"eael-post-grid-container\">\n            <div class=\"eael-post-grid eael-post-appender eael-post-appender-95cadb6 eael-post-grid-style-one\" data-layout-mode=\"masonry\"><article class=\"eael-grid-post  eael-post-grid-column eael-pg-post-33336 category-estamos-unidos tags-mercado-emprendedores\" data-id=\"33336\">\n        <div class=\"eael-grid-post-holder\">\n            <div class=\"eael-grid-post-holder-inner\"><div class=\"eael-entry-media\"><div class=\"eael-entry-overlay fade-in\"><i class=\"far fa-hand-pointer\" aria-hidden=\"true\"><\/i><a href=\"https:\/\/soymigrante.com\/revista\/comercio-electronico-en-guatemala-sigue-creciendo-en-oportunidades-para-los-emprendedores\/\"><\/a><\/div><div class=\"eael-entry-thumbnail eael-image-ratio\">\n                <img loading=\"lazy\" decoding=\"async\" width=\"431\" height=\"441\" src=\"https:\/\/soymigrante.com\/revista\/wp-content\/uploads\/2025\/05\/soy-migrante-mercado-IA.webp\" class=\"attachment-large size-large wp-image-33478\" alt=\"Jovenc woman with dark hair browsing colorful jewelry, cupcakes, and accessories on a table at a craft fair or market, in a bright, cheerful setting.\" srcset=\"https:\/\/soymigrante.com\/revista\/wp-content\/uploads\/2025\/05\/soy-migrante-mercado-IA.webp 431w, https:\/\/soymigrante.com\/revista\/wp-content\/uploads\/2025\/05\/soy-migrante-mercado-IA-293x300.png 293w\" sizes=\"(max-width: 431px) 100vw, 431px\" \/>\n            <\/div>\n        <\/div><div class=\"eael-entry-wrapper\"><header class=\"eael-entry-header\"><h2 class=\"eael-entry-title\"><a class=\"eael-grid-post-link\" href=\"https:\/\/soymigrante.com\/revista\/comercio-electronico-en-guatemala-sigue-creciendo-en-oportunidades-para-los-emprendedores\/\" title=\"Comercio electr\u00f3nico en Guatemala sigue creciendo en oportunidades para los emprendedores\">Comercio electr\u00f3nico en Guatemala sigue creciendo en oportunidades para los emprendedores<\/a><\/h2><\/header><div class=\"eael-entry-content\">\n                        <div class=\"eael-grid-post-excerpt\"><a href=\"https:\/\/soymigrante.com\/revista\/comercio-electronico-en-guatemala-sigue-creciendo-en-oportunidades-para-los-emprendedores\/\" class=\"eael-post-elements-readmore-btn\">CONOCE SU HISTORIA <\/a><\/div>\n                    <\/div><\/div><\/div>\n        <\/div>\n    <\/article><\/div>\n            <div class=\"clearfix\"><\/div>\n        <\/div>\t\t\t\t<\/div>\n\t\t\t\t\t<\/div>\n\t\t\t\t<\/div>\n\t\t<div data-particle_enable=\"false\" data-particle-mobile-disabled=\"false\" class=\"elementor-element elementor-element-55e74e9 e-flex e-con-boxed e-con e-parent\" data-id=\"55e74e9\" data-element_type=\"container\" data-e-type=\"container\">\n\t\t\t\t\t<div class=\"e-con-inner\">\n\t\t\t\t<div class=\"elementor-element elementor-element-df497c2 elementor-widget elementor-widget-heading\" data-id=\"df497c2\" data-element_type=\"widget\" data-e-type=\"widget\" data-widget_type=\"heading.default\">\n\t\t\t\t\t<h2 class=\"elementor-heading-title elementor-size-default\">Conoce esta informaci\u00f3n que te puede servir...<\/h2>\t\t\t\t<\/div>\n\t\t\t\t\t<\/div>\n\t\t\t\t<\/div>\n\t\t<div data-particle_enable=\"false\" data-particle-mobile-disabled=\"false\" class=\"elementor-element elementor-element-162812e e-flex e-con-boxed e-con e-parent\" data-id=\"162812e\" data-element_type=\"container\" data-e-type=\"container\">\n\t\t\t\t\t<div class=\"e-con-inner\">\n\t\t\t\t<div class=\"elementor-element elementor-element-e545e8a elementor-grid-eael-col-3 elementor-grid-tablet-eael-col-2 elementor-grid-mobile-eael-col-1 elementor-widget elementor-widget-eael-post-grid\" data-id=\"e545e8a\" data-element_type=\"widget\" data-e-type=\"widget\" data-settings=\"{&quot;eael_post_grid_columns&quot;:&quot;eael-col-3&quot;,&quot;eael_post_grid_columns_tablet&quot;:&quot;eael-col-2&quot;,&quot;eael_post_grid_columns_mobile&quot;:&quot;eael-col-1&quot;}\" data-widget_type=\"eael-post-grid.default\">\n\t\t\t\t\t<div id=\"eael-post-grid-e545e8a\" class=\"eael-post-grid-container\">\n            <div class=\"eael-post-grid eael-post-appender eael-post-appender-e545e8a eael-post-grid-style-one\" data-layout-mode=\"masonry\"><article class=\"eael-grid-post  eael-post-grid-column eael-pg-post-9982 category-bienestar\" data-id=\"9982\">\n        <div class=\"eael-grid-post-holder\">\n            <div class=\"eael-grid-post-holder-inner\"><div class=\"eael-entry-media\"><div class=\"eael-entry-overlay fade-in\"><i class=\"far fa-hand-pointer\" aria-hidden=\"true\"><\/i><a href=\"https:\/\/soymigrante.com\/revista\/considerando-una-tienda-digital-evalua-ventajas-y-desafios-versus-una-venta-fisica\/\"><\/a><\/div><div class=\"eael-entry-thumbnail eael-image-ratio\">\n                <img loading=\"lazy\" decoding=\"async\" width=\"872\" height=\"872\" src=\"https:\/\/soymigrante.com\/revista\/wp-content\/uploads\/2024\/10\/Captura-de-pantalla-2024-10-03-194249.webp\" class=\"attachment-large size-large wp-image-10006\" alt=\"Compra en l\u00ednea con la revista SoyMigrante.com REVISTA, caracter\u00edsticas y tendencias del comercio digital para migrantes y comunidad hispana.\" srcset=\"https:\/\/soymigrante.com\/revista\/wp-content\/uploads\/2024\/10\/Captura-de-pantalla-2024-10-03-194249.webp 872w, https:\/\/soymigrante.com\/revista\/wp-content\/uploads\/2024\/10\/Captura-de-pantalla-2024-10-03-194249-300x300.webp 300w, https:\/\/soymigrante.com\/revista\/wp-content\/uploads\/2024\/10\/Captura-de-pantalla-2024-10-03-194249-150x150.webp 150w, https:\/\/soymigrante.com\/revista\/wp-content\/uploads\/2024\/10\/Captura-de-pantalla-2024-10-03-194249-768x768.webp 768w, https:\/\/soymigrante.com\/revista\/wp-content\/uploads\/2024\/10\/Captura-de-pantalla-2024-10-03-194249-75x75.webp 75w, https:\/\/soymigrante.com\/revista\/wp-content\/uploads\/2024\/10\/Captura-de-pantalla-2024-10-03-194249-750x750.webp 750w\" sizes=\"(max-width: 872px) 100vw, 872px\" \/>\n            <\/div>\n        <\/div><div class=\"eael-entry-wrapper\"><header class=\"eael-entry-header\"><h2 class=\"eael-entry-title\"><a class=\"eael-grid-post-link\" href=\"https:\/\/soymigrante.com\/revista\/considerando-una-tienda-digital-evalua-ventajas-y-desafios-versus-una-venta-fisica\/\" title=\"\u00bfConsiderando una tienda digital? Eval\u00faa ventajas y desaf\u00edos versus una venta f\u00edsica\">\u00bfConsiderando una tienda digital? Eval\u00faa ventajas y desaf\u00edos versus una venta f\u00edsica<\/a><\/h2><\/header><div class=\"eael-entry-content\">\n                        <div class=\"eael-grid-post-excerpt\"><a href=\"https:\/\/soymigrante.com\/revista\/considerando-una-tienda-digital-evalua-ventajas-y-desafios-versus-una-venta-fisica\/\" class=\"eael-post-elements-readmore-btn\">CONOCE SU HISTORIA <\/a><\/div>\n                    <\/div><\/div><\/div>\n        <\/div>\n    <\/article><article class=\"eael-grid-post  eael-post-grid-column eael-pg-post-11094 category-guate-nuestra tags-mercado-emprendedores\" data-id=\"11094\">\n        <div class=\"eael-grid-post-holder\">\n            <div class=\"eael-grid-post-holder-inner\"><div class=\"eael-entry-media\"><div class=\"eael-entry-overlay fade-in\"><i class=\"far fa-hand-pointer\" aria-hidden=\"true\"><\/i><a href=\"https:\/\/soymigrante.com\/revista\/emprendedora-lilia-rojas-elabora-joyas-con-creatividad-marca-livero\/\"><\/a><\/div><div class=\"eael-entry-thumbnail eael-image-ratio\">\n                <img loading=\"lazy\" decoding=\"async\" width=\"690\" height=\"690\" src=\"https:\/\/soymigrante.com\/revista\/wp-content\/uploads\/2024\/11\/livero-lilia-rojas.webp\" class=\"attachment-large size-large wp-image-12312\" alt=\"Vera artesan\u00eda de collar y pulsera con piedras turquoise y madera en tonos marr\u00f3n y azul. Accesorios artesanales \u00fanicos hechos a mano para estilo bohemio y \u00e9tnico.\" srcset=\"https:\/\/soymigrante.com\/revista\/wp-content\/uploads\/2024\/11\/livero-lilia-rojas.webp 690w, https:\/\/soymigrante.com\/revista\/wp-content\/uploads\/2024\/11\/livero-lilia-rojas-300x300.webp 300w, https:\/\/soymigrante.com\/revista\/wp-content\/uploads\/2024\/11\/livero-lilia-rojas-150x150.webp 150w, https:\/\/soymigrante.com\/revista\/wp-content\/uploads\/2024\/11\/livero-lilia-rojas-75x75.webp 75w\" sizes=\"(max-width: 690px) 100vw, 690px\" \/>\n            <\/div>\n        <\/div><div class=\"eael-entry-wrapper\"><header class=\"eael-entry-header\"><h2 class=\"eael-entry-title\"><a class=\"eael-grid-post-link\" href=\"https:\/\/soymigrante.com\/revista\/emprendedora-lilia-rojas-elabora-joyas-con-creatividad-marca-livero\/\" title=\"Emprendedora Lilia Rojas libera su creatividad con joyas artesanales Livero\">Emprendedora Lilia Rojas libera su creatividad con joyas artesanales Livero<\/a><\/h2><\/header><div class=\"eael-entry-content\">\n                        <div class=\"eael-grid-post-excerpt\"><a href=\"https:\/\/soymigrante.com\/revista\/emprendedora-lilia-rojas-elabora-joyas-con-creatividad-marca-livero\/\" class=\"eael-post-elements-readmore-btn\">CONOCE SU HISTORIA <\/a><\/div>\n                    <\/div><\/div><\/div>\n        <\/div>\n    <\/article><article class=\"eael-grid-post  eael-post-grid-column eael-pg-post-10641\" data-id=\"10641\">\n        <div class=\"eael-grid-post-holder\">\n            <div class=\"eael-grid-post-holder-inner\"><div class=\"eael-entry-media\"><div class=\"eael-entry-overlay fade-in\"><i class=\"far fa-hand-pointer\" aria-hidden=\"true\"><\/i><a href=\"https:\/\/soymigrante.com\/revista\/emprendedores-de-mercado\/\"><\/a><\/div><div class=\"eael-entry-thumbnail eael-image-ratio\">\n                <img loading=\"lazy\" decoding=\"async\" width=\"1024\" height=\"379\" src=\"https:\/\/soymigrante.com\/revista\/wp-content\/uploads\/2024\/09\/soymigrantecom-mercado-1024x379.webp\" class=\"attachment-large size-large wp-image-8884\" alt=\"SoyMigrante.com revista de migrantes y mercado laboral, con noticias y art\u00edculos relevantes para la comunidad migrante en busca de integraci\u00f3n y oportunidades de empleo.\" srcset=\"https:\/\/soymigrante.com\/revista\/wp-content\/uploads\/2024\/09\/soymigrantecom-mercado-1024x379.webp 1024w, https:\/\/soymigrante.com\/revista\/wp-content\/uploads\/2024\/09\/soymigrantecom-mercado-300x111.webp 300w, https:\/\/soymigrante.com\/revista\/wp-content\/uploads\/2024\/09\/soymigrantecom-mercado-768x284.webp 768w, https:\/\/soymigrante.com\/revista\/wp-content\/uploads\/2024\/09\/soymigrantecom-mercado-750x278.webp 750w, https:\/\/soymigrante.com\/revista\/wp-content\/uploads\/2024\/09\/soymigrantecom-mercado.webp 1032w\" sizes=\"(max-width: 1024px) 100vw, 1024px\" \/>\n            <\/div>\n        <\/div><div class=\"eael-entry-wrapper\"><header class=\"eael-entry-header\"><h2 class=\"eael-entry-title\"><a class=\"eael-grid-post-link\" href=\"https:\/\/soymigrante.com\/revista\/emprendedores-de-mercado\/\" title=\"Conoce a los Emprendedores de SoyMigrante.com MERCADO\">Conoce a los Emprendedores de SoyMigrante.com MERCADO<\/a><\/h2><\/header><div class=\"eael-entry-content\">\n                        <div class=\"eael-grid-post-excerpt\"><a href=\"https:\/\/soymigrante.com\/revista\/emprendedores-de-mercado\/\" class=\"eael-post-elements-readmore-btn\">CONOCE SU HISTORIA <\/a><\/div>\n                    <\/div><\/div><\/div>\n        <\/div>\n    <\/article><\/div>\n            <div class=\"clearfix\"><\/div>\n        <\/div>\t\t\t\t<\/div>\n\t\t\t\t\t<\/div>\n\t\t\t\t<\/div>\n\t\t\t\t<\/div>\n\t\t","protected":false},"excerpt":{"rendered":"<p>El comercio digital est\u00e1 cada vez m\u00e1s cerca de emprendedores y compradores guatemaltecos, con mayor confianza y seguridad en las transacciones: una oportunidad para los productos locales con calidad e identidad. El comercio electr\u00f3nico en Guatemala sigue creciendo a paso firme, convirti\u00e9ndose en una pieza clave para emprendedores locales y consumidores.\u00a0 La importaci\u00f3n de paqueter\u00eda [&hellip;]<\/p>\n","protected":false},"author":19,"featured_media":45696,"comment_status":"open","ping_status":"open","sticky":false,"template":"","format":"standard","meta":{"_acf_changed":false,"_eb_attr":"","footnotes":""},"categories":[54],"tags":[],"class_list":["post-45617","post","type-post","status-publish","format-standard","has-post-thumbnail","hentry","category-estamos-unidos"],"acf":[],"aioseo_notices":[],"aioseo_head":"\n\t\t<!-- All in One SEO Pro 4.9.6.2 - aioseo.com -->\n\t<meta name=\"description\" content=\"Detr\u00e1s de cada producto en MERCADO, hay esfuerzo, creatividad y sue\u00f1os. Con\u00f3celas aqu\u00ed. Bienestar Estrategias para fidelizar clientes: peque\u00f1as acciones que te ayudar\u00e1n en el comercio digital Guate Nuestra Celebra el D\u00eda del Libro con inspiraci\u00f3n 100% guatemalteca: adquiere, disfruta u obsequia en MERCADO Guate Nuestra D\u00eda Mundial del Emprendimiento: 16 historias llenas de trabajo\" \/>\n\t<meta name=\"robots\" content=\"max-snippet:-1, max-image-preview:large, max-video-preview:-1\" \/>\n\t<meta name=\"author\" content=\"Marysabel Aldana\"\/>\n\t<link rel=\"canonical\" href=\"https:\/\/soymigrante.com\/revista\/e-commerce-sigue-creciendo-en-guatemala-y-debe-ser-ventaja-para-productos-de-calidad\/\" \/>\n\t<meta name=\"generator\" content=\"All in One SEO Pro (AIOSEO) 4.9.6.2\" \/>\n\n\t\t<link rel=\"preconnect\" href=\"https:\/\/fonts.googleapis.com\" crossorigin>\n<link rel=\"preconnect\" href=\"https:\/\/fonts.gstatic.com\" crossorigin>\n\t\t<meta property=\"og:locale\" content=\"es_ES\" \/>\n\t\t<meta property=\"og:site_name\" content=\"SoyMigrante.com REVISTA \u2013 Nuestra misi\u00f3n es reconocer y dignificar al migrante.\" \/>\n\t\t<meta property=\"og:type\" content=\"article\" \/>\n\t\t<meta property=\"og:title\" content=\"Comercio digital sigue creciendo e impulsa emprendimientos\" \/>\n\t\t<meta property=\"og:description\" content=\"El comercio digital beneficia emprendedores y compradores guatemaltecos, para acercar productos aut\u00e9nticos, con historia y alta calidad a trav\u00e9s de MERCADO.\" \/>\n\t\t<meta property=\"og:url\" content=\"https:\/\/soymigrante.com\/revista\/e-commerce-sigue-creciendo-en-guatemala-y-debe-ser-ventaja-para-productos-de-calidad\/\" \/>\n\t\t<meta property=\"og:image\" content=\"https:\/\/soymigrante.com\/revista\/wp-content\/uploads\/2025\/09\/soymigrante-mercado-envios-comercio-electronico-1.png\" \/>\n\t\t<meta property=\"og:image:secure_url\" content=\"https:\/\/soymigrante.com\/revista\/wp-content\/uploads\/2025\/09\/soymigrante-mercado-envios-comercio-electronico-1.png\" \/>\n\t\t<meta property=\"og:image:width\" content=\"632\" \/>\n\t\t<meta property=\"og:image:height\" content=\"624\" \/>\n\t\t<meta property=\"article:published_time\" content=\"2025-09-22T21:23:34+00:00\" \/>\n\t\t<meta property=\"article:modified_time\" content=\"2025-09-22T22:21:11+00:00\" \/>\n\t\t<meta property=\"article:publisher\" content=\"https:\/\/www.facebook.com\/soymigrantecom\" \/>\n\t\t<meta name=\"twitter:card\" content=\"summary_large_image\" \/>\n\t\t<meta name=\"twitter:site\" content=\"@SoyMigrante_com\" \/>\n\t\t<meta name=\"twitter:title\" content=\"Comercio digital sigue creciendo e impulsa emprendimientos\" \/>\n\t\t<meta name=\"twitter:description\" content=\"El comercio digital beneficia emprendedores y compradores guatemaltecos, para acercar productos aut\u00e9nticos, con historia y alta calidad a trav\u00e9s de MERCADO.\" \/>\n\t\t<meta name=\"twitter:creator\" content=\"@SoyMigrante_com\" \/>\n\t\t<meta name=\"twitter:image\" content=\"https:\/\/soymigrante.com\/revista\/wp-content\/uploads\/2025\/09\/soymigrante-mercado-envios-comercio-electronico-1.png\" \/>\n\t\t<!-- All in One SEO Pro -->\r\n\t\t<title>Comercio digital sigue creciendo e impulsa emprendimientos<\/title>\n\n","aioseo_head_json":{"title":"Comercio digital sigue creciendo e impulsa emprendimientos","description":"El comercio digital beneficia emprendedores y compradores guatemaltecos, para acercar productos aut\u00e9nticos, con historia y alta calidad a trav\u00e9s de MERCADO.","canonical_url":"https:\/\/soymigrante.com\/revista\/e-commerce-sigue-creciendo-en-guatemala-y-debe-ser-ventaja-para-productos-de-calidad\/","robots":"max-snippet:-1, max-image-preview:large, max-video-preview:-1","keywords":"","webmasterTools":{"miscellaneous":"&lt;link rel=\"preconnect\" href=\"https:\/\/fonts.googleapis.com\" crossorigin&gt;\n&lt;link rel=\"preconnect\" href=\"https:\/\/fonts.gstatic.com\" crossorigin&gt;"},"schema":null,"og:locale":"es_ES","og:site_name":"SoyMigrante.com REVISTA \u2013 Nuestra misi\u00f3n es reconocer y dignificar al migrante.","og:type":"article","og:title":"Comercio digital sigue creciendo e impulsa emprendimientos","og:description":"El comercio digital beneficia emprendedores y compradores guatemaltecos, para acercar productos aut\u00e9nticos, con historia y alta calidad a trav\u00e9s de MERCADO.","og:url":"https:\/\/soymigrante.com\/revista\/e-commerce-sigue-creciendo-en-guatemala-y-debe-ser-ventaja-para-productos-de-calidad\/","og:image":"https:\/\/soymigrante.com\/revista\/wp-content\/uploads\/2025\/09\/soymigrante-mercado-envios-comercio-electronico-1.png","og:image:secure_url":"https:\/\/soymigrante.com\/revista\/wp-content\/uploads\/2025\/09\/soymigrante-mercado-envios-comercio-electronico-1.png","og:image:width":632,"og:image:height":624,"article:published_time":"2025-09-22T21:23:34+00:00","article:modified_time":"2025-09-22T22:21:11+00:00","article:publisher":"https:\/\/www.facebook.com\/soymigrantecom","twitter:card":"summary_large_image","twitter:site":"@SoyMigrante_com","twitter:title":"Comercio digital sigue creciendo e impulsa emprendimientos","twitter:description":"El comercio digital beneficia emprendedores y compradores guatemaltecos, para acercar productos aut\u00e9nticos, con historia y alta calidad a trav\u00e9s de MERCADO.","twitter:creator":"@SoyMigrante_com","twitter:image":"https:\/\/soymigrante.com\/revista\/wp-content\/uploads\/2025\/09\/soymigrante-mercado-envios-comercio-electronico-1.png"},"aioseo_meta_data":{"post_id":"45617","title":"Comercio digital sigue creciendo e impulsa emprendimientos","description":"El comercio digital beneficia emprendedores y compradores guatemaltecos, para acercar productos aut\u00e9nticos, con historia y alta calidad a trav\u00e9s de MERCADO.","keywords":null,"keyphrases":{"focus":{"keyphrase":"comercio","score":94,"analysis":{"keyphraseInTitle":{"score":9,"maxScore":9,"error":0},"keyphraseInDescription":{"score":9,"maxScore":9,"error":0},"keyphraseLength":{"score":9,"maxScore":9,"error":0,"length":1},"keyphraseInURL":{"score":1,"maxScore":5,"error":1},"keyphraseInIntroduction":{"score":9,"maxScore":9,"error":0},"keyphraseInSubHeadings":{"score":9,"maxScore":9,"error":0},"keyphraseInImageAlt":{"score":9,"maxScore":9,"error":0},"keywordDensity":{"type":"best","score":9,"maxScore":9,"error":0}}},"additional":[{"keyphrase":"digital","score":87,"analysis":{"keyphraseInDescription":{"score":9,"maxScore":9,"error":0},"keyphraseLength":{"score":9,"maxScore":9,"error":0,"length":1},"keyphraseInIntroduction":{"score":3,"maxScore":9,"error":1},"keyphraseInImageAlt":{"score":9,"maxScore":9,"error":0},"keywordDensity":{"type":"best","score":9,"maxScore":9,"error":0}}},{"keyphrase":"emprendedores","score":87,"analysis":{"keyphraseInDescription":{"score":9,"maxScore":9,"error":0},"keyphraseLength":{"score":9,"maxScore":9,"error":0,"length":1},"keyphraseInIntroduction":{"score":9,"maxScore":9,"error":0},"keyphraseInImageAlt":{"score":3,"maxScore":9,"error":1},"keywordDensity":{"type":"best","score":9,"maxScore":9,"error":0}}}]},"primary_term":null,"canonical_url":null,"og_title":null,"og_description":null,"og_object_type":"default","og_image_type":"default","og_image_url":null,"og_image_width":null,"og_image_height":null,"og_image_custom_url":null,"og_image_custom_fields":null,"og_video":"","og_custom_url":null,"og_article_section":null,"og_article_tags":null,"twitter_use_og":false,"twitter_card":"default","twitter_image_type":"default","twitter_image_url":null,"twitter_image_custom_url":null,"twitter_image_custom_fields":null,"twitter_title":null,"twitter_description":null,"schema":{"blockGraphs":[],"customGraphs":[],"default":{"data":{"Article":[],"Course":[],"Dataset":[],"FAQPage":[],"Movie":[],"Person":[],"Product":[],"ProductReview":[],"Car":[],"Recipe":[],"Service":[],"SoftwareApplication":[],"WebPage":[]},"graphName":"none","isEnabled":true},"graphs":[]},"schema_type":"default","schema_type_options":null,"pillar_content":false,"robots_default":true,"robots_noindex":false,"robots_noarchive":false,"robots_nosnippet":false,"robots_nofollow":false,"robots_noimageindex":false,"robots_noodp":false,"robots_notranslate":false,"robots_max_snippet":"-1","robots_max_videopreview":"-1","robots_max_imagepreview":"large","priority":null,"frequency":"default","local_seo":null,"seo_analyzer_scan_date":"2025-10-09 08:45:03","breadcrumb_settings":null,"limit_modified_date":false,"reviewed_by":"0","open_ai":null,"ai":{"faqs":[],"keyPoints":[],"titles":[],"descriptions":[],"socialPosts":{"email":[],"linkedin":[],"twitter":[],"facebook":[],"instagram":[]}},"created":"2025-09-22 17:16:28","updated":"2026-02-05 05:42:35"},"aioseo_breadcrumb":"<div class=\"aioseo-breadcrumbs\"><span class=\"aioseo-breadcrumb\">\n\t<a href=\"https:\/\/soymigrante.com\/revista\" title=\"Home\">Home<\/a>\n<\/span><span class=\"aioseo-breadcrumb-separator\">\u00bb<\/span><span class=\"aioseo-breadcrumb\">\n\t<a href=\"https:\/\/soymigrante.com\/revista\/category\/estamos-unidos\/\" title=\"Estamos Unidos\">Estamos Unidos<\/a>\n<\/span><span class=\"aioseo-breadcrumb-separator\">\u00bb<\/span><span class=\"aioseo-breadcrumb\">\n\tE-commerce sigue creciendo en Guatemala y debe ser ventaja para productos de calidad\n<\/span><\/div>","aioseo_breadcrumb_json":[{"label":"Home","link":"https:\/\/soymigrante.com\/revista"},{"label":"Estamos Unidos","link":"https:\/\/soymigrante.com\/revista\/category\/estamos-unidos\/"},{"label":"E-commerce sigue creciendo en Guatemala y debe ser ventaja para productos de calidad","link":"https:\/\/soymigrante.com\/revista\/e-commerce-sigue-creciendo-en-guatemala-y-debe-ser-ventaja-para-productos-de-calidad\/"}],"_links":{"self":[{"href":"https:\/\/soymigrante.com\/revista\/wp-json\/wp\/v2\/posts\/45617","targetHints":{"allow":["GET"]}}],"collection":[{"href":"https:\/\/soymigrante.com\/revista\/wp-json\/wp\/v2\/posts"}],"about":[{"href":"https:\/\/soymigrante.com\/revista\/wp-json\/wp\/v2\/types\/post"}],"author":[{"embeddable":true,"href":"https:\/\/soymigrante.com\/revista\/wp-json\/wp\/v2\/users\/19"}],"replies":[{"embeddable":true,"href":"https:\/\/soymigrante.com\/revista\/wp-json\/wp\/v2\/comments?post=45617"}],"version-history":[{"count":21,"href":"https:\/\/soymigrante.com\/revista\/wp-json\/wp\/v2\/posts\/45617\/revisions"}],"predecessor-version":[{"id":45722,"href":"https:\/\/soymigrante.com\/revista\/wp-json\/wp\/v2\/posts\/45617\/revisions\/45722"}],"wp:featuredmedia":[{"embeddable":true,"href":"https:\/\/soymigrante.com\/revista\/wp-json\/wp\/v2\/media\/45696"}],"wp:attachment":[{"href":"https:\/\/soymigrante.com\/revista\/wp-json\/wp\/v2\/media?parent=45617"}],"wp:term":[{"taxonomy":"category","embeddable":true,"href":"https:\/\/soymigrante.com\/revista\/wp-json\/wp\/v2\/categories?post=45617"},{"taxonomy":"post_tag","embeddable":true,"href":"https:\/\/soymigrante.com\/revista\/wp-json\/wp\/v2\/tags?post=45617"}],"curies":[{"name":"wp","href":"https:\/\/api.w.org\/{rel}","templated":true}]}}