{"id":45579,"date":"2025-09-22T04:00:00","date_gmt":"2025-09-22T10:00:00","guid":{"rendered":"https:\/\/soymigrante.com\/revista\/?p=45579"},"modified":"2025-09-22T13:29:21","modified_gmt":"2025-09-22T19:29:21","slug":"el-cacao-es-simbolo-ancestral-de-sabor-e-identidad-que-sigue-vigente","status":"publish","type":"post","link":"https:\/\/soymigrante.com\/revista\/el-cacao-es-simbolo-ancestral-de-sabor-e-identidad-que-sigue-vigente\/","title":{"rendered":"El cacao es s\u00edmbolo ancestral de sabor que sigue muy presente"},"content":{"rendered":"\t\t<div data-elementor-type=\"wp-post\" data-elementor-id=\"45579\" class=\"elementor elementor-45579\" data-elementor-post-type=\"post\">\n\t\t\t\t<div data-particle_enable=\"false\" data-particle-mobile-disabled=\"false\" class=\"elementor-element elementor-element-dda07e0 e-flex e-con-boxed e-con e-parent\" data-id=\"dda07e0\" data-element_type=\"container\" data-e-type=\"container\">\n\t\t\t\t\t<div class=\"e-con-inner\">\n\t\t\t\t<div class=\"elementor-element elementor-element-12a6ffc elementor-widget elementor-widget-heading\" data-id=\"12a6ffc\" data-element_type=\"widget\" data-e-type=\"widget\" data-widget_type=\"heading.default\">\n\t\t\t\t\t<h2 class=\"elementor-heading-title elementor-size-default\">El cacao es tan legendario como real, tan antiguo como actual: fruto y grano originario de Mesoam\u00e9rica era bebida y s\u00edmbolo num\u00e9rico de los mayas, pero su encanto y sabor siguen siendo cautivantes.<\/h2>\t\t\t\t<\/div>\n\t\t\t\t<div class=\"elementor-element elementor-element-fc685d9 elementor-widget elementor-widget-html\" data-id=\"fc685d9\" data-element_type=\"widget\" data-e-type=\"widget\" data-widget_type=\"html.default\">\n\t\t\t\t\t<div id=\"buzzsprout-player-17887233\"><\/div><script src=\"https:\/\/www.buzzsprout.com\/2444168\/episodes\/17887233-el-cacao-simbolo-de-pasado-con-sabor-de-futuro.js?container_id=buzzsprout-player-17887233&player=small\" type=\"text\/javascript\" charset=\"utf-8\"><\/script>\t\t\t\t<\/div>\n\t\t\t\t\t<\/div>\n\t\t\t\t<\/div>\n\t\t<div data-particle_enable=\"false\" data-particle-mobile-disabled=\"false\" class=\"elementor-element elementor-element-6ee7cfb e-flex e-con-boxed e-con e-parent\" data-id=\"6ee7cfb\" data-element_type=\"container\" data-e-type=\"container\">\n\t\t\t\t\t<div class=\"e-con-inner\">\n\t\t\t\t<div class=\"elementor-element elementor-element-bcef1e0 elementor-widget elementor-widget-text-editor\" data-id=\"bcef1e0\" data-element_type=\"widget\" data-e-type=\"widget\" data-widget_type=\"text-editor.default\">\n\t\t\t\t\t\t\t\t\t<p>El cacao no es solo el ingrediente del chocolate que hoy se disfruta en todo el mundo. En Mesoam\u00e9rica fue moneda, ofrenda a los dioses y s\u00edmbolo de vida. Su historia, que nace en territorios como Guatemala, nos revela un legado cultural que a\u00fan late en rituales, lenguas y sabores. Conocerlo, comprarlo <a href=\"https:\/\/soymigrante.com\/mercado\/search?category=&amp;query=chocolate\">a productores artesanales locales en SoyMigrante.com MERCADO<\/a> y disfrutarlo es un acto de identidad y de orgullo, dentro y fuera del pa\u00eds.\u00a0<\/p><p>Por ello te ofrecemos algunas preguntas con respuesta.<\/p>\t\t\t\t\t\t\t\t<\/div>\n\t\t\t\t\t<\/div>\n\t\t\t\t<\/div>\n\t\t<div data-particle_enable=\"false\" data-particle-mobile-disabled=\"false\" class=\"elementor-element elementor-element-ceca0c4 e-flex e-con-boxed e-con e-parent\" data-id=\"ceca0c4\" data-element_type=\"container\" data-e-type=\"container\">\n\t\t\t\t\t<div class=\"e-con-inner\">\n\t\t\t\t<div class=\"elementor-element elementor-element-2bdade4 elementor-widget elementor-widget-heading\" data-id=\"2bdade4\" data-element_type=\"widget\" data-e-type=\"widget\" data-widget_type=\"heading.default\">\n\t\t\t\t\t<h4 class=\"elementor-heading-title elementor-size-default\">Pero primero mira el fruto del cacao en su \u00e1rbol<\/h4>\t\t\t\t<\/div>\n\t\t\t\t\t<\/div>\n\t\t\t\t<\/div>\n\t\t<div data-particle_enable=\"false\" data-particle-mobile-disabled=\"false\" class=\"elementor-element elementor-element-e1a0fc4 e-flex e-con-boxed e-con e-parent\" data-id=\"e1a0fc4\" data-element_type=\"container\" data-e-type=\"container\">\n\t\t\t\t\t<div class=\"e-con-inner\">\n\t\t\t\t<div class=\"elementor-element elementor-element-7c1bae7 elementor-widget elementor-widget-html\" data-id=\"7c1bae7\" data-element_type=\"widget\" data-e-type=\"widget\" data-widget_type=\"html.default\">\n\t\t\t\t\t<iframe src=\"https:\/\/www.facebook.com\/plugins\/video.php?height=476&href=https%3A%2F%2Fwww.facebook.com%2Freel%2F1157224685743066%2F&show_text=true&width=267&t=0\" width=\"267\" height=\"591\" style=\"border:none;overflow:hidden\" scrolling=\"no\" frameborder=\"0\" allowfullscreen=\"true\" allow=\"autoplay; clipboard-write; encrypted-media; picture-in-picture; web-share\" allowFullScreen=\"true\"><\/iframe>\t\t\t\t<\/div>\n\t\t\t\t\t<\/div>\n\t\t\t\t<\/div>\n\t\t<div data-particle_enable=\"false\" data-particle-mobile-disabled=\"false\" class=\"elementor-element elementor-element-83af178 e-flex e-con-boxed e-con e-parent\" data-id=\"83af178\" data-element_type=\"container\" data-e-type=\"container\">\n\t\t\t\t\t<div class=\"e-con-inner\">\n\t\t\t\t<div class=\"elementor-element elementor-element-97fef7a elementor-widget elementor-widget-text-editor\" data-id=\"97fef7a\" data-element_type=\"widget\" data-e-type=\"widget\" data-widget_type=\"text-editor.default\">\n\t\t\t\t\t\t\t\t\t<h3 data-start=\"381\" data-end=\"421\">\u00a0<\/h3><h3 data-start=\"381\" data-end=\"421\">\u00bfQu\u00e9 es el cacao y d\u00f3nde se origin\u00f3?<\/h3><p data-start=\"423\" data-end=\"636\">El cacao es el fruto del \u00e1rbol <em data-start=\"471\" data-end=\"488\">Theobroma cacao<\/em>, un \u00e1rbol tropical de la familia Malvaceae. El g\u00e9nero <em data-start=\"543\" data-end=\"554\">Theobroma<\/em> incluso significa \u201calimento de los dioses\u201d.\u00a0<\/p><p data-start=\"638\" data-end=\"947\">Aunque sus ancestros crecen en la cuenca amaz\u00f3nica, el cacao se fue aclimatando en Mesoam\u00e9rica, donde lo domesticaron \u2014es decir, los pueblos originarios seleccionaron variedades, lo cultivaron, lo manipularon\u2014 hasta lograr tipos como el criollo, con sabor m\u00e1s delicado, seg\u00fan\u00a0<span data-state=\"closed\"><span data-testid=\"webpage-citation-pill\"><a href=\"https:\/\/flaar-mesoamerica.org\/2023\/07\/07\/cacao-in-the-mayan-culture-and-other-interesting-facts\/\" target=\"_blank\" rel=\"noopener\">Flaar Mesoam\u00e9rica.<\/a><\/span><\/span><\/p><p data-start=\"949\" data-end=\"1192\">Para crecer bien, el cacao necesita clima c\u00e1lido (m\u00e1s de unos <strong data-start=\"1256\" data-end=\"1265\">18 \u00b0C<\/strong>), sombra, humedad, altitudes menores a 1,250 metros sobre el nivel del mar. En Mesoam\u00e9rica prosper\u00f3 especialmente en lo que ahora es Guatemala, Tabasco y Chiapas.\u00a0<\/p>\t\t\t\t\t\t\t\t<\/div>\n\t\t\t\t\t<\/div>\n\t\t\t\t<\/div>\n\t\t<div data-particle_enable=\"false\" data-particle-mobile-disabled=\"false\" class=\"elementor-element elementor-element-8eea411 e-flex e-con-boxed e-con e-parent\" data-id=\"8eea411\" data-element_type=\"container\" data-e-type=\"container\">\n\t\t\t\t\t<div class=\"e-con-inner\">\n\t\t\t\t<div class=\"elementor-element elementor-element-1effd83 elementor-widget elementor-widget-image\" data-id=\"1effd83\" data-element_type=\"widget\" data-e-type=\"widget\" data-widget_type=\"image.default\">\n\t\t\t\t\t\t\t\t\t\t\t\t<figure class=\"wp-caption\">\n\t\t\t\t\t\t\t\t\t\t<img fetchpriority=\"high\" decoding=\"async\" width=\"700\" height=\"559\" src=\"https:\/\/soymigrante.com\/revista\/wp-content\/uploads\/2025\/09\/chac-codice.jpg\" class=\"attachment-large size-large wp-image-45583\" alt=\"El dios Chac tomando bebida de cacao junto a la madre Tierra, ilustracion contenida en el C\u00f3dice Maya de Madrid.\" srcset=\"https:\/\/soymigrante.com\/revista\/wp-content\/uploads\/2025\/09\/chac-codice.jpg 700w, https:\/\/soymigrante.com\/revista\/wp-content\/uploads\/2025\/09\/chac-codice-300x240.jpg 300w\" sizes=\"(max-width: 700px) 100vw, 700px\" title=\"El dios Chac tomando bebida de cacao junto a la madre Tierra, ilustracion contenida en el C\u00f3dice Maya de Madrid. \u2013 SoyMigrante.com REVISTA\" \/>\t\t\t\t\t\t\t\t\t\t\t<figcaption class=\"widget-image-caption wp-caption-text\">El dios Chac tomando  cacao junto a la madre Tierra, ilustracion contenida en el C\u00f3dice Maya de Madrid.<\/figcaption>\n\t\t\t\t\t\t\t\t\t\t<\/figure>\n\t\t\t\t\t\t\t\t\t<\/div>\n\t\t\t\t\t<\/div>\n\t\t\t\t<\/div>\n\t\t<div data-particle_enable=\"false\" data-particle-mobile-disabled=\"false\" class=\"elementor-element elementor-element-d8e2637 e-flex e-con-boxed e-con e-parent\" data-id=\"d8e2637\" data-element_type=\"container\" data-e-type=\"container\">\n\t\t\t\t\t<div class=\"e-con-inner\">\n\t\t\t\t<div class=\"elementor-element elementor-element-43d3d50 elementor-widget elementor-widget-text-editor\" data-id=\"43d3d50\" data-element_type=\"widget\" data-e-type=\"widget\" data-widget_type=\"text-editor.default\">\n\t\t\t\t\t\t\t\t\t<h3 data-start=\"381\" data-end=\"421\"><span style=\"font-family: Mulish, sans-serif; font-size: 29px; font-weight: bold;\">\u00bfCu\u00e1ndo comenz\u00f3 su uso en Mesoam\u00e9rica?<\/span><\/h3><p data-start=\"1500\" data-end=\"1702\">Hay evidencia arqueol\u00f3gica de cacao en Mesoam\u00e9rica ya desde tiempos muy antiguos: restos de cacao se han fechado hacia el <strong data-start=\"1639\" data-end=\"1651\">600 a.C.<\/strong> en\u00a0 Guatemala y Belice.\u00a0\u00a0<\/p><p data-start=\"1704\" data-end=\"1927\">El uso de <a href=\"https:\/\/soymigrante.com\/revista\/joyas-mayas-migrantes-jarra-con-relieve-en-el-met-museum-ny\/\">utensilios asociados al consumo de bebidas de cacao (vasos especiales, etc.)<\/a> se remonta incluso al periodo Precl\u00e1sico, mucho antes de la llegada de los europeos, seg\u00fan un informe de\u00a0\u00a0<span data-state=\"closed\"><span data-testid=\"webpage-citation-pill\"><a href=\"https:\/\/www.cambridge.org\/core\/journals\/ancient-mesoamerica\/article\/history-of-the-word-for-cacao-in-ancient-mesoamerica\/FE4A2AE4F9D0C1EDCFB583DB315907E4\" target=\"_blank\" rel=\"noopener\">Cambridge University Press &amp; Assessment<\/a>.<\/span><\/span><\/p><p data-start=\"1929\" data-end=\"2095\">En el periodo Cl\u00e1sico Maya (aproximadamente 150-900 d.C.), <a href=\"https:\/\/soymigrante.com\/revista\/joyas-mayas-migrantes-jarra-con-relieve-en-el-met-museum-ny\/\">el cacao ya ten\u00eda gran importancia ritual,<\/a> simb\u00f3lica y cultural.\u00a0 \u00a0<\/p>\t\t\t\t\t\t\t\t<\/div>\n\t\t\t\t\t<\/div>\n\t\t\t\t<\/div>\n\t\t<div data-particle_enable=\"false\" data-particle-mobile-disabled=\"false\" class=\"elementor-element elementor-element-2e2bcc8 e-flex e-con-boxed e-con e-parent\" data-id=\"2e2bcc8\" data-element_type=\"container\" data-e-type=\"container\">\n\t\t\t\t\t<div class=\"e-con-inner\">\n\t\t\t\t<div class=\"elementor-element elementor-element-d621cf5 elementor-widget elementor-widget-image\" data-id=\"d621cf5\" data-element_type=\"widget\" data-e-type=\"widget\" data-widget_type=\"image.default\">\n\t\t\t\t\t\t\t\t\t\t\t\t<figure class=\"wp-caption\">\n\t\t\t\t\t\t\t\t\t\t<img decoding=\"async\" width=\"606\" height=\"300\" src=\"https:\/\/soymigrante.com\/revista\/wp-content\/uploads\/2025\/09\/un-cacao-representaba-el-numero-cero-para-los-mayas.png\" class=\"attachment-large size-large wp-image-45659\" alt=\"Los mayas fueron los inventores del concepto del &quot;cero&quot; en la numeraci\u00f3n. Y el s\u00edmbolo para representarlo era un fruto de cacao, prueba de la enorme importancia que ten\u00eda este fruto y su grano en la cultura prehisp\u00e1nica.\" srcset=\"https:\/\/soymigrante.com\/revista\/wp-content\/uploads\/2025\/09\/un-cacao-representaba-el-numero-cero-para-los-mayas.png 606w, https:\/\/soymigrante.com\/revista\/wp-content\/uploads\/2025\/09\/un-cacao-representaba-el-numero-cero-para-los-mayas-300x149.png 300w\" sizes=\"(max-width: 606px) 100vw, 606px\" title=\"Los mayas fueron los inventores del concepto del &quot;cero&quot; en la numeraci\u00f3n. Y el s\u00edmbolo para representarlo era un fruto de cacao, prueba de la enorme importancia que ten\u00eda este fruto y su grano en la cultura prehisp\u00e1nica. \u2013 SoyMigrante.com REVISTA\" \/>\t\t\t\t\t\t\t\t\t\t\t<figcaption class=\"widget-image-caption wp-caption-text\">Los mayas fueron los inventores del concepto del \"cero\" en la numeraci\u00f3n. Y el s\u00edmbolo para representarlo era un fruto de cacao, prueba de la enorme importancia que ten\u00eda este fruto y su grano en la cultura prehisp\u00e1nica. <\/figcaption>\n\t\t\t\t\t\t\t\t\t\t<\/figure>\n\t\t\t\t\t\t\t\t\t<\/div>\n\t\t\t\t\t<\/div>\n\t\t\t\t<\/div>\n\t\t<div data-particle_enable=\"false\" data-particle-mobile-disabled=\"false\" class=\"elementor-element elementor-element-6f938db e-flex e-con-boxed e-con e-parent\" data-id=\"6f938db\" data-element_type=\"container\" data-e-type=\"container\">\n\t\t\t\t\t<div class=\"e-con-inner\">\n\t\t\t\t<div class=\"elementor-element elementor-element-2da7912 elementor-widget elementor-widget-text-editor\" data-id=\"2da7912\" data-element_type=\"widget\" data-e-type=\"widget\" data-widget_type=\"text-editor.default\">\n\t\t\t\t\t\t\t\t\t<h3 data-start=\"381\" data-end=\"421\"><span style=\"font-family: Mulish, sans-serif; font-size: 29px; font-weight: bold;\">\u00bfQu\u00e9 papel simb\u00f3lico o ritual ten\u00eda el cacao para los pueblos maya y otros grupos?<\/span><\/h3>\n<p data-start=\"2190\" data-end=\"2295\">El cacao no era simplemente alimento: ten\u00eda un fuerte valor sagrado, simb\u00f3lico y ritual.<\/p>\n<ul data-start=\"2297\" data-end=\"3148\">\n<li data-start=\"2297\" data-end=\"2524\">\n<p data-start=\"2299\" data-end=\"2524\">Aparec\u00eda en ceremonias religiosas, ofrendas, sacrificios, bodas, funerales. Por ejemplo, en bodas se compart\u00eda un recipiente con cacao como s\u00edmbolo de uni\u00f3n de las familias, de linajes.<\/p>\n<\/li>\n<li data-start=\"2525\" data-end=\"2733\">\n<p data-start=\"2527\" data-end=\"2733\">Era asociado con lo divino. En la mitolog\u00eda maya, se menciona en documentos como <a href=\"https:\/\/soymigrante.com\/revista\/el-popol-vuh-es-migrante-esta-en-chicago-y-8-datos-que-quiza-no-sabias\/\">el <em data-start=\"2611\" data-end=\"2622\">Popol Vuh<\/em>,<\/a> donde el cacao est\u00e1 presente en rituales relacionados con los dioses. En vasos mayas y <a href=\"https:\/\/soymigrante.com\/revista\/joyas-mayas-migrantes-copia-del-codice-de-madrid-esta-ahora-en-solola-miralo-de-cerca\/\">c\u00f3dices<\/a>, aparecen gobernantes y deidades tomando chocolate.<\/p>\n<\/li><li data-start=\"2525\" data-end=\"2733\"><p data-start=\"2527\" data-end=\"2733\">En el sistema de numeracion maya, el cacao serv\u00eda para representar el concepto de &#8220;cero&#8221;, fundamental para todos sus c\u00e1lculos.<\/p><\/li>\n<\/ul>\t\t\t\t\t\t\t\t<\/div>\n\t\t\t\t\t<\/div>\n\t\t\t\t<\/div>\n\t\t<div data-particle_enable=\"false\" data-particle-mobile-disabled=\"false\" class=\"elementor-element elementor-element-dacb5a0 e-flex e-con-boxed e-con e-parent\" data-id=\"dacb5a0\" data-element_type=\"container\" data-e-type=\"container\">\n\t\t\t\t\t<div class=\"e-con-inner\">\n\t\t\t\t<div class=\"elementor-element elementor-element-85fd402 elementor-grid-eael-col-1 elementor-grid-tablet-eael-col-2 elementor-grid-mobile-eael-col-1 elementor-widget elementor-widget-eael-post-grid\" data-id=\"85fd402\" data-element_type=\"widget\" data-e-type=\"widget\" data-settings=\"{&quot;eael_post_grid_columns&quot;:&quot;eael-col-1&quot;,&quot;eael_post_grid_columns_tablet&quot;:&quot;eael-col-2&quot;,&quot;eael_post_grid_columns_mobile&quot;:&quot;eael-col-1&quot;}\" data-widget_type=\"eael-post-grid.default\">\n\t\t\t\t\t<div id=\"eael-post-grid-85fd402\" class=\"eael-post-grid-container\">\n            <div class=\"eael-post-grid eael-post-appender eael-post-appender-85fd402 eael-post-grid-style-one\" data-layout-mode=\"masonry\"><article class=\"eael-grid-post  eael-post-grid-column eael-pg-post-7722 category-guate-nuestra tags-joyas-mayas-migrantes\" data-id=\"7722\">\n        <div class=\"eael-grid-post-holder\">\n            <div class=\"eael-grid-post-holder-inner\"><div class=\"eael-entry-media\"><div class=\"eael-entry-overlay fade-in\"><i class=\"far fa-hand-pointer\" aria-hidden=\"true\"><\/i><a href=\"https:\/\/soymigrante.com\/revista\/joyas-mayas-migrantes-jarra-con-relieve-en-el-met-museum-ny\/\"><\/a><\/div><div class=\"eael-entry-thumbnail eael-image-ratio\">\n                <img decoding=\"async\" width=\"850\" height=\"850\" src=\"https:\/\/soymigrante.com\/revista\/wp-content\/uploads\/2024\/07\/jarra-maya-grabada-met-1.webp\" class=\"attachment-large size-large wp-image-7726\" alt=\"Antiguo recipiente de cer\u00e1mica olmeca con grabados y s\u00edmbolos ancestrales, muestra arte prehisp\u00e1nico y cultura ind\u00edgena mexicana.\" srcset=\"https:\/\/soymigrante.com\/revista\/wp-content\/uploads\/2024\/07\/jarra-maya-grabada-met-1.webp 850w, https:\/\/soymigrante.com\/revista\/wp-content\/uploads\/2024\/07\/jarra-maya-grabada-met-1-300x300.webp 300w, https:\/\/soymigrante.com\/revista\/wp-content\/uploads\/2024\/07\/jarra-maya-grabada-met-1-150x150.webp 150w, https:\/\/soymigrante.com\/revista\/wp-content\/uploads\/2024\/07\/jarra-maya-grabada-met-1-768x768.webp 768w, https:\/\/soymigrante.com\/revista\/wp-content\/uploads\/2024\/07\/jarra-maya-grabada-met-1-75x75.webp 75w, https:\/\/soymigrante.com\/revista\/wp-content\/uploads\/2024\/07\/jarra-maya-grabada-met-1-750x750.webp 750w\" sizes=\"(max-width: 850px) 100vw, 850px\" \/>\n            <\/div>\n        <\/div><div class=\"eael-entry-wrapper\"><header class=\"eael-entry-header\"><h2 class=\"eael-entry-title\"><a class=\"eael-grid-post-link\" href=\"https:\/\/soymigrante.com\/revista\/joyas-mayas-migrantes-jarra-con-relieve-en-el-met-museum-ny\/\" title=\"Joyas mayas migrantes: Chocolatera en el Met Museum NY. Conoce su significado\">Joyas mayas migrantes: Chocolatera en el Met Museum NY. Conoce su significado<\/a><\/h2><\/header><div class=\"eael-entry-content\">\n                        <div class=\"eael-grid-post-excerpt\"><a href=\"https:\/\/soymigrante.com\/revista\/joyas-mayas-migrantes-jarra-con-relieve-en-el-met-museum-ny\/\" class=\"eael-post-elements-readmore-btn\">CONOCE SU HISTORIA <\/a><\/div>\n                    <\/div><\/div><\/div>\n        <\/div>\n    <\/article><\/div>\n            <div class=\"clearfix\"><\/div>\n        <\/div>\t\t\t\t<\/div>\n\t\t\t\t\t<\/div>\n\t\t\t\t<\/div>\n\t\t<div data-particle_enable=\"false\" data-particle-mobile-disabled=\"false\" class=\"elementor-element elementor-element-0afb124 e-flex e-con-boxed e-con e-parent\" data-id=\"0afb124\" data-element_type=\"container\" data-e-type=\"container\">\n\t\t\t\t\t<div class=\"e-con-inner\">\n\t\t\t\t<div class=\"elementor-element elementor-element-fa94157 elementor-widget elementor-widget-text-editor\" data-id=\"fa94157\" data-element_type=\"widget\" data-e-type=\"widget\" data-widget_type=\"text-editor.default\">\n\t\t\t\t\t\t\t\t\t<h3>\u00a0<span style=\"font-family: Mulish, sans-serif; font-size: 29px; font-weight: bold;\">\u00bfC\u00f3mo se le llamaba \u201ccacao\u201d en los idiomas antiguos de Mesoam\u00e9rica? \u00bfC\u00f3mo lleg\u00f3 la palabra al espa\u00f1ol \u201ccacao\u201d?<\/span><\/h3><ul data-start=\"3489\" data-end=\"4065\"><li data-start=\"3489\" data-end=\"3645\"><p data-start=\"3491\" data-end=\"3645\">La forma <em data-start=\"3500\" data-end=\"3510\">kakaw<\/em>\u00a0era ampliamente usada entre lenguas mesoamericanas antiguas. Se cree que esta forma provino de la familia ling\u00fc\u00edstica situada en la Costa Sur y luego se difundi\u00f3 hacia las lenguas mayenses entre aproximadamente 200 a.C. y 400 d.C.<\/p><\/li><li data-start=\"3901\" data-end=\"4065\"><p data-start=\"3903\" data-end=\"4065\">El n\u00e1huatl (una lengua emparentada) lo adopt\u00f3 como <em data-start=\"3954\" data-end=\"3965\">kakawa<\/em>, lo cual ser\u00eda luego fuente para la palabra espa\u00f1ola <em data-start=\"4017\" data-end=\"4024\">cacao, puesto que los conquistadores ten\u00edan como gu\u00edas a colaboradores nahuatl.<\/em><\/p><\/li><\/ul>\t\t\t\t\t\t\t\t<\/div>\n\t\t\t\t\t<\/div>\n\t\t\t\t<\/div>\n\t\t<div data-particle_enable=\"false\" data-particle-mobile-disabled=\"false\" class=\"elementor-element elementor-element-c513648 e-flex e-con-boxed e-con e-parent\" data-id=\"c513648\" data-element_type=\"container\" data-e-type=\"container\">\n\t\t\t\t\t<div class=\"e-con-inner\">\n\t\t\t\t<div class=\"elementor-element elementor-element-c1a5813 elementor-grid-eael-col-1 elementor-grid-tablet-eael-col-2 elementor-grid-mobile-eael-col-1 elementor-widget elementor-widget-eael-post-grid\" data-id=\"c1a5813\" data-element_type=\"widget\" data-e-type=\"widget\" data-settings=\"{&quot;eael_post_grid_columns&quot;:&quot;eael-col-1&quot;,&quot;eael_post_grid_columns_tablet&quot;:&quot;eael-col-2&quot;,&quot;eael_post_grid_columns_mobile&quot;:&quot;eael-col-1&quot;}\" data-widget_type=\"eael-post-grid.default\">\n\t\t\t\t\t<div id=\"eael-post-grid-c1a5813\" class=\"eael-post-grid-container\">\n            <div class=\"eael-post-grid eael-post-appender eael-post-appender-c1a5813 eael-post-grid-style-one\" data-layout-mode=\"masonry\"><article class=\"eael-grid-post  eael-post-grid-column eael-pg-post-25341 category-guate-nuestra\" data-id=\"25341\">\n        <div class=\"eael-grid-post-holder\">\n            <div class=\"eael-grid-post-holder-inner\"><div class=\"eael-entry-media\"><div class=\"eael-entry-overlay fade-in\"><i class=\"far fa-hand-pointer\" aria-hidden=\"true\"><\/i><a href=\"https:\/\/soymigrante.com\/revista\/choquiba-lleva-el-sabor-del-chocolate-artesanal-a-tu-puerta\/\"><\/a><\/div><div class=\"eael-entry-thumbnail eael-image-ratio\">\n                <img loading=\"lazy\" decoding=\"async\" width=\"1024\" height=\"1024\" src=\"https:\/\/soymigrante.com\/revista\/wp-content\/uploads\/2025\/02\/Choquiba-La-tienda-guatemalteca-que-transforma-el-cacao-4-1024x1024.jpeg\" class=\"attachment-large size-large wp-image-25342\" alt=\"Chocolates artesanales envueltos en papel kraft y atados con cuerda, productos tradicionales destacados en SoyMigrante.com REVISTA.\" srcset=\"https:\/\/soymigrante.com\/revista\/wp-content\/uploads\/2025\/02\/Choquiba-La-tienda-guatemalteca-que-transforma-el-cacao-4-1024x1024.jpeg 1024w, https:\/\/soymigrante.com\/revista\/wp-content\/uploads\/2025\/02\/Choquiba-La-tienda-guatemalteca-que-transforma-el-cacao-4-300x300.jpeg 300w, https:\/\/soymigrante.com\/revista\/wp-content\/uploads\/2025\/02\/Choquiba-La-tienda-guatemalteca-que-transforma-el-cacao-4-150x150.jpeg 150w, https:\/\/soymigrante.com\/revista\/wp-content\/uploads\/2025\/02\/Choquiba-La-tienda-guatemalteca-que-transforma-el-cacao-4-768x768.jpeg 768w, https:\/\/soymigrante.com\/revista\/wp-content\/uploads\/2025\/02\/Choquiba-La-tienda-guatemalteca-que-transforma-el-cacao-4-75x75.webp 75w, https:\/\/soymigrante.com\/revista\/wp-content\/uploads\/2025\/02\/Choquiba-La-tienda-guatemalteca-que-transforma-el-cacao-4-750x750.webp 750w, https:\/\/soymigrante.com\/revista\/wp-content\/uploads\/2025\/02\/Choquiba-La-tienda-guatemalteca-que-transforma-el-cacao-4-1140x1140.webp 1140w, https:\/\/soymigrante.com\/revista\/wp-content\/uploads\/2025\/02\/Choquiba-La-tienda-guatemalteca-que-transforma-el-cacao-4.webp 1280w\" sizes=\"(max-width: 1024px) 100vw, 1024px\" \/>\n            <\/div>\n        <\/div><div class=\"eael-entry-wrapper\"><header class=\"eael-entry-header\"><h2 class=\"eael-entry-title\"><a class=\"eael-grid-post-link\" href=\"https:\/\/soymigrante.com\/revista\/choquiba-lleva-el-sabor-del-chocolate-artesanal-a-tu-puerta\/\" title=\"Choquiba lleva el sabor del chocolate artesanal a tu puerta\">Choquiba lleva el sabor del chocolate artesanal a tu puerta<\/a><\/h2><\/header><div class=\"eael-entry-content\">\n                        <div class=\"eael-grid-post-excerpt\"><a href=\"https:\/\/soymigrante.com\/revista\/choquiba-lleva-el-sabor-del-chocolate-artesanal-a-tu-puerta\/\" class=\"eael-post-elements-readmore-btn\">CONOCE SU HISTORIA <\/a><\/div>\n                    <\/div><\/div><\/div>\n        <\/div>\n    <\/article><\/div>\n            <div class=\"clearfix\"><\/div>\n        <\/div>\t\t\t\t<\/div>\n\t\t\t\t\t<\/div>\n\t\t\t\t<\/div>\n\t\t<div data-particle_enable=\"false\" data-particle-mobile-disabled=\"false\" class=\"elementor-element elementor-element-d056208 e-flex e-con-boxed e-con e-parent\" data-id=\"d056208\" data-element_type=\"container\" data-e-type=\"container\">\n\t\t\t\t\t<div class=\"e-con-inner\">\n\t\t\t\t<div class=\"elementor-element elementor-element-0f2a50a elementor-widget elementor-widget-text-editor\" data-id=\"0f2a50a\" data-element_type=\"widget\" data-e-type=\"widget\" data-widget_type=\"text-editor.default\">\n\t\t\t\t\t\t\t\t\t<h3 style=\"font-style: normal; font-variant-ligatures: normal; font-variant-caps: normal;\" data-start=\"4072\" data-end=\"4184\">\u00bfPor qu\u00e9 es importante para los guatemaltecos\u00a0 \u00a0conocer esta historia?<\/h3><ul style=\"font-style: normal; font-variant-ligatures: normal; font-variant-caps: normal; font-weight: 400; font-size: 22px; font-family: Roboto, sans-serif;\" data-start=\"4203\" data-end=\"5026\"><li data-start=\"4203\" data-end=\"4401\"><p data-start=\"4205\" data-end=\"4401\"><strong data-start=\"4205\" data-end=\"4228\">Identidad cultural:<\/strong>\u00a0saber que el cacao no s\u00f3lo era alimento, sino parte de las ceremonias, los dioses, los mitos, los mercados, de la vida cotidiana, ayuda a reconectar con ra\u00edces profundas.<\/p><\/li><li data-start=\"4402\" data-end=\"4619\"><p data-start=\"4404\" data-end=\"4619\"><strong data-start=\"4404\" data-end=\"4426\">Valor patrimonial:<\/strong>\u00a0en Guatemala (y en Centroam\u00e9rica), el cacao crece bien y es procesado en forma de cocoa y chocolate artesanal. Mantener esa diversidad es tambi\u00e9n conservar patrimonio bot\u00e1nico, cultural, gastron\u00f3mico.<\/p><\/li><li data-start=\"4620\" data-end=\"4809\"><p data-start=\"4622\" data-end=\"4809\"><strong data-start=\"4622\" data-end=\"4641\">Econom\u00eda local:<\/strong>\u00a0apoyar productos de cacao originario puede impulsar comunidades locales, productores artesanales. Productos que reflejan esa herencia tienen valor agregado, aprecio.<\/p><\/li><li data-start=\"4810\" data-end=\"5026\"><p data-start=\"4812\" data-end=\"5026\"><strong data-start=\"4812\" data-end=\"4837\">Conciencia hist\u00f3rica:<\/strong>\u00a0al conocer c\u00f3mo los pueblos prehisp\u00e1nicos manejaban el cacao (su cultivo, su simbolismo, su comercio), se puede apreciar mejor su sabor y tradici\u00f3n. Disfrutarlo hoy puede ser tambi\u00e9n un ritual de multiculturalidad.<\/p><\/li><\/ul>\t\t\t\t\t\t\t\t<\/div>\n\t\t\t\t\t<\/div>\n\t\t\t\t<\/div>\n\t\t<div data-particle_enable=\"false\" data-particle-mobile-disabled=\"false\" class=\"elementor-element elementor-element-fe6841d e-flex e-con-boxed e-con e-parent\" data-id=\"fe6841d\" data-element_type=\"container\" data-e-type=\"container\">\n\t\t\t\t\t<div class=\"e-con-inner\">\n\t\t\t\t<div class=\"elementor-element elementor-element-0adde60 elementor-grid-eael-col-1 elementor-grid-tablet-eael-col-2 elementor-grid-mobile-eael-col-1 elementor-widget elementor-widget-eael-post-grid\" data-id=\"0adde60\" data-element_type=\"widget\" data-e-type=\"widget\" data-settings=\"{&quot;eael_post_grid_columns&quot;:&quot;eael-col-1&quot;,&quot;eael_post_grid_columns_tablet&quot;:&quot;eael-col-2&quot;,&quot;eael_post_grid_columns_mobile&quot;:&quot;eael-col-1&quot;}\" data-widget_type=\"eael-post-grid.default\">\n\t\t\t\t\t<div id=\"eael-post-grid-0adde60\" class=\"eael-post-grid-container\">\n            <div class=\"eael-post-grid eael-post-appender eael-post-appender-0adde60 eael-post-grid-style-one\" data-layout-mode=\"masonry\"><article class=\"eael-grid-post  eael-post-grid-column eael-pg-post-32077 category-guate-nuestra tags-mercado-emprendedores\" data-id=\"32077\">\n        <div class=\"eael-grid-post-holder\">\n            <div class=\"eael-grid-post-holder-inner\"><div class=\"eael-entry-media\"><div class=\"eael-entry-overlay fade-in\"><i class=\"far fa-hand-pointer\" aria-hidden=\"true\"><\/i><a href=\"https:\/\/soymigrante.com\/revista\/teddy-y-la-fabrica-de-chocolate-artesanal-vive-cacao-de-coban-esta-en-mercado\/\"><\/a><\/div><div class=\"eael-entry-thumbnail eael-image-ratio\">\n                <img loading=\"lazy\" decoding=\"async\" width=\"1024\" height=\"1024\" src=\"https:\/\/soymigrante.com\/revista\/wp-content\/uploads\/2025\/04\/cocoa-powder-and-beans-2024-12-21-02-58-00-utc-1024x1024.jpg\" class=\"attachment-large size-large wp-image-32078\" alt=\"Nueces de cacao y polvo de cacao en un saco de yute con menta, canela y an\u00eds estrellado, ingredientes esenciales en la cultura y gastronom\u00eda del cacao.\" srcset=\"https:\/\/soymigrante.com\/revista\/wp-content\/uploads\/2025\/04\/cocoa-powder-and-beans-2024-12-21-02-58-00-utc-1024x1024.jpg 1024w, https:\/\/soymigrante.com\/revista\/wp-content\/uploads\/2025\/04\/cocoa-powder-and-beans-2024-12-21-02-58-00-utc-300x300.jpg 300w, https:\/\/soymigrante.com\/revista\/wp-content\/uploads\/2025\/04\/cocoa-powder-and-beans-2024-12-21-02-58-00-utc-150x150.jpg 150w, https:\/\/soymigrante.com\/revista\/wp-content\/uploads\/2025\/04\/cocoa-powder-and-beans-2024-12-21-02-58-00-utc-768x768.jpg 768w, https:\/\/soymigrante.com\/revista\/wp-content\/uploads\/2025\/04\/cocoa-powder-and-beans-2024-12-21-02-58-00-utc-1536x1536.jpg 1536w, https:\/\/soymigrante.com\/revista\/wp-content\/uploads\/2025\/04\/cocoa-powder-and-beans-2024-12-21-02-58-00-utc-2048x2048.jpg 2048w, https:\/\/soymigrante.com\/revista\/wp-content\/uploads\/2025\/04\/cocoa-powder-and-beans-2024-12-21-02-58-00-utc-75x75.webp 75w, https:\/\/soymigrante.com\/revista\/wp-content\/uploads\/2025\/04\/cocoa-powder-and-beans-2024-12-21-02-58-00-utc-750x750.webp 750w, https:\/\/soymigrante.com\/revista\/wp-content\/uploads\/2025\/04\/cocoa-powder-and-beans-2024-12-21-02-58-00-utc-1140x1140.webp 1140w, https:\/\/soymigrante.com\/revista\/wp-content\/uploads\/2025\/04\/cocoa-powder-and-beans-2024-12-21-02-58-00-utc-scaled.webp 1920w\" sizes=\"(max-width: 1024px) 100vw, 1024px\" \/>\n            <\/div>\n        <\/div><div class=\"eael-entry-wrapper\"><header class=\"eael-entry-header\"><h2 class=\"eael-entry-title\"><a class=\"eael-grid-post-link\" href=\"https:\/\/soymigrante.com\/revista\/teddy-y-la-fabrica-de-chocolate-artesanal-vive-cacao-de-coban-esta-en-mercado\/\" title=\"Teddy y la f\u00e1brica de chocolate artesanal Vive Cacao, de Cob\u00e1n est\u00e1 en MERCADO\">Teddy y la f\u00e1brica de chocolate artesanal Vive Cacao, de Cob\u00e1n est\u00e1 en MERCADO<\/a><\/h2><\/header><div class=\"eael-entry-content\">\n                        <div class=\"eael-grid-post-excerpt\"><a href=\"https:\/\/soymigrante.com\/revista\/teddy-y-la-fabrica-de-chocolate-artesanal-vive-cacao-de-coban-esta-en-mercado\/\" class=\"eael-post-elements-readmore-btn\">CONOCE SU HISTORIA <\/a><\/div>\n                    <\/div><\/div><\/div>\n        <\/div>\n    <\/article><\/div>\n            <div class=\"clearfix\"><\/div>\n        <\/div>\t\t\t\t<\/div>\n\t\t\t\t\t<\/div>\n\t\t\t\t<\/div>\n\t\t<div data-particle_enable=\"false\" data-particle-mobile-disabled=\"false\" class=\"elementor-element elementor-element-d223df3 e-flex e-con-boxed e-con e-parent\" data-id=\"d223df3\" data-element_type=\"container\" data-e-type=\"container\">\n\t\t\t\t\t<div class=\"e-con-inner\">\n\t\t\t\t<div class=\"elementor-element elementor-element-c843bad elementor-widget elementor-widget-text-editor\" data-id=\"c843bad\" data-element_type=\"widget\" data-e-type=\"widget\" data-widget_type=\"text-editor.default\">\n\t\t\t\t\t\t\t\t\t<div><span style=\"color: #000000; font-family: Mulish, sans-serif; font-size: 29px; font-weight: bold;\">\u00bfC\u00f3mo se vive hoy ese legado, y d\u00f3nde podemos adquirir productos que lo reflejen?<\/span><\/div><p data-start=\"5120\" data-end=\"5363\">Hoy existen productores que buscan rescatar, conservar y comercializar cacao aut\u00e9ntico, de calidad, con pr\u00e1cticas tradicionales o sostenibles. En Guatemala hay muchas comunidades que lo cultivan.<\/p><p data-start=\"5365\" data-end=\"5669\">Un ejemplo concreto en <a href=\"https:\/\/www.youtube.com\/watch?v=ey904OUOd34\">S<em data-start=\"5429\" data-end=\"5454\">oyMigrante.com MERCADO<\/em>\u00a0se pueden encontrar productos de cacao y chocolate.<\/a> Esto conecta lo local con la di\u00e1spora, con mercados m\u00e1s amplios, y ofrece opciones para que los guatemaltecos en el extranjero puedan acceder a cacao que conserve sus ra\u00edces.<\/p>\t\t\t\t\t\t\t\t<\/div>\n\t\t\t\t\t<\/div>\n\t\t\t\t<\/div>\n\t\t<div data-particle_enable=\"false\" data-particle-mobile-disabled=\"false\" class=\"elementor-element elementor-element-73cf2b1 e-flex e-con-boxed e-con e-parent\" data-id=\"73cf2b1\" data-element_type=\"container\" data-e-type=\"container\">\n\t\t\t\t\t<div class=\"e-con-inner\">\n\t\t\t\t<div class=\"elementor-element elementor-element-6302443 elementor-grid-eael-col-1 elementor-grid-tablet-eael-col-2 elementor-grid-mobile-eael-col-1 elementor-widget elementor-widget-eael-post-grid\" data-id=\"6302443\" data-element_type=\"widget\" data-e-type=\"widget\" data-settings=\"{&quot;eael_post_grid_columns&quot;:&quot;eael-col-1&quot;,&quot;eael_post_grid_columns_tablet&quot;:&quot;eael-col-2&quot;,&quot;eael_post_grid_columns_mobile&quot;:&quot;eael-col-1&quot;}\" data-widget_type=\"eael-post-grid.default\">\n\t\t\t\t\t<div id=\"eael-post-grid-6302443\" class=\"eael-post-grid-container\">\n            <div class=\"eael-post-grid eael-post-appender eael-post-appender-6302443 eael-post-grid-style-one\" data-layout-mode=\"masonry\"><article class=\"eael-grid-post  eael-post-grid-column eael-pg-post-40229 category-guate-nuestra tags-mercado-emprendedores\" data-id=\"40229\">\n        <div class=\"eael-grid-post-holder\">\n            <div class=\"eael-grid-post-holder-inner\"><div class=\"eael-entry-media\"><div class=\"eael-entry-overlay fade-in\"><i class=\"far fa-hand-pointer\" aria-hidden=\"true\"><\/i><a href=\"https:\/\/soymigrante.com\/revista\/la-inspiradora-historia-del-cafe-y-chocolate-de-fabios-market-ahora-en-soymigrante-mercado\/\"><\/a><\/div><div class=\"eael-entry-thumbnail eael-image-ratio\">\n                <img loading=\"lazy\" decoding=\"async\" width=\"1024\" height=\"1024\" src=\"https:\/\/soymigrante.com\/revista\/wp-content\/uploads\/2025\/07\/fabios-cafe-soymigrante-mercado-1024x1024.png\" class=\"attachment-large size-large wp-image-40231\" alt=\"Disculpa, no puedo proporcionar esa descripci\u00f3n.\" srcset=\"https:\/\/soymigrante.com\/revista\/wp-content\/uploads\/2025\/07\/fabios-cafe-soymigrante-mercado-1024x1024.png 1024w, https:\/\/soymigrante.com\/revista\/wp-content\/uploads\/2025\/07\/fabios-cafe-soymigrante-mercado-300x300.png 300w, https:\/\/soymigrante.com\/revista\/wp-content\/uploads\/2025\/07\/fabios-cafe-soymigrante-mercado-150x150.png 150w, https:\/\/soymigrante.com\/revista\/wp-content\/uploads\/2025\/07\/fabios-cafe-soymigrante-mercado-768x768.png 768w, https:\/\/soymigrante.com\/revista\/wp-content\/uploads\/2025\/07\/fabios-cafe-soymigrante-mercado-75x75.png 75w, https:\/\/soymigrante.com\/revista\/wp-content\/uploads\/2025\/07\/fabios-cafe-soymigrante-mercado-750x750.png 750w, https:\/\/soymigrante.com\/revista\/wp-content\/uploads\/2025\/07\/fabios-cafe-soymigrante-mercado.webp 1080w\" sizes=\"(max-width: 1024px) 100vw, 1024px\" \/>\n            <\/div>\n        <\/div><div class=\"eael-entry-wrapper\"><header class=\"eael-entry-header\"><h2 class=\"eael-entry-title\"><a class=\"eael-grid-post-link\" href=\"https:\/\/soymigrante.com\/revista\/la-inspiradora-historia-del-cafe-y-chocolate-de-fabios-market-ahora-en-soymigrante-mercado\/\" title=\"La inspiradora historia del caf\u00e9 y chocolate de Fabio&#8217;s Market ahora en SoyMigrante MERCADO\">La inspiradora historia del caf\u00e9 y chocolate de Fabio&#8217;s Market ahora en SoyMigrante MERCADO<\/a><\/h2><\/header><div class=\"eael-entry-content\">\n                        <div class=\"eael-grid-post-excerpt\"><a href=\"https:\/\/soymigrante.com\/revista\/la-inspiradora-historia-del-cafe-y-chocolate-de-fabios-market-ahora-en-soymigrante-mercado\/\" class=\"eael-post-elements-readmore-btn\">CONOCE SU HISTORIA <\/a><\/div>\n                    <\/div><\/div><\/div>\n        <\/div>\n    <\/article><\/div>\n            <div class=\"clearfix\"><\/div>\n        <\/div>\t\t\t\t<\/div>\n\t\t\t\t\t<\/div>\n\t\t\t\t<\/div>\n\t\t<div data-particle_enable=\"false\" data-particle-mobile-disabled=\"false\" class=\"elementor-element elementor-element-41711db e-flex e-con-boxed e-con e-parent\" data-id=\"41711db\" data-element_type=\"container\" data-e-type=\"container\">\n\t\t\t\t\t<div class=\"e-con-inner\">\n\t\t\t\t<div class=\"elementor-element elementor-element-33b444d elementor-widget elementor-widget-text-editor\" data-id=\"33b444d\" data-element_type=\"widget\" data-e-type=\"widget\" data-widget_type=\"text-editor.default\">\n\t\t\t\t\t\t\t\t\t<div><span style=\"color: #000000; font-family: Mulish, sans-serif; font-size: 31px; font-weight: bold;\">Disfruta un sabor ancestral, hoy<\/span><\/div><p data-start=\"6620\" data-end=\"7079\">El cacao no es s\u00f3lo chocolate: es historia, simbolog\u00eda, identidad, vida. Es un puente entre lo que fueron los pueblos mayas, olmecas y otros, y lo que somos ahora. Conociendo su origen, su papel en la cultura y su forma de nombrarse, lo hacemos visible, lo valoramos, lo defendemos.\u00a0<\/p><p data-start=\"6620\" data-end=\"7079\">Y al apoyar productos aut\u00e9nticos \u2014como los que se promueven en S<em data-start=\"6966\" data-end=\"6989\">oyMigrante.com MERCADO<\/em>\u00a0contribuimos a que ese legado no se pierda, y siga produciendo orgullo, sabor y memoria.<\/p>\t\t\t\t\t\t\t\t<\/div>\n\t\t\t\t\t<\/div>\n\t\t\t\t<\/div>\n\t\t<div data-particle_enable=\"false\" data-particle-mobile-disabled=\"false\" class=\"elementor-element elementor-element-22e5d0c e-flex e-con-boxed e-con e-parent\" data-id=\"22e5d0c\" data-element_type=\"container\" data-e-type=\"container\">\n\t\t\t\t\t<div class=\"e-con-inner\">\n\t\t\t\t<div class=\"elementor-element elementor-element-52f333c elementor-widget elementor-widget-html\" data-id=\"52f333c\" data-element_type=\"widget\" data-e-type=\"widget\" data-widget_type=\"html.default\">\n\t\t\t\t\t<iframe width=\"560\" height=\"315\" src=\"https:\/\/www.youtube.com\/embed\/ey904OUOd34?si=Fhq_wEscFTBFK-1m\" title=\"YouTube video player\" frameborder=\"0\" allow=\"accelerometer; autoplay; clipboard-write; encrypted-media; gyroscope; picture-in-picture; web-share\" referrerpolicy=\"strict-origin-when-cross-origin\" allowfullscreen><\/iframe>\t\t\t\t<\/div>\n\t\t\t\t\t<\/div>\n\t\t\t\t<\/div>\n\t\t<div data-particle_enable=\"false\" data-particle-mobile-disabled=\"false\" class=\"elementor-element elementor-element-93a7c91 e-flex e-con-boxed e-con e-parent\" data-id=\"93a7c91\" data-element_type=\"container\" data-e-type=\"container\">\n\t\t\t\t\t<div class=\"e-con-inner\">\n\t\t\t\t<div class=\"elementor-element elementor-element-aee128d elementor-widget elementor-widget-heading\" data-id=\"aee128d\" data-element_type=\"widget\" data-e-type=\"widget\" data-widget_type=\"heading.default\">\n\t\t\t\t\t<h2 class=\"elementor-heading-title elementor-size-default\">M\u00e1s ingenio de emprendedores guatemaltecos<\/h2>\t\t\t\t<\/div>\n\t\t\t\t\t<\/div>\n\t\t\t\t<\/div>\n\t\t<div data-particle_enable=\"false\" data-particle-mobile-disabled=\"false\" class=\"elementor-element elementor-element-4b1a914 e-flex e-con-boxed e-con e-parent\" data-id=\"4b1a914\" data-element_type=\"container\" data-e-type=\"container\">\n\t\t\t\t\t<div class=\"e-con-inner\">\n\t\t\t\t<div class=\"elementor-element elementor-element-2b33a80 elementor-grid-eael-col-3 elementor-grid-tablet-eael-col-2 elementor-grid-mobile-eael-col-1 elementor-widget elementor-widget-eael-post-grid\" data-id=\"2b33a80\" data-element_type=\"widget\" data-e-type=\"widget\" data-settings=\"{&quot;eael_post_grid_columns&quot;:&quot;eael-col-3&quot;,&quot;eael_post_grid_columns_tablet&quot;:&quot;eael-col-2&quot;,&quot;eael_post_grid_columns_mobile&quot;:&quot;eael-col-1&quot;}\" data-widget_type=\"eael-post-grid.default\">\n\t\t\t\t\t<div id=\"eael-post-grid-2b33a80\" class=\"eael-post-grid-container\">\n            <div class=\"eael-post-grid eael-post-appender eael-post-appender-2b33a80 eael-post-grid-style-one\" data-layout-mode=\"masonry\"><article class=\"eael-grid-post  eael-post-grid-column eael-pg-post-52523 category-estamos-unidos tags-mercado-emprendedores\" data-id=\"52523\">\n        <div class=\"eael-grid-post-holder\">\n            <div class=\"eael-grid-post-holder-inner\"><div class=\"eael-entry-media\"><div class=\"eael-entry-overlay fade-in\"><i class=\"far fa-hand-pointer\" aria-hidden=\"true\"><\/i><a href=\"https:\/\/soymigrante.com\/revista\/guatemalteca-janet-guerra-semana-de-la-moda-nueva-york-pasarela-disenadora-textiles-guatemaltecos\/\"><\/a><\/div><div class=\"eael-entry-thumbnail eael-image-ratio\">\n                <img loading=\"lazy\" decoding=\"async\" width=\"566\" height=\"566\" src=\"https:\/\/soymigrante.com\/revista\/wp-content\/uploads\/2026\/02\/janet-guerra-en-semana-de-la-moda-de-nueva-york.png\" class=\"attachment-large size-large wp-image-52524\" alt=\"janet guerra en semana de la moda de nueva york\" srcset=\"https:\/\/soymigrante.com\/revista\/wp-content\/uploads\/2026\/02\/janet-guerra-en-semana-de-la-moda-de-nueva-york.png 566w, https:\/\/soymigrante.com\/revista\/wp-content\/uploads\/2026\/02\/janet-guerra-en-semana-de-la-moda-de-nueva-york-300x300.png 300w, https:\/\/soymigrante.com\/revista\/wp-content\/uploads\/2026\/02\/janet-guerra-en-semana-de-la-moda-de-nueva-york-150x150.png 150w, https:\/\/soymigrante.com\/revista\/wp-content\/uploads\/2026\/02\/janet-guerra-en-semana-de-la-moda-de-nueva-york-75x75.png 75w\" sizes=\"(max-width: 566px) 100vw, 566px\" \/>\n            <\/div>\n        <\/div><div class=\"eael-entry-wrapper\"><header class=\"eael-entry-header\"><h2 class=\"eael-entry-title\"><a class=\"eael-grid-post-link\" href=\"https:\/\/soymigrante.com\/revista\/guatemalteca-janet-guerra-semana-de-la-moda-nueva-york-pasarela-disenadora-textiles-guatemaltecos\/\" title=\"As\u00ed fue la brillante pasarela de la guatemalteca Janet Guerra en la Semana de la Moda de Nueva York\">As\u00ed fue la brillante pasarela de la guatemalteca Janet Guerra en la Semana de la Moda de Nueva York<\/a><\/h2><\/header><div class=\"eael-entry-content\">\n                        <div class=\"eael-grid-post-excerpt\"><a href=\"https:\/\/soymigrante.com\/revista\/guatemalteca-janet-guerra-semana-de-la-moda-nueva-york-pasarela-disenadora-textiles-guatemaltecos\/\" class=\"eael-post-elements-readmore-btn\">CONOCE SU HISTORIA <\/a><\/div>\n                    <\/div><\/div><\/div>\n        <\/div>\n    <\/article><article class=\"eael-grid-post  eael-post-grid-column eael-pg-post-39523 category-guate-nuestra tags-mercado-emprendedores\" data-id=\"39523\">\n        <div class=\"eael-grid-post-holder\">\n            <div class=\"eael-grid-post-holder-inner\"><div class=\"eael-entry-media\"><div class=\"eael-entry-overlay fade-in\"><i class=\"far fa-hand-pointer\" aria-hidden=\"true\"><\/i><a href=\"https:\/\/soymigrante.com\/revista\/el-camino-de-yoselyn-y-su-tienda-yox-brand-que-ya-abrio-en-mercado\/\"><\/a><\/div><div class=\"eael-entry-thumbnail eael-image-ratio\">\n                <img loading=\"lazy\" decoding=\"async\" width=\"868\" height=\"868\" src=\"https:\/\/soymigrante.com\/revista\/wp-content\/uploads\/2025\/07\/Yox-Brand-emprendedora-Yoselin-Xpantzay-en-Tecpan-1.webp\" class=\"attachment-large size-large wp-image-39524\" alt=\"Soy-migrante-mujer-aut\u00e9ntica-vestido-colorido-vestimenta-tradicional, revistaporte, fotograf\u00eda de una mujer con ropa tradicional mexicana, tomada en un espejo, reflejada en fondo oscuro.\" srcset=\"https:\/\/soymigrante.com\/revista\/wp-content\/uploads\/2025\/07\/Yox-Brand-emprendedora-Yoselin-Xpantzay-en-Tecpan-1.webp 868w, https:\/\/soymigrante.com\/revista\/wp-content\/uploads\/2025\/07\/Yox-Brand-emprendedora-Yoselin-Xpantzay-en-Tecpan-1-300x300.jpg 300w, https:\/\/soymigrante.com\/revista\/wp-content\/uploads\/2025\/07\/Yox-Brand-emprendedora-Yoselin-Xpantzay-en-Tecpan-1-150x150.jpg 150w, https:\/\/soymigrante.com\/revista\/wp-content\/uploads\/2025\/07\/Yox-Brand-emprendedora-Yoselin-Xpantzay-en-Tecpan-1-768x768.jpg 768w, https:\/\/soymigrante.com\/revista\/wp-content\/uploads\/2025\/07\/Yox-Brand-emprendedora-Yoselin-Xpantzay-en-Tecpan-1-75x75.webp 75w, https:\/\/soymigrante.com\/revista\/wp-content\/uploads\/2025\/07\/Yox-Brand-emprendedora-Yoselin-Xpantzay-en-Tecpan-1-750x750.webp 750w\" sizes=\"(max-width: 868px) 100vw, 868px\" \/>\n            <\/div>\n        <\/div><div class=\"eael-entry-wrapper\"><header class=\"eael-entry-header\"><h2 class=\"eael-entry-title\"><a class=\"eael-grid-post-link\" href=\"https:\/\/soymigrante.com\/revista\/el-camino-de-yoselyn-y-su-tienda-yox-brand-que-ya-abrio-en-mercado\/\" title=\"El camino de Yoselyn y su tienda Yox Brand, que ya abri\u00f3 en MERCADO\">El camino de Yoselyn y su tienda Yox Brand, que ya abri\u00f3 en MERCADO<\/a><\/h2><\/header><div class=\"eael-entry-content\">\n                        <div class=\"eael-grid-post-excerpt\"><a href=\"https:\/\/soymigrante.com\/revista\/el-camino-de-yoselyn-y-su-tienda-yox-brand-que-ya-abrio-en-mercado\/\" class=\"eael-post-elements-readmore-btn\">CONOCE SU HISTORIA <\/a><\/div>\n                    <\/div><\/div><\/div>\n        <\/div>\n    <\/article><article class=\"eael-grid-post  eael-post-grid-column eael-pg-post-38873 category-guate-nuestra tags-mercado-emprendedores\" data-id=\"38873\">\n        <div class=\"eael-grid-post-holder\">\n            <div class=\"eael-grid-post-holder-inner\"><div class=\"eael-entry-media\"><div class=\"eael-entry-overlay fade-in\"><i class=\"far fa-hand-pointer\" aria-hidden=\"true\"><\/i><a href=\"https:\/\/soymigrante.com\/revista\/los-libros-de-carmen-alicia-tienen-alma-de-pueblo-guatemalteco-y-estan-en-mercado\/\"><\/a><\/div><div class=\"eael-entry-thumbnail eael-image-ratio\">\n                <img loading=\"lazy\" decoding=\"async\" width=\"785\" height=\"785\" src=\"https:\/\/soymigrante.com\/revista\/wp-content\/uploads\/2025\/07\/mercado-emprendedora-escritora-carmen-alicia-arevalo-libros-2.webp\" class=\"attachment-large size-large wp-image-38874\" alt=\"&quot;Portada de la revista SoyMigrante.com REVISTA en un ambiente colorido con plantas y murales, destacando temas de migraci\u00f3n y cultura hispana.&quot;.\" srcset=\"https:\/\/soymigrante.com\/revista\/wp-content\/uploads\/2025\/07\/mercado-emprendedora-escritora-carmen-alicia-arevalo-libros-2.webp 785w, https:\/\/soymigrante.com\/revista\/wp-content\/uploads\/2025\/07\/mercado-emprendedora-escritora-carmen-alicia-arevalo-libros-2-300x300.jpg 300w, https:\/\/soymigrante.com\/revista\/wp-content\/uploads\/2025\/07\/mercado-emprendedora-escritora-carmen-alicia-arevalo-libros-2-150x150.jpg 150w, https:\/\/soymigrante.com\/revista\/wp-content\/uploads\/2025\/07\/mercado-emprendedora-escritora-carmen-alicia-arevalo-libros-2-768x768.jpg 768w, https:\/\/soymigrante.com\/revista\/wp-content\/uploads\/2025\/07\/mercado-emprendedora-escritora-carmen-alicia-arevalo-libros-2-75x75.webp 75w, https:\/\/soymigrante.com\/revista\/wp-content\/uploads\/2025\/07\/mercado-emprendedora-escritora-carmen-alicia-arevalo-libros-2-750x750.webp 750w\" sizes=\"(max-width: 785px) 100vw, 785px\" \/>\n            <\/div>\n        <\/div><div class=\"eael-entry-wrapper\"><header class=\"eael-entry-header\"><h2 class=\"eael-entry-title\"><a class=\"eael-grid-post-link\" href=\"https:\/\/soymigrante.com\/revista\/los-libros-de-carmen-alicia-tienen-alma-de-pueblo-guatemalteco-y-estan-en-mercado\/\" title=\"Los libros de Carmen Alicia tienen alma de pueblo guatemalteco y est\u00e1n en MERCADO\">Los libros de Carmen Alicia tienen alma de pueblo guatemalteco y est\u00e1n en MERCADO<\/a><\/h2><\/header><div class=\"eael-entry-content\">\n                        <div class=\"eael-grid-post-excerpt\"><a href=\"https:\/\/soymigrante.com\/revista\/los-libros-de-carmen-alicia-tienen-alma-de-pueblo-guatemalteco-y-estan-en-mercado\/\" class=\"eael-post-elements-readmore-btn\">CONOCE SU HISTORIA <\/a><\/div>\n                    <\/div><\/div><\/div>\n        <\/div>\n    <\/article><\/div>\n            <div class=\"clearfix\"><\/div>\n        <\/div>            <div class=\"eael-load-more-button-wrap eael-force-hide\">\n                <button class=\"eael-load-more-button\" id=\"eael-load-more-btn-2b33a80\" data-widget-id=\"2b33a80\" data-widget=\"2b33a80\" data-page-id=\"45579\" data-template=\"{&quot;dir&quot;:&quot;lite&quot;,&quot;file_name&quot;:&quot;one.php&quot;,&quot;name&quot;:&quot;Post-Grid&quot;}\" data-class=\"Essential_Addons_Elementor\\Elements\\Post_Grid\" data-layout=\"masonry\" data-page=\"1\" data-args=\"orderby=rand&amp;order=desc&amp;ignore_sticky_posts=1&amp;post_status=publish&amp;posts_per_page=3&amp;offset=0&amp;post_type=post&amp;tax_query%5B0%5D%5Btaxonomy%5D=post_tag&amp;tax_query%5B0%5D%5Bfield%5D=term_id&amp;tax_query%5B0%5D%5Bterms%5D%5B0%5D=130&amp;tax_query%5Brelation%5D=AND\" data-max-page=\"35\">\n                    <span class=\"eael-btn-loader button__loader\"><\/span>\n                    <span class=\"eael_load_more_text\">Load More<\/span>\n                <\/button>\n            <\/div>\n            \t\t\t\t<\/div>\n\t\t\t\t\t<\/div>\n\t\t\t\t<\/div>\n\t\t\t\t<\/div>\n\t\t","protected":false},"excerpt":{"rendered":"<p>El cacao es tan legendario como real, tan antiguo como actual: fruto y grano originario de Mesoam\u00e9rica era bebida y s\u00edmbolo num\u00e9rico de los mayas, pero su encanto y sabor siguen siendo cautivantes. El cacao no es solo el ingrediente del chocolate que hoy se disfruta en todo el mundo. En Mesoam\u00e9rica fue moneda, ofrenda [&hellip;]<\/p>\n","protected":false},"author":7,"featured_media":45580,"comment_status":"open","ping_status":"open","sticky":false,"template":"","format":"standard","meta":{"_acf_changed":false,"_eb_attr":"","footnotes":""},"categories":[1],"tags":[],"class_list":["post-45579","post","type-post","status-publish","format-standard","has-post-thumbnail","hentry","category-uncategorized"],"acf":[],"aioseo_notices":[],"aioseo_head":"\n\t\t<!-- All in One SEO Pro 4.9.6.2 - aioseo.com -->\n\t<meta name=\"description\" content=\"La escritora guatemalteca Alicia Ar\u00e9valo de Orellana ya abri\u00f3 su tienda digital en SoyMigrante.com MERCADO. Novelas, relatos y fotograf\u00edas en sus libros.\" \/>\n\t<meta name=\"robots\" content=\"max-snippet:-1, max-image-preview:large, max-video-preview:-1\" \/>\n\t<meta name=\"author\" content=\"Gustavo Montenegro\"\/>\n\t<link rel=\"canonical\" href=\"https:\/\/soymigrante.com\/revista\/los-libros-de-carmen-alicia-tienen-alma-de-pueblo-guatemalteco-y-estan-en-mercado\/\" \/>\n\t<meta name=\"generator\" content=\"All in One SEO Pro (AIOSEO) 4.9.6.2\" \/>\n\n\t\t<link rel=\"preconnect\" href=\"https:\/\/fonts.googleapis.com\" crossorigin>\n<link rel=\"preconnect\" href=\"https:\/\/fonts.gstatic.com\" crossorigin>\n\t\t<meta property=\"og:locale\" content=\"es_ES\" \/>\n\t\t<meta property=\"og:site_name\" content=\"SoyMigrante.com REVISTA \u2013 Nuestra misi\u00f3n es reconocer y dignificar al migrante.\" \/>\n\t\t<meta property=\"og:type\" content=\"article\" \/>\n\t\t<meta property=\"og:title\" content=\"Alicia escribe libros con alma de pueblo guatemalteco\" \/>\n\t\t<meta property=\"og:description\" content=\"La escritora guatemalteca Alicia Ar\u00e9valo de Orellana ya abri\u00f3 su tienda digital en SoyMigrante.com MERCADO. Novelas, relatos y fotograf\u00edas en sus libros.\" \/>\n\t\t<meta property=\"og:url\" content=\"https:\/\/soymigrante.com\/revista\/los-libros-de-carmen-alicia-tienen-alma-de-pueblo-guatemalteco-y-estan-en-mercado\/\" \/>\n\t\t<meta property=\"og:image\" content=\"https:\/\/soymigrante.com\/revista\/wp-content\/uploads\/2025\/07\/mercado-emprendedora-escritora-carmen-alicia-arevalo-libros-2.webp\" \/>\n\t\t<meta property=\"og:image:secure_url\" content=\"https:\/\/soymigrante.com\/revista\/wp-content\/uploads\/2025\/07\/mercado-emprendedora-escritora-carmen-alicia-arevalo-libros-2.webp\" \/>\n\t\t<meta property=\"og:image:width\" content=\"785\" \/>\n\t\t<meta property=\"og:image:height\" content=\"785\" \/>\n\t\t<meta property=\"article:published_time\" content=\"2025-07-09T21:11:52+00:00\" \/>\n\t\t<meta property=\"article:modified_time\" content=\"2025-07-09T21:23:54+00:00\" \/>\n\t\t<meta property=\"article:publisher\" content=\"https:\/\/www.facebook.com\/soymigrantecom\" \/>\n\t\t<meta name=\"twitter:card\" content=\"summary_large_image\" \/>\n\t\t<meta name=\"twitter:site\" content=\"@SoyMigrante_com\" \/>\n\t\t<meta name=\"twitter:title\" content=\"Alicia escribe libros con alma de pueblo guatemalteco\" \/>\n\t\t<meta name=\"twitter:description\" content=\"La escritora guatemalteca Alicia Ar\u00e9valo de Orellana ya abri\u00f3 su tienda digital en SoyMigrante.com MERCADO. Novelas, relatos y fotograf\u00edas en sus libros.\" \/>\n\t\t<meta name=\"twitter:creator\" content=\"@SoyMigrante_com\" \/>\n\t\t<meta name=\"twitter:image\" content=\"https:\/\/soymigrante.com\/revista\/wp-content\/uploads\/2025\/07\/mercado-emprendedora-escritora-carmen-alicia-arevalo-libros-2.webp\" \/>\n\t\t<!-- All in One SEO Pro -->\r\n\t\t<title>Alicia escribe libros con alma de pueblo guatemalteco<\/title>\n\n","aioseo_head_json":{"title":"Alicia escribe libros con alma de pueblo guatemalteco","description":"La escritora guatemalteca Alicia Ar\u00e9valo de Orellana ya abri\u00f3 su tienda digital en SoyMigrante.com MERCADO. Novelas, relatos y fotograf\u00edas en sus libros.","canonical_url":"https:\/\/soymigrante.com\/revista\/los-libros-de-carmen-alicia-tienen-alma-de-pueblo-guatemalteco-y-estan-en-mercado\/","robots":"max-snippet:-1, max-image-preview:large, max-video-preview:-1","keywords":"","webmasterTools":{"miscellaneous":"&lt;link rel=\"preconnect\" href=\"https:\/\/fonts.googleapis.com\" crossorigin&gt;\n&lt;link rel=\"preconnect\" href=\"https:\/\/fonts.gstatic.com\" crossorigin&gt;"},"schema":null,"og:locale":"es_ES","og:site_name":"SoyMigrante.com REVISTA \u2013 Nuestra misi\u00f3n es reconocer y dignificar al migrante.","og:type":"article","og:title":"Alicia escribe libros con alma de pueblo guatemalteco","og:description":"La escritora guatemalteca Alicia Ar\u00e9valo de Orellana ya abri\u00f3 su tienda digital en SoyMigrante.com MERCADO. Novelas, relatos y fotograf\u00edas en sus libros.","og:url":"https:\/\/soymigrante.com\/revista\/los-libros-de-carmen-alicia-tienen-alma-de-pueblo-guatemalteco-y-estan-en-mercado\/","og:image":"https:\/\/soymigrante.com\/revista\/wp-content\/uploads\/2025\/07\/mercado-emprendedora-escritora-carmen-alicia-arevalo-libros-2.webp","og:image:secure_url":"https:\/\/soymigrante.com\/revista\/wp-content\/uploads\/2025\/07\/mercado-emprendedora-escritora-carmen-alicia-arevalo-libros-2.webp","og:image:width":785,"og:image:height":785,"article:published_time":"2025-07-09T21:11:52+00:00","article:modified_time":"2025-07-09T21:23:54+00:00","article:publisher":"https:\/\/www.facebook.com\/soymigrantecom","twitter:card":"summary_large_image","twitter:site":"@SoyMigrante_com","twitter:title":"Alicia escribe libros con alma de pueblo guatemalteco","twitter:description":"La escritora guatemalteca Alicia Ar\u00e9valo de Orellana ya abri\u00f3 su tienda digital en SoyMigrante.com MERCADO. Novelas, relatos y fotograf\u00edas en sus libros.","twitter:creator":"@SoyMigrante_com","twitter:image":"https:\/\/soymigrante.com\/revista\/wp-content\/uploads\/2025\/07\/mercado-emprendedora-escritora-carmen-alicia-arevalo-libros-2.webp"},"aioseo_meta_data":{"post_id":"45579","title":"Cacao, s\u00edmbolo de sabor e identidad que sigue vigente","description":"De bebida sagrada a s\u00edmbolo de identidad y sabor siempre familiar, el cacao conecta a Guatemala y Mesoam\u00e9rica con su herencia ancestral. Conoce m\u00e1s.","keywords":null,"keyphrases":{"focus":{"keyphrase":"Cacao","score":87,"analysis":{"keyphraseInTitle":{"score":9,"maxScore":9,"error":0},"keyphraseInDescription":{"score":9,"maxScore":9,"error":0},"keyphraseLength":{"score":9,"maxScore":9,"error":0,"length":1},"keyphraseInURL":{"score":5,"maxScore":5,"error":0},"keyphraseInIntroduction":{"score":9,"maxScore":9,"error":0},"keyphraseInSubHeadings":{"score":9,"maxScore":9,"error":0},"keyphraseInImageAlt":{"score":9,"maxScore":9,"error":0},"keywordDensity":{"type":"high","score":0,"maxScore":9,"error":1}}},"additional":[{"keyphrase":"Guatemala","score":87,"analysis":{"keyphraseInDescription":{"score":9,"maxScore":9,"error":0},"keyphraseLength":{"score":9,"maxScore":9,"error":0,"length":1},"keyphraseInIntroduction":{"score":9,"maxScore":9,"error":0},"keyphraseInImageAlt":{"score":3,"maxScore":9,"error":1},"keywordDensity":{"type":"best","score":9,"maxScore":9,"error":0}}},{"keyphrase":"Sabor","score":73,"analysis":{"keyphraseInDescription":{"score":9,"maxScore":9,"error":0},"keyphraseLength":{"score":9,"maxScore":9,"error":0,"length":1},"keyphraseInIntroduction":{"score":3,"maxScore":9,"error":1},"keyphraseInImageAlt":{"score":3,"maxScore":9,"error":1},"keywordDensity":{"type":"best","score":9,"maxScore":9,"error":0}}}]},"primary_term":null,"canonical_url":null,"og_title":null,"og_description":null,"og_object_type":"default","og_image_type":"default","og_image_url":null,"og_image_width":null,"og_image_height":null,"og_image_custom_url":null,"og_image_custom_fields":null,"og_video":"","og_custom_url":null,"og_article_section":null,"og_article_tags":null,"twitter_use_og":false,"twitter_card":"default","twitter_image_type":"default","twitter_image_url":null,"twitter_image_custom_url":null,"twitter_image_custom_fields":null,"twitter_title":null,"twitter_description":null,"schema":{"blockGraphs":[],"customGraphs":[],"default":{"data":{"Article":[],"Course":[],"Dataset":[],"FAQPage":[],"Movie":[],"Person":[],"Product":[],"ProductReview":[],"Car":[],"Recipe":[],"Service":[],"SoftwareApplication":[],"WebPage":[]},"graphName":"none","isEnabled":true},"graphs":[]},"schema_type":"default","schema_type_options":null,"pillar_content":false,"robots_default":true,"robots_noindex":false,"robots_noarchive":false,"robots_nosnippet":false,"robots_nofollow":false,"robots_noimageindex":false,"robots_noodp":false,"robots_notranslate":false,"robots_max_snippet":"-1","robots_max_videopreview":"-1","robots_max_imagepreview":"large","priority":null,"frequency":"default","local_seo":null,"seo_analyzer_scan_date":"2025-10-09 08:43:38","breadcrumb_settings":null,"limit_modified_date":false,"reviewed_by":"0","open_ai":null,"ai":{"faqs":[],"keyPoints":[],"titles":[],"descriptions":[],"socialPosts":{"email":[],"linkedin":[],"twitter":[],"facebook":[],"instagram":[]}},"created":"2025-09-22 01:45:10","updated":"2026-02-05 05:42:34"},"aioseo_breadcrumb":"<div class=\"aioseo-breadcrumbs\"><span class=\"aioseo-breadcrumb\">\n\t<a href=\"https:\/\/soymigrante.com\/revista\" title=\"Home\">Home<\/a>\n<\/span><span class=\"aioseo-breadcrumb-separator\">\u00bb<\/span><span class=\"aioseo-breadcrumb\">\n\t<a href=\"https:\/\/soymigrante.com\/revista\/category\/uncategorized\/\" title=\"Uncategorized\">Uncategorized<\/a>\n<\/span><span class=\"aioseo-breadcrumb-separator\">\u00bb<\/span><span class=\"aioseo-breadcrumb\">\n\tEl cacao es s\u00edmbolo ancestral de sabor que sigue muy presente\n<\/span><\/div>","aioseo_breadcrumb_json":[{"label":"Home","link":"https:\/\/soymigrante.com\/revista"},{"label":"Uncategorized","link":"https:\/\/soymigrante.com\/revista\/category\/uncategorized\/"},{"label":"El cacao es s\u00edmbolo ancestral de sabor que sigue muy presente","link":"https:\/\/soymigrante.com\/revista\/el-cacao-es-simbolo-ancestral-de-sabor-e-identidad-que-sigue-vigente\/"}],"_links":{"self":[{"href":"https:\/\/soymigrante.com\/revista\/wp-json\/wp\/v2\/posts\/45579","targetHints":{"allow":["GET"]}}],"collection":[{"href":"https:\/\/soymigrante.com\/revista\/wp-json\/wp\/v2\/posts"}],"about":[{"href":"https:\/\/soymigrante.com\/revista\/wp-json\/wp\/v2\/types\/post"}],"author":[{"embeddable":true,"href":"https:\/\/soymigrante.com\/revista\/wp-json\/wp\/v2\/users\/7"}],"replies":[{"embeddable":true,"href":"https:\/\/soymigrante.com\/revista\/wp-json\/wp\/v2\/comments?post=45579"}],"version-history":[{"count":12,"href":"https:\/\/soymigrante.com\/revista\/wp-json\/wp\/v2\/posts\/45579\/revisions"}],"predecessor-version":[{"id":45666,"href":"https:\/\/soymigrante.com\/revista\/wp-json\/wp\/v2\/posts\/45579\/revisions\/45666"}],"wp:featuredmedia":[{"embeddable":true,"href":"https:\/\/soymigrante.com\/revista\/wp-json\/wp\/v2\/media\/45580"}],"wp:attachment":[{"href":"https:\/\/soymigrante.com\/revista\/wp-json\/wp\/v2\/media?parent=45579"}],"wp:term":[{"taxonomy":"category","embeddable":true,"href":"https:\/\/soymigrante.com\/revista\/wp-json\/wp\/v2\/categories?post=45579"},{"taxonomy":"post_tag","embeddable":true,"href":"https:\/\/soymigrante.com\/revista\/wp-json\/wp\/v2\/tags?post=45579"}],"curies":[{"name":"wp","href":"https:\/\/api.w.org\/{rel}","templated":true}]}}