{"id":45532,"date":"2025-09-19T20:53:20","date_gmt":"2025-09-20T02:53:20","guid":{"rendered":"https:\/\/soymigrante.com\/revista\/?p=45532"},"modified":"2025-09-29T12:20:15","modified_gmt":"2025-09-29T18:20:15","slug":"el-gran-sueno-guatemalteco-de-valeria-sierra-en-la-nasa","status":"publish","type":"post","link":"https:\/\/soymigrante.com\/revista\/el-gran-sueno-guatemalteco-de-valeria-sierra-en-la-nasa\/","title":{"rendered":"El gran sue\u00f1o guatemalteco de Valeria Sierra en la NASA"},"content":{"rendered":"\t\t<div data-elementor-type=\"wp-post\" data-elementor-id=\"45532\" class=\"elementor elementor-45532\" data-elementor-post-type=\"post\">\n\t\t\t\t<div data-particle_enable=\"false\" data-particle-mobile-disabled=\"false\" class=\"elementor-element elementor-element-3d943f3 e-flex e-con-boxed e-con e-parent\" data-id=\"3d943f3\" data-element_type=\"container\" data-e-type=\"container\">\n\t\t\t\t\t<div class=\"e-con-inner\">\n\t\t\t\t<div class=\"elementor-element elementor-element-e94865c elementor-widget elementor-widget-heading\" data-id=\"e94865c\" data-element_type=\"widget\" data-e-type=\"widget\" data-widget_type=\"heading.default\">\n\t\t\t\t\t<h2 class=\"elementor-heading-title elementor-size-default\">Desde abril de 2025, la estudiante de ingenier\u00eda Valeria Sierra se encuentra becada en un programa de la NASA. Su gran sue\u00f1o se encuentra en el cielo.<\/h2>\t\t\t\t<\/div>\n\t\t\t\t\t<\/div>\n\t\t\t\t<\/div>\n\t\t<div data-particle_enable=\"false\" data-particle-mobile-disabled=\"false\" class=\"elementor-element elementor-element-d784bf8 e-flex e-con-boxed e-con e-parent\" data-id=\"d784bf8\" data-element_type=\"container\" data-e-type=\"container\">\n\t\t\t\t\t<div class=\"e-con-inner\">\n\t\t\t\t<div class=\"elementor-element elementor-element-b169bda elementor-widget elementor-widget-text-editor\" data-id=\"b169bda\" data-element_type=\"widget\" data-e-type=\"widget\" data-widget_type=\"text-editor.default\">\n\t\t\t\t\t\t\t\t\t<p>El gran sue\u00f1o guatemalteco de Valeria Fernanda Sierra Cano se encuentra en las estrellas: esta estudiante <a href=\"https:\/\/soymigrante.com\/revista\/migrante-guatemalteca-sera-mariscal-en-desfile-hispanoamericano-de-new-jersey\/\">guatemalteca<\/a> de ingenier\u00eda se encuentra becada desde abril de 2025 en un programa de la Agencia Espacial de Estados Unidos, la NASA, en donde se capacita en varios cursos astron\u00e1uticos.<\/p><p>El 18 de septiembre de 2025 Valeria recibi\u00f3 un diploma en el Congreso de la Rep\u00fablica de Guatemala\u00a0por haber sido la primera connacional\u00a0 seleccionada para participar en un curso completo del Instituto Internacional de Ciencias Astron\u00e1uticas (IIAS), en Florida, Estados Unidos.<\/p>\t\t\t\t\t\t\t\t<\/div>\n\t\t\t\t\t<\/div>\n\t\t\t\t<\/div>\n\t\t<div data-particle_enable=\"false\" data-particle-mobile-disabled=\"false\" class=\"elementor-element elementor-element-4472f71 e-flex e-con-boxed e-con e-parent\" data-id=\"4472f71\" data-element_type=\"container\" data-e-type=\"container\">\n\t\t\t\t\t<div class=\"e-con-inner\">\n\t\t\t\t<div class=\"elementor-element elementor-element-c1fbe15 elementor-widget elementor-widget-image\" data-id=\"c1fbe15\" data-element_type=\"widget\" data-e-type=\"widget\" data-widget_type=\"image.default\">\n\t\t\t\t\t\t\t\t\t\t\t\t<figure class=\"wp-caption\">\n\t\t\t\t\t\t\t\t\t\t<img fetchpriority=\"high\" decoding=\"async\" width=\"500\" height=\"561\" src=\"https:\/\/soymigrante.com\/revista\/wp-content\/uploads\/2025\/09\/valeria-sierra-nasa.jpg\" class=\"attachment-large size-large wp-image-45537\" alt=\"La estudiante guatemalteca Valeria Sierra, becada en la NASA, tuvo cursos de ciencia aeroespacial, simuladores y tambi\u00e9n experiencias sin gravedad. &quot;Es lo m\u00e1s cercano a estar en el espacio, aqu\u00ed en la Tierra&quot;, dijo en una entrevista.\" srcset=\"https:\/\/soymigrante.com\/revista\/wp-content\/uploads\/2025\/09\/valeria-sierra-nasa.jpg 500w, https:\/\/soymigrante.com\/revista\/wp-content\/uploads\/2025\/09\/valeria-sierra-nasa-267x300.jpg 267w\" sizes=\"(max-width: 500px) 100vw, 500px\" title=\"La estudiante guatemalteca Valeria Sierra, becada en la NASA, tuvo cursos de ciencia aeroespacial, simuladores y tambi\u00e9n experiencias sin gravedad. &quot;Es lo m\u00e1s cercano a estar en el espacio, aqu\u00ed en la Tierra&quot;, dijo en una entrevista. \u2013 SoyMigrante.com REVISTA\" \/>\t\t\t\t\t\t\t\t\t\t\t<figcaption class=\"widget-image-caption wp-caption-text\">La estudiante guatemalteca Valeria Sierra, becada en la NASA, tuvo cursos de ciencia aeroespacial, simuladores y tambi\u00e9n experiencias sin gravedad. \"Es lo m\u00e1s cercano a estar en el espacio, aqu\u00ed en la Tierra\", dijo en una entrevista.<\/figcaption>\n\t\t\t\t\t\t\t\t\t\t<\/figure>\n\t\t\t\t\t\t\t\t\t<\/div>\n\t\t\t\t\t<\/div>\n\t\t\t\t<\/div>\n\t\t<div data-particle_enable=\"false\" data-particle-mobile-disabled=\"false\" class=\"elementor-element elementor-element-6dfe0ec e-flex e-con-boxed e-con e-parent\" data-id=\"6dfe0ec\" data-element_type=\"container\" data-e-type=\"container\">\n\t\t\t\t\t<div class=\"e-con-inner\">\n\t\t\t\t<div class=\"elementor-element elementor-element-861050f elementor-widget elementor-widget-heading\" data-id=\"861050f\" data-element_type=\"widget\" data-e-type=\"widget\" data-widget_type=\"heading.default\">\n\t\t\t\t\t<h3 class=\"elementor-heading-title elementor-size-default\">Un gran sue\u00f1o que llega al cielo<\/h3>\t\t\t\t<\/div>\n\t\t\t\t\t<\/div>\n\t\t\t\t<\/div>\n\t\t<div data-particle_enable=\"false\" data-particle-mobile-disabled=\"false\" class=\"elementor-element elementor-element-6d5678a e-flex e-con-boxed e-con e-parent\" data-id=\"6d5678a\" data-element_type=\"container\" data-e-type=\"container\">\n\t\t\t\t\t<div class=\"e-con-inner\">\n\t\t\t\t<div class=\"elementor-element elementor-element-1d3f2e5 elementor-widget elementor-widget-text-editor\" data-id=\"1d3f2e5\" data-element_type=\"widget\" data-e-type=\"widget\" data-widget_type=\"text-editor.default\">\n\t\t\t\t\t\t\t\t\t<p>Este programa incluy\u00f3 simulaciones de misiones, vuelos que recrean condiciones de microgravedad y el uso de trajes espaciales presurizados. \u201cEs lo m\u00e1s cercano a lo que vive un astronauta, pero aqu\u00ed en la Tierra\u201d, explic\u00f3 la guatemalteca al referirse al programa que le ha dado fuerza a un <a href=\"https:\/\/soymigrante.com\/revista\/migrantes-guatemaltecos-expresan-objetivos-y-suenos-para-este-2025\/\">gran sue\u00f1o:<\/a> llegar a ser la primera astronauta guatemalteca.<\/p><p style=\"text-align: justify;\">Valeria logr\u00f3 esta beca tras haber dise\u00f1ado un concreto a base de ceniza y ca\u00f1a que podr\u00eda ser utilizado en una misi\u00f3n lunar. Con \u00e9l particip\u00f3 en el Congreso Centroamericano del Espacio 2024<span style=\"color: #373a3c; font-family: Open Sans, sans-serif;\"><span style=\"font-size: 15px;\">.\u00a0<\/span><\/span><\/p><p style=\"text-align: justify;\">\u201cQuiero abrir una brecha en el pa\u00eds. En <a href=\"https:\/\/soymigrante.com\/revista\/22-departamentos-de-guatemala-un-corazon-multicultural-compartido\/\">Guatemala<\/a> no es com\u00fan escuchar que alguien se prepara como astronauta, y creo que este curso puede ayudar a cambiar esa realidad\u201d, dijo con convicci\u00f3n.\u00a0<\/p>\t\t\t\t\t\t\t\t<\/div>\n\t\t\t\t\t<\/div>\n\t\t\t\t<\/div>\n\t\t<div data-particle_enable=\"false\" data-particle-mobile-disabled=\"false\" class=\"elementor-element elementor-element-c06293d e-flex e-con-boxed e-con e-parent\" data-id=\"c06293d\" data-element_type=\"container\" data-e-type=\"container\">\n\t\t\t\t\t<div class=\"e-con-inner\">\n\t\t\t\t<div class=\"elementor-element elementor-element-ca0e9bb elementor-widget elementor-widget-image\" data-id=\"ca0e9bb\" data-element_type=\"widget\" data-e-type=\"widget\" data-widget_type=\"image.default\">\n\t\t\t\t\t\t\t\t\t\t\t\t<figure class=\"wp-caption\">\n\t\t\t\t\t\t\t\t\t\t<img decoding=\"async\" width=\"1024\" height=\"682\" src=\"https:\/\/soymigrante.com\/revista\/wp-content\/uploads\/2025\/09\/congreso-valeria-sierra-1024x682.jpg\" class=\"attachment-large size-large wp-image-45538\" alt=\"Valeria Sierra Cano recibi\u00f3 un diploma de reconocimiento por haber estado becada en la NASA. Fue entregado por la diputada Sandra Mili\u00e1n.\" srcset=\"https:\/\/soymigrante.com\/revista\/wp-content\/uploads\/2025\/09\/congreso-valeria-sierra-1024x682.jpg 1024w, https:\/\/soymigrante.com\/revista\/wp-content\/uploads\/2025\/09\/congreso-valeria-sierra-300x200.jpg 300w, https:\/\/soymigrante.com\/revista\/wp-content\/uploads\/2025\/09\/congreso-valeria-sierra-768x512.jpg 768w, https:\/\/soymigrante.com\/revista\/wp-content\/uploads\/2025\/09\/congreso-valeria-sierra-750x500.jpg 750w, https:\/\/soymigrante.com\/revista\/wp-content\/uploads\/2025\/09\/congreso-valeria-sierra-1140x760.jpg 1140w, https:\/\/soymigrante.com\/revista\/wp-content\/uploads\/2025\/09\/congreso-valeria-sierra.jpg 1280w\" sizes=\"(max-width: 1024px) 100vw, 1024px\" title=\"Valeria Sierra Cano recibi\u00f3 un diploma de reconocimiento por haber estado becada en la NASA. Fue entregado por la diputada Sandra Mili\u00e1n. \u2013 SoyMigrante.com REVISTA\" \/>\t\t\t\t\t\t\t\t\t\t\t<figcaption class=\"widget-image-caption wp-caption-text\">Valeria Sierra Cano recibi\u00f3 un diploma de reconocimiento por haber estado becada en la NASA. Fue entregado por la diputada Sandra Mili\u00e1n.<\/figcaption>\n\t\t\t\t\t\t\t\t\t\t<\/figure>\n\t\t\t\t\t\t\t\t\t<\/div>\n\t\t\t\t\t<\/div>\n\t\t\t\t<\/div>\n\t\t<div data-particle_enable=\"false\" data-particle-mobile-disabled=\"false\" class=\"elementor-element elementor-element-6473c5d e-flex e-con-boxed e-con e-parent\" data-id=\"6473c5d\" data-element_type=\"container\" data-e-type=\"container\">\n\t\t\t\t\t<div class=\"e-con-inner\">\n\t\t\t\t<div class=\"elementor-element elementor-element-80138ae elementor-widget elementor-widget-heading\" data-id=\"80138ae\" data-element_type=\"widget\" data-e-type=\"widget\" data-widget_type=\"heading.default\">\n\t\t\t\t\t<h3 class=\"elementor-heading-title elementor-size-default\">Reconocimiento a su talento<\/h3>\t\t\t\t<\/div>\n\t\t\t\t\t<\/div>\n\t\t\t\t<\/div>\n\t\t<div data-particle_enable=\"false\" data-particle-mobile-disabled=\"false\" class=\"elementor-element elementor-element-431150c e-flex e-con-boxed e-con e-parent\" data-id=\"431150c\" data-element_type=\"container\" data-e-type=\"container\">\n\t\t\t\t\t<div class=\"e-con-inner\">\n\t\t\t\t<div class=\"elementor-element elementor-element-92cc335 elementor-widget elementor-widget-text-editor\" data-id=\"92cc335\" data-element_type=\"widget\" data-e-type=\"widget\" data-widget_type=\"text-editor.default\">\n\t\t\t\t\t\t\t\t\t<p><span style=\"text-align: justify;\">El reconocimiento en el Congreso fue entregado por la diputada Sandra Mili\u00e1n, quien dijo que conoca a Valeria desde ni\u00f1a, cuando ya demostraba sus aptitudes para el aprendizaje de las ciencias. Valeria viajar\u00e1 a Quito, Ecuador, para una confverencia ante 400 profesionales de pedagog\u00eda, pues le interesa mucho incentivar el <a href=\"https:\/\/soymigrante.com\/revista\/herramientas-para-el-aprendizaje-tarde-o-temprano-te-servira\/\">aprendizaje<\/a> de la matem\u00e1tica, la tecnolog\u00eda y la ciencia.&nbsp;<\/span><\/p>\n<p style=\"text-align: justify;\">El mensaje de Valeria Sierra a los j\u00f3venes es que expandan su conocimiento: &#8220;No se queden con lo que ense\u00f1an en clase. Lean, exploren y <a href=\"https:\/\/soymigrante.com\/revista\/que-debo-hacer-para-adquirir-un-habito-sano-y-mantenerlo\/\">sean disciplinados<\/a>, porque la disciplina construye&#8221;.<\/p>\t\t\t\t\t\t\t\t<\/div>\n\t\t\t\t\t<\/div>\n\t\t\t\t<\/div>\n\t\t<div data-particle_enable=\"false\" data-particle-mobile-disabled=\"false\" class=\"elementor-element elementor-element-4c47069 e-flex e-con-boxed e-con e-parent\" data-id=\"4c47069\" data-element_type=\"container\" data-e-type=\"container\">\n\t\t\t\t\t<div class=\"e-con-inner\">\n\t\t\t\t<div class=\"elementor-element elementor-element-eb5f107 elementor-widget elementor-widget-image\" data-id=\"eb5f107\" data-element_type=\"widget\" data-e-type=\"widget\" data-widget_type=\"image.default\">\n\t\t\t\t\t\t\t\t\t\t\t\t<figure class=\"wp-caption\">\n\t\t\t\t\t\t\t\t\t\t<img decoding=\"async\" width=\"819\" height=\"1024\" src=\"https:\/\/soymigrante.com\/revista\/wp-content\/uploads\/2025\/09\/valeria-sierra-nasa-beca-819x1024.jpg\" class=\"attachment-large size-large wp-image-45539\" alt=\"Valeria Sierra estudia el cuarto a\u00f1o de ingenier\u00eda qu\u00edmica en la Universidad del Valle de Guatemala. la experiencia en la NASA ha aumentado su inter\u00e9s por llegar a ser astrounauta alg\u00fan d\u00eda.\" srcset=\"https:\/\/soymigrante.com\/revista\/wp-content\/uploads\/2025\/09\/valeria-sierra-nasa-beca-819x1024.jpg 819w, https:\/\/soymigrante.com\/revista\/wp-content\/uploads\/2025\/09\/valeria-sierra-nasa-beca-240x300.jpg 240w, https:\/\/soymigrante.com\/revista\/wp-content\/uploads\/2025\/09\/valeria-sierra-nasa-beca-768x960.jpg 768w, https:\/\/soymigrante.com\/revista\/wp-content\/uploads\/2025\/09\/valeria-sierra-nasa-beca-750x938.jpg 750w, https:\/\/soymigrante.com\/revista\/wp-content\/uploads\/2025\/09\/valeria-sierra-nasa-beca-1140x1425.jpg 1140w, https:\/\/soymigrante.com\/revista\/wp-content\/uploads\/2025\/09\/valeria-sierra-nasa-beca.jpg 1200w\" sizes=\"(max-width: 819px) 100vw, 819px\" title=\"Valeria Sierra estudia el cuarto a\u00f1o de ingenier\u00eda qu\u00edmica en la Universidad del Valle de Guatemala. la experiencia en la NASA ha aumentado su inter\u00e9s por llegar a ser astrounauta alg\u00fan d\u00eda. \u2013 SoyMigrante.com REVISTA\" \/>\t\t\t\t\t\t\t\t\t\t\t<figcaption class=\"widget-image-caption wp-caption-text\">Valeria Sierra estudia el cuarto a\u00f1o de ingenier\u00eda qu\u00edmica en la Universidad del Valle de Guatemala. la experiencia en la NASA ha aumentado su inter\u00e9s por llegar a ser astrounauta alg\u00fan d\u00eda. <\/figcaption>\n\t\t\t\t\t\t\t\t\t\t<\/figure>\n\t\t\t\t\t\t\t\t\t<\/div>\n\t\t\t\t\t<\/div>\n\t\t\t\t<\/div>\n\t\t<div data-particle_enable=\"false\" data-particle-mobile-disabled=\"false\" class=\"elementor-element elementor-element-d58a0eb e-flex e-con-boxed e-con e-parent\" data-id=\"d58a0eb\" data-element_type=\"container\" data-e-type=\"container\">\n\t\t\t\t\t<div class=\"e-con-inner\">\n\t\t\t\t<div class=\"elementor-element elementor-element-a1b867e elementor-widget elementor-widget-heading\" data-id=\"a1b867e\" data-element_type=\"widget\" data-e-type=\"widget\" data-widget_type=\"heading.default\">\n\t\t\t\t\t<h2 class=\"elementor-heading-title elementor-size-default\">M\u00e1s j\u00f3venes guatemaltecos con grandes objetivos<\/h2>\t\t\t\t<\/div>\n\t\t\t\t\t<\/div>\n\t\t\t\t<\/div>\n\t\t<div data-particle_enable=\"false\" data-particle-mobile-disabled=\"false\" class=\"elementor-element elementor-element-200ae0c e-flex e-con-boxed e-con e-parent\" data-id=\"200ae0c\" data-element_type=\"container\" data-e-type=\"container\">\n\t\t\t\t\t<div class=\"e-con-inner\">\n\t\t\t\t<div class=\"elementor-element elementor-element-3c9b13a elementor-grid-eael-col-3 elementor-grid-tablet-eael-col-2 elementor-grid-mobile-eael-col-1 elementor-widget elementor-widget-eael-post-grid\" data-id=\"3c9b13a\" data-element_type=\"widget\" data-e-type=\"widget\" data-settings=\"{&quot;eael_post_grid_columns&quot;:&quot;eael-col-3&quot;,&quot;eael_post_grid_columns_tablet&quot;:&quot;eael-col-2&quot;,&quot;eael_post_grid_columns_mobile&quot;:&quot;eael-col-1&quot;}\" data-widget_type=\"eael-post-grid.default\">\n\t\t\t\t\t<div id=\"eael-post-grid-3c9b13a\" class=\"eael-post-grid-container\">\n            <div class=\"eael-post-grid eael-post-appender eael-post-appender-3c9b13a eael-post-grid-style-one\" data-layout-mode=\"masonry\"><article class=\"eael-grid-post  eael-post-grid-column eael-pg-post-8258 category-exitos\" data-id=\"8258\">\n        <div class=\"eael-grid-post-holder\">\n            <div class=\"eael-grid-post-holder-inner\"><div class=\"eael-entry-media\"><div class=\"eael-entry-overlay fade-in\"><i class=\"far fa-hand-pointer\" aria-hidden=\"true\"><\/i><a href=\"https:\/\/soymigrante.com\/revista\/jose-coronado-dreamer-guatemalteco-y-graduado-de-harvard-apoya-tps-para-migrantes\/\"><\/a><\/div><div class=\"eael-entry-thumbnail eael-image-ratio\">\n                <img loading=\"lazy\" decoding=\"async\" width=\"608\" height=\"602\" src=\"https:\/\/soymigrante.com\/revista\/wp-content\/uploads\/2024\/08\/jose-gonzalo-coronado.webp\" class=\"attachment-large size-large wp-image-8259\" alt=\"Trabajador migrante en protesta en M\u00e9xico, derechos laborales, inmigrantes, movilizaci\u00f3n social, SoyMigrante.com REVISTA.\" srcset=\"https:\/\/soymigrante.com\/revista\/wp-content\/uploads\/2024\/08\/jose-gonzalo-coronado.webp 608w, https:\/\/soymigrante.com\/revista\/wp-content\/uploads\/2024\/08\/jose-gonzalo-coronado-300x297.webp 300w, https:\/\/soymigrante.com\/revista\/wp-content\/uploads\/2024\/08\/jose-gonzalo-coronado-150x150.webp 150w, https:\/\/soymigrante.com\/revista\/wp-content\/uploads\/2024\/08\/jose-gonzalo-coronado-75x75.webp 75w\" sizes=\"(max-width: 608px) 100vw, 608px\" \/>\n            <\/div>\n        <\/div><div class=\"eael-entry-wrapper\"><header class=\"eael-entry-header\"><h2 class=\"eael-entry-title\"><a class=\"eael-grid-post-link\" href=\"https:\/\/soymigrante.com\/revista\/jose-coronado-dreamer-guatemalteco-y-graduado-de-harvard-apoya-tps-para-migrantes\/\" title=\"Jos\u00e9 Coronado,  dreamer guatemalteco y graduado de Harvard, apoya TPS para compatriotas\">Jos\u00e9 Coronado,  dreamer guatemalteco y graduado de Harvard, apoya TPS para compatriotas<\/a><\/h2><\/header><div class=\"eael-entry-content\">\n                        <div class=\"eael-grid-post-excerpt\"><a href=\"https:\/\/soymigrante.com\/revista\/jose-coronado-dreamer-guatemalteco-y-graduado-de-harvard-apoya-tps-para-migrantes\/\" class=\"eael-post-elements-readmore-btn\">CONOCE SU HISTORIA <\/a><\/div>\n                    <\/div><\/div><\/div>\n        <\/div>\n    <\/article><article class=\"eael-grid-post  eael-post-grid-column eael-pg-post-19139 category-lugar-de-voces\" data-id=\"19139\">\n        <div class=\"eael-grid-post-holder\">\n            <div class=\"eael-grid-post-holder-inner\"><div class=\"eael-entry-media\"><div class=\"eael-entry-overlay fade-in\"><i class=\"far fa-hand-pointer\" aria-hidden=\"true\"><\/i><a href=\"https:\/\/soymigrante.com\/revista\/jovenes-lean-y-participen-el-consejo-de-kaylee-lopez-baran-estudiante-destacada-en-ee-uu-de-familia-guatemalteca\/\"><\/a><\/div><div class=\"eael-entry-thumbnail eael-image-ratio\">\n                <img loading=\"lazy\" decoding=\"async\" width=\"1024\" height=\"1024\" src=\"https:\/\/soymigrante.com\/revista\/wp-content\/uploads\/2025\/01\/kaylee-lopez-foto-1024x1024.jpg\" class=\"attachment-large size-large wp-image-19140\" alt=\"Joven ind\u00edgena con premio en feria cultural, usando vestimenta tradicional, con la inscripci\u00f3n &quot;Guate&quot;, en evento de reconocimiento a j\u00f3venes talentos en Guatemala, promoviendo la cultura y la identidad ind\u00edgena.\" srcset=\"https:\/\/soymigrante.com\/revista\/wp-content\/uploads\/2025\/01\/kaylee-lopez-foto-1024x1024.jpg 1024w, https:\/\/soymigrante.com\/revista\/wp-content\/uploads\/2025\/01\/kaylee-lopez-foto-300x300.jpg 300w, https:\/\/soymigrante.com\/revista\/wp-content\/uploads\/2025\/01\/kaylee-lopez-foto-150x150.jpg 150w, https:\/\/soymigrante.com\/revista\/wp-content\/uploads\/2025\/01\/kaylee-lopez-foto-768x768.jpg 768w, https:\/\/soymigrante.com\/revista\/wp-content\/uploads\/2025\/01\/kaylee-lopez-foto-75x75.webp 75w, https:\/\/soymigrante.com\/revista\/wp-content\/uploads\/2025\/01\/kaylee-lopez-foto-750x750.webp 750w, https:\/\/soymigrante.com\/revista\/wp-content\/uploads\/2025\/01\/kaylee-lopez-foto-1140x1140.webp 1140w, https:\/\/soymigrante.com\/revista\/wp-content\/uploads\/2025\/01\/kaylee-lopez-foto.webp 1502w\" sizes=\"(max-width: 1024px) 100vw, 1024px\" \/>\n            <\/div>\n        <\/div><div class=\"eael-entry-wrapper\"><header class=\"eael-entry-header\"><h2 class=\"eael-entry-title\"><a class=\"eael-grid-post-link\" href=\"https:\/\/soymigrante.com\/revista\/jovenes-lean-y-participen-el-consejo-de-kaylee-lopez-baran-estudiante-destacada-en-ee-uu-de-familia-guatemalteca\/\" title=\"&#8220;J\u00f3venes: lean y participen&#8221;, el consejo de Kaylee L\u00f3pez Bar\u00e1n, estudiante destacada en EE.UU. de familia guatemalteca\">&#8220;J\u00f3venes: lean y participen&#8221;, el consejo de Kaylee L\u00f3pez Bar\u00e1n, estudiante destacada en EE.UU. de familia guatemalteca<\/a><\/h2><\/header><div class=\"eael-entry-content\">\n                        <div class=\"eael-grid-post-excerpt\"><a href=\"https:\/\/soymigrante.com\/revista\/jovenes-lean-y-participen-el-consejo-de-kaylee-lopez-baran-estudiante-destacada-en-ee-uu-de-familia-guatemalteca\/\" class=\"eael-post-elements-readmore-btn\">CONOCE SU HISTORIA <\/a><\/div>\n                    <\/div><\/div><\/div>\n        <\/div>\n    <\/article><article class=\"eael-grid-post  eael-post-grid-column eael-pg-post-45328 category-exitos-guatemala\" data-id=\"45328\">\n        <div class=\"eael-grid-post-holder\">\n            <div class=\"eael-grid-post-holder-inner\"><div class=\"eael-entry-media\"><div class=\"eael-entry-overlay fade-in\"><i class=\"far fa-hand-pointer\" aria-hidden=\"true\"><\/i><a href=\"https:\/\/soymigrante.com\/revista\/keyla-morales-de-raices-guatemaltecas-modelo-en-pasarela-del-new-york-fashion-show-2025\/\"><\/a><\/div><div class=\"eael-entry-thumbnail eael-image-ratio\">\n                <img loading=\"lazy\" decoding=\"async\" width=\"1024\" height=\"1024\" src=\"https:\/\/soymigrante.com\/revista\/wp-content\/uploads\/2025\/09\/modelitos-1024x1024.jpeg\" class=\"attachment-large size-large wp-image-45331\" alt=\"Keyla Morales, modelo en New York Fashion Show, hija de migrantes guatemaltecos\" srcset=\"https:\/\/soymigrante.com\/revista\/wp-content\/uploads\/2025\/09\/modelitos-1024x1024.jpeg 1024w, https:\/\/soymigrante.com\/revista\/wp-content\/uploads\/2025\/09\/modelitos-300x300.jpeg 300w, https:\/\/soymigrante.com\/revista\/wp-content\/uploads\/2025\/09\/modelitos-150x150.jpeg 150w, https:\/\/soymigrante.com\/revista\/wp-content\/uploads\/2025\/09\/modelitos-768x768.jpeg 768w, https:\/\/soymigrante.com\/revista\/wp-content\/uploads\/2025\/09\/modelitos-75x75.jpeg 75w, https:\/\/soymigrante.com\/revista\/wp-content\/uploads\/2025\/09\/modelitos-750x750.jpeg 750w, https:\/\/soymigrante.com\/revista\/wp-content\/uploads\/2025\/09\/modelitos-1140x1140.jpeg 1140w, https:\/\/soymigrante.com\/revista\/wp-content\/uploads\/2025\/09\/modelitos.jpeg 1365w\" sizes=\"(max-width: 1024px) 100vw, 1024px\" \/>\n            <\/div>\n        <\/div><div class=\"eael-entry-wrapper\"><header class=\"eael-entry-header\"><h2 class=\"eael-entry-title\"><a class=\"eael-grid-post-link\" href=\"https:\/\/soymigrante.com\/revista\/keyla-morales-de-raices-guatemaltecas-modelo-en-pasarela-del-new-york-fashion-show-2025\/\" title=\"Keyla Morales, de ra\u00edces guatemaltecas, model\u00f3 en pasarela del New York Fashion Show 2025\">Keyla Morales, de ra\u00edces guatemaltecas, model\u00f3 en pasarela del New York Fashion Show 2025<\/a><\/h2><\/header><div class=\"eael-entry-content\">\n                        <div class=\"eael-grid-post-excerpt\"><a href=\"https:\/\/soymigrante.com\/revista\/keyla-morales-de-raices-guatemaltecas-modelo-en-pasarela-del-new-york-fashion-show-2025\/\" class=\"eael-post-elements-readmore-btn\">CONOCE SU HISTORIA <\/a><\/div>\n                    <\/div><\/div><\/div>\n        <\/div>\n    <\/article><\/div>\n            <div class=\"clearfix\"><\/div>\n        <\/div>\t\t\t\t<\/div>\n\t\t\t\t\t<\/div>\n\t\t\t\t<\/div>\n\t\t\t\t<\/div>\n\t\t","protected":false},"excerpt":{"rendered":"<p>Desde abril de 2025, la estudiante de ingenier\u00eda Valeria Sierra se encuentra becada en un programa de la NASA. Su gran sue\u00f1o se encuentra en el cielo. El gran sue\u00f1o guatemalteco de Valeria Fernanda Sierra Cano se encuentra en las estrellas: esta estudiante guatemalteca de ingenier\u00eda se encuentra becada desde abril de 2025 en un [&hellip;]<\/p>\n","protected":false},"author":7,"featured_media":45533,"comment_status":"open","ping_status":"open","sticky":false,"template":"","format":"standard","meta":{"_acf_changed":false,"_eb_attr":"","footnotes":""},"categories":[50,274],"tags":[],"class_list":["post-45532","post","type-post","status-publish","format-standard","has-post-thumbnail","hentry","category-exitos","category-guatemala"],"acf":[],"aioseo_notices":[],"aioseo_head":"\n\t\t<!-- All in One SEO Pro 4.9.6.2 - aioseo.com -->\n\t<meta name=\"description\" content=\"La modelo Keyla Morales tiene 19 a\u00f1os, es hija de migrantes guatemaltecos radicados en L.A. Desfil\u00f3 en las pasarelas del New York Fashion Week Esta es su historia\" \/>\n\t<meta name=\"robots\" content=\"max-snippet:-1, max-image-preview:large, max-video-preview:-1\" \/>\n\t<meta name=\"author\" content=\"Gustavo Montenegro\"\/>\n\t<link rel=\"canonical\" href=\"https:\/\/soymigrante.com\/revista\/keyla-morales-de-raices-guatemaltecas-modelo-en-pasarela-del-new-york-fashion-show-2025\/\" \/>\n\t<meta name=\"generator\" content=\"All in One SEO Pro (AIOSEO) 4.9.6.2\" \/>\n\n\t\t<link rel=\"preconnect\" href=\"https:\/\/fonts.googleapis.com\" crossorigin>\n<link rel=\"preconnect\" href=\"https:\/\/fonts.gstatic.com\" crossorigin>\n\t\t<meta property=\"og:locale\" content=\"es_ES\" \/>\n\t\t<meta property=\"og:site_name\" content=\"SoyMigrante.com REVISTA \u2013 Nuestra misi\u00f3n es reconocer y dignificar al migrante.\" \/>\n\t\t<meta property=\"og:type\" content=\"article\" \/>\n\t\t<meta property=\"og:title\" content=\"Keyla Morales, de ra\u00edz guatemalteca en New York Fashion Week\" \/>\n\t\t<meta property=\"og:description\" content=\"La modelo Keyla Morales tiene 19 a\u00f1os, es hija de migrantes guatemaltecos radicados en L.A. Desfil\u00f3 en las pasarelas del New York Fashion Week Esta es su historia\" \/>\n\t\t<meta property=\"og:url\" content=\"https:\/\/soymigrante.com\/revista\/keyla-morales-de-raices-guatemaltecas-modelo-en-pasarela-del-new-york-fashion-show-2025\/\" \/>\n\t\t<meta property=\"og:image\" content=\"https:\/\/soymigrante.com\/revista\/wp-content\/uploads\/2025\/09\/modelitos.jpeg\" \/>\n\t\t<meta property=\"og:image:secure_url\" content=\"https:\/\/soymigrante.com\/revista\/wp-content\/uploads\/2025\/09\/modelitos.jpeg\" \/>\n\t\t<meta property=\"og:image:width\" content=\"1365\" \/>\n\t\t<meta property=\"og:image:height\" content=\"1365\" \/>\n\t\t<meta property=\"article:published_time\" content=\"2025-09-18T21:01:26+00:00\" \/>\n\t\t<meta property=\"article:modified_time\" content=\"2025-10-03T20:42:49+00:00\" \/>\n\t\t<meta property=\"article:publisher\" content=\"https:\/\/www.facebook.com\/soymigrantecom\" \/>\n\t\t<meta name=\"twitter:card\" content=\"summary_large_image\" \/>\n\t\t<meta name=\"twitter:site\" content=\"@SoyMigrante_com\" \/>\n\t\t<meta name=\"twitter:title\" content=\"Keyla Morales, de ra\u00edz guatemalteca en New York Fashion Week\" \/>\n\t\t<meta name=\"twitter:description\" content=\"La modelo Keyla Morales tiene 19 a\u00f1os, es hija de migrantes guatemaltecos radicados en L.A. Desfil\u00f3 en las pasarelas del New York Fashion Week Esta es su historia\" \/>\n\t\t<meta name=\"twitter:creator\" content=\"@SoyMigrante_com\" \/>\n\t\t<meta name=\"twitter:image\" content=\"https:\/\/soymigrante.com\/revista\/wp-content\/uploads\/2025\/09\/modelitos.jpeg\" \/>\n\t\t<!-- All in One SEO Pro -->\r\n\t\t<title>Keyla Morales, de ra\u00edz guatemalteca en New York Fashion Week<\/title>\n\n","aioseo_head_json":{"title":"Keyla Morales, de ra\u00edz guatemalteca en New York Fashion Week","description":"La modelo Keyla Morales tiene 19 a\u00f1os, es hija de migrantes guatemaltecos radicados en L.A. Desfil\u00f3 en las pasarelas del New York Fashion Week Esta es su historia","canonical_url":"https:\/\/soymigrante.com\/revista\/keyla-morales-de-raices-guatemaltecas-modelo-en-pasarela-del-new-york-fashion-show-2025\/","robots":"max-snippet:-1, max-image-preview:large, max-video-preview:-1","keywords":"","webmasterTools":{"miscellaneous":"&lt;link rel=\"preconnect\" href=\"https:\/\/fonts.googleapis.com\" crossorigin&gt;\n&lt;link rel=\"preconnect\" href=\"https:\/\/fonts.gstatic.com\" crossorigin&gt;"},"schema":null,"og:locale":"es_ES","og:site_name":"SoyMigrante.com REVISTA \u2013 Nuestra misi\u00f3n es reconocer y dignificar al migrante.","og:type":"article","og:title":"Keyla Morales, de ra\u00edz guatemalteca en New York Fashion Week","og:description":"La modelo Keyla Morales tiene 19 a\u00f1os, es hija de migrantes guatemaltecos radicados en L.A. Desfil\u00f3 en las pasarelas del New York Fashion Week Esta es su historia","og:url":"https:\/\/soymigrante.com\/revista\/keyla-morales-de-raices-guatemaltecas-modelo-en-pasarela-del-new-york-fashion-show-2025\/","og:image":"https:\/\/soymigrante.com\/revista\/wp-content\/uploads\/2025\/09\/modelitos.jpeg","og:image:secure_url":"https:\/\/soymigrante.com\/revista\/wp-content\/uploads\/2025\/09\/modelitos.jpeg","og:image:width":1365,"og:image:height":1365,"article:published_time":"2025-09-18T21:01:26+00:00","article:modified_time":"2025-10-03T20:42:49+00:00","article:publisher":"https:\/\/www.facebook.com\/soymigrantecom","twitter:card":"summary_large_image","twitter:site":"@SoyMigrante_com","twitter:title":"Keyla Morales, de ra\u00edz guatemalteca en New York Fashion Week","twitter:description":"La modelo Keyla Morales tiene 19 a\u00f1os, es hija de migrantes guatemaltecos radicados en L.A. Desfil\u00f3 en las pasarelas del New York Fashion Week Esta es su historia","twitter:creator":"@SoyMigrante_com","twitter:image":"https:\/\/soymigrante.com\/revista\/wp-content\/uploads\/2025\/09\/modelitos.jpeg"},"aioseo_meta_data":{"post_id":"45532","title":"#post_title","description":"Guatemalteca Valeria Sierra gan\u00f3 beca en la Agencia Espacial de Estados Unidos, fue reconocida en el Congreso de Guatemala y su sue\u00f1o es tan alto como el cielo.","keywords":null,"keyphrases":{"focus":{"keyphrase":"NASA","score":82,"analysis":{"keyphraseInTitle":{"score":9,"maxScore":9,"error":0},"keyphraseInDescription":{"score":3,"maxScore":9,"error":1},"keyphraseLength":{"score":9,"maxScore":9,"error":0,"length":1},"keyphraseInURL":{"score":5,"maxScore":5,"error":0},"keyphraseInIntroduction":{"score":9,"maxScore":9,"error":0},"keyphraseInSubHeadings":{"score":3,"maxScore":9,"error":1},"keyphraseInImageAlt":{"score":9,"maxScore":9,"error":0},"keywordDensity":{"type":"best","score":9,"maxScore":9,"error":0}}},"additional":[{"keyphrase":"Valeria","score":100,"analysis":{"keyphraseInDescription":{"score":9,"maxScore":9,"error":0},"keyphraseLength":{"score":9,"maxScore":9,"error":0,"length":1},"keyphraseInIntroduction":{"score":9,"maxScore":9,"error":0},"keyphraseInImageAlt":{"score":9,"maxScore":9,"error":0},"keywordDensity":{"type":"best","score":9,"maxScore":9,"error":0}}},{"keyphrase":"Guatemalteca","score":100,"analysis":{"keyphraseInDescription":{"score":9,"maxScore":9,"error":0},"keyphraseLength":{"score":9,"maxScore":9,"error":0,"length":1},"keyphraseInIntroduction":{"score":9,"maxScore":9,"error":0},"keyphraseInImageAlt":{"score":9,"maxScore":9,"error":0},"keywordDensity":{"type":"best","score":9,"maxScore":9,"error":0}}}]},"primary_term":null,"canonical_url":null,"og_title":null,"og_description":null,"og_object_type":"default","og_image_type":"default","og_image_url":null,"og_image_width":null,"og_image_height":null,"og_image_custom_url":null,"og_image_custom_fields":null,"og_video":"","og_custom_url":null,"og_article_section":null,"og_article_tags":null,"twitter_use_og":false,"twitter_card":"default","twitter_image_type":"default","twitter_image_url":null,"twitter_image_custom_url":null,"twitter_image_custom_fields":null,"twitter_title":null,"twitter_description":null,"schema":{"blockGraphs":[],"customGraphs":[],"default":{"data":{"Article":[],"Course":[],"Dataset":[],"FAQPage":[],"Movie":[],"Person":[],"Product":[],"ProductReview":[],"Car":[],"Recipe":[],"Service":[],"SoftwareApplication":[],"WebPage":[]},"graphName":"none","isEnabled":true},"graphs":[]},"schema_type":"default","schema_type_options":null,"pillar_content":false,"robots_default":true,"robots_noindex":false,"robots_noarchive":false,"robots_nosnippet":false,"robots_nofollow":false,"robots_noimageindex":false,"robots_noodp":false,"robots_notranslate":false,"robots_max_snippet":"-1","robots_max_videopreview":"-1","robots_max_imagepreview":"large","priority":null,"frequency":"default","local_seo":null,"seo_analyzer_scan_date":"2025-10-09 08:40:32","breadcrumb_settings":null,"limit_modified_date":false,"reviewed_by":"0","open_ai":null,"ai":{"faqs":[],"keyPoints":[],"titles":[],"descriptions":[],"socialPosts":{"email":[],"linkedin":[],"twitter":[],"facebook":[],"instagram":[]}},"created":"2025-09-20 02:17:44","updated":"2026-02-05 05:42:33"},"aioseo_breadcrumb":"<div class=\"aioseo-breadcrumbs\"><span class=\"aioseo-breadcrumb\">\n\t<a href=\"https:\/\/soymigrante.com\/revista\" title=\"Home\">Home<\/a>\n<\/span><span class=\"aioseo-breadcrumb-separator\">\u00bb<\/span><span class=\"aioseo-breadcrumb\">\n\t<a href=\"https:\/\/soymigrante.com\/revista\/category\/exitos\/\" title=\"\u00c9xitos\">\u00c9xitos<\/a>\n<\/span><span class=\"aioseo-breadcrumb-separator\">\u00bb<\/span><span class=\"aioseo-breadcrumb\">\n\t<a href=\"https:\/\/soymigrante.com\/revista\/category\/exitos\/guatemala\/\" title=\"Guatemala\">Guatemala<\/a>\n<\/span><span class=\"aioseo-breadcrumb-separator\">\u00bb<\/span><span class=\"aioseo-breadcrumb\">\n\tEl gran sue\u00f1o guatemalteco de Valeria Sierra en la NASA\n<\/span><\/div>","aioseo_breadcrumb_json":[{"label":"Home","link":"https:\/\/soymigrante.com\/revista"},{"label":"\u00c9xitos","link":"https:\/\/soymigrante.com\/revista\/category\/exitos\/"},{"label":"Guatemala","link":"https:\/\/soymigrante.com\/revista\/category\/exitos\/guatemala\/"},{"label":"El gran sue\u00f1o guatemalteco de Valeria Sierra en la NASA","link":"https:\/\/soymigrante.com\/revista\/el-gran-sueno-guatemalteco-de-valeria-sierra-en-la-nasa\/"}],"_links":{"self":[{"href":"https:\/\/soymigrante.com\/revista\/wp-json\/wp\/v2\/posts\/45532","targetHints":{"allow":["GET"]}}],"collection":[{"href":"https:\/\/soymigrante.com\/revista\/wp-json\/wp\/v2\/posts"}],"about":[{"href":"https:\/\/soymigrante.com\/revista\/wp-json\/wp\/v2\/types\/post"}],"author":[{"embeddable":true,"href":"https:\/\/soymigrante.com\/revista\/wp-json\/wp\/v2\/users\/7"}],"replies":[{"embeddable":true,"href":"https:\/\/soymigrante.com\/revista\/wp-json\/wp\/v2\/comments?post=45532"}],"version-history":[{"count":7,"href":"https:\/\/soymigrante.com\/revista\/wp-json\/wp\/v2\/posts\/45532\/revisions"}],"predecessor-version":[{"id":45544,"href":"https:\/\/soymigrante.com\/revista\/wp-json\/wp\/v2\/posts\/45532\/revisions\/45544"}],"wp:featuredmedia":[{"embeddable":true,"href":"https:\/\/soymigrante.com\/revista\/wp-json\/wp\/v2\/media\/45533"}],"wp:attachment":[{"href":"https:\/\/soymigrante.com\/revista\/wp-json\/wp\/v2\/media?parent=45532"}],"wp:term":[{"taxonomy":"category","embeddable":true,"href":"https:\/\/soymigrante.com\/revista\/wp-json\/wp\/v2\/categories?post=45532"},{"taxonomy":"post_tag","embeddable":true,"href":"https:\/\/soymigrante.com\/revista\/wp-json\/wp\/v2\/tags?post=45532"}],"curies":[{"name":"wp","href":"https:\/\/api.w.org\/{rel}","templated":true}]}}