{"id":45506,"date":"2025-09-20T11:03:10","date_gmt":"2025-09-20T17:03:10","guid":{"rendered":"https:\/\/soymigrante.com\/revista\/?p=45506"},"modified":"2025-09-20T11:03:19","modified_gmt":"2025-09-20T17:03:19","slug":"mes-de-octubre-dedicado-a-la-patrona-del-rosario-es-una-devocion-muy-guatemalteca","status":"publish","type":"post","link":"https:\/\/soymigrante.com\/revista\/mes-de-octubre-dedicado-a-la-patrona-del-rosario-es-una-devocion-muy-guatemalteca\/","title":{"rendered":"Mes de Octubre dedicado a la Patrona del Rosario es una devoci\u00f3n muy guatemalteca"},"content":{"rendered":"\t\t<div data-elementor-type=\"wp-post\" data-elementor-id=\"45506\" class=\"elementor elementor-45506\" data-elementor-post-type=\"post\">\n\t\t\t\t<div data-particle_enable=\"false\" data-particle-mobile-disabled=\"false\" class=\"elementor-element elementor-element-aaee052 e-flex e-con-boxed e-con e-parent\" data-id=\"aaee052\" data-element_type=\"container\" data-e-type=\"container\">\n\t\t\t\t\t<div class=\"e-con-inner\">\n\t\t\t\t<div class=\"elementor-element elementor-element-8ff9153 elementor-widget elementor-widget-heading\" data-id=\"8ff9153\" data-element_type=\"widget\" data-e-type=\"widget\" data-widget_type=\"heading.default\">\n\t\t\t\t\t<h2 class=\"elementor-heading-title elementor-size-default\">La Iglesia de Santo Domingo se alista para celebrar el mes del Rosario con una feria de tradici\u00f3n popular. <\/h2>\t\t\t\t<\/div>\n\t\t\t\t\t<\/div>\n\t\t\t\t<\/div>\n\t\t<div data-particle_enable=\"false\" data-particle-mobile-disabled=\"false\" class=\"elementor-element elementor-element-4b0d1ad e-flex e-con-boxed e-con e-parent\" data-id=\"4b0d1ad\" data-element_type=\"container\" data-e-type=\"container\">\n\t\t\t\t\t<div class=\"e-con-inner\">\n\t\t\t\t<div class=\"elementor-element elementor-element-423904d elementor-widget elementor-widget-text-editor\" data-id=\"423904d\" data-element_type=\"widget\" data-e-type=\"widget\" data-widget_type=\"text-editor.default\">\n\t\t\t\t\t\t\t\t\t<p>En pleno coraz\u00f3n de la zona 1 capitalina, <a href=\"https:\/\/www.facebook.com\/Santo.domingo.gt\" target=\"_blank\" rel=\"noopener\">la Iglesia de Santo Domingo se convierte cada octubre en un punto de encuentro entre la fe cat\u00f3lica<\/a> y las tradiciones populares guatemaltecas.<\/p><p>La festividad del Mes del Rosario, dedicada a la Virgen del Rosario, es una de las m\u00e1s esperadas por fieles y visitantes, que llegan a este templo hist\u00f3rico no solo para rezar y participar en las actividades religiosas, sino tambi\u00e9n para disfrutar del ambiente festivo que se vive en sus alrededores.<\/p>\t\t\t\t\t\t\t\t<\/div>\n\t\t\t\t\t<\/div>\n\t\t\t\t<\/div>\n\t\t<div data-particle_enable=\"false\" data-particle-mobile-disabled=\"false\" class=\"elementor-element elementor-element-255bfc6 e-flex e-con-boxed e-con e-parent\" data-id=\"255bfc6\" data-element_type=\"container\" data-e-type=\"container\">\n\t\t\t\t\t<div class=\"e-con-inner\">\n\t\t\t\t<div class=\"elementor-element elementor-element-f6828ff elementor-widget elementor-widget-image\" data-id=\"f6828ff\" data-element_type=\"widget\" data-e-type=\"widget\" data-widget_type=\"image.default\">\n\t\t\t\t\t\t\t\t\t\t\t\t<figure class=\"wp-caption\">\n\t\t\t\t\t\t\t\t\t\t<img fetchpriority=\"high\" decoding=\"async\" width=\"683\" height=\"1024\" src=\"https:\/\/soymigrante.com\/revista\/wp-content\/uploads\/2025\/09\/mes-del-rosario-6-683x1024.jpg\" class=\"attachment-large size-large wp-image-45516\" alt=\"La celebraci\u00f3n del mes del Rosario inicia con una misa y procesi\u00f3n.\" srcset=\"https:\/\/soymigrante.com\/revista\/wp-content\/uploads\/2025\/09\/mes-del-rosario-6-683x1024.jpg 683w, https:\/\/soymigrante.com\/revista\/wp-content\/uploads\/2025\/09\/mes-del-rosario-6-200x300.jpg 200w, https:\/\/soymigrante.com\/revista\/wp-content\/uploads\/2025\/09\/mes-del-rosario-6-768x1152.jpg 768w, https:\/\/soymigrante.com\/revista\/wp-content\/uploads\/2025\/09\/mes-del-rosario-6-750x1125.jpg 750w, https:\/\/soymigrante.com\/revista\/wp-content\/uploads\/2025\/09\/mes-del-rosario-6.jpg 960w\" sizes=\"(max-width: 683px) 100vw, 683px\" title=\"La celebraci\u00f3n del mes del Rosario inicia con una misa y procesi\u00f3n. \u2013 SoyMigrante.com REVISTA\" \/>\t\t\t\t\t\t\t\t\t\t\t<figcaption class=\"widget-image-caption wp-caption-text\">La celebraci\u00f3n del mes del Rosario inicia con una misa y procesi\u00f3n.<\/figcaption>\n\t\t\t\t\t\t\t\t\t\t<\/figure>\n\t\t\t\t\t\t\t\t\t<\/div>\n\t\t\t\t\t<\/div>\n\t\t\t\t<\/div>\n\t\t<div data-particle_enable=\"false\" data-particle-mobile-disabled=\"false\" class=\"elementor-element elementor-element-aeef53b e-flex e-con-boxed e-con e-parent\" data-id=\"aeef53b\" data-element_type=\"container\" data-e-type=\"container\">\n\t\t\t\t\t<div class=\"e-con-inner\">\n\t\t\t\t<div class=\"elementor-element elementor-element-215ef62 elementor-widget elementor-widget-heading\" data-id=\"215ef62\" data-element_type=\"widget\" data-e-type=\"widget\" data-widget_type=\"heading.default\">\n\t\t\t\t\t<h3 class=\"elementor-heading-title elementor-size-default\">Rezos diarios, procesiones y veneraci\u00f3n<\/h3>\t\t\t\t<\/div>\n\t\t\t\t\t<\/div>\n\t\t\t\t<\/div>\n\t\t<div data-particle_enable=\"false\" data-particle-mobile-disabled=\"false\" class=\"elementor-element elementor-element-6dd1738 e-flex e-con-boxed e-con e-parent\" data-id=\"6dd1738\" data-element_type=\"container\" data-e-type=\"container\">\n\t\t\t\t\t<div class=\"e-con-inner\">\n\t\t\t\t<div class=\"elementor-element elementor-element-d291798 elementor-widget elementor-widget-text-editor\" data-id=\"d291798\" data-element_type=\"widget\" data-e-type=\"widget\" data-widget_type=\"text-editor.default\">\n\t\t\t\t\t\t\t\t\t<p><a href=\"https:\/\/www.facebook.com\/Santo.domingo.gt\" target=\"_blank\" rel=\"noopener\">La celebraci\u00f3n es intensa y se extiende durante todo el mes,<\/a> con rezos diarios del rosario, procesiones, misas solemnes y momentos de veneraci\u00f3n frente a la imagen de la Virgen, que ocupa un lugar especial en el altar mayor. Durante estas semanas, el templo se llena de flores, velas y c\u00e1nticos que muestran la devoci\u00f3n de generaciones de guatemaltecos hacia la patrona del Rosario.<\/p><p>Pero la festividad no se queda \u00fanicamente dentro del templo. Afuera, en la 6\u00aa avenida y 11 calle, los alrededores de Santo Domingo se transforman casi en una feria. Decenas de ventas de comida tradicional como elotes locos, garnachas, churros, bu\u00f1uelos, atol de elote y otras delicias se instalan para atender a los visitantes. Tambi\u00e9n se venden recuerdos religiosos, im\u00e1genes de santos, rosarios y escapularios, reforzando la conexi\u00f3n entre lo espiritual y lo popular.<\/p>\t\t\t\t\t\t\t\t<\/div>\n\t\t\t\t\t<\/div>\n\t\t\t\t<\/div>\n\t\t<div data-particle_enable=\"false\" data-particle-mobile-disabled=\"false\" class=\"elementor-element elementor-element-475d2f4 e-flex e-con-boxed e-con e-parent\" data-id=\"475d2f4\" data-element_type=\"container\" data-e-type=\"container\">\n\t\t\t\t\t<div class=\"e-con-inner\">\n\t\t\t\t<div class=\"elementor-element elementor-element-afd7f5c elementor-widget elementor-widget-video\" data-id=\"afd7f5c\" data-element_type=\"widget\" data-e-type=\"widget\" data-settings=\"{&quot;youtube_url&quot;:&quot;https:\\\/\\\/www.youtube.com\\\/watch?v=xJKBuDP3ERM&quot;,&quot;video_type&quot;:&quot;youtube&quot;,&quot;controls&quot;:&quot;yes&quot;}\" data-widget_type=\"video.default\">\n\t\t\t\t\t\t\t<div class=\"elementor-wrapper elementor-open-inline\">\n\t\t\t<div class=\"elementor-video\"><\/div>\t\t<\/div>\n\t\t\t\t\t\t<\/div>\n\t\t\t\t\t<\/div>\n\t\t\t\t<\/div>\n\t\t<div data-particle_enable=\"false\" data-particle-mobile-disabled=\"false\" class=\"elementor-element elementor-element-ab070dc e-flex e-con-boxed e-con e-parent\" data-id=\"ab070dc\" data-element_type=\"container\" data-e-type=\"container\">\n\t\t\t\t\t<div class=\"e-con-inner\">\n\t\t\t\t<div class=\"elementor-element elementor-element-8daa5b2 elementor-widget elementor-widget-heading\" data-id=\"8daa5b2\" data-element_type=\"widget\" data-e-type=\"widget\" data-widget_type=\"heading.default\">\n\t\t\t\t\t<h3 class=\"elementor-heading-title elementor-size-default\">Familias se unen para compartir <\/h3>\t\t\t\t<\/div>\n\t\t\t\t\t<\/div>\n\t\t\t\t<\/div>\n\t\t<div data-particle_enable=\"false\" data-particle-mobile-disabled=\"false\" class=\"elementor-element elementor-element-74ce1c0 e-flex e-con-boxed e-con e-parent\" data-id=\"74ce1c0\" data-element_type=\"container\" data-e-type=\"container\">\n\t\t\t\t\t<div class=\"e-con-inner\">\n\t\t\t\t<div class=\"elementor-element elementor-element-fe3fa28 elementor-widget elementor-widget-text-editor\" data-id=\"fe3fa28\" data-element_type=\"widget\" data-e-type=\"widget\" data-widget_type=\"text-editor.default\">\n\t\t\t\t\t\t\t\t\t<p>El ambiente recuerda a las ferias patronales del interior del pa\u00eds: familias enteras acuden a participar de las misas y, al salir, disfrutan de la comida y de los puestos que rodean la iglesia. Es una combinaci\u00f3n que une lo sagrado y lo festivo, haciendo del Mes del Rosario en Santo Domingo una tradici\u00f3n \u00fanica en la Ciudad de Guatemala.<\/p><p><a href=\"https:\/\/www.facebook.com\/Santo.domingo.gt\" target=\"_blank\" rel=\"noopener\">El templo, adem\u00e1s, guarda un profundo valor hist\u00f3rico y cultural.<\/a> Construido en el siglo XIX y elevado a bas\u00edlica menor en 1970, la Iglesia de Santo Domingo es considerada uno de los centros m\u00e1s importantes de la religiosidad capitalina. Cada octubre, la devoci\u00f3n a la Virgen del Rosario refuerza ese v\u00ednculo de fe, pero tambi\u00e9n se convierte en un espacio de convivencia social, donde la espiritualidad se mezcla con el sabor de la comida t\u00edpica y la alegr\u00eda de la comunidad.<\/p>\t\t\t\t\t\t\t\t<\/div>\n\t\t\t\t\t<\/div>\n\t\t\t\t<\/div>\n\t\t<div data-particle_enable=\"false\" data-particle-mobile-disabled=\"false\" class=\"elementor-element elementor-element-6f8e4c0 e-flex e-con-boxed e-con e-parent\" data-id=\"6f8e4c0\" data-element_type=\"container\" data-e-type=\"container\">\n\t\t\t\t\t<div class=\"e-con-inner\">\n\t\t\t\t<div class=\"elementor-element elementor-element-7560ed0 elementor-widget elementor-widget-image\" data-id=\"7560ed0\" data-element_type=\"widget\" data-e-type=\"widget\" data-widget_type=\"image.default\">\n\t\t\t\t\t\t\t\t\t\t\t\t<figure class=\"wp-caption\">\n\t\t\t\t\t\t\t\t\t\t<img decoding=\"async\" width=\"1024\" height=\"768\" src=\"https:\/\/soymigrante.com\/revista\/wp-content\/uploads\/2025\/09\/mes-del-rosario-2-1024x768.jpg\" class=\"attachment-large size-large wp-image-45517\" alt=\"La iglesia se viste de gala para la celebraci\u00f3n del mes del rosario.\" srcset=\"https:\/\/soymigrante.com\/revista\/wp-content\/uploads\/2025\/09\/mes-del-rosario-2-1024x768.jpg 1024w, https:\/\/soymigrante.com\/revista\/wp-content\/uploads\/2025\/09\/mes-del-rosario-2-300x225.jpg 300w, https:\/\/soymigrante.com\/revista\/wp-content\/uploads\/2025\/09\/mes-del-rosario-2-768x576.jpg 768w, https:\/\/soymigrante.com\/revista\/wp-content\/uploads\/2025\/09\/mes-del-rosario-2-1536x1152.jpg 1536w, https:\/\/soymigrante.com\/revista\/wp-content\/uploads\/2025\/09\/mes-del-rosario-2-750x563.jpg 750w, https:\/\/soymigrante.com\/revista\/wp-content\/uploads\/2025\/09\/mes-del-rosario-2-1140x855.jpg 1140w, https:\/\/soymigrante.com\/revista\/wp-content\/uploads\/2025\/09\/mes-del-rosario-2.jpg 2048w\" sizes=\"(max-width: 1024px) 100vw, 1024px\" title=\"La iglesia se viste de gala para la celebraci\u00f3n del mes del rosario. \u2013 SoyMigrante.com REVISTA\" \/>\t\t\t\t\t\t\t\t\t\t\t<figcaption class=\"widget-image-caption wp-caption-text\">La iglesia se viste de gala para la celebraci\u00f3n del mes del rosario. <\/figcaption>\n\t\t\t\t\t\t\t\t\t\t<\/figure>\n\t\t\t\t\t\t\t\t\t<\/div>\n\t\t\t\t\t<\/div>\n\t\t\t\t<\/div>\n\t\t<div data-particle_enable=\"false\" data-particle-mobile-disabled=\"false\" class=\"elementor-element elementor-element-6cc2f81 e-flex e-con-boxed e-con e-parent\" data-id=\"6cc2f81\" data-element_type=\"container\" data-e-type=\"container\">\n\t\t\t\t\t<div class=\"e-con-inner\">\n\t\t\t\t<div class=\"elementor-element elementor-element-fad35d0 elementor-widget elementor-widget-heading\" data-id=\"fad35d0\" data-element_type=\"widget\" data-e-type=\"widget\" data-widget_type=\"heading.default\">\n\t\t\t\t\t<h3 class=\"elementor-heading-title elementor-size-default\">Un momento para clamar <\/h3>\t\t\t\t<\/div>\n\t\t\t\t\t<\/div>\n\t\t\t\t<\/div>\n\t\t<div data-particle_enable=\"false\" data-particle-mobile-disabled=\"false\" class=\"elementor-element elementor-element-5cdb49d e-flex e-con-boxed e-con e-parent\" data-id=\"5cdb49d\" data-element_type=\"container\" data-e-type=\"container\">\n\t\t\t\t\t<div class=\"e-con-inner\">\n\t\t\t\t<div class=\"elementor-element elementor-element-66cdfdb elementor-widget elementor-widget-text-editor\" data-id=\"66cdfdb\" data-element_type=\"widget\" data-e-type=\"widget\" data-widget_type=\"text-editor.default\">\n\t\t\t\t\t\t\t\t\t<p>Para los devotos, el <a href=\"https:\/\/www.facebook.com\/Santo.domingo.gt\" target=\"_blank\" rel=\"noopener\">Mes del Rosario es una oportunidad para agradecer, pedir bendiciones y fortalecer la fe.<\/a> Para los comerciantes y familias, tambi\u00e9n representa una \u00e9poca de encuentro, tradici\u00f3n y sustento. Y para la ciudad, es un recordatorio de c\u00f3mo la religi\u00f3n, la cultura y la vida cotidiana siguen entrelazadas en el coraz\u00f3n de Guatemala.<\/p>\t\t\t\t\t\t\t\t<\/div>\n\t\t\t\t\t<\/div>\n\t\t\t\t<\/div>\n\t\t<div data-particle_enable=\"false\" data-particle-mobile-disabled=\"false\" class=\"elementor-element elementor-element-22e823e e-flex e-con-boxed e-con e-parent\" data-id=\"22e823e\" data-element_type=\"container\" data-e-type=\"container\">\n\t\t\t\t\t<div class=\"e-con-inner\">\n\t\t\t\t<div class=\"elementor-element elementor-element-bf27b99 elementor-widget elementor-widget-image\" data-id=\"bf27b99\" data-element_type=\"widget\" data-e-type=\"widget\" data-widget_type=\"image.default\">\n\t\t\t\t\t\t\t\t\t\t\t\t<figure class=\"wp-caption\">\n\t\t\t\t\t\t\t\t\t\t<img decoding=\"async\" width=\"768\" height=\"1024\" src=\"https:\/\/soymigrante.com\/revista\/wp-content\/uploads\/2025\/09\/mes-del-rosario-1-768x1024.jpg\" class=\"attachment-large size-large wp-image-45518\" alt=\"La festividad del mes del rosario est\u00e1 hasta el 31 de octubre.\" srcset=\"https:\/\/soymigrante.com\/revista\/wp-content\/uploads\/2025\/09\/mes-del-rosario-1-768x1024.jpg 768w, https:\/\/soymigrante.com\/revista\/wp-content\/uploads\/2025\/09\/mes-del-rosario-1-225x300.jpg 225w, https:\/\/soymigrante.com\/revista\/wp-content\/uploads\/2025\/09\/mes-del-rosario-1-1152x1536.jpg 1152w, https:\/\/soymigrante.com\/revista\/wp-content\/uploads\/2025\/09\/mes-del-rosario-1-750x1000.jpg 750w, https:\/\/soymigrante.com\/revista\/wp-content\/uploads\/2025\/09\/mes-del-rosario-1-1140x1520.jpg 1140w, https:\/\/soymigrante.com\/revista\/wp-content\/uploads\/2025\/09\/mes-del-rosario-1.jpg 1536w\" sizes=\"(max-width: 768px) 100vw, 768px\" title=\"La festividad del mes del rosario est\u00e1 hasta el 31 de octubre. \u2013 SoyMigrante.com REVISTA\" \/>\t\t\t\t\t\t\t\t\t\t\t<figcaption class=\"widget-image-caption wp-caption-text\">La festividad del mes del rosario est\u00e1 hasta el 31 de octubre.<\/figcaption>\n\t\t\t\t\t\t\t\t\t\t<\/figure>\n\t\t\t\t\t\t\t\t\t<\/div>\n\t\t\t\t\t<\/div>\n\t\t\t\t<\/div>\n\t\t<div data-particle_enable=\"false\" data-particle-mobile-disabled=\"false\" class=\"elementor-element elementor-element-28ccf86 e-flex e-con-boxed e-con e-parent\" data-id=\"28ccf86\" data-element_type=\"container\" data-e-type=\"container\">\n\t\t\t\t\t<div class=\"e-con-inner\">\n\t\t\t\t<div class=\"elementor-element elementor-element-f7da2bf elementor-widget elementor-widget-heading\" data-id=\"f7da2bf\" data-element_type=\"widget\" data-e-type=\"widget\" data-widget_type=\"heading.default\">\n\t\t\t\t\t<h2 class=\"elementor-heading-title elementor-size-default\">Conoce m\u00e1s de las celebraciones de Guatemala, ac\u00e1...<\/h2>\t\t\t\t<\/div>\n\t\t\t\t\t<\/div>\n\t\t\t\t<\/div>\n\t\t<div data-particle_enable=\"false\" data-particle-mobile-disabled=\"false\" class=\"elementor-element elementor-element-28bdc8a e-flex e-con-boxed e-con e-parent\" data-id=\"28bdc8a\" data-element_type=\"container\" data-e-type=\"container\">\n\t\t\t\t\t<div class=\"e-con-inner\">\n\t\t\t\t<div class=\"elementor-element elementor-element-5ba27af elementor-grid-eael-col-3 elementor-grid-tablet-eael-col-2 elementor-grid-mobile-eael-col-1 elementor-widget elementor-widget-eael-post-grid\" data-id=\"5ba27af\" data-element_type=\"widget\" data-e-type=\"widget\" data-settings=\"{&quot;eael_post_grid_columns&quot;:&quot;eael-col-3&quot;,&quot;eael_post_grid_columns_tablet&quot;:&quot;eael-col-2&quot;,&quot;eael_post_grid_columns_mobile&quot;:&quot;eael-col-1&quot;}\" data-widget_type=\"eael-post-grid.default\">\n\t\t\t\t\t<div id=\"eael-post-grid-5ba27af\" class=\"eael-post-grid-container\">\n            <div class=\"eael-post-grid eael-post-appender eael-post-appender-5ba27af eael-post-grid-style-one\" data-layout-mode=\"masonry\"><article class=\"eael-grid-post  eael-post-grid-column eael-pg-post-4978 category-guate-nuestra-simbolos-patrios-guate-nuestra\" data-id=\"4978\">\n        <div class=\"eael-grid-post-holder\">\n            <div class=\"eael-grid-post-holder-inner\"><div class=\"eael-entry-media\"><div class=\"eael-entry-overlay fade-in\"><i class=\"far fa-hand-pointer\" aria-hidden=\"true\"><\/i><a href=\"https:\/\/soymigrante.com\/revista\/marimba-guatemalteca-simbolo-patrio-datos-quiza-no-sabias-o-tal-vez-si\/\"><\/a><\/div><div class=\"eael-entry-thumbnail eael-image-ratio\">\n                <img loading=\"lazy\" decoding=\"async\" width=\"960\" height=\"743\" src=\"https:\/\/soymigrante.com\/revista\/wp-content\/uploads\/2024\/02\/marimbero.webp\" class=\"attachment-large size-large wp-image-4979\" alt=\"Desde la innovaci\u00f3n del doble teclado, la Marimba Guatemalteca se ha expandido a todas partes del pa\u00eds e incluso del mundo, con un repertorio inmenso en todos los ritmos y adaptaciones de obras de todos los g\u00e9neros, dada su versatilidad. Fotograf\u00eda de la marimba Gaudia Cantorum dirigida por uno de tantos grandes impulsores, el arquitecto Erick Su\u00e1rez\" srcset=\"https:\/\/soymigrante.com\/revista\/wp-content\/uploads\/2024\/02\/marimbero.webp 960w, https:\/\/soymigrante.com\/revista\/wp-content\/uploads\/2024\/02\/marimbero-300x232.webp 300w, https:\/\/soymigrante.com\/revista\/wp-content\/uploads\/2024\/02\/marimbero-768x594.webp 768w, https:\/\/soymigrante.com\/revista\/wp-content\/uploads\/2024\/02\/marimbero-750x580.webp 750w\" sizes=\"(max-width: 960px) 100vw, 960px\" \/>\n            <\/div>\n        <\/div><div class=\"eael-entry-wrapper\"><header class=\"eael-entry-header\"><h2 class=\"eael-entry-title\"><a class=\"eael-grid-post-link\" href=\"https:\/\/soymigrante.com\/revista\/marimba-guatemalteca-simbolo-patrio-datos-quiza-no-sabias-o-tal-vez-si\/\" title=\"\u00bfPorqu\u00e9 se celebra el D\u00eda de la Marimba el 20 de febrero?\">\u00bfPorqu\u00e9 se celebra el D\u00eda de la Marimba el 20 de febrero?<\/a><\/h2><\/header><div class=\"eael-entry-content\">\n                        <div class=\"eael-grid-post-excerpt\"><a href=\"https:\/\/soymigrante.com\/revista\/marimba-guatemalteca-simbolo-patrio-datos-quiza-no-sabias-o-tal-vez-si\/\" class=\"eael-post-elements-readmore-btn\">CONOCE SU HISTORIA <\/a><\/div>\n                    <\/div><\/div><\/div>\n        <\/div>\n    <\/article><article class=\"eael-grid-post  eael-post-grid-column eael-pg-post-43238 category-simbolos-patrios-guate-nuestra\" data-id=\"43238\">\n        <div class=\"eael-grid-post-holder\">\n            <div class=\"eael-grid-post-holder-inner\"><div class=\"eael-entry-media\"><div class=\"eael-entry-overlay fade-in\"><i class=\"far fa-hand-pointer\" aria-hidden=\"true\"><\/i><a href=\"https:\/\/soymigrante.com\/revista\/guia-de-los-7-simbolos-patrios-de-guatemala-origen-fechas-y-mas\/\"><\/a><\/div><div class=\"eael-entry-thumbnail eael-image-ratio\">\n                <img loading=\"lazy\" decoding=\"async\" width=\"1000\" height=\"1000\" src=\"https:\/\/soymigrante.com\/revista\/wp-content\/uploads\/2025\/08\/migrantes-guatemaltecos-quetzal-fotografia-marcos-zarate.webp\" class=\"attachment-large size-large wp-image-43239\" alt=\"Colorido loro de la selva tropical con un pez en el pico, en medio de la naturaleza exuberante, representando biodiversidad y conservaci\u00f3n de especies en Am\u00e9rica Latina.\" srcset=\"https:\/\/soymigrante.com\/revista\/wp-content\/uploads\/2025\/08\/migrantes-guatemaltecos-quetzal-fotografia-marcos-zarate.webp 1000w, https:\/\/soymigrante.com\/revista\/wp-content\/uploads\/2025\/08\/migrantes-guatemaltecos-quetzal-fotografia-marcos-zarate-300x300.png 300w, https:\/\/soymigrante.com\/revista\/wp-content\/uploads\/2025\/08\/migrantes-guatemaltecos-quetzal-fotografia-marcos-zarate-150x150.png 150w, https:\/\/soymigrante.com\/revista\/wp-content\/uploads\/2025\/08\/migrantes-guatemaltecos-quetzal-fotografia-marcos-zarate-768x768.png 768w, https:\/\/soymigrante.com\/revista\/wp-content\/uploads\/2025\/08\/migrantes-guatemaltecos-quetzal-fotografia-marcos-zarate-75x75.webp 75w, https:\/\/soymigrante.com\/revista\/wp-content\/uploads\/2025\/08\/migrantes-guatemaltecos-quetzal-fotografia-marcos-zarate-750x750.webp 750w\" sizes=\"(max-width: 1000px) 100vw, 1000px\" \/>\n            <\/div>\n        <\/div><div class=\"eael-entry-wrapper\"><header class=\"eael-entry-header\"><h2 class=\"eael-entry-title\"><a class=\"eael-grid-post-link\" href=\"https:\/\/soymigrante.com\/revista\/guia-de-los-7-simbolos-patrios-de-guatemala-origen-fechas-y-mas\/\" title=\"Gu\u00eda de los 7 S\u00edmbolos Patrios de Guatemala: origen, fechas y m\u00e1s\">Gu\u00eda de los 7 S\u00edmbolos Patrios de Guatemala: origen, fechas y m\u00e1s<\/a><\/h2><\/header><div class=\"eael-entry-content\">\n                        <div class=\"eael-grid-post-excerpt\"><a href=\"https:\/\/soymigrante.com\/revista\/guia-de-los-7-simbolos-patrios-de-guatemala-origen-fechas-y-mas\/\" class=\"eael-post-elements-readmore-btn\">CONOCE SU HISTORIA <\/a><\/div>\n                    <\/div><\/div><\/div>\n        <\/div>\n    <\/article><article class=\"eael-grid-post  eael-post-grid-column eael-pg-post-827 category-guate-nuestra-simbolos-patrios-guate-nuestra\" data-id=\"827\">\n        <div class=\"eael-grid-post-holder\">\n            <div class=\"eael-grid-post-holder-inner\"><div class=\"eael-entry-media\"><div class=\"eael-entry-overlay fade-in\"><i class=\"far fa-hand-pointer\" aria-hidden=\"true\"><\/i><a href=\"https:\/\/soymigrante.com\/revista\/10-datos-del-quetzal-que-tal-vez-ya-conocias-o-quiza-no\/\"><\/a><\/div><div class=\"eael-entry-thumbnail eael-image-ratio\">\n                <img loading=\"lazy\" decoding=\"async\" width=\"1024\" height=\"745\" src=\"https:\/\/soymigrante.com\/revista\/wp-content\/uploads\/2023\/03\/soy-migrante-quetzal-alimenta-se-ve-pichon-credito-ottoniel-cojulun-1024x745.jpg\" class=\"attachment-large size-large wp-image-625\" alt=\"Foto: Ottoniel Cojul\u00fan\" srcset=\"https:\/\/soymigrante.com\/revista\/wp-content\/uploads\/2023\/03\/soy-migrante-quetzal-alimenta-se-ve-pichon-credito-ottoniel-cojulun-1024x745.jpg 1024w, https:\/\/soymigrante.com\/revista\/wp-content\/uploads\/2023\/03\/soy-migrante-quetzal-alimenta-se-ve-pichon-credito-ottoniel-cojulun-300x218.webp 300w, https:\/\/soymigrante.com\/revista\/wp-content\/uploads\/2023\/03\/soy-migrante-quetzal-alimenta-se-ve-pichon-credito-ottoniel-cojulun-768x558.jpg 768w, https:\/\/soymigrante.com\/revista\/wp-content\/uploads\/2023\/03\/soy-migrante-quetzal-alimenta-se-ve-pichon-credito-ottoniel-cojulun-1536x1117.jpg 1536w, https:\/\/soymigrante.com\/revista\/wp-content\/uploads\/2023\/03\/soy-migrante-quetzal-alimenta-se-ve-pichon-credito-ottoniel-cojulun-120x86.webp 120w, https:\/\/soymigrante.com\/revista\/wp-content\/uploads\/2023\/03\/soy-migrante-quetzal-alimenta-se-ve-pichon-credito-ottoniel-cojulun-750x545.webp 750w, https:\/\/soymigrante.com\/revista\/wp-content\/uploads\/2023\/03\/soy-migrante-quetzal-alimenta-se-ve-pichon-credito-ottoniel-cojulun-1140x829.jpg 1140w, https:\/\/soymigrante.com\/revista\/wp-content\/uploads\/2023\/03\/soy-migrante-quetzal-alimenta-se-ve-pichon-credito-ottoniel-cojulun.webp 1920w\" sizes=\"(max-width: 1024px) 100vw, 1024px\" \/>\n            <\/div>\n        <\/div><div class=\"eael-entry-wrapper\"><header class=\"eael-entry-header\"><h2 class=\"eael-entry-title\"><a class=\"eael-grid-post-link\" href=\"https:\/\/soymigrante.com\/revista\/10-datos-del-quetzal-que-tal-vez-ya-conocias-o-quiza-no\/\" title=\"\u00bfEn d\u00f3nde habita el Quetzal?&#8230; y otras 10 preguntas sobre el ave s\u00edmbolo de Guatemala\">\u00bfEn d\u00f3nde habita el Quetzal?&#8230; y otras 10 preguntas sobre el ave s\u00edmbolo de Guatemala<\/a><\/h2><\/header><div class=\"eael-entry-content\">\n                        <div class=\"eael-grid-post-excerpt\"><a href=\"https:\/\/soymigrante.com\/revista\/10-datos-del-quetzal-que-tal-vez-ya-conocias-o-quiza-no\/\" class=\"eael-post-elements-readmore-btn\">CONOCE SU HISTORIA <\/a><\/div>\n                    <\/div><\/div><\/div>\n        <\/div>\n    <\/article><\/div>\n            <div class=\"clearfix\"><\/div>\n        <\/div>            <div class=\"eael-load-more-button-wrap eael-force-hide\">\n                <button class=\"eael-load-more-button\" id=\"eael-load-more-btn-5ba27af\" data-widget-id=\"5ba27af\" data-widget=\"5ba27af\" data-page-id=\"45506\" data-template=\"{&quot;dir&quot;:&quot;lite&quot;,&quot;file_name&quot;:&quot;one.php&quot;,&quot;name&quot;:&quot;Post-Grid&quot;}\" data-class=\"Essential_Addons_Elementor\\Elements\\Post_Grid\" data-layout=\"masonry\" data-page=\"1\" data-args=\"orderby=rand&amp;order=desc&amp;ignore_sticky_posts=1&amp;post_status=publish&amp;posts_per_page=3&amp;offset=0&amp;post_type=post&amp;tax_query%5B0%5D%5Btaxonomy%5D=category&amp;tax_query%5B0%5D%5Bfield%5D=term_id&amp;tax_query%5B0%5D%5Bterms%5D%5B0%5D=96&amp;tax_query%5Brelation%5D=AND\" data-max-page=\"5\">\n                    <span class=\"eael-btn-loader button__loader\"><\/span>\n                    <span class=\"eael_load_more_text\">Load More<\/span>\n                <\/button>\n            <\/div>\n            \t\t\t\t<\/div>\n\t\t\t\t\t<\/div>\n\t\t\t\t<\/div>\n\t\t\t\t<\/div>\n\t\t","protected":false},"excerpt":{"rendered":"<p>La Iglesia de Santo Domingo se alista para celebrar el mes del Rosario con una feria de tradici\u00f3n popular. En pleno coraz\u00f3n de la zona 1 capitalina, la Iglesia de Santo Domingo se convierte cada octubre en un punto de encuentro entre la fe cat\u00f3lica y las tradiciones populares guatemaltecas. La festividad del Mes del [&hellip;]<\/p>\n","protected":false},"author":19,"featured_media":45507,"comment_status":"open","ping_status":"open","sticky":false,"template":"","format":"standard","meta":{"_acf_changed":false,"_eb_attr":"","footnotes":""},"categories":[58],"tags":[],"class_list":["post-45506","post","type-post","status-publish","format-standard","has-post-thumbnail","hentry","category-guate-nuestra"],"acf":[],"aioseo_notices":[],"aioseo_head":"\n\t\t<!-- All in One SEO Pro 4.9.6.2 - aioseo.com -->\n\t<meta name=\"description\" content=\"El Quetzal es s\u00edmbolo patrio de Guatemala. \u00bfC\u00f3mo se llama el ave nacional de Guatemala en idioma maya? \u00bfDe d\u00f3nde viene la palabra quetzal=\" \/>\n\t<meta name=\"robots\" content=\"max-snippet:-1, max-image-preview:large, max-video-preview:-1\" \/>\n\t<meta name=\"author\" content=\"Gustavo Montenegro\"\/>\n\t<link rel=\"canonical\" href=\"https:\/\/soymigrante.com\/revista\/10-datos-del-quetzal-que-tal-vez-ya-conocias-o-quiza-no\/\" \/>\n\t<meta name=\"generator\" content=\"All in One SEO Pro (AIOSEO) 4.9.6.2\" \/>\n\n\t\t<link rel=\"preconnect\" href=\"https:\/\/fonts.googleapis.com\" crossorigin>\n<link rel=\"preconnect\" href=\"https:\/\/fonts.gstatic.com\" crossorigin>\n\t\t<meta property=\"og:locale\" content=\"es_ES\" \/>\n\t\t<meta property=\"og:site_name\" content=\"SoyMigrante.com REVISTA \u2013 Nuestra misi\u00f3n es reconocer y dignificar al migrante.\" \/>\n\t\t<meta property=\"og:type\" content=\"article\" \/>\n\t\t<meta property=\"og:title\" content=\"\u00bfEn d\u00f3nde habita el Quetzal?\u2026 y otras 10 preguntas sobre el ave s\u00edmbolo de Guatemala\" \/>\n\t\t<meta property=\"og:description\" content=\"\u00bfC\u00f3mo se llama el ave nacional de Guatemala y de donde proviene su nombre? \u00bfDesde cu\u00e1ndo el Quetzal es s\u00edmbolo patrio? \u00bfDonde habita? Estas y otras respuestas aqu\u00ed. \u00bfC\u00f3mo se llama el ave nacional de Guatemala? Se llama Quetzal y aunque fue una especie de gran importancia en tiempos prehisp\u00e1nicos, solo fue reportado cient\u00edficamente hasta\" \/>\n\t\t<meta property=\"og:url\" content=\"https:\/\/soymigrante.com\/revista\/10-datos-del-quetzal-que-tal-vez-ya-conocias-o-quiza-no\/\" \/>\n\t\t<meta property=\"og:image\" content=\"https:\/\/soymigrante.com\/revista\/wp-content\/uploads\/2025\/09\/mes-del-rosario-5-e1758312473240.jpg\" \/>\n\t\t<meta property=\"og:image:secure_url\" content=\"https:\/\/soymigrante.com\/revista\/wp-content\/uploads\/2025\/09\/mes-del-rosario-5-e1758312473240.jpg\" \/>\n\t\t<meta property=\"og:image:width\" content=\"976\" \/>\n\t\t<meta property=\"og:image:height\" content=\"976\" \/>\n\t\t<meta property=\"article:published_time\" content=\"2025-09-20T17:03:10+00:00\" \/>\n\t\t<meta property=\"article:modified_time\" content=\"2025-09-20T17:03:19+00:00\" \/>\n\t\t<meta property=\"article:publisher\" content=\"https:\/\/www.facebook.com\/soymigrantecom\" \/>\n\t\t<meta name=\"twitter:card\" content=\"summary_large_image\" \/>\n\t\t<meta name=\"twitter:site\" content=\"@SoyMigrante_com\" \/>\n\t\t<meta name=\"twitter:title\" content=\"Mes de Octubre dedicado a la Patrona del Rosario es una devoci\u00f3n muy guatemalteca\" \/>\n\t\t<meta name=\"twitter:description\" content=\"La Iglesia de Santo Domingo se alista para celebrar el mes del Rosario con una feria de tradici\u00f3n popular.\" \/>\n\t\t<meta name=\"twitter:creator\" content=\"@SoyMigrante_com\" \/>\n\t\t<meta name=\"twitter:image\" content=\"https:\/\/soymigrante.com\/revista\/wp-content\/uploads\/2025\/09\/mes-del-rosario-5-e1758312473240.jpg\" \/>\n\t\t<!-- All in One SEO Pro -->\r\n\t\t<title>Mes de Octubre dedicado a la Patrona del Rosario es una devoci\u00f3n muy guatemalteca<\/title>\n\n","aioseo_head_json":{"title":"Mes de Octubre dedicado a la Patrona del Rosario es una devoci\u00f3n muy guatemalteca","description":"La Iglesia de Santo Domingo se alista para celebrar el mes del Rosario con una feria de tradici\u00f3n popular.","canonical_url":"https:\/\/soymigrante.com\/revista\/10-datos-del-quetzal-que-tal-vez-ya-conocias-o-quiza-no\/","robots":"max-snippet:-1, max-image-preview:large, max-video-preview:-1","keywords":"","webmasterTools":{"miscellaneous":"&lt;link rel=\"preconnect\" href=\"https:\/\/fonts.googleapis.com\" crossorigin&gt;\n&lt;link rel=\"preconnect\" href=\"https:\/\/fonts.gstatic.com\" crossorigin&gt;"},"schema":null,"og:locale":"es_ES","og:site_name":"SoyMigrante.com REVISTA \u2013 Nuestra misi\u00f3n es reconocer y dignificar al migrante.","og:type":"article","og:title":"Mes de Octubre dedicado a la Patrona del Rosario es una devoci\u00f3n muy guatemalteca","og:description":"La Iglesia de Santo Domingo se alista para celebrar el mes del Rosario con una feria de tradici\u00f3n popular.","og:url":"https:\/\/soymigrante.com\/revista\/10-datos-del-quetzal-que-tal-vez-ya-conocias-o-quiza-no\/","og:image":"https:\/\/soymigrante.com\/revista\/wp-content\/uploads\/2025\/09\/mes-del-rosario-5-e1758312473240.jpg","og:image:secure_url":"https:\/\/soymigrante.com\/revista\/wp-content\/uploads\/2025\/09\/mes-del-rosario-5-e1758312473240.jpg","og:image:width":976,"og:image:height":976,"article:published_time":"2025-09-20T17:03:10+00:00","article:modified_time":"2025-09-20T17:03:19+00:00","article:publisher":"https:\/\/www.facebook.com\/soymigrantecom","twitter:card":"summary_large_image","twitter:site":"@SoyMigrante_com","twitter:title":"Mes de Octubre dedicado a la Patrona del Rosario es una devoci\u00f3n muy guatemalteca","twitter:description":"La Iglesia de Santo Domingo se alista para celebrar el mes del Rosario con una feria de tradici\u00f3n popular.","twitter:creator":"@SoyMigrante_com","twitter:image":"https:\/\/soymigrante.com\/revista\/wp-content\/uploads\/2025\/09\/mes-del-rosario-5-e1758312473240.jpg"},"aioseo_meta_data":{"post_id":"45506","title":null,"description":"La Iglesia de Santo Domingo se alista para celebrar el mes del Rosario con una feria de tradici\u00f3n popular.","keywords":null,"keyphrases":{"focus":{"keyphrase":"Santo Domingo","score":68,"analysis":{"keyphraseInTitle":{"score":3,"maxScore":9,"error":1},"keyphraseInDescription":{"score":9,"maxScore":9,"error":0},"keyphraseLength":{"score":9,"maxScore":9,"error":0,"length":2},"keyphraseInURL":{"score":1,"maxScore":5,"error":1},"keyphraseInIntroduction":{"score":9,"maxScore":9,"error":0},"keyphraseInSubHeadings":{"score":3,"maxScore":9,"error":1},"keyphraseInImageAlt":{"score":3,"maxScore":9,"error":1},"keywordDensity":{"type":"best","score":9,"maxScore":9,"error":0}}},"additional":[{"keyphrase":"Mes del rosario","score":87,"analysis":{"keyphraseInDescription":{"score":9,"maxScore":9,"error":0},"keyphraseLength":{"score":9,"maxScore":9,"error":0,"length":3},"keyphraseInIntroduction":{"score":3,"maxScore":9,"error":1},"keyphraseInImageAlt":{"score":9,"maxScore":9,"error":0},"keywordDensity":{"type":"best","score":9,"maxScore":9,"error":0}}},{"keyphrase":"tradici\u00f3n","score":73,"analysis":{"keyphraseInDescription":{"score":9,"maxScore":9,"error":0},"keyphraseLength":{"score":9,"maxScore":9,"error":0,"length":2},"keyphraseInIntroduction":{"score":3,"maxScore":9,"error":1},"keyphraseInImageAlt":{"score":3,"maxScore":9,"error":1},"keywordDensity":{"type":"best","score":9,"maxScore":9,"error":0}}}]},"primary_term":null,"canonical_url":null,"og_title":null,"og_description":null,"og_object_type":"default","og_image_type":"default","og_image_url":null,"og_image_width":null,"og_image_height":null,"og_image_custom_url":null,"og_image_custom_fields":null,"og_video":"","og_custom_url":null,"og_article_section":null,"og_article_tags":null,"twitter_use_og":false,"twitter_card":"default","twitter_image_type":"default","twitter_image_url":null,"twitter_image_custom_url":null,"twitter_image_custom_fields":null,"twitter_title":null,"twitter_description":null,"schema":{"blockGraphs":[],"customGraphs":[],"default":{"data":{"Article":[],"Course":[],"Dataset":[],"FAQPage":[],"Movie":[],"Person":[],"Product":[],"ProductReview":[],"Car":[],"Recipe":[],"Service":[],"SoftwareApplication":[],"WebPage":[]},"graphName":"none","isEnabled":true},"graphs":[]},"schema_type":"default","schema_type_options":null,"pillar_content":false,"robots_default":true,"robots_noindex":false,"robots_noarchive":false,"robots_nosnippet":false,"robots_nofollow":false,"robots_noimageindex":false,"robots_noodp":false,"robots_notranslate":false,"robots_max_snippet":"-1","robots_max_videopreview":"-1","robots_max_imagepreview":"large","priority":null,"frequency":"default","local_seo":null,"seo_analyzer_scan_date":"2025-10-09 08:43:36","breadcrumb_settings":null,"limit_modified_date":false,"reviewed_by":"0","open_ai":null,"ai":{"faqs":[],"keyPoints":[],"titles":[],"descriptions":[],"socialPosts":{"email":[],"linkedin":[],"twitter":[],"facebook":[],"instagram":[]}},"created":"2025-09-19 20:05:00","updated":"2026-02-05 05:42:33"},"aioseo_breadcrumb":"<div class=\"aioseo-breadcrumbs\"><span class=\"aioseo-breadcrumb\">\n\t<a href=\"https:\/\/soymigrante.com\/revista\" title=\"Home\">Home<\/a>\n<\/span><span class=\"aioseo-breadcrumb-separator\">\u00bb<\/span><span class=\"aioseo-breadcrumb\">\n\t<a href=\"https:\/\/soymigrante.com\/revista\/category\/guate-nuestra\/\" title=\"Guate Nuestra\">Guate Nuestra<\/a>\n<\/span><span class=\"aioseo-breadcrumb-separator\">\u00bb<\/span><span class=\"aioseo-breadcrumb\">\n\tMes de Octubre dedicado a la Patrona del Rosario es una devoci\u00f3n muy guatemalteca\n<\/span><\/div>","aioseo_breadcrumb_json":[{"label":"Home","link":"https:\/\/soymigrante.com\/revista"},{"label":"Guate Nuestra","link":"https:\/\/soymigrante.com\/revista\/category\/guate-nuestra\/"},{"label":"Mes de Octubre dedicado a la Patrona del Rosario es una devoci\u00f3n muy guatemalteca","link":"https:\/\/soymigrante.com\/revista\/mes-de-octubre-dedicado-a-la-patrona-del-rosario-es-una-devocion-muy-guatemalteca\/"}],"_links":{"self":[{"href":"https:\/\/soymigrante.com\/revista\/wp-json\/wp\/v2\/posts\/45506","targetHints":{"allow":["GET"]}}],"collection":[{"href":"https:\/\/soymigrante.com\/revista\/wp-json\/wp\/v2\/posts"}],"about":[{"href":"https:\/\/soymigrante.com\/revista\/wp-json\/wp\/v2\/types\/post"}],"author":[{"embeddable":true,"href":"https:\/\/soymigrante.com\/revista\/wp-json\/wp\/v2\/users\/19"}],"replies":[{"embeddable":true,"href":"https:\/\/soymigrante.com\/revista\/wp-json\/wp\/v2\/comments?post=45506"}],"version-history":[{"count":15,"href":"https:\/\/soymigrante.com\/revista\/wp-json\/wp\/v2\/posts\/45506\/revisions"}],"predecessor-version":[{"id":45559,"href":"https:\/\/soymigrante.com\/revista\/wp-json\/wp\/v2\/posts\/45506\/revisions\/45559"}],"wp:featuredmedia":[{"embeddable":true,"href":"https:\/\/soymigrante.com\/revista\/wp-json\/wp\/v2\/media\/45507"}],"wp:attachment":[{"href":"https:\/\/soymigrante.com\/revista\/wp-json\/wp\/v2\/media?parent=45506"}],"wp:term":[{"taxonomy":"category","embeddable":true,"href":"https:\/\/soymigrante.com\/revista\/wp-json\/wp\/v2\/categories?post=45506"},{"taxonomy":"post_tag","embeddable":true,"href":"https:\/\/soymigrante.com\/revista\/wp-json\/wp\/v2\/tags?post=45506"}],"curies":[{"name":"wp","href":"https:\/\/api.w.org\/{rel}","templated":true}]}}