{"id":45489,"date":"2025-09-24T06:00:00","date_gmt":"2025-09-24T12:00:00","guid":{"rendered":"https:\/\/soymigrante.com\/revista\/?p=45489"},"modified":"2025-09-23T21:38:26","modified_gmt":"2025-09-24T03:38:26","slug":"mira-arte-guatemalteco-roberto-cabrera-padilla-reflejo-las-caras-y-dramas-de-guatemala","status":"publish","type":"post","link":"https:\/\/soymigrante.com\/revista\/mira-arte-guatemalteco-roberto-cabrera-padilla-reflejo-las-caras-y-dramas-de-guatemala\/","title":{"rendered":"Mira arte guatemalteco: Roberto Cabrera Padilla reflej\u00f3 las caras y dramas de Guatemala"},"content":{"rendered":"\t\t<div data-elementor-type=\"wp-post\" data-elementor-id=\"45489\" class=\"elementor elementor-45489\" data-elementor-post-type=\"post\">\n\t\t\t\t<div data-particle_enable=\"false\" data-particle-mobile-disabled=\"false\" class=\"elementor-element elementor-element-7d37ed0 e-flex e-con-boxed e-con e-parent\" data-id=\"7d37ed0\" data-element_type=\"container\" data-e-type=\"container\">\n\t\t\t\t\t<div class=\"e-con-inner\">\n\t\t\t\t<div class=\"elementor-element elementor-element-d11ae94 elementor-widget elementor-widget-heading\" data-id=\"d11ae94\" data-element_type=\"widget\" data-e-type=\"widget\" data-widget_type=\"heading.default\">\n\t\t\t\t\t<h2 class=\"elementor-heading-title elementor-size-default\">Roberto Cabrera Padilla (1939-2014) le dio relieve a la pintura y le integr\u00f3 elementos como prendas, tornillos, clavos, rostros moldeados y hasta balas, en el intento de denunciar la violencia pol\u00edtica.<\/h2>\t\t\t\t<\/div>\n\t\t\t\t\t<\/div>\n\t\t\t\t<\/div>\n\t\t<div data-particle_enable=\"false\" data-particle-mobile-disabled=\"false\" class=\"elementor-element elementor-element-870cb30 e-flex e-con-boxed e-con e-parent\" data-id=\"870cb30\" data-element_type=\"container\" data-e-type=\"container\">\n\t\t\t\t\t<div class=\"e-con-inner\">\n\t\t\t\t<div class=\"elementor-element elementor-element-4463a0f elementor-widget elementor-widget-text-editor\" data-id=\"4463a0f\" data-element_type=\"widget\" data-e-type=\"widget\" data-widget_type=\"text-editor.default\">\n\t\t\t\t\t\t\t\t\t<p>Roberto Cabrera Padilla (1939-2014) <a href=\"https:\/\/galeriaproarte.com\/?member=roberto-cabrera\" target=\"_blank\" rel=\"noopener\">fue uno de los artistas pl\u00e1sticos m\u00e1s destacados de Guatemala.<\/a> Pintor, escultor, grabador, investigador, cr\u00edtico de arte y docente, Cabrera dej\u00f3 una huella profunda en la cultura nacional gracias a su creatividad, compromiso social y su capacidad para fusionar t\u00e9cnica con denuncia y exploraci\u00f3n hist\u00f3rica.<\/p><p>Era un gran investigador de nuevas vanguardias art\u00edsticas y por eso mismo experimentaba sin cesar. Fue as\u00ed como sus obras saltaron desde el cuadro, con relieves agregados de diversos materiales.<\/p>\t\t\t\t\t\t\t\t<\/div>\n\t\t\t\t\t<\/div>\n\t\t\t\t<\/div>\n\t\t<div data-particle_enable=\"false\" data-particle-mobile-disabled=\"false\" class=\"elementor-element elementor-element-fd679f8 e-flex e-con-boxed e-con e-parent\" data-id=\"fd679f8\" data-element_type=\"container\" data-e-type=\"container\">\n\t\t\t\t\t<div class=\"e-con-inner\">\n\t\t\t\t<div class=\"elementor-element elementor-element-5914060 elementor-widget elementor-widget-image\" data-id=\"5914060\" data-element_type=\"widget\" data-e-type=\"widget\" data-widget_type=\"image.default\">\n\t\t\t\t\t\t\t\t\t\t\t\t<figure class=\"wp-caption\">\n\t\t\t\t\t\t\t\t\t\t<img fetchpriority=\"high\" decoding=\"async\" width=\"510\" height=\"534\" src=\"https:\/\/soymigrante.com\/revista\/wp-content\/uploads\/2025\/09\/roberto-cabrera-2.jpg\" class=\"attachment-large size-large wp-image-45499\" alt=\"Roberto Cabrera fue reconocido por su arte y por mostrar la cosmovisi\u00f3n maya, as\u00ed como denunciar la violencia, el racismo y la intolerancia pol\u00edtica del conflicto armado.\" srcset=\"https:\/\/soymigrante.com\/revista\/wp-content\/uploads\/2025\/09\/roberto-cabrera-2.jpg 510w, https:\/\/soymigrante.com\/revista\/wp-content\/uploads\/2025\/09\/roberto-cabrera-2-287x300.jpg 287w\" sizes=\"(max-width: 510px) 100vw, 510px\" title=\"Roberto Cabrera fue reconocido por su arte y por mostrar la cosmovisi\u00f3n maya, as\u00ed como denunciar la violencia, el racismo y la intolerancia pol\u00edtica del conflicto armado. \u2013 SoyMigrante.com REVISTA\" \/>\t\t\t\t\t\t\t\t\t\t\t<figcaption class=\"widget-image-caption wp-caption-text\">Roberto Cabrera fue reconocido por su arte y por mostrar la cosmovisi\u00f3n maya, as\u00ed como denunciar la violencia, el racismo y la intolerancia pol\u00edtica del conflicto armado.<\/figcaption>\n\t\t\t\t\t\t\t\t\t\t<\/figure>\n\t\t\t\t\t\t\t\t\t<\/div>\n\t\t\t\t\t<\/div>\n\t\t\t\t<\/div>\n\t\t<div data-particle_enable=\"false\" data-particle-mobile-disabled=\"false\" class=\"elementor-element elementor-element-59e7bb0 e-flex e-con-boxed e-con e-parent\" data-id=\"59e7bb0\" data-element_type=\"container\" data-e-type=\"container\">\n\t\t\t\t\t<div class=\"e-con-inner\">\n\t\t\t\t<div class=\"elementor-element elementor-element-9b94fe1 elementor-widget elementor-widget-heading\" data-id=\"9b94fe1\" data-element_type=\"widget\" data-e-type=\"widget\" data-widget_type=\"heading.default\">\n\t\t\t\t\t<h3 class=\"elementor-heading-title elementor-size-default\">Vida y obra<\/h3>\t\t\t\t<\/div>\n\t\t\t\t\t<\/div>\n\t\t\t\t<\/div>\n\t\t<div data-particle_enable=\"false\" data-particle-mobile-disabled=\"false\" class=\"elementor-element elementor-element-e82fdaf e-flex e-con-boxed e-con e-parent\" data-id=\"e82fdaf\" data-element_type=\"container\" data-e-type=\"container\">\n\t\t\t\t\t<div class=\"e-con-inner\">\n\t\t\t\t<div class=\"elementor-element elementor-element-a9b642d elementor-widget elementor-widget-text-editor\" data-id=\"a9b642d\" data-element_type=\"widget\" data-e-type=\"widget\" data-widget_type=\"text-editor.default\">\n\t\t\t\t\t\t\t\t\t<div>Naci\u00f3 en la Ciudad de Guatemala, en 1939.\u00a0 \u00a0<\/div><div>Estudi\u00f3 en la Escuela Nacional de Artes Pl\u00e1sticas de Guatemala de 1953 a 1959.\u00a0 \u00a0<\/div><div>Fue uno de los fundadores del Grupo V\u00e9rtebra junto con \u00c9lmar Ren\u00e9 Rojas y Marco Augusto Quiroa, en la d\u00e9cada de los sesenta. Este grupo se caracteriz\u00f3 por innovar en la pintura guatemalteca, incorporando nuevas t\u00e9cnicas y temas.\u00a0 \u00a0<\/div>\t\t\t\t\t\t\t\t<\/div>\n\t\t\t\t\t<\/div>\n\t\t\t\t<\/div>\n\t\t<div data-particle_enable=\"false\" data-particle-mobile-disabled=\"false\" class=\"elementor-element elementor-element-8563db5 e-flex e-con-boxed e-con e-parent\" data-id=\"8563db5\" data-element_type=\"container\" data-e-type=\"container\">\n\t\t\t\t\t<div class=\"e-con-inner\">\n\t\t\t\t<div class=\"elementor-element elementor-element-a333bad elementor-widget elementor-widget-image\" data-id=\"a333bad\" data-element_type=\"widget\" data-e-type=\"widget\" data-widget_type=\"image.default\">\n\t\t\t\t\t\t\t\t\t\t\t\t<figure class=\"wp-caption\">\n\t\t\t\t\t\t\t\t\t\t<img decoding=\"async\" width=\"1024\" height=\"691\" src=\"https:\/\/soymigrante.com\/revista\/wp-content\/uploads\/2025\/09\/serie-homenaje-a-simon-de-roberto-cabrera-padilla-1024x691.jpg\" class=\"attachment-large size-large wp-image-45857\" alt=\"La serie Homenaje a Sim\u00f3n de Roberto Cabrera Padilla evocaba a m\u00faltiples v\u00edctimas de la violencia del conflicto armado interno, que eran encontradas sin ropa, atados y sin identificar. Un desafiante montaje que a\u00fan sigue reflejando los horrores de la intolerancia.\" srcset=\"https:\/\/soymigrante.com\/revista\/wp-content\/uploads\/2025\/09\/serie-homenaje-a-simon-de-roberto-cabrera-padilla-1024x691.jpg 1024w, https:\/\/soymigrante.com\/revista\/wp-content\/uploads\/2025\/09\/serie-homenaje-a-simon-de-roberto-cabrera-padilla-300x203.jpg 300w, https:\/\/soymigrante.com\/revista\/wp-content\/uploads\/2025\/09\/serie-homenaje-a-simon-de-roberto-cabrera-padilla-768x518.jpg 768w, https:\/\/soymigrante.com\/revista\/wp-content\/uploads\/2025\/09\/serie-homenaje-a-simon-de-roberto-cabrera-padilla-1536x1037.jpg 1536w, https:\/\/soymigrante.com\/revista\/wp-content\/uploads\/2025\/09\/serie-homenaje-a-simon-de-roberto-cabrera-padilla-750x506.jpg 750w, https:\/\/soymigrante.com\/revista\/wp-content\/uploads\/2025\/09\/serie-homenaje-a-simon-de-roberto-cabrera-padilla-1140x770.jpg 1140w, https:\/\/soymigrante.com\/revista\/wp-content\/uploads\/2025\/09\/serie-homenaje-a-simon-de-roberto-cabrera-padilla.jpg 1600w\" sizes=\"(max-width: 1024px) 100vw, 1024px\" title=\"La serie Homenaje a Sim\u00f3n de Roberto Cabrera Padilla evocaba a m\u00faltiples v\u00edctimas de la violencia del conflicto armado interno, que eran encontradas sin ropa, atados y sin identificar. Un desafiante montaje que a\u00fan sigue reflejando los horrores de la intolerancia. \u2013 SoyMigrante.com REVISTA\" \/>\t\t\t\t\t\t\t\t\t\t\t<figcaption class=\"widget-image-caption wp-caption-text\">La serie Homenaje a Sim\u00f3n de Roberto Cabrera Padilla evocaba a m\u00faltiples v\u00edctimas de la violencia del conflicto armado interno, que eran encontradas sin ropa, atados y sin identificar. Un desafiante montaje que a\u00fan sigue reflejando los horrores de la intolerancia.<\/figcaption>\n\t\t\t\t\t\t\t\t\t\t<\/figure>\n\t\t\t\t\t\t\t\t\t<\/div>\n\t\t\t\t\t<\/div>\n\t\t\t\t<\/div>\n\t\t<div data-particle_enable=\"false\" data-particle-mobile-disabled=\"false\" class=\"elementor-element elementor-element-a0f2135 e-flex e-con-boxed e-con e-parent\" data-id=\"a0f2135\" data-element_type=\"container\" data-e-type=\"container\">\n\t\t\t\t\t<div class=\"e-con-inner\">\n\t\t\t\t<div class=\"elementor-element elementor-element-acb162b elementor-widget elementor-widget-text-editor\" data-id=\"acb162b\" data-element_type=\"widget\" data-e-type=\"widget\" data-widget_type=\"text-editor.default\">\n\t\t\t\t\t\t\t\t\t<div>Experiment\u00f3 con t\u00e9cnicas como el collage y la pintura mat\u00e9rica, integrando elementos como arena, serr\u00edn, vidrio, yeso, y utilizando recursos como cortes, perforaciones y desgarramientos sobre el lienzo.\u00a0 \u00a0<\/div><div>Tem\u00e1ticamente, <a href=\"https:\/\/galeriaproarte.com\/?member=roberto-cabrera\" target=\"_blank\" rel=\"noopener\">su obra abord\u00f3 la cosmovisi\u00f3n maya, los aspectos hist\u00f3ricos de Guatemala, as\u00ed como los impactos del conflicto armado interno<\/a> (1960-1996). Tambi\u00e9n fue incisivo en su mirada social, utilizando el arte como medio para reflexionar sobre la identidad, la memoria y las injusticias.\u00a0 \u00a0<\/div><div>Fue docente en varias instituciones, incluyendo la Facultad de Arquitectura de la Universidad de San Carlos de Guatemala (USAC), y tambi\u00e9n en Costa Rica. Adem\u00e1s, trabaj\u00f3 como investigador en historia y antropolog\u00eda del arte.\u00a0 \u00a0<\/div>\t\t\t\t\t\t\t\t<\/div>\n\t\t\t\t\t<\/div>\n\t\t\t\t<\/div>\n\t\t<div data-particle_enable=\"false\" data-particle-mobile-disabled=\"false\" class=\"elementor-element elementor-element-dd630fa e-flex e-con-boxed e-con e-parent\" data-id=\"dd630fa\" data-element_type=\"container\" data-e-type=\"container\">\n\t\t\t\t\t<div class=\"e-con-inner\">\n\t\t\t\t<div class=\"elementor-element elementor-element-a01eb0a elementor-widget elementor-widget-image\" data-id=\"a01eb0a\" data-element_type=\"widget\" data-e-type=\"widget\" data-widget_type=\"image.default\">\n\t\t\t\t\t\t\t\t\t\t\t\t<figure class=\"wp-caption\">\n\t\t\t\t\t\t\t\t\t\t<img decoding=\"async\" width=\"1024\" height=\"766\" src=\"https:\/\/soymigrante.com\/revista\/wp-content\/uploads\/2025\/09\/pinturas-roberto-cabrera-1024x766.jpg\" class=\"attachment-large size-large wp-image-45859\" alt=\"Pinturas de Roberto Cabrera Padilla en las cuales muestra la colisi\u00f3n de ciertas medidas del Estado en contra de los pueblos mayas.\" srcset=\"https:\/\/soymigrante.com\/revista\/wp-content\/uploads\/2025\/09\/pinturas-roberto-cabrera-1024x766.jpg 1024w, https:\/\/soymigrante.com\/revista\/wp-content\/uploads\/2025\/09\/pinturas-roberto-cabrera-300x225.jpg 300w, https:\/\/soymigrante.com\/revista\/wp-content\/uploads\/2025\/09\/pinturas-roberto-cabrera-768x575.jpg 768w, https:\/\/soymigrante.com\/revista\/wp-content\/uploads\/2025\/09\/pinturas-roberto-cabrera-750x561.jpg 750w, https:\/\/soymigrante.com\/revista\/wp-content\/uploads\/2025\/09\/pinturas-roberto-cabrera-1140x853.jpg 1140w, https:\/\/soymigrante.com\/revista\/wp-content\/uploads\/2025\/09\/pinturas-roberto-cabrera.jpg 1280w\" sizes=\"(max-width: 1024px) 100vw, 1024px\" title=\"Pinturas de Roberto Cabrera Padilla en las cuales muestra la colisi\u00f3n de ciertas medidas del Estado en contra de los pueblos mayas. \u2013 SoyMigrante.com REVISTA\" \/>\t\t\t\t\t\t\t\t\t\t\t<figcaption class=\"widget-image-caption wp-caption-text\">Pinturas de Roberto Cabrera Padilla en las cuales muestra la colisi\u00f3n de ciertas medidas del Estado en contra de los pueblos mayas.<\/figcaption>\n\t\t\t\t\t\t\t\t\t\t<\/figure>\n\t\t\t\t\t\t\t\t\t<\/div>\n\t\t\t\t\t<\/div>\n\t\t\t\t<\/div>\n\t\t<div data-particle_enable=\"false\" data-particle-mobile-disabled=\"false\" class=\"elementor-element elementor-element-b0de69c e-flex e-con-boxed e-con e-parent\" data-id=\"b0de69c\" data-element_type=\"container\" data-e-type=\"container\">\n\t\t\t\t\t<div class=\"e-con-inner\">\n\t\t\t\t<div class=\"elementor-element elementor-element-e6a3578 elementor-widget elementor-widget-heading\" data-id=\"e6a3578\" data-element_type=\"widget\" data-e-type=\"widget\" data-widget_type=\"heading.default\">\n\t\t\t\t\t<h3 class=\"elementor-heading-title elementor-size-default\">Legado del artista <\/h3>\t\t\t\t<\/div>\n\t\t\t\t\t<\/div>\n\t\t\t\t<\/div>\n\t\t<div data-particle_enable=\"false\" data-particle-mobile-disabled=\"false\" class=\"elementor-element elementor-element-f25acc3 e-flex e-con-boxed e-con e-parent\" data-id=\"f25acc3\" data-element_type=\"container\" data-e-type=\"container\">\n\t\t\t\t\t<div class=\"e-con-inner\">\n\t\t\t\t<div class=\"elementor-element elementor-element-689ef18 elementor-widget elementor-widget-text-editor\" data-id=\"689ef18\" data-element_type=\"widget\" data-e-type=\"widget\" data-widget_type=\"text-editor.default\">\n\t\t\t\t\t\t\t\t\t<div>El legado de Cabrera se puede resumir en varios \u00e1mbitos:<\/div><div><strong>Innovaci\u00f3n t\u00e9cnica:<\/strong> Su uso de la pintura mat\u00e9rica, collage, perforaciones y mezcla con materiales poco tradicionales fortalecieron nuevas posibilidades expresivas dentro del arte guatemalteco.\u00a0 \u00a0<\/div><div>\u00a0<\/div><div><strong>Compromiso social e hist\u00f3rico:<\/strong> <a href=\"https:\/\/galeriaproarte.com\/?member=roberto-cabrera\" target=\"_blank\" rel=\"noopener\">Su obra no solo es est\u00e9tica sino profundamente reflexiva,<\/a> explorando la identidad maya, la memoria hist\u00f3rica del pa\u00eds, los efectos del conflicto armado y las realidades sociales que muchas veces han sido excluidas o marginadas. Esto le dio un valor doble: art\u00edstico y testimonial.\u00a0 \u00a0<\/div>\t\t\t\t\t\t\t\t<\/div>\n\t\t\t\t\t<\/div>\n\t\t\t\t<\/div>\n\t\t<div data-particle_enable=\"false\" data-particle-mobile-disabled=\"false\" class=\"elementor-element elementor-element-1e3b72a e-flex e-con-boxed e-con e-parent\" data-id=\"1e3b72a\" data-element_type=\"container\" data-e-type=\"container\">\n\t\t\t\t\t<div class=\"e-con-inner\">\n\t\t\t\t<div class=\"elementor-element elementor-element-793332a elementor-widget elementor-widget-image\" data-id=\"793332a\" data-element_type=\"widget\" data-e-type=\"widget\" data-widget_type=\"image.default\">\n\t\t\t\t\t\t\t\t\t\t\t\t<figure class=\"wp-caption\">\n\t\t\t\t\t\t\t\t\t\t<img loading=\"lazy\" decoding=\"async\" width=\"1024\" height=\"929\" src=\"https:\/\/soymigrante.com\/revista\/wp-content\/uploads\/2025\/09\/obra-roberto-cabrera-1024x929.jpg\" class=\"attachment-large size-large wp-image-45860\" alt=\"La experimentaci\u00f3n con materiales diversos siempre le dio a la obra de Roberto Cabrera una personalidad propia y un rostro cambiante.\" srcset=\"https:\/\/soymigrante.com\/revista\/wp-content\/uploads\/2025\/09\/obra-roberto-cabrera-1024x929.jpg 1024w, https:\/\/soymigrante.com\/revista\/wp-content\/uploads\/2025\/09\/obra-roberto-cabrera-300x272.jpg 300w, https:\/\/soymigrante.com\/revista\/wp-content\/uploads\/2025\/09\/obra-roberto-cabrera-768x697.jpg 768w, https:\/\/soymigrante.com\/revista\/wp-content\/uploads\/2025\/09\/obra-roberto-cabrera-750x680.jpg 750w, https:\/\/soymigrante.com\/revista\/wp-content\/uploads\/2025\/09\/obra-roberto-cabrera-1140x1034.jpg 1140w, https:\/\/soymigrante.com\/revista\/wp-content\/uploads\/2025\/09\/obra-roberto-cabrera.jpg 1268w\" sizes=\"(max-width: 1024px) 100vw, 1024px\" title=\"La experimentaci\u00f3n con materiales diversos siempre le dio a la obra de Roberto Cabrera una personalidad propia y un rostro cambiante. \u2013 SoyMigrante.com REVISTA\" \/>\t\t\t\t\t\t\t\t\t\t\t<figcaption class=\"widget-image-caption wp-caption-text\">La experimentaci\u00f3n con materiales diversos siempre le dio a la obra de Roberto Cabrera una personalidad propia y un rostro cambiante.<\/figcaption>\n\t\t\t\t\t\t\t\t\t\t<\/figure>\n\t\t\t\t\t\t\t\t\t<\/div>\n\t\t\t\t\t<\/div>\n\t\t\t\t<\/div>\n\t\t<div data-particle_enable=\"false\" data-particle-mobile-disabled=\"false\" class=\"elementor-element elementor-element-f55ec8a e-flex e-con-boxed e-con e-parent\" data-id=\"f55ec8a\" data-element_type=\"container\" data-e-type=\"container\">\n\t\t\t\t\t<div class=\"e-con-inner\">\n\t\t\t\t<div class=\"elementor-element elementor-element-7a259ba elementor-widget elementor-widget-text-editor\" data-id=\"7a259ba\" data-element_type=\"widget\" data-e-type=\"widget\" data-widget_type=\"text-editor.default\">\n\t\t\t\t\t\t\t\t\t<div><strong>Preservaci\u00f3n de identidad:<\/strong> Al incorporar elementos de la cosmovisi\u00f3n maya y trabajar con la historia guatemalteca, contribuy\u00f3 a mantener vivas narrativas ind\u00edgenas, culturales y colectivas en un contexto donde muchas veces estos temas son subvalorados.<br \/><br \/>Su hija, Irina Cabrera, escribi\u00f3 sobre \u00e9l en 2023: &#8220;Siempre trabaj\u00f3 para dejar su legado y ense\u00f1ar a las nuevas generaciones que el arte abarca muchas facetas y diferentes perspectivas que uno puede plasmar junto con las vivencias acumuladas con el transcurrir del tiempo&#8221;. <a href=\"https:\/\/www.facebook.com\/share\/p\/19uCctWMCY\/\">Si desea leer el post completo en Facebook puede hacer clic aqu\u00ed.<span style=\"color: #080809;\"><span style=\"white-space-collapse: preserve;\">\u00a0<\/span><\/span><\/a><\/div><div style=\"overflow-wrap: break-word; white-space-collapse: preserve; margin-top: 0.5em; margin-inline: 0px; font-family: 'Segoe UI Historic', 'Segoe UI', Helvetica, Arial, sans-serif; color: #080809; font-size: 15px; font-style: normal; font-variant-ligatures: normal; font-variant-caps: normal; font-weight: 400;\">\u00a0<\/div>\t\t\t\t\t\t\t\t<\/div>\n\t\t\t\t\t<\/div>\n\t\t\t\t<\/div>\n\t\t<div data-particle_enable=\"false\" data-particle-mobile-disabled=\"false\" class=\"elementor-element elementor-element-bc69349 e-flex e-con-boxed e-con e-parent\" data-id=\"bc69349\" data-element_type=\"container\" data-e-type=\"container\">\n\t\t\t\t\t<div class=\"e-con-inner\">\n\t\t\t\t<div class=\"elementor-element elementor-element-0cba7a6 elementor-widget elementor-widget-image\" data-id=\"0cba7a6\" data-element_type=\"widget\" data-e-type=\"widget\" data-widget_type=\"image.default\">\n\t\t\t\t\t\t\t\t\t\t\t\t<figure class=\"wp-caption\">\n\t\t\t\t\t\t\t\t\t\t<img loading=\"lazy\" decoding=\"async\" width=\"1024\" height=\"768\" src=\"https:\/\/soymigrante.com\/revista\/wp-content\/uploads\/2025\/09\/465790004_10234705211799688_3265469689100697316_n-1024x768.jpg\" class=\"attachment-large size-large wp-image-45864\" alt=\"Roberto Cabrera sol\u00eda hacer extensas investigaciones en el \u00e1rea de Atitl\u00e1n, aqu\u00ed junto al artista Benvenuto Chavajay.\" srcset=\"https:\/\/soymigrante.com\/revista\/wp-content\/uploads\/2025\/09\/465790004_10234705211799688_3265469689100697316_n-1024x768.jpg 1024w, https:\/\/soymigrante.com\/revista\/wp-content\/uploads\/2025\/09\/465790004_10234705211799688_3265469689100697316_n-300x225.jpg 300w, https:\/\/soymigrante.com\/revista\/wp-content\/uploads\/2025\/09\/465790004_10234705211799688_3265469689100697316_n-768x576.jpg 768w, https:\/\/soymigrante.com\/revista\/wp-content\/uploads\/2025\/09\/465790004_10234705211799688_3265469689100697316_n-1536x1152.jpg 1536w, https:\/\/soymigrante.com\/revista\/wp-content\/uploads\/2025\/09\/465790004_10234705211799688_3265469689100697316_n-750x563.jpg 750w, https:\/\/soymigrante.com\/revista\/wp-content\/uploads\/2025\/09\/465790004_10234705211799688_3265469689100697316_n-1140x855.jpg 1140w, https:\/\/soymigrante.com\/revista\/wp-content\/uploads\/2025\/09\/465790004_10234705211799688_3265469689100697316_n.jpg 2048w\" sizes=\"(max-width: 1024px) 100vw, 1024px\" title=\"Roberto Cabrera sol\u00eda hacer extensas investigaciones en el \u00e1rea de Atitl\u00e1n, aqu\u00ed junto al artista Benvenuto Chavajay. \u2013 SoyMigrante.com REVISTA\" \/>\t\t\t\t\t\t\t\t\t\t\t<figcaption class=\"widget-image-caption wp-caption-text\">Roberto Cabrera sol\u00eda hacer extensas investigaciones en el \u00e1rea de Atitl\u00e1n, aqu\u00ed junto al artista Benvenuto Chavajay.<\/figcaption>\n\t\t\t\t\t\t\t\t\t\t<\/figure>\n\t\t\t\t\t\t\t\t\t<\/div>\n\t\t\t\t\t<\/div>\n\t\t\t\t<\/div>\n\t\t<div data-particle_enable=\"false\" data-particle-mobile-disabled=\"false\" class=\"elementor-element elementor-element-e1e6ef1 e-flex e-con-boxed e-con e-parent\" data-id=\"e1e6ef1\" data-element_type=\"container\" data-e-type=\"container\">\n\t\t\t\t\t<div class=\"e-con-inner\">\n\t\t\t\t<div class=\"elementor-element elementor-element-8c6b102 elementor-widget elementor-widget-heading\" data-id=\"8c6b102\" data-element_type=\"widget\" data-e-type=\"widget\" data-widget_type=\"heading.default\">\n\t\t\t\t\t<h3 class=\"elementor-heading-title elementor-size-default\">Fallecimiento<\/h3>\t\t\t\t<\/div>\n\t\t\t\t\t<\/div>\n\t\t\t\t<\/div>\n\t\t<div data-particle_enable=\"false\" data-particle-mobile-disabled=\"false\" class=\"elementor-element elementor-element-d2a775c e-flex e-con-boxed e-con e-parent\" data-id=\"d2a775c\" data-element_type=\"container\" data-e-type=\"container\">\n\t\t\t\t\t<div class=\"e-con-inner\">\n\t\t\t\t<div class=\"elementor-element elementor-element-b588ff5 elementor-widget elementor-widget-text-editor\" data-id=\"b588ff5\" data-element_type=\"widget\" data-e-type=\"widget\" data-widget_type=\"text-editor.default\">\n\t\t\t\t\t\t\t\t\t<p>Roberto Cabrera falleci\u00f3 el 23 de julio de 2014 en la Ciudad de Guatemala, a los 75 a\u00f1os de edad. <br \/>La causa de su muerte fue una afecci\u00f3n renal. Medios period\u00edsticos reportan que\u00a0\u00a0fue trasladado al Instituto Guatemalteco de Seguridad Social (IGSS) aunque no ten\u00eda cobertura, se le atendi\u00f3 pero falleci\u00f3 pocos d\u00edas despu\u00e9s.<\/p>\t\t\t\t\t\t\t\t<\/div>\n\t\t\t\t\t<\/div>\n\t\t\t\t<\/div>\n\t\t<div data-particle_enable=\"false\" data-particle-mobile-disabled=\"false\" class=\"elementor-element elementor-element-fb94dee e-flex e-con-boxed e-con e-parent\" data-id=\"fb94dee\" data-element_type=\"container\" data-e-type=\"container\">\n\t\t\t\t\t<div class=\"e-con-inner\">\n\t\t\t\t<div class=\"elementor-element elementor-element-13f6efe elementor-widget elementor-widget-image\" data-id=\"13f6efe\" data-element_type=\"widget\" data-e-type=\"widget\" data-widget_type=\"image.default\">\n\t\t\t\t\t\t\t\t\t\t\t\t<figure class=\"wp-caption\">\n\t\t\t\t\t\t\t\t\t\t<img loading=\"lazy\" decoding=\"async\" width=\"791\" height=\"1024\" src=\"https:\/\/soymigrante.com\/revista\/wp-content\/uploads\/2025\/09\/514485908_10162104386071378_9074500082147448930_n-791x1024.jpg\" class=\"attachment-large size-large wp-image-45865\" alt=\"Rostros, prendas y otros materiales se incrustaron en las pinturas de Roberto Cabrera y a la vez le saltan a la vista al observador.\" srcset=\"https:\/\/soymigrante.com\/revista\/wp-content\/uploads\/2025\/09\/514485908_10162104386071378_9074500082147448930_n-791x1024.jpg 791w, https:\/\/soymigrante.com\/revista\/wp-content\/uploads\/2025\/09\/514485908_10162104386071378_9074500082147448930_n-232x300.jpg 232w, https:\/\/soymigrante.com\/revista\/wp-content\/uploads\/2025\/09\/514485908_10162104386071378_9074500082147448930_n-768x994.jpg 768w, https:\/\/soymigrante.com\/revista\/wp-content\/uploads\/2025\/09\/514485908_10162104386071378_9074500082147448930_n-1186x1536.jpg 1186w, https:\/\/soymigrante.com\/revista\/wp-content\/uploads\/2025\/09\/514485908_10162104386071378_9074500082147448930_n-750x971.jpg 750w, https:\/\/soymigrante.com\/revista\/wp-content\/uploads\/2025\/09\/514485908_10162104386071378_9074500082147448930_n-1140x1476.jpg 1140w, https:\/\/soymigrante.com\/revista\/wp-content\/uploads\/2025\/09\/514485908_10162104386071378_9074500082147448930_n.jpg 1486w\" sizes=\"(max-width: 791px) 100vw, 791px\" title=\"Rostros, prendas y otros materiales se incrustaron en las pinturas de Roberto Cabrera y a la vez le saltan a la vista al observador. \u2013 SoyMigrante.com REVISTA\" \/>\t\t\t\t\t\t\t\t\t\t\t<figcaption class=\"widget-image-caption wp-caption-text\">Rostros, prendas y otros materiales se incrustaron en las pinturas de Roberto Cabrera y a la vez le saltan a la vista al observador.<\/figcaption>\n\t\t\t\t\t\t\t\t\t\t<\/figure>\n\t\t\t\t\t\t\t\t\t<\/div>\n\t\t\t\t\t<\/div>\n\t\t\t\t<\/div>\n\t\t<div data-particle_enable=\"false\" data-particle-mobile-disabled=\"false\" class=\"elementor-element elementor-element-fe610cc e-flex e-con-boxed e-con e-parent\" data-id=\"fe610cc\" data-element_type=\"container\" data-e-type=\"container\">\n\t\t\t\t\t<div class=\"e-con-inner\">\n\t\t\t\t<div class=\"elementor-element elementor-element-acf1829 elementor-widget elementor-widget-text-editor\" data-id=\"acf1829\" data-element_type=\"widget\" data-e-type=\"widget\" data-widget_type=\"text-editor.default\">\n\t\t\t\t\t\t\t\t\t<p><a href=\"https:\/\/galeriaproarte.com\/?member=roberto-cabrera\" target=\"_blank\" rel=\"noopener\">El desenlace de su vida quiz\u00e1 cort\u00f3 bruscamente una carrera de notable riqueza est\u00e9tica e intelectual<\/a>, pero el trabajo de Roberto Cabrera sigue vigente: en exposiciones retrospectivas, en el recuerdo de sus alumnos y colegas, en los an\u00e1lisis sobre arte guatemalteco y en la cultura que contin\u00faa reconociendo la importancia de su obra como puente entre historia, identidad y expresi\u00f3n art\u00edstica.<\/p>\t\t\t\t\t\t\t\t<\/div>\n\t\t\t\t\t<\/div>\n\t\t\t\t<\/div>\n\t\t<div data-particle_enable=\"false\" data-particle-mobile-disabled=\"false\" class=\"elementor-element elementor-element-389fe08 e-flex e-con-boxed e-con e-parent\" data-id=\"389fe08\" data-element_type=\"container\" data-e-type=\"container\">\n\t\t\t\t\t<div class=\"e-con-inner\">\n\t\t\t\t<div class=\"elementor-element elementor-element-02e1590 elementor-widget elementor-widget-image\" data-id=\"02e1590\" data-element_type=\"widget\" data-e-type=\"widget\" data-widget_type=\"image.default\">\n\t\t\t\t\t\t\t\t\t\t\t\t<figure class=\"wp-caption\">\n\t\t\t\t\t\t\t\t\t\t<img loading=\"lazy\" decoding=\"async\" width=\"734\" height=\"1024\" src=\"https:\/\/soymigrante.com\/revista\/wp-content\/uploads\/2025\/09\/roberto-cabrera-4-734x1024.jpg\" class=\"attachment-large size-large wp-image-45501\" alt=\"Roberto Cabrera mostraba la desigualdad que se vivia en Guatemala.\" srcset=\"https:\/\/soymigrante.com\/revista\/wp-content\/uploads\/2025\/09\/roberto-cabrera-4-734x1024.jpg 734w, https:\/\/soymigrante.com\/revista\/wp-content\/uploads\/2025\/09\/roberto-cabrera-4-215x300.jpg 215w, https:\/\/soymigrante.com\/revista\/wp-content\/uploads\/2025\/09\/roberto-cabrera-4-768x1071.jpg 768w, https:\/\/soymigrante.com\/revista\/wp-content\/uploads\/2025\/09\/roberto-cabrera-4-1101x1536.jpg 1101w, https:\/\/soymigrante.com\/revista\/wp-content\/uploads\/2025\/09\/roberto-cabrera-4-750x1046.jpg 750w, https:\/\/soymigrante.com\/revista\/wp-content\/uploads\/2025\/09\/roberto-cabrera-4-1140x1590.jpg 1140w, https:\/\/soymigrante.com\/revista\/wp-content\/uploads\/2025\/09\/roberto-cabrera-4.jpg 1147w\" sizes=\"(max-width: 734px) 100vw, 734px\" title=\"Roberto Cabrera mostraba la desigualdad que se vivia en Guatemala. \u2013 SoyMigrante.com REVISTA\" \/>\t\t\t\t\t\t\t\t\t\t\t<figcaption class=\"widget-image-caption wp-caption-text\">Roberto Cabrera mostraba la desigualdad que se vivia en Guatemala. <\/figcaption>\n\t\t\t\t\t\t\t\t\t\t<\/figure>\n\t\t\t\t\t\t\t\t\t<\/div>\n\t\t\t\t\t<\/div>\n\t\t\t\t<\/div>\n\t\t<div data-particle_enable=\"false\" data-particle-mobile-disabled=\"false\" class=\"elementor-element elementor-element-b1739a6 e-flex e-con-boxed e-con e-parent\" data-id=\"b1739a6\" data-element_type=\"container\" data-e-type=\"container\">\n\t\t\t\t\t<div class=\"e-con-inner\">\n\t\t\t\t<div class=\"elementor-element elementor-element-c158e47 elementor-widget elementor-widget-heading\" data-id=\"c158e47\" data-element_type=\"widget\" data-e-type=\"widget\" data-widget_type=\"heading.default\">\n\t\t\t\t\t<h2 class=\"elementor-heading-title elementor-size-default\">Mira m\u00e1s arte guatemalteco<\/h2>\t\t\t\t<\/div>\n\t\t\t\t\t<\/div>\n\t\t\t\t<\/div>\n\t\t<div data-particle_enable=\"false\" data-particle-mobile-disabled=\"false\" class=\"elementor-element elementor-element-01f2e0b e-flex e-con-boxed e-con e-parent\" data-id=\"01f2e0b\" data-element_type=\"container\" data-e-type=\"container\">\n\t\t\t\t\t<div class=\"e-con-inner\">\n\t\t\t\t<div class=\"elementor-element elementor-element-87cb4c3 elementor-grid-eael-col-3 elementor-grid-tablet-eael-col-2 elementor-grid-mobile-eael-col-1 elementor-widget elementor-widget-eael-post-grid\" data-id=\"87cb4c3\" data-element_type=\"widget\" data-e-type=\"widget\" data-settings=\"{&quot;eael_post_grid_columns&quot;:&quot;eael-col-3&quot;,&quot;eael_post_grid_columns_tablet&quot;:&quot;eael-col-2&quot;,&quot;eael_post_grid_columns_mobile&quot;:&quot;eael-col-1&quot;}\" data-widget_type=\"eael-post-grid.default\">\n\t\t\t\t\t<div id=\"eael-post-grid-87cb4c3\" class=\"eael-post-grid-container\">\n            <div class=\"eael-post-grid eael-post-appender eael-post-appender-87cb4c3 eael-post-grid-style-one\" data-layout-mode=\"masonry\"><article class=\"eael-grid-post  eael-post-grid-column eael-pg-post-43164 category-arte-cultura\" data-id=\"43164\">\n        <div class=\"eael-grid-post-holder\">\n            <div class=\"eael-grid-post-holder-inner\"><div class=\"eael-entry-media\"><div class=\"eael-entry-overlay fade-in\"><i class=\"far fa-hand-pointer\" aria-hidden=\"true\"><\/i><a href=\"https:\/\/soymigrante.com\/revista\/mira-arte-guatemalteco-margarita-azurdia-nunca-deja-de-sorprender\/\"><\/a><\/div><div class=\"eael-entry-thumbnail eael-image-ratio\">\n                <img loading=\"lazy\" decoding=\"async\" width=\"895\" height=\"884\" src=\"https:\/\/soymigrante.com\/revista\/wp-content\/uploads\/2025\/08\/arte-guatemalteco-Margarita-Azurdia-2.webp\" class=\"attachment-large size-large wp-image-43453\" alt=\"Cultura ind\u00edgena con figuras de animales y personajes tradicionales en una escultura colorida para promover el arte y la tradici\u00f3n en La revista SoyMigrante.\" srcset=\"https:\/\/soymigrante.com\/revista\/wp-content\/uploads\/2025\/08\/arte-guatemalteco-Margarita-Azurdia-2.webp 895w, https:\/\/soymigrante.com\/revista\/wp-content\/uploads\/2025\/08\/arte-guatemalteco-Margarita-Azurdia-2-300x296.png 300w, https:\/\/soymigrante.com\/revista\/wp-content\/uploads\/2025\/08\/arte-guatemalteco-Margarita-Azurdia-2-768x759.png 768w, https:\/\/soymigrante.com\/revista\/wp-content\/uploads\/2025\/08\/arte-guatemalteco-Margarita-Azurdia-2-75x75.webp 75w, https:\/\/soymigrante.com\/revista\/wp-content\/uploads\/2025\/08\/arte-guatemalteco-Margarita-Azurdia-2-750x741.webp 750w\" sizes=\"(max-width: 895px) 100vw, 895px\" \/>\n            <\/div>\n        <\/div><div class=\"eael-entry-wrapper\"><header class=\"eael-entry-header\"><h2 class=\"eael-entry-title\"><a class=\"eael-grid-post-link\" href=\"https:\/\/soymigrante.com\/revista\/mira-arte-guatemalteco-margarita-azurdia-nunca-deja-de-sorprender\/\" title=\"Mira arte guatemalteco: Margarita Azurdia nunca deja de sorprender\">Mira arte guatemalteco: Margarita Azurdia nunca deja de sorprender<\/a><\/h2><\/header><div class=\"eael-entry-content\">\n                        <div class=\"eael-grid-post-excerpt\"><a href=\"https:\/\/soymigrante.com\/revista\/mira-arte-guatemalteco-margarita-azurdia-nunca-deja-de-sorprender\/\" class=\"eael-post-elements-readmore-btn\">CONOCE SU HISTORIA <\/a><\/div>\n                    <\/div><\/div><\/div>\n        <\/div>\n    <\/article><article class=\"eael-grid-post  eael-post-grid-column eael-pg-post-44129 category-arte-cultura-guate-nuestra\" data-id=\"44129\">\n        <div class=\"eael-grid-post-holder\">\n            <div class=\"eael-grid-post-holder-inner\"><div class=\"eael-entry-media\"><div class=\"eael-entry-overlay fade-in\"><i class=\"far fa-hand-pointer\" aria-hidden=\"true\"><\/i><a href=\"https:\/\/soymigrante.com\/revista\/mira-arte-guatemalteco-murales-de-alfredo-galvez-suarez-siguen-deslumbrando\/\"><\/a><\/div><div class=\"eael-entry-thumbnail eael-image-ratio\">\n                <img loading=\"lazy\" decoding=\"async\" width=\"634\" height=\"634\" src=\"https:\/\/soymigrante.com\/revista\/wp-content\/uploads\/2025\/09\/mural-alfredo-galvez-suarez-2-1.png\" class=\"attachment-large size-large wp-image-44507\" alt=\"\" srcset=\"https:\/\/soymigrante.com\/revista\/wp-content\/uploads\/2025\/09\/mural-alfredo-galvez-suarez-2-1.png 634w, https:\/\/soymigrante.com\/revista\/wp-content\/uploads\/2025\/09\/mural-alfredo-galvez-suarez-2-1-300x300.png 300w, https:\/\/soymigrante.com\/revista\/wp-content\/uploads\/2025\/09\/mural-alfredo-galvez-suarez-2-1-150x150.png 150w, https:\/\/soymigrante.com\/revista\/wp-content\/uploads\/2025\/09\/mural-alfredo-galvez-suarez-2-1-75x75.png 75w\" sizes=\"(max-width: 634px) 100vw, 634px\" \/>\n            <\/div>\n        <\/div><div class=\"eael-entry-wrapper\"><header class=\"eael-entry-header\"><h2 class=\"eael-entry-title\"><a class=\"eael-grid-post-link\" href=\"https:\/\/soymigrante.com\/revista\/mira-arte-guatemalteco-murales-de-alfredo-galvez-suarez-siguen-deslumbrando\/\" title=\"Mira arte guatemalteco: murales de Alfredo G\u00e1lvez Su\u00e1rez siguen deslumbrando\">Mira arte guatemalteco: murales de Alfredo G\u00e1lvez Su\u00e1rez siguen deslumbrando<\/a><\/h2><\/header><div class=\"eael-entry-content\">\n                        <div class=\"eael-grid-post-excerpt\"><a href=\"https:\/\/soymigrante.com\/revista\/mira-arte-guatemalteco-murales-de-alfredo-galvez-suarez-siguen-deslumbrando\/\" class=\"eael-post-elements-readmore-btn\">CONOCE SU HISTORIA <\/a><\/div>\n                    <\/div><\/div><\/div>\n        <\/div>\n    <\/article><article class=\"eael-grid-post  eael-post-grid-column eael-pg-post-43829 category-arte-cultura-guate-nuestra\" data-id=\"43829\">\n        <div class=\"eael-grid-post-holder\">\n            <div class=\"eael-grid-post-holder-inner\"><div class=\"eael-entry-media\"><div class=\"eael-entry-overlay fade-in\"><i class=\"far fa-hand-pointer\" aria-hidden=\"true\"><\/i><a href=\"https:\/\/soymigrante.com\/revista\/juan-sisay-arte-guatemalteco-maya-tzutujil-atitlan\/\"><\/a><\/div><div class=\"eael-entry-thumbnail eael-image-ratio\">\n                <img loading=\"lazy\" decoding=\"async\" width=\"485\" height=\"485\" src=\"https:\/\/soymigrante.com\/revista\/wp-content\/uploads\/2025\/09\/Juan-Sisay1-e1757021856514.jpeg\" class=\"attachment-large size-large wp-image-43830\" alt=\"Juan Sisay: el artista guatemalteco que retrat\u00f3 la identidad tz&#039;utuj&#039;il desde dentro. El artista fue asesinado en abril de 1989 despu\u00e9s de haber pintado acerca de una masacre cometida en Santiago Atitl\u00e1n durante el conflicto armado interno. (Retrato por Miguel Ch\u00e1vez)\" srcset=\"https:\/\/soymigrante.com\/revista\/wp-content\/uploads\/2025\/09\/Juan-Sisay1-e1757021856514.jpeg 485w, https:\/\/soymigrante.com\/revista\/wp-content\/uploads\/2025\/09\/Juan-Sisay1-e1757021856514-300x300.jpeg 300w, https:\/\/soymigrante.com\/revista\/wp-content\/uploads\/2025\/09\/Juan-Sisay1-e1757021856514-150x150.jpeg 150w, https:\/\/soymigrante.com\/revista\/wp-content\/uploads\/2025\/09\/Juan-Sisay1-e1757021856514-75x75.jpeg 75w\" sizes=\"(max-width: 485px) 100vw, 485px\" \/>\n            <\/div>\n        <\/div><div class=\"eael-entry-wrapper\"><header class=\"eael-entry-header\"><h2 class=\"eael-entry-title\"><a class=\"eael-grid-post-link\" href=\"https:\/\/soymigrante.com\/revista\/juan-sisay-arte-guatemalteco-maya-tzutujil-atitlan\/\" title=\"Mira arte guatemalteco: Pintor tz&#8217;utuj&#8217;il Juan Sisay origin\u00f3 la pintura popular de Atitl\u00e1n\">Mira arte guatemalteco: Pintor tz&#8217;utuj&#8217;il Juan Sisay origin\u00f3 la pintura popular de Atitl\u00e1n<\/a><\/h2><\/header><div class=\"eael-entry-content\">\n                        <div class=\"eael-grid-post-excerpt\"><a href=\"https:\/\/soymigrante.com\/revista\/juan-sisay-arte-guatemalteco-maya-tzutujil-atitlan\/\" class=\"eael-post-elements-readmore-btn\">CONOCE SU HISTORIA <\/a><\/div>\n                    <\/div><\/div><\/div>\n        <\/div>\n    <\/article><\/div>\n            <div class=\"clearfix\"><\/div>\n        <\/div>\t\t\t\t<\/div>\n\t\t\t\t\t<\/div>\n\t\t\t\t<\/div>\n\t\t\t\t<\/div>\n\t\t","protected":false},"excerpt":{"rendered":"<p>Roberto Cabrera Padilla (1939-2014) le dio relieve a la pintura y le integr\u00f3 elementos como prendas, tornillos, clavos, rostros moldeados y hasta balas, en el intento de denunciar la violencia pol\u00edtica. Roberto Cabrera Padilla (1939-2014) fue uno de los artistas pl\u00e1sticos m\u00e1s destacados de Guatemala. Pintor, escultor, grabador, investigador, cr\u00edtico de arte y docente, Cabrera [&hellip;]<\/p>\n","protected":false},"author":19,"featured_media":45852,"comment_status":"open","ping_status":"open","sticky":false,"template":"","format":"standard","meta":{"_acf_changed":false,"_eb_attr":"","footnotes":""},"categories":[91,58],"tags":[],"class_list":["post-45489","post","type-post","status-publish","format-standard","has-post-thumbnail","hentry","category-arte-cultura","category-guate-nuestra"],"acf":[],"aioseo_notices":[],"aioseo_head":"\n\t\t<!-- All in One SEO Pro 4.9.6.2 - aioseo.com -->\n\t<meta name=\"description\" content=\"Juan Sisay (1921-1989) fue un artista maya tzutujil que empez\u00f3 a pintar escenas de la vida de su pueblo a partir de 1950. Muri\u00f3 v\u00edctima del conflicto armado.\" \/>\n\t<meta name=\"robots\" content=\"max-snippet:-1, max-image-preview:large, max-video-preview:-1\" \/>\n\t<meta name=\"author\" content=\"Marysabel Aldana\"\/>\n\t<link rel=\"canonical\" href=\"https:\/\/soymigrante.com\/revista\/juan-sisay-arte-guatemalteco-maya-tzutujil-atitlan\/\" \/>\n\t<meta name=\"generator\" content=\"All in One SEO Pro (AIOSEO) 4.9.6.2\" \/>\n\n\t\t<link rel=\"preconnect\" href=\"https:\/\/fonts.googleapis.com\" crossorigin>\n<link rel=\"preconnect\" href=\"https:\/\/fonts.gstatic.com\" crossorigin>\n\t\t<meta property=\"og:locale\" content=\"es_ES\" \/>\n\t\t<meta property=\"og:site_name\" content=\"SoyMigrante.com REVISTA \u2013 Nuestra misi\u00f3n es reconocer y dignificar al migrante.\" \/>\n\t\t<meta property=\"og:type\" content=\"article\" \/>\n\t\t<meta property=\"og:title\" content=\"Juan Sisay pionero de la pintura popular en Atitl\u00e1n\" \/>\n\t\t<meta property=\"og:description\" content=\"Juan Sisay (1921-1989) fue un artista maya tzutujil que empez\u00f3 a pintar escenas de la vida de su pueblo a partir de 1950. Muri\u00f3 v\u00edctima del conflicto armado.\" \/>\n\t\t<meta property=\"og:url\" content=\"https:\/\/soymigrante.com\/revista\/juan-sisay-arte-guatemalteco-maya-tzutujil-atitlan\/\" \/>\n\t\t<meta property=\"og:image\" content=\"https:\/\/soymigrante.com\/revista\/wp-content\/uploads\/2025\/09\/Juan-Sisay1-e1757021856514.jpeg\" \/>\n\t\t<meta property=\"og:image:secure_url\" content=\"https:\/\/soymigrante.com\/revista\/wp-content\/uploads\/2025\/09\/Juan-Sisay1-e1757021856514.jpeg\" \/>\n\t\t<meta property=\"og:image:width\" content=\"485\" \/>\n\t\t<meta property=\"og:image:height\" content=\"485\" \/>\n\t\t<meta property=\"article:published_time\" content=\"2025-09-05T14:00:00+00:00\" \/>\n\t\t<meta property=\"article:modified_time\" content=\"2025-09-05T05:27:28+00:00\" \/>\n\t\t<meta property=\"article:publisher\" content=\"https:\/\/www.facebook.com\/soymigrantecom\" \/>\n\t\t<meta name=\"twitter:card\" content=\"summary_large_image\" \/>\n\t\t<meta name=\"twitter:site\" content=\"@SoyMigrante_com\" \/>\n\t\t<meta name=\"twitter:title\" content=\"Juan Sisay pionero de la pintura popular en Atitl\u00e1n\" \/>\n\t\t<meta name=\"twitter:description\" content=\"Juan Sisay (1921-1989) fue un artista maya tzutujil que empez\u00f3 a pintar escenas de la vida de su pueblo a partir de 1950. Muri\u00f3 v\u00edctima del conflicto armado.\" \/>\n\t\t<meta name=\"twitter:creator\" content=\"@SoyMigrante_com\" \/>\n\t\t<meta name=\"twitter:image\" content=\"https:\/\/soymigrante.com\/revista\/wp-content\/uploads\/2025\/09\/Juan-Sisay1-e1757021856514.jpeg\" \/>\n\t\t<!-- All in One SEO Pro -->\r\n\t\t<title>Juan Sisay pionero de la pintura popular en Atitl\u00e1n<\/title>\n\n","aioseo_head_json":{"title":"Juan Sisay pionero de la pintura popular en Atitl\u00e1n","description":"Juan Sisay (1921-1989) fue un artista maya tzutujil que empez\u00f3 a pintar escenas de la vida de su pueblo a partir de 1950. Muri\u00f3 v\u00edctima del conflicto armado.","canonical_url":"https:\/\/soymigrante.com\/revista\/juan-sisay-arte-guatemalteco-maya-tzutujil-atitlan\/","robots":"max-snippet:-1, max-image-preview:large, max-video-preview:-1","keywords":"","webmasterTools":{"miscellaneous":"&lt;link rel=\"preconnect\" href=\"https:\/\/fonts.googleapis.com\" crossorigin&gt;\n&lt;link rel=\"preconnect\" href=\"https:\/\/fonts.gstatic.com\" crossorigin&gt;"},"schema":null,"og:locale":"es_ES","og:site_name":"SoyMigrante.com REVISTA \u2013 Nuestra misi\u00f3n es reconocer y dignificar al migrante.","og:type":"article","og:title":"Juan Sisay pionero de la pintura popular en Atitl\u00e1n","og:description":"Juan Sisay (1921-1989) fue un artista maya tzutujil que empez\u00f3 a pintar escenas de la vida de su pueblo a partir de 1950. Muri\u00f3 v\u00edctima del conflicto armado.","og:url":"https:\/\/soymigrante.com\/revista\/juan-sisay-arte-guatemalteco-maya-tzutujil-atitlan\/","og:image":"https:\/\/soymigrante.com\/revista\/wp-content\/uploads\/2025\/09\/Juan-Sisay1-e1757021856514.jpeg","og:image:secure_url":"https:\/\/soymigrante.com\/revista\/wp-content\/uploads\/2025\/09\/Juan-Sisay1-e1757021856514.jpeg","og:image:width":485,"og:image:height":485,"article:published_time":"2025-09-05T14:00:00+00:00","article:modified_time":"2025-09-05T05:27:28+00:00","article:publisher":"https:\/\/www.facebook.com\/soymigrantecom","twitter:card":"summary_large_image","twitter:site":"@SoyMigrante_com","twitter:title":"Juan Sisay pionero de la pintura popular en Atitl\u00e1n","twitter:description":"Juan Sisay (1921-1989) fue un artista maya tzutujil que empez\u00f3 a pintar escenas de la vida de su pueblo a partir de 1950. Muri\u00f3 v\u00edctima del conflicto armado.","twitter:creator":"@SoyMigrante_com","twitter:image":"https:\/\/soymigrante.com\/revista\/wp-content\/uploads\/2025\/09\/Juan-Sisay1-e1757021856514.jpeg"},"aioseo_meta_data":{"post_id":"45489","title":"Arte de Roberto Cabrera retrat\u00f3 caras ocultas de Guatemala","description":"Roberto Cabrera Padilla (1937-2024) fue investigador y pintor, desafi\u00f3 convencionalismos, denunci\u00f3 la violencia y valor\u00f3 la cultura ind\u00edgena a trav\u00e9s del arte","keywords":null,"keyphrases":{"focus":{"keyphrase":"Roberto Cabrera","score":91,"analysis":{"keyphraseInTitle":{"score":9,"maxScore":9,"error":0},"keyphraseInDescription":{"score":9,"maxScore":9,"error":0},"keyphraseLength":{"score":9,"maxScore":9,"error":0,"length":2},"keyphraseInURL":{"score":5,"maxScore":5,"error":0},"keyphraseInIntroduction":{"score":9,"maxScore":9,"error":0},"keyphraseInSubHeadings":{"score":3,"maxScore":9,"error":1},"keyphraseInImageAlt":{"score":9,"maxScore":9,"error":0},"keywordDensity":{"type":"best","score":9,"maxScore":9,"error":0}}},"additional":[{"keyphrase":"artista","score":53,"analysis":{"keyphraseInDescription":{"score":3,"maxScore":9,"error":1},"keyphraseLength":{"score":9,"maxScore":9,"error":0,"length":1},"keyphraseInIntroduction":{"score":3,"maxScore":9,"error":1},"keyphraseInImageAlt":{"score":9,"maxScore":9,"error":0},"keywordDensity":{"score":0,"type":"low","maxScore":9,"error":1}}},{"keyphrase":"guatemalteco","score":73,"analysis":{"keyphraseInDescription":{"score":3,"maxScore":9,"error":1},"keyphraseLength":{"score":9,"maxScore":9,"error":0,"length":1},"keyphraseInIntroduction":{"score":3,"maxScore":9,"error":1},"keyphraseInImageAlt":{"score":9,"maxScore":9,"error":0},"keywordDensity":{"type":"best","score":9,"maxScore":9,"error":0}}}]},"primary_term":null,"canonical_url":null,"og_title":null,"og_description":null,"og_object_type":"default","og_image_type":"default","og_image_url":null,"og_image_width":null,"og_image_height":null,"og_image_custom_url":null,"og_image_custom_fields":null,"og_video":"","og_custom_url":null,"og_article_section":null,"og_article_tags":null,"twitter_use_og":false,"twitter_card":"default","twitter_image_type":"default","twitter_image_url":null,"twitter_image_custom_url":null,"twitter_image_custom_fields":null,"twitter_title":null,"twitter_description":null,"schema":{"blockGraphs":[],"customGraphs":[],"default":{"data":{"Article":[],"Course":[],"Dataset":[],"FAQPage":[],"Movie":[],"Person":[],"Product":[],"ProductReview":[],"Car":[],"Recipe":[],"Service":[],"SoftwareApplication":[],"WebPage":[]},"graphName":"none","isEnabled":true},"graphs":[]},"schema_type":"default","schema_type_options":null,"pillar_content":false,"robots_default":true,"robots_noindex":false,"robots_noarchive":false,"robots_nosnippet":false,"robots_nofollow":false,"robots_noimageindex":false,"robots_noodp":false,"robots_notranslate":false,"robots_max_snippet":"-1","robots_max_videopreview":"-1","robots_max_imagepreview":"large","priority":null,"frequency":"default","local_seo":null,"seo_analyzer_scan_date":"2025-10-09 08:47:50","breadcrumb_settings":null,"limit_modified_date":false,"reviewed_by":"0","open_ai":null,"ai":{"faqs":[],"keyPoints":[],"titles":[],"descriptions":[],"socialPosts":{"email":[],"linkedin":[],"twitter":[],"facebook":[],"instagram":[]}},"created":"2025-09-19 17:42:34","updated":"2026-02-05 05:46:35"},"aioseo_breadcrumb":"<div class=\"aioseo-breadcrumbs\"><span class=\"aioseo-breadcrumb\">\n\t<a href=\"https:\/\/soymigrante.com\/revista\" title=\"Home\">Home<\/a>\n<\/span><span class=\"aioseo-breadcrumb-separator\">\u00bb<\/span><span class=\"aioseo-breadcrumb\">\n\t<a href=\"https:\/\/soymigrante.com\/revista\/category\/guate-nuestra\/\" title=\"Guate Nuestra\">Guate Nuestra<\/a>\n<\/span><span class=\"aioseo-breadcrumb-separator\">\u00bb<\/span><span class=\"aioseo-breadcrumb\">\n\t<a href=\"https:\/\/soymigrante.com\/revista\/category\/guate-nuestra\/arte-cultura\/\" title=\"Cultura de Guatemala\">Cultura de Guatemala<\/a>\n<\/span><span class=\"aioseo-breadcrumb-separator\">\u00bb<\/span><span class=\"aioseo-breadcrumb\">\n\tMira arte guatemalteco: Roberto Cabrera Padilla reflej\u00f3 las caras y dramas de Guatemala\n<\/span><\/div>","aioseo_breadcrumb_json":[{"label":"Home","link":"https:\/\/soymigrante.com\/revista"},{"label":"Guate Nuestra","link":"https:\/\/soymigrante.com\/revista\/category\/guate-nuestra\/"},{"label":"Cultura de Guatemala","link":"https:\/\/soymigrante.com\/revista\/category\/guate-nuestra\/arte-cultura\/"},{"label":"Mira arte guatemalteco: Roberto Cabrera Padilla reflej\u00f3 las caras y dramas de Guatemala","link":"https:\/\/soymigrante.com\/revista\/mira-arte-guatemalteco-roberto-cabrera-padilla-reflejo-las-caras-y-dramas-de-guatemala\/"}],"_links":{"self":[{"href":"https:\/\/soymigrante.com\/revista\/wp-json\/wp\/v2\/posts\/45489","targetHints":{"allow":["GET"]}}],"collection":[{"href":"https:\/\/soymigrante.com\/revista\/wp-json\/wp\/v2\/posts"}],"about":[{"href":"https:\/\/soymigrante.com\/revista\/wp-json\/wp\/v2\/types\/post"}],"author":[{"embeddable":true,"href":"https:\/\/soymigrante.com\/revista\/wp-json\/wp\/v2\/users\/19"}],"replies":[{"embeddable":true,"href":"https:\/\/soymigrante.com\/revista\/wp-json\/wp\/v2\/comments?post=45489"}],"version-history":[{"count":20,"href":"https:\/\/soymigrante.com\/revista\/wp-json\/wp\/v2\/posts\/45489\/revisions"}],"predecessor-version":[{"id":45869,"href":"https:\/\/soymigrante.com\/revista\/wp-json\/wp\/v2\/posts\/45489\/revisions\/45869"}],"wp:featuredmedia":[{"embeddable":true,"href":"https:\/\/soymigrante.com\/revista\/wp-json\/wp\/v2\/media\/45852"}],"wp:attachment":[{"href":"https:\/\/soymigrante.com\/revista\/wp-json\/wp\/v2\/media?parent=45489"}],"wp:term":[{"taxonomy":"category","embeddable":true,"href":"https:\/\/soymigrante.com\/revista\/wp-json\/wp\/v2\/categories?post=45489"},{"taxonomy":"post_tag","embeddable":true,"href":"https:\/\/soymigrante.com\/revista\/wp-json\/wp\/v2\/tags?post=45489"}],"curies":[{"name":"wp","href":"https:\/\/api.w.org\/{rel}","templated":true}]}}