{"id":45476,"date":"2025-09-19T15:25:03","date_gmt":"2025-09-19T21:25:03","guid":{"rendered":"https:\/\/soymigrante.com\/revista\/?p=45476"},"modified":"2025-09-25T19:05:13","modified_gmt":"2025-09-26T01:05:13","slug":"guatemalteca-saidy-orellana-recibe-premio-angel-guardian-en-oklahoma","status":"publish","type":"post","link":"https:\/\/soymigrante.com\/revista\/guatemalteca-saidy-orellana-recibe-premio-angel-guardian-en-oklahoma\/","title":{"rendered":"Guatemalteca Saidy Herrera Orellana recibe premio \u00c1ngel Guardi\u00e1n en Oklahoma"},"content":{"rendered":"\t\t<div data-elementor-type=\"wp-post\" data-elementor-id=\"45476\" class=\"elementor elementor-45476\" data-elementor-post-type=\"post\">\n\t\t\t\t<div data-particle_enable=\"false\" data-particle-mobile-disabled=\"false\" class=\"elementor-element elementor-element-32a666f e-flex e-con-boxed e-con e-parent\" data-id=\"32a666f\" data-element_type=\"container\" data-e-type=\"container\">\n\t\t\t\t\t<div class=\"e-con-inner\">\n\t\t\t\t<div class=\"elementor-element elementor-element-f400eeb elementor-widget elementor-widget-heading\" data-id=\"f400eeb\" data-element_type=\"widget\" data-e-type=\"widget\" data-widget_type=\"heading.default\">\n\t\t\t\t\t<h2 class=\"elementor-heading-title elementor-size-default\">La guatemalteca Saidy Herrera fue reconocida por su impulso al desarrollo en Oklahoma y apoyo a los migrantes. \n<\/h2>\t\t\t\t<\/div>\n\t\t\t\t\t<\/div>\n\t\t\t\t<\/div>\n\t\t<div data-particle_enable=\"false\" data-particle-mobile-disabled=\"false\" class=\"elementor-element elementor-element-f36e959 e-flex e-con-boxed e-con e-parent\" data-id=\"f36e959\" data-element_type=\"container\" data-e-type=\"container\">\n\t\t\t\t\t<div class=\"e-con-inner\">\n\t\t\t\t<div class=\"elementor-element elementor-element-5636640 elementor-widget elementor-widget-text-editor\" data-id=\"5636640\" data-element_type=\"widget\" data-e-type=\"widget\" data-widget_type=\"text-editor.default\">\n\t\t\t\t\t\t\t\t\t<p>La guatemalteca <a href=\"https:\/\/www.facebook.com\/saidyherrera8910\/posts\/pfbid02wwwtVcpKcVbrpJFfBNAzo4CJiUmreQcnNcW1mR79u76YiCu6V6shfMV9QHVEGG6ul?rdid=x9gDUhjY4ZgvFfxH#\" target=\"_blank\" rel=\"noopener\">Saidy Herrera fue reconocida con el premio \u201c\u00c1ngel Guardi\u00e1n<\/a>\u201d, entregado por la Agencia Latina de Oklahoma, una organizaci\u00f3n dedicada a impulsar el desarrollo, liderazgo y bienestar de la comunidad latina en Estados Unidos. Este galard\u00f3n se concede a personas que, con su esfuerzo, dedicaci\u00f3n y solidaridad, se convierten en un apoyo esencial para los migrantes que buscan salir adelante en un pa\u00eds que no siempre resulta f\u00e1cil.<\/p><p>El reconocimiento resalta el papel de Herrera como una figura cercana, alguien que acompa\u00f1a y orienta a su comunidad en momentos clave. Para muchos migrantes, contar con un \u201c\u00e1ngel guardi\u00e1n\u201d significa tener a alguien que les tiende la mano, que entiende las dificultades de adaptarse a una nueva cultura y que motiva a no rendirse.<\/p>\t\t\t\t\t\t\t\t<\/div>\n\t\t\t\t\t<\/div>\n\t\t\t\t<\/div>\n\t\t<div data-particle_enable=\"false\" data-particle-mobile-disabled=\"false\" class=\"elementor-element elementor-element-1062b70 e-flex e-con-boxed e-con e-parent\" data-id=\"1062b70\" data-element_type=\"container\" data-e-type=\"container\">\n\t\t\t\t\t<div class=\"e-con-inner\">\n\t\t\t\t<div class=\"elementor-element elementor-element-eee4be0 elementor-widget elementor-widget-image\" data-id=\"eee4be0\" data-element_type=\"widget\" data-e-type=\"widget\" data-widget_type=\"image.default\">\n\t\t\t\t\t\t\t\t\t\t\t\t<figure class=\"wp-caption\">\n\t\t\t\t\t\t\t\t\t\t<img fetchpriority=\"high\" decoding=\"async\" width=\"799\" height=\"1024\" src=\"https:\/\/soymigrante.com\/revista\/wp-content\/uploads\/2025\/09\/Guatemalteca-recibe-premio-Angel-Guardian-en-Oklahoma-2-799x1024.jpg\" class=\"attachment-large size-large wp-image-45484\" alt=\"Saidy Herrera es una guatemalteca que no se ha cansado de luchar por los migrantes.\" srcset=\"https:\/\/soymigrante.com\/revista\/wp-content\/uploads\/2025\/09\/Guatemalteca-recibe-premio-Angel-Guardian-en-Oklahoma-2-799x1024.jpg 799w, https:\/\/soymigrante.com\/revista\/wp-content\/uploads\/2025\/09\/Guatemalteca-recibe-premio-Angel-Guardian-en-Oklahoma-2-234x300.jpg 234w, https:\/\/soymigrante.com\/revista\/wp-content\/uploads\/2025\/09\/Guatemalteca-recibe-premio-Angel-Guardian-en-Oklahoma-2-768x985.jpg 768w, https:\/\/soymigrante.com\/revista\/wp-content\/uploads\/2025\/09\/Guatemalteca-recibe-premio-Angel-Guardian-en-Oklahoma-2-1198x1536.jpg 1198w, https:\/\/soymigrante.com\/revista\/wp-content\/uploads\/2025\/09\/Guatemalteca-recibe-premio-Angel-Guardian-en-Oklahoma-2-750x962.jpg 750w, https:\/\/soymigrante.com\/revista\/wp-content\/uploads\/2025\/09\/Guatemalteca-recibe-premio-Angel-Guardian-en-Oklahoma-2-1140x1462.jpg 1140w, https:\/\/soymigrante.com\/revista\/wp-content\/uploads\/2025\/09\/Guatemalteca-recibe-premio-Angel-Guardian-en-Oklahoma-2.jpg 1597w\" sizes=\"(max-width: 799px) 100vw, 799px\" title=\"Saidy Herrera es una guatemalteca que no se ha cansado de luchar por los migrantes. \u2013 SoyMigrante.com REVISTA\" \/>\t\t\t\t\t\t\t\t\t\t\t<figcaption class=\"widget-image-caption wp-caption-text\">Saidy Herrera es una guatemalteca que no se ha cansado de luchar por los migrantes. <\/figcaption>\n\t\t\t\t\t\t\t\t\t\t<\/figure>\n\t\t\t\t\t\t\t\t\t<\/div>\n\t\t\t\t\t<\/div>\n\t\t\t\t<\/div>\n\t\t<div data-particle_enable=\"false\" data-particle-mobile-disabled=\"false\" class=\"elementor-element elementor-element-94b8726 e-flex e-con-boxed e-con e-parent\" data-id=\"94b8726\" data-element_type=\"container\" data-e-type=\"container\">\n\t\t\t\t\t<div class=\"e-con-inner\">\n\t\t\t\t<div class=\"elementor-element elementor-element-bb78e21 elementor-widget elementor-widget-heading\" data-id=\"bb78e21\" data-element_type=\"widget\" data-e-type=\"widget\" data-widget_type=\"heading.default\">\n\t\t\t\t\t<h3 class=\"elementor-heading-title elementor-size-default\">Agradecimiento por su labor <\/h3>\t\t\t\t<\/div>\n\t\t\t\t\t<\/div>\n\t\t\t\t<\/div>\n\t\t<div data-particle_enable=\"false\" data-particle-mobile-disabled=\"false\" class=\"elementor-element elementor-element-8394f33 e-flex e-con-boxed e-con e-parent\" data-id=\"8394f33\" data-element_type=\"container\" data-e-type=\"container\">\n\t\t\t\t\t<div class=\"e-con-inner\">\n\t\t\t\t<div class=\"elementor-element elementor-element-c8a3834 elementor-widget elementor-widget-text-editor\" data-id=\"c8a3834\" data-element_type=\"widget\" data-e-type=\"widget\" data-widget_type=\"text-editor.default\">\n\t\t\t\t\t\t\t\t\t<p>En sus redes sociales, Herrera comparti\u00f3 su emoci\u00f3n con un mensaje de gratitud: \u201c<a href=\"https:\/\/www.facebook.com\/saidyherrera8910\/posts\/pfbid02wwwtVcpKcVbrpJFfBNAzo4CJiUmreQcnNcW1mR79u76YiCu6V6shfMV9QHVEGG6ul?rdid=x9gDUhjY4ZgvFfxH#\" target=\"_blank\" rel=\"noopener\">#agradecidaybendecida. Me faltan palabras para expresar el honor de haber recibido hoy el reconocimiento<\/a> \u2018\u00c1ngel Guardi\u00e1n\u2019 de parte de la Agencia Latina de Oklahoma. En resumen, GRACIAS a Dios por su gracia, a mi mu\u00f1eca Paola Orellana por acompa\u00f1arme hoy y siempre, a las personas que me consideraron apropiada para tan lindo detalle y a todas esas personas y colegas que me permiten apoyarles para que logremos avanzar. A mis guatemaltecos en Oklahoma fue un placer disfrutar este momento juntos\u201d.<\/p><p>El premio no solo celebra el trabajo de Herrera, sino que tambi\u00e9n pone en relieve la lucha constante de los migrantes por ser mejores cada d\u00eda. Lejos de su tierra natal, los guatemaltecos en Estados Unidos enfrentan desaf\u00edos en el idioma, la cultura y el \u00e1mbito laboral, pero al mismo tiempo construyen espacios de uni\u00f3n, mantienen vivas sus ra\u00edces y demuestran que con esfuerzo y solidaridad se puede avanzar.<\/p>\t\t\t\t\t\t\t\t<\/div>\n\t\t\t\t\t<\/div>\n\t\t\t\t<\/div>\n\t\t<div data-particle_enable=\"false\" data-particle-mobile-disabled=\"false\" class=\"elementor-element elementor-element-9935c93 e-flex e-con-boxed e-con e-parent\" data-id=\"9935c93\" data-element_type=\"container\" data-e-type=\"container\">\n\t\t\t\t\t<div class=\"e-con-inner\">\n\t\t\t\t<div class=\"elementor-element elementor-element-90dbaa2 elementor-invisible elementor-widget elementor-widget-facebook-embed\" data-id=\"90dbaa2\" data-element_type=\"widget\" data-e-type=\"widget\" data-settings=\"{&quot;_animation&quot;:&quot;zoomInDown&quot;}\" data-widget_type=\"facebook-embed.default\">\n\t\t\t\t\t<div style=\"min-height: 1px\" class=\"elementor-facebook-widget fb-post\" data-href=\"https:\/\/www.facebook.com\/saidyherrera8910\/posts\/pfbid02wwwtVcpKcVbrpJFfBNAzo4CJiUmreQcnNcW1mR79u76YiCu6V6shfMV9QHVEGG6ul?rdid=x9gDUhjY4ZgvFfxH#\" data-show-text=\"false\"><\/div>\t\t\t\t<\/div>\n\t\t\t\t\t<\/div>\n\t\t\t\t<\/div>\n\t\t<div data-particle_enable=\"false\" data-particle-mobile-disabled=\"false\" class=\"elementor-element elementor-element-c0920f4 e-flex e-con-boxed e-con e-parent\" data-id=\"c0920f4\" data-element_type=\"container\" data-e-type=\"container\">\n\t\t\t\t\t<div class=\"e-con-inner\">\n\t\t\t\t<div class=\"elementor-element elementor-element-b4d6374 elementor-widget elementor-widget-heading\" data-id=\"b4d6374\" data-element_type=\"widget\" data-e-type=\"widget\" data-widget_type=\"heading.default\">\n\t\t\t\t\t<h3 class=\"elementor-heading-title elementor-size-default\">Reconocimiento por su trabajo <\/h3>\t\t\t\t<\/div>\n\t\t\t\t\t<\/div>\n\t\t\t\t<\/div>\n\t\t<div data-particle_enable=\"false\" data-particle-mobile-disabled=\"false\" class=\"elementor-element elementor-element-7ac9eca e-flex e-con-boxed e-con e-parent\" data-id=\"7ac9eca\" data-element_type=\"container\" data-e-type=\"container\">\n\t\t\t\t\t<div class=\"e-con-inner\">\n\t\t\t\t<div class=\"elementor-element elementor-element-33af785 elementor-widget elementor-widget-text-editor\" data-id=\"33af785\" data-element_type=\"widget\" data-e-type=\"widget\" data-widget_type=\"text-editor.default\">\n\t\t\t\t\t\t\t\t\t<p>Para la comunidad guatemalteca en Oklahoma, el reconocimiento a Saidy Herrera es un motivo de orgullo y un recordatorio de que el trabajo colectivo abre caminos. Su ejemplo inspira a muchos a seguir apoy\u00e1ndose entre s\u00ed, demostrando que la migraci\u00f3n tambi\u00e9n es sin\u00f3nimo de resiliencia, sue\u00f1os y oportunidades compartidas.<\/p>\t\t\t\t\t\t\t\t<\/div>\n\t\t\t\t\t<\/div>\n\t\t\t\t<\/div>\n\t\t<div data-particle_enable=\"false\" data-particle-mobile-disabled=\"false\" class=\"elementor-element elementor-element-ef81a65 e-flex e-con-boxed e-con e-parent\" data-id=\"ef81a65\" data-element_type=\"container\" data-e-type=\"container\">\n\t\t\t\t\t<div class=\"e-con-inner\">\n\t\t\t\t<div class=\"elementor-element elementor-element-2459012 elementor-widget elementor-widget-image\" data-id=\"2459012\" data-element_type=\"widget\" data-e-type=\"widget\" data-widget_type=\"image.default\">\n\t\t\t\t\t\t\t\t\t\t\t\t<figure class=\"wp-caption\">\n\t\t\t\t\t\t\t\t\t\t<img decoding=\"async\" width=\"636\" height=\"1024\" src=\"https:\/\/soymigrante.com\/revista\/wp-content\/uploads\/2025\/09\/Guatemalteca-recibe-premio-Angel-Guardian-en-Oklahoma3-636x1024.jpg\" class=\"attachment-large size-large wp-image-45483\" alt=\"Saidy Herrera se ha caracterizado por su compromiso con la comunidad migrante.\" srcset=\"https:\/\/soymigrante.com\/revista\/wp-content\/uploads\/2025\/09\/Guatemalteca-recibe-premio-Angel-Guardian-en-Oklahoma3-636x1024.jpg 636w, https:\/\/soymigrante.com\/revista\/wp-content\/uploads\/2025\/09\/Guatemalteca-recibe-premio-Angel-Guardian-en-Oklahoma3-186x300.jpg 186w, https:\/\/soymigrante.com\/revista\/wp-content\/uploads\/2025\/09\/Guatemalteca-recibe-premio-Angel-Guardian-en-Oklahoma3-768x1237.jpg 768w, https:\/\/soymigrante.com\/revista\/wp-content\/uploads\/2025\/09\/Guatemalteca-recibe-premio-Angel-Guardian-en-Oklahoma3-954x1536.jpg 954w, https:\/\/soymigrante.com\/revista\/wp-content\/uploads\/2025\/09\/Guatemalteca-recibe-premio-Angel-Guardian-en-Oklahoma3-750x1208.jpg 750w, https:\/\/soymigrante.com\/revista\/wp-content\/uploads\/2025\/09\/Guatemalteca-recibe-premio-Angel-Guardian-en-Oklahoma3-1140x1835.jpg 1140w, https:\/\/soymigrante.com\/revista\/wp-content\/uploads\/2025\/09\/Guatemalteca-recibe-premio-Angel-Guardian-en-Oklahoma3.jpg 1272w\" sizes=\"(max-width: 636px) 100vw, 636px\" title=\"Saidy Herrera se ha caracterizado por su compromiso con la comunidad migrante. \u2013 SoyMigrante.com REVISTA\" \/>\t\t\t\t\t\t\t\t\t\t\t<figcaption class=\"widget-image-caption wp-caption-text\">Saidy Herrera se ha caracterizado por su compromiso con la comunidad migrante. <\/figcaption>\n\t\t\t\t\t\t\t\t\t\t<\/figure>\n\t\t\t\t\t\t\t\t\t<\/div>\n\t\t\t\t\t<\/div>\n\t\t\t\t<\/div>\n\t\t<div data-particle_enable=\"false\" data-particle-mobile-disabled=\"false\" class=\"elementor-element elementor-element-7f327e8 e-flex e-con-boxed e-con e-parent\" data-id=\"7f327e8\" data-element_type=\"container\" data-e-type=\"container\">\n\t\t\t\t\t<div class=\"e-con-inner\">\n\t\t\t\t<div class=\"elementor-element elementor-element-c5d7687 elementor-widget elementor-widget-heading\" data-id=\"c5d7687\" data-element_type=\"widget\" data-e-type=\"widget\" data-widget_type=\"heading.default\">\n\t\t\t\t\t<h2 class=\"elementor-heading-title elementor-size-default\">Conoce otras historias inspiradoras, ac\u00e1...<\/h2>\t\t\t\t<\/div>\n\t\t\t\t\t<\/div>\n\t\t\t\t<\/div>\n\t\t<div data-particle_enable=\"false\" data-particle-mobile-disabled=\"false\" class=\"elementor-element elementor-element-39b96a5 e-flex e-con-boxed e-con e-parent\" data-id=\"39b96a5\" data-element_type=\"container\" data-e-type=\"container\">\n\t\t\t\t\t<div class=\"e-con-inner\">\n\t\t\t\t<div class=\"elementor-element elementor-element-accd62e elementor-grid-eael-col-3 elementor-grid-tablet-eael-col-2 elementor-grid-mobile-eael-col-1 elementor-widget elementor-widget-eael-post-grid\" data-id=\"accd62e\" data-element_type=\"widget\" data-e-type=\"widget\" data-settings=\"{&quot;eael_post_grid_columns&quot;:&quot;eael-col-3&quot;,&quot;eael_post_grid_columns_tablet&quot;:&quot;eael-col-2&quot;,&quot;eael_post_grid_columns_mobile&quot;:&quot;eael-col-1&quot;}\" data-widget_type=\"eael-post-grid.default\">\n\t\t\t\t\t<div id=\"eael-post-grid-accd62e\" class=\"eael-post-grid-container\">\n            <div class=\"eael-post-grid eael-post-appender eael-post-appender-accd62e eael-post-grid-style-one\" data-layout-mode=\"masonry\"><article class=\"eael-grid-post  eael-post-grid-column eael-pg-post-40720 category-estamos-unidos\" data-id=\"40720\">\n        <div class=\"eael-grid-post-holder\">\n            <div class=\"eael-grid-post-holder-inner\"><div class=\"eael-entry-media\"><div class=\"eael-entry-overlay fade-in\"><i class=\"far fa-hand-pointer\" aria-hidden=\"true\"><\/i><a href=\"https:\/\/soymigrante.com\/revista\/cita-corte-migracion-usa-videollamada-solicitud\/\"><\/a><\/div><div class=\"eael-entry-thumbnail eael-image-ratio\">\n                <img decoding=\"async\" width=\"338\" height=\"338\" src=\"https:\/\/soymigrante.com\/revista\/wp-content\/uploads\/2025\/07\/corte-estados-unidos-videollamada.webp\" class=\"attachment-large size-large wp-image-40769\" alt=\"Silla de oficina en un despacho con bandera de EE.UU. en el fondo, ambiente formal y profesional, ideal para entrevistas, reuniones legales o actividades judiciales.\" srcset=\"https:\/\/soymigrante.com\/revista\/wp-content\/uploads\/2025\/07\/corte-estados-unidos-videollamada.webp 338w, https:\/\/soymigrante.com\/revista\/wp-content\/uploads\/2025\/07\/corte-estados-unidos-videollamada-300x300.png 300w, https:\/\/soymigrante.com\/revista\/wp-content\/uploads\/2025\/07\/corte-estados-unidos-videollamada-150x150.png 150w, https:\/\/soymigrante.com\/revista\/wp-content\/uploads\/2025\/07\/corte-estados-unidos-videollamada-75x75.webp 75w\" sizes=\"(max-width: 338px) 100vw, 338px\" \/>\n            <\/div>\n        <\/div><div class=\"eael-entry-wrapper\"><header class=\"eael-entry-header\"><h2 class=\"eael-entry-title\"><a class=\"eael-grid-post-link\" href=\"https:\/\/soymigrante.com\/revista\/cita-corte-migracion-usa-videollamada-solicitud\/\" title=\"\u00bfCita con una corte de migraci\u00f3n en USA? Puedes solicitar que sea por videollamada\">\u00bfCita con una corte de migraci\u00f3n en USA? Puedes solicitar que sea por videollamada<\/a><\/h2><\/header><div class=\"eael-entry-content\">\n                        <div class=\"eael-grid-post-excerpt\"><a href=\"https:\/\/soymigrante.com\/revista\/cita-corte-migracion-usa-videollamada-solicitud\/\" class=\"eael-post-elements-readmore-btn\">CONOCE SU HISTORIA <\/a><\/div>\n                    <\/div><\/div><\/div>\n        <\/div>\n    <\/article><article class=\"eael-grid-post  eael-post-grid-column eael-pg-post-34001 category-estamos-unidos\" data-id=\"34001\">\n        <div class=\"eael-grid-post-holder\">\n            <div class=\"eael-grid-post-holder-inner\"><div class=\"eael-entry-media\"><div class=\"eael-entry-overlay fade-in\"><i class=\"far fa-hand-pointer\" aria-hidden=\"true\"><\/i><a href=\"https:\/\/soymigrante.com\/revista\/soymigrante-mercado-tiene-puertas-abiertas-a-todo-emprendedor-guatemalteco\/\"><\/a><\/div><div class=\"eael-entry-thumbnail eael-image-ratio\">\n                <img loading=\"lazy\" decoding=\"async\" width=\"1024\" height=\"567\" src=\"https:\/\/soymigrante.com\/revista\/wp-content\/uploads\/2025\/05\/Guatemaltecos-emprendedores-sumense-a-SoyMigrante-MERCADO-3-1024x567.png\" class=\"attachment-large size-large wp-image-34002\" alt=\"Taza tradicional con dise\u00f1o colorido y estilo \u00e9tnico, ideal para caf\u00e9 y t\u00e9, perfecta para decorar y disfrutar en familia.\" \/>\n            <\/div>\n        <\/div><div class=\"eael-entry-wrapper\"><header class=\"eael-entry-header\"><h2 class=\"eael-entry-title\"><a class=\"eael-grid-post-link\" href=\"https:\/\/soymigrante.com\/revista\/soymigrante-mercado-tiene-puertas-abiertas-a-todo-emprendedor-guatemalteco\/\" title=\"SoyMigrante MERCADO tiene sus puertas abiertas a todo emprendedor guatemalteco\">SoyMigrante MERCADO tiene sus puertas abiertas a todo emprendedor guatemalteco<\/a><\/h2><\/header><div class=\"eael-entry-content\">\n                        <div class=\"eael-grid-post-excerpt\"><a href=\"https:\/\/soymigrante.com\/revista\/soymigrante-mercado-tiene-puertas-abiertas-a-todo-emprendedor-guatemalteco\/\" class=\"eael-post-elements-readmore-btn\">CONOCE SU HISTORIA <\/a><\/div>\n                    <\/div><\/div><\/div>\n        <\/div>\n    <\/article><article class=\"eael-grid-post  eael-post-grid-column eael-pg-post-30292 category-estamos-unidos tags-remesas-migrantes\" data-id=\"30292\">\n        <div class=\"eael-grid-post-holder\">\n            <div class=\"eael-grid-post-holder-inner\"><div class=\"eael-entry-media\"><div class=\"eael-entry-overlay fade-in\"><i class=\"far fa-hand-pointer\" aria-hidden=\"true\"><\/i><a href=\"https:\/\/soymigrante.com\/revista\/marzo-2025-marca-nuevo-pico-historico-en-envio-de-remesas-migrantes-a-guatemala\/\"><\/a><\/div><div class=\"eael-entry-thumbnail eael-image-ratio\">\n                <img loading=\"lazy\" decoding=\"async\" width=\"1024\" height=\"1024\" src=\"https:\/\/soymigrante.com\/revista\/wp-content\/uploads\/2025\/03\/remesas-migrantes-imagen-ia-de-envato.webp\" class=\"attachment-large size-large wp-image-27377\" alt=\"Pasajera leyendo en aeropuerto con vista a la ciudad y autob\u00fas amarillo en el fondo.\" srcset=\"https:\/\/soymigrante.com\/revista\/wp-content\/uploads\/2025\/03\/remesas-migrantes-imagen-ia-de-envato.webp 1024w, https:\/\/soymigrante.com\/revista\/wp-content\/uploads\/2025\/03\/remesas-migrantes-imagen-ia-de-envato-300x300.jpg 300w, https:\/\/soymigrante.com\/revista\/wp-content\/uploads\/2025\/03\/remesas-migrantes-imagen-ia-de-envato-150x150.jpg 150w, https:\/\/soymigrante.com\/revista\/wp-content\/uploads\/2025\/03\/remesas-migrantes-imagen-ia-de-envato-768x768.jpg 768w, https:\/\/soymigrante.com\/revista\/wp-content\/uploads\/2025\/03\/remesas-migrantes-imagen-ia-de-envato-75x75.webp 75w, https:\/\/soymigrante.com\/revista\/wp-content\/uploads\/2025\/03\/remesas-migrantes-imagen-ia-de-envato-750x750.webp 750w\" sizes=\"(max-width: 1024px) 100vw, 1024px\" \/>\n            <\/div>\n        <\/div><div class=\"eael-entry-wrapper\"><header class=\"eael-entry-header\"><h2 class=\"eael-entry-title\"><a class=\"eael-grid-post-link\" href=\"https:\/\/soymigrante.com\/revista\/marzo-2025-marca-nuevo-pico-historico-en-envio-de-remesas-migrantes-a-guatemala\/\" title=\"Marzo 2025 registra hist\u00f3rica escalada de remesas: m\u00e1s de US$2 mil millones\">Marzo 2025 registra hist\u00f3rica escalada de remesas: m\u00e1s de US$2 mil millones<\/a><\/h2><\/header><div class=\"eael-entry-content\">\n                        <div class=\"eael-grid-post-excerpt\"><a href=\"https:\/\/soymigrante.com\/revista\/marzo-2025-marca-nuevo-pico-historico-en-envio-de-remesas-migrantes-a-guatemala\/\" class=\"eael-post-elements-readmore-btn\">CONOCE SU HISTORIA <\/a><\/div>\n                    <\/div><\/div><\/div>\n        <\/div>\n    <\/article><\/div>\n            <div class=\"clearfix\"><\/div>\n        <\/div>            <div class=\"eael-load-more-button-wrap eael-force-hide\">\n                <button class=\"eael-load-more-button\" id=\"eael-load-more-btn-accd62e\" data-widget-id=\"accd62e\" data-widget=\"accd62e\" data-page-id=\"45476\" data-template=\"{&quot;dir&quot;:&quot;lite&quot;,&quot;file_name&quot;:&quot;one.php&quot;,&quot;name&quot;:&quot;Post-Grid&quot;}\" data-class=\"Essential_Addons_Elementor\\Elements\\Post_Grid\" data-layout=\"masonry\" data-page=\"1\" data-args=\"orderby=rand&amp;order=desc&amp;ignore_sticky_posts=1&amp;post_status=publish&amp;posts_per_page=3&amp;offset=0&amp;post_type=post&amp;tax_query%5B0%5D%5Btaxonomy%5D=category&amp;tax_query%5B0%5D%5Bfield%5D=term_id&amp;tax_query%5B0%5D%5Bterms%5D%5B0%5D=54&amp;tax_query%5Brelation%5D=AND&amp;author__in%5B0%5D=19\" data-max-page=\"28\">\n                    <span class=\"eael-btn-loader button__loader\"><\/span>\n                    <span class=\"eael_load_more_text\">Load More<\/span>\n                <\/button>\n            <\/div>\n            \t\t\t\t<\/div>\n\t\t\t\t\t<\/div>\n\t\t\t\t<\/div>\n\t\t\t\t<\/div>\n\t\t","protected":false},"excerpt":{"rendered":"<p>La guatemalteca Saidy Herrera fue reconocida por su impulso al desarrollo en Oklahoma y apoyo a los migrantes. La guatemalteca Saidy Herrera fue reconocida con el premio \u201c\u00c1ngel Guardi\u00e1n\u201d, entregado por la Agencia Latina de Oklahoma, una organizaci\u00f3n dedicada a impulsar el desarrollo, liderazgo y bienestar de la comunidad latina en Estados Unidos. Este galard\u00f3n [&hellip;]<\/p>\n","protected":false},"author":19,"featured_media":45477,"comment_status":"open","ping_status":"open","sticky":false,"template":"","format":"standard","meta":{"_acf_changed":false,"_eb_attr":"","footnotes":""},"categories":[58],"tags":[],"class_list":["post-45476","post","type-post","status-publish","format-standard","has-post-thumbnail","hentry","category-guate-nuestra"],"acf":[],"aioseo_notices":[],"aioseo_head":"\n\t\t<!-- All in One SEO Pro 4.9.6.2 - aioseo.com -->\n\t<meta name=\"description\" content=\"La voluntad y compromiso hist\u00f3rico de los migrantes guatemaltecos se expresa en un nuevo repunte en el env\u00edo de remesas\" \/>\n\t<meta name=\"robots\" content=\"max-snippet:-1, max-image-preview:large, max-video-preview:-1\" \/>\n\t<meta name=\"author\" content=\"Marysabel Aldana\"\/>\n\t<link rel=\"canonical\" href=\"https:\/\/soymigrante.com\/revista\/marzo-2025-marca-nuevo-pico-historico-en-envio-de-remesas-migrantes-a-guatemala\/\" \/>\n\t<meta name=\"generator\" content=\"All in One SEO Pro (AIOSEO) 4.9.6.2\" \/>\n\n\t\t<link rel=\"preconnect\" href=\"https:\/\/fonts.googleapis.com\" crossorigin>\n<link rel=\"preconnect\" href=\"https:\/\/fonts.gstatic.com\" crossorigin>\n\t\t<meta property=\"og:locale\" content=\"es_ES\" \/>\n\t\t<meta property=\"og:site_name\" content=\"SoyMigrante.com REVISTA \u2013 Nuestra misi\u00f3n es reconocer y dignificar al migrante.\" \/>\n\t\t<meta property=\"og:type\" content=\"article\" \/>\n\t\t<meta property=\"og:title\" content=\"Marzo 2025 marca nueva escalada de remesas migrantes\" \/>\n\t\t<meta property=\"og:description\" content=\"La voluntad y compromiso hist\u00f3rico de los migrantes guatemaltecos se expresa en un nuevo repunte en el env\u00edo de remesas\" \/>\n\t\t<meta property=\"og:url\" content=\"https:\/\/soymigrante.com\/revista\/marzo-2025-marca-nuevo-pico-historico-en-envio-de-remesas-migrantes-a-guatemala\/\" \/>\n\t\t<meta property=\"og:image\" content=\"https:\/\/soymigrante.com\/revista\/wp-content\/uploads\/2025\/03\/remesas-migrantes-imagen-ia-de-envato.webp\" \/>\n\t\t<meta property=\"og:image:secure_url\" content=\"https:\/\/soymigrante.com\/revista\/wp-content\/uploads\/2025\/03\/remesas-migrantes-imagen-ia-de-envato.webp\" \/>\n\t\t<meta property=\"og:image:width\" content=\"1024\" \/>\n\t\t<meta property=\"og:image:height\" content=\"1024\" \/>\n\t\t<meta property=\"article:published_time\" content=\"2025-04-08T00:42:09+00:00\" \/>\n\t\t<meta property=\"article:modified_time\" content=\"2025-04-08T01:05:34+00:00\" \/>\n\t\t<meta property=\"article:publisher\" content=\"https:\/\/www.facebook.com\/soymigrantecom\" \/>\n\t\t<meta name=\"twitter:card\" content=\"summary_large_image\" \/>\n\t\t<meta name=\"twitter:site\" content=\"@SoyMigrante_com\" \/>\n\t\t<meta name=\"twitter:title\" content=\"Marzo 2025 marca nueva escalada de remesas migrantes\" \/>\n\t\t<meta name=\"twitter:description\" content=\"La voluntad y compromiso hist\u00f3rico de los migrantes guatemaltecos se expresa en un nuevo repunte en el env\u00edo de remesas\" \/>\n\t\t<meta name=\"twitter:creator\" content=\"@SoyMigrante_com\" \/>\n\t\t<meta name=\"twitter:image\" content=\"https:\/\/soymigrante.com\/revista\/wp-content\/uploads\/2025\/03\/remesas-migrantes-imagen-ia-de-envato.webp\" \/>\n\t\t<!-- All in One SEO Pro -->\r\n\t\t<title>Marzo 2025 marca nueva escalada de remesas migrantes<\/title>\n\n","aioseo_head_json":{"title":"Marzo 2025 marca nueva escalada de remesas migrantes","description":"La voluntad y compromiso hist\u00f3rico de los migrantes guatemaltecos se expresa en un nuevo repunte en el env\u00edo de remesas","canonical_url":"https:\/\/soymigrante.com\/revista\/marzo-2025-marca-nuevo-pico-historico-en-envio-de-remesas-migrantes-a-guatemala\/","robots":"max-snippet:-1, max-image-preview:large, max-video-preview:-1","keywords":"","webmasterTools":{"miscellaneous":"&lt;link rel=\"preconnect\" href=\"https:\/\/fonts.googleapis.com\" crossorigin&gt;\n&lt;link rel=\"preconnect\" href=\"https:\/\/fonts.gstatic.com\" crossorigin&gt;"},"schema":null,"og:locale":"es_ES","og:site_name":"SoyMigrante.com REVISTA \u2013 Nuestra misi\u00f3n es reconocer y dignificar al migrante.","og:type":"article","og:title":"Marzo 2025 marca nueva escalada de remesas migrantes","og:description":"La voluntad y compromiso hist\u00f3rico de los migrantes guatemaltecos se expresa en un nuevo repunte en el env\u00edo de remesas","og:url":"https:\/\/soymigrante.com\/revista\/marzo-2025-marca-nuevo-pico-historico-en-envio-de-remesas-migrantes-a-guatemala\/","og:image":"https:\/\/soymigrante.com\/revista\/wp-content\/uploads\/2025\/03\/remesas-migrantes-imagen-ia-de-envato.webp","og:image:secure_url":"https:\/\/soymigrante.com\/revista\/wp-content\/uploads\/2025\/03\/remesas-migrantes-imagen-ia-de-envato.webp","og:image:width":1024,"og:image:height":1024,"article:published_time":"2025-04-08T00:42:09+00:00","article:modified_time":"2025-04-08T01:05:34+00:00","article:publisher":"https:\/\/www.facebook.com\/soymigrantecom","twitter:card":"summary_large_image","twitter:site":"@SoyMigrante_com","twitter:title":"Marzo 2025 marca nueva escalada de remesas migrantes","twitter:description":"La voluntad y compromiso hist\u00f3rico de los migrantes guatemaltecos se expresa en un nuevo repunte en el env\u00edo de remesas","twitter:creator":"@SoyMigrante_com","twitter:image":"https:\/\/soymigrante.com\/revista\/wp-content\/uploads\/2025\/03\/remesas-migrantes-imagen-ia-de-envato.webp"},"aioseo_meta_data":{"post_id":"45476","title":"Guatemalteca es premiada como Angel Guardi\u00e1n en Oklahoma","description":"La educadora migrante guatemalteca Saidy Herrera Orellana fue reconocida con el trofeo Guardian Angel por su aporte a la comunidad hispana en Oklahoma.","keywords":null,"keyphrases":{"focus":{"keyphrase":"guatemalteca","score":91,"analysis":{"keyphraseInTitle":{"score":9,"maxScore":9,"error":0},"keyphraseInDescription":{"score":9,"maxScore":9,"error":0},"keyphraseLength":{"score":9,"maxScore":9,"error":0,"length":1},"keyphraseInURL":{"score":5,"maxScore":5,"error":0},"keyphraseInIntroduction":{"score":9,"maxScore":9,"error":0},"keyphraseInSubHeadings":{"score":3,"maxScore":9,"error":1},"keyphraseInImageAlt":{"score":9,"maxScore":9,"error":0},"keywordDensity":{"type":"best","score":9,"maxScore":9,"error":0}}},"additional":[{"keyphrase":"Oklahoma","score":87,"analysis":{"keyphraseInDescription":{"score":9,"maxScore":9,"error":0},"keyphraseLength":{"score":9,"maxScore":9,"error":0,"length":1},"keyphraseInIntroduction":{"score":9,"maxScore":9,"error":0},"keyphraseInImageAlt":{"score":3,"maxScore":9,"error":1},"keywordDensity":{"type":"best","score":9,"maxScore":9,"error":0}}}]},"primary_term":null,"canonical_url":null,"og_title":null,"og_description":null,"og_object_type":"default","og_image_type":"default","og_image_url":null,"og_image_width":null,"og_image_height":null,"og_image_custom_url":null,"og_image_custom_fields":null,"og_video":"","og_custom_url":null,"og_article_section":null,"og_article_tags":null,"twitter_use_og":false,"twitter_card":"default","twitter_image_type":"default","twitter_image_url":null,"twitter_image_custom_url":null,"twitter_image_custom_fields":null,"twitter_title":null,"twitter_description":null,"schema":{"blockGraphs":[],"customGraphs":[],"default":{"data":{"Article":[],"Course":[],"Dataset":[],"FAQPage":[],"Movie":[],"Person":[],"Product":[],"ProductReview":[],"Car":[],"Recipe":[],"Service":[],"SoftwareApplication":[],"WebPage":[]},"graphName":"none","isEnabled":true},"graphs":[]},"schema_type":"default","schema_type_options":null,"pillar_content":false,"robots_default":true,"robots_noindex":false,"robots_noarchive":false,"robots_nosnippet":false,"robots_nofollow":false,"robots_noimageindex":false,"robots_noodp":false,"robots_notranslate":false,"robots_max_snippet":"-1","robots_max_videopreview":"-1","robots_max_imagepreview":"large","priority":null,"frequency":"default","local_seo":null,"seo_analyzer_scan_date":"2025-10-09 08:40:32","breadcrumb_settings":null,"limit_modified_date":false,"reviewed_by":"0","open_ai":null,"ai":{"faqs":[],"keyPoints":[],"titles":[],"descriptions":[],"socialPosts":{"email":[],"linkedin":[],"twitter":[],"facebook":[],"instagram":[]}},"created":"2025-09-19 17:16:48","updated":"2026-02-05 05:38:39"},"aioseo_breadcrumb":"<div class=\"aioseo-breadcrumbs\"><span class=\"aioseo-breadcrumb\">\n\t<a href=\"https:\/\/soymigrante.com\/revista\" title=\"Home\">Home<\/a>\n<\/span><span class=\"aioseo-breadcrumb-separator\">\u00bb<\/span><span class=\"aioseo-breadcrumb\">\n\t<a href=\"https:\/\/soymigrante.com\/revista\/category\/guate-nuestra\/\" title=\"Guate Nuestra\">Guate Nuestra<\/a>\n<\/span><span class=\"aioseo-breadcrumb-separator\">\u00bb<\/span><span class=\"aioseo-breadcrumb\">\n\tGuatemalteca Saidy Herrera Orellana recibe premio \u00c1ngel Guardi\u00e1n en Oklahoma\n<\/span><\/div>","aioseo_breadcrumb_json":[{"label":"Home","link":"https:\/\/soymigrante.com\/revista"},{"label":"Guate Nuestra","link":"https:\/\/soymigrante.com\/revista\/category\/guate-nuestra\/"},{"label":"Guatemalteca Saidy Herrera Orellana recibe premio \u00c1ngel Guardi\u00e1n en Oklahoma","link":"https:\/\/soymigrante.com\/revista\/guatemalteca-saidy-orellana-recibe-premio-angel-guardian-en-oklahoma\/"}],"_links":{"self":[{"href":"https:\/\/soymigrante.com\/revista\/wp-json\/wp\/v2\/posts\/45476","targetHints":{"allow":["GET"]}}],"collection":[{"href":"https:\/\/soymigrante.com\/revista\/wp-json\/wp\/v2\/posts"}],"about":[{"href":"https:\/\/soymigrante.com\/revista\/wp-json\/wp\/v2\/types\/post"}],"author":[{"embeddable":true,"href":"https:\/\/soymigrante.com\/revista\/wp-json\/wp\/v2\/users\/19"}],"replies":[{"embeddable":true,"href":"https:\/\/soymigrante.com\/revista\/wp-json\/wp\/v2\/comments?post=45476"}],"version-history":[{"count":10,"href":"https:\/\/soymigrante.com\/revista\/wp-json\/wp\/v2\/posts\/45476\/revisions"}],"predecessor-version":[{"id":46078,"href":"https:\/\/soymigrante.com\/revista\/wp-json\/wp\/v2\/posts\/45476\/revisions\/46078"}],"wp:featuredmedia":[{"embeddable":true,"href":"https:\/\/soymigrante.com\/revista\/wp-json\/wp\/v2\/media\/45477"}],"wp:attachment":[{"href":"https:\/\/soymigrante.com\/revista\/wp-json\/wp\/v2\/media?parent=45476"}],"wp:term":[{"taxonomy":"category","embeddable":true,"href":"https:\/\/soymigrante.com\/revista\/wp-json\/wp\/v2\/categories?post=45476"},{"taxonomy":"post_tag","embeddable":true,"href":"https:\/\/soymigrante.com\/revista\/wp-json\/wp\/v2\/tags?post=45476"}],"curies":[{"name":"wp","href":"https:\/\/api.w.org\/{rel}","templated":true}]}}