{"id":45370,"date":"2025-09-18T13:48:44","date_gmt":"2025-09-18T19:48:44","guid":{"rendered":"https:\/\/soymigrante.com\/revista\/?p=45370"},"modified":"2025-09-18T22:22:46","modified_gmt":"2025-09-19T04:22:46","slug":"cafe-clarita-tradicion-y-sabor-desde-alta-verapaz","status":"publish","type":"post","link":"https:\/\/soymigrante.com\/revista\/cafe-clarita-tradicion-y-sabor-desde-alta-verapaz\/","title":{"rendered":"Caf\u00e9 Clarita: tradici\u00f3n y sabor desde Alta Verapaz (video)"},"content":{"rendered":"\t\t<div data-elementor-type=\"wp-post\" data-elementor-id=\"45370\" class=\"elementor elementor-45370\" data-elementor-post-type=\"post\">\n\t\t\t\t<div data-particle_enable=\"false\" data-particle-mobile-disabled=\"false\" class=\"elementor-element elementor-element-1aa67b9d e-flex e-con-boxed e-con e-parent\" data-id=\"1aa67b9d\" data-element_type=\"container\" data-e-type=\"container\">\n\t\t\t\t\t<div class=\"e-con-inner\">\n\t\t\t\t<div class=\"elementor-element elementor-element-73778025 elementor-widget elementor-widget-text-editor\" data-id=\"73778025\" data-element_type=\"widget\" data-e-type=\"widget\" data-widget_type=\"text-editor.default\">\n\t\t\t\t\t\t\t\t\t\n<p>Desde las monta\u00f1as de Alta Verapaz, Edson Cat\u00fan cultiva con dedicaci\u00f3n el Caf\u00e9 Santa Clarita, un caf\u00e9 que nace con amor desde la ra\u00edz. \ud83c\udf31\u2615 Cada grano es cosechado a mano y tostado con cuidado, llevando a tu taza la esencia y el orgullo de Guatemala.<\/p>\n\n<p>\u2728 En este video descubrir\u00e1s la historia de Edson y su familia, quienes mantienen viva la tradici\u00f3n cafetalera con pasi\u00f3n y esperanza.<\/p>\n\n<p>\ud83d\udc49 Apoya su trabajo comprando Caf\u00e9 Santa Clarita en SoyMigrante.com MERCADO: <a title=\"\" href=\"https:\/\/soymigrante.com\/mercado\/marketplace\/Kape-Finca-Clarita\">https:\/\/soymigrante.com\/mercado\/marketplace\/Kape-Finca-Clarita<\/a><\/p>\n\n<p>Cada compra impulsa sue\u00f1os, fortalece comunidades y celebra lo hecho a mano en Guatemala. \ud83d\udc9b<\/p>\n\n<p>\u00a0<\/p>\n\n<p>\u00bfQuieres conocer m\u00e1s detalles sobre Edson Cat\u00fan y c\u00f3mo naci\u00f3 Caf\u00e9 Santa Clarita? Lee su historia completa aqu\u00ed: <a title=\"\" href=\"https:\/\/soymigrante.com\/revista\/cafe-santa-clarita-cultivado-con-carino-desde-la-raiz-en-alta-verapaz-y-ahora-esta-en-mercado\/\">https:\/\/soymigrante.com\/revista\/cafe-santa-clarita-cultivado-con-carino-desde-la-raiz-en-alta-verapaz-y-ahora-esta-en-mercado\/<\/a><\/p>\n\n<p>\u00a0<\/p>\n\t\t\t\t\t\t\t\t<\/div>\n\t\t\t\t\t<\/div>\n\t\t\t\t<\/div>\n\t\t\t\t<\/div>\n\t\t","protected":false},"excerpt":{"rendered":"<p>Desde las monta\u00f1as de Alta Verapaz, Edson Cat\u00fan cultiva con dedicaci\u00f3n el Caf\u00e9 Santa Clarita, un caf\u00e9 que nace con amor desde la ra\u00edz. \ud83c\udf31\u2615 Cada grano es cosechado a mano y tostado con cuidado, llevando a tu taza la esencia y el orgullo de Guatemala. \u2728 En este video descubrir\u00e1s la historia de Edson [&hellip;]<\/p>\n","protected":false},"author":1,"featured_media":45387,"comment_status":"open","ping_status":"open","sticky":false,"template":"","format":"video","meta":{"_acf_changed":false,"_eb_attr":"","footnotes":""},"categories":[58,45],"tags":[130],"class_list":["post-45370","post","type-post","status-publish","format-video","has-post-thumbnail","hentry","category-guate-nuestra","category-videos","tag-mercado-emprendedores","post_format-post-format-video"],"acf":[],"aioseo_notices":[],"aioseo_head":"\n\t\t<!-- All in One SEO Pro 4.9.6.2 - aioseo.com -->\n\t<meta name=\"description\" content=\"Descubre Caf\u00e9 Santa Clarita de Edson Cat\u00fan, cultivado en Alta Verapaz con amor y tradici\u00f3n. Caf\u00e9 guatemalteco hecho a mano, directo a tu mesa.\" \/>\n\t<meta name=\"robots\" content=\"max-snippet:-1, max-image-preview:large, max-video-preview:-1\" \/>\n\t<meta name=\"author\" content=\"SoyMigrante.com REVISTA\"\/>\n\t<link rel=\"canonical\" href=\"https:\/\/soymigrante.com\/revista\/cafe-clarita-tradicion-y-sabor-desde-alta-verapaz\/\" \/>\n\t<meta name=\"generator\" content=\"All in One SEO Pro (AIOSEO) 4.9.6.2\" \/>\n\n\t\t<link rel=\"preconnect\" href=\"https:\/\/fonts.googleapis.com\" crossorigin>\n<link rel=\"preconnect\" href=\"https:\/\/fonts.gstatic.com\" crossorigin>\n\t\t<meta property=\"og:locale\" content=\"es_ES\" \/>\n\t\t<meta property=\"og:site_name\" content=\"SoyMigrante.com REVISTA \u2013 Nuestra misi\u00f3n es reconocer y dignificar al migrante.\" \/>\n\t\t<meta property=\"og:type\" content=\"article\" \/>\n\t\t<meta property=\"og:title\" content=\"Caf\u00e9 Clarita: tradici\u00f3n y sabor desde Alta Verapaz (video)\" \/>\n\t\t<meta property=\"og:description\" content=\"Descubre Caf\u00e9 Santa Clarita de Edson Cat\u00fan, cultivado en Alta Verapaz con amor y tradici\u00f3n. Caf\u00e9 guatemalteco hecho a mano, directo a tu mesa.\" \/>\n\t\t<meta property=\"og:url\" content=\"https:\/\/soymigrante.com\/revista\/cafe-clarita-tradicion-y-sabor-desde-alta-verapaz\/\" \/>\n\t\t<meta property=\"og:image\" content=\"https:\/\/soymigrante.com\/revista\/wp-content\/uploads\/2025\/09\/cafe-santa-clarita-tradicion-y-sabor-desde-alta-verapaz.jpg\" \/>\n\t\t<meta property=\"og:image:secure_url\" content=\"https:\/\/soymigrante.com\/revista\/wp-content\/uploads\/2025\/09\/cafe-santa-clarita-tradicion-y-sabor-desde-alta-verapaz.jpg\" \/>\n\t\t<meta property=\"og:image:width\" content=\"1280\" \/>\n\t\t<meta property=\"og:image:height\" content=\"720\" \/>\n\t\t<meta property=\"article:published_time\" content=\"2025-09-18T19:48:44+00:00\" \/>\n\t\t<meta property=\"article:modified_time\" content=\"2025-09-19T04:22:46+00:00\" \/>\n\t\t<meta property=\"article:publisher\" content=\"https:\/\/www.facebook.com\/soymigrantecom\" \/>\n\t\t<meta name=\"twitter:card\" content=\"summary_large_image\" \/>\n\t\t<meta name=\"twitter:site\" content=\"@SoyMigrante_com\" \/>\n\t\t<meta name=\"twitter:title\" content=\"Caf\u00e9 Clarita: tradici\u00f3n y sabor desde Alta Verapaz (video)\" \/>\n\t\t<meta name=\"twitter:description\" content=\"Descubre Caf\u00e9 Santa Clarita de Edson Cat\u00fan, cultivado en Alta Verapaz con amor y tradici\u00f3n. Caf\u00e9 guatemalteco hecho a mano, directo a tu mesa.\" \/>\n\t\t<meta name=\"twitter:creator\" content=\"@SoyMigrante_com\" \/>\n\t\t<meta name=\"twitter:image\" content=\"https:\/\/soymigrante.com\/revista\/wp-content\/uploads\/2025\/09\/cafe-santa-clarita-tradicion-y-sabor-desde-alta-verapaz.jpg\" \/>\n\t\t<!-- All in One SEO Pro -->\r\n\t\t<title>Caf\u00e9 Clarita: tradici\u00f3n y sabor desde Alta Verapaz (video)<\/title>\n\n","aioseo_head_json":{"title":"Caf\u00e9 Clarita: tradici\u00f3n y sabor desde Alta Verapaz (video)","description":"Descubre Caf\u00e9 Santa Clarita de Edson Cat\u00fan, cultivado en Alta Verapaz con amor y tradici\u00f3n. Caf\u00e9 guatemalteco hecho a mano, directo a tu mesa.","canonical_url":"https:\/\/soymigrante.com\/revista\/cafe-clarita-tradicion-y-sabor-desde-alta-verapaz\/","robots":"max-snippet:-1, max-image-preview:large, max-video-preview:-1","keywords":"","webmasterTools":{"miscellaneous":"&lt;link rel=\"preconnect\" href=\"https:\/\/fonts.googleapis.com\" crossorigin&gt;\n&lt;link rel=\"preconnect\" href=\"https:\/\/fonts.gstatic.com\" crossorigin&gt;"},"schema":null,"og:locale":"es_ES","og:site_name":"SoyMigrante.com REVISTA \u2013 Nuestra misi\u00f3n es reconocer y dignificar al migrante.","og:type":"article","og:title":"Caf\u00e9 Clarita: tradici\u00f3n y sabor desde Alta Verapaz (video)","og:description":"Descubre Caf\u00e9 Santa Clarita de Edson Cat\u00fan, cultivado en Alta Verapaz con amor y tradici\u00f3n. Caf\u00e9 guatemalteco hecho a mano, directo a tu mesa.","og:url":"https:\/\/soymigrante.com\/revista\/cafe-clarita-tradicion-y-sabor-desde-alta-verapaz\/","og:image":"https:\/\/soymigrante.com\/revista\/wp-content\/uploads\/2025\/09\/cafe-santa-clarita-tradicion-y-sabor-desde-alta-verapaz.jpg","og:image:secure_url":"https:\/\/soymigrante.com\/revista\/wp-content\/uploads\/2025\/09\/cafe-santa-clarita-tradicion-y-sabor-desde-alta-verapaz.jpg","og:image:width":1280,"og:image:height":720,"article:published_time":"2025-09-18T19:48:44+00:00","article:modified_time":"2025-09-19T04:22:46+00:00","article:publisher":"https:\/\/www.facebook.com\/soymigrantecom","twitter:card":"summary_large_image","twitter:site":"@SoyMigrante_com","twitter:title":"Caf\u00e9 Clarita: tradici\u00f3n y sabor desde Alta Verapaz (video)","twitter:description":"Descubre Caf\u00e9 Santa Clarita de Edson Cat\u00fan, cultivado en Alta Verapaz con amor y tradici\u00f3n. Caf\u00e9 guatemalteco hecho a mano, directo a tu mesa.","twitter:creator":"@SoyMigrante_com","twitter:image":"https:\/\/soymigrante.com\/revista\/wp-content\/uploads\/2025\/09\/cafe-santa-clarita-tradicion-y-sabor-desde-alta-verapaz.jpg"},"aioseo_meta_data":{"post_id":"45370","title":null,"description":"Descubre Caf\u00e9 Santa Clarita de Edson Cat\u00fan, cultivado en Alta Verapaz con amor y tradici\u00f3n. Caf\u00e9 guatemalteco hecho a mano, directo a tu mesa.","keywords":null,"keyphrases":{"focus":{"keyphrase":"Santa Clarita","score":80,"analysis":{"keyphraseInTitle":{"score":3,"maxScore":9,"error":1},"keyphraseInDescription":{"score":9,"maxScore":9,"error":0},"keyphraseLength":{"score":9,"maxScore":9,"error":0,"length":2},"keyphraseInURL":{"score":1,"maxScore":5,"error":1},"keyphraseInIntroduction":{"score":9,"maxScore":9,"error":0},"keyphraseInSubHeadings":[],"keyphraseInImageAlt":[],"keywordDensity":{"type":"best","score":9,"maxScore":9,"error":0}}},"additional":[{"keyphrase":"Cafe","score":67,"analysis":{"keyphraseInDescription":{"score":3,"maxScore":9,"error":1},"keyphraseLength":{"score":9,"maxScore":9,"error":0,"length":1},"keyphraseInIntroduction":{"score":3,"maxScore":9,"error":1},"keyphraseInImageAlt":[],"keywordDensity":{"type":"best","score":9,"maxScore":9,"error":0}}}]},"primary_term":null,"canonical_url":null,"og_title":null,"og_description":null,"og_object_type":"default","og_image_type":"default","og_image_url":null,"og_image_width":null,"og_image_height":null,"og_image_custom_url":null,"og_image_custom_fields":null,"og_video":"","og_custom_url":null,"og_article_section":null,"og_article_tags":null,"twitter_use_og":false,"twitter_card":"default","twitter_image_type":"default","twitter_image_url":null,"twitter_image_custom_url":null,"twitter_image_custom_fields":null,"twitter_title":null,"twitter_description":null,"schema":{"blockGraphs":[],"customGraphs":[],"default":{"data":{"Article":[],"Course":[],"Dataset":[],"FAQPage":[],"Movie":[],"Person":[],"Product":[],"ProductReview":[],"Car":[],"Recipe":[],"Service":[],"SoftwareApplication":[],"WebPage":[]},"graphName":"none","isEnabled":true},"graphs":[]},"schema_type":"default","schema_type_options":null,"pillar_content":false,"robots_default":true,"robots_noindex":false,"robots_noarchive":false,"robots_nosnippet":false,"robots_nofollow":false,"robots_noimageindex":false,"robots_noodp":false,"robots_notranslate":false,"robots_max_snippet":"-1","robots_max_videopreview":"-1","robots_max_imagepreview":"large","priority":null,"frequency":"default","local_seo":null,"seo_analyzer_scan_date":"2025-10-09 08:37:43","breadcrumb_settings":null,"limit_modified_date":false,"reviewed_by":"0","open_ai":null,"ai":{"faqs":[],"keyPoints":[],"titles":[],"descriptions":[],"socialPosts":{"email":[],"linkedin":[],"twitter":[],"facebook":[],"instagram":[]}},"created":"2025-09-18 19:37:25","updated":"2026-02-05 05:38:37"},"aioseo_breadcrumb":"<div class=\"aioseo-breadcrumbs\"><span class=\"aioseo-breadcrumb\">\n\t<a href=\"https:\/\/soymigrante.com\/revista\" title=\"Home\">Home<\/a>\n<\/span><span class=\"aioseo-breadcrumb-separator\">\u00bb<\/span><span class=\"aioseo-breadcrumb\">\n\t<a href=\"https:\/\/soymigrante.com\/revista\/category\/videos\/\" title=\"Videos\">Videos<\/a>\n<\/span><span class=\"aioseo-breadcrumb-separator\">\u00bb<\/span><span class=\"aioseo-breadcrumb\">\n\tCaf\u00e9 Clarita: tradici\u00f3n y sabor desde Alta Verapaz (video)\n<\/span><\/div>","aioseo_breadcrumb_json":[{"label":"Home","link":"https:\/\/soymigrante.com\/revista"},{"label":"Videos","link":"https:\/\/soymigrante.com\/revista\/category\/videos\/"},{"label":"Caf\u00e9 Clarita: tradici\u00f3n y sabor desde Alta Verapaz (video)","link":"https:\/\/soymigrante.com\/revista\/cafe-clarita-tradicion-y-sabor-desde-alta-verapaz\/"}],"_links":{"self":[{"href":"https:\/\/soymigrante.com\/revista\/wp-json\/wp\/v2\/posts\/45370","targetHints":{"allow":["GET"]}}],"collection":[{"href":"https:\/\/soymigrante.com\/revista\/wp-json\/wp\/v2\/posts"}],"about":[{"href":"https:\/\/soymigrante.com\/revista\/wp-json\/wp\/v2\/types\/post"}],"author":[{"embeddable":true,"href":"https:\/\/soymigrante.com\/revista\/wp-json\/wp\/v2\/users\/1"}],"replies":[{"embeddable":true,"href":"https:\/\/soymigrante.com\/revista\/wp-json\/wp\/v2\/comments?post=45370"}],"version-history":[{"count":7,"href":"https:\/\/soymigrante.com\/revista\/wp-json\/wp\/v2\/posts\/45370\/revisions"}],"predecessor-version":[{"id":45417,"href":"https:\/\/soymigrante.com\/revista\/wp-json\/wp\/v2\/posts\/45370\/revisions\/45417"}],"wp:featuredmedia":[{"embeddable":true,"href":"https:\/\/soymigrante.com\/revista\/wp-json\/wp\/v2\/media\/45387"}],"wp:attachment":[{"href":"https:\/\/soymigrante.com\/revista\/wp-json\/wp\/v2\/media?parent=45370"}],"wp:term":[{"taxonomy":"category","embeddable":true,"href":"https:\/\/soymigrante.com\/revista\/wp-json\/wp\/v2\/categories?post=45370"},{"taxonomy":"post_tag","embeddable":true,"href":"https:\/\/soymigrante.com\/revista\/wp-json\/wp\/v2\/tags?post=45370"}],"curies":[{"name":"wp","href":"https:\/\/api.w.org\/{rel}","templated":true}]}}