{"id":45329,"date":"2025-09-20T11:50:24","date_gmt":"2025-09-20T17:50:24","guid":{"rendered":"https:\/\/soymigrante.com\/revista\/?p=45329"},"modified":"2025-09-20T11:52:46","modified_gmt":"2025-09-20T17:52:46","slug":"mira-arte-guatemalteco-marco-augusto-quiroa-rompio-esquemas-con-ingenio-y-humor-critico","status":"publish","type":"post","link":"https:\/\/soymigrante.com\/revista\/mira-arte-guatemalteco-marco-augusto-quiroa-rompio-esquemas-con-ingenio-y-humor-critico\/","title":{"rendered":"Mira arte guatemalteco: Marco Augusto Quiroa rompi\u00f3 esquemas con ingenio y humor cr\u00edtico"},"content":{"rendered":"\t\t<div data-elementor-type=\"wp-post\" data-elementor-id=\"45329\" class=\"elementor elementor-45329\" data-elementor-post-type=\"post\">\n\t\t\t\t<div data-particle_enable=\"false\" data-particle-mobile-disabled=\"false\" class=\"elementor-element elementor-element-c8879c3 e-flex e-con-boxed e-con e-parent\" data-id=\"c8879c3\" data-element_type=\"container\" data-e-type=\"container\">\n\t\t\t\t\t<div class=\"e-con-inner\">\n\t\t\t\t<div class=\"elementor-element elementor-element-877e972 elementor-widget elementor-widget-heading\" data-id=\"877e972\" data-element_type=\"widget\" data-e-type=\"widget\" data-widget_type=\"heading.default\">\n\t\t\t\t\t<h2 class=\"elementor-heading-title elementor-size-default\">Marco Augusto Quiroa (1937-2004) dibuj\u00f3, pint\u00f3, escribi\u00f3 cuentos e historietas. Su obra exhibe un universo latinoamericano que recuerda el muralismo pero sobre lienzos con un estilo depurado, l\u00ednea exacta y palabra sorpresiva.\n<\/h2>\t\t\t\t<\/div>\n\t\t\t\t\t<\/div>\n\t\t\t\t<\/div>\n\t\t<div data-particle_enable=\"false\" data-particle-mobile-disabled=\"false\" class=\"elementor-element elementor-element-0d7dd8b e-flex e-con-boxed e-con e-parent\" data-id=\"0d7dd8b\" data-element_type=\"container\" data-e-type=\"container\">\n\t\t\t\t\t<div class=\"e-con-inner\">\n\t\t\t\t<div class=\"elementor-element elementor-element-d3538f7 elementor-widget elementor-widget-text-editor\" data-id=\"d3538f7\" data-element_type=\"widget\" data-e-type=\"widget\" data-widget_type=\"text-editor.default\">\n\t\t\t\t\t\t\t\t\t<p>El arte guatemalteco del siglo XX no puede entenderse sin mencionar a <a href=\"https:\/\/galeriaproarte.com\/?member=marco-augusto-quiroa\" target=\"_blank\" rel=\"noopener\">Marco Augusto Quiroa<\/a> (1937-2004), originario de Chicacao, Suchitep\u00e9quez, es uno de los creadores m\u00e1s vers\u00e1tiles y desenfadados de la regi\u00f3n. Escritor, pintor, grabador y escultor, su obra se caracteriz\u00f3 por un esp\u00edritu cr\u00edtico, irreverente y profundamente ligado a la identidad chapina.<\/p>\n<p>No solo fue artista visual sino tambi\u00e9n un ingenioso cuentista, con relatos en los que aborda crudas realidades, mitos populares y escenas sorpresivas. De hecho, sol\u00eda considerarse a s\u00ed mismo un &#8220;Gato Viejo&#8221;, que fue el t\u00edtulo de uno de sus libros de relatos. Era un tipo sonriente, gran conversador y de gran agilidad para dibujar.<\/p>\t\t\t\t\t\t\t\t<\/div>\n\t\t\t\t\t<\/div>\n\t\t\t\t<\/div>\n\t\t<div data-particle_enable=\"false\" data-particle-mobile-disabled=\"false\" class=\"elementor-element elementor-element-946930a e-flex e-con-boxed e-con e-parent\" data-id=\"946930a\" data-element_type=\"container\" data-e-type=\"container\">\n\t\t\t\t\t<div class=\"e-con-inner\">\n\t\t\t\t<div class=\"elementor-element elementor-element-5bf3287 elementor-widget elementor-widget-image\" data-id=\"5bf3287\" data-element_type=\"widget\" data-e-type=\"widget\" data-widget_type=\"image.default\">\n\t\t\t\t\t\t\t\t\t\t\t\t<figure class=\"wp-caption\">\n\t\t\t\t\t\t\t\t\t\t<img fetchpriority=\"high\" decoding=\"async\" width=\"373\" height=\"447\" src=\"https:\/\/soymigrante.com\/revista\/wp-content\/uploads\/2025\/09\/pintura-marco-augusto-quiroa.png\" class=\"attachment-large size-large wp-image-45567\" alt=\"El Gato Viejo, pintura de Marco Augusto Quiroa que ilustraba la portada de su libro de cuentos del mismo t\u00edtulo.\" srcset=\"https:\/\/soymigrante.com\/revista\/wp-content\/uploads\/2025\/09\/pintura-marco-augusto-quiroa.png 373w, https:\/\/soymigrante.com\/revista\/wp-content\/uploads\/2025\/09\/pintura-marco-augusto-quiroa-250x300.png 250w\" sizes=\"(max-width: 373px) 100vw, 373px\" title=\"El Gato Viejo, pintura de Marco Augusto Quiroa que ilustraba la portada de su libro de cuentos del mismo t\u00edtulo. \u2013 SoyMigrante.com REVISTA\" \/>\t\t\t\t\t\t\t\t\t\t\t<figcaption class=\"widget-image-caption wp-caption-text\">El Gato Viejo, pintura de Marco Augusto Quiroa que ilustraba la portada de su libro de cuentos del mismo t\u00edtulo.<\/figcaption>\n\t\t\t\t\t\t\t\t\t\t<\/figure>\n\t\t\t\t\t\t\t\t\t<\/div>\n\t\t\t\t\t<\/div>\n\t\t\t\t<\/div>\n\t\t<div data-particle_enable=\"false\" data-particle-mobile-disabled=\"false\" class=\"elementor-element elementor-element-03e62bb e-flex e-con-boxed e-con e-parent\" data-id=\"03e62bb\" data-element_type=\"container\" data-e-type=\"container\">\n\t\t\t\t\t<div class=\"e-con-inner\">\n\t\t\t\t<div class=\"elementor-element elementor-element-79d0ea4 elementor-widget elementor-widget-heading\" data-id=\"79d0ea4\" data-element_type=\"widget\" data-e-type=\"widget\" data-widget_type=\"heading.default\">\n\t\t\t\t\t<h3 class=\"elementor-heading-title elementor-size-default\">Un artista que rompi\u00f3 moldes<\/h3>\t\t\t\t<\/div>\n\t\t\t\t\t<\/div>\n\t\t\t\t<\/div>\n\t\t<div data-particle_enable=\"false\" data-particle-mobile-disabled=\"false\" class=\"elementor-element elementor-element-5fb4d6c e-flex e-con-boxed e-con e-parent\" data-id=\"5fb4d6c\" data-element_type=\"container\" data-e-type=\"container\">\n\t\t\t\t\t<div class=\"e-con-inner\">\n\t\t\t\t<div class=\"elementor-element elementor-element-4d69acf elementor-widget elementor-widget-text-editor\" data-id=\"4d69acf\" data-element_type=\"widget\" data-e-type=\"widget\" data-widget_type=\"text-editor.default\">\n\t\t\t\t\t\t\t\t\t<p>Nacido en la Ciudad de Guatemala en 1937, Quiroa creci\u00f3 en un pa\u00eds marcado por contrastes sociales y culturales. Su formaci\u00f3n art\u00edstica no sigui\u00f3 los c\u00e1nones tradicionales, pues prefer\u00eda explorar, experimentar y confrontar. Fue un autodidacta que transit\u00f3 entre la literatura y las artes visuales, generando una producci\u00f3n h\u00edbrida y singular.<\/p><p>Como escritor, dej\u00f3 cuentos y ensayos cargados de iron\u00eda y cr\u00edtica social. Como pintor y escultor, cre\u00f3 piezas intensas, con un lenguaje propio que combinaba s\u00edmbolos prehisp\u00e1nicos, humor negro y gestos de protesta frente a la realidad guatemalteca. Su estilo fue considerado vanguardista y contestatario.<\/p>\t\t\t\t\t\t\t\t<\/div>\n\t\t\t\t\t<\/div>\n\t\t\t\t<\/div>\n\t\t<div data-particle_enable=\"false\" data-particle-mobile-disabled=\"false\" class=\"elementor-element elementor-element-de9b70b e-flex e-con-boxed e-con e-parent\" data-id=\"de9b70b\" data-element_type=\"container\" data-e-type=\"container\">\n\t\t\t\t\t<div class=\"e-con-inner\">\n\t\t\t\t<div class=\"elementor-element elementor-element-f8ce3bd elementor-widget elementor-widget-image\" data-id=\"f8ce3bd\" data-element_type=\"widget\" data-e-type=\"widget\" data-widget_type=\"image.default\">\n\t\t\t\t\t\t\t\t\t\t\t\t<figure class=\"wp-caption\">\n\t\t\t\t\t\t\t\t\t\t<img decoding=\"async\" width=\"526\" height=\"709\" src=\"https:\/\/soymigrante.com\/revista\/wp-content\/uploads\/2025\/09\/Marco-Augusto-Quiroa2.jpeg\" class=\"attachment-large size-large wp-image-45344\" alt=\"El arte de Marco Augusto Quiroa fue llamativo y con colores vibrantes.\" srcset=\"https:\/\/soymigrante.com\/revista\/wp-content\/uploads\/2025\/09\/Marco-Augusto-Quiroa2.jpeg 526w, https:\/\/soymigrante.com\/revista\/wp-content\/uploads\/2025\/09\/Marco-Augusto-Quiroa2-223x300.jpeg 223w\" sizes=\"(max-width: 526px) 100vw, 526px\" title=\"El arte de Marco Augusto Quiroa fue llamativo y con colores vibrantes. \u2013 SoyMigrante.com REVISTA\" \/>\t\t\t\t\t\t\t\t\t\t\t<figcaption class=\"widget-image-caption wp-caption-text\">El arte de Marco Augusto Quiroa fue llamativo y con colores vibrantes.<\/figcaption>\n\t\t\t\t\t\t\t\t\t\t<\/figure>\n\t\t\t\t\t\t\t\t\t<\/div>\n\t\t\t\t\t<\/div>\n\t\t\t\t<\/div>\n\t\t<div data-particle_enable=\"false\" data-particle-mobile-disabled=\"false\" class=\"elementor-element elementor-element-d9f9400 e-flex e-con-boxed e-con e-parent\" data-id=\"d9f9400\" data-element_type=\"container\" data-e-type=\"container\">\n\t\t\t\t\t<div class=\"e-con-inner\">\n\t\t\t\t<div class=\"elementor-element elementor-element-394143d elementor-widget elementor-widget-heading\" data-id=\"394143d\" data-element_type=\"widget\" data-e-type=\"widget\" data-widget_type=\"heading.default\">\n\t\t\t\t\t<h3 class=\"elementor-heading-title elementor-size-default\">Una vida entregada al arte<\/h3>\t\t\t\t<\/div>\n\t\t\t\t\t<\/div>\n\t\t\t\t<\/div>\n\t\t<div data-particle_enable=\"false\" data-particle-mobile-disabled=\"false\" class=\"elementor-element elementor-element-486f1c7 e-flex e-con-boxed e-con e-parent\" data-id=\"486f1c7\" data-element_type=\"container\" data-e-type=\"container\">\n\t\t\t\t\t<div class=\"e-con-inner\">\n\t\t\t\t<div class=\"elementor-element elementor-element-98dc626 elementor-widget elementor-widget-text-editor\" data-id=\"98dc626\" data-element_type=\"widget\" data-e-type=\"widget\" data-widget_type=\"text-editor.default\">\n\t\t\t\t\t\t\t\t\t<p>A lo largo de su carrera, particip\u00f3 en m\u00faltiples exposiciones nacionales e internacionales. Su obra trascendi\u00f3 fronteras y fue reconocida por instituciones de prestigio. Adem\u00e1s, form\u00f3 parte de una generaci\u00f3n de artistas que busc\u00f3 nuevas formas de expresi\u00f3n en medio de un contexto pol\u00edtico complejo.<\/p><p><a href=\"https:\/\/galeriaproarte.com\/?member=marco-augusto-quiroa\" target=\"_blank\" rel=\"noopener\">Quiroa tambi\u00e9n fue un gran narrador oral, un personaje de voz potente y carisma indiscutible<\/a> que impregnaba de teatralidad cualquier conversaci\u00f3n.<\/p>\t\t\t\t\t\t\t\t<\/div>\n\t\t\t\t\t<\/div>\n\t\t\t\t<\/div>\n\t\t<div data-particle_enable=\"false\" data-particle-mobile-disabled=\"false\" class=\"elementor-element elementor-element-51bb71b e-flex e-con-boxed e-con e-parent\" data-id=\"51bb71b\" data-element_type=\"container\" data-e-type=\"container\">\n\t\t\t\t\t<div class=\"e-con-inner\">\n\t\t\t\t<div class=\"elementor-element elementor-element-9a62a4a elementor-widget elementor-widget-image\" data-id=\"9a62a4a\" data-element_type=\"widget\" data-e-type=\"widget\" data-widget_type=\"image.default\">\n\t\t\t\t\t\t\t\t\t\t\t\t<figure class=\"wp-caption\">\n\t\t\t\t\t\t\t\t\t\t<img decoding=\"async\" width=\"740\" height=\"960\" src=\"https:\/\/soymigrante.com\/revista\/wp-content\/uploads\/2025\/09\/Marco-Augusto-Quiroa3.jpeg\" class=\"attachment-large size-large wp-image-45349\" alt=\"Marco Augusto Quiroa fue artista visual, pero tambi\u00e9n escritor de cuentos y columnista de prensa. Elaboraba sus propias ilustraciones humor\u00edsticas, que marcaron toda una \u00e9poca, sobre todo a trav\u00e9s del proyecto llamado La Rial Academia.\" srcset=\"https:\/\/soymigrante.com\/revista\/wp-content\/uploads\/2025\/09\/Marco-Augusto-Quiroa3.jpeg 740w, https:\/\/soymigrante.com\/revista\/wp-content\/uploads\/2025\/09\/Marco-Augusto-Quiroa3-231x300.jpeg 231w\" sizes=\"(max-width: 740px) 100vw, 740px\" title=\"Marco Augusto Quiroa fue  artista visual, pero tambi\u00e9n escritor de cuentos y columnista de prensa. Elaboraba sus propias ilustraciones humor\u00edsticas, que marcaron toda una \u00e9poca, sobre todo a trav\u00e9s del proyecto llamado La Rial Academia. \u2013 SoyMigrante.com REVISTA\" \/>\t\t\t\t\t\t\t\t\t\t\t<figcaption class=\"widget-image-caption wp-caption-text\">Marco Augusto Quiroa fue  artista visual, pero tambi\u00e9n escritor de cuentos y columnista de prensa. Elaboraba sus propias ilustraciones humor\u00edsticas, que marcaron toda una \u00e9poca, sobre todo a trav\u00e9s del proyecto llamado La Rial Academia.<\/figcaption>\n\t\t\t\t\t\t\t\t\t\t<\/figure>\n\t\t\t\t\t\t\t\t\t<\/div>\n\t\t\t\t\t<\/div>\n\t\t\t\t<\/div>\n\t\t<div data-particle_enable=\"false\" data-particle-mobile-disabled=\"false\" class=\"elementor-element elementor-element-dcb2914 e-flex e-con-boxed e-con e-parent\" data-id=\"dcb2914\" data-element_type=\"container\" data-e-type=\"container\">\n\t\t\t\t\t<div class=\"e-con-inner\">\n\t\t\t\t<div class=\"elementor-element elementor-element-934de13 elementor-widget elementor-widget-heading\" data-id=\"934de13\" data-element_type=\"widget\" data-e-type=\"widget\" data-widget_type=\"heading.default\">\n\t\t\t\t\t<h3 class=\"elementor-heading-title elementor-size-default\">Su muerte y legado<\/h3>\t\t\t\t<\/div>\n\t\t\t\t\t<\/div>\n\t\t\t\t<\/div>\n\t\t<div data-particle_enable=\"false\" data-particle-mobile-disabled=\"false\" class=\"elementor-element elementor-element-87e5f42 e-flex e-con-boxed e-con e-parent\" data-id=\"87e5f42\" data-element_type=\"container\" data-e-type=\"container\">\n\t\t\t\t\t<div class=\"e-con-inner\">\n\t\t\t\t<div class=\"elementor-element elementor-element-3b9ea4c elementor-widget elementor-widget-text-editor\" data-id=\"3b9ea4c\" data-element_type=\"widget\" data-e-type=\"widget\" data-widget_type=\"text-editor.default\">\n\t\t\t\t\t\t\t\t\t<p><a href=\"https:\/\/galeriaproarte.com\/?member=marco-augusto-quiroa\" target=\"_blank\" rel=\"noopener\">Marco Augusto Quiroa falleci\u00f3 el 16 de octubre de 2004, a los 67 a\u00f1os.<\/a> Su partida dej\u00f3 un vac\u00edo en la escena art\u00edstica guatemalteca, pero su obra contin\u00faa siendo referencia obligada para entender la experimentaci\u00f3n y la ruptura en el arte nacional.<\/p><p>Hoy, es recordado como un creador que se neg\u00f3 a ser domesticado por las normas acad\u00e9micas y sociales. Su importancia radica no solo en la calidad pl\u00e1stica y literaria de su trabajo, sino tambi\u00e9n en la actitud con la que enfrent\u00f3 la vida: libre, cr\u00edtica y profundamente comprometida con el esp\u00edritu creativo.<\/p>\t\t\t\t\t\t\t\t<\/div>\n\t\t\t\t\t<\/div>\n\t\t\t\t<\/div>\n\t\t<div data-particle_enable=\"false\" data-particle-mobile-disabled=\"false\" class=\"elementor-element elementor-element-f49adae e-flex e-con-boxed e-con e-parent\" data-id=\"f49adae\" data-element_type=\"container\" data-e-type=\"container\">\n\t\t\t\t\t<div class=\"e-con-inner\">\n\t\t\t\t<div class=\"elementor-element elementor-element-7216f8a elementor-widget elementor-widget-image\" data-id=\"7216f8a\" data-element_type=\"widget\" data-e-type=\"widget\" data-widget_type=\"image.default\">\n\t\t\t\t\t\t\t\t\t\t\t\t<figure class=\"wp-caption\">\n\t\t\t\t\t\t\t\t\t\t<img loading=\"lazy\" decoding=\"async\" width=\"944\" height=\"1024\" src=\"https:\/\/soymigrante.com\/revista\/wp-content\/uploads\/2025\/09\/Marco-Augusto-Quiroa6-944x1024.jpeg\" class=\"attachment-large size-large wp-image-45348\" alt=\"Marco Augusto Quiroa ten\u00eda un peculiar sentido del humor.\" srcset=\"https:\/\/soymigrante.com\/revista\/wp-content\/uploads\/2025\/09\/Marco-Augusto-Quiroa6-944x1024.jpeg 944w, https:\/\/soymigrante.com\/revista\/wp-content\/uploads\/2025\/09\/Marco-Augusto-Quiroa6-277x300.jpeg 277w, https:\/\/soymigrante.com\/revista\/wp-content\/uploads\/2025\/09\/Marco-Augusto-Quiroa6-768x833.jpeg 768w, https:\/\/soymigrante.com\/revista\/wp-content\/uploads\/2025\/09\/Marco-Augusto-Quiroa6-750x814.jpeg 750w, https:\/\/soymigrante.com\/revista\/wp-content\/uploads\/2025\/09\/Marco-Augusto-Quiroa6-1140x1237.jpeg 1140w, https:\/\/soymigrante.com\/revista\/wp-content\/uploads\/2025\/09\/Marco-Augusto-Quiroa6.jpeg 1180w\" sizes=\"(max-width: 944px) 100vw, 944px\" title=\"Marco Augusto Quiroa ten\u00eda un peculiar sentido del humor. \u2013 SoyMigrante.com REVISTA\" \/>\t\t\t\t\t\t\t\t\t\t\t<figcaption class=\"widget-image-caption wp-caption-text\">Marco Augusto Quiroa ten\u00eda un peculiar sentido del humor. <\/figcaption>\n\t\t\t\t\t\t\t\t\t\t<\/figure>\n\t\t\t\t\t\t\t\t\t<\/div>\n\t\t\t\t\t<\/div>\n\t\t\t\t<\/div>\n\t\t<div data-particle_enable=\"false\" data-particle-mobile-disabled=\"false\" class=\"elementor-element elementor-element-90b01f8 e-flex e-con-boxed e-con e-parent\" data-id=\"90b01f8\" data-element_type=\"container\" data-e-type=\"container\">\n\t\t\t\t\t<div class=\"e-con-inner\">\n\t\t\t\t<div class=\"elementor-element elementor-element-7cf8feb elementor-widget elementor-widget-heading\" data-id=\"7cf8feb\" data-element_type=\"widget\" data-e-type=\"widget\" data-widget_type=\"heading.default\">\n\t\t\t\t\t<h3 class=\"elementor-heading-title elementor-size-default\">La importancia de Quiroa para el arte<\/h3>\t\t\t\t<\/div>\n\t\t\t\t\t<\/div>\n\t\t\t\t<\/div>\n\t\t<div data-particle_enable=\"false\" data-particle-mobile-disabled=\"false\" class=\"elementor-element elementor-element-a922d50 e-flex e-con-boxed e-con e-parent\" data-id=\"a922d50\" data-element_type=\"container\" data-e-type=\"container\">\n\t\t\t\t\t<div class=\"e-con-inner\">\n\t\t\t\t<div class=\"elementor-element elementor-element-d250c09 elementor-widget elementor-widget-text-editor\" data-id=\"d250c09\" data-element_type=\"widget\" data-e-type=\"widget\" data-widget_type=\"text-editor.default\">\n\t\t\t\t\t\t\t\t\t<p><a href=\"https:\/\/galeriaproarte.com\/?member=marco-augusto-quiroa\" target=\"_blank\" rel=\"noopener\">Marco Augusto Quiroa es considerado un puente entre la tradici\u00f3n<\/a> y la modernidad, un artista que se atrevi\u00f3 a desafiar estructuras y a dar voz a lo marginal. Sus obras, conservadas en colecciones p\u00fablicas y privadas, siguen despertando admiraci\u00f3n y debate.<\/p><p>Su figura es clave para entender la evoluci\u00f3n del arte contempor\u00e1neo guatemalteco, donde su nombre permanece como sin\u00f3nimo de irreverencia, innovaci\u00f3n y autenticidad.<\/p>\t\t\t\t\t\t\t\t<\/div>\n\t\t\t\t\t<\/div>\n\t\t\t\t<\/div>\n\t\t<div data-particle_enable=\"false\" data-particle-mobile-disabled=\"false\" class=\"elementor-element elementor-element-a71c480 e-flex e-con-boxed e-con e-parent\" data-id=\"a71c480\" data-element_type=\"container\" data-e-type=\"container\">\n\t\t\t\t\t<div class=\"e-con-inner\">\n\t\t\t\t<div class=\"elementor-element elementor-element-ac60e68 elementor-widget elementor-widget-html\" data-id=\"ac60e68\" data-element_type=\"widget\" data-e-type=\"widget\" data-widget_type=\"html.default\">\n\t\t\t\t\t<iframe width=\"560\" height=\"415\" src=\"https:\/\/www.youtube.com\/embed\/fu9xbOHWJK4?si=KKzlbzBg3d_ZWGEJ&amp;start=129\" title=\"YouTube video player\" frameborder=\"0\" allow=\"accelerometer; autoplay; clipboard-write; encrypted-media; gyroscope; picture-in-picture; web-share\" referrerpolicy=\"strict-origin-when-cross-origin\" allowfullscreen><\/iframe>\t\t\t\t<\/div>\n\t\t\t\t\t<\/div>\n\t\t\t\t<\/div>\n\t\t<div data-particle_enable=\"false\" data-particle-mobile-disabled=\"false\" class=\"elementor-element elementor-element-9fbda23 e-flex e-con-boxed e-con e-parent\" data-id=\"9fbda23\" data-element_type=\"container\" data-e-type=\"container\">\n\t\t\t\t\t<div class=\"e-con-inner\">\n\t\t\t\t<div class=\"elementor-element elementor-element-1a4d238 elementor-widget elementor-widget-heading\" data-id=\"1a4d238\" data-element_type=\"widget\" data-e-type=\"widget\" data-widget_type=\"heading.default\">\n\t\t\t\t\t<h2 class=\"elementor-heading-title elementor-size-default\">Conoce m\u00e1s de Guatemala, ac\u00e1...<\/h2>\t\t\t\t<\/div>\n\t\t\t\t\t<\/div>\n\t\t\t\t<\/div>\n\t\t<div data-particle_enable=\"false\" data-particle-mobile-disabled=\"false\" class=\"elementor-element elementor-element-0d1b9e2 e-flex e-con-boxed e-con e-parent\" data-id=\"0d1b9e2\" data-element_type=\"container\" data-e-type=\"container\">\n\t\t\t\t\t<div class=\"e-con-inner\">\n\t\t\t\t<div class=\"elementor-element elementor-element-f48aa8d elementor-grid-eael-col-3 elementor-grid-tablet-eael-col-2 elementor-grid-mobile-eael-col-1 elementor-widget elementor-widget-eael-post-grid\" data-id=\"f48aa8d\" data-element_type=\"widget\" data-e-type=\"widget\" data-settings=\"{&quot;eael_post_grid_columns&quot;:&quot;eael-col-3&quot;,&quot;eael_post_grid_columns_tablet&quot;:&quot;eael-col-2&quot;,&quot;eael_post_grid_columns_mobile&quot;:&quot;eael-col-1&quot;}\" data-widget_type=\"eael-post-grid.default\">\n\t\t\t\t\t<div id=\"eael-post-grid-f48aa8d\" class=\"eael-post-grid-container\">\n            <div class=\"eael-post-grid eael-post-appender eael-post-appender-f48aa8d eael-post-grid-style-one\" data-layout-mode=\"masonry\"><article class=\"eael-grid-post  eael-post-grid-column eael-pg-post-42557 category-guate-nuestra\" data-id=\"42557\">\n        <div class=\"eael-grid-post-holder\">\n            <div class=\"eael-grid-post-holder-inner\"><div class=\"eael-entry-media\"><div class=\"eael-entry-overlay fade-in\"><i class=\"far fa-hand-pointer\" aria-hidden=\"true\"><\/i><a href=\"https:\/\/soymigrante.com\/revista\/lomo-encebollado-un-clasico-chapin-muy-sencillo-de-preparar\/\"><\/a><\/div><div class=\"eael-entry-thumbnail eael-image-ratio\">\n                <img loading=\"lazy\" decoding=\"async\" width=\"480\" height=\"480\" src=\"https:\/\/soymigrante.com\/revista\/wp-content\/uploads\/2025\/08\/Lomo-encebollado-2-e1755893511187.webp\" class=\"attachment-large size-large wp-image-42558\" alt=\"Deliciosado plato de comida tradicional mexicana con carne, cebolla y cilantro frescos, ideal para disfrutar en familia y destacar la gastronom\u00eda en la comunidad migrante.\" srcset=\"https:\/\/soymigrante.com\/revista\/wp-content\/uploads\/2025\/08\/Lomo-encebollado-2-e1755893511187.webp 480w, https:\/\/soymigrante.com\/revista\/wp-content\/uploads\/2025\/08\/Lomo-encebollado-2-e1755893511187-300x300.jpg 300w, https:\/\/soymigrante.com\/revista\/wp-content\/uploads\/2025\/08\/Lomo-encebollado-2-e1755893511187-150x150.jpg 150w, https:\/\/soymigrante.com\/revista\/wp-content\/uploads\/2025\/08\/Lomo-encebollado-2-e1755893511187-75x75.webp 75w\" sizes=\"(max-width: 480px) 100vw, 480px\" \/>\n            <\/div>\n        <\/div><div class=\"eael-entry-wrapper\"><header class=\"eael-entry-header\"><h2 class=\"eael-entry-title\"><a class=\"eael-grid-post-link\" href=\"https:\/\/soymigrante.com\/revista\/lomo-encebollado-un-clasico-chapin-muy-sencillo-de-preparar\/\" title=\"Lomo encebollado: un cl\u00e1sico chap\u00edn muy sencillo de preparar\">Lomo encebollado: un cl\u00e1sico chap\u00edn muy sencillo de preparar<\/a><\/h2><\/header><div class=\"eael-entry-content\">\n                        <div class=\"eael-grid-post-excerpt\"><a href=\"https:\/\/soymigrante.com\/revista\/lomo-encebollado-un-clasico-chapin-muy-sencillo-de-preparar\/\" class=\"eael-post-elements-readmore-btn\">CONOCE SU HISTORIA <\/a><\/div>\n                    <\/div><\/div><\/div>\n        <\/div>\n    <\/article><article class=\"eael-grid-post  eael-post-grid-column eael-pg-post-38035 category-guate-nuestra\" data-id=\"38035\">\n        <div class=\"eael-grid-post-holder\">\n            <div class=\"eael-grid-post-holder-inner\"><div class=\"eael-entry-media\"><div class=\"eael-entry-overlay fade-in\"><i class=\"far fa-hand-pointer\" aria-hidden=\"true\"><\/i><a href=\"https:\/\/soymigrante.com\/revista\/shecas-de-occidente-son-algo-mas-que-panes-sabor-tradicion-e-historia\/\"><\/a><\/div><div class=\"eael-entry-thumbnail eael-image-ratio\">\n                <img loading=\"lazy\" decoding=\"async\" width=\"1024\" height=\"576\" src=\"https:\/\/soymigrante.com\/revista\/wp-content\/uploads\/2025\/06\/Shecas-2-1024x576.jpg\" class=\"attachment-large size-large wp-image-38036\" alt=\"Panecillos tradicionales mexicanos con az\u00facar y canela en un cesto de mimbre, resaltando la gastronom\u00eda y cultura en la revista SoyMigrante.com REVISTA.\" \/>\n            <\/div>\n        <\/div><div class=\"eael-entry-wrapper\"><header class=\"eael-entry-header\"><h2 class=\"eael-entry-title\"><a class=\"eael-grid-post-link\" href=\"https:\/\/soymigrante.com\/revista\/shecas-de-occidente-son-algo-mas-que-panes-sabor-tradicion-e-historia\/\" title=\"Shecas de Occidente son algo m\u00e1s que panes: sabor, tradici\u00f3n e historia\">Shecas de Occidente son algo m\u00e1s que panes: sabor, tradici\u00f3n e historia<\/a><\/h2><\/header><div class=\"eael-entry-content\">\n                        <div class=\"eael-grid-post-excerpt\"><a href=\"https:\/\/soymigrante.com\/revista\/shecas-de-occidente-son-algo-mas-que-panes-sabor-tradicion-e-historia\/\" class=\"eael-post-elements-readmore-btn\">CONOCE SU HISTORIA <\/a><\/div>\n                    <\/div><\/div><\/div>\n        <\/div>\n    <\/article><article class=\"eael-grid-post  eael-post-grid-column eael-pg-post-7448 category-guate-nuestra\" data-id=\"7448\">\n        <div class=\"eael-grid-post-holder\">\n            <div class=\"eael-grid-post-holder-inner\"><div class=\"eael-entry-media\"><div class=\"eael-entry-overlay fade-in\"><i class=\"far fa-hand-pointer\" aria-hidden=\"true\"><\/i><a href=\"https:\/\/soymigrante.com\/revista\/recetas-chapinas-delicioso-mole-guatemalteco-para-compartir\/\"><\/a><\/div><div class=\"eael-entry-thumbnail eael-image-ratio\">\n                <img loading=\"lazy\" decoding=\"async\" width=\"1024\" height=\"536\" src=\"https:\/\/soymigrante.com\/revista\/wp-content\/uploads\/2024\/07\/mole-guatemalteco-2-1024x536.webp\" class=\"attachment-large size-large wp-image-7449\" alt=\"Delicioso mole tradicional servido en plato de cer\u00e1mica, con semillas de s\u00e9samo y hojas de hierbabuena decorando, ideal para acompa\u00f1ar platillos t\u00edpicos mexicanos.\" srcset=\"https:\/\/soymigrante.com\/revista\/wp-content\/uploads\/2024\/07\/mole-guatemalteco-2-1024x536.webp 1024w, https:\/\/soymigrante.com\/revista\/wp-content\/uploads\/2024\/07\/mole-guatemalteco-2-300x157.webp 300w, https:\/\/soymigrante.com\/revista\/wp-content\/uploads\/2024\/07\/mole-guatemalteco-2-768x402.webp 768w, https:\/\/soymigrante.com\/revista\/wp-content\/uploads\/2024\/07\/mole-guatemalteco-2-750x393.webp 750w, https:\/\/soymigrante.com\/revista\/wp-content\/uploads\/2024\/07\/mole-guatemalteco-2-1140x597.webp 1140w, https:\/\/soymigrante.com\/revista\/wp-content\/uploads\/2024\/07\/mole-guatemalteco-2.webp 1200w\" sizes=\"(max-width: 1024px) 100vw, 1024px\" \/>\n            <\/div>\n        <\/div><div class=\"eael-entry-wrapper\"><header class=\"eael-entry-header\"><h2 class=\"eael-entry-title\"><a class=\"eael-grid-post-link\" href=\"https:\/\/soymigrante.com\/revista\/recetas-chapinas-delicioso-mole-guatemalteco-para-compartir\/\" title=\"Delicia chapina para preparar y compartir: el suculento Mole Guatemalteco\">Delicia chapina para preparar y compartir: el suculento Mole Guatemalteco<\/a><\/h2><\/header><div class=\"eael-entry-content\">\n                        <div class=\"eael-grid-post-excerpt\"><a href=\"https:\/\/soymigrante.com\/revista\/recetas-chapinas-delicioso-mole-guatemalteco-para-compartir\/\" class=\"eael-post-elements-readmore-btn\">CONOCE SU HISTORIA <\/a><\/div>\n                    <\/div><\/div><\/div>\n        <\/div>\n    <\/article><\/div>\n            <div class=\"clearfix\"><\/div>\n        <\/div>            <div class=\"eael-load-more-button-wrap eael-force-hide\">\n                <button class=\"eael-load-more-button\" id=\"eael-load-more-btn-f48aa8d\" data-widget-id=\"f48aa8d\" data-widget=\"f48aa8d\" data-page-id=\"45329\" data-template=\"{&quot;dir&quot;:&quot;lite&quot;,&quot;file_name&quot;:&quot;one.php&quot;,&quot;name&quot;:&quot;Post-Grid&quot;}\" data-class=\"Essential_Addons_Elementor\\Elements\\Post_Grid\" data-layout=\"masonry\" data-page=\"1\" data-args=\"orderby=rand&amp;order=desc&amp;ignore_sticky_posts=1&amp;post_status=publish&amp;posts_per_page=3&amp;offset=0&amp;post_type=post&amp;tax_query%5B0%5D%5Btaxonomy%5D=category&amp;tax_query%5B0%5D%5Bfield%5D=term_id&amp;tax_query%5B0%5D%5Bterms%5D%5B0%5D=58&amp;tax_query%5Brelation%5D=AND&amp;author__in%5B0%5D=19\" data-max-page=\"127\">\n                    <span class=\"eael-btn-loader button__loader\"><\/span>\n                    <span class=\"eael_load_more_text\">Load More<\/span>\n                <\/button>\n            <\/div>\n            \t\t\t\t<\/div>\n\t\t\t\t\t<\/div>\n\t\t\t\t<\/div>\n\t\t\t\t<\/div>\n\t\t","protected":false},"excerpt":{"rendered":"<p>Marco Augusto Quiroa (1937-2004) dibuj\u00f3, pint\u00f3, escribi\u00f3 cuentos e historietas. Su obra exhibe un universo latinoamericano que recuerda el muralismo pero sobre lienzos con un estilo depurado, l\u00ednea exacta y palabra sorpresiva. El arte guatemalteco del siglo XX no puede entenderse sin mencionar a Marco Augusto Quiroa (1937-2004), originario de Chicacao, Suchitep\u00e9quez, es uno de [&hellip;]<\/p>\n","protected":false},"author":19,"featured_media":45562,"comment_status":"open","ping_status":"open","sticky":false,"template":"","format":"standard","meta":{"_acf_changed":false,"_eb_attr":"","footnotes":""},"categories":[91,58],"tags":[],"class_list":["post-45329","post","type-post","status-publish","format-standard","has-post-thumbnail","hentry","category-arte-cultura","category-guate-nuestra"],"acf":[],"aioseo_notices":[],"aioseo_head":"\n\t\t<!-- All in One SEO Pro 4.9.6.2 - aioseo.com -->\n\t<meta name=\"description\" content=\"El mole guatemalteco es conocido por su sabor, olor y por ser uno de los postres m\u00e1s queridos en Guatemala y de los m\u00e1s deseados por los migrantes chapines.\" \/>\n\t<meta name=\"robots\" content=\"max-snippet:-1, max-image-preview:large, max-video-preview:-1\" \/>\n\t<meta name=\"author\" content=\"Marysabel Aldana\"\/>\n\t<link rel=\"canonical\" href=\"https:\/\/soymigrante.com\/revista\/recetas-chapinas-delicioso-mole-guatemalteco-para-compartir\/\" \/>\n\t<meta name=\"generator\" content=\"All in One SEO Pro (AIOSEO) 4.9.6.2\" \/>\n\n\t\t<link rel=\"preconnect\" href=\"https:\/\/fonts.googleapis.com\" crossorigin>\n<link rel=\"preconnect\" href=\"https:\/\/fonts.gstatic.com\" crossorigin>\n\t\t<meta property=\"og:locale\" content=\"es_ES\" \/>\n\t\t<meta property=\"og:site_name\" content=\"SoyMigrante.com REVISTA \u2013 Nuestra misi\u00f3n es reconocer y dignificar al migrante.\" \/>\n\t\t<meta property=\"og:type\" content=\"article\" \/>\n\t\t<meta property=\"og:title\" content=\"Delicia chapina para preparar y compartir: el suculento Mole Guatemalteco\" \/>\n\t\t<meta property=\"og:description\" content=\"El mole guatemalteco es conocido por su sabor, olor y por ser uno de los postres m\u00e1s queridos en Guatemala y de los m\u00e1s deseados por los migrantes chapines.\" \/>\n\t\t<meta property=\"og:url\" content=\"https:\/\/soymigrante.com\/revista\/recetas-chapinas-delicioso-mole-guatemalteco-para-compartir\/\" \/>\n\t\t<meta property=\"og:image\" content=\"https:\/\/soymigrante.com\/revista\/wp-content\/uploads\/2024\/07\/mole-guatemalteco-2.webp\" \/>\n\t\t<meta property=\"og:image:secure_url\" content=\"https:\/\/soymigrante.com\/revista\/wp-content\/uploads\/2024\/07\/mole-guatemalteco-2.webp\" \/>\n\t\t<meta property=\"og:image:width\" content=\"1200\" \/>\n\t\t<meta property=\"og:image:height\" content=\"628\" \/>\n\t\t<meta property=\"article:published_time\" content=\"2024-07-15T16:57:43+00:00\" \/>\n\t\t<meta property=\"article:modified_time\" content=\"2025-06-20T22:45:44+00:00\" \/>\n\t\t<meta property=\"article:publisher\" content=\"https:\/\/www.facebook.com\/soymigrantecom\" \/>\n\t\t<meta name=\"twitter:card\" content=\"summary_large_image\" \/>\n\t\t<meta name=\"twitter:site\" content=\"@SoyMigrante_com\" \/>\n\t\t<meta name=\"twitter:title\" content=\"Delicia chapina para preparar y compartir: el suculento Mole Guatemalteco\" \/>\n\t\t<meta name=\"twitter:description\" content=\"El mole guatemalteco es conocido por su sabor, olor y por ser uno de los postres m\u00e1s queridos en Guatemala y de los m\u00e1s deseados por los migrantes chapines.\" \/>\n\t\t<meta name=\"twitter:creator\" content=\"@SoyMigrante_com\" \/>\n\t\t<meta name=\"twitter:image\" content=\"https:\/\/soymigrante.com\/revista\/wp-content\/uploads\/2024\/07\/mole-guatemalteco-2.webp\" \/>\n\t\t<!-- All in One SEO Pro -->\r\n\t\t<title>Delicia chapina para preparar y compartir: el suculento Mole Guatemalteco<\/title>\n\n","aioseo_head_json":{"title":"Delicia chapina para preparar y compartir: el suculento Mole Guatemalteco","description":"El mole guatemalteco es conocido por su sabor, olor y por ser uno de los postres m\u00e1s queridos en Guatemala y de los m\u00e1s deseados por los migrantes chapines.","canonical_url":"https:\/\/soymigrante.com\/revista\/recetas-chapinas-delicioso-mole-guatemalteco-para-compartir\/","robots":"max-snippet:-1, max-image-preview:large, max-video-preview:-1","keywords":"","webmasterTools":{"miscellaneous":"&lt;link rel=\"preconnect\" href=\"https:\/\/fonts.googleapis.com\" crossorigin&gt;\n&lt;link rel=\"preconnect\" href=\"https:\/\/fonts.gstatic.com\" crossorigin&gt;"},"schema":null,"og:locale":"es_ES","og:site_name":"SoyMigrante.com REVISTA \u2013 Nuestra misi\u00f3n es reconocer y dignificar al migrante.","og:type":"article","og:title":"Delicia chapina para preparar y compartir: el suculento Mole Guatemalteco","og:description":"El mole guatemalteco es conocido por su sabor, olor y por ser uno de los postres m\u00e1s queridos en Guatemala y de los m\u00e1s deseados por los migrantes chapines.","og:url":"https:\/\/soymigrante.com\/revista\/recetas-chapinas-delicioso-mole-guatemalteco-para-compartir\/","og:image":"https:\/\/soymigrante.com\/revista\/wp-content\/uploads\/2024\/07\/mole-guatemalteco-2.webp","og:image:secure_url":"https:\/\/soymigrante.com\/revista\/wp-content\/uploads\/2024\/07\/mole-guatemalteco-2.webp","og:image:width":1200,"og:image:height":628,"article:published_time":"2024-07-15T16:57:43+00:00","article:modified_time":"2025-06-20T22:45:44+00:00","article:publisher":"https:\/\/www.facebook.com\/soymigrantecom","twitter:card":"summary_large_image","twitter:site":"@SoyMigrante_com","twitter:title":"Delicia chapina para preparar y compartir: el suculento Mole Guatemalteco","twitter:description":"El mole guatemalteco es conocido por su sabor, olor y por ser uno de los postres m\u00e1s queridos en Guatemala y de los m\u00e1s deseados por los migrantes chapines.","twitter:creator":"@SoyMigrante_com","twitter:image":"https:\/\/soymigrante.com\/revista\/wp-content\/uploads\/2024\/07\/mole-guatemalteco-2.webp"},"aioseo_meta_data":{"post_id":"45329","title":"Marco Augusto Quiroa pint\u00f3, dibuj\u00f3, escribi\u00f3 con ingenio chap\u00edn","description":"Marco Augusto Quiroa pint\u00f3 la escena popular guatemalteca, tambi\u00e9n leyendas y tradiciones. Su humor era cr\u00edtico y su cr\u00edtica se convirti\u00f3 tambi\u00e9n en cuentos.","keywords":null,"keyphrases":{"focus":{"keyphrase":"Marco Augusto Quiroa","score":91,"analysis":{"keyphraseInTitle":{"score":9,"maxScore":9,"error":0},"keyphraseInDescription":{"score":9,"maxScore":9,"error":0},"keyphraseLength":{"score":9,"maxScore":9,"error":0,"length":3},"keyphraseInURL":{"score":5,"maxScore":5,"error":0},"keyphraseInIntroduction":{"score":9,"maxScore":9,"error":0},"keyphraseInSubHeadings":{"score":3,"maxScore":9,"error":1},"keyphraseInImageAlt":{"score":9,"maxScore":9,"error":0},"keywordDensity":{"type":"best","score":9,"maxScore":9,"error":0}}},"additional":[{"keyphrase":"artista","score":73,"analysis":{"keyphraseInDescription":{"score":3,"maxScore":9,"error":1},"keyphraseLength":{"score":9,"maxScore":9,"error":0,"length":1},"keyphraseInIntroduction":{"score":3,"maxScore":9,"error":1},"keyphraseInImageAlt":{"score":9,"maxScore":9,"error":0},"keywordDensity":{"type":"best","score":9,"maxScore":9,"error":0}}},{"keyphrase":"guatemalteco","score":73,"analysis":{"keyphraseInDescription":{"score":3,"maxScore":9,"error":1},"keyphraseLength":{"score":9,"maxScore":9,"error":0,"length":1},"keyphraseInIntroduction":{"score":9,"maxScore":9,"error":0},"keyphraseInImageAlt":{"score":3,"maxScore":9,"error":1},"keywordDensity":{"type":"best","score":9,"maxScore":9,"error":0}}}]},"primary_term":null,"canonical_url":null,"og_title":null,"og_description":null,"og_object_type":"default","og_image_type":"default","og_image_url":null,"og_image_width":null,"og_image_height":null,"og_image_custom_url":null,"og_image_custom_fields":null,"og_video":"","og_custom_url":null,"og_article_section":null,"og_article_tags":null,"twitter_use_og":false,"twitter_card":"default","twitter_image_type":"default","twitter_image_url":null,"twitter_image_custom_url":null,"twitter_image_custom_fields":null,"twitter_title":null,"twitter_description":null,"schema":{"blockGraphs":[],"customGraphs":[],"default":{"data":{"Article":[],"Course":[],"Dataset":[],"FAQPage":[],"Movie":[],"Person":[],"Product":[],"ProductReview":[],"Car":[],"Recipe":[],"Service":[],"SoftwareApplication":[],"WebPage":[]},"graphName":"none","isEnabled":true},"graphs":[]},"schema_type":"default","schema_type_options":null,"pillar_content":false,"robots_default":true,"robots_noindex":false,"robots_noarchive":false,"robots_nosnippet":false,"robots_nofollow":false,"robots_noimageindex":false,"robots_noodp":false,"robots_notranslate":false,"robots_max_snippet":"-1","robots_max_videopreview":"-1","robots_max_imagepreview":"large","priority":null,"frequency":"default","local_seo":null,"seo_analyzer_scan_date":"2025-10-09 08:43:36","breadcrumb_settings":null,"limit_modified_date":false,"reviewed_by":"0","open_ai":null,"ai":{"faqs":[],"keyPoints":[],"titles":[],"descriptions":[],"socialPosts":{"email":[],"linkedin":[],"twitter":[],"facebook":[],"instagram":[]}},"created":"2025-09-18 18:09:40","updated":"2026-02-05 05:42:33"},"aioseo_breadcrumb":"<div class=\"aioseo-breadcrumbs\"><span class=\"aioseo-breadcrumb\">\n\t<a href=\"https:\/\/soymigrante.com\/revista\" title=\"Home\">Home<\/a>\n<\/span><span class=\"aioseo-breadcrumb-separator\">\u00bb<\/span><span class=\"aioseo-breadcrumb\">\n\t<a href=\"https:\/\/soymigrante.com\/revista\/category\/guate-nuestra\/\" title=\"Guate Nuestra\">Guate Nuestra<\/a>\n<\/span><span class=\"aioseo-breadcrumb-separator\">\u00bb<\/span><span class=\"aioseo-breadcrumb\">\n\t<a href=\"https:\/\/soymigrante.com\/revista\/category\/guate-nuestra\/arte-cultura\/\" title=\"Cultura de Guatemala\">Cultura de Guatemala<\/a>\n<\/span><span class=\"aioseo-breadcrumb-separator\">\u00bb<\/span><span class=\"aioseo-breadcrumb\">\n\tMira arte guatemalteco: Marco Augusto Quiroa rompi\u00f3 esquemas con ingenio y humor cr\u00edtico\n<\/span><\/div>","aioseo_breadcrumb_json":[{"label":"Home","link":"https:\/\/soymigrante.com\/revista"},{"label":"Guate Nuestra","link":"https:\/\/soymigrante.com\/revista\/category\/guate-nuestra\/"},{"label":"Cultura de Guatemala","link":"https:\/\/soymigrante.com\/revista\/category\/guate-nuestra\/arte-cultura\/"},{"label":"Mira arte guatemalteco: Marco Augusto Quiroa rompi\u00f3 esquemas con ingenio y humor cr\u00edtico","link":"https:\/\/soymigrante.com\/revista\/mira-arte-guatemalteco-marco-augusto-quiroa-rompio-esquemas-con-ingenio-y-humor-critico\/"}],"_links":{"self":[{"href":"https:\/\/soymigrante.com\/revista\/wp-json\/wp\/v2\/posts\/45329","targetHints":{"allow":["GET"]}}],"collection":[{"href":"https:\/\/soymigrante.com\/revista\/wp-json\/wp\/v2\/posts"}],"about":[{"href":"https:\/\/soymigrante.com\/revista\/wp-json\/wp\/v2\/types\/post"}],"author":[{"embeddable":true,"href":"https:\/\/soymigrante.com\/revista\/wp-json\/wp\/v2\/users\/19"}],"replies":[{"embeddable":true,"href":"https:\/\/soymigrante.com\/revista\/wp-json\/wp\/v2\/comments?post=45329"}],"version-history":[{"count":20,"href":"https:\/\/soymigrante.com\/revista\/wp-json\/wp\/v2\/posts\/45329\/revisions"}],"predecessor-version":[{"id":45573,"href":"https:\/\/soymigrante.com\/revista\/wp-json\/wp\/v2\/posts\/45329\/revisions\/45573"}],"wp:featuredmedia":[{"embeddable":true,"href":"https:\/\/soymigrante.com\/revista\/wp-json\/wp\/v2\/media\/45562"}],"wp:attachment":[{"href":"https:\/\/soymigrante.com\/revista\/wp-json\/wp\/v2\/media?parent=45329"}],"wp:term":[{"taxonomy":"category","embeddable":true,"href":"https:\/\/soymigrante.com\/revista\/wp-json\/wp\/v2\/categories?post=45329"},{"taxonomy":"post_tag","embeddable":true,"href":"https:\/\/soymigrante.com\/revista\/wp-json\/wp\/v2\/tags?post=45329"}],"curies":[{"name":"wp","href":"https:\/\/api.w.org\/{rel}","templated":true}]}}