{"id":45328,"date":"2025-09-18T15:01:26","date_gmt":"2025-09-18T21:01:26","guid":{"rendered":"https:\/\/soymigrante.com\/revista\/?p=45328"},"modified":"2025-10-03T14:42:49","modified_gmt":"2025-10-03T20:42:49","slug":"keyla-morales-de-raices-guatemaltecas-modelo-en-pasarela-del-new-york-fashion-show-2025","status":"publish","type":"post","link":"https:\/\/soymigrante.com\/revista\/keyla-morales-de-raices-guatemaltecas-modelo-en-pasarela-del-new-york-fashion-show-2025\/","title":{"rendered":"Keyla Morales, de ra\u00edces guatemaltecas, model\u00f3 en pasarela del New York Fashion Show 2025"},"content":{"rendered":"\t\t<div data-elementor-type=\"wp-post\" data-elementor-id=\"45328\" class=\"elementor elementor-45328\" data-elementor-post-type=\"post\">\n\t\t\t\t<div data-particle_enable=\"false\" data-particle-mobile-disabled=\"false\" class=\"elementor-element elementor-element-2e24380 e-flex e-con-boxed e-con e-parent\" data-id=\"2e24380\" data-element_type=\"container\" data-e-type=\"container\">\n\t\t\t\t\t<div class=\"e-con-inner\">\n\t\t\t\t<div class=\"elementor-element elementor-element-e4a6da3 elementor-widget elementor-widget-heading\" data-id=\"e4a6da3\" data-element_type=\"widget\" data-e-type=\"widget\" data-widget_type=\"heading.default\">\n\t\t\t\t\t<h2 class=\"elementor-heading-title elementor-size-default\">Keyla Morales tuvo un gran sue\u00f1o desde ni\u00f1a y lo est\u00e1 realizando, con el apoyo de sus padres, migrantes guatemaltecos: ser modelo de pasarela, con profesionalismo pero tambi\u00e9n con responsabilidad y sentido social.<\/h2>\t\t\t\t<\/div>\n\t\t\t\t\t<\/div>\n\t\t\t\t<\/div>\n\t\t<div data-particle_enable=\"false\" data-particle-mobile-disabled=\"false\" class=\"elementor-element elementor-element-7262b46 e-flex e-con-boxed e-con e-parent\" data-id=\"7262b46\" data-element_type=\"container\" data-e-type=\"container\">\n\t\t\t\t\t<div class=\"e-con-inner\">\n\t\t\t\t<div class=\"elementor-element elementor-element-63d5ed2 elementor-widget elementor-widget-text-editor\" data-id=\"63d5ed2\" data-element_type=\"widget\" data-e-type=\"widget\" data-widget_type=\"text-editor.default\">\n\t\t\t\t\t\t\t\t\t<p><span class=\"cf0\">Keyla Morales, <a href=\"https:\/\/soymigrante.com\/revista\/elliott-morales-migrante-guatemalteco-san-francisco\/\">hija de los migrantes guatemaltecos Elliot y Jennifer Morales<\/a>, radicados en San Francisco California, comienza a abrirse paso en el competitivo mundo del modelaje internacional.&nbsp; Recientemente particip\u00f3 en desfiles de la <a href=\"https:\/\/soymigrante.com\/revista\/textiles-dla-rossa-de-totonicapan-se-presenta-en-new-york-fashion-week-2025\/\">Semana de la Moda de Nueva York.<\/a><\/span><\/p>\n<p><span class=\"cf0\">Es estudiante de comunicaciones y periodismo en Los \u00c1ngeles, combina su naciente carrera en las pasarelas con un fuerte compromiso hacia la comunidad latina y guatemalteca.<\/span><\/p>\t\t\t\t\t\t\t\t<\/div>\n\t\t\t\t\t<\/div>\n\t\t\t\t<\/div>\n\t\t<div data-particle_enable=\"false\" data-particle-mobile-disabled=\"false\" class=\"elementor-element elementor-element-806d4c1 e-flex e-con-boxed e-con e-parent\" data-id=\"806d4c1\" data-element_type=\"container\" data-e-type=\"container\">\n\t\t\t\t\t<div class=\"e-con-inner\">\n\t\t\t\t<div class=\"elementor-element elementor-element-bdb3b9b elementor-widget elementor-widget-image\" data-id=\"bdb3b9b\" data-element_type=\"widget\" data-e-type=\"widget\" data-widget_type=\"image.default\">\n\t\t\t\t\t\t\t\t\t\t\t\t<figure class=\"wp-caption\">\n\t\t\t\t\t\t\t\t\t\t<img fetchpriority=\"high\" decoding=\"async\" width=\"802\" height=\"1024\" src=\"https:\/\/soymigrante.com\/revista\/wp-content\/uploads\/2025\/09\/keyla-morales-modelo-802x1024.jpeg\" class=\"attachment-large size-large wp-image-45388\" alt=\"Keyla Morales se ha preparado intensamente y contin\u00faa practicando constantemente para mejorar en su trabajo de modelaje. (Foto cortes\u00eda Keyla Morales)\" srcset=\"https:\/\/soymigrante.com\/revista\/wp-content\/uploads\/2025\/09\/keyla-morales-modelo-802x1024.jpeg 802w, https:\/\/soymigrante.com\/revista\/wp-content\/uploads\/2025\/09\/keyla-morales-modelo-235x300.jpeg 235w, https:\/\/soymigrante.com\/revista\/wp-content\/uploads\/2025\/09\/keyla-morales-modelo-768x980.jpeg 768w, https:\/\/soymigrante.com\/revista\/wp-content\/uploads\/2025\/09\/keyla-morales-modelo-750x958.jpeg 750w, https:\/\/soymigrante.com\/revista\/wp-content\/uploads\/2025\/09\/keyla-morales-modelo-1140x1455.jpeg 1140w, https:\/\/soymigrante.com\/revista\/wp-content\/uploads\/2025\/09\/keyla-morales-modelo.jpeg 1153w\" sizes=\"(max-width: 802px) 100vw, 802px\" title=\"Keyla Morales se ha preparado intensamente y contin\u00faa practicando constantemente para mejorar en su trabajo de modelaje. (Foto cortes\u00eda Keyla Morales) \u2013 SoyMigrante.com REVISTA\" \/>\t\t\t\t\t\t\t\t\t\t\t<figcaption class=\"widget-image-caption wp-caption-text\">Keyla Morales se ha preparado intensamente y contin\u00faa practicando constantemente para mejorar en su trabajo de modelaje. (Foto cortes\u00eda Keyla Morales)<\/figcaption>\n\t\t\t\t\t\t\t\t\t\t<\/figure>\n\t\t\t\t\t\t\t\t\t<\/div>\n\t\t\t\t\t<\/div>\n\t\t\t\t<\/div>\n\t\t<div data-particle_enable=\"false\" data-particle-mobile-disabled=\"false\" class=\"elementor-element elementor-element-5091336 e-flex e-con-boxed e-con e-parent\" data-id=\"5091336\" data-element_type=\"container\" data-e-type=\"container\">\n\t\t\t\t\t<div class=\"e-con-inner\">\n\t\t\t\t<div class=\"elementor-element elementor-element-d825fb1 elementor-widget elementor-widget-text-editor\" data-id=\"d825fb1\" data-element_type=\"widget\" data-e-type=\"widget\" data-widget_type=\"text-editor.default\">\n\t\t\t\t\t\t\t\t\t<p>Su pasi\u00f3n naci\u00f3 desde la infancia. \u201cSiempre desde chiquita me probaba los vestidos de las princesas de Disney, me encantaba, hasta en la casa usaba los zapatos de mi mam\u00e1 y su maquillaje\u201d, recuerda entre sonrisas.<\/p><p>Esa chispa se convirti\u00f3 en sue\u00f1o cuando, con apenas seis a\u00f1os, particip\u00f3 en un concurso de belleza en California: \u201cQued\u00e9 entre las top 3, y me sent\u00ed como una gran princesa ese d\u00eda\u201d.<\/p><p><span class=\"cf0\">El paso decisivo lleg\u00f3 en 2024, cuando obtuvo la corona de Miss <\/span><span class=\"cf0\">Teen<\/span><span class=\"cf0\"> Guatemala USA. Seg\u00fan ella, fue un momento clave para acercarse a sus ra\u00edces: \u201cAll\u00ed fue donde me conect\u00e9 m\u00e1s con la comunidad guatemalteca y conoc\u00ed a varias personas en el mundo del modelaje\u201d.<\/span><\/p>\t\t\t\t\t\t\t\t<\/div>\n\t\t\t\t\t<\/div>\n\t\t\t\t<\/div>\n\t\t<div data-particle_enable=\"false\" data-particle-mobile-disabled=\"false\" class=\"elementor-element elementor-element-059b990 e-flex e-con-boxed e-con e-parent\" data-id=\"059b990\" data-element_type=\"container\" data-e-type=\"container\">\n\t\t\t\t\t<div class=\"e-con-inner\">\n\t\t\t\t<div class=\"elementor-element elementor-element-cfbf77f elementor-widget elementor-widget-image\" data-id=\"cfbf77f\" data-element_type=\"widget\" data-e-type=\"widget\" data-widget_type=\"image.default\">\n\t\t\t\t\t\t\t\t\t\t\t\t<figure class=\"wp-caption\">\n\t\t\t\t\t\t\t\t\t\t<img decoding=\"async\" width=\"770\" height=\"798\" src=\"https:\/\/soymigrante.com\/revista\/wp-content\/uploads\/2025\/09\/keyla-morales-con-su-mama-jenifer-morales.png\" class=\"attachment-large size-large wp-image-45395\" alt=\"La modelo Keyla Morales valora y sigue los consejos de su mam\u00e1, Jennifer Morales, quien le inculca el valor de la disciplina, la responsabilidad y tambi\u00e9n el reconocimiento de las ra\u00edces culturales guatemaltecas. (Foto Keyla Morales)\" srcset=\"https:\/\/soymigrante.com\/revista\/wp-content\/uploads\/2025\/09\/keyla-morales-con-su-mama-jenifer-morales.png 770w, https:\/\/soymigrante.com\/revista\/wp-content\/uploads\/2025\/09\/keyla-morales-con-su-mama-jenifer-morales-289x300.png 289w, https:\/\/soymigrante.com\/revista\/wp-content\/uploads\/2025\/09\/keyla-morales-con-su-mama-jenifer-morales-768x796.png 768w, https:\/\/soymigrante.com\/revista\/wp-content\/uploads\/2025\/09\/keyla-morales-con-su-mama-jenifer-morales-750x777.png 750w\" sizes=\"(max-width: 770px) 100vw, 770px\" title=\"La modelo Keyla Morales valora y sigue los consejos de su mam\u00e1, Jennifer Morales, quien le inculca el valor de la disciplina, la responsabilidad y tambi\u00e9n el reconocimiento de las ra\u00edces culturales guatemaltecas. (Foto Keyla Morales) \u2013 SoyMigrante.com REVISTA\" \/>\t\t\t\t\t\t\t\t\t\t\t<figcaption class=\"widget-image-caption wp-caption-text\">La modelo Keyla Morales valora y sigue los consejos de su mam\u00e1, Jennifer Morales, quien le inculca el valor de la disciplina, la responsabilidad y tambi\u00e9n el reconocimiento de las ra\u00edces culturales guatemaltecas. (Foto Keyla Morales)<\/figcaption>\n\t\t\t\t\t\t\t\t\t\t<\/figure>\n\t\t\t\t\t\t\t\t\t<\/div>\n\t\t\t\t\t<\/div>\n\t\t\t\t<\/div>\n\t\t<div data-particle_enable=\"false\" data-particle-mobile-disabled=\"false\" class=\"elementor-element elementor-element-734de3f e-flex e-con-boxed e-con e-parent\" data-id=\"734de3f\" data-element_type=\"container\" data-e-type=\"container\">\n\t\t\t\t\t<div class=\"e-con-inner\">\n\t\t\t\t<div class=\"elementor-element elementor-element-0900a55 elementor-widget elementor-widget-text-editor\" data-id=\"0900a55\" data-element_type=\"widget\" data-e-type=\"widget\" data-widget_type=\"text-editor.default\">\n\t\t\t\t\t\t\t\t\t<p><span class=\"cf0\">Este a\u00f1o, Keyla alcanz\u00f3 un logro que considera un honor: haber desfilado en la Semana de la Moda de Nueva York para el dise\u00f1ador venezolano L\u00e1zaro S\u00e1nchez. \u201c\u00c9l ha vestido a Miss Universos,\u00a0 sus dise\u00f1os son espectaculares\u00a0<\/span><span class=\"cf0\">y ahora he tenido la oportunidad de modelar sus trajes en una semana tan importante\u201d, cuenta con orgullo.<\/span><\/p><p><span class=\"cf0\">Sin embargo, para Keyla el glamour no lo es todo y en eso tienen mucho que ver los consejos de <a href=\"https:\/\/soymigrante.com\/revista\/elliott-morales-migrante-guatemalteco-san-francisco\/\">sus padres, Jennifer y Elliott Morales, cuya inspiradora historia public\u00f3 SoyMigrante.com<\/a>.<\/span><\/p><p><span class=\"cf0\">\u201cTengo que tener disciplina al 100. No solo me debo cuidar f\u00edsicamente, sino tambi\u00e9n mi salud mental. Mis pap\u00e1s me apoyan mucho en eso\u201d, se\u00f1ala Keyla. Jennifer, le recuerda constantemente un consejo que Keyla repite como mantra: \u201cBaby, <\/span><span class=\"cf0\">you<\/span> <span class=\"cf0\">fix<\/span> <span class=\"cf0\">your<\/span> <span class=\"cf0\">crown: Nena arregla siempre tu corona. Que quiere decir que a pesar de cualquier imprevisto o adversidad, debe seguir caminando de frente, con la mirada al frente y un aspecto impecable.<\/span><span class=\"cf0\">.<\/span><\/p>\t\t\t\t\t\t\t\t<\/div>\n\t\t\t\t\t<\/div>\n\t\t\t\t<\/div>\n\t\t<div data-particle_enable=\"false\" data-particle-mobile-disabled=\"false\" class=\"elementor-element elementor-element-59ccdff e-flex e-con-boxed e-con e-parent\" data-id=\"59ccdff\" data-element_type=\"container\" data-e-type=\"container\">\n\t\t\t\t\t<div class=\"e-con-inner\">\n\t\t\t\t<div class=\"elementor-element elementor-element-2f408d0 elementor-widget elementor-widget-image\" data-id=\"2f408d0\" data-element_type=\"widget\" data-e-type=\"widget\" data-widget_type=\"image.default\">\n\t\t\t\t\t\t\t\t\t\t\t\t<figure class=\"wp-caption\">\n\t\t\t\t\t\t\t\t\t\t<img decoding=\"async\" width=\"768\" height=\"1024\" src=\"https:\/\/soymigrante.com\/revista\/wp-content\/uploads\/2025\/09\/keyla-morales-en-guatemala-768x1024.jpg\" class=\"attachment-large size-large wp-image-45390\" alt=\"En julio de 2025, la modelo Keyla Morales, hija de migrantes guatemaltecos, estuvo en Guatemala para efectuar algunos donativos a escuelas, para lo cual efectu\u00f3 recaudaciones de donativos en EE.UU. (Foto Keyla Morales)\" srcset=\"https:\/\/soymigrante.com\/revista\/wp-content\/uploads\/2025\/09\/keyla-morales-en-guatemala-768x1024.jpg 768w, https:\/\/soymigrante.com\/revista\/wp-content\/uploads\/2025\/09\/keyla-morales-en-guatemala-225x300.jpg 225w, https:\/\/soymigrante.com\/revista\/wp-content\/uploads\/2025\/09\/keyla-morales-en-guatemala-1152x1536.jpg 1152w, https:\/\/soymigrante.com\/revista\/wp-content\/uploads\/2025\/09\/keyla-morales-en-guatemala-750x1000.jpg 750w, https:\/\/soymigrante.com\/revista\/wp-content\/uploads\/2025\/09\/keyla-morales-en-guatemala-1140x1520.jpg 1140w, https:\/\/soymigrante.com\/revista\/wp-content\/uploads\/2025\/09\/keyla-morales-en-guatemala.jpg 1440w\" sizes=\"(max-width: 768px) 100vw, 768px\" title=\"En julio de 2025, la modelo Keyla Morales, hija de migrantes guatemaltecos, estuvo en Guatemala para efectuar algunos donativos a escuelas, para lo cual efectu\u00f3 recaudaciones de donativos en EE.UU. (Foto Keyla Morales) \u2013 SoyMigrante.com REVISTA\" \/>\t\t\t\t\t\t\t\t\t\t\t<figcaption class=\"widget-image-caption wp-caption-text\">En julio de 2025, la modelo Keyla Morales, hija de migrantes guatemaltecos, estuvo en Guatemala para efectuar algunos donativos a escuelas, para lo cual efectu\u00f3 recaudaciones de donativos en EE.UU. (Foto Keyla Morales)<\/figcaption>\n\t\t\t\t\t\t\t\t\t\t<\/figure>\n\t\t\t\t\t\t\t\t\t<\/div>\n\t\t\t\t\t<\/div>\n\t\t\t\t<\/div>\n\t\t<div data-particle_enable=\"false\" data-particle-mobile-disabled=\"false\" class=\"elementor-element elementor-element-3010be2 e-flex e-con-boxed e-con e-parent\" data-id=\"3010be2\" data-element_type=\"container\" data-e-type=\"container\">\n\t\t\t\t\t<div class=\"e-con-inner\">\n\t\t\t\t<div class=\"elementor-element elementor-element-ac587e1 elementor-widget elementor-widget-text-editor\" data-id=\"ac587e1\" data-element_type=\"widget\" data-e-type=\"widget\" data-widget_type=\"text-editor.default\">\n\t\t\t\t\t\t\t\t\t<p>El compromiso social es otro eje en su vida. En julio 2025 viaj\u00f3 a Jutiapa, Guatemala, para entregar mochilas, ropa y \u00fatiles escolares a ni\u00f1os en comunidades rurales. \u201cFue una experiencia hermosa, porque pude hablarles de la educaci\u00f3n y decirles que sus sue\u00f1os pueden hacerse realidad. No es solo mi historia, es la de ellos tambi\u00e9n. Hice varias recaudaciones de fondos para hacer posible esa ayuda\u201d, asegura.<\/p><p><span class=\"cf0\">Y all\u00ed est\u00e1 el verdadero encanto de Keyla: una belleza que trasciende lo superficial: \u201cLa belleza tambi\u00e9n viene de dentro, se enciende hacia afuera y eso es lo que puede mover a comunidades, ciudades y monta\u00f1as\u201d.\u00a0<\/span><\/p><p><span class=\"cf0\">Jennifer complementa: \u201cPara m\u00ed, la belleza es algo tan sencillo como poder respirar y amanecer todos los d\u00edas; es algo que refleja desde adentro hacia afuera\u201d.<\/span><\/p>\t\t\t\t\t\t\t\t<\/div>\n\t\t\t\t\t<\/div>\n\t\t\t\t<\/div>\n\t\t<div data-particle_enable=\"false\" data-particle-mobile-disabled=\"false\" class=\"elementor-element elementor-element-8299295 e-flex e-con-boxed e-con e-parent\" data-id=\"8299295\" data-element_type=\"container\" data-e-type=\"container\">\n\t\t\t\t\t<div class=\"e-con-inner\">\n\t\t\t\t<div class=\"elementor-element elementor-element-29a6150 elementor-widget elementor-widget-image\" data-id=\"29a6150\" data-element_type=\"widget\" data-e-type=\"widget\" data-widget_type=\"image.default\">\n\t\t\t\t\t\t\t\t\t\t\t\t<figure class=\"wp-caption\">\n\t\t\t\t\t\t\t\t\t\t<img loading=\"lazy\" decoding=\"async\" width=\"683\" height=\"1024\" src=\"https:\/\/soymigrante.com\/revista\/wp-content\/uploads\/2025\/09\/keyla-morales-683x1024.jpeg\" class=\"attachment-large size-large wp-image-45389\" alt=\"Keyla Morales junto al dise\u00f1ador venezolano L\u00e1zaro S\u00e1nchez, quien la invit\u00f3 a modelar sus dise\u00f1os en la Semana de la Moda de Nueva York 2025.\" srcset=\"https:\/\/soymigrante.com\/revista\/wp-content\/uploads\/2025\/09\/keyla-morales-683x1024.jpeg 683w, https:\/\/soymigrante.com\/revista\/wp-content\/uploads\/2025\/09\/keyla-morales-200x300.jpeg 200w, https:\/\/soymigrante.com\/revista\/wp-content\/uploads\/2025\/09\/keyla-morales-768x1152.jpeg 768w, https:\/\/soymigrante.com\/revista\/wp-content\/uploads\/2025\/09\/keyla-morales-1024x1536.jpeg 1024w, https:\/\/soymigrante.com\/revista\/wp-content\/uploads\/2025\/09\/keyla-morales-750x1125.jpeg 750w, https:\/\/soymigrante.com\/revista\/wp-content\/uploads\/2025\/09\/keyla-morales-1140x1710.jpeg 1140w, https:\/\/soymigrante.com\/revista\/wp-content\/uploads\/2025\/09\/keyla-morales.jpeg 1365w\" sizes=\"(max-width: 683px) 100vw, 683px\" title=\"Keyla Morales junto al dise\u00f1ador venezolano L\u00e1zaro S\u00e1nchez, quien la invit\u00f3 a modelar sus dise\u00f1os en la Semana de la Moda de Nueva York 2025. \u2013 SoyMigrante.com REVISTA\" \/>\t\t\t\t\t\t\t\t\t\t\t<figcaption class=\"widget-image-caption wp-caption-text\">Keyla Morales junto al dise\u00f1ador venezolano L\u00e1zaro S\u00e1nchez, quien la invit\u00f3 a modelar sus dise\u00f1os en la Semana de la Moda de Nueva York 2025.<\/figcaption>\n\t\t\t\t\t\t\t\t\t\t<\/figure>\n\t\t\t\t\t\t\t\t\t<\/div>\n\t\t\t\t\t<\/div>\n\t\t\t\t<\/div>\n\t\t<div data-particle_enable=\"false\" data-particle-mobile-disabled=\"false\" class=\"elementor-element elementor-element-1f46d5b e-flex e-con-boxed e-con e-parent\" data-id=\"1f46d5b\" data-element_type=\"container\" data-e-type=\"container\">\n\t\t\t\t\t<div class=\"e-con-inner\">\n\t\t\t\t<div class=\"elementor-element elementor-element-9312308 elementor-widget elementor-widget-text-editor\" data-id=\"9312308\" data-element_type=\"widget\" data-e-type=\"widget\" data-widget_type=\"text-editor.default\">\n\t\t\t\t\t\t\t\t\t<p>Cuando se le pregunta por su gran sue\u00f1o, Keyla no duda en emocionarse: \u201cSiempre fue poder vivir mis sue\u00f1os, pero tambi\u00e9n cumplir los de mis pap\u00e1s porque sacrificaron mucho para que yo estuviera en este pa\u00eds. Quiero graduarme de la universidad, seguir en el modelaje y hacer de la belleza un prop\u00f3sito, un mensaje de justicia social y empoderamiento\u201d.<\/p><p><span class=\"cf0\">Con apenas el inicio de su trayectoria, Keyla Morales ya refleja el esp\u00edritu de miles de j\u00f3venes de origen migrante que buscan brillar en el mundo, sin olvidar sus ra\u00edces guatemaltecas.<\/span><\/p>\t\t\t\t\t\t\t\t<\/div>\n\t\t\t\t\t<\/div>\n\t\t\t\t<\/div>\n\t\t<div data-particle_enable=\"false\" data-particle-mobile-disabled=\"false\" class=\"elementor-element elementor-element-553fe11 e-flex e-con-boxed e-con e-parent\" data-id=\"553fe11\" data-element_type=\"container\" data-e-type=\"container\">\n\t\t\t\t\t<div class=\"e-con-inner\">\n\t\t\t\t<div class=\"elementor-element elementor-element-609f8da elementor-widget elementor-widget-image\" data-id=\"609f8da\" data-element_type=\"widget\" data-e-type=\"widget\" data-widget_type=\"image.default\">\n\t\t\t\t\t\t\t\t\t\t\t\t<figure class=\"wp-caption\">\n\t\t\t\t\t\t\t\t\t\t\t<a href=\"https:\/\/www.instagram.com\/keylaaa.morales\/\">\n\t\t\t\t\t\t\t<img loading=\"lazy\" decoding=\"async\" width=\"589\" height=\"826\" src=\"https:\/\/soymigrante.com\/revista\/wp-content\/uploads\/2025\/09\/keyla-morales-modela-en-new-york-fashion-week.png\" class=\"attachment-large size-large wp-image-45883\" alt=\"Para visitar el instagram de Keyla Morales y ver otras futos de su reciente participaci\u00f3n en el New York Fashion Week, dar clic en la imagen.\" srcset=\"https:\/\/soymigrante.com\/revista\/wp-content\/uploads\/2025\/09\/keyla-morales-modela-en-new-york-fashion-week.png 589w, https:\/\/soymigrante.com\/revista\/wp-content\/uploads\/2025\/09\/keyla-morales-modela-en-new-york-fashion-week-214x300.png 214w, https:\/\/soymigrante.com\/revista\/wp-content\/uploads\/2025\/09\/keyla-morales-modela-en-new-york-fashion-week-360x504.png 360w\" sizes=\"(max-width: 589px) 100vw, 589px\" title=\"Para visitar el instagram de Keyla Morales y ver otras futos de su reciente participaci\u00f3n en el New York Fashion Week, dar clic en la imagen. \u2013 SoyMigrante.com REVISTA\" \/>\t\t\t\t\t\t\t\t<\/a>\n\t\t\t\t\t\t\t\t\t\t\t<figcaption class=\"widget-image-caption wp-caption-text\">Para visitar el instagram de Keyla Morales y ver otras futos de su reciente participaci\u00f3n en el New York Fashion Week, dar clic en la imagen.<\/figcaption>\n\t\t\t\t\t\t\t\t\t\t<\/figure>\n\t\t\t\t\t\t\t\t\t<\/div>\n\t\t\t\t\t<\/div>\n\t\t\t\t<\/div>\n\t\t<div data-particle_enable=\"false\" data-particle-mobile-disabled=\"false\" class=\"elementor-element elementor-element-765bfb9 e-flex e-con-boxed e-con e-parent\" data-id=\"765bfb9\" data-element_type=\"container\" data-e-type=\"container\">\n\t\t\t\t\t<div class=\"e-con-inner\">\n\t\t\t\t<div class=\"elementor-element elementor-element-bb85263 elementor-widget elementor-widget-heading\" data-id=\"bb85263\" data-element_type=\"widget\" data-e-type=\"widget\" data-widget_type=\"heading.default\">\n\t\t\t\t\t<h2 class=\"elementor-heading-title elementor-size-default\">Talento de cuna migrante<\/h2>\t\t\t\t<\/div>\n\t\t\t\t\t<\/div>\n\t\t\t\t<\/div>\n\t\t<div data-particle_enable=\"false\" data-particle-mobile-disabled=\"false\" class=\"elementor-element elementor-element-23bb386 e-flex e-con-boxed e-con e-parent\" data-id=\"23bb386\" data-element_type=\"container\" data-e-type=\"container\">\n\t\t\t\t\t<div class=\"e-con-inner\">\n\t\t\t\t<div class=\"elementor-element elementor-element-ffc6276 elementor-grid-eael-col-3 elementor-grid-tablet-eael-col-2 elementor-grid-mobile-eael-col-1 elementor-widget elementor-widget-eael-post-grid\" data-id=\"ffc6276\" data-element_type=\"widget\" data-e-type=\"widget\" data-settings=\"{&quot;eael_post_grid_columns&quot;:&quot;eael-col-3&quot;,&quot;eael_post_grid_columns_tablet&quot;:&quot;eael-col-2&quot;,&quot;eael_post_grid_columns_mobile&quot;:&quot;eael-col-1&quot;}\" data-widget_type=\"eael-post-grid.default\">\n\t\t\t\t\t<div id=\"eael-post-grid-ffc6276\" class=\"eael-post-grid-container\">\n            <div class=\"eael-post-grid eael-post-appender eael-post-appender-ffc6276 eael-post-grid-style-one\" data-layout-mode=\"masonry\"><article class=\"eael-grid-post  eael-post-grid-column eael-pg-post-6481 category-exitos\" data-id=\"6481\">\n        <div class=\"eael-grid-post-holder\">\n            <div class=\"eael-grid-post-holder-inner\"><div class=\"eael-entry-media\"><div class=\"eael-entry-overlay fade-in\"><i class=\"far fa-hand-pointer\" aria-hidden=\"true\"><\/i><a href=\"https:\/\/soymigrante.com\/revista\/se-gradua-de-medica-hija-de-migrantes-guatemaltecos-en-oklahoma\/\"><\/a><\/div><div class=\"eael-entry-thumbnail eael-image-ratio\">\n                <img loading=\"lazy\" decoding=\"async\" width=\"715\" height=\"688\" src=\"https:\/\/soymigrante.com\/revista\/wp-content\/uploads\/2024\/05\/Captura-de-pantalla-2024-05-17-112020.webp\" class=\"attachment-large size-large wp-image-6482\" alt=\"Graduaci\u00f3n de inmigrantes en evento cultural con tradici\u00f3n, orgullo y diversidad en la comunidad migrante.\" srcset=\"https:\/\/soymigrante.com\/revista\/wp-content\/uploads\/2024\/05\/Captura-de-pantalla-2024-05-17-112020.webp 715w, https:\/\/soymigrante.com\/revista\/wp-content\/uploads\/2024\/05\/Captura-de-pantalla-2024-05-17-112020-300x289.webp 300w\" sizes=\"(max-width: 715px) 100vw, 715px\" \/>\n            <\/div>\n        <\/div><div class=\"eael-entry-wrapper\"><header class=\"eael-entry-header\"><h2 class=\"eael-entry-title\"><a class=\"eael-grid-post-link\" href=\"https:\/\/soymigrante.com\/revista\/se-gradua-de-medica-hija-de-migrantes-guatemaltecos-en-oklahoma\/\" title=\"Se grad\u00faa de m\u00e9dica hija de migrantes guatemaltecos en Oklahoma\">Se grad\u00faa de m\u00e9dica hija de migrantes guatemaltecos en Oklahoma<\/a><\/h2><\/header><div class=\"eael-entry-content\">\n                        <div class=\"eael-grid-post-excerpt\"><a href=\"https:\/\/soymigrante.com\/revista\/se-gradua-de-medica-hija-de-migrantes-guatemaltecos-en-oklahoma\/\" class=\"eael-post-elements-readmore-btn\">CONOCE SU HISTORIA <\/a><\/div>\n                    <\/div><\/div><\/div>\n        <\/div>\n    <\/article><article class=\"eael-grid-post  eael-post-grid-column eael-pg-post-4809 category-exitos\" data-id=\"4809\">\n        <div class=\"eael-grid-post-holder\">\n            <div class=\"eael-grid-post-holder-inner\"><div class=\"eael-entry-media\"><div class=\"eael-entry-overlay fade-in\"><i class=\"far fa-hand-pointer\" aria-hidden=\"true\"><\/i><a href=\"https:\/\/soymigrante.com\/revista\/migrante-mister-oklahoma-donativo-utiles-escolares-guatemala\/\"><\/a><\/div><div class=\"eael-entry-thumbnail eael-image-ratio\">\n                <img loading=\"lazy\" decoding=\"async\" width=\"501\" height=\"455\" src=\"https:\/\/soymigrante.com\/revista\/wp-content\/uploads\/2024\/02\/mr.webp\" class=\"attachment-large size-large wp-image-4815\" alt=\"Migrante Brian de Leon recaud\u00f3 donativos en Oklahoma y los vino a entregar en utiles escolares a Guatemala. Brian de Leon Mister Oklahoma\" srcset=\"https:\/\/soymigrante.com\/revista\/wp-content\/uploads\/2024\/02\/mr.webp 501w, https:\/\/soymigrante.com\/revista\/wp-content\/uploads\/2024\/02\/mr-300x272.webp 300w\" sizes=\"(max-width: 501px) 100vw, 501px\" \/>\n            <\/div>\n        <\/div><div class=\"eael-entry-wrapper\"><header class=\"eael-entry-header\"><h2 class=\"eael-entry-title\"><a class=\"eael-grid-post-link\" href=\"https:\/\/soymigrante.com\/revista\/migrante-mister-oklahoma-donativo-utiles-escolares-guatemala\/\" title=\"M\u00edster Oklahoma Brian de Le\u00f3n entrega donativo migrante en Guatemala\">M\u00edster Oklahoma Brian de Le\u00f3n entrega donativo migrante en Guatemala<\/a><\/h2><\/header><div class=\"eael-entry-content\">\n                        <div class=\"eael-grid-post-excerpt\"><a href=\"https:\/\/soymigrante.com\/revista\/migrante-mister-oklahoma-donativo-utiles-escolares-guatemala\/\" class=\"eael-post-elements-readmore-btn\">CONOCE SU HISTORIA <\/a><\/div>\n                    <\/div><\/div><\/div>\n        <\/div>\n    <\/article><article class=\"eael-grid-post  eael-post-grid-column eael-pg-post-2368 category-exitos\" data-id=\"2368\">\n        <div class=\"eael-grid-post-holder\">\n            <div class=\"eael-grid-post-holder-inner\"><div class=\"eael-entry-media\"><div class=\"eael-entry-overlay fade-in\"><i class=\"far fa-hand-pointer\" aria-hidden=\"true\"><\/i><a href=\"https:\/\/soymigrante.com\/revista\/elizabeth-coti-maestra-espanol-texas-guatemala\/\"><\/a><\/div><div class=\"eael-entry-thumbnail eael-image-ratio\">\n                <img loading=\"lazy\" decoding=\"async\" width=\"1024\" height=\"731\" src=\"https:\/\/soymigrante.com\/revista\/wp-content\/uploads\/2023\/08\/705345_4157588903679_1136987468_o-e1693334157790-1024x731.webp\" class=\"attachment-large size-large wp-image-2369\" alt=\"El cari\u00f1o de sus padres H\u00e9ctor y Guadalupe ense\u00f1\u00f3 a Elizabeth a valorar la multiculturalidad guatemalteca.\" srcset=\"https:\/\/soymigrante.com\/revista\/wp-content\/uploads\/2023\/08\/705345_4157588903679_1136987468_o-e1693334157790-1024x731.webp 1024w, https:\/\/soymigrante.com\/revista\/wp-content\/uploads\/2023\/08\/705345_4157588903679_1136987468_o-e1693334157790-300x214.webp 300w, https:\/\/soymigrante.com\/revista\/wp-content\/uploads\/2023\/08\/705345_4157588903679_1136987468_o-e1693334157790-768x548.webp 768w, https:\/\/soymigrante.com\/revista\/wp-content\/uploads\/2023\/08\/705345_4157588903679_1136987468_o-e1693334157790-1536x1096.webp 1536w, https:\/\/soymigrante.com\/revista\/wp-content\/uploads\/2023\/08\/705345_4157588903679_1136987468_o-e1693334157790-120x86.webp 120w, https:\/\/soymigrante.com\/revista\/wp-content\/uploads\/2023\/08\/705345_4157588903679_1136987468_o-e1693334157790-350x250.webp 350w, https:\/\/soymigrante.com\/revista\/wp-content\/uploads\/2023\/08\/705345_4157588903679_1136987468_o-e1693334157790-750x535.webp 750w, https:\/\/soymigrante.com\/revista\/wp-content\/uploads\/2023\/08\/705345_4157588903679_1136987468_o-e1693334157790-1140x814.webp 1140w, https:\/\/soymigrante.com\/revista\/wp-content\/uploads\/2023\/08\/705345_4157588903679_1136987468_o-e1693334157790.webp 1774w\" sizes=\"(max-width: 1024px) 100vw, 1024px\" \/>\n            <\/div>\n        <\/div><div class=\"eael-entry-wrapper\"><header class=\"eael-entry-header\"><h2 class=\"eael-entry-title\"><a class=\"eael-grid-post-link\" href=\"https:\/\/soymigrante.com\/revista\/elizabeth-coti-maestra-espanol-texas-guatemala\/\" title=\"Elizabeth Cot\u00ed: La maestra texana con ra\u00edces guatemaltecas que ense\u00f1a espa\u00f1ol\">Elizabeth Cot\u00ed: La maestra texana con ra\u00edces guatemaltecas que ense\u00f1a espa\u00f1ol<\/a><\/h2><\/header><div class=\"eael-entry-content\">\n                        <div class=\"eael-grid-post-excerpt\"><a href=\"https:\/\/soymigrante.com\/revista\/elizabeth-coti-maestra-espanol-texas-guatemala\/\" class=\"eael-post-elements-readmore-btn\">CONOCE SU HISTORIA <\/a><\/div>\n                    <\/div><\/div><\/div>\n        <\/div>\n    <\/article><\/div>\n            <div class=\"clearfix\"><\/div>\n        <\/div>\t\t\t\t<\/div>\n\t\t\t\t\t<\/div>\n\t\t\t\t<\/div>\n\t\t\t\t<\/div>\n\t\t","protected":false},"excerpt":{"rendered":"<p>Keyla Morales tuvo un gran sue\u00f1o desde ni\u00f1a y lo est\u00e1 realizando, con el apoyo de sus padres, migrantes guatemaltecos: ser modelo de pasarela, con profesionalismo pero tambi\u00e9n con responsabilidad y sentido social. Keyla Morales, hija de los migrantes guatemaltecos Elliot y Jennifer Morales, radicados en San Francisco California, comienza a abrirse paso en el [&hellip;]<\/p>\n","protected":false},"author":7,"featured_media":45331,"comment_status":"open","ping_status":"open","sticky":false,"template":"","format":"standard","meta":{"_acf_changed":false,"_eb_attr":"","footnotes":""},"categories":[50,274],"tags":[],"class_list":["post-45328","post","type-post","status-publish","format-standard","has-post-thumbnail","hentry","category-exitos","category-guatemala"],"acf":[],"aioseo_notices":[],"aioseo_head":"\n\t\t<!-- All in One SEO Pro 4.9.6.2 - aioseo.com -->\n\t<meta name=\"description\" content=\"Elizabeth Cot\u00ed, nacida en Texas y con padres guatemaltecos, se ha destacado por su din\u00e1mico m\u00e9todo para ense\u00f1ar espa\u00f1ol, conectando culturas y tradiciones.\" \/>\n\t<meta name=\"robots\" content=\"max-snippet:-1, max-image-preview:large, max-video-preview:-1\" \/>\n\t<meta name=\"author\" content=\"Gustavo Montenegro\"\/>\n\t<link rel=\"canonical\" href=\"https:\/\/soymigrante.com\/revista\/elizabeth-coti-maestra-espanol-texas-guatemala\/\" \/>\n\t<meta name=\"generator\" content=\"All in One SEO Pro (AIOSEO) 4.9.6.2\" \/>\n\n\t\t<link rel=\"preconnect\" href=\"https:\/\/fonts.googleapis.com\" crossorigin>\n<link rel=\"preconnect\" href=\"https:\/\/fonts.gstatic.com\" crossorigin>\n\t\t<meta property=\"og:locale\" content=\"es_ES\" \/>\n\t\t<meta property=\"og:site_name\" content=\"SoyMigrante.com REVISTA \u2013 Nuestra misi\u00f3n es reconocer y dignificar al migrante.\" \/>\n\t\t<meta property=\"og:type\" content=\"article\" \/>\n\t\t<meta property=\"og:title\" content=\"Elizabeth Cot\u00ed: La maestra texana con ra\u00edces guatemaltecas que ense\u00f1a espa\u00f1ol \u2013\" \/>\n\t\t<meta property=\"og:description\" content=\"Elizabeth Cot\u00ed, nacida en Texas y con padres guatemaltecos, se ha destacado por su din\u00e1mico m\u00e9todo para ense\u00f1ar espa\u00f1ol, conectando culturas y tradiciones.\" \/>\n\t\t<meta property=\"og:url\" content=\"https:\/\/soymigrante.com\/revista\/elizabeth-coti-maestra-espanol-texas-guatemala\/\" \/>\n\t\t<meta property=\"og:image\" content=\"https:\/\/soymigrante.com\/revista\/wp-content\/uploads\/2023\/08\/705345_4157588903679_1136987468_o-e1693334157790.webp\" \/>\n\t\t<meta property=\"og:image:secure_url\" content=\"https:\/\/soymigrante.com\/revista\/wp-content\/uploads\/2023\/08\/705345_4157588903679_1136987468_o-e1693334157790.webp\" \/>\n\t\t<meta property=\"og:image:width\" content=\"1774\" \/>\n\t\t<meta property=\"og:image:height\" content=\"1266\" \/>\n\t\t<meta property=\"article:published_time\" content=\"2023-08-29T18:36:14+00:00\" \/>\n\t\t<meta property=\"article:modified_time\" content=\"2024-07-30T23:33:49+00:00\" \/>\n\t\t<meta property=\"article:publisher\" content=\"https:\/\/www.facebook.com\/soymigrantecom\" \/>\n\t\t<meta name=\"twitter:card\" content=\"summary_large_image\" \/>\n\t\t<meta name=\"twitter:site\" content=\"@SoyMigrante_com\" \/>\n\t\t<meta name=\"twitter:title\" content=\"Elizabeth Cot\u00ed: La maestra texana con ra\u00edces guatemaltecas que ense\u00f1a espa\u00f1ol \u2013\" \/>\n\t\t<meta name=\"twitter:description\" content=\"Elizabeth Cot\u00ed, nacida en Texas y con padres guatemaltecos, se ha destacado por su din\u00e1mico m\u00e9todo para ense\u00f1ar espa\u00f1ol, conectando culturas y tradiciones.\" \/>\n\t\t<meta name=\"twitter:creator\" content=\"@SoyMigrante_com\" \/>\n\t\t<meta name=\"twitter:image\" content=\"https:\/\/soymigrante.com\/revista\/wp-content\/uploads\/2023\/08\/705345_4157588903679_1136987468_o-e1693334157790.webp\" \/>\n\t\t<!-- All in One SEO Pro -->\r\n\t\t<title>Elizabeth Cot\u00ed: La maestra texana con ra\u00edces guatemaltecas que ense\u00f1a espa\u00f1ol \u2013<\/title>\n\n","aioseo_head_json":{"title":"Elizabeth Cot\u00ed: La maestra texana con ra\u00edces guatemaltecas que ense\u00f1a espa\u00f1ol \u2013","description":"Elizabeth Cot\u00ed, nacida en Texas y con padres guatemaltecos, se ha destacado por su din\u00e1mico m\u00e9todo para ense\u00f1ar espa\u00f1ol, conectando culturas y tradiciones.","canonical_url":"https:\/\/soymigrante.com\/revista\/elizabeth-coti-maestra-espanol-texas-guatemala\/","robots":"max-snippet:-1, max-image-preview:large, max-video-preview:-1","keywords":"","webmasterTools":{"miscellaneous":"&lt;link rel=\"preconnect\" href=\"https:\/\/fonts.googleapis.com\" crossorigin&gt;\n&lt;link rel=\"preconnect\" href=\"https:\/\/fonts.gstatic.com\" crossorigin&gt;"},"schema":null,"og:locale":"es_ES","og:site_name":"SoyMigrante.com REVISTA \u2013 Nuestra misi\u00f3n es reconocer y dignificar al migrante.","og:type":"article","og:title":"Elizabeth Cot\u00ed: La maestra texana con ra\u00edces guatemaltecas que ense\u00f1a espa\u00f1ol \u2013","og:description":"Elizabeth Cot\u00ed, nacida en Texas y con padres guatemaltecos, se ha destacado por su din\u00e1mico m\u00e9todo para ense\u00f1ar espa\u00f1ol, conectando culturas y tradiciones.","og:url":"https:\/\/soymigrante.com\/revista\/elizabeth-coti-maestra-espanol-texas-guatemala\/","og:image":"https:\/\/soymigrante.com\/revista\/wp-content\/uploads\/2023\/08\/705345_4157588903679_1136987468_o-e1693334157790.webp","og:image:secure_url":"https:\/\/soymigrante.com\/revista\/wp-content\/uploads\/2023\/08\/705345_4157588903679_1136987468_o-e1693334157790.webp","og:image:width":1774,"og:image:height":1266,"article:published_time":"2023-08-29T18:36:14+00:00","article:modified_time":"2024-07-30T23:33:49+00:00","article:publisher":"https:\/\/www.facebook.com\/soymigrantecom","twitter:card":"summary_large_image","twitter:site":"@SoyMigrante_com","twitter:title":"Elizabeth Cot\u00ed: La maestra texana con ra\u00edces guatemaltecas que ense\u00f1a espa\u00f1ol \u2013","twitter:description":"Elizabeth Cot\u00ed, nacida en Texas y con padres guatemaltecos, se ha destacado por su din\u00e1mico m\u00e9todo para ense\u00f1ar espa\u00f1ol, conectando culturas y tradiciones.","twitter:creator":"@SoyMigrante_com","twitter:image":"https:\/\/soymigrante.com\/revista\/wp-content\/uploads\/2023\/08\/705345_4157588903679_1136987468_o-e1693334157790.webp"},"aioseo_meta_data":{"post_id":"45328","title":"Keyla Morales, de ra\u00edz guatemalteca en New York Fashion Week","description":"La modelo Keyla Morales tiene 19 a\u00f1os, es hija de migrantes guatemaltecos radicados en L.A. Desfil\u00f3 en las pasarelas del New York Fashion Week Esta es su historia","keywords":null,"keyphrases":{"focus":{"keyphrase":"Modelo","score":60,"analysis":{"keyphraseInTitle":{"score":3,"maxScore":9,"error":1},"keyphraseInDescription":{"score":9,"maxScore":9,"error":0},"keyphraseLength":{"score":9,"maxScore":9,"error":0,"length":1},"keyphraseInURL":{"score":5,"maxScore":5,"error":0},"keyphraseInIntroduction":{"score":3,"maxScore":9,"error":1},"keyphraseInSubHeadings":{"score":3,"maxScore":9,"error":1},"keyphraseInImageAlt":{"score":9,"maxScore":9,"error":0},"keywordDensity":{"score":0,"type":"low","maxScore":9,"error":1}}},"additional":[{"keyphrase":"New York","score":53,"analysis":{"keyphraseInDescription":{"score":9,"maxScore":9,"error":0},"keyphraseLength":{"score":9,"maxScore":9,"error":0,"length":2},"keyphraseInIntroduction":{"score":3,"maxScore":9,"error":1},"keyphraseInImageAlt":{"score":3,"maxScore":9,"error":1},"keywordDensity":{"score":0,"type":"low","maxScore":9,"error":1}}},{"keyphrase":"Guatemalteca","score":73,"analysis":{"keyphraseInDescription":{"score":3,"maxScore":9,"error":1},"keyphraseLength":{"score":9,"maxScore":9,"error":0,"length":1},"keyphraseInIntroduction":{"score":3,"maxScore":9,"error":1},"keyphraseInImageAlt":{"score":9,"maxScore":9,"error":0},"keywordDensity":{"type":"best","score":9,"maxScore":9,"error":0}}},{"keyphrase":"Guatemaltecos","score":80,"analysis":{"keyphraseInDescription":{"score":9,"maxScore":9,"error":0},"keyphraseLength":{"score":9,"maxScore":9,"error":0,"length":1},"keyphraseInIntroduction":{"score":9,"maxScore":9,"error":0},"keyphraseInImageAlt":{"score":9,"maxScore":9,"error":0},"keywordDensity":{"score":0,"type":"low","maxScore":9,"error":1}}}]},"primary_term":null,"canonical_url":null,"og_title":null,"og_description":null,"og_object_type":"default","og_image_type":"default","og_image_url":null,"og_image_width":null,"og_image_height":null,"og_image_custom_url":null,"og_image_custom_fields":null,"og_video":"","og_custom_url":null,"og_article_section":null,"og_article_tags":null,"twitter_use_og":false,"twitter_card":"default","twitter_image_type":"default","twitter_image_url":null,"twitter_image_custom_url":null,"twitter_image_custom_fields":null,"twitter_title":null,"twitter_description":null,"schema":{"blockGraphs":[],"customGraphs":[],"default":{"data":{"Article":[],"Course":[],"Dataset":[],"FAQPage":[],"Movie":[],"Person":[],"Product":[],"ProductReview":[],"Car":[],"Recipe":[],"Service":[],"SoftwareApplication":[],"WebPage":[]},"graphName":"none","isEnabled":true},"graphs":[]},"schema_type":"default","schema_type_options":null,"pillar_content":false,"robots_default":true,"robots_noindex":false,"robots_noarchive":false,"robots_nosnippet":false,"robots_nofollow":false,"robots_noimageindex":false,"robots_noodp":false,"robots_notranslate":false,"robots_max_snippet":"-1","robots_max_videopreview":"-1","robots_max_imagepreview":"large","priority":null,"frequency":"default","local_seo":null,"seo_analyzer_scan_date":"2025-10-09 08:38:51","breadcrumb_settings":null,"limit_modified_date":false,"reviewed_by":"0","open_ai":null,"ai":{"faqs":[],"keyPoints":[],"titles":[],"descriptions":[],"socialPosts":{"email":[],"linkedin":[],"twitter":[],"facebook":[],"instagram":[]}},"created":"2025-09-18 18:05:29","updated":"2026-02-05 05:38:37"},"aioseo_breadcrumb":"<div class=\"aioseo-breadcrumbs\"><span class=\"aioseo-breadcrumb\">\n\t<a href=\"https:\/\/soymigrante.com\/revista\" title=\"Home\">Home<\/a>\n<\/span><span class=\"aioseo-breadcrumb-separator\">\u00bb<\/span><span class=\"aioseo-breadcrumb\">\n\t<a href=\"https:\/\/soymigrante.com\/revista\/category\/exitos\/\" title=\"\u00c9xitos\">\u00c9xitos<\/a>\n<\/span><span class=\"aioseo-breadcrumb-separator\">\u00bb<\/span><span class=\"aioseo-breadcrumb\">\n\t<a href=\"https:\/\/soymigrante.com\/revista\/category\/exitos\/guatemala\/\" title=\"Guatemala\">Guatemala<\/a>\n<\/span><span class=\"aioseo-breadcrumb-separator\">\u00bb<\/span><span class=\"aioseo-breadcrumb\">\n\tKeyla Morales, de ra\u00edces guatemaltecas, model\u00f3 en pasarela del New York Fashion Show 2025\n<\/span><\/div>","aioseo_breadcrumb_json":[{"label":"Home","link":"https:\/\/soymigrante.com\/revista"},{"label":"\u00c9xitos","link":"https:\/\/soymigrante.com\/revista\/category\/exitos\/"},{"label":"Guatemala","link":"https:\/\/soymigrante.com\/revista\/category\/exitos\/guatemala\/"},{"label":"Keyla Morales, de ra\u00edces guatemaltecas, model\u00f3 en pasarela del New York Fashion Show 2025","link":"https:\/\/soymigrante.com\/revista\/keyla-morales-de-raices-guatemaltecas-modelo-en-pasarela-del-new-york-fashion-show-2025\/"}],"_links":{"self":[{"href":"https:\/\/soymigrante.com\/revista\/wp-json\/wp\/v2\/posts\/45328","targetHints":{"allow":["GET"]}}],"collection":[{"href":"https:\/\/soymigrante.com\/revista\/wp-json\/wp\/v2\/posts"}],"about":[{"href":"https:\/\/soymigrante.com\/revista\/wp-json\/wp\/v2\/types\/post"}],"author":[{"embeddable":true,"href":"https:\/\/soymigrante.com\/revista\/wp-json\/wp\/v2\/users\/7"}],"replies":[{"embeddable":true,"href":"https:\/\/soymigrante.com\/revista\/wp-json\/wp\/v2\/comments?post=45328"}],"version-history":[{"count":17,"href":"https:\/\/soymigrante.com\/revista\/wp-json\/wp\/v2\/posts\/45328\/revisions"}],"predecessor-version":[{"id":45908,"href":"https:\/\/soymigrante.com\/revista\/wp-json\/wp\/v2\/posts\/45328\/revisions\/45908"}],"wp:featuredmedia":[{"embeddable":true,"href":"https:\/\/soymigrante.com\/revista\/wp-json\/wp\/v2\/media\/45331"}],"wp:attachment":[{"href":"https:\/\/soymigrante.com\/revista\/wp-json\/wp\/v2\/media?parent=45328"}],"wp:term":[{"taxonomy":"category","embeddable":true,"href":"https:\/\/soymigrante.com\/revista\/wp-json\/wp\/v2\/categories?post=45328"},{"taxonomy":"post_tag","embeddable":true,"href":"https:\/\/soymigrante.com\/revista\/wp-json\/wp\/v2\/tags?post=45328"}],"curies":[{"name":"wp","href":"https:\/\/api.w.org\/{rel}","templated":true}]}}