{"id":45310,"date":"2025-09-19T07:43:49","date_gmt":"2025-09-19T13:43:49","guid":{"rendered":"https:\/\/soymigrante.com\/revista\/?p=45310"},"modified":"2025-09-19T07:47:42","modified_gmt":"2025-09-19T13:47:42","slug":"si-vives-en-usa-tambien-puedes-comprar-en-mercado-para-que-tu-familia-lo-reciba","status":"publish","type":"post","link":"https:\/\/soymigrante.com\/revista\/si-vives-en-usa-tambien-puedes-comprar-en-mercado-para-que-tu-familia-lo-reciba\/","title":{"rendered":"Si vives en USA tambi\u00e9n puedes comprar en MERCADO para que tu familia lo reciba"},"content":{"rendered":"\t\t<div data-elementor-type=\"wp-post\" data-elementor-id=\"45310\" class=\"elementor elementor-45310\" data-elementor-post-type=\"post\">\n\t\t\t\t<div data-particle_enable=\"false\" data-particle-mobile-disabled=\"false\" class=\"elementor-element elementor-element-9fe0ba0 e-flex e-con-boxed e-con e-parent\" data-id=\"9fe0ba0\" data-element_type=\"container\" data-e-type=\"container\">\n\t\t\t\t\t<div class=\"e-con-inner\">\n\t\t\t\t<div class=\"elementor-element elementor-element-0fb1b8b elementor-widget elementor-widget-heading\" data-id=\"0fb1b8b\" data-element_type=\"widget\" data-e-type=\"widget\" data-widget_type=\"heading.default\">\n\t\t\t\t\t<h2 class=\"elementor-heading-title elementor-size-default\">Los migrantes en Estados Unidos, pueden entregar regalos, adornos y productos alimenticios para la familia en Guatemala. \n<\/h2>\t\t\t\t<\/div>\n\t\t\t\t\t<\/div>\n\t\t\t\t<\/div>\n\t\t<div data-particle_enable=\"false\" data-particle-mobile-disabled=\"false\" class=\"elementor-element elementor-element-08abc14 e-flex e-con-boxed e-con e-parent\" data-id=\"08abc14\" data-element_type=\"container\" data-e-type=\"container\">\n\t\t\t\t\t<div class=\"e-con-inner\">\n\t\t\t\t<div class=\"elementor-element elementor-element-8bba689 elementor-widget elementor-widget-text-editor\" data-id=\"8bba689\" data-element_type=\"widget\" data-e-type=\"widget\" data-widget_type=\"text-editor.default\">\n\t\t\t\t\t\t\t\t\t<p>Conectar a los migrantes con sus familias en Guatemala nunca hab\u00eda sido tan f\u00e1cil. La plataforma <a href=\"https:\/\/soymigrante.com\/mercado\/\" target=\"_blank\" rel=\"noopener\">SoyMigrante.com\/MERCADO<\/a> se ha convertido en una herramienta que rompe fronteras, permitiendo que guatemaltecos en Estados Unidos realicen compras en l\u00ednea que se entregan directamente en el pa\u00eds.<\/p>\t\t\t\t\t\t\t\t<\/div>\n\t\t\t\t\t<\/div>\n\t\t\t\t<\/div>\n\t\t<div data-particle_enable=\"false\" data-particle-mobile-disabled=\"false\" class=\"elementor-element elementor-element-80f6df1 e-flex e-con-boxed e-con e-parent\" data-id=\"80f6df1\" data-element_type=\"container\" data-e-type=\"container\">\n\t\t\t\t\t<div class=\"e-con-inner\">\n\t\t\t\t<div class=\"elementor-element elementor-element-8c7930b elementor-widget elementor-widget-heading\" data-id=\"8c7930b\" data-element_type=\"widget\" data-e-type=\"widget\" data-widget_type=\"heading.default\">\n\t\t\t\t\t<h3 class=\"elementor-heading-title elementor-size-default\">Una conexi\u00f3n con la familia<\/h3>\t\t\t\t<\/div>\n\t\t\t\t\t<\/div>\n\t\t\t\t<\/div>\n\t\t<div data-particle_enable=\"false\" data-particle-mobile-disabled=\"false\" class=\"elementor-element elementor-element-3919292 e-flex e-con-boxed e-con e-parent\" data-id=\"3919292\" data-element_type=\"container\" data-e-type=\"container\">\n\t\t\t\t\t<div class=\"e-con-inner\">\n\t\t\t\t<div class=\"elementor-element elementor-element-372b8ec elementor-widget elementor-widget-text-editor\" data-id=\"372b8ec\" data-element_type=\"widget\" data-e-type=\"widget\" data-widget_type=\"text-editor.default\">\n\t\t\t\t\t\t\t\t\t<p>Para muchos migrantes, enviar un obsequio, un detalle o incluso un producto necesario a sus seres queridos es una manera de estar presentes pese a la distancia. <a href=\"https:\/\/soymigrante.com\/mercado\/\" target=\"_blank\" rel=\"noopener\">En MERCADO<\/a> se encuentran opciones variadas: desde artesan\u00edas hechas a mano por emprendedores guatemaltecos, hasta accesorios \u00fanicos y productos de uso diario.<\/p><p>En notas anteriores, emprendedores como<a href=\"https:\/\/soymigrante.com\/revista\/emprendedora-lilia-rojas-elabora-joyas-con-creatividad-marca-livero\/\" target=\"_blank\" rel=\"noopener\"> Lilia Rojas, creadora de collares inspirados en la creatividad<\/a>, han destacado c\u00f3mo la plataforma abre espacios para que sus productos lleguen a nuevos clientes y crucen fronteras sin complicaciones.<\/p>\t\t\t\t\t\t\t\t<\/div>\n\t\t\t\t\t<\/div>\n\t\t\t\t<\/div>\n\t\t<div data-particle_enable=\"false\" data-particle-mobile-disabled=\"false\" class=\"elementor-element elementor-element-f1779ee e-flex e-con-boxed e-con e-parent\" data-id=\"f1779ee\" data-element_type=\"container\" data-e-type=\"container\">\n\t\t\t\t\t<div class=\"e-con-inner\">\n\t\t\t\t<div class=\"elementor-element elementor-element-69f50c8 elementor-grid-eael-col-1 elementor-grid-tablet-eael-col-2 elementor-grid-mobile-eael-col-1 elementor-widget elementor-widget-eael-post-grid\" data-id=\"69f50c8\" data-element_type=\"widget\" data-e-type=\"widget\" data-settings=\"{&quot;eael_post_grid_columns&quot;:&quot;eael-col-1&quot;,&quot;eael_post_grid_columns_tablet&quot;:&quot;eael-col-2&quot;,&quot;eael_post_grid_columns_mobile&quot;:&quot;eael-col-1&quot;}\" data-widget_type=\"eael-post-grid.default\">\n\t\t\t\t\t<div id=\"eael-post-grid-69f50c8\" class=\"eael-post-grid-container\">\n            <div class=\"eael-post-grid eael-post-appender eael-post-appender-69f50c8 eael-post-grid-style-one\" data-layout-mode=\"masonry\"><article class=\"eael-grid-post  eael-post-grid-column eael-pg-post-41543 category-guate-nuestra tags-mercado-emprendedores\" data-id=\"41543\">\n        <div class=\"eael-grid-post-holder\">\n            <div class=\"eael-grid-post-holder-inner\"><div class=\"eael-entry-media\"><div class=\"eael-entry-overlay fade-in\"><i class=\"far fa-hand-pointer\" aria-hidden=\"true\"><\/i><a href=\"https:\/\/soymigrante.com\/revista\/vanessa-tuy-y-un-arte-terapeutico-sus-mandalas-tejidos-estan-en-mercado\/\"><\/a><\/div><div class=\"eael-entry-thumbnail eael-image-ratio\">\n                <img fetchpriority=\"high\" decoding=\"async\" width=\"703\" height=\"1024\" src=\"https:\/\/soymigrante.com\/revista\/wp-content\/uploads\/2025\/08\/Vanessa-Tuy-y-su-arte-sanador-5-703x1024.jpeg\" class=\"attachment-large size-large wp-image-41544\" alt=\"Cr\u00e1neo azteca hecho a mano con detalles coloridos, tradici\u00f3n y cultura mexicana, elaborado con t\u00e9cnicas artesanales para exhibici\u00f3n y coleccionismo.\" srcset=\"https:\/\/soymigrante.com\/revista\/wp-content\/uploads\/2025\/08\/Vanessa-Tuy-y-su-arte-sanador-5-703x1024.jpeg 703w, https:\/\/soymigrante.com\/revista\/wp-content\/uploads\/2025\/08\/Vanessa-Tuy-y-su-arte-sanador-5-206x300.jpeg 206w, https:\/\/soymigrante.com\/revista\/wp-content\/uploads\/2025\/08\/Vanessa-Tuy-y-su-arte-sanador-5-768x1118.jpeg 768w, https:\/\/soymigrante.com\/revista\/wp-content\/uploads\/2025\/08\/Vanessa-Tuy-y-su-arte-sanador-5-750x1092.webp 750w, https:\/\/soymigrante.com\/revista\/wp-content\/uploads\/2025\/08\/Vanessa-Tuy-y-su-arte-sanador-5.webp 879w\" sizes=\"(max-width: 703px) 100vw, 703px\" \/>\n            <\/div>\n        <\/div><div class=\"eael-entry-wrapper\"><header class=\"eael-entry-header\"><h2 class=\"eael-entry-title\"><a class=\"eael-grid-post-link\" href=\"https:\/\/soymigrante.com\/revista\/vanessa-tuy-y-un-arte-terapeutico-sus-mandalas-tejidos-estan-en-mercado\/\" title=\"Vanessa Tuy y un arte terap\u00e9utico: sus mandalas tejidos est\u00e1n en MERCADO\">Vanessa Tuy y un arte terap\u00e9utico: sus mandalas tejidos est\u00e1n en MERCADO<\/a><\/h2><\/header><div class=\"eael-entry-content\">\n                        <div class=\"eael-grid-post-excerpt\"><a href=\"https:\/\/soymigrante.com\/revista\/vanessa-tuy-y-un-arte-terapeutico-sus-mandalas-tejidos-estan-en-mercado\/\" class=\"eael-post-elements-readmore-btn\">CONOCE SU HISTORIA <\/a><\/div>\n                    <\/div><\/div><\/div>\n        <\/div>\n    <\/article><\/div>\n            <div class=\"clearfix\"><\/div>\n        <\/div>            <div class=\"eael-load-more-button-wrap eael-force-hide\">\n                <button class=\"eael-load-more-button\" id=\"eael-load-more-btn-69f50c8\" data-widget-id=\"69f50c8\" data-widget=\"69f50c8\" data-page-id=\"45310\" data-template=\"{&quot;dir&quot;:&quot;lite&quot;,&quot;file_name&quot;:&quot;one.php&quot;,&quot;name&quot;:&quot;Post-Grid&quot;}\" data-class=\"Essential_Addons_Elementor\\Elements\\Post_Grid\" data-layout=\"masonry\" data-page=\"1\" data-args=\"orderby=rand&amp;order=desc&amp;ignore_sticky_posts=1&amp;post_status=publish&amp;posts_per_page=1&amp;offset=0&amp;post_type=post&amp;tax_query%5B0%5D%5Btaxonomy%5D=post_tag&amp;tax_query%5B0%5D%5Bfield%5D=term_id&amp;tax_query%5B0%5D%5Bterms%5D%5B0%5D=130&amp;tax_query%5Brelation%5D=AND\" data-max-page=\"105\">\n                    <span class=\"eael-btn-loader button__loader\"><\/span>\n                    <span class=\"eael_load_more_text\">Load More<\/span>\n                <\/button>\n            <\/div>\n            \t\t\t\t<\/div>\n\t\t\t\t\t<\/div>\n\t\t\t\t<\/div>\n\t\t<div data-particle_enable=\"false\" data-particle-mobile-disabled=\"false\" class=\"elementor-element elementor-element-bedea49 e-flex e-con-boxed e-con e-parent\" data-id=\"bedea49\" data-element_type=\"container\" data-e-type=\"container\">\n\t\t\t\t\t<div class=\"e-con-inner\">\n\t\t\t\t<div class=\"elementor-element elementor-element-ec17326 elementor-widget elementor-widget-heading\" data-id=\"ec17326\" data-element_type=\"widget\" data-e-type=\"widget\" data-widget_type=\"heading.default\">\n\t\t\t\t\t<h3 class=\"elementor-heading-title elementor-size-default\">\u00bfC\u00f3mo funciona?<\/h3>\t\t\t\t<\/div>\n\t\t\t\t\t<\/div>\n\t\t\t\t<\/div>\n\t\t<div data-particle_enable=\"false\" data-particle-mobile-disabled=\"false\" class=\"elementor-element elementor-element-893ddc6 e-flex e-con-boxed e-con e-parent\" data-id=\"893ddc6\" data-element_type=\"container\" data-e-type=\"container\">\n\t\t\t\t\t<div class=\"e-con-inner\">\n\t\t\t\t<div class=\"elementor-element elementor-element-7712237 elementor-widget elementor-widget-text-editor\" data-id=\"7712237\" data-element_type=\"widget\" data-e-type=\"widget\" data-widget_type=\"text-editor.default\">\n\t\t\t\t\t\t\t\t\t<div><strong>El proceso es sencillo:<\/strong><\/div><div>1.El migrante ingresa a la p\u00e1gina <a href=\"https:\/\/soymigrante.com\/mercado\/\" target=\"_blank\" rel=\"noopener\">SoyMigrante.com\/MERCADO<\/a>.<\/div><div>2.Elige entre una amplia variedad de productos ofrecidos por emprendedores guatemaltecos.<\/div><div>3.Realiza la compra en l\u00ednea desde Estados Unidos.<\/div><div>4.El pedido es entregado directamente en Guatemala, a la puerta de la familia o persona indicada.<\/div><div>\u00a0<\/div><div>De esta manera, lo que antes significaba enviar remesas o paquetes costosos, hoy puede resolverse con un par de clics, apoyando adem\u00e1s a peque\u00f1os negocios locales.<\/div>\t\t\t\t\t\t\t\t<\/div>\n\t\t\t\t\t<\/div>\n\t\t\t\t<\/div>\n\t\t<div data-particle_enable=\"false\" data-particle-mobile-disabled=\"false\" class=\"elementor-element elementor-element-d298e6e e-flex e-con-boxed e-con e-parent\" data-id=\"d298e6e\" data-element_type=\"container\" data-e-type=\"container\">\n\t\t\t\t\t<div class=\"e-con-inner\">\n\t\t\t\t<div class=\"elementor-element elementor-element-fc7d389 elementor-grid-eael-col-1 elementor-grid-tablet-eael-col-2 elementor-grid-mobile-eael-col-1 elementor-widget elementor-widget-eael-post-grid\" data-id=\"fc7d389\" data-element_type=\"widget\" data-e-type=\"widget\" data-settings=\"{&quot;eael_post_grid_columns&quot;:&quot;eael-col-1&quot;,&quot;eael_post_grid_columns_tablet&quot;:&quot;eael-col-2&quot;,&quot;eael_post_grid_columns_mobile&quot;:&quot;eael-col-1&quot;}\" data-widget_type=\"eael-post-grid.default\">\n\t\t\t\t\t<div id=\"eael-post-grid-fc7d389\" class=\"eael-post-grid-container\">\n            <div class=\"eael-post-grid eael-post-appender eael-post-appender-fc7d389 eael-post-grid-style-one\" data-layout-mode=\"masonry\"><article class=\"eael-grid-post  eael-post-grid-column eael-pg-post-42866 category-guate-nuestra tags-mercado-emprendedores\" data-id=\"42866\">\n        <div class=\"eael-grid-post-holder\">\n            <div class=\"eael-grid-post-holder-inner\"><div class=\"eael-entry-media\"><div class=\"eael-entry-overlay fade-in\"><i class=\"far fa-hand-pointer\" aria-hidden=\"true\"><\/i><a href=\"https:\/\/soymigrante.com\/revista\/un-elote-con-historia-en-el-emprendimiento-de-las-hermanas-gil\/\"><\/a><\/div><div class=\"eael-entry-thumbnail eael-image-ratio\">\n                <img decoding=\"async\" width=\"526\" height=\"526\" src=\"https:\/\/soymigrante.com\/revista\/wp-content\/uploads\/2025\/08\/altair.webp\" class=\"attachment-large size-large wp-image-42952\" alt=\"Botellas de productos cosm\u00e9ticos en un laboratorio de fabricaci\u00f3n, mujer trabajando con \u00e9tica en el sector cosm\u00e9tico, innovaci\u00f3n en la industria de belleza para emigrantes en Latinoam\u00e9rica.\" srcset=\"https:\/\/soymigrante.com\/revista\/wp-content\/uploads\/2025\/08\/altair.webp 526w, https:\/\/soymigrante.com\/revista\/wp-content\/uploads\/2025\/08\/altair-300x300.png 300w, https:\/\/soymigrante.com\/revista\/wp-content\/uploads\/2025\/08\/altair-150x150.png 150w, https:\/\/soymigrante.com\/revista\/wp-content\/uploads\/2025\/08\/altair-75x75.webp 75w\" sizes=\"(max-width: 526px) 100vw, 526px\" \/>\n            <\/div>\n        <\/div><div class=\"eael-entry-wrapper\"><header class=\"eael-entry-header\"><h2 class=\"eael-entry-title\"><a class=\"eael-grid-post-link\" href=\"https:\/\/soymigrante.com\/revista\/un-elote-con-historia-en-el-emprendimiento-de-las-hermanas-gil\/\" title=\"Altahir, emprendimiento de productos cosm\u00e9ticos de las hermanas Gil de Amatitl\u00e1n, est\u00e1 en SoyMigrante.com MERCADO\">Altahir, emprendimiento de productos cosm\u00e9ticos de las hermanas Gil de Amatitl\u00e1n, est\u00e1 en SoyMigrante.com MERCADO<\/a><\/h2><\/header><div class=\"eael-entry-content\">\n                        <div class=\"eael-grid-post-excerpt\"><a href=\"https:\/\/soymigrante.com\/revista\/un-elote-con-historia-en-el-emprendimiento-de-las-hermanas-gil\/\" class=\"eael-post-elements-readmore-btn\">CONOCE SU HISTORIA <\/a><\/div>\n                    <\/div><\/div><\/div>\n        <\/div>\n    <\/article><\/div>\n            <div class=\"clearfix\"><\/div>\n        <\/div>            <div class=\"eael-load-more-button-wrap eael-force-hide\">\n                <button class=\"eael-load-more-button\" id=\"eael-load-more-btn-fc7d389\" data-widget-id=\"fc7d389\" data-widget=\"fc7d389\" data-page-id=\"45310\" data-template=\"{&quot;dir&quot;:&quot;lite&quot;,&quot;file_name&quot;:&quot;one.php&quot;,&quot;name&quot;:&quot;Post-Grid&quot;}\" data-class=\"Essential_Addons_Elementor\\Elements\\Post_Grid\" data-layout=\"masonry\" data-page=\"1\" data-args=\"orderby=rand&amp;order=desc&amp;ignore_sticky_posts=1&amp;post_status=publish&amp;posts_per_page=1&amp;offset=0&amp;post_type=post&amp;tax_query%5B0%5D%5Btaxonomy%5D=post_tag&amp;tax_query%5B0%5D%5Bfield%5D=term_id&amp;tax_query%5B0%5D%5Bterms%5D%5B0%5D=130&amp;tax_query%5Brelation%5D=AND\" data-max-page=\"105\">\n                    <span class=\"eael-btn-loader button__loader\"><\/span>\n                    <span class=\"eael_load_more_text\">Load More<\/span>\n                <\/button>\n            <\/div>\n            \t\t\t\t<\/div>\n\t\t\t\t\t<\/div>\n\t\t\t\t<\/div>\n\t\t<div data-particle_enable=\"false\" data-particle-mobile-disabled=\"false\" class=\"elementor-element elementor-element-7ae7f62 e-flex e-con-boxed e-con e-parent\" data-id=\"7ae7f62\" data-element_type=\"container\" data-e-type=\"container\">\n\t\t\t\t\t<div class=\"e-con-inner\">\n\t\t\t\t<div class=\"elementor-element elementor-element-4c3a156 elementor-widget elementor-widget-heading\" data-id=\"4c3a156\" data-element_type=\"widget\" data-e-type=\"widget\" data-widget_type=\"heading.default\">\n\t\t\t\t\t<h3 class=\"elementor-heading-title elementor-size-default\">Beneficio doble: apoyar y compartir<\/h3>\t\t\t\t<\/div>\n\t\t\t\t\t<\/div>\n\t\t\t\t<\/div>\n\t\t<div data-particle_enable=\"false\" data-particle-mobile-disabled=\"false\" class=\"elementor-element elementor-element-1b71ec6 e-flex e-con-boxed e-con e-parent\" data-id=\"1b71ec6\" data-element_type=\"container\" data-e-type=\"container\">\n\t\t\t\t\t<div class=\"e-con-inner\">\n\t\t\t\t<div class=\"elementor-element elementor-element-7f3ad3d elementor-widget elementor-widget-text-editor\" data-id=\"7f3ad3d\" data-element_type=\"widget\" data-e-type=\"widget\" data-widget_type=\"text-editor.default\">\n\t\t\t\t\t\t\t\t\t<p>El valor de MERCADO no est\u00e1 solo en la facilidad de compra, sino tambi\u00e9n en el impacto social: al adquirir productos se respalda el trabajo de emprendedores guatemaltecos que, como muchos migrantes, han luchado por salir adelante y hacer crecer sus proyectos.<\/p><p>Con cada compra, se fortalece una red que impulsa la econom\u00eda local y, al mismo tiempo, permite a los migrantes mantener la cercan\u00eda con sus ra\u00edces y familias.<\/p>\t\t\t\t\t\t\t\t<\/div>\n\t\t\t\t\t<\/div>\n\t\t\t\t<\/div>\n\t\t<div data-particle_enable=\"false\" data-particle-mobile-disabled=\"false\" class=\"elementor-element elementor-element-433acc6 e-flex e-con-boxed e-con e-parent\" data-id=\"433acc6\" data-element_type=\"container\" data-e-type=\"container\">\n\t\t\t\t\t<div class=\"e-con-inner\">\n\t\t\t\t<div class=\"elementor-element elementor-element-10ceb86 elementor-widget elementor-widget-heading\" data-id=\"10ceb86\" data-element_type=\"widget\" data-e-type=\"widget\" data-widget_type=\"heading.default\">\n\t\t\t\t\t<h3 class=\"elementor-heading-title elementor-size-default\">Una invitaci\u00f3n a la comunidad migrante<\/h3>\t\t\t\t<\/div>\n\t\t\t\t\t<\/div>\n\t\t\t\t<\/div>\n\t\t<div data-particle_enable=\"false\" data-particle-mobile-disabled=\"false\" class=\"elementor-element elementor-element-544bfad e-flex e-con-boxed e-con e-parent\" data-id=\"544bfad\" data-element_type=\"container\" data-e-type=\"container\">\n\t\t\t\t\t<div class=\"e-con-inner\">\n\t\t\t\t<div class=\"elementor-element elementor-element-d6686cf elementor-widget elementor-widget-text-editor\" data-id=\"d6686cf\" data-element_type=\"widget\" data-e-type=\"widget\" data-widget_type=\"text-editor.default\">\n\t\t\t\t\t\t\t\t\t<p><a href=\"https:\/\/soymigrante.com\/mercado\/\" target=\"_blank\" rel=\"noopener\">SoyMigrante.com\/MERCADO<\/a> es m\u00e1s que una tienda en l\u00ednea; es un puente emocional y cultural. Cada producto cuenta una historia y cada entrega en Guatemala es una muestra de amor que viaja desde Estados Unidos.<\/p><p>La invitaci\u00f3n est\u00e1 abierta: compra en MERCADO, apoya a los emprendedores guatemaltecos y haz sentir tu presencia en casa, aunque est\u00e9s lejos.<\/p>\t\t\t\t\t\t\t\t<\/div>\n\t\t\t\t\t<\/div>\n\t\t\t\t<\/div>\n\t\t<div data-particle_enable=\"false\" data-particle-mobile-disabled=\"false\" class=\"elementor-element elementor-element-ee68eb8 e-flex e-con-boxed e-con e-parent\" data-id=\"ee68eb8\" data-element_type=\"container\" data-e-type=\"container\">\n\t\t\t\t\t<div class=\"e-con-inner\">\n\t\t\t\t<div class=\"elementor-element elementor-element-25fe907 elementor-widget elementor-widget-heading\" data-id=\"25fe907\" data-element_type=\"widget\" data-e-type=\"widget\" data-widget_type=\"heading.default\">\n\t\t\t\t\t<h2 class=\"elementor-heading-title elementor-size-default\">Conoce m\u00e1s informaci\u00f3n de MERCADO que te puede interesar...<\/h2>\t\t\t\t<\/div>\n\t\t\t\t\t<\/div>\n\t\t\t\t<\/div>\n\t\t<div data-particle_enable=\"false\" data-particle-mobile-disabled=\"false\" class=\"elementor-element elementor-element-06992b2 e-flex e-con-boxed e-con e-parent\" data-id=\"06992b2\" data-element_type=\"container\" data-e-type=\"container\">\n\t\t\t\t\t<div class=\"e-con-inner\">\n\t\t\t\t<div class=\"elementor-element elementor-element-9b6d18b elementor-grid-eael-col-3 elementor-grid-tablet-eael-col-2 elementor-grid-mobile-eael-col-1 elementor-widget elementor-widget-eael-post-grid\" data-id=\"9b6d18b\" data-element_type=\"widget\" data-e-type=\"widget\" data-settings=\"{&quot;eael_post_grid_columns&quot;:&quot;eael-col-3&quot;,&quot;eael_post_grid_columns_tablet&quot;:&quot;eael-col-2&quot;,&quot;eael_post_grid_columns_mobile&quot;:&quot;eael-col-1&quot;}\" data-widget_type=\"eael-post-grid.default\">\n\t\t\t\t\t<div id=\"eael-post-grid-9b6d18b\" class=\"eael-post-grid-container\">\n            <div class=\"eael-post-grid eael-post-appender eael-post-appender-9b6d18b eael-post-grid-style-one\" data-layout-mode=\"masonry\"><article class=\"eael-grid-post  eael-post-grid-column eael-pg-post-27114 category-guate-nuestra tags-mercado-emprendedores\" data-id=\"27114\">\n        <div class=\"eael-grid-post-holder\">\n            <div class=\"eael-grid-post-holder-inner\"><div class=\"eael-entry-media\"><div class=\"eael-entry-overlay fade-in\"><i class=\"far fa-hand-pointer\" aria-hidden=\"true\"><\/i><a href=\"https:\/\/soymigrante.com\/revista\/jose-luis-conguache-impulsa-los-idiomas-mayas-a-traves-de-libros-infantiles\/\"><\/a><\/div><div class=\"eael-entry-thumbnail eael-image-ratio\">\n                <img decoding=\"async\" width=\"1024\" height=\"576\" src=\"https:\/\/soymigrante.com\/revista\/wp-content\/uploads\/2025\/03\/Jose\u0301-Luis-Conguache3-1024x576.jpeg\" class=\"attachment-large size-large wp-image-27115\" alt=\"Jos\u00e9 Luis Conguache: el emprendedor que preserva los idiomas mayas est\u00e1 en MERCADO\" srcset=\"https:\/\/soymigrante.com\/revista\/wp-content\/uploads\/2025\/03\/Jose\u0301-Luis-Conguache3-1024x576.jpeg 1024w, https:\/\/soymigrante.com\/revista\/wp-content\/uploads\/2025\/03\/Jose\u0301-Luis-Conguache3-300x169.jpeg 300w, https:\/\/soymigrante.com\/revista\/wp-content\/uploads\/2025\/03\/Jose\u0301-Luis-Conguache3-768x432.jpeg 768w, https:\/\/soymigrante.com\/revista\/wp-content\/uploads\/2025\/03\/Jose\u0301-Luis-Conguache3-1536x864.jpeg 1536w, https:\/\/soymigrante.com\/revista\/wp-content\/uploads\/2025\/03\/Jose\u0301-Luis-Conguache3-750x422.webp 750w, https:\/\/soymigrante.com\/revista\/wp-content\/uploads\/2025\/03\/Jose\u0301-Luis-Conguache3-1140x641.webp 1140w, https:\/\/soymigrante.com\/revista\/wp-content\/uploads\/2025\/03\/Jose\u0301-Luis-Conguache3.webp 1600w\" sizes=\"(max-width: 1024px) 100vw, 1024px\" \/>\n            <\/div>\n        <\/div><div class=\"eael-entry-wrapper\"><header class=\"eael-entry-header\"><h2 class=\"eael-entry-title\"><a class=\"eael-grid-post-link\" href=\"https:\/\/soymigrante.com\/revista\/jose-luis-conguache-impulsa-los-idiomas-mayas-a-traves-de-libros-infantiles\/\" title=\"Jos\u00e9 Luis Conguache impulsa los idiomas mayas a trav\u00e9s de libros infantiles\">Jos\u00e9 Luis Conguache impulsa los idiomas mayas a trav\u00e9s de libros infantiles<\/a><\/h2><\/header><div class=\"eael-entry-content\">\n                        <div class=\"eael-grid-post-excerpt\"><a href=\"https:\/\/soymigrante.com\/revista\/jose-luis-conguache-impulsa-los-idiomas-mayas-a-traves-de-libros-infantiles\/\" class=\"eael-post-elements-readmore-btn\">CONOCE SU HISTORIA <\/a><\/div>\n                    <\/div><\/div><\/div>\n        <\/div>\n    <\/article><article class=\"eael-grid-post  eael-post-grid-column eael-pg-post-32578 category-guate-nuestra tags-mercado-emprendedores\" data-id=\"32578\">\n        <div class=\"eael-grid-post-holder\">\n            <div class=\"eael-grid-post-holder-inner\"><div class=\"eael-entry-media\"><div class=\"eael-entry-overlay fade-in\"><i class=\"far fa-hand-pointer\" aria-hidden=\"true\"><\/i><a href=\"https:\/\/soymigrante.com\/revista\/textil-arco-iris-12-mujeres-que-tejen-tradicion-y-estan-en-mercado\/\"><\/a><\/div><div class=\"eael-entry-thumbnail eael-image-ratio\">\n                <img loading=\"lazy\" decoding=\"async\" width=\"1024\" height=\"1024\" src=\"https:\/\/soymigrante.com\/revista\/wp-content\/uploads\/2025\/05\/Textil-Arco-Iris-12-mujeres-que-tejen-tradicion-y-estan-en-MERCADO3-e1746470911534-1024x1024.webp\" class=\"attachment-large size-large wp-image-32579\" alt=\"Coloridas textiles tradicionales mexicanas bordadas a mano en un mercado artesanal.\" srcset=\"https:\/\/soymigrante.com\/revista\/wp-content\/uploads\/2025\/05\/Textil-Arco-Iris-12-mujeres-que-tejen-tradicion-y-estan-en-MERCADO3-e1746470911534-1024x1024.webp 1024w, https:\/\/soymigrante.com\/revista\/wp-content\/uploads\/2025\/05\/Textil-Arco-Iris-12-mujeres-que-tejen-tradicion-y-estan-en-MERCADO3-e1746470911534-300x300.webp 300w, https:\/\/soymigrante.com\/revista\/wp-content\/uploads\/2025\/05\/Textil-Arco-Iris-12-mujeres-que-tejen-tradicion-y-estan-en-MERCADO3-e1746470911534-150x150.webp 150w, https:\/\/soymigrante.com\/revista\/wp-content\/uploads\/2025\/05\/Textil-Arco-Iris-12-mujeres-que-tejen-tradicion-y-estan-en-MERCADO3-e1746470911534-768x768.webp 768w, https:\/\/soymigrante.com\/revista\/wp-content\/uploads\/2025\/05\/Textil-Arco-Iris-12-mujeres-que-tejen-tradicion-y-estan-en-MERCADO3-e1746470911534-75x75.webp 75w, https:\/\/soymigrante.com\/revista\/wp-content\/uploads\/2025\/05\/Textil-Arco-Iris-12-mujeres-que-tejen-tradicion-y-estan-en-MERCADO3-e1746470911534-750x750.webp 750w, https:\/\/soymigrante.com\/revista\/wp-content\/uploads\/2025\/05\/Textil-Arco-Iris-12-mujeres-que-tejen-tradicion-y-estan-en-MERCADO3-e1746470911534-1140x1140.webp 1140w, https:\/\/soymigrante.com\/revista\/wp-content\/uploads\/2025\/05\/Textil-Arco-Iris-12-mujeres-que-tejen-tradicion-y-estan-en-MERCADO3-e1746470911534.webp 1200w\" sizes=\"(max-width: 1024px) 100vw, 1024px\" \/>\n            <\/div>\n        <\/div><div class=\"eael-entry-wrapper\"><header class=\"eael-entry-header\"><h2 class=\"eael-entry-title\"><a class=\"eael-grid-post-link\" href=\"https:\/\/soymigrante.com\/revista\/textil-arco-iris-12-mujeres-que-tejen-tradicion-y-estan-en-mercado\/\" title=\"Textil Arco Iris: 12 tejedoras de tradici\u00f3n y colorido maya est\u00e1n en MERCADO\">Textil Arco Iris: 12 tejedoras de tradici\u00f3n y colorido maya est\u00e1n en MERCADO<\/a><\/h2><\/header><div class=\"eael-entry-content\">\n                        <div class=\"eael-grid-post-excerpt\"><a href=\"https:\/\/soymigrante.com\/revista\/textil-arco-iris-12-mujeres-que-tejen-tradicion-y-estan-en-mercado\/\" class=\"eael-post-elements-readmore-btn\">CONOCE SU HISTORIA <\/a><\/div>\n                    <\/div><\/div><\/div>\n        <\/div>\n    <\/article><article class=\"eael-grid-post  eael-post-grid-column eael-pg-post-35259 category-guate-nuestra tags-mercado-emprendedores\" data-id=\"35259\">\n        <div class=\"eael-grid-post-holder\">\n            <div class=\"eael-grid-post-holder-inner\"><div class=\"eael-entry-media\"><div class=\"eael-entry-overlay fade-in\"><i class=\"far fa-hand-pointer\" aria-hidden=\"true\"><\/i><a href=\"https:\/\/soymigrante.com\/revista\/emprendedora-isabel-rey-hallo-en-la-venta-en-linea-la-oportunidad-de-cuidar-a-su-hijo\/\"><\/a><\/div><div class=\"eael-entry-thumbnail eael-image-ratio\">\n                <img loading=\"lazy\" decoding=\"async\" width=\"396\" height=\"396\" src=\"https:\/\/soymigrante.com\/revista\/wp-content\/uploads\/2025\/06\/Isabel-Rey-la-emprendedora-que-encontro-en-la-venta-en-linea-una-forma-de-cuidar-a-su-hijo-4.jpeg\" class=\"attachment-large size-large wp-image-35260\" alt=\"Padres e hijos sonrientes en un parque, destacando la importancia de la familia y la migraci\u00f3n en la sociedad.\" srcset=\"https:\/\/soymigrante.com\/revista\/wp-content\/uploads\/2025\/06\/Isabel-Rey-la-emprendedora-que-encontro-en-la-venta-en-linea-una-forma-de-cuidar-a-su-hijo-4.jpeg 396w, https:\/\/soymigrante.com\/revista\/wp-content\/uploads\/2025\/06\/Isabel-Rey-la-emprendedora-que-encontro-en-la-venta-en-linea-una-forma-de-cuidar-a-su-hijo-4-300x300.jpeg 300w, https:\/\/soymigrante.com\/revista\/wp-content\/uploads\/2025\/06\/Isabel-Rey-la-emprendedora-que-encontro-en-la-venta-en-linea-una-forma-de-cuidar-a-su-hijo-4-150x150.jpeg 150w, https:\/\/soymigrante.com\/revista\/wp-content\/uploads\/2025\/06\/Isabel-Rey-la-emprendedora-que-encontro-en-la-venta-en-linea-una-forma-de-cuidar-a-su-hijo-4-75x75.jpeg 75w\" sizes=\"(max-width: 396px) 100vw, 396px\" \/>\n            <\/div>\n        <\/div><div class=\"eael-entry-wrapper\"><header class=\"eael-entry-header\"><h2 class=\"eael-entry-title\"><a class=\"eael-grid-post-link\" href=\"https:\/\/soymigrante.com\/revista\/emprendedora-isabel-rey-hallo-en-la-venta-en-linea-la-oportunidad-de-cuidar-a-su-hijo\/\" title=\"Emprendedora Isabel Rey vende accesorios en l\u00ednea, cuida a su hijo y ahora est\u00e1 en MERCADO\">Emprendedora Isabel Rey vende accesorios en l\u00ednea, cuida a su hijo y ahora est\u00e1 en MERCADO<\/a><\/h2><\/header><div class=\"eael-entry-content\">\n                        <div class=\"eael-grid-post-excerpt\"><a href=\"https:\/\/soymigrante.com\/revista\/emprendedora-isabel-rey-hallo-en-la-venta-en-linea-la-oportunidad-de-cuidar-a-su-hijo\/\" class=\"eael-post-elements-readmore-btn\">CONOCE SU HISTORIA <\/a><\/div>\n                    <\/div><\/div><\/div>\n        <\/div>\n    <\/article><\/div>\n            <div class=\"clearfix\"><\/div>\n        <\/div>            <div class=\"eael-load-more-button-wrap eael-force-hide\">\n                <button class=\"eael-load-more-button\" id=\"eael-load-more-btn-9b6d18b\" data-widget-id=\"9b6d18b\" data-widget=\"9b6d18b\" data-page-id=\"45310\" data-template=\"{&quot;dir&quot;:&quot;lite&quot;,&quot;file_name&quot;:&quot;one.php&quot;,&quot;name&quot;:&quot;Post-Grid&quot;}\" data-class=\"Essential_Addons_Elementor\\Elements\\Post_Grid\" data-layout=\"masonry\" data-page=\"1\" data-args=\"orderby=rand&amp;order=desc&amp;ignore_sticky_posts=1&amp;post_status=publish&amp;posts_per_page=3&amp;offset=0&amp;post_type=post&amp;tax_query%5B0%5D%5Btaxonomy%5D=post_tag&amp;tax_query%5B0%5D%5Bfield%5D=term_id&amp;tax_query%5B0%5D%5Bterms%5D%5B0%5D=130&amp;tax_query%5Brelation%5D=AND&amp;author__in%5B0%5D=19\" data-max-page=\"8\">\n                    <span class=\"eael-btn-loader button__loader\"><\/span>\n                    <span class=\"eael_load_more_text\">Load More<\/span>\n                <\/button>\n            <\/div>\n            \t\t\t\t<\/div>\n\t\t\t\t\t<\/div>\n\t\t\t\t<\/div>\n\t\t\t\t<\/div>\n\t\t","protected":false},"excerpt":{"rendered":"<p>Los migrantes en Estados Unidos, pueden entregar regalos, adornos y productos alimenticios para la familia en Guatemala. Conectar a los migrantes con sus familias en Guatemala nunca hab\u00eda sido tan f\u00e1cil. La plataforma SoyMigrante.com\/MERCADO se ha convertido en una herramienta que rompe fronteras, permitiendo que guatemaltecos en Estados Unidos realicen compras en l\u00ednea que se [&hellip;]<\/p>\n","protected":false},"author":19,"featured_media":45449,"comment_status":"open","ping_status":"open","sticky":false,"template":"","format":"standard","meta":{"_acf_changed":false,"_eb_attr":"","footnotes":""},"categories":[58],"tags":[],"class_list":["post-45310","post","type-post","status-publish","format-standard","has-post-thumbnail","hentry","category-guate-nuestra"],"acf":[],"aioseo_notices":[],"aioseo_head":"\n\t\t<!-- All in One SEO Pro 4.9.6.2 - aioseo.com -->\n\t<meta name=\"description\" content=\"Isabel Rey aporta recursos econ\u00f3micos a su hogar y a la vez cuida a su hijo. El comercio electr\u00f3nico se lo permite y ahora est\u00e1 en SoyMigrante.com MERCADO\" \/>\n\t<meta name=\"robots\" content=\"max-snippet:-1, max-image-preview:large, max-video-preview:-1\" \/>\n\t<meta name=\"author\" content=\"Marysabel Aldana\"\/>\n\t<link rel=\"canonical\" href=\"https:\/\/soymigrante.com\/revista\/emprendedora-isabel-rey-hallo-en-la-venta-en-linea-la-oportunidad-de-cuidar-a-su-hijo\/\" \/>\n\t<meta name=\"generator\" content=\"All in One SEO Pro (AIOSEO) 4.9.6.2\" \/>\n\n\t\t<link rel=\"preconnect\" href=\"https:\/\/fonts.googleapis.com\" crossorigin>\n<link rel=\"preconnect\" href=\"https:\/\/fonts.gstatic.com\" crossorigin>\n\t\t<meta property=\"og:locale\" content=\"es_ES\" \/>\n\t\t<meta property=\"og:site_name\" content=\"SoyMigrante.com REVISTA \u2013 Nuestra misi\u00f3n es reconocer y dignificar al migrante.\" \/>\n\t\t<meta property=\"og:type\" content=\"article\" \/>\n\t\t<meta property=\"og:title\" content=\"Emprendedora Isabel Rey vende accesorios en l\u00ednea, cuida a su hijo y ahora est\u00e1 en MERCADO\" \/>\n\t\t<meta property=\"og:description\" content=\"Isabel Rey aporta recursos econ\u00f3micos a su hogar y a la vez cuida a su hijo. El comercio electr\u00f3nico se lo permite y ahora est\u00e1 en SoyMigrante.com MERCADO\" \/>\n\t\t<meta property=\"og:url\" content=\"https:\/\/soymigrante.com\/revista\/emprendedora-isabel-rey-hallo-en-la-venta-en-linea-la-oportunidad-de-cuidar-a-su-hijo\/\" \/>\n\t\t<meta property=\"og:image\" content=\"https:\/\/soymigrante.com\/revista\/wp-content\/uploads\/2025\/06\/Isabel-Rey-la-emprendedora-que-encontro-en-la-venta-en-linea-una-forma-de-cuidar-a-su-hijo-4.jpeg\" \/>\n\t\t<meta property=\"og:image:secure_url\" content=\"https:\/\/soymigrante.com\/revista\/wp-content\/uploads\/2025\/06\/Isabel-Rey-la-emprendedora-que-encontro-en-la-venta-en-linea-una-forma-de-cuidar-a-su-hijo-4.jpeg\" \/>\n\t\t<meta property=\"og:image:width\" content=\"396\" \/>\n\t\t<meta property=\"og:image:height\" content=\"396\" \/>\n\t\t<meta property=\"article:published_time\" content=\"2025-06-03T15:28:20+00:00\" \/>\n\t\t<meta property=\"article:modified_time\" content=\"2025-07-31T16:23:11+00:00\" \/>\n\t\t<meta property=\"article:publisher\" content=\"https:\/\/www.facebook.com\/soymigrantecom\" \/>\n\t\t<meta name=\"twitter:card\" content=\"summary_large_image\" \/>\n\t\t<meta name=\"twitter:site\" content=\"@SoyMigrante_com\" \/>\n\t\t<meta name=\"twitter:title\" content=\"Emprendedora Isabel Rey vende accesorios en l\u00ednea, cuida a su hijo y ahora est\u00e1 en MERCADO\" \/>\n\t\t<meta name=\"twitter:description\" content=\"Isabel Rey aporta recursos econ\u00f3micos a su hogar y a la vez cuida a su hijo. El comercio electr\u00f3nico se lo permite y ahora est\u00e1 en SoyMigrante.com MERCADO\" \/>\n\t\t<meta name=\"twitter:creator\" content=\"@SoyMigrante_com\" \/>\n\t\t<meta name=\"twitter:image\" content=\"https:\/\/soymigrante.com\/revista\/wp-content\/uploads\/2025\/06\/Isabel-Rey-la-emprendedora-que-encontro-en-la-venta-en-linea-una-forma-de-cuidar-a-su-hijo-4.jpeg\" \/>\n\t\t<!-- All in One SEO Pro -->\r\n\t\t<title>Emprendedora Isabel Rey vende accesorios en l\u00ednea, cuida a su hijo y ahora est\u00e1 en MERCADO<\/title>\n\n","aioseo_head_json":{"title":"Emprendedora Isabel Rey vende accesorios en l\u00ednea, cuida a su hijo y ahora est\u00e1 en MERCADO","description":"Isabel Rey aporta recursos econ\u00f3micos a su hogar y a la vez cuida a su hijo. El comercio electr\u00f3nico se lo permite y ahora est\u00e1 en SoyMigrante.com MERCADO","canonical_url":"https:\/\/soymigrante.com\/revista\/emprendedora-isabel-rey-hallo-en-la-venta-en-linea-la-oportunidad-de-cuidar-a-su-hijo\/","robots":"max-snippet:-1, max-image-preview:large, max-video-preview:-1","keywords":"","webmasterTools":{"miscellaneous":"&lt;link rel=\"preconnect\" href=\"https:\/\/fonts.googleapis.com\" crossorigin&gt;\n&lt;link rel=\"preconnect\" href=\"https:\/\/fonts.gstatic.com\" crossorigin&gt;"},"schema":null,"og:locale":"es_ES","og:site_name":"SoyMigrante.com REVISTA \u2013 Nuestra misi\u00f3n es reconocer y dignificar al migrante.","og:type":"article","og:title":"Emprendedora Isabel Rey vende accesorios en l\u00ednea, cuida a su hijo y ahora est\u00e1 en MERCADO","og:description":"Isabel Rey aporta recursos econ\u00f3micos a su hogar y a la vez cuida a su hijo. El comercio electr\u00f3nico se lo permite y ahora est\u00e1 en SoyMigrante.com MERCADO","og:url":"https:\/\/soymigrante.com\/revista\/emprendedora-isabel-rey-hallo-en-la-venta-en-linea-la-oportunidad-de-cuidar-a-su-hijo\/","og:image":"https:\/\/soymigrante.com\/revista\/wp-content\/uploads\/2025\/06\/Isabel-Rey-la-emprendedora-que-encontro-en-la-venta-en-linea-una-forma-de-cuidar-a-su-hijo-4.jpeg","og:image:secure_url":"https:\/\/soymigrante.com\/revista\/wp-content\/uploads\/2025\/06\/Isabel-Rey-la-emprendedora-que-encontro-en-la-venta-en-linea-una-forma-de-cuidar-a-su-hijo-4.jpeg","og:image:width":396,"og:image:height":396,"article:published_time":"2025-06-03T15:28:20+00:00","article:modified_time":"2025-07-31T16:23:11+00:00","article:publisher":"https:\/\/www.facebook.com\/soymigrantecom","twitter:card":"summary_large_image","twitter:site":"@SoyMigrante_com","twitter:title":"Emprendedora Isabel Rey vende accesorios en l\u00ednea, cuida a su hijo y ahora est\u00e1 en MERCADO","twitter:description":"Isabel Rey aporta recursos econ\u00f3micos a su hogar y a la vez cuida a su hijo. El comercio electr\u00f3nico se lo permite y ahora est\u00e1 en SoyMigrante.com MERCADO","twitter:creator":"@SoyMigrante_com","twitter:image":"https:\/\/soymigrante.com\/revista\/wp-content\/uploads\/2025\/06\/Isabel-Rey-la-emprendedora-que-encontro-en-la-venta-en-linea-una-forma-de-cuidar-a-su-hijo-4.jpeg"},"aioseo_meta_data":{"post_id":"45310","title":"Compra en MERCADO en USA: lo recibe tu familia en Guatemala","description":"Los migrantes en USA pueden comprar regalos, adornos y productos alimenticios de emprendedores guatemaltecos en MERCADO y los recibe su familia en Guatemala.","keywords":null,"keyphrases":{"focus":{"keyphrase":"Mercado","score":100,"analysis":{"keyphraseInTitle":{"score":9,"maxScore":9,"error":0},"keyphraseInDescription":{"score":9,"maxScore":9,"error":0},"keyphraseLength":{"score":9,"maxScore":9,"error":0,"length":1},"keyphraseInURL":{"score":5,"maxScore":5,"error":0},"keyphraseInIntroduction":{"score":9,"maxScore":9,"error":0},"keyphraseInSubHeadings":{"score":9,"maxScore":9,"error":0},"keyphraseInImageAlt":{"score":9,"maxScore":9,"error":0},"keywordDensity":{"type":"best","score":9,"maxScore":9,"error":0}}},"additional":[{"keyphrase":"Estados Unidos","score":73,"analysis":{"keyphraseInDescription":{"score":3,"maxScore":9,"error":1},"keyphraseLength":{"score":9,"maxScore":9,"error":0,"length":2},"keyphraseInIntroduction":{"score":9,"maxScore":9,"error":0},"keyphraseInImageAlt":{"score":3,"maxScore":9,"error":1},"keywordDensity":{"type":"best","score":9,"maxScore":9,"error":0}}},{"keyphrase":"Guatemala","score":87,"analysis":{"keyphraseInDescription":{"score":9,"maxScore":9,"error":0},"keyphraseLength":{"score":9,"maxScore":9,"error":0,"length":1},"keyphraseInIntroduction":{"score":9,"maxScore":9,"error":0},"keyphraseInImageAlt":{"score":3,"maxScore":9,"error":1},"keywordDensity":{"type":"best","score":9,"maxScore":9,"error":0}}}]},"primary_term":null,"canonical_url":null,"og_title":null,"og_description":null,"og_object_type":"default","og_image_type":"default","og_image_url":null,"og_image_width":null,"og_image_height":null,"og_image_custom_url":null,"og_image_custom_fields":null,"og_video":"","og_custom_url":null,"og_article_section":null,"og_article_tags":null,"twitter_use_og":false,"twitter_card":"default","twitter_image_type":"default","twitter_image_url":null,"twitter_image_custom_url":null,"twitter_image_custom_fields":null,"twitter_title":null,"twitter_description":null,"schema":{"blockGraphs":[],"customGraphs":[],"default":{"data":{"Article":[],"Course":[],"Dataset":[],"FAQPage":[],"Movie":[],"Person":[],"Product":[],"ProductReview":[],"Car":[],"Recipe":[],"Service":[],"SoftwareApplication":[],"WebPage":[]},"graphName":"none","isEnabled":true},"graphs":[]},"schema_type":"default","schema_type_options":null,"pillar_content":false,"robots_default":true,"robots_noindex":false,"robots_noarchive":false,"robots_nosnippet":false,"robots_nofollow":false,"robots_noimageindex":false,"robots_noodp":false,"robots_notranslate":false,"robots_max_snippet":"-1","robots_max_videopreview":"-1","robots_max_imagepreview":"large","priority":null,"frequency":"default","local_seo":null,"seo_analyzer_scan_date":"2025-10-09 08:38:52","breadcrumb_settings":null,"limit_modified_date":false,"reviewed_by":"0","open_ai":null,"ai":{"faqs":[],"keyPoints":[],"titles":[],"descriptions":[],"socialPosts":{"email":[],"linkedin":[],"twitter":[],"facebook":[],"instagram":[]}},"created":"2025-09-18 17:27:44","updated":"2026-02-05 05:38:38"},"aioseo_breadcrumb":"<div class=\"aioseo-breadcrumbs\"><span class=\"aioseo-breadcrumb\">\n\t<a href=\"https:\/\/soymigrante.com\/revista\" title=\"Home\">Home<\/a>\n<\/span><span class=\"aioseo-breadcrumb-separator\">\u00bb<\/span><span class=\"aioseo-breadcrumb\">\n\t<a href=\"https:\/\/soymigrante.com\/revista\/category\/guate-nuestra\/\" title=\"Guate Nuestra\">Guate Nuestra<\/a>\n<\/span><span class=\"aioseo-breadcrumb-separator\">\u00bb<\/span><span class=\"aioseo-breadcrumb\">\n\tSi vives en USA tambi\u00e9n puedes comprar en MERCADO para que tu familia lo reciba\n<\/span><\/div>","aioseo_breadcrumb_json":[{"label":"Home","link":"https:\/\/soymigrante.com\/revista"},{"label":"Guate Nuestra","link":"https:\/\/soymigrante.com\/revista\/category\/guate-nuestra\/"},{"label":"Si vives en USA tambi\u00e9n puedes comprar en MERCADO para que tu familia lo reciba","link":"https:\/\/soymigrante.com\/revista\/si-vives-en-usa-tambien-puedes-comprar-en-mercado-para-que-tu-familia-lo-reciba\/"}],"_links":{"self":[{"href":"https:\/\/soymigrante.com\/revista\/wp-json\/wp\/v2\/posts\/45310","targetHints":{"allow":["GET"]}}],"collection":[{"href":"https:\/\/soymigrante.com\/revista\/wp-json\/wp\/v2\/posts"}],"about":[{"href":"https:\/\/soymigrante.com\/revista\/wp-json\/wp\/v2\/types\/post"}],"author":[{"embeddable":true,"href":"https:\/\/soymigrante.com\/revista\/wp-json\/wp\/v2\/users\/19"}],"replies":[{"embeddable":true,"href":"https:\/\/soymigrante.com\/revista\/wp-json\/wp\/v2\/comments?post=45310"}],"version-history":[{"count":12,"href":"https:\/\/soymigrante.com\/revista\/wp-json\/wp\/v2\/posts\/45310\/revisions"}],"predecessor-version":[{"id":45451,"href":"https:\/\/soymigrante.com\/revista\/wp-json\/wp\/v2\/posts\/45310\/revisions\/45451"}],"wp:featuredmedia":[{"embeddable":true,"href":"https:\/\/soymigrante.com\/revista\/wp-json\/wp\/v2\/media\/45449"}],"wp:attachment":[{"href":"https:\/\/soymigrante.com\/revista\/wp-json\/wp\/v2\/media?parent=45310"}],"wp:term":[{"taxonomy":"category","embeddable":true,"href":"https:\/\/soymigrante.com\/revista\/wp-json\/wp\/v2\/categories?post=45310"},{"taxonomy":"post_tag","embeddable":true,"href":"https:\/\/soymigrante.com\/revista\/wp-json\/wp\/v2\/tags?post=45310"}],"curies":[{"name":"wp","href":"https:\/\/api.w.org\/{rel}","templated":true}]}}