{"id":4528,"date":"2024-01-22T15:52:12","date_gmt":"2024-01-22T21:52:12","guid":{"rendered":"https:\/\/soymigrante.com\/revista\/?p=4528"},"modified":"2024-07-31T13:53:51","modified_gmt":"2024-07-31T19:53:51","slug":"migrantes-guatemaltecos-jairo-y-sara-historia-de-amor-familiar-valores-solidaridad","status":"publish","type":"post","link":"https:\/\/soymigrante.com\/revista\/migrantes-guatemaltecos-jairo-y-sara-historia-de-amor-familiar-valores-solidaridad\/","title":{"rendered":"Jairo y Sara: historia de amor, trabajo y talento migrante que vuelve a su Xela natal"},"content":{"rendered":"\t\t<div data-elementor-type=\"wp-post\" data-elementor-id=\"4528\" class=\"elementor elementor-4528\" data-elementor-post-type=\"post\">\n\t\t\t\t\t\t<section data-particle_enable=\"false\" data-particle-mobile-disabled=\"false\" class=\"elementor-section elementor-top-section elementor-element elementor-element-0fdee31 elementor-section-boxed elementor-section-height-default elementor-section-height-default\" data-id=\"0fdee31\" data-element_type=\"section\" data-e-type=\"section\">\n\t\t\t\t\t\t<div class=\"elementor-container elementor-column-gap-default\">\n\t\t\t\t\t<div class=\"elementor-column elementor-col-100 elementor-top-column elementor-element elementor-element-99f09d4\" data-id=\"99f09d4\" data-element_type=\"column\" data-e-type=\"column\">\n\t\t\t<div class=\"elementor-widget-wrap elementor-element-populated\">\n\t\t\t\t\t\t<div class=\"elementor-element elementor-element-3d64a92 elementor-widget elementor-widget-heading\" data-id=\"3d64a92\" data-element_type=\"widget\" data-e-type=\"widget\" data-widget_type=\"heading.default\">\n\t\t\t\t\t<h1 class=\"elementor-heading-title elementor-size-default\">La guatemalteca Limayre Gramajo participar\u00e1 en misi\u00f3n de m\u00e9dicos estadounidenses que dar\u00e1 consultas gratuitas, en marzo 2024 en Quetzaltenango: la tierra natal de sus padres Sara y Jairo, migrantes radicados en Oklahoma.<\/h1>\t\t\t\t<\/div>\n\t\t\t\t\t<\/div>\n\t\t<\/div>\n\t\t\t\t\t<\/div>\n\t\t<\/section>\n\t\t\t\t<section data-particle_enable=\"false\" data-particle-mobile-disabled=\"false\" class=\"elementor-section elementor-top-section elementor-element elementor-element-98dd979 elementor-section-boxed elementor-section-height-default elementor-section-height-default\" data-id=\"98dd979\" data-element_type=\"section\" data-e-type=\"section\">\n\t\t\t\t\t\t<div class=\"elementor-container elementor-column-gap-default\">\n\t\t\t\t\t<div class=\"elementor-column elementor-col-100 elementor-top-column elementor-element elementor-element-e6ae6de\" data-id=\"e6ae6de\" data-element_type=\"column\" data-e-type=\"column\">\n\t\t\t<div class=\"elementor-widget-wrap elementor-element-populated\">\n\t\t\t\t\t\t<div class=\"elementor-element elementor-element-bb6826c elementor-widget elementor-widget-image\" data-id=\"bb6826c\" data-element_type=\"widget\" data-e-type=\"widget\" data-widget_type=\"image.default\">\n\t\t\t\t\t\t\t\t\t\t\t\t\t\t\t<img fetchpriority=\"high\" decoding=\"async\" width=\"768\" height=\"496\" src=\"https:\/\/soymigrante.com\/revista\/wp-content\/uploads\/2024\/01\/ruta-sibilia.webp\" class=\"attachment-large size-large wp-image-4539\" alt=\"\" srcset=\"https:\/\/soymigrante.com\/revista\/wp-content\/uploads\/2024\/01\/ruta-sibilia.webp 862w, https:\/\/soymigrante.com\/revista\/wp-content\/uploads\/2024\/01\/ruta-sibilia-300x194.webp 300w, https:\/\/soymigrante.com\/revista\/wp-content\/uploads\/2024\/01\/ruta-sibilia-768x496.webp 768w, https:\/\/soymigrante.com\/revista\/wp-content\/uploads\/2024\/01\/ruta-sibilia-750x485.webp 750w\" sizes=\"(max-width: 768px) 100vw, 768px\" title=\"Palestina de Los Altos y Sibilia son los dos municipios de origen de Jairo y Sara Gramajo, migrantes guatemaltecos radicados en Oklahoma. Pero no se conocieron sino en California. (Foto Google Maps) \u2013 SoyMigrante.com REVISTA\" \/>\t\t\t\t\t\t\t\t\t\t\t\t\t\t\t<\/div>\n\t\t\t\t\t<\/div>\n\t\t<\/div>\n\t\t\t\t\t<\/div>\n\t\t<\/section>\n\t\t\t\t<section data-particle_enable=\"false\" data-particle-mobile-disabled=\"false\" class=\"elementor-section elementor-top-section elementor-element elementor-element-4e6658d elementor-section-boxed elementor-section-height-default elementor-section-height-default\" data-id=\"4e6658d\" data-element_type=\"section\" data-e-type=\"section\">\n\t\t\t\t\t\t<div class=\"elementor-container elementor-column-gap-default\">\n\t\t\t\t\t<div class=\"elementor-column elementor-col-100 elementor-top-column elementor-element elementor-element-b20a9aa\" data-id=\"b20a9aa\" data-element_type=\"column\" data-e-type=\"column\">\n\t\t\t<div class=\"elementor-widget-wrap elementor-element-populated\">\n\t\t\t\t\t\t<div class=\"elementor-element elementor-element-fe96fd3 elementor-widget elementor-widget-text-editor\" data-id=\"fe96fd3\" data-element_type=\"widget\" data-e-type=\"widget\" data-widget_type=\"text-editor.default\">\n\t\t\t\t\t\t\t\t\t<p>Jairo y Sara nacieron en dos municipios de Quetzaltenango, Palestina de Los Altos y Sibilia, a solo 15 kil\u00f3metros entre s\u00ed, pero no se conocieron sino a 4 mil 300 kil\u00f3metros de su tierra natal, en Los Angeles. Se casaron en 1993 y han construido una vida de esfuerzo y trabajo junto a sus hijas Limayre y Sharlotte.<\/p>\n<p>Ambas siguieron la carrera de Medicina y Limayre estar\u00e1 en Guatemala en febrero junto a una campa\u00f1a m\u00e9dica, precisamente en la tierra natal de sus padres.&nbsp;<span style=\"color: var( --e-global-color-text );\">Mucho antes que sus hijas nacieran, hubo un largo camino de trabajo, esfuerzo y aprendizajes, pero ellos se sienten profundamente agradecidos con Dios por el hecho de que un fruto de su amor y trabajos participe en una jornada de servicio en Guatemala.<\/span><\/p>\t\t\t\t\t\t\t\t<\/div>\n\t\t\t\t\t<\/div>\n\t\t<\/div>\n\t\t\t\t\t<\/div>\n\t\t<\/section>\n\t\t\t\t<section data-particle_enable=\"false\" data-particle-mobile-disabled=\"false\" class=\"elementor-section elementor-top-section elementor-element elementor-element-28e8acd elementor-section-boxed elementor-section-height-default elementor-section-height-default\" data-id=\"28e8acd\" data-element_type=\"section\" data-e-type=\"section\">\n\t\t\t\t\t\t<div class=\"elementor-container elementor-column-gap-default\">\n\t\t\t\t\t<div class=\"elementor-column elementor-col-100 elementor-top-column elementor-element elementor-element-3a920eb\" data-id=\"3a920eb\" data-element_type=\"column\" data-e-type=\"column\">\n\t\t\t<div class=\"elementor-widget-wrap elementor-element-populated\">\n\t\t\t\t\t\t<div class=\"elementor-element elementor-element-9df886a elementor-widget elementor-widget-image\" data-id=\"9df886a\" data-element_type=\"widget\" data-e-type=\"widget\" data-widget_type=\"image.default\">\n\t\t\t\t\t\t\t\t\t\t\t\t<figure class=\"wp-caption\">\n\t\t\t\t\t\t\t\t\t\t<img decoding=\"async\" width=\"768\" height=\"727\" src=\"https:\/\/soymigrante.com\/revista\/wp-content\/uploads\/2024\/01\/fam-2.webp\" class=\"attachment-large size-large wp-image-4538\" alt=\"\" srcset=\"https:\/\/soymigrante.com\/revista\/wp-content\/uploads\/2024\/01\/fam-2.webp 956w, https:\/\/soymigrante.com\/revista\/wp-content\/uploads\/2024\/01\/fam-2-300x284.webp 300w, https:\/\/soymigrante.com\/revista\/wp-content\/uploads\/2024\/01\/fam-2-768x727.webp 768w, https:\/\/soymigrante.com\/revista\/wp-content\/uploads\/2024\/01\/fam-2-750x710.webp 750w\" sizes=\"(max-width: 768px) 100vw, 768px\" title=\"En el orden de la fotograf\u00eda: Limayre, Jairo, Sharlotte y Sara Gramajo, en una foto familiar de hace algunos a\u00f1os: n\u00f3tese el retrato tambi\u00e9n familiar de cuando Limayre cumpli\u00f3 15 a\u00f1os. Limayre llega a Guatemala con una misi\u00f3n de m\u00e9dicos estadounidenses en febrero de 2024. \u2013 SoyMigrante.com REVISTA\" \/>\t\t\t\t\t\t\t\t\t\t\t<figcaption class=\"widget-image-caption wp-caption-text\">En el orden de la fotograf\u00eda: Limayre, Jairo, Sharlotte y Sara Gramajo, en una foto familiar de hace algunos a\u00f1os: n\u00f3tese el retrato tambi\u00e9n familiar de cuando Limayre cumpli\u00f3 15 a\u00f1os. Limayre llega a Guatemala con una misi\u00f3n de m\u00e9dicos estadounidenses en febrero de 2024.<\/figcaption>\n\t\t\t\t\t\t\t\t\t\t<\/figure>\n\t\t\t\t\t\t\t\t\t<\/div>\n\t\t\t\t\t<\/div>\n\t\t<\/div>\n\t\t\t\t\t<\/div>\n\t\t<\/section>\n\t\t\t\t<section data-particle_enable=\"false\" data-particle-mobile-disabled=\"false\" class=\"elementor-section elementor-top-section elementor-element elementor-element-7011ff1 elementor-section-boxed elementor-section-height-default elementor-section-height-default\" data-id=\"7011ff1\" data-element_type=\"section\" data-e-type=\"section\">\n\t\t\t\t\t\t<div class=\"elementor-container elementor-column-gap-default\">\n\t\t\t\t\t<div class=\"elementor-column elementor-col-100 elementor-top-column elementor-element elementor-element-65bb46b\" data-id=\"65bb46b\" data-element_type=\"column\" data-e-type=\"column\">\n\t\t\t<div class=\"elementor-widget-wrap elementor-element-populated\">\n\t\t\t\t\t\t<div class=\"elementor-element elementor-element-7d4c18d elementor-widget elementor-widget-heading\" data-id=\"7d4c18d\" data-element_type=\"widget\" data-e-type=\"widget\" data-widget_type=\"heading.default\">\n\t\t\t\t\t<h2 class=\"elementor-heading-title elementor-size-default\">Encuentro de 2 corazones en un templo<\/h2>\t\t\t\t<\/div>\n\t\t\t\t\t<\/div>\n\t\t<\/div>\n\t\t\t\t\t<\/div>\n\t\t<\/section>\n\t\t\t\t<section data-particle_enable=\"false\" data-particle-mobile-disabled=\"false\" class=\"elementor-section elementor-top-section elementor-element elementor-element-2f69014 elementor-section-boxed elementor-section-height-default elementor-section-height-default\" data-id=\"2f69014\" data-element_type=\"section\" data-e-type=\"section\">\n\t\t\t\t\t\t<div class=\"elementor-container elementor-column-gap-default\">\n\t\t\t\t\t<div class=\"elementor-column elementor-col-100 elementor-top-column elementor-element elementor-element-0993770\" data-id=\"0993770\" data-element_type=\"column\" data-e-type=\"column\">\n\t\t\t<div class=\"elementor-widget-wrap elementor-element-populated\">\n\t\t\t\t\t\t<div class=\"elementor-element elementor-element-050074d elementor-widget elementor-widget-text-editor\" data-id=\"050074d\" data-element_type=\"widget\" data-e-type=\"widget\" data-widget_type=\"text-editor.default\">\n\t\t\t\t\t\t\t\t\t<p><span style=\"color: var( --e-global-color-text );\">S\u00edntesis de entrada: Jairo trabaja en construcci\u00f3n y Sara en mantenimiento de casas, pero juntos construyen un gran sue\u00f1o y mantienen unido a un hogar.<\/span><\/p><p>Jairo: &#8220;La adaptaci\u00f3n fue\u00a0 dif\u00edcil porque cuando uno llega a los Estados Unidos llega a empezar de cero. Hay muchos obst\u00e1culos pero el primero es\u00a0 el ingl\u00e9s. Empec\u00e9 a trabajar en construcci\u00f3n.&#8221;.\u00a0<\/p><p>Sara: &#8220;Yo era ni\u00f1era de tres ni\u00f1os de una familia iran\u00ed. Mi obst\u00e1culo \u00e1s duro es que yo no les entend\u00eda. Los ni\u00f1os lloraban y no entend\u00eda qu\u00e9 quer\u00edan&#8230; porque no hablaba ingl\u00e9s. Quise dejar el trabajo por esa raz\u00f3n, pero el pap\u00e1 de ellos, don Nasir Ibrahim, me dijo: Sara, nosotros te vamos a ayudar. Me compraron diccionarios y audios para aprender ingl\u00e9s.<\/p><p><span style=\"font-family: Roboto, sans-serif; font-size: 16px; font-style: normal; font-variant-ligatures: normal; font-variant-caps: normal; font-weight: 400;\">Jairo: &#8220;Yo conoc\u00eda desde Xela a una hermana de Sara, hoy mi cu\u00f1ada, Un hermano de ellas es esposo de mis primas.\u00a0 Pero a Sara la conoc\u00ed en un templo.\u00a0 \u00a0<\/span><\/p><p>\u00a0<\/p><p><span style=\"color: var( --e-global-color-text );\">Sara: &#8220;Yo asist\u00eda a una iglesia, que se llama Angelus Temple en California. Muy grande, cuadrangular, y un d\u00eda Jairo asisti\u00f3. Ah\u00ed nos conocimos.<\/span><\/p><p><span style=\"color: var( --e-global-color-text );\">Jairo: &#8220;A los tres a\u00f1os de novios nos casamos, en 1993&#8221;.<\/span><\/p><p>\u00a0<\/p>\t\t\t\t\t\t\t\t<\/div>\n\t\t\t\t\t<\/div>\n\t\t<\/div>\n\t\t\t\t\t<\/div>\n\t\t<\/section>\n\t\t\t\t<section data-particle_enable=\"false\" data-particle-mobile-disabled=\"false\" class=\"elementor-section elementor-top-section elementor-element elementor-element-acb0af8 elementor-section-boxed elementor-section-height-default elementor-section-height-default\" data-id=\"acb0af8\" data-element_type=\"section\" data-e-type=\"section\">\n\t\t\t\t\t\t<div class=\"elementor-container elementor-column-gap-default\">\n\t\t\t\t\t<div class=\"elementor-column elementor-col-100 elementor-top-column elementor-element elementor-element-567b0f9\" data-id=\"567b0f9\" data-element_type=\"column\" data-e-type=\"column\">\n\t\t\t<div class=\"elementor-widget-wrap elementor-element-populated\">\n\t\t\t\t\t\t<div class=\"elementor-element elementor-element-2017d0c elementor-widget elementor-widget-image\" data-id=\"2017d0c\" data-element_type=\"widget\" data-e-type=\"widget\" data-widget_type=\"image.default\">\n\t\t\t\t\t\t\t\t\t\t\t\t<figure class=\"wp-caption\">\n\t\t\t\t\t\t\t\t\t\t<img decoding=\"async\" width=\"762\" height=\"1024\" src=\"https:\/\/soymigrante.com\/revista\/wp-content\/uploads\/2024\/01\/boda-gramajo-762x1024.webp\" class=\"attachment-large size-large wp-image-4529\" alt=\"\" srcset=\"https:\/\/soymigrante.com\/revista\/wp-content\/uploads\/2024\/01\/boda-gramajo-762x1024.webp 762w, https:\/\/soymigrante.com\/revista\/wp-content\/uploads\/2024\/01\/boda-gramajo-223x300.webp 223w, https:\/\/soymigrante.com\/revista\/wp-content\/uploads\/2024\/01\/boda-gramajo-768x1032.webp 768w, https:\/\/soymigrante.com\/revista\/wp-content\/uploads\/2024\/01\/boda-gramajo-750x1007.webp 750w, https:\/\/soymigrante.com\/revista\/wp-content\/uploads\/2024\/01\/boda-gramajo.webp 1072w\" sizes=\"(max-width: 762px) 100vw, 762px\" title=\"La boda de Jairo y Sara fue en 1993:  la bendici\u00f3n de Dios para un amor que perdura, crece, se esfuerza y enfrenta cualquier adversidad con fe. En 2023 cumplieron 30 a\u00f1os de casados. \u2013 SoyMigrante.com REVISTA\" \/>\t\t\t\t\t\t\t\t\t\t\t<figcaption class=\"widget-image-caption wp-caption-text\">La boda de Jairo y Sara fue en 1993:  la bendici\u00f3n de Dios para un amor que perdura, crece, se esfuerza y enfrenta cualquier adversidad con fe. En 2023 cumplieron 30 a\u00f1os de casados.<\/figcaption>\n\t\t\t\t\t\t\t\t\t\t<\/figure>\n\t\t\t\t\t\t\t\t\t<\/div>\n\t\t\t\t\t<\/div>\n\t\t<\/div>\n\t\t\t\t\t<\/div>\n\t\t<\/section>\n\t\t\t\t<section data-particle_enable=\"false\" data-particle-mobile-disabled=\"false\" class=\"elementor-section elementor-top-section elementor-element elementor-element-32c0c62 elementor-section-boxed elementor-section-height-default elementor-section-height-default\" data-id=\"32c0c62\" data-element_type=\"section\" data-e-type=\"section\">\n\t\t\t\t\t\t<div class=\"elementor-container elementor-column-gap-default\">\n\t\t\t\t\t<div class=\"elementor-column elementor-col-100 elementor-top-column elementor-element elementor-element-368aef3\" data-id=\"368aef3\" data-element_type=\"column\" data-e-type=\"column\">\n\t\t\t<div class=\"elementor-widget-wrap elementor-element-populated\">\n\t\t\t\t\t\t<div class=\"elementor-element elementor-element-e5b5109 elementor-widget elementor-widget-heading\" data-id=\"e5b5109\" data-element_type=\"widget\" data-e-type=\"widget\" data-widget_type=\"heading.default\">\n\t\t\t\t\t<h2 class=\"elementor-heading-title elementor-size-default\">Nuevo rumbo: a Oklahoma City<\/h2>\t\t\t\t<\/div>\n\t\t\t\t\t<\/div>\n\t\t<\/div>\n\t\t\t\t\t<\/div>\n\t\t<\/section>\n\t\t\t\t<section data-particle_enable=\"false\" data-particle-mobile-disabled=\"false\" class=\"elementor-section elementor-top-section elementor-element elementor-element-8cffdaf elementor-section-boxed elementor-section-height-default elementor-section-height-default\" data-id=\"8cffdaf\" data-element_type=\"section\" data-e-type=\"section\">\n\t\t\t\t\t\t<div class=\"elementor-container elementor-column-gap-default\">\n\t\t\t\t\t<div class=\"elementor-column elementor-col-100 elementor-top-column elementor-element elementor-element-1044da7\" data-id=\"1044da7\" data-element_type=\"column\" data-e-type=\"column\">\n\t\t\t<div class=\"elementor-widget-wrap elementor-element-populated\">\n\t\t\t\t\t\t<div class=\"elementor-element elementor-element-e7eecc9 elementor-widget elementor-widget-text-editor\" data-id=\"e7eecc9\" data-element_type=\"widget\" data-e-type=\"widget\" data-widget_type=\"text-editor.default\">\n\t\t\t\t\t\t\t\t\t<p>Ya con hijas, Jairo y Sara decidieron buscar nuevo rumbo: &#8220;Mucha pandilla en Los Angeles y no me gustaba el ambiente. Tambi\u00e9n era muy cara la renta o las casas. La matem\u00e1tica no cuadraba. Investigamos y me dice Sara: V\u00e1monos a Oklahoma City, ah\u00ed tengo\u00a0 como 10 primos. Y efectivamente nos ayudaron mucho&#8221;, relata \u00e9l.<\/p><p>Pero tambi\u00e9n decidi\u00f3 emprender su propio negocio.\u00a0<\/p><p><span style=\"color: var( --e-global-color-text );\">Jairo: &#8220;Cuando me vine de California, ya hab\u00eda aprendido y dije, \u00bfpara qu\u00e9 le voy a estar trabajando a alguien m\u00e1s? Voy a ser mi propio jefe, o mi propio esclavo ja ja ja&#8230; desde que vine comenc\u00e9 a trabajar por mi cuenta y gracias a Dios, \u00e9l nos ha bendecido&#8221;.<\/span><\/p>\t\t\t\t\t\t\t\t<\/div>\n\t\t\t\t\t<\/div>\n\t\t<\/div>\n\t\t\t\t\t<\/div>\n\t\t<\/section>\n\t\t\t\t<section data-particle_enable=\"false\" data-particle-mobile-disabled=\"false\" class=\"elementor-section elementor-top-section elementor-element elementor-element-4284409 elementor-section-boxed elementor-section-height-default elementor-section-height-default\" data-id=\"4284409\" data-element_type=\"section\" data-e-type=\"section\">\n\t\t\t\t\t\t<div class=\"elementor-container elementor-column-gap-default\">\n\t\t\t\t\t<div class=\"elementor-column elementor-col-100 elementor-top-column elementor-element elementor-element-7245e6d\" data-id=\"7245e6d\" data-element_type=\"column\" data-e-type=\"column\">\n\t\t\t<div class=\"elementor-widget-wrap elementor-element-populated\">\n\t\t\t\t\t\t<div class=\"elementor-element elementor-element-5f27a8c elementor-widget elementor-widget-image\" data-id=\"5f27a8c\" data-element_type=\"widget\" data-e-type=\"widget\" data-settings=\"{&quot;motion_fx_motion_fx_mouse&quot;:&quot;yes&quot;,&quot;motion_fx_mouseTrack_effect&quot;:&quot;yes&quot;,&quot;motion_fx_mouseTrack_direction&quot;:&quot;negative&quot;,&quot;motion_fx_mouseTrack_speed&quot;:{&quot;unit&quot;:&quot;px&quot;,&quot;size&quot;:2.4,&quot;sizes&quot;:[]}}\" data-widget_type=\"image.default\">\n\t\t\t\t\t\t\t\t\t\t\t\t<figure class=\"wp-caption\">\n\t\t\t\t\t\t\t\t\t\t<img loading=\"lazy\" decoding=\"async\" width=\"768\" height=\"494\" src=\"https:\/\/soymigrante.com\/revista\/wp-content\/uploads\/2024\/01\/Captura-de-pantalla-2024-01-22-143809-1024x659.webp\" class=\"attachment-large size-large wp-image-4540\" alt=\"\" srcset=\"https:\/\/soymigrante.com\/revista\/wp-content\/uploads\/2024\/01\/Captura-de-pantalla-2024-01-22-143809-1024x659.webp 1024w, https:\/\/soymigrante.com\/revista\/wp-content\/uploads\/2024\/01\/Captura-de-pantalla-2024-01-22-143809-300x193.webp 300w, https:\/\/soymigrante.com\/revista\/wp-content\/uploads\/2024\/01\/Captura-de-pantalla-2024-01-22-143809-768x495.webp 768w, https:\/\/soymigrante.com\/revista\/wp-content\/uploads\/2024\/01\/Captura-de-pantalla-2024-01-22-143809-750x483.webp 750w, https:\/\/soymigrante.com\/revista\/wp-content\/uploads\/2024\/01\/Captura-de-pantalla-2024-01-22-143809-1140x734.webp 1140w, https:\/\/soymigrante.com\/revista\/wp-content\/uploads\/2024\/01\/Captura-de-pantalla-2024-01-22-143809.webp 1185w\" sizes=\"(max-width: 768px) 100vw, 768px\" title=\"Mudarse de Los Angeles a Oklahoma City fue una decisi\u00f3n estrat\u00e9gica de los Gramajo. &quot;Cuando uno es migrante debe tener un plan de vida&quot;, aconseja Jairo. \u2013 SoyMigrante.com REVISTA\" \/>\t\t\t\t\t\t\t\t\t\t\t<figcaption class=\"widget-image-caption wp-caption-text\">Mudarse de Los Angeles a Oklahoma City fue una decisi\u00f3n estrat\u00e9gica de los Gramajo. \"Cuando uno es migrante debe tener un plan de vida\", aconseja Jairo.<\/figcaption>\n\t\t\t\t\t\t\t\t\t\t<\/figure>\n\t\t\t\t\t\t\t\t\t<\/div>\n\t\t\t\t\t<\/div>\n\t\t<\/div>\n\t\t\t\t\t<\/div>\n\t\t<\/section>\n\t\t\t\t<section data-particle_enable=\"false\" data-particle-mobile-disabled=\"false\" class=\"elementor-section elementor-top-section elementor-element elementor-element-ed2b321 elementor-section-boxed elementor-section-height-default elementor-section-height-default\" data-id=\"ed2b321\" data-element_type=\"section\" data-e-type=\"section\">\n\t\t\t\t\t\t<div class=\"elementor-container elementor-column-gap-default\">\n\t\t\t\t\t<div class=\"elementor-column elementor-col-100 elementor-top-column elementor-element elementor-element-2da7e98\" data-id=\"2da7e98\" data-element_type=\"column\" data-e-type=\"column\">\n\t\t\t<div class=\"elementor-widget-wrap elementor-element-populated\">\n\t\t\t\t\t\t<div class=\"elementor-element elementor-element-b6b82f4 elementor-headline--style-highlight elementor-widget elementor-widget-animated-headline\" data-id=\"b6b82f4\" data-element_type=\"widget\" data-e-type=\"widget\" data-settings=\"{&quot;marker&quot;:&quot;double_underline&quot;,&quot;highlighted_text&quot;:&quot;vidas&quot;,&quot;headline_style&quot;:&quot;highlight&quot;,&quot;loop&quot;:&quot;yes&quot;,&quot;highlight_animation_duration&quot;:1200,&quot;highlight_iteration_delay&quot;:8000}\" data-widget_type=\"animated-headline.default\">\n\t\t\t\t\t\t\t<h3 class=\"elementor-headline\">\n\t\t\t\t\t<span class=\"elementor-headline-plain-text elementor-headline-text-wrapper\">M\u00e1s que un plan de vida, un plan de <\/span>\n\t\t\t\t<span class=\"elementor-headline-dynamic-wrapper elementor-headline-text-wrapper\">\n\t\t\t\t\t<span class=\"elementor-headline-dynamic-text elementor-headline-text-active\">vidas<\/span>\n\t\t\t\t<\/span>\n\t\t\t\t<\/h3>\n\t\t\t\t\t\t<\/div>\n\t\t\t\t\t<\/div>\n\t\t<\/div>\n\t\t\t\t\t<\/div>\n\t\t<\/section>\n\t\t\t\t<section data-particle_enable=\"false\" data-particle-mobile-disabled=\"false\" class=\"elementor-section elementor-top-section elementor-element elementor-element-dfe831c elementor-section-boxed elementor-section-height-default elementor-section-height-default\" data-id=\"dfe831c\" data-element_type=\"section\" data-e-type=\"section\">\n\t\t\t\t\t\t<div class=\"elementor-container elementor-column-gap-default\">\n\t\t\t\t\t<div class=\"elementor-column elementor-col-100 elementor-top-column elementor-element elementor-element-4d7a08f\" data-id=\"4d7a08f\" data-element_type=\"column\" data-e-type=\"column\">\n\t\t\t<div class=\"elementor-widget-wrap elementor-element-populated\">\n\t\t\t\t\t\t<div class=\"elementor-element elementor-element-32ebbd4 elementor-widget elementor-widget-text-editor\" data-id=\"32ebbd4\" data-element_type=\"widget\" data-e-type=\"widget\" data-widget_type=\"text-editor.default\">\n\t\t\t\t\t\t\t\t\t<p><span style=\"color: var( --e-global-color-text );\">La carrera de Medicina en EE.UU es larga y costosa. Al preguntarle a Jayro c\u00f3mo recibi\u00f3 la aspiraci\u00f3n de Limayre a estudiarla, revela un dato clave que podr\u00eda ser de utilidad, ejemplo e inspiraci\u00f3n a m\u00e1s familias:\u00a0<\/span><\/p><p>Jairo: &#8220;Con mis hijas ha sido un proyecto desde peque\u00f1as cuando nos sent\u00e1bamos en la mesa les dec\u00edamos nosotros trabajamos en esto y esto, pero porque no tuvimos otra oportunidad. Pero ustedes tienen que hacerlo de una manera diferente&#8230;con m\u00e1s sabidur\u00eda, con m\u00e1s entendimiento. Mis hijas tienen un gran talento y a pesar que hubieron circunstancias que quisieron truncar nuestro deseo, hemos trabajado en equipo&#8221; expresa.\u00a0\u00a0<\/p><p><span style=\"color: var( --e-global-color-text );\">Y con lo de <b>circunstancias<\/b> se refiere a que cuando estaba por salir de High School, Limayre qued\u00f3 embarazada. Aquello parec\u00eda truncar su ruta hacia la facultad de Medicina. &#8220;Yo la abrac\u00e9 y le dije m&#8217;ija el proyecto sigue adelante, yo s\u00e9 que t\u00fa puedes. Nos dejaba a la baby, dejaba leche en el refrigerador y la apoyamos. Porque ella desde el kinder dec\u00eda Yo quiero ser doctora&#8230; y nuestra otra hija\u00a0<\/span><span style=\"color: var( --e-global-color-text );\">Sharlotte, tambi\u00e9n ser\u00e1 doctora, ya est\u00e1 estudiando&#8221;.\u00a0<\/span><\/p>\t\t\t\t\t\t\t\t<\/div>\n\t\t\t\t\t<\/div>\n\t\t<\/div>\n\t\t\t\t\t<\/div>\n\t\t<\/section>\n\t\t\t\t<section data-particle_enable=\"false\" data-particle-mobile-disabled=\"false\" class=\"elementor-section elementor-top-section elementor-element elementor-element-fb19040 elementor-section-boxed elementor-section-height-default elementor-section-height-default\" data-id=\"fb19040\" data-element_type=\"section\" data-e-type=\"section\">\n\t\t\t\t\t\t<div class=\"elementor-container elementor-column-gap-default\">\n\t\t\t\t\t<div class=\"elementor-column elementor-col-100 elementor-top-column elementor-element elementor-element-dff5124\" data-id=\"dff5124\" data-element_type=\"column\" data-e-type=\"column\">\n\t\t\t<div class=\"elementor-widget-wrap elementor-element-populated\">\n\t\t\t\t\t\t<div class=\"elementor-element elementor-element-5b89f31 elementor-invisible elementor-widget elementor-widget-image\" data-id=\"5b89f31\" data-element_type=\"widget\" data-e-type=\"widget\" data-settings=\"{&quot;_animation&quot;:&quot;slideInLeft&quot;}\" data-widget_type=\"image.default\">\n\t\t\t\t\t\t\t\t\t\t\t\t<figure class=\"wp-caption\">\n\t\t\t\t\t\t\t\t\t\t<img loading=\"lazy\" decoding=\"async\" width=\"682\" height=\"1024\" src=\"https:\/\/soymigrante.com\/revista\/wp-content\/uploads\/2024\/01\/familia-gramajo-682x1024.webp\" class=\"attachment-large size-large wp-image-4534\" alt=\"\" srcset=\"https:\/\/soymigrante.com\/revista\/wp-content\/uploads\/2024\/01\/familia-gramajo-682x1024.webp 682w, https:\/\/soymigrante.com\/revista\/wp-content\/uploads\/2024\/01\/familia-gramajo-200x300.webp 200w, https:\/\/soymigrante.com\/revista\/wp-content\/uploads\/2024\/01\/familia-gramajo-768x1153.webp 768w, https:\/\/soymigrante.com\/revista\/wp-content\/uploads\/2024\/01\/familia-gramajo-1023x1536.webp 1023w, https:\/\/soymigrante.com\/revista\/wp-content\/uploads\/2024\/01\/familia-gramajo-750x1126.webp 750w, https:\/\/soymigrante.com\/revista\/wp-content\/uploads\/2024\/01\/familia-gramajo-1140x1712.webp 1140w, https:\/\/soymigrante.com\/revista\/wp-content\/uploads\/2024\/01\/familia-gramajo.webp 1279w\" sizes=\"(max-width: 682px) 100vw, 682px\" title=\"Siguen adelante: Jairo y Sara, junto a sus hijas Limayre y Sharlotte, y sus nietos Gabriela y Seth. El sue\u00f1o contin\u00faa y tambi\u00e9n el esfuerzo. \u2013 SoyMigrante.com REVISTA\" \/>\t\t\t\t\t\t\t\t\t\t\t<figcaption class=\"widget-image-caption wp-caption-text\">Siguen adelante: Jairo y Sara, junto a sus hijas Limayre y Sharlotte, y sus nietos Gabriela y Seth. El sue\u00f1o contin\u00faa y tambi\u00e9n el esfuerzo.<\/figcaption>\n\t\t\t\t\t\t\t\t\t\t<\/figure>\n\t\t\t\t\t\t\t\t\t<\/div>\n\t\t\t\t\t<\/div>\n\t\t<\/div>\n\t\t\t\t\t<\/div>\n\t\t<\/section>\n\t\t\t\t<section data-particle_enable=\"false\" data-particle-mobile-disabled=\"false\" class=\"elementor-section elementor-top-section elementor-element elementor-element-7cc9913 elementor-section-boxed elementor-section-height-default elementor-section-height-default\" data-id=\"7cc9913\" data-element_type=\"section\" data-e-type=\"section\">\n\t\t\t\t\t\t<div class=\"elementor-container elementor-column-gap-default\">\n\t\t\t\t\t<div class=\"elementor-column elementor-col-100 elementor-top-column elementor-element elementor-element-6d88afe\" data-id=\"6d88afe\" data-element_type=\"column\" data-e-type=\"column\">\n\t\t\t<div class=\"elementor-widget-wrap elementor-element-populated\">\n\t\t\t\t\t\t<div class=\"elementor-element elementor-element-5cb5655 elementor-widget elementor-widget-heading\" data-id=\"5cb5655\" data-element_type=\"widget\" data-e-type=\"widget\" data-widget_type=\"heading.default\">\n\t\t\t\t\t<h2 class=\"elementor-heading-title elementor-size-default\">Esfuerzo cuyo fruto regresa a su tierra<\/h2>\t\t\t\t<\/div>\n\t\t\t\t\t<\/div>\n\t\t<\/div>\n\t\t\t\t\t<\/div>\n\t\t<\/section>\n\t\t\t\t<section data-particle_enable=\"false\" data-particle-mobile-disabled=\"false\" class=\"elementor-section elementor-top-section elementor-element elementor-element-ee1168f elementor-section-boxed elementor-section-height-default elementor-section-height-default\" data-id=\"ee1168f\" data-element_type=\"section\" data-e-type=\"section\">\n\t\t\t\t\t\t<div class=\"elementor-container elementor-column-gap-default\">\n\t\t\t\t\t<div class=\"elementor-column elementor-col-100 elementor-top-column elementor-element elementor-element-3a1c7a7\" data-id=\"3a1c7a7\" data-element_type=\"column\" data-e-type=\"column\">\n\t\t\t<div class=\"elementor-widget-wrap elementor-element-populated\">\n\t\t\t\t\t\t<div class=\"elementor-element elementor-element-6d2bad7 elementor-widget elementor-widget-text-editor\" data-id=\"6d2bad7\" data-element_type=\"widget\" data-e-type=\"widget\" data-widget_type=\"text-editor.default\">\n\t\t\t\t\t\t\t\t\t<p>Llegar a la Escuela de medicina no fue r\u00e1pido ni sencillo para Limayrel Pero por fin lleg\u00f3 el d\u00eda en que la aceptaron.<\/p><p>Sara cuenta: &#8220;Gabrielita, la hijita de Limayre, ten\u00eda cuatro a\u00f1os. Las dos se fueron a buscar algo para sorprendernos, para darnos la noticia. Nuestra nieta encontr\u00f3 una mu\u00f1equita doctora. Y con ella nos dieron la noticia&#8221;.\u00a0<\/p><p><span style=\"color: var( --e-global-color-text );\">Y al contar el momento de la noticia del viaje a la jornada m\u00e9dica en Quetzaltenango, Sara no puede evitar las l\u00e1grimas de emoci\u00f3n:<\/span><\/p><p>&#8220;<b>Limayre ten\u00eda que ir un mes a Ohio a prepararse. Pero luego me dijo: hay algo m\u00e1s de lo que te quiero hablar. Quiero ir a un viaje de una misi\u00f3n m\u00e9dica. Mami: \u00bfsabes para d\u00f3nde me est\u00e1n diciendo que vaya? \u00bfY para d\u00f3nde? A Quetzaltenango.\u00a0<span style=\"color: var( --e-global-color-text );\">\u00bfQu\u00e9? mpezaron a salir mis l\u00e1grimas. Me emocion\u00e9 much\u00edsimo. Pero no s\u00e9 mami si podr\u00e9 ir, no tengo el dinero, ya ustedes me han apoyado tanto&#8230;<\/span><span style=\"color: var( --e-global-color-text );\">\u00bfY qu\u00e9 le dije? Si te he apoyado a otros lugares, \u00bfc\u00f3mo no te vamos a apoyar para ir a nuestra tierra. Agradezco tanto a Dios\u00a0 que mi hija vaya a dar de su bendici\u00f3n all\u00e1. Es como que mi coraz\u00f3n vaya a Quetzaltenango porque nosotros de ah\u00ed somos, de ah\u00ed venimos&#8221;.\u00a0<\/span><\/b><\/p><p>Jairo: &#8220;Son las ventanas que Dios abre y uno tiene que tener la pericia de saber aprovechar esas oportunidades entonces ella va a ir a compartir lo que Dios nos ha dado y ella maneja un espa\u00f1ol perfecto, porque desde que era peque\u00f1a, yo me traje de Guatemala un libro Victoria. Le ense\u00f1\u00e9 el alfaberto y le le\u00eda en espa\u00f1ol&#8221;.<\/p><p><span style=\"color: var( --e-global-color-text );\">S\u00ed, durante la entrevista con Limayre me d\u00ed cuenta que lo habla muy bien.<\/span><\/p><p>Sara: &#8220;Y hasta sus dos ni\u00f1os\u00a0 Gabrielita y Seth vienen hablando de la escuela en chap\u00edn: dicen ala gran vos, p\u00fachicas a los dem\u00e1s ni\u00f1os.<br \/><span style=\"color: var( --e-global-color-text );\">-Apuesto a que le dicen patojo a los ni\u00f1os&#8230;<\/span><\/p><p><span style=\"color: var( --e-global-color-text );\">-Limayre (quien estaba conectada a la videoentrevista con sus padres): &#8220;Ja ja. cuando botan algo\u00a0 al suelo dicen: \u00a1chish!&#8221;<\/span><\/p>\t\t\t\t\t\t\t\t<\/div>\n\t\t\t\t\t<\/div>\n\t\t<\/div>\n\t\t\t\t\t<\/div>\n\t\t<\/section>\n\t\t\t\t<section data-particle_enable=\"false\" data-particle-mobile-disabled=\"false\" class=\"elementor-section elementor-top-section elementor-element elementor-element-7fb744d elementor-section-boxed elementor-section-height-default elementor-section-height-default\" data-id=\"7fb744d\" data-element_type=\"section\" data-e-type=\"section\">\n\t\t\t\t\t\t<div class=\"elementor-container elementor-column-gap-default\">\n\t\t\t\t\t<div class=\"elementor-column elementor-col-100 elementor-top-column elementor-element elementor-element-b4a5c68\" data-id=\"b4a5c68\" data-element_type=\"column\" data-e-type=\"column\">\n\t\t\t<div class=\"elementor-widget-wrap elementor-element-populated\">\n\t\t\t\t\t\t<div class=\"elementor-element elementor-element-f3f9998 elementor-grid-eael-col-1 elementor-grid-tablet-eael-col-2 elementor-grid-mobile-eael-col-1 elementor-invisible elementor-widget elementor-widget-eael-post-grid\" data-id=\"f3f9998\" data-element_type=\"widget\" data-e-type=\"widget\" data-settings=\"{&quot;eael_post_grid_columns&quot;:&quot;eael-col-1&quot;,&quot;_animation&quot;:&quot;fadeInRight&quot;,&quot;eael_post_grid_columns_tablet&quot;:&quot;eael-col-2&quot;,&quot;eael_post_grid_columns_mobile&quot;:&quot;eael-col-1&quot;}\" data-widget_type=\"eael-post-grid.default\">\n\t\t\t\t\t<div id=\"eael-post-grid-f3f9998\" class=\"eael-post-grid-container\">\n            <div class=\"eael-post-grid eael-post-appender eael-post-appender-f3f9998 eael-post-grid-style-one\" data-layout-mode=\"masonry\"><article class=\"eael-grid-post  eael-post-grid-column eael-pg-post-4451 category-exitos\" data-id=\"4451\">\n        <div class=\"eael-grid-post-holder\">\n            <div class=\"eael-grid-post-holder-inner\"><div class=\"eael-entry-media\"><div class=\"eael-entry-overlay fade-in\"><i class=\"fas fa-hand-pointer\" aria-hidden=\"true\"><\/i><a href=\"https:\/\/soymigrante.com\/revista\/hija-migrantes-guatemaltecos-limayre-gramajo-medicina-mision-quetzaltenango\/\"><\/a><\/div><div class=\"eael-entry-thumbnail \">\n                <img loading=\"lazy\" decoding=\"async\" width=\"300\" height=\"225\" src=\"https:\/\/soymigrante.com\/revista\/wp-content\/uploads\/2024\/01\/limayre-otra-e1705507360409-300x225.webp\" class=\"attachment-medium size-medium wp-image-4460\" alt=\"\" srcset=\"https:\/\/soymigrante.com\/revista\/wp-content\/uploads\/2024\/01\/limayre-otra-e1705507360409-300x225.webp 300w, https:\/\/soymigrante.com\/revista\/wp-content\/uploads\/2024\/01\/limayre-otra-e1705507360409-768x576.webp 768w, https:\/\/soymigrante.com\/revista\/wp-content\/uploads\/2024\/01\/limayre-otra-e1705507360409-750x563.webp 750w, https:\/\/soymigrante.com\/revista\/wp-content\/uploads\/2024\/01\/limayre-otra-e1705507360409.webp 814w\" sizes=\"(max-width: 300px) 100vw, 300px\" \/>\n            <\/div>\n        <\/div><div class=\"eael-entry-wrapper\"><header class=\"eael-entry-header\"><h2 class=\"eael-entry-title\"><a class=\"eael-grid-post-link\" href=\"https:\/\/soymigrante.com\/revista\/hija-migrantes-guatemaltecos-limayre-gramajo-medicina-mision-quetzaltenango\/\" title=\"Limayre Gramajo, de familia migrante, participa con misi\u00f3n m\u00e9dica de EE.UU. en\">Limayre Gramajo, de familia migrante, participa con misi\u00f3n m\u00e9dica de EE.UU. en<\/a><\/h2><\/header><div class=\"eael-entry-content\">\n                        <div class=\"eael-grid-post-excerpt\"><p>Mejorar la salud a la comunidad migrante hispana es una meta de Limayre Gramajo, quien participar\u00e1 en misi\u00f3n m\u00e9dica voluntaria de EE.UU. que estar\u00e1 en Guatemala...<\/p><a href=\"https:\/\/soymigrante.com\/revista\/hija-migrantes-guatemaltecos-limayre-gramajo-medicina-mision-quetzaltenango\/\" class=\"eael-post-elements-readmore-btn\">Conozca su historia<\/a><\/div>\n                    <\/div><\/div><\/div>\n        <\/div>\n    <\/article><\/div>\n            <div class=\"clearfix\"><\/div>\n        <\/div>\t\t\t\t<\/div>\n\t\t\t\t\t<\/div>\n\t\t<\/div>\n\t\t\t\t\t<\/div>\n\t\t<\/section>\n\t\t\t\t<section data-particle_enable=\"false\" data-particle-mobile-disabled=\"false\" class=\"elementor-section elementor-top-section elementor-element elementor-element-49dfdbd elementor-section-boxed elementor-section-height-default elementor-section-height-default\" data-id=\"49dfdbd\" data-element_type=\"section\" data-e-type=\"section\">\n\t\t\t\t\t\t<div class=\"elementor-container elementor-column-gap-default\">\n\t\t\t\t\t<div class=\"elementor-column elementor-col-100 elementor-top-column elementor-element elementor-element-7834c57\" data-id=\"7834c57\" data-element_type=\"column\" data-e-type=\"column\">\n\t\t\t<div class=\"elementor-widget-wrap elementor-element-populated\">\n\t\t\t\t\t\t<div class=\"elementor-element elementor-element-98d630f elementor-widget elementor-widget-heading\" data-id=\"98d630f\" data-element_type=\"widget\" data-e-type=\"widget\" data-widget_type=\"heading.default\">\n\t\t\t\t\t<h2 class=\"elementor-heading-title elementor-size-default\">Por \u00faltimo pero no menos importante: el consejo de la experiencia a migrantes<\/h2>\t\t\t\t<\/div>\n\t\t\t\t\t<\/div>\n\t\t<\/div>\n\t\t\t\t\t<\/div>\n\t\t<\/section>\n\t\t\t\t<section data-particle_enable=\"false\" data-particle-mobile-disabled=\"false\" class=\"elementor-section elementor-top-section elementor-element elementor-element-c218c79 elementor-section-boxed elementor-section-height-default elementor-section-height-default\" data-id=\"c218c79\" data-element_type=\"section\" data-e-type=\"section\">\n\t\t\t\t\t\t<div class=\"elementor-container elementor-column-gap-default\">\n\t\t\t\t\t<div class=\"elementor-column elementor-col-100 elementor-top-column elementor-element elementor-element-e209050\" data-id=\"e209050\" data-element_type=\"column\" data-e-type=\"column\">\n\t\t\t<div class=\"elementor-widget-wrap elementor-element-populated\">\n\t\t\t\t\t\t<div class=\"elementor-element elementor-element-9e09944 elementor-widget elementor-widget-text-editor\" data-id=\"9e09944\" data-element_type=\"widget\" data-e-type=\"widget\" data-widget_type=\"text-editor.default\">\n\t\t\t\t\t\t\t\t\t<p>Los Gramajo aconsejan a las familias migrantes tener un plan: si se van a quedar en EE.UU. es una v\u00eda, si piensan regresar a Guatemala, trazarse un plazo, para actuar y decidir en consecuencia.<\/p><p>&#8220;Cada uno tiene su forma de vivir. Yo inclusive cuando era indocumentado, dije, yo voy a ser de esta naci\u00f3n mi naci\u00f3n y por elecci\u00f3n. Y a los j\u00f3venes que han nacido aqu\u00ed les dijo: muchachos m\u00e9tanse al college, a la universidad&#8230;porque los migrantes que llegamos no tuvimos oportunidad, pero ustedes s\u00ed, para superarse, ser abogados, pol\u00edticos de servicio, profesionales&#8230; No pueden terminar haciendo lo mismo que hicieron sus padres al llegar, porque Uds. tienen m\u00e1s oportunidad&#8221;.<\/p>\t\t\t\t\t\t\t\t<\/div>\n\t\t\t\t\t<\/div>\n\t\t<\/div>\n\t\t\t\t\t<\/div>\n\t\t<\/section>\n\t\t\t\t<section data-particle_enable=\"false\" data-particle-mobile-disabled=\"false\" class=\"elementor-section elementor-top-section elementor-element elementor-element-0b339be elementor-section-boxed elementor-section-height-default elementor-section-height-default\" data-id=\"0b339be\" data-element_type=\"section\" data-e-type=\"section\">\n\t\t\t\t\t\t<div class=\"elementor-container elementor-column-gap-default\">\n\t\t\t\t\t<div class=\"elementor-column elementor-col-100 elementor-top-column elementor-element elementor-element-b791152\" data-id=\"b791152\" data-element_type=\"column\" data-e-type=\"column\">\n\t\t\t<div class=\"elementor-widget-wrap elementor-element-populated\">\n\t\t\t\t\t\t<div class=\"elementor-element elementor-element-30cc6f9 elementor-widget elementor-widget-image\" data-id=\"30cc6f9\" data-element_type=\"widget\" data-e-type=\"widget\" data-widget_type=\"image.default\">\n\t\t\t\t\t\t\t\t\t\t\t\t<figure class=\"wp-caption\">\n\t\t\t\t\t\t\t\t\t\t<img loading=\"lazy\" decoding=\"async\" width=\"768\" height=\"576\" src=\"https:\/\/soymigrante.com\/revista\/wp-content\/uploads\/2024\/01\/familia-gramajo-2-copia-copia.webp\" class=\"attachment-large size-large wp-image-4541\" alt=\"\" srcset=\"https:\/\/soymigrante.com\/revista\/wp-content\/uploads\/2024\/01\/familia-gramajo-2-copia-copia.webp 960w, https:\/\/soymigrante.com\/revista\/wp-content\/uploads\/2024\/01\/familia-gramajo-2-copia-copia-300x225.webp 300w, https:\/\/soymigrante.com\/revista\/wp-content\/uploads\/2024\/01\/familia-gramajo-2-copia-copia-768x576.webp 768w, https:\/\/soymigrante.com\/revista\/wp-content\/uploads\/2024\/01\/familia-gramajo-2-copia-copia-750x563.webp 750w\" sizes=\"(max-width: 768px) 100vw, 768px\" title=\"Graduaci\u00f3n de Sharlotte de High School. Ella tambi\u00e9n estudia Medicina, con el decidido apoyo de sus padres. \u2013 SoyMigrante.com REVISTA\" \/>\t\t\t\t\t\t\t\t\t\t\t<figcaption class=\"widget-image-caption wp-caption-text\">Graduaci\u00f3n de Sharlotte de High School. Ella tambi\u00e9n estudia Medicina, con el decidido apoyo de sus padres.<\/figcaption>\n\t\t\t\t\t\t\t\t\t\t<\/figure>\n\t\t\t\t\t\t\t\t\t<\/div>\n\t\t\t\t\t<\/div>\n\t\t<\/div>\n\t\t\t\t\t<\/div>\n\t\t<\/section>\n\t\t\t\t<section data-particle_enable=\"false\" data-particle-mobile-disabled=\"false\" class=\"elementor-section elementor-top-section elementor-element elementor-element-e274c99 elementor-section-boxed elementor-section-height-default elementor-section-height-default\" data-id=\"e274c99\" data-element_type=\"section\" data-e-type=\"section\">\n\t\t\t\t\t\t<div class=\"elementor-container elementor-column-gap-default\">\n\t\t\t\t\t<div class=\"elementor-column elementor-col-100 elementor-top-column elementor-element elementor-element-822c116\" data-id=\"822c116\" data-element_type=\"column\" data-e-type=\"column\">\n\t\t\t<div class=\"elementor-widget-wrap elementor-element-populated\">\n\t\t\t\t\t\t<div class=\"elementor-element elementor-element-ee851f1 elementor-invisible elementor-widget elementor-widget-heading\" data-id=\"ee851f1\" data-element_type=\"widget\" data-e-type=\"widget\" data-settings=\"{&quot;_animation&quot;:&quot;rotateIn&quot;}\" data-widget_type=\"heading.default\">\n\t\t\t\t\t<h2 class=\"elementor-heading-title elementor-size-default\">M\u00e1s historias de amor familiar migrante<\/h2>\t\t\t\t<\/div>\n\t\t\t\t\t<\/div>\n\t\t<\/div>\n\t\t\t\t\t<\/div>\n\t\t<\/section>\n\t\t\t\t<section data-particle_enable=\"false\" data-particle-mobile-disabled=\"false\" class=\"elementor-section elementor-top-section elementor-element elementor-element-de060bc elementor-section-boxed elementor-section-height-default elementor-section-height-default\" data-id=\"de060bc\" data-element_type=\"section\" data-e-type=\"section\">\n\t\t\t\t\t\t<div class=\"elementor-container elementor-column-gap-default\">\n\t\t\t\t\t<div class=\"elementor-column elementor-col-100 elementor-top-column elementor-element elementor-element-0a79e58\" data-id=\"0a79e58\" data-element_type=\"column\" data-e-type=\"column\">\n\t\t\t<div class=\"elementor-widget-wrap elementor-element-populated\">\n\t\t\t\t\t\t<div class=\"elementor-element elementor-element-df64692 elementor-grid-eael-col-2 elementor-grid-tablet-eael-col-2 elementor-grid-mobile-eael-col-1 elementor-invisible elementor-widget elementor-widget-eael-post-grid\" data-id=\"df64692\" data-element_type=\"widget\" data-e-type=\"widget\" data-settings=\"{&quot;eael_post_grid_columns&quot;:&quot;eael-col-2&quot;,&quot;_animation&quot;:&quot;fadeInUp&quot;,&quot;eael_post_grid_columns_tablet&quot;:&quot;eael-col-2&quot;,&quot;eael_post_grid_columns_mobile&quot;:&quot;eael-col-1&quot;}\" data-widget_type=\"eael-post-grid.default\">\n\t\t\t\t\t<div id=\"eael-post-grid-df64692\" class=\"eael-post-grid-container\">\n            <div class=\"eael-post-grid eael-post-appender eael-post-appender-df64692 eael-post-grid-style-three\" data-layout-mode=\"grid\"><article class=\"eael-grid-post  eael-post-grid-column eael-pg-post-3495 category-exitos\" data-id=\"3495\">\n        <div class=\"eael-grid-post-holder\">\n            <div class=\"eael-grid-post-holder-inner\"><div class=\"eael-entry-media\"><div class=\"eael-entry-overlay fade-in\"><i class=\"fas fa-hand-pointer\" aria-hidden=\"true\"><\/i><a href=\"https:\/\/soymigrante.com\/revista\/en-un-dia-de-accion-de-gracias-se-conocieron-los-migrantes-carlos-y-lidia\/\"><\/a><\/div><div class=\"eael-entry-thumbnail eael-image-ratio\">\n                 <img loading=\"lazy\" decoding=\"async\" width=\"300\" height=\"253\" src=\"https:\/\/soymigrante.com\/revista\/wp-content\/uploads\/2023\/11\/fam-perez-45-300x253.webp\" class=\"attachment-medium size-medium wp-image-3496\" alt=\"\" srcset=\"https:\/\/soymigrante.com\/revista\/wp-content\/uploads\/2023\/11\/fam-perez-45-300x253.webp 300w, https:\/\/soymigrante.com\/revista\/wp-content\/uploads\/2023\/11\/fam-perez-45-768x647.webp 768w, https:\/\/soymigrante.com\/revista\/wp-content\/uploads\/2023\/11\/fam-perez-45-750x632.webp 750w, https:\/\/soymigrante.com\/revista\/wp-content\/uploads\/2023\/11\/fam-perez-45.webp 991w\" sizes=\"(max-width: 300px) 100vw, 300px\" \/>\n             <\/div>\n        <\/div><div class=\"eael-entry-wrapper\"><header class=\"eael-entry-header\"><h2 class=\"eael-entry-title\"><a class=\"eael-grid-post-link\" href=\"https:\/\/soymigrante.com\/revista\/en-un-dia-de-accion-de-gracias-se-conocieron-los-migrantes-carlos-y-lidia\/\" title=\"En D\u00eda de Acci\u00f3n de Gracias se conocieron los migrantes Carlos y Lidia\">En D\u00eda de Acci\u00f3n de Gracias se conocieron los migrantes Carlos y Lidia<\/a><\/h2><\/header><div class=\"eael-entry-content\">\n                        <div class=\"eael-grid-post-excerpt\"><p>Su mayor tesoro es su amor de familia, que les...<\/p><a href=\"https:\/\/soymigrante.com\/revista\/en-un-dia-de-accion-de-gracias-se-conocieron-los-migrantes-carlos-y-lidia\/\" class=\"eael-post-elements-readmore-btn\">Leer m\u00e1s<\/a><\/div>\n                    <\/div><\/div><\/div>\n        <\/div>\n    <\/article><article class=\"eael-grid-post  eael-post-grid-column eael-pg-post-1571 category-exitos tags-nueva-york\" data-id=\"1571\">\n        <div class=\"eael-grid-post-holder\">\n            <div class=\"eael-grid-post-holder-inner\"><div class=\"eael-entry-media\"><div class=\"eael-entry-overlay fade-in\"><i class=\"fas fa-hand-pointer\" aria-hidden=\"true\"><\/i><a href=\"https:\/\/soymigrante.com\/revista\/esposos-migrantes-luchan-por-un-sueno-en-nueva-york\/\"><\/a><\/div><div class=\"eael-entry-thumbnail eael-image-ratio\">\n                 <img loading=\"lazy\" decoding=\"async\" width=\"300\" height=\"219\" src=\"https:\/\/soymigrante.com\/revista\/wp-content\/uploads\/2023\/06\/JUAN-E-IRIS-YOJCOM-REDES-300x219.webp\" class=\"attachment-medium size-medium wp-image-1573\" alt=\"Juan e Iris Yojcom, esposos migrantes guatemaltecos en Nueva York.\" srcset=\"https:\/\/soymigrante.com\/revista\/wp-content\/uploads\/2023\/06\/JUAN-E-IRIS-YOJCOM-REDES-300x219.webp 300w, https:\/\/soymigrante.com\/revista\/wp-content\/uploads\/2023\/06\/JUAN-E-IRIS-YOJCOM-REDES-1024x746.webp 1024w, https:\/\/soymigrante.com\/revista\/wp-content\/uploads\/2023\/06\/JUAN-E-IRIS-YOJCOM-REDES-768x560.webp 768w, https:\/\/soymigrante.com\/revista\/wp-content\/uploads\/2023\/06\/JUAN-E-IRIS-YOJCOM-REDES-750x547.webp 750w, https:\/\/soymigrante.com\/revista\/wp-content\/uploads\/2023\/06\/JUAN-E-IRIS-YOJCOM-REDES.webp 1095w\" sizes=\"(max-width: 300px) 100vw, 300px\" \/>\n             <\/div>\n        <\/div><div class=\"eael-entry-wrapper\"><header class=\"eael-entry-header\"><h2 class=\"eael-entry-title\"><a class=\"eael-grid-post-link\" href=\"https:\/\/soymigrante.com\/revista\/esposos-migrantes-luchan-por-un-sueno-en-nueva-york\/\" title=\"Esposos migrantes luchan por un sue\u00f1o guatemalteco en Nueva York\">Esposos migrantes luchan por un sue\u00f1o guatemalteco en Nueva York<\/a><\/h2><\/header><div class=\"eael-entry-content\">\n                        <div class=\"eael-grid-post-excerpt\"><p>Un matrimonio migrante guatemalteco que se vio forzado a dejar...<\/p><a href=\"https:\/\/soymigrante.com\/revista\/esposos-migrantes-luchan-por-un-sueno-en-nueva-york\/\" class=\"eael-post-elements-readmore-btn\">Leer m\u00e1s<\/a><\/div>\n                    <\/div><\/div><\/div>\n        <\/div>\n    <\/article><\/div>\n            <div class=\"clearfix\"><\/div>\n        <\/div>\t\t\t\t<\/div>\n\t\t\t\t\t<\/div>\n\t\t<\/div>\n\t\t\t\t\t<\/div>\n\t\t<\/section>\n\t\t\t\t<\/div>\n\t\t","protected":false},"excerpt":{"rendered":"<p>La guatemalteca Limayre Gramajo participar\u00e1 en misi\u00f3n de m\u00e9dicos estadounidenses que dar\u00e1 consultas gratuitas, en marzo 2024 en Quetzaltenango: la tierra natal de sus padres Sara y Jairo, migrantes radicados en Oklahoma. Jairo y Sara nacieron en dos municipios de Quetzaltenango, Palestina de Los Altos y Sibilia, a solo 15 kil\u00f3metros entre s\u00ed, pero no [&hellip;]<\/p>\n","protected":false},"author":7,"featured_media":4538,"comment_status":"open","ping_status":"open","sticky":false,"template":"","format":"standard","meta":{"_acf_changed":false,"_eb_attr":"","footnotes":""},"categories":[50],"tags":[],"class_list":["post-4528","post","type-post","status-publish","format-standard","has-post-thumbnail","hentry","category-exitos"],"acf":[],"aioseo_notices":[],"aioseo_head":"\n\t\t<!-- All in One SEO Pro 4.9.6.2 - aioseo.com -->\n\t<meta name=\"description\" content=\"Un matrimonio migrante guatemalteco que se vio forzado a dejar su tierra por la crisis de la pandemia. Ella y \u00e9l relatan vivencias y sue\u00f1os. Juan e Iris est\u00e1n a 4 mil kil\u00f3metros de su mayor tesoro: sus hijas. Su mayor fortaleza es compartir juntos el esfuerzo migrante. Trabajan en limpieza y mantenimiento de un\" \/>\n\t<meta name=\"robots\" content=\"max-snippet:-1, max-image-preview:large, max-video-preview:-1\" \/>\n\t<meta name=\"author\" content=\"Gustavo Montenegro\"\/>\n\t<link rel=\"canonical\" href=\"https:\/\/soymigrante.com\/revista\/esposos-migrantes-luchan-por-un-sueno-en-nueva-york\/\" \/>\n\t<meta name=\"generator\" content=\"All in One SEO Pro (AIOSEO) 4.9.6.2\" \/>\n\n\t\t<link rel=\"preconnect\" href=\"https:\/\/fonts.googleapis.com\" crossorigin>\n<link rel=\"preconnect\" href=\"https:\/\/fonts.gstatic.com\" crossorigin>\n\t\t<meta property=\"og:locale\" content=\"es_ES\" \/>\n\t\t<meta property=\"og:site_name\" content=\"SoyMigrante.com REVISTA \u2013 Nuestra misi\u00f3n es reconocer y dignificar al migrante.\" \/>\n\t\t<meta property=\"og:type\" content=\"article\" \/>\n\t\t<meta property=\"og:title\" content=\"Esposos migrantes luchan por un sue\u00f1o guatemalteco en Nueva York\" \/>\n\t\t<meta property=\"og:description\" content=\"Un matrimonio migrante guatemalteco que se vio forzado a dejar su tierra por la crisis de la pandemia. Ella y \u00e9l relatan vivencias y sue\u00f1os. Juan e Iris est\u00e1n a 4 mil kil\u00f3metros de su mayor tesoro: sus hijas. Su mayor fortaleza es compartir juntos el esfuerzo migrante. Trabajan en limpieza y mantenimiento de un\" \/>\n\t\t<meta property=\"og:url\" content=\"https:\/\/soymigrante.com\/revista\/esposos-migrantes-luchan-por-un-sueno-en-nueva-york\/\" \/>\n\t\t<meta property=\"og:image\" content=\"https:\/\/soymigrante.com\/revista\/wp-content\/uploads\/2023\/06\/JUAN-E-IRIS-YOJCOM-REDES.webp\" \/>\n\t\t<meta property=\"og:image:secure_url\" content=\"https:\/\/soymigrante.com\/revista\/wp-content\/uploads\/2023\/06\/JUAN-E-IRIS-YOJCOM-REDES.webp\" \/>\n\t\t<meta property=\"og:image:width\" content=\"1095\" \/>\n\t\t<meta property=\"og:image:height\" content=\"798\" \/>\n\t\t<meta property=\"article:published_time\" content=\"2023-06-23T15:09:23+00:00\" \/>\n\t\t<meta property=\"article:modified_time\" content=\"2026-03-11T22:42:39+00:00\" \/>\n\t\t<meta property=\"article:publisher\" content=\"https:\/\/www.facebook.com\/soymigrantecom\" \/>\n\t\t<meta name=\"twitter:card\" content=\"summary_large_image\" \/>\n\t\t<meta name=\"twitter:site\" content=\"@SoyMigrante_com\" \/>\n\t\t<meta name=\"twitter:title\" content=\"Esposos migrantes luchan por un sue\u00f1o guatemalteco en Nueva York\" \/>\n\t\t<meta name=\"twitter:description\" content=\"Un matrimonio migrante guatemalteco que se vio forzado a dejar su tierra por la crisis de la pandemia. Ella y \u00e9l relatan vivencias y sue\u00f1os. Juan e Iris est\u00e1n a 4 mil kil\u00f3metros de su mayor tesoro: sus hijas. Su mayor fortaleza es compartir juntos el esfuerzo migrante. Trabajan en limpieza y mantenimiento de un\" \/>\n\t\t<meta name=\"twitter:creator\" content=\"@SoyMigrante_com\" \/>\n\t\t<meta name=\"twitter:image\" content=\"https:\/\/soymigrante.com\/revista\/wp-content\/uploads\/2023\/06\/JUAN-E-IRIS-YOJCOM-REDES.webp\" \/>\n\t\t<!-- All in One SEO Pro -->\r\n\t\t<title>Esposos migrantes luchan por un sue\u00f1o guatemalteco en Nueva York<\/title>\n\n","aioseo_head_json":{"title":"Esposos migrantes luchan por un sue\u00f1o guatemalteco en Nueva York","description":"Un matrimonio migrante guatemalteco que se vio forzado a dejar su tierra por la crisis de la pandemia. Ella y \u00e9l relatan vivencias y sue\u00f1os. Juan e Iris est\u00e1n a 4 mil kil\u00f3metros de su mayor tesoro: sus hijas. Su mayor fortaleza es compartir juntos el esfuerzo migrante. Trabajan en limpieza y mantenimiento de un","canonical_url":"https:\/\/soymigrante.com\/revista\/esposos-migrantes-luchan-por-un-sueno-en-nueva-york\/","robots":"max-snippet:-1, max-image-preview:large, max-video-preview:-1","keywords":"","webmasterTools":{"miscellaneous":"&lt;link rel=\"preconnect\" href=\"https:\/\/fonts.googleapis.com\" crossorigin&gt;\n&lt;link rel=\"preconnect\" href=\"https:\/\/fonts.gstatic.com\" crossorigin&gt;"},"schema":null,"og:locale":"es_ES","og:site_name":"SoyMigrante.com REVISTA \u2013 Nuestra misi\u00f3n es reconocer y dignificar al migrante.","og:type":"article","og:title":"Esposos migrantes luchan por un sue\u00f1o guatemalteco en Nueva York","og:description":"Un matrimonio migrante guatemalteco que se vio forzado a dejar su tierra por la crisis de la pandemia. Ella y \u00e9l relatan vivencias y sue\u00f1os. Juan e Iris est\u00e1n a 4 mil kil\u00f3metros de su mayor tesoro: sus hijas. Su mayor fortaleza es compartir juntos el esfuerzo migrante. Trabajan en limpieza y mantenimiento de un","og:url":"https:\/\/soymigrante.com\/revista\/esposos-migrantes-luchan-por-un-sueno-en-nueva-york\/","og:image":"https:\/\/soymigrante.com\/revista\/wp-content\/uploads\/2023\/06\/JUAN-E-IRIS-YOJCOM-REDES.webp","og:image:secure_url":"https:\/\/soymigrante.com\/revista\/wp-content\/uploads\/2023\/06\/JUAN-E-IRIS-YOJCOM-REDES.webp","og:image:width":1095,"og:image:height":798,"article:published_time":"2023-06-23T15:09:23+00:00","article:modified_time":"2026-03-11T22:42:39+00:00","article:publisher":"https:\/\/www.facebook.com\/soymigrantecom","twitter:card":"summary_large_image","twitter:site":"@SoyMigrante_com","twitter:title":"Esposos migrantes luchan por un sue\u00f1o guatemalteco en Nueva York","twitter:description":"Un matrimonio migrante guatemalteco que se vio forzado a dejar su tierra por la crisis de la pandemia. Ella y \u00e9l relatan vivencias y sue\u00f1os. Juan e Iris est\u00e1n a 4 mil kil\u00f3metros de su mayor tesoro: sus hijas. Su mayor fortaleza es compartir juntos el esfuerzo migrante. Trabajan en limpieza y mantenimiento de un","twitter:creator":"@SoyMigrante_com","twitter:image":"https:\/\/soymigrante.com\/revista\/wp-content\/uploads\/2023\/06\/JUAN-E-IRIS-YOJCOM-REDES.webp"},"aioseo_meta_data":{"post_id":"4528","title":null,"description":null,"keywords":[],"keyphrases":{"focus":{"keyphrase":"Migrante","score":82,"analysis":{"keyphraseInTitle":{"score":9,"maxScore":9,"error":0},"keyphraseInDescription":{"score":9,"maxScore":9,"error":0},"keyphraseLength":{"score":9,"maxScore":9,"error":0,"length":1},"keyphraseInURL":{"score":5,"maxScore":5,"error":0},"keyphraseInIntroduction":{"score":3,"maxScore":9,"error":1},"keyphraseInSubHeadings":{"score":3,"maxScore":9,"error":1},"keyphraseInImageAlt":{"score":9,"maxScore":9,"error":0},"keywordDensity":{"type":"best","score":9,"maxScore":9,"error":0}}},"additional":[]},"primary_term":null,"canonical_url":null,"og_title":null,"og_description":null,"og_object_type":"default","og_image_type":"default","og_image_url":null,"og_image_width":null,"og_image_height":null,"og_image_custom_url":null,"og_image_custom_fields":null,"og_video":"","og_custom_url":null,"og_article_section":null,"og_article_tags":[],"twitter_use_og":false,"twitter_card":"default","twitter_image_type":"default","twitter_image_url":null,"twitter_image_custom_url":null,"twitter_image_custom_fields":null,"twitter_title":null,"twitter_description":null,"schema":{"blockGraphs":[],"customGraphs":[],"default":{"data":{"Article":[],"Course":[],"Dataset":[],"FAQPage":[],"Movie":[],"Person":[],"Product":[],"ProductReview":[],"Car":[],"Recipe":[],"Service":[],"SoftwareApplication":[],"WebPage":[]},"graphName":"BlogPosting","isEnabled":true},"graphs":[]},"schema_type":"default","schema_type_options":null,"pillar_content":false,"robots_default":true,"robots_noindex":false,"robots_noarchive":false,"robots_nosnippet":false,"robots_nofollow":false,"robots_noimageindex":false,"robots_noodp":false,"robots_notranslate":false,"robots_max_snippet":"-1","robots_max_videopreview":"-1","robots_max_imagepreview":"large","priority":null,"frequency":"default","local_seo":null,"seo_analyzer_scan_date":"2025-10-08 21:02:36","breadcrumb_settings":null,"limit_modified_date":false,"reviewed_by":null,"open_ai":null,"ai":null,"created":"2024-01-22 19:45:09","updated":"2026-02-04 10:25:55"},"aioseo_breadcrumb":"<div class=\"aioseo-breadcrumbs\"><span class=\"aioseo-breadcrumb\">\n\t<a href=\"https:\/\/soymigrante.com\/revista\" title=\"Home\">Home<\/a>\n<\/span><span class=\"aioseo-breadcrumb-separator\">\u00bb<\/span><span class=\"aioseo-breadcrumb\">\n\t<a href=\"https:\/\/soymigrante.com\/revista\/category\/exitos\/\" title=\"\u00c9xitos\">\u00c9xitos<\/a>\n<\/span><span class=\"aioseo-breadcrumb-separator\">\u00bb<\/span><span class=\"aioseo-breadcrumb\">\n\tJairo y Sara: historia de amor, trabajo y talento migrante que vuelve a su Xela natal\n<\/span><\/div>","aioseo_breadcrumb_json":[{"label":"Home","link":"https:\/\/soymigrante.com\/revista"},{"label":"\u00c9xitos","link":"https:\/\/soymigrante.com\/revista\/category\/exitos\/"},{"label":"Jairo y Sara: historia de amor, trabajo y talento migrante que vuelve a su Xela natal","link":"https:\/\/soymigrante.com\/revista\/migrantes-guatemaltecos-jairo-y-sara-historia-de-amor-familiar-valores-solidaridad\/"}],"_links":{"self":[{"href":"https:\/\/soymigrante.com\/revista\/wp-json\/wp\/v2\/posts\/4528","targetHints":{"allow":["GET"]}}],"collection":[{"href":"https:\/\/soymigrante.com\/revista\/wp-json\/wp\/v2\/posts"}],"about":[{"href":"https:\/\/soymigrante.com\/revista\/wp-json\/wp\/v2\/types\/post"}],"author":[{"embeddable":true,"href":"https:\/\/soymigrante.com\/revista\/wp-json\/wp\/v2\/users\/7"}],"replies":[{"embeddable":true,"href":"https:\/\/soymigrante.com\/revista\/wp-json\/wp\/v2\/comments?post=4528"}],"version-history":[{"count":0,"href":"https:\/\/soymigrante.com\/revista\/wp-json\/wp\/v2\/posts\/4528\/revisions"}],"wp:featuredmedia":[{"embeddable":true,"href":"https:\/\/soymigrante.com\/revista\/wp-json\/wp\/v2\/media\/4538"}],"wp:attachment":[{"href":"https:\/\/soymigrante.com\/revista\/wp-json\/wp\/v2\/media?parent=4528"}],"wp:term":[{"taxonomy":"category","embeddable":true,"href":"https:\/\/soymigrante.com\/revista\/wp-json\/wp\/v2\/categories?post=4528"},{"taxonomy":"post_tag","embeddable":true,"href":"https:\/\/soymigrante.com\/revista\/wp-json\/wp\/v2\/tags?post=4528"}],"curies":[{"name":"wp","href":"https:\/\/api.w.org\/{rel}","templated":true}]}}