{"id":45204,"date":"2025-09-18T11:19:13","date_gmt":"2025-09-18T17:19:13","guid":{"rendered":"https:\/\/soymigrante.com\/revista\/?p=45204"},"modified":"2025-09-18T11:19:24","modified_gmt":"2025-09-18T17:19:24","slug":"por-que-la-gratitud-es-la-mejor-actitud-incluso-tiempos-dificiles","status":"publish","type":"post","link":"https:\/\/soymigrante.com\/revista\/por-que-la-gratitud-es-la-mejor-actitud-incluso-tiempos-dificiles\/","title":{"rendered":"\u00bfPor qu\u00e9 la gratitud es la mejor actitud incluso tiempos dif\u00edciles?"},"content":{"rendered":"\t\t<div data-elementor-type=\"wp-post\" data-elementor-id=\"45204\" class=\"elementor elementor-45204\" data-elementor-post-type=\"post\">\n\t\t\t\t<div data-particle_enable=\"false\" data-particle-mobile-disabled=\"false\" class=\"elementor-element elementor-element-ce9f442 e-flex e-con-boxed e-con e-parent\" data-id=\"ce9f442\" data-element_type=\"container\" data-e-type=\"container\">\n\t\t\t\t\t<div class=\"e-con-inner\">\n\t\t\t\t<div class=\"elementor-element elementor-element-c519bec elementor-widget elementor-widget-heading\" data-id=\"c519bec\" data-element_type=\"widget\" data-e-type=\"widget\" data-widget_type=\"heading.default\">\n\t\t\t\t\t<h2 class=\"elementor-heading-title elementor-size-default\">La gratitud te puede abrir las puertas, pero principalmente es una esperanza en tiempos dif\u00edciles. <\/h2>\t\t\t\t<\/div>\n\t\t\t\t\t<\/div>\n\t\t\t\t<\/div>\n\t\t<div data-particle_enable=\"false\" data-particle-mobile-disabled=\"false\" class=\"elementor-element elementor-element-1b4a7aa e-flex e-con-boxed e-con e-parent\" data-id=\"1b4a7aa\" data-element_type=\"container\" data-e-type=\"container\">\n\t\t\t\t\t<div class=\"e-con-inner\">\n\t\t\t\t<div class=\"elementor-element elementor-element-7b860a2 elementor-widget elementor-widget-text-editor\" data-id=\"7b860a2\" data-element_type=\"widget\" data-e-type=\"widget\" data-widget_type=\"text-editor.default\">\n\t\t\t\t\t\t\t\t\t<p>En la vida, los momentos de adversidad parecen inevitables: la p\u00e9rdida de un trabajo, una enfermedad inesperada o una crisis familiar. Sin embargo, cada vez m\u00e1s estudios psicol\u00f3gicos y testimonios personales demuestran que<a href=\"https:\/\/soymigrante.com\/revista\/como-afrontar-constructivamente-las-malas-noticias-o-las-situaciones-adversas\/\" target=\"_blank\" rel=\"noopener\"> la gratitud puede ser una herramienta poderosa para sobrellevar las dificultades.<\/a> Practicarla no significa negar el dolor, sino reconocer lo que a\u00fan permanece en pie, lo que da sentido y lo que fortalece el esp\u00edritu.<\/p>\t\t\t\t\t\t\t\t<\/div>\n\t\t\t\t\t<\/div>\n\t\t\t\t<\/div>\n\t\t<div data-particle_enable=\"false\" data-particle-mobile-disabled=\"false\" class=\"elementor-element elementor-element-9e6cb1e e-flex e-con-boxed e-con e-parent\" data-id=\"9e6cb1e\" data-element_type=\"container\" data-e-type=\"container\">\n\t\t\t\t\t<div class=\"e-con-inner\">\n\t\t\t\t<div class=\"elementor-element elementor-element-9c8eb7c elementor-widget elementor-widget-image\" data-id=\"9c8eb7c\" data-element_type=\"widget\" data-e-type=\"widget\" data-widget_type=\"image.default\">\n\t\t\t\t\t\t\t\t\t\t\t\t<figure class=\"wp-caption\">\n\t\t\t\t\t\t\t\t\t\t<img fetchpriority=\"high\" decoding=\"async\" width=\"1024\" height=\"536\" src=\"https:\/\/soymigrante.com\/revista\/wp-content\/uploads\/2025\/09\/gratitud-2-1024x536.jpg\" class=\"attachment-large size-large wp-image-45212\" alt=\"La gratitud es la herramienta que te puede hacer cambiar. (Foto: Envato)\" srcset=\"https:\/\/soymigrante.com\/revista\/wp-content\/uploads\/2025\/09\/gratitud-2-1024x536.jpg 1024w, https:\/\/soymigrante.com\/revista\/wp-content\/uploads\/2025\/09\/gratitud-2-300x157.jpg 300w, https:\/\/soymigrante.com\/revista\/wp-content\/uploads\/2025\/09\/gratitud-2-768x402.jpg 768w, https:\/\/soymigrante.com\/revista\/wp-content\/uploads\/2025\/09\/gratitud-2-750x393.jpg 750w, https:\/\/soymigrante.com\/revista\/wp-content\/uploads\/2025\/09\/gratitud-2-1140x597.jpg 1140w, https:\/\/soymigrante.com\/revista\/wp-content\/uploads\/2025\/09\/gratitud-2.jpg 1200w\" sizes=\"(max-width: 1024px) 100vw, 1024px\" title=\"La gratitud es la herramienta que te puede hacer cambiar. (Foto: Envato) \u2013 SoyMigrante.com REVISTA\" \/>\t\t\t\t\t\t\t\t\t\t\t<figcaption class=\"widget-image-caption wp-caption-text\">La gratitud es la herramienta que te puede hacer cambiar. (Foto: Envato)<\/figcaption>\n\t\t\t\t\t\t\t\t\t\t<\/figure>\n\t\t\t\t\t\t\t\t\t<\/div>\n\t\t\t\t\t<\/div>\n\t\t\t\t<\/div>\n\t\t<div data-particle_enable=\"false\" data-particle-mobile-disabled=\"false\" class=\"elementor-element elementor-element-0a30772 e-flex e-con-boxed e-con e-parent\" data-id=\"0a30772\" data-element_type=\"container\" data-e-type=\"container\">\n\t\t\t\t\t<div class=\"e-con-inner\">\n\t\t\t\t<div class=\"elementor-element elementor-element-4850423 elementor-widget elementor-widget-heading\" data-id=\"4850423\" data-element_type=\"widget\" data-e-type=\"widget\" data-widget_type=\"heading.default\">\n\t\t\t\t\t<h3 class=\"elementor-heading-title elementor-size-default\">C\u00f3mo poner en pr\u00e1ctica la gratitud en la adversidad<\/h3>\t\t\t\t<\/div>\n\t\t\t\t\t<\/div>\n\t\t\t\t<\/div>\n\t\t<div data-particle_enable=\"false\" data-particle-mobile-disabled=\"false\" class=\"elementor-element elementor-element-3118562 e-flex e-con-boxed e-con e-parent\" data-id=\"3118562\" data-element_type=\"container\" data-e-type=\"container\">\n\t\t\t\t\t<div class=\"e-con-inner\">\n\t\t\t\t<div class=\"elementor-element elementor-element-5b2d471 elementor-widget elementor-widget-text-editor\" data-id=\"5b2d471\" data-element_type=\"widget\" data-e-type=\"widget\" data-widget_type=\"text-editor.default\">\n\t\t\t\t\t\t\t\t\t<div>La gratitud puede ejercitarse de distintas maneras:<\/div><div><strong>\u2022Escribir un diario de gratitud:<\/strong> anotar cada d\u00eda tres cosas, por peque\u00f1as que sean, que se agradecen.<\/div><div><strong>\u2022Decir gracias en voz alta:<\/strong> reconocer los gestos de quienes nos rodean, desde un vecino que ofrece ayuda hasta un amigo que escucha.<\/div><div><strong>\u2022Buscar lo positivo en la experiencia:<\/strong> aunque resulte dolorosa, cada dificultad suele dejar un aprendizaje.<\/div><div><strong>\u2022Respirar y observar:<\/strong> detenerse un momento y agradecer lo b\u00e1sico \u2014la salud, un techo, un plato de comida\u2014 puede ser un recordatorio de que no todo est\u00e1 perdido.<\/div>\t\t\t\t\t\t\t\t<\/div>\n\t\t\t\t\t<\/div>\n\t\t\t\t<\/div>\n\t\t<div data-particle_enable=\"false\" data-particle-mobile-disabled=\"false\" class=\"elementor-element elementor-element-f8bdf8a e-flex e-con-boxed e-con e-parent\" data-id=\"f8bdf8a\" data-element_type=\"container\" data-e-type=\"container\">\n\t\t\t\t\t<div class=\"e-con-inner\">\n\t\t\t\t<div class=\"elementor-element elementor-element-f71c424 elementor-widget elementor-widget-heading\" data-id=\"f71c424\" data-element_type=\"widget\" data-e-type=\"widget\" data-widget_type=\"heading.default\">\n\t\t\t\t\t<h3 class=\"elementor-heading-title elementor-size-default\">Una historia de gratitud en la adversidad<\/h3>\t\t\t\t<\/div>\n\t\t\t\t\t<\/div>\n\t\t\t\t<\/div>\n\t\t<div data-particle_enable=\"false\" data-particle-mobile-disabled=\"false\" class=\"elementor-element elementor-element-fd1c621 e-flex e-con-boxed e-con e-parent\" data-id=\"fd1c621\" data-element_type=\"container\" data-e-type=\"container\">\n\t\t\t\t\t<div class=\"e-con-inner\">\n\t\t\t\t<div class=\"elementor-element elementor-element-80da4ca elementor-widget elementor-widget-text-editor\" data-id=\"80da4ca\" data-element_type=\"widget\" data-e-type=\"widget\" data-widget_type=\"text-editor.default\">\n\t\t\t\t\t\t\t\t\t<p>Mar\u00eda L\u00f3pez, una guatemalteca migrante en Estados Unidos, perdi\u00f3 su empleo durante la pandemia. Con dos hijos a su cargo, la situaci\u00f3n parec\u00eda insostenible. \u201cSent\u00eda que todo se me ven\u00eda abajo\u201d, recuerda. Pero decidi\u00f3 escribir cada noche en un cuaderno tres cosas que a\u00fan valoraba: la salud de sus hijos, el apoyo de una amiga que le prestaba el auto y la comida que recib\u00eda de un banco de alimentos.<\/p><p><a href=\"https:\/\/soymigrante.com\/revista\/como-afrontar-constructivamente-las-malas-noticias-o-las-situaciones-adversas\/\" target=\"_blank\" rel=\"noopener\">Ese simple ejercicio cambi\u00f3 su perspectiva.<\/a> Con el tiempo, encontr\u00f3 un nuevo trabajo en limpieza de oficinas y, aunque la carga era pesada, asegura que la gratitud le permiti\u00f3 mantener la esperanza. \u201cMe ense\u00f1\u00f3 a no enfocarme solo en lo que hab\u00eda perdido, sino en lo que todav\u00eda ten\u00eda. Eso me dio fuerza para seguir\u201d.<\/p>\t\t\t\t\t\t\t\t<\/div>\n\t\t\t\t\t<\/div>\n\t\t\t\t<\/div>\n\t\t<div data-particle_enable=\"false\" data-particle-mobile-disabled=\"false\" class=\"elementor-element elementor-element-92fed95 e-flex e-con-boxed e-con e-parent\" data-id=\"92fed95\" data-element_type=\"container\" data-e-type=\"container\">\n\t\t\t\t\t<div class=\"e-con-inner\">\n\t\t\t\t<div class=\"elementor-element elementor-element-dedc2fe elementor-widget elementor-widget-image\" data-id=\"dedc2fe\" data-element_type=\"widget\" data-e-type=\"widget\" data-widget_type=\"image.default\">\n\t\t\t\t\t\t\t\t\t\t\t\t<figure class=\"wp-caption\">\n\t\t\t\t\t\t\t\t\t\t<img decoding=\"async\" width=\"992\" height=\"558\" src=\"https:\/\/soymigrante.com\/revista\/wp-content\/uploads\/2025\/09\/gratitud-4.jpg\" class=\"attachment-large size-large wp-image-45213\" alt=\"Ser agradecidos te puede ayudar a mejorar tu salud mental. (Foto: Envato)\" srcset=\"https:\/\/soymigrante.com\/revista\/wp-content\/uploads\/2025\/09\/gratitud-4.jpg 992w, https:\/\/soymigrante.com\/revista\/wp-content\/uploads\/2025\/09\/gratitud-4-300x169.jpg 300w, https:\/\/soymigrante.com\/revista\/wp-content\/uploads\/2025\/09\/gratitud-4-768x432.jpg 768w, https:\/\/soymigrante.com\/revista\/wp-content\/uploads\/2025\/09\/gratitud-4-750x422.jpg 750w\" sizes=\"(max-width: 992px) 100vw, 992px\" title=\"Ser agradecidos te puede ayudar a mejorar tu salud mental. (Foto: Envato) \u2013 SoyMigrante.com REVISTA\" \/>\t\t\t\t\t\t\t\t\t\t\t<figcaption class=\"widget-image-caption wp-caption-text\">Ser agradecidos te puede ayudar a mejorar tu salud mental. (Foto: Envato)<\/figcaption>\n\t\t\t\t\t\t\t\t\t\t<\/figure>\n\t\t\t\t\t\t\t\t\t<\/div>\n\t\t\t\t\t<\/div>\n\t\t\t\t<\/div>\n\t\t<div data-particle_enable=\"false\" data-particle-mobile-disabled=\"false\" class=\"elementor-element elementor-element-3cc8d49 e-flex e-con-boxed e-con e-parent\" data-id=\"3cc8d49\" data-element_type=\"container\" data-e-type=\"container\">\n\t\t\t\t\t<div class=\"e-con-inner\">\n\t\t\t\t<div class=\"elementor-element elementor-element-75608e6 elementor-widget elementor-widget-heading\" data-id=\"75608e6\" data-element_type=\"widget\" data-e-type=\"widget\" data-widget_type=\"heading.default\">\n\t\t\t\t\t<h3 class=\"elementor-heading-title elementor-size-default\">Ventajas de la gratitud en tiempos dif\u00edciles<\/h3>\t\t\t\t<\/div>\n\t\t\t\t\t<\/div>\n\t\t\t\t<\/div>\n\t\t<div data-particle_enable=\"false\" data-particle-mobile-disabled=\"false\" class=\"elementor-element elementor-element-bda53b7 e-flex e-con-boxed e-con e-parent\" data-id=\"bda53b7\" data-element_type=\"container\" data-e-type=\"container\">\n\t\t\t\t\t<div class=\"e-con-inner\">\n\t\t\t\t<div class=\"elementor-element elementor-element-d799e8f elementor-widget elementor-widget-text-editor\" data-id=\"d799e8f\" data-element_type=\"widget\" data-e-type=\"widget\" data-widget_type=\"text-editor.default\">\n\t\t\t\t\t\t\t\t\t<div><strong>\u2022 Mejora la salud mental<\/strong>: reduce la ansiedad y la depresi\u00f3n al cambiar el foco de lo negativo hacia lo positivo.<\/div><div><strong>\u2022Fortalece las relaciones<\/strong>: al agradecer, se crean lazos m\u00e1s s\u00f3lidos y emp\u00e1ticos.<\/div><div><strong>\u2022Aumenta la resiliencia:<\/strong> ayuda a encontrar sentido en medio de la adversidad.<\/div><div>\u2022<strong>Genera bienestar f\u00edsico:<\/strong> estudios se\u00f1alan que las personas agradecidas duermen mejor y tienen menos tensi\u00f3n arterial.<\/div>\t\t\t\t\t\t\t\t<\/div>\n\t\t\t\t\t<\/div>\n\t\t\t\t<\/div>\n\t\t<div data-particle_enable=\"false\" data-particle-mobile-disabled=\"false\" class=\"elementor-element elementor-element-ad28697 e-flex e-con-boxed e-con e-parent\" data-id=\"ad28697\" data-element_type=\"container\" data-e-type=\"container\">\n\t\t\t\t\t<div class=\"e-con-inner\">\n\t\t\t\t<div class=\"elementor-element elementor-element-826ac51 elementor-widget elementor-widget-text-editor\" data-id=\"826ac51\" data-element_type=\"widget\" data-e-type=\"widget\" data-widget_type=\"text-editor.default\">\n\t\t\t\t\t\t\t\t\t<p><a href=\"https:\/\/soymigrante.com\/revista\/como-afrontar-constructivamente-las-malas-noticias-o-las-situaciones-adversas\/\" target=\"_blank\" rel=\"noopener\">La gratitud no elimina los problemas, pero act\u00faa como un b\u00e1lsamo que suaviza las heridas emocionales.<\/a> En los momentos m\u00e1s oscuros, detenerse a reconocer lo que a\u00fan ilumina la vida puede ser la clave para resistir y salir adelante.<\/p>\t\t\t\t\t\t\t\t<\/div>\n\t\t\t\t\t<\/div>\n\t\t\t\t<\/div>\n\t\t<div data-particle_enable=\"false\" data-particle-mobile-disabled=\"false\" class=\"elementor-element elementor-element-4d24b27 e-flex e-con-boxed e-con e-parent\" data-id=\"4d24b27\" data-element_type=\"container\" data-e-type=\"container\">\n\t\t\t\t\t<div class=\"e-con-inner\">\n\t\t\t\t<div class=\"elementor-element elementor-element-aebbd39 elementor-widget elementor-widget-heading\" data-id=\"aebbd39\" data-element_type=\"widget\" data-e-type=\"widget\" data-widget_type=\"heading.default\">\n\t\t\t\t\t<h2 class=\"elementor-heading-title elementor-size-default\">Conoce m\u00e1s de estos temas que te pueden ayudar...<\/h2>\t\t\t\t<\/div>\n\t\t\t\t\t<\/div>\n\t\t\t\t<\/div>\n\t\t<div data-particle_enable=\"false\" data-particle-mobile-disabled=\"false\" class=\"elementor-element elementor-element-0db1016 e-flex e-con-boxed e-con e-parent\" data-id=\"0db1016\" data-element_type=\"container\" data-e-type=\"container\">\n\t\t\t\t\t<div class=\"e-con-inner\">\n\t\t\t\t<div class=\"elementor-element elementor-element-cfa5b8d elementor-grid-eael-col-3 elementor-grid-tablet-eael-col-2 elementor-grid-mobile-eael-col-1 elementor-widget elementor-widget-eael-post-grid\" data-id=\"cfa5b8d\" data-element_type=\"widget\" data-e-type=\"widget\" data-settings=\"{&quot;eael_post_grid_columns&quot;:&quot;eael-col-3&quot;,&quot;eael_post_grid_columns_tablet&quot;:&quot;eael-col-2&quot;,&quot;eael_post_grid_columns_mobile&quot;:&quot;eael-col-1&quot;}\" data-widget_type=\"eael-post-grid.default\">\n\t\t\t\t\t<div id=\"eael-post-grid-cfa5b8d\" class=\"eael-post-grid-container\">\n            <div class=\"eael-post-grid eael-post-appender eael-post-appender-cfa5b8d eael-post-grid-style-one\" data-layout-mode=\"masonry\"><article class=\"eael-grid-post  eael-post-grid-column eael-pg-post-42375 category-salud-emocional tags-salud-emocional\" data-id=\"42375\">\n        <div class=\"eael-grid-post-holder\">\n            <div class=\"eael-grid-post-holder-inner\"><div class=\"eael-entry-media\"><div class=\"eael-entry-overlay fade-in\"><i class=\"far fa-hand-pointer\" aria-hidden=\"true\"><\/i><a href=\"https:\/\/soymigrante.com\/revista\/mucho-ojo-senales-de-una-pareja-potencialmente-violenta\/\"><\/a><\/div><div class=\"eael-entry-thumbnail eael-image-ratio\">\n                <img decoding=\"async\" width=\"1024\" height=\"1024\" src=\"https:\/\/soymigrante.com\/revista\/wp-content\/uploads\/2024\/10\/emprendedor-feature-soy-migrante-1024x1024.webp\" class=\"attachment-large size-large wp-image-9958\" alt=\"Trabajador migrante en oficina, posando sonriendo y firmando documento, entorno de trabajo con computadora y cajas de archivo, representando historias de migrantes y trabajo en el extranjero en SoyMigrante.com REVISTA.\" srcset=\"https:\/\/soymigrante.com\/revista\/wp-content\/uploads\/2024\/10\/emprendedor-feature-soy-migrante-1024x1024.webp 1024w, https:\/\/soymigrante.com\/revista\/wp-content\/uploads\/2024\/10\/emprendedor-feature-soy-migrante-300x300.webp 300w, https:\/\/soymigrante.com\/revista\/wp-content\/uploads\/2024\/10\/emprendedor-feature-soy-migrante-150x150.webp 150w, https:\/\/soymigrante.com\/revista\/wp-content\/uploads\/2024\/10\/emprendedor-feature-soy-migrante-768x768.webp 768w, https:\/\/soymigrante.com\/revista\/wp-content\/uploads\/2024\/10\/emprendedor-feature-soy-migrante-1536x1536.webp 1536w, https:\/\/soymigrante.com\/revista\/wp-content\/uploads\/2024\/10\/emprendedor-feature-soy-migrante-scaled.webp 1920w, https:\/\/soymigrante.com\/revista\/wp-content\/uploads\/2024\/10\/emprendedor-feature-soy-migrante-75x75.webp 75w, https:\/\/soymigrante.com\/revista\/wp-content\/uploads\/2024\/10\/emprendedor-feature-soy-migrante-750x750.webp 750w, https:\/\/soymigrante.com\/revista\/wp-content\/uploads\/2024\/10\/emprendedor-feature-soy-migrante-1140x1140.webp 1140w\" sizes=\"(max-width: 1024px) 100vw, 1024px\" \/>\n            <\/div>\n        <\/div><div class=\"eael-entry-wrapper\"><header class=\"eael-entry-header\"><h2 class=\"eael-entry-title\"><a class=\"eael-grid-post-link\" href=\"https:\/\/soymigrante.com\/revista\/mucho-ojo-senales-de-una-pareja-potencialmente-violenta\/\" title=\"\u00a1Mucho ojo! Se\u00f1ales de  una pareja potencialmente violenta\">\u00a1Mucho ojo! Se\u00f1ales de  una pareja potencialmente violenta<\/a><\/h2><\/header><div class=\"eael-entry-content\">\n                        <div class=\"eael-grid-post-excerpt\"><a href=\"https:\/\/soymigrante.com\/revista\/mucho-ojo-senales-de-una-pareja-potencialmente-violenta\/\" class=\"eael-post-elements-readmore-btn\">CONOCE SU HISTORIA <\/a><\/div>\n                    <\/div><\/div><\/div>\n        <\/div>\n    <\/article><article class=\"eael-grid-post  eael-post-grid-column eael-pg-post-29282 category-salud-emocional tags-salud-emocional\" data-id=\"29282\">\n        <div class=\"eael-grid-post-holder\">\n            <div class=\"eael-grid-post-holder-inner\"><div class=\"eael-entry-media\"><div class=\"eael-entry-overlay fade-in\"><i class=\"far fa-hand-pointer\" aria-hidden=\"true\"><\/i><a href=\"https:\/\/soymigrante.com\/revista\/salud-mental-es-clave-para-que-el-adulto-mayor-viva-a-plenitud\/\"><\/a><\/div><div class=\"eael-entry-thumbnail eael-image-ratio\">\n                <img loading=\"lazy\" decoding=\"async\" width=\"1024\" height=\"688\" src=\"https:\/\/soymigrante.com\/revista\/wp-content\/uploads\/2025\/03\/Cuidar-la-salud-mental-en-la-tercera-edad1-1024x688.png\" class=\"attachment-large size-large wp-image-29283\" alt=\"Anciana migrante sonriendo al aire libre, ejemplo de resistencia y fortaleza migratoria en la comunidad latina.\" srcset=\"https:\/\/soymigrante.com\/revista\/wp-content\/uploads\/2025\/03\/Cuidar-la-salud-mental-en-la-tercera-edad1-1024x688.png 1024w, https:\/\/soymigrante.com\/revista\/wp-content\/uploads\/2025\/03\/Cuidar-la-salud-mental-en-la-tercera-edad1-300x201.png 300w, https:\/\/soymigrante.com\/revista\/wp-content\/uploads\/2025\/03\/Cuidar-la-salud-mental-en-la-tercera-edad1-768x516.png 768w, https:\/\/soymigrante.com\/revista\/wp-content\/uploads\/2025\/03\/Cuidar-la-salud-mental-en-la-tercera-edad1-750x504.webp 750w, https:\/\/soymigrante.com\/revista\/wp-content\/uploads\/2025\/03\/Cuidar-la-salud-mental-en-la-tercera-edad1-1140x766.webp 1140w, https:\/\/soymigrante.com\/revista\/wp-content\/uploads\/2025\/03\/Cuidar-la-salud-mental-en-la-tercera-edad1.webp 1419w\" sizes=\"(max-width: 1024px) 100vw, 1024px\" \/>\n            <\/div>\n        <\/div><div class=\"eael-entry-wrapper\"><header class=\"eael-entry-header\"><h2 class=\"eael-entry-title\"><a class=\"eael-grid-post-link\" href=\"https:\/\/soymigrante.com\/revista\/salud-mental-es-clave-para-que-el-adulto-mayor-viva-a-plenitud\/\" title=\"Salud mental es clave para que el adulto mayor viva a plenitud\">Salud mental es clave para que el adulto mayor viva a plenitud<\/a><\/h2><\/header><div class=\"eael-entry-content\">\n                        <div class=\"eael-grid-post-excerpt\"><a href=\"https:\/\/soymigrante.com\/revista\/salud-mental-es-clave-para-que-el-adulto-mayor-viva-a-plenitud\/\" class=\"eael-post-elements-readmore-btn\">CONOCE SU HISTORIA <\/a><\/div>\n                    <\/div><\/div><\/div>\n        <\/div>\n    <\/article><article class=\"eael-grid-post  eael-post-grid-column eael-pg-post-33963 category-salud-emocional tags-salud-emocional\" data-id=\"33963\">\n        <div class=\"eael-grid-post-holder\">\n            <div class=\"eael-grid-post-holder-inner\"><div class=\"eael-entry-media\"><div class=\"eael-entry-overlay fade-in\"><i class=\"far fa-hand-pointer\" aria-hidden=\"true\"><\/i><a href=\"https:\/\/soymigrante.com\/revista\/el-duelo-a-la-distancia-cuando-los-papeles-migratorios-separan-a-los-enfermos\/\"><\/a><\/div><div class=\"eael-entry-thumbnail eael-image-ratio\">\n                <img loading=\"lazy\" decoding=\"async\" width=\"1024\" height=\"682\" src=\"https:\/\/soymigrante.com\/revista\/wp-content\/uploads\/2025\/05\/El-duelo-a-la-distancia-cuando-los-papeles-migratorios-separan-a-los-enfermos4-1024x682.jpeg\" class=\"attachment-large size-large wp-image-33964\" alt=\"Cuidado de la salud para inmigrantes, atenci\u00f3n m\u00e9dica y apoyo emocional, derechos y recursos para migrantes en situaci\u00f3n vulnerable en la revista SoyMigrante.com REVISTA.\" srcset=\"https:\/\/soymigrante.com\/revista\/wp-content\/uploads\/2025\/05\/El-duelo-a-la-distancia-cuando-los-papeles-migratorios-separan-a-los-enfermos4-1024x682.jpeg 1024w, https:\/\/soymigrante.com\/revista\/wp-content\/uploads\/2025\/05\/El-duelo-a-la-distancia-cuando-los-papeles-migratorios-separan-a-los-enfermos4-300x200.jpeg 300w, https:\/\/soymigrante.com\/revista\/wp-content\/uploads\/2025\/05\/El-duelo-a-la-distancia-cuando-los-papeles-migratorios-separan-a-los-enfermos4-768x512.jpeg 768w, https:\/\/soymigrante.com\/revista\/wp-content\/uploads\/2025\/05\/El-duelo-a-la-distancia-cuando-los-papeles-migratorios-separan-a-los-enfermos4-1536x1023.jpeg 1536w, https:\/\/soymigrante.com\/revista\/wp-content\/uploads\/2025\/05\/El-duelo-a-la-distancia-cuando-los-papeles-migratorios-separan-a-los-enfermos4-750x500.webp 750w, https:\/\/soymigrante.com\/revista\/wp-content\/uploads\/2025\/05\/El-duelo-a-la-distancia-cuando-los-papeles-migratorios-separan-a-los-enfermos4-1140x760.webp 1140w, https:\/\/soymigrante.com\/revista\/wp-content\/uploads\/2025\/05\/El-duelo-a-la-distancia-cuando-los-papeles-migratorios-separan-a-los-enfermos4.webp 1600w\" sizes=\"(max-width: 1024px) 100vw, 1024px\" \/>\n            <\/div>\n        <\/div><div class=\"eael-entry-wrapper\"><header class=\"eael-entry-header\"><h2 class=\"eael-entry-title\"><a class=\"eael-grid-post-link\" href=\"https:\/\/soymigrante.com\/revista\/el-duelo-a-la-distancia-cuando-los-papeles-migratorios-separan-a-los-enfermos\/\" title=\"El duelo a la distancia: cuando la situacion migratoria no permite visitar a un familiar enfermo\">El duelo a la distancia: cuando la situacion migratoria no permite visitar a un familiar enfermo<\/a><\/h2><\/header><div class=\"eael-entry-content\">\n                        <div class=\"eael-grid-post-excerpt\"><a href=\"https:\/\/soymigrante.com\/revista\/el-duelo-a-la-distancia-cuando-los-papeles-migratorios-separan-a-los-enfermos\/\" class=\"eael-post-elements-readmore-btn\">CONOCE SU HISTORIA <\/a><\/div>\n                    <\/div><\/div><\/div>\n        <\/div>\n    <\/article><\/div>\n            <div class=\"clearfix\"><\/div>\n        <\/div>            <div class=\"eael-load-more-button-wrap eael-force-hide\">\n                <button class=\"eael-load-more-button\" id=\"eael-load-more-btn-cfa5b8d\" data-widget-id=\"cfa5b8d\" data-widget=\"cfa5b8d\" data-page-id=\"45204\" data-template=\"{&quot;dir&quot;:&quot;lite&quot;,&quot;file_name&quot;:&quot;one.php&quot;,&quot;name&quot;:&quot;Post-Grid&quot;}\" data-class=\"Essential_Addons_Elementor\\Elements\\Post_Grid\" data-layout=\"masonry\" data-page=\"1\" data-args=\"orderby=rand&amp;order=desc&amp;ignore_sticky_posts=1&amp;post_status=publish&amp;posts_per_page=3&amp;offset=0&amp;post_type=post&amp;tax_query%5B0%5D%5Btaxonomy%5D=category&amp;tax_query%5B0%5D%5Bfield%5D=term_id&amp;tax_query%5B0%5D%5Bterms%5D%5B0%5D=55&amp;tax_query%5B1%5D%5Btaxonomy%5D=post_tag&amp;tax_query%5B1%5D%5Bfield%5D=term_id&amp;tax_query%5B1%5D%5Bterms%5D%5B0%5D=260&amp;tax_query%5Brelation%5D=AND&amp;author__in%5B0%5D=19\" data-max-page=\"6\">\n                    <span class=\"eael-btn-loader button__loader\"><\/span>\n                    <span class=\"eael_load_more_text\">Load More<\/span>\n                <\/button>\n            <\/div>\n            \t\t\t\t<\/div>\n\t\t\t\t\t<\/div>\n\t\t\t\t<\/div>\n\t\t\t\t<\/div>\n\t\t","protected":false},"excerpt":{"rendered":"<p>La gratitud te puede abrir las puertas, pero principalmente es una esperanza en tiempos dif\u00edciles. En la vida, los momentos de adversidad parecen inevitables: la p\u00e9rdida de un trabajo, una enfermedad inesperada o una crisis familiar. Sin embargo, cada vez m\u00e1s estudios psicol\u00f3gicos y testimonios personales demuestran que la gratitud puede ser una herramienta poderosa [&hellip;]<\/p>\n","protected":false},"author":19,"featured_media":45205,"comment_status":"open","ping_status":"open","sticky":false,"template":"","format":"standard","meta":{"_acf_changed":false,"_eb_attr":"","footnotes":""},"categories":[55,259],"tags":[],"class_list":["post-45204","post","type-post","status-publish","format-standard","has-post-thumbnail","hentry","category-bienestar","category-salud-emocional"],"acf":[],"aioseo_notices":[],"aioseo_head":"\n\t\t<!-- All in One SEO Pro 4.9.6.2 - aioseo.com -->\n\t<meta name=\"description\" content=\"El duelo a la distancia en algunas ocasiones es m\u00e1s duro que el duelo presente, puesto que las familias est\u00e1n separadas por la migraci\u00f3n.\" \/>\n\t<meta name=\"robots\" content=\"max-snippet:-1, max-image-preview:large, max-video-preview:-1\" \/>\n\t<meta name=\"author\" content=\"Marysabel Aldana\"\/>\n\t<link rel=\"canonical\" href=\"https:\/\/soymigrante.com\/revista\/el-duelo-a-la-distancia-cuando-los-papeles-migratorios-separan-a-los-enfermos\/\" \/>\n\t<meta name=\"generator\" content=\"All in One SEO Pro (AIOSEO) 4.9.6.2\" \/>\n\n\t\t<link rel=\"preconnect\" href=\"https:\/\/fonts.googleapis.com\" crossorigin>\n<link rel=\"preconnect\" href=\"https:\/\/fonts.gstatic.com\" crossorigin>\n\t\t<meta property=\"og:locale\" content=\"es_ES\" \/>\n\t\t<meta property=\"og:site_name\" content=\"SoyMigrante.com REVISTA \u2013 Nuestra misi\u00f3n es reconocer y dignificar al migrante.\" \/>\n\t\t<meta property=\"og:type\" content=\"article\" \/>\n\t\t<meta property=\"og:title\" content=\"El duelo a la distancia: cuando la situacion migratoria no permite visitar a un familiar enfermo\" \/>\n\t\t<meta property=\"og:description\" content=\"El duelo a la distancia en algunas ocasiones es m\u00e1s duro que el duelo presente, puesto que las familias est\u00e1n separadas por la migraci\u00f3n.\" \/>\n\t\t<meta property=\"og:url\" content=\"https:\/\/soymigrante.com\/revista\/el-duelo-a-la-distancia-cuando-los-papeles-migratorios-separan-a-los-enfermos\/\" \/>\n\t\t<meta property=\"og:image\" content=\"https:\/\/soymigrante.com\/revista\/wp-content\/uploads\/2025\/05\/El-duelo-a-la-distancia-cuando-los-papeles-migratorios-separan-a-los-enfermos4-e1747762404195.webp\" \/>\n\t\t<meta property=\"og:image:secure_url\" content=\"https:\/\/soymigrante.com\/revista\/wp-content\/uploads\/2025\/05\/El-duelo-a-la-distancia-cuando-los-papeles-migratorios-separan-a-los-enfermos4-e1747762404195.webp\" \/>\n\t\t<meta property=\"og:image:width\" content=\"1600\" \/>\n\t\t<meta property=\"og:image:height\" content=\"1066\" \/>\n\t\t<meta property=\"article:published_time\" content=\"2025-05-28T10:00:00+00:00\" \/>\n\t\t<meta property=\"article:modified_time\" content=\"2025-08-28T05:26:11+00:00\" \/>\n\t\t<meta property=\"article:publisher\" content=\"https:\/\/www.facebook.com\/soymigrantecom\" \/>\n\t\t<meta name=\"twitter:card\" content=\"summary_large_image\" \/>\n\t\t<meta name=\"twitter:site\" content=\"@SoyMigrante_com\" \/>\n\t\t<meta name=\"twitter:title\" content=\"El duelo a la distancia: cuando la situacion migratoria no permite visitar a un familiar enfermo\" \/>\n\t\t<meta name=\"twitter:description\" content=\"El duelo a la distancia en algunas ocasiones es m\u00e1s duro que el duelo presente, puesto que las familias est\u00e1n separadas por la migraci\u00f3n.\" \/>\n\t\t<meta name=\"twitter:creator\" content=\"@SoyMigrante_com\" \/>\n\t\t<meta name=\"twitter:image\" content=\"https:\/\/soymigrante.com\/revista\/wp-content\/uploads\/2025\/05\/El-duelo-a-la-distancia-cuando-los-papeles-migratorios-separan-a-los-enfermos4-e1747762404195.webp\" \/>\n\t\t<!-- All in One SEO Pro -->\r\n\t\t<title>El duelo a la distancia: cuando la situacion migratoria no permite visitar a un familiar enfermo<\/title>\n\n","aioseo_head_json":{"title":"El duelo a la distancia: cuando la situacion migratoria no permite visitar a un familiar enfermo","description":"El duelo a la distancia en algunas ocasiones es m\u00e1s duro que el duelo presente, puesto que las familias est\u00e1n separadas por la migraci\u00f3n.","canonical_url":"https:\/\/soymigrante.com\/revista\/el-duelo-a-la-distancia-cuando-los-papeles-migratorios-separan-a-los-enfermos\/","robots":"max-snippet:-1, max-image-preview:large, max-video-preview:-1","keywords":"","webmasterTools":{"miscellaneous":"&lt;link rel=\"preconnect\" href=\"https:\/\/fonts.googleapis.com\" crossorigin&gt;\n&lt;link rel=\"preconnect\" href=\"https:\/\/fonts.gstatic.com\" crossorigin&gt;"},"schema":null,"og:locale":"es_ES","og:site_name":"SoyMigrante.com REVISTA \u2013 Nuestra misi\u00f3n es reconocer y dignificar al migrante.","og:type":"article","og:title":"El duelo a la distancia: cuando la situacion migratoria no permite visitar a un familiar enfermo","og:description":"El duelo a la distancia en algunas ocasiones es m\u00e1s duro que el duelo presente, puesto que las familias est\u00e1n separadas por la migraci\u00f3n.","og:url":"https:\/\/soymigrante.com\/revista\/el-duelo-a-la-distancia-cuando-los-papeles-migratorios-separan-a-los-enfermos\/","og:image":"https:\/\/soymigrante.com\/revista\/wp-content\/uploads\/2025\/05\/El-duelo-a-la-distancia-cuando-los-papeles-migratorios-separan-a-los-enfermos4-e1747762404195.webp","og:image:secure_url":"https:\/\/soymigrante.com\/revista\/wp-content\/uploads\/2025\/05\/El-duelo-a-la-distancia-cuando-los-papeles-migratorios-separan-a-los-enfermos4-e1747762404195.webp","og:image:width":1600,"og:image:height":1066,"article:published_time":"2025-05-28T10:00:00+00:00","article:modified_time":"2025-08-28T05:26:11+00:00","article:publisher":"https:\/\/www.facebook.com\/soymigrantecom","twitter:card":"summary_large_image","twitter:site":"@SoyMigrante_com","twitter:title":"El duelo a la distancia: cuando la situacion migratoria no permite visitar a un familiar enfermo","twitter:description":"El duelo a la distancia en algunas ocasiones es m\u00e1s duro que el duelo presente, puesto que las familias est\u00e1n separadas por la migraci\u00f3n.","twitter:creator":"@SoyMigrante_com","twitter:image":"https:\/\/soymigrante.com\/revista\/wp-content\/uploads\/2025\/05\/El-duelo-a-la-distancia-cuando-los-papeles-migratorios-separan-a-los-enfermos4-e1747762404195.webp"},"aioseo_meta_data":{"post_id":"45204","title":null,"description":"La gratitud te puede abrir las puertas, pero principalmente es una esperanza en tiempos dif\u00edciles.","keywords":null,"keyphrases":{"focus":{"keyphrase":"gratitud","score":100,"analysis":{"keyphraseInTitle":{"score":9,"maxScore":9,"error":0},"keyphraseInDescription":{"score":9,"maxScore":9,"error":0},"keyphraseLength":{"score":9,"maxScore":9,"error":0,"length":1},"keyphraseInURL":{"score":5,"maxScore":5,"error":0},"keyphraseInIntroduction":{"score":9,"maxScore":9,"error":0},"keyphraseInSubHeadings":{"score":9,"maxScore":9,"error":0},"keyphraseInImageAlt":{"score":9,"maxScore":9,"error":0},"keywordDensity":{"type":"best","score":9,"maxScore":9,"error":0}}},"additional":[{"keyphrase":"dif\u00edciles","score":53,"analysis":{"keyphraseInDescription":{"score":9,"maxScore":9,"error":0},"keyphraseLength":{"score":9,"maxScore":9,"error":0,"length":2},"keyphraseInIntroduction":{"score":3,"maxScore":9,"error":1},"keyphraseInImageAlt":{"score":3,"maxScore":9,"error":1},"keywordDensity":{"score":0,"type":"low","maxScore":9,"error":1}}}]},"primary_term":null,"canonical_url":null,"og_title":null,"og_description":null,"og_object_type":"default","og_image_type":"default","og_image_url":null,"og_image_width":null,"og_image_height":null,"og_image_custom_url":null,"og_image_custom_fields":null,"og_video":"","og_custom_url":null,"og_article_section":null,"og_article_tags":null,"twitter_use_og":false,"twitter_card":"default","twitter_image_type":"default","twitter_image_url":null,"twitter_image_custom_url":null,"twitter_image_custom_fields":null,"twitter_title":null,"twitter_description":null,"schema":{"blockGraphs":[],"customGraphs":[],"default":{"data":{"Article":[],"Course":[],"Dataset":[],"FAQPage":[],"Movie":[],"Person":[],"Product":[],"ProductReview":[],"Car":[],"Recipe":[],"Service":[],"SoftwareApplication":[],"WebPage":[]},"graphName":"none","isEnabled":true},"graphs":[]},"schema_type":"default","schema_type_options":null,"pillar_content":false,"robots_default":true,"robots_noindex":false,"robots_noarchive":false,"robots_nosnippet":false,"robots_nofollow":false,"robots_noimageindex":false,"robots_noodp":false,"robots_notranslate":false,"robots_max_snippet":"-1","robots_max_videopreview":"-1","robots_max_imagepreview":"large","priority":null,"frequency":"default","local_seo":null,"seo_analyzer_scan_date":"2025-10-09 08:37:43","breadcrumb_settings":null,"limit_modified_date":false,"reviewed_by":"0","open_ai":null,"ai":{"faqs":[],"keyPoints":[],"titles":[],"descriptions":[],"socialPosts":{"email":[],"linkedin":[],"twitter":[],"facebook":[],"instagram":[]}},"created":"2025-09-17 19:51:49","updated":"2026-02-05 05:38:37"},"aioseo_breadcrumb":"<div class=\"aioseo-breadcrumbs\"><span class=\"aioseo-breadcrumb\">\n\t<a href=\"https:\/\/soymigrante.com\/revista\" title=\"Home\">Home<\/a>\n<\/span><span class=\"aioseo-breadcrumb-separator\">\u00bb<\/span><span class=\"aioseo-breadcrumb\">\n\t<a href=\"https:\/\/soymigrante.com\/revista\/category\/bienestar\/\" title=\"Bienestar\">Bienestar<\/a>\n<\/span><span class=\"aioseo-breadcrumb-separator\">\u00bb<\/span><span class=\"aioseo-breadcrumb\">\n\t<a href=\"https:\/\/soymigrante.com\/revista\/category\/bienestar\/salud-emocional\/\" title=\"Salud Emocional\">Salud Emocional<\/a>\n<\/span><span class=\"aioseo-breadcrumb-separator\">\u00bb<\/span><span class=\"aioseo-breadcrumb\">\n\t\u00bfPor qu\u00e9 la gratitud es la mejor actitud incluso tiempos dif\u00edciles?\n<\/span><\/div>","aioseo_breadcrumb_json":[{"label":"Home","link":"https:\/\/soymigrante.com\/revista"},{"label":"Bienestar","link":"https:\/\/soymigrante.com\/revista\/category\/bienestar\/"},{"label":"Salud Emocional","link":"https:\/\/soymigrante.com\/revista\/category\/bienestar\/salud-emocional\/"},{"label":"\u00bfPor qu\u00e9 la gratitud es la mejor actitud incluso tiempos dif\u00edciles?","link":"https:\/\/soymigrante.com\/revista\/por-que-la-gratitud-es-la-mejor-actitud-incluso-tiempos-dificiles\/"}],"_links":{"self":[{"href":"https:\/\/soymigrante.com\/revista\/wp-json\/wp\/v2\/posts\/45204","targetHints":{"allow":["GET"]}}],"collection":[{"href":"https:\/\/soymigrante.com\/revista\/wp-json\/wp\/v2\/posts"}],"about":[{"href":"https:\/\/soymigrante.com\/revista\/wp-json\/wp\/v2\/types\/post"}],"author":[{"embeddable":true,"href":"https:\/\/soymigrante.com\/revista\/wp-json\/wp\/v2\/users\/19"}],"replies":[{"embeddable":true,"href":"https:\/\/soymigrante.com\/revista\/wp-json\/wp\/v2\/comments?post=45204"}],"version-history":[{"count":12,"href":"https:\/\/soymigrante.com\/revista\/wp-json\/wp\/v2\/posts\/45204\/revisions"}],"predecessor-version":[{"id":45309,"href":"https:\/\/soymigrante.com\/revista\/wp-json\/wp\/v2\/posts\/45204\/revisions\/45309"}],"wp:featuredmedia":[{"embeddable":true,"href":"https:\/\/soymigrante.com\/revista\/wp-json\/wp\/v2\/media\/45205"}],"wp:attachment":[{"href":"https:\/\/soymigrante.com\/revista\/wp-json\/wp\/v2\/media?parent=45204"}],"wp:term":[{"taxonomy":"category","embeddable":true,"href":"https:\/\/soymigrante.com\/revista\/wp-json\/wp\/v2\/categories?post=45204"},{"taxonomy":"post_tag","embeddable":true,"href":"https:\/\/soymigrante.com\/revista\/wp-json\/wp\/v2\/tags?post=45204"}],"curies":[{"name":"wp","href":"https:\/\/api.w.org\/{rel}","templated":true}]}}