{"id":45190,"date":"2025-09-17T16:25:20","date_gmt":"2025-09-17T22:25:20","guid":{"rendered":"https:\/\/soymigrante.com\/revista\/?p=45190"},"modified":"2025-09-17T16:25:30","modified_gmt":"2025-09-17T22:25:30","slug":"videoclip-lamento-de-gaby-moreno-dedicado-a-migrantes-nominado-al-latin-grammy","status":"publish","type":"post","link":"https:\/\/soymigrante.com\/revista\/videoclip-lamento-de-gaby-moreno-dedicado-a-migrantes-nominado-al-latin-grammy\/","title":{"rendered":"Videoclip &#8220;Lamento&#8221; de Gaby Moreno dedicado a migrantes nominado al  Latin Grammy"},"content":{"rendered":"\t\t<div data-elementor-type=\"wp-post\" data-elementor-id=\"45190\" class=\"elementor elementor-45190\" data-elementor-post-type=\"post\">\n\t\t\t\t<div data-particle_enable=\"false\" data-particle-mobile-disabled=\"false\" class=\"elementor-element elementor-element-c24a714 e-flex e-con-boxed e-con e-parent\" data-id=\"c24a714\" data-element_type=\"container\" data-e-type=\"container\">\n\t\t\t\t\t<div class=\"e-con-inner\">\n\t\t\t\t<div class=\"elementor-element elementor-element-803c1ae elementor-widget elementor-widget-heading\" data-id=\"803c1ae\" data-element_type=\"widget\" data-e-type=\"widget\" data-widget_type=\"heading.default\">\n\t\t\t\t\t<h2 class=\"elementor-heading-title elementor-size-default\">Gaby Moreno est\u00e1 nominada al Latin Grammy, que es un viaje migrante contado en video musical largo. <\/h2>\t\t\t\t<\/div>\n\t\t\t\t\t<\/div>\n\t\t\t\t<\/div>\n\t\t<div data-particle_enable=\"false\" data-particle-mobile-disabled=\"false\" class=\"elementor-element elementor-element-2cfbdac e-flex e-con-boxed e-con e-parent\" data-id=\"2cfbdac\" data-element_type=\"container\" data-e-type=\"container\">\n\t\t\t\t\t<div class=\"e-con-inner\">\n\t\t\t\t<div class=\"elementor-element elementor-element-6b67a6d elementor-widget elementor-widget-text-editor\" data-id=\"6b67a6d\" data-element_type=\"widget\" data-e-type=\"widget\" data-widget_type=\"text-editor.default\">\n\t\t\t\t\t\t\t\t\t<p>La cantautora guatemalteca <a href=\"https:\/\/soymigrante.com\/revista\/cantautora-gaby-moreno-lanza-el-videoclip-lamento-un-tributo-a-los-migrantes-guatemaltecos\/\" target=\"_blank\" rel=\"noopener\">Gaby Moreno vuelve a brillar en el panorama latino con su obra Lamento<\/a>. Este cortometraje musical, que explora las huellas del migrante, fue nominado en los Latin Grammy 2025 a la categor\u00eda Mejor video musical versi\u00f3n larga. La Academia Latina de la Grabaci\u00f3n reconoci\u00f3 su aporte tanto art\u00edstico como simb\u00f3lico este 17 de septiembre.<\/p>\t\t\t\t\t\t\t\t<\/div>\n\t\t\t\t\t<\/div>\n\t\t\t\t<\/div>\n\t\t<div data-particle_enable=\"false\" data-particle-mobile-disabled=\"false\" class=\"elementor-element elementor-element-05cdbaa e-flex e-con-boxed e-con e-parent\" data-id=\"05cdbaa\" data-element_type=\"container\" data-e-type=\"container\">\n\t\t\t\t\t<div class=\"e-con-inner\">\n\t\t\t\t<div class=\"elementor-element elementor-element-0e3afb9 elementor-widget elementor-widget-heading\" data-id=\"0e3afb9\" data-element_type=\"widget\" data-e-type=\"widget\" data-widget_type=\"heading.default\">\n\t\t\t\t\t<h3 class=\"elementor-heading-title elementor-size-default\">\u00bfDe qu\u00e9 trata \u201cLamento\u201d?<\/h3>\t\t\t\t<\/div>\n\t\t\t\t\t<\/div>\n\t\t\t\t<\/div>\n\t\t<div data-particle_enable=\"false\" data-particle-mobile-disabled=\"false\" class=\"elementor-element elementor-element-5b5cbeb e-flex e-con-boxed e-con e-parent\" data-id=\"5b5cbeb\" data-element_type=\"container\" data-e-type=\"container\">\n\t\t\t\t\t<div class=\"e-con-inner\">\n\t\t\t\t<div class=\"elementor-element elementor-element-b82f883 elementor-widget elementor-widget-text-editor\" data-id=\"b82f883\" data-element_type=\"widget\" data-e-type=\"widget\" data-widget_type=\"text-editor.default\">\n\t\t\t\t\t\t\t\t\t<p>Lamento se estrena como un cortometraje musical filmado en Guatemala, bajo la direcci\u00f3n del cineasta guatemalteco Diego Contreras. La pieza combina m\u00fasica, cine y met\u00e1fora para explorar temas profundos como el desarraigo, la memoria, el hogar y la experiencia del migrante.<\/p><p>En el video, Gaby Moreno regresa simb\u00f3licamente a un lugar de infancia \u2014un antiguo complejo tur\u00edstico abandonado, hoy ruinas\u2014, un espacio significativo cargado de recuerdos que el mar reclama lentamente. Tony Revolori, actor guatemalteco-estadounidense, acompa\u00f1a la narrativa como un pescador que ayuda a reconectar con esos espacios del pasado. Una entidad llamada FINITOR, metaf\u00f3rica, aparece como la m\u00e1quina del futuro que preserva memorias que podr\u00edan perderse.<\/p>\t\t\t\t\t\t\t\t<\/div>\n\t\t\t\t\t<\/div>\n\t\t\t\t<\/div>\n\t\t<div data-particle_enable=\"false\" data-particle-mobile-disabled=\"false\" class=\"elementor-element elementor-element-1e9304f e-flex e-con-boxed e-con e-parent\" data-id=\"1e9304f\" data-element_type=\"container\" data-e-type=\"container\">\n\t\t\t\t\t<div class=\"e-con-inner\">\n\t\t\t\t<div class=\"elementor-element elementor-element-9ae4dbf elementor-invisible elementor-widget elementor-widget-facebook-embed\" data-id=\"9ae4dbf\" data-element_type=\"widget\" data-e-type=\"widget\" data-settings=\"{&quot;_animation&quot;:&quot;zoomInDown&quot;}\" data-widget_type=\"facebook-embed.default\">\n\t\t\t\t\t<div style=\"min-height: 1px\" class=\"elementor-facebook-widget fb-post\" data-href=\"https:\/\/www.facebook.com\/photo\/?fbid=1195532618596759&#038;set=pb.100044200970913.-2207520000\" data-show-text=\"false\"><\/div>\t\t\t\t<\/div>\n\t\t\t\t\t<\/div>\n\t\t\t\t<\/div>\n\t\t<div data-particle_enable=\"false\" data-particle-mobile-disabled=\"false\" class=\"elementor-element elementor-element-2df2464 e-flex e-con-boxed e-con e-parent\" data-id=\"2df2464\" data-element_type=\"container\" data-e-type=\"container\">\n\t\t\t\t\t<div class=\"e-con-inner\">\n\t\t\t\t<div class=\"elementor-element elementor-element-123ae3f elementor-widget elementor-widget-heading\" data-id=\"123ae3f\" data-element_type=\"widget\" data-e-type=\"widget\" data-widget_type=\"heading.default\">\n\t\t\t\t\t<h3 class=\"elementor-heading-title elementor-size-default\">Grabaci\u00f3n y producci\u00f3n<\/h3>\t\t\t\t<\/div>\n\t\t\t\t\t<\/div>\n\t\t\t\t<\/div>\n\t\t<div data-particle_enable=\"false\" data-particle-mobile-disabled=\"false\" class=\"elementor-element elementor-element-87b2756 e-flex e-con-boxed e-con e-parent\" data-id=\"87b2756\" data-element_type=\"container\" data-e-type=\"container\">\n\t\t\t\t\t<div class=\"e-con-inner\">\n\t\t\t\t<div class=\"elementor-element elementor-element-a9d0129 elementor-widget elementor-widget-text-editor\" data-id=\"a9d0129\" data-element_type=\"widget\" data-e-type=\"widget\" data-widget_type=\"text-editor.default\">\n\t\t\t\t\t\t\t\t\t<div>\u2022 Se film\u00f3 en Guatemala, en lugares simb\u00f3licos, como el Turicentro Likin Itzapa, ahora en ruinas, lo que refuerza visualmente la sensaci\u00f3n de lo que se descompone con el tiempo.\u00a0 \u00a0<\/div><div>\u2022Direcci\u00f3n a cargo de Diego Contreras; producci\u00f3n local con talento guatemalteco, y la participaci\u00f3n de actores guatemaltecos o con lazos fuertes con Guatemala.\u00a0 \u00a0<\/div>\t\t\t\t\t\t\t\t<\/div>\n\t\t\t\t\t<\/div>\n\t\t\t\t<\/div>\n\t\t<div data-particle_enable=\"false\" data-particle-mobile-disabled=\"false\" class=\"elementor-element elementor-element-7d3f4f3 e-flex e-con-boxed e-con e-parent\" data-id=\"7d3f4f3\" data-element_type=\"container\" data-e-type=\"container\">\n\t\t\t\t\t<div class=\"e-con-inner\">\n\t\t\t\t<div class=\"elementor-element elementor-element-591873e elementor-widget elementor-widget-heading\" data-id=\"591873e\" data-element_type=\"widget\" data-e-type=\"widget\" data-widget_type=\"heading.default\">\n\t\t\t\t\t<h3 class=\"elementor-heading-title elementor-size-default\">La nominaci\u00f3n y su importancia<\/h3>\t\t\t\t<\/div>\n\t\t\t\t\t<\/div>\n\t\t\t\t<\/div>\n\t\t<div data-particle_enable=\"false\" data-particle-mobile-disabled=\"false\" class=\"elementor-element elementor-element-71d08b6 e-flex e-con-boxed e-con e-parent\" data-id=\"71d08b6\" data-element_type=\"container\" data-e-type=\"container\">\n\t\t\t\t\t<div class=\"e-con-inner\">\n\t\t\t\t<div class=\"elementor-element elementor-element-dfd6238 elementor-widget elementor-widget-text-editor\" data-id=\"dfd6238\" data-element_type=\"widget\" data-e-type=\"widget\" data-widget_type=\"text-editor.default\">\n\t\t\t\t\t\t\t\t\t<p>Gaby Moreno compite en la categor\u00eda Video en formato largo junto a otros artistas reconocidos, como Mon Laferte, CA7RIEL &amp; Paco Amoroso, entre otros.<\/p><p><a href=\"https:\/\/soymigrante.com\/revista\/cantautora-gaby-moreno-lanza-el-videoclip-lamento-un-tributo-a-los-migrantes-guatemaltecos\/\" target=\"_blank\" rel=\"noopener\">La nominaci\u00f3n no solo pone en lo alto a Gaby como artista, sino que tambi\u00e9n llama la atenci\u00f3n sobre historias migrantes<\/a>, de identidad y memoria, en un formato que mezcla m\u00fasica con narrativa visual extendida. Es una ventana para el p\u00fablico hacia experiencias profundas de desplazamiento y pertenencia. Adem\u00e1s, para Guatemala significa visibilidad cultural internacional y un reconocimiento al trabajo art\u00edstico local.<\/p>\t\t\t\t\t\t\t\t<\/div>\n\t\t\t\t\t<\/div>\n\t\t\t\t<\/div>\n\t\t<div data-particle_enable=\"false\" data-particle-mobile-disabled=\"false\" class=\"elementor-element elementor-element-ed7763b e-flex e-con-boxed e-con e-parent\" data-id=\"ed7763b\" data-element_type=\"container\" data-e-type=\"container\">\n\t\t\t\t\t<div class=\"e-con-inner\">\n\t\t\t\t<div class=\"elementor-element elementor-element-fabd35b elementor-invisible elementor-widget elementor-widget-facebook-embed\" data-id=\"fabd35b\" data-element_type=\"widget\" data-e-type=\"widget\" data-settings=\"{&quot;_animation&quot;:&quot;zoomInDown&quot;}\" data-widget_type=\"facebook-embed.default\">\n\t\t\t\t\t<div style=\"min-height: 1px\" class=\"elementor-facebook-widget fb-post\" data-href=\"https:\/\/www.facebook.com\/photo.php?fbid=1183816519768369&#038;set=pb.100044200970913.-2207520000&#038;type=3\" data-show-text=\"false\"><\/div>\t\t\t\t<\/div>\n\t\t\t\t\t<\/div>\n\t\t\t\t<\/div>\n\t\t<div data-particle_enable=\"false\" data-particle-mobile-disabled=\"false\" class=\"elementor-element elementor-element-a8ec485 e-flex e-con-boxed e-con e-parent\" data-id=\"a8ec485\" data-element_type=\"container\" data-e-type=\"container\">\n\t\t\t\t\t<div class=\"e-con-inner\">\n\t\t\t\t<div class=\"elementor-element elementor-element-a19d11f elementor-widget elementor-widget-text-editor\" data-id=\"a19d11f\" data-element_type=\"widget\" data-e-type=\"widget\" data-widget_type=\"text-editor.default\">\n\t\t\t\t\t\t\t\t\t<p><a href=\"https:\/\/soymigrante.com\/revista\/cantautora-gaby-moreno-lanza-el-videoclip-lamento-un-tributo-a-los-migrantes-guatemaltecos\/\" target=\"_blank\" rel=\"noopener\">Con Lamento, Gaby Moreno no solo presenta una pieza musical,<\/a> sino una historia cinematogr\u00e1fica que re\u00fane nostalgia, reflexi\u00f3n sobre el hogar y el viaje del migrante. La nominaci\u00f3n al Latin Grammy 2025 en la categor\u00eda de video largo es un homenaje al valor del arte que conecta vidas, recuerdos y realidades migratorias. En esta edici\u00f3n, su obra recuerda que espacio, memoria y m\u00fasica pueden ayudar a reconstruir lo que urge ser recordado.<\/p>\t\t\t\t\t\t\t\t<\/div>\n\t\t\t\t\t<\/div>\n\t\t\t\t<\/div>\n\t\t<div data-particle_enable=\"false\" data-particle-mobile-disabled=\"false\" class=\"elementor-element elementor-element-b783f3c e-flex e-con-boxed e-con e-parent\" data-id=\"b783f3c\" data-element_type=\"container\" data-e-type=\"container\">\n\t\t\t\t\t<div class=\"e-con-inner\">\n\t\t\t\t<div class=\"elementor-element elementor-element-b2b3b49 elementor-widget elementor-widget-heading\" data-id=\"b2b3b49\" data-element_type=\"widget\" data-e-type=\"widget\" data-widget_type=\"heading.default\">\n\t\t\t\t\t<h2 class=\"elementor-heading-title elementor-size-default\">Conoce m\u00e1s de Guatemala, ac\u00e1...<\/h2>\t\t\t\t<\/div>\n\t\t\t\t\t<\/div>\n\t\t\t\t<\/div>\n\t\t<div data-particle_enable=\"false\" data-particle-mobile-disabled=\"false\" class=\"elementor-element elementor-element-a323f9b e-flex e-con-boxed e-con e-parent\" data-id=\"a323f9b\" data-element_type=\"container\" data-e-type=\"container\">\n\t\t\t\t\t<div class=\"e-con-inner\">\n\t\t\t\t<div class=\"elementor-element elementor-element-33cd08e elementor-grid-eael-col-3 elementor-grid-tablet-eael-col-2 elementor-grid-mobile-eael-col-1 elementor-widget elementor-widget-eael-post-grid\" data-id=\"33cd08e\" data-element_type=\"widget\" data-e-type=\"widget\" data-settings=\"{&quot;eael_post_grid_columns&quot;:&quot;eael-col-3&quot;,&quot;eael_post_grid_columns_tablet&quot;:&quot;eael-col-2&quot;,&quot;eael_post_grid_columns_mobile&quot;:&quot;eael-col-1&quot;}\" data-widget_type=\"eael-post-grid.default\">\n\t\t\t\t\t<div id=\"eael-post-grid-33cd08e\" class=\"eael-post-grid-container\">\n            <div class=\"eael-post-grid eael-post-appender eael-post-appender-33cd08e eael-post-grid-style-one\" data-layout-mode=\"masonry\"><article class=\"eael-grid-post  eael-post-grid-column eael-pg-post-10662 category-guate-nuestra\" data-id=\"10662\">\n        <div class=\"eael-grid-post-holder\">\n            <div class=\"eael-grid-post-holder-inner\"><div class=\"eael-entry-media\"><div class=\"eael-entry-overlay fade-in\"><i class=\"far fa-hand-pointer\" aria-hidden=\"true\"><\/i><a href=\"https:\/\/soymigrante.com\/revista\/dos-pilas-sitio-maya-guatemalteco-ciudades-mayas\/\"><\/a><\/div><div class=\"eael-entry-thumbnail eael-image-ratio\">\n                <img fetchpriority=\"high\" decoding=\"async\" width=\"1024\" height=\"768\" src=\"https:\/\/soymigrante.com\/revista\/wp-content\/uploads\/2024\/10\/Aguateca-La-ciudad-maya-fortificada-en-el-corazon-de-Peten-1-1024x768.jpeg\" class=\"attachment-large size-large wp-image-10626\" alt=\"Ancient archaeological site with stone structures in a lush jungle setting, highlighting Mayan ruins and cultural heritage for tourism and history exploration.\" srcset=\"https:\/\/soymigrante.com\/revista\/wp-content\/uploads\/2024\/10\/Aguateca-La-ciudad-maya-fortificada-en-el-corazon-de-Peten-1-1024x768.jpeg 1024w, https:\/\/soymigrante.com\/revista\/wp-content\/uploads\/2024\/10\/Aguateca-La-ciudad-maya-fortificada-en-el-corazon-de-Peten-1-300x225.webp 300w, https:\/\/soymigrante.com\/revista\/wp-content\/uploads\/2024\/10\/Aguateca-La-ciudad-maya-fortificada-en-el-corazon-de-Peten-1-768x576.jpeg 768w, https:\/\/soymigrante.com\/revista\/wp-content\/uploads\/2024\/10\/Aguateca-La-ciudad-maya-fortificada-en-el-corazon-de-Peten-1-1536x1152.jpeg 1536w, https:\/\/soymigrante.com\/revista\/wp-content\/uploads\/2024\/10\/Aguateca-La-ciudad-maya-fortificada-en-el-corazon-de-Peten-1-750x563.webp 750w, https:\/\/soymigrante.com\/revista\/wp-content\/uploads\/2024\/10\/Aguateca-La-ciudad-maya-fortificada-en-el-corazon-de-Peten-1-1140x855.jpeg 1140w, https:\/\/soymigrante.com\/revista\/wp-content\/uploads\/2024\/10\/Aguateca-La-ciudad-maya-fortificada-en-el-corazon-de-Peten-1.webp 1920w\" sizes=\"(max-width: 1024px) 100vw, 1024px\" \/>\n            <\/div>\n        <\/div><div class=\"eael-entry-wrapper\"><header class=\"eael-entry-header\"><h2 class=\"eael-entry-title\"><a class=\"eael-grid-post-link\" href=\"https:\/\/soymigrante.com\/revista\/dos-pilas-sitio-maya-guatemalteco-ciudades-mayas\/\" title=\"\u00bfHas o\u00eddo hablar de Dos Pilas? Una  ciudad maya clave en la historia\">\u00bfHas o\u00eddo hablar de Dos Pilas? Una  ciudad maya clave en la historia<\/a><\/h2><\/header><div class=\"eael-entry-content\">\n                        <div class=\"eael-grid-post-excerpt\"><a href=\"https:\/\/soymigrante.com\/revista\/dos-pilas-sitio-maya-guatemalteco-ciudades-mayas\/\" class=\"eael-post-elements-readmore-btn\">CONOCE SU HISTORIA <\/a><\/div>\n                    <\/div><\/div><\/div>\n        <\/div>\n    <\/article><article class=\"eael-grid-post  eael-post-grid-column eael-pg-post-32059 category-guate-nuestra tags-calendario-de-ferias\" data-id=\"32059\">\n        <div class=\"eael-grid-post-holder\">\n            <div class=\"eael-grid-post-holder-inner\"><div class=\"eael-entry-media\"><div class=\"eael-entry-overlay fade-in\"><i class=\"far fa-hand-pointer\" aria-hidden=\"true\"><\/i><a href=\"https:\/\/soymigrante.com\/revista\/estas-son-las-fiestas-patronales-de-junio-en-municipios-de-guatemala\/\"><\/a><\/div><div class=\"eael-entry-thumbnail eael-image-ratio\">\n                <img decoding=\"async\" width=\"1024\" height=\"1024\" src=\"https:\/\/soymigrante.com\/revista\/wp-content\/uploads\/2025\/04\/ferias-patronales-e1745863561831-1024x1024.jpg\" class=\"attachment-large size-large wp-image-32060\" alt=\"As\u00ed se viven las fiestas patronales de junio en Guatemala\" srcset=\"https:\/\/soymigrante.com\/revista\/wp-content\/uploads\/2025\/04\/ferias-patronales-e1745863561831-1024x1024.jpg 1024w, https:\/\/soymigrante.com\/revista\/wp-content\/uploads\/2025\/04\/ferias-patronales-e1745863561831-300x300.jpg 300w, https:\/\/soymigrante.com\/revista\/wp-content\/uploads\/2025\/04\/ferias-patronales-e1745863561831-150x150.jpg 150w, https:\/\/soymigrante.com\/revista\/wp-content\/uploads\/2025\/04\/ferias-patronales-e1745863561831-768x768.jpg 768w, https:\/\/soymigrante.com\/revista\/wp-content\/uploads\/2025\/04\/ferias-patronales-e1745863561831-75x75.jpg 75w, https:\/\/soymigrante.com\/revista\/wp-content\/uploads\/2025\/04\/ferias-patronales-e1745863561831-750x750.jpg 750w, https:\/\/soymigrante.com\/revista\/wp-content\/uploads\/2025\/04\/ferias-patronales-e1745863561831-1140x1140.jpg 1140w, https:\/\/soymigrante.com\/revista\/wp-content\/uploads\/2025\/04\/ferias-patronales-e1745863561831.jpg 1204w\" sizes=\"(max-width: 1024px) 100vw, 1024px\" \/>\n            <\/div>\n        <\/div><div class=\"eael-entry-wrapper\"><header class=\"eael-entry-header\"><h2 class=\"eael-entry-title\"><a class=\"eael-grid-post-link\" href=\"https:\/\/soymigrante.com\/revista\/estas-son-las-fiestas-patronales-de-junio-en-municipios-de-guatemala\/\" title=\"Fiestas patronales en municipios de Guatemala durante junio\">Fiestas patronales en municipios de Guatemala durante junio<\/a><\/h2><\/header><div class=\"eael-entry-content\">\n                        <div class=\"eael-grid-post-excerpt\"><a href=\"https:\/\/soymigrante.com\/revista\/estas-son-las-fiestas-patronales-de-junio-en-municipios-de-guatemala\/\" class=\"eael-post-elements-readmore-btn\">CONOCE SU HISTORIA <\/a><\/div>\n                    <\/div><\/div><\/div>\n        <\/div>\n    <\/article><article class=\"eael-grid-post  eael-post-grid-column eael-pg-post-13339 category-guate-nuestra\" data-id=\"13339\">\n        <div class=\"eael-grid-post-holder\">\n            <div class=\"eael-grid-post-holder-inner\"><div class=\"eael-entry-media\"><div class=\"eael-entry-overlay fade-in\"><i class=\"far fa-hand-pointer\" aria-hidden=\"true\"><\/i><a href=\"https:\/\/soymigrante.com\/revista\/van-a-quemar-el-torito-una-tradicion-de-polvora-y-luces-al-final-de-la-procesion\/\"><\/a><\/div><div class=\"eael-entry-thumbnail eael-image-ratio\">\n                <img decoding=\"async\" width=\"1024\" height=\"1024\" src=\"https:\/\/soymigrante.com\/revista\/wp-content\/uploads\/2024\/11\/torito-guatemalteco-e1731691971620-1024x1024.jpg\" class=\"attachment-large size-large wp-image-13341\" alt=\"Barras de p\u00f3lvora y fuegos artificiales en celebraci\u00f3n tradicional en M\u00e9xico, con gran afluencia de p\u00fablico durante la noche.\" srcset=\"https:\/\/soymigrante.com\/revista\/wp-content\/uploads\/2024\/11\/torito-guatemalteco-e1731691971620-1024x1024.jpg 1024w, https:\/\/soymigrante.com\/revista\/wp-content\/uploads\/2024\/11\/torito-guatemalteco-e1731691971620-300x300.jpg 300w, https:\/\/soymigrante.com\/revista\/wp-content\/uploads\/2024\/11\/torito-guatemalteco-e1731691971620-150x150.jpg 150w, https:\/\/soymigrante.com\/revista\/wp-content\/uploads\/2024\/11\/torito-guatemalteco-e1731691971620-768x768.jpg 768w, https:\/\/soymigrante.com\/revista\/wp-content\/uploads\/2024\/11\/torito-guatemalteco-e1731691971620-75x75.webp 75w, https:\/\/soymigrante.com\/revista\/wp-content\/uploads\/2024\/11\/torito-guatemalteco-e1731691971620-750x750.webp 750w, https:\/\/soymigrante.com\/revista\/wp-content\/uploads\/2024\/11\/torito-guatemalteco-e1731691971620-1140x1140.webp 1140w, https:\/\/soymigrante.com\/revista\/wp-content\/uploads\/2024\/11\/torito-guatemalteco-e1731691971620.webp 1150w\" sizes=\"(max-width: 1024px) 100vw, 1024px\" \/>\n            <\/div>\n        <\/div><div class=\"eael-entry-wrapper\"><header class=\"eael-entry-header\"><h2 class=\"eael-entry-title\"><a class=\"eael-grid-post-link\" href=\"https:\/\/soymigrante.com\/revista\/van-a-quemar-el-torito-una-tradicion-de-polvora-y-luces-al-final-de-la-procesion\/\" title=\"Quema del Torito cierra procesiones festivas en pueblos y barrios de Guatemala\">Quema del Torito cierra procesiones festivas en pueblos y barrios de Guatemala<\/a><\/h2><\/header><div class=\"eael-entry-content\">\n                        <div class=\"eael-grid-post-excerpt\"><a href=\"https:\/\/soymigrante.com\/revista\/van-a-quemar-el-torito-una-tradicion-de-polvora-y-luces-al-final-de-la-procesion\/\" class=\"eael-post-elements-readmore-btn\">CONOCE SU HISTORIA <\/a><\/div>\n                    <\/div><\/div><\/div>\n        <\/div>\n    <\/article><\/div>\n            <div class=\"clearfix\"><\/div>\n        <\/div>            <div class=\"eael-load-more-button-wrap eael-force-hide\">\n                <button class=\"eael-load-more-button\" id=\"eael-load-more-btn-33cd08e\" data-widget-id=\"33cd08e\" data-widget=\"33cd08e\" data-page-id=\"45190\" data-template=\"{&quot;dir&quot;:&quot;lite&quot;,&quot;file_name&quot;:&quot;one.php&quot;,&quot;name&quot;:&quot;Post-Grid&quot;}\" data-class=\"Essential_Addons_Elementor\\Elements\\Post_Grid\" data-layout=\"masonry\" data-page=\"1\" data-args=\"orderby=rand&amp;order=desc&amp;ignore_sticky_posts=1&amp;post_status=publish&amp;posts_per_page=3&amp;offset=0&amp;post_type=post&amp;tax_query%5B0%5D%5Btaxonomy%5D=category&amp;tax_query%5B0%5D%5Bfield%5D=term_id&amp;tax_query%5B0%5D%5Bterms%5D%5B0%5D=58&amp;tax_query%5Brelation%5D=AND&amp;author__in%5B0%5D=19\" data-max-page=\"127\">\n                    <span class=\"eael-btn-loader button__loader\"><\/span>\n                    <span class=\"eael_load_more_text\">Load More<\/span>\n                <\/button>\n            <\/div>\n            \t\t\t\t<\/div>\n\t\t\t\t\t<\/div>\n\t\t\t\t<\/div>\n\t\t\t\t<\/div>\n\t\t","protected":false},"excerpt":{"rendered":"<p>Gaby Moreno est\u00e1 nominada al Latin Grammy, que es un viaje migrante contado en video musical largo. La cantautora guatemalteca Gaby Moreno vuelve a brillar en el panorama latino con su obra Lamento. Este cortometraje musical, que explora las huellas del migrante, fue nominado en los Latin Grammy 2025 a la categor\u00eda Mejor video musical [&hellip;]<\/p>\n","protected":false},"author":19,"featured_media":45240,"comment_status":"open","ping_status":"open","sticky":false,"template":"","format":"standard","meta":{"_acf_changed":false,"_eb_attr":"","footnotes":""},"categories":[58],"tags":[],"class_list":["post-45190","post","type-post","status-publish","format-standard","has-post-thumbnail","hentry","category-guate-nuestra"],"acf":[],"aioseo_notices":[],"aioseo_head":"\n\t\t<!-- All in One SEO Pro 4.9.6.2 - aioseo.com -->\n\t<meta name=\"description\" content=\"La quema de toritos con luces suele incluir un baile al son de marimba o banda. Este ritual cierra procesiones festivas en pueblos y barrios de Guatemala\" \/>\n\t<meta name=\"robots\" content=\"max-snippet:-1, max-image-preview:large, max-video-preview:-1\" \/>\n\t<meta name=\"author\" content=\"Marysabel Aldana\"\/>\n\t<link rel=\"canonical\" href=\"https:\/\/soymigrante.com\/revista\/van-a-quemar-el-torito-una-tradicion-de-polvora-y-luces-al-final-de-la-procesion\/\" \/>\n\t<meta name=\"generator\" content=\"All in One SEO Pro (AIOSEO) 4.9.6.2\" \/>\n\n\t\t<link rel=\"preconnect\" href=\"https:\/\/fonts.googleapis.com\" crossorigin>\n<link rel=\"preconnect\" href=\"https:\/\/fonts.gstatic.com\" crossorigin>\n\t\t<meta property=\"og:locale\" content=\"es_ES\" \/>\n\t\t<meta property=\"og:site_name\" content=\"SoyMigrante.com REVISTA \u2013 Nuestra misi\u00f3n es reconocer y dignificar al migrante.\" \/>\n\t\t<meta property=\"og:type\" content=\"article\" \/>\n\t\t<meta property=\"og:title\" content=\"Quema del Torito es festejo en pueblos y barrios de Guatemala\" \/>\n\t\t<meta property=\"og:description\" content=\"La quema de toritos con luces suele incluir un baile al son de marimba o banda. Este ritual cierra procesiones festivas en pueblos y barrios de Guatemala\" \/>\n\t\t<meta property=\"og:url\" content=\"https:\/\/soymigrante.com\/revista\/van-a-quemar-el-torito-una-tradicion-de-polvora-y-luces-al-final-de-la-procesion\/\" \/>\n\t\t<meta property=\"og:image\" content=\"https:\/\/soymigrante.com\/revista\/wp-content\/uploads\/2024\/11\/torito-guatemalteco-e1731691971620.webp\" \/>\n\t\t<meta property=\"og:image:secure_url\" content=\"https:\/\/soymigrante.com\/revista\/wp-content\/uploads\/2024\/11\/torito-guatemalteco-e1731691971620.webp\" \/>\n\t\t<meta property=\"og:image:width\" content=\"1150\" \/>\n\t\t<meta property=\"og:image:height\" content=\"1150\" \/>\n\t\t<meta property=\"article:published_time\" content=\"2024-12-07T15:56:22+00:00\" \/>\n\t\t<meta property=\"article:modified_time\" content=\"2024-12-07T16:16:21+00:00\" \/>\n\t\t<meta property=\"article:publisher\" content=\"https:\/\/www.facebook.com\/soymigrantecom\" \/>\n\t\t<meta name=\"twitter:card\" content=\"summary_large_image\" \/>\n\t\t<meta name=\"twitter:site\" content=\"@SoyMigrante_com\" \/>\n\t\t<meta name=\"twitter:title\" content=\"Quema del Torito es festejo en pueblos y barrios de Guatemala\" \/>\n\t\t<meta name=\"twitter:description\" content=\"La quema de toritos con luces suele incluir un baile al son de marimba o banda. Este ritual cierra procesiones festivas en pueblos y barrios de Guatemala\" \/>\n\t\t<meta name=\"twitter:creator\" content=\"@SoyMigrante_com\" \/>\n\t\t<meta name=\"twitter:image\" content=\"https:\/\/soymigrante.com\/revista\/wp-content\/uploads\/2024\/11\/torito-guatemalteco-e1731691971620.webp\" \/>\n\t\t<!-- All in One SEO Pro -->\r\n\t\t<title>Quema del Torito es festejo en pueblos y barrios de Guatemala<\/title>\n\n","aioseo_head_json":{"title":"Quema del Torito es festejo en pueblos y barrios de Guatemala","description":"La quema de toritos con luces suele incluir un baile al son de marimba o banda. Este ritual cierra procesiones festivas en pueblos y barrios de Guatemala","canonical_url":"https:\/\/soymigrante.com\/revista\/van-a-quemar-el-torito-una-tradicion-de-polvora-y-luces-al-final-de-la-procesion\/","robots":"max-snippet:-1, max-image-preview:large, max-video-preview:-1","keywords":"","webmasterTools":{"miscellaneous":"&lt;link rel=\"preconnect\" href=\"https:\/\/fonts.googleapis.com\" crossorigin&gt;\n&lt;link rel=\"preconnect\" href=\"https:\/\/fonts.gstatic.com\" crossorigin&gt;"},"schema":null,"og:locale":"es_ES","og:site_name":"SoyMigrante.com REVISTA \u2013 Nuestra misi\u00f3n es reconocer y dignificar al migrante.","og:type":"article","og:title":"Quema del Torito es festejo en pueblos y barrios de Guatemala","og:description":"La quema de toritos con luces suele incluir un baile al son de marimba o banda. Este ritual cierra procesiones festivas en pueblos y barrios de Guatemala","og:url":"https:\/\/soymigrante.com\/revista\/van-a-quemar-el-torito-una-tradicion-de-polvora-y-luces-al-final-de-la-procesion\/","og:image":"https:\/\/soymigrante.com\/revista\/wp-content\/uploads\/2024\/11\/torito-guatemalteco-e1731691971620.webp","og:image:secure_url":"https:\/\/soymigrante.com\/revista\/wp-content\/uploads\/2024\/11\/torito-guatemalteco-e1731691971620.webp","og:image:width":1150,"og:image:height":1150,"article:published_time":"2024-12-07T15:56:22+00:00","article:modified_time":"2024-12-07T16:16:21+00:00","article:publisher":"https:\/\/www.facebook.com\/soymigrantecom","twitter:card":"summary_large_image","twitter:site":"@SoyMigrante_com","twitter:title":"Quema del Torito es festejo en pueblos y barrios de Guatemala","twitter:description":"La quema de toritos con luces suele incluir un baile al son de marimba o banda. Este ritual cierra procesiones festivas en pueblos y barrios de Guatemala","twitter:creator":"@SoyMigrante_com","twitter:image":"https:\/\/soymigrante.com\/revista\/wp-content\/uploads\/2024\/11\/torito-guatemalteco-e1731691971620.webp"},"aioseo_meta_data":{"post_id":"45190","title":null,"description":"Video musical de la cantautora guatemalteca Gaby Moreno, grabado en Puerto de San Jos\u00e9 y dedicado los migrantes, figura entre nominados a Grammy Latino.","keywords":null,"keyphrases":{"focus":{"keyphrase":"Gaby Moreno","score":82,"analysis":{"keyphraseInTitle":{"score":9,"maxScore":9,"error":0},"keyphraseInDescription":{"score":9,"maxScore":9,"error":0},"keyphraseLength":{"score":9,"maxScore":9,"error":0,"length":2},"keyphraseInURL":{"score":5,"maxScore":5,"error":0},"keyphraseInIntroduction":{"score":9,"maxScore":9,"error":0},"keyphraseInSubHeadings":{"score":3,"maxScore":9,"error":1},"keyphraseInImageAlt":{"score":3,"maxScore":9,"error":1},"keywordDensity":{"type":"best","score":9,"maxScore":9,"error":0}}},"additional":[{"keyphrase":"Latin Grammy","score":73,"analysis":{"keyphraseInDescription":{"score":3,"maxScore":9,"error":1},"keyphraseLength":{"score":9,"maxScore":9,"error":0,"length":2},"keyphraseInIntroduction":{"score":9,"maxScore":9,"error":0},"keyphraseInImageAlt":{"score":3,"maxScore":9,"error":1},"keywordDensity":{"type":"best","score":9,"maxScore":9,"error":0}}}]},"primary_term":null,"canonical_url":null,"og_title":null,"og_description":null,"og_object_type":"default","og_image_type":"default","og_image_url":null,"og_image_width":null,"og_image_height":null,"og_image_custom_url":null,"og_image_custom_fields":null,"og_video":"","og_custom_url":null,"og_article_section":null,"og_article_tags":null,"twitter_use_og":false,"twitter_card":"default","twitter_image_type":"default","twitter_image_url":null,"twitter_image_custom_url":null,"twitter_image_custom_fields":null,"twitter_title":null,"twitter_description":null,"schema":{"blockGraphs":[],"customGraphs":[],"default":{"data":{"Article":[],"Course":[],"Dataset":[],"FAQPage":[],"Movie":[],"Person":[],"Product":[],"ProductReview":[],"Car":[],"Recipe":[],"Service":[],"SoftwareApplication":[],"WebPage":[]},"graphName":"none","isEnabled":true},"graphs":[]},"schema_type":"default","schema_type_options":null,"pillar_content":false,"robots_default":true,"robots_noindex":false,"robots_noarchive":false,"robots_nosnippet":false,"robots_nofollow":false,"robots_noimageindex":false,"robots_noodp":false,"robots_notranslate":false,"robots_max_snippet":"-1","robots_max_videopreview":"-1","robots_max_imagepreview":"large","priority":null,"frequency":"default","local_seo":null,"seo_analyzer_scan_date":"2025-10-09 08:35:00","breadcrumb_settings":null,"limit_modified_date":false,"reviewed_by":"0","open_ai":null,"ai":{"faqs":[],"keyPoints":[],"titles":[],"descriptions":[],"socialPosts":{"email":[],"linkedin":[],"twitter":[],"facebook":[],"instagram":[]}},"created":"2025-09-17 19:07:32","updated":"2026-02-05 05:01:55"},"aioseo_breadcrumb":"<div class=\"aioseo-breadcrumbs\"><span class=\"aioseo-breadcrumb\">\n\t<a href=\"https:\/\/soymigrante.com\/revista\" title=\"Home\">Home<\/a>\n<\/span><span class=\"aioseo-breadcrumb-separator\">\u00bb<\/span><span class=\"aioseo-breadcrumb\">\n\t<a href=\"https:\/\/soymigrante.com\/revista\/category\/guate-nuestra\/\" title=\"Guate Nuestra\">Guate Nuestra<\/a>\n<\/span><span class=\"aioseo-breadcrumb-separator\">\u00bb<\/span><span class=\"aioseo-breadcrumb\">\n\tVideoclip \u201cLamento\u201d de Gaby Moreno dedicado a migrantes nominado al  Latin Grammy\n<\/span><\/div>","aioseo_breadcrumb_json":[{"label":"Home","link":"https:\/\/soymigrante.com\/revista"},{"label":"Guate Nuestra","link":"https:\/\/soymigrante.com\/revista\/category\/guate-nuestra\/"},{"label":"Videoclip &#8220;Lamento&#8221; de Gaby Moreno dedicado a migrantes nominado al  Latin Grammy","link":"https:\/\/soymigrante.com\/revista\/videoclip-lamento-de-gaby-moreno-dedicado-a-migrantes-nominado-al-latin-grammy\/"}],"_links":{"self":[{"href":"https:\/\/soymigrante.com\/revista\/wp-json\/wp\/v2\/posts\/45190","targetHints":{"allow":["GET"]}}],"collection":[{"href":"https:\/\/soymigrante.com\/revista\/wp-json\/wp\/v2\/posts"}],"about":[{"href":"https:\/\/soymigrante.com\/revista\/wp-json\/wp\/v2\/types\/post"}],"author":[{"embeddable":true,"href":"https:\/\/soymigrante.com\/revista\/wp-json\/wp\/v2\/users\/19"}],"replies":[{"embeddable":true,"href":"https:\/\/soymigrante.com\/revista\/wp-json\/wp\/v2\/comments?post=45190"}],"version-history":[{"count":12,"href":"https:\/\/soymigrante.com\/revista\/wp-json\/wp\/v2\/posts\/45190\/revisions"}],"predecessor-version":[{"id":45245,"href":"https:\/\/soymigrante.com\/revista\/wp-json\/wp\/v2\/posts\/45190\/revisions\/45245"}],"wp:featuredmedia":[{"embeddable":true,"href":"https:\/\/soymigrante.com\/revista\/wp-json\/wp\/v2\/media\/45240"}],"wp:attachment":[{"href":"https:\/\/soymigrante.com\/revista\/wp-json\/wp\/v2\/media?parent=45190"}],"wp:term":[{"taxonomy":"category","embeddable":true,"href":"https:\/\/soymigrante.com\/revista\/wp-json\/wp\/v2\/categories?post=45190"},{"taxonomy":"post_tag","embeddable":true,"href":"https:\/\/soymigrante.com\/revista\/wp-json\/wp\/v2\/tags?post=45190"}],"curies":[{"name":"wp","href":"https:\/\/api.w.org\/{rel}","templated":true}]}}