{"id":45158,"date":"2025-09-22T05:00:00","date_gmt":"2025-09-22T11:00:00","guid":{"rendered":"https:\/\/soymigrante.com\/revista\/?p=45158"},"modified":"2025-09-25T08:55:26","modified_gmt":"2025-09-25T14:55:26","slug":"mira-arte-guatemalteco-la-misteriosa-aparicion-y-desaparicion-de-francisco-tun","status":"publish","type":"post","link":"https:\/\/soymigrante.com\/revista\/mira-arte-guatemalteco-la-misteriosa-aparicion-y-desaparicion-de-francisco-tun\/","title":{"rendered":"Mira arte guatemalteco: la misteriosa aparici\u00f3n y desaparici\u00f3n de Francisco Tun"},"content":{"rendered":"\t\t<div data-elementor-type=\"wp-post\" data-elementor-id=\"45158\" class=\"elementor elementor-45158\" data-elementor-post-type=\"post\">\n\t\t\t\t<div data-particle_enable=\"false\" data-particle-mobile-disabled=\"false\" class=\"elementor-element elementor-element-5d23593 e-flex e-con-boxed e-con e-parent\" data-id=\"5d23593\" data-element_type=\"container\" data-e-type=\"container\">\n\t\t\t\t\t<div class=\"e-con-inner\">\n\t\t\t\t<div class=\"elementor-element elementor-element-a532ca8 elementor-widget elementor-widget-heading\" data-id=\"a532ca8\" data-element_type=\"widget\" data-e-type=\"widget\" data-widget_type=\"heading.default\">\n\t\t\t\t\t<h2 class=\"elementor-heading-title elementor-size-default\">Francisco T\u00fan (1948-1989) fue un pintor guatemalteco que, sin formaci\u00f3n acad\u00e9mica, logr\u00f3 crear obras tan sorprendentes y enigm\u00e1ticas que a\u00fan siguen haciendo historia. <\/h2>\t\t\t\t<\/div>\n\t\t\t\t<div class=\"elementor-element elementor-element-55c1154 elementor-widget elementor-widget-html\" data-id=\"55c1154\" data-element_type=\"widget\" data-e-type=\"widget\" data-widget_type=\"html.default\">\n\t\t\t\t\t<div id=\"buzzsprout-player-17905189\"><\/div><script src=\"https:\/\/www.buzzsprout.com\/2444168\/episodes\/17905189-enigmatico-arte-del-pintor-guatemalteco-francisco-tun.js?container_id=buzzsprout-player-17905189&player=small\" type=\"text\/javascript\" charset=\"utf-8\"><\/script>\t\t\t\t<\/div>\n\t\t\t\t\t<\/div>\n\t\t\t\t<\/div>\n\t\t<div data-particle_enable=\"false\" data-particle-mobile-disabled=\"false\" class=\"elementor-element elementor-element-ed6dcdd e-flex e-con-boxed e-con e-parent\" data-id=\"ed6dcdd\" data-element_type=\"container\" data-e-type=\"container\">\n\t\t\t\t\t<div class=\"e-con-inner\">\n\t\t\t\t<div class=\"elementor-element elementor-element-836ce2c elementor-widget elementor-widget-text-editor\" data-id=\"836ce2c\" data-element_type=\"widget\" data-e-type=\"widget\" data-widget_type=\"text-editor.default\">\n\t\t\t\t\t\t\t\t\t<p>En medio de la vibrante escena art\u00edstica de Guatemala de las d\u00e9cadas de 1970 y 1980 emergi\u00f3 un creador singular: <a href=\"https:\/\/cvp.url.edu.gt\/2021\/06\/21\/copia-de-dario-escobar\/\" target=\"_blank\" rel=\"noopener\">Francisco T\u00fan<\/a>. Hombre de origen humilde, sin formaci\u00f3n acad\u00e9mica en artes pl\u00e1sticas, que logr\u00f3 plasmar una visi\u00f3n profundamente \u00edntima de la ciudad, de sus m\u00e1rgenes, de lo cotidiano, con un estilo inconfundible.<\/p><p>Aunque su obra fue reconocida en su \u00e9poca, su figura cay\u00f3 en cierto olvido tras su desaparici\u00f3n; hoy su legado retorna con fuerza, confrontando el olvido y reivindic\u00e1ndose como parte esencial del arte guatemalteco.<\/p>\t\t\t\t\t\t\t\t<\/div>\n\t\t\t\t\t<\/div>\n\t\t\t\t<\/div>\n\t\t<div data-particle_enable=\"false\" data-particle-mobile-disabled=\"false\" class=\"elementor-element elementor-element-8ee2ae5 e-flex e-con-boxed e-con e-parent\" data-id=\"8ee2ae5\" data-element_type=\"container\" data-e-type=\"container\">\n\t\t\t\t\t<div class=\"e-con-inner\">\n\t\t\t\t<div class=\"elementor-element elementor-element-a116a9b elementor-widget elementor-widget-image\" data-id=\"a116a9b\" data-element_type=\"widget\" data-e-type=\"widget\" data-widget_type=\"image.default\">\n\t\t\t\t\t\t\t\t\t\t\t\t<figure class=\"wp-caption\">\n\t\t\t\t\t\t\t\t\t\t<img fetchpriority=\"high\" decoding=\"async\" width=\"1024\" height=\"789\" src=\"https:\/\/soymigrante.com\/revista\/wp-content\/uploads\/2025\/09\/Francisco-Tun-el-pintor-honesto-en-el-imaginario-guatemalteco3-1024x789.jpeg\" class=\"attachment-large size-large wp-image-45165\" alt=\"El arte de Francisco T\u00fan fue \u00fanico.\" srcset=\"https:\/\/soymigrante.com\/revista\/wp-content\/uploads\/2025\/09\/Francisco-Tun-el-pintor-honesto-en-el-imaginario-guatemalteco3-1024x789.jpeg 1024w, https:\/\/soymigrante.com\/revista\/wp-content\/uploads\/2025\/09\/Francisco-Tun-el-pintor-honesto-en-el-imaginario-guatemalteco3-300x231.jpeg 300w, https:\/\/soymigrante.com\/revista\/wp-content\/uploads\/2025\/09\/Francisco-Tun-el-pintor-honesto-en-el-imaginario-guatemalteco3-768x592.jpeg 768w, https:\/\/soymigrante.com\/revista\/wp-content\/uploads\/2025\/09\/Francisco-Tun-el-pintor-honesto-en-el-imaginario-guatemalteco3-750x578.jpeg 750w, https:\/\/soymigrante.com\/revista\/wp-content\/uploads\/2025\/09\/Francisco-Tun-el-pintor-honesto-en-el-imaginario-guatemalteco3.jpeg 1047w\" sizes=\"(max-width: 1024px) 100vw, 1024px\" title=\"El arte de Francisco T\u00fan fue \u00fanico. \u2013 SoyMigrante.com REVISTA\" \/>\t\t\t\t\t\t\t\t\t\t\t<figcaption class=\"widget-image-caption wp-caption-text\">El arte de Francisco T\u00fan fue \u00fanico. <\/figcaption>\n\t\t\t\t\t\t\t\t\t\t<\/figure>\n\t\t\t\t\t\t\t\t\t<\/div>\n\t\t\t\t\t<\/div>\n\t\t\t\t<\/div>\n\t\t<div data-particle_enable=\"false\" data-particle-mobile-disabled=\"false\" class=\"elementor-element elementor-element-ea36c81 e-flex e-con-boxed e-con e-parent\" data-id=\"ea36c81\" data-element_type=\"container\" data-e-type=\"container\">\n\t\t\t\t\t<div class=\"e-con-inner\">\n\t\t\t\t<div class=\"elementor-element elementor-element-1e7a72e elementor-widget elementor-widget-heading\" data-id=\"1e7a72e\" data-element_type=\"widget\" data-e-type=\"widget\" data-widget_type=\"heading.default\">\n\t\t\t\t\t<h3 class=\"elementor-heading-title elementor-size-default\">Biograf\u00eda de una vida de arte <\/h3>\t\t\t\t<\/div>\n\t\t\t\t\t<\/div>\n\t\t\t\t<\/div>\n\t\t<div data-particle_enable=\"false\" data-particle-mobile-disabled=\"false\" class=\"elementor-element elementor-element-43278f3 e-flex e-con-boxed e-con e-parent\" data-id=\"43278f3\" data-element_type=\"container\" data-e-type=\"container\">\n\t\t\t\t\t<div class=\"e-con-inner\">\n\t\t\t\t<div class=\"elementor-element elementor-element-34268ac elementor-widget elementor-widget-text-editor\" data-id=\"34268ac\" data-element_type=\"widget\" data-e-type=\"widget\" data-widget_type=\"text-editor.default\">\n\t\t\t\t\t\t\t\t\t<div><a href=\"https:\/\/cvp.url.edu.gt\/2021\/06\/21\/copia-de-dario-escobar\/\" target=\"_blank\" rel=\"noopener\">\u2022 Jos\u00e9 Francisco T\u00fan naci\u00f3 en 1948 en la Ciudad de Guatemala<\/a>, en una familia de origen ind\u00edgena y de escasos recursos.\u00a0 \u00a0<\/div>\n<div><strong>\u2022Su educaci\u00f3n formal fue limitada<\/strong>; no recibi\u00f3 formaci\u00f3n art\u00edstica acad\u00e9mica. Autodidacta, empez\u00f3 a pintar como expresi\u00f3n de su sensibilidad percibida en los entornos sociales que lo rodeaban.\u00a0 \u00a0<\/div>\n<div>\u2022Fue descubierto en concursos nacionales, entre ellos el Certamen de Pintura Shell, donde llam\u00f3 la atenci\u00f3n de la cr\u00edtica, en particular de la cr\u00edtica Edith Recourat, quien lo apoy\u00f3 como promotora.\u00a0 \u00a0<\/div>\n<div>\u2022Su trayectoria art\u00edstica m\u00e1s intensa se sit\u00faa entre aproximadamente 1969 y 1983.\u00a0 \u00a0<\/div>\n<div>\u2022Tras la muerte de Edith Recourat en 1974, se dice que T\u00fan sufri\u00f3 una crisis personal marcada por el alcoholismo, lo que lo alej\u00f3 temporalmente del \u00e1mbito expositivo durante varios a\u00f1os.\u00a0 \u00a0<\/div>\t\t\t\t\t\t\t\t<\/div>\n\t\t\t\t\t<\/div>\n\t\t\t\t<\/div>\n\t\t<div data-particle_enable=\"false\" data-particle-mobile-disabled=\"false\" class=\"elementor-element elementor-element-5735f6c e-flex e-con-boxed e-con e-parent\" data-id=\"5735f6c\" data-element_type=\"container\" data-e-type=\"container\">\n\t\t\t\t\t<div class=\"e-con-inner\">\n\t\t\t\t<div class=\"elementor-element elementor-element-6cb0bfc elementor-widget elementor-widget-image\" data-id=\"6cb0bfc\" data-element_type=\"widget\" data-e-type=\"widget\" data-widget_type=\"image.default\">\n\t\t\t\t\t\t\t\t\t\t\t\t<figure class=\"wp-caption\">\n\t\t\t\t\t\t\t\t\t\t<img decoding=\"async\" width=\"378\" height=\"400\" src=\"https:\/\/soymigrante.com\/revista\/wp-content\/uploads\/2025\/09\/Francisco-Tun-el-pintor-honesto-en-el-imaginario-guatemalteco5.jpeg\" class=\"attachment-large size-large wp-image-45166\" alt=\"Francisco T\u00fan y su arte estuvo cargado de una mezcla de im\u00e1genes urbanas pobladas por peque\u00f1os seres humanos, siempre diminutos..\" srcset=\"https:\/\/soymigrante.com\/revista\/wp-content\/uploads\/2025\/09\/Francisco-Tun-el-pintor-honesto-en-el-imaginario-guatemalteco5.jpeg 378w, https:\/\/soymigrante.com\/revista\/wp-content\/uploads\/2025\/09\/Francisco-Tun-el-pintor-honesto-en-el-imaginario-guatemalteco5-284x300.jpeg 284w\" sizes=\"(max-width: 378px) 100vw, 378px\" title=\"Francisco T\u00fan y su arte estuvo cargado de una mezcla de im\u00e1genes urbanas pobladas por peque\u00f1os seres humanos, siempre diminutos. \u2013 SoyMigrante.com REVISTA\" \/>\t\t\t\t\t\t\t\t\t\t\t<figcaption class=\"widget-image-caption wp-caption-text\">Francisco T\u00fan y su arte estuvo cargado de una mezcla de im\u00e1genes urbanas pobladas por peque\u00f1os seres humanos, siempre diminutos.<\/figcaption>\n\t\t\t\t\t\t\t\t\t\t<\/figure>\n\t\t\t\t\t\t\t\t\t<\/div>\n\t\t\t\t\t<\/div>\n\t\t\t\t<\/div>\n\t\t<div data-particle_enable=\"false\" data-particle-mobile-disabled=\"false\" class=\"elementor-element elementor-element-449efc3 e-flex e-con-boxed e-con e-parent\" data-id=\"449efc3\" data-element_type=\"container\" data-e-type=\"container\">\n\t\t\t\t\t<div class=\"e-con-inner\">\n\t\t\t\t<div class=\"elementor-element elementor-element-66a7e44 elementor-widget elementor-widget-heading\" data-id=\"66a7e44\" data-element_type=\"widget\" data-e-type=\"widget\" data-widget_type=\"heading.default\">\n\t\t\t\t\t<h3 class=\"elementor-heading-title elementor-size-default\">Caracter\u00edsticas de su arte<\/h3>\t\t\t\t<\/div>\n\t\t\t\t\t<\/div>\n\t\t\t\t<\/div>\n\t\t<div data-particle_enable=\"false\" data-particle-mobile-disabled=\"false\" class=\"elementor-element elementor-element-98d422b e-flex e-con-boxed e-con e-parent\" data-id=\"98d422b\" data-element_type=\"container\" data-e-type=\"container\">\n\t\t\t\t\t<div class=\"e-con-inner\">\n\t\t\t\t<div class=\"elementor-element elementor-element-ecb2228 elementor-widget elementor-widget-text-editor\" data-id=\"ecb2228\" data-element_type=\"widget\" data-e-type=\"widget\" data-widget_type=\"text-editor.default\">\n\t\t\t\t\t\t\t\t\t<div>\u2022 Su expresi\u00f3n pl\u00e1stica se caracteriza por paisajes abiertos, caminos estrechos que inducen rutas hacia lo desconocido, figuras humanas peque\u00f1as, casi infantiles, pero cargadas de emoci\u00f3n: soledad, nostalgia, anhelo, pero tambi\u00e9n humor y cr\u00edtica social.\u00a0 \u00a0<\/div><div>\u2022Los colores que usaba evocan lo urbano, pero tambi\u00e9n lo marginal: tonos terrosos, grises, caf\u00e9s, mezclas poco convencionales; iluminaci\u00f3n melanc\u00f3lica, pero vital.\u00a0 \u00a0<\/div><div>\u2022Una especie de abstracci\u00f3n ingenua: <a href=\"https:\/\/cvp.url.edu.gt\/2021\/06\/21\/copia-de-dario-escobar\/\" target=\"_blank\" rel=\"noopener\">abandona la perspectiva convencional, el volumen, en favor de composiciones simb\u00f3licas,<\/a> de formas simples, esenciales.\u00a0 \u00a0<\/div><div>\u2022Temas recurrentes: la ciudad de Guatemala, barrios perif\u00e9ricos, c\u00e1rceles, cantinas, el desplazamiento, los caminos (literal y figurado). Lo urbano en tensi\u00f3n con lo humano.\u00a0 \u00a0<\/div>\t\t\t\t\t\t\t\t<\/div>\n\t\t\t\t\t<\/div>\n\t\t\t\t<\/div>\n\t\t<div data-particle_enable=\"false\" data-particle-mobile-disabled=\"false\" class=\"elementor-element elementor-element-c271ebe e-flex e-con-boxed e-con e-parent\" data-id=\"c271ebe\" data-element_type=\"container\" data-e-type=\"container\">\n\t\t\t\t\t<div class=\"e-con-inner\">\n\t\t\t\t<div class=\"elementor-element elementor-element-d0fa7bd elementor-widget elementor-widget-image\" data-id=\"d0fa7bd\" data-element_type=\"widget\" data-e-type=\"widget\" data-widget_type=\"image.default\">\n\t\t\t\t\t\t\t\t\t\t\t\t<figure class=\"wp-caption\">\n\t\t\t\t\t\t\t\t\t\t<img decoding=\"async\" width=\"1024\" height=\"564\" src=\"https:\/\/soymigrante.com\/revista\/wp-content\/uploads\/2025\/09\/Paisaje-2-1024x564.jpg\" class=\"attachment-large size-large wp-image-45596\" alt=\"Extensiones de color y elementos como casas y edificios se intersectan, con la excepci\u00f3n de algunos caminos en donde transitan peque\u00f1as personas. Una representaci\u00f3n misteriosa de la soledad.\" srcset=\"https:\/\/soymigrante.com\/revista\/wp-content\/uploads\/2025\/09\/Paisaje-2-1024x564.jpg 1024w, https:\/\/soymigrante.com\/revista\/wp-content\/uploads\/2025\/09\/Paisaje-2-300x165.jpg 300w, https:\/\/soymigrante.com\/revista\/wp-content\/uploads\/2025\/09\/Paisaje-2-768x423.jpg 768w, https:\/\/soymigrante.com\/revista\/wp-content\/uploads\/2025\/09\/Paisaje-2-750x413.jpg 750w, https:\/\/soymigrante.com\/revista\/wp-content\/uploads\/2025\/09\/Paisaje-2-1140x628.jpg 1140w, https:\/\/soymigrante.com\/revista\/wp-content\/uploads\/2025\/09\/Paisaje-2.JPG 1171w\" sizes=\"(max-width: 1024px) 100vw, 1024px\" title=\"Extensiones de color y elementos como casas y edificios se intersectan, con la excepci\u00f3n de algunos caminos en donde transitan peque\u00f1as personas. Una representaci\u00f3n misteriosa de la soledad. \u2013 SoyMigrante.com REVISTA\" \/>\t\t\t\t\t\t\t\t\t\t\t<figcaption class=\"widget-image-caption wp-caption-text\">Extensiones de color y elementos como casas y edificios se intersectan, con la excepci\u00f3n de algunos caminos en donde transitan peque\u00f1as personas. Una representaci\u00f3n misteriosa de la soledad.<\/figcaption>\n\t\t\t\t\t\t\t\t\t\t<\/figure>\n\t\t\t\t\t\t\t\t\t<\/div>\n\t\t\t\t\t<\/div>\n\t\t\t\t<\/div>\n\t\t<div data-particle_enable=\"false\" data-particle-mobile-disabled=\"false\" class=\"elementor-element elementor-element-3396d78 e-flex e-con-boxed e-con e-parent\" data-id=\"3396d78\" data-element_type=\"container\" data-e-type=\"container\">\n\t\t\t\t\t<div class=\"e-con-inner\">\n\t\t\t\t<div class=\"elementor-element elementor-element-e995c26 elementor-widget elementor-widget-heading\" data-id=\"e995c26\" data-element_type=\"widget\" data-e-type=\"widget\" data-widget_type=\"heading.default\">\n\t\t\t\t\t<h3 class=\"elementor-heading-title elementor-size-default\">Reconocimientos y exposiciones<\/h3>\t\t\t\t<\/div>\n\t\t\t\t\t<\/div>\n\t\t\t\t<\/div>\n\t\t<div data-particle_enable=\"false\" data-particle-mobile-disabled=\"false\" class=\"elementor-element elementor-element-f35e8d6 e-flex e-con-boxed e-con e-parent\" data-id=\"f35e8d6\" data-element_type=\"container\" data-e-type=\"container\">\n\t\t\t\t\t<div class=\"e-con-inner\">\n\t\t\t\t<div class=\"elementor-element elementor-element-1ce44c9 elementor-widget elementor-widget-text-editor\" data-id=\"1ce44c9\" data-element_type=\"widget\" data-e-type=\"widget\" data-widget_type=\"text-editor.default\">\n\t\t\t\t\t\t\t\t\t<div>\u2022 Exposiciones en espacios como la Escuela Nacional de Artes Pl\u00e1sticas, la Alianza Francesa, el Instituto Guatemalteco Americano, y galer\u00edas como Macondo, Urraca, La Reforma y El T\u00fan.\u00a0 \u00a0<\/div><div>\u2022Aunque no hay evidencia clara de premios formales extensos (como concursos nacionales de muy alto perfil, medallas estatales, etc.), su reconocimiento vino de la cr\u00edtica especializada, de coleccionistas, y del hecho de que su obra fue expuesta en muestras importantes; tambi\u00e9n se le ha revitalizado su presencia mediante exposiciones retrospectivas y publicaciones.\u00a0 \u00a0<\/div><div>\u2022En 1996, el Museo Nacional de Arte Moderno (\u201cCarlos M\u00e9rida\u201d) realiz\u00f3 una exposici\u00f3n retrospectiva con casi un centenar de sus piezas, acompa\u00f1ada de la publicaci\u00f3n de un libro sobre su vida y obra.\u00a0 \u00a0<\/div>\t\t\t\t\t\t\t\t<\/div>\n\t\t\t\t\t<\/div>\n\t\t\t\t<\/div>\n\t\t<div data-particle_enable=\"false\" data-particle-mobile-disabled=\"false\" class=\"elementor-element elementor-element-0ea6002 e-flex e-con-boxed e-con e-parent\" data-id=\"0ea6002\" data-element_type=\"container\" data-e-type=\"container\">\n\t\t\t\t\t<div class=\"e-con-inner\">\n\t\t\t\t<div class=\"elementor-element elementor-element-b8c6e7a elementor-widget elementor-widget-image\" data-id=\"b8c6e7a\" data-element_type=\"widget\" data-e-type=\"widget\" data-widget_type=\"image.default\">\n\t\t\t\t\t\t\t\t\t\t\t\t<figure class=\"wp-caption\">\n\t\t\t\t\t\t\t\t\t\t<img loading=\"lazy\" decoding=\"async\" width=\"890\" height=\"852\" src=\"https:\/\/soymigrante.com\/revista\/wp-content\/uploads\/2025\/09\/Francisco-Tun-el-pintor-honesto-en-el-imaginario-guatemalteco7.jpeg\" class=\"attachment-large size-large wp-image-45167\" alt=\"Aunque se desconoce que ocurri\u00f3 con el artista Francisco T\u00fan, su arte tiene un espacio permanente en la historia est\u00e9tica de Guatemala\" srcset=\"https:\/\/soymigrante.com\/revista\/wp-content\/uploads\/2025\/09\/Francisco-Tun-el-pintor-honesto-en-el-imaginario-guatemalteco7.jpeg 890w, https:\/\/soymigrante.com\/revista\/wp-content\/uploads\/2025\/09\/Francisco-Tun-el-pintor-honesto-en-el-imaginario-guatemalteco7-300x287.jpeg 300w, https:\/\/soymigrante.com\/revista\/wp-content\/uploads\/2025\/09\/Francisco-Tun-el-pintor-honesto-en-el-imaginario-guatemalteco7-768x735.jpeg 768w, https:\/\/soymigrante.com\/revista\/wp-content\/uploads\/2025\/09\/Francisco-Tun-el-pintor-honesto-en-el-imaginario-guatemalteco7-750x718.jpeg 750w\" sizes=\"(max-width: 890px) 100vw, 890px\" title=\"Aunque se desconoce que ocurri\u00f3 con el artista  Francisco T\u00fan, su arte tiene un espacio permanente en la historia est\u00e9tica de Guatemala \u2013 SoyMigrante.com REVISTA\" \/>\t\t\t\t\t\t\t\t\t\t\t<figcaption class=\"widget-image-caption wp-caption-text\">Aunque se desconoce que ocurri\u00f3 con el artista  Francisco T\u00fan, su arte tiene un espacio permanente en la historia est\u00e9tica de Guatemala<\/figcaption>\n\t\t\t\t\t\t\t\t\t\t<\/figure>\n\t\t\t\t\t\t\t\t\t<\/div>\n\t\t\t\t\t<\/div>\n\t\t\t\t<\/div>\n\t\t<div data-particle_enable=\"false\" data-particle-mobile-disabled=\"false\" class=\"elementor-element elementor-element-c8d3f77 e-flex e-con-boxed e-con e-parent\" data-id=\"c8d3f77\" data-element_type=\"container\" data-e-type=\"container\">\n\t\t\t\t\t<div class=\"e-con-inner\">\n\t\t\t\t<div class=\"elementor-element elementor-element-526abfe elementor-widget elementor-widget-heading\" data-id=\"526abfe\" data-element_type=\"widget\" data-e-type=\"widget\" data-widget_type=\"heading.default\">\n\t\t\t\t\t<h3 class=\"elementor-heading-title elementor-size-default\">Muerte \/ desaparici\u00f3n<\/h3>\t\t\t\t<\/div>\n\t\t\t\t\t<\/div>\n\t\t\t\t<\/div>\n\t\t<div data-particle_enable=\"false\" data-particle-mobile-disabled=\"false\" class=\"elementor-element elementor-element-3e9046e e-flex e-con-boxed e-con e-parent\" data-id=\"3e9046e\" data-element_type=\"container\" data-e-type=\"container\">\n\t\t\t\t\t<div class=\"e-con-inner\">\n\t\t\t\t<div class=\"elementor-element elementor-element-61575fe elementor-widget elementor-widget-text-editor\" data-id=\"61575fe\" data-element_type=\"widget\" data-e-type=\"widget\" data-widget_type=\"text-editor.default\">\n\t\t\t\t\t\t\t\t\t<div>\u2022 A finales de los a\u00f1os ochenta se perdi\u00f3 su rastro, y se cree que Francisco T\u00fan falleci\u00f3 en 1989.\u00a0 \u00a0<\/div><div>\u2022Las circunstancias exactas de su muerte son inciertas; algunas versiones se\u00f1alan un accidente de tr\u00e1nsito; otras apuntan que su vida personal estuvo marcada por la vulnerabilidad, el alcoholismo, el retiro voluntario de los c\u00edrculos de exhibici\u00f3n.\u00a0 \u00a0<\/div>\t\t\t\t\t\t\t\t<\/div>\n\t\t\t\t\t<\/div>\n\t\t\t\t<\/div>\n\t\t<div data-particle_enable=\"false\" data-particle-mobile-disabled=\"false\" class=\"elementor-element elementor-element-7152af7 e-flex e-con-boxed e-con e-parent\" data-id=\"7152af7\" data-element_type=\"container\" data-e-type=\"container\">\n\t\t\t\t\t<div class=\"e-con-inner\">\n\t\t\t\t<div class=\"elementor-element elementor-element-a772ede elementor-widget elementor-widget-image\" data-id=\"a772ede\" data-element_type=\"widget\" data-e-type=\"widget\" data-widget_type=\"image.default\">\n\t\t\t\t\t\t\t\t\t\t\t\t<figure class=\"wp-caption\">\n\t\t\t\t\t\t\t\t\t\t<img loading=\"lazy\" decoding=\"async\" width=\"1024\" height=\"653\" src=\"https:\/\/soymigrante.com\/revista\/wp-content\/uploads\/2025\/09\/Francisco-Tun-el-pintor-honesto-en-el-imaginario-guatemalteco6-1024x653.jpeg\" class=\"attachment-large size-large wp-image-45168\" alt=\"Francisco T\u00fan pintaba sobre tablas, cartones y despu\u00e9s en lienzos, pero su tem\u00e1tica continu\u00f3 inmutable: reflejar grandes espacios en los cuales el ser humano aparece de manera muy peque\u00f1a.\" srcset=\"https:\/\/soymigrante.com\/revista\/wp-content\/uploads\/2025\/09\/Francisco-Tun-el-pintor-honesto-en-el-imaginario-guatemalteco6-1024x653.jpeg 1024w, https:\/\/soymigrante.com\/revista\/wp-content\/uploads\/2025\/09\/Francisco-Tun-el-pintor-honesto-en-el-imaginario-guatemalteco6-300x191.jpeg 300w, https:\/\/soymigrante.com\/revista\/wp-content\/uploads\/2025\/09\/Francisco-Tun-el-pintor-honesto-en-el-imaginario-guatemalteco6-768x490.jpeg 768w, https:\/\/soymigrante.com\/revista\/wp-content\/uploads\/2025\/09\/Francisco-Tun-el-pintor-honesto-en-el-imaginario-guatemalteco6-750x478.jpeg 750w, https:\/\/soymigrante.com\/revista\/wp-content\/uploads\/2025\/09\/Francisco-Tun-el-pintor-honesto-en-el-imaginario-guatemalteco6.jpeg 1029w\" sizes=\"(max-width: 1024px) 100vw, 1024px\" title=\"Francisco T\u00fan pintaba sobre tablas, cartones y despu\u00e9s en lienzos, pero su tem\u00e1tica continu\u00f3 inmutable: reflejar grandes espacios en los cuales el ser humano aparece de manera muy peque\u00f1a. \u2013 SoyMigrante.com REVISTA\" \/>\t\t\t\t\t\t\t\t\t\t\t<figcaption class=\"widget-image-caption wp-caption-text\">Francisco T\u00fan pintaba sobre tablas, cartones y despu\u00e9s en lienzos, pero su tem\u00e1tica continu\u00f3 inmutable: reflejar grandes espacios en los cuales el ser humano aparece de manera muy peque\u00f1a.<\/figcaption>\n\t\t\t\t\t\t\t\t\t\t<\/figure>\n\t\t\t\t\t\t\t\t\t<\/div>\n\t\t\t\t\t<\/div>\n\t\t\t\t<\/div>\n\t\t<div data-particle_enable=\"false\" data-particle-mobile-disabled=\"false\" class=\"elementor-element elementor-element-8d729a8 e-flex e-con-boxed e-con e-parent\" data-id=\"8d729a8\" data-element_type=\"container\" data-e-type=\"container\">\n\t\t\t\t\t<div class=\"e-con-inner\">\n\t\t\t\t<div class=\"elementor-element elementor-element-90b3bca elementor-widget elementor-widget-text-editor\" data-id=\"90b3bca\" data-element_type=\"widget\" data-e-type=\"widget\" data-widget_type=\"text-editor.default\">\n\t\t\t\t\t\t\t\t\t<p><a href=\"https:\/\/cvp.url.edu.gt\/2021\/06\/21\/copia-de-dario-escobar\/\" target=\"_blank\" rel=\"noopener\">Hoy, decenas de a\u00f1os despu\u00e9s, Francisco T\u00fan se ha convertido en un referente de lo que significa el arte popular, marginal,<\/a> pero profundamente aut\u00e9ntico. Su nombre aparece en libros, tesis, exhibiciones retrospectivas, y hace poco fue objeto de un cortometraje documental llamado T\u00fan T\u00fan, que busca reconstruir su vida y su obra para nuevos p\u00fablicos.<\/p><p>Aunque su trabajo no recibi\u00f3 todos los reconocimientos institucionales que quiz\u00e1 merec\u00eda en vida, su legado persiste en quienes estudian la cultura guatemalteca, en quienes buscan comprender las ra\u00edces sociales y emocionales de lo urbano, y en quienes ven en su arte un puente entre la cr\u00edtica social y la ternura po\u00e9tica.<\/p>\t\t\t\t\t\t\t\t<\/div>\n\t\t\t\t\t<\/div>\n\t\t\t\t<\/div>\n\t\t<div data-particle_enable=\"false\" data-particle-mobile-disabled=\"false\" class=\"elementor-element elementor-element-fbc26d9 e-flex e-con-boxed e-con e-parent\" data-id=\"fbc26d9\" data-element_type=\"container\" data-e-type=\"container\">\n\t\t\t\t\t<div class=\"e-con-inner\">\n\t\t\t\t<div class=\"elementor-element elementor-element-648a1c3 elementor-widget elementor-widget-heading\" data-id=\"648a1c3\" data-element_type=\"widget\" data-e-type=\"widget\" data-widget_type=\"heading.default\">\n\t\t\t\t\t<h2 class=\"elementor-heading-title elementor-size-default\">M\u00e1s arte, m\u00e1s creatividad<\/h2>\t\t\t\t<\/div>\n\t\t\t\t\t<\/div>\n\t\t\t\t<\/div>\n\t\t<div data-particle_enable=\"false\" data-particle-mobile-disabled=\"false\" class=\"elementor-element elementor-element-8c8cdc9 e-flex e-con-boxed e-con e-parent\" data-id=\"8c8cdc9\" data-element_type=\"container\" data-e-type=\"container\">\n\t\t\t\t\t<div class=\"e-con-inner\">\n\t\t\t\t<div class=\"elementor-element elementor-element-4088ff6 elementor-grid-eael-col-3 elementor-grid-tablet-eael-col-2 elementor-grid-mobile-eael-col-1 elementor-widget elementor-widget-eael-post-grid\" data-id=\"4088ff6\" data-element_type=\"widget\" data-e-type=\"widget\" data-settings=\"{&quot;eael_post_grid_columns&quot;:&quot;eael-col-3&quot;,&quot;eael_post_grid_columns_tablet&quot;:&quot;eael-col-2&quot;,&quot;eael_post_grid_columns_mobile&quot;:&quot;eael-col-1&quot;}\" data-widget_type=\"eael-post-grid.default\">\n\t\t\t\t\t<div id=\"eael-post-grid-4088ff6\" class=\"eael-post-grid-container\">\n            <div class=\"eael-post-grid eael-post-appender eael-post-appender-4088ff6 eael-post-grid-style-one\" data-layout-mode=\"masonry\"><article class=\"eael-grid-post  eael-post-grid-column eael-pg-post-43400 category-arte-cultura\" data-id=\"43400\">\n        <div class=\"eael-grid-post-holder\">\n            <div class=\"eael-grid-post-holder-inner\"><div class=\"eael-entry-media\"><div class=\"eael-entry-overlay fade-in\"><i class=\"far fa-hand-pointer\" aria-hidden=\"true\"><\/i><a href=\"https:\/\/soymigrante.com\/revista\/efrain-recinos-un-genio-del-arte-guatemalteco-que-vivira-siempre\/\"><\/a><\/div><div class=\"eael-entry-thumbnail eael-image-ratio\">\n                <img loading=\"lazy\" decoding=\"async\" width=\"421\" height=\"416\" src=\"https:\/\/soymigrante.com\/revista\/wp-content\/uploads\/2025\/09\/Guatemalita-de-Efrain-Recinos.png\" class=\"attachment-large size-large wp-image-43608\" alt=\"Guatemalita de Efra\u00edn Recinos\" srcset=\"https:\/\/soymigrante.com\/revista\/wp-content\/uploads\/2025\/09\/Guatemalita-de-Efrain-Recinos.png 421w, https:\/\/soymigrante.com\/revista\/wp-content\/uploads\/2025\/09\/Guatemalita-de-Efrain-Recinos-300x296.png 300w, https:\/\/soymigrante.com\/revista\/wp-content\/uploads\/2025\/09\/Guatemalita-de-Efrain-Recinos-75x75.png 75w\" sizes=\"(max-width: 421px) 100vw, 421px\" \/>\n            <\/div>\n        <\/div><div class=\"eael-entry-wrapper\"><header class=\"eael-entry-header\"><h2 class=\"eael-entry-title\"><a class=\"eael-grid-post-link\" href=\"https:\/\/soymigrante.com\/revista\/efrain-recinos-un-genio-del-arte-guatemalteco-que-vivira-siempre\/\" title=\"Mira arte guatemalteco: Efra\u00edn Recinos, un genio que sigue a la vista de todos\">Mira arte guatemalteco: Efra\u00edn Recinos, un genio que sigue a la vista de todos<\/a><\/h2><\/header><div class=\"eael-entry-content\">\n                        <div class=\"eael-grid-post-excerpt\"><a href=\"https:\/\/soymigrante.com\/revista\/efrain-recinos-un-genio-del-arte-guatemalteco-que-vivira-siempre\/\" class=\"eael-post-elements-readmore-btn\">CONOCE SU HISTORIA <\/a><\/div>\n                    <\/div><\/div><\/div>\n        <\/div>\n    <\/article><article class=\"eael-grid-post  eael-post-grid-column eael-pg-post-43829 category-arte-cultura-guate-nuestra\" data-id=\"43829\">\n        <div class=\"eael-grid-post-holder\">\n            <div class=\"eael-grid-post-holder-inner\"><div class=\"eael-entry-media\"><div class=\"eael-entry-overlay fade-in\"><i class=\"far fa-hand-pointer\" aria-hidden=\"true\"><\/i><a href=\"https:\/\/soymigrante.com\/revista\/juan-sisay-arte-guatemalteco-maya-tzutujil-atitlan\/\"><\/a><\/div><div class=\"eael-entry-thumbnail eael-image-ratio\">\n                <img loading=\"lazy\" decoding=\"async\" width=\"485\" height=\"485\" src=\"https:\/\/soymigrante.com\/revista\/wp-content\/uploads\/2025\/09\/Juan-Sisay1-e1757021856514.jpeg\" class=\"attachment-large size-large wp-image-43830\" alt=\"Juan Sisay: el artista guatemalteco que retrat\u00f3 la identidad tz&#039;utuj&#039;il desde dentro. El artista fue asesinado en abril de 1989 despu\u00e9s de haber pintado acerca de una masacre cometida en Santiago Atitl\u00e1n durante el conflicto armado interno. (Retrato por Miguel Ch\u00e1vez)\" srcset=\"https:\/\/soymigrante.com\/revista\/wp-content\/uploads\/2025\/09\/Juan-Sisay1-e1757021856514.jpeg 485w, https:\/\/soymigrante.com\/revista\/wp-content\/uploads\/2025\/09\/Juan-Sisay1-e1757021856514-300x300.jpeg 300w, https:\/\/soymigrante.com\/revista\/wp-content\/uploads\/2025\/09\/Juan-Sisay1-e1757021856514-150x150.jpeg 150w, https:\/\/soymigrante.com\/revista\/wp-content\/uploads\/2025\/09\/Juan-Sisay1-e1757021856514-75x75.jpeg 75w\" sizes=\"(max-width: 485px) 100vw, 485px\" \/>\n            <\/div>\n        <\/div><div class=\"eael-entry-wrapper\"><header class=\"eael-entry-header\"><h2 class=\"eael-entry-title\"><a class=\"eael-grid-post-link\" href=\"https:\/\/soymigrante.com\/revista\/juan-sisay-arte-guatemalteco-maya-tzutujil-atitlan\/\" title=\"Mira arte guatemalteco: Pintor tz&#8217;utuj&#8217;il Juan Sisay origin\u00f3 la pintura popular de Atitl\u00e1n\">Mira arte guatemalteco: Pintor tz&#8217;utuj&#8217;il Juan Sisay origin\u00f3 la pintura popular de Atitl\u00e1n<\/a><\/h2><\/header><div class=\"eael-entry-content\">\n                        <div class=\"eael-grid-post-excerpt\"><a href=\"https:\/\/soymigrante.com\/revista\/juan-sisay-arte-guatemalteco-maya-tzutujil-atitlan\/\" class=\"eael-post-elements-readmore-btn\">CONOCE SU HISTORIA <\/a><\/div>\n                    <\/div><\/div><\/div>\n        <\/div>\n    <\/article><article class=\"eael-grid-post  eael-post-grid-column eael-pg-post-43891 category-arte-cultura-guate-nuestra\" data-id=\"43891\">\n        <div class=\"eael-grid-post-holder\">\n            <div class=\"eael-grid-post-holder-inner\"><div class=\"eael-entry-media\"><div class=\"eael-entry-overlay fade-in\"><i class=\"far fa-hand-pointer\" aria-hidden=\"true\"><\/i><a href=\"https:\/\/soymigrante.com\/revista\/mira-arte-guatemalteco-la-mirada-magica-de-rina-lazo\/\"><\/a><\/div><div class=\"eael-entry-thumbnail eael-image-ratio\">\n                <img loading=\"lazy\" decoding=\"async\" width=\"500\" height=\"500\" src=\"https:\/\/soymigrante.com\/revista\/wp-content\/uploads\/2025\/09\/Rina-lazo-2.jpg\" class=\"attachment-large size-large wp-image-43892\" alt=\"Rina Lazo: El trazo de una identidad mesoamericana\" srcset=\"https:\/\/soymigrante.com\/revista\/wp-content\/uploads\/2025\/09\/Rina-lazo-2.jpg 500w, https:\/\/soymigrante.com\/revista\/wp-content\/uploads\/2025\/09\/Rina-lazo-2-300x300.jpg 300w, https:\/\/soymigrante.com\/revista\/wp-content\/uploads\/2025\/09\/Rina-lazo-2-150x150.jpg 150w, https:\/\/soymigrante.com\/revista\/wp-content\/uploads\/2025\/09\/Rina-lazo-2-75x75.jpg 75w\" sizes=\"(max-width: 500px) 100vw, 500px\" \/>\n            <\/div>\n        <\/div><div class=\"eael-entry-wrapper\"><header class=\"eael-entry-header\"><h2 class=\"eael-entry-title\"><a class=\"eael-grid-post-link\" href=\"https:\/\/soymigrante.com\/revista\/mira-arte-guatemalteco-la-mirada-magica-de-rina-lazo\/\" title=\"Mira arte guatemalteco: La mirada m\u00e1gica de Rina Lazo\">Mira arte guatemalteco: La mirada m\u00e1gica de Rina Lazo<\/a><\/h2><\/header><div class=\"eael-entry-content\">\n                        <div class=\"eael-grid-post-excerpt\"><a href=\"https:\/\/soymigrante.com\/revista\/mira-arte-guatemalteco-la-mirada-magica-de-rina-lazo\/\" class=\"eael-post-elements-readmore-btn\">CONOCE SU HISTORIA <\/a><\/div>\n                    <\/div><\/div><\/div>\n        <\/div>\n    <\/article><\/div>\n            <div class=\"clearfix\"><\/div>\n        <\/div>\t\t\t\t<\/div>\n\t\t\t\t\t<\/div>\n\t\t\t\t<\/div>\n\t\t\t\t<\/div>\n\t\t","protected":false},"excerpt":{"rendered":"<p>Francisco T\u00fan (1948-1989) fue un pintor guatemalteco que, sin formaci\u00f3n acad\u00e9mica, logr\u00f3 crear obras tan sorprendentes y enigm\u00e1ticas que a\u00fan siguen haciendo historia. En medio de la vibrante escena art\u00edstica de Guatemala de las d\u00e9cadas de 1970 y 1980 emergi\u00f3 un creador singular: Francisco T\u00fan. Hombre de origen humilde, sin formaci\u00f3n acad\u00e9mica en artes pl\u00e1sticas, [&hellip;]<\/p>\n","protected":false},"author":19,"featured_media":45591,"comment_status":"open","ping_status":"open","sticky":false,"template":"","format":"standard","meta":{"_acf_changed":false,"_eb_attr":"","footnotes":""},"categories":[91,58],"tags":[],"class_list":["post-45158","post","type-post","status-publish","format-standard","has-post-thumbnail","hentry","category-arte-cultura","category-guate-nuestra"],"acf":[],"aioseo_notices":[],"aioseo_head":"\n\t\t<!-- All in One SEO Pro 4.9.6.2 - aioseo.com -->\n\t<meta name=\"description\" content=\"Rina Lazo (1923-2019) retrat\u00f3 la grandeza maya y reflej\u00f3 la cultura guatemalteca en lienzos y murales. Se form\u00f3 y gan\u00f3 fama en M\u00e9xico pero su alma era de quetzal.\" \/>\n\t<meta name=\"robots\" content=\"max-snippet:-1, max-image-preview:large, max-video-preview:-1\" \/>\n\t<meta name=\"author\" content=\"Marysabel Aldana\"\/>\n\t<link rel=\"canonical\" href=\"https:\/\/soymigrante.com\/revista\/mira-arte-guatemalteco-la-mirada-magica-de-rina-lazo\/\" \/>\n\t<meta name=\"generator\" content=\"All in One SEO Pro (AIOSEO) 4.9.6.2\" \/>\n\n\t\t<link rel=\"preconnect\" href=\"https:\/\/fonts.googleapis.com\" crossorigin>\n<link rel=\"preconnect\" href=\"https:\/\/fonts.gstatic.com\" crossorigin>\n\t\t<meta property=\"og:locale\" content=\"es_ES\" \/>\n\t\t<meta property=\"og:site_name\" content=\"SoyMigrante.com REVISTA \u2013 Nuestra misi\u00f3n es reconocer y dignificar al migrante.\" \/>\n\t\t<meta property=\"og:type\" content=\"article\" \/>\n\t\t<meta property=\"og:title\" content=\"Mira arte guatemalteco: La mirada m\u00e1gica de Rina Lazo\" \/>\n\t\t<meta property=\"og:description\" content=\"Rina Lazo (1923-2019) retrat\u00f3 la grandeza maya y reflej\u00f3 la cultura guatemalteca en lienzos y murales. Se form\u00f3 y gan\u00f3 fama en M\u00e9xico pero su alma era de quetzal.\" \/>\n\t\t<meta property=\"og:url\" content=\"https:\/\/soymigrante.com\/revista\/mira-arte-guatemalteco-la-mirada-magica-de-rina-lazo\/\" \/>\n\t\t<meta property=\"og:image\" content=\"https:\/\/soymigrante.com\/revista\/wp-content\/uploads\/2025\/09\/Rina-lazo-2.jpg\" \/>\n\t\t<meta property=\"og:image:secure_url\" content=\"https:\/\/soymigrante.com\/revista\/wp-content\/uploads\/2025\/09\/Rina-lazo-2.jpg\" \/>\n\t\t<meta property=\"og:image:width\" content=\"500\" \/>\n\t\t<meta property=\"og:image:height\" content=\"500\" \/>\n\t\t<meta property=\"article:published_time\" content=\"2025-09-08T11:30:00+00:00\" \/>\n\t\t<meta property=\"article:modified_time\" content=\"2025-09-08T04:42:09+00:00\" \/>\n\t\t<meta property=\"article:publisher\" content=\"https:\/\/www.facebook.com\/soymigrantecom\" \/>\n\t\t<meta name=\"twitter:card\" content=\"summary_large_image\" \/>\n\t\t<meta name=\"twitter:site\" content=\"@SoyMigrante_com\" \/>\n\t\t<meta name=\"twitter:title\" content=\"Mira arte guatemalteco: La mirada m\u00e1gica de Rina Lazo\" \/>\n\t\t<meta name=\"twitter:description\" content=\"Rina Lazo (1923-2019) retrat\u00f3 la grandeza maya y reflej\u00f3 la cultura guatemalteca en lienzos y murales. Se form\u00f3 y gan\u00f3 fama en M\u00e9xico pero su alma era de quetzal.\" \/>\n\t\t<meta name=\"twitter:creator\" content=\"@SoyMigrante_com\" \/>\n\t\t<meta name=\"twitter:image\" content=\"https:\/\/soymigrante.com\/revista\/wp-content\/uploads\/2025\/09\/Rina-lazo-2.jpg\" \/>\n\t\t<!-- All in One SEO Pro -->\r\n\t\t<title>Mira arte guatemalteco: La mirada m\u00e1gica de Rina Lazo<\/title>\n\n","aioseo_head_json":{"title":"Mira arte guatemalteco: La mirada m\u00e1gica de Rina Lazo","description":"Rina Lazo (1923-2019) retrat\u00f3 la grandeza maya y reflej\u00f3 la cultura guatemalteca en lienzos y murales. Se form\u00f3 y gan\u00f3 fama en M\u00e9xico pero su alma era de quetzal.","canonical_url":"https:\/\/soymigrante.com\/revista\/mira-arte-guatemalteco-la-mirada-magica-de-rina-lazo\/","robots":"max-snippet:-1, max-image-preview:large, max-video-preview:-1","keywords":"","webmasterTools":{"miscellaneous":"&lt;link rel=\"preconnect\" href=\"https:\/\/fonts.googleapis.com\" crossorigin&gt;\n&lt;link rel=\"preconnect\" href=\"https:\/\/fonts.gstatic.com\" crossorigin&gt;"},"schema":null,"og:locale":"es_ES","og:site_name":"SoyMigrante.com REVISTA \u2013 Nuestra misi\u00f3n es reconocer y dignificar al migrante.","og:type":"article","og:title":"Mira arte guatemalteco: La mirada m\u00e1gica de Rina Lazo","og:description":"Rina Lazo (1923-2019) retrat\u00f3 la grandeza maya y reflej\u00f3 la cultura guatemalteca en lienzos y murales. Se form\u00f3 y gan\u00f3 fama en M\u00e9xico pero su alma era de quetzal.","og:url":"https:\/\/soymigrante.com\/revista\/mira-arte-guatemalteco-la-mirada-magica-de-rina-lazo\/","og:image":"https:\/\/soymigrante.com\/revista\/wp-content\/uploads\/2025\/09\/Rina-lazo-2.jpg","og:image:secure_url":"https:\/\/soymigrante.com\/revista\/wp-content\/uploads\/2025\/09\/Rina-lazo-2.jpg","og:image:width":500,"og:image:height":500,"article:published_time":"2025-09-08T11:30:00+00:00","article:modified_time":"2025-09-08T04:42:09+00:00","article:publisher":"https:\/\/www.facebook.com\/soymigrantecom","twitter:card":"summary_large_image","twitter:site":"@SoyMigrante_com","twitter:title":"Mira arte guatemalteco: La mirada m\u00e1gica de Rina Lazo","twitter:description":"Rina Lazo (1923-2019) retrat\u00f3 la grandeza maya y reflej\u00f3 la cultura guatemalteca en lienzos y murales. Se form\u00f3 y gan\u00f3 fama en M\u00e9xico pero su alma era de quetzal.","twitter:creator":"@SoyMigrante_com","twitter:image":"https:\/\/soymigrante.com\/revista\/wp-content\/uploads\/2025\/09\/Rina-lazo-2.jpg"},"aioseo_meta_data":{"post_id":"45158","title":"La misteriosa aparici\u00f3n y desaparici\u00f3n de Francisco T\u00fan","description":"Francisco T\u00fan (1948-1989) es uno de los artistas guatemaltecos m\u00e1s peculiares y enigm\u00e1ticos. Su estilo evoca soledades y contrastes que intrigan.","keywords":null,"keyphrases":{"focus":{"keyphrase":"Francisco T\u00fan","score":91,"analysis":{"keyphraseInTitle":{"score":9,"maxScore":9,"error":0},"keyphraseInDescription":{"score":9,"maxScore":9,"error":0},"keyphraseLength":{"score":9,"maxScore":9,"error":0,"length":3},"keyphraseInURL":{"score":5,"maxScore":5,"error":0},"keyphraseInIntroduction":{"score":9,"maxScore":9,"error":0},"keyphraseInSubHeadings":{"score":3,"maxScore":9,"error":1},"keyphraseInImageAlt":{"score":9,"maxScore":9,"error":0},"keywordDensity":{"type":"best","score":9,"maxScore":9,"error":0}}},"additional":[{"keyphrase":"guatemalteco","score":73,"analysis":{"keyphraseInDescription":{"score":3,"maxScore":9,"error":1},"keyphraseLength":{"score":9,"maxScore":9,"error":0,"length":1},"keyphraseInIntroduction":{"score":3,"maxScore":9,"error":1},"keyphraseInImageAlt":{"score":9,"maxScore":9,"error":0},"keywordDensity":{"type":"best","score":9,"maxScore":9,"error":0}}}]},"primary_term":null,"canonical_url":null,"og_title":null,"og_description":null,"og_object_type":"default","og_image_type":"default","og_image_url":null,"og_image_width":null,"og_image_height":null,"og_image_custom_url":null,"og_image_custom_fields":null,"og_video":"","og_custom_url":null,"og_article_section":null,"og_article_tags":null,"twitter_use_og":false,"twitter_card":"default","twitter_image_type":"default","twitter_image_url":null,"twitter_image_custom_url":null,"twitter_image_custom_fields":null,"twitter_title":null,"twitter_description":null,"schema":{"blockGraphs":[],"customGraphs":[],"default":{"data":{"Article":[],"Course":[],"Dataset":[],"FAQPage":[],"Movie":[],"Person":[],"Product":[],"ProductReview":[],"Car":[],"Recipe":[],"Service":[],"SoftwareApplication":[],"WebPage":[]},"graphName":"none","isEnabled":true},"graphs":[]},"schema_type":"default","schema_type_options":null,"pillar_content":false,"robots_default":true,"robots_noindex":false,"robots_noarchive":false,"robots_nosnippet":false,"robots_nofollow":false,"robots_noimageindex":false,"robots_noodp":false,"robots_notranslate":false,"robots_max_snippet":"-1","robots_max_videopreview":"-1","robots_max_imagepreview":"large","priority":null,"frequency":"default","local_seo":null,"seo_analyzer_scan_date":"2025-10-09 08:45:02","breadcrumb_settings":null,"limit_modified_date":false,"reviewed_by":"0","open_ai":null,"ai":{"faqs":[],"keyPoints":[],"titles":[],"descriptions":[],"socialPosts":{"email":[],"linkedin":[],"twitter":[],"facebook":[],"instagram":[]}},"created":"2025-09-17 17:44:36","updated":"2026-02-05 05:42:34"},"aioseo_breadcrumb":"<div class=\"aioseo-breadcrumbs\"><span class=\"aioseo-breadcrumb\">\n\t<a href=\"https:\/\/soymigrante.com\/revista\" title=\"Home\">Home<\/a>\n<\/span><span class=\"aioseo-breadcrumb-separator\">\u00bb<\/span><span class=\"aioseo-breadcrumb\">\n\t<a href=\"https:\/\/soymigrante.com\/revista\/category\/guate-nuestra\/\" title=\"Guate Nuestra\">Guate Nuestra<\/a>\n<\/span><span class=\"aioseo-breadcrumb-separator\">\u00bb<\/span><span class=\"aioseo-breadcrumb\">\n\t<a href=\"https:\/\/soymigrante.com\/revista\/category\/guate-nuestra\/arte-cultura\/\" title=\"Cultura de Guatemala\">Cultura de Guatemala<\/a>\n<\/span><span class=\"aioseo-breadcrumb-separator\">\u00bb<\/span><span class=\"aioseo-breadcrumb\">\n\tMira arte guatemalteco: la misteriosa aparici\u00f3n y desaparici\u00f3n de Francisco Tun\n<\/span><\/div>","aioseo_breadcrumb_json":[{"label":"Home","link":"https:\/\/soymigrante.com\/revista"},{"label":"Guate Nuestra","link":"https:\/\/soymigrante.com\/revista\/category\/guate-nuestra\/"},{"label":"Cultura de Guatemala","link":"https:\/\/soymigrante.com\/revista\/category\/guate-nuestra\/arte-cultura\/"},{"label":"Mira arte guatemalteco: la misteriosa aparici\u00f3n y desaparici\u00f3n de Francisco Tun","link":"https:\/\/soymigrante.com\/revista\/mira-arte-guatemalteco-la-misteriosa-aparicion-y-desaparicion-de-francisco-tun\/"}],"_links":{"self":[{"href":"https:\/\/soymigrante.com\/revista\/wp-json\/wp\/v2\/posts\/45158","targetHints":{"allow":["GET"]}}],"collection":[{"href":"https:\/\/soymigrante.com\/revista\/wp-json\/wp\/v2\/posts"}],"about":[{"href":"https:\/\/soymigrante.com\/revista\/wp-json\/wp\/v2\/types\/post"}],"author":[{"embeddable":true,"href":"https:\/\/soymigrante.com\/revista\/wp-json\/wp\/v2\/users\/19"}],"replies":[{"embeddable":true,"href":"https:\/\/soymigrante.com\/revista\/wp-json\/wp\/v2\/comments?post=45158"}],"version-history":[{"count":20,"href":"https:\/\/soymigrante.com\/revista\/wp-json\/wp\/v2\/posts\/45158\/revisions"}],"predecessor-version":[{"id":45988,"href":"https:\/\/soymigrante.com\/revista\/wp-json\/wp\/v2\/posts\/45158\/revisions\/45988"}],"wp:featuredmedia":[{"embeddable":true,"href":"https:\/\/soymigrante.com\/revista\/wp-json\/wp\/v2\/media\/45591"}],"wp:attachment":[{"href":"https:\/\/soymigrante.com\/revista\/wp-json\/wp\/v2\/media?parent=45158"}],"wp:term":[{"taxonomy":"category","embeddable":true,"href":"https:\/\/soymigrante.com\/revista\/wp-json\/wp\/v2\/categories?post=45158"},{"taxonomy":"post_tag","embeddable":true,"href":"https:\/\/soymigrante.com\/revista\/wp-json\/wp\/v2\/tags?post=45158"}],"curies":[{"name":"wp","href":"https:\/\/api.w.org\/{rel}","templated":true}]}}