{"id":45154,"date":"2025-09-17T12:18:09","date_gmt":"2025-09-17T18:18:09","guid":{"rendered":"https:\/\/soymigrante.com\/revista\/?p=45154"},"modified":"2025-09-17T12:30:57","modified_gmt":"2025-09-17T18:30:57","slug":"fascinacion-por-el-quetzal-inspira-lienzos-de-libertad","status":"publish","type":"post","link":"https:\/\/soymigrante.com\/revista\/fascinacion-por-el-quetzal-inspira-lienzos-de-libertad\/","title":{"rendered":"Fascinaci\u00f3n por el Quetzal inspira lienzos de libertad"},"content":{"rendered":"\t\t<div data-elementor-type=\"wp-post\" data-elementor-id=\"45154\" class=\"elementor elementor-45154\" data-elementor-post-type=\"post\">\n\t\t\t\t<div data-particle_enable=\"false\" data-particle-mobile-disabled=\"false\" class=\"elementor-element elementor-element-7108bf9 e-flex e-con-boxed e-con e-parent\" data-id=\"7108bf9\" data-element_type=\"container\" data-e-type=\"container\">\n\t\t\t\t\t<div class=\"e-con-inner\">\n\t\t\t\t<div class=\"elementor-element elementor-element-9bb7f7d elementor-widget elementor-widget-heading\" data-id=\"9bb7f7d\" data-element_type=\"widget\" data-e-type=\"widget\" data-widget_type=\"heading.default\">\n\t\t\t\t\t<h2 class=\"elementor-heading-title elementor-size-default\">Un ideal de libertad y amor patrio se refleja en cada quetzal de la serie creada por el artista guatemalteco Alejandro Wer, quien estudi\u00f3 en Nueva York y trabaja en Antigua Guatemala.<\/h2>\t\t\t\t<\/div>\n\t\t\t\t\t<\/div>\n\t\t\t\t<\/div>\n\t\t<div data-particle_enable=\"false\" data-particle-mobile-disabled=\"false\" class=\"elementor-element elementor-element-fff4f65 e-flex e-con-boxed e-con e-parent\" data-id=\"fff4f65\" data-element_type=\"container\" data-e-type=\"container\">\n\t\t\t\t\t<div class=\"e-con-inner\">\n\t\t\t\t<div class=\"elementor-element elementor-element-13303b1 elementor-widget elementor-widget-text-editor\" data-id=\"13303b1\" data-element_type=\"widget\" data-e-type=\"widget\" data-widget_type=\"text-editor.default\">\n\t\t\t\t\t\t\t\t\t<p>En la reserva del Quetzal de San Rafael Pie de la Cuesta, <a href=\"https:\/\/soymigrante.com\/revista\/departamentos-de-guatemala-san-marcos-tierra-de-las-cumbres-mas-altas\/\">Sab Marcos<\/a>, el artista guatemalteco Alejandro Wer pudo ver por primera vez en vivo y en libertad al ave nacional de Guatemala. Ese recuerdo se refleja en la serie de pinturas que le dedic\u00f3.<\/p><p>&#8220;Hace muchos a\u00f1os v\u00ed un <a href=\"https:\/\/soymigrante.com\/revista\/10-datos-del-quetzal-que-tal-vez-ya-conocias-o-quiza-no\/\">Quetzal <\/a>tambi\u00e9n, pero estaba disecado. Y me conmovi\u00f3 pensar que nuestra ave nacional muere cuando est\u00e1 en cautiverio. Por eso es un s\u00edmbolo de libertad viva, en las monta\u00f1as de Guatemala&#8221;, epxresa Wer, quien tiene m\u00e1s de 50 a\u00f1os de carrera pict\u00f3rica. Se gradu\u00f3 en la Universidad de Arte y Dise\u00f1o de Nueva York.<\/p>\t\t\t\t\t\t\t\t<\/div>\n\t\t\t\t\t<\/div>\n\t\t\t\t<\/div>\n\t\t<div data-particle_enable=\"false\" data-particle-mobile-disabled=\"false\" class=\"elementor-element elementor-element-7819398 e-flex e-con-boxed e-con e-parent\" data-id=\"7819398\" data-element_type=\"container\" data-e-type=\"container\">\n\t\t\t\t\t<div class=\"e-con-inner\">\n\t\t\t\t<div class=\"elementor-element elementor-element-866bb22 elementor-arrows-position-inside elementor-pagination-position-outside elementor-widget elementor-widget-image-carousel\" data-id=\"866bb22\" data-element_type=\"widget\" data-e-type=\"widget\" data-settings=\"{&quot;slides_to_show&quot;:&quot;1&quot;,&quot;navigation&quot;:&quot;both&quot;,&quot;autoplay&quot;:&quot;yes&quot;,&quot;pause_on_hover&quot;:&quot;yes&quot;,&quot;pause_on_interaction&quot;:&quot;yes&quot;,&quot;autoplay_speed&quot;:5000,&quot;infinite&quot;:&quot;yes&quot;,&quot;effect&quot;:&quot;slide&quot;,&quot;speed&quot;:500}\" data-widget_type=\"image-carousel.default\">\n\t\t\t\t\t\t\t<div class=\"elementor-image-carousel-wrapper swiper\" role=\"region\" aria-roledescription=\"carousel\" aria-label=\"Carrusel de im\u00e1genes\" dir=\"ltr\">\n\t\t\t<div class=\"elementor-image-carousel swiper-wrapper\" aria-live=\"off\">\n\t\t\t\t\t\t\t\t<div class=\"swiper-slide\" role=\"group\" aria-roledescription=\"slide\" aria-label=\"1 de 4\"><figure class=\"swiper-slide-inner\"><img decoding=\"async\" class=\"swiper-slide-image\" src=\"https:\/\/soymigrante.com\/revista\/wp-content\/uploads\/2025\/09\/alejandro-wer-pinturas-4-672x1024.jpg\" alt=\"Cuadro de la serie Quetzal, esp\u00edritu de Guatemala, en la cual se representa al ave s\u00edmbolo nacional em ambientes que invitan a imaginar su gran valor como emblema de libertad y grandes ideales. (Pinturas del artista Alejandro Wer)\" \/><figcaption class=\"elementor-image-carousel-caption\">Cuadro de la serie Quetzal, esp\u00edritu de Guatemala, en la cual se representa al ave s\u00edmbolo nacional em ambientes que invitan a imaginar su gran valor como emblema de libertad y grandes ideales. (Pinturas del artista Alejandro Wer)<\/figcaption><\/figure><\/div><div class=\"swiper-slide\" role=\"group\" aria-roledescription=\"slide\" aria-label=\"2 de 4\"><figure class=\"swiper-slide-inner\"><img decoding=\"async\" class=\"swiper-slide-image\" src=\"https:\/\/soymigrante.com\/revista\/wp-content\/uploads\/2025\/09\/alejandro-wer-pinturas-5-596x1024.jpg\" alt=\"Cuadro de la serie Quetzal, esp\u00edritu de Guatemala, en la cual se representa al ave s\u00edmbolo nacional em ambientes que invitan a imaginar su gran valor como emblema de libertad y grandes ideales. (Pinturas del artista Alejandro Wer)\" \/><figcaption class=\"elementor-image-carousel-caption\">Cuadro de la serie Quetzal, esp\u00edritu de Guatemala, en la cual se representa al ave s\u00edmbolo nacional em ambientes que invitan a imaginar su gran valor como emblema de libertad y grandes ideales. (Pinturas del artista Alejandro Wer)<\/figcaption><\/figure><\/div><div class=\"swiper-slide\" role=\"group\" aria-roledescription=\"slide\" aria-label=\"3 de 4\"><figure class=\"swiper-slide-inner\"><img decoding=\"async\" class=\"swiper-slide-image\" src=\"https:\/\/soymigrante.com\/revista\/wp-content\/uploads\/2025\/09\/alejandro-wer-pinturas-6.jpg\" alt=\"Cuadro de la serie Quetzal, esp\u00edritu de Guatemala, en la cual se representa al ave s\u00edmbolo nacional em ambientes que invitan a imaginar su gran valor como emblema de libertad y grandes ideales. (Pinturas del artista Alejandro Wer)\" \/><figcaption class=\"elementor-image-carousel-caption\">Cuadro de la serie Quetzal, esp\u00edritu de Guatemala, en la cual se representa al ave s\u00edmbolo nacional em ambientes que invitan a imaginar su gran valor como emblema de libertad y grandes ideales. (Pinturas del artista Alejandro Wer)<\/figcaption><\/figure><\/div><div class=\"swiper-slide\" role=\"group\" aria-roledescription=\"slide\" aria-label=\"4 de 4\"><figure class=\"swiper-slide-inner\"><img decoding=\"async\" class=\"swiper-slide-image\" src=\"https:\/\/soymigrante.com\/revista\/wp-content\/uploads\/2025\/09\/alejandro-wer-pinturas-1-818x1024.jpg\" alt=\"Cuadro de la serie Quetzal, esp\u00edritu de Guatemala, en la cual se representa al ave s\u00edmbolo nacional em ambientes que invitan a imaginar su gran valor como emblema de libertad y grandes ideales. (Pinturas del artista Alejandro Wer)\" \/><figcaption class=\"elementor-image-carousel-caption\">Cuadro de la serie Quetzal, esp\u00edritu de Guatemala, en la cual se representa al ave s\u00edmbolo nacional em ambientes que invitan a imaginar su gran valor como emblema de libertad y grandes ideales. (Pinturas del artista Alejandro Wer)<\/figcaption><\/figure><\/div>\t\t\t<\/div>\n\t\t\t\t\t\t\t\t\t\t\t\t<div class=\"elementor-swiper-button elementor-swiper-button-prev\" role=\"button\" tabindex=\"0\">\n\t\t\t\t\t\t<i aria-hidden=\"true\" class=\"eicon-chevron-left\"><\/i>\t\t\t\t\t<\/div>\n\t\t\t\t\t<div class=\"elementor-swiper-button elementor-swiper-button-next\" role=\"button\" tabindex=\"0\">\n\t\t\t\t\t\t<i aria-hidden=\"true\" class=\"eicon-chevron-right\"><\/i>\t\t\t\t\t<\/div>\n\t\t\t\t\n\t\t\t\t\t\t\t\t\t<div class=\"swiper-pagination\"><\/div>\n\t\t\t\t\t\t\t\t\t<\/div>\n\t\t\t\t\t\t<\/div>\n\t\t\t\t\t<\/div>\n\t\t\t\t<\/div>\n\t\t<div data-particle_enable=\"false\" data-particle-mobile-disabled=\"false\" class=\"elementor-element elementor-element-6505c00 e-flex e-con-boxed e-con e-parent\" data-id=\"6505c00\" data-element_type=\"container\" data-e-type=\"container\">\n\t\t\t\t\t<div class=\"e-con-inner\">\n\t\t\t\t<div class=\"elementor-element elementor-element-fe34e6d elementor-widget elementor-widget-text-editor\" data-id=\"fe34e6d\" data-element_type=\"widget\" data-e-type=\"widget\" data-widget_type=\"text-editor.default\">\n\t\t\t\t\t\t\t\t\t<p>A lo largo de su carrera ha pintado infinidad de temas. Especialmente famosos son sus quijotes, princesas y tambi\u00e9n aves de todo tipo, sobre todo colibr\u00edes.\u00a0 Paisajes fant\u00e1sticos y temas referidos a Guatemala completan su trayectoria. Pero la serie el <a href=\"https:\/\/soymigrante.com\/revista\/10-datos-del-quetzal-que-tal-vez-ya-conocias-o-quiza-no\/\">Quetzal, Alma de Guatemala<\/a> es simplemente deslumbrante.<\/p><p>&#8220;La fascinaci\u00f3n con el Quetzal es total, porque en verdad nos representa a los guatemaltecos. Y para este septiembre, en el mes patrio, elabor\u00e9 varias escenas: volando, posado en una rama, tambi\u00e9n surcando el aire junto a otros quetzales&#8221;, a\u00f1ade el artista.\u00a0<\/p>\t\t\t\t\t\t\t\t<\/div>\n\t\t\t\t\t<\/div>\n\t\t\t\t<\/div>\n\t\t<div data-particle_enable=\"false\" data-particle-mobile-disabled=\"false\" class=\"elementor-element elementor-element-4779d1d e-flex e-con-boxed e-con e-parent\" data-id=\"4779d1d\" data-element_type=\"container\" data-e-type=\"container\">\n\t\t\t\t\t<div class=\"e-con-inner\">\n\t\t\t\t<div class=\"elementor-element elementor-element-293fbea elementor-widget elementor-widget-image\" data-id=\"293fbea\" data-element_type=\"widget\" data-e-type=\"widget\" data-widget_type=\"image.default\">\n\t\t\t\t\t\t\t\t\t\t\t\t<figure class=\"wp-caption\">\n\t\t\t\t\t\t\t\t\t\t<img fetchpriority=\"high\" decoding=\"async\" width=\"1024\" height=\"746\" src=\"https:\/\/soymigrante.com\/revista\/wp-content\/uploads\/2025\/09\/alejandro-wer-pinturas-3-1024x746.jpg\" class=\"attachment-large size-large wp-image-45180\" alt=\"Alejandro Wer naci\u00f3 en Guatemala en 1958. Estudi\u00f3 pintura en la Escuela de Arte y Dise\u00f1o de Nueva York y actualmente trabaja desde Antigua Guatemala.\" srcset=\"https:\/\/soymigrante.com\/revista\/wp-content\/uploads\/2025\/09\/alejandro-wer-pinturas-3-1024x746.jpg 1024w, https:\/\/soymigrante.com\/revista\/wp-content\/uploads\/2025\/09\/alejandro-wer-pinturas-3-300x219.jpg 300w, https:\/\/soymigrante.com\/revista\/wp-content\/uploads\/2025\/09\/alejandro-wer-pinturas-3-768x560.jpg 768w, https:\/\/soymigrante.com\/revista\/wp-content\/uploads\/2025\/09\/alejandro-wer-pinturas-3-120x86.jpg 120w, https:\/\/soymigrante.com\/revista\/wp-content\/uploads\/2025\/09\/alejandro-wer-pinturas-3-750x546.jpg 750w, https:\/\/soymigrante.com\/revista\/wp-content\/uploads\/2025\/09\/alejandro-wer-pinturas-3-1140x831.jpg 1140w, https:\/\/soymigrante.com\/revista\/wp-content\/uploads\/2025\/09\/alejandro-wer-pinturas-3.jpg 1470w\" sizes=\"(max-width: 1024px) 100vw, 1024px\" title=\"Alejandro Wer naci\u00f3 en Guatemala en 1958. Estudi\u00f3 pintura en la Escuela de Arte y Dise\u00f1o de Nueva York y actualmente trabaja desde Antigua Guatemala. \u2013 SoyMigrante.com REVISTA\" \/>\t\t\t\t\t\t\t\t\t\t\t<figcaption class=\"widget-image-caption wp-caption-text\">Alejandro Wer naci\u00f3 en Guatemala en 1958. Estudi\u00f3 pintura en la Escuela de Arte y Dise\u00f1o de Nueva York y actualmente trabaja desde Antigua Guatemala.<\/figcaption>\n\t\t\t\t\t\t\t\t\t\t<\/figure>\n\t\t\t\t\t\t\t\t\t<\/div>\n\t\t\t\t\t<\/div>\n\t\t\t\t<\/div>\n\t\t<div data-particle_enable=\"false\" data-particle-mobile-disabled=\"false\" class=\"elementor-element elementor-element-6c28992 e-flex e-con-boxed e-con e-parent\" data-id=\"6c28992\" data-element_type=\"container\" data-e-type=\"container\">\n\t\t\t\t\t<div class=\"e-con-inner\">\n\t\t\t\t<div class=\"elementor-element elementor-element-0d6e096 elementor-widget elementor-widget-text-editor\" data-id=\"0d6e096\" data-element_type=\"widget\" data-e-type=\"widget\" data-widget_type=\"text-editor.default\">\n\t\t\t\t\t\t\t\t\t<p>&#8220;<a href=\"https:\/\/soymigrante.com\/revista\/el-quetzal-de-piedra-en-palin-escuintla-historia-ubicacion-y-significado\/\">El quetzal<\/a> est\u00e1 lleno de simbolismo desde tiempos prehisp\u00e1nicos. Ese color verde intenso es un desaf\u00edo lograrlo. El contraste con el ojo del pecho es dram\u00e1tico e impactante. Quer\u00eda colocarlo en donde siempre debe estar: libre, y volando alto&#8221;, afirma <a href=\"https:\/\/www.instagram.com\/galeriawer\/?hl=es\">Wer, cuya galer\u00eda est\u00e1 siempre abierta al p\u00fablico.<\/a><\/p>\t\t\t\t\t\t\t\t<\/div>\n\t\t\t\t\t<\/div>\n\t\t\t\t<\/div>\n\t\t<div data-particle_enable=\"false\" data-particle-mobile-disabled=\"false\" class=\"elementor-element elementor-element-5d7fd92 e-flex e-con-boxed e-con e-parent\" data-id=\"5d7fd92\" data-element_type=\"container\" data-e-type=\"container\">\n\t\t\t\t\t<div class=\"e-con-inner\">\n\t\t\t\t<div class=\"elementor-element elementor-element-3a36cdf elementor-widget elementor-widget-html\" data-id=\"3a36cdf\" data-element_type=\"widget\" data-e-type=\"widget\" data-widget_type=\"html.default\">\n\t\t\t\t\t<iframe src=\"https:\/\/www.facebook.com\/plugins\/video.php?height=476&href=https%3A%2F%2Fwww.facebook.com%2Fgaleriawer%2Fvideos%2F665934690884841%2F&show_text=true&width=267&t=0\" width=\"267\" height=\"591\" style=\"border:none;overflow:hidden\" scrolling=\"no\" frameborder=\"0\" allowfullscreen=\"true\" allow=\"autoplay; clipboard-write; encrypted-media; picture-in-picture; web-share\" allowFullScreen=\"true\"><\/iframe>\t\t\t\t<\/div>\n\t\t\t\t\t<\/div>\n\t\t\t\t<\/div>\n\t\t<div data-particle_enable=\"false\" data-particle-mobile-disabled=\"false\" class=\"elementor-element elementor-element-a966a98 e-flex e-con-boxed e-con e-parent\" data-id=\"a966a98\" data-element_type=\"container\" data-e-type=\"container\">\n\t\t\t\t\t<div class=\"e-con-inner\">\n\t\t\t\t<div class=\"elementor-element elementor-element-c5ab53d elementor-widget elementor-widget-heading\" data-id=\"c5ab53d\" data-element_type=\"widget\" data-e-type=\"widget\" data-widget_type=\"heading.default\">\n\t\t\t\t\t<h2 class=\"elementor-heading-title elementor-size-default\">Guatemala, tierra de artistas<\/h2>\t\t\t\t<\/div>\n\t\t\t\t\t<\/div>\n\t\t\t\t<\/div>\n\t\t<div data-particle_enable=\"false\" data-particle-mobile-disabled=\"false\" class=\"elementor-element elementor-element-7d65e26 e-flex e-con-boxed e-con e-parent\" data-id=\"7d65e26\" data-element_type=\"container\" data-e-type=\"container\">\n\t\t\t\t\t<div class=\"e-con-inner\">\n\t\t\t\t<div class=\"elementor-element elementor-element-e48eada elementor-grid-eael-col-3 elementor-grid-tablet-eael-col-2 elementor-grid-mobile-eael-col-1 elementor-widget elementor-widget-eael-post-grid\" data-id=\"e48eada\" data-element_type=\"widget\" data-e-type=\"widget\" data-settings=\"{&quot;eael_post_grid_columns&quot;:&quot;eael-col-3&quot;,&quot;eael_post_grid_columns_tablet&quot;:&quot;eael-col-2&quot;,&quot;eael_post_grid_columns_mobile&quot;:&quot;eael-col-1&quot;}\" data-widget_type=\"eael-post-grid.default\">\n\t\t\t\t\t<div id=\"eael-post-grid-e48eada\" class=\"eael-post-grid-container\">\n            <div class=\"eael-post-grid eael-post-appender eael-post-appender-e48eada eael-post-grid-style-one\" data-layout-mode=\"masonry\"><article class=\"eael-grid-post  eael-post-grid-column eael-pg-post-43829 category-arte-cultura-guate-nuestra\" data-id=\"43829\">\n        <div class=\"eael-grid-post-holder\">\n            <div class=\"eael-grid-post-holder-inner\"><div class=\"eael-entry-media\"><div class=\"eael-entry-overlay fade-in\"><i class=\"far fa-hand-pointer\" aria-hidden=\"true\"><\/i><a href=\"https:\/\/soymigrante.com\/revista\/juan-sisay-arte-guatemalteco-maya-tzutujil-atitlan\/\"><\/a><\/div><div class=\"eael-entry-thumbnail eael-image-ratio\">\n                <img decoding=\"async\" width=\"485\" height=\"485\" src=\"https:\/\/soymigrante.com\/revista\/wp-content\/uploads\/2025\/09\/Juan-Sisay1-e1757021856514.jpeg\" class=\"attachment-large size-large wp-image-43830\" alt=\"Juan Sisay: el artista guatemalteco que retrat\u00f3 la identidad tz&#039;utuj&#039;il desde dentro. El artista fue asesinado en abril de 1989 despu\u00e9s de haber pintado acerca de una masacre cometida en Santiago Atitl\u00e1n durante el conflicto armado interno. (Retrato por Miguel Ch\u00e1vez)\" srcset=\"https:\/\/soymigrante.com\/revista\/wp-content\/uploads\/2025\/09\/Juan-Sisay1-e1757021856514.jpeg 485w, https:\/\/soymigrante.com\/revista\/wp-content\/uploads\/2025\/09\/Juan-Sisay1-e1757021856514-300x300.jpeg 300w, https:\/\/soymigrante.com\/revista\/wp-content\/uploads\/2025\/09\/Juan-Sisay1-e1757021856514-150x150.jpeg 150w, https:\/\/soymigrante.com\/revista\/wp-content\/uploads\/2025\/09\/Juan-Sisay1-e1757021856514-75x75.jpeg 75w\" sizes=\"(max-width: 485px) 100vw, 485px\" \/>\n            <\/div>\n        <\/div><div class=\"eael-entry-wrapper\"><header class=\"eael-entry-header\"><h2 class=\"eael-entry-title\"><a class=\"eael-grid-post-link\" href=\"https:\/\/soymigrante.com\/revista\/juan-sisay-arte-guatemalteco-maya-tzutujil-atitlan\/\" title=\"Mira arte guatemalteco: Pintor tz&#8217;utuj&#8217;il Juan Sisay origin\u00f3 la pintura popular de Atitl\u00e1n\">Mira arte guatemalteco: Pintor tz&#8217;utuj&#8217;il Juan Sisay origin\u00f3 la pintura popular de Atitl\u00e1n<\/a><\/h2><\/header><div class=\"eael-entry-content\">\n                        <div class=\"eael-grid-post-excerpt\"><a href=\"https:\/\/soymigrante.com\/revista\/juan-sisay-arte-guatemalteco-maya-tzutujil-atitlan\/\" class=\"eael-post-elements-readmore-btn\">CONOCE SU HISTORIA <\/a><\/div>\n                    <\/div><\/div><\/div>\n        <\/div>\n    <\/article><article class=\"eael-grid-post  eael-post-grid-column eael-pg-post-1084 category-exitos tags-california\" data-id=\"1084\">\n        <div class=\"eael-grid-post-holder\">\n            <div class=\"eael-grid-post-holder-inner\"><div class=\"eael-entry-media\"><div class=\"eael-entry-overlay fade-in\"><i class=\"far fa-hand-pointer\" aria-hidden=\"true\"><\/i><a href=\"https:\/\/soymigrante.com\/revista\/nuestro-deber-es-impulsar-nuevos-suenos-raul-monterroso-artista-y-constructor-en-l-a\/\"><\/a><\/div><div class=\"eael-entry-thumbnail eael-image-ratio\">\n                <img decoding=\"async\" width=\"719\" height=\"719\" src=\"https:\/\/soymigrante.com\/revista\/wp-content\/uploads\/2023\/05\/senor-con-raul.webp\" class=\"attachment-large size-large wp-image-20784\" alt=\"Cristo crucificado y figuras religiosas en un altar en una presentaci\u00f3n cultural.\" srcset=\"https:\/\/soymigrante.com\/revista\/wp-content\/uploads\/2023\/05\/senor-con-raul.webp 719w, https:\/\/soymigrante.com\/revista\/wp-content\/uploads\/2023\/05\/senor-con-raul-300x300.jpg 300w, https:\/\/soymigrante.com\/revista\/wp-content\/uploads\/2023\/05\/senor-con-raul-150x150.jpg 150w, https:\/\/soymigrante.com\/revista\/wp-content\/uploads\/2023\/05\/senor-con-raul-75x75.webp 75w\" sizes=\"(max-width: 719px) 100vw, 719px\" \/>\n            <\/div>\n        <\/div><div class=\"eael-entry-wrapper\"><header class=\"eael-entry-header\"><h2 class=\"eael-entry-title\"><a class=\"eael-grid-post-link\" href=\"https:\/\/soymigrante.com\/revista\/nuestro-deber-es-impulsar-nuevos-suenos-raul-monterroso-artista-y-constructor-en-l-a\/\" title=\"Artista migrante Ra\u00fal Monterroso  elabora piezas en homenaje a emblemas de Guatemala\">Artista migrante Ra\u00fal Monterroso  elabora piezas en homenaje a emblemas de Guatemala<\/a><\/h2><\/header><div class=\"eael-entry-content\">\n                        <div class=\"eael-grid-post-excerpt\"><a href=\"https:\/\/soymigrante.com\/revista\/nuestro-deber-es-impulsar-nuevos-suenos-raul-monterroso-artista-y-constructor-en-l-a\/\" class=\"eael-post-elements-readmore-btn\">CONOCE SU HISTORIA <\/a><\/div>\n                    <\/div><\/div><\/div>\n        <\/div>\n    <\/article><article class=\"eael-grid-post  eael-post-grid-column eael-pg-post-26386 category-guate-nuestra tags-mercado-emprendedores\" data-id=\"26386\">\n        <div class=\"eael-grid-post-holder\">\n            <div class=\"eael-grid-post-holder-inner\"><div class=\"eael-entry-media\"><div class=\"eael-entry-overlay fade-in\"><i class=\"far fa-hand-pointer\" aria-hidden=\"true\"><\/i><a href=\"https:\/\/soymigrante.com\/revista\/bazar-de-artistas-comalapenses-ofrece-creatividad-y-tradicion-su-tienda-digital\/\"><\/a><\/div><div class=\"eael-entry-thumbnail eael-image-ratio\">\n                <img loading=\"lazy\" decoding=\"async\" width=\"778\" height=\"778\" src=\"https:\/\/soymigrante.com\/revista\/wp-content\/uploads\/2025\/02\/comalapense.webp\" class=\"attachment-large size-large wp-image-26387\" alt=\"Cultura ind\u00edgena y arte popular mexicana en exposici\u00f3n de SoyMigrante.com REVISTA con recursos art\u00edsticos y culturales.\" srcset=\"https:\/\/soymigrante.com\/revista\/wp-content\/uploads\/2025\/02\/comalapense.webp 778w, https:\/\/soymigrante.com\/revista\/wp-content\/uploads\/2025\/02\/comalapense-300x300.jpg 300w, https:\/\/soymigrante.com\/revista\/wp-content\/uploads\/2025\/02\/comalapense-150x150.jpg 150w, https:\/\/soymigrante.com\/revista\/wp-content\/uploads\/2025\/02\/comalapense-768x768.jpg 768w, https:\/\/soymigrante.com\/revista\/wp-content\/uploads\/2025\/02\/comalapense-75x75.webp 75w, https:\/\/soymigrante.com\/revista\/wp-content\/uploads\/2025\/02\/comalapense-750x750.webp 750w\" sizes=\"(max-width: 778px) 100vw, 778px\" \/>\n            <\/div>\n        <\/div><div class=\"eael-entry-wrapper\"><header class=\"eael-entry-header\"><h2 class=\"eael-entry-title\"><a class=\"eael-grid-post-link\" href=\"https:\/\/soymigrante.com\/revista\/bazar-de-artistas-comalapenses-ofrece-creatividad-y-tradicion-su-tienda-digital\/\" title=\"Bazar de Artistas Comalapenses ofrece creatividad y tradici\u00f3n su tienda digital\">Bazar de Artistas Comalapenses ofrece creatividad y tradici\u00f3n su tienda digital<\/a><\/h2><\/header><div class=\"eael-entry-content\">\n                        <div class=\"eael-grid-post-excerpt\"><a href=\"https:\/\/soymigrante.com\/revista\/bazar-de-artistas-comalapenses-ofrece-creatividad-y-tradicion-su-tienda-digital\/\" class=\"eael-post-elements-readmore-btn\">CONOCE SU HISTORIA <\/a><\/div>\n                    <\/div><\/div><\/div>\n        <\/div>\n    <\/article><\/div>\n            <div class=\"clearfix\"><\/div>\n        <\/div>\t\t\t\t<\/div>\n\t\t\t\t\t<\/div>\n\t\t\t\t<\/div>\n\t\t\t\t<\/div>\n\t\t","protected":false},"excerpt":{"rendered":"<p>Un ideal de libertad y amor patrio se refleja en cada quetzal de la serie creada por el artista guatemalteco Alejandro Wer, quien estudi\u00f3 en Nueva York y trabaja en Antigua Guatemala. En la reserva del Quetzal de San Rafael Pie de la Cuesta, Sab Marcos, el artista guatemalteco Alejandro Wer pudo ver por primera [&hellip;]<\/p>\n","protected":false},"author":7,"featured_media":45187,"comment_status":"open","ping_status":"open","sticky":false,"template":"","format":"standard","meta":{"_acf_changed":false,"_eb_attr":"","footnotes":""},"categories":[58],"tags":[],"class_list":["post-45154","post","type-post","status-publish","format-standard","has-post-thumbnail","hentry","category-guate-nuestra"],"acf":[],"aioseo_notices":[],"aioseo_head":"\n\t\t<!-- All in One SEO Pro 4.9.6.2 - aioseo.com -->\n\t<meta name=\"description\" content=\"Bazar de Artistas Comalapenses es una plataforma cultural y de comercio de creaciones artesanales de San Juan Comalapa, impulsada por el artista Wilson Sotz.\" \/>\n\t<meta name=\"robots\" content=\"max-snippet:-1, max-image-preview:large, max-video-preview:-1\" \/>\n\t<meta name=\"author\" content=\"Gustavo Montenegro\"\/>\n\t<link rel=\"canonical\" href=\"https:\/\/soymigrante.com\/revista\/bazar-de-artistas-comalapenses-ofrece-creatividad-y-tradicion-su-tienda-digital\/\" \/>\n\t<meta name=\"generator\" content=\"All in One SEO Pro (AIOSEO) 4.9.6.2\" \/>\n\n\t\t<link rel=\"preconnect\" href=\"https:\/\/fonts.googleapis.com\" crossorigin>\n<link rel=\"preconnect\" href=\"https:\/\/fonts.gstatic.com\" crossorigin>\n\t\t<meta property=\"og:locale\" content=\"es_ES\" \/>\n\t\t<meta property=\"og:site_name\" content=\"SoyMigrante.com REVISTA \u2013 Nuestra misi\u00f3n es reconocer y dignificar al migrante.\" \/>\n\t\t<meta property=\"og:type\" content=\"article\" \/>\n\t\t<meta property=\"og:title\" content=\"Bazar de Artistas Comalapenses ya lleg\u00f3 a MERCADO\" \/>\n\t\t<meta property=\"og:description\" content=\"Bazar de Artistas Comalapenses es una plataforma cultural y de comercio de creaciones artesanales de San Juan Comalapa, impulsada por el artista Wilson Sotz.\" \/>\n\t\t<meta property=\"og:url\" content=\"https:\/\/soymigrante.com\/revista\/bazar-de-artistas-comalapenses-ofrece-creatividad-y-tradicion-su-tienda-digital\/\" \/>\n\t\t<meta property=\"og:image\" content=\"https:\/\/soymigrante.com\/revista\/wp-content\/uploads\/2025\/02\/comalapense.webp\" \/>\n\t\t<meta property=\"og:image:secure_url\" content=\"https:\/\/soymigrante.com\/revista\/wp-content\/uploads\/2025\/02\/comalapense.webp\" \/>\n\t\t<meta property=\"og:image:width\" content=\"778\" \/>\n\t\t<meta property=\"og:image:height\" content=\"778\" \/>\n\t\t<meta property=\"article:published_time\" content=\"2025-02-25T18:25:17+00:00\" \/>\n\t\t<meta property=\"article:modified_time\" content=\"2025-07-25T18:50:35+00:00\" \/>\n\t\t<meta property=\"article:publisher\" content=\"https:\/\/www.facebook.com\/soymigrantecom\" \/>\n\t\t<meta name=\"twitter:card\" content=\"summary_large_image\" \/>\n\t\t<meta name=\"twitter:site\" content=\"@SoyMigrante_com\" \/>\n\t\t<meta name=\"twitter:title\" content=\"Bazar de Artistas Comalapenses ya lleg\u00f3 a MERCADO\" \/>\n\t\t<meta name=\"twitter:description\" content=\"Bazar de Artistas Comalapenses es una plataforma cultural y de comercio de creaciones artesanales de San Juan Comalapa, impulsada por el artista Wilson Sotz.\" \/>\n\t\t<meta name=\"twitter:creator\" content=\"@SoyMigrante_com\" \/>\n\t\t<meta name=\"twitter:image\" content=\"https:\/\/soymigrante.com\/revista\/wp-content\/uploads\/2025\/02\/comalapense.webp\" \/>\n\t\t<!-- All in One SEO Pro -->\r\n\t\t<title>Bazar de Artistas Comalapenses ya lleg\u00f3 a MERCADO<\/title>\n\n","aioseo_head_json":{"title":"Bazar de Artistas Comalapenses ya lleg\u00f3 a MERCADO","description":"Bazar de Artistas Comalapenses es una plataforma cultural y de comercio de creaciones artesanales de San Juan Comalapa, impulsada por el artista Wilson Sotz.","canonical_url":"https:\/\/soymigrante.com\/revista\/bazar-de-artistas-comalapenses-ofrece-creatividad-y-tradicion-su-tienda-digital\/","robots":"max-snippet:-1, max-image-preview:large, max-video-preview:-1","keywords":"","webmasterTools":{"miscellaneous":"&lt;link rel=\"preconnect\" href=\"https:\/\/fonts.googleapis.com\" crossorigin&gt;\n&lt;link rel=\"preconnect\" href=\"https:\/\/fonts.gstatic.com\" crossorigin&gt;"},"schema":null,"og:locale":"es_ES","og:site_name":"SoyMigrante.com REVISTA \u2013 Nuestra misi\u00f3n es reconocer y dignificar al migrante.","og:type":"article","og:title":"Bazar de Artistas Comalapenses ya lleg\u00f3 a MERCADO","og:description":"Bazar de Artistas Comalapenses es una plataforma cultural y de comercio de creaciones artesanales de San Juan Comalapa, impulsada por el artista Wilson Sotz.","og:url":"https:\/\/soymigrante.com\/revista\/bazar-de-artistas-comalapenses-ofrece-creatividad-y-tradicion-su-tienda-digital\/","og:image":"https:\/\/soymigrante.com\/revista\/wp-content\/uploads\/2025\/02\/comalapense.webp","og:image:secure_url":"https:\/\/soymigrante.com\/revista\/wp-content\/uploads\/2025\/02\/comalapense.webp","og:image:width":778,"og:image:height":778,"article:published_time":"2025-02-25T18:25:17+00:00","article:modified_time":"2025-07-25T18:50:35+00:00","article:publisher":"https:\/\/www.facebook.com\/soymigrantecom","twitter:card":"summary_large_image","twitter:site":"@SoyMigrante_com","twitter:title":"Bazar de Artistas Comalapenses ya lleg\u00f3 a MERCADO","twitter:description":"Bazar de Artistas Comalapenses es una plataforma cultural y de comercio de creaciones artesanales de San Juan Comalapa, impulsada por el artista Wilson Sotz.","twitter:creator":"@SoyMigrante_com","twitter:image":"https:\/\/soymigrante.com\/revista\/wp-content\/uploads\/2025\/02\/comalapense.webp"},"aioseo_meta_data":{"post_id":"45154","title":null,"description":"Quetzales en libertad, en vuelo alto o perchados en paz, plasma el pintor guatemalteco Alejandro Wer quien estudi\u00f3 arte en Estados Unidos.","keywords":null,"keyphrases":{"focus":{"keyphrase":"Quetzal","score":82,"analysis":{"keyphraseInTitle":{"score":9,"maxScore":9,"error":0},"keyphraseInDescription":{"score":3,"maxScore":9,"error":1},"keyphraseLength":{"score":9,"maxScore":9,"error":0,"length":1},"keyphraseInURL":{"score":5,"maxScore":5,"error":0},"keyphraseInIntroduction":{"score":9,"maxScore":9,"error":0},"keyphraseInSubHeadings":{"score":3,"maxScore":9,"error":1},"keyphraseInImageAlt":{"score":9,"maxScore":9,"error":0},"keywordDensity":{"type":"best","score":9,"maxScore":9,"error":0}}},"additional":[{"keyphrase":"Quetzales","score":53,"analysis":{"keyphraseInDescription":{"score":9,"maxScore":9,"error":0},"keyphraseLength":{"score":9,"maxScore":9,"error":0,"length":1},"keyphraseInIntroduction":{"score":3,"maxScore":9,"error":1},"keyphraseInImageAlt":{"score":3,"maxScore":9,"error":1},"keywordDensity":{"score":0,"type":"low","maxScore":9,"error":1}}},{"keyphrase":"Arte","score":87,"analysis":{"keyphraseInDescription":{"score":9,"maxScore":9,"error":0},"keyphraseLength":{"score":9,"maxScore":9,"error":0,"length":1},"keyphraseInIntroduction":{"score":3,"maxScore":9,"error":1},"keyphraseInImageAlt":{"score":9,"maxScore":9,"error":0},"keywordDensity":{"type":"best","score":9,"maxScore":9,"error":0}}}]},"primary_term":null,"canonical_url":null,"og_title":null,"og_description":null,"og_object_type":"default","og_image_type":"default","og_image_url":null,"og_image_width":null,"og_image_height":null,"og_image_custom_url":null,"og_image_custom_fields":null,"og_video":"","og_custom_url":null,"og_article_section":null,"og_article_tags":null,"twitter_use_og":false,"twitter_card":"default","twitter_image_type":"default","twitter_image_url":null,"twitter_image_custom_url":null,"twitter_image_custom_fields":null,"twitter_title":null,"twitter_description":null,"schema":{"blockGraphs":[],"customGraphs":[],"default":{"data":{"Article":[],"Course":[],"Dataset":[],"FAQPage":[],"Movie":[],"Person":[],"Product":[],"ProductReview":[],"Car":[],"Recipe":[],"Service":[],"SoftwareApplication":[],"WebPage":[]},"graphName":"none","isEnabled":true},"graphs":[]},"schema_type":"default","schema_type_options":null,"pillar_content":false,"robots_default":true,"robots_noindex":false,"robots_noarchive":false,"robots_nosnippet":false,"robots_nofollow":false,"robots_noimageindex":false,"robots_noodp":false,"robots_notranslate":false,"robots_max_snippet":"-1","robots_max_videopreview":"-1","robots_max_imagepreview":"large","priority":null,"frequency":"default","local_seo":null,"seo_analyzer_scan_date":"2025-10-09 08:34:59","breadcrumb_settings":null,"limit_modified_date":false,"reviewed_by":"0","open_ai":null,"ai":{"faqs":[],"keyPoints":[],"titles":[],"descriptions":[],"socialPosts":{"email":[],"linkedin":[],"twitter":[],"facebook":[],"instagram":[]}},"created":"2025-09-17 17:17:59","updated":"2026-02-05 05:01:54"},"aioseo_breadcrumb":"<div class=\"aioseo-breadcrumbs\"><span class=\"aioseo-breadcrumb\">\n\t<a href=\"https:\/\/soymigrante.com\/revista\" title=\"Home\">Home<\/a>\n<\/span><span class=\"aioseo-breadcrumb-separator\">\u00bb<\/span><span class=\"aioseo-breadcrumb\">\n\t<a href=\"https:\/\/soymigrante.com\/revista\/category\/guate-nuestra\/\" title=\"Guate Nuestra\">Guate Nuestra<\/a>\n<\/span><span class=\"aioseo-breadcrumb-separator\">\u00bb<\/span><span class=\"aioseo-breadcrumb\">\n\tFascinaci\u00f3n por el Quetzal inspira lienzos de libertad\n<\/span><\/div>","aioseo_breadcrumb_json":[{"label":"Home","link":"https:\/\/soymigrante.com\/revista"},{"label":"Guate Nuestra","link":"https:\/\/soymigrante.com\/revista\/category\/guate-nuestra\/"},{"label":"Fascinaci\u00f3n por el Quetzal inspira lienzos de libertad","link":"https:\/\/soymigrante.com\/revista\/fascinacion-por-el-quetzal-inspira-lienzos-de-libertad\/"}],"_links":{"self":[{"href":"https:\/\/soymigrante.com\/revista\/wp-json\/wp\/v2\/posts\/45154","targetHints":{"allow":["GET"]}}],"collection":[{"href":"https:\/\/soymigrante.com\/revista\/wp-json\/wp\/v2\/posts"}],"about":[{"href":"https:\/\/soymigrante.com\/revista\/wp-json\/wp\/v2\/types\/post"}],"author":[{"embeddable":true,"href":"https:\/\/soymigrante.com\/revista\/wp-json\/wp\/v2\/users\/7"}],"replies":[{"embeddable":true,"href":"https:\/\/soymigrante.com\/revista\/wp-json\/wp\/v2\/comments?post=45154"}],"version-history":[{"count":8,"href":"https:\/\/soymigrante.com\/revista\/wp-json\/wp\/v2\/posts\/45154\/revisions"}],"predecessor-version":[{"id":45189,"href":"https:\/\/soymigrante.com\/revista\/wp-json\/wp\/v2\/posts\/45154\/revisions\/45189"}],"wp:featuredmedia":[{"embeddable":true,"href":"https:\/\/soymigrante.com\/revista\/wp-json\/wp\/v2\/media\/45187"}],"wp:attachment":[{"href":"https:\/\/soymigrante.com\/revista\/wp-json\/wp\/v2\/media?parent=45154"}],"wp:term":[{"taxonomy":"category","embeddable":true,"href":"https:\/\/soymigrante.com\/revista\/wp-json\/wp\/v2\/categories?post=45154"},{"taxonomy":"post_tag","embeddable":true,"href":"https:\/\/soymigrante.com\/revista\/wp-json\/wp\/v2\/tags?post=45154"}],"curies":[{"name":"wp","href":"https:\/\/api.w.org\/{rel}","templated":true}]}}