{"id":45030,"date":"2025-09-17T04:04:00","date_gmt":"2025-09-17T10:04:00","guid":{"rendered":"https:\/\/soymigrante.com\/revista\/?p=45030"},"modified":"2025-09-16T22:38:04","modified_gmt":"2025-09-17T04:38:04","slug":"los-poderes-de-la-anona-la-fruta-que-se-dice-igual-al-derecho-y-al-reves","status":"publish","type":"post","link":"https:\/\/soymigrante.com\/revista\/los-poderes-de-la-anona-la-fruta-que-se-dice-igual-al-derecho-y-al-reves\/","title":{"rendered":"Los poderes de la anona  La fruta que se dice igual al derecho y al rev\u00e9s"},"content":{"rendered":"\t\t<div data-elementor-type=\"wp-post\" data-elementor-id=\"45030\" class=\"elementor elementor-45030\" data-elementor-post-type=\"post\">\n\t\t\t\t<div data-particle_enable=\"false\" data-particle-mobile-disabled=\"false\" class=\"elementor-element elementor-element-8acd57b e-flex e-con-boxed e-con e-parent\" data-id=\"8acd57b\" data-element_type=\"container\" data-e-type=\"container\">\n\t\t\t\t\t<div class=\"e-con-inner\">\n\t\t\t\t<div class=\"elementor-element elementor-element-34de24d elementor-widget elementor-widget-heading\" data-id=\"34de24d\" data-element_type=\"widget\" data-e-type=\"widget\" data-widget_type=\"heading.default\">\n\t\t\t\t\t<h2 class=\"elementor-heading-title elementor-size-default\">La anona es una fruta cargada de superpoderes, es ex\u00f3tica y ayuda a mejorar la salud. <\/h2>\t\t\t\t<\/div>\n\t\t\t\t\t<\/div>\n\t\t\t\t<\/div>\n\t\t<div data-particle_enable=\"false\" data-particle-mobile-disabled=\"false\" class=\"elementor-element elementor-element-0000cb8 e-flex e-con-boxed e-con e-parent\" data-id=\"0000cb8\" data-element_type=\"container\" data-e-type=\"container\">\n\t\t\t\t\t<div class=\"e-con-inner\">\n\t\t\t\t<div class=\"elementor-element elementor-element-4d9ca8a elementor-widget elementor-widget-text-editor\" data-id=\"4d9ca8a\" data-element_type=\"widget\" data-e-type=\"widget\" data-widget_type=\"text-editor.default\">\n\t\t\t\t\t\t\t\t\t<p>La anona, una fruta tropical de sabor suave y textura cremosa, es considerada un tesoro natural de los huertos guatemaltecos y de otras regiones de Am\u00e9rica Latina. <a href=\"https:\/\/soymigrante.com\/revista\/dias-de-frio-que-frutas-fortalecen-mejor-las-defensas-contra-resfriados-y-gripes\/\" target=\"_blank\" rel=\"noopener\">M\u00e1s all\u00e1 de su dulzura, este fruto encierra una serie de beneficios para la salud<\/a> que la convierten en un verdadero \u201csuperalimento\u201d.<\/p>\t\t\t\t\t\t\t\t<\/div>\n\t\t\t\t\t<\/div>\n\t\t\t\t<\/div>\n\t\t<div data-particle_enable=\"false\" data-particle-mobile-disabled=\"false\" class=\"elementor-element elementor-element-bd5f6f5 e-flex e-con-boxed e-con e-parent\" data-id=\"bd5f6f5\" data-element_type=\"container\" data-e-type=\"container\">\n\t\t\t\t\t<div class=\"e-con-inner\">\n\t\t\t\t<div class=\"elementor-element elementor-element-5932191 elementor-widget elementor-widget-heading\" data-id=\"5932191\" data-element_type=\"widget\" data-e-type=\"widget\" data-widget_type=\"heading.default\">\n\t\t\t\t\t<h3 class=\"elementor-heading-title elementor-size-default\">Un fruto ancestral<\/h3>\t\t\t\t<\/div>\n\t\t\t\t\t<\/div>\n\t\t\t\t<\/div>\n\t\t<div data-particle_enable=\"false\" data-particle-mobile-disabled=\"false\" class=\"elementor-element elementor-element-4d25741 e-flex e-con-boxed e-con e-parent\" data-id=\"4d25741\" data-element_type=\"container\" data-e-type=\"container\">\n\t\t\t\t\t<div class=\"e-con-inner\">\n\t\t\t\t<div class=\"elementor-element elementor-element-69fe9ce elementor-widget elementor-widget-text-editor\" data-id=\"69fe9ce\" data-element_type=\"widget\" data-e-type=\"widget\" data-widget_type=\"text-editor.default\">\n\t\t\t\t\t\t\t\t\t<p>La anona ha sido consumida desde tiempos prehisp\u00e1nicos, valorada no solo por su sabor sino tambi\u00e9n por sus propiedades medicinales. Su pulpa blanca, protegida por una c\u00e1scara verde escamosa, es rica en nutrientes esenciales que ayudan a fortalecer el organismo.<\/p>\t\t\t\t\t\t\t\t<\/div>\n\t\t\t\t\t<\/div>\n\t\t\t\t<\/div>\n\t\t<div data-particle_enable=\"false\" data-particle-mobile-disabled=\"false\" class=\"elementor-element elementor-element-1c08319 e-flex e-con-boxed e-con e-parent\" data-id=\"1c08319\" data-element_type=\"container\" data-e-type=\"container\">\n\t\t\t\t\t<div class=\"e-con-inner\">\n\t\t\t\t<div class=\"elementor-element elementor-element-e0aaa25 elementor-widget elementor-widget-image\" data-id=\"e0aaa25\" data-element_type=\"widget\" data-e-type=\"widget\" data-widget_type=\"image.default\">\n\t\t\t\t\t\t\t\t\t\t\t\t<figure class=\"wp-caption\">\n\t\t\t\t\t\t\t\t\t\t<img fetchpriority=\"high\" decoding=\"async\" width=\"1024\" height=\"768\" src=\"https:\/\/soymigrante.com\/revista\/wp-content\/uploads\/2025\/09\/anona-2-1024x768.jpg\" class=\"attachment-large size-large wp-image-45043\" alt=\"La anona es rica en vitamina C. (Foto: Envato)\" srcset=\"https:\/\/soymigrante.com\/revista\/wp-content\/uploads\/2025\/09\/anona-2-1024x768.jpg 1024w, https:\/\/soymigrante.com\/revista\/wp-content\/uploads\/2025\/09\/anona-2-300x225.jpg 300w, https:\/\/soymigrante.com\/revista\/wp-content\/uploads\/2025\/09\/anona-2-768x576.jpg 768w, https:\/\/soymigrante.com\/revista\/wp-content\/uploads\/2025\/09\/anona-2-1536x1152.jpg 1536w, https:\/\/soymigrante.com\/revista\/wp-content\/uploads\/2025\/09\/anona-2-750x563.jpg 750w, https:\/\/soymigrante.com\/revista\/wp-content\/uploads\/2025\/09\/anona-2-1140x855.jpg 1140w, https:\/\/soymigrante.com\/revista\/wp-content\/uploads\/2025\/09\/anona-2.jpg 2000w\" sizes=\"(max-width: 1024px) 100vw, 1024px\" title=\"La anona es rica en vitamina C. (Foto: Envato) \u2013 SoyMigrante.com REVISTA\" \/>\t\t\t\t\t\t\t\t\t\t\t<figcaption class=\"widget-image-caption wp-caption-text\">La anona es rica en vitamina C. (Foto: Envato)<\/figcaption>\n\t\t\t\t\t\t\t\t\t\t<\/figure>\n\t\t\t\t\t\t\t\t\t<\/div>\n\t\t\t\t\t<\/div>\n\t\t\t\t<\/div>\n\t\t<div data-particle_enable=\"false\" data-particle-mobile-disabled=\"false\" class=\"elementor-element elementor-element-d04f8eb e-flex e-con-boxed e-con e-parent\" data-id=\"d04f8eb\" data-element_type=\"container\" data-e-type=\"container\">\n\t\t\t\t\t<div class=\"e-con-inner\">\n\t\t\t\t<div class=\"elementor-element elementor-element-b5960d0 elementor-widget elementor-widget-heading\" data-id=\"b5960d0\" data-element_type=\"widget\" data-e-type=\"widget\" data-widget_type=\"heading.default\">\n\t\t\t\t\t<h3 class=\"elementor-heading-title elementor-size-default\">Los superpoderes de la anona<\/h3>\t\t\t\t<\/div>\n\t\t\t\t\t<\/div>\n\t\t\t\t<\/div>\n\t\t<div data-particle_enable=\"false\" data-particle-mobile-disabled=\"false\" class=\"elementor-element elementor-element-7c81d32 e-flex e-con-boxed e-con e-parent\" data-id=\"7c81d32\" data-element_type=\"container\" data-e-type=\"container\">\n\t\t\t\t\t<div class=\"e-con-inner\">\n\t\t\t\t<div class=\"elementor-element elementor-element-c5d32e4 elementor-widget elementor-widget-text-editor\" data-id=\"c5d32e4\" data-element_type=\"widget\" data-e-type=\"widget\" data-widget_type=\"text-editor.default\">\n\t\t\t\t\t\t\t\t\t<div><strong>1. Fortalece el sistema inmunol\u00f3gico<\/strong><\/div><div>Su alto contenido de vitamina C ayuda a prevenir resfriados y refuerza las defensas del cuerpo contra infecciones.<\/div><div><strong>2.Fuente de energ\u00eda natural<\/strong><\/div><div>Gracias a su aporte de carbohidratos y az\u00facares naturales, la anona brinda energ\u00eda de forma saludable, ideal para quienes necesitan un impulso en el d\u00eda sin recurrir a alimentos procesados.<\/div>\t\t\t\t\t\t\t\t<\/div>\n\t\t\t\t\t<\/div>\n\t\t\t\t<\/div>\n\t\t<div data-particle_enable=\"false\" data-particle-mobile-disabled=\"false\" class=\"elementor-element elementor-element-f16d968 e-flex e-con-boxed e-con e-parent\" data-id=\"f16d968\" data-element_type=\"container\" data-e-type=\"container\">\n\t\t\t\t\t<div class=\"e-con-inner\">\n\t\t\t\t<div class=\"elementor-element elementor-element-5bb4998 elementor-widget elementor-widget-text-editor\" data-id=\"5bb4998\" data-element_type=\"widget\" data-e-type=\"widget\" data-widget_type=\"text-editor.default\">\n\t\t\t\t\t\t\t\t\t<div><strong>3. Mejora la digesti\u00f3n<\/strong><\/div><div>Contiene fibra diet\u00e9tica, lo que facilita el tr\u00e1nsito intestinal y ayuda a prevenir problemas como el estre\u00f1imiento.<\/div><div><strong>4.Cuida el coraz\u00f3n<\/strong><\/div><div><a href=\"https:\/\/soymigrante.com\/revista\/dias-de-frio-que-frutas-fortalecen-mejor-las-defensas-contra-resfriados-y-gripes\/\" target=\"_blank\" rel=\"noopener\">Su presencia de potasio y magnesio contribuye a regular la presi\u00f3n arterial<\/a> y mantener un buen funcionamiento cardiovascular.<\/div><div><strong>5.Aliada contra el estr\u00e9s<\/strong><\/div><div>La anona posee compuestos naturales que favorecen la relajaci\u00f3n y el descanso, lo que la hace recomendable para personas con ansiedad o insomnio.<\/div><div><strong>6.Propiedades antioxidantes<\/strong><\/div><div>Sus antioxidantes ayudan a combatir los radicales libres, retrasando el envejecimiento celular y protegiendo el organismo de enfermedades cr\u00f3nicas.<\/div>\t\t\t\t\t\t\t\t<\/div>\n\t\t\t\t\t<\/div>\n\t\t\t\t<\/div>\n\t\t<div data-particle_enable=\"false\" data-particle-mobile-disabled=\"false\" class=\"elementor-element elementor-element-a8b473f e-flex e-con-boxed e-con e-parent\" data-id=\"a8b473f\" data-element_type=\"container\" data-e-type=\"container\">\n\t\t\t\t\t<div class=\"e-con-inner\">\n\t\t\t\t<div class=\"elementor-element elementor-element-7f06948 elementor-widget elementor-widget-image\" data-id=\"7f06948\" data-element_type=\"widget\" data-e-type=\"widget\" data-widget_type=\"image.default\">\n\t\t\t\t\t\t\t\t\t\t\t\t<figure class=\"wp-caption\">\n\t\t\t\t\t\t\t\t\t\t<img decoding=\"async\" width=\"1024\" height=\"682\" src=\"https:\/\/soymigrante.com\/revista\/wp-content\/uploads\/2025\/09\/Anona-3-1024x682.jpg\" class=\"attachment-large size-large wp-image-45044\" alt=\"La anona contiene fibra diet\u00e9tica, lo que facilita el tr\u00e1nsito intestinal. (Foto: Envato)\" srcset=\"https:\/\/soymigrante.com\/revista\/wp-content\/uploads\/2025\/09\/Anona-3-1024x682.jpg 1024w, https:\/\/soymigrante.com\/revista\/wp-content\/uploads\/2025\/09\/Anona-3-300x200.jpg 300w, https:\/\/soymigrante.com\/revista\/wp-content\/uploads\/2025\/09\/Anona-3-768x511.jpg 768w, https:\/\/soymigrante.com\/revista\/wp-content\/uploads\/2025\/09\/Anona-3-750x499.jpg 750w, https:\/\/soymigrante.com\/revista\/wp-content\/uploads\/2025\/09\/Anona-3-1140x759.jpg 1140w, https:\/\/soymigrante.com\/revista\/wp-content\/uploads\/2025\/09\/Anona-3.jpg 1260w\" sizes=\"(max-width: 1024px) 100vw, 1024px\" title=\"La anona contiene fibra diet\u00e9tica, lo que facilita el tr\u00e1nsito intestinal. (Foto: Envato) \u2013 SoyMigrante.com REVISTA\" \/>\t\t\t\t\t\t\t\t\t\t\t<figcaption class=\"widget-image-caption wp-caption-text\">La anona contiene fibra diet\u00e9tica, lo que facilita el tr\u00e1nsito intestinal. (Foto: Envato)<\/figcaption>\n\t\t\t\t\t\t\t\t\t\t<\/figure>\n\t\t\t\t\t\t\t\t\t<\/div>\n\t\t\t\t\t<\/div>\n\t\t\t\t<\/div>\n\t\t<div data-particle_enable=\"false\" data-particle-mobile-disabled=\"false\" class=\"elementor-element elementor-element-61e0d77 e-flex e-con-boxed e-con e-parent\" data-id=\"61e0d77\" data-element_type=\"container\" data-e-type=\"container\">\n\t\t\t\t\t<div class=\"e-con-inner\">\n\t\t\t\t<div class=\"elementor-element elementor-element-b9bd524 elementor-widget elementor-widget-heading\" data-id=\"b9bd524\" data-element_type=\"widget\" data-e-type=\"widget\" data-widget_type=\"heading.default\">\n\t\t\t\t\t<h3 class=\"elementor-heading-title elementor-size-default\">Una joya poco aprovechada<\/h3>\t\t\t\t<\/div>\n\t\t\t\t\t<\/div>\n\t\t\t\t<\/div>\n\t\t<div data-particle_enable=\"false\" data-particle-mobile-disabled=\"false\" class=\"elementor-element elementor-element-06a6ab3 e-flex e-con-boxed e-con e-parent\" data-id=\"06a6ab3\" data-element_type=\"container\" data-e-type=\"container\">\n\t\t\t\t\t<div class=\"e-con-inner\">\n\t\t\t\t<div class=\"elementor-element elementor-element-aba9a0c elementor-widget elementor-widget-text-editor\" data-id=\"aba9a0c\" data-element_type=\"widget\" data-e-type=\"widget\" data-widget_type=\"text-editor.default\">\n\t\t\t\t\t\t\t\t\t<p><a href=\"https:\/\/soymigrante.com\/revista\/dias-de-frio-que-frutas-fortalecen-mejor-las-defensas-contra-resfriados-y-gripes\/\" target=\"_blank\" rel=\"noopener\">Aunque no siempre se encuentra en los mercados internacionales con la misma frecuencia<\/a> que otras frutas tropicales, en Guatemala y pa\u00edses vecinos la anona sigue siendo parte de la dieta tradicional. Expertos en nutrici\u00f3n recomiendan consumirla fresca, en licuados o en postres, para aprovechar al m\u00e1ximo sus beneficios.<\/p><p>En tiempos en que la salud preventiva cobra mayor importancia, la anona se presenta como una fruta que combina sabor, tradici\u00f3n y bienestar, record\u00e1ndonos que los \u201csuperpoderes\u201d de la naturaleza est\u00e1n al alcance de nuestras manos.<\/p>\t\t\t\t\t\t\t\t<\/div>\n\t\t\t\t\t<\/div>\n\t\t\t\t<\/div>\n\t\t<div data-particle_enable=\"false\" data-particle-mobile-disabled=\"false\" class=\"elementor-element elementor-element-fbb5480 e-flex e-con-boxed e-con e-parent\" data-id=\"fbb5480\" data-element_type=\"container\" data-e-type=\"container\">\n\t\t\t\t\t<div class=\"e-con-inner\">\n\t\t\t\t<div class=\"elementor-element elementor-element-b5cdb30 elementor-widget elementor-widget-heading\" data-id=\"b5cdb30\" data-element_type=\"widget\" data-e-type=\"widget\" data-widget_type=\"heading.default\">\n\t\t\t\t\t<h2 class=\"elementor-heading-title elementor-size-default\">Conoce esta informaci\u00f3n que te puede servir...<\/h2>\t\t\t\t<\/div>\n\t\t\t\t\t<\/div>\n\t\t\t\t<\/div>\n\t\t<div data-particle_enable=\"false\" data-particle-mobile-disabled=\"false\" class=\"elementor-element elementor-element-5893306 e-flex e-con-boxed e-con e-parent\" data-id=\"5893306\" data-element_type=\"container\" data-e-type=\"container\">\n\t\t\t\t\t<div class=\"e-con-inner\">\n\t\t\t\t<div class=\"elementor-element elementor-element-302b603 elementor-grid-eael-col-3 elementor-grid-tablet-eael-col-2 elementor-grid-mobile-eael-col-1 elementor-widget elementor-widget-eael-post-grid\" data-id=\"302b603\" data-element_type=\"widget\" data-e-type=\"widget\" data-settings=\"{&quot;eael_post_grid_columns&quot;:&quot;eael-col-3&quot;,&quot;eael_post_grid_columns_tablet&quot;:&quot;eael-col-2&quot;,&quot;eael_post_grid_columns_mobile&quot;:&quot;eael-col-1&quot;}\" data-widget_type=\"eael-post-grid.default\">\n\t\t\t\t\t<div id=\"eael-post-grid-302b603\" class=\"eael-post-grid-container\">\n            <div class=\"eael-post-grid eael-post-appender eael-post-appender-302b603 eael-post-grid-style-one\" data-layout-mode=\"masonry\"><article class=\"eael-grid-post  eael-post-grid-column eael-pg-post-42867 category-salud-fisica\" data-id=\"42867\">\n        <div class=\"eael-grid-post-holder\">\n            <div class=\"eael-grid-post-holder-inner\"><div class=\"eael-entry-media\"><div class=\"eael-entry-overlay fade-in\"><i class=\"far fa-hand-pointer\" aria-hidden=\"true\"><\/i><a href=\"https:\/\/soymigrante.com\/revista\/el-limon-el-citrico-con-grandes-poderes-para-el-cuerpo\/\"><\/a><\/div><div class=\"eael-entry-thumbnail eael-image-ratio\">\n                <img decoding=\"async\" width=\"1000\" height=\"947\" src=\"https:\/\/soymigrante.com\/revista\/wp-content\/uploads\/2025\/08\/limon-1-e1756320955653.webp\" class=\"attachment-large size-large wp-image-42868\" alt=\"Refresco de lima con dos limones enteros y una rodaja, en fondo blanco.\" \/>\n            <\/div>\n        <\/div><div class=\"eael-entry-wrapper\"><header class=\"eael-entry-header\"><h2 class=\"eael-entry-title\"><a class=\"eael-grid-post-link\" href=\"https:\/\/soymigrante.com\/revista\/el-limon-el-citrico-con-grandes-poderes-para-el-cuerpo\/\" title=\"El lim\u00f3n: el c\u00edtrico con grandes poderes para el cuerpo\">El lim\u00f3n: el c\u00edtrico con grandes poderes para el cuerpo<\/a><\/h2><\/header><div class=\"eael-entry-content\">\n                        <div class=\"eael-grid-post-excerpt\"><a href=\"https:\/\/soymigrante.com\/revista\/el-limon-el-citrico-con-grandes-poderes-para-el-cuerpo\/\" class=\"eael-post-elements-readmore-btn\">CONOCE SU HISTORIA <\/a><\/div>\n                    <\/div><\/div><\/div>\n        <\/div>\n    <\/article><article class=\"eael-grid-post  eael-post-grid-column eael-pg-post-43080 category-salud-fisica\" data-id=\"43080\">\n        <div class=\"eael-grid-post-holder\">\n            <div class=\"eael-grid-post-holder-inner\"><div class=\"eael-entry-media\"><div class=\"eael-entry-overlay fade-in\"><i class=\"far fa-hand-pointer\" aria-hidden=\"true\"><\/i><a href=\"https:\/\/soymigrante.com\/revista\/es-recomendable-recibir-la-vacuna-contra-la-influenza-comun\/\"><\/a><\/div><div class=\"eael-entry-thumbnail eael-image-ratio\">\n                <img loading=\"lazy\" decoding=\"async\" width=\"1024\" height=\"682\" src=\"https:\/\/soymigrante.com\/revista\/wp-content\/uploads\/2025\/08\/Vacunarse-contra-la-influenza-Es-recomendable3-1024x682.jpeg\" class=\"attachment-large size-large wp-image-43081\" alt=\"Vacuna contra el COVID-19 administrada a una persona, \u00e9nfasis en salud y vacunaci\u00f3n.\" srcset=\"https:\/\/soymigrante.com\/revista\/wp-content\/uploads\/2025\/08\/Vacunarse-contra-la-influenza-Es-recomendable3-1024x682.jpeg 1024w, https:\/\/soymigrante.com\/revista\/wp-content\/uploads\/2025\/08\/Vacunarse-contra-la-influenza-Es-recomendable3-300x200.jpeg 300w, https:\/\/soymigrante.com\/revista\/wp-content\/uploads\/2025\/08\/Vacunarse-contra-la-influenza-Es-recomendable3-768x512.jpeg 768w, https:\/\/soymigrante.com\/revista\/wp-content\/uploads\/2025\/08\/Vacunarse-contra-la-influenza-Es-recomendable3-1536x1023.jpeg 1536w, https:\/\/soymigrante.com\/revista\/wp-content\/uploads\/2025\/08\/Vacunarse-contra-la-influenza-Es-recomendable3-750x500.jpeg 750w, https:\/\/soymigrante.com\/revista\/wp-content\/uploads\/2025\/08\/Vacunarse-contra-la-influenza-Es-recomendable3-1140x760.jpeg 1140w, https:\/\/soymigrante.com\/revista\/wp-content\/uploads\/2025\/08\/Vacunarse-contra-la-influenza-Es-recomendable3.webp 1600w\" sizes=\"(max-width: 1024px) 100vw, 1024px\" \/>\n            <\/div>\n        <\/div><div class=\"eael-entry-wrapper\"><header class=\"eael-entry-header\"><h2 class=\"eael-entry-title\"><a class=\"eael-grid-post-link\" href=\"https:\/\/soymigrante.com\/revista\/es-recomendable-recibir-la-vacuna-contra-la-influenza-comun\/\" title=\"\u00bfEs recomendable recibir la vacuna contra la influenza com\u00fan?\">\u00bfEs recomendable recibir la vacuna contra la influenza com\u00fan?<\/a><\/h2><\/header><div class=\"eael-entry-content\">\n                        <div class=\"eael-grid-post-excerpt\"><a href=\"https:\/\/soymigrante.com\/revista\/es-recomendable-recibir-la-vacuna-contra-la-influenza-comun\/\" class=\"eael-post-elements-readmore-btn\">CONOCE SU HISTORIA <\/a><\/div>\n                    <\/div><\/div><\/div>\n        <\/div>\n    <\/article><article class=\"eael-grid-post  eael-post-grid-column eael-pg-post-42120 category-salud-fisica tags-salud-fisica\" data-id=\"42120\">\n        <div class=\"eael-grid-post-holder\">\n            <div class=\"eael-grid-post-holder-inner\"><div class=\"eael-entry-media\"><div class=\"eael-entry-overlay fade-in\"><i class=\"far fa-hand-pointer\" aria-hidden=\"true\"><\/i><a href=\"https:\/\/soymigrante.com\/revista\/alternativas-naturales-para-prevenir-la-caida-del-cabello\/\"><\/a><\/div><div class=\"eael-entry-thumbnail eael-image-ratio\">\n                <img loading=\"lazy\" decoding=\"async\" width=\"1024\" height=\"1024\" src=\"https:\/\/soymigrante.com\/revista\/wp-content\/uploads\/2025\/08\/caida-del-cabello-3-e1755219477982-1024x1024.jpg\" class=\"attachment-large size-large wp-image-42121\" alt=\"Cabello suelto mujer mirando tel\u00e9fono m\u00f3vil alerta tensi\u00f3n preocupaci\u00f3n revista soy migrante.\" srcset=\"https:\/\/soymigrante.com\/revista\/wp-content\/uploads\/2025\/08\/caida-del-cabello-3-e1755219477982-1024x1024.jpg 1024w, https:\/\/soymigrante.com\/revista\/wp-content\/uploads\/2025\/08\/caida-del-cabello-3-e1755219477982-300x300.jpg 300w, https:\/\/soymigrante.com\/revista\/wp-content\/uploads\/2025\/08\/caida-del-cabello-3-e1755219477982-150x150.jpg 150w, https:\/\/soymigrante.com\/revista\/wp-content\/uploads\/2025\/08\/caida-del-cabello-3-e1755219477982-768x768.jpg 768w, https:\/\/soymigrante.com\/revista\/wp-content\/uploads\/2025\/08\/caida-del-cabello-3-e1755219477982-75x75.webp 75w, https:\/\/soymigrante.com\/revista\/wp-content\/uploads\/2025\/08\/caida-del-cabello-3-e1755219477982-750x750.webp 750w, https:\/\/soymigrante.com\/revista\/wp-content\/uploads\/2025\/08\/caida-del-cabello-3-e1755219477982-1140x1140.webp 1140w, https:\/\/soymigrante.com\/revista\/wp-content\/uploads\/2025\/08\/caida-del-cabello-3-e1755219477982.webp 1524w\" sizes=\"(max-width: 1024px) 100vw, 1024px\" \/>\n            <\/div>\n        <\/div><div class=\"eael-entry-wrapper\"><header class=\"eael-entry-header\"><h2 class=\"eael-entry-title\"><a class=\"eael-grid-post-link\" href=\"https:\/\/soymigrante.com\/revista\/alternativas-naturales-para-prevenir-la-caida-del-cabello\/\" title=\"Alternativas naturales para prevenir la ca\u00edda del cabello\">Alternativas naturales para prevenir la ca\u00edda del cabello<\/a><\/h2><\/header><div class=\"eael-entry-content\">\n                        <div class=\"eael-grid-post-excerpt\"><a href=\"https:\/\/soymigrante.com\/revista\/alternativas-naturales-para-prevenir-la-caida-del-cabello\/\" class=\"eael-post-elements-readmore-btn\">CONOCE SU HISTORIA <\/a><\/div>\n                    <\/div><\/div><\/div>\n        <\/div>\n    <\/article><\/div>\n            <div class=\"clearfix\"><\/div>\n        <\/div>            <div class=\"eael-load-more-button-wrap eael-force-hide\">\n                <button class=\"eael-load-more-button\" id=\"eael-load-more-btn-302b603\" data-widget-id=\"302b603\" data-widget=\"302b603\" data-page-id=\"45030\" data-template=\"{&quot;dir&quot;:&quot;lite&quot;,&quot;file_name&quot;:&quot;one.php&quot;,&quot;name&quot;:&quot;Post-Grid&quot;}\" data-class=\"Essential_Addons_Elementor\\Elements\\Post_Grid\" data-layout=\"masonry\" data-page=\"1\" data-args=\"orderby=rand&amp;order=desc&amp;ignore_sticky_posts=1&amp;post_status=publish&amp;posts_per_page=3&amp;offset=0&amp;post_type=post&amp;tax_query%5B0%5D%5Btaxonomy%5D=category&amp;tax_query%5B0%5D%5Bfield%5D=term_id&amp;tax_query%5B0%5D%5Bterms%5D%5B0%5D=265&amp;tax_query%5Brelation%5D=AND&amp;author__in%5B0%5D=19\" data-max-page=\"6\">\n                    <span class=\"eael-btn-loader button__loader\"><\/span>\n                    <span class=\"eael_load_more_text\">Load More<\/span>\n                <\/button>\n            <\/div>\n            \t\t\t\t<\/div>\n\t\t\t\t\t<\/div>\n\t\t\t\t<\/div>\n\t\t\t\t<\/div>\n\t\t","protected":false},"excerpt":{"rendered":"<p>La anona es una fruta cargada de superpoderes, es ex\u00f3tica y ayuda a mejorar la salud. La anona, una fruta tropical de sabor suave y textura cremosa, es considerada un tesoro natural de los huertos guatemaltecos y de otras regiones de Am\u00e9rica Latina. M\u00e1s all\u00e1 de su dulzura, este fruto encierra una serie de beneficios [&hellip;]<\/p>\n","protected":false},"author":19,"featured_media":45031,"comment_status":"open","ping_status":"open","sticky":false,"template":"","format":"standard","meta":{"_acf_changed":false,"_eb_attr":"","footnotes":""},"categories":[55,265],"tags":[],"class_list":["post-45030","post","type-post","status-publish","format-standard","has-post-thumbnail","hentry","category-bienestar","category-salud-fisica"],"acf":[],"aioseo_notices":[],"aioseo_head":"\n\t\t<!-- All in One SEO Pro 4.9.6.2 - aioseo.com -->\n\t<meta name=\"description\" content=\"Los remedios naturales para prevenir la ca\u00edda del cabello est\u00e1n a la mano y estos son.\" \/>\n\t<meta name=\"robots\" content=\"max-snippet:-1, max-image-preview:large, max-video-preview:-1\" \/>\n\t<meta name=\"author\" content=\"Marysabel Aldana\"\/>\n\t<link rel=\"canonical\" href=\"https:\/\/soymigrante.com\/revista\/alternativas-naturales-para-prevenir-la-caida-del-cabello\/\" \/>\n\t<meta name=\"generator\" content=\"All in One SEO Pro (AIOSEO) 4.9.6.2\" \/>\n\n\t\t<link rel=\"preconnect\" href=\"https:\/\/fonts.googleapis.com\" crossorigin>\n<link rel=\"preconnect\" href=\"https:\/\/fonts.gstatic.com\" crossorigin>\n\t\t<meta property=\"og:locale\" content=\"es_ES\" \/>\n\t\t<meta property=\"og:site_name\" content=\"SoyMigrante.com REVISTA \u2013 Nuestra misi\u00f3n es reconocer y dignificar al migrante.\" \/>\n\t\t<meta property=\"og:type\" content=\"article\" \/>\n\t\t<meta property=\"og:title\" content=\"Alternativas naturales para prevenir la ca\u00edda del cabello\" \/>\n\t\t<meta property=\"og:description\" content=\"Los remedios naturales para prevenir la ca\u00edda del cabello est\u00e1n a la mano y estos son.\" \/>\n\t\t<meta property=\"og:url\" content=\"https:\/\/soymigrante.com\/revista\/alternativas-naturales-para-prevenir-la-caida-del-cabello\/\" \/>\n\t\t<meta property=\"og:image\" content=\"https:\/\/soymigrante.com\/revista\/wp-content\/uploads\/2025\/08\/caida-del-cabello-3-e1755219477982.webp\" \/>\n\t\t<meta property=\"og:image:secure_url\" content=\"https:\/\/soymigrante.com\/revista\/wp-content\/uploads\/2025\/08\/caida-del-cabello-3-e1755219477982.webp\" \/>\n\t\t<meta property=\"og:image:width\" content=\"1524\" \/>\n\t\t<meta property=\"og:image:height\" content=\"1524\" \/>\n\t\t<meta property=\"article:published_time\" content=\"2025-08-18T11:43:39+00:00\" \/>\n\t\t<meta property=\"article:modified_time\" content=\"2025-08-27T17:24:30+00:00\" \/>\n\t\t<meta property=\"article:publisher\" content=\"https:\/\/www.facebook.com\/soymigrantecom\" \/>\n\t\t<meta name=\"twitter:card\" content=\"summary_large_image\" \/>\n\t\t<meta name=\"twitter:site\" content=\"@SoyMigrante_com\" \/>\n\t\t<meta name=\"twitter:title\" content=\"Alternativas naturales para prevenir la ca\u00edda del cabello\" \/>\n\t\t<meta name=\"twitter:description\" content=\"Los remedios naturales para prevenir la ca\u00edda del cabello est\u00e1n a la mano y estos son.\" \/>\n\t\t<meta name=\"twitter:creator\" content=\"@SoyMigrante_com\" \/>\n\t\t<meta name=\"twitter:image\" content=\"https:\/\/soymigrante.com\/revista\/wp-content\/uploads\/2025\/08\/caida-del-cabello-3-e1755219477982.webp\" \/>\n\t\t<!-- All in One SEO Pro -->\r\n\t\t<title>Alternativas naturales para prevenir la ca\u00edda del cabello<\/title>\n\n","aioseo_head_json":{"title":"Alternativas naturales para prevenir la ca\u00edda del cabello","description":"Los remedios naturales para prevenir la ca\u00edda del cabello est\u00e1n a la mano y estos son.","canonical_url":"https:\/\/soymigrante.com\/revista\/alternativas-naturales-para-prevenir-la-caida-del-cabello\/","robots":"max-snippet:-1, max-image-preview:large, max-video-preview:-1","keywords":"","webmasterTools":{"miscellaneous":"&lt;link rel=\"preconnect\" href=\"https:\/\/fonts.googleapis.com\" crossorigin&gt;\n&lt;link rel=\"preconnect\" href=\"https:\/\/fonts.gstatic.com\" crossorigin&gt;"},"schema":null,"og:locale":"es_ES","og:site_name":"SoyMigrante.com REVISTA \u2013 Nuestra misi\u00f3n es reconocer y dignificar al migrante.","og:type":"article","og:title":"Alternativas naturales para prevenir la ca\u00edda del cabello","og:description":"Los remedios naturales para prevenir la ca\u00edda del cabello est\u00e1n a la mano y estos son.","og:url":"https:\/\/soymigrante.com\/revista\/alternativas-naturales-para-prevenir-la-caida-del-cabello\/","og:image":"https:\/\/soymigrante.com\/revista\/wp-content\/uploads\/2025\/08\/caida-del-cabello-3-e1755219477982.webp","og:image:secure_url":"https:\/\/soymigrante.com\/revista\/wp-content\/uploads\/2025\/08\/caida-del-cabello-3-e1755219477982.webp","og:image:width":1524,"og:image:height":1524,"article:published_time":"2025-08-18T11:43:39+00:00","article:modified_time":"2025-08-27T17:24:30+00:00","article:publisher":"https:\/\/www.facebook.com\/soymigrantecom","twitter:card":"summary_large_image","twitter:site":"@SoyMigrante_com","twitter:title":"Alternativas naturales para prevenir la ca\u00edda del cabello","twitter:description":"Los remedios naturales para prevenir la ca\u00edda del cabello est\u00e1n a la mano y estos son.","twitter:creator":"@SoyMigrante_com","twitter:image":"https:\/\/soymigrante.com\/revista\/wp-content\/uploads\/2025\/08\/caida-del-cabello-3-e1755219477982.webp"},"aioseo_meta_data":{"post_id":"45030","title":null,"description":"La anona es una fruta cargada de superpoderes, es ex\u00f3tica y no siempre f\u00e1cil de conseguir, pero ayuda a mejorar la salud digestiva. Conoce m\u00e1s sobre ella.","keywords":null,"keyphrases":{"focus":{"keyphrase":"Anona","score":91,"analysis":{"keyphraseInTitle":{"score":9,"maxScore":9,"error":0},"keyphraseInDescription":{"score":9,"maxScore":9,"error":0},"keyphraseLength":{"score":9,"maxScore":9,"error":0,"length":1},"keyphraseInURL":{"score":5,"maxScore":5,"error":0},"keyphraseInIntroduction":{"score":9,"maxScore":9,"error":0},"keyphraseInSubHeadings":{"score":3,"maxScore":9,"error":1},"keyphraseInImageAlt":{"score":9,"maxScore":9,"error":0},"keywordDensity":{"type":"best","score":9,"maxScore":9,"error":0}}},"additional":[{"keyphrase":"fruta","score":100,"analysis":{"keyphraseInDescription":{"score":9,"maxScore":9,"error":0},"keyphraseLength":{"score":9,"maxScore":9,"error":0,"length":1},"keyphraseInIntroduction":{"score":9,"maxScore":9,"error":0},"keyphraseInImageAlt":{"score":9,"maxScore":9,"error":0},"keywordDensity":{"type":"best","score":9,"maxScore":9,"error":0}}},{"keyphrase":"salud","score":100,"analysis":{"keyphraseInDescription":{"score":9,"maxScore":9,"error":0},"keyphraseLength":{"score":9,"maxScore":9,"error":0,"length":1},"keyphraseInIntroduction":{"score":9,"maxScore":9,"error":0},"keyphraseInImageAlt":{"score":9,"maxScore":9,"error":0},"keywordDensity":{"type":"best","score":9,"maxScore":9,"error":0}}}]},"primary_term":null,"canonical_url":null,"og_title":null,"og_description":null,"og_object_type":"default","og_image_type":"default","og_image_url":null,"og_image_width":null,"og_image_height":null,"og_image_custom_url":null,"og_image_custom_fields":null,"og_video":"","og_custom_url":null,"og_article_section":null,"og_article_tags":null,"twitter_use_og":false,"twitter_card":"default","twitter_image_type":"default","twitter_image_url":null,"twitter_image_custom_url":null,"twitter_image_custom_fields":null,"twitter_title":null,"twitter_description":null,"schema":{"blockGraphs":[],"customGraphs":[],"default":{"data":{"Article":[],"Course":[],"Dataset":[],"FAQPage":[],"Movie":[],"Person":[],"Product":[],"ProductReview":[],"Car":[],"Recipe":[],"Service":[],"SoftwareApplication":[],"WebPage":[]},"graphName":"none","isEnabled":true},"graphs":[]},"schema_type":"default","schema_type_options":null,"pillar_content":false,"robots_default":true,"robots_noindex":false,"robots_noarchive":false,"robots_nosnippet":false,"robots_nofollow":false,"robots_noimageindex":false,"robots_noodp":false,"robots_notranslate":false,"robots_max_snippet":"-1","robots_max_videopreview":"-1","robots_max_imagepreview":"large","priority":null,"frequency":"default","local_seo":null,"seo_analyzer_scan_date":"2025-10-09 08:33:11","breadcrumb_settings":null,"limit_modified_date":false,"reviewed_by":"0","open_ai":null,"ai":{"faqs":[],"keyPoints":[],"titles":[],"descriptions":[],"socialPosts":{"email":[],"linkedin":[],"twitter":[],"facebook":[],"instagram":[]}},"created":"2025-09-16 19:08:24","updated":"2026-02-05 05:01:53"},"aioseo_breadcrumb":"<div class=\"aioseo-breadcrumbs\"><span class=\"aioseo-breadcrumb\">\n\t<a href=\"https:\/\/soymigrante.com\/revista\" title=\"Home\">Home<\/a>\n<\/span><span class=\"aioseo-breadcrumb-separator\">\u00bb<\/span><span class=\"aioseo-breadcrumb\">\n\t<a href=\"https:\/\/soymigrante.com\/revista\/category\/bienestar\/\" title=\"Bienestar\">Bienestar<\/a>\n<\/span><span class=\"aioseo-breadcrumb-separator\">\u00bb<\/span><span class=\"aioseo-breadcrumb\">\n\t<a href=\"https:\/\/soymigrante.com\/revista\/category\/bienestar\/salud-fisica\/\" title=\"Salud F\u00edsica\">Salud F\u00edsica<\/a>\n<\/span><span class=\"aioseo-breadcrumb-separator\">\u00bb<\/span><span class=\"aioseo-breadcrumb\">\n\tLos poderes de la anona  La fruta que se dice igual al derecho y al rev\u00e9s\n<\/span><\/div>","aioseo_breadcrumb_json":[{"label":"Home","link":"https:\/\/soymigrante.com\/revista"},{"label":"Bienestar","link":"https:\/\/soymigrante.com\/revista\/category\/bienestar\/"},{"label":"Salud F\u00edsica","link":"https:\/\/soymigrante.com\/revista\/category\/bienestar\/salud-fisica\/"},{"label":"Los poderes de la anona  La fruta que se dice igual al derecho y al rev\u00e9s","link":"https:\/\/soymigrante.com\/revista\/los-poderes-de-la-anona-la-fruta-que-se-dice-igual-al-derecho-y-al-reves\/"}],"_links":{"self":[{"href":"https:\/\/soymigrante.com\/revista\/wp-json\/wp\/v2\/posts\/45030","targetHints":{"allow":["GET"]}}],"collection":[{"href":"https:\/\/soymigrante.com\/revista\/wp-json\/wp\/v2\/posts"}],"about":[{"href":"https:\/\/soymigrante.com\/revista\/wp-json\/wp\/v2\/types\/post"}],"author":[{"embeddable":true,"href":"https:\/\/soymigrante.com\/revista\/wp-json\/wp\/v2\/users\/19"}],"replies":[{"embeddable":true,"href":"https:\/\/soymigrante.com\/revista\/wp-json\/wp\/v2\/comments?post=45030"}],"version-history":[{"count":14,"href":"https:\/\/soymigrante.com\/revista\/wp-json\/wp\/v2\/posts\/45030\/revisions"}],"predecessor-version":[{"id":45049,"href":"https:\/\/soymigrante.com\/revista\/wp-json\/wp\/v2\/posts\/45030\/revisions\/45049"}],"wp:featuredmedia":[{"embeddable":true,"href":"https:\/\/soymigrante.com\/revista\/wp-json\/wp\/v2\/media\/45031"}],"wp:attachment":[{"href":"https:\/\/soymigrante.com\/revista\/wp-json\/wp\/v2\/media?parent=45030"}],"wp:term":[{"taxonomy":"category","embeddable":true,"href":"https:\/\/soymigrante.com\/revista\/wp-json\/wp\/v2\/categories?post=45030"},{"taxonomy":"post_tag","embeddable":true,"href":"https:\/\/soymigrante.com\/revista\/wp-json\/wp\/v2\/tags?post=45030"}],"curies":[{"name":"wp","href":"https:\/\/api.w.org\/{rel}","templated":true}]}}